{"id":10092,"date":"2023-11-20T15:08:03","date_gmt":"2023-11-20T14:08:03","guid":{"rendered":"https:\/\/sklep.alablaboratoria.pl\/centrum-wiedzy\/?p=10092"},"modified":"2023-11-20T15:08:03","modified_gmt":"2023-11-20T14:08:03","slug":"przebarwienia-skory-przyczyny-diagnostyka-i-terapia","status":"publish","type":"post","link":"https:\/\/www.alab.pl\/centrum-wiedzy\/przebarwienia-skory-przyczyny-diagnostyka-i-terapia\/","title":{"rendered":"Przebarwienia sk\u00f3ry. Przyczyny, diagnostyka i terapia"},"content":{"rendered":"\n<p>Spis tre\u015bci<\/p>\n\n\n\n<ol class=\"wp-block-list\">\n<li><a href=\"#s1\">Przyczyny powstawania przebarwie\u0144 sk\u00f3ry<\/a>\n<ul class=\"wp-block-list\">\n<li><a href=\"#s2\">Przyczyny endogenne przebarwie\u0144 sk\u00f3ry<\/a><\/li>\n\n\n\n<li><a href=\"#s3\">Przyczyny egzogenne przebarwie\u0144 sk\u00f3ry<\/a><\/li>\n<\/ul>\n<\/li>\n\n\n\n<li><a href=\"#s4\">Diagnoza oraz terapia przebarwie\u0144 sk\u00f3ry<\/a><\/li>\n\n\n\n<li><a href=\"#s5\">Substancje aktywne<\/a><\/li>\n\n\n\n<li><a href=\"#s6\">Profilaktyka nawrot\u00f3w przebarwie\u0144 sk\u00f3ry<\/a><\/li>\n<\/ol>\n\n\n\n<p><strong>Przebarwienia sk\u00f3ry <\/strong>nale\u017c\u0105 do najcz\u0119stszych i najbardziej dokuczliwych problem\u00f3w, z jakimi klientki zg\u0142aszaj\u0105 si\u0119 do gabinet\u00f3w kosmetycznych. Przebarwienia sk\u00f3ry (hiperpigmentacje) to <strong>zmiany kolorytu powsta\u0142e w wyniku nier\u00f3wnomiernego roz\u0142o\u017cenia barwnika sk\u00f3ry &#8211; melaniny<\/strong>. Produkcja melaniny jest fizjologiczn\u0105 reakcj\u0105 sk\u00f3ry na ekspozycj\u0119 na promienie UV. Rol\u0105 barwnika jest ochrona kom\u00f3rek przed szkodliwym dzia\u0142aniem tego promieniowania. Pod jego wp\u0142ywem melanocyty (kom\u00f3rki barwnikowe sk\u00f3ry) zwi\u0119kszaj\u0105 syntez\u0119 melaniny. W przypadku powtarzaj\u0105cej si\u0119 ekspozycji na promieniowanie UVA i UVB mo\u017ce doj\u015b\u0107 do zwi\u0119kszenia liczby i aktywno\u015bci melanocyt\u00f3w, czego skutkiem mo\u017ce by\u0107 powstanie przebarwie\u0144 sk\u00f3ry.<\/p>\n\n\n\n<h2 class=\"wp-block-heading\" id=\"s1\">Przyczyny powstawania przebarwie\u0144 sk\u00f3ry<\/h2>\n\n\n\n<p>Przyczyny powstawania hiperpigmentacji mog\u0105 by\u0107 dwojakiej natury.<\/p>\n\n\n\n<h3 class=\"wp-block-heading\" id=\"s2\">Przyczyny endogenne przebarwie\u0144 sk\u00f3ry<\/h3>\n\n\n\n<ul class=\"wp-block-list\">\n<li>przebarwienia sk\u00f3ry genetyczne (np. piegi)<\/li>\n\n\n\n<li>starszy wiek (np. <a href=\"https:\/\/www.alab.pl\/centrum-wiedzy\/plamy-watrobowe-czym-sa-jak-wygladaja-i-czy-nalezy-je-leczyc\/\">plamy soczewicowate zwane &#8222;plamami starczymi&#8221;<\/a>)<\/li>\n\n\n\n<li>miejscowe stany zapalne sk\u00f3ry (np. <a href=\"https:\/\/www.alab.pl\/centrum-wiedzy\/tradzik-choroba-o-wielu-obliczach\/\">tr\u0105dzik pospolity<\/a>, <a href=\"https:\/\/www.alab.pl\/centrum-wiedzy\/luszczyca-objawy-diagnostyka-leczenie\/\">\u0142uszczyca<\/a>, kontaktowe zapalenie sk\u00f3ry)<\/li>\n\n\n\n<li>og\u00f3lne stany chorobowe (np. niewydolno\u015b\u0107 lub nadczynno\u015b\u0107 kory nadnerczy, <a href=\"https:\/\/www.alab.pl\/centrum-wiedzy\/nadczynnosc-tarczycy-objawy-przyczyny-badania-leczenie\/\">nadczynno\u015b\u0107 tarczycy<\/a>, choroby w\u0105troby, choroby nerek)<\/li>\n\n\n\n<li>zmiany hormonalne w okresie ci\u0105\u017cy<\/li>\n<\/ul>\n\n\n\n<h3 class=\"wp-block-heading\" id=\"s3\">Przyczyny egzogenne przebarwie\u0144 sk\u00f3ry<\/h3>\n\n\n\n<ul class=\"wp-block-list\">\n<li>ekspozycja na promienie UV<\/li>\n\n\n\n<li>niestosowanie fotoprotekcji<\/li>\n\n\n\n<li>aplikowane na sk\u00f3r\u0119 sk\u0142adniki kosmetyk\u00f3w (np. retinol, hydroksykwasy)&nbsp;&nbsp;<\/li>\n\n\n\n<li>niekt\u00f3re doustne leki (np. hormony stosowane w HTZ lub jako \u015brodki antykoncepcyjne, niekt\u00f3re leki przeciwdepresyjne, tetracykliny stosowane w leczeniu tr\u0105dziku pospolitego, leki cytostatyczne u\u017cywane w terapii nowotwor\u00f3w)<\/li>\n\n\n\n<li>zabiegi kosmetyczne o dzia\u0142aniu z\u0142uszczaj\u0105cym lub zwi\u0119kszaj\u0105cym wra\u017cliwo\u015b\u0107 na \u015bwiat\u0142o (np. peelingi, zabiegi z\u0142uszczaj\u0105ce chemicznie, zabiegi z retinolem)<\/li>\n\n\n\n<li>kontakt sk\u00f3ry z niekt\u00f3rymi substancjami chemicznymi (np. perfumami)<\/li>\n<\/ul>\n\n\n\n<h2 class=\"wp-block-heading\" id=\"s4\">Diagnoza oraz terapia przebarwie\u0144 sk\u00f3ry<\/h2>\n\n\n\n<p>Obecnie dost\u0119pnych jest <strong>wiele metod redukcji przebarwie\u0144 sk\u00f3ry<\/strong> \u2013 od substancji chemicznych po lasery i IPL (Intense Pulsed Light &#8211; intensywnie pulsuj\u0105ce \u015bwiat\u0142o). Jednak p\u00f3ki co nie ma niezawodnej metody radzenia sobie z nimi. <strong>Przebarwienia s\u0105 zmianami trudnymi do usuni\u0119cia.<\/strong> Ponadto maj\u0105 sk\u0142onno\u015b\u0107 do nawracania. Kluczem do w\u0142\u0105czenia skutecznej terapii jest przeprowadzenie wnikliwego wywiadu uwzgl\u0119dniaj\u0105cego ustalenie g\u0142\u0119boko\u015bci, zasi\u0119gu, d\u0142ugo\u015bci trwania oraz przyczyny powstania hiperpigmentacji. Zw\u0142aszcza <strong>okre\u015blenie g\u0142\u0119boko\u015bci zmian jest wa\u017cne dla doboru metody i dla skuteczno\u015bci terapii<\/strong>, poniewa\u017c g\u0142\u0119biej po\u0142o\u017cone przebarwienia s\u0105 znacznie trudniejsze do usuni\u0119cia. G\u0142\u0119boko\u015b\u0107 przebarwie\u0144 sk\u00f3ry ocenia si\u0119 przy u\u017cyciu lampy Wooda. Istotnym elementem wywiadu jest r\u00f3wnie\u017c <strong>zebranie informacji na temat aktualnie przyjmowanych lek\u00f3w miejscowych i og\u00f3lnych<\/strong> (mog\u0105 one w znacz\u0105cy spos\u00f3b wp\u0142yn\u0105\u0107 na przebieg i skuteczno\u015b\u0107 terapii przebarwie\u0144 sk\u00f3ry). Wa\u017cne jest r\u00f3wnie\u017c dotychczas wdro\u017cone leczenie.<\/p>\n\n\n\n<p>Niezale\u017cnie od mechanizmu powstawania przebarwie\u0144 sk\u00f3ry absolutn\u0105 podstaw\u0105 w walce&nbsp;z nimi jest <strong>ograniczenie bod\u017ac\u00f3w aktywuj\u0105cych melanocyty poprzez stosowanie ochrony przeciws\u0142onecznej<\/strong>. Zgodnie z wytycznymi Polskiego Towarzystwa Dermatologii powinna ona obejmowa\u0107 noszenie odzie\u017cy chroni\u0105cej przed dzia\u0142aniem promieni s\u0142onecznych oraz stosowanie filtr\u00f3w UVA oraz UVB o SPF co najmniej 30. Warto stosowa\u0107 produkty zawieraj\u0105ce zar\u00f3wno filtry fizyczne (dwutlenek tytanu i tlenek cynku), jak i filtry chemiczne. W s\u0142oneczne dni nale\u017cy unika\u0107 ekspozycji na promienie s\u0142oneczne mi\u0119dzy godzin\u0105 10 a 16, zw\u0142aszcza w okresie lata. W czasie przebywania na s\u0142o\u0144cu krem z ochron\u0105 UV nale\u017cy aplikowa\u0107 co 2 godziny. Warto zwr\u00f3ci\u0107 uwag\u0119, \u017ce przebywaj\u0105c w pomieszczeniach zamkni\u0119tych, mo\u017cemy by\u0107 r\u00f3wnie\u017c nara\u017ceni na dzia\u0142anie promieni s\u0142onecznych, poniewa\u017c&nbsp;maj\u0105 one zdolno\u015b\u0107 przenikania przez szyby.<\/p>\n\n\n\n<p>Prawid\u0142owa diagnoza dotycz\u0105ca rodzaju oraz g\u0142\u0119boko\u015bci przebarwienia sk\u00f3ry decyduje o doborze substancji zastosowanych w terapii. Zazwyczaj <strong>terapia&nbsp;przebarwie\u0144 sk\u00f3ry<\/strong> najcz\u0119\u015bciej bazuje na synergii kilku mechanizm\u00f3w, wykorzystywanych r\u00f3wnocze\u015bnie: dzia\u0142aniu z\u0142uszczaj\u0105cym, rozja\u015bniaj\u0105cym oraz hamuj\u0105cym nadmiern\u0105 produkcj\u0119 melaniny.<\/p>\n\n\n\n<figure class=\"wp-block-image size-full\"><a href=\"https:\/\/www.alab.pl\/badanie\/s-100-marker-nowotworowy-czerniaka\" target=\"_blank\" rel=\"noreferrer noopener\"><img loading=\"lazy\" decoding=\"async\" width=\"800\" height=\"200\" src=\"https:\/\/www.alab.pl\/centrum-wiedzy\/wp-content\/uploads\/2023\/11\/Badanie-bialka-S-100-marker-nowotworowy-czerniaka-jpg.webp\" alt=\"bia\u0142ko S-100 baner\" class=\"wp-image-10125\" srcset=\"https:\/\/www.alab.pl\/centrum-wiedzy\/wp-content\/uploads\/2023\/11\/Badanie-bialka-S-100-marker-nowotworowy-czerniaka-jpg.webp 800w, https:\/\/www.alab.pl\/centrum-wiedzy\/wp-content\/uploads\/2023\/11\/Badanie-bialka-S-100-marker-nowotworowy-czerniaka-jpg-768x192.webp 768w, https:\/\/www.alab.pl\/centrum-wiedzy\/wp-content\/uploads\/2023\/11\/Badanie-bialka-S-100-marker-nowotworowy-czerniaka-jpg-150x38.webp 150w, https:\/\/www.alab.pl\/centrum-wiedzy\/wp-content\/uploads\/2023\/11\/Badanie-bialka-S-100-marker-nowotworowy-czerniaka-jpg-300x75.webp 300w, https:\/\/www.alab.pl\/centrum-wiedzy\/wp-content\/uploads\/2023\/11\/Badanie-bialka-S-100-marker-nowotworowy-czerniaka-jpg-696x174.webp 696w\" sizes=\"auto, (max-width: 800px) 100vw, 800px\" \/><\/a><\/figure>\n\n\n\n<h2 class=\"wp-block-heading\" id=\"s5\">Substancje aktywne<\/h2>\n\n\n\n<p>Substancje stosowane w kosmetologii do terapii przebarwie\u0144 sk\u00f3ry mo\u017cna podzieli\u0107 na kilka grup.<\/p>\n\n\n\n<p>Do pierwszej z nich nale\u017c\u0105 <strong>substancje uniemo\u017cliwiaj\u0105ce zaj\u015bcie procesu melanogenezy poprzez zmniejszenie ilo\u015bci oraz aktywno\u015bci melanocyt\u00f3w lub poprzez hamowanie tyrozynazy<\/strong> (enzymu bior\u0105cego udzia\u0142 w syntezie melaniny). Przyk\u0142ady takich substancji to arbutyna, kwas kojowy, kwas azelainowy i witamina C.<\/p>\n\n\n\n<p>Druga grupa to<strong> substancje wp\u0142ywaj\u0105ce na rozmieszczenie melaniny w keratynocytach (kom\u00f3rkach nask\u00f3rka)<\/strong>. Dzia\u0142anie takie wykazuj\u0105 retinol, witamina B3 (niacynamid), soja oraz zielona herbata.<\/p>\n\n\n\n<p>Trzeci\u0105 grup\u0119 stanowi\u0105 <strong>substancje stymuluj\u0105ce usuwanie keratynocyt\u00f3w zaopatrzonych w melanin\u0119<\/strong>. Mechanizm ich dzia\u0142ania polega ponadto na z\u0142uszczaniu warstwy rogowej nask\u00f3rka i u\u0142atwianiu wnikania innych substancji aktywnych. Ta w\u0142a\u015bciwo\u015b\u0107 jest cz\u0119sto wykorzystywana w tzw. terapiach \u0142\u0105czonych. Do tej grupy substancji nale\u017c\u0105 retinol oraz hydroksykwasy. Przyk\u0142adami takich kwas\u00f3w s\u0105 \u03b1-hydroksykwasy (kwas glikolowy, winowy,&nbsp; cytrynowy, jab\u0142kowy, mlekowy), polihydroksykwasy (glukonolakton, kwas laktobionowy), kwas pirogronowy z grupy \u03b1-ketokwas\u00f3w oraz kwas salicylowy &#8211; przedstawiciel grupy kwas\u00f3w aromatycznych.<\/p>\n\n\n\n<h2 class=\"wp-block-heading\" id=\"s6\">Profilaktyka nawrot\u00f3w przebarwie\u0144 sk\u00f3ry<\/h2>\n\n\n\n<p>Ostatnim etapem terapii przebarwie\u0144 jest <strong>profilaktyka nawrot\u00f3w<\/strong>. Nale\u017cy unika\u0107 ekspozycji na s\u0142o\u0144ce i niezale\u017cnie od pory roku bezwzgl\u0119dnie u\u017cywa\u0107 ochrony przeciws\u0142onecznej. Ponadto <strong>w trakcie kuracji trzeba przestrzega\u0107 zalece\u0144 specjalisty prowadz\u0105cego terapi\u0119<\/strong>. Warto wiedzie\u0107, \u017ce niekt\u00f3re substancje stosowane do redukcji przebarwie\u0144 uwra\u017cliwiaj\u0105 sk\u00f3r\u0119 na s\u0142o\u0144ce (retinol, hydroksykwasy). R\u00f3wnie\u017c stosowanie kosmetyk\u00f3w do piel\u0119gnacji domowej ukierunkowanych na zapobieganie powstawaniu przebarwie\u0144 sk\u00f3ry jest kluczowe w profilaktyce nawrot\u00f3w tego typu zmian.<\/p>\n\n\n\n<p>&gt;&gt;&gt; <strong>Przeczytaj te\u017c: <a href=\"https:\/\/www.alab.pl\/centrum-wiedzy\/czerniak-zlosliwy-nowotwor-skory\/\">Czerniak z\u0142o\u015bliwy &#8211; nowotw\u00f3r sk\u00f3ry. Objawy, diagnostyka, profilaktyka<\/a><\/strong><\/p>\n\n\n\n<hr class=\"wp-block-separator has-alpha-channel-opacity\"\/>\n\n\n\n<ol class=\"wp-block-list\">\n<li>St\u0119pie\u0144 K., Udzia\u0142 melanocyt\u00f3w w ochronie przed stressem fotooksydacyjnym<em>. Post. Bioch<\/em>. <strong>2010<\/strong>; <em>56<\/em>: 290\u2013295.<\/li>\n\n\n\n<li>Martini M.C., Kosmetologia i farmakologia sk\u00f3ry. <em>Wydawnictwo Lekarskie PZWL<\/em>, Warszawa <strong>2009<\/strong>: 156\u2013160.<\/li>\n\n\n\n<li>Rok M., Otr\u0119ba M., Buszman E., Wrze\u015bniok&nbsp; D., Melanina \u2013 z melanocytu do keratynocytu, czyli jak przebiega transport melaniny w sk\u00f3rze. <em>Ann. Acad. Med. Siles<\/em>. <strong>2012;<\/strong> <em>66<\/em>, <em>1<\/em>: 60\u201366.<\/li>\n\n\n\n<li>Kapu\u015bci\u0144ska A., Nowak I., Zastosowanie kwas\u00f3w organicznych w terapii tr\u0105dziku i przebarwie\u0144 sk\u00f3ry, <em>Postepy Hig. Med. Dosw. (online)<\/em>, <strong>2015<\/strong>; 69: 374-383.<\/li>\n\n\n\n<li>Narbutt J. i wsp., Fotoprotekcja. Rekomendacje Polskiego Towarzystwa Dermatologicznego. Cz\u0119\u015b\u0107 1: Promieniowanie ultrafioletowe i preparaty zawieraj\u0105ce filtry UV. <em>Dermatol. Rev.\/Przegl. Dermatol<\/em>. <strong>2018<\/strong>, <em>105:<\/em> 19\u201329.<\/li>\n\n\n\n<li>V\u00e1zquez M., S\u00e1nchez J.L. The efficacy of a broad-spectrum sunscreen in the treatment of melasma. A randomized double blinded controlled trial. <em>Cutis<\/em>. <strong>1983<\/strong>; <em>32<\/em>: 92\u201396.<\/li>\n\n\n\n<li>Kasraee B., Handjani F., Aslani F.S., Enhancement of the depigmenting effect of hydroquinone and 4-hydroxyanisole by all-trans-retinoic acid (tretinoin): the impairment of glutathione-dependent cytoprotection. <em>Dermatology.<\/em> <strong>2003<\/strong>; <em>206<\/em>: 289\u2013291.<\/li>\n\n\n\n<li>Rodrigues M., Pandya A.G. Melasma: clinical diagnosis and management options. <em>Australasian Journal of Dermatology.<\/em> <strong>2015;<\/strong> <em>56<\/em>: 151\u2013163.<\/li>\n\n\n\n<li>Halder R.M., Richards G.M. Topical agents used in the management of hyperpigmentation. <em>Skin Therapy Lett<\/em>. <strong>2004<\/strong>;<em>9<\/em>:1\u20133.<\/li>\n<\/ol>\n","protected":false},"excerpt":{"rendered":"<p>Jak powstaj\u0105 przebarwienia sk\u00f3rne i jakie mog\u0105 by\u0107 ich przyczyny?<\/p>\n","protected":false},"author":158,"featured_media":10127,"comment_status":"closed","ping_status":"open","sticky":false,"template":"","format":"standard","meta":{"_acf_changed":false,"inline_featured_image":false,"footnotes":""},"categories":[12],"tags":[],"coauthors":[196],"class_list":{"0":"post-10092","1":"post","2":"type-post","3":"status-publish","4":"format-standard","5":"has-post-thumbnail","7":"category-choroby-skory"},"acf":[],"yoast_head":"<!-- This site is optimized with the Yoast SEO plugin v27.5 - https:\/\/yoast.com\/product\/yoast-seo-wordpress\/ -->\n<title>Przebarwienia sk\u00f3ry: przyczyny, diagnostyka, terapia<\/title>\n<meta name=\"description\" content=\"Sk\u0105d bior\u0105 si\u0119 przebarwienia sk\u00f3ry? Jak je diagnozowa\u0107 i czy istnieje skuteczna terapia? Sprawd\u017a w Centrum Wiedzy ALAB laboratoria.\" \/>\n<meta name=\"robots\" content=\"index, follow, max-snippet:-1, max-image-preview:large, max-video-preview:-1\" \/>\n<link rel=\"canonical\" href=\"https:\/\/www.alab.pl\/centrum-wiedzy\/przebarwienia-skory-przyczyny-diagnostyka-i-terapia\/\" \/>\n<meta property=\"og:locale\" content=\"pl_PL\" \/>\n<meta property=\"og:type\" content=\"article\" \/>\n<meta property=\"og:title\" content=\"Przebarwienia sk\u00f3ry: przyczyny, diagnostyka, terapia\" \/>\n<meta property=\"og:description\" content=\"Sk\u0105d bior\u0105 si\u0119 przebarwienia sk\u00f3ry? Jak je diagnozowa\u0107 i czy istnieje skuteczna terapia? Sprawd\u017a w Centrum Wiedzy ALAB laboratoria.\" \/>\n<meta property=\"og:url\" content=\"https:\/\/www.alab.pl\/centrum-wiedzy\/przebarwienia-skory-przyczyny-diagnostyka-i-terapia\/\" \/>\n<meta property=\"og:site_name\" content=\"Centrum Wiedzy ALAB laboratoria\" \/>\n<meta property=\"article:publisher\" content=\"https:\/\/www.facebook.com\/ALABlaboratoria\" \/>\n<meta property=\"article:published_time\" content=\"2023-11-20T14:08:03+00:00\" \/>\n<meta property=\"og:image\" content=\"https:\/\/www.alab.pl\/centrum-wiedzy\/wp-content\/uploads\/2023\/11\/przebarwienia-skory-jpg.webp\" \/>\n\t<meta property=\"og:image:width\" content=\"1200\" \/>\n\t<meta property=\"og:image:height\" content=\"801\" \/>\n\t<meta property=\"og:image:type\" content=\"image\/webp\" \/>\n<meta name=\"author\" content=\"Ma\u0142gorzata Frydzy\u0144ska\" \/>\n<meta name=\"twitter:card\" content=\"summary_large_image\" \/>\n<meta name=\"twitter:label1\" content=\"Napisane przez\" \/>\n\t<meta name=\"twitter:data1\" content=\"Ma\u0142gorzata Frydzy\u0144ska\" \/>\n\t<meta name=\"twitter:label2\" content=\"Szacowany czas czytania\" \/>\n\t<meta name=\"twitter:data2\" content=\"6 minut\" \/>\n\t<meta name=\"twitter:label3\" content=\"Written by\" \/>\n\t<meta name=\"twitter:data3\" content=\"Ma\u0142gorzata Frydzy\u0144ska\" \/>\n<!-- \/ Yoast SEO plugin. -->","yoast_head_json":{"title":"Przebarwienia sk\u00f3ry: przyczyny, diagnostyka, terapia","description":"Sk\u0105d bior\u0105 si\u0119 przebarwienia sk\u00f3ry? Jak je diagnozowa\u0107 i czy istnieje skuteczna terapia? Sprawd\u017a w Centrum Wiedzy ALAB laboratoria.","robots":{"index":"index","follow":"follow","max-snippet":"max-snippet:-1","max-image-preview":"max-image-preview:large","max-video-preview":"max-video-preview:-1"},"canonical":"https:\/\/www.alab.pl\/centrum-wiedzy\/przebarwienia-skory-przyczyny-diagnostyka-i-terapia\/","og_locale":"pl_PL","og_type":"article","og_title":"Przebarwienia sk\u00f3ry: przyczyny, diagnostyka, terapia","og_description":"Sk\u0105d bior\u0105 si\u0119 przebarwienia sk\u00f3ry? Jak je diagnozowa\u0107 i czy istnieje skuteczna terapia? Sprawd\u017a w Centrum Wiedzy ALAB laboratoria.","og_url":"https:\/\/www.alab.pl\/centrum-wiedzy\/przebarwienia-skory-przyczyny-diagnostyka-i-terapia\/","og_site_name":"Centrum Wiedzy ALAB laboratoria","article_publisher":"https:\/\/www.facebook.com\/ALABlaboratoria","article_published_time":"2023-11-20T14:08:03+00:00","og_image":[{"width":1200,"height":801,"url":"https:\/\/www.alab.pl\/centrum-wiedzy\/wp-content\/uploads\/2023\/11\/przebarwienia-skory-jpg.webp","type":"image\/webp"}],"author":"Ma\u0142gorzata Frydzy\u0144ska","twitter_card":"summary_large_image","twitter_misc":{"Napisane przez":"Ma\u0142gorzata Frydzy\u0144ska","Szacowany czas czytania":"6 minut","Written by":"Ma\u0142gorzata Frydzy\u0144ska"},"schema":{"@context":"https:\/\/schema.org","@graph":[{"@type":"Article","@id":"https:\/\/www.alab.pl\/centrum-wiedzy\/przebarwienia-skory-przyczyny-diagnostyka-i-terapia\/#article","isPartOf":{"@id":"https:\/\/www.alab.pl\/centrum-wiedzy\/przebarwienia-skory-przyczyny-diagnostyka-i-terapia\/"},"author":{"name":"Ma\u0142gorzata Frydzy\u0144ska","@id":"https:\/\/www.alab.pl\/centrum-wiedzy\/#\/schema\/person\/7bfafe42bcb6ee6bd8db74a64dc49b85"},"headline":"Przebarwienia sk\u00f3ry. Przyczyny, diagnostyka i terapia","datePublished":"2023-11-20T14:08:03+00:00","mainEntityOfPage":{"@id":"https:\/\/www.alab.pl\/centrum-wiedzy\/przebarwienia-skory-przyczyny-diagnostyka-i-terapia\/"},"wordCount":1150,"publisher":{"@id":"https:\/\/www.alab.pl\/centrum-wiedzy\/#organization"},"image":{"@id":"https:\/\/www.alab.pl\/centrum-wiedzy\/przebarwienia-skory-przyczyny-diagnostyka-i-terapia\/#primaryimage"},"thumbnailUrl":"https:\/\/www.alab.pl\/centrum-wiedzy\/wp-content\/uploads\/2023\/11\/przebarwienia-skory-jpg.webp","articleSection":["Choroby sk\u00f3ry"],"inLanguage":"pl-PL"},{"@type":"WebPage","@id":"https:\/\/www.alab.pl\/centrum-wiedzy\/przebarwienia-skory-przyczyny-diagnostyka-i-terapia\/","url":"https:\/\/www.alab.pl\/centrum-wiedzy\/przebarwienia-skory-przyczyny-diagnostyka-i-terapia\/","name":"Przebarwienia sk\u00f3ry: przyczyny, diagnostyka, terapia","isPartOf":{"@id":"https:\/\/www.alab.pl\/centrum-wiedzy\/#website"},"primaryImageOfPage":{"@id":"https:\/\/www.alab.pl\/centrum-wiedzy\/przebarwienia-skory-przyczyny-diagnostyka-i-terapia\/#primaryimage"},"image":{"@id":"https:\/\/www.alab.pl\/centrum-wiedzy\/przebarwienia-skory-przyczyny-diagnostyka-i-terapia\/#primaryimage"},"thumbnailUrl":"https:\/\/www.alab.pl\/centrum-wiedzy\/wp-content\/uploads\/2023\/11\/przebarwienia-skory-jpg.webp","datePublished":"2023-11-20T14:08:03+00:00","description":"Sk\u0105d bior\u0105 si\u0119 przebarwienia sk\u00f3ry? Jak je diagnozowa\u0107 i czy istnieje skuteczna terapia? Sprawd\u017a w Centrum Wiedzy ALAB laboratoria.","breadcrumb":{"@id":"https:\/\/www.alab.pl\/centrum-wiedzy\/przebarwienia-skory-przyczyny-diagnostyka-i-terapia\/#breadcrumb"},"inLanguage":"pl-PL","potentialAction":[{"@type":"ReadAction","target":["https:\/\/www.alab.pl\/centrum-wiedzy\/przebarwienia-skory-przyczyny-diagnostyka-i-terapia\/"]}]},{"@type":"ImageObject","inLanguage":"pl-PL","@id":"https:\/\/www.alab.pl\/centrum-wiedzy\/przebarwienia-skory-przyczyny-diagnostyka-i-terapia\/#primaryimage","url":"https:\/\/www.alab.pl\/centrum-wiedzy\/wp-content\/uploads\/2023\/11\/przebarwienia-skory-jpg.webp","contentUrl":"https:\/\/www.alab.pl\/centrum-wiedzy\/wp-content\/uploads\/2023\/11\/przebarwienia-skory-jpg.webp","width":1200,"height":801,"caption":"przebarwienia sk\u00f3ry"},{"@type":"BreadcrumbList","@id":"https:\/\/www.alab.pl\/centrum-wiedzy\/przebarwienia-skory-przyczyny-diagnostyka-i-terapia\/#breadcrumb","itemListElement":[{"@type":"ListItem","position":1,"name":"Strona g\u0142\u00f3wna","item":"https:\/\/www.alab.pl\/centrum-wiedzy\/"},{"@type":"ListItem","position":2,"name":"Przebarwienia sk\u00f3ry. Przyczyny, diagnostyka i terapia"}]},{"@type":"WebSite","@id":"https:\/\/www.alab.pl\/centrum-wiedzy\/#website","url":"https:\/\/www.alab.pl\/centrum-wiedzy\/","name":"Centrum Wiedzy ALAB laboratoria","description":"","publisher":{"@id":"https:\/\/www.alab.pl\/centrum-wiedzy\/#organization"},"potentialAction":[{"@type":"SearchAction","target":{"@type":"EntryPoint","urlTemplate":"https:\/\/www.alab.pl\/centrum-wiedzy\/?s={search_term_string}"},"query-input":{"@type":"PropertyValueSpecification","valueRequired":true,"valueName":"search_term_string"}}],"inLanguage":"pl-PL"},{"@type":"Organization","@id":"https:\/\/www.alab.pl\/centrum-wiedzy\/#organization","name":"Centrum Wiedzy ALAB laboratoria","url":"https:\/\/www.alab.pl\/centrum-wiedzy\/","logo":{"@type":"ImageObject","inLanguage":"pl-PL","@id":"https:\/\/www.alab.pl\/centrum-wiedzy\/#\/schema\/logo\/image\/","url":"https:\/\/www.alab.pl\/centrum-wiedzy\/wp-content\/uploads\/2022\/04\/alabek.jpg","contentUrl":"https:\/\/www.alab.pl\/centrum-wiedzy\/wp-content\/uploads\/2022\/04\/alabek.jpg","width":1250,"height":1251,"caption":"Centrum Wiedzy ALAB laboratoria"},"image":{"@id":"https:\/\/www.alab.pl\/centrum-wiedzy\/#\/schema\/logo\/image\/"},"sameAs":["https:\/\/www.facebook.com\/ALABlaboratoria"]},{"@type":"Person","@id":"https:\/\/www.alab.pl\/centrum-wiedzy\/#\/schema\/person\/7bfafe42bcb6ee6bd8db74a64dc49b85","name":"Ma\u0142gorzata Frydzy\u0144ska","image":{"@type":"ImageObject","inLanguage":"pl-PL","@id":"https:\/\/www.alab.pl\/centrum-wiedzy\/wp-content\/uploads\/2023\/11\/Malgorzata-Frydzynska-2-jpg-150x150.webp2a7805b67a6d47b0526193c2ccc2378e","url":"https:\/\/www.alab.pl\/centrum-wiedzy\/wp-content\/uploads\/2023\/11\/Malgorzata-Frydzynska-2-jpg-150x150.webp","contentUrl":"https:\/\/www.alab.pl\/centrum-wiedzy\/wp-content\/uploads\/2023\/11\/Malgorzata-Frydzynska-2-jpg-150x150.webp","caption":"Ma\u0142gorzata Frydzy\u0144ska"},"description":"Kosmetolog, absolwentka Uniwersytetu Medycznego w \u0141odzi oraz studi\u00f3w MBA na Akademii Leona Ko\u017ami\u0144skiego. Przez prawie 20 lat zawodowo zwi\u0105zana z bran\u017c\u0105 medyczn\u0105 i farmaceutyczn\u0105. Autorka publikacji i szkole\u0144 z dziedziny kosmetologii i zdrowego stylu \u017cycia. W\u0142a\u015bcicielka MJ Beauty Embassy.","url":"https:\/\/www.alab.pl\/centrum-wiedzy\/author\/malgorzata-frydzynska\/"}]}},"_links":{"self":[{"href":"https:\/\/www.alab.pl\/centrum-wiedzy\/wp-json\/wp\/v2\/posts\/10092","targetHints":{"allow":["GET"]}}],"collection":[{"href":"https:\/\/www.alab.pl\/centrum-wiedzy\/wp-json\/wp\/v2\/posts"}],"about":[{"href":"https:\/\/www.alab.pl\/centrum-wiedzy\/wp-json\/wp\/v2\/types\/post"}],"author":[{"embeddable":true,"href":"https:\/\/www.alab.pl\/centrum-wiedzy\/wp-json\/wp\/v2\/users\/158"}],"replies":[{"embeddable":true,"href":"https:\/\/www.alab.pl\/centrum-wiedzy\/wp-json\/wp\/v2\/comments?post=10092"}],"version-history":[{"count":0,"href":"https:\/\/www.alab.pl\/centrum-wiedzy\/wp-json\/wp\/v2\/posts\/10092\/revisions"}],"wp:featuredmedia":[{"embeddable":true,"href":"https:\/\/www.alab.pl\/centrum-wiedzy\/wp-json\/wp\/v2\/media\/10127"}],"wp:attachment":[{"href":"https:\/\/www.alab.pl\/centrum-wiedzy\/wp-json\/wp\/v2\/media?parent=10092"}],"wp:term":[{"taxonomy":"category","embeddable":true,"href":"https:\/\/www.alab.pl\/centrum-wiedzy\/wp-json\/wp\/v2\/categories?post=10092"},{"taxonomy":"post_tag","embeddable":true,"href":"https:\/\/www.alab.pl\/centrum-wiedzy\/wp-json\/wp\/v2\/tags?post=10092"},{"taxonomy":"author","embeddable":true,"href":"https:\/\/www.alab.pl\/centrum-wiedzy\/wp-json\/wp\/v2\/coauthors?post=10092"}],"curies":[{"name":"wp","href":"https:\/\/api.w.org\/{rel}","templated":true}]}}