{"id":10154,"date":"2023-12-06T08:43:35","date_gmt":"2023-12-06T07:43:35","guid":{"rendered":"https:\/\/sklep.alablaboratoria.pl\/centrum-wiedzy\/?p=10154"},"modified":"2023-12-06T08:43:35","modified_gmt":"2023-12-06T07:43:35","slug":"wzjg-dieta-zywienie-pajcentow-z-wrzodziejacym-zapaleniem-jelita-grubego","status":"publish","type":"post","link":"https:\/\/www.alab.pl\/centrum-wiedzy\/wzjg-dieta-zywienie-pajcentow-z-wrzodziejacym-zapaleniem-jelita-grubego\/","title":{"rendered":"Wrzodziej\u0105ce zapalenie jelita grubego (WZJG) &#8211; dieta"},"content":{"rendered":"\n<p>Spis tre\u015bci<\/p>\n\n\n\n<ol class=\"wp-block-list\">\n<li><a href=\"#w1\">Leczenie \u017cywieniowe w trakcie hospitalizacji<\/a><\/li>\n\n\n\n<li><a href=\"#w2\">\u017bywienie w okresie remisji wrzodziej\u0105cego zapalenia jelita grubego (WZJG)<\/a><\/li>\n\n\n\n<li><a href=\"#w3\">Zapotrzebowanie na energi\u0119 i bia\u0142ko<\/a><\/li>\n\n\n\n<li><a href=\"#w4\">Niedobory \u017celaza, witaminy D oraz wapnia<\/a><\/li>\n\n\n\n<li><a href=\"#w5\">Podsumowanie<\/a><\/li>\n<\/ol>\n\n\n\n<p><strong><a href=\"https:\/\/www.alab.pl\/centrum-wiedzy\/wrzodziejace-zapalenie-jelita-grubego-wzjg\/\">Wrzodziej\u0105ce zapalenie jelita grubego (WZJG)<\/a><\/strong> jest &#8211; jak sama nazwa wskazuje &#8211; zapaleniem b\u0142ony \u015bluzowej jelita, kt\u00f3re mo\u017ce prowadzi\u0107 do powstania owrzodze\u0144. Jest to choroba przewlek\u0142a charakteryzuj\u0105ca si\u0119 naprzemiennie wyst\u0119puj\u0105cymi okresami zaostrze\u0144 i remisji. W przypadku ci\u0119\u017ckiego przebiegu pacjenci s\u0105 hospitalizowani w celu wygojenia b\u0142ony \u015bluzowej (ust\u0105pienia zmian zapalnych), natomiast leczenie podtrzymuj\u0105ce w trakcie remisji ma na celu zapobieganie nawrotom. <strong>Najwa\u017cniejsze zagadnienia \u017cywieniowe, z kt\u00f3rymi warto si\u0119 zapozna\u0107 po zdiagnozowaniu wrzodziej\u0105cego zapalenia jelita grubego (WZJG), zosta\u0142y przedstawione poni\u017cej.<\/strong><\/p>\n\n\n\n<h2 class=\"wp-block-heading\" id=\"w1\">Leczenie \u017cywieniowe w trakcie hospitalizacji<\/h2>\n\n\n\n<p><strong>Niedo\u017cywienie<\/strong> jest bardzo cz\u0119stym powik\u0142aniem choroby w przypadku ostrego rzutu, kt\u00f3re mo\u017ce by\u0107 spowodowane niedostatecznym od\u017cywieniem doustnym (brakiem \u0142aknienia), zwi\u0119kszon\u0105 utrat\u0105 substancji od\u017cywczych (zaburzeniem wch\u0142aniania i\/lub trawienia) oraz zwi\u0119kszonym zapotrzebowaniem na sk\u0142adniki od\u017cywcze (zaostrzeniem choroby i nasilonym katabolizmem).<strong> Nieleczone niedo\u017cywienie pogarsza rokowanie oraz zwi\u0119ksza ryzyko powik\u0142a\u0144. <\/strong><\/p>\n\n\n\n<p>Wytyczne dotycz\u0105ce leczenia \u017cywieniowego pacjent\u00f3w hospitalizowanych zosta\u0142y opracowane przez Europejskie Towarzystwo \u017bywienia Klinicznego i Metabolizmu (ESPEN). W zale\u017cno\u015bci od stanu pacjenta <strong>pierwszym krokiem w leczeniu \u017cywieniowym mo\u017ce by\u0107 zastosowanie \u017cywno\u015bci specjalnego przeznaczenia medycznego <\/strong>(ang. food for special medical purposes, FSMP), kt\u00f3ra wspomaga normaln\u0105 diet\u0119, a przez to umo\u017cliwia zapewnienie odpowiedniej poda\u017cy energii, bia\u0142ka oraz sk\u0142adnik\u00f3w od\u017cywczych. Pacjenci mog\u0105 zosta\u0107 r\u00f3wnie\u017c zakwalifikowani do \u017cywienia dojelitowego (poprzez zg\u0142\u0119bnik lub przetok\u0119 od\u017cywcz\u0105), kt\u00f3re jest stosowane najcz\u0119\u015bciej w przypadku szczeg\u00f3lnie ci\u0119\u017ckich zaostrze\u0144 choroby lub w okresie oko\u0142ooperacyjnym. Je\u015bli \u017cywienie dojelitowe nie jest mo\u017cliwe ze wzgl\u0119du na brak dost\u0119pu do przewodu pokarmowego, ci\u0119\u017ck\u0105 biegunk\u0119 lub silne wymioty stosuje si\u0119 <strong>\u017cywienie pozajelitowe<\/strong>. Nale\u017cy zaznaczy\u0107, \u017ce decyzja o rozpocz\u0119ciu leczenia \u017cywieniowego oraz wyb\u00f3r najlepszej drogi tej interwencji to z\u0142o\u017cony proces, kt\u00f3ry uwzgl\u0119dnia wiele czynnik\u00f3w tj. mo\u017cliwo\u015b\u0107 doustnego przyjmowania pokarm\u00f3w, kondycj\u0119 przewodu pokarmowego oraz stan od\u017cywienia chorego.<\/p>\n\n\n\n<h2 class=\"wp-block-heading\" id=\"w2\">\u017bywienie w okresie remisji wrzodziej\u0105cego zapalenia jelita grubego (WZJG)<\/h2>\n\n\n\n<p>Wskaz\u00f3wki \u017cywieniowe dla chorych z NChZJ zosta\u0142y wydane przez International Organization for the Study of Inflammatory Bowel Disease (IOIBD). <strong>Jak dot\u0105d nie wykazano skuteczno\u015bci dzia\u0142ania kt\u00f3rejkolwiek z diet (<a href=\"https:\/\/www.alab.pl\/centrum-wiedzy\/deita-low-fodmap-a-ibs\/\">low-FODMAP<\/a>, bezglutenowej, w\u0119glowodanowej itp.) w okresie remisji.<\/strong> Niemniej jednak wszyscy pacjenci w okresie remisji &#8211; zgodnie z zaleceniami ESPEN &#8211; powinni zosta\u0107 obj\u0119ci poradnictwem dietetycznym w celu zapobie\u017cenia rozwoju niedo\u017cywienia i zadbania o stan od\u017cywienia organizmu. <\/p>\n\n\n\n<p>Ze wzgl\u0119du na liczne indywidualne nietolerancje pokarmowe nale\u017cy zwr\u00f3ci\u0107 szczeg\u00f3ln\u0105 uwag\u0119 na odpowiednie komponowanie diety, aby unikn\u0105\u0107 niedobor\u00f3w pokarmowych. <strong>Dieta bezglutenowa<\/strong> jest wskazana tylko u pacjent\u00f3w z jednocze\u015bnie zdiagnozowan\u0105 <a href=\"https:\/\/www.alab.pl\/centrum-wiedzy\/gluten-alergia-celiakia-nieceliakalna-nadwrazliwosc-na-gluten\/\">chorob\u0105 trzewn\u0105, nietolerancj\u0105 lub nadwra\u017cliwo\u015bci\u0105 na gluten<\/a>. <strong>Dieta low-FODMAP <\/strong>natomiast poprawia czynno\u015b\u0107 przewodu pokarmowego tylko w przypadku wsp\u00f3\u0142wyst\u0119powania u chorych z wrzodziej\u0105cym zapaleniem jelita grubego (WZJG) r\u00f3wnie\u017c <a href=\"https:\/\/www.alab.pl\/centrum-wiedzy\/zespol-jelita-nadwrazliwego-objawy-diagnostyka-leczenie\/\">zespo\u0142u jelita dra\u017cliwego<\/a> (kiedy objawy ze strony przewodu pokarmowego wyst\u0119puj\u0105 pomimo ust\u0105pienia stanu zapalnego) i powinna by\u0107 zastosowana<strong> tylko ze wskaza\u0144 lekarskich<\/strong>. W przypadku <a href=\"https:\/\/www.alab.pl\/centrum-wiedzy\/nietolerancja-laktozy\/\">nietolerancji laktozy<\/a> pacjentom zaleca si\u0119 <strong><a href=\"https:\/\/www.alab.pl\/centrum-wiedzy\/alergia-na-bialko-mleka-dieta-eliminacyjna\/\">diet\u0119 bezlaktozow\u0105<\/a><\/strong> (produkty mleczne bez laktozy), przyjmowanie enzymu laktazy do ewentualnego posi\u0142ku laktozowego lub wybieranie produkt\u00f3w ro\u015blinnych (jogurt\u00f3w oraz napoj\u00f3w), jednocze\u015bnie dbaj\u0105c o odpowiedni\u0105 poda\u017c <a href=\"https:\/\/www.alab.pl\/centrum-wiedzy\/wapn-podstawowy-pierwiastek-ukladu-kostnego\/\">wapnia<\/a>. W okresie remisji niekiedy w\u0142\u0105cza si\u0119 pacjentom do diety (r\u00f3wnie\u017c po konsultacji z lekarzem prowadz\u0105cym) <strong>nasiona babki jajowatej<\/strong>, kt\u00f3re maj\u0105 udowodnione dzia\u0142anie w utrzymaniu remisji wrzodziej\u0105cego zapalenia jelita grubego (WZJG). <\/p>\n\n\n\n<figure class=\"wp-block-image size-full\"><a href=\"https:\/\/www.alab.pl\/badanie\/wapn-calkowity-w-surowicy-o77\" target=\"_blank\" rel=\"noreferrer noopener\"><img loading=\"lazy\" decoding=\"async\" width=\"800\" height=\"200\" src=\"https:\/\/www.alab.pl\/centrum-wiedzy\/wp-content\/uploads\/2023\/07\/wapn-calkowity-w-surowicy-baner-jpg.webp\" alt=\"wap\u0144 ca\u0142kowity w surowicy baner\" class=\"wp-image-7655\" srcset=\"https:\/\/www.alab.pl\/centrum-wiedzy\/wp-content\/uploads\/2023\/07\/wapn-calkowity-w-surowicy-baner-jpg.webp 800w, https:\/\/www.alab.pl\/centrum-wiedzy\/wp-content\/uploads\/2023\/07\/wapn-calkowity-w-surowicy-baner-jpg-768x192.webp 768w, https:\/\/www.alab.pl\/centrum-wiedzy\/wp-content\/uploads\/2023\/07\/wapn-calkowity-w-surowicy-baner-jpg-150x38.webp 150w, https:\/\/www.alab.pl\/centrum-wiedzy\/wp-content\/uploads\/2023\/07\/wapn-calkowity-w-surowicy-baner-jpg-300x75.webp 300w, https:\/\/www.alab.pl\/centrum-wiedzy\/wp-content\/uploads\/2023\/07\/wapn-calkowity-w-surowicy-baner-jpg-696x174.webp 696w\" sizes=\"auto, (max-width: 800px) 100vw, 800px\" \/><\/a><\/figure>\n\n\n\n<p>Do\u015b\u0107 istotnym czynnikiem u pacjent\u00f3w choruj\u0105cych na wrzodziej\u0105ce zapalenie jelita grubego (WZJG) i jednocze\u015bnie oty\u0142o\u015b\u0107 jest <strong>normalizacja masy cia\u0142a<\/strong>. Leczenie oty\u0142o\u015bci powinno odbywa\u0107 si\u0119 w okresie remisji, ale ze wzgl\u0119du na du\u017ce ryzyko niedobor\u00f3w eksperci nie zalecaj\u0105 stosowania restrykcyjnych diet, a jako pierwszy krok w kierunku redukcji masy cia\u0142a rekomenduj\u0105 ujemny wydatek energetyczny, czyli <strong>aktywno\u015b\u0107 fizyczn\u0105<\/strong>.<\/p>\n\n\n\n<h2 class=\"wp-block-heading\" id=\"w3\">Zapotrzebowanie na energi\u0119 i bia\u0142ko<\/h2>\n\n\n\n<p><strong>W okresie zaostrzenia choroby zapotrzebowanie energetyczne jest wi\u0119ksze i jest zale\u017cne m.in. od ci\u0119\u017cko\u015bci choroby i og\u00f3lnego stanu. <\/strong>Zwi\u0119ksza si\u0119 r\u00f3wnie\u017c dzienn\u0105 poda\u017c bia\u0142ka do 1,2-1,5 g\/kg mc. Wi\u0119ksze zapotrzebowanie na bia\u0142ko wynika g\u0142\u00f3wnie ze zwi\u0119kszonego ich katabolizmu, kt\u00f3ry towarzyszy zaostrzeniu, jak r\u00f3wnie\u017c zmniejszonego przyjmowania pokarm\u00f3w, utraty sk\u0142adnik\u00f3w od\u017cywczych z przewodu pokarmowego oraz dzia\u0142a\u0144 niepo\u017c\u0105danych lek\u00f3w. <strong>Natomiast zapotrzebowanie na energi\u0119 i bia\u0142ko w czasie remisji jest takie same jak u os\u00f3b zdrowych.<\/strong> Dzienne zapotrzebowanie kilokaloryczne mo\u017cna obliczy\u0107 we wsp\u00f3\u0142pracy z dietetykiem na podstawie m.in. analizy sk\u0142adu cia\u0142a oraz oszacowania dziennego wydatku energetycznego na podstawie zebranego wywiadu. Zapotrzebowanie na bia\u0142ko wed\u0142ug Norm \u017cywienia dla populacji polski opracowanych przez ekspert\u00f3w Instytutu \u017bywno\u015bci i \u017bywienia u os\u00f3b zdrowych wynosi 0,9 g\/kg m.c. na dob\u0119, ale warto\u015b\u0107 ta jest r\u00f3wnie\u017c uzale\u017cniona od czynnik\u00f3w tj. stan fizjologiczny, wiek czy uprawiana aktywno\u015b\u0107 fizyczna i nale\u017ca\u0142oby je obliczy\u0107 indywidualnie.<\/p>\n\n\n\n<h2 class=\"wp-block-heading\" id=\"w4\">Niedobory \u017celaza, witaminy D oraz wapnia<\/h2>\n\n\n\n<p><strong><a href=\"https:\/\/www.alab.pl\/centrum-wiedzy\/niedobor-zelaza-w-organizmie\/\">Niedobory \u017celaza<\/a> i <a href=\"https:\/\/www.alab.pl\/centrum-wiedzy\/witamina-d-suplementacja\/\">witaminy D<\/a> wymagaj\u0105 przyjmowania dodatkowych preparat\u00f3w.<\/strong> Zapotrzebowanie na \u017celazo lekarz okre\u015bla na podstawie masy cia\u0142a oraz st\u0119\u017ce\u0144 hemoglobiny i ferrytyny. Je\u015bli chodzi o witamin\u0119 D, badania wykaza\u0142y korzystny wp\u0142yw utrzymania odpowiedniego jej st\u0119\u017cenia nie tylko w przypadku ju\u017c zdiagnozowanego wrzodziej\u0105cego zapalenia jelita grubego (WZJG), ale r\u00f3wnie\u017c w profilaktyce (cz\u0119sto\u015bci wyst\u0119powania) tej choroby. Dlatego tak <strong>wa\u017cne jest okresowe<a href=\"https:\/\/www.alab.pl\/badanie\/witamina-d-25oh\" target=\"_blank\" rel=\"noreferrer noopener\"> badanie st\u0119\u017cenia 25-OH-D<\/a> u wszystkich os\u00f3b, r\u00f3wnie\u017c niedotkni\u0119tych chorob\u0105<\/strong>. Inn\u0105 do\u015b\u0107 istotn\u0105 kwesti\u0105, kt\u00f3r\u0105 warto mie\u0107 na uwadze, jest monitorowanie <strong><a href=\"https:\/\/www.alab.pl\/badanie\/wapn-calkowity-w-surowicy-o77\" target=\"_blank\" rel=\"noreferrer noopener\">st\u0119\u017cenia wapnia<\/a><\/strong>. <strong>Osteopenia oraz <a href=\"https:\/\/www.alab.pl\/centrum-wiedzy\/osteoporoza-cicha-choroba-kosci\/\">osteoporoza<\/a> nale\u017c\u0105 do najcz\u0119stszych powik\u0142a\u0144 pozajelitowych wrzodziej\u0105cego zapalenia jelita grubego (WZJG)<\/strong>, zw\u0142aszcza u pacjent\u00f3w z aktywn\u0105 postaci\u0105 WZJG oraz d\u0142ug\u0105 histori\u0105 choroby. Zwi\u0119kszone ryzyko tych chor\u00f3b maj\u0105 pacjenci z niedoborem witaminy D i wapnia, niedo\u017cywieniem, brakiem aktywno\u015bci ruchowej, jak r\u00f3wnie\u017c pacjenci d\u0142ugotrwale leczeni steroidami. Badaniem pomocniczym w kierunku osteopenii i osteoporozy jest badanie densytometryczne metod\u0105 DEXA (Dual Energy X-Ray Absorptiometry) &#8211; wskazanie g\u0142\u00f3wnie u pacjent\u00f3w znajduj\u0105cych si\u0119 w du\u017cej grupie ryzyka. Wed\u0142ug wytycznych Polskiego Towarzystwa Gastroenterologii po zdiagnozowaniu kt\u00f3rejkolwiek z tych chor\u00f3b nale\u017cy stosowa\u0107 preparaty wapnia oraz witamin\u0119 D w dawkach zalecanych przez lekarza, a w ramach profilaktyki z\u0142ama\u0144 ko\u015bci propaguje si\u0119 aktywno\u015b\u0107 fizyczn\u0105 korzystnie wp\u0142ywaj\u0105c\u0105 na uk\u0142ad kostny (wsp\u00f3\u0142prac\u0119 z fizjoterapeut\u0105).<\/p>\n\n\n\n<figure class=\"wp-block-image size-full\"><a href=\"https:\/\/www.alab.pl\/badanie\/witamina-d-25oh\" target=\"_blank\" rel=\"noreferrer noopener\"><img loading=\"lazy\" decoding=\"async\" width=\"800\" height=\"200\" src=\"https:\/\/www.alab.pl\/centrum-wiedzy\/wp-content\/uploads\/2023\/11\/Badanie-witaminy-D-jpg.webp\" alt=\"badanie witaminy D\" class=\"wp-image-9847\" srcset=\"https:\/\/www.alab.pl\/centrum-wiedzy\/wp-content\/uploads\/2023\/11\/Badanie-witaminy-D-jpg.webp 800w, https:\/\/www.alab.pl\/centrum-wiedzy\/wp-content\/uploads\/2023\/11\/Badanie-witaminy-D-jpg-768x192.webp 768w, https:\/\/www.alab.pl\/centrum-wiedzy\/wp-content\/uploads\/2023\/11\/Badanie-witaminy-D-jpg-150x38.webp 150w, https:\/\/www.alab.pl\/centrum-wiedzy\/wp-content\/uploads\/2023\/11\/Badanie-witaminy-D-jpg-300x75.webp 300w, https:\/\/www.alab.pl\/centrum-wiedzy\/wp-content\/uploads\/2023\/11\/Badanie-witaminy-D-jpg-696x174.webp 696w\" sizes=\"auto, (max-width: 800px) 100vw, 800px\" \/><\/a><\/figure>\n\n\n\n<figure class=\"wp-block-image size-full\"><a href=\"https:\/\/www.alab.pl\/badanie\/ferrytyna-l05\" target=\"_blank\" rel=\"noreferrer noopener\"><img loading=\"lazy\" decoding=\"async\" width=\"800\" height=\"200\" src=\"https:\/\/www.alab.pl\/centrum-wiedzy\/wp-content\/uploads\/2023\/11\/Badanie-ferrytyny-jpg.webp\" alt=\"badanie ferrytyny\" class=\"wp-image-9780\" srcset=\"https:\/\/www.alab.pl\/centrum-wiedzy\/wp-content\/uploads\/2023\/11\/Badanie-ferrytyny-jpg.webp 800w, https:\/\/www.alab.pl\/centrum-wiedzy\/wp-content\/uploads\/2023\/11\/Badanie-ferrytyny-jpg-768x192.webp 768w, https:\/\/www.alab.pl\/centrum-wiedzy\/wp-content\/uploads\/2023\/11\/Badanie-ferrytyny-jpg-150x38.webp 150w, https:\/\/www.alab.pl\/centrum-wiedzy\/wp-content\/uploads\/2023\/11\/Badanie-ferrytyny-jpg-300x75.webp 300w, https:\/\/www.alab.pl\/centrum-wiedzy\/wp-content\/uploads\/2023\/11\/Badanie-ferrytyny-jpg-696x174.webp 696w\" sizes=\"auto, (max-width: 800px) 100vw, 800px\" \/><\/a><\/figure>\n\n\n\n<h2 class=\"wp-block-heading\" id=\"w5\">Podsumowanie<\/h2>\n\n\n\n<p>Leczenie \u017cywieniowe pacjent\u00f3w z ostrym rzutem choroby obejmuje \u017cywno\u015b\u0107 specjalnego przeznaczenia medycznego, \u017cywienie dojelitowe lub \u017cywienie pozajelitowe (je\u015bli \u017cywienie dojelitowe nie jest mo\u017cliwe). <strong>W okresie zaostrzenia choroby pacjentom zwi\u0119ksza si\u0119 poda\u017c energii oraz bia\u0142ka.<\/strong> W okresie remisji interwencje dietetyczne s\u0105 zawsze dostosowane <strong>indywidualnie do pacjenta<\/strong> i uwzgl\u0119dniaj\u0105 <strong>regularne badania laboratoryjne<\/strong> w celu zadbania o stan od\u017cywienia organizmu. W przypadku potwierdzonych laboratoryjnie niedobor\u00f3w \u017celaza, witaminy D oraz wapnia pacjenci otrzymuj\u0105 dodatkowe preparaty w dawkach wskazanych przez lekarza.<\/p>\n\n\n\n<hr class=\"wp-block-separator has-alpha-channel-opacity\"\/>\n\n\n\n<p>Pi\u015bmiennictwo<\/p>\n\n\n\n<ol class=\"wp-block-list\">\n<li>Levine A., et al. Dietary Guidance From the International Organization for the Study of Inflammatory Bowel Diseases. Clin Gastroenterol Hepatol. 2020 May;18(6):1381-1392. doi: 10.1016\/j.cgh.2020.01.046. Epub 2020 Feb 15. PMID: 32068150.<\/li>\n\n\n\n<li>Niezg\u00f3dka-Kl\u00f3sak A., Eder P.: Dieta w nieswoistych chorobach zapalnych jelit. Om\u00f3wienie wskaz\u00f3wek International Organization for the Study of Inflammatory Bowel Disease 2020. Med. Prakt., 2021; 11: 58\u201365.<\/li>\n\n\n\n<li>Bischoff S.C., et al. ESPEN practical guideline: Clinical Nutrition in inflammatory bowel disease. Clin Nutr. 2020 Mar;39(3):632-653. doi: 10.1016\/j.clnu.2019.11.002. Epub 2020 Jan 13. PMID: 32029281.<\/li>\n\n\n\n<li>K\u0142\u0119k S., \u017bywienie kliniczne w nieswoistych chorobach zapalnych jelit. Podsumowanie wytycznych European Society of Clinical Nutrition and Metabolism (ESPEN). Med. Prakt., 2019; 12: 58\u201375.<\/li>\n\n\n\n<li>Eder P., Guidelines for the management of ulcerative colitis. Recommendations of the Polish Society of Gastroenterology and the Polish National Consultant in Gastroenterology. Prz Gastroenterol. 2023;18(1):1-42. doi: 10.5114\/pg.2023.125882. Epub 2023 Mar 15. Erratum in: Prz Gastroenterol. 2023;18(2):224. PMID: 37007752; PMCID: PMC10050986; T\u0142umaczenie:<a href=\"https:\/\/ptg-e.org.pl\/wp-content\/uploads\/2023\/09\/wytyczne-PL-WZJG-2023-wersja-do-druku.pdf\" target=\"_blank\" rel=\"noreferrer noopener nofollow\"> wytyczne-PL-WZJG-2023-wersja-do-druku.pdf (ptg-e.org.pl)<\/a><\/li>\n\n\n\n<li>Jarosz M. (red), Normy \u017cywienia cz\u0142owieka dla populacji Polski, Warszawa, I\u017b\u017b. NIZP-PZH, 2020.<\/li>\n<\/ol>\n","protected":false},"excerpt":{"rendered":"<p>Jak powinna wygl\u0105da\u0107 dieta os\u00f3b choruj\u0105cych na wrzodziej\u0105ce zapalenie jelita grubego (WZJG)?<\/p>\n","protected":false},"author":156,"featured_media":10177,"comment_status":"closed","ping_status":"open","sticky":false,"template":"","format":"standard","meta":{"_acf_changed":false,"inline_featured_image":false,"footnotes":""},"categories":[17,18],"tags":[],"coauthors":[167],"class_list":{"0":"post-10154","1":"post","2":"type-post","3":"status-publish","4":"format-standard","5":"has-post-thumbnail","7":"category-dieta","8":"category-dysbioza-choroby-przewodu-pokarmowego"},"acf":[],"yoast_head":"<!-- This site is optimized with the Yoast SEO plugin v27.4 - https:\/\/yoast.com\/product\/yoast-seo-wordpress\/ -->\n<title>\u017bywienie pacjent\u00f3w z WZJG - Centrum Wiedzy ALAB Laboratoria<\/title>\n<meta name=\"description\" content=\"Jak powinno wygl\u0105da\u0107 \u017cywienie pacjent\u00f3w z wrzodziej\u0105cym zapaleniem jelita grubego? Dowiesz si\u0119 tego w Centrum Wiedzy ALAB laboratoria.\" \/>\n<meta name=\"robots\" content=\"index, follow, max-snippet:-1, max-image-preview:large, max-video-preview:-1\" \/>\n<link rel=\"canonical\" href=\"https:\/\/www.alab.pl\/centrum-wiedzy\/wzjg-dieta-zywienie-pajcentow-z-wrzodziejacym-zapaleniem-jelita-grubego\/\" \/>\n<meta property=\"og:locale\" content=\"pl_PL\" \/>\n<meta property=\"og:type\" content=\"article\" \/>\n<meta property=\"og:title\" content=\"\u017bywienie pacjent\u00f3w z WZJG - Centrum Wiedzy ALAB Laboratoria\" \/>\n<meta property=\"og:description\" content=\"Jak powinno wygl\u0105da\u0107 \u017cywienie pacjent\u00f3w z wrzodziej\u0105cym zapaleniem jelita grubego? Dowiesz si\u0119 tego w Centrum Wiedzy ALAB laboratoria.\" \/>\n<meta property=\"og:url\" content=\"https:\/\/www.alab.pl\/centrum-wiedzy\/wzjg-dieta-zywienie-pajcentow-z-wrzodziejacym-zapaleniem-jelita-grubego\/\" \/>\n<meta property=\"og:site_name\" content=\"Centrum Wiedzy ALAB laboratoria\" \/>\n<meta property=\"article:publisher\" content=\"https:\/\/www.facebook.com\/ALABlaboratoria\" \/>\n<meta property=\"article:published_time\" content=\"2023-12-06T07:43:35+00:00\" \/>\n<meta property=\"og:image\" content=\"https:\/\/www.alab.pl\/centrum-wiedzy\/wp-content\/uploads\/2023\/11\/WZJG-dieta-jpg.webp\" \/>\n\t<meta property=\"og:image:width\" content=\"1200\" \/>\n\t<meta property=\"og:image:height\" content=\"801\" \/>\n\t<meta property=\"og:image:type\" content=\"image\/webp\" \/>\n<meta name=\"author\" content=\"Jagoda Matusiak\" \/>\n<meta name=\"twitter:card\" content=\"summary_large_image\" \/>\n<meta name=\"twitter:label1\" content=\"Napisane przez\" \/>\n\t<meta name=\"twitter:data1\" content=\"Jagoda Matusiak\" \/>\n\t<meta name=\"twitter:label2\" content=\"Szacowany czas czytania\" \/>\n\t<meta name=\"twitter:data2\" content=\"8 minut\" \/>\n\t<meta name=\"twitter:label3\" content=\"Written by\" \/>\n\t<meta name=\"twitter:data3\" content=\"Jagoda Matusiak\" \/>\n<!-- \/ Yoast SEO plugin. -->","yoast_head_json":{"title":"\u017bywienie pacjent\u00f3w z WZJG - Centrum Wiedzy ALAB Laboratoria","description":"Jak powinno wygl\u0105da\u0107 \u017cywienie pacjent\u00f3w z wrzodziej\u0105cym zapaleniem jelita grubego? Dowiesz si\u0119 tego w Centrum Wiedzy ALAB laboratoria.","robots":{"index":"index","follow":"follow","max-snippet":"max-snippet:-1","max-image-preview":"max-image-preview:large","max-video-preview":"max-video-preview:-1"},"canonical":"https:\/\/www.alab.pl\/centrum-wiedzy\/wzjg-dieta-zywienie-pajcentow-z-wrzodziejacym-zapaleniem-jelita-grubego\/","og_locale":"pl_PL","og_type":"article","og_title":"\u017bywienie pacjent\u00f3w z WZJG - Centrum Wiedzy ALAB Laboratoria","og_description":"Jak powinno wygl\u0105da\u0107 \u017cywienie pacjent\u00f3w z wrzodziej\u0105cym zapaleniem jelita grubego? Dowiesz si\u0119 tego w Centrum Wiedzy ALAB laboratoria.","og_url":"https:\/\/www.alab.pl\/centrum-wiedzy\/wzjg-dieta-zywienie-pajcentow-z-wrzodziejacym-zapaleniem-jelita-grubego\/","og_site_name":"Centrum Wiedzy ALAB laboratoria","article_publisher":"https:\/\/www.facebook.com\/ALABlaboratoria","article_published_time":"2023-12-06T07:43:35+00:00","og_image":[{"width":1200,"height":801,"url":"https:\/\/www.alab.pl\/centrum-wiedzy\/wp-content\/uploads\/2023\/11\/WZJG-dieta-jpg.webp","type":"image\/webp"}],"author":"Jagoda Matusiak","twitter_card":"summary_large_image","twitter_misc":{"Napisane przez":"Jagoda Matusiak","Szacowany czas czytania":"8 minut","Written by":"Jagoda Matusiak"},"schema":{"@context":"https:\/\/schema.org","@graph":[{"@type":"Article","@id":"https:\/\/www.alab.pl\/centrum-wiedzy\/wzjg-dieta-zywienie-pajcentow-z-wrzodziejacym-zapaleniem-jelita-grubego\/#article","isPartOf":{"@id":"https:\/\/www.alab.pl\/centrum-wiedzy\/wzjg-dieta-zywienie-pajcentow-z-wrzodziejacym-zapaleniem-jelita-grubego\/"},"author":{"name":"Jagoda Matusiak","@id":"https:\/\/www.alab.pl\/centrum-wiedzy\/#\/schema\/person\/b609368fc4e366303bbc36f86aec86be"},"headline":"Wrzodziej\u0105ce zapalenie jelita grubego (WZJG) &#8211; dieta","datePublished":"2023-12-06T07:43:35+00:00","mainEntityOfPage":{"@id":"https:\/\/www.alab.pl\/centrum-wiedzy\/wzjg-dieta-zywienie-pajcentow-z-wrzodziejacym-zapaleniem-jelita-grubego\/"},"wordCount":1385,"publisher":{"@id":"https:\/\/www.alab.pl\/centrum-wiedzy\/#organization"},"image":{"@id":"https:\/\/www.alab.pl\/centrum-wiedzy\/wzjg-dieta-zywienie-pajcentow-z-wrzodziejacym-zapaleniem-jelita-grubego\/#primaryimage"},"thumbnailUrl":"https:\/\/www.alab.pl\/centrum-wiedzy\/wp-content\/uploads\/2023\/11\/WZJG-dieta-jpg.webp","articleSection":["Dieta i suplementacja","Dysbioza, choroby przewodu pokarmowego"],"inLanguage":"pl-PL"},{"@type":"WebPage","@id":"https:\/\/www.alab.pl\/centrum-wiedzy\/wzjg-dieta-zywienie-pajcentow-z-wrzodziejacym-zapaleniem-jelita-grubego\/","url":"https:\/\/www.alab.pl\/centrum-wiedzy\/wzjg-dieta-zywienie-pajcentow-z-wrzodziejacym-zapaleniem-jelita-grubego\/","name":"\u017bywienie pacjent\u00f3w z WZJG - Centrum Wiedzy ALAB Laboratoria","isPartOf":{"@id":"https:\/\/www.alab.pl\/centrum-wiedzy\/#website"},"primaryImageOfPage":{"@id":"https:\/\/www.alab.pl\/centrum-wiedzy\/wzjg-dieta-zywienie-pajcentow-z-wrzodziejacym-zapaleniem-jelita-grubego\/#primaryimage"},"image":{"@id":"https:\/\/www.alab.pl\/centrum-wiedzy\/wzjg-dieta-zywienie-pajcentow-z-wrzodziejacym-zapaleniem-jelita-grubego\/#primaryimage"},"thumbnailUrl":"https:\/\/www.alab.pl\/centrum-wiedzy\/wp-content\/uploads\/2023\/11\/WZJG-dieta-jpg.webp","datePublished":"2023-12-06T07:43:35+00:00","description":"Jak powinno wygl\u0105da\u0107 \u017cywienie pacjent\u00f3w z wrzodziej\u0105cym zapaleniem jelita grubego? Dowiesz si\u0119 tego w Centrum Wiedzy ALAB laboratoria.","breadcrumb":{"@id":"https:\/\/www.alab.pl\/centrum-wiedzy\/wzjg-dieta-zywienie-pajcentow-z-wrzodziejacym-zapaleniem-jelita-grubego\/#breadcrumb"},"inLanguage":"pl-PL","potentialAction":[{"@type":"ReadAction","target":["https:\/\/www.alab.pl\/centrum-wiedzy\/wzjg-dieta-zywienie-pajcentow-z-wrzodziejacym-zapaleniem-jelita-grubego\/"]}]},{"@type":"ImageObject","inLanguage":"pl-PL","@id":"https:\/\/www.alab.pl\/centrum-wiedzy\/wzjg-dieta-zywienie-pajcentow-z-wrzodziejacym-zapaleniem-jelita-grubego\/#primaryimage","url":"https:\/\/www.alab.pl\/centrum-wiedzy\/wp-content\/uploads\/2023\/11\/WZJG-dieta-jpg.webp","contentUrl":"https:\/\/www.alab.pl\/centrum-wiedzy\/wp-content\/uploads\/2023\/11\/WZJG-dieta-jpg.webp","width":1200,"height":801,"caption":"dieta wrzodziej\u0105ce zapalenie jelita grubego"},{"@type":"BreadcrumbList","@id":"https:\/\/www.alab.pl\/centrum-wiedzy\/wzjg-dieta-zywienie-pajcentow-z-wrzodziejacym-zapaleniem-jelita-grubego\/#breadcrumb","itemListElement":[{"@type":"ListItem","position":1,"name":"Strona g\u0142\u00f3wna","item":"https:\/\/www.alab.pl\/centrum-wiedzy\/"},{"@type":"ListItem","position":2,"name":"Wrzodziej\u0105ce zapalenie jelita grubego (WZJG) &#8211; dieta"}]},{"@type":"WebSite","@id":"https:\/\/www.alab.pl\/centrum-wiedzy\/#website","url":"https:\/\/www.alab.pl\/centrum-wiedzy\/","name":"Centrum Wiedzy ALAB laboratoria","description":"","publisher":{"@id":"https:\/\/www.alab.pl\/centrum-wiedzy\/#organization"},"potentialAction":[{"@type":"SearchAction","target":{"@type":"EntryPoint","urlTemplate":"https:\/\/www.alab.pl\/centrum-wiedzy\/?s={search_term_string}"},"query-input":{"@type":"PropertyValueSpecification","valueRequired":true,"valueName":"search_term_string"}}],"inLanguage":"pl-PL"},{"@type":"Organization","@id":"https:\/\/www.alab.pl\/centrum-wiedzy\/#organization","name":"Centrum Wiedzy ALAB laboratoria","url":"https:\/\/www.alab.pl\/centrum-wiedzy\/","logo":{"@type":"ImageObject","inLanguage":"pl-PL","@id":"https:\/\/www.alab.pl\/centrum-wiedzy\/#\/schema\/logo\/image\/","url":"https:\/\/www.alab.pl\/centrum-wiedzy\/wp-content\/uploads\/2022\/04\/alabek.jpg","contentUrl":"https:\/\/www.alab.pl\/centrum-wiedzy\/wp-content\/uploads\/2022\/04\/alabek.jpg","width":1250,"height":1251,"caption":"Centrum Wiedzy ALAB laboratoria"},"image":{"@id":"https:\/\/www.alab.pl\/centrum-wiedzy\/#\/schema\/logo\/image\/"},"sameAs":["https:\/\/www.facebook.com\/ALABlaboratoria"]},{"@type":"Person","@id":"https:\/\/www.alab.pl\/centrum-wiedzy\/#\/schema\/person\/b609368fc4e366303bbc36f86aec86be","name":"Jagoda Matusiak","image":{"@type":"ImageObject","inLanguage":"pl-PL","@id":"https:\/\/www.alab.pl\/centrum-wiedzy\/wp-content\/uploads\/2023\/11\/Jagoda-Matusiak-jpg-150x150.webpbb86b9af248df01615a839eb7553b120","url":"https:\/\/www.alab.pl\/centrum-wiedzy\/wp-content\/uploads\/2023\/11\/Jagoda-Matusiak-jpg-150x150.webp","contentUrl":"https:\/\/www.alab.pl\/centrum-wiedzy\/wp-content\/uploads\/2023\/11\/Jagoda-Matusiak-jpg-150x150.webp","caption":"Jagoda Matusiak"},"description":"Absolwentka Gda\u0144skiego Uniwersytetu Medycznego (dietetyka) i Uniwersytetu im. Adama Mickiewicza w Poznaniu (t\u0142umaczenia). Cz\u0142onek Polskiego Towarzystwa \u017bywienia Pozajelitowego, Dojelitowego i Metabolizmu. Prowadzi prywatny gabinet dietetyczny w Lesznie.","url":"https:\/\/www.alab.pl\/centrum-wiedzy\/author\/jagoda-matusiak\/"}]}},"_links":{"self":[{"href":"https:\/\/www.alab.pl\/centrum-wiedzy\/wp-json\/wp\/v2\/posts\/10154","targetHints":{"allow":["GET"]}}],"collection":[{"href":"https:\/\/www.alab.pl\/centrum-wiedzy\/wp-json\/wp\/v2\/posts"}],"about":[{"href":"https:\/\/www.alab.pl\/centrum-wiedzy\/wp-json\/wp\/v2\/types\/post"}],"author":[{"embeddable":true,"href":"https:\/\/www.alab.pl\/centrum-wiedzy\/wp-json\/wp\/v2\/users\/156"}],"replies":[{"embeddable":true,"href":"https:\/\/www.alab.pl\/centrum-wiedzy\/wp-json\/wp\/v2\/comments?post=10154"}],"version-history":[{"count":0,"href":"https:\/\/www.alab.pl\/centrum-wiedzy\/wp-json\/wp\/v2\/posts\/10154\/revisions"}],"wp:featuredmedia":[{"embeddable":true,"href":"https:\/\/www.alab.pl\/centrum-wiedzy\/wp-json\/wp\/v2\/media\/10177"}],"wp:attachment":[{"href":"https:\/\/www.alab.pl\/centrum-wiedzy\/wp-json\/wp\/v2\/media?parent=10154"}],"wp:term":[{"taxonomy":"category","embeddable":true,"href":"https:\/\/www.alab.pl\/centrum-wiedzy\/wp-json\/wp\/v2\/categories?post=10154"},{"taxonomy":"post_tag","embeddable":true,"href":"https:\/\/www.alab.pl\/centrum-wiedzy\/wp-json\/wp\/v2\/tags?post=10154"},{"taxonomy":"author","embeddable":true,"href":"https:\/\/www.alab.pl\/centrum-wiedzy\/wp-json\/wp\/v2\/coauthors?post=10154"}],"curies":[{"name":"wp","href":"https:\/\/api.w.org\/{rel}","templated":true}]}}