{"id":10166,"date":"2023-12-06T08:18:17","date_gmt":"2023-12-06T07:18:17","guid":{"rendered":"https:\/\/sklep.alablaboratoria.pl\/centrum-wiedzy\/?p=10166"},"modified":"2023-12-06T08:18:17","modified_gmt":"2023-12-06T07:18:17","slug":"caloroczne-objawy-alergii-przewodnik-po-alergenach-w-twoim-domu","status":"publish","type":"post","link":"https:\/\/www.alab.pl\/centrum-wiedzy\/caloroczne-objawy-alergii-przewodnik-po-alergenach-w-twoim-domu\/","title":{"rendered":"Ca\u0142oroczne objawy alergii\u00a0 &#8211; przewodnik po alergenach w twoim domu"},"content":{"rendered":"\n<p>Spis tre\u015bci<\/p>\n\n\n\n<ol class=\"wp-block-list\">\n<li><a href=\"#a1\">Pierwszy podejrzany \u2013 roztocze kurzu domowego<\/a><\/li>\n\n\n\n<li><a href=\"#a2\">Alergeny zwierz\u0105t i to nie tylko domowych<\/a><\/li>\n\n\n\n<li><a href=\"#a3\">Alergeny ple\u015bni<\/a><\/li>\n\n\n\n<li><a href=\"#a4\">Sk\u0105d mam wiedzie\u0107, jaki alergen domowy mnie uczula?<\/a><\/li>\n<\/ol>\n\n\n\n<p><strong>Alergeny znajduj\u0105ce wewn\u0105trz dom\u00f3w i pomieszcze\u0144 <\/strong>stanowi\u0105 powa\u017cne wyzwanie dla os\u00f3b cierpi\u0105cych na alergie, wywo\u0142uj\u0105c reakcje alergiczne i wp\u0142ywaj\u0105c na jako\u015b\u0107 \u017cycia. Jest to szczeg\u00f3lnie uci\u0105\u017cliwy problem w okresie jesienno-zimowym, kiedy to wi\u0119cej czasu sp\u0119dzamy w zaciszu domowym i rzadziej wietrzymy nasze mieszkania. <strong>Jakie konkretnie alergeny mog\u0105 czai\u0107 si\u0119 w naszych czterech k\u0105tach i jak sprawdzi\u0107, czy jeste\u015bmy na nie uczuleni?<\/strong> Na te i inne pytania znajdziecie odpowied\u017a w tym artykule.<\/p>\n\n\n\n<h2 class=\"wp-block-heading\" id=\"a1\">Pierwszy podejrzany \u2013 roztocze kurzu domowego<\/h2>\n\n\n\n<p><a href=\"https:\/\/www.alab.pl\/centrum-wiedzy\/alergia-na-roztocza-kurzu-domowego\/\"><strong>Roztocze kurzu<\/strong> <strong>domowego<\/strong><\/a> to mikroskopijne paj\u0119czaki \u017cyj\u0105ce m.in. w poduszkach, materacach, dywanach i innych miejscach, w kt\u00f3rych gromadzi si\u0119 kurz. Ich odchody oraz cia\u0142a stanowi\u0105 potencjalne alergeny, wywo\u0142uj\u0105c u os\u00f3b uczulonych reakcje alergiczne, takie jak katar, zapalenie spoj\u00f3wek, astma czy wysypka sk\u00f3rna. W przypadku niekt\u00f3rych pacjent\u00f3w mog\u0105 r\u00f3wnie\u017c <strong>reagowa\u0107 krzy\u017cowo z alergenami skorupiak\u00f3w i owoc\u00f3w morza<\/strong>, przyczyniaj\u0105c si\u0119 do ci\u0119\u017ckich reakcji alergicznych po spo\u017cyciu np. krewetek.<\/p>\n\n\n\n<p>Aby <strong>ograniczy\u0107 obecno\u015b\u0107 roztoczy kurzu w domu<\/strong>, zalecane jest <strong>regularne odkurzanie<\/strong> powierzchni, na kt\u00f3rych gromadzi si\u0119 kurz z u\u017cyciem odkurzaczy z filtrem HEPA, <strong>pranie po\u015bcieli w gor\u0105cej wodzie co najmniej raz w tygodniu<\/strong> oraz <strong>utrzymanie wilgotno\u015bci w pomieszczeniach na poziomie poni\u017cej 50%<\/strong>.<\/p>\n\n\n\n<p>W przypadku <strong>uczulenia na g\u0142\u00f3wne alergeny roztoczy kurzu (Der p 1 i\/lub Der p 2)<\/strong> lekarz mo\u017ce zasugerowa\u0107 <strong>zastosowanie immunoterapii swoistej<\/strong> w celu z\u0142agodzenia, lub ca\u0142kowitego wyeliminowania objaw\u00f3w alergii.<\/p>\n\n\n\n<h2 class=\"wp-block-heading\" id=\"a2\">Alergeny zwierz\u0105t i to nie tylko domowych<\/h2>\n\n\n\n<p><strong>Sier\u015b\u0107 zwierz\u0105t<\/strong>, a dok\u0142adniej <strong>bia\u0142ka zawarte w ich nask\u00f3rku, \u015blinie i moczu<\/strong>, stanowi jedn\u0105 z g\u0142\u00f3wnych przyczyn reakcji alergicznych (<a href=\"https:\/\/www.alab.pl\/centrum-wiedzy\/alergia-na-psy-i-koty-i-inne-zwierzeta\/\"><strong>pisali\u015bmy o tym w tym artykule<\/strong><\/a>). Koty, psy czy nawet szczury, kt\u00f3re bytuj\u0105 na \u015bmietnikach, w piwnicach i kanalizacji mog\u0105 przyczynia\u0107 si\u0119 u wielu os\u00f3b do wyst\u0105pienia r\u00f3\u017cnego rodzaju objaw\u00f3w alergii, takich jak kichanie, kaszel, \u015bwiszcz\u0105cy oddech czy objawy sk\u00f3rne.<\/p>\n\n\n\n<p>Aby <strong>ograniczy\u0107 ekspozycj\u0119 na sier\u015b\u0107 zwierz\u0105t<\/strong>, mo\u017cna podj\u0105\u0107 takie kroki jak <strong>trzymanie zwierz\u0105t z dala od sypialni, regularne k\u0105panie pupila oraz odkurzanie i usuwanie sier\u015bci z powierzchni mebli i pod\u0142\u00f3g<\/strong>.<\/p>\n\n\n\n<p>W przypadku <strong>uczulenia na g\u0142\u00f3wny alergen kota (Fel d 1)<\/strong> lekarz mo\u017ce zasugerowa\u0107 zastosowanie <strong>immunoterapii swoistej <\/strong>w celu z\u0142agodzenia lub ca\u0142kowitego wyeliminowaniu objaw\u00f3w alergii. W przypadku alergii na psa nie ma jednego g\u0142\u00f3wnego alergenu przyczynowego, a zastosowanie immunoterapii w tym przypadku mo\u017ce okaza\u0107 si\u0119 mniej efektywne ni\u017c u osoby uczulonej na kota.<\/p>\n\n\n\n<h2 class=\"wp-block-heading\" id=\"a3\">Alergeny ple\u015bni<\/h2>\n\n\n\n<p><strong>Ple\u015bnie <\/strong>to grzyby, kt\u00f3re mog\u0105 rozwija\u0107 si\u0119 w wilgotnych i s\u0142abo wentylowanych obszarach domu, takich jak \u0142azienki, piwnice czy kuchnie. Wydzielaj\u0105 one <strong>zarodniki, kt\u00f3re unosz\u0105 si\u0119 w powietrzu i mog\u0105 wywo\u0142ywa\u0107 reakcje alergiczne u os\u00f3b uczulonych<\/strong>, objawiaj\u0105ce si\u0119 kichaniem, duszno\u015bciami czy zapaleniem oskrzeli. Do najcz\u0119\u015bciej wyst\u0119puj\u0105cych gatunk\u00f3w ple\u015bni, kt\u00f3re mo\u017cemy spotka\u0107 w domach i mieszkaniach zaliczamy <em>Alternaria alternata<\/em>, <em>Aspergillus fumigatus<\/em> oraz <em>Cladosporium herbarum<\/em>.<\/p>\n\n\n\n<p>Aby <strong>zminimalizowa\u0107 nara\u017cenie na alergeny ple\u015bni w domu<\/strong>, kluczowe jest <strong>utrzymanie odpowiedniej wilgotno\u015bci i sprawna wentylacja<\/strong> takich obszar\u00f3w domu jak piwnica, \u0142azienka i kuchnia, <strong>regularne usuwanie ple\u015bni ze \u015bcian<\/strong> za pomoc\u0105 odpowiednich \u015brodk\u00f3w czyszcz\u0105cych oraz <strong>naprawa wyciek\u00f3w czy uszkodze\u0144 instalacji sanitarnych<\/strong>, kt\u00f3re mog\u0105 prowadzi\u0107 do zawilgocenia pomieszcze\u0144.<\/p>\n\n\n\n<p>W przypadku <strong>uczulenia na g\u0142\u00f3wny alergen grzyb\u00f3w ple\u015bniowych z gatunku <em>Alternaria alternata<\/em> (Alt a 1) <\/strong>lekarz mo\u017ce zasugerowa\u0107 zastosowanie <strong>immunoterapii swoistej<\/strong> w celu z\u0142agodzenia lub ca\u0142kowitego wyeliminowaniu objaw\u00f3w alergii.<\/p>\n\n\n\n<h2 class=\"wp-block-heading\" id=\"a4\">Sk\u0105d mam wiedzie\u0107, jaki alergen domowy mnie uczula?<\/h2>\n\n\n\n<p>W diagnostyce uczulenia na alergeny wewn\u0105trzdomowe stosuje si\u0119 zazwyczaj <strong>testy sk\u00f3rne oraz<a href=\"https:\/\/www.alab.pl\/centrum-wiedzy\/testy-alergiczne-z-krwi\/\"> testy IgE z krwi<\/a> dla odpowiednich ekstrakt\u00f3w alergenowych<\/strong>, a w dalszym kroku<strong> testy IgE dla poszczeg\u00f3lnych moleku\u0142 alergenowych<\/strong>, w celu identyfikacji alergen\u00f3w przyczynowych. Wiedza ta pomaga to w \u015bwiadomym obni\u017caniu ekspozycji na alergeny, uzyskaniu lepszej kontroli nad objawami alergii oraz wdro\u017ceniu spersonalizowanego leczenia przez lekarza.&nbsp;<\/p>\n\n\n\n<p>W przypadku bada\u0144 z krwi w sieci laboratori\u00f3w ALAB jest dost\u0119pny <strong>pakiet diagnostyczny skomponowany w oparciu o alergeny wewn\u0105trz domowe, kt\u00f3re najcz\u0119\u015bciej s\u0105 przyczyn\u0105 reakcji alergicznej<\/strong>. Wszystkie testy uwzgl\u0119dnione w pakiecie s\u0105 wykonywane metod\u0105 ImmunoCAP, kt\u00f3ra uznawana jest za &#8222;z\u0142oty standard&#8221; w <a href=\"https:\/\/www.alab.pl\/centrum-wiedzy\/molekularna-diagnostyka-alergii-pytania-i-odpowiedzi\/\">diagnostyce molekularnej alergii<\/a>.<\/p>\n\n\n\n<figure class=\"wp-block-image size-full\"><a href=\"https:\/\/www.alab.pl\/pakiet\/alergia-wewnatrzdomowa\" target=\"_blank\" rel=\"noreferrer noopener\"><img loading=\"lazy\" decoding=\"async\" width=\"800\" height=\"200\" src=\"https:\/\/www.alab.pl\/centrum-wiedzy\/wp-content\/uploads\/2023\/11\/Pakiet-alergia-wewnatrzdomowa-8-alergenow-jpg.webp\" alt=\"pakiet alergia wewn\u0105trzdomowa baner\" class=\"wp-image-10194\" srcset=\"https:\/\/www.alab.pl\/centrum-wiedzy\/wp-content\/uploads\/2023\/11\/Pakiet-alergia-wewnatrzdomowa-8-alergenow-jpg.webp 800w, https:\/\/www.alab.pl\/centrum-wiedzy\/wp-content\/uploads\/2023\/11\/Pakiet-alergia-wewnatrzdomowa-8-alergenow-jpg-768x192.webp 768w, https:\/\/www.alab.pl\/centrum-wiedzy\/wp-content\/uploads\/2023\/11\/Pakiet-alergia-wewnatrzdomowa-8-alergenow-jpg-150x38.webp 150w, https:\/\/www.alab.pl\/centrum-wiedzy\/wp-content\/uploads\/2023\/11\/Pakiet-alergia-wewnatrzdomowa-8-alergenow-jpg-300x75.webp 300w, https:\/\/www.alab.pl\/centrum-wiedzy\/wp-content\/uploads\/2023\/11\/Pakiet-alergia-wewnatrzdomowa-8-alergenow-jpg-696x174.webp 696w\" sizes=\"auto, (max-width: 800px) 100vw, 800px\" \/><\/a><\/figure>\n\n\n\n<p><strong>Pami\u0119taj, aby otrzymane wyniki test\u00f3w skonsultowa\u0107 z lekarzem alergologiem, kt\u00f3ry zinterpretuje je w oparciu o histori\u0119 choroby i wyda odpowiednie zalecenia!<\/strong><\/p>\n\n\n\n<hr class=\"wp-block-separator has-alpha-channel-opacity\"\/>\n\n\n\n<p>Pi\u015bmiennictwo<\/p>\n\n\n\n<ol class=\"wp-block-list\">\n<li>Pomes A, Chapman M, Wunschmann S. Indoor Allergens and Allergic Respiratory Disease. Curr Allergy Asthma Rep. 2016 Jun; 16(6): 43. doi: 10.1007\/s11882-016-0622-9<\/li>\n\n\n\n<li>Maciag M, Phipatanakul W. Update on indoor allergens and their impact on pediatric asthma. Annals of Allergy, Asthma &amp; Immunology 2022, Volume 128, Issue 6, Pages 652-658<\/li>\n\n\n\n<li>Jacob B i in. Indoor exposure to molds and allergic sensitization. Environ Health Perspect. 2002; 110(7): 647\u2013653. doi: 10.1289\/ehp.02110647<\/li>\n\n\n\n<li>Caillaud D, Leynaert B, Keirsbulck M, Nadif R. Indoor mould exposure, asthma and rhinitis: findings from systematic reviews and recent longitudinal studies. European Respiratory Review 2018; 27:170137; DOI: 10.1183\/16000617.0137-2017<\/li>\n\n\n\n<li>Satyaraj E, Wedner HJ, Bousquet J. Keep the cat, change the care pathway: A transformational approach to managing Fel d 1, the major cat allergen. Allergy. 2019 Oct;74 Suppl 107(Suppl 107):5-17. doi: 10.1111\/all.14013.<\/li>\n\n\n\n<li>Polovic N, Wad\u00e9n K, Binnmyr J, Hamsten C, Gr\u00f6nneberg R, Palmberg C, Milcic-Matic N, Bergman T, Gr\u00f6nlund H, van Hage M. Dog saliva &#8211; an important source of dog allergens. Allergy. 2013;68(5):585-92. doi: 10.1111\/all.12130. Epub 2013 Mar 7.<\/li>\n\n\n\n<li>Ukleja-Soko\u0142owska N, Bartuzi Z. Nowoczesna diagnostyka alergii na psa i kota. Alergia Astma Immunologia 2016, 21 (2): 81-87.<\/li>\n<\/ol>\n\n\n\n<p><br><\/p>\n","protected":false},"excerpt":{"rendered":"<p>Jakie alergeny obecne w domu najcz\u0119\u015bciej powoduj\u0105 objawy uczulenia? <\/p>\n","protected":false},"author":132,"featured_media":10188,"comment_status":"closed","ping_status":"open","sticky":false,"template":"","format":"standard","meta":{"_acf_changed":false,"inline_featured_image":false,"footnotes":""},"categories":[4],"tags":[],"coauthors":[182],"class_list":{"0":"post-10166","1":"post","2":"type-post","3":"status-publish","4":"format-standard","5":"has-post-thumbnail","7":"category-alergia"},"acf":[],"yoast_head":"<!-- This site is optimized with the Yoast SEO plugin v27.4 - https:\/\/yoast.com\/product\/yoast-seo-wordpress\/ -->\n<title>Ca\u0142oroczne objawy alergii - alergen w domu - ALAB Laboratoria<\/title>\n<meta name=\"description\" content=\"Masz alergi\u0119 przez ca\u0142y rok? Poznaj najcz\u0119\u015bciej uczulaj\u0105ce alergeny domowe oraz skuteczne metody diagnostyki czynnik\u00f3w uczulaj\u0105cych.\" \/>\n<meta name=\"robots\" content=\"index, follow, max-snippet:-1, max-image-preview:large, max-video-preview:-1\" \/>\n<link rel=\"canonical\" href=\"https:\/\/www.alab.pl\/centrum-wiedzy\/caloroczne-objawy-alergii-przewodnik-po-alergenach-w-twoim-domu\/\" \/>\n<meta property=\"og:locale\" content=\"pl_PL\" \/>\n<meta property=\"og:type\" content=\"article\" \/>\n<meta property=\"og:title\" content=\"Ca\u0142oroczne objawy alergii - alergen w domu - ALAB Laboratoria\" \/>\n<meta property=\"og:description\" content=\"Masz alergi\u0119 przez ca\u0142y rok? Poznaj najcz\u0119\u015bciej uczulaj\u0105ce alergeny domowe oraz skuteczne metody diagnostyki czynnik\u00f3w uczulaj\u0105cych.\" \/>\n<meta property=\"og:url\" content=\"https:\/\/www.alab.pl\/centrum-wiedzy\/caloroczne-objawy-alergii-przewodnik-po-alergenach-w-twoim-domu\/\" \/>\n<meta property=\"og:site_name\" content=\"Centrum Wiedzy ALAB laboratoria\" \/>\n<meta property=\"article:publisher\" content=\"https:\/\/www.facebook.com\/ALABlaboratoria\" \/>\n<meta property=\"article:published_time\" content=\"2023-12-06T07:18:17+00:00\" \/>\n<meta property=\"og:image\" content=\"https:\/\/www.alab.pl\/centrum-wiedzy\/wp-content\/uploads\/2023\/11\/alergia-wewnatrzdomowa-jpg.webp\" \/>\n\t<meta property=\"og:image:width\" content=\"1200\" \/>\n\t<meta property=\"og:image:height\" content=\"801\" \/>\n\t<meta property=\"og:image:type\" content=\"image\/webp\" \/>\n<meta name=\"author\" content=\"Krzysztof W\u00f3jcik\" \/>\n<meta name=\"twitter:card\" content=\"summary_large_image\" \/>\n<meta name=\"twitter:label1\" content=\"Napisane przez\" \/>\n\t<meta name=\"twitter:data1\" content=\"Krzysztof W\u00f3jcik\" \/>\n\t<meta name=\"twitter:label2\" content=\"Szacowany czas czytania\" \/>\n\t<meta name=\"twitter:data2\" content=\"6 minut\" \/>\n\t<meta name=\"twitter:label3\" content=\"Written by\" \/>\n\t<meta name=\"twitter:data3\" content=\"Krzysztof W\u00f3jcik\" \/>\n<!-- \/ Yoast SEO plugin. -->","yoast_head_json":{"title":"Ca\u0142oroczne objawy alergii - alergen w domu - ALAB Laboratoria","description":"Masz alergi\u0119 przez ca\u0142y rok? Poznaj najcz\u0119\u015bciej uczulaj\u0105ce alergeny domowe oraz skuteczne metody diagnostyki czynnik\u00f3w uczulaj\u0105cych.","robots":{"index":"index","follow":"follow","max-snippet":"max-snippet:-1","max-image-preview":"max-image-preview:large","max-video-preview":"max-video-preview:-1"},"canonical":"https:\/\/www.alab.pl\/centrum-wiedzy\/caloroczne-objawy-alergii-przewodnik-po-alergenach-w-twoim-domu\/","og_locale":"pl_PL","og_type":"article","og_title":"Ca\u0142oroczne objawy alergii - alergen w domu - ALAB Laboratoria","og_description":"Masz alergi\u0119 przez ca\u0142y rok? Poznaj najcz\u0119\u015bciej uczulaj\u0105ce alergeny domowe oraz skuteczne metody diagnostyki czynnik\u00f3w uczulaj\u0105cych.","og_url":"https:\/\/www.alab.pl\/centrum-wiedzy\/caloroczne-objawy-alergii-przewodnik-po-alergenach-w-twoim-domu\/","og_site_name":"Centrum Wiedzy ALAB laboratoria","article_publisher":"https:\/\/www.facebook.com\/ALABlaboratoria","article_published_time":"2023-12-06T07:18:17+00:00","og_image":[{"width":1200,"height":801,"url":"https:\/\/www.alab.pl\/centrum-wiedzy\/wp-content\/uploads\/2023\/11\/alergia-wewnatrzdomowa-jpg.webp","type":"image\/webp"}],"author":"Krzysztof W\u00f3jcik","twitter_card":"summary_large_image","twitter_misc":{"Napisane przez":"Krzysztof W\u00f3jcik","Szacowany czas czytania":"6 minut","Written by":"Krzysztof W\u00f3jcik"},"schema":{"@context":"https:\/\/schema.org","@graph":[{"@type":"Article","@id":"https:\/\/www.alab.pl\/centrum-wiedzy\/caloroczne-objawy-alergii-przewodnik-po-alergenach-w-twoim-domu\/#article","isPartOf":{"@id":"https:\/\/www.alab.pl\/centrum-wiedzy\/caloroczne-objawy-alergii-przewodnik-po-alergenach-w-twoim-domu\/"},"author":{"name":"Krzysztof W\u00f3jcik","@id":"https:\/\/www.alab.pl\/centrum-wiedzy\/#\/schema\/person\/f3084cf0940ae69761607b6347912c58"},"headline":"Ca\u0142oroczne objawy alergii\u00a0 &#8211; przewodnik po alergenach w twoim domu","datePublished":"2023-12-06T07:18:17+00:00","mainEntityOfPage":{"@id":"https:\/\/www.alab.pl\/centrum-wiedzy\/caloroczne-objawy-alergii-przewodnik-po-alergenach-w-twoim-domu\/"},"wordCount":970,"publisher":{"@id":"https:\/\/www.alab.pl\/centrum-wiedzy\/#organization"},"image":{"@id":"https:\/\/www.alab.pl\/centrum-wiedzy\/caloroczne-objawy-alergii-przewodnik-po-alergenach-w-twoim-domu\/#primaryimage"},"thumbnailUrl":"https:\/\/www.alab.pl\/centrum-wiedzy\/wp-content\/uploads\/2023\/11\/alergia-wewnatrzdomowa-jpg.webp","articleSection":["Alergia"],"inLanguage":"pl-PL"},{"@type":"WebPage","@id":"https:\/\/www.alab.pl\/centrum-wiedzy\/caloroczne-objawy-alergii-przewodnik-po-alergenach-w-twoim-domu\/","url":"https:\/\/www.alab.pl\/centrum-wiedzy\/caloroczne-objawy-alergii-przewodnik-po-alergenach-w-twoim-domu\/","name":"Ca\u0142oroczne objawy alergii - alergen w domu - ALAB Laboratoria","isPartOf":{"@id":"https:\/\/www.alab.pl\/centrum-wiedzy\/#website"},"primaryImageOfPage":{"@id":"https:\/\/www.alab.pl\/centrum-wiedzy\/caloroczne-objawy-alergii-przewodnik-po-alergenach-w-twoim-domu\/#primaryimage"},"image":{"@id":"https:\/\/www.alab.pl\/centrum-wiedzy\/caloroczne-objawy-alergii-przewodnik-po-alergenach-w-twoim-domu\/#primaryimage"},"thumbnailUrl":"https:\/\/www.alab.pl\/centrum-wiedzy\/wp-content\/uploads\/2023\/11\/alergia-wewnatrzdomowa-jpg.webp","datePublished":"2023-12-06T07:18:17+00:00","description":"Masz alergi\u0119 przez ca\u0142y rok? Poznaj najcz\u0119\u015bciej uczulaj\u0105ce alergeny domowe oraz skuteczne metody diagnostyki czynnik\u00f3w uczulaj\u0105cych.","breadcrumb":{"@id":"https:\/\/www.alab.pl\/centrum-wiedzy\/caloroczne-objawy-alergii-przewodnik-po-alergenach-w-twoim-domu\/#breadcrumb"},"inLanguage":"pl-PL","potentialAction":[{"@type":"ReadAction","target":["https:\/\/www.alab.pl\/centrum-wiedzy\/caloroczne-objawy-alergii-przewodnik-po-alergenach-w-twoim-domu\/"]}]},{"@type":"ImageObject","inLanguage":"pl-PL","@id":"https:\/\/www.alab.pl\/centrum-wiedzy\/caloroczne-objawy-alergii-przewodnik-po-alergenach-w-twoim-domu\/#primaryimage","url":"https:\/\/www.alab.pl\/centrum-wiedzy\/wp-content\/uploads\/2023\/11\/alergia-wewnatrzdomowa-jpg.webp","contentUrl":"https:\/\/www.alab.pl\/centrum-wiedzy\/wp-content\/uploads\/2023\/11\/alergia-wewnatrzdomowa-jpg.webp","width":1200,"height":801,"caption":"alergia wewn\u0105trzdomowa"},{"@type":"BreadcrumbList","@id":"https:\/\/www.alab.pl\/centrum-wiedzy\/caloroczne-objawy-alergii-przewodnik-po-alergenach-w-twoim-domu\/#breadcrumb","itemListElement":[{"@type":"ListItem","position":1,"name":"Strona g\u0142\u00f3wna","item":"https:\/\/www.alab.pl\/centrum-wiedzy\/"},{"@type":"ListItem","position":2,"name":"Ca\u0142oroczne objawy alergii\u00a0 &#8211; przewodnik po alergenach w twoim domu"}]},{"@type":"WebSite","@id":"https:\/\/www.alab.pl\/centrum-wiedzy\/#website","url":"https:\/\/www.alab.pl\/centrum-wiedzy\/","name":"Centrum Wiedzy ALAB laboratoria","description":"","publisher":{"@id":"https:\/\/www.alab.pl\/centrum-wiedzy\/#organization"},"potentialAction":[{"@type":"SearchAction","target":{"@type":"EntryPoint","urlTemplate":"https:\/\/www.alab.pl\/centrum-wiedzy\/?s={search_term_string}"},"query-input":{"@type":"PropertyValueSpecification","valueRequired":true,"valueName":"search_term_string"}}],"inLanguage":"pl-PL"},{"@type":"Organization","@id":"https:\/\/www.alab.pl\/centrum-wiedzy\/#organization","name":"Centrum Wiedzy ALAB laboratoria","url":"https:\/\/www.alab.pl\/centrum-wiedzy\/","logo":{"@type":"ImageObject","inLanguage":"pl-PL","@id":"https:\/\/www.alab.pl\/centrum-wiedzy\/#\/schema\/logo\/image\/","url":"https:\/\/www.alab.pl\/centrum-wiedzy\/wp-content\/uploads\/2022\/04\/alabek.jpg","contentUrl":"https:\/\/www.alab.pl\/centrum-wiedzy\/wp-content\/uploads\/2022\/04\/alabek.jpg","width":1250,"height":1251,"caption":"Centrum Wiedzy ALAB laboratoria"},"image":{"@id":"https:\/\/www.alab.pl\/centrum-wiedzy\/#\/schema\/logo\/image\/"},"sameAs":["https:\/\/www.facebook.com\/ALABlaboratoria"]},{"@type":"Person","@id":"https:\/\/www.alab.pl\/centrum-wiedzy\/#\/schema\/person\/f3084cf0940ae69761607b6347912c58","name":"Krzysztof W\u00f3jcik","image":{"@type":"ImageObject","inLanguage":"pl-PL","@id":"https:\/\/www.alab.pl\/centrum-wiedzy\/wp-content\/uploads\/2023\/06\/Krzysztof-Wojcik-jpg-150x150.webp5814ec2a1db80e9b76a4aedaaa1fb3d9","url":"https:\/\/www.alab.pl\/centrum-wiedzy\/wp-content\/uploads\/2023\/06\/Krzysztof-Wojcik-jpg-150x150.webp","contentUrl":"https:\/\/www.alab.pl\/centrum-wiedzy\/wp-content\/uploads\/2023\/06\/Krzysztof-Wojcik-jpg-150x150.webp","caption":"Krzysztof W\u00f3jcik"},"description":"Mgr biotechnologii medycznej, Specjalista ds. alergii w HVD Life Sciences, Absolwent Uniwersytetu Marii Curie-Sk\u0142odowskiej w Lublinie.","url":"https:\/\/www.alab.pl\/centrum-wiedzy\/author\/krzysztof-wojcik\/"}]}},"_links":{"self":[{"href":"https:\/\/www.alab.pl\/centrum-wiedzy\/wp-json\/wp\/v2\/posts\/10166","targetHints":{"allow":["GET"]}}],"collection":[{"href":"https:\/\/www.alab.pl\/centrum-wiedzy\/wp-json\/wp\/v2\/posts"}],"about":[{"href":"https:\/\/www.alab.pl\/centrum-wiedzy\/wp-json\/wp\/v2\/types\/post"}],"author":[{"embeddable":true,"href":"https:\/\/www.alab.pl\/centrum-wiedzy\/wp-json\/wp\/v2\/users\/132"}],"replies":[{"embeddable":true,"href":"https:\/\/www.alab.pl\/centrum-wiedzy\/wp-json\/wp\/v2\/comments?post=10166"}],"version-history":[{"count":0,"href":"https:\/\/www.alab.pl\/centrum-wiedzy\/wp-json\/wp\/v2\/posts\/10166\/revisions"}],"wp:featuredmedia":[{"embeddable":true,"href":"https:\/\/www.alab.pl\/centrum-wiedzy\/wp-json\/wp\/v2\/media\/10188"}],"wp:attachment":[{"href":"https:\/\/www.alab.pl\/centrum-wiedzy\/wp-json\/wp\/v2\/media?parent=10166"}],"wp:term":[{"taxonomy":"category","embeddable":true,"href":"https:\/\/www.alab.pl\/centrum-wiedzy\/wp-json\/wp\/v2\/categories?post=10166"},{"taxonomy":"post_tag","embeddable":true,"href":"https:\/\/www.alab.pl\/centrum-wiedzy\/wp-json\/wp\/v2\/tags?post=10166"},{"taxonomy":"author","embeddable":true,"href":"https:\/\/www.alab.pl\/centrum-wiedzy\/wp-json\/wp\/v2\/coauthors?post=10166"}],"curies":[{"name":"wp","href":"https:\/\/api.w.org\/{rel}","templated":true}]}}