{"id":10301,"date":"2023-12-11T08:02:02","date_gmt":"2023-12-11T07:02:02","guid":{"rendered":"https:\/\/sklep.alablaboratoria.pl\/centrum-wiedzy\/?p=10301"},"modified":"2025-02-06T13:03:02","modified_gmt":"2025-02-06T12:03:02","slug":"polpasiec-i-mozliwosci-zapobiegania-tej-chorobie","status":"publish","type":"post","link":"https:\/\/www.alab.pl\/centrum-wiedzy\/polpasiec-i-mozliwosci-zapobiegania-tej-chorobie\/","title":{"rendered":"P\u00f3\u0142pasiec i mo\u017cliwo\u015bci zapobiegania tej chorobie"},"content":{"rendered":"\n<p><strong><a href=\"https:\/\/www.alab.pl\/centrum-wiedzy\/polpasiec\/\">P\u00f3\u0142pasiec<\/a> (\u0142ac. <em>herpes zoster<\/em>)<\/strong> jest nast\u0119pstwem reaktywacji utajonego zaka\u017cenia wirusem <a href=\"https:\/\/www.alab.pl\/centrum-wiedzy\/ospa-wietrzna\/\">ospy wietrznej<\/a> i p\u00f3\u0142pa\u015bca (ang. <em>varicella zoster virus<\/em>, VZV, obecnie okre\u015blany jako Human Herpesvirus-3 \u2013 HHV-3), jest to ten sam wirus, kt\u00f3ry przy pierwszym zaka\u017ceniu wywo\u0142uje osp\u0119 wietrzn\u0105. VZV po przebytym zaka\u017ceniu osp\u0105 wietrzn\u0105 oczekuje na reaktywacj\u0119 w postaci latentnej w zwojach czuciowych, najcz\u0119\u015bciej Th3-L3 i lub w zwojach nerw\u00f3w czaszkowych. Choroba mo\u017ce zatem wyst\u0105pi\u0107 u wszystkich os\u00f3b, kt\u00f3re przeby\u0142y w przesz\u0142o\u015bci osp\u0119 wietrzn\u0105, niezale\u017cnie od tego, czy przebieg ospy wietrznej by\u0142 \u0142agodny, czy ci\u0119\u017cki. <\/p>\n\n\n\n<p>Do reaktywacji dochodzi zwykle kilkadziesi\u0105t lat po pierwotnym zaka\u017ceniu lub w przypadku nawet przej\u015bciowego za\u0142amania odporno\u015bci, niezale\u017cnie od przyczyny. P\u00f3\u0142pasiec charakteryzuje si\u0119 <strong>wysypk\u0105 p\u0119cherzykow\u0105 wyst\u0119puj\u0105c\u0105 po jednej stronie<\/strong> &#8211; najcz\u0119\u015bciej zlokalizowan\u0105 wzd\u0142u\u017c nerw\u00f3w mi\u0119dzy\u017cebrowych, czyli po jednej stronie tu\u0142owia \u2013 st\u0105d pochodzi nazwa choroby &#8222;p\u00f3\u0142-pasiec&#8221;.<\/p>\n\n\n\n<p>Zmianom sk\u00f3rnym niemal zawsze towarzyszy <strong>b\u00f3l &#8211; silny, jednostronny<\/strong> (szczeg\u00f3lnie u os\u00f3b starszych).<\/p>\n\n\n\n<p>Przed wyst\u0105pieniem zmian sk\u00f3rnych mog\u0105 si\u0119 pojawi\u0107<strong> objawy zwiastunowe<\/strong>, takie jak b\u00f3l w obr\u0119bie jednego dermatomu (czyli obszaru, na kt\u00f3rym potem pojawi\u0105 si\u0119 zmiany sk\u00f3rne) \u2013 ci\u0105g\u0142y lub przerywany, cz\u0119sty lub sporadyczny, piek\u0105cy, k\u0142uj\u0105cy, pulsuj\u0105cy, czasem wyzwalany g\u0142\u00f3wnie przez dotyk. Nieprzyjemne doznania w tej okolicy mog\u0105 mie\u0107 te\u017c posta\u0107 \u015bwi\u0105du sk\u00f3ry lub uczucia mrowienia i innych parestezji (nieprzyjemnych wra\u017ce\u0144, takich jak pieczenie, dr\u0119twienie, k\u0142ucie). <strong>B\u00f3l i parestezje wyst\u0119puj\u0105 w dzie\u0144 i w nocy i pojawiaj\u0105 si\u0119 zwykle 3\u20134 dni przed wykwitami sk\u00f3rnymi. <\/strong>Czasem utrzymuj\u0105 si\u0119 ponad tydzie\u0144 po ust\u0105pieniu zmian sk\u00f3rnych. Mo\u017ce r\u00f3wnie\u017c wyst\u0105pi\u0107 <strong>stan podgor\u0105czkowy lub gor\u0105czka<\/strong>, gorsze samopoczucie, b\u00f3l g\u0142owy podobnie jak w infekcjach wirusowych.<\/p>\n\n\n\n<p><strong>Ponad 90% ludzi doros\u0142ych ma w sobie latentnego wirusa ospy wietrznej i jest zagro\u017conych p\u00f3\u0142pa\u015bcem. <\/strong>Najcz\u0119\u015bciej wyst\u0119puje on u os\u00f3b, kt\u00f3re uko\u0144czy\u0142y 50 lat &#8211; ze wzgl\u0119du na fizjologiczny proces starzenia si\u0119 uk\u0142adu odporno\u015bciowego, ale mo\u017ce te\u017c pojawi\u0107 si\u0119 w ka\u017cdym wieku, gdy odporno\u015b\u0107 kom\u00f3rkowa ulegnie obni\u017ceniu w wyniku choroby lub przebytej terapii (np. przyjmowania lek\u00f3w immunosupresyjnych).<\/p>\n\n\n\n<p><strong>Poniewa\u017c w\u0142a\u015bciwie ca\u0142a populacja polska po 40. roku \u017cycia przeby\u0142a osp\u0119 wietrzn\u0105, w praktyce wszystkie osoby starsze s\u0105 nara\u017cone na ryzyko p\u00f3\u0142pa\u015bca.<\/strong><\/p>\n\n\n\n<figure class=\"wp-block-image size-full\"><a href=\"https:\/\/www.alab.pl\/badanie\/varicella-zoster-pc-igg-w-surowicy-ospa-i-polpasiec-v68\" target=\"_blank\" rel=\" noreferrer noopener\"><img loading=\"lazy\" decoding=\"async\" width=\"800\" height=\"200\" src=\"https:\/\/www.alab.pl\/centrum-wiedzy\/wp-content\/uploads\/2025\/02\/Badanie-ospa-wietrzna-i-polpasiec-badanie-przeciwcial-IgG.jpg\" alt=\"Badanie ospa wietrzna i po\u0301\u0142pasiec - badanie przeciwcia\u0142 IgG banerek\" class=\"wp-image-21104\" srcset=\"https:\/\/www.alab.pl\/centrum-wiedzy\/wp-content\/uploads\/2025\/02\/Badanie-ospa-wietrzna-i-polpasiec-badanie-przeciwcial-IgG.jpg 800w, https:\/\/www.alab.pl\/centrum-wiedzy\/wp-content\/uploads\/2025\/02\/Badanie-ospa-wietrzna-i-polpasiec-badanie-przeciwcial-IgG-768x192.jpg 768w, https:\/\/www.alab.pl\/centrum-wiedzy\/wp-content\/uploads\/2025\/02\/Badanie-ospa-wietrzna-i-polpasiec-badanie-przeciwcial-IgG-150x38.jpg 150w, https:\/\/www.alab.pl\/centrum-wiedzy\/wp-content\/uploads\/2025\/02\/Badanie-ospa-wietrzna-i-polpasiec-badanie-przeciwcial-IgG-300x75.jpg 300w, https:\/\/www.alab.pl\/centrum-wiedzy\/wp-content\/uploads\/2025\/02\/Badanie-ospa-wietrzna-i-polpasiec-badanie-przeciwcial-IgG-696x174.jpg 696w\" sizes=\"auto, (max-width: 800px) 100vw, 800px\" \/><\/a><\/figure>\n\n\n\n<figure class=\"wp-block-image size-full\"><a href=\"https:\/\/www.alab.pl\/badanie\/varicella-zoster-pc-igm-w-surowicy-ospa-i-polpasiec-v69\" target=\"_blank\" rel=\" noreferrer noopener\"><img loading=\"lazy\" decoding=\"async\" width=\"800\" height=\"200\" src=\"https:\/\/www.alab.pl\/centrum-wiedzy\/wp-content\/uploads\/2025\/02\/Badanie-ospa-wietrzna-i-polpasiec-\u2013-badanie-przeciwcial-IgM.jpg\" alt=\"Badanie ospa wietrzna i po\u0301\u0142pasiec \u2013 badanie przeciwcia\u0142 IgM banerek\" class=\"wp-image-21229\" srcset=\"https:\/\/www.alab.pl\/centrum-wiedzy\/wp-content\/uploads\/2025\/02\/Badanie-ospa-wietrzna-i-polpasiec-\u2013-badanie-przeciwcial-IgM.jpg 800w, https:\/\/www.alab.pl\/centrum-wiedzy\/wp-content\/uploads\/2025\/02\/Badanie-ospa-wietrzna-i-polpasiec-\u2013-badanie-przeciwcial-IgM-768x192.jpg 768w, https:\/\/www.alab.pl\/centrum-wiedzy\/wp-content\/uploads\/2025\/02\/Badanie-ospa-wietrzna-i-polpasiec-\u2013-badanie-przeciwcial-IgM-150x38.jpg 150w, https:\/\/www.alab.pl\/centrum-wiedzy\/wp-content\/uploads\/2025\/02\/Badanie-ospa-wietrzna-i-polpasiec-\u2013-badanie-przeciwcial-IgM-300x75.jpg 300w, https:\/\/www.alab.pl\/centrum-wiedzy\/wp-content\/uploads\/2025\/02\/Badanie-ospa-wietrzna-i-polpasiec-\u2013-badanie-przeciwcial-IgM-696x174.jpg 696w\" sizes=\"auto, (max-width: 800px) 100vw, 800px\" \/><\/a><\/figure>\n\n\n\n<h2 class=\"wp-block-heading\">P\u00f3\u0142pasiec &#8211; czynniki ryzyka zachorowania<\/h2>\n\n\n\n<p><strong>Czynniki ryzyka rozwoju p\u00f3\u0142pa\u015bca:<\/strong><\/p>\n\n\n\n<ul class=\"wp-block-list\">\n<li>wiek ponad 65 lat, zw\u0142aszcza osoby w 8. i 9. dekadzie \u017cycia,<\/li>\n\n\n\n<li>nowotwory z\u0142o\u015bliwe,<\/li>\n\n\n\n<li>leczenie immunosupresyjne (glikokortykosteroidy, leki podawane po przeszczepieniu narz\u0105d\u00f3w),<\/li>\n\n\n\n<li>leczenie statynami,<\/li>\n\n\n\n<li><a href=\"https:\/\/www.alab.pl\/centrum-wiedzy\/cukrzyca\/\">cukrzyca<\/a>,<\/li>\n\n\n\n<li><a href=\"https:\/\/www.alab.pl\/centrum-wiedzy\/hiv-wczesna-diagnoza-i-podjecie-leczenia-daje-szanse-na-normalne-zycie\/\">zaka\u017cenia HIV<\/a> i inne przyczyny znacznego upo\u015bledzenia odporno\u015bci kom\u00f3rkowej.<\/li>\n<\/ul>\n\n\n\n<p><strong>Mo\u017cliwe postacie kliniczne p\u00f3\u0142pa\u015bca:<\/strong><\/p>\n\n\n\n<ul class=\"wp-block-list\">\n<li>p\u00f3\u0142pasiec oczny,<\/li>\n\n\n\n<li>p\u00f3\u0142pasiec uszny,<\/li>\n\n\n\n<li>p\u00f3\u0142pasiec krwotoczny (przebiegaj\u0105cy z wylewami do sk\u00f3ry),<\/li>\n\n\n\n<li>p\u00f3\u0142pasiec zgorzelinowy( dochodzi do rozpadu zmian sk\u00f3rnych z pozostawieniem zgorzelinowych owrzodze\u0144),<\/li>\n\n\n\n<li>p\u00f3\u0142pasiec rozsiany (uog\u00f3lniony).<\/li>\n<\/ul>\n\n\n\n<p><strong>Oko\u0142o 10-25% przypadk\u00f3w p\u00f3\u0142pa\u015bca zajmuje ga\u0142\u0105\u017a oczn\u0105 nerwu tr\u00f3jdzielnego &#8211; p\u00f3\u0142pasiec oczny. Mo\u017ce on stanowi\u0107 przyczyn\u0119 wielu powik\u0142a\u0144 w obr\u0119bie oka.<\/strong><\/p>\n\n\n\n<p>P\u00f3\u0142pasiec mo\u017ce r\u00f3wnie\u017c powodowa\u0107 r\u00f3\u017cnorodne powik\u0142ania neurologiczne, gdy zaka\u017cenie rozprzestrzeni si\u0119 do OUN:<\/p>\n\n\n\n<ul class=\"wp-block-list\">\n<li>zapalenie m\u00f3zgu,<\/li>\n\n\n\n<li>p\u00f3\u0142pasiec uszny \u2013 zesp\u00f3\u0142 Ramsaya-Hunta,<\/li>\n\n\n\n<li>pora\u017cenie Bella,<\/li>\n\n\n\n<li>zesp\u00f3\u0142 Elsberga (radikulopatia krzy\u017cowa zwi\u0105zana z aseptycznym zapaleniem opon m\u00f3zgowych),<\/li>\n\n\n\n<li>zawa\u0142 m\u00f3zgu zwi\u0105zany z ziarniakowym zapaleniem naczy\u0144,<\/li>\n\n\n\n<li>aseptyczne zapalenie opon m\u00f3zgowo-rdzeniowych,<\/li>\n\n\n\n<li>zapalenie rdzenia,<\/li>\n\n\n\n<li>zesp\u00f3\u0142 Guillaina-Barrego.<\/li>\n<\/ul>\n\n\n\n<figure class=\"wp-block-image size-full\"><a href=\"https:\/\/www.alab.pl\/badanie\/wirus-varicella-zoster-met-pcr\" target=\"_blank\" rel=\" noreferrer noopener\"><img loading=\"lazy\" decoding=\"async\" width=\"800\" height=\"200\" src=\"https:\/\/www.alab.pl\/centrum-wiedzy\/wp-content\/uploads\/2025\/02\/Ospa-wietrzna-i-polpasiec-\u2013-wykrywanie-DNA-wirusa-VZV-met.-PCR.jpg\" alt=\"Ospa wietrzna i po\u0301\u0142pasiec \u2013 wykrywanie DNA wirusa VZV (met. PCR) banerek\" class=\"wp-image-21230\" srcset=\"https:\/\/www.alab.pl\/centrum-wiedzy\/wp-content\/uploads\/2025\/02\/Ospa-wietrzna-i-polpasiec-\u2013-wykrywanie-DNA-wirusa-VZV-met.-PCR.jpg 800w, https:\/\/www.alab.pl\/centrum-wiedzy\/wp-content\/uploads\/2025\/02\/Ospa-wietrzna-i-polpasiec-\u2013-wykrywanie-DNA-wirusa-VZV-met.-PCR-768x192.jpg 768w, https:\/\/www.alab.pl\/centrum-wiedzy\/wp-content\/uploads\/2025\/02\/Ospa-wietrzna-i-polpasiec-\u2013-wykrywanie-DNA-wirusa-VZV-met.-PCR-150x38.jpg 150w, https:\/\/www.alab.pl\/centrum-wiedzy\/wp-content\/uploads\/2025\/02\/Ospa-wietrzna-i-polpasiec-\u2013-wykrywanie-DNA-wirusa-VZV-met.-PCR-300x75.jpg 300w, https:\/\/www.alab.pl\/centrum-wiedzy\/wp-content\/uploads\/2025\/02\/Ospa-wietrzna-i-polpasiec-\u2013-wykrywanie-DNA-wirusa-VZV-met.-PCR-696x174.jpg 696w\" sizes=\"auto, (max-width: 800px) 100vw, 800px\" \/><\/a><\/figure>\n\n\n\n<h2 class=\"wp-block-heading\">P\u00f3\u0142pasiec &#8211; mo\u017cliwe powik\u0142ania<\/h2>\n\n\n\n<p>Jednym z najcz\u0119\u015bciej wyst\u0119puj\u0105cych powik\u0142a\u0144 p\u00f3\u0142pa\u015bca i najbardziej dolegliwym jest <strong>neuralgia pop\u00f3\u0142pa\u015bcowa (postherpetic neuralgia, PHN)<\/strong>. Ryzyko rozwoju neuralgii pop\u00f3\u0142pa\u015bcowej (PHN) u pacjent\u00f3w z p\u00f3\u0142pa\u015bcem waha si\u0119 od 5% do ponad 30%. Z tego powodu chorzy na p\u00f3\u0142pasiec w zaawansowanym wieku mog\u0105 wymaga\u0107 przyj\u0119cia do szpitala w celu leczenia neuralgii. Pacjenci cierpi\u0105cy na neuralgi\u0119 odczuwaj\u0105 <strong>silne b\u00f3le <\/strong>przez d\u0142u\u017cszy czas \u2013 do kilkunastu miesi\u0119cy, a nawet kilku lat. B\u00f3l zwi\u0105zany z neuralgi\u0105 pop\u00f3\u0142pa\u015bcow\u0105 mo\u017ce by\u0107 bardzo nasilony i prowadzi\u0107 do znacznego obni\u017cenia jako\u015bci \u017cycia i zaburze\u0144 funkcjonowania. Mo\u017ce towarzyszy\u0107 mu r\u00f3wnie\u017c \u015bwi\u0105d. Chocia\u017c b\u00f3le u wi\u0119kszo\u015bci pacjent\u00f3w zwykle ust\u0119puj\u0105 w ci\u0105gu od kilku tygodni do miesi\u0119cy,&nbsp;u niekt\u00f3rych os\u00f3b&nbsp; mog\u0105 utrzymywa\u0107 si\u0119 przez wiele lat.<\/p>\n\n\n\n<p>P\u00f3\u0142pasiec wi\u0105\u017ce si\u0119 r\u00f3wnie\u017c ze zwi\u0119kszonym ryzykiem <strong>powik\u0142a\u0144 m\u00f3zgowo-naczyniowych<\/strong> (waskulopatia), jest potwierdzonym czynnikiem<strong> podwy\u017cszonego ryzyka udaru<\/strong> szczeg\u00f3lnie nied\u0142ugo po zaka\u017ceniu (w pierwszym miesi\u0105cu po chorobie).<\/p>\n\n\n\n<p><strong>W Stanach Zjednoczonych neuralgia pop\u00f3\u0142pa\u015bcowa (PHN) jest wymieniana jako 5. pod wzgl\u0119dem cz\u0119sto\u015bci przyczyna samob\u00f3jstw w\u015br\u00f3d os\u00f3b w starszym wieku.<\/strong><\/p>\n\n\n\n<p>Im chory jest starszy, tym powik\u0142ania s\u0105 cz\u0119stsze i maj\u0105 ci\u0119\u017cszy przebieg.<\/p>\n\n\n\n<p><strong>Do mo\u017cliwych trwa\u0142ych nast\u0119pstw p\u00f3\u0142pa\u015bca nale\u017c\u0105:<\/strong><\/p>\n\n\n\n<ul class=\"wp-block-list\">\n<li>zaburzenia s\u0142uchu (jednostronny ubytek s\u0142uchu),<\/li>\n\n\n\n<li>pogorszenie ostro\u015bci widzenia lub utrata wzroku zwi\u0105zana z bliznowaceniem rog\u00f3wki,&nbsp;<\/li>\n\n\n\n<li>pora\u017cenia nerw\u00f3w czaszkowych i obwodowych,<\/li>\n\n\n\n<li>powik\u0142ania neurologiczne po zapaleniu m\u00f3zgu,<\/li>\n\n\n\n<li>zgon. <\/li>\n<\/ul>\n\n\n\n<p>W Stanach Zjednoczonych oko\u0142o 100 zgon\u00f3w rocznie przypisuje si\u0119 p\u00f3\u0142pa\u015bcowi jako przyczynie podstawowej. Niemal wszystkie zgony wyst\u0119puj\u0105 w\u015br\u00f3d os\u00f3b w podesz\u0142ym wieku lub z zaburzon\u0105 odporno\u015bci\u0105. Przyjmuj\u0105c dla Polski wska\u017anik \u015bmiertelno\u015bci zbli\u017cony do ameryka\u0144skiego, mo\u017cna oszacowa\u0107 liczb\u0119 zgon\u00f3w w nast\u0119pstwie p\u00f3\u0142pa\u015bca na kilkana\u015bcie rocznie.<\/p>\n\n\n\n<p><strong>Wsp\u00f3\u0142cze\u015bnie mo\u017cemy zapobiega\u0107 p\u00f3\u0142pa\u015bcowi i jego powik\u0142aniom za pomoc\u0105 szczepie\u0144.<\/strong><\/p>\n\n\n\n<h2 class=\"wp-block-heading\">Szczepienie przeciw p\u00f3\u0142pa\u015bcowi<\/h2>\n\n\n\n<p>W Polsce dost\u0119pna jest <strong>szczepionka rekombinowana<\/strong> \u2013 Shingerix.<\/p>\n\n\n\n<p>Jest to rekombinowana szczepionka podjednostkowa zawieraj\u0105ca glikoprotein\u0119 E VZV z adiuwantem AS01B. Glikoproteina E VZV zosta\u0142a wybrana jako antygen szczepionkowy, poniewa\u017c jest niezb\u0119dna do replikacji wirusa i rozprzestrzeniania si\u0119 z kom\u00f3rki do kom\u00f3rki oraz stanowi g\u0142\u00f3wny cel odpowiedzi odporno\u015bciowej przeciwko VZV. Antygen zosta\u0142 po\u0142\u0105czony z adiuwantem, poniewa\u017c system ten silnie promuje limfocyty T CD4<sup>+<\/sup>i humoraln\u0105 odpowied\u017a odporno\u015bciow\u0105 przeciwko rekombinantom bia\u0142ka antygenowego.<\/p>\n\n\n\n<p><strong>Skuteczno\u015b\u0107 tej szczepionki przeciwko p\u00f3\u0142pa\u015bcowi u os\u00f3b w wieku &gt;=50 lat wynosi 91,5%, a u os\u00f3b &gt;=70 lat \u2013 88.8%.<\/strong><\/p>\n\n\n\n<p>Najcz\u0119\u015bciej zg\u0142aszanymi dzianiami niepo\u017c\u0105danymi by\u0142y: b\u00f3l w miejscu wstrzykni\u0119cia, b\u00f3le mi\u0119\u015bni, zm\u0119czenie i b\u00f3l g\u0142owy. Wi\u0119kszo\u015b\u0107 reakcji zar\u00f3wno miejscowych, jak i og\u00f3lnoustrojowych mia\u0142a nasilenie \u0142agodne do umiarkowanego i charakter kr\u00f3tkotrwa\u0142y. Szczepionka mo\u017ce by\u0107 podawana r\u00f3wnie\u017c pacjentom powy\u017cej 18. roku \u017cycia obci\u0105\u017conym zwi\u0119kszonym ryzykiem zachorowania na p\u00f3\u0142pasiec (mi\u0119dzy innymi z immunosupresj\u0105).<\/p>\n\n\n\n<h2 class=\"wp-block-heading\">Podsumowanie<\/h2>\n\n\n\n<p>W praktyce p\u00f3\u0142pasiec jest chorob\u0105 ludzi doros\u0142ych, przy czym <strong>oko\u0142o po\u0142owy wszystkich przypadk\u00f3w p\u00f3\u0142pa\u015bca wyst\u0119puje po 60. roku \u017cycia<\/strong>. Starzenie si\u0119 oraz choroby wi\u0105\u017c\u0105ce si\u0119 z upo\u015bledzeniem odporno\u015bci istotnie zwi\u0119kszaj\u0105 ryzyko p\u00f3\u0142pa\u015bca. <strong>Zazwyczaj dochodzi do rozwoju jednego epizodu p\u00f3\u0142pa\u015bca w \u017cyciu. <\/strong>W rzadkich przypadkach, szczeg\u00f3lnie przy obecno\u015bci czynnik\u00f3w sprzyjaj\u0105cych, p\u00f3\u0142pasiec mo\u017ce wyst\u0105pi\u0107 dwa i wi\u0119cej razy.<\/p>\n\n\n\n<p><strong>Ryzyko p\u00f3\u0142pa\u015bca mo\u017cna ograniczy\u0107 dzi\u0119ki szczepieniu. <\/strong>Dysponujemy skuteczn\u0105 inaktywowan\u0105 (zabit\u0105) szczepionk\u0105 przeciw p\u00f3\u0142pa\u015bcowi, kt\u00f3r\u0105 mo\u017cna podawa\u0107 chorym przewlekle, w tym r\u00f3wnie\u017c z upo\u015bledzon\u0105 odporno\u015bci\u0105.<\/p>\n\n\n\n<p>Szczepienie przeciw p\u00f3\u0142pa\u015bcowi jest elementem zdrowego starzenia si\u0119 i opieki nad pacjentami z chorobami zwi\u0119kszaj\u0105cymi ryzyko jego wyst\u0105pienia (m.in. niedoborem pierwotnym lub wt\u00f3rnym odporno\u015bci kom\u00f3rkowej, z przewlek\u0142ymi chorobami serca, p\u0142uc lub w\u0105troby, cukrzyc\u0105,&nbsp;chorobami autoimmunizacyjnymi).<\/p>\n\n\n\n<p>Polscy eksperci Polskiego Towarzystwa Wakcynologii, Polskiego Towarzystwa Medycyny Rodzinnej, Polskiego Towarzystwa Dermatologicznego, Polskiego Towarzystwa Badania B\u00f3lu i Polskiego Towarzystwa Neurologicznego, zalecaj\u0105 szczepienia przeciwko p\u00f3\u0142pa\u015bcowi <strong>wszystkim osobom &gt;50 lat oraz doros\u0142ym pacjentom z grup ryzyka p\u00f3\u0142pa\u015bca w tym r\u00f3wnie\u017c leczonym immunosupresyjnie<\/strong>.<\/p>\n\n\n\n<hr class=\"wp-block-separator has-alpha-channel-opacity\"\/>\n\n\n\n<p>Pi\u015bmiennictwo:<\/p>\n\n\n\n<ol class=\"wp-block-list\">\n<li>P. Albrecht, P. Gory\u0144ski: Zagro\u017cenie p\u00f3\u0142pa\u015bcem i jego powik\u0142aniami w Polsce wobec mo\u017cliwo\u015bci zapobiegania drog\u0105 szczepie\u0144., Terapia Nr4\/2023<\/li>\n\n\n\n<li>E. Kuchar: Szczepienia doros\u0142ych- priorytety si\u0119 zmieniaj\u0105. Debata specjalist\u00f3w, VIII Og\u00f3lnopolska Konferencja Chor\u00f3b Cywilizacyjnych PACC. Warszwaa 17-18 listopada 2023.<\/li>\n<\/ol>\n\n\n\n<p>&nbsp; &nbsp; &nbsp; &nbsp; &nbsp; &nbsp; &nbsp; &nbsp; &nbsp; &nbsp; &nbsp; &nbsp; &nbsp; &nbsp; &nbsp; &nbsp; &nbsp; &nbsp; &nbsp; &nbsp; &nbsp; &nbsp; &nbsp; &nbsp; &nbsp; &nbsp; &nbsp; &nbsp; &nbsp; &nbsp; &nbsp; &nbsp; &nbsp; &nbsp; &nbsp;<\/p>\n","protected":false},"excerpt":{"rendered":"<p>Komu zagra\u017ca p\u00f3\u0142pasiec i w jaki spos\u00f3b mo\u017cna zminimalizowa\u0107 ryzyko zachorowania?<\/p>\n","protected":false},"author":123,"featured_media":10376,"comment_status":"closed","ping_status":"open","sticky":false,"template":"","format":"standard","meta":{"_acf_changed":false,"inline_featured_image":false,"footnotes":""},"categories":[23],"tags":[],"coauthors":[141],"class_list":{"0":"post-10301","1":"post","2":"type-post","3":"status-publish","4":"format-standard","5":"has-post-thumbnail","7":"category-infekcje-i-pasozyty"},"acf":[],"yoast_head":"<!-- This site is optimized with the Yoast SEO plugin v27.5 - https:\/\/yoast.com\/product\/yoast-seo-wordpress\/ -->\n<title>P\u00f3\u0142pasiec: zapobieganie chorobie - ALAB Laboratoria<\/title>\n<meta name=\"description\" content=\"Dowiedz si\u0119, jak zapobiega\u0107 p\u00f3\u0142pa\u015bcowi i jak skutecznie leczy\u0107 t\u0119 chorob\u0119. Artyku\u0142y eksperckie w Centrum Wiedzy ALAB Laboratoria.\" \/>\n<meta name=\"robots\" content=\"index, follow, max-snippet:-1, max-image-preview:large, max-video-preview:-1\" \/>\n<link rel=\"canonical\" href=\"https:\/\/www.alab.pl\/centrum-wiedzy\/polpasiec-i-mozliwosci-zapobiegania-tej-chorobie\/\" \/>\n<meta property=\"og:locale\" content=\"pl_PL\" \/>\n<meta property=\"og:type\" content=\"article\" \/>\n<meta property=\"og:title\" content=\"P\u00f3\u0142pasiec: zapobieganie chorobie - ALAB Laboratoria\" \/>\n<meta property=\"og:description\" content=\"Dowiedz si\u0119, jak zapobiega\u0107 p\u00f3\u0142pa\u015bcowi i jak skutecznie leczy\u0107 t\u0119 chorob\u0119. Artyku\u0142y eksperckie w Centrum Wiedzy ALAB Laboratoria.\" \/>\n<meta property=\"og:url\" content=\"https:\/\/www.alab.pl\/centrum-wiedzy\/polpasiec-i-mozliwosci-zapobiegania-tej-chorobie\/\" \/>\n<meta property=\"og:site_name\" content=\"Centrum Wiedzy ALAB laboratoria\" \/>\n<meta property=\"article:publisher\" content=\"https:\/\/www.facebook.com\/ALABlaboratoria\" \/>\n<meta property=\"article:published_time\" content=\"2023-12-11T07:02:02+00:00\" \/>\n<meta property=\"article:modified_time\" content=\"2025-02-06T12:03:02+00:00\" \/>\n<meta property=\"og:image\" content=\"https:\/\/www.alab.pl\/centrum-wiedzy\/wp-content\/uploads\/2023\/12\/polpasiec-jpg.webp\" \/>\n\t<meta property=\"og:image:width\" content=\"1200\" \/>\n\t<meta property=\"og:image:height\" content=\"801\" \/>\n\t<meta property=\"og:image:type\" content=\"image\/webp\" \/>\n<meta name=\"author\" content=\"Agnieszka Kobiela-Mednis\" \/>\n<meta name=\"twitter:card\" content=\"summary_large_image\" \/>\n<meta name=\"twitter:label1\" content=\"Napisane przez\" \/>\n\t<meta name=\"twitter:data1\" content=\"Agnieszka Kobiela-Mednis\" \/>\n\t<meta name=\"twitter:label2\" content=\"Szacowany czas czytania\" \/>\n\t<meta name=\"twitter:data2\" content=\"8 minut\" \/>\n\t<meta name=\"twitter:label3\" content=\"Written by\" \/>\n\t<meta name=\"twitter:data3\" content=\"Agnieszka Kobiela-Mednis\" \/>\n<!-- \/ Yoast SEO plugin. -->","yoast_head_json":{"title":"P\u00f3\u0142pasiec: zapobieganie chorobie - ALAB Laboratoria","description":"Dowiedz si\u0119, jak zapobiega\u0107 p\u00f3\u0142pa\u015bcowi i jak skutecznie leczy\u0107 t\u0119 chorob\u0119. Artyku\u0142y eksperckie w Centrum Wiedzy ALAB Laboratoria.","robots":{"index":"index","follow":"follow","max-snippet":"max-snippet:-1","max-image-preview":"max-image-preview:large","max-video-preview":"max-video-preview:-1"},"canonical":"https:\/\/www.alab.pl\/centrum-wiedzy\/polpasiec-i-mozliwosci-zapobiegania-tej-chorobie\/","og_locale":"pl_PL","og_type":"article","og_title":"P\u00f3\u0142pasiec: zapobieganie chorobie - ALAB Laboratoria","og_description":"Dowiedz si\u0119, jak zapobiega\u0107 p\u00f3\u0142pa\u015bcowi i jak skutecznie leczy\u0107 t\u0119 chorob\u0119. Artyku\u0142y eksperckie w Centrum Wiedzy ALAB Laboratoria.","og_url":"https:\/\/www.alab.pl\/centrum-wiedzy\/polpasiec-i-mozliwosci-zapobiegania-tej-chorobie\/","og_site_name":"Centrum Wiedzy ALAB laboratoria","article_publisher":"https:\/\/www.facebook.com\/ALABlaboratoria","article_published_time":"2023-12-11T07:02:02+00:00","article_modified_time":"2025-02-06T12:03:02+00:00","og_image":[{"width":1200,"height":801,"url":"https:\/\/www.alab.pl\/centrum-wiedzy\/wp-content\/uploads\/2023\/12\/polpasiec-jpg.webp","type":"image\/webp"}],"author":"Agnieszka Kobiela-Mednis","twitter_card":"summary_large_image","twitter_misc":{"Napisane przez":"Agnieszka Kobiela-Mednis","Szacowany czas czytania":"8 minut","Written by":"Agnieszka Kobiela-Mednis"},"schema":{"@context":"https:\/\/schema.org","@graph":[{"@type":"Article","@id":"https:\/\/www.alab.pl\/centrum-wiedzy\/polpasiec-i-mozliwosci-zapobiegania-tej-chorobie\/#article","isPartOf":{"@id":"https:\/\/www.alab.pl\/centrum-wiedzy\/polpasiec-i-mozliwosci-zapobiegania-tej-chorobie\/"},"author":{"name":"Agnieszka Kobiela-Mednis","@id":"https:\/\/www.alab.pl\/centrum-wiedzy\/#\/schema\/person\/6d7896bef11aea1ad92cc12ff38b670e"},"headline":"P\u00f3\u0142pasiec i mo\u017cliwo\u015bci zapobiegania tej chorobie","datePublished":"2023-12-11T07:02:02+00:00","dateModified":"2025-02-06T12:03:02+00:00","mainEntityOfPage":{"@id":"https:\/\/www.alab.pl\/centrum-wiedzy\/polpasiec-i-mozliwosci-zapobiegania-tej-chorobie\/"},"wordCount":1454,"publisher":{"@id":"https:\/\/www.alab.pl\/centrum-wiedzy\/#organization"},"image":{"@id":"https:\/\/www.alab.pl\/centrum-wiedzy\/polpasiec-i-mozliwosci-zapobiegania-tej-chorobie\/#primaryimage"},"thumbnailUrl":"https:\/\/www.alab.pl\/centrum-wiedzy\/wp-content\/uploads\/2023\/12\/polpasiec-jpg.webp","articleSection":["Infekcje i paso\u017cyty"],"inLanguage":"pl-PL"},{"@type":"WebPage","@id":"https:\/\/www.alab.pl\/centrum-wiedzy\/polpasiec-i-mozliwosci-zapobiegania-tej-chorobie\/","url":"https:\/\/www.alab.pl\/centrum-wiedzy\/polpasiec-i-mozliwosci-zapobiegania-tej-chorobie\/","name":"P\u00f3\u0142pasiec: zapobieganie chorobie - ALAB Laboratoria","isPartOf":{"@id":"https:\/\/www.alab.pl\/centrum-wiedzy\/#website"},"primaryImageOfPage":{"@id":"https:\/\/www.alab.pl\/centrum-wiedzy\/polpasiec-i-mozliwosci-zapobiegania-tej-chorobie\/#primaryimage"},"image":{"@id":"https:\/\/www.alab.pl\/centrum-wiedzy\/polpasiec-i-mozliwosci-zapobiegania-tej-chorobie\/#primaryimage"},"thumbnailUrl":"https:\/\/www.alab.pl\/centrum-wiedzy\/wp-content\/uploads\/2023\/12\/polpasiec-jpg.webp","datePublished":"2023-12-11T07:02:02+00:00","dateModified":"2025-02-06T12:03:02+00:00","description":"Dowiedz si\u0119, jak zapobiega\u0107 p\u00f3\u0142pa\u015bcowi i jak skutecznie leczy\u0107 t\u0119 chorob\u0119. Artyku\u0142y eksperckie w Centrum Wiedzy ALAB Laboratoria.","breadcrumb":{"@id":"https:\/\/www.alab.pl\/centrum-wiedzy\/polpasiec-i-mozliwosci-zapobiegania-tej-chorobie\/#breadcrumb"},"inLanguage":"pl-PL","potentialAction":[{"@type":"ReadAction","target":["https:\/\/www.alab.pl\/centrum-wiedzy\/polpasiec-i-mozliwosci-zapobiegania-tej-chorobie\/"]}]},{"@type":"ImageObject","inLanguage":"pl-PL","@id":"https:\/\/www.alab.pl\/centrum-wiedzy\/polpasiec-i-mozliwosci-zapobiegania-tej-chorobie\/#primaryimage","url":"https:\/\/www.alab.pl\/centrum-wiedzy\/wp-content\/uploads\/2023\/12\/polpasiec-jpg.webp","contentUrl":"https:\/\/www.alab.pl\/centrum-wiedzy\/wp-content\/uploads\/2023\/12\/polpasiec-jpg.webp","width":1200,"height":801,"caption":"p\u00f3\u0142pasiec zapobieganie"},{"@type":"BreadcrumbList","@id":"https:\/\/www.alab.pl\/centrum-wiedzy\/polpasiec-i-mozliwosci-zapobiegania-tej-chorobie\/#breadcrumb","itemListElement":[{"@type":"ListItem","position":1,"name":"Strona g\u0142\u00f3wna","item":"https:\/\/www.alab.pl\/centrum-wiedzy\/"},{"@type":"ListItem","position":2,"name":"P\u00f3\u0142pasiec i mo\u017cliwo\u015bci zapobiegania tej chorobie"}]},{"@type":"WebSite","@id":"https:\/\/www.alab.pl\/centrum-wiedzy\/#website","url":"https:\/\/www.alab.pl\/centrum-wiedzy\/","name":"Centrum Wiedzy ALAB laboratoria","description":"","publisher":{"@id":"https:\/\/www.alab.pl\/centrum-wiedzy\/#organization"},"potentialAction":[{"@type":"SearchAction","target":{"@type":"EntryPoint","urlTemplate":"https:\/\/www.alab.pl\/centrum-wiedzy\/?s={search_term_string}"},"query-input":{"@type":"PropertyValueSpecification","valueRequired":true,"valueName":"search_term_string"}}],"inLanguage":"pl-PL"},{"@type":"Organization","@id":"https:\/\/www.alab.pl\/centrum-wiedzy\/#organization","name":"Centrum Wiedzy ALAB laboratoria","url":"https:\/\/www.alab.pl\/centrum-wiedzy\/","logo":{"@type":"ImageObject","inLanguage":"pl-PL","@id":"https:\/\/www.alab.pl\/centrum-wiedzy\/#\/schema\/logo\/image\/","url":"https:\/\/www.alab.pl\/centrum-wiedzy\/wp-content\/uploads\/2022\/04\/alabek.jpg","contentUrl":"https:\/\/www.alab.pl\/centrum-wiedzy\/wp-content\/uploads\/2022\/04\/alabek.jpg","width":1250,"height":1251,"caption":"Centrum Wiedzy ALAB laboratoria"},"image":{"@id":"https:\/\/www.alab.pl\/centrum-wiedzy\/#\/schema\/logo\/image\/"},"sameAs":["https:\/\/www.facebook.com\/ALABlaboratoria"]},{"@type":"Person","@id":"https:\/\/www.alab.pl\/centrum-wiedzy\/#\/schema\/person\/6d7896bef11aea1ad92cc12ff38b670e","name":"Agnieszka Kobiela-Mednis","image":{"@type":"ImageObject","inLanguage":"pl-PL","@id":"https:\/\/www.alab.pl\/centrum-wiedzy\/wp-content\/uploads\/2022\/03\/woman-150x150.png510376ddb3c99b233fa30c560b9695e9","url":"https:\/\/www.alab.pl\/centrum-wiedzy\/wp-content\/uploads\/2022\/03\/woman-150x150.png","contentUrl":"https:\/\/www.alab.pl\/centrum-wiedzy\/wp-content\/uploads\/2022\/03\/woman-150x150.png","caption":"Agnieszka Kobiela-Mednis"},"description":"Farmaceuta, diagnosta laboratoryjny z II st. specjalizacji z analityki klinicznej. Absolwentka Wydzia\u0142u Farmaceutycznego w Akademii Medycznej w Warszawie.","url":"https:\/\/www.alab.pl\/centrum-wiedzy\/author\/agnieszka-kobiela-mednis\/"}]}},"_links":{"self":[{"href":"https:\/\/www.alab.pl\/centrum-wiedzy\/wp-json\/wp\/v2\/posts\/10301","targetHints":{"allow":["GET"]}}],"collection":[{"href":"https:\/\/www.alab.pl\/centrum-wiedzy\/wp-json\/wp\/v2\/posts"}],"about":[{"href":"https:\/\/www.alab.pl\/centrum-wiedzy\/wp-json\/wp\/v2\/types\/post"}],"author":[{"embeddable":true,"href":"https:\/\/www.alab.pl\/centrum-wiedzy\/wp-json\/wp\/v2\/users\/123"}],"replies":[{"embeddable":true,"href":"https:\/\/www.alab.pl\/centrum-wiedzy\/wp-json\/wp\/v2\/comments?post=10301"}],"version-history":[{"count":1,"href":"https:\/\/www.alab.pl\/centrum-wiedzy\/wp-json\/wp\/v2\/posts\/10301\/revisions"}],"predecessor-version":[{"id":21245,"href":"https:\/\/www.alab.pl\/centrum-wiedzy\/wp-json\/wp\/v2\/posts\/10301\/revisions\/21245"}],"wp:featuredmedia":[{"embeddable":true,"href":"https:\/\/www.alab.pl\/centrum-wiedzy\/wp-json\/wp\/v2\/media\/10376"}],"wp:attachment":[{"href":"https:\/\/www.alab.pl\/centrum-wiedzy\/wp-json\/wp\/v2\/media?parent=10301"}],"wp:term":[{"taxonomy":"category","embeddable":true,"href":"https:\/\/www.alab.pl\/centrum-wiedzy\/wp-json\/wp\/v2\/categories?post=10301"},{"taxonomy":"post_tag","embeddable":true,"href":"https:\/\/www.alab.pl\/centrum-wiedzy\/wp-json\/wp\/v2\/tags?post=10301"},{"taxonomy":"author","embeddable":true,"href":"https:\/\/www.alab.pl\/centrum-wiedzy\/wp-json\/wp\/v2\/coauthors?post=10301"}],"curies":[{"name":"wp","href":"https:\/\/api.w.org\/{rel}","templated":true}]}}