{"id":10553,"date":"2023-12-22T11:14:31","date_gmt":"2023-12-22T10:14:31","guid":{"rendered":"https:\/\/sklep.alablaboratoria.pl\/centrum-wiedzy\/?p=10553"},"modified":"2023-12-22T11:14:31","modified_gmt":"2023-12-22T10:14:31","slug":"kiedy-podejrzewac-infekcje-pasozytnicza-u-dziecka","status":"publish","type":"post","link":"https:\/\/www.alab.pl\/centrum-wiedzy\/kiedy-podejrzewac-infekcje-pasozytnicza-u-dziecka\/","title":{"rendered":"Kiedy podejrzewa\u0107 infekcj\u0119 paso\u017cytnicz\u0105 u dziecka?"},"content":{"rendered":"\n<p>Spis tre\u015bci<\/p>\n\n\n\n<ol class=\"wp-block-list\">\n<li><a href=\"#p1\">Jakie s\u0105 najcz\u0119stsze infekcje paso\u017cytnicze w naszej szeroko\u015bci geograficznej?<\/a><\/li>\n\n\n\n<li><a href=\"#p2\">Jakie s\u0105 objawy poszczeg\u00f3lnych zaka\u017ce\u0144 paso\u017cytniczych?<\/a><\/li>\n\n\n\n<li><a href=\"#p3\">Jak s\u0105 rozpoznawane najcz\u0119stsze choroby paso\u017cytnicze?<\/a><\/li>\n\n\n\n<li><a href=\"#p4\">Jakie s\u0105 opcje leczenia chor\u00f3b paso\u017cytniczych?<\/a><\/li>\n\n\n\n<li><a href=\"#p5\">Wa\u017cna uwaga<\/a><\/li>\n<\/ol>\n\n\n\n<p>Terminy &#8222;paso\u017cyty&#8221; czy &#8222;infekcje paso\u017cytnicze&#8221; s\u0105 z jednej strony realnie istniej\u0105cym problemem medycznym, z drugiej &#8211; z uwagi na nisk\u0105 \u015bwiadomo\u015b\u0107 i wiedz\u0119 w\u015br\u00f3d spo\u0142ecze\u0144stwa &#8211; stanowi\u0105 ogromne pole dla dzia\u0142alno\u015bci r\u00f3\u017cnej ma\u015bci szarlatanerii. <strong>Jakie s\u0105 najcz\u0119stsze infekcje paso\u017cytnicze u dzieci?<\/strong> Kiedy je podejrzewa\u0107? Jakie s\u0105 opcje diagnostyczne? Czy leczenie jest skomplikowane? Odpowiedzi znajduj\u0105 si\u0119 w poni\u017cszym artykule.<\/p>\n\n\n\n<h2 class=\"wp-block-heading\" id=\"p1\">Jakie s\u0105 najcz\u0119stsze infekcje paso\u017cytnicze w naszej szeroko\u015bci geograficznej?<\/h2>\n\n\n\n<p>Globalnie organizmy paso\u017cytnicze stanowi\u0105 bardzo du\u017ce wyzwanie dla zdrowia publicznego; w krajach zachodnich, z uwagi na klimat, wysoki poziom opieki zdrowotnej i higieny problem jest o wiele mniejszy, jednak obecny. <strong>Zaka\u017cenie mo\u017ce wyst\u0105pi\u0107 u dzieci w ka\u017cdym wieku.<\/strong> Niemowl\u0119ta i ma\u0142e dzieci przebywaj\u0105ce w \u017c\u0142obkach, przedszkolach i innych podobnych plac\u00f3wkach s\u0105 nara\u017cone na ryzyko wyst\u0105pienia <strong>giardiozy (zwanej tak\u017ce lamblioz\u0105)<\/strong>, kt\u00f3ra powoduje biegunk\u0119 i rozprzestrzenia si\u0119 poprzez zanieczyszczony ka\u0142. <strong>Zaka\u017cenie owsikami<\/strong> wyst\u0119puje g\u0142\u00f3wnie u dzieci w wieku przedszkolnym i wczesnoszkolnym. Zar\u00f3wno dzieci w wieku przedszkolnym, jak i szkolnym mog\u0105 zosta\u0107 zara\u017cone <strong>wszami g\u0142owowymi<\/strong> lub <strong>\u015bwierzbem<\/strong>, kt\u00f3re przenosz\u0105 si\u0119 w wyniku bliskiego kontaktu mi\u0119dzyludzkiego. \u0179r\u00f3d\u0142em zaka\u017cenia mog\u0105 by\u0107 tak\u017ce zwierz\u0119ta domowe, przenosz\u0105ce<strong> toksokaroz\u0119<\/strong> (pies, kot) i<strong> <a href=\"https:\/\/www.alab.pl\/centrum-wiedzy\/toksoplazmoza-zrodla-zarazenia-objawy-diagnostyka\/\">toksoplazmoz\u0119<\/a><\/strong> (g\u0142\u00f3wnie kot, cho\u0107 najcz\u0119\u015bciej do zaka\u017cenia dochodzi przez spo\u017cywanie mi\u0119sa zwierz\u0105t b\u0119d\u0105cych \u017cywicielami po\u015brednimi). Zdecydowanie rzadziej, bo w sumie w kilkuset przypadkach rocznie w Polsce, rozpoznawane s\u0105 <strong>w\u0105grzyca, b\u0105blowica, <a href=\"https:\/\/www.alab.pl\/centrum-wiedzy\/glistnica-askarioza-choroba-pasozytnicza-ukladu-pokarmowego\/\">glistnica (wi\u0119cej przeczytasz TUTAJ)<\/a>  i tasiemczyca<\/strong>, cho\u0107 to g\u0142\u00f3wnie te dwie ostatnie s\u0105 kojarzone jako powszechne parazytozy.<\/p>\n\n\n\n<h2 class=\"wp-block-heading\" id=\"p2\">Jakie s\u0105 objawy poszczeg\u00f3lnych zaka\u017ce\u0144 paso\u017cytniczych?<\/h2>\n\n\n\n<p>W przypadku najcz\u0119\u015bciej wyst\u0119puj\u0105cej w Polsce <strong>owsicy <\/strong>przebieg jest <strong>bezobjawowy lub sk\u0105poobjawowy<\/strong>. W d\u0142ugotrwa\u0142ej chorobie wyst\u0119puje brak \u0142aknienia, blado\u015b\u0107, cienie pod oczami, upo\u015bledzony rozw\u00f3j dziecka, nadpobudliwo\u015b\u0107 oraz z uwagi na \u015bwi\u0105d odbytu (g\u0142\u00f3wnie w nocy) miejscowy stan zapalny. <\/p>\n\n\n\n<p><strong>&gt;&gt; <a href=\"https:\/\/www.alab.pl\/centrum-wiedzy\/owsiki\/\">Wi\u0119cej informacji na temat owsicy znajdziesz TUTAJ.<\/a><\/strong><\/p>\n\n\n\n<p>Gdy u dziecka wyst\u0119puje <strong>b\u00f3l brzucha, t\u0142uszczowa biegunka <\/strong>(szczeg\u00f3lnie przewlekaj\u0105ce si\u0119), <strong>objawy alergiczne<\/strong> (zw\u0142aszcza) wsp\u00f3\u0142istniej\u0105ce z <strong><a href=\"https:\/\/www.alab.pl\/centrum-wiedzy\/anemia-przyczyny-objawy-i-rodzaje-niedokrwistosci\/\">niedokrwisto\u015bci\u0105<\/a> i\/lub <a href=\"https:\/\/www.alab.pl\/centrum-wiedzy\/przyczyny-rodzaje-i-diagnostyka-zoltaczek\/\">\u017c\u00f3\u0142taczk\u0105<\/a><\/strong> zawsze nale\u017cy wykluczy\u0107 <strong>giardioz\u0119<\/strong>, dotykaj\u0105c\u0105 nawet do 10% naszej populacji. <\/p>\n\n\n\n<p><strong>&gt;&gt; <a href=\"https:\/\/www.alab.pl\/centrum-wiedzy\/lamblioza-giardioza\/\">Wi\u0119cej informacji na temat giardiozy (lambliozy) znajdziesz TUTAJ.<\/a><\/strong><\/p>\n\n\n\n<p>Objawy <strong>\u015bwierzbu<\/strong> z kolei to wyst\u0119powanie <strong>r\u00f3\u017cowych grudek, niewielkich p\u0119cherzyk\u00f3w i przeczos\u00f3w<\/strong> z widocznymi na nask\u00f3rku charakterystycznymi korytarzami; najcz\u0119stsza lokalizacja zmian to okolica do\u0142\u00f3w pachowych i pachwinowych, piersi, pasa, p\u0119pka, a tak\u017ce mi\u0119dzy palcami r\u0105k, w okolicach nadgarstk\u00f3w i kostek, po\u015bladk\u00f3w i narz\u0105d\u00f3w p\u0142ciowych. <\/p>\n\n\n\n<p><strong>Wszawica <\/strong>najcz\u0119\u015bciej ujawnia si\u0119 jako <strong>silny \u015bwi\u0105d ow\u0142osionej sk\u00f3ry g\u0142owy<\/strong>, na kt\u00f3rej widoczne s\u0105 zadrapania, a z czasem wt\u00f3rnie zmiany ropne. <\/p>\n\n\n\n<p>Spektrum objaw\u00f3w rzadkich parazytoz jest bardzo szerokie, a dla popularnych (cho\u0107, jak wspomniano, rzadkich) nale\u017c\u0105 <strong>b\u00f3le brzucha, os\u0142abienie i upo\u015bledzony przyrost masy cia\u0142a i wzrostu<\/strong>.<\/p>\n\n\n<div class=\"wp-block-image\">\n<figure class=\"aligncenter size-full is-resized\"><img loading=\"lazy\" decoding=\"async\" src=\"https:\/\/www.alab.pl\/centrum-wiedzy\/wp-content\/uploads\/2023\/12\/wszawica-infografika-jpg.webp\" alt=\"wszawica infografika\" class=\"wp-image-10565\" width=\"735\" height=\"599\" srcset=\"https:\/\/www.alab.pl\/centrum-wiedzy\/wp-content\/uploads\/2023\/12\/wszawica-infografika-jpg.webp 980w, https:\/\/www.alab.pl\/centrum-wiedzy\/wp-content\/uploads\/2023\/12\/wszawica-infografika-jpg-768x626.webp 768w, https:\/\/www.alab.pl\/centrum-wiedzy\/wp-content\/uploads\/2023\/12\/wszawica-infografika-jpg-150x122.webp 150w, https:\/\/www.alab.pl\/centrum-wiedzy\/wp-content\/uploads\/2023\/12\/wszawica-infografika-jpg-300x245.webp 300w, https:\/\/www.alab.pl\/centrum-wiedzy\/wp-content\/uploads\/2023\/12\/wszawica-infografika-jpg-696x567.webp 696w\" sizes=\"auto, (max-width: 735px) 100vw, 735px\" \/><\/figure><\/div>\n\n\n<h2 class=\"wp-block-heading\" id=\"p3\">Jak s\u0105 rozpoznawane najcz\u0119stsze choroby paso\u017cytnicze?<\/h2>\n\n\n\n<p>Choroby takie jak <strong>wszawica i \u015bwierzb<\/strong> nie wymagaj\u0105 skomplikowanej diagnostyki, a rozpoznanie opiera si\u0119 o <strong>zebranie szczeg\u00f3\u0142owego wywiadu i badanie przedmiotowe<\/strong>. Podobnie jest w przypadku <strong>owsicy<\/strong>, jednak w tym przypadku post\u0119powanie mo\u017cna uzupe\u0142ni\u0107 o <strong><a href=\"https:\/\/www.alab.pl\/badanie\/owsiki-w-wymazie-okoloodbytniczym-a21\" target=\"_blank\" rel=\"noreferrer noopener\">test z ta\u015bm\u0105 celofanow\u0105<\/a><\/strong>, podczas kt\u00f3rego na okolic\u0119 odbytu nak\u0142ada si\u0119 materia\u0142 przypominaj\u0105cy ta\u015bm\u0119 klej\u0105c\u0105, a nast\u0119pnie bada si\u0119 go pod mikroskopem. Badanie ka\u0142u nie jest tu rekomendowane, chyba \u017ce w ramach diagnostyki r\u00f3\u017cnicowej. <\/p>\n\n\n\n<figure class=\"wp-block-image size-full\"><a href=\"https:\/\/www.alab.pl\/badanie\/owsiki-w-wymazie-okoloodbytniczym-a21\" target=\"_blank\" rel=\"noreferrer noopener\"><img loading=\"lazy\" decoding=\"async\" width=\"800\" height=\"200\" src=\"https:\/\/www.alab.pl\/centrum-wiedzy\/wp-content\/uploads\/2023\/08\/owsiki-jpg.webp\" alt=\"owsiki w wymazie oko\u0142oodbytniczym\" class=\"wp-image-8142\" srcset=\"https:\/\/www.alab.pl\/centrum-wiedzy\/wp-content\/uploads\/2023\/08\/owsiki-jpg.webp 800w, https:\/\/www.alab.pl\/centrum-wiedzy\/wp-content\/uploads\/2023\/08\/owsiki-jpg-768x192.webp 768w, https:\/\/www.alab.pl\/centrum-wiedzy\/wp-content\/uploads\/2023\/08\/owsiki-jpg-150x38.webp 150w, https:\/\/www.alab.pl\/centrum-wiedzy\/wp-content\/uploads\/2023\/08\/owsiki-jpg-300x75.webp 300w, https:\/\/www.alab.pl\/centrum-wiedzy\/wp-content\/uploads\/2023\/08\/owsiki-jpg-696x174.webp 696w\" sizes=\"auto, (max-width: 800px) 100vw, 800px\" \/><\/a><\/figure>\n\n\n\n<p>Szersze post\u0119powanie obejmuje podejrzenie <strong>giardiozy<\/strong>, gdzie wykonuje si\u0119 <strong>badania parazytologiczne i testy serologiczne z ka\u0142u<\/strong>, a w sytuacjach w\u0105tpliwych dodatkowo badanie parazytologiczne tre\u015bci z dwunastnicy lub wycinka b\u0142ony \u015bluzowej jelita (te wymagaj\u0105 jednak badania endoskopowego). <\/p>\n\n\n\n<figure class=\"wp-block-image size-full\"><a href=\"https:\/\/www.alab.pl\/badanie\/lamblie-w-kale-giardia-lamblia-antygenx13\" target=\"_blank\" rel=\"noreferrer noopener\"><img loading=\"lazy\" decoding=\"async\" width=\"800\" height=\"200\" src=\"https:\/\/www.alab.pl\/centrum-wiedzy\/wp-content\/uploads\/2023\/08\/Wykrywanie-antygenu-Giardia-lamblia-w-kale-jpg.webp\" alt=\"lamblie w kale antygen baner\" class=\"wp-image-8137\" srcset=\"https:\/\/www.alab.pl\/centrum-wiedzy\/wp-content\/uploads\/2023\/08\/Wykrywanie-antygenu-Giardia-lamblia-w-kale-jpg.webp 800w, https:\/\/www.alab.pl\/centrum-wiedzy\/wp-content\/uploads\/2023\/08\/Wykrywanie-antygenu-Giardia-lamblia-w-kale-jpg-768x192.webp 768w, https:\/\/www.alab.pl\/centrum-wiedzy\/wp-content\/uploads\/2023\/08\/Wykrywanie-antygenu-Giardia-lamblia-w-kale-jpg-150x38.webp 150w, https:\/\/www.alab.pl\/centrum-wiedzy\/wp-content\/uploads\/2023\/08\/Wykrywanie-antygenu-Giardia-lamblia-w-kale-jpg-300x75.webp 300w, https:\/\/www.alab.pl\/centrum-wiedzy\/wp-content\/uploads\/2023\/08\/Wykrywanie-antygenu-Giardia-lamblia-w-kale-jpg-696x174.webp 696w\" sizes=\"auto, (max-width: 800px) 100vw, 800px\" \/><\/a><\/figure>\n\n\n\n<p>Potwierdzeniem <strong>glistnicy<\/strong> jest <strong>znalezienie w kale jaj glisty ludzkiej <\/strong>(badanie trudne, niekiedy jedno nie jest wystarczaj\u0105ce), z kolei <strong>tasiemczyce<\/strong> rozpoznaje si\u0119 przy <strong>trzykrotnym parazytologicznym badaniu ka\u0142u <\/strong>oraz weryfikacji wydalonych cz\u0142on\u00f3w. Paso\u017cyty bytuj\u0105ce w przewodzie pokarmowym zawsze stwarzaj\u0105 ryzyko niedobor\u00f3w, st\u0105d jako najcz\u0119\u015bciej zalecane <strong>badania pomocnicze<\/strong> podaje si\u0119 <a href=\"https:\/\/www.alab.pl\/badanie\/morfologia-krwi-c55\" target=\"_blank\" rel=\"noreferrer noopener\">morfologi\u0119 z rozmazem<\/a>, <a href=\"https:\/\/www.alab.pl\/badanie\/ferrytyna-l05\" target=\"_blank\" rel=\"noreferrer noopener\">ferrytyn\u0119<\/a>, <a href=\"https:\/\/www.alab.pl\/badanie\/zelazo-w-surowicy-o95\" target=\"_blank\" rel=\"noreferrer noopener\">\u017celazo<\/a>, a dodatkowo w przypadku wspomnianej giardiozy aminotransferazy, <a href=\"https:\/\/www.alab.pl\/badanie\/gamma-glutamylotranspeptydaza-ggtp-l31\" target=\"_blank\" rel=\"noreferrer noopener\">gammaglutamylotranspeptydaz\u0119 (GGTP)<\/a> i <a href=\"https:\/\/www.alab.pl\/badanie\/bilirubina-calkowita-i89\" target=\"_blank\" rel=\"noreferrer noopener\">bilirubin\u0119<\/a>.<\/p>\n\n\n\n<figure class=\"wp-block-image size-full\"><a href=\"https:\/\/www.alab.pl\/badanie\/badanie-kalu-w-kierunku-pasozytow-jedno-oznaczenie-a21\" target=\"_blank\" rel=\"noreferrer noopener\"><img loading=\"lazy\" decoding=\"async\" width=\"800\" height=\"200\" src=\"https:\/\/www.alab.pl\/centrum-wiedzy\/wp-content\/uploads\/2023\/06\/badanie-kalu-na-pasozyty-jpg.webp\" alt=\"badanie ka\u0142u w kierunku paso\u017cyt\u00f3w baner\" class=\"wp-image-6652\" srcset=\"https:\/\/www.alab.pl\/centrum-wiedzy\/wp-content\/uploads\/2023\/06\/badanie-kalu-na-pasozyty-jpg.webp 800w, https:\/\/www.alab.pl\/centrum-wiedzy\/wp-content\/uploads\/2023\/06\/badanie-kalu-na-pasozyty-jpg-768x192.webp 768w, https:\/\/www.alab.pl\/centrum-wiedzy\/wp-content\/uploads\/2023\/06\/badanie-kalu-na-pasozyty-jpg-150x38.webp 150w, https:\/\/www.alab.pl\/centrum-wiedzy\/wp-content\/uploads\/2023\/06\/badanie-kalu-na-pasozyty-jpg-300x75.webp 300w, https:\/\/www.alab.pl\/centrum-wiedzy\/wp-content\/uploads\/2023\/06\/badanie-kalu-na-pasozyty-jpg-696x174.webp 696w\" sizes=\"auto, (max-width: 800px) 100vw, 800px\" \/><\/a><\/figure>\n\n\n\n<h2 class=\"wp-block-heading\" id=\"p4\">Jakie s\u0105 opcje leczenia chor\u00f3b paso\u017cytniczych?<\/h2>\n\n\n\n<p>Paso\u017cyty bytuj\u0105ce na sk\u00f3rze s\u0105 stosunkowo \u0142atwe do wyleczenia, nale\u017cy jednak pami\u0119ta\u0107 o <strong>re\u017cimie higienicznym<\/strong>; leczenie \u015bwierzbu i wszawicy opiera si\u0119 na \u0142atwych w stosowaniu preparat\u00f3w z permetryn\u0105 i benzoesanem benzylu. Leczenie owsicy jest proste, opiera si\u0119 na jednorazowej dawce 400 mg albendazolu (powt\u00f3rka po 2 tygodniach) lub mebendazol w dawce 100 mg w tym samym schemacie; bez recepty dost\u0119pny jest tak\u017ce pyrantel, stosuje si\u0119 dawk\u0119 11 mg\/kg do maksymalnie 1 g, tak\u017ce podawane w odst\u0119pie 2 tygodni. Leczeniem pierwszego rzutu giardiozy pozostaje metronidazol, typowe dawkowanie wynosi 250 do 500 mg 3 razy dziennie przez 5 do 10 dni.<\/p>\n\n\n\n<h2 class=\"wp-block-heading\" id=\"p5\">Wa\u017cna uwaga<\/h2>\n\n\n\n<p>W zajmuj\u0105cych si\u0119 tzw. medycyn\u0105 alternatywn\u0105 (a u\u015bci\u015blaj\u0105c: nienaukow\u0105) o\u015brodkach cz\u0119sto oferowane jest <strong>badanie biorezonansu<\/strong>, maj\u0105ce rzekomo potencja\u0142 do wykrywania licznych schorze\u0144, w tym paso\u017cytniczych. O ile nie ma dowod\u00f3w na niebezpiecze\u0144stwo zwi\u0105zane z samym badaniem, to nale\u017cy pami\u0119ta\u0107, \u017ce <strong>nie jest to metoda o zweryfikowanym naukowo mechanizmie i skuteczno\u015bci diagnostycznej<\/strong>. Wobec tego poddanie si\u0119 biorezonansowi nie wnosi \u017cadnych danych co do stanu zdrowia, a jego wyniki nie s\u0105 uznawane za diagnostyczne.<\/p>\n\n\n\n<hr class=\"wp-block-separator has-alpha-channel-opacity\"\/>\n\n\n\n<p>Pi\u015bmiennictwo<\/p>\n\n\n\n<ol class=\"wp-block-list\">\n<li><a href=\"https:\/\/www.cdc.gov\/parasites\/children.html\" target=\"_blank\" rel=\"noreferrer noopener nofollow\">https:\/\/www.cdc.gov\/parasites\/children.html<\/a><\/li>\n\n\n\n<li><a href=\"https:\/\/www.ncbi.nlm.nih.gov\/pmc\/articles\/PMC8007207\/\" target=\"_blank\" rel=\"noreferrer noopener nofollow\">https:\/\/www.ncbi.nlm.nih.gov\/pmc\/articles\/PMC8007207\/<\/a><\/li>\n\n\n\n<li><a href=\"https:\/\/www.ncbi.nlm.nih.gov\/pmc\/articles\/PMC5814977\/\" target=\"_blank\" rel=\"noreferrer noopener nofollow\">https:\/\/www.ncbi.nlm.nih.gov\/pmc\/articles\/PMC5814977\/<\/a><\/li>\n\n\n\n<li><a href=\"https:\/\/www.ncbi.nlm.nih.gov\/books\/NBK536974\/\" target=\"_blank\" rel=\"noreferrer noopener nofollow\">https:\/\/www.ncbi.nlm.nih.gov\/books\/NBK536974\/<\/a><\/li>\n\n\n\n<li><a href=\"https:\/\/www.ncbi.nlm.nih.gov\/books\/NBK513239\/\" target=\"_blank\" rel=\"noreferrer noopener nofollow\">https:\/\/www.ncbi.nlm.nih.gov\/books\/NBK513239\/<\/a><\/li>\n\n\n\n<li><a href=\"https:\/\/podyplomie.pl\/pediatria\/12173,najczestsze-zarazenia-pasozytnicze-w-polsce\" target=\"_blank\" rel=\"noreferrer noopener nofollow\">https:\/\/podyplomie.pl\/pediatria\/12173,najczestsze-zarazenia-pasozytnicze-w-polsce<\/a><\/li>\n\n\n\n<li><a href=\"https:\/\/www.apteka-melissa.pl\/blog\/artykul\/biorezonans-fakty-mity-i-kontrowersje,1314.html\" target=\"_blank\" rel=\"noreferrer noopener nofollow\">https:\/\/www.apteka-melissa.pl\/blog\/artykul\/biorezonans-fakty-mity-i-kontrowersje,1314.html<\/a><\/li>\n<\/ol>\n","protected":false},"excerpt":{"rendered":"<p>Jakie objawy mog\u0105 wskazywa\u0107 na infekcj\u0119 paso\u017cytnicz\u0105 u dziecka? Jakie badania wykona\u0107?<\/p>\n","protected":false},"author":154,"featured_media":10640,"comment_status":"closed","ping_status":"open","sticky":false,"template":"","format":"standard","meta":{"_acf_changed":false,"inline_featured_image":false,"footnotes":""},"categories":[23,30],"tags":[],"coauthors":[151],"class_list":{"0":"post-10553","1":"post","2":"type-post","3":"status-publish","4":"format-standard","5":"has-post-thumbnail","8":"category-zdrowie-dzieci-i-mlodziezy"},"acf":[],"yoast_head":"<!-- This site is optimized with the Yoast SEO plugin v27.5 - https:\/\/yoast.com\/product\/yoast-seo-wordpress\/ -->\n<title>Kiedy podejrzewa\u0107 infekcj\u0119 paso\u017cytnicz\u0105 u dziecka<\/title>\n<meta name=\"description\" content=\"Jakie s\u0105 objawy infekcji paso\u017cytniczych u dzieci i doros\u0142ych? Metody diagnostyki i leczenia chor\u00f3b paso\u017cytniczych poznasz w naszym Centrum Wiedzy.\" \/>\n<meta name=\"robots\" content=\"index, follow, max-snippet:-1, max-image-preview:large, max-video-preview:-1\" \/>\n<link rel=\"canonical\" href=\"https:\/\/www.alab.pl\/centrum-wiedzy\/kiedy-podejrzewac-infekcje-pasozytnicza-u-dziecka\/\" \/>\n<meta property=\"og:locale\" content=\"pl_PL\" \/>\n<meta property=\"og:type\" content=\"article\" \/>\n<meta property=\"og:title\" content=\"Kiedy podejrzewa\u0107 infekcj\u0119 paso\u017cytnicz\u0105 u dziecka\" \/>\n<meta property=\"og:description\" content=\"Jakie s\u0105 objawy infekcji paso\u017cytniczych u dzieci i doros\u0142ych? Metody diagnostyki i leczenia chor\u00f3b paso\u017cytniczych poznasz w naszym Centrum Wiedzy.\" \/>\n<meta property=\"og:url\" content=\"https:\/\/www.alab.pl\/centrum-wiedzy\/kiedy-podejrzewac-infekcje-pasozytnicza-u-dziecka\/\" \/>\n<meta property=\"og:site_name\" content=\"Centrum Wiedzy ALAB laboratoria\" \/>\n<meta property=\"article:publisher\" content=\"https:\/\/www.facebook.com\/ALABlaboratoria\" \/>\n<meta property=\"article:published_time\" content=\"2023-12-22T10:14:31+00:00\" \/>\n<meta property=\"og:image\" content=\"https:\/\/www.alab.pl\/centrum-wiedzy\/wp-content\/uploads\/2023\/12\/pasozyty-u-dzieci-jpg.webp\" \/>\n\t<meta property=\"og:image:width\" content=\"1200\" \/>\n\t<meta property=\"og:image:height\" content=\"801\" \/>\n\t<meta property=\"og:image:type\" content=\"image\/webp\" \/>\n<meta name=\"author\" content=\"Damian Matusiak\" \/>\n<meta name=\"twitter:card\" content=\"summary_large_image\" \/>\n<meta name=\"twitter:label1\" content=\"Napisane przez\" \/>\n\t<meta name=\"twitter:data1\" content=\"Damian Matusiak\" \/>\n\t<meta name=\"twitter:label2\" content=\"Szacowany czas czytania\" \/>\n\t<meta name=\"twitter:data2\" content=\"6 minut\" \/>\n\t<meta name=\"twitter:label3\" content=\"Written by\" \/>\n\t<meta name=\"twitter:data3\" content=\"Damian Matusiak\" \/>\n<!-- \/ Yoast SEO plugin. -->","yoast_head_json":{"title":"Kiedy podejrzewa\u0107 infekcj\u0119 paso\u017cytnicz\u0105 u dziecka","description":"Jakie s\u0105 objawy infekcji paso\u017cytniczych u dzieci i doros\u0142ych? Metody diagnostyki i leczenia chor\u00f3b paso\u017cytniczych poznasz w naszym Centrum Wiedzy.","robots":{"index":"index","follow":"follow","max-snippet":"max-snippet:-1","max-image-preview":"max-image-preview:large","max-video-preview":"max-video-preview:-1"},"canonical":"https:\/\/www.alab.pl\/centrum-wiedzy\/kiedy-podejrzewac-infekcje-pasozytnicza-u-dziecka\/","og_locale":"pl_PL","og_type":"article","og_title":"Kiedy podejrzewa\u0107 infekcj\u0119 paso\u017cytnicz\u0105 u dziecka","og_description":"Jakie s\u0105 objawy infekcji paso\u017cytniczych u dzieci i doros\u0142ych? Metody diagnostyki i leczenia chor\u00f3b paso\u017cytniczych poznasz w naszym Centrum Wiedzy.","og_url":"https:\/\/www.alab.pl\/centrum-wiedzy\/kiedy-podejrzewac-infekcje-pasozytnicza-u-dziecka\/","og_site_name":"Centrum Wiedzy ALAB laboratoria","article_publisher":"https:\/\/www.facebook.com\/ALABlaboratoria","article_published_time":"2023-12-22T10:14:31+00:00","og_image":[{"width":1200,"height":801,"url":"https:\/\/www.alab.pl\/centrum-wiedzy\/wp-content\/uploads\/2023\/12\/pasozyty-u-dzieci-jpg.webp","type":"image\/webp"}],"author":"Damian Matusiak","twitter_card":"summary_large_image","twitter_misc":{"Napisane przez":"Damian Matusiak","Szacowany czas czytania":"6 minut","Written by":"Damian Matusiak"},"schema":{"@context":"https:\/\/schema.org","@graph":[{"@type":"Article","@id":"https:\/\/www.alab.pl\/centrum-wiedzy\/kiedy-podejrzewac-infekcje-pasozytnicza-u-dziecka\/#article","isPartOf":{"@id":"https:\/\/www.alab.pl\/centrum-wiedzy\/kiedy-podejrzewac-infekcje-pasozytnicza-u-dziecka\/"},"author":{"name":"Damian Matusiak","@id":"https:\/\/www.alab.pl\/centrum-wiedzy\/#\/schema\/person\/5709fe1c1c909754033072d7f8155a44"},"headline":"Kiedy podejrzewa\u0107 infekcj\u0119 paso\u017cytnicz\u0105 u dziecka?","datePublished":"2023-12-22T10:14:31+00:00","mainEntityOfPage":{"@id":"https:\/\/www.alab.pl\/centrum-wiedzy\/kiedy-podejrzewac-infekcje-pasozytnicza-u-dziecka\/"},"wordCount":1030,"publisher":{"@id":"https:\/\/www.alab.pl\/centrum-wiedzy\/#organization"},"image":{"@id":"https:\/\/www.alab.pl\/centrum-wiedzy\/kiedy-podejrzewac-infekcje-pasozytnicza-u-dziecka\/#primaryimage"},"thumbnailUrl":"https:\/\/www.alab.pl\/centrum-wiedzy\/wp-content\/uploads\/2023\/12\/pasozyty-u-dzieci-jpg.webp","articleSection":["Infekcje i paso\u017cyty","Zdrowie dzieci i m\u0142odzie\u017cy"],"inLanguage":"pl-PL"},{"@type":"WebPage","@id":"https:\/\/www.alab.pl\/centrum-wiedzy\/kiedy-podejrzewac-infekcje-pasozytnicza-u-dziecka\/","url":"https:\/\/www.alab.pl\/centrum-wiedzy\/kiedy-podejrzewac-infekcje-pasozytnicza-u-dziecka\/","name":"Kiedy podejrzewa\u0107 infekcj\u0119 paso\u017cytnicz\u0105 u dziecka","isPartOf":{"@id":"https:\/\/www.alab.pl\/centrum-wiedzy\/#website"},"primaryImageOfPage":{"@id":"https:\/\/www.alab.pl\/centrum-wiedzy\/kiedy-podejrzewac-infekcje-pasozytnicza-u-dziecka\/#primaryimage"},"image":{"@id":"https:\/\/www.alab.pl\/centrum-wiedzy\/kiedy-podejrzewac-infekcje-pasozytnicza-u-dziecka\/#primaryimage"},"thumbnailUrl":"https:\/\/www.alab.pl\/centrum-wiedzy\/wp-content\/uploads\/2023\/12\/pasozyty-u-dzieci-jpg.webp","datePublished":"2023-12-22T10:14:31+00:00","description":"Jakie s\u0105 objawy infekcji paso\u017cytniczych u dzieci i doros\u0142ych? Metody diagnostyki i leczenia chor\u00f3b paso\u017cytniczych poznasz w naszym Centrum Wiedzy.","breadcrumb":{"@id":"https:\/\/www.alab.pl\/centrum-wiedzy\/kiedy-podejrzewac-infekcje-pasozytnicza-u-dziecka\/#breadcrumb"},"inLanguage":"pl-PL","potentialAction":[{"@type":"ReadAction","target":["https:\/\/www.alab.pl\/centrum-wiedzy\/kiedy-podejrzewac-infekcje-pasozytnicza-u-dziecka\/"]}]},{"@type":"ImageObject","inLanguage":"pl-PL","@id":"https:\/\/www.alab.pl\/centrum-wiedzy\/kiedy-podejrzewac-infekcje-pasozytnicza-u-dziecka\/#primaryimage","url":"https:\/\/www.alab.pl\/centrum-wiedzy\/wp-content\/uploads\/2023\/12\/pasozyty-u-dzieci-jpg.webp","contentUrl":"https:\/\/www.alab.pl\/centrum-wiedzy\/wp-content\/uploads\/2023\/12\/pasozyty-u-dzieci-jpg.webp","width":1200,"height":801,"caption":"paso\u017cyty u dziecka"},{"@type":"BreadcrumbList","@id":"https:\/\/www.alab.pl\/centrum-wiedzy\/kiedy-podejrzewac-infekcje-pasozytnicza-u-dziecka\/#breadcrumb","itemListElement":[{"@type":"ListItem","position":1,"name":"Strona g\u0142\u00f3wna","item":"https:\/\/www.alab.pl\/centrum-wiedzy\/"},{"@type":"ListItem","position":2,"name":"Kiedy podejrzewa\u0107 infekcj\u0119 paso\u017cytnicz\u0105 u dziecka?"}]},{"@type":"WebSite","@id":"https:\/\/www.alab.pl\/centrum-wiedzy\/#website","url":"https:\/\/www.alab.pl\/centrum-wiedzy\/","name":"Centrum Wiedzy ALAB laboratoria","description":"","publisher":{"@id":"https:\/\/www.alab.pl\/centrum-wiedzy\/#organization"},"potentialAction":[{"@type":"SearchAction","target":{"@type":"EntryPoint","urlTemplate":"https:\/\/www.alab.pl\/centrum-wiedzy\/?s={search_term_string}"},"query-input":{"@type":"PropertyValueSpecification","valueRequired":true,"valueName":"search_term_string"}}],"inLanguage":"pl-PL"},{"@type":"Organization","@id":"https:\/\/www.alab.pl\/centrum-wiedzy\/#organization","name":"Centrum Wiedzy ALAB laboratoria","url":"https:\/\/www.alab.pl\/centrum-wiedzy\/","logo":{"@type":"ImageObject","inLanguage":"pl-PL","@id":"https:\/\/www.alab.pl\/centrum-wiedzy\/#\/schema\/logo\/image\/","url":"https:\/\/www.alab.pl\/centrum-wiedzy\/wp-content\/uploads\/2022\/04\/alabek.jpg","contentUrl":"https:\/\/www.alab.pl\/centrum-wiedzy\/wp-content\/uploads\/2022\/04\/alabek.jpg","width":1250,"height":1251,"caption":"Centrum Wiedzy ALAB laboratoria"},"image":{"@id":"https:\/\/www.alab.pl\/centrum-wiedzy\/#\/schema\/logo\/image\/"},"sameAs":["https:\/\/www.facebook.com\/ALABlaboratoria"]},{"@type":"Person","@id":"https:\/\/www.alab.pl\/centrum-wiedzy\/#\/schema\/person\/5709fe1c1c909754033072d7f8155a44","name":"Damian Matusiak","image":{"@type":"ImageObject","inLanguage":"pl-PL","@id":"https:\/\/www.alab.pl\/centrum-wiedzy\/wp-content\/uploads\/2023\/10\/Damian-Matusiak-jpg-150x150.webp4a39f9a6ab8bdce93cc7d4859c6e6401","url":"https:\/\/www.alab.pl\/centrum-wiedzy\/wp-content\/uploads\/2023\/10\/Damian-Matusiak-jpg-150x150.webp","contentUrl":"https:\/\/www.alab.pl\/centrum-wiedzy\/wp-content\/uploads\/2023\/10\/Damian-Matusiak-jpg-150x150.webp","caption":"Damian Matusiak"},"description":"Specjalista pediatrii, kieruj\u0105cy Oddzia\u0142em Pediatrycznym w Lesznie, absolwent Uniwersytetu Medycznego im. Karola Marcinkowskiego w Poznaniu; pasjonat ultrasonografii i nowinek ze \u015bwiata nauki.","url":"https:\/\/www.alab.pl\/centrum-wiedzy\/author\/damian-matusiak\/"}]}},"_links":{"self":[{"href":"https:\/\/www.alab.pl\/centrum-wiedzy\/wp-json\/wp\/v2\/posts\/10553","targetHints":{"allow":["GET"]}}],"collection":[{"href":"https:\/\/www.alab.pl\/centrum-wiedzy\/wp-json\/wp\/v2\/posts"}],"about":[{"href":"https:\/\/www.alab.pl\/centrum-wiedzy\/wp-json\/wp\/v2\/types\/post"}],"author":[{"embeddable":true,"href":"https:\/\/www.alab.pl\/centrum-wiedzy\/wp-json\/wp\/v2\/users\/154"}],"replies":[{"embeddable":true,"href":"https:\/\/www.alab.pl\/centrum-wiedzy\/wp-json\/wp\/v2\/comments?post=10553"}],"version-history":[{"count":0,"href":"https:\/\/www.alab.pl\/centrum-wiedzy\/wp-json\/wp\/v2\/posts\/10553\/revisions"}],"wp:featuredmedia":[{"embeddable":true,"href":"https:\/\/www.alab.pl\/centrum-wiedzy\/wp-json\/wp\/v2\/media\/10640"}],"wp:attachment":[{"href":"https:\/\/www.alab.pl\/centrum-wiedzy\/wp-json\/wp\/v2\/media?parent=10553"}],"wp:term":[{"taxonomy":"category","embeddable":true,"href":"https:\/\/www.alab.pl\/centrum-wiedzy\/wp-json\/wp\/v2\/categories?post=10553"},{"taxonomy":"post_tag","embeddable":true,"href":"https:\/\/www.alab.pl\/centrum-wiedzy\/wp-json\/wp\/v2\/tags?post=10553"},{"taxonomy":"author","embeddable":true,"href":"https:\/\/www.alab.pl\/centrum-wiedzy\/wp-json\/wp\/v2\/coauthors?post=10553"}],"curies":[{"name":"wp","href":"https:\/\/api.w.org\/{rel}","templated":true}]}}