{"id":10654,"date":"2023-12-19T14:02:14","date_gmt":"2023-12-19T13:02:14","guid":{"rendered":"https:\/\/sklep.alablaboratoria.pl\/centrum-wiedzy\/?p=10654"},"modified":"2023-12-19T14:02:14","modified_gmt":"2023-12-19T13:02:14","slug":"dieta-w-niedoczynnosci-tarczycy","status":"publish","type":"post","link":"https:\/\/www.alab.pl\/centrum-wiedzy\/dieta-w-niedoczynnosci-tarczycy\/","title":{"rendered":"Dieta w niedoczynno\u015bci tarczycy"},"content":{"rendered":"\n<p>Spis tre\u015bci<\/p>\n\n\n\n<ol class=\"wp-block-list\">\n<li><a href=\"#d1\">Zalecenia \u017cywieniowe w niedoczynno\u015bci tarczycy<\/a><\/li>\n\n\n\n<li><a href=\"#d2\">Najwa\u017cniejsze zalecenia \u017cywieniowe w niedoczynno\u015bci tarczycy<\/a><\/li>\n\n\n\n<li><a href=\"#d3\">Produkty dozwolone i niedozwolone w chorobie niedoczynno\u015bci tarczycy<\/a><\/li>\n\n\n\n<li><a href=\"#d4\">Przyk\u0142adowy jad\u0142ospis w niedoczynno\u015bci tarczycy<\/a><\/li>\n<\/ol>\n\n\n\n<h2 class=\"wp-block-heading\" id=\"d1\">Zalecenia \u017cywieniowe w niedoczynno\u015bci tarczycy<\/h2>\n\n\n\n<p>Tarczyca to gruczo\u0142 umiejscowiony w przednio-dolnej cz\u0119\u015bci szyi. Na jej budow\u0119 sk\u0142adaj\u0105 si\u0119 dwa p\u0142aty po\u0142\u0105czone ze sob\u0105 cie\u015bni\u0105. Jej waga waha si\u0119 w granicach 30-60 g. Tarczyca zaliczana jest do gruczo\u0142\u00f3w wydzielania wewn\u0119trznego i produkuje hormony:<\/p>\n\n\n\n<ul class=\"wp-block-list\">\n<li>tr\u00f3jjodotyronin\u0119 (T3),<\/li>\n\n\n\n<li>tyroksyn\u0119 (T4).<\/li>\n<\/ul>\n\n\n\n<p>Tarczyca odpowiedzialna jest za regulacj\u0119 metabolizmu ca\u0142ego organizmu. Hormony tarczycy, czyli tyroksyna i tr\u00f3jjodotyronina wp\u0142ywaj\u0105 na regulacje podstawowej przemiany materii i termogenezy, na prac\u0119 uk\u0142adu nerwowego oraz kr\u0105\u017cenia. Zaburzenia w funkcjonowaniu tego gruczo\u0142u mog\u0105 mie\u0107 niebezpieczne konsekwencje dla naszego zdrowia. Najcz\u0119stsze objawy niedoczynno\u015bci tarczycy to odczucie zm\u0119czenia, senno\u015bci, m\u0119czliwo\u015b\u0107, b\u00f3le g\u0142owy, zaparcia, wypadanie w\u0142os\u00f3w, uczucie zimna, sucho\u015b\u0107 sk\u00f3ry. <strong><a href=\"https:\/\/www.alab.pl\/centrum-wiedzy\/niedoczynnosc-tarczycy\/\">Niedoczynno\u015b\u0107 tarczycy<\/a><\/strong> leczy si\u0119 przez podawanie jej hormon\u00f3w, a tak\u017ce <strong>stosowanie odpowiedniej diety<\/strong>.<\/p>\n\n\n\n<p>Wiod\u0105cym sk\u0142adnikiem niezb\u0119dnym do prawid\u0142owego funkcjonowania tarczycy jest <strong><a href=\"https:\/\/www.alab.pl\/centrum-wiedzy\/jod-rola-w-organizmie-zrodla-nadmiar-i-niedobor-jodu\/\">jod<\/a><\/strong>. Oko\u0142o 80% ca\u0142kowitej ilo\u015bci jodu znajduje si\u0119 w tarczycy. Jod jest sk\u0142adnikiem hormon\u00f3w tr\u00f3jjodotyroniny i tyroksyny. <strong>Niedob\u00f3r tego pierwiastka mo\u017ce doprowadzi\u0107 do:<\/strong><\/p>\n\n\n\n<ul class=\"wp-block-list\">\n<li>niedoczynno\u015bci tarczycy,<\/li>\n\n\n\n<li>przerostu gruczo\u0142u i powstania tzw. wola,<\/li>\n\n\n\n<li>zaburzenia p\u0142odno\u015bci, poronienia,<\/li>\n\n\n\n<li>tak\u017ce op\u00f3\u017anienia rozwoju fizycznego i umys\u0142owego.<\/li>\n<\/ul>\n\n\n\n<p>Ciekawostka \u2013 <strong>niedobory jodu wyst\u0119puj\u0105 najcz\u0119\u015bciej w po\u0142udniowej cz\u0119\u015bci Polski, gdzie w naturalnym \u015brodowisku jest zbyt ma\u0142o tego pierwiastka<\/strong>. Bardzo wa\u017cne, aby w diecie u\u017cywa\u0107 s\u00f3l jodowan\u0105. W przypadku Polski jodowanie jest obowi\u0105zkowe dla wszystkich producent\u00f3w soli kuchennej.<\/p>\n\n\n\n<figure class=\"wp-block-image size-full\"><a href=\"https:\/\/www.alab.pl\/badanie\/jod-w-moczu-m07\" target=\"_blank\" rel=\"noreferrer noopener\"><img loading=\"lazy\" decoding=\"async\" width=\"800\" height=\"200\" src=\"https:\/\/www.alab.pl\/centrum-wiedzy\/wp-content\/uploads\/2023\/12\/Badanie-jodu-w-moczu-jpg.webp\" alt=\"badanie jodu w moczu baner\" class=\"wp-image-10278\" srcset=\"https:\/\/www.alab.pl\/centrum-wiedzy\/wp-content\/uploads\/2023\/12\/Badanie-jodu-w-moczu-jpg.webp 800w, https:\/\/www.alab.pl\/centrum-wiedzy\/wp-content\/uploads\/2023\/12\/Badanie-jodu-w-moczu-jpg-768x192.webp 768w, https:\/\/www.alab.pl\/centrum-wiedzy\/wp-content\/uploads\/2023\/12\/Badanie-jodu-w-moczu-jpg-150x38.webp 150w, https:\/\/www.alab.pl\/centrum-wiedzy\/wp-content\/uploads\/2023\/12\/Badanie-jodu-w-moczu-jpg-300x75.webp 300w, https:\/\/www.alab.pl\/centrum-wiedzy\/wp-content\/uploads\/2023\/12\/Badanie-jodu-w-moczu-jpg-696x174.webp 696w\" sizes=\"auto, (max-width: 800px) 100vw, 800px\" \/><\/a><\/figure>\n\n\n\n<p>W zaleceniach \u017cywieniowych musimy pami\u0119ta\u0107, \u017ce <strong>w codziennej diecie znajduje si\u0119 wiele substancji tzw. wolotw\u00f3rczych, kt\u00f3re utrudniaj\u0105 wykorzystanie jodu z po\u017cywienia, a tak\u017ce hamuj\u0105 syntez\u0119 hormon\u00f3<\/strong>w. Mowa tutaj o <strong>goitrogenach<\/strong> &#8211; s\u0105 to substancje antyod\u017cywcze, czyli hamuj\u0105ce wch\u0142anianie sk\u0142adnik\u00f3w od\u017cywczych z po\u017cywienia. Goitrogeny oraz ich metabolity powoduj\u0105 blokowanie przyswajania jodu i zaburzenia jego gospodarki w organizmie, co z kolei prowadzi do szeregu dysfunkcji i zaburze\u0144 homeostazy. Goitrogeny nazywane s\u0105 r\u00f3wnie\u017c substancjami wolotw\u00f3rczymi, ze wzgl\u0119du na przyczynianie si\u0119 do powstawania wola tarczycowego.<\/p>\n\n\n\n<p><strong>W diecie w niedoczynno\u015bci tarczycy nale\u017cy ograniczy\u0107:<\/strong><\/p>\n\n\n\n<p><strong>a)<\/strong> <strong>warzywa kapustne<\/strong> \u2013 kapusta, kalafior, kalarepa, jarmu\u017c, broku\u0142, rzepa \u2013 zawieraj\u0105 tzw tioglikozydy,<\/p>\n\n\n\n<p><strong>b)<\/strong> <strong>soj\u0119<\/strong> \u2013 zbyt du\u017ce jej spo\u017cycie mo\u017ce hamowa\u0107 syntez\u0119 hormon\u00f3w tarczycy,<\/p>\n\n\n\n<p><strong>c)<\/strong> <strong>orzeszki ziemne oraz gorczyc<\/strong>\u0119 \u2013 zawieraj\u0105 substancje wolotw\u00f3rcze.<\/p>\n\n\n\n<p>Wolotw\u00f3rcze dzia\u0142anie w\/w produkt\u00f3w jest wy\u017csze, je\u017celi zawarto\u015b\u0107 jodu w diecie jest niska.&nbsp; Dlatego odpowiednia poda\u017c jodu w diecie jest g\u0142\u00f3wnym elementem diety w chorobie niedoczynno\u015bci tarczycy. <strong>Du\u017c\u0105 ilo\u015b\u0107 jodu zawieraj\u0105 ryby morskie.<\/strong><\/p>\n\n\n\n<p><strong>Cenna uwaga: gotowanie w du\u017cej ilo\u015bci wody, bez przykrycia zmniejsza zawarto\u015b\u0107 zwi\u0105zk\u00f3w antyod\u017cywczych o ok. 30-40%.<\/strong><\/p>\n\n\n\n<p>W diecie u chorych na niedoczynno\u015b\u0107 tarczycy bardzo wa\u017cna jest <strong>poda\u017c odpowiedniej ilo\u015bci sk\u0142adnik\u00f3w mineralnych \u2013 <a href=\"https:\/\/www.alab.pl\/centrum-wiedzy\/niedobor-zelaza-w-organizmie\/\">\u017celaza<\/a>, cynku, <a href=\"https:\/\/www.alab.pl\/centrum-wiedzy\/selen\/\">selenu<\/a> i <a href=\"https:\/\/www.alab.pl\/centrum-wiedzy\/potas-podstawowy-kation-wnetrza-komorki\/\">potasu<\/a><\/strong>. Niedob\u00f3r \u017celaza czy selenu mo\u017ce wp\u0142ywa\u0107 na nieprawid\u0142ow\u0105 przemian\u0119 hormon\u00f3w do ich aktywnych form. Niezb\u0119dna jest te\u017c <strong>odpowiednia poda\u017c bia\u0142ka<\/strong>, powinno ono pokrywa\u0107 15% zapotrzebowania dziennego na energi\u0119. Natomiast osoby z <a href=\"https:\/\/www.alab.pl\/centrum-wiedzy\/choroba-hashimoto\/\">zapaleniem Hashimoto<\/a> powinny dostarcza\u0107 z diet\u0105 20% bia\u0142ka.<\/p>\n\n\n\n<figure class=\"wp-block-image size-full\"><a href=\"https:\/\/www.alab.pl\/pakiet\/pakiet-tarczycowy-rozszerzony\" target=\"_blank\" rel=\"noreferrer noopener\"><img loading=\"lazy\" decoding=\"async\" width=\"800\" height=\"200\" src=\"https:\/\/www.alab.pl\/centrum-wiedzy\/wp-content\/uploads\/2023\/07\/Pakiet-tarczycowy-rozszerzony-6-badan-jpg.webp\" alt=\"pakiet tarczycowy rozszerzony\" class=\"wp-image-7100\" srcset=\"https:\/\/www.alab.pl\/centrum-wiedzy\/wp-content\/uploads\/2023\/07\/Pakiet-tarczycowy-rozszerzony-6-badan-jpg.webp 800w, https:\/\/www.alab.pl\/centrum-wiedzy\/wp-content\/uploads\/2023\/07\/Pakiet-tarczycowy-rozszerzony-6-badan-jpg-768x192.webp 768w, https:\/\/www.alab.pl\/centrum-wiedzy\/wp-content\/uploads\/2023\/07\/Pakiet-tarczycowy-rozszerzony-6-badan-jpg-150x38.webp 150w, https:\/\/www.alab.pl\/centrum-wiedzy\/wp-content\/uploads\/2023\/07\/Pakiet-tarczycowy-rozszerzony-6-badan-jpg-300x75.webp 300w, https:\/\/www.alab.pl\/centrum-wiedzy\/wp-content\/uploads\/2023\/07\/Pakiet-tarczycowy-rozszerzony-6-badan-jpg-696x174.webp 696w\" sizes=\"auto, (max-width: 800px) 100vw, 800px\" \/><\/a><\/figure>\n\n\n\n<h2 class=\"wp-block-heading\" id=\"d2\">Najwa\u017cniejsze zalecenia \u017cywieniowe w niedoczynno\u015bci tarczycy<\/h2>\n\n\n\n<ul class=\"wp-block-list\">\n<li><strong>w ci\u0105gu dnia spo\u017cywaj od 4 do 5 posi\u0142k\u00f3w, co 3-4 godziny. <\/strong>Ostatni posi\u0142kiem jemy 2 godziny przed snem. Regularne spo\u017cywanie posi\u0142k\u00f3w poprawia tempo przemiany materii,<\/li>\n\n\n\n<li>przy <strong>nadwadze czy oty\u0142o\u015bci<\/strong>, nale\u017cy koniecznie <strong>zredukowa\u0107 swoj\u0105 mas\u0119 cia\u0142a<\/strong>, najlepiej z pomoc\u0105 dietetyka,<\/li>\n\n\n\n<li><strong>wybieraj zdrowe \u017ar\u00f3d\u0142a bia\u0142ka <\/strong>&#8211; chude gatunki mi\u0119s (kurczak, indyk, kr\u00f3lik, chuda wo\u0142owina) oraz niskot\u0142uszczowe mleko i przetwory mleczne. Szczeg\u00f3ln\u0105 uwag\u0119 zwr\u00f3\u0107 na ryby, kt\u00f3re dostarcz\u0105 selenu, jodu oraz <a href=\"https:\/\/www.alab.pl\/centrum-wiedzy\/witamina-d-suplementacja\/\">witaminy D<\/a>, a tak\u017ce wielonienasyconych kwas\u00f3w t\u0142uszczowych \u2013 sk\u0142adnik\u00f3w istotnych w niedoczynno\u015bci tarczycy. Ryby najlepiej spo\u017cywa\u0107 3-4 razy w tygodniu.<\/li>\n\n\n\n<li>podczas przygotowywania potraw <strong>stosuj oleje ro\u015blinne i oliw\u0119 z oliwek<\/strong>. Unikaj spo\u017cycia nasyconych kwas\u00f3w t\u0142uszczowych w postaci np. mas\u0142a oraz t\u0142uszczu ukrytego w t\u0142ustych mi\u0119sach, wyrobach cukierniczych i s\u0142odyczach,<\/li>\n\n\n\n<li><strong>spo\u017cywaj<\/strong> <strong>pe\u0142noziarniste produkty zbo\u017cowe<\/strong> zw\u0142aszcza ze wzgl\u0119du na odpowiedni\u0105 poda\u017c b\u0142onnika pokarmowego, kt\u00f3ra jest kluczowa przy towarzysz\u0105cych chorobie zaparciach,<\/li>\n\n\n\n<li><strong>wyeliminuj z diety cukier, s\u0142odycze, s\u0142odkie i gazowane napoje oraz \u017cywno\u015b\u0107 typu fast food<\/strong>,<\/li>\n\n\n\n<li><strong>unikaj sma\u017cenia i pieczenia w tradycyjny spos\u00f3b<\/strong>, ze wzgl\u0119du na ilo\u015b\u0107 stosowanych t\u0142uszcz\u00f3w. Piecz w folii aluminiowej, r\u0119kawie lub na grillu, du\u015b bez wcze\u015bniejszego obsma\u017cania, gotuj na parze.<\/li>\n\n\n\n<li><strong>pij przynajmniej 2 litry p\u0142yn\u00f3w dziennie<\/strong>, najlepiej w postaci wody lub s\u0142abych napar\u00f3w herbat. Odpowiednie spo\u017cycie p\u0142yn\u00f3w b\u0119dzie sprzyja\u0107 przyspieszeniu tempa metabolizmu.<\/li>\n<\/ul>\n\n\n\n<h2 class=\"wp-block-heading\" id=\"d3\">Produkty dozwolone i niedozwolone w chorobie niedoczynno\u015bci tarczycy<\/h2>\n\n\n<div class=\"wp-block-image\">\n<figure class=\"aligncenter size-full is-resized\"><img loading=\"lazy\" decoding=\"async\" src=\"https:\/\/www.alab.pl\/centrum-wiedzy\/wp-content\/uploads\/2023\/12\/produkty-dozwolone-i-niedozwolone-w-diecie-w-niedoczynnosci-tarczycy-jpg.webp\" alt=\"produkty dozwolone i niedozwolone w diecie w niedoczynno\u015bci tarczycy tabela\" class=\"wp-image-10681\" width=\"735\" height=\"1140\" srcset=\"https:\/\/www.alab.pl\/centrum-wiedzy\/wp-content\/uploads\/2023\/12\/produkty-dozwolone-i-niedozwolone-w-diecie-w-niedoczynnosci-tarczycy-jpg.webp 980w, https:\/\/www.alab.pl\/centrum-wiedzy\/wp-content\/uploads\/2023\/12\/produkty-dozwolone-i-niedozwolone-w-diecie-w-niedoczynnosci-tarczycy-jpg-768x1191.webp 768w, https:\/\/www.alab.pl\/centrum-wiedzy\/wp-content\/uploads\/2023\/12\/produkty-dozwolone-i-niedozwolone-w-diecie-w-niedoczynnosci-tarczycy-jpg-150x233.webp 150w, https:\/\/www.alab.pl\/centrum-wiedzy\/wp-content\/uploads\/2023\/12\/produkty-dozwolone-i-niedozwolone-w-diecie-w-niedoczynnosci-tarczycy-jpg-300x465.webp 300w, https:\/\/www.alab.pl\/centrum-wiedzy\/wp-content\/uploads\/2023\/12\/produkty-dozwolone-i-niedozwolone-w-diecie-w-niedoczynnosci-tarczycy-jpg-696x1080.webp 696w\" sizes=\"auto, (max-width: 735px) 100vw, 735px\" \/><\/figure><\/div>\n\n\n<h2 class=\"wp-block-heading\" id=\"d4\">Przyk\u0142adowy jad\u0142ospis w niedoczynno\u015bci tarczycy<\/h2>\n\n\n\n<p><strong>\u015aniadanie<\/strong><\/p>\n\n\n\n<ul class=\"wp-block-list\">\n<li>p\u0142atki owsiane z owocami jab\u0142ko i kiwi, do tego jogurt naturalny 2% plus nasiona siemienia lnianego.<\/li>\n\n\n\n<li>kanapka z pieczywa pe\u0142noziarnistego z chud\u0105 w\u0119dlin\u0105 z indyka podana z og\u00f3rkiem kwaszonym<\/li>\n<\/ul>\n\n\n\n<p><strong>II \u015bniadanie<\/strong><\/p>\n\n\n\n<ul class=\"wp-block-list\">\n<li>smoothie owocowo-warzywne z gruszk\u0105, selerem naciowym, gar\u015b\u0107 szpinaku, kilka kropli cytryny i woda<\/li>\n\n\n\n<li>kanapka z pieczywa razowego do tego serek chudy z jogurtem 2% i start\u0105 rzodkiewk\u0105, podane na sa\u0142acie z pomidorem<\/li>\n<\/ul>\n\n\n\n<p><strong>Obiad<\/strong><\/p>\n\n\n\n<ul class=\"wp-block-list\">\n<li>\u0142oso\u015b z kasz\u0105 p\u0119czak, sur\u00f3wk\u0105 z og\u00f3rka kiszonego z cebul\u0105<\/li>\n\n\n\n<li>upieczone w folii udo z kurczaka do tego kasza gryczana i marchewka z groszkiem<\/li>\n<\/ul>\n\n\n\n<p><strong>Podwieczorek<\/strong><\/p>\n\n\n\n<ul class=\"wp-block-list\">\n<li>marchew do pochrupania plus 3 orzechy w\u0142oskie<\/li>\n\n\n\n<li>pomidorki cherry podane z sa\u0142at\u0105 i upra\u017conymi ziarnami s\u0142onecznika, pokropione cytryn\u0105, oliw\u0105 z oliwek i doprawione do smaku ulubionymi zio\u0142ami<\/li>\n<\/ul>\n\n\n\n<p><strong>Kolacja<\/strong><\/p>\n\n\n\n<ul class=\"wp-block-list\">\n<li>kanapka z pieczywa pe\u0142noziarnistego z plastrami awokado i jajkiem na twardo, do tego og\u00f3rek zielony i kie\u0142ki rzodkiewki<\/li>\n\n\n\n<li>jajecznica, podana z pieczywem \u017cytnim razowym oraz papryk\u0105 i rukol\u0105<\/li>\n<\/ul>\n\n\n\n<hr class=\"wp-block-separator has-alpha-channel-opacity\"\/>\n\n\n\n<p>Pi\u015bmiennictwo<\/p>\n\n\n\n<ol class=\"wp-block-list\">\n<li>Narodowe Centrum Edukacji \u017bywieniowej \u201eJaka dieta w niedoczynno\u015bci tarczycy\u201d<\/li>\n<\/ol>\n","protected":false},"excerpt":{"rendered":"<p>Jakich produkt\u00f3w spo\u017cywczych powinny unika\u0107 osoby choruj\u0105ce na niedoczynno\u015b\u0107 tarczycy?<\/p>\n","protected":false},"author":141,"featured_media":10678,"comment_status":"closed","ping_status":"open","sticky":false,"template":"","format":"standard","meta":{"_acf_changed":false,"inline_featured_image":false,"footnotes":""},"categories":[16,17],"tags":[],"coauthors":[191],"class_list":{"0":"post-10654","1":"post","2":"type-post","3":"status-publish","4":"format-standard","5":"has-post-thumbnail","7":"category-diagnostyka-chorob-tarczycy","8":"category-dieta"},"acf":[],"yoast_head":"<!-- This site is optimized with the Yoast SEO plugin v27.4 - https:\/\/yoast.com\/product\/yoast-seo-wordpress\/ -->\n<title>Dieta w niedoczynno\u015bci tarczycy - ALAB Laboratoria<\/title>\n<meta name=\"description\" content=\"Dieta w niedoczynno\u015bci tarczycy - jakie produkty s\u0105 wskazane, a jakie zabronione? Poznaj przyk\u0142adowy jad\u0142ospis dla os\u00f3b z niedoczynno\u015bci\u0105 tarczycy.\" \/>\n<meta name=\"robots\" content=\"index, follow, max-snippet:-1, max-image-preview:large, max-video-preview:-1\" \/>\n<link rel=\"canonical\" href=\"https:\/\/www.alab.pl\/centrum-wiedzy\/dieta-w-niedoczynnosci-tarczycy\/\" \/>\n<meta property=\"og:locale\" content=\"pl_PL\" \/>\n<meta property=\"og:type\" content=\"article\" \/>\n<meta property=\"og:title\" content=\"Dieta w niedoczynno\u015bci tarczycy - ALAB Laboratoria\" \/>\n<meta property=\"og:description\" content=\"Dieta w niedoczynno\u015bci tarczycy - jakie produkty s\u0105 wskazane, a jakie zabronione? Poznaj przyk\u0142adowy jad\u0142ospis dla os\u00f3b z niedoczynno\u015bci\u0105 tarczycy.\" \/>\n<meta property=\"og:url\" content=\"https:\/\/www.alab.pl\/centrum-wiedzy\/dieta-w-niedoczynnosci-tarczycy\/\" \/>\n<meta property=\"og:site_name\" content=\"Centrum Wiedzy ALAB laboratoria\" \/>\n<meta property=\"article:publisher\" content=\"https:\/\/www.facebook.com\/ALABlaboratoria\" \/>\n<meta property=\"article:published_time\" content=\"2023-12-19T13:02:14+00:00\" \/>\n<meta property=\"og:image\" content=\"https:\/\/www.alab.pl\/centrum-wiedzy\/wp-content\/uploads\/2023\/12\/dieta-w-niedoczynnosci-tarczycy-jpg.webp\" \/>\n\t<meta property=\"og:image:width\" content=\"1200\" \/>\n\t<meta property=\"og:image:height\" content=\"801\" \/>\n\t<meta property=\"og:image:type\" content=\"image\/webp\" \/>\n<meta name=\"author\" content=\"Magdalena Konowrocka\" \/>\n<meta name=\"twitter:card\" content=\"summary_large_image\" \/>\n<meta name=\"twitter:label1\" content=\"Napisane przez\" \/>\n\t<meta name=\"twitter:data1\" content=\"Magdalena Konowrocka\" \/>\n\t<meta name=\"twitter:label2\" content=\"Szacowany czas czytania\" \/>\n\t<meta name=\"twitter:data2\" content=\"6 minut\" \/>\n\t<meta name=\"twitter:label3\" content=\"Written by\" \/>\n\t<meta name=\"twitter:data3\" content=\"Magdalena Konowrocka\" \/>\n<!-- \/ Yoast SEO plugin. -->","yoast_head_json":{"title":"Dieta w niedoczynno\u015bci tarczycy - ALAB Laboratoria","description":"Dieta w niedoczynno\u015bci tarczycy - jakie produkty s\u0105 wskazane, a jakie zabronione? Poznaj przyk\u0142adowy jad\u0142ospis dla os\u00f3b z niedoczynno\u015bci\u0105 tarczycy.","robots":{"index":"index","follow":"follow","max-snippet":"max-snippet:-1","max-image-preview":"max-image-preview:large","max-video-preview":"max-video-preview:-1"},"canonical":"https:\/\/www.alab.pl\/centrum-wiedzy\/dieta-w-niedoczynnosci-tarczycy\/","og_locale":"pl_PL","og_type":"article","og_title":"Dieta w niedoczynno\u015bci tarczycy - ALAB Laboratoria","og_description":"Dieta w niedoczynno\u015bci tarczycy - jakie produkty s\u0105 wskazane, a jakie zabronione? Poznaj przyk\u0142adowy jad\u0142ospis dla os\u00f3b z niedoczynno\u015bci\u0105 tarczycy.","og_url":"https:\/\/www.alab.pl\/centrum-wiedzy\/dieta-w-niedoczynnosci-tarczycy\/","og_site_name":"Centrum Wiedzy ALAB laboratoria","article_publisher":"https:\/\/www.facebook.com\/ALABlaboratoria","article_published_time":"2023-12-19T13:02:14+00:00","og_image":[{"width":1200,"height":801,"url":"https:\/\/www.alab.pl\/centrum-wiedzy\/wp-content\/uploads\/2023\/12\/dieta-w-niedoczynnosci-tarczycy-jpg.webp","type":"image\/webp"}],"author":"Magdalena Konowrocka","twitter_card":"summary_large_image","twitter_misc":{"Napisane przez":"Magdalena Konowrocka","Szacowany czas czytania":"6 minut","Written by":"Magdalena Konowrocka"},"schema":{"@context":"https:\/\/schema.org","@graph":[{"@type":"Article","@id":"https:\/\/www.alab.pl\/centrum-wiedzy\/dieta-w-niedoczynnosci-tarczycy\/#article","isPartOf":{"@id":"https:\/\/www.alab.pl\/centrum-wiedzy\/dieta-w-niedoczynnosci-tarczycy\/"},"author":{"name":"Magdalena Konowrocka","@id":"https:\/\/www.alab.pl\/centrum-wiedzy\/#\/schema\/person\/f5efeaa1a9dd143fd159fd2fc446631c"},"headline":"Dieta w niedoczynno\u015bci tarczycy","datePublished":"2023-12-19T13:02:14+00:00","mainEntityOfPage":{"@id":"https:\/\/www.alab.pl\/centrum-wiedzy\/dieta-w-niedoczynnosci-tarczycy\/"},"wordCount":1026,"publisher":{"@id":"https:\/\/www.alab.pl\/centrum-wiedzy\/#organization"},"image":{"@id":"https:\/\/www.alab.pl\/centrum-wiedzy\/dieta-w-niedoczynnosci-tarczycy\/#primaryimage"},"thumbnailUrl":"https:\/\/www.alab.pl\/centrum-wiedzy\/wp-content\/uploads\/2023\/12\/dieta-w-niedoczynnosci-tarczycy-jpg.webp","articleSection":["Diagnostyka chor\u00f3b tarczycy","Dieta i suplementacja"],"inLanguage":"pl-PL"},{"@type":"WebPage","@id":"https:\/\/www.alab.pl\/centrum-wiedzy\/dieta-w-niedoczynnosci-tarczycy\/","url":"https:\/\/www.alab.pl\/centrum-wiedzy\/dieta-w-niedoczynnosci-tarczycy\/","name":"Dieta w niedoczynno\u015bci tarczycy - ALAB Laboratoria","isPartOf":{"@id":"https:\/\/www.alab.pl\/centrum-wiedzy\/#website"},"primaryImageOfPage":{"@id":"https:\/\/www.alab.pl\/centrum-wiedzy\/dieta-w-niedoczynnosci-tarczycy\/#primaryimage"},"image":{"@id":"https:\/\/www.alab.pl\/centrum-wiedzy\/dieta-w-niedoczynnosci-tarczycy\/#primaryimage"},"thumbnailUrl":"https:\/\/www.alab.pl\/centrum-wiedzy\/wp-content\/uploads\/2023\/12\/dieta-w-niedoczynnosci-tarczycy-jpg.webp","datePublished":"2023-12-19T13:02:14+00:00","description":"Dieta w niedoczynno\u015bci tarczycy - jakie produkty s\u0105 wskazane, a jakie zabronione? Poznaj przyk\u0142adowy jad\u0142ospis dla os\u00f3b z niedoczynno\u015bci\u0105 tarczycy.","breadcrumb":{"@id":"https:\/\/www.alab.pl\/centrum-wiedzy\/dieta-w-niedoczynnosci-tarczycy\/#breadcrumb"},"inLanguage":"pl-PL","potentialAction":[{"@type":"ReadAction","target":["https:\/\/www.alab.pl\/centrum-wiedzy\/dieta-w-niedoczynnosci-tarczycy\/"]}]},{"@type":"ImageObject","inLanguage":"pl-PL","@id":"https:\/\/www.alab.pl\/centrum-wiedzy\/dieta-w-niedoczynnosci-tarczycy\/#primaryimage","url":"https:\/\/www.alab.pl\/centrum-wiedzy\/wp-content\/uploads\/2023\/12\/dieta-w-niedoczynnosci-tarczycy-jpg.webp","contentUrl":"https:\/\/www.alab.pl\/centrum-wiedzy\/wp-content\/uploads\/2023\/12\/dieta-w-niedoczynnosci-tarczycy-jpg.webp","width":1200,"height":801,"caption":"dieta w niedoczynno\u015bci tarczycy"},{"@type":"BreadcrumbList","@id":"https:\/\/www.alab.pl\/centrum-wiedzy\/dieta-w-niedoczynnosci-tarczycy\/#breadcrumb","itemListElement":[{"@type":"ListItem","position":1,"name":"Strona g\u0142\u00f3wna","item":"https:\/\/www.alab.pl\/centrum-wiedzy\/"},{"@type":"ListItem","position":2,"name":"Dieta w niedoczynno\u015bci tarczycy"}]},{"@type":"WebSite","@id":"https:\/\/www.alab.pl\/centrum-wiedzy\/#website","url":"https:\/\/www.alab.pl\/centrum-wiedzy\/","name":"Centrum Wiedzy ALAB laboratoria","description":"","publisher":{"@id":"https:\/\/www.alab.pl\/centrum-wiedzy\/#organization"},"potentialAction":[{"@type":"SearchAction","target":{"@type":"EntryPoint","urlTemplate":"https:\/\/www.alab.pl\/centrum-wiedzy\/?s={search_term_string}"},"query-input":{"@type":"PropertyValueSpecification","valueRequired":true,"valueName":"search_term_string"}}],"inLanguage":"pl-PL"},{"@type":"Organization","@id":"https:\/\/www.alab.pl\/centrum-wiedzy\/#organization","name":"Centrum Wiedzy ALAB laboratoria","url":"https:\/\/www.alab.pl\/centrum-wiedzy\/","logo":{"@type":"ImageObject","inLanguage":"pl-PL","@id":"https:\/\/www.alab.pl\/centrum-wiedzy\/#\/schema\/logo\/image\/","url":"https:\/\/www.alab.pl\/centrum-wiedzy\/wp-content\/uploads\/2022\/04\/alabek.jpg","contentUrl":"https:\/\/www.alab.pl\/centrum-wiedzy\/wp-content\/uploads\/2022\/04\/alabek.jpg","width":1250,"height":1251,"caption":"Centrum Wiedzy ALAB laboratoria"},"image":{"@id":"https:\/\/www.alab.pl\/centrum-wiedzy\/#\/schema\/logo\/image\/"},"sameAs":["https:\/\/www.facebook.com\/ALABlaboratoria"]},{"@type":"Person","@id":"https:\/\/www.alab.pl\/centrum-wiedzy\/#\/schema\/person\/f5efeaa1a9dd143fd159fd2fc446631c","name":"Magdalena Konowrocka","image":{"@type":"ImageObject","inLanguage":"pl-PL","@id":"https:\/\/www.alab.pl\/centrum-wiedzy\/wp-content\/uploads\/2023\/07\/Magdalena-Konowrocka-jpg-150x150.webp89854cb66701ee4f4b5429d528843904","url":"https:\/\/www.alab.pl\/centrum-wiedzy\/wp-content\/uploads\/2023\/07\/Magdalena-Konowrocka-jpg-150x150.webp","contentUrl":"https:\/\/www.alab.pl\/centrum-wiedzy\/wp-content\/uploads\/2023\/07\/Magdalena-Konowrocka-jpg-150x150.webp","caption":"Magdalena Konowrocka"},"description":"Dietetyk i psychodietetyk, absolwentka studi\u00f3w magisterskich na SGGW oraz studi\u00f3w podyplomowych na WUM na kierunku \u201eDietetyka w choroby wewn\u0119trznych i metabolicznych\u201d, studiowa\u0142a w Instytucie \u017bywienia i \u017bywno\u015bci \u201ePoradnictwo dietetyczne \u2013 post\u0119py w \u017cywieniu cz\u0142owieka\u201d. Prowadzi gabinet doradztwa \u017cywieniowego i dietetycznego Optimum Zdrowia.","url":"https:\/\/www.alab.pl\/centrum-wiedzy\/author\/magdalena-konowrocka\/"}]}},"_links":{"self":[{"href":"https:\/\/www.alab.pl\/centrum-wiedzy\/wp-json\/wp\/v2\/posts\/10654","targetHints":{"allow":["GET"]}}],"collection":[{"href":"https:\/\/www.alab.pl\/centrum-wiedzy\/wp-json\/wp\/v2\/posts"}],"about":[{"href":"https:\/\/www.alab.pl\/centrum-wiedzy\/wp-json\/wp\/v2\/types\/post"}],"author":[{"embeddable":true,"href":"https:\/\/www.alab.pl\/centrum-wiedzy\/wp-json\/wp\/v2\/users\/141"}],"replies":[{"embeddable":true,"href":"https:\/\/www.alab.pl\/centrum-wiedzy\/wp-json\/wp\/v2\/comments?post=10654"}],"version-history":[{"count":0,"href":"https:\/\/www.alab.pl\/centrum-wiedzy\/wp-json\/wp\/v2\/posts\/10654\/revisions"}],"wp:featuredmedia":[{"embeddable":true,"href":"https:\/\/www.alab.pl\/centrum-wiedzy\/wp-json\/wp\/v2\/media\/10678"}],"wp:attachment":[{"href":"https:\/\/www.alab.pl\/centrum-wiedzy\/wp-json\/wp\/v2\/media?parent=10654"}],"wp:term":[{"taxonomy":"category","embeddable":true,"href":"https:\/\/www.alab.pl\/centrum-wiedzy\/wp-json\/wp\/v2\/categories?post=10654"},{"taxonomy":"post_tag","embeddable":true,"href":"https:\/\/www.alab.pl\/centrum-wiedzy\/wp-json\/wp\/v2\/tags?post=10654"},{"taxonomy":"author","embeddable":true,"href":"https:\/\/www.alab.pl\/centrum-wiedzy\/wp-json\/wp\/v2\/coauthors?post=10654"}],"curies":[{"name":"wp","href":"https:\/\/api.w.org\/{rel}","templated":true}]}}