{"id":10803,"date":"2024-01-05T14:54:59","date_gmt":"2024-01-05T13:54:59","guid":{"rendered":"https:\/\/sklep.alablaboratoria.pl\/centrum-wiedzy\/?p=10803"},"modified":"2026-01-11T13:16:20","modified_gmt":"2026-01-11T12:16:20","slug":"nadcisnienie-tetnicze-choroba-takze-dzieci-i-mlodziezy","status":"publish","type":"post","link":"https:\/\/www.alab.pl\/centrum-wiedzy\/nadcisnienie-tetnicze-choroba-takze-dzieci-i-mlodziezy\/","title":{"rendered":"Nadci\u015bnienie t\u0119tnicze u dzieci i m\u0142odzie\u017cy &#8211; objawy i czynniki ryzyka"},"content":{"rendered":"\n<p>Spis tre\u015bci<\/p>\n\n\n\n<ol class=\"wp-block-list\">\n<li><a href=\"#n1\">Jak rozpoznawane jest nadci\u015bnienie t\u0119tnicze u dzieci i m\u0142odzie\u017cy?<\/a><\/li>\n\n\n\n<li><a href=\"#n2\">Gdzie i jak powinno si\u0119 przeprowadza\u0107 pomiary ci\u015bnienia t\u0119tniczego?<\/a><\/li>\n\n\n\n<li><a href=\"#n3\">Jakie s\u0105 czynniki ryzyka nadci\u015bnienia t\u0119tniczego u dzieci i m\u0142odzie\u017cy?<\/a><\/li>\n\n\n\n<li><a href=\"#n4\">Kiedy podejrzewa\u0107 chorob\u0119 &#8211; nadci\u015bnienie t\u0119tnicze u dzieci i m\u0142odzie\u017cy?<\/a><\/li>\n\n\n\n<li><a href=\"#n5\">Jakie s\u0105 konsekwencje niezdiagnozowanego nadci\u015bnienia t\u0119tniczego u dzieci i m\u0142odzie\u017cy?<\/a><\/li>\n\n\n\n<li><a href=\"#n6\">U mojego dziecka rozpoznano nadci\u015bnienie t\u0119tnicze &#8211; co dalej?<\/a><\/li>\n\n\n\n<li><a href=\"#n7\">Podsumowanie<\/a><\/li>\n<\/ol>\n\n\n\n<p><strong>Nadci\u015bnienie t\u0119tnicze <\/strong>jest najcz\u0119stsz\u0105 chorob\u0105 uk\u0142adu kr\u0105\u017cenia na \u015bwiecie i wed\u0142ug \u015awiatowej Organizacji Zdrowia dotyka zatrwa\u017caj\u0105ce 1,28 miliarda doros\u0142ych na ca\u0142ym \u015bwiecie. Nie oznacza to braku schorzenia <strong>w\u015br\u00f3d dzieci i m\u0142odzie\u017cy, gdzie wed\u0142ug danych epidemiologicznych zmaga si\u0119 z nim od 3 do 5% populacji pediatrycznej, a kolejne 10 do 14% charakteryzuje si\u0119 podwy\u017cszonym ci\u015bnieniem krwi<\/strong>. Jaka jest definicja choroby u dzieci? Jakie s\u0105 czynniki ryzyka? Kiedy podejrzewa\u0107 schorzenie? Jakie s\u0105 konsekwencje zaniechania pomocy lekarskiej? Zapraszamy do lektury.<\/p>\n\n\n\n<h2 class=\"wp-block-heading\" id=\"n1\">Jak rozpoznawane jest nadci\u015bnienie t\u0119tnicze u dzieci i m\u0142odzie\u017cy?<\/h2>\n\n\n\n<p>Wed\u0142ug wytycznych Ameryka\u0144skiej Akademii Pediatrii z 2017 roku w przypadku m\u0142odzie\u017cy w wieku przedpokwitaniowym jako stan przednadci\u015bnieniowy podano ci\u015bnienie skurczowe i\/lub rozkurczowe znajduj\u0105ce si\u0119 mi\u0119dzy 90. a 95. percentylem, z kolei w kolejnym przedziale wiekowym granic\u0119 odci\u0119cia wynosz\u0105 warto\u015bci przekraczaj\u0105ce 120\/80 mm\u2009Hg lub zakres 90-95. percentyl, w zale\u017cno\u015bci od tego, kt\u00f3ra warto\u015b\u0107 by\u0142a ni\u017csza. Zdecydowanie prostsz\u0105 definicj\u0119 podaj\u0105 wydane w tym roku wytyczne Europejskiego Towarzystwa Nadci\u015bnienia t\u0119tniczego; wed\u0142ug nich<strong> dla grupy wiekowej do 15. roku \u017cycia granic\u0105 rozpoznania nadci\u015bnienia t\u0119tniczego s\u0105 warto\u015bci r\u00f3wne lub przekraczaj\u0105ce 95. percentyl, natomiast ju\u017c od 16. roku \u017cycia obowi\u0105zuj\u0105 kryteria jak u doros\u0142ych (czyli 140\/90 mmHg)<\/strong>. Jak zatem zinterpretowa\u0107 domowy pomiar ci\u015bnienia u dziecka? W ksi\u0105\u017ceczce zdrowia, na ostatnich stronach, znajduj\u0105 si\u0119 siatki centylowe odnosz\u0105ce si\u0119 do prawid\u0142owych dla p\u0142ci i wieku warto\u015bci ci\u015bnienia; w przypadku problem\u00f3w z odpowiednim odczytem powinno si\u0119 skorzysta\u0107 z pomocy personelu medycznego.<\/p>\n\n\n\n<h2 class=\"wp-block-heading\" id=\"n2\">Gdzie i jak powinno si\u0119 przeprowadza\u0107 pomiary ci\u015bnienia t\u0119tniczego?<\/h2>\n\n\n\n<p>Wed\u0142ug zalece\u0144 ekspert\u00f3w <strong>ci\u015bnienie t\u0119tnicze nale\u017cy mierzy\u0107 co roku u dzieci i m\u0142odzie\u017cy w wieku co najmniej 3 lat<\/strong>, a w przypadku dodatkowych obci\u0105\u017ce\u0144 w postaci <a href=\"https:\/\/www.alab.pl\/centrum-wiedzy\/otylosc-u-dzieci-i-mlodziezy-powazna-choroba-i-duze-wyzwanie\/\">oty\u0142o\u015bci<\/a>, przyjmowania lek\u00f3w podwy\u017cszaj\u0105cych ci\u015bnienie, wsp\u00f3\u0142istniej\u0105cej choroby nerek, <a href=\"https:\/\/www.alab.pl\/centrum-wiedzy\/cukrzyca\/\">cukrzycy<\/a> lub koarktacji aorty podczas ka\u017cdej wizyty lekarskiej, a ta rekomendacja dotyczy tak\u017ce dzieci poni\u017cej 3. roku \u017cycia. Przed pomiarem dziecko powinno zosta\u0107 posadzone w cichym, spokojnym miejscu do 5 minut, a sam pomiar powinien by\u0107 przeprowadzany na prawym ramieniu, kt\u00f3re powinno znajdowa\u0107 si\u0119 na poziomie serca, by\u0107 podparte i ods\u0142oni\u0119te; najlepiej, gdy mankiet wynosi 80\u2013100% obwodu ramienia, a jego szeroko\u015b\u0107 si\u0119ga co najmniej 40%. Warto pami\u0119ta\u0107, \u017ce pomiary domowe nie s\u0142u\u017c\u0105 do rozpoznawania nadci\u015bnienia t\u0119tniczego i stan\u00f3w pochodnych, mog\u0105 jednak stanowi\u0107 cenne \u017ar\u00f3d\u0142o informacji o przebiegu ju\u017c rozpoznanej choroby.<\/p>\n\n\n<div class=\"wp-block-image\">\n<figure class=\"aligncenter size-full\"><img loading=\"lazy\" decoding=\"async\" width=\"980\" height=\"885\" src=\"https:\/\/www.alab.pl\/centrum-wiedzy\/wp-content\/uploads\/2024\/01\/mierzenie-cisnienia-u-dzieci-infografika-jpg.webp\" alt=\"mierzenie ci\u015bnienia t\u0119tniczego u dzieci infografika\" class=\"wp-image-10823\" srcset=\"https:\/\/www.alab.pl\/centrum-wiedzy\/wp-content\/uploads\/2024\/01\/mierzenie-cisnienia-u-dzieci-infografika-jpg.webp 980w, https:\/\/www.alab.pl\/centrum-wiedzy\/wp-content\/uploads\/2024\/01\/mierzenie-cisnienia-u-dzieci-infografika-jpg-768x694.webp 768w, https:\/\/www.alab.pl\/centrum-wiedzy\/wp-content\/uploads\/2024\/01\/mierzenie-cisnienia-u-dzieci-infografika-jpg-150x135.webp 150w, https:\/\/www.alab.pl\/centrum-wiedzy\/wp-content\/uploads\/2024\/01\/mierzenie-cisnienia-u-dzieci-infografika-jpg-300x271.webp 300w, https:\/\/www.alab.pl\/centrum-wiedzy\/wp-content\/uploads\/2024\/01\/mierzenie-cisnienia-u-dzieci-infografika-jpg-696x629.webp 696w\" sizes=\"auto, (max-width: 980px) 100vw, 980px\" \/><\/figure><\/div>\n\n\n<h2 class=\"wp-block-heading\" id=\"n3\">Jakie s\u0105 czynniki ryzyka nadci\u015bnienia t\u0119tniczego u dzieci i m\u0142odzie\u017cy?<\/h2>\n\n\n\n<p>Nie wszystkie dzieci s\u0105 w tym samym stopniu nara\u017cone na zachorowanie, co w du\u017cej mierze zale\u017cy od prowadzonego trybu \u017cycia, obci\u0105\u017cenia rodzinnego i przebytych schorze\u0144. Do najsilniej udowodnionych nale\u017c\u0105 <strong>oty\u0142o\u015b\u0107, siedz\u0105cy tryb \u017cycia, wysokie spo\u017cycie sodu w diecie, obecno\u015b\u0107 nadci\u015bnienia t\u0119tniczego u najbli\u017cszych krewnych, a tak\u017ce wywiad oko\u0142oporodowy <\/strong>(niska masa urodzeniowa i wcze\u015bniactwo). Do zachorowania predysponuj\u0105 tak\u017ce liczne <strong>schorzenia nerek<\/strong> (ostre uszkodzenie i <a href=\"https:\/\/www.alab.pl\/centrum-wiedzy\/przewlekla-choroba-nerek-objawy-przyczyny-powiklania-diagnostyka\/\">przewlek\u0142a choroba nerek<\/a>, zapalenia k\u0142\u0119buszkowe, zesp\u00f3\u0142 nerczycowy, wielotorbielowato\u015b\u0107, zesp\u00f3\u0142 hemolityczno-mocznicowy), <strong>choroby endokrynologiczne<\/strong> (wrodzony przerost nadnerczy, zesp\u00f3\u0142 Cushinga, nadczynno\u015b\u0107 i <a href=\"https:\/\/www.alab.pl\/centrum-wiedzy\/niedoczynnosc-tarczycy\/\">niedoczynno\u015b\u0107 tarczycy<\/a>, cukrzyca), <strong>wady serca i naczy\u0144<\/strong> (koarktacja aorty, zw\u0119\u017cenie t\u0119tnicy nerkowej, zakrzepica \u017cy\u0142 nerkowych), <strong>nowotwory <\/strong>(guz Wilmsa, guz chromoch\u0142onny), a tak\u017ce <strong>niekt\u00f3re choroby neurologiczne<\/strong> i <strong>przyjmowane substancje, w tym leki<\/strong> (np. sterydy, kofeina, nikotyna, doustne \u015brodki antykoncepcyjne).<\/p>\n\n\n\n<h2 class=\"wp-block-heading\" id=\"n4\">Kiedy podejrzewa\u0107 chorob\u0119 &#8211; nadci\u015bnienie t\u0119tnicze u dzieci i m\u0142odzie\u017cy?<\/h2>\n\n\n\n<p>W wi\u0119kszo\u015bci przypadk\u00f3w u dzieci i m\u0142odzie\u017cy choroba przebiega<strong> bezobjawowo<\/strong>, zdarza si\u0119 jednak, \u017ce m\u0142odociani uskar\u017caj\u0105 si\u0119 na<strong> b\u00f3le g\u0142owy, zm\u0119czenie, krwawienia z nosa, zaburzenia snu, nastroju i trudno\u015bci szkolne<\/strong>. Z uwagi na cz\u0119st\u0105 wspomnian\u0105 bezobjawowo\u015b\u0107 sama obecno\u015b\u0107 wymienionych wy\u017cej czynnik\u00f3w ryzyka powinna sk\u0142ania\u0107 ku monitorowaniu w kierunku potencjalnego nadci\u015bnienia t\u0119tniczego.<\/p>\n\n\n\n<h2 class=\"wp-block-heading\" id=\"n5\">Jakie s\u0105 konsekwencje niezdiagnozowanego nadci\u015bnienia t\u0119tniczego u dzieci i m\u0142odzie\u017cy?<\/h2>\n\n\n\n<p>Choroby przewlek\u0142e przez wiele lat mog\u0105 przebiega\u0107 bez dolegliwo\u015bci i odczuwalnych konsekwencji, nie oznacza to jednak braku uszczerbku na zdrowiu. Istniej\u0105 ograniczone bezpo\u015brednie dowody na ci\u0119\u017ckie powik\u0142ania sercowo-naczyniowe w przypadku nadci\u015bnienia t\u0119tniczego u dzieci, jednak odnosz\u0105c si\u0119 do danych z niedawno opublikowanego badania z udzia\u0142em niemal 2000 dzieci w wieku szkolnym w wieku 6\u201315 lat obserwowanych przez 30 lat, rozkurczowe ci\u015bnienie krwi przekraczaj\u0105ce 80 mmHg wi\u0105za\u0142o si\u0119 z 66% <strong>wi\u0119kszym ryzykiem uszkodzenia t\u0119tnic szyjnych<\/strong>, 127% <strong>wi\u0119kszym ryzykiem uszkodzenia nerek w postaci albuminurii <\/strong>i o 148%<strong> zwi\u0119kszonym ryzykiem przerostu lewej komory<\/strong>.<\/p>\n\n\n\n<h2 class=\"wp-block-heading\" id=\"n6\">U mojego dziecka rozpoznano nadci\u015bnienie t\u0119tnicze &#8211; co dalej?<\/h2>\n\n\n\n<p>Po rozpoznaniu (w plac\u00f3wce opieki zdrowotnej, nie w pomiarach domowych) nadci\u015bnienia t\u0119tniczego u dziecka jednym z najwa\u017cniejszych etap\u00f3w diagnostycznych jest <strong>potwierdzenie rozpoznania, a nast\u0119pnie okre\u015blenie stopnia jego ci\u0119\u017cko\u015bci<\/strong> &#8211; od tego zale\u017c\u0105 bowiem dalsze kroki. Pierwszym z nich jest <strong>poszukiwanie przyczyn<\/strong> (u dzieci udzia\u0142 nadci\u015bnienia t\u0119tniczego wt\u00f3rnego, b\u0119d\u0105cego konsekwencj\u0105 innych schorze\u0144, jest istotny w ka\u017cdym przedziale wieku), w drugim ocenia si\u0119 <strong>wsp\u00f3\u0142istniej\u0105ce czynniki ryzyka <\/strong>powik\u0142a\u0144 sercowo-naczyniowych. R\u00f3wnocze\u015bnie, wed\u0142ug tak\u017ce krajowych rekomendacji eksperckich, nale\u017cy oceni\u0107 stan narz\u0105d\u00f3w, do uszkodzenia kt\u00f3rych dochodzi w przebiegu choroby.<\/p>\n\n\n\n<h2 class=\"wp-block-heading\" id=\"n7\">Podsumowanie<\/h2>\n\n\n\n<p>Nadci\u015bnienie t\u0119tnicze u dzieci ma <strong>znacz\u0105cy wp\u0142yw na zdrowie w kontek\u015bcie d\u0142ugoterminowym<\/strong>, st\u0105d tak wa\u017cne jest pami\u0119tanie o obecno\u015bci choroby tak\u017ce i w tej populacji. Tym bardziej \u017ce <strong>obecnie istniej\u0105 standardy skutecznego leczenia<\/strong>, kt\u00f3re umo\u017cliwi wej\u015bcie w doros\u0142o\u015b\u0107 bez pot\u0119\u017cnego, ci\u0119\u017ckiego baga\u017cu w postaci zwi\u0119kszonego ryzyka innych chor\u00f3b sercowo-naczyniowych.<\/p>\n\n\n\n<p><strong>Przeczytaj te\u017c: <a href=\"https:\/\/www.alab.pl\/centrum-wiedzy\/nadcisnienie-tetnicze-klasyfikacja-przyczyny-jak-mierzyc-cisnienie\/\">Nadci\u015bnienie t\u0119tnicze &#8211; nowe rekomendacje<\/a><\/strong><\/p>\n\n\n\n<hr class=\"wp-block-separator has-alpha-channel-opacity\"\/>\n\n\n\n<p>Pi\u015bmiennictwo<\/p>\n\n\n\n<ol class=\"wp-block-list\">\n<li><a href=\"https:\/\/publications.aap.org\/pediatrics\/article\/140\/3\/e20171904\/38358\/Clinical-Practice-Guideline-for-Screening-and?autologincheck=redirected\" target=\"_blank\" rel=\"noreferrer noopener nofollow\">https:\/\/publications.aap.org\/pediatrics\/article\/140\/3\/e20171904\/38358\/Clinical-Practice-Guideline-for-Screening-and?autologincheck=redirected<\/a><\/li>\n\n\n\n<li><a href=\"https:\/\/academic.oup.com\/ndt\/advance-article\/doi\/10.1093\/ndt\/gfad207\/7273852\" target=\"_blank\" rel=\"noreferrer noopener nofollow\">https:\/\/academic.oup.com\/ndt\/advance-article\/doi\/10.1093\/ndt\/gfad207\/7273852<\/a><\/li>\n\n\n\n<li><a href=\"https:\/\/pubmed.ncbi.nlm.nih.gov\/37345492\/\" target=\"_blank\" rel=\"noreferrer noopener nofollow\">https:\/\/pubmed.ncbi.nlm.nih.gov\/37345492\/<\/a><\/li>\n\n\n\n<li><a href=\"https:\/\/www.ncbi.nlm.nih.gov\/pmc\/articles\/PMC9091586\/\" target=\"_blank\" rel=\"noreferrer noopener nofollow\">https:\/\/www.ncbi.nlm.nih.gov\/pmc\/articles\/PMC9091586\/<\/a><\/li>\n\n\n\n<li><a href=\"https:\/\/www.ncbi.nlm.nih.gov\/pmc\/articles\/PMC9072228\/\" target=\"_blank\" rel=\"noreferrer noopener nofollow\">https:\/\/www.ncbi.nlm.nih.gov\/pmc\/articles\/PMC9072228\/<\/a><\/li>\n\n\n\n<li><a href=\"https:\/\/journals.lww.com\/jhypertension\/fulltext\/2023\/12000\/2023_esh_guidelines_for_the_management_of_arterial.2.aspx\" target=\"_blank\" rel=\"noreferrer noopener nofollow\">https:\/\/journals.lww.com\/jhypertension\/fulltext\/2023\/12000\/2023_esh_guidelines_for_the_management_of_arterial.2.aspx<\/a><\/li>\n<\/ol>\n","protected":false},"excerpt":{"rendered":"<p>Jak cz\u0119sto wyst\u0119puje nadci\u015bnienie t\u0119tnicze u dzieci i jak je rozpozna\u0107?<\/p>\n","protected":false},"author":154,"featured_media":10825,"comment_status":"closed","ping_status":"open","sticky":false,"template":"","format":"standard","meta":{"_acf_changed":false,"inline_featured_image":false,"footnotes":""},"categories":[11,30],"tags":[],"coauthors":[151],"class_list":{"0":"post-10803","1":"post","2":"type-post","3":"status-publish","4":"format-standard","5":"has-post-thumbnail","8":"category-zdrowie-dzieci-i-mlodziezy"},"acf":[],"yoast_head":"<!-- This site is optimized with the Yoast SEO plugin v27.5 - https:\/\/yoast.com\/product\/yoast-seo-wordpress\/ -->\n<title>Nadci\u015bnienie t\u0119tnicze u dzieci i m\u0142odzie\u017cy - ALAB Laboratoria<\/title>\n<meta name=\"description\" content=\"Nadci\u015bnienie t\u0119tnicze u dzieci i m\u0142odzie\u017cy - poznaj czynniki ryzyka, metody diagnostyki i leczenia oraz konsekwencje nieleczonego nadci\u015bnienia.\" \/>\n<meta name=\"robots\" content=\"index, follow, max-snippet:-1, max-image-preview:large, max-video-preview:-1\" \/>\n<link rel=\"canonical\" href=\"https:\/\/www.alab.pl\/centrum-wiedzy\/nadcisnienie-tetnicze-choroba-takze-dzieci-i-mlodziezy\/\" \/>\n<meta property=\"og:locale\" content=\"pl_PL\" \/>\n<meta property=\"og:type\" content=\"article\" \/>\n<meta property=\"og:title\" content=\"Nadci\u015bnienie t\u0119tnicze u dzieci i m\u0142odzie\u017cy - ALAB Laboratoria\" \/>\n<meta property=\"og:description\" content=\"Nadci\u015bnienie t\u0119tnicze u dzieci i m\u0142odzie\u017cy - poznaj czynniki ryzyka, metody diagnostyki i leczenia oraz konsekwencje nieleczonego nadci\u015bnienia.\" \/>\n<meta property=\"og:url\" content=\"https:\/\/www.alab.pl\/centrum-wiedzy\/nadcisnienie-tetnicze-choroba-takze-dzieci-i-mlodziezy\/\" \/>\n<meta property=\"og:site_name\" content=\"Centrum Wiedzy ALAB laboratoria\" \/>\n<meta property=\"article:publisher\" content=\"https:\/\/www.facebook.com\/ALABlaboratoria\" \/>\n<meta property=\"article:published_time\" content=\"2024-01-05T13:54:59+00:00\" \/>\n<meta property=\"article:modified_time\" content=\"2026-01-11T12:16:20+00:00\" \/>\n<meta property=\"og:image\" content=\"https:\/\/www.alab.pl\/centrum-wiedzy\/wp-content\/uploads\/2024\/01\/nadcisnienie-u-dzieci-i-mlodziezy-jpg.webp\" \/>\n\t<meta property=\"og:image:width\" content=\"1200\" \/>\n\t<meta property=\"og:image:height\" content=\"801\" \/>\n\t<meta property=\"og:image:type\" content=\"image\/webp\" \/>\n<meta name=\"author\" content=\"Damian Matusiak\" \/>\n<meta name=\"twitter:card\" content=\"summary_large_image\" \/>\n<meta name=\"twitter:label1\" content=\"Napisane przez\" \/>\n\t<meta name=\"twitter:data1\" content=\"Damian Matusiak\" \/>\n\t<meta name=\"twitter:label2\" content=\"Szacowany czas czytania\" \/>\n\t<meta name=\"twitter:data2\" content=\"6 minut\" \/>\n\t<meta name=\"twitter:label3\" content=\"Written by\" \/>\n\t<meta name=\"twitter:data3\" content=\"Damian Matusiak\" \/>\n<!-- \/ Yoast SEO plugin. -->","yoast_head_json":{"title":"Nadci\u015bnienie t\u0119tnicze u dzieci i m\u0142odzie\u017cy - ALAB Laboratoria","description":"Nadci\u015bnienie t\u0119tnicze u dzieci i m\u0142odzie\u017cy - poznaj czynniki ryzyka, metody diagnostyki i leczenia oraz konsekwencje nieleczonego nadci\u015bnienia.","robots":{"index":"index","follow":"follow","max-snippet":"max-snippet:-1","max-image-preview":"max-image-preview:large","max-video-preview":"max-video-preview:-1"},"canonical":"https:\/\/www.alab.pl\/centrum-wiedzy\/nadcisnienie-tetnicze-choroba-takze-dzieci-i-mlodziezy\/","og_locale":"pl_PL","og_type":"article","og_title":"Nadci\u015bnienie t\u0119tnicze u dzieci i m\u0142odzie\u017cy - ALAB Laboratoria","og_description":"Nadci\u015bnienie t\u0119tnicze u dzieci i m\u0142odzie\u017cy - poznaj czynniki ryzyka, metody diagnostyki i leczenia oraz konsekwencje nieleczonego nadci\u015bnienia.","og_url":"https:\/\/www.alab.pl\/centrum-wiedzy\/nadcisnienie-tetnicze-choroba-takze-dzieci-i-mlodziezy\/","og_site_name":"Centrum Wiedzy ALAB laboratoria","article_publisher":"https:\/\/www.facebook.com\/ALABlaboratoria","article_published_time":"2024-01-05T13:54:59+00:00","article_modified_time":"2026-01-11T12:16:20+00:00","og_image":[{"width":1200,"height":801,"url":"https:\/\/www.alab.pl\/centrum-wiedzy\/wp-content\/uploads\/2024\/01\/nadcisnienie-u-dzieci-i-mlodziezy-jpg.webp","type":"image\/webp"}],"author":"Damian Matusiak","twitter_card":"summary_large_image","twitter_misc":{"Napisane przez":"Damian Matusiak","Szacowany czas czytania":"6 minut","Written by":"Damian Matusiak"},"schema":{"@context":"https:\/\/schema.org","@graph":[{"@type":"Article","@id":"https:\/\/www.alab.pl\/centrum-wiedzy\/nadcisnienie-tetnicze-choroba-takze-dzieci-i-mlodziezy\/#article","isPartOf":{"@id":"https:\/\/www.alab.pl\/centrum-wiedzy\/nadcisnienie-tetnicze-choroba-takze-dzieci-i-mlodziezy\/"},"author":{"name":"Damian Matusiak","@id":"https:\/\/www.alab.pl\/centrum-wiedzy\/#\/schema\/person\/5709fe1c1c909754033072d7f8155a44"},"headline":"Nadci\u015bnienie t\u0119tnicze u dzieci i m\u0142odzie\u017cy &#8211; objawy i czynniki ryzyka","datePublished":"2024-01-05T13:54:59+00:00","dateModified":"2026-01-11T12:16:20+00:00","mainEntityOfPage":{"@id":"https:\/\/www.alab.pl\/centrum-wiedzy\/nadcisnienie-tetnicze-choroba-takze-dzieci-i-mlodziezy\/"},"wordCount":1137,"publisher":{"@id":"https:\/\/www.alab.pl\/centrum-wiedzy\/#organization"},"image":{"@id":"https:\/\/www.alab.pl\/centrum-wiedzy\/nadcisnienie-tetnicze-choroba-takze-dzieci-i-mlodziezy\/#primaryimage"},"thumbnailUrl":"https:\/\/www.alab.pl\/centrum-wiedzy\/wp-content\/uploads\/2024\/01\/nadcisnienie-u-dzieci-i-mlodziezy-jpg.webp","articleSection":["Choroby serca i uk\u0142adu kr\u0105\u017cenia","Zdrowie dzieci i m\u0142odzie\u017cy"],"inLanguage":"pl-PL"},{"@type":"WebPage","@id":"https:\/\/www.alab.pl\/centrum-wiedzy\/nadcisnienie-tetnicze-choroba-takze-dzieci-i-mlodziezy\/","url":"https:\/\/www.alab.pl\/centrum-wiedzy\/nadcisnienie-tetnicze-choroba-takze-dzieci-i-mlodziezy\/","name":"Nadci\u015bnienie t\u0119tnicze u dzieci i m\u0142odzie\u017cy - ALAB Laboratoria","isPartOf":{"@id":"https:\/\/www.alab.pl\/centrum-wiedzy\/#website"},"primaryImageOfPage":{"@id":"https:\/\/www.alab.pl\/centrum-wiedzy\/nadcisnienie-tetnicze-choroba-takze-dzieci-i-mlodziezy\/#primaryimage"},"image":{"@id":"https:\/\/www.alab.pl\/centrum-wiedzy\/nadcisnienie-tetnicze-choroba-takze-dzieci-i-mlodziezy\/#primaryimage"},"thumbnailUrl":"https:\/\/www.alab.pl\/centrum-wiedzy\/wp-content\/uploads\/2024\/01\/nadcisnienie-u-dzieci-i-mlodziezy-jpg.webp","datePublished":"2024-01-05T13:54:59+00:00","dateModified":"2026-01-11T12:16:20+00:00","description":"Nadci\u015bnienie t\u0119tnicze u dzieci i m\u0142odzie\u017cy - poznaj czynniki ryzyka, metody diagnostyki i leczenia oraz konsekwencje nieleczonego nadci\u015bnienia.","breadcrumb":{"@id":"https:\/\/www.alab.pl\/centrum-wiedzy\/nadcisnienie-tetnicze-choroba-takze-dzieci-i-mlodziezy\/#breadcrumb"},"inLanguage":"pl-PL","potentialAction":[{"@type":"ReadAction","target":["https:\/\/www.alab.pl\/centrum-wiedzy\/nadcisnienie-tetnicze-choroba-takze-dzieci-i-mlodziezy\/"]}]},{"@type":"ImageObject","inLanguage":"pl-PL","@id":"https:\/\/www.alab.pl\/centrum-wiedzy\/nadcisnienie-tetnicze-choroba-takze-dzieci-i-mlodziezy\/#primaryimage","url":"https:\/\/www.alab.pl\/centrum-wiedzy\/wp-content\/uploads\/2024\/01\/nadcisnienie-u-dzieci-i-mlodziezy-jpg.webp","contentUrl":"https:\/\/www.alab.pl\/centrum-wiedzy\/wp-content\/uploads\/2024\/01\/nadcisnienie-u-dzieci-i-mlodziezy-jpg.webp","width":1200,"height":801,"caption":"nadci\u015bnienie t\u0119tnicze u dzieci i m\u0142odzie\u017cy"},{"@type":"BreadcrumbList","@id":"https:\/\/www.alab.pl\/centrum-wiedzy\/nadcisnienie-tetnicze-choroba-takze-dzieci-i-mlodziezy\/#breadcrumb","itemListElement":[{"@type":"ListItem","position":1,"name":"Strona g\u0142\u00f3wna","item":"https:\/\/www.alab.pl\/centrum-wiedzy\/"},{"@type":"ListItem","position":2,"name":"Nadci\u015bnienie t\u0119tnicze u dzieci i m\u0142odzie\u017cy &#8211; objawy i czynniki ryzyka"}]},{"@type":"WebSite","@id":"https:\/\/www.alab.pl\/centrum-wiedzy\/#website","url":"https:\/\/www.alab.pl\/centrum-wiedzy\/","name":"Centrum Wiedzy ALAB laboratoria","description":"","publisher":{"@id":"https:\/\/www.alab.pl\/centrum-wiedzy\/#organization"},"potentialAction":[{"@type":"SearchAction","target":{"@type":"EntryPoint","urlTemplate":"https:\/\/www.alab.pl\/centrum-wiedzy\/?s={search_term_string}"},"query-input":{"@type":"PropertyValueSpecification","valueRequired":true,"valueName":"search_term_string"}}],"inLanguage":"pl-PL"},{"@type":"Organization","@id":"https:\/\/www.alab.pl\/centrum-wiedzy\/#organization","name":"Centrum Wiedzy ALAB laboratoria","url":"https:\/\/www.alab.pl\/centrum-wiedzy\/","logo":{"@type":"ImageObject","inLanguage":"pl-PL","@id":"https:\/\/www.alab.pl\/centrum-wiedzy\/#\/schema\/logo\/image\/","url":"https:\/\/www.alab.pl\/centrum-wiedzy\/wp-content\/uploads\/2022\/04\/alabek.jpg","contentUrl":"https:\/\/www.alab.pl\/centrum-wiedzy\/wp-content\/uploads\/2022\/04\/alabek.jpg","width":1250,"height":1251,"caption":"Centrum Wiedzy ALAB laboratoria"},"image":{"@id":"https:\/\/www.alab.pl\/centrum-wiedzy\/#\/schema\/logo\/image\/"},"sameAs":["https:\/\/www.facebook.com\/ALABlaboratoria"]},{"@type":"Person","@id":"https:\/\/www.alab.pl\/centrum-wiedzy\/#\/schema\/person\/5709fe1c1c909754033072d7f8155a44","name":"Damian Matusiak","image":{"@type":"ImageObject","inLanguage":"pl-PL","@id":"https:\/\/www.alab.pl\/centrum-wiedzy\/wp-content\/uploads\/2023\/10\/Damian-Matusiak-jpg-150x150.webp4a39f9a6ab8bdce93cc7d4859c6e6401","url":"https:\/\/www.alab.pl\/centrum-wiedzy\/wp-content\/uploads\/2023\/10\/Damian-Matusiak-jpg-150x150.webp","contentUrl":"https:\/\/www.alab.pl\/centrum-wiedzy\/wp-content\/uploads\/2023\/10\/Damian-Matusiak-jpg-150x150.webp","caption":"Damian Matusiak"},"description":"Specjalista pediatrii, kieruj\u0105cy Oddzia\u0142em Pediatrycznym w Lesznie, absolwent Uniwersytetu Medycznego im. Karola Marcinkowskiego w Poznaniu; pasjonat ultrasonografii i nowinek ze \u015bwiata nauki.","url":"https:\/\/www.alab.pl\/centrum-wiedzy\/author\/damian-matusiak\/"}]}},"_links":{"self":[{"href":"https:\/\/www.alab.pl\/centrum-wiedzy\/wp-json\/wp\/v2\/posts\/10803","targetHints":{"allow":["GET"]}}],"collection":[{"href":"https:\/\/www.alab.pl\/centrum-wiedzy\/wp-json\/wp\/v2\/posts"}],"about":[{"href":"https:\/\/www.alab.pl\/centrum-wiedzy\/wp-json\/wp\/v2\/types\/post"}],"author":[{"embeddable":true,"href":"https:\/\/www.alab.pl\/centrum-wiedzy\/wp-json\/wp\/v2\/users\/154"}],"replies":[{"embeddable":true,"href":"https:\/\/www.alab.pl\/centrum-wiedzy\/wp-json\/wp\/v2\/comments?post=10803"}],"version-history":[{"count":2,"href":"https:\/\/www.alab.pl\/centrum-wiedzy\/wp-json\/wp\/v2\/posts\/10803\/revisions"}],"predecessor-version":[{"id":28971,"href":"https:\/\/www.alab.pl\/centrum-wiedzy\/wp-json\/wp\/v2\/posts\/10803\/revisions\/28971"}],"wp:featuredmedia":[{"embeddable":true,"href":"https:\/\/www.alab.pl\/centrum-wiedzy\/wp-json\/wp\/v2\/media\/10825"}],"wp:attachment":[{"href":"https:\/\/www.alab.pl\/centrum-wiedzy\/wp-json\/wp\/v2\/media?parent=10803"}],"wp:term":[{"taxonomy":"category","embeddable":true,"href":"https:\/\/www.alab.pl\/centrum-wiedzy\/wp-json\/wp\/v2\/categories?post=10803"},{"taxonomy":"post_tag","embeddable":true,"href":"https:\/\/www.alab.pl\/centrum-wiedzy\/wp-json\/wp\/v2\/tags?post=10803"},{"taxonomy":"author","embeddable":true,"href":"https:\/\/www.alab.pl\/centrum-wiedzy\/wp-json\/wp\/v2\/coauthors?post=10803"}],"curies":[{"name":"wp","href":"https:\/\/api.w.org\/{rel}","templated":true}]}}