{"id":10852,"date":"2024-01-04T13:11:15","date_gmt":"2024-01-04T12:11:15","guid":{"rendered":"https:\/\/sklep.alablaboratoria.pl\/centrum-wiedzy\/?p=10852"},"modified":"2025-02-07T12:06:20","modified_gmt":"2025-02-07T11:06:20","slug":"dieta-po-udarze-mozgu-zywienie-chorego","status":"publish","type":"post","link":"https:\/\/www.alab.pl\/centrum-wiedzy\/dieta-po-udarze-mozgu-zywienie-chorego\/","title":{"rendered":"Dieta po udarze m\u00f3zgu &#8211; \u017cywienie chorego"},"content":{"rendered":"\n<p>Spis tre\u015bci<\/p>\n\n\n\n<ol class=\"wp-block-list\">\n<li><a href=\"#u1\">Udar m\u00f3zgu &#8211; og\u00f3lne informacje <\/a><\/li>\n\n\n\n<li><a href=\"#u2\">Produkty zalecane i przeciwwskazane w diecie po udarze m\u00f3zgu<\/a><\/li>\n\n\n\n<li><a href=\"#u3\">Przyk\u0142ady diety po udarze m\u00f3zgu<\/a>\n<ul class=\"wp-block-list\">\n<li><a href=\"#u4\">Przyk\u0142ad diety papkowatej (potrawy mielone, przecierane)<\/a><\/li>\n<\/ul>\n<\/li>\n<\/ol>\n\n\n\n<p><strong>Udar m\u00f3zgu<\/strong> stanowi w Polsce trzeci\u0105 co do cz\u0119sto\u015bci przyczyn\u0119 zgon\u00f3w oraz najcz\u0119stszy pow\u00f3d trwa\u0142ej niesprawno\u015bci u os\u00f3b powy\u017cej 40 roku \u017cycia. Rocznie odnotowuje si\u0119 ponad 60 tysi\u0119cy udar\u00f3w m\u00f3zgu. Cho\u0107 ich przebieg i rokowania s\u0105 r\u00f3\u017cne, to w przypadku prawie ka\u017cdego pacjenta <strong>odpowiednia dieta mo\u017ce odgrywa\u0107 istotn\u0105 rol\u0119 podczas powrotu do zdrowia<\/strong>.<\/p>\n\n\n\n<h2 class=\"wp-block-heading\" id=\"u1\">Udar m\u00f3zgu &#8211; og\u00f3lne informacje <\/h2>\n\n\n\n<p>Udarem m\u00f3zgu nazywa si\u0119 nagle wyst\u0119puj\u0105ce objawy uszkodzenia m\u00f3zgu takie jak:<\/p>\n\n\n\n<ul class=\"wp-block-list\">\n<li>niedow\u0142ad,<\/li>\n\n\n\n<li>utrata zdolno\u015bci rozumienia,<\/li>\n\n\n\n<li>utrata zdolno\u015bci m\u00f3wienia,<\/li>\n\n\n\n<li>niedowidzenie,<\/li>\n\n\n\n<li>utraty przytomno\u015bci w udarze krwotocznym,<\/li>\n\n\n\n<li>b\u00f3lu g\u0142owy, nudno\u015bci czy wymioty u chorych przytomnych.<\/li>\n<\/ul>\n\n\n\n<p>Powy\u017csze objawy s\u0105 wynikiem <strong>zaburzenia kr\u0105\u017cenia krwi w m\u00f3zgu<\/strong>, s\u0105 uzale\u017cnione od miejsca i rozleg\u0142o\u015bci uszkodzenia m\u00f3zgu.<\/p>\n\n\n\n<p><strong>Rozr\u00f3\u017cniamy udar m\u00f3zgu:<\/strong><\/p>\n\n\n\n<ul class=\"wp-block-list\">\n<li>krwotoczny \u2013 krwotok \u015br\u00f3dm\u00f3zgowy, krwotok podpaj\u0119czyn\u00f3wkowy,<\/li>\n\n\n\n<li>niedokrwienny, czyli zawa\u0142.<\/li>\n<\/ul>\n\n\n\n<p>Najcz\u0119stsz\u0105 przyczyn\u0105 udaru krwotocznego \u015br\u00f3dm\u00f3zgowego jest nadci\u015bnienie t\u0119tnicze.<\/p>\n\n\n\n<p>Natomiast udaru podpaj\u0119czyn\u00f3wkowego \u2013 p\u0119kniecie t\u0119tniaka, naczyniaka, uraz g\u0142owy, skaza krwotoczna.<\/p>\n\n\n\n<p><strong>Istotnymi czynnikami ryzyka udaru m\u00f3zgu s\u0105:<\/strong><\/p>\n\n\n\n<ul class=\"wp-block-list\">\n<li>oty\u0142o\u015b\u0107,<\/li>\n\n\n\n<li>dieta bogata w t\u0142uszcze zwierz\u0119ce,<\/li>\n\n\n\n<li>palenie papieros\u00f3w,<\/li>\n\n\n\n<li>alkoholizm,<\/li>\n\n\n\n<li>brak aktywno\u015bci fizycznej.<\/li>\n<\/ul>\n\n\n<div class=\"wp-block-image\">\n<figure class=\"aligncenter size-full is-resized\"><img loading=\"lazy\" decoding=\"async\" width=\"890\" height=\"1015\" src=\"https:\/\/www.alab.pl\/centrum-wiedzy\/wp-content\/uploads\/2024\/01\/udar-sygnaly-ostrzegawcze-jpg.webp\" alt=\"udar m\u00f3zgu sygna\u0142y ostrzegawcze\" class=\"wp-image-10873\" style=\"width:445px;height:508px\" srcset=\"https:\/\/www.alab.pl\/centrum-wiedzy\/wp-content\/uploads\/2024\/01\/udar-sygnaly-ostrzegawcze-jpg.webp 890w, https:\/\/www.alab.pl\/centrum-wiedzy\/wp-content\/uploads\/2024\/01\/udar-sygnaly-ostrzegawcze-jpg-768x876.webp 768w, https:\/\/www.alab.pl\/centrum-wiedzy\/wp-content\/uploads\/2024\/01\/udar-sygnaly-ostrzegawcze-jpg-150x171.webp 150w, https:\/\/www.alab.pl\/centrum-wiedzy\/wp-content\/uploads\/2024\/01\/udar-sygnaly-ostrzegawcze-jpg-300x342.webp 300w, https:\/\/www.alab.pl\/centrum-wiedzy\/wp-content\/uploads\/2024\/01\/udar-sygnaly-ostrzegawcze-jpg-696x794.webp 696w\" sizes=\"auto, (max-width: 890px) 100vw, 890px\" \/><\/figure><\/div>\n\n\n<p>Co jest istotne to fakt, \u017ce <strong>ryzyko niedo\u017cywienia po udarze m\u00f3zgu dotyczy ponad 60% pacjent\u00f3w<\/strong>. Odsetek niedo\u017cywionych pacjent\u00f3w po ostrym udarze m\u00f3zgu zwi\u0119ksza si\u0119 z 9% do 65% ju\u017c w ci\u0105gu 10 dni hospitalizacji. Istnieje wiele potencjalnych czynnik\u00f3w sprzyjaj\u0105cych rozwojowi niedo\u017cywienia. G\u0142\u00f3wnym z nich s\u0105 zaburzenia po\u0142ykania, tzw. dysfagia, wyst\u0119puj\u0105ca u 64-78% pacjent\u00f3w po udarze m\u00f3zgu. Nale\u017cy r\u00f3wnie\u017c podkre\u015bli\u0107, \u017ce <strong>ostry udar m\u00f3zgu jest chorob\u0105 zwi\u0119kszaj\u0105c\u0105 zapotrzebowanie na energi\u0119 i nasilaj\u0105c\u0105 m.in. utrat\u0119 masy mi\u0119\u015bniowej<\/strong>. Co wi\u0119cej, pacjenci bardzo cz\u0119sto zmagaj\u0105 si\u0119 tak\u017ce z r\u00f3\u017cnymi ograniczeniami w codziennym funkcjonowaniu, w tym w samodzielnym spo\u017cywaniu pokarm\u00f3w oraz w komunikowaniu swoich potrzeb opiekunom. Cz\u0119\u015b\u0107 z nich do\u015bwiadcza te\u017c depresji poudarowej, kt\u00f3ra mo\u017ce istotnie wp\u0142ywa\u0107 na obni\u017cenie apetytu chorego.<\/p>\n\n\n\n<figure class=\"wp-block-image size-full\"><a href=\"https:\/\/www.alab.pl\/pakiet\/pakiet-lipidogram-extra\" target=\"_blank\" rel=\"noreferrer noopener\"><img loading=\"lazy\" decoding=\"async\" width=\"800\" height=\"200\" src=\"https:\/\/www.alab.pl\/centrum-wiedzy\/wp-content\/uploads\/2025\/01\/Badanie-lipidogram-extra-6-badan.jpg\" alt=\"Badanie lipidogram extra (6 badan\u0301) banerek\" class=\"wp-image-20866\" srcset=\"https:\/\/www.alab.pl\/centrum-wiedzy\/wp-content\/uploads\/2025\/01\/Badanie-lipidogram-extra-6-badan.jpg 800w, https:\/\/www.alab.pl\/centrum-wiedzy\/wp-content\/uploads\/2025\/01\/Badanie-lipidogram-extra-6-badan-768x192.jpg 768w, https:\/\/www.alab.pl\/centrum-wiedzy\/wp-content\/uploads\/2025\/01\/Badanie-lipidogram-extra-6-badan-150x38.jpg 150w, https:\/\/www.alab.pl\/centrum-wiedzy\/wp-content\/uploads\/2025\/01\/Badanie-lipidogram-extra-6-badan-300x75.jpg 300w, https:\/\/www.alab.pl\/centrum-wiedzy\/wp-content\/uploads\/2025\/01\/Badanie-lipidogram-extra-6-badan-696x174.jpg 696w\" sizes=\"auto, (max-width: 800px) 100vw, 800px\" \/><\/a><\/figure>\n\n\n\n<h2 class=\"wp-block-heading\" id=\"u2\">Produkty zalecane i przeciwwskazane w diecie po udarze m\u00f3zgu<\/h2>\n\n\n\n<p>W wi\u0119kszo\u015bci przypadk\u00f3w u pacjent\u00f3w poudarowych obserwuje si\u0119 podwy\u017cszone ci\u015bnienie krwi i zwi\u0119kszony poziom cholesterolu. S\u0105 to czynniki predysponuj\u0105ce do kolejnego udaru. <strong>Z diety po udarze m\u00f3zgu nale\u017cy wyeliminowa\u0107:<\/strong><\/p>\n\n\n\n<ul class=\"wp-block-list\">\n<li>t\u0142uszcze zwierz\u0119ce i produkty bogate w cholesterol;<\/li>\n\n\n\n<li>\u017cywno\u015b\u0107 bogat\u0105 w s\u00f3d \u2013 ograniczamy spo\u017cycie soli &#8211; s\u0142one przek\u0105ski, konserwy, \u017cywno\u015b\u0107 wysoko przetworzon\u0105 oraz typu fast food, ograniczenie soli kuchennej, gotowych mieszanek przyprawowych i kostek bulionowych, gdy\u017c zawieraj\u0105 sporo sodu. Pierwiastek ten wyst\u0119puje w du\u017cej ilo\u015bci w p\u0142atkach zbo\u017cowych, pieczywie, serach i przetworach mi\u0119snych (tak\u017ce chudych), dlatego nawet nie dosalaj\u0105c potraw i unikaj\u0105c niezdrowych przek\u0105sek, spo\u017cywamy go du\u017co. Dobrze zatem czyta\u0107 etykiety i wybiera\u0107 produkty niskosodowe, czyli zawieraj\u0105ce mniej ni\u017c 150 mg sodu w porcji;<\/li>\n\n\n\n<li>s\u0142odycze;<\/li>\n\n\n\n<li>palenie papieros\u00f3w;<\/li>\n\n\n\n<li>stres;<\/li>\n\n\n\n<li>przeciwwskazane s\u0105 potrawy ci\u0119\u017ckostrawne, sma\u017cone.<\/li>\n<\/ul>\n\n\n\n<p><strong>W diecie po udarze m\u00f3zgu powinny znale\u017a\u0107 si\u0119 produkty takie jak:<\/strong><\/p>\n\n\n\n<ul class=\"wp-block-list\">\n<li>chude mi\u0119so \u2013 dr\u00f3b (kurczak, indyk), ciel\u0119cina;<\/li>\n\n\n\n<li>ryby &#8211; zawieraj\u0105 zdrowe <a href=\"https:\/\/www.alab.pl\/centrum-wiedzy\/prawidlowy-poziom-kwasow-omega-3-a-prawidlowy-lipidogram\/\">kwasy omega-3<\/a>, korzystnie wp\u0142ywaj\u0105ce na uk\u0142ad sercowo-naczyniowy, 2-3 razy w tygodniu je\u015b\u0107 ryby morskie;<\/li>\n\n\n\n<li>mleko i jego przetwory z obni\u017cona zawarto\u015bci\u0105 t\u0142uszczu;<\/li>\n\n\n\n<li>kasze, ry\u017ce basmati, ja\u015bminowy br\u0105zowy, makarony zalecane pe\u0142noziarniste;<\/li>\n\n\n\n<li>oliwa z oliwek, oleje ro\u015blinne,;<\/li>\n\n\n\n<li>warzywa i owoce spo\u017cywamy w du\u017cych ilo\u015bciach (75 dag\/doba)&nbsp; \u2013 4 porcje warzyw i jedna owoc\u00f3w;<\/li>\n\n\n\n<li>nasiona ro\u015blin str\u0105czkowych.<\/li>\n<\/ul>\n\n\n\n<p>Potrawy nale\u017cy <strong>gotowa\u0107, piec do mi\u0119kko\u015bci lub dusi\u0107<\/strong>. Przyprawia\u0107 do smaku zio\u0142ami, olejem rzepakowym lub oliw\u0105 z oliwek oraz dodawa\u0107 pestki (dyni s\u0142onecznika) oraz nasiona. <\/p>\n\n\n\n<p>Pacjenci zagro\u017ceni niedowag\u0105 mog\u0105 w\u0142\u0105czy\u0107 do jad\u0142ospisu <strong>wysokoenergetyczna produkty do \u017cywienia medycznego<\/strong>, zawieraj\u0105ce ca\u0142y zestaw niezb\u0119dnych makro- i mikrosk\u0142adnik\u00f3w. Mog\u0105 one stanowi\u0107 oddzielne posi\u0142ki lub jako dodatek do tradycyjnych da\u0144, czyni\u0105c je bardziej od\u017cywczymi i zbilansowanymi. <\/p>\n\n\n\n<p>Osoby po udarze m\u00f3zgu wykazuj\u0105 <strong>zwi\u0119kszone zapotrzebowanie na bia\u0142ko i energi\u0119<\/strong>. Zapotrzebowanie energetyczne w fazie ostrej udaru wzrasta do 30-35 kcal\/kg nale\u017cnej masy cia\u0142a na dob\u0119, a bia\u0142ka 1,1 do 2g\/kg masy cia\u0142a na dob\u0119. Kiedy dieta tradycyjna z r\u00f3\u017cnych przyczyn jest niewystarczaj\u0105ca i chory traci mas\u0119 cia\u0142a, w\u00f3wczas nale\u017cy si\u0119gn\u0105\u0107 po wsparcie \u017cywieniowe w formie specjalistycznych preparat\u00f3w od\u017cywczych i stosowa\u0107 je jako uzupe\u0142nienie diety. Oczywi\u015bcie przy ci\u0119\u017ckiej dysfagii wprowadzane jest \u017cywienie dojelitowe, a wyb\u00f3r diety zale\u017cy od potrzeb chorego.<\/p>\n\n\n\n<figure class=\"wp-block-image size-full\"><a href=\"https:\/\/www.alab.pl\/badanie\/d-dimery-g49-2\" target=\"_blank\" rel=\"noreferrer noopener\"><img loading=\"lazy\" decoding=\"async\" width=\"800\" height=\"200\" src=\"https:\/\/www.alab.pl\/centrum-wiedzy\/wp-content\/uploads\/2025\/02\/Badanie-D-dimerow.jpg\" alt=\"Badanie D-dimero\u0301w banerek\" class=\"wp-image-21205\" srcset=\"https:\/\/www.alab.pl\/centrum-wiedzy\/wp-content\/uploads\/2025\/02\/Badanie-D-dimerow.jpg 800w, https:\/\/www.alab.pl\/centrum-wiedzy\/wp-content\/uploads\/2025\/02\/Badanie-D-dimerow-768x192.jpg 768w, https:\/\/www.alab.pl\/centrum-wiedzy\/wp-content\/uploads\/2025\/02\/Badanie-D-dimerow-150x38.jpg 150w, https:\/\/www.alab.pl\/centrum-wiedzy\/wp-content\/uploads\/2025\/02\/Badanie-D-dimerow-300x75.jpg 300w, https:\/\/www.alab.pl\/centrum-wiedzy\/wp-content\/uploads\/2025\/02\/Badanie-D-dimerow-696x174.jpg 696w\" sizes=\"auto, (max-width: 800px) 100vw, 800px\" \/><\/a><\/figure>\n\n\n\n<p><strong>Wa\u017cne &#8211; spos\u00f3b \u017cywienia oraz zapotrzebowanie na sk\u0142adniki od\u017cywcze i energetyczne w diecie po udarze m\u00f3zgu zale\u017c\u0105 od wyst\u0119powania powik\u0142a\u0144 u chorego.<\/strong> Nale\u017c\u0105 do nich &#8211; zaburzenia po\u0142ykania, wyst\u0119powanie ryzyka niedo\u017cywienia, odle\u017cyn, stopnia samodzielno\u015bci, prowadzonej rehabilitacji, a tak\u017ce obecno\u015bci chor\u00f3b wsp\u00f3\u0142istniej\u0105cych. W od\u017cywianiu pacjent\u00f3w, poza dostarczeniem odpowiedniej ilo\u015bci sk\u0142adnik\u00f3w od\u017cywczych i energii, nale\u017cy zwr\u00f3ci\u0107 szczeg\u00f3ln\u0105 uwag\u0119 na kwestie bezpiecze\u0144stwa.<br><br>W przypadku os\u00f3b chorych neurologicznie zmagaj\u0105cych si\u0119 z problemem dysfagii, istotny jest dob\u00f3r odpowiedniej konsystencji produkt\u00f3w sta\u0142ych i p\u0142yn\u00f3w, wy\u0142\u0105czenie produkt\u00f3w ryzykownych (np. sypkich, suchych, o ostrych kraw\u0119dziach) oraz wykonywanie \u0107wicze\u0144 u\u0142atwiaj\u0105cych i poprawiaj\u0105cych bezpiecze\u0144stwo po\u0142ykania. Ryzyko zach\u0142y\u015bni\u0119cia mo\u017cna zminimalizowa\u0107 poprzez stosowanie specjalistycznych preparat\u00f3w s\u0142u\u017c\u0105cych do zag\u0119szczania p\u0142yn\u00f3w i potraw, pozwalaj\u0105cych uzyska\u0107 konsystencj\u0119 nektaru, p\u0142ynnego miodu i puddingu. Takie dzia\u0142ania maj\u0105 szczeg\u00f3lne znaczenie dla chorego, poniewa\u017c wypijanie zalecanej ilo\u015bci p\u0142yn\u00f3w ok. 1,5 \u2013 2 l p\u0142yn\u00f3w (przy braku innych przeciwwskaza\u0144), pozwala utrzyma\u0107 prawid\u0142owy stan nawodnienia organizmu.<\/p>\n\n\n\n<p><strong>Poza adaptacj\u0105 diety wa\u017cna jest profilaktyka kolejnego udaru, st\u0105d zalecenia \u017cywieniowe powinny dodatkowo koncentrowa\u0107 si\u0119 na modelu diety \u015br\u00f3dziemnomorskiej.<\/strong><\/p>\n\n\n\n<h2 class=\"wp-block-heading\" id=\"u3\">Przyk\u0142ady diety po udarze m\u00f3zgu<\/h2>\n\n\n\n<p>Osoby po udarze maj\u0105 problemy z jedzeniem, cz\u0119sty brak apetytu, z\u0142e samopoczucie, trudno\u015bci z poruszaniem i przygotowywaniem posi\u0142k\u00f3w, niemo\u017cno\u015b\u0107 pos\u0142ugiwania si\u0119 sztu\u0107cami, a tak\u017ce zaburzenia po\u0142ykania. W tym przypadku <strong>bardzo wa\u017cn\u0105 rol\u0119 odgrywa opiekun chorego<\/strong>. Musi on przede wszystkim dba\u0107 o bezpiecze\u0144stwo chorego w czasie karmienia, pilnowa\u0107, aby pacjent spo\u017cywa\u0142 wystarczaj\u0105c\u0105 ilo\u015b\u0107 energii i sk\u0142adnik\u00f3w od\u017cywczych. <strong>Zaleca si\u0119, aby posi\u0142ki by\u0142y:<\/strong><\/p>\n\n\n\n<ul class=\"wp-block-list\">\n<li>wysokoenergetyczne,<\/li>\n\n\n\n<li>\u0142atwe w spo\u017cyciu (np. o g\u0142adkiej konsystencji, w postaci papki),<\/li>\n\n\n\n<li>smaczne,<\/li>\n\n\n\n<li>urozmaicone,<\/li>\n\n\n\n<li>o \u0142adnym zapachu.<\/li>\n<\/ul>\n\n\n\n<p>Opiekun chorego po udarze m\u00f3zgu&nbsp;odgrywa niezwykle wa\u017cn\u0105 rol\u0119 w procesie opieki nad chorym, poniewa\u017c sp\u0119dza z nim najwi\u0119cej czasu, dzi\u0119ki czemu mo\u017ce przekaza\u0107 istotne informacje w procesie leczenia. <strong>Czego oczekiwa\u0107 od opiekuna:<\/strong><\/p>\n\n\n\n<ul class=\"wp-block-list\">\n<li>powinien nadzorowa\u0107 chorego w czasie posi\u0142k\u00f3w,<\/li>\n\n\n\n<li>sprawdza\u0107 poprawno\u015b\u0107 konsystencji podawanych p\u0142yn\u00f3w i potraw,<\/li>\n\n\n\n<li>dbania o prawid\u0142ow\u0105 postaw\u0119 chorego podczas spo\u017cywania posi\u0142k\u00f3w (najlepiej siedz\u0105c\u0105),<\/li>\n\n\n\n<li>nadzorowania poprawno\u015bci wykonywanych \u0107wicze\u0144 i manewr\u00f3w podczas po\u0142ykania,<\/li>\n\n\n\n<li>ka\u017cdy epizod krztuszenia si\u0119 wymaga przerwania posi\u0142ku, sprawdzenia konsystencji, tekstury diety a tak\u017ce konsultacji z lekarzem,<\/li>\n\n\n\n<li>obserwacji ilo\u015bci wypijanych napoj\u00f3w, spo\u017cywanych potraw oraz apetytu chorego,<\/li>\n\n\n\n<li>cotygodniowego sprawdzania masy cia\u0142a pacjenta &#8211; jakakolwiek utrata wagi powinna by\u0107 skonsultowana z lekarzem i dietetykiem, aby oceni\u0107 przyczyny i podj\u0105\u0107 odpowiedni\u0105 interwencj\u0119 \u017cywieniow\u0105 celem profilaktyki niedo\u017cywienia.<\/li>\n<\/ul>\n\n\n\n<h3 class=\"wp-block-heading\" id=\"u4\">Przyk\u0142ad diety papkowatej (potrawy mielone, przecierane)<\/h3>\n\n\n\n<p><strong>I \u015bniadanie<\/strong><\/p>\n\n\n\n<ul class=\"wp-block-list\">\n<li>zupa mleczna&nbsp; z p\u0142atkami kukurydzianymi bez cukru<\/li>\n\n\n\n<li>pasta drobiowa (kurczak gotowany) z pieczarkami i pomidorem, z dodatkiem delikatnych zi\u00f3\u0142, wszystko razem zblendowa\u0107<\/li>\n\n\n\n<li>do picia herbata zielona<\/li>\n<\/ul>\n\n\n\n<p><strong>II \u015bniadanie<\/strong><\/p>\n\n\n\n<ul class=\"wp-block-list\">\n<li>jogurt z blendowanymi owocami (truskawki, maliny, jab\u0142ko) i rozmoczony biszkopt<\/li>\n\n\n\n<li>mleko oraz bu\u0142ka wroc\u0142awska czy grahamka rozmoczona w tym mleku<\/li>\n\n\n\n<li>do picia woda<\/li>\n<\/ul>\n\n\n\n<p><strong>Obiad<\/strong><\/p>\n\n\n\n<ul class=\"wp-block-list\">\n<li>zupa krem z marchewki<\/li>\n\n\n\n<li>pulpety z indyka z sosem koperkowym, podane z puree ziemniaczanym, buraczki na ciep\u0142o starte na drobnej tarce<\/li>\n\n\n\n<li>kompot z jab\u0142ek<\/li>\n<\/ul>\n\n\n\n<p>lub<\/p>\n\n\n\n<ul class=\"wp-block-list\">\n<li>\u0142oso\u015b pieczony w folii &#8211; rozdrobnione kawa\u0142ki podane z ry\u017cem basmati rozgotowanym na papk\u0119, gotowana marchewka rozgnieciona na papk\u0119<\/li>\n<\/ul>\n\n\n\n<p><strong>Podwieczorek<\/strong><\/p>\n\n\n\n<ul class=\"wp-block-list\">\n<li>jab\u0142ko pieczone<\/li>\n<\/ul>\n\n\n\n<p>lub<\/p>\n\n\n\n<ul class=\"wp-block-list\">\n<li>kasza manna z dojrza\u0142ym bananem (zblendowane)<\/li>\n<\/ul>\n\n\n\n<p><strong>Kolacja<\/strong><\/p>\n\n\n\n<ul class=\"wp-block-list\">\n<li>risotto z ry\u017cu i gotowanych warzyw \u2013 rozdrobnione<\/li>\n<\/ul>\n\n\n\n<p>lub<\/p>\n\n\n\n<ul class=\"wp-block-list\">\n<li>pasta z makreli i og\u00f3rka kiszonego zblendowane na g\u0142adk\u0105 mas\u0119, podane z komos\u0105 ry\u017cow\u0105 (rozgotowan\u0105)<\/li>\n\n\n\n<li>do picia s\u0142aba herbata z cytryn\u0105 (sam sok)<\/li>\n<\/ul>\n\n\n\n<p><strong>Przeczytaj te\u017c: <a href=\"https:\/\/www.alab.pl\/centrum-wiedzy\/nadcisnienie-tetnicze-badania-laboratoryjne\/\">Badania laboratoryjne, kt\u00f3re nale\u017cy wykona\u0107 przy diagnostyce nadci\u015bnienia t\u0119tniczego<\/a><\/strong><\/p>\n\n\n\n<hr class=\"wp-block-separator has-alpha-channel-opacity\"\/>\n\n\n\n<p>Pi\u015bmiennictwo<\/p>\n\n\n\n<ol class=\"wp-block-list\">\n<li>H.Ciborowska, A. Rudnicka, \u201eDietetyka \u017cywienie zdrowego i chorego cz\u0142owieka\u201d, Wydanie IV rozszerzone i uaktualnione, PZWL<\/li>\n\n\n\n<li>Peter Kraft \u201eUdar m\u00f3zgu\u201d, PZWL<\/li>\n\n\n\n<li>H.Markus, A.Pereira, G.Cloud, Kompendium Diagnostyki i Post\u0119powania \u201eUdary M\u00f3zgu\u201d tom I, Wydawnictwo Czelej<\/li>\n<\/ol>\n","protected":false},"excerpt":{"rendered":"<p>Odpowiednia dieta ma du\u017ce znaczenie w procesie powrotu do zdrowia po udarze m\u00f3zgu &#8211; co warto wiedzie\u0107?<\/p>\n","protected":false},"author":141,"featured_media":10872,"comment_status":"closed","ping_status":"open","sticky":false,"template":"","format":"standard","meta":{"_acf_changed":false,"inline_featured_image":false,"footnotes":""},"categories":[11,17],"tags":[],"coauthors":[191],"class_list":{"0":"post-10852","1":"post","2":"type-post","3":"status-publish","4":"format-standard","5":"has-post-thumbnail","7":"category-choroby-ukladu-krazenia","8":"category-dieta"},"acf":[],"yoast_head":"<!-- This site is optimized with the Yoast SEO plugin v27.5 - https:\/\/yoast.com\/product\/yoast-seo-wordpress\/ -->\n<title>Dieta po udarze m\u00f3zgu - \u017cywienie chorego - ALAB Laboratoria<\/title>\n<meta name=\"description\" content=\"Dieta po udarze m\u00f3zgu - jakie produkty s\u0105 wskazane, a jakie zabronione? Poznaj przyk\u0142adowy jad\u0142ospis dla os\u00f3b po udarze m\u00f3zgu | ALAB laboratoria\" \/>\n<meta name=\"robots\" content=\"index, follow, max-snippet:-1, max-image-preview:large, max-video-preview:-1\" \/>\n<link rel=\"canonical\" href=\"https:\/\/www.alab.pl\/centrum-wiedzy\/dieta-po-udarze-mozgu-zywienie-chorego\/\" \/>\n<meta property=\"og:locale\" content=\"pl_PL\" \/>\n<meta property=\"og:type\" content=\"article\" \/>\n<meta property=\"og:title\" content=\"Dieta po udarze m\u00f3zgu - \u017cywienie chorego - ALAB Laboratoria\" \/>\n<meta property=\"og:description\" content=\"Dieta po udarze m\u00f3zgu - jakie produkty s\u0105 wskazane, a jakie zabronione? Poznaj przyk\u0142adowy jad\u0142ospis dla os\u00f3b po udarze m\u00f3zgu | ALAB laboratoria\" \/>\n<meta property=\"og:url\" content=\"https:\/\/www.alab.pl\/centrum-wiedzy\/dieta-po-udarze-mozgu-zywienie-chorego\/\" \/>\n<meta property=\"og:site_name\" content=\"Centrum Wiedzy ALAB laboratoria\" \/>\n<meta property=\"article:publisher\" content=\"https:\/\/www.facebook.com\/ALABlaboratoria\" \/>\n<meta property=\"article:published_time\" content=\"2024-01-04T12:11:15+00:00\" \/>\n<meta property=\"article:modified_time\" content=\"2025-02-07T11:06:20+00:00\" \/>\n<meta property=\"og:image\" content=\"https:\/\/www.alab.pl\/centrum-wiedzy\/wp-content\/uploads\/2024\/01\/dieta-po-udarze-jpg.webp\" \/>\n\t<meta property=\"og:image:width\" content=\"1200\" \/>\n\t<meta property=\"og:image:height\" content=\"801\" \/>\n\t<meta property=\"og:image:type\" content=\"image\/webp\" \/>\n<meta name=\"author\" content=\"Magdalena Konowrocka\" \/>\n<meta name=\"twitter:card\" content=\"summary_large_image\" \/>\n<meta name=\"twitter:label1\" content=\"Napisane przez\" \/>\n\t<meta name=\"twitter:data1\" content=\"Magdalena Konowrocka\" \/>\n\t<meta name=\"twitter:label2\" content=\"Szacowany czas czytania\" \/>\n\t<meta name=\"twitter:data2\" content=\"8 minut\" \/>\n\t<meta name=\"twitter:label3\" content=\"Written by\" \/>\n\t<meta name=\"twitter:data3\" content=\"Magdalena Konowrocka\" \/>\n<!-- \/ Yoast SEO plugin. -->","yoast_head_json":{"title":"Dieta po udarze m\u00f3zgu - \u017cywienie chorego - ALAB Laboratoria","description":"Dieta po udarze m\u00f3zgu - jakie produkty s\u0105 wskazane, a jakie zabronione? Poznaj przyk\u0142adowy jad\u0142ospis dla os\u00f3b po udarze m\u00f3zgu | ALAB laboratoria","robots":{"index":"index","follow":"follow","max-snippet":"max-snippet:-1","max-image-preview":"max-image-preview:large","max-video-preview":"max-video-preview:-1"},"canonical":"https:\/\/www.alab.pl\/centrum-wiedzy\/dieta-po-udarze-mozgu-zywienie-chorego\/","og_locale":"pl_PL","og_type":"article","og_title":"Dieta po udarze m\u00f3zgu - \u017cywienie chorego - ALAB Laboratoria","og_description":"Dieta po udarze m\u00f3zgu - jakie produkty s\u0105 wskazane, a jakie zabronione? Poznaj przyk\u0142adowy jad\u0142ospis dla os\u00f3b po udarze m\u00f3zgu | ALAB laboratoria","og_url":"https:\/\/www.alab.pl\/centrum-wiedzy\/dieta-po-udarze-mozgu-zywienie-chorego\/","og_site_name":"Centrum Wiedzy ALAB laboratoria","article_publisher":"https:\/\/www.facebook.com\/ALABlaboratoria","article_published_time":"2024-01-04T12:11:15+00:00","article_modified_time":"2025-02-07T11:06:20+00:00","og_image":[{"width":1200,"height":801,"url":"https:\/\/www.alab.pl\/centrum-wiedzy\/wp-content\/uploads\/2024\/01\/dieta-po-udarze-jpg.webp","type":"image\/webp"}],"author":"Magdalena Konowrocka","twitter_card":"summary_large_image","twitter_misc":{"Napisane przez":"Magdalena Konowrocka","Szacowany czas czytania":"8 minut","Written by":"Magdalena Konowrocka"},"schema":{"@context":"https:\/\/schema.org","@graph":[{"@type":"Article","@id":"https:\/\/www.alab.pl\/centrum-wiedzy\/dieta-po-udarze-mozgu-zywienie-chorego\/#article","isPartOf":{"@id":"https:\/\/www.alab.pl\/centrum-wiedzy\/dieta-po-udarze-mozgu-zywienie-chorego\/"},"author":{"name":"Magdalena Konowrocka","@id":"https:\/\/www.alab.pl\/centrum-wiedzy\/#\/schema\/person\/f5efeaa1a9dd143fd159fd2fc446631c"},"headline":"Dieta po udarze m\u00f3zgu &#8211; \u017cywienie chorego","datePublished":"2024-01-04T12:11:15+00:00","dateModified":"2025-02-07T11:06:20+00:00","mainEntityOfPage":{"@id":"https:\/\/www.alab.pl\/centrum-wiedzy\/dieta-po-udarze-mozgu-zywienie-chorego\/"},"wordCount":1533,"publisher":{"@id":"https:\/\/www.alab.pl\/centrum-wiedzy\/#organization"},"image":{"@id":"https:\/\/www.alab.pl\/centrum-wiedzy\/dieta-po-udarze-mozgu-zywienie-chorego\/#primaryimage"},"thumbnailUrl":"https:\/\/www.alab.pl\/centrum-wiedzy\/wp-content\/uploads\/2024\/01\/dieta-po-udarze-jpg.webp","articleSection":["Choroby serca i uk\u0142adu kr\u0105\u017cenia","Dieta i suplementacja"],"inLanguage":"pl-PL"},{"@type":"WebPage","@id":"https:\/\/www.alab.pl\/centrum-wiedzy\/dieta-po-udarze-mozgu-zywienie-chorego\/","url":"https:\/\/www.alab.pl\/centrum-wiedzy\/dieta-po-udarze-mozgu-zywienie-chorego\/","name":"Dieta po udarze m\u00f3zgu - \u017cywienie chorego - ALAB Laboratoria","isPartOf":{"@id":"https:\/\/www.alab.pl\/centrum-wiedzy\/#website"},"primaryImageOfPage":{"@id":"https:\/\/www.alab.pl\/centrum-wiedzy\/dieta-po-udarze-mozgu-zywienie-chorego\/#primaryimage"},"image":{"@id":"https:\/\/www.alab.pl\/centrum-wiedzy\/dieta-po-udarze-mozgu-zywienie-chorego\/#primaryimage"},"thumbnailUrl":"https:\/\/www.alab.pl\/centrum-wiedzy\/wp-content\/uploads\/2024\/01\/dieta-po-udarze-jpg.webp","datePublished":"2024-01-04T12:11:15+00:00","dateModified":"2025-02-07T11:06:20+00:00","description":"Dieta po udarze m\u00f3zgu - jakie produkty s\u0105 wskazane, a jakie zabronione? Poznaj przyk\u0142adowy jad\u0142ospis dla os\u00f3b po udarze m\u00f3zgu | ALAB laboratoria","breadcrumb":{"@id":"https:\/\/www.alab.pl\/centrum-wiedzy\/dieta-po-udarze-mozgu-zywienie-chorego\/#breadcrumb"},"inLanguage":"pl-PL","potentialAction":[{"@type":"ReadAction","target":["https:\/\/www.alab.pl\/centrum-wiedzy\/dieta-po-udarze-mozgu-zywienie-chorego\/"]}]},{"@type":"ImageObject","inLanguage":"pl-PL","@id":"https:\/\/www.alab.pl\/centrum-wiedzy\/dieta-po-udarze-mozgu-zywienie-chorego\/#primaryimage","url":"https:\/\/www.alab.pl\/centrum-wiedzy\/wp-content\/uploads\/2024\/01\/dieta-po-udarze-jpg.webp","contentUrl":"https:\/\/www.alab.pl\/centrum-wiedzy\/wp-content\/uploads\/2024\/01\/dieta-po-udarze-jpg.webp","width":1200,"height":801,"caption":"dieta po udarze m\u00f3zgu"},{"@type":"BreadcrumbList","@id":"https:\/\/www.alab.pl\/centrum-wiedzy\/dieta-po-udarze-mozgu-zywienie-chorego\/#breadcrumb","itemListElement":[{"@type":"ListItem","position":1,"name":"Strona g\u0142\u00f3wna","item":"https:\/\/www.alab.pl\/centrum-wiedzy\/"},{"@type":"ListItem","position":2,"name":"Dieta po udarze m\u00f3zgu &#8211; \u017cywienie chorego"}]},{"@type":"WebSite","@id":"https:\/\/www.alab.pl\/centrum-wiedzy\/#website","url":"https:\/\/www.alab.pl\/centrum-wiedzy\/","name":"Centrum Wiedzy ALAB laboratoria","description":"","publisher":{"@id":"https:\/\/www.alab.pl\/centrum-wiedzy\/#organization"},"potentialAction":[{"@type":"SearchAction","target":{"@type":"EntryPoint","urlTemplate":"https:\/\/www.alab.pl\/centrum-wiedzy\/?s={search_term_string}"},"query-input":{"@type":"PropertyValueSpecification","valueRequired":true,"valueName":"search_term_string"}}],"inLanguage":"pl-PL"},{"@type":"Organization","@id":"https:\/\/www.alab.pl\/centrum-wiedzy\/#organization","name":"Centrum Wiedzy ALAB laboratoria","url":"https:\/\/www.alab.pl\/centrum-wiedzy\/","logo":{"@type":"ImageObject","inLanguage":"pl-PL","@id":"https:\/\/www.alab.pl\/centrum-wiedzy\/#\/schema\/logo\/image\/","url":"https:\/\/www.alab.pl\/centrum-wiedzy\/wp-content\/uploads\/2022\/04\/alabek.jpg","contentUrl":"https:\/\/www.alab.pl\/centrum-wiedzy\/wp-content\/uploads\/2022\/04\/alabek.jpg","width":1250,"height":1251,"caption":"Centrum Wiedzy ALAB laboratoria"},"image":{"@id":"https:\/\/www.alab.pl\/centrum-wiedzy\/#\/schema\/logo\/image\/"},"sameAs":["https:\/\/www.facebook.com\/ALABlaboratoria"]},{"@type":"Person","@id":"https:\/\/www.alab.pl\/centrum-wiedzy\/#\/schema\/person\/f5efeaa1a9dd143fd159fd2fc446631c","name":"Magdalena Konowrocka","image":{"@type":"ImageObject","inLanguage":"pl-PL","@id":"https:\/\/www.alab.pl\/centrum-wiedzy\/wp-content\/uploads\/2023\/07\/Magdalena-Konowrocka-jpg-150x150.webp89854cb66701ee4f4b5429d528843904","url":"https:\/\/www.alab.pl\/centrum-wiedzy\/wp-content\/uploads\/2023\/07\/Magdalena-Konowrocka-jpg-150x150.webp","contentUrl":"https:\/\/www.alab.pl\/centrum-wiedzy\/wp-content\/uploads\/2023\/07\/Magdalena-Konowrocka-jpg-150x150.webp","caption":"Magdalena Konowrocka"},"description":"Dietetyk i psychodietetyk, absolwentka studi\u00f3w magisterskich na SGGW oraz studi\u00f3w podyplomowych na WUM na kierunku \u201eDietetyka w choroby wewn\u0119trznych i metabolicznych\u201d, studiowa\u0142a w Instytucie \u017bywienia i \u017bywno\u015bci \u201ePoradnictwo dietetyczne \u2013 post\u0119py w \u017cywieniu cz\u0142owieka\u201d. Prowadzi gabinet doradztwa \u017cywieniowego i dietetycznego Optimum Zdrowia.","url":"https:\/\/www.alab.pl\/centrum-wiedzy\/author\/magdalena-konowrocka\/"}]}},"_links":{"self":[{"href":"https:\/\/www.alab.pl\/centrum-wiedzy\/wp-json\/wp\/v2\/posts\/10852","targetHints":{"allow":["GET"]}}],"collection":[{"href":"https:\/\/www.alab.pl\/centrum-wiedzy\/wp-json\/wp\/v2\/posts"}],"about":[{"href":"https:\/\/www.alab.pl\/centrum-wiedzy\/wp-json\/wp\/v2\/types\/post"}],"author":[{"embeddable":true,"href":"https:\/\/www.alab.pl\/centrum-wiedzy\/wp-json\/wp\/v2\/users\/141"}],"replies":[{"embeddable":true,"href":"https:\/\/www.alab.pl\/centrum-wiedzy\/wp-json\/wp\/v2\/comments?post=10852"}],"version-history":[{"count":1,"href":"https:\/\/www.alab.pl\/centrum-wiedzy\/wp-json\/wp\/v2\/posts\/10852\/revisions"}],"predecessor-version":[{"id":21325,"href":"https:\/\/www.alab.pl\/centrum-wiedzy\/wp-json\/wp\/v2\/posts\/10852\/revisions\/21325"}],"wp:featuredmedia":[{"embeddable":true,"href":"https:\/\/www.alab.pl\/centrum-wiedzy\/wp-json\/wp\/v2\/media\/10872"}],"wp:attachment":[{"href":"https:\/\/www.alab.pl\/centrum-wiedzy\/wp-json\/wp\/v2\/media?parent=10852"}],"wp:term":[{"taxonomy":"category","embeddable":true,"href":"https:\/\/www.alab.pl\/centrum-wiedzy\/wp-json\/wp\/v2\/categories?post=10852"},{"taxonomy":"post_tag","embeddable":true,"href":"https:\/\/www.alab.pl\/centrum-wiedzy\/wp-json\/wp\/v2\/tags?post=10852"},{"taxonomy":"author","embeddable":true,"href":"https:\/\/www.alab.pl\/centrum-wiedzy\/wp-json\/wp\/v2\/coauthors?post=10852"}],"curies":[{"name":"wp","href":"https:\/\/api.w.org\/{rel}","templated":true}]}}