{"id":10930,"date":"2024-01-08T08:30:28","date_gmt":"2024-01-08T07:30:28","guid":{"rendered":"https:\/\/sklep.alablaboratoria.pl\/centrum-wiedzy\/?p=10930"},"modified":"2024-01-08T08:30:28","modified_gmt":"2024-01-08T07:30:28","slug":"hla-b27-istotny-marker-genetyczny-w-zesztywniajacym-zapaleniu-stawow-kregoslupa-zzsk","status":"publish","type":"post","link":"https:\/\/www.alab.pl\/centrum-wiedzy\/hla-b27-istotny-marker-genetyczny-w-zesztywniajacym-zapaleniu-stawow-kregoslupa-zzsk\/","title":{"rendered":"HLA B27: istotny marker genetyczny w zesztywniaj\u0105cym zapaleniu staw\u00f3w kr\u0119gos\u0142upa (ZZSK)"},"content":{"rendered":"\n<p>Spis tre\u015bci<\/p>\n\n\n\n<ol class=\"wp-block-list\">\n<li><a href=\"#z1\">Czym jest zesztywniaj\u0105ce zapalenie staw\u00f3w kr\u0119gos\u0142upa (ZZSK)?<\/a><\/li>\n\n\n\n<li><a href=\"#z2\">Przebieg zesztywniaj\u0105cego zapalenia staw\u00f3w kr\u0119gos\u0142upa (ZZSK)<\/a><\/li>\n\n\n\n<li><a href=\"#z3\">Przyczyna zesztywniaj\u0105cego zapalenia staw\u00f3w kr\u0119gos\u0142upa (ZZSK)<\/a><\/li>\n\n\n\n<li><a href=\"#z4\">Diagnostyka zesztywniaj\u0105cego zapalenia staw\u00f3w kr\u0119gos\u0142upa (ZZSK)<\/a><\/li>\n\n\n\n<li><a href=\"#z5\">HLA B27 \u2013 kluczowy marker genetyczny<\/a><\/li>\n<\/ol>\n\n\n\n<h2 class=\"wp-block-heading\" id=\"z1\">Czym jest zesztywniaj\u0105ce zapalenie staw\u00f3w kr\u0119gos\u0142upa (ZZSK)?<\/h2>\n\n\n\n<p><strong>Zesztywniaj\u0105ce zapalenie staw\u00f3w kr\u0119gos\u0142upa (ZZSK)<\/strong>, znane r\u00f3wnie\u017c jako <strong>choroba Bechterewa<\/strong>, to przewlek\u0142e schorzenie o charakterze zapalnym. Dotyka ono g\u0142\u00f3wnie odcinka szyjnego, piersiowego i l\u0119d\u017awiowego kr\u0119gos\u0142upa oraz stawy krzy\u017cowo-biodrowe. ZZSK zaliczane jest do spondyloartropatii o pod\u0142o\u017cu genetycznym i autoimmunizacyjnym, kt\u00f3ra wyst\u0119puje 3 razy cz\u0119\u015bciej u m\u0119\u017cczyzn ni\u017c u kobiet i ma u nich ci\u0119\u017cszy przebieg. Pierwsze objawy pojawiaj\u0105 si\u0119 najcz\u0119\u015bciej w wieku dojrzewania lub wczesnej doros\u0142o\u015bci i cz\u0119sto s\u0105 lekcewa\u017cone ze wzgl\u0119du na ich niespecyficzno\u015b\u0107 i \u0142agodny charakter.<\/p>\n\n\n\n<h2 class=\"wp-block-heading\" id=\"z2\">Przebieg zesztywniaj\u0105cego zapalenia staw\u00f3w kr\u0119gos\u0142upa (ZZSK)<\/h2>\n\n\n\n<p>Ze wzgl\u0119du na charakter uk\u0142adowy, <strong>ZZSK wp\u0142ywa na ca\u0142y organizm<\/strong>, a do pierwszych objaw\u00f3w zalicza si\u0119 m.in. gor\u0105czk\u0119, zm\u0119czenie, utrat\u0119 apetytu i b\u00f3l oczu. W miar\u0119 post\u0119pu choroby obserwuje si\u0119 inne symptomy takie jak <strong>dolegliwo\u015bci b\u00f3lowe<\/strong>, sztywno\u015b\u0107, obrz\u0119k, kt\u00f3re prowadz\u0105 do ograniczenia ruchomo\u015bci i cz\u0119\u015bciowego lub ca\u0142kowitego zesztywnienia staw\u00f3w krzy\u017cowo-biodrowych i kr\u0119gos\u0142upa. Charakterystyczna jest r\u00f3wnie\u017c tzw. <strong>sztywno\u015b\u0107 poranna staw\u00f3w<\/strong>, trwaj\u0105ca oko\u0142o 30 minut przez d\u0142u\u017cej ni\u017c 3 miesi\u0105ce i ust\u0119puj\u0105ca podczas ruchu. W zaawansowanej postaci ZZSK dochodzi do <strong>usztywnienia staw\u00f3w \u017cebrowo-kr\u0119gowych i zaburze\u0144 proces\u00f3w oddychania oraz utraty masy kostnej prowadz\u0105cej do <a href=\"https:\/\/www.alab.pl\/centrum-wiedzy\/osteoporoza-cicha-choroba-kosci\/\" target=\"_blank\" rel=\"noreferrer noopener\">osteoporozy<\/a><\/strong>. Sylwetka pacjent\u00f3w staje si\u0119 pochylona, ze znacznym ograniczeniem pola widzenia i braku mo\u017cliwo\u015bci swobodnej rotacji tu\u0142owiem i g\u0142ow\u0105. Cz\u0119sto pojawia si\u0119 b\u00f3l pi\u0119t wywo\u0142any zapaleniem powi\u0119zi podeszwowej oraz \u015bci\u0119gien Achillesa, co utrudnia poruszanie si\u0119. Finalnie dochodzi do ca\u0142kowitego zesztywnienia i niepe\u0142nosprawno\u015bci. Czasami obserwuje si\u0119 r\u00f3wnie\u017c objawy ze strony uk\u0142adu pokarmowego, nerwowego i moczowego.<\/p>\n\n\n\n<p><strong>Przeczytaj te\u017c: <a href=\"https:\/\/www.alab.pl\/centrum-wiedzy\/wybrane-seronegatywne-spondyloartropatie-zapalne\/\" target=\"_blank\" rel=\"noreferrer noopener\">Wybrane seronegatywne spondyloartropatie zapalne<\/a><\/strong><\/p>\n\n\n\n<h2 class=\"wp-block-heading\" id=\"z3\">Przyczyna zesztywniaj\u0105cego zapalenia staw\u00f3w kr\u0119gos\u0142upa (ZZSK)<\/h2>\n\n\n\n<p>ZZSK jest drug\u0105 pod wzgl\u0119dem cz\u0119sto\u015bci wyst\u0119powania chorob\u0105 zapaln\u0105 staw\u00f3w, zaraz po <a href=\"https:\/\/www.alab.pl\/centrum-wiedzy\/czym-jest-rzs-jak-czesto-wystepuje-kogo-dotyka\/\" target=\"_blank\" rel=\"noreferrer noopener\">reumatoidalnym zapaleniu staw\u00f3w (RZS)<\/a>. Do dzisiaj jednak nie poznano dok\u0142adnej przyczyny jej wyst\u0119powania.&nbsp;<strong>Obecno\u015b\u0107 antygenu HLA-B27 stanowi podstaw\u0119 hipotezy genetycznego pod\u0142o\u017ca tej choroby<\/strong>, kt\u00f3ra wyst\u0119puje 10-20 razy cz\u0119\u015bciej u krewnych w pierwszej linii choruj\u0105cych na ZZSK w stosunku do og\u00f3lnej populacji. Prawdopodobnie, aby dosz\u0142o do jej rozwoju, konieczne jest na\u0142o\u017cenie si\u0119 czynnik\u00f3w genetycznych, immunologicznych i \u015brodowiskowych.<\/p>\n\n\n\n<h2 class=\"wp-block-heading\" id=\"z4\">Diagnostyka zesztywniaj\u0105cego zapalenia staw\u00f3w kr\u0119gos\u0142upa (ZZSK)<\/h2>\n\n\n\n<p><strong> <\/strong>Postawienie rozpoznania w przypadku ZZSK w pocz\u0105tkowym stadium choroby jest niema\u0142ym wyzwaniem, ze wzgl\u0119du na niespecyficzny charakter pierwszych objaw\u00f3w. Do niedawna diagnoza opiera\u0142a si\u0119 jedynie na wywiadzie klinicznym i badaniach obrazowych (m.in. RTG), co sprawia\u0142o, \u017ce rozpoznanie ZZSK rzadko by\u0142o mo\u017cliwe przed wyst\u0105pieniem nieodwracalnych zmian kostno-stawowych. W 2010 roku wprowadzono rekomendacje grupy ASAS (ang. <em>Assessment in Ankylosing Spondylitis<\/em> \u2013 Mi\u0119dzynarodowe Stowarzyszenie ds. Oceny Spondyloartropatii), kt\u00f3re umo\u017cliwiaj\u0105 wczesne zaklasyfikowanie ZZSK do spondyloartropatii i pozwalaj\u0105 na wdro\u017cenie terapii, zmniejszaj\u0105cej ryzyko trwa\u0142ego kalectwa. Zgodnie z tymi kryteriami, diagnostyka opiera si\u0119 na badaniach obrazowych (w tym RTG staw\u00f3w krzy\u017cowo-biodrowych, tomografia komputerowa lub rezonans magnetyczny) i <strong>badaniach laboratoryjnych<\/strong> (morfologia krwi, oznaczenie laboratoryjnych wska\u017anik\u00f3w stanu zapalnego: OB i CRP oraz <strong>obecno\u015bci antygenu HLA-B27<\/strong>). <strong><a href=\"https:\/\/www.alab.pl\/badanie\/zesztywniajace-zapalenie-stawow-kregoslupa-zzsk-wykrywanie-obecnosci-genu-hla-b27-metoda-mikromacierzy\" target=\"_blank\" rel=\"noreferrer noopener\">Badanie w kierunku HLA-B27<\/a> jest uwzgl\u0119dnione r\u00f3wnie\u017c w kryteriach kwalifikuj\u0105cych pacjent\u00f3w do program\u00f3w terapeutycznych z zastosowaniem lek\u00f3w biologicznych<\/strong>.<\/p>\n\n\n\n<figure class=\"wp-block-image size-full\"><a href=\"https:\/\/www.alab.pl\/badanie\/zesztywniajace-zapalenie-stawow-kregoslupa-zzsk-wykrywanie-obecnosci-genu-hla-b27-metoda-mikromacierzy\" target=\"_blank\" rel=\"noreferrer noopener\"><img loading=\"lazy\" decoding=\"async\" width=\"800\" height=\"200\" src=\"https:\/\/www.alab.pl\/centrum-wiedzy\/wp-content\/uploads\/2024\/01\/Wykrywanie-genu-HLA-B27-metoda-mikromacierzy_-jpg.webp\" alt=\"wykrywanie genu HLA-B27\" class=\"wp-image-10957\" srcset=\"https:\/\/www.alab.pl\/centrum-wiedzy\/wp-content\/uploads\/2024\/01\/Wykrywanie-genu-HLA-B27-metoda-mikromacierzy_-jpg.webp 800w, https:\/\/www.alab.pl\/centrum-wiedzy\/wp-content\/uploads\/2024\/01\/Wykrywanie-genu-HLA-B27-metoda-mikromacierzy_-jpg-768x192.webp 768w, https:\/\/www.alab.pl\/centrum-wiedzy\/wp-content\/uploads\/2024\/01\/Wykrywanie-genu-HLA-B27-metoda-mikromacierzy_-jpg-150x38.webp 150w, https:\/\/www.alab.pl\/centrum-wiedzy\/wp-content\/uploads\/2024\/01\/Wykrywanie-genu-HLA-B27-metoda-mikromacierzy_-jpg-300x75.webp 300w, https:\/\/www.alab.pl\/centrum-wiedzy\/wp-content\/uploads\/2024\/01\/Wykrywanie-genu-HLA-B27-metoda-mikromacierzy_-jpg-696x174.webp 696w\" sizes=\"auto, (max-width: 800px) 100vw, 800px\" \/><\/a><\/figure>\n\n\n\n<h2 class=\"wp-block-heading\" id=\"z5\">HLA B27 \u2013 kluczowy marker genetyczny<\/h2>\n\n\n\n<p>U ponad 90% pacjent\u00f3w z ZZSK wykrywa si\u0119 <strong>gen HLA-B27, kt\u00f3ry jest markerem genetycznym <\/strong>tej choroby. Jest on zlokalizowany na chromosomie 6 i koduje antygen HLA-B27. Do tej pory poznano oko\u0142o 200 alleli HLA B27, jednak zwi\u0105zane z chorob\u0105 s\u0105 tylko trzy podtypy: B*27:02, B*27:04 i B*27:05. Przy badaniu obecno\u015bci genu HLA B27 mo\u017cna skorzysta\u0107 z mikromacierzy DNA, kt\u00f3re zmniejszaj\u0105 cz\u0119sto\u015b\u0107 b\u0142\u0119dnych oznacze\u0144 do mniej ni\u017c 1%. Badania genetyczne oparte na technologii mikromacierzy, eliminuj\u0105 ryzyko reakcji krzy\u017cowych, wp\u0142yw czynnik\u00f3w zewn\u0119trznych (np. lek\u00f3w, czy przebytych chor\u00f3b) na wiarygodno\u015b\u0107 wynik\u00f3w, co czyni to badanie jednym z najbardziej czu\u0142ych i swoistych.<\/p>\n\n\n\n<hr class=\"wp-block-separator has-alpha-channel-opacity\"\/>\n\n\n\n<p>Pi\u015bmiennictwo<\/p>\n\n\n\n<ol class=\"wp-block-list\">\n<li>Wiland, P., Filipowicz-Sosnowska, A., G\u0142uszko, P., Kucharz, E. J., Ma\u015bli\u0144ski, W., Samborski, W., Szechi\u0144ski, J., T\u0142ustochowicz, W. and Brzosko, M., <em>Rekomendacje w post\u0119powaniu diagnostycznym i terapeutycznym u chorych na zesztywniaj\u0105ce zapalenie staw\u00f3w kr\u0119gos\u0142upa\u202f: opracowane przez Zesp\u00f3\u0142 Konsultanta Krajowego z dziedziny Reumatologii, <\/em>Reumatologia, 2008; 46(4), pp. 191-197.<\/li>\n\n\n\n<li>Braun J., Pincus T., <em>Mortality, course of disease and prognosis of patients with ankylosing spondylitis<\/em>. Clin Exp Rheumatol 2002; 20 (Suppl 28): S16-S22.<\/li>\n\n\n\n<li>Ridan T., Berwecki A., <em>Post\u0119powanie rehabilitacyjne w zesztywniaj\u0105cym zapaleniu staw\u00f3w kr\u0119gos\u0142upa, <\/em>Z praktyki gabinetu, 2013; 44-53<\/li>\n\n\n\n<li><a href=\"https:\/\/www.euroimmun.pl\/euroarray-hla-b27-metoda-referencyjna-w-diagnostyce-zzsk\/\" target=\"_blank\" rel=\"noreferrer noopener nofollow\">https:\/\/www.euroimmun.pl\/euroarray-hla-b27-metoda-referencyjna-w-diagnostyce-zzsk\/<\/a><\/li>\n\n\n\n<li><a href=\"https:\/\/www.euroimmun.pl\/euroarray-hla-b27-diagnostyka-genetyczna-zzsk\/\" target=\"_blank\" rel=\"noreferrer noopener nofollow\">https:\/\/www.euroimmun.pl\/euroarray-hla-b27-diagnostyka-genetyczna-zzsk\/<\/a><\/li>\n<\/ol>\n","protected":false},"excerpt":{"rendered":"<p>Czym jest ZZSK i w jaki spos\u00f3b diagnozuje si\u0119 t\u0119 chorob\u0119?<\/p>\n","protected":false},"author":157,"featured_media":10964,"comment_status":"closed","ping_status":"open","sticky":false,"template":"","format":"standard","meta":{"_acf_changed":false,"inline_featured_image":false,"footnotes":""},"categories":[8,21],"tags":[],"coauthors":[164],"class_list":{"0":"post-10930","1":"post","2":"type-post","3":"status-publish","4":"format-standard","5":"has-post-thumbnail","7":"category-choroby-autoimmunologiczne","8":"category-genetyka"},"acf":[],"yoast_head":"<!-- This site is optimized with the Yoast SEO plugin v27.5 - https:\/\/yoast.com\/product\/yoast-seo-wordpress\/ -->\n<title>HLA B27: marker genetyczny w ZZSK - ALAB Laboratoria<\/title>\n<meta name=\"description\" content=\"Czym jest HLA-B27? Kluczowy marker genetyczny ZZSK. Sprawd\u017a jego rol\u0119 w diagnostyce zesztywniaj\u0105cego zapalenia staw\u00f3w kr\u0119gos\u0142upa.\" \/>\n<meta name=\"robots\" content=\"index, follow, max-snippet:-1, max-image-preview:large, max-video-preview:-1\" \/>\n<link rel=\"canonical\" href=\"https:\/\/www.alab.pl\/centrum-wiedzy\/hla-b27-istotny-marker-genetyczny-w-zesztywniajacym-zapaleniu-stawow-kregoslupa-zzsk\/\" \/>\n<meta property=\"og:locale\" content=\"pl_PL\" \/>\n<meta property=\"og:type\" content=\"article\" \/>\n<meta property=\"og:title\" content=\"HLA B27: marker genetyczny w ZZSK - ALAB Laboratoria\" \/>\n<meta property=\"og:description\" content=\"Czym jest HLA-B27? Kluczowy marker genetyczny ZZSK. Sprawd\u017a jego rol\u0119 w diagnostyce zesztywniaj\u0105cego zapalenia staw\u00f3w kr\u0119gos\u0142upa.\" \/>\n<meta property=\"og:url\" content=\"https:\/\/www.alab.pl\/centrum-wiedzy\/hla-b27-istotny-marker-genetyczny-w-zesztywniajacym-zapaleniu-stawow-kregoslupa-zzsk\/\" \/>\n<meta property=\"og:site_name\" content=\"Centrum Wiedzy ALAB laboratoria\" \/>\n<meta property=\"article:publisher\" content=\"https:\/\/www.facebook.com\/ALABlaboratoria\" \/>\n<meta property=\"article:published_time\" content=\"2024-01-08T07:30:28+00:00\" \/>\n<meta property=\"og:image\" content=\"https:\/\/www.alab.pl\/centrum-wiedzy\/wp-content\/uploads\/2024\/01\/ZZSK-jpg.webp\" \/>\n\t<meta property=\"og:image:width\" content=\"1200\" \/>\n\t<meta property=\"og:image:height\" content=\"801\" \/>\n\t<meta property=\"og:image:type\" content=\"image\/webp\" \/>\n<meta name=\"author\" content=\"Izabella Podsiad\u0142y\" \/>\n<meta name=\"twitter:card\" content=\"summary_large_image\" \/>\n<meta name=\"twitter:label1\" content=\"Napisane przez\" \/>\n\t<meta name=\"twitter:data1\" content=\"Izabella Podsiad\u0142y\" \/>\n\t<meta name=\"twitter:label2\" content=\"Szacowany czas czytania\" \/>\n\t<meta name=\"twitter:data2\" content=\"5 minut\" \/>\n\t<meta name=\"twitter:label3\" content=\"Written by\" \/>\n\t<meta name=\"twitter:data3\" content=\"Izabella Podsiad\u0142y\" \/>\n<!-- \/ Yoast SEO plugin. -->","yoast_head_json":{"title":"HLA B27: marker genetyczny w ZZSK - ALAB Laboratoria","description":"Czym jest HLA-B27? Kluczowy marker genetyczny ZZSK. Sprawd\u017a jego rol\u0119 w diagnostyce zesztywniaj\u0105cego zapalenia staw\u00f3w kr\u0119gos\u0142upa.","robots":{"index":"index","follow":"follow","max-snippet":"max-snippet:-1","max-image-preview":"max-image-preview:large","max-video-preview":"max-video-preview:-1"},"canonical":"https:\/\/www.alab.pl\/centrum-wiedzy\/hla-b27-istotny-marker-genetyczny-w-zesztywniajacym-zapaleniu-stawow-kregoslupa-zzsk\/","og_locale":"pl_PL","og_type":"article","og_title":"HLA B27: marker genetyczny w ZZSK - ALAB Laboratoria","og_description":"Czym jest HLA-B27? Kluczowy marker genetyczny ZZSK. Sprawd\u017a jego rol\u0119 w diagnostyce zesztywniaj\u0105cego zapalenia staw\u00f3w kr\u0119gos\u0142upa.","og_url":"https:\/\/www.alab.pl\/centrum-wiedzy\/hla-b27-istotny-marker-genetyczny-w-zesztywniajacym-zapaleniu-stawow-kregoslupa-zzsk\/","og_site_name":"Centrum Wiedzy ALAB laboratoria","article_publisher":"https:\/\/www.facebook.com\/ALABlaboratoria","article_published_time":"2024-01-08T07:30:28+00:00","og_image":[{"width":1200,"height":801,"url":"https:\/\/www.alab.pl\/centrum-wiedzy\/wp-content\/uploads\/2024\/01\/ZZSK-jpg.webp","type":"image\/webp"}],"author":"Izabella Podsiad\u0142y","twitter_card":"summary_large_image","twitter_misc":{"Napisane przez":"Izabella Podsiad\u0142y","Szacowany czas czytania":"5 minut","Written by":"Izabella Podsiad\u0142y"},"schema":{"@context":"https:\/\/schema.org","@graph":[{"@type":"Article","@id":"https:\/\/www.alab.pl\/centrum-wiedzy\/hla-b27-istotny-marker-genetyczny-w-zesztywniajacym-zapaleniu-stawow-kregoslupa-zzsk\/#article","isPartOf":{"@id":"https:\/\/www.alab.pl\/centrum-wiedzy\/hla-b27-istotny-marker-genetyczny-w-zesztywniajacym-zapaleniu-stawow-kregoslupa-zzsk\/"},"author":{"name":"Izabella Podsiad\u0142y","@id":"https:\/\/www.alab.pl\/centrum-wiedzy\/#\/schema\/person\/90a14d72e6535e8d093a57494c3ab4c1"},"headline":"HLA B27: istotny marker genetyczny w zesztywniaj\u0105cym zapaleniu staw\u00f3w kr\u0119gos\u0142upa (ZZSK)","datePublished":"2024-01-08T07:30:28+00:00","mainEntityOfPage":{"@id":"https:\/\/www.alab.pl\/centrum-wiedzy\/hla-b27-istotny-marker-genetyczny-w-zesztywniajacym-zapaleniu-stawow-kregoslupa-zzsk\/"},"wordCount":878,"publisher":{"@id":"https:\/\/www.alab.pl\/centrum-wiedzy\/#organization"},"image":{"@id":"https:\/\/www.alab.pl\/centrum-wiedzy\/hla-b27-istotny-marker-genetyczny-w-zesztywniajacym-zapaleniu-stawow-kregoslupa-zzsk\/#primaryimage"},"thumbnailUrl":"https:\/\/www.alab.pl\/centrum-wiedzy\/wp-content\/uploads\/2024\/01\/ZZSK-jpg.webp","articleSection":["Choroby autoimmunologiczne","Genetyka"],"inLanguage":"pl-PL"},{"@type":"WebPage","@id":"https:\/\/www.alab.pl\/centrum-wiedzy\/hla-b27-istotny-marker-genetyczny-w-zesztywniajacym-zapaleniu-stawow-kregoslupa-zzsk\/","url":"https:\/\/www.alab.pl\/centrum-wiedzy\/hla-b27-istotny-marker-genetyczny-w-zesztywniajacym-zapaleniu-stawow-kregoslupa-zzsk\/","name":"HLA B27: marker genetyczny w ZZSK - ALAB Laboratoria","isPartOf":{"@id":"https:\/\/www.alab.pl\/centrum-wiedzy\/#website"},"primaryImageOfPage":{"@id":"https:\/\/www.alab.pl\/centrum-wiedzy\/hla-b27-istotny-marker-genetyczny-w-zesztywniajacym-zapaleniu-stawow-kregoslupa-zzsk\/#primaryimage"},"image":{"@id":"https:\/\/www.alab.pl\/centrum-wiedzy\/hla-b27-istotny-marker-genetyczny-w-zesztywniajacym-zapaleniu-stawow-kregoslupa-zzsk\/#primaryimage"},"thumbnailUrl":"https:\/\/www.alab.pl\/centrum-wiedzy\/wp-content\/uploads\/2024\/01\/ZZSK-jpg.webp","datePublished":"2024-01-08T07:30:28+00:00","description":"Czym jest HLA-B27? Kluczowy marker genetyczny ZZSK. Sprawd\u017a jego rol\u0119 w diagnostyce zesztywniaj\u0105cego zapalenia staw\u00f3w kr\u0119gos\u0142upa.","breadcrumb":{"@id":"https:\/\/www.alab.pl\/centrum-wiedzy\/hla-b27-istotny-marker-genetyczny-w-zesztywniajacym-zapaleniu-stawow-kregoslupa-zzsk\/#breadcrumb"},"inLanguage":"pl-PL","potentialAction":[{"@type":"ReadAction","target":["https:\/\/www.alab.pl\/centrum-wiedzy\/hla-b27-istotny-marker-genetyczny-w-zesztywniajacym-zapaleniu-stawow-kregoslupa-zzsk\/"]}]},{"@type":"ImageObject","inLanguage":"pl-PL","@id":"https:\/\/www.alab.pl\/centrum-wiedzy\/hla-b27-istotny-marker-genetyczny-w-zesztywniajacym-zapaleniu-stawow-kregoslupa-zzsk\/#primaryimage","url":"https:\/\/www.alab.pl\/centrum-wiedzy\/wp-content\/uploads\/2024\/01\/ZZSK-jpg.webp","contentUrl":"https:\/\/www.alab.pl\/centrum-wiedzy\/wp-content\/uploads\/2024\/01\/ZZSK-jpg.webp","width":1200,"height":801,"caption":"ZZSK"},{"@type":"BreadcrumbList","@id":"https:\/\/www.alab.pl\/centrum-wiedzy\/hla-b27-istotny-marker-genetyczny-w-zesztywniajacym-zapaleniu-stawow-kregoslupa-zzsk\/#breadcrumb","itemListElement":[{"@type":"ListItem","position":1,"name":"Strona g\u0142\u00f3wna","item":"https:\/\/www.alab.pl\/centrum-wiedzy\/"},{"@type":"ListItem","position":2,"name":"HLA B27: istotny marker genetyczny w zesztywniaj\u0105cym zapaleniu staw\u00f3w kr\u0119gos\u0142upa (ZZSK)"}]},{"@type":"WebSite","@id":"https:\/\/www.alab.pl\/centrum-wiedzy\/#website","url":"https:\/\/www.alab.pl\/centrum-wiedzy\/","name":"Centrum Wiedzy ALAB laboratoria","description":"","publisher":{"@id":"https:\/\/www.alab.pl\/centrum-wiedzy\/#organization"},"potentialAction":[{"@type":"SearchAction","target":{"@type":"EntryPoint","urlTemplate":"https:\/\/www.alab.pl\/centrum-wiedzy\/?s={search_term_string}"},"query-input":{"@type":"PropertyValueSpecification","valueRequired":true,"valueName":"search_term_string"}}],"inLanguage":"pl-PL"},{"@type":"Organization","@id":"https:\/\/www.alab.pl\/centrum-wiedzy\/#organization","name":"Centrum Wiedzy ALAB laboratoria","url":"https:\/\/www.alab.pl\/centrum-wiedzy\/","logo":{"@type":"ImageObject","inLanguage":"pl-PL","@id":"https:\/\/www.alab.pl\/centrum-wiedzy\/#\/schema\/logo\/image\/","url":"https:\/\/www.alab.pl\/centrum-wiedzy\/wp-content\/uploads\/2022\/04\/alabek.jpg","contentUrl":"https:\/\/www.alab.pl\/centrum-wiedzy\/wp-content\/uploads\/2022\/04\/alabek.jpg","width":1250,"height":1251,"caption":"Centrum Wiedzy ALAB laboratoria"},"image":{"@id":"https:\/\/www.alab.pl\/centrum-wiedzy\/#\/schema\/logo\/image\/"},"sameAs":["https:\/\/www.facebook.com\/ALABlaboratoria"]},{"@type":"Person","@id":"https:\/\/www.alab.pl\/centrum-wiedzy\/#\/schema\/person\/90a14d72e6535e8d093a57494c3ab4c1","name":"Izabella Podsiad\u0142y","image":{"@type":"ImageObject","inLanguage":"pl-PL","@id":"https:\/\/www.alab.pl\/centrum-wiedzy\/wp-content\/uploads\/2023\/11\/Izabella-Podsiadly-jpg-150x150.webp5249836aaf73e5f3f76cc25f0b34c098","url":"https:\/\/www.alab.pl\/centrum-wiedzy\/wp-content\/uploads\/2023\/11\/Izabella-Podsiadly-jpg-150x150.webp","contentUrl":"https:\/\/www.alab.pl\/centrum-wiedzy\/wp-content\/uploads\/2023\/11\/Izabella-Podsiadly-jpg-150x150.webp","caption":"Izabella Podsiad\u0142y"},"description":"Z wykszta\u0142cenia magister in\u017cynier biotechnologii, absolwentka Politechniki Wroc\u0142awskiej. W 2019 r. wyjecha\u0142a na dwuletni sta\u017c zagraniczny BioLab na Uniwersytecie Wirginii (Charlottesville, USA), gdzie prowadzi\u0142a badania nad bia\u0142kami zaanga\u017cowanymi w proces powstawania bia\u0142aczki oraz poszerza\u0142a swoje wiedz\u0119 i do\u015bwiadczenie w pracy laboratoryjnej. W firmie EUROIMMUN pracuje od 2021 roku i zajmuje si\u0119 przede wszystkim produktami do diagnostyki gru\u017alicy.","url":"https:\/\/www.alab.pl\/centrum-wiedzy\/author\/izabella-podsiadly\/"}]}},"_links":{"self":[{"href":"https:\/\/www.alab.pl\/centrum-wiedzy\/wp-json\/wp\/v2\/posts\/10930","targetHints":{"allow":["GET"]}}],"collection":[{"href":"https:\/\/www.alab.pl\/centrum-wiedzy\/wp-json\/wp\/v2\/posts"}],"about":[{"href":"https:\/\/www.alab.pl\/centrum-wiedzy\/wp-json\/wp\/v2\/types\/post"}],"author":[{"embeddable":true,"href":"https:\/\/www.alab.pl\/centrum-wiedzy\/wp-json\/wp\/v2\/users\/157"}],"replies":[{"embeddable":true,"href":"https:\/\/www.alab.pl\/centrum-wiedzy\/wp-json\/wp\/v2\/comments?post=10930"}],"version-history":[{"count":0,"href":"https:\/\/www.alab.pl\/centrum-wiedzy\/wp-json\/wp\/v2\/posts\/10930\/revisions"}],"wp:featuredmedia":[{"embeddable":true,"href":"https:\/\/www.alab.pl\/centrum-wiedzy\/wp-json\/wp\/v2\/media\/10964"}],"wp:attachment":[{"href":"https:\/\/www.alab.pl\/centrum-wiedzy\/wp-json\/wp\/v2\/media?parent=10930"}],"wp:term":[{"taxonomy":"category","embeddable":true,"href":"https:\/\/www.alab.pl\/centrum-wiedzy\/wp-json\/wp\/v2\/categories?post=10930"},{"taxonomy":"post_tag","embeddable":true,"href":"https:\/\/www.alab.pl\/centrum-wiedzy\/wp-json\/wp\/v2\/tags?post=10930"},{"taxonomy":"author","embeddable":true,"href":"https:\/\/www.alab.pl\/centrum-wiedzy\/wp-json\/wp\/v2\/coauthors?post=10930"}],"curies":[{"name":"wp","href":"https:\/\/api.w.org\/{rel}","templated":true}]}}