{"id":11043,"date":"2024-01-10T08:32:55","date_gmt":"2024-01-10T07:32:55","guid":{"rendered":"https:\/\/sklep.alablaboratoria.pl\/centrum-wiedzy\/?p=11043"},"modified":"2024-01-10T08:32:55","modified_gmt":"2024-01-10T07:32:55","slug":"kamica-zolciowa-u-dzieci-i-mlodziezy-kazuistyka-czy-realny-problem","status":"publish","type":"post","link":"https:\/\/www.alab.pl\/centrum-wiedzy\/kamica-zolciowa-u-dzieci-i-mlodziezy-kazuistyka-czy-realny-problem\/","title":{"rendered":"Kamica \u017c\u00f3\u0142ciowa u dzieci i m\u0142odzie\u017cy &#8211; kazuistyka czy realny problem?"},"content":{"rendered":"\n<p>Spis tre\u015bci<\/p>\n\n\n\n<ol class=\"wp-block-list\">\n<li><a href=\"#k1\">Czym dok\u0142adnie jest kamica \u017c\u00f3\u0142ciowa?<\/a><\/li>\n\n\n\n<li><a href=\"#k2\">Jakie objawy wskazuj\u0105 na kamic\u0119 \u017c\u00f3\u0142ciow\u0105?<\/a><\/li>\n\n\n\n<li><a href=\"#k3\">Jakie s\u0105 czynniki ryzyka zachorowania na kamic\u0119 \u017c\u00f3\u0142ciow\u0105 u dzieci i m\u0142odzie\u017cy?<\/a><\/li>\n\n\n\n<li><a href=\"#k4\">Czy s\u0105 dost\u0119pne skuteczne metody leczenia kamicy \u017c\u00f3\u0142ciowej u dzieci i m\u0142odzie\u017cy?<\/a><\/li>\n\n\n\n<li><a href=\"#k5\">Podsumowanie<\/a><\/li>\n<\/ol>\n\n\n\n<p><strong>Kamica \u017c\u00f3\u0142ciowa<\/strong> jest chorob\u0105 kojarzon\u0105 z populacj\u0105 os\u00f3b doros\u0142ych i trudno si\u0119 temu dziwi\u0107, gdy\u017c stanowi\u0105 oni zdecydowan\u0105 wi\u0119kszo\u015b\u0107 pacjent\u00f3w z tym rozpoznaniem. Nie oznacza to jednak, \u017ce problem nie dotyczy dzieci i m\u0142odzie\u017cy, wr\u0119cz przeciwnie &#8211; w ostatnich latach notuje si\u0119 systematyczny wzrost zachorowa\u0144. Czym dok\u0142adnie jest ta choroba? Jakie objawy powinny sk\u0142oni\u0107 ku diagnostyce? Jakie badania nale\u017cy wykona\u0107, by postawi\u0107 rozpoznanie? Czy s\u0105 dost\u0119pne skuteczne metody leczenia? O tym wszystkim dowiesz si\u0119 z poni\u017cszego artyku\u0142u.<\/p>\n\n\n\n<h2 class=\"wp-block-heading\" id=\"k1\">Czym dok\u0142adnie jest kamica \u017c\u00f3\u0142ciowa?<\/h2>\n\n\n\n<p>Powy\u017csza jednostka chorobowa jest niczym innym jak <strong>obecno\u015bci\u0105 z\u0142og\u00f3w r\u00f3\u017cnych rodzaj\u00f3w i rozmiar\u00f3w w obr\u0119bie dr\u00f3g \u017c\u00f3\u0142ciowych oraz samego p\u0119cherzyka \u017c\u00f3\u0142ciowego<\/strong>. Tworzenie si\u0119 konglomerat\u00f3w (znanych jako <strong>kamienie \u017c\u00f3\u0142ciowe<\/strong>) mo\u017ce prowadzi\u0107 do powa\u017cnych powik\u0142a\u0144, takich jak zapalenie p\u0119cherzyka \u017c\u00f3\u0142ciowego, ostre zapalenie dr\u00f3g \u017c\u00f3\u0142ciowych, a nawet ostre zapalenie trzustki. Jak ju\u017c wspomniano, <strong>w populacji pediatrycznej notuje si\u0119 rosn\u0105c\u0105 liczb\u0119 zachorowa\u0144<\/strong>, obecnie z chorob\u0105 zmaga si\u0119 nawet do 4% dzieci i m\u0142odzie\u017cy. W ostatnim dziesi\u0119cioleciu konieczno\u015b\u0107 usuni\u0119cia p\u0119cherzyka \u017c\u00f3\u0142ciowego z powodu z\u0142og\u00f3w wzros\u0142a a\u017c o 213% (!).&nbsp;Powy\u017csze niepokoj\u0105ce trendy s\u0105 w du\u017cej mierze spowodowane niepokoj\u0105co wysokim odsetkiem<a href=\"https:\/\/www.alab.pl\/centrum-wiedzy\/otylosc-u-dzieci-i-mlodziezy-powazna-choroba-i-duze-wyzwanie\/\"> oty\u0142o\u015bci<\/a>, a tak\u017ce lepsz\u0105 rozpoznawalno\u015bci\u0105 dzi\u0119ki \u0142atwo dost\u0119pnej ultrasonografii.<\/p>\n\n\n\n<h2 class=\"wp-block-heading\" id=\"k2\">Jakie objawy wskazuj\u0105 na kamic\u0119 \u017c\u00f3\u0142ciow\u0105?<\/h2>\n\n\n\n<p>Warto zaznaczy\u0107, \u017ce <strong>u wi\u0119kszo\u015bci pacjent\u00f3w choroba nie daje uchwytnych objaw\u00f3w<\/strong>, a samo rozpoznanie bywa incydentalne przy okazji wykonywania bada\u0144 z innych wskaza\u0144; nale\u017cy r\u00f3wnie\u017c pami\u0119ta\u0107, \u017ce u dzieci poni\u017cej 5. roku \u017cycia a\u017c do 72% nie posiada \u017cadnych dolegliwo\u015bci, natomiast mi\u0119dzy 5. a 12. rokiem objawy rozwija oko\u0142o po\u0142owa chorych. M\u0142odsze dzieci mog\u0105 uskar\u017ca\u0107 si\u0119 na <strong>typowy b\u00f3l w prawej g\u00f3rnej cz\u0119\u015bci brzucha, nudno\u015bci i wymioty, niepok\u00f3j, p\u0142aczliwo\u015b\u0107, niekiedy z wsp\u00f3\u0142istniej\u0105c\u0105 gor\u0105czk\u0105<\/strong>; nierzadko zdarza si\u0119, \u017ce b\u00f3l brzucha nie jest swoisty i towarzyszy pacjentowi od d\u0142u\u017cszego czasu. Dzieci powy\u017cej 5. roku \u017cycia zg\u0142aszaj\u0105 podobne objawy, przy czym potrafi\u0105 bardziej precyzyjnie opisa\u0107 dolegliwo\u015bci &#8211; b\u00f3l mo\u017ce promieniowa\u0107 do \u0142opatki i\/lub tylnej cz\u0119\u015bci tu\u0142owia, jest silny i niekiedy towarzysz\u0105 mu wymioty. U du\u017cej cz\u0119\u015bci pacjent\u00f3w objawy s\u0105 prowokowane przez spo\u017cycie t\u0142ustych pokarm\u00f3w.<\/p>\n\n\n\n<h2 class=\"wp-block-heading\" id=\"k3\">Jakie s\u0105 czynniki ryzyka zachorowania na kamic\u0119 \u017c\u00f3\u0142ciow\u0105 u dzieci i m\u0142odzie\u017cy?<\/h2>\n\n\n\n<p>Wobec cz\u0119sto &#8222;rozmytych&#8221; i niecharakterystycznych objaw\u00f3w znajomo\u015b\u0107 czynnik\u00f3w ryzyka pozwala na wzi\u0119cie pod uwag\u0119 kamicy \u017c\u00f3\u0142ciowej jako przyczyny dolegliwo\u015bci, co z kolei umo\u017cliwia szybsze rozpoznanie i leczenie. Jak ju\u017c wspomniano, <strong>jednym z najsilniejszych czynnik\u00f3w ryzyka jest oty\u0142o\u015b\u0107<\/strong>, w przebiegu kt\u00f3rej dochodzi do upo\u015bledzenia motoryki p\u0119cherzyka \u017c\u00f3\u0142ciowego i nadmiernego wydzielania \u017c\u00f3\u0142ci. Z drugiej strony szybka utrata masy cia\u0142a (powy\u017cej 1,5 kg na tydzie\u0144) i niskokaloryczna dieta mog\u0105 r\u00f3wnie\u017c predysponowa\u0107 do powstawania kamieni \u017c\u00f3\u0142ciowych ze wzgl\u0119du na przyspieszon\u0105 eliminacj\u0119 cholesterolu, kt\u00f3ry nadmiernie nasyca \u017c\u00f3\u0142\u0107. Kolejnym czynnikiem jest p\u0142e\u0107 &#8211; <strong>choroba istotnie cz\u0119\u015bciej dotyka dziewczynek<\/strong>. Ryzyko zachorowania zwi\u0119ksza tak\u017ce zwi\u0119kszone spo\u017cycie t\u0142uszcz\u00f3w z wysoko przetworzonymi cukrami, fruktoz\u0105 i nisk\u0105 zawarto\u015bci\u0105 b\u0142onnika. Coraz wi\u0119cej danych wskazuje tak\u017ce na <strong>podatno\u015b\u0107 genetyczn\u0105<\/strong>; wed\u0142ug szwedzkich naukowc\u00f3w predyspozycja dziedziczna odpowiada za oko\u0142o 25% ca\u0142kowitego ryzyka rozwoju kamicy \u017c\u00f3\u0142ciowej. Innymi istotnymi s\u0105 obecno\u015b\u0107 wrodzonych chor\u00f3b dr\u00f3g \u017c\u00f3\u0142ciowych, stan po resekcji jelita, wcze\u015bniactwo, mukowiscydoza, choroby wrodzone przebiegaj\u0105ce z niszczeniem czerwonych krwinek (tzw. choroby hemolityczne, np. talasemie czy sferocytoza) czy niekt\u00f3re leki (np. <a href=\"https:\/\/www.alab.pl\/centrum-wiedzy\/antybiotyk\/\">antybiotyki<\/a>, \u015brodki antykoncepcyjne, leki moczop\u0119dne).<\/p>\n\n\n\n<h2 class=\"wp-block-heading\">Jak stawia si\u0119 rozpoznanie kamicy \u017c\u00f3\u0142ciowej u dzieci i m\u0142odzie\u017cy?<\/h2>\n\n\n\n<p>Przy obecno\u015bci kt\u00f3rychkolwiek z wy\u017cej wymienionych objaw\u00f3w <strong>&#8222;z\u0142otym standardem&#8221; rozpoznania jest ultrasonografia jamy brzusznej<\/strong>; oszacowano, \u017ce czu\u0142o\u015b\u0107 tego badania wynosi 84%, a swoisto\u015b\u0107 99%, co jest wynikiem bardzo wysokim (nale\u017cy jednak pami\u0119ta\u0107, \u017ce wiarygodno\u015b\u0107 badania jest w du\u017cej mierze uzale\u017cniona od sprawno\u015bci operatora). Badania takie jak tomografia komputerowa jamy brzusznej, endoskopowa lub magnetyczna cholangiopankreatografia wsteczna (ERCP\/MRCP) s\u0105 czasami przydatne podczas pracy z pacjentami z <a href=\"https:\/\/www.alab.pl\/centrum-wiedzy\/przyczyny-rodzaje-i-diagnostyka-zoltaczek\/\">\u017c\u00f3\u0142taczk\u0105<\/a> i rozszerzonymi drogami \u017c\u00f3\u0142ciowymi (u dzieci rzadko\u015b\u0107) lub podejrzeniem zapalenia dr\u00f3g \u017c\u00f3\u0142ciowych, ale zwykle wykonuje si\u0119 je po USG. <strong>Wst\u0119pne badania laboratoryjne s\u0142u\u017c\u0105ce do oceny pacjenta z kamic\u0105 \u017c\u00f3\u0142ciow\u0105 obejmuj\u0105 <a href=\"https:\/\/www.alab.pl\/badanie\/morfologia-krwi-c55\" target=\"_blank\" rel=\"noreferrer noopener\">morfologi\u0119 krwi<\/a> z rozmazem, <a href=\"https:\/\/www.alab.pl\/badanie\/sod-w-surowicy-o35\" target=\"_blank\" rel=\"noreferrer noopener\">s\u00f3d<\/a>, <a href=\"https:\/\/www.alab.pl\/badanie\/potas-w-surowicy-n45\" target=\"_blank\" rel=\"noreferrer noopener\">potas<\/a>, chlor, <a href=\"https:\/\/www.alab.pl\/badanie\/wapn-calkowity-w-surowicy-o77\" target=\"_blank\" rel=\"noreferrer noopener\">wap\u0144 ca\u0142kowity<\/a>, <a href=\"https:\/\/www.alab.pl\/badanie\/bialko-calkowite-i77\" target=\"_blank\" rel=\"noreferrer noopener\">bia\u0142ko ca\u0142kowite<\/a>, <a href=\"https:\/\/www.alab.pl\/badanie\/albumina-w-surowicy-i09\" target=\"_blank\" rel=\"noreferrer noopener\">albuminy<\/a>, <a href=\"https:\/\/www.alab.pl\/badanie\/aminotransferaza-alaninowa-alt-i17\" target=\"_blank\" rel=\"noreferrer noopener\">ALAT<\/a>, <a href=\"https:\/\/www.alab.pl\/badanie\/aminotransferaza-asparaginianowa-ast-i19\" target=\"_blank\" rel=\"noreferrer noopener\">AspAT<\/a>, <a href=\"https:\/\/www.alab.pl\/badanie\/fosfataza-alkaliczna-alp-l11\" target=\"_blank\" rel=\"noreferrer noopener\">fosfataz\u0119 alkaliczn\u0105<\/a>,<a href=\"https:\/\/www.alab.pl\/badanie\/glukoza-l43\" target=\"_blank\" rel=\"noreferrer noopener\"> glukoz\u0119<\/a>, <a href=\"https:\/\/www.alab.pl\/badanie\/kreatynina-w-surowicy-m37\" target=\"_blank\" rel=\"noreferrer noopener\">kreatynin\u0119<\/a>, <a href=\"https:\/\/www.alab.pl\/badanie\/bilirubina-calkowita-i89\" target=\"_blank\" rel=\"noreferrer noopener\">bilirubin\u0119<\/a> (z frakcjami), a tak\u017ce <a href=\"https:\/\/www.alab.pl\/badanie\/lipaza-m67\" target=\"_blank\" rel=\"noreferrer noopener\">lipaz\u0119<\/a>, <a href=\"https:\/\/www.alab.pl\/badanie\/amylaza-w-surowicy-i25\" target=\"_blank\" rel=\"noreferrer noopener\">amylaz\u0119 <\/a>(t\u0105 ostatni\u0105 tak\u017ce w moczu w celu lepszego r\u00f3\u017cnicowania z ostrym zapaleniem trzustki) i ewentualnie parametry uk\u0142adu krzepni\u0119cia; pomocne jest tak\u017ce przeprowadzenie <a href=\"https:\/\/www.alab.pl\/badanie\/badanie-ogolne-moczu-a01\" target=\"_blank\" rel=\"noreferrer noopener\">badania og\u00f3lnego moczu<\/a>. <\/strong>Tak szeroki panel bada\u0144 jest uzasadniony wobec potencjalnie wielu mo\u017cliwych przyczyn dolegliwo\u015bci ze strony jamy brzusznej, szczeg\u00f3lnie przy niejasnych\/niejednoznacznych objawach.<\/p>\n\n\n\n<figure class=\"wp-block-image size-full\"><a href=\"https:\/\/www.alab.pl\/pakiet\/pakiet-watrobowy\" target=\"_blank\" rel=\"noreferrer noopener\"><img loading=\"lazy\" decoding=\"async\" width=\"800\" height=\"200\" src=\"https:\/\/www.alab.pl\/centrum-wiedzy\/wp-content\/uploads\/2023\/06\/pakiet-watrobowy-baner-jpg.webp\" alt=\"pakiet w\u0105trobowy baner\" class=\"wp-image-6702\" srcset=\"https:\/\/www.alab.pl\/centrum-wiedzy\/wp-content\/uploads\/2023\/06\/pakiet-watrobowy-baner-jpg.webp 800w, https:\/\/www.alab.pl\/centrum-wiedzy\/wp-content\/uploads\/2023\/06\/pakiet-watrobowy-baner-jpg-768x192.webp 768w, https:\/\/www.alab.pl\/centrum-wiedzy\/wp-content\/uploads\/2023\/06\/pakiet-watrobowy-baner-jpg-150x38.webp 150w, https:\/\/www.alab.pl\/centrum-wiedzy\/wp-content\/uploads\/2023\/06\/pakiet-watrobowy-baner-jpg-300x75.webp 300w, https:\/\/www.alab.pl\/centrum-wiedzy\/wp-content\/uploads\/2023\/06\/pakiet-watrobowy-baner-jpg-696x174.webp 696w\" sizes=\"auto, (max-width: 800px) 100vw, 800px\" \/><\/a><\/figure>\n\n\n\n<h2 class=\"wp-block-heading\" id=\"k4\">Czy s\u0105 dost\u0119pne skuteczne metody leczenia kamicy \u017c\u00f3\u0142ciowej u dzieci i m\u0142odzie\u017cy?<\/h2>\n\n\n\n<p>U dziecka z obecno\u015bci\u0105 objaw\u00f3w (tzw. kolk\u0105 \u017c\u00f3\u0142ciow\u0105) stosuje si\u0119 <strong>leki przeciwskurczowe, przeciwb\u00f3lowe i przeciwzapalne<\/strong>, co pozwala na znaczne z\u0142agodzenie dolegliwo\u015bci; w ci\u0119\u017ckich przypadkach mo\u017ce by\u0107 konieczne zastosowanie p\u0142ynoterapii do\u017cylnej. <strong>U wszystkich pacjent\u00f3w z objawow\u0105 kamic\u0105 \u017c\u00f3\u0142ciow\u0105 zaleca si\u0119 usuni\u0119cie p\u0119cherzyka \u017c\u00f3\u0142ciowego<\/strong>, a metod\u0105 z wyboru jest cholecystektomia laparoskopowa (operacj\u0119 w trybie planowym zaleca si\u0119 w kr\u00f3tkim po wyst\u0105pieniu objaw\u00f3w ze wzgl\u0119du na ryzyko powik\u0142a\u0144 i nawrot\u00f3w). Leki takie jak kwas ursodeoksycholowy stosowany zar\u00f3wno u dzieci bez, jak i z objawami nie zmniejsza nasilenia objaw\u00f3w i obecnie nie jest rekomendowany. Jednym z najwa\u017cniejszych element\u00f3w post\u0119powania jest <strong>eliminacja modyfikowalnych czynnik\u00f3w ryzyka, czyli redukcja masy cia\u0142a w przypadku oty\u0142o\u015bci i optymalizacja sposobu \u017cywienia<\/strong>.<\/p>\n\n\n\n<figure class=\"wp-block-image size-full\"><a href=\"https:\/\/www.alab.pl\/badanie\/bilirubina-calkowita-i89\" target=\"_blank\" rel=\"noreferrer noopener\"><img loading=\"lazy\" decoding=\"async\" width=\"800\" height=\"200\" src=\"https:\/\/www.alab.pl\/centrum-wiedzy\/wp-content\/uploads\/2023\/06\/Badanie-bilirubiny-calkowitej-jpg.webp\" alt=\"badanie bilirubiny ca\u0142kowitej\" class=\"wp-image-6922\" srcset=\"https:\/\/www.alab.pl\/centrum-wiedzy\/wp-content\/uploads\/2023\/06\/Badanie-bilirubiny-calkowitej-jpg.webp 800w, https:\/\/www.alab.pl\/centrum-wiedzy\/wp-content\/uploads\/2023\/06\/Badanie-bilirubiny-calkowitej-jpg-768x192.webp 768w, https:\/\/www.alab.pl\/centrum-wiedzy\/wp-content\/uploads\/2023\/06\/Badanie-bilirubiny-calkowitej-jpg-150x38.webp 150w, https:\/\/www.alab.pl\/centrum-wiedzy\/wp-content\/uploads\/2023\/06\/Badanie-bilirubiny-calkowitej-jpg-300x75.webp 300w, https:\/\/www.alab.pl\/centrum-wiedzy\/wp-content\/uploads\/2023\/06\/Badanie-bilirubiny-calkowitej-jpg-696x174.webp 696w\" sizes=\"auto, (max-width: 800px) 100vw, 800px\" \/><\/a><\/figure>\n\n\n\n<h2 class=\"wp-block-heading\" id=\"k5\">Podsumowanie<\/h2>\n\n\n\n<p><strong>Kamica \u017c\u00f3\u0142ciowa jest rzadka w\u015br\u00f3d dzieci i m\u0142odzie\u017cy, jednak coraz cz\u0119\u015bciej rozpoznawana<\/strong>; przy podejrzeniu choroby warto zg\u0142osi\u0107 si\u0119 do lekarza, kt\u00f3ry zleci odpowiedni\u0105 diagnostyk\u0119. Odpowiednio wczesne postawienie rozpoznania pozwoli na szybsze wdro\u017cenie niezb\u0119dnego leczenia, kt\u00f3re zminimalizuje ryzyko gro\u017anych powik\u0142a\u0144.<\/p>\n\n\n\n<p><strong>Przeczytaj te\u017c: <a href=\"https:\/\/www.alab.pl\/centrum-wiedzy\/zywienie-w-otylosci-dzieci-i-mlodziezy\/\">\u017bywienie w oty\u0142o\u015bci dzieci i m\u0142odzie\u017cy<\/a><\/strong><\/p>\n\n\n\n<hr class=\"wp-block-separator has-alpha-channel-opacity\"\/>\n\n\n\n<p>Pi\u015bmiennictwo<\/p>\n\n\n\n<ol class=\"wp-block-list\">\n<li><a href=\"https:\/\/www.ncbi.nlm.nih.gov\/pmc\/articles\/PMC8323576\/\" target=\"_blank\" rel=\"noreferrer noopener nofollow\">https:\/\/www.ncbi.nlm.nih.gov\/pmc\/articles\/PMC8323576\/<\/a><\/li>\n\n\n\n<li><a href=\"https:\/\/www.ncbi.nlm.nih.gov\/pmc\/articles\/PMC9657413\/\" target=\"_blank\" rel=\"noreferrer noopener nofollow\">https:\/\/www.ncbi.nlm.nih.gov\/pmc\/articles\/PMC9657413\/<\/a><\/li>\n\n\n\n<li><a href=\"https:\/\/www.ncbi.nlm.nih.gov\/pmc\/articles\/PMC5953441\/\" target=\"_blank\" rel=\"noreferrer noopener nofollow\">https:\/\/www.ncbi.nlm.nih.gov\/pmc\/articles\/PMC5953441\/<\/a><\/li>\n\n\n\n<li><a href=\"https:\/\/www.ncbi.nlm.nih.gov\/books\/NBK470440\/\" target=\"_blank\" rel=\"noreferrer noopener nofollow\">https:\/\/www.ncbi.nlm.nih.gov\/books\/NBK470440\/<\/a><\/li>\n\n\n\n<li><a href=\"https:\/\/www.termedia.pl\/Management-of-gallstone-disease-in-children,127,51571,1,1.html\" target=\"_blank\" rel=\"noreferrer noopener nofollow\">https:\/\/www.termedia.pl\/Management-of-gallstone-disease-in-children,127,51571,1,1.html<\/a><\/li>\n<\/ol>\n","protected":false},"excerpt":{"rendered":"<p>Kiedy podejrzewa\u0107 kamic\u0119 \u017c\u00f3\u0142ciow\u0105 u dziecka? Czy to cz\u0119sty problem?<\/p>\n","protected":false},"author":154,"featured_media":11064,"comment_status":"closed","ping_status":"open","sticky":false,"template":"","format":"standard","meta":{"_acf_changed":false,"inline_featured_image":false,"footnotes":""},"categories":[18,30],"tags":[],"coauthors":[151],"class_list":{"0":"post-11043","1":"post","2":"type-post","3":"status-publish","4":"format-standard","5":"has-post-thumbnail","8":"category-zdrowie-dzieci-i-mlodziezy"},"acf":[],"yoast_head":"<!-- This site is optimized with the Yoast SEO plugin v27.5 - https:\/\/yoast.com\/product\/yoast-seo-wordpress\/ -->\n<title>Kamica \u017c\u00f3\u0142ciowa u dzieci i m\u0142odzie\u017cy - realny problem?<\/title>\n<meta name=\"description\" content=\"Czy kamica \u017c\u00f3\u0142ciowa mo\u017ce wyst\u0119powa\u0107 u dzieci i m\u0142odzie\u017cy? Poznaj przyczyny, objawy i metody leczenia tej choroby u m\u0142odszych pacjent\u00f3w.\" \/>\n<meta name=\"robots\" content=\"index, follow, max-snippet:-1, max-image-preview:large, max-video-preview:-1\" \/>\n<link rel=\"canonical\" href=\"https:\/\/www.alab.pl\/centrum-wiedzy\/kamica-zolciowa-u-dzieci-i-mlodziezy-kazuistyka-czy-realny-problem\/\" \/>\n<meta property=\"og:locale\" content=\"pl_PL\" \/>\n<meta property=\"og:type\" content=\"article\" \/>\n<meta property=\"og:title\" content=\"Kamica \u017c\u00f3\u0142ciowa u dzieci i m\u0142odzie\u017cy - realny problem?\" \/>\n<meta property=\"og:description\" content=\"Czy kamica \u017c\u00f3\u0142ciowa mo\u017ce wyst\u0119powa\u0107 u dzieci i m\u0142odzie\u017cy? Poznaj przyczyny, objawy i metody leczenia tej choroby u m\u0142odszych pacjent\u00f3w.\" \/>\n<meta property=\"og:url\" content=\"https:\/\/www.alab.pl\/centrum-wiedzy\/kamica-zolciowa-u-dzieci-i-mlodziezy-kazuistyka-czy-realny-problem\/\" \/>\n<meta property=\"og:site_name\" content=\"Centrum Wiedzy ALAB laboratoria\" \/>\n<meta property=\"article:publisher\" content=\"https:\/\/www.facebook.com\/ALABlaboratoria\" \/>\n<meta property=\"article:published_time\" content=\"2024-01-10T07:32:55+00:00\" \/>\n<meta property=\"og:image\" content=\"https:\/\/www.alab.pl\/centrum-wiedzy\/wp-content\/uploads\/2024\/01\/kamica-u-dzieci-i-mlodziezy-jpg.webp\" \/>\n\t<meta property=\"og:image:width\" content=\"1200\" \/>\n\t<meta property=\"og:image:height\" content=\"801\" \/>\n\t<meta property=\"og:image:type\" content=\"image\/webp\" \/>\n<meta name=\"author\" content=\"Damian Matusiak\" \/>\n<meta name=\"twitter:card\" content=\"summary_large_image\" \/>\n<meta name=\"twitter:label1\" content=\"Napisane przez\" \/>\n\t<meta name=\"twitter:data1\" content=\"Damian Matusiak\" \/>\n\t<meta name=\"twitter:label2\" content=\"Szacowany czas czytania\" \/>\n\t<meta name=\"twitter:data2\" content=\"6 minut\" \/>\n\t<meta name=\"twitter:label3\" content=\"Written by\" \/>\n\t<meta name=\"twitter:data3\" content=\"Damian Matusiak\" \/>\n<!-- \/ Yoast SEO plugin. -->","yoast_head_json":{"title":"Kamica \u017c\u00f3\u0142ciowa u dzieci i m\u0142odzie\u017cy - realny problem?","description":"Czy kamica \u017c\u00f3\u0142ciowa mo\u017ce wyst\u0119powa\u0107 u dzieci i m\u0142odzie\u017cy? Poznaj przyczyny, objawy i metody leczenia tej choroby u m\u0142odszych pacjent\u00f3w.","robots":{"index":"index","follow":"follow","max-snippet":"max-snippet:-1","max-image-preview":"max-image-preview:large","max-video-preview":"max-video-preview:-1"},"canonical":"https:\/\/www.alab.pl\/centrum-wiedzy\/kamica-zolciowa-u-dzieci-i-mlodziezy-kazuistyka-czy-realny-problem\/","og_locale":"pl_PL","og_type":"article","og_title":"Kamica \u017c\u00f3\u0142ciowa u dzieci i m\u0142odzie\u017cy - realny problem?","og_description":"Czy kamica \u017c\u00f3\u0142ciowa mo\u017ce wyst\u0119powa\u0107 u dzieci i m\u0142odzie\u017cy? Poznaj przyczyny, objawy i metody leczenia tej choroby u m\u0142odszych pacjent\u00f3w.","og_url":"https:\/\/www.alab.pl\/centrum-wiedzy\/kamica-zolciowa-u-dzieci-i-mlodziezy-kazuistyka-czy-realny-problem\/","og_site_name":"Centrum Wiedzy ALAB laboratoria","article_publisher":"https:\/\/www.facebook.com\/ALABlaboratoria","article_published_time":"2024-01-10T07:32:55+00:00","og_image":[{"width":1200,"height":801,"url":"https:\/\/www.alab.pl\/centrum-wiedzy\/wp-content\/uploads\/2024\/01\/kamica-u-dzieci-i-mlodziezy-jpg.webp","type":"image\/webp"}],"author":"Damian Matusiak","twitter_card":"summary_large_image","twitter_misc":{"Napisane przez":"Damian Matusiak","Szacowany czas czytania":"6 minut","Written by":"Damian Matusiak"},"schema":{"@context":"https:\/\/schema.org","@graph":[{"@type":"Article","@id":"https:\/\/www.alab.pl\/centrum-wiedzy\/kamica-zolciowa-u-dzieci-i-mlodziezy-kazuistyka-czy-realny-problem\/#article","isPartOf":{"@id":"https:\/\/www.alab.pl\/centrum-wiedzy\/kamica-zolciowa-u-dzieci-i-mlodziezy-kazuistyka-czy-realny-problem\/"},"author":{"name":"Damian Matusiak","@id":"https:\/\/www.alab.pl\/centrum-wiedzy\/#\/schema\/person\/5709fe1c1c909754033072d7f8155a44"},"headline":"Kamica \u017c\u00f3\u0142ciowa u dzieci i m\u0142odzie\u017cy &#8211; kazuistyka czy realny problem?","datePublished":"2024-01-10T07:32:55+00:00","mainEntityOfPage":{"@id":"https:\/\/www.alab.pl\/centrum-wiedzy\/kamica-zolciowa-u-dzieci-i-mlodziezy-kazuistyka-czy-realny-problem\/"},"wordCount":1145,"publisher":{"@id":"https:\/\/www.alab.pl\/centrum-wiedzy\/#organization"},"image":{"@id":"https:\/\/www.alab.pl\/centrum-wiedzy\/kamica-zolciowa-u-dzieci-i-mlodziezy-kazuistyka-czy-realny-problem\/#primaryimage"},"thumbnailUrl":"https:\/\/www.alab.pl\/centrum-wiedzy\/wp-content\/uploads\/2024\/01\/kamica-u-dzieci-i-mlodziezy-jpg.webp","articleSection":["Dysbioza, choroby przewodu pokarmowego","Zdrowie dzieci i m\u0142odzie\u017cy"],"inLanguage":"pl-PL"},{"@type":"WebPage","@id":"https:\/\/www.alab.pl\/centrum-wiedzy\/kamica-zolciowa-u-dzieci-i-mlodziezy-kazuistyka-czy-realny-problem\/","url":"https:\/\/www.alab.pl\/centrum-wiedzy\/kamica-zolciowa-u-dzieci-i-mlodziezy-kazuistyka-czy-realny-problem\/","name":"Kamica \u017c\u00f3\u0142ciowa u dzieci i m\u0142odzie\u017cy - realny problem?","isPartOf":{"@id":"https:\/\/www.alab.pl\/centrum-wiedzy\/#website"},"primaryImageOfPage":{"@id":"https:\/\/www.alab.pl\/centrum-wiedzy\/kamica-zolciowa-u-dzieci-i-mlodziezy-kazuistyka-czy-realny-problem\/#primaryimage"},"image":{"@id":"https:\/\/www.alab.pl\/centrum-wiedzy\/kamica-zolciowa-u-dzieci-i-mlodziezy-kazuistyka-czy-realny-problem\/#primaryimage"},"thumbnailUrl":"https:\/\/www.alab.pl\/centrum-wiedzy\/wp-content\/uploads\/2024\/01\/kamica-u-dzieci-i-mlodziezy-jpg.webp","datePublished":"2024-01-10T07:32:55+00:00","description":"Czy kamica \u017c\u00f3\u0142ciowa mo\u017ce wyst\u0119powa\u0107 u dzieci i m\u0142odzie\u017cy? Poznaj przyczyny, objawy i metody leczenia tej choroby u m\u0142odszych pacjent\u00f3w.","breadcrumb":{"@id":"https:\/\/www.alab.pl\/centrum-wiedzy\/kamica-zolciowa-u-dzieci-i-mlodziezy-kazuistyka-czy-realny-problem\/#breadcrumb"},"inLanguage":"pl-PL","potentialAction":[{"@type":"ReadAction","target":["https:\/\/www.alab.pl\/centrum-wiedzy\/kamica-zolciowa-u-dzieci-i-mlodziezy-kazuistyka-czy-realny-problem\/"]}]},{"@type":"ImageObject","inLanguage":"pl-PL","@id":"https:\/\/www.alab.pl\/centrum-wiedzy\/kamica-zolciowa-u-dzieci-i-mlodziezy-kazuistyka-czy-realny-problem\/#primaryimage","url":"https:\/\/www.alab.pl\/centrum-wiedzy\/wp-content\/uploads\/2024\/01\/kamica-u-dzieci-i-mlodziezy-jpg.webp","contentUrl":"https:\/\/www.alab.pl\/centrum-wiedzy\/wp-content\/uploads\/2024\/01\/kamica-u-dzieci-i-mlodziezy-jpg.webp","width":1200,"height":801,"caption":"kamica \u017c\u00f3\u0142ciowa"},{"@type":"BreadcrumbList","@id":"https:\/\/www.alab.pl\/centrum-wiedzy\/kamica-zolciowa-u-dzieci-i-mlodziezy-kazuistyka-czy-realny-problem\/#breadcrumb","itemListElement":[{"@type":"ListItem","position":1,"name":"Strona g\u0142\u00f3wna","item":"https:\/\/www.alab.pl\/centrum-wiedzy\/"},{"@type":"ListItem","position":2,"name":"Kamica \u017c\u00f3\u0142ciowa u dzieci i m\u0142odzie\u017cy &#8211; kazuistyka czy realny problem?"}]},{"@type":"WebSite","@id":"https:\/\/www.alab.pl\/centrum-wiedzy\/#website","url":"https:\/\/www.alab.pl\/centrum-wiedzy\/","name":"Centrum Wiedzy ALAB laboratoria","description":"","publisher":{"@id":"https:\/\/www.alab.pl\/centrum-wiedzy\/#organization"},"potentialAction":[{"@type":"SearchAction","target":{"@type":"EntryPoint","urlTemplate":"https:\/\/www.alab.pl\/centrum-wiedzy\/?s={search_term_string}"},"query-input":{"@type":"PropertyValueSpecification","valueRequired":true,"valueName":"search_term_string"}}],"inLanguage":"pl-PL"},{"@type":"Organization","@id":"https:\/\/www.alab.pl\/centrum-wiedzy\/#organization","name":"Centrum Wiedzy ALAB laboratoria","url":"https:\/\/www.alab.pl\/centrum-wiedzy\/","logo":{"@type":"ImageObject","inLanguage":"pl-PL","@id":"https:\/\/www.alab.pl\/centrum-wiedzy\/#\/schema\/logo\/image\/","url":"https:\/\/www.alab.pl\/centrum-wiedzy\/wp-content\/uploads\/2022\/04\/alabek.jpg","contentUrl":"https:\/\/www.alab.pl\/centrum-wiedzy\/wp-content\/uploads\/2022\/04\/alabek.jpg","width":1250,"height":1251,"caption":"Centrum Wiedzy ALAB laboratoria"},"image":{"@id":"https:\/\/www.alab.pl\/centrum-wiedzy\/#\/schema\/logo\/image\/"},"sameAs":["https:\/\/www.facebook.com\/ALABlaboratoria"]},{"@type":"Person","@id":"https:\/\/www.alab.pl\/centrum-wiedzy\/#\/schema\/person\/5709fe1c1c909754033072d7f8155a44","name":"Damian Matusiak","image":{"@type":"ImageObject","inLanguage":"pl-PL","@id":"https:\/\/www.alab.pl\/centrum-wiedzy\/wp-content\/uploads\/2023\/10\/Damian-Matusiak-jpg-150x150.webp4a39f9a6ab8bdce93cc7d4859c6e6401","url":"https:\/\/www.alab.pl\/centrum-wiedzy\/wp-content\/uploads\/2023\/10\/Damian-Matusiak-jpg-150x150.webp","contentUrl":"https:\/\/www.alab.pl\/centrum-wiedzy\/wp-content\/uploads\/2023\/10\/Damian-Matusiak-jpg-150x150.webp","caption":"Damian Matusiak"},"description":"Specjalista pediatrii, kieruj\u0105cy Oddzia\u0142em Pediatrycznym w Lesznie, absolwent Uniwersytetu Medycznego im. Karola Marcinkowskiego w Poznaniu; pasjonat ultrasonografii i nowinek ze \u015bwiata nauki.","url":"https:\/\/www.alab.pl\/centrum-wiedzy\/author\/damian-matusiak\/"}]}},"_links":{"self":[{"href":"https:\/\/www.alab.pl\/centrum-wiedzy\/wp-json\/wp\/v2\/posts\/11043","targetHints":{"allow":["GET"]}}],"collection":[{"href":"https:\/\/www.alab.pl\/centrum-wiedzy\/wp-json\/wp\/v2\/posts"}],"about":[{"href":"https:\/\/www.alab.pl\/centrum-wiedzy\/wp-json\/wp\/v2\/types\/post"}],"author":[{"embeddable":true,"href":"https:\/\/www.alab.pl\/centrum-wiedzy\/wp-json\/wp\/v2\/users\/154"}],"replies":[{"embeddable":true,"href":"https:\/\/www.alab.pl\/centrum-wiedzy\/wp-json\/wp\/v2\/comments?post=11043"}],"version-history":[{"count":0,"href":"https:\/\/www.alab.pl\/centrum-wiedzy\/wp-json\/wp\/v2\/posts\/11043\/revisions"}],"wp:featuredmedia":[{"embeddable":true,"href":"https:\/\/www.alab.pl\/centrum-wiedzy\/wp-json\/wp\/v2\/media\/11064"}],"wp:attachment":[{"href":"https:\/\/www.alab.pl\/centrum-wiedzy\/wp-json\/wp\/v2\/media?parent=11043"}],"wp:term":[{"taxonomy":"category","embeddable":true,"href":"https:\/\/www.alab.pl\/centrum-wiedzy\/wp-json\/wp\/v2\/categories?post=11043"},{"taxonomy":"post_tag","embeddable":true,"href":"https:\/\/www.alab.pl\/centrum-wiedzy\/wp-json\/wp\/v2\/tags?post=11043"},{"taxonomy":"author","embeddable":true,"href":"https:\/\/www.alab.pl\/centrum-wiedzy\/wp-json\/wp\/v2\/coauthors?post=11043"}],"curies":[{"name":"wp","href":"https:\/\/api.w.org\/{rel}","templated":true}]}}