{"id":11067,"date":"2024-01-19T11:21:38","date_gmt":"2024-01-19T10:21:38","guid":{"rendered":"https:\/\/sklep.alablaboratoria.pl\/centrum-wiedzy\/?p=11067"},"modified":"2024-01-19T11:21:38","modified_gmt":"2024-01-19T10:21:38","slug":"kiedy-podejrzewac-niedobory-odpornosci-u-dzieci","status":"publish","type":"post","link":"https:\/\/www.alab.pl\/centrum-wiedzy\/kiedy-podejrzewac-niedobory-odpornosci-u-dzieci\/","title":{"rendered":"Kiedy podejrzewa\u0107 niedobory odporno\u015bci u dzieci?"},"content":{"rendered":"\n<p>Spis tre\u015bci<\/p>\n\n\n\n<ol class=\"wp-block-list\">\n<li><a href=\"#o1\">Czym s\u0105 pierwotne niedobory odporno\u015bci?<\/a><\/li>\n\n\n\n<li><a href=\"#o2\">Jakie s\u0105 najcz\u0119stsze postaci wrodzonych niedobor\u00f3w odporno\u015bci u dzieci?<\/a><\/li>\n\n\n\n<li><a href=\"#o3\">Kiedy podejrzewa\u0107 wrodzone niedobory odporno\u015bci u dzieci?<\/a><\/li>\n\n\n\n<li><a href=\"#o4\">Co zatem jest norm\u0105?<\/a><\/li>\n\n\n\n<li><a href=\"#o5\">Jakie zmienne prowadz\u0105 do cz\u0119stszych infekcji u dzieci?<\/a><\/li>\n\n\n\n<li><a href=\"#o6\">Podsumowanie<\/a><\/li>\n<\/ol>\n\n\n\n<p><strong>Cz\u0119ste <a href=\"https:\/\/www.alab.pl\/centrum-wiedzy\/infekcja\/\">infekcje<\/a> u dzieci<\/strong> zawsze rodz\u0105 pytanie o potencjalne niedobory odporno\u015bci, st\u0105d podstawowa wiedza na ten temat z pewno\u015bci\u0105 uspokoi niejednego rodzica. Jakie s\u0105 najcz\u0119stsze tego typu zaburzenia? Jakie sygna\u0142y powinny sk\u0142ania\u0107 ku diagnostyce? A mo\u017ce to nie wrodzony defekt, lecz czynniki modyfikowalne predysponuj\u0105 do zaka\u017ce\u0144? W poni\u017cszym artykule znajdziesz odpowiedzi na te oraz wiele innych pyta\u0144.<\/p>\n\n\n\n<h2 class=\"wp-block-heading\" id=\"o1\">Czym s\u0105 pierwotne niedobory odporno\u015bci?<\/h2>\n\n\n\n<p><strong>Pierwotny niedob\u00f3r odporno\u015bci<\/strong> to termin obejmuj\u0105cy wielki <strong>zbi\u00f3r chor\u00f3b i zaburze\u0144 spowodowanych dziedzicznymi defektami uk\u0142adu odporno\u015bciowego<\/strong>. Ich obraz kliniczny reprezentuje spektrum dysfunkcji uk\u0142adu odporno\u015bciowego, od nawracaj\u0105cych (w tym stosunkowo \u0142agodnych) lub oportunistycznych infekcji po choroby autoimmunologiczne i nowotworowe. Szacunkowa og\u00f3lna cz\u0119sto\u015b\u0107 wyst\u0119powania tej gamy schorze\u0144 waha si\u0119 od 1:10 000 do 1:100 000 w zale\u017cno\u015bci od poszczeg\u00f3lnych populacji. Wed\u0142ug danych Mi\u0119dzynarodowej Unii Towarzystw Immunologicznych w 2009 roku liczba znanych wrodzonych defekt\u00f3w odporno\u015bci wynosi\u0142a 150, a po 10 latach liczba ta wzros\u0142a do a\u017c 404 jednostek chorobowych (!). Tak dynamiczny rozw\u00f3j wiedzy oraz jej ogromna obj\u0119to\u015b\u0107 sprawiaj\u0105, \u017ce nawet w du\u017cym skr\u00f3cie trudno jest przedstawi\u0107 je kompleksowo, st\u0105d poni\u017cszy artyku\u0142 skupia si\u0119 przede wszystkim na opisie najcz\u0119stszych oraz<strong> objawach, kt\u00f3re powinny zapala\u0107 &#8222;czerwone \u015bwiat\u0142o&#8221;<\/strong>.<\/p>\n\n\n\n<h2 class=\"wp-block-heading\" id=\"o2\">Jakie s\u0105 najcz\u0119stsze postaci wrodzonych niedobor\u00f3w odporno\u015bci u dzieci?<\/h2>\n\n\n\n<p>Wed\u0142ug danych literaturowych najcz\u0119stszymi postaciami defekt\u00f3w odporno\u015bci u dzieci s\u0105 <strong>zaburzenia funkcji limfocyt\u00f3w T<\/strong> (ok. \u2153 przypadk\u00f3w, w\u015br\u00f3d kt\u00f3rych znajduj\u0105 si\u0119 m.in. zesp\u00f3\u0142 DiGeorge\u2019a, zesp\u00f3\u0142 hiper-IgM czy niedob\u00f3r receptora interleukiny 12),<strong> limfocyt\u00f3w B<\/strong> (m.in. agammaglobulinemia Brutona), <strong>defekty mieszane dotycz\u0105ce obu podklas wymienionych limfocyt\u00f3w<\/strong> (r\u00f3\u017cne typy tzw. ci\u0119\u017ckiego z\u0142o\u017conego niedoboru odporno\u015bci, zesp\u00f3\u0142 Wiskotta-Aldricha, zesp\u00f3\u0142 nagich limfocyt\u00f3w, zesp\u00f3\u0142 ataksja-teleangiektazja), <strong>zaburzenia cz\u0119\u015bci uk\u0142adu odporno\u015bciowego zwanego <a href=\"https:\/\/www.alab.pl\/centrum-wiedzy\/uklad-dopelniacza-znaczenie-funkcje\/\">uk\u0142adem dope\u0142niacza<\/a> <\/strong>oraz liczne <strong>zespo\u0142y zwi\u0105zane z defektami fagocytozy <\/strong>(czyli procesem &#8222;zjadania&#8221; zarazk\u00f3w i uszkodzonych kom\u00f3rek przez leukocyty).<\/p>\n\n\n\n<figure class=\"wp-block-image size-full\"><img loading=\"lazy\" decoding=\"async\" width=\"980\" height=\"948\" src=\"https:\/\/www.alab.pl\/centrum-wiedzy\/wp-content\/uploads\/2024\/01\/komorki-ukladu-odpornosciowego-jpg.webp\" alt=\"kom\u00f3rki uk\u0142adu odporno\u015bciowego infografika\" class=\"wp-image-11083\" srcset=\"https:\/\/www.alab.pl\/centrum-wiedzy\/wp-content\/uploads\/2024\/01\/komorki-ukladu-odpornosciowego-jpg.webp 980w, https:\/\/www.alab.pl\/centrum-wiedzy\/wp-content\/uploads\/2024\/01\/komorki-ukladu-odpornosciowego-jpg-768x743.webp 768w, https:\/\/www.alab.pl\/centrum-wiedzy\/wp-content\/uploads\/2024\/01\/komorki-ukladu-odpornosciowego-jpg-150x145.webp 150w, https:\/\/www.alab.pl\/centrum-wiedzy\/wp-content\/uploads\/2024\/01\/komorki-ukladu-odpornosciowego-jpg-300x290.webp 300w, https:\/\/www.alab.pl\/centrum-wiedzy\/wp-content\/uploads\/2024\/01\/komorki-ukladu-odpornosciowego-jpg-696x673.webp 696w\" sizes=\"auto, (max-width: 980px) 100vw, 980px\" \/><\/figure>\n\n\n\n<h2 class=\"wp-block-heading\" id=\"o3\">Kiedy podejrzewa\u0107 wrodzone niedobory odporno\u015bci u dzieci?<\/h2>\n\n\n\n<p>Nale\u017cy pami\u0119ta\u0107, \u017ce <strong>nawracaj\u0105ce infekcje u dzieci s\u0105 cz\u0119stym zjawiskiem w pediatrii <\/strong>i najcz\u0119\u015bciej uwa\u017cane s\u0105 za cz\u0119\u015b\u0107 normalnego procesu dorastania, jednak istniej\u0105 sygna\u0142y wskazuj\u0105ce na potencjalne defekty uk\u0142adu immunologicznego. Eksperci wsp\u00f3\u0142pracuj\u0105cy z fundacj\u0105 Jeffreya Modella podaj\u0105, \u017ce <strong>potencjalny niedob\u00f3r odporno\u015bci nale\u017cy podejrzewa\u0107 u dziecka z co najmniej 4 infekcjami ucha lub 2 ci\u0119\u017ckimi zapaleniami zatok w ci\u0105gu roku, co najmniej 2 cyklami ma\u0142o skutecznej <a href=\"https:\/\/www.alab.pl\/centrum-wiedzy\/antybiotyki-czy-nadal-sa-skuteczne\/\">antybiotykoterapii<\/a>, co najmniej 2 zapaleniami p\u0142uc w ci\u0105gu roku, u niemowl\u0105t z brakiem przyrostu masy cia\u0142a lub normalnego wzrostu, u dzieci z nawracaj\u0105cymi, g\u0142\u0119bokimi ropniami sk\u00f3rnymi lub narz\u0105dowymi, uporczywymi ple\u015bniawkami w obr\u0119bie jamy ustnej lub nawracaj\u0105cymi infekcjami grzybiczymi sk\u00f3ry, konieczno\u015bci\u0105 podawania antybiotyk\u00f3w w formie do\u017cylnej w celu wyleczenia infekcji, co najmniej dwoma g\u0142\u0119boko umiejscowionymi zaka\u017ceniami (w tym <a href=\"https:\/\/www.alab.pl\/centrum-wiedzy\/sepsa-dlaczego-budzi-niepokoj\/\">posocznica<\/a>) oraz przy dodatnim wywiadzie rodzinnym w kierunku wrodzonych defekt\u00f3w odporno\u015bci. <\/strong>Warto doda\u0107, \u017ce wed\u0142ug danych literaturowych sumienne stosowanie powy\u017cszych kryteri\u00f3w i tak prowadzi do &#8222;przeoczenia&#8221; oko\u0142o 30% chorych dzieci, st\u0105d eksperci coraz cz\u0119\u015bciej zalecaj\u0105, \u017ce samo podejrzenie defektu odporno\u015bci powinno sk\u0142ania\u0107 ku (racjonalnej) diagnostyce.<\/p>\n\n\n\n<figure class=\"wp-block-image size-full\"><a href=\"https:\/\/www.alab.pl\/badanie\/witamina-d-25oh\" target=\"_blank\" rel=\"noreferrer noopener\"><img loading=\"lazy\" decoding=\"async\" width=\"800\" height=\"200\" src=\"https:\/\/www.alab.pl\/centrum-wiedzy\/wp-content\/uploads\/2023\/11\/Badanie-witaminy-D-jpg.webp\" alt=\"badanie witaminy D\" class=\"wp-image-9847\" srcset=\"https:\/\/www.alab.pl\/centrum-wiedzy\/wp-content\/uploads\/2023\/11\/Badanie-witaminy-D-jpg.webp 800w, https:\/\/www.alab.pl\/centrum-wiedzy\/wp-content\/uploads\/2023\/11\/Badanie-witaminy-D-jpg-768x192.webp 768w, https:\/\/www.alab.pl\/centrum-wiedzy\/wp-content\/uploads\/2023\/11\/Badanie-witaminy-D-jpg-150x38.webp 150w, https:\/\/www.alab.pl\/centrum-wiedzy\/wp-content\/uploads\/2023\/11\/Badanie-witaminy-D-jpg-300x75.webp 300w, https:\/\/www.alab.pl\/centrum-wiedzy\/wp-content\/uploads\/2023\/11\/Badanie-witaminy-D-jpg-696x174.webp 696w\" sizes=\"auto, (max-width: 800px) 100vw, 800px\" \/><\/a><\/figure>\n\n\n\n<h2 class=\"wp-block-heading\" id=\"o4\">Co zatem jest norm\u0105?<\/h2>\n\n\n\n<p>Immunolodzy podaj\u0105, \u017ce \u200b\u200b<strong>od 6 do 10 samoograniczaj\u0105cych si\u0119 infekcji wirusowych rocznie to norma<\/strong>; dodatkowo w okresie jesienno-zimowym mo\u017cna spodziewa\u0107 si\u0119 cz\u0119stszych infekcji u dzieci, kt\u00f3re mog\u0105 utrzymywa\u0107 si\u0119 przez do 2 tygodni, st\u0105d mo\u017ce wydawa\u0107 si\u0119, \u017ce dziecko nie czuje si\u0119 dobrze przez wi\u0119ksz\u0105 cz\u0119\u015b\u0107 tego okresu. Wielu rodzic\u00f3w do\u015bwiadczy\u0142o ju\u017c zale\u017cno\u015bci, wed\u0142ug kt\u00f3rej w przypadku ma\u0142ych dzieci maj\u0105cych rodze\u0144stwo, ucz\u0119szczaj\u0105cych do \u017c\u0142obka lub przedszkola oraz dzieci nara\u017conych na palenie, lub zanieczyszczone powietrze wska\u017anik infekcji jest wy\u017cszy w por\u00f3wnaniu z dzie\u0107mi, u kt\u00f3rych nie wyst\u0119puj\u0105 te czynniki ryzyka.<\/p>\n\n\n\n<figure class=\"wp-block-image size-full\"><a href=\"https:\/\/www.alab.pl\/pakiet\/pakiet-anemii\" target=\"_blank\" rel=\"noreferrer noopener\"><img loading=\"lazy\" decoding=\"async\" width=\"800\" height=\"200\" src=\"https:\/\/www.alab.pl\/centrum-wiedzy\/wp-content\/uploads\/2023\/11\/Pakiet-anemii-4-badania-jpg.webp\" alt=\"pakiet anemii podstawowy\" class=\"wp-image-9782\" srcset=\"https:\/\/www.alab.pl\/centrum-wiedzy\/wp-content\/uploads\/2023\/11\/Pakiet-anemii-4-badania-jpg.webp 800w, https:\/\/www.alab.pl\/centrum-wiedzy\/wp-content\/uploads\/2023\/11\/Pakiet-anemii-4-badania-jpg-768x192.webp 768w, https:\/\/www.alab.pl\/centrum-wiedzy\/wp-content\/uploads\/2023\/11\/Pakiet-anemii-4-badania-jpg-150x38.webp 150w, https:\/\/www.alab.pl\/centrum-wiedzy\/wp-content\/uploads\/2023\/11\/Pakiet-anemii-4-badania-jpg-300x75.webp 300w, https:\/\/www.alab.pl\/centrum-wiedzy\/wp-content\/uploads\/2023\/11\/Pakiet-anemii-4-badania-jpg-696x174.webp 696w\" sizes=\"auto, (max-width: 800px) 100vw, 800px\" \/><\/a><\/figure>\n\n\n\n<h2 class=\"wp-block-heading\" id=\"o5\">Jakie zmienne prowadz\u0105 do cz\u0119stszych infekcji u dzieci?<\/h2>\n\n\n\n<p>Opr\u00f3cz wspomnianych wy\u017cej czynnik\u00f3w istotn\u0105 rol\u0119 w zapobieganiu infekcji u dzieci odgrywa <strong>odpowiednie od\u017cywienie i prowadzony tryb \u017cycia<\/strong>. Niedob\u00f3r niekt\u00f3rych makro- oraz mikroelement\u00f3w (takich jak cynk, \u017celazo, witamina D3), a tak\u017ce tryb \u017cycia prowadz\u0105cy do nadmiernej masy cia\u0142a i oty\u0142o\u015bci u dziecka sprawiaj\u0105, \u017ce maluch mo\u017ce chorowa\u0107 cz\u0119\u015bciej ni\u017c jego r\u00f3wie\u015bnicy. St\u0105d, <strong>jako post\u0119powanie pocz\u0105tkowe, warto uda\u0107 si\u0119 do lekarza pierwszego kontaktu, przeprowadzi\u0107 podstawow\u0105 diagnostyk\u0119<\/strong> (oznaczenie <a href=\"https:\/\/www.alab.pl\/badanie\/morfologia-krwi-c55\" target=\"_blank\" rel=\"noreferrer noopener\">morfologii <\/a>z rozmazem,<a href=\"https:\/\/www.alab.pl\/badanie\/zelazo-w-surowicy-o95\" target=\"_blank\" rel=\"noreferrer noopener\"> \u017celaza<\/a>, <a href=\"https:\/\/www.alab.pl\/badanie\/ferrytyna-l05\" target=\"_blank\" rel=\"noreferrer noopener\">ferrytyny<\/a>, <a href=\"https:\/\/www.alab.pl\/badanie\/tyreotropina-tsh-trzeciej-generacji-l69\" target=\"_blank\" rel=\"noreferrer noopener\">TSH<\/a>, <a href=\"https:\/\/www.alab.pl\/badanie\/wolna-tyroksyna-ft4-o69\" target=\"_blank\" rel=\"noreferrer noopener\">fT4<\/a>, <a href=\"https:\/\/www.alab.pl\/badanie\/bialko-calkowite-i77\" target=\"_blank\" rel=\"noreferrer noopener\">bia\u0142ka ca\u0142kowitego<\/a>, <a href=\"https:\/\/www.alab.pl\/badanie\/witamina-d-25oh\" target=\"_blank\" rel=\"noreferrer noopener\">st\u0119\u017cenia witaminy D3<\/a>) oraz zadba\u0107 o <strong>optymalne \u017cywienie i ruch na czystym, \u015bwie\u017cym powietrzu<\/strong>. Konsultacja lekarska jest tutaj wa\u017cna, gdy\u017c opr\u00f3cz wrodzonych niedobor\u00f3w odporno\u015bci u dzieci do cz\u0119stszych zaka\u017ce\u0144 predysponuj\u0105 nierozpoznane i nieleczone przewlek\u0142e choroby uk\u0142adu oddechowego (np. astma wczesnodzieci\u0119ca), zaburzenia laryngologiczne (przerost migda\u0142k\u00f3w), alergie czy wrodzone wady serca.<\/p>\n\n\n\n<figure class=\"wp-block-image size-full\"><a href=\"https:\/\/www.alab.pl\/pakiet\/odpornosc\" target=\"_blank\" rel=\"noreferrer noopener\"><img loading=\"lazy\" decoding=\"async\" width=\"800\" height=\"200\" src=\"https:\/\/www.alab.pl\/centrum-wiedzy\/wp-content\/uploads\/2024\/01\/pakiet-odpornosc-podstawowy-4-badania-jpg.webp\" alt=\"pakiet odporno\u015b\u0107 podstawowy\" class=\"wp-image-11081\" srcset=\"https:\/\/www.alab.pl\/centrum-wiedzy\/wp-content\/uploads\/2024\/01\/pakiet-odpornosc-podstawowy-4-badania-jpg.webp 800w, https:\/\/www.alab.pl\/centrum-wiedzy\/wp-content\/uploads\/2024\/01\/pakiet-odpornosc-podstawowy-4-badania-jpg-768x192.webp 768w, https:\/\/www.alab.pl\/centrum-wiedzy\/wp-content\/uploads\/2024\/01\/pakiet-odpornosc-podstawowy-4-badania-jpg-150x38.webp 150w, https:\/\/www.alab.pl\/centrum-wiedzy\/wp-content\/uploads\/2024\/01\/pakiet-odpornosc-podstawowy-4-badania-jpg-300x75.webp 300w, https:\/\/www.alab.pl\/centrum-wiedzy\/wp-content\/uploads\/2024\/01\/pakiet-odpornosc-podstawowy-4-badania-jpg-696x174.webp 696w\" sizes=\"auto, (max-width: 800px) 100vw, 800px\" \/><\/a><\/figure>\n\n\n\n<h2 class=\"wp-block-heading\" id=\"o6\">Podsumowanie<\/h2>\n\n\n\n<p>Najcz\u0119\u015bciej bardzo trudno zr\u00f3\u017cnicowa\u0107, kt\u00f3re dziecko z cz\u0119stymi zaka\u017ceniami cierpi z powodu wrodzonych niedobor\u00f3w odporno\u015bci u dzieci (poza przypadkami charakterystycznymi i\/lub ci\u0119\u017ckimi); <strong>samo pomy\u015blenie o mo\u017cliwo\u015bci wyst\u0119powania tego typu zaburze\u0144 wystarczy do zapytania swojego pediatry, czy i ewentualnie kiedy rozpoczyna\u0107 diagnostyk\u0119 w tym kierunku<\/strong>. Warto pami\u0119ta\u0107, \u017ce du\u017c\u0105 rol\u0119 odgrywa tu \u015brodowisko, w jakim \u017cyje dane dziecko, spos\u00f3b od\u017cywiania i choroby wsp\u00f3\u0142istniej\u0105ce, st\u0105d dopiero szczeg\u00f3\u0142owa analiza kontekstu klinicznego da jednoznaczny sygna\u0142 do rozpocz\u0119cia poszukiwa\u0144.<\/p>\n\n\n\n<p><strong>Przeczytaj te\u017c: <a href=\"https:\/\/www.alab.pl\/centrum-wiedzy\/jak-wzmocnic-uklad-immunologiczny\/\">Jak wzmocni\u0107 uk\u0142ad immunologiczny u doros\u0142ych i dzieci?<\/a><\/strong><\/p>\n\n\n\n<hr class=\"wp-block-separator has-alpha-channel-opacity\"\/>\n\n\n\n<p>Pi\u015bmiennictwo<\/p>\n\n\n\n<ol class=\"wp-block-list\">\n<li><a href=\"https:\/\/www.ncbi.nlm.nih.gov\/pmc\/articles\/PMC10419544\/\" target=\"_blank\" rel=\"noreferrer noopener nofollow\">https:\/\/www.ncbi.nlm.nih.gov\/pmc\/articles\/PMC10419544\/<\/a><\/li>\n\n\n\n<li><a href=\"https:\/\/www.ncbi.nlm.nih.gov\/pmc\/articles\/PMC8023064\/\" target=\"_blank\" rel=\"noreferrer noopener nofollow\">https:\/\/www.ncbi.nlm.nih.gov\/pmc\/articles\/PMC8023064\/<\/a><\/li>\n\n\n\n<li><a href=\"https:\/\/www.ncbi.nlm.nih.gov\/pmc\/articles\/PMC8961698\/\" target=\"_blank\" rel=\"noreferrer noopener nofollow\">https:\/\/www.ncbi.nlm.nih.gov\/pmc\/articles\/PMC8961698\/<\/a><\/li>\n\n\n\n<li><a href=\"https:\/\/www.ncbi.nlm.nih.gov\/books\/NBK500027\/\" target=\"_blank\" rel=\"noreferrer noopener nofollow\">https:\/\/www.ncbi.nlm.nih.gov\/books\/NBK500027\/<\/a><\/li>\n\n\n\n<li><a href=\"https:\/\/www.ncbi.nlm.nih.gov\/pmc\/articles\/PMC8964589\/\" target=\"_blank\" rel=\"noreferrer noopener nofollow\">https:\/\/www.ncbi.nlm.nih.gov\/pmc\/articles\/PMC8964589\/<\/a><\/li>\n\n\n\n<li><a href=\"https:\/\/www.ncbi.nlm.nih.gov\/pmc\/articles\/PMC10116010\/\" target=\"_blank\" rel=\"noreferrer noopener nofollow\">https:\/\/www.ncbi.nlm.nih.gov\/pmc\/articles\/PMC10116010\/<\/a><\/li>\n\n\n\n<li><a href=\"https:\/\/aacijournal.biomedcentral.com\/articles\/10.1186\/s13223-018-0290-5\/tables\/2\" target=\"_blank\" rel=\"noreferrer noopener nofollow\">https:\/\/aacijournal.biomedcentral.com\/articles\/10.1186\/s13223-018-0290-5\/tables\/2<\/a><\/li>\n<\/ol>\n","protected":false},"excerpt":{"rendered":"<p>Czym s\u0105 pierwotne niedobory odporno\u015bci i w jakich okoliczno\u015bciach mo\u017cna podejrzewa\u0107 ich wyst\u0119powanie u dzieci?<\/p>\n","protected":false},"author":154,"featured_media":11090,"comment_status":"closed","ping_status":"open","sticky":false,"template":"","format":"standard","meta":{"_acf_changed":false,"inline_featured_image":false,"footnotes":""},"categories":[23,30],"tags":[],"coauthors":[151],"class_list":{"0":"post-11067","1":"post","2":"type-post","3":"status-publish","4":"format-standard","5":"has-post-thumbnail","8":"category-zdrowie-dzieci-i-mlodziezy"},"acf":[],"yoast_head":"<!-- This site is optimized with the Yoast SEO plugin v27.5 - https:\/\/yoast.com\/product\/yoast-seo-wordpress\/ -->\n<title>Kiedy podejrzewa\u0107 niedobory odporno\u015bci u dzieci? - Centrum Wiedzy ALAB laboratoria<\/title>\n<meta name=\"description\" content=\"Twoje dziecko cz\u0119sto \u0142apie infekcje? Dowiedz si\u0119, kiedy mo\u017ce mie\u0107 to zwi\u0105zek z niedoborem odporno\u015bci i jakie mog\u0105 by\u0107 przyczyny tej nieprawid\u0142owo\u015bci.\" \/>\n<meta name=\"robots\" content=\"index, follow, max-snippet:-1, max-image-preview:large, max-video-preview:-1\" \/>\n<link rel=\"canonical\" href=\"https:\/\/www.alab.pl\/centrum-wiedzy\/kiedy-podejrzewac-niedobory-odpornosci-u-dzieci\/\" \/>\n<meta property=\"og:locale\" content=\"pl_PL\" \/>\n<meta property=\"og:type\" content=\"article\" \/>\n<meta property=\"og:title\" content=\"Kiedy podejrzewa\u0107 niedobory odporno\u015bci u dzieci? - Centrum Wiedzy ALAB laboratoria\" \/>\n<meta property=\"og:description\" content=\"Twoje dziecko cz\u0119sto \u0142apie infekcje? Dowiedz si\u0119, kiedy mo\u017ce mie\u0107 to zwi\u0105zek z niedoborem odporno\u015bci i jakie mog\u0105 by\u0107 przyczyny tej nieprawid\u0142owo\u015bci.\" \/>\n<meta property=\"og:url\" content=\"https:\/\/www.alab.pl\/centrum-wiedzy\/kiedy-podejrzewac-niedobory-odpornosci-u-dzieci\/\" \/>\n<meta property=\"og:site_name\" content=\"Centrum Wiedzy ALAB laboratoria\" \/>\n<meta property=\"article:publisher\" content=\"https:\/\/www.facebook.com\/ALABlaboratoria\" \/>\n<meta property=\"article:published_time\" content=\"2024-01-19T10:21:38+00:00\" \/>\n<meta property=\"og:image\" content=\"https:\/\/www.alab.pl\/centrum-wiedzy\/wp-content\/uploads\/2024\/01\/niedobory-odpornosci-u-dzieci-jpg.webp\" \/>\n\t<meta property=\"og:image:width\" content=\"1200\" \/>\n\t<meta property=\"og:image:height\" content=\"801\" \/>\n\t<meta property=\"og:image:type\" content=\"image\/webp\" \/>\n<meta name=\"author\" content=\"Damian Matusiak\" \/>\n<meta name=\"twitter:card\" content=\"summary_large_image\" \/>\n<meta name=\"twitter:label1\" content=\"Napisane przez\" \/>\n\t<meta name=\"twitter:data1\" content=\"Damian Matusiak\" \/>\n\t<meta name=\"twitter:label2\" content=\"Szacowany czas czytania\" \/>\n\t<meta name=\"twitter:data2\" content=\"6 minut\" \/>\n\t<meta name=\"twitter:label3\" content=\"Written by\" \/>\n\t<meta name=\"twitter:data3\" content=\"Damian Matusiak\" \/>\n<!-- \/ Yoast SEO plugin. -->","yoast_head_json":{"title":"Kiedy podejrzewa\u0107 niedobory odporno\u015bci u dzieci? - Centrum Wiedzy ALAB laboratoria","description":"Twoje dziecko cz\u0119sto \u0142apie infekcje? Dowiedz si\u0119, kiedy mo\u017ce mie\u0107 to zwi\u0105zek z niedoborem odporno\u015bci i jakie mog\u0105 by\u0107 przyczyny tej nieprawid\u0142owo\u015bci.","robots":{"index":"index","follow":"follow","max-snippet":"max-snippet:-1","max-image-preview":"max-image-preview:large","max-video-preview":"max-video-preview:-1"},"canonical":"https:\/\/www.alab.pl\/centrum-wiedzy\/kiedy-podejrzewac-niedobory-odpornosci-u-dzieci\/","og_locale":"pl_PL","og_type":"article","og_title":"Kiedy podejrzewa\u0107 niedobory odporno\u015bci u dzieci? - Centrum Wiedzy ALAB laboratoria","og_description":"Twoje dziecko cz\u0119sto \u0142apie infekcje? Dowiedz si\u0119, kiedy mo\u017ce mie\u0107 to zwi\u0105zek z niedoborem odporno\u015bci i jakie mog\u0105 by\u0107 przyczyny tej nieprawid\u0142owo\u015bci.","og_url":"https:\/\/www.alab.pl\/centrum-wiedzy\/kiedy-podejrzewac-niedobory-odpornosci-u-dzieci\/","og_site_name":"Centrum Wiedzy ALAB laboratoria","article_publisher":"https:\/\/www.facebook.com\/ALABlaboratoria","article_published_time":"2024-01-19T10:21:38+00:00","og_image":[{"width":1200,"height":801,"url":"https:\/\/www.alab.pl\/centrum-wiedzy\/wp-content\/uploads\/2024\/01\/niedobory-odpornosci-u-dzieci-jpg.webp","type":"image\/webp"}],"author":"Damian Matusiak","twitter_card":"summary_large_image","twitter_misc":{"Napisane przez":"Damian Matusiak","Szacowany czas czytania":"6 minut","Written by":"Damian Matusiak"},"schema":{"@context":"https:\/\/schema.org","@graph":[{"@type":"Article","@id":"https:\/\/www.alab.pl\/centrum-wiedzy\/kiedy-podejrzewac-niedobory-odpornosci-u-dzieci\/#article","isPartOf":{"@id":"https:\/\/www.alab.pl\/centrum-wiedzy\/kiedy-podejrzewac-niedobory-odpornosci-u-dzieci\/"},"author":{"name":"Damian Matusiak","@id":"https:\/\/www.alab.pl\/centrum-wiedzy\/#\/schema\/person\/5709fe1c1c909754033072d7f8155a44"},"headline":"Kiedy podejrzewa\u0107 niedobory odporno\u015bci u dzieci?","datePublished":"2024-01-19T10:21:38+00:00","mainEntityOfPage":{"@id":"https:\/\/www.alab.pl\/centrum-wiedzy\/kiedy-podejrzewac-niedobory-odpornosci-u-dzieci\/"},"wordCount":1059,"publisher":{"@id":"https:\/\/www.alab.pl\/centrum-wiedzy\/#organization"},"image":{"@id":"https:\/\/www.alab.pl\/centrum-wiedzy\/kiedy-podejrzewac-niedobory-odpornosci-u-dzieci\/#primaryimage"},"thumbnailUrl":"https:\/\/www.alab.pl\/centrum-wiedzy\/wp-content\/uploads\/2024\/01\/niedobory-odpornosci-u-dzieci-jpg.webp","articleSection":["Infekcje i paso\u017cyty","Zdrowie dzieci i m\u0142odzie\u017cy"],"inLanguage":"pl-PL"},{"@type":"WebPage","@id":"https:\/\/www.alab.pl\/centrum-wiedzy\/kiedy-podejrzewac-niedobory-odpornosci-u-dzieci\/","url":"https:\/\/www.alab.pl\/centrum-wiedzy\/kiedy-podejrzewac-niedobory-odpornosci-u-dzieci\/","name":"Kiedy podejrzewa\u0107 niedobory odporno\u015bci u dzieci? - Centrum Wiedzy ALAB laboratoria","isPartOf":{"@id":"https:\/\/www.alab.pl\/centrum-wiedzy\/#website"},"primaryImageOfPage":{"@id":"https:\/\/www.alab.pl\/centrum-wiedzy\/kiedy-podejrzewac-niedobory-odpornosci-u-dzieci\/#primaryimage"},"image":{"@id":"https:\/\/www.alab.pl\/centrum-wiedzy\/kiedy-podejrzewac-niedobory-odpornosci-u-dzieci\/#primaryimage"},"thumbnailUrl":"https:\/\/www.alab.pl\/centrum-wiedzy\/wp-content\/uploads\/2024\/01\/niedobory-odpornosci-u-dzieci-jpg.webp","datePublished":"2024-01-19T10:21:38+00:00","description":"Twoje dziecko cz\u0119sto \u0142apie infekcje? Dowiedz si\u0119, kiedy mo\u017ce mie\u0107 to zwi\u0105zek z niedoborem odporno\u015bci i jakie mog\u0105 by\u0107 przyczyny tej nieprawid\u0142owo\u015bci.","breadcrumb":{"@id":"https:\/\/www.alab.pl\/centrum-wiedzy\/kiedy-podejrzewac-niedobory-odpornosci-u-dzieci\/#breadcrumb"},"inLanguage":"pl-PL","potentialAction":[{"@type":"ReadAction","target":["https:\/\/www.alab.pl\/centrum-wiedzy\/kiedy-podejrzewac-niedobory-odpornosci-u-dzieci\/"]}]},{"@type":"ImageObject","inLanguage":"pl-PL","@id":"https:\/\/www.alab.pl\/centrum-wiedzy\/kiedy-podejrzewac-niedobory-odpornosci-u-dzieci\/#primaryimage","url":"https:\/\/www.alab.pl\/centrum-wiedzy\/wp-content\/uploads\/2024\/01\/niedobory-odpornosci-u-dzieci-jpg.webp","contentUrl":"https:\/\/www.alab.pl\/centrum-wiedzy\/wp-content\/uploads\/2024\/01\/niedobory-odpornosci-u-dzieci-jpg.webp","width":1200,"height":801,"caption":"niedobory odporno\u015bci u dzieci"},{"@type":"BreadcrumbList","@id":"https:\/\/www.alab.pl\/centrum-wiedzy\/kiedy-podejrzewac-niedobory-odpornosci-u-dzieci\/#breadcrumb","itemListElement":[{"@type":"ListItem","position":1,"name":"Strona g\u0142\u00f3wna","item":"https:\/\/www.alab.pl\/centrum-wiedzy\/"},{"@type":"ListItem","position":2,"name":"Kiedy podejrzewa\u0107 niedobory odporno\u015bci u dzieci?"}]},{"@type":"WebSite","@id":"https:\/\/www.alab.pl\/centrum-wiedzy\/#website","url":"https:\/\/www.alab.pl\/centrum-wiedzy\/","name":"Centrum Wiedzy ALAB laboratoria","description":"","publisher":{"@id":"https:\/\/www.alab.pl\/centrum-wiedzy\/#organization"},"potentialAction":[{"@type":"SearchAction","target":{"@type":"EntryPoint","urlTemplate":"https:\/\/www.alab.pl\/centrum-wiedzy\/?s={search_term_string}"},"query-input":{"@type":"PropertyValueSpecification","valueRequired":true,"valueName":"search_term_string"}}],"inLanguage":"pl-PL"},{"@type":"Organization","@id":"https:\/\/www.alab.pl\/centrum-wiedzy\/#organization","name":"Centrum Wiedzy ALAB laboratoria","url":"https:\/\/www.alab.pl\/centrum-wiedzy\/","logo":{"@type":"ImageObject","inLanguage":"pl-PL","@id":"https:\/\/www.alab.pl\/centrum-wiedzy\/#\/schema\/logo\/image\/","url":"https:\/\/www.alab.pl\/centrum-wiedzy\/wp-content\/uploads\/2022\/04\/alabek.jpg","contentUrl":"https:\/\/www.alab.pl\/centrum-wiedzy\/wp-content\/uploads\/2022\/04\/alabek.jpg","width":1250,"height":1251,"caption":"Centrum Wiedzy ALAB laboratoria"},"image":{"@id":"https:\/\/www.alab.pl\/centrum-wiedzy\/#\/schema\/logo\/image\/"},"sameAs":["https:\/\/www.facebook.com\/ALABlaboratoria"]},{"@type":"Person","@id":"https:\/\/www.alab.pl\/centrum-wiedzy\/#\/schema\/person\/5709fe1c1c909754033072d7f8155a44","name":"Damian Matusiak","image":{"@type":"ImageObject","inLanguage":"pl-PL","@id":"https:\/\/www.alab.pl\/centrum-wiedzy\/wp-content\/uploads\/2023\/10\/Damian-Matusiak-jpg-150x150.webp4a39f9a6ab8bdce93cc7d4859c6e6401","url":"https:\/\/www.alab.pl\/centrum-wiedzy\/wp-content\/uploads\/2023\/10\/Damian-Matusiak-jpg-150x150.webp","contentUrl":"https:\/\/www.alab.pl\/centrum-wiedzy\/wp-content\/uploads\/2023\/10\/Damian-Matusiak-jpg-150x150.webp","caption":"Damian Matusiak"},"description":"Specjalista pediatrii, kieruj\u0105cy Oddzia\u0142em Pediatrycznym w Lesznie, absolwent Uniwersytetu Medycznego im. Karola Marcinkowskiego w Poznaniu; pasjonat ultrasonografii i nowinek ze \u015bwiata nauki.","url":"https:\/\/www.alab.pl\/centrum-wiedzy\/author\/damian-matusiak\/"}]}},"_links":{"self":[{"href":"https:\/\/www.alab.pl\/centrum-wiedzy\/wp-json\/wp\/v2\/posts\/11067","targetHints":{"allow":["GET"]}}],"collection":[{"href":"https:\/\/www.alab.pl\/centrum-wiedzy\/wp-json\/wp\/v2\/posts"}],"about":[{"href":"https:\/\/www.alab.pl\/centrum-wiedzy\/wp-json\/wp\/v2\/types\/post"}],"author":[{"embeddable":true,"href":"https:\/\/www.alab.pl\/centrum-wiedzy\/wp-json\/wp\/v2\/users\/154"}],"replies":[{"embeddable":true,"href":"https:\/\/www.alab.pl\/centrum-wiedzy\/wp-json\/wp\/v2\/comments?post=11067"}],"version-history":[{"count":0,"href":"https:\/\/www.alab.pl\/centrum-wiedzy\/wp-json\/wp\/v2\/posts\/11067\/revisions"}],"wp:featuredmedia":[{"embeddable":true,"href":"https:\/\/www.alab.pl\/centrum-wiedzy\/wp-json\/wp\/v2\/media\/11090"}],"wp:attachment":[{"href":"https:\/\/www.alab.pl\/centrum-wiedzy\/wp-json\/wp\/v2\/media?parent=11067"}],"wp:term":[{"taxonomy":"category","embeddable":true,"href":"https:\/\/www.alab.pl\/centrum-wiedzy\/wp-json\/wp\/v2\/categories?post=11067"},{"taxonomy":"post_tag","embeddable":true,"href":"https:\/\/www.alab.pl\/centrum-wiedzy\/wp-json\/wp\/v2\/tags?post=11067"},{"taxonomy":"author","embeddable":true,"href":"https:\/\/www.alab.pl\/centrum-wiedzy\/wp-json\/wp\/v2\/coauthors?post=11067"}],"curies":[{"name":"wp","href":"https:\/\/api.w.org\/{rel}","templated":true}]}}