{"id":11094,"date":"2024-01-17T13:08:03","date_gmt":"2024-01-17T12:08:03","guid":{"rendered":"https:\/\/sklep.alablaboratoria.pl\/centrum-wiedzy\/?p=11094"},"modified":"2024-01-17T13:08:03","modified_gmt":"2024-01-17T12:08:03","slug":"tak-niewiele-czyni-tak-wiele-witamina-k-u-noworodkow","status":"publish","type":"post","link":"https:\/\/www.alab.pl\/centrum-wiedzy\/tak-niewiele-czyni-tak-wiele-witamina-k-u-noworodkow\/","title":{"rendered":"Tak niewiele czyni tak wiele &#8211;  witamina K u noworodk\u00f3w"},"content":{"rendered":"\n<p>Spis tre\u015bci<\/p>\n\n\n\n<ol class=\"wp-block-list\">\n<li><a href=\"#k1\">Jak\u0105 rol\u0119 w organizmie odgrywa witamina K?<\/a><\/li>\n\n\n\n<li><a href=\"#k2\">Czym grozi niedob\u00f3r witaminy K u noworodka?<\/a><\/li>\n\n\n\n<li><a href=\"#k3\">Czy istniej\u0105 metody profilaktyki?<\/a><\/li>\n\n\n\n<li><a href=\"#k4\">Brak zgody na poda\u017c witaminy K dla noworodka &#8211; jakie s\u0105 konsekwencje?<\/a><\/li>\n\n\n\n<li><a href=\"#k5\">Czy profilaktyka niesie za sob\u0105 powik\u0142ania?<\/a><\/li>\n\n\n\n<li><a href=\"#k6\">Podsumowanie<\/a><\/li>\n<\/ol>\n\n\n\n<p>Ewolucyjn\u0105 cen\u0105, jak\u0105 homo sapiens p\u0142aci za inteligencj\u0119 pozwalaj\u0105c\u0105 na zdominowanie \u015brodowiska, jest mi\u0119dzy innymi <strong>du\u017ca niedojrza\u0142o\u015b\u0107 organizmu zaraz po urodzeniu<\/strong>. Noworodek jest istot\u0105 r\u00f3wnie pi\u0119kn\u0105 co wra\u017cliw\u0105 na wiele czynnik\u00f3w, a jednym z nich jest <strong>niedob\u00f3r witaminy K<\/strong>, stwarzaj\u0105cy ryzyko powa\u017cnych, w tym potencjalnie \u015bmiertelnych powik\u0142a\u0144. Za co odpowiada ta wa\u017cna witamina? Jakie konsekwencje niesie za sob\u0105 niedob\u00f3r tego mikroelementu u noworodka? Czy istniej\u0105 skuteczne metody prewencji? Wyczerpuj\u0105ce odpowiedzi znajduj\u0105 si\u0119 w poni\u017cszym artykule.<\/p>\n\n\n\n<h2 class=\"wp-block-heading\" id=\"k1\">Jak\u0105 rol\u0119 w organizmie odgrywa witamina K?<\/h2>\n\n\n\n<p><strong><a href=\"https:\/\/www.alab.pl\/centrum-wiedzy\/witamina-k-rola-w-organizmie-formy-zapotrzebowanie-nadmiar-i-niedobor\/\">Witamina K (wi\u0119cej informacji TUTAJ)<\/a> <\/strong> jest rozpuszczaln\u0105 w t\u0142uszczach witamin\u0105, kt\u00f3ra jest produkowana przez mikrobiot\u0119 jelitow\u0105 oraz dostarczana z po\u017cywieniem. Wyst\u0119puje w 2 postaciach &#8211; witaminy K1 lub filochinonu (obecny w zielonych warzywach li\u015bciastych) i witaminy K2 lub menachinonu (syntetyzowanego przez bakterie Gram-ujemne). Jej g\u0142\u00f3wn\u0105 biologiczn\u0105 rol\u0105 jest gamma-karboksylacja czynnik\u00f3w krzepni\u0119cia 2,7,9 i 10, co oznacza nic innego jak przekszta\u0142cenie ich nieaktywnych form w aktywne. U noworodk\u00f3w ogniskuj\u0105 si\u0119 okoliczno\u015bci prowadz\u0105ce do istotnego ryzyka niedoboru tej witaminy, a tym samym krwawie\u0144 (w tej populacji szczeg\u00f3lnie niebezpiecznych) &#8211; <strong>minimalne rezerwy witaminy K w w\u0105trobie w momencie porodu, brak mikrobioty, kt\u00f3ra mog\u0142aby j\u0105 syntetyzowa\u0107 oraz niewielkie ilo\u015bci pokarmu przyjmowanego w pierwszych dniach \u017cycia<\/strong>.<\/p>\n\n\n\n<figure class=\"wp-block-image size-full\"><a href=\"https:\/\/www.alab.pl\/badanie\/witamina-k2-mk7\" target=\"_blank\" rel=\"noreferrer noopener\"><img loading=\"lazy\" decoding=\"async\" width=\"800\" height=\"200\" src=\"https:\/\/www.alab.pl\/centrum-wiedzy\/wp-content\/uploads\/2024\/01\/Badanie-witaminy-K2-MK7-jpg.webp\" alt=\"witamina K\" class=\"wp-image-10922\" srcset=\"https:\/\/www.alab.pl\/centrum-wiedzy\/wp-content\/uploads\/2024\/01\/Badanie-witaminy-K2-MK7-jpg.webp 800w, https:\/\/www.alab.pl\/centrum-wiedzy\/wp-content\/uploads\/2024\/01\/Badanie-witaminy-K2-MK7-jpg-768x192.webp 768w, https:\/\/www.alab.pl\/centrum-wiedzy\/wp-content\/uploads\/2024\/01\/Badanie-witaminy-K2-MK7-jpg-150x38.webp 150w, https:\/\/www.alab.pl\/centrum-wiedzy\/wp-content\/uploads\/2024\/01\/Badanie-witaminy-K2-MK7-jpg-300x75.webp 300w, https:\/\/www.alab.pl\/centrum-wiedzy\/wp-content\/uploads\/2024\/01\/Badanie-witaminy-K2-MK7-jpg-696x174.webp 696w\" sizes=\"auto, (max-width: 800px) 100vw, 800px\" \/><\/a><\/figure>\n\n\n\n<figure class=\"wp-block-image size-full\"><a href=\"https:\/\/www.alab.pl\/pakiet\/witamina-d3k2-mk7\" target=\"_blank\" rel=\"noreferrer noopener\"><img loading=\"lazy\" decoding=\"async\" width=\"800\" height=\"200\" src=\"https:\/\/www.alab.pl\/centrum-wiedzy\/wp-content\/uploads\/2024\/01\/Pakiet-witamina-D3K2-MK7-jpg.webp\" alt=\"pakiet witamina k i d\" class=\"wp-image-10924\" srcset=\"https:\/\/www.alab.pl\/centrum-wiedzy\/wp-content\/uploads\/2024\/01\/Pakiet-witamina-D3K2-MK7-jpg.webp 800w, https:\/\/www.alab.pl\/centrum-wiedzy\/wp-content\/uploads\/2024\/01\/Pakiet-witamina-D3K2-MK7-jpg-768x192.webp 768w, https:\/\/www.alab.pl\/centrum-wiedzy\/wp-content\/uploads\/2024\/01\/Pakiet-witamina-D3K2-MK7-jpg-150x38.webp 150w, https:\/\/www.alab.pl\/centrum-wiedzy\/wp-content\/uploads\/2024\/01\/Pakiet-witamina-D3K2-MK7-jpg-300x75.webp 300w, https:\/\/www.alab.pl\/centrum-wiedzy\/wp-content\/uploads\/2024\/01\/Pakiet-witamina-D3K2-MK7-jpg-696x174.webp 696w\" sizes=\"auto, (max-width: 800px) 100vw, 800px\" \/><\/a><\/figure>\n\n\n\n<h2 class=\"wp-block-heading\" id=\"k2\">Czym grozi niedob\u00f3r witaminy K u noworodka?<\/h2>\n\n\n\n<p>Niewystarczaj\u0105ca ilo\u015b\u0107 witaminy K u noworodk\u00f3w prowadzi do krwawie\u0144, kt\u00f3rych lokalizacja i stopie\u0144 nasilenia bywaj\u0105 zr\u00f3\u017cnicowane. W zale\u017cno\u015bci od doby \u017cycia, w kt\u00f3rej dochodzi do wyst\u0105pienia choroby, wyr\u00f3\u017cnia si\u0119 posta\u0107 wczesn\u0105 (do 24 godzin po urodzeniu), klasyczn\u0105 (mi\u0119dzy 1. a 7. dob\u0105) oraz p\u00f3\u017an\u0105 (mi\u0119dzy 7. dniem a 6. miesi\u0105cem \u017cycia). <strong>Objawy, jak ju\u017c wspomniano, mog\u0105 bardzo si\u0119 r\u00f3\u017cni\u0107<\/strong>; niekiedy obejmuj\u0105 <strong>krwawienie z b\u0142on \u015bluzowych<\/strong>, <strong>wybroczyny na sk\u00f3rze<\/strong>, u cz\u0119\u015bci dzieci dochodzi do <strong>krwawienia wewn\u0105trz klatki piersiowej<\/strong>, kt\u00f3re mo\u017ce powodowa\u0107 <strong>krwioplucie<\/strong> i zwi\u0105zan\u0105 z nim niewydolno\u015b\u0107 oddechow\u0105, u innych z kolei <strong>wynaczynienie krwi do przewodu pokarmowego<\/strong> powoduje <strong>wymioty<\/strong> lub charakterystyczne <strong>smoliste stolce<\/strong>. Najwi\u0119ksze obawy budzi <strong>krwawienie \u015br\u00f3dczaszkowe<\/strong>, kt\u00f3re najcz\u0119\u015bciej objawia si\u0119 wiotko\u015bci\u0105, apati\u0105, trudno\u015bciami w karmieniu, wybrzuszeniem ciemi\u0105czka, zmniejszon\u0105 cz\u0119sto\u015bci\u0105 oddech\u00f3w, zaburzeniami \u015bwiadomo\u015bci lub drgawkami; w dalszej kolejno\u015bci dochodzi do trwa\u0142ych uszkodze\u0144 m\u00f3zgu.<\/p>\n\n\n\n<h2 class=\"wp-block-heading\" id=\"k3\">Czy istniej\u0105 metody profilaktyki?<\/h2>\n\n\n\n<p>Zalecenia Polskiego Towarzystwa Neonatologicznego, a tak\u017ce wielu innych uznanych towarzystw (m.in. Ameryka\u0144skiej Akademii Pediatrii czy ESPGHAN) podaj\u0105, \u017ce<strong> ka\u017cdy noworodek z mas\u0105 cia\u0142a powy\u017cej 1500 g powinien otrzyma\u0107 po urodzeniu 1 mg witaminy K domi\u0119\u015bniowo w ci\u0105gu 6 godzin od urodzenia<\/strong>. Grup\u0105 szczeg\u00f3lnie nara\u017con\u0105 na krwawienia s\u0105 wcze\u015bniaki; <strong>dla dzieci, kt\u00f3re urodzi\u0142y si\u0119 z mas\u0105 mniejsz\u0105 ni\u017c 1500 g, Ameryka\u0144ska Akademia Pediatrii zaleca poda\u017c witaminy w dawce 0,3-0,5 mg na kg masy cia\u0142a<\/strong>. <\/p>\n\n\n\n<p>Istnieje tak\u017ce mo\u017cliwo\u015b\u0107 <strong>poda\u017cy doustnej<\/strong> &#8211; ta opcja obejmuje noworodki matek b\u0119d\u0105cych nosicielkami mutacji hemofilii A i B (wrodzonych chor\u00f3b predysponuj\u0105cych do silnych krwawie\u0144) oraz te dzieci, kt\u00f3rych rodzice nie wyrazili zgody na poda\u017c domi\u0119\u015bniow\u0105. W tym przypadku 1 mg witaminy nale\u017cy poda\u0107 nie tylko po urodzeniu, ale dodatkowo tak\u017ce w 4. &#8211; 6. dobie oraz mi\u0119dzy 4. a 6. tygodniem \u017cycia. Co ciekawe, grup\u0105 pacjent\u00f3w, u kt\u00f3rych poda\u017c doustna nie mo\u017ce by\u0107 zastosowana, s\u0105 noworodki z atrezj\u0105 dr\u00f3g \u017c\u00f3\u0142ciowych. Obecnie <strong>nie istniej\u0105 dowody przemawiaj\u0105ce za wy\u017cszo\u015bci\u0105 kt\u00f3rejkolwiek z dr\u00f3g podania<\/strong>, gdy\u017c do tej pory nie przeprowadzono bezpo\u015brednio por\u00f3wnuj\u0105cych bada\u0144 randomizowanych. Starsze dane literaturowe sugeruj\u0105, \u017ce droga domi\u0119\u015bniowa mo\u017ce by\u0107 skuteczniejsza ni\u017c wielokrotne doustne dawki witaminy K w zapobieganiu p\u00f3\u017anej postaci krwawie\u0144, jednak coraz liczniejsze nowsze dane systematycznie wskazuj\u0105 na r\u00f3wnowa\u017cno\u015b\u0107.<\/p>\n\n\n\n<h2 class=\"wp-block-heading\" id=\"k4\">Brak zgody na poda\u017c witaminy K dla noworodka &#8211; jakie s\u0105 konsekwencje?<\/h2>\n\n\n\n<p>Udowodniono, \u017ce <strong>profilaktyka witamin\u0105 K po urodzeniu znacz\u0105co zmniejsza \u015bmiertelno\u015b\u0107, a tak\u017ce cz\u0119sto\u015b\u0107 ci\u0119\u017ckich nast\u0119pstw neurologicznych u dzieci, u kt\u00f3rych dosz\u0142o do krwawienia \u015br\u00f3dczaszkowego<\/strong>. By u\u015bwiadomi\u0107 skal\u0119 korzy\u015bci z profilaktyki, najlepiej przedstawi\u0107 twarde dane naukowe. W Wielkiej Brytanii, gdzie schemat podawania witaminy K jest to\u017csamy z polskim, rocznie w przeliczeniu na 100 000 noworodk\u00f3w, kt\u00f3rym podano witamin\u0119 K, do krwawienia dochodzi u 0,1 w przypadku drogi domi\u0119\u015bniowej i 0,43 dla doustnej. Dane z hiszpa\u0144skich rejestr\u00f3w medycznych podaj\u0105, \u017ce obecno\u015b\u0107 profilaktyki sprawia, \u017ce przypadki krwawie\u0144 s\u0105 &#8222;niemal nieobecne&#8221;, natomiast szwajcarskie i niemieckie dane odnosz\u0105ce si\u0119 do profilaktyki doustnej m\u00f3wi\u0105 o 0 do maksymalnie 0,9 przypadk\u00f3w na 100 000 dzieci.<\/p>\n\n\n\n<h2 class=\"wp-block-heading\" id=\"k5\">Czy profilaktyka niesie za sob\u0105 powik\u0142ania?<\/h2>\n\n\n\n<p>Podanie domi\u0119\u015bniowe ze standardowymi \u015brodkami ostro\u017cno\u015bci w przednio-boczn\u0105 cz\u0119\u015b\u0107 uda niesie za sob\u0105 ryzyko miejscowych krwiak\u00f3w, infekcji i uszkodze\u0144 nerwowo-mi\u0119\u015bniowych w miejscu wstrzykni\u0119cia, jednak jest ono bardzo niskie. Sama iniekcja mo\u017ce by\u0107 dla dziecka bolesna, jednak b\u00f3l jest kr\u00f3tkotrwa\u0142y i mo\u017cna szybko go opanowa\u0107 (kontakt ze sk\u00f3r\u0105 matki, karmienie piersi\u0105 lub podawanie niewielkiej ilo\u015bci roztworu glukozy). W wiekowej ju\u017c literaturze medycznej pojawia\u0142y si\u0119 doniesienia sugeruj\u0105ce, \u017ce poda\u017c witaminy K jest zwi\u0105zana ze zwi\u0119kszonym ryzykiem nowotwor\u00f3w u dzieci, jednak aktualny stan wiedzy zaprzecza takiemu zwi\u0105zkowi.<\/p>\n\n\n\n<h2 class=\"wp-block-heading\" id=\"k6\">Podsumowanie<\/h2>\n\n\n\n<p><strong>Podanie noworodkowi witaminy K po porodzie jest bardzo prost\u0105 i bezpieczn\u0105 metod\u0105 profilaktyki krwawie\u0144, kt\u00f3re w tej grupie wiekowej s\u0105 szczeg\u00f3lnie niebezpieczne <\/strong>&#8211; utrata 50 ml krwi dla osoby doros\u0142ej jest niewielka, natomiast dla noworodka dramatycznie du\u017ca. St\u0105d, mimo \u017ce mo\u017cna nie wyrazi\u0107 zgody na profilaktyk\u0119 u swojego dziecka, to nie warto tego robi\u0107 &#8211; spo\u015br\u00f3d os\u00f3b, kt\u00f3re odradzaj\u0105 poda\u017c witaminy K, \u017cadna nie we\u017amie odpowiedzialno\u015bci za potencjalne szkody, jakie mo\u017ce wywo\u0142a\u0107 tego typu zaniedbanie.<\/p>\n\n\n\n<hr class=\"wp-block-separator has-alpha-channel-opacity\"\/>\n\n\n\n<p>Pi\u015bmiennictwo<\/p>\n\n\n\n<ol class=\"wp-block-list\">\n<li>Standardy opieki medycznej nad noworodkiem w Polsce, wydanie IV (2021) zaktualizowane i uzupe\u0142nione<\/li>\n\n\n\n<li>https:\/\/www.ncbi.nlm.nih.gov\/pmc\/articles\/PMC8424792\/<\/li>\n\n\n\n<li>https:\/\/www.ncbi.nlm.nih.gov\/pmc\/articles\/PMC6234429\/<\/li>\n\n\n\n<li>https:\/\/www.ncbi.nlm.nih.gov\/books\/NBK558994\/<\/li>\n\n\n\n<li>https:\/\/publications.aap.org\/pediatrics\/article\/149\/3\/e2021056036\/184866\/Vitamin-K-and-the-Newborn-Infant?autologincheck=redirected<\/li>\n\n\n\n<li>https:\/\/www.standardy.pl\/newsy\/id\/316<\/li>\n<\/ol>\n","protected":false},"excerpt":{"rendered":"<p>Czym grozi niedob\u00f3r witaminy K u noworodka?<\/p>\n","protected":false},"author":154,"featured_media":11212,"comment_status":"closed","ping_status":"open","sticky":false,"template":"","format":"standard","meta":{"_acf_changed":false,"inline_featured_image":false,"footnotes":""},"categories":[17,30],"tags":[],"coauthors":[151],"class_list":{"0":"post-11094","1":"post","2":"type-post","3":"status-publish","4":"format-standard","5":"has-post-thumbnail","8":"category-zdrowie-dzieci-i-mlodziezy"},"acf":[],"yoast_head":"<!-- This site is optimized with the Yoast SEO plugin v27.5 - https:\/\/yoast.com\/product\/yoast-seo-wordpress\/ -->\n<title>Witamina K u noworodk\u00f3w - Centrum Wiedzy ALAB Laboratoria<\/title>\n<meta name=\"description\" content=\"Dowiedz si\u0119, jakie znaczenie dla zdrowia noworodk\u00f3w ma witamina K. Poznaj skutki niedobor\u00f3w oraz metody ich profilaktyki u noworodk\u00f3w.\" \/>\n<meta name=\"robots\" content=\"index, follow, max-snippet:-1, max-image-preview:large, max-video-preview:-1\" \/>\n<link rel=\"canonical\" href=\"https:\/\/www.alab.pl\/centrum-wiedzy\/tak-niewiele-czyni-tak-wiele-witamina-k-u-noworodkow\/\" \/>\n<meta property=\"og:locale\" content=\"pl_PL\" \/>\n<meta property=\"og:type\" content=\"article\" \/>\n<meta property=\"og:title\" content=\"Witamina K u noworodk\u00f3w - Centrum Wiedzy ALAB Laboratoria\" \/>\n<meta property=\"og:description\" content=\"Dowiedz si\u0119, jakie znaczenie dla zdrowia noworodk\u00f3w ma witamina K. Poznaj skutki niedobor\u00f3w oraz metody ich profilaktyki u noworodk\u00f3w.\" \/>\n<meta property=\"og:url\" content=\"https:\/\/www.alab.pl\/centrum-wiedzy\/tak-niewiele-czyni-tak-wiele-witamina-k-u-noworodkow\/\" \/>\n<meta property=\"og:site_name\" content=\"Centrum Wiedzy ALAB laboratoria\" \/>\n<meta property=\"article:publisher\" content=\"https:\/\/www.facebook.com\/ALABlaboratoria\" \/>\n<meta property=\"article:published_time\" content=\"2024-01-17T12:08:03+00:00\" \/>\n<meta property=\"og:image\" content=\"https:\/\/www.alab.pl\/centrum-wiedzy\/wp-content\/uploads\/2024\/01\/witamina-k-u-noworodkow-jpg.webp\" \/>\n\t<meta property=\"og:image:width\" content=\"1200\" \/>\n\t<meta property=\"og:image:height\" content=\"801\" \/>\n\t<meta property=\"og:image:type\" content=\"image\/webp\" \/>\n<meta name=\"author\" content=\"Damian Matusiak\" \/>\n<meta name=\"twitter:card\" content=\"summary_large_image\" \/>\n<meta name=\"twitter:label1\" content=\"Napisane przez\" \/>\n\t<meta name=\"twitter:data1\" content=\"Damian Matusiak\" \/>\n\t<meta name=\"twitter:label2\" content=\"Szacowany czas czytania\" \/>\n\t<meta name=\"twitter:data2\" content=\"6 minut\" \/>\n\t<meta name=\"twitter:label3\" content=\"Written by\" \/>\n\t<meta name=\"twitter:data3\" content=\"Damian Matusiak\" \/>\n<!-- \/ Yoast SEO plugin. -->","yoast_head_json":{"title":"Witamina K u noworodk\u00f3w - Centrum Wiedzy ALAB Laboratoria","description":"Dowiedz si\u0119, jakie znaczenie dla zdrowia noworodk\u00f3w ma witamina K. Poznaj skutki niedobor\u00f3w oraz metody ich profilaktyki u noworodk\u00f3w.","robots":{"index":"index","follow":"follow","max-snippet":"max-snippet:-1","max-image-preview":"max-image-preview:large","max-video-preview":"max-video-preview:-1"},"canonical":"https:\/\/www.alab.pl\/centrum-wiedzy\/tak-niewiele-czyni-tak-wiele-witamina-k-u-noworodkow\/","og_locale":"pl_PL","og_type":"article","og_title":"Witamina K u noworodk\u00f3w - Centrum Wiedzy ALAB Laboratoria","og_description":"Dowiedz si\u0119, jakie znaczenie dla zdrowia noworodk\u00f3w ma witamina K. Poznaj skutki niedobor\u00f3w oraz metody ich profilaktyki u noworodk\u00f3w.","og_url":"https:\/\/www.alab.pl\/centrum-wiedzy\/tak-niewiele-czyni-tak-wiele-witamina-k-u-noworodkow\/","og_site_name":"Centrum Wiedzy ALAB laboratoria","article_publisher":"https:\/\/www.facebook.com\/ALABlaboratoria","article_published_time":"2024-01-17T12:08:03+00:00","og_image":[{"width":1200,"height":801,"url":"https:\/\/www.alab.pl\/centrum-wiedzy\/wp-content\/uploads\/2024\/01\/witamina-k-u-noworodkow-jpg.webp","type":"image\/webp"}],"author":"Damian Matusiak","twitter_card":"summary_large_image","twitter_misc":{"Napisane przez":"Damian Matusiak","Szacowany czas czytania":"6 minut","Written by":"Damian Matusiak"},"schema":{"@context":"https:\/\/schema.org","@graph":[{"@type":"Article","@id":"https:\/\/www.alab.pl\/centrum-wiedzy\/tak-niewiele-czyni-tak-wiele-witamina-k-u-noworodkow\/#article","isPartOf":{"@id":"https:\/\/www.alab.pl\/centrum-wiedzy\/tak-niewiele-czyni-tak-wiele-witamina-k-u-noworodkow\/"},"author":{"name":"Damian Matusiak","@id":"https:\/\/www.alab.pl\/centrum-wiedzy\/#\/schema\/person\/5709fe1c1c909754033072d7f8155a44"},"headline":"Tak niewiele czyni tak wiele &#8211; witamina K u noworodk\u00f3w","datePublished":"2024-01-17T12:08:03+00:00","mainEntityOfPage":{"@id":"https:\/\/www.alab.pl\/centrum-wiedzy\/tak-niewiele-czyni-tak-wiele-witamina-k-u-noworodkow\/"},"wordCount":1079,"publisher":{"@id":"https:\/\/www.alab.pl\/centrum-wiedzy\/#organization"},"image":{"@id":"https:\/\/www.alab.pl\/centrum-wiedzy\/tak-niewiele-czyni-tak-wiele-witamina-k-u-noworodkow\/#primaryimage"},"thumbnailUrl":"https:\/\/www.alab.pl\/centrum-wiedzy\/wp-content\/uploads\/2024\/01\/witamina-k-u-noworodkow-jpg.webp","articleSection":["Dieta i suplementacja","Zdrowie dzieci i m\u0142odzie\u017cy"],"inLanguage":"pl-PL"},{"@type":"WebPage","@id":"https:\/\/www.alab.pl\/centrum-wiedzy\/tak-niewiele-czyni-tak-wiele-witamina-k-u-noworodkow\/","url":"https:\/\/www.alab.pl\/centrum-wiedzy\/tak-niewiele-czyni-tak-wiele-witamina-k-u-noworodkow\/","name":"Witamina K u noworodk\u00f3w - Centrum Wiedzy ALAB Laboratoria","isPartOf":{"@id":"https:\/\/www.alab.pl\/centrum-wiedzy\/#website"},"primaryImageOfPage":{"@id":"https:\/\/www.alab.pl\/centrum-wiedzy\/tak-niewiele-czyni-tak-wiele-witamina-k-u-noworodkow\/#primaryimage"},"image":{"@id":"https:\/\/www.alab.pl\/centrum-wiedzy\/tak-niewiele-czyni-tak-wiele-witamina-k-u-noworodkow\/#primaryimage"},"thumbnailUrl":"https:\/\/www.alab.pl\/centrum-wiedzy\/wp-content\/uploads\/2024\/01\/witamina-k-u-noworodkow-jpg.webp","datePublished":"2024-01-17T12:08:03+00:00","description":"Dowiedz si\u0119, jakie znaczenie dla zdrowia noworodk\u00f3w ma witamina K. Poznaj skutki niedobor\u00f3w oraz metody ich profilaktyki u noworodk\u00f3w.","breadcrumb":{"@id":"https:\/\/www.alab.pl\/centrum-wiedzy\/tak-niewiele-czyni-tak-wiele-witamina-k-u-noworodkow\/#breadcrumb"},"inLanguage":"pl-PL","potentialAction":[{"@type":"ReadAction","target":["https:\/\/www.alab.pl\/centrum-wiedzy\/tak-niewiele-czyni-tak-wiele-witamina-k-u-noworodkow\/"]}]},{"@type":"ImageObject","inLanguage":"pl-PL","@id":"https:\/\/www.alab.pl\/centrum-wiedzy\/tak-niewiele-czyni-tak-wiele-witamina-k-u-noworodkow\/#primaryimage","url":"https:\/\/www.alab.pl\/centrum-wiedzy\/wp-content\/uploads\/2024\/01\/witamina-k-u-noworodkow-jpg.webp","contentUrl":"https:\/\/www.alab.pl\/centrum-wiedzy\/wp-content\/uploads\/2024\/01\/witamina-k-u-noworodkow-jpg.webp","width":1200,"height":801,"caption":"witamina K u noworodk\u00f3w"},{"@type":"BreadcrumbList","@id":"https:\/\/www.alab.pl\/centrum-wiedzy\/tak-niewiele-czyni-tak-wiele-witamina-k-u-noworodkow\/#breadcrumb","itemListElement":[{"@type":"ListItem","position":1,"name":"Strona g\u0142\u00f3wna","item":"https:\/\/www.alab.pl\/centrum-wiedzy\/"},{"@type":"ListItem","position":2,"name":"Tak niewiele czyni tak wiele &#8211; witamina K u noworodk\u00f3w"}]},{"@type":"WebSite","@id":"https:\/\/www.alab.pl\/centrum-wiedzy\/#website","url":"https:\/\/www.alab.pl\/centrum-wiedzy\/","name":"Centrum Wiedzy ALAB laboratoria","description":"","publisher":{"@id":"https:\/\/www.alab.pl\/centrum-wiedzy\/#organization"},"potentialAction":[{"@type":"SearchAction","target":{"@type":"EntryPoint","urlTemplate":"https:\/\/www.alab.pl\/centrum-wiedzy\/?s={search_term_string}"},"query-input":{"@type":"PropertyValueSpecification","valueRequired":true,"valueName":"search_term_string"}}],"inLanguage":"pl-PL"},{"@type":"Organization","@id":"https:\/\/www.alab.pl\/centrum-wiedzy\/#organization","name":"Centrum Wiedzy ALAB laboratoria","url":"https:\/\/www.alab.pl\/centrum-wiedzy\/","logo":{"@type":"ImageObject","inLanguage":"pl-PL","@id":"https:\/\/www.alab.pl\/centrum-wiedzy\/#\/schema\/logo\/image\/","url":"https:\/\/www.alab.pl\/centrum-wiedzy\/wp-content\/uploads\/2022\/04\/alabek.jpg","contentUrl":"https:\/\/www.alab.pl\/centrum-wiedzy\/wp-content\/uploads\/2022\/04\/alabek.jpg","width":1250,"height":1251,"caption":"Centrum Wiedzy ALAB laboratoria"},"image":{"@id":"https:\/\/www.alab.pl\/centrum-wiedzy\/#\/schema\/logo\/image\/"},"sameAs":["https:\/\/www.facebook.com\/ALABlaboratoria"]},{"@type":"Person","@id":"https:\/\/www.alab.pl\/centrum-wiedzy\/#\/schema\/person\/5709fe1c1c909754033072d7f8155a44","name":"Damian Matusiak","image":{"@type":"ImageObject","inLanguage":"pl-PL","@id":"https:\/\/www.alab.pl\/centrum-wiedzy\/wp-content\/uploads\/2023\/10\/Damian-Matusiak-jpg-150x150.webp4a39f9a6ab8bdce93cc7d4859c6e6401","url":"https:\/\/www.alab.pl\/centrum-wiedzy\/wp-content\/uploads\/2023\/10\/Damian-Matusiak-jpg-150x150.webp","contentUrl":"https:\/\/www.alab.pl\/centrum-wiedzy\/wp-content\/uploads\/2023\/10\/Damian-Matusiak-jpg-150x150.webp","caption":"Damian Matusiak"},"description":"Specjalista pediatrii, kieruj\u0105cy Oddzia\u0142em Pediatrycznym w Lesznie, absolwent Uniwersytetu Medycznego im. Karola Marcinkowskiego w Poznaniu; pasjonat ultrasonografii i nowinek ze \u015bwiata nauki.","url":"https:\/\/www.alab.pl\/centrum-wiedzy\/author\/damian-matusiak\/"}]}},"_links":{"self":[{"href":"https:\/\/www.alab.pl\/centrum-wiedzy\/wp-json\/wp\/v2\/posts\/11094","targetHints":{"allow":["GET"]}}],"collection":[{"href":"https:\/\/www.alab.pl\/centrum-wiedzy\/wp-json\/wp\/v2\/posts"}],"about":[{"href":"https:\/\/www.alab.pl\/centrum-wiedzy\/wp-json\/wp\/v2\/types\/post"}],"author":[{"embeddable":true,"href":"https:\/\/www.alab.pl\/centrum-wiedzy\/wp-json\/wp\/v2\/users\/154"}],"replies":[{"embeddable":true,"href":"https:\/\/www.alab.pl\/centrum-wiedzy\/wp-json\/wp\/v2\/comments?post=11094"}],"version-history":[{"count":0,"href":"https:\/\/www.alab.pl\/centrum-wiedzy\/wp-json\/wp\/v2\/posts\/11094\/revisions"}],"wp:featuredmedia":[{"embeddable":true,"href":"https:\/\/www.alab.pl\/centrum-wiedzy\/wp-json\/wp\/v2\/media\/11212"}],"wp:attachment":[{"href":"https:\/\/www.alab.pl\/centrum-wiedzy\/wp-json\/wp\/v2\/media?parent=11094"}],"wp:term":[{"taxonomy":"category","embeddable":true,"href":"https:\/\/www.alab.pl\/centrum-wiedzy\/wp-json\/wp\/v2\/categories?post=11094"},{"taxonomy":"post_tag","embeddable":true,"href":"https:\/\/www.alab.pl\/centrum-wiedzy\/wp-json\/wp\/v2\/tags?post=11094"},{"taxonomy":"author","embeddable":true,"href":"https:\/\/www.alab.pl\/centrum-wiedzy\/wp-json\/wp\/v2\/coauthors?post=11094"}],"curies":[{"name":"wp","href":"https:\/\/api.w.org\/{rel}","templated":true}]}}