{"id":11454,"date":"2024-01-24T08:01:16","date_gmt":"2024-01-24T07:01:16","guid":{"rendered":"https:\/\/sklep.alablaboratoria.pl\/centrum-wiedzy\/?p=11454"},"modified":"2024-01-24T08:01:16","modified_gmt":"2024-01-24T07:01:16","slug":"rumien-zakazny-piata-choroba-choroba-wysypkowa-u-dzieci","status":"publish","type":"post","link":"https:\/\/www.alab.pl\/centrum-wiedzy\/rumien-zakazny-piata-choroba-choroba-wysypkowa-u-dzieci\/","title":{"rendered":"Rumie\u0144 zaka\u017any (pi\u0105ta choroba) \u2013 choroba wysypkowa u dzieci"},"content":{"rendered":"\n<p>Spis tre\u015bci<\/p>\n\n\n\n<ol class=\"wp-block-list\">\n<li><a href=\"#r1\">Czym jest parwowirus B19 (B19V)?<\/a><\/li>\n\n\n\n<li><a href=\"#r2\">Epidemiologia zaka\u017ce\u0144 parwowirusem B19<\/a><\/li>\n\n\n\n<li><a href=\"#r3\">Objawy kliniczne zaka\u017ce\u0144 parwowirusem B19<\/a><\/li>\n\n\n\n<li><a href=\"#r4\">Rumie\u0144 zaka\u017any &#8211; przebieg infekcji<\/a><\/li>\n\n\n\n<li><a href=\"#r5\">Rumie\u0144 zaka\u017any u kobiet w ci\u0105\u017cy<\/a><\/li>\n\n\n\n<li><a href=\"#r6\">Diagnostyka laboratoryjna rumienia zaka\u017anego<\/a><\/li>\n\n\n\n<li><a href=\"#r7\">Leczenie i profilaktyka rumienia zaka\u017anego&nbsp;(pi\u0105tej choroby)<\/a><\/li>\n<\/ol>\n\n\n\n<p><strong>Rumie\u0144 zaka\u017any<\/strong> jest ostr\u0105 wirusow\u0105 chorob\u0105 wieku dzieci\u0119cego. Choroba znana jest r\u00f3wnie\u017c jako <strong>zesp\u00f3\u0142 spoliczkowanego dziecka<\/strong>, ze wzgl\u0119du na charakterystyczne objawy, oraz pod nazw\u0105 <strong>&#8222;pi\u0105ta choroba&#8221;<\/strong>, co wynika z jej umiejscowienia na pi\u0105tym miejscu listy sze\u015bciu chor\u00f3b wysypkowych u dzieci, po odrze, <a href=\"https:\/\/www.alab.pl\/centrum-wiedzy\/szkarlatyna-plonica-objawy-powiklania-diagnostyka\/\">p\u0142onicy<\/a>, r\u00f3\u017cyczce i chorobie Dukesa (przed rumieniem nag\u0142ym).<\/p>\n\n\n\n<h2 class=\"wp-block-heading\" id=\"r1\">Czym jest parwowirus B19 (B19V)?<\/h2>\n\n\n\n<p><strong>Parwowirusy<\/strong> (rodzina <em>Parvoviridae<\/em>) s\u0105 ma\u0142ymi, bezotoczkowymi wirusami, kt\u00f3rych materia\u0142em genetycznym jest DNA. Charakteryzuje je wysoka odporno\u015b\u0107 na niekorzystne warunki \u015brodowiskowe \u2013 toleruj\u0105 zmiany temperatury i pH. Parwowirusy s\u0105 powszechnymi&nbsp;na ca\u0142ym \u015bwiecie czynnikami zaka\u017anymi wywo\u0142uj\u0105cymi <strong>parwowiroz\u0119<\/strong> u zwierz\u0105t i ludzi. Gatunki odpowiedzialne za infekcje u zwierz\u0105t nie s\u0105 chorobotw\u00f3rcze dla cz\u0142owieka. <strong>Nie mo\u017cna zarazi\u0107 si\u0119 parwowiroz\u0105 od psa lub kota.<\/strong> Jedynym gatunkiem odpowiedzialnym za zachorowania u ludzi (i tylko u ludzi) jest <strong><em>Parvovirus<\/em> B19<\/strong>. Najcz\u0119stszym objawem zaka\u017cenia parwowirusem B19 jest <strong>rumie\u0144 zaka\u017any<\/strong>.&nbsp;<\/p>\n\n\n\n<h2 class=\"wp-block-heading\" id=\"r2\">Epidemiologia zaka\u017ce\u0144 parwowirusem B19<\/h2>\n\n\n\n<p>Zaka\u017cenia parwowirusem B19 mog\u0105 mie\u0107 charakter sporadyczny lub mog\u0105 prowadzi\u0107 do powstania ognisk epidemicznych w przedszkolach, szko\u0142ach, szpitalach. <strong>\u0179r\u00f3d\u0142em zaka\u017cenia s\u0105 chorzy i ludzie zaka\u017ceni bezobjawowo. <\/strong>Po kontakcie z wirusem choruje 50-60% os\u00f3b. Szczyt zaka\u017ano\u015bci przypada na okres przed pojawieniem si\u0119 wysypki, zaka\u017ano\u015b\u0107 zanika w okresie wysypkowym. W niekt\u00f3rych&nbsp; postaciach klinicznych infekcji (zesp\u00f3\u0142 grudkowo-krwotocznych &#8222;r\u0119kawiczek i skarpetek&#8221;) okres zaka\u017ano\u015bci mo\u017ce utrzymywa\u0107 si\u0119 r\u00f3wnie\u017c w trakcie wyst\u0119powania wysypki.<\/p>\n\n\n\n<p><strong>Drogi zaka\u017cenia parwowirusem B19:<\/strong><\/p>\n\n\n\n<ul class=\"wp-block-list\">\n<li><strong>kropelkowa<\/strong> \u2013 poprzez wydalanie cz\u0105stek wirusa w trakcie m\u00f3wienia, kas\u0142ania, kichania wraz ze \u015blin\u0105 i wydzielin\u0105 z nosa,<\/li>\n\n\n\n<li><strong>wertykalna<\/strong> \u2013 w trakcie ci\u0105\u017cy (od matki do p\u0142odu),<\/li>\n\n\n\n<li><strong>przy przetaczaniu krwi i preparat\u00f3w krwiopochodnych<\/strong>.<\/li>\n<\/ul>\n\n\n\n<p>Choroba wywo\u0142ywana przez parwowirusa B19 ma <strong>charakter sezonowy <\/strong>\u2013 najwi\u0119ksz\u0105 liczb\u0119 przypadk\u00f3w obserwuje si\u0119 p\u00f3\u017an\u0105 zim\u0105 i wiosn\u0105. Nasilenie liczby przypadk\u00f3w obserwuje si\u0119 co 4 lata.&nbsp;<\/p>\n\n\n\n<p>Zachorowanie na rumie\u0144 zaka\u017any nie podlega zg\u0142aszaniu do Inspekcji Sanitarnej.<\/p>\n\n\n\n<h2 class=\"wp-block-heading\" id=\"r3\">Objawy kliniczne zaka\u017ce\u0144 parwowirusem B19<\/h2>\n\n\n\n<p>U oko\u0142o 25% zaka\u017conych infekcja parwowirusem B19 przebiega <strong>bezobjawowo<\/strong>, u oko\u0142o 50% przypomina <strong>\u0142agodne przezi\u0119bienie<\/strong>. Przebieg bezobjawowy lub sk\u0105poobjawowy dotyczy g\u0142\u00f3wnie doros\u0142ych. <strong>Pe\u0142ne, charakterystyczne dla zaka\u017cenia parwowirusem B19 objawy przyjmuj\u0105 posta\u0107 rumienia zaka\u017anego lub zespo\u0142u grudkowo-krwotocznych &#8222;r\u0119kawiczek i skarpetek<\/strong>&#8222;. Zaka\u017cenie mo\u017ce r\u00f3wnie\u017c prowadzi\u0107 do wyst\u0105pienia zespo\u0142u poliartropatii (odczynowe zapalenie staw\u00f3w),&nbsp;przewlek\u0142ej <a href=\"https:\/\/www.alab.pl\/centrum-wiedzy\/anemia-przyczyny-objawy-i-rodzaje-niedokrwistosci\/\">niedokrwisto\u015bci <\/a>i prze\u0142omu aplastycznego (ci\u0119\u017cka niedokrwisto\u015b\u0107).<\/p>\n\n\n\n<h2 class=\"wp-block-heading\" id=\"r4\">Rumie\u0144 zaka\u017any &#8211; przebieg infekcji<\/h2>\n\n\n\n<ul class=\"wp-block-list\">\n<li><strong>Okres wyl\u0119gania (wiremia) <\/strong>\u2013 trwa od 4 do 21 dni. Wirus przedostaje si\u0119 do krwi i namna\u017ca si\u0119 w kom\u00f3rkach prekursorowych erytrocyt\u00f3w. Nast\u0119puje wydalanie cz\u0105steczek wirusa wraz z wydzielin\u0105 z dr\u00f3g oddechowych. Pojawiaj\u0105 si\u0119 niespecyficzne objawy og\u00f3lne przypominaj\u0105ce przezi\u0119bienie lub gryp\u0119: gor\u0105czka, b\u00f3l gard\u0142a, katar, b\u00f3l g\u0142owy, b\u00f3le mi\u0119\u015bni i staw\u00f3w, z\u0142e samopoczucie, biegunka. Objawy ust\u0119puj\u0105 zazwyczaj w ci\u0105gu 4-14 dni.<\/li>\n<\/ul>\n\n\n\n<ul class=\"wp-block-list\">\n<li><strong>Okres osutkowy (wysypkowy)<\/strong> \u2013 trwa od 6 do 21 dni.<\/li>\n<\/ul>\n\n\n\n<p><strong>U dzieci pocz\u0105tkowo pojawia si\u0119 na twarzy czerwono-fioletowy rumie\u0144 o wyra\u017anych granicach, przypominaj\u0105cy skrzyd\u0142a motyla lub uderzone policzki<\/strong> (bez zmian na nosie i brodzie). W ci\u0105gu kilku dni wysypka pojawia si\u0119 r\u00f3wnie\u017c na tu\u0142owiu, po\u015bladkach, ramionach oraz ko\u0144czynach dolnych i ma tendencj\u0119 do zlewania si\u0119 w skupiska przypominaj\u0105ce girlandy.<\/p>\n\n\n\n<figure class=\"wp-block-image size-full\"><img loading=\"lazy\" decoding=\"async\" width=\"980\" height=\"714\" src=\"https:\/\/www.alab.pl\/centrum-wiedzy\/wp-content\/uploads\/2024\/01\/Rumien-zakazny-objawy-lokalizacja-wysypki-infografika-jpg.webp\" alt=\"rumie\u0144 zaka\u017any (pi\u0105ta choroba) objawy lokalizacja wysypki infografika\" class=\"wp-image-11553\" srcset=\"https:\/\/www.alab.pl\/centrum-wiedzy\/wp-content\/uploads\/2024\/01\/Rumien-zakazny-objawy-lokalizacja-wysypki-infografika-jpg.webp 980w, https:\/\/www.alab.pl\/centrum-wiedzy\/wp-content\/uploads\/2024\/01\/Rumien-zakazny-objawy-lokalizacja-wysypki-infografika-jpg-768x560.webp 768w, https:\/\/www.alab.pl\/centrum-wiedzy\/wp-content\/uploads\/2024\/01\/Rumien-zakazny-objawy-lokalizacja-wysypki-infografika-jpg-150x109.webp 150w, https:\/\/www.alab.pl\/centrum-wiedzy\/wp-content\/uploads\/2024\/01\/Rumien-zakazny-objawy-lokalizacja-wysypki-infografika-jpg-300x219.webp 300w, https:\/\/www.alab.pl\/centrum-wiedzy\/wp-content\/uploads\/2024\/01\/Rumien-zakazny-objawy-lokalizacja-wysypki-infografika-jpg-696x507.webp 696w\" sizes=\"auto, (max-width: 980px) 100vw, 980px\" \/><\/figure>\n\n\n\n<p><strong>U doros\u0142ych zmiany na twarzy z regu\u0142y nie wyst\u0119puj\u0105<\/strong>, natomiast pojawia si\u0119 wysypka na dystalnych cz\u0119\u015bciach ko\u0144czyn (zesp\u00f3\u0142 grudkowo-krwotocznych &#8222;r\u0119kawiczek i skarpetek&#8221;). Mog\u0105 r\u00f3wnie\u017c pojawia\u0107 si\u0119 wykwity na b\u0142onie \u015bluzowej jamy ustnej.<\/p>\n\n\n\n<p>Wysypka mo\u017ce ust\u0119powa\u0107 i ponownie nawraca\u0107 pod wp\u0142ywem temperatury (gor\u0105ca k\u0105piel), emocji, wysi\u0142ku, przy podra\u017cnieniu sk\u00f3ry.<\/p>\n\n\n\n<p><strong>Zesp\u00f3\u0142 poliartropatii (odczynowe zapalenie staw\u00f3w) <\/strong>&#8211; jest dominuj\u0105cym objawem zaka\u017cenia parwowirusem B19 u doros\u0142ych i wyst\u0119puje g\u0142\u00f3wnie u kobiet. Zmiany mog\u0105 wyst\u0119powa\u0107 z rumieniem lub bez. Stan zapalny dotyka zazwyczaj symetrycznie kilku staw\u00f3w: mi\u0119dzypaliczkowych, nadgarstkowych, kolanowych lub skokowych.<\/p>\n\n\n\n<p><strong>Przewlek\u0142a niedokrwisto\u015b\u0107 <\/strong>\u2013 wyst\u0119puje jako nast\u0119pstwo zaka\u017cenia parwowirusem B19 u os\u00f3b<strong> <\/strong>z zaburzon\u0105 odporno\u015bci\u0105. W tej postaci infekcji nie pojawia si\u0119 wysypka.<\/p>\n\n\n\n<p><strong>Prze\u0142om aplastyczny (ci\u0119\u017cka niedokrwisto\u015b\u0107)<\/strong> \u2013 intensywne namna\u017canie wirusa prowadzi do zmniejszenia produkcji i szybkiego rozpadu erytrocyt\u00f3w, a w efekcie do szybkiego spadku st\u0119\u017cenia hemoglobiny. Objawami s\u0105 blado\u015b\u0107 sk\u00f3ry, os\u0142abienie i przyspieszona akcja serca.<\/p>\n\n\n\n<h2 class=\"wp-block-heading\" id=\"r5\">Rumie\u0144 zaka\u017any u kobiet w ci\u0105\u017cy<\/h2>\n\n\n\n<p><strong>Szacuje si\u0119, \u017ce oko\u0142o 50% kobiet w ci\u0105\u017cy jest wra\u017cliwych na zaka\u017cenie parwowirusem B19. <\/strong>Prawdopodobie\u0144stwo przez\u0142o\u017cyskowego przeniesienia zaka\u017cenia wynosi oko\u0142o 30%. <strong>Infekcja mo\u017ce prowadzi\u0107 do samoistnego poronienia i obumarcia p\u0142odu. <\/strong>Ryzyko ci\u0119\u017ckiego zaka\u017cenia i \u015bmierci p\u0142odu po zaka\u017ceniu matki parwowirusem B19 wynosi oko\u0142o 5% i jest najwi\u0119ksze w drugim trymestrze. Wi\u0119kszo\u015b\u0107 dzieci, u kt\u00f3rych dosz\u0142o do zaka\u017cenia wewn\u0105trzmacicznego, rozwija si\u0119 prawid\u0142owo, jednak zaka\u017cenie stwarza ryzyko wyst\u0105pienia w noworodk\u00f3w niedokrwisto\u015bci, obrz\u0119ku uog\u00f3lnionego, zapalenia mi\u0119\u015bnia sercowego, niewydolno\u015bci serca.<\/p>\n\n\n\n<h2 class=\"wp-block-heading\" id=\"r6\">Diagnostyka laboratoryjna rumienia zaka\u017anego<\/h2>\n\n\n\n<p>Rozpoznanie zaka\u017cenia parwowirusem B19 opiera si\u0119 na <strong>wywiadzie lekarskim i charakterystycznych objawach chorobowych<\/strong>. Pomocna w rozpoznaniu jest <strong>diagnostyka laboratoryjna<\/strong>. Wykonanie bada\u0144 laboratoryjnych zalecane jest u kobiet ci\u0119\u017carnych, chorych w trakcie prze\u0142omu aplastycznego, os\u00f3b z zaburzeniami odporno\u015bci, oraz noworodk\u00f3w z uog\u00f3lnionym obrz\u0119kiem lub podejrzeniem zaka\u017cenia wrodzonego.<\/p>\n\n\n\n<p><strong>W rozpoznaniu parwowirozy zastosowanie maj\u0105 badania molekularne (genetyczne) i badania serologiczne.<\/strong><\/p>\n\n\n\n<p><strong>Badania genetyczne<\/strong> \u2013 polegaj\u0105 na wykrywaniu w pr\u00f3bce krwi materia\u0142u genetycznego charakterystycznego dla&nbsp; parwowirusa B19. Powszechnie stosowan\u0105 metod\u0105 jest Real Time-PCR. Tego rodzaju diagnostyka ma zastosowanie w rozpoznaniu prze\u0142omu aplastycznego oraz u os\u00f3b z niedoborami odporno\u015bci, u kt\u00f3rych wyniki bada\u0144 serologicznych mog\u0105 by\u0107 fa\u0142szywie ujemne. Materia\u0142 genetyczny parwowirusa mo\u017ce by\u0107 wykrywalny w krwi przez wiele miesi\u0119cy od zaka\u017cenia, dlatego&nbsp; metoda molekularna nie jest ostatecznym potwierdzeniem ostrej fazy zaka\u017cenia.<\/p>\n\n\n\n<figure class=\"wp-block-image size-full\"><a href=\"https:\/\/www.alab.pl\/badanie\/wykrywanie-dna-parwowirusa-b19-metoda-real-time-pcr\" target=\"_blank\" rel=\"noreferrer noopener\"><img loading=\"lazy\" decoding=\"async\" width=\"800\" height=\"200\" src=\"https:\/\/www.alab.pl\/centrum-wiedzy\/wp-content\/uploads\/2024\/01\/Wykrywanie-DNA-parwowirusa-B19-met.-RT-PCR-jpg.webp\" alt=\"wykrywanie DNA parwowirusa B19\" class=\"wp-image-11460\" srcset=\"https:\/\/www.alab.pl\/centrum-wiedzy\/wp-content\/uploads\/2024\/01\/Wykrywanie-DNA-parwowirusa-B19-met.-RT-PCR-jpg.webp 800w, https:\/\/www.alab.pl\/centrum-wiedzy\/wp-content\/uploads\/2024\/01\/Wykrywanie-DNA-parwowirusa-B19-met.-RT-PCR-jpg-768x192.webp 768w, https:\/\/www.alab.pl\/centrum-wiedzy\/wp-content\/uploads\/2024\/01\/Wykrywanie-DNA-parwowirusa-B19-met.-RT-PCR-jpg-150x38.webp 150w, https:\/\/www.alab.pl\/centrum-wiedzy\/wp-content\/uploads\/2024\/01\/Wykrywanie-DNA-parwowirusa-B19-met.-RT-PCR-jpg-300x75.webp 300w, https:\/\/www.alab.pl\/centrum-wiedzy\/wp-content\/uploads\/2024\/01\/Wykrywanie-DNA-parwowirusa-B19-met.-RT-PCR-jpg-696x174.webp 696w\" sizes=\"auto, (max-width: 800px) 100vw, 800px\" \/><\/a><\/figure>\n\n\n\n<p><strong>Badania serologiczne<\/strong> \u2013 polegaj\u0105 na wykrywaniu w krwi swoistych przeciwcia\u0142 przeciwko parwowirusowi B19. Badania wykonywane s\u0105 u kobiet ci\u0119\u017carnych, os\u00f3b z nietypowymi objawami w przebiegu zaka\u017cenia, noworodk\u00f3w z uog\u00f3lnionym obrz\u0119kiem i podejrzeniem zaka\u017cenia wrodzonego. Przeciwcia\u0142a oznaczane s\u0105 w klasach IgM i IgG. Przeciwcia\u0142a klasy IgM pojawiaj\u0105 si\u0119 po 7-10 dniach od zaka\u017cenia i utrzymuj\u0105 si\u0119 ok. 3 miesi\u0119cy. Przeciwcia\u0142a IgG pojawiaj\u0105 si\u0119 3-4 tygodnie od zaka\u017cenia, ich st\u0119\u017cenie powoli narasta i utrzymuj\u0105 si\u0119 najprawdopodobniej do ko\u0144ca \u017cycia.<\/p>\n\n\n\n<figure class=\"wp-block-image size-full\"><a href=\"https:\/\/www.alab.pl\/badanie\/parwowirus-b19-pc-igm-i-igg-f35\" target=\"_blank\" rel=\"noreferrer noopener\"><img loading=\"lazy\" decoding=\"async\" width=\"800\" height=\"200\" src=\"https:\/\/www.alab.pl\/centrum-wiedzy\/wp-content\/uploads\/2024\/01\/Wykrywanie-przeciwcial-IgM-i-IgG-przeciwko-parwowirusowi-B19-jpg.webp\" alt=\"wykrywanie przeciwcia\u0142 IgM i IgG przeciwko parwowirusowi B19\" class=\"wp-image-11461\" srcset=\"https:\/\/www.alab.pl\/centrum-wiedzy\/wp-content\/uploads\/2024\/01\/Wykrywanie-przeciwcial-IgM-i-IgG-przeciwko-parwowirusowi-B19-jpg.webp 800w, https:\/\/www.alab.pl\/centrum-wiedzy\/wp-content\/uploads\/2024\/01\/Wykrywanie-przeciwcial-IgM-i-IgG-przeciwko-parwowirusowi-B19-jpg-768x192.webp 768w, https:\/\/www.alab.pl\/centrum-wiedzy\/wp-content\/uploads\/2024\/01\/Wykrywanie-przeciwcial-IgM-i-IgG-przeciwko-parwowirusowi-B19-jpg-150x38.webp 150w, https:\/\/www.alab.pl\/centrum-wiedzy\/wp-content\/uploads\/2024\/01\/Wykrywanie-przeciwcial-IgM-i-IgG-przeciwko-parwowirusowi-B19-jpg-300x75.webp 300w, https:\/\/www.alab.pl\/centrum-wiedzy\/wp-content\/uploads\/2024\/01\/Wykrywanie-przeciwcial-IgM-i-IgG-przeciwko-parwowirusowi-B19-jpg-696x174.webp 696w\" sizes=\"auto, (max-width: 800px) 100vw, 800px\" \/><\/a><\/figure>\n\n\n\n<p><strong>Tabela nr 1 Interpretacja bada\u0144 serologicznych w przebiegu zaka\u017cenia parwowirusem B19<\/strong><\/p>\n\n\n<div class=\"wp-block-image\">\n<figure class=\"aligncenter size-full is-resized\"><img loading=\"lazy\" decoding=\"async\" src=\"https:\/\/www.alab.pl\/centrum-wiedzy\/wp-content\/uploads\/2024\/01\/parwowirus-b19-interpretacja-wynikow-badania-przeciwcial-IgM-i-IgG-1-jpg.webp\" alt=\"parwowirus B19 interpretacja wynik\u00f3w bada\u0144 przeciwcia\u0142 IgM i IgG tabela\" class=\"wp-image-11466\" width=\"735\" height=\"355\" srcset=\"https:\/\/www.alab.pl\/centrum-wiedzy\/wp-content\/uploads\/2024\/01\/parwowirus-b19-interpretacja-wynikow-badania-przeciwcial-IgM-i-IgG-1-jpg.webp 980w, https:\/\/www.alab.pl\/centrum-wiedzy\/wp-content\/uploads\/2024\/01\/parwowirus-b19-interpretacja-wynikow-badania-przeciwcial-IgM-i-IgG-1-jpg-768x371.webp 768w, https:\/\/www.alab.pl\/centrum-wiedzy\/wp-content\/uploads\/2024\/01\/parwowirus-b19-interpretacja-wynikow-badania-przeciwcial-IgM-i-IgG-1-jpg-150x72.webp 150w, https:\/\/www.alab.pl\/centrum-wiedzy\/wp-content\/uploads\/2024\/01\/parwowirus-b19-interpretacja-wynikow-badania-przeciwcial-IgM-i-IgG-1-jpg-300x145.webp 300w, https:\/\/www.alab.pl\/centrum-wiedzy\/wp-content\/uploads\/2024\/01\/parwowirus-b19-interpretacja-wynikow-badania-przeciwcial-IgM-i-IgG-1-jpg-696x336.webp 696w\" sizes=\"auto, (max-width: 735px) 100vw, 735px\" \/><\/figure><\/div>\n\n\n<p><strong>Przyczyny wynik\u00f3w serologicznych fa\u0142szywie ujemnych przy zaka\u017ceniu parwowirusem B19:<\/strong><\/p>\n\n\n\n<ul class=\"wp-block-list\">\n<li>okienko serologiczne \u2013 zbyt wcze\u015bnie pobrana pr\u00f3bka do bada\u0144,<\/li>\n\n\n\n<li>niedobory odporno\u015bci,<\/li>\n\n\n\n<li>prze\u0142om aplastyczny.<\/li>\n<\/ul>\n\n\n\n<p><strong>Przyczyny wynik\u00f3w serologicznych fa\u0142szywie dodatnich dla IgM przy zaka\u017ceniu parwowirusem B19 \u2013 obecno\u015b\u0107 w krwi:<\/strong><\/p>\n\n\n\n<ul class=\"wp-block-list\">\n<li>czynnika reumatoidalnego,<\/li>\n\n\n\n<li>przeciwcia\u0142 przeciwj\u0105drowych,<\/li>\n\n\n\n<li>przeciwcia\u0142 anty-EBV IgM.<\/li>\n<\/ul>\n\n\n\n<h2 class=\"wp-block-heading\" id=\"r7\">Leczenie i profilaktyka rumienia zaka\u017anego (pi\u0105tej choroby)<\/h2>\n\n\n\n<p>Nie istnieje leczenie przyczynowe zaka\u017ce\u0144 parwowirusem B19. <strong>Zazwyczaj nie ma potrzeby leczenia objawowego.<\/strong> Zaka\u017cenie nie stwarza zagro\u017cenia nadka\u017ce\u0144 bakteryjnych. W wi\u0119kszo\u015bci przypadk\u00f3w infekcji u ludzi rokowania s\u0105 pomy\u015blne, a uzyskana odporno\u015b\u0107 utrzymuje si\u0119 przez ca\u0142e \u017cycie.<\/p>\n\n\n\n<p><strong>W przypadku stwierdzenia zaka\u017cenia u ci\u0119\u017carnej przed 20. tygodniem ci\u0105\u017cy wdra\u017cany jest nadz\u00f3r stanu p\u0142odu. Wyst\u0105pienie objaw\u00f3w obrz\u0119ku p\u0142odu jest wskazaniem do hospitalizacji.<\/strong><\/p>\n\n\n\n<p>Profilaktyka zaka\u017ce\u0144 parwowirusem B19 opiera si\u0119 na dzia\u0142aniach nieswoistych. <strong>Nale\u017cy dba\u0107 o higien\u0119 osobist\u0105 (cz\u0119ste mycie r\u0105k), kobiety ci\u0119\u017carne powinny unika\u0107 kontaktu z ma\u0142ymi dzie\u0107mi.<\/strong><\/p>\n\n\n\n<hr class=\"wp-block-separator has-alpha-channel-opacity\"\/>\n\n\n\n<p>Pi\u015bmiennictwo<\/p>\n\n\n\n<ol class=\"wp-block-list\">\n<li>Dr hab. med. Leszek Szenborn \u201e&nbsp; Rumie\u0144 zaka\u017any (tzw. pi\u0105ta choroba, ang. <em>fifth disease<\/em>)\u201d<a href=\"https:\/\/www.mp.pl\/pacjent\/pediatria\/choroby\/chorobyzakazne\/72252,rumien-zakazny-tzw-piata-choroba-ang-fifth-disease\" target=\"_blank\" rel=\"noreferrer noopener nofollow\"> https:\/\/www.mp.pl\/pacjent\/pediatria\/choroby\/chorobyzakazne\/72252,rumien-zakazny-tzw-piata-choroba-ang-fifth-disease<\/a> (dost\u0119p 22.01.2024 r.)<\/li>\n\n\n\n<li>Dr hab. n. med. Ernest Kuchar \u201eChoroby wywo\u0142ane przez parwowirus B19 u doros\u0142ych\u201d<a href=\"https:\/\/www.mp.pl\/pacjent\/choroby-zakazne\/choroby\/zakazenia-wirusowe\/157636,choroby-wywolane-przez-parwowirus-b19-u-doroslych\" target=\"_blank\" rel=\"noreferrer noopener nofollow\"> https:\/\/www.mp.pl\/pacjent\/choroby-zakazne\/choroby\/zakazenia-wirusowe\/157636,choroby-wywolane-przez-parwowirus-b19-u-doroslych<\/a> (dost\u0119p 22.01.2024 r.)<\/li>\n\n\n\n<li>Dr n. med. Andrzej Bacz \u201eZaka\u017cenie parwowirusem B19 w ci\u0105\u017cy\u201d<a href=\"https:\/\/www.mp.pl\/pacjent\/ciaza\/przebiegciazy\/63108,zakazenie-parwowirusem-b19-w-ciazy\" target=\"_blank\" rel=\"noreferrer noopener nofollow\"> https:\/\/www.mp.pl\/pacjent\/ciaza\/przebiegciazy\/63108,zakazenie-parwowirusem-b19-w-ciazy<\/a> (dost\u0119p 22.01.2024 r.)<\/li>\n\n\n\n<li>Magdalena Marczy\u0144ska, Piotr Sawiec \u201eChoroby wywo\u0142ane przez parwowirusa B19<a href=\"https:\/\/www.mp.pl\/interna\/chapter\/B16.II.18.1.10\" target=\"_blank\" rel=\"noreferrer noopener nofollow\"> https:\/\/www.mp.pl\/interna\/chapter\/B16.II.18.1.10<\/a>. (dost\u0119p 22.01.2024 r.)<\/li>\n\n\n\n<li>2.&nbsp; &nbsp; &nbsp; Anna Markowska, Emilia Po\u0142czy\u0144ska-Kaniak, \u201eZaka\u017cenie parwowirusem B19 w czasie ci\u0105\u017cy\u201d Ginekologia po Dyplomie Nr 04 (lipiec) \/ 2011<\/li>\n<\/ol>\n","protected":false},"excerpt":{"rendered":"<p>Czym jest rumie\u0144 zaka\u017any i jakie s\u0105 jego przyczyny i objawy u dzieci? <\/p>\n","protected":false},"author":95,"featured_media":11470,"comment_status":"closed","ping_status":"open","sticky":false,"template":"","format":"standard","meta":{"_acf_changed":false,"inline_featured_image":false,"footnotes":""},"categories":[23,30],"tags":[],"coauthors":[154],"class_list":{"0":"post-11454","1":"post","2":"type-post","3":"status-publish","4":"format-standard","5":"has-post-thumbnail","8":"category-zdrowie-dzieci-i-mlodziezy"},"acf":[],"yoast_head":"<!-- This site is optimized with the Yoast SEO plugin v27.5 - https:\/\/yoast.com\/product\/yoast-seo-wordpress\/ -->\n<title>Rumie\u0144 zaka\u017any u dzieci - ALAB Laboratoria<\/title>\n<meta name=\"description\" content=\"Czym jest rumie\u0144 zaka\u017any, jakie daje objawy i jak przebiega zaka\u017cenie? Dowiedz si\u0119, jak przebiegaj\u0105 diagnostyka i leczenie rumienia zaka\u017anego u dzieci.\" \/>\n<meta name=\"robots\" content=\"index, follow, max-snippet:-1, max-image-preview:large, max-video-preview:-1\" \/>\n<link rel=\"canonical\" href=\"https:\/\/www.alab.pl\/centrum-wiedzy\/rumien-zakazny-piata-choroba-choroba-wysypkowa-u-dzieci\/\" \/>\n<meta property=\"og:locale\" content=\"pl_PL\" \/>\n<meta property=\"og:type\" content=\"article\" \/>\n<meta property=\"og:title\" content=\"Rumie\u0144 zaka\u017any u dzieci - ALAB Laboratoria\" \/>\n<meta property=\"og:description\" content=\"Czym jest rumie\u0144 zaka\u017any, jakie daje objawy i jak przebiega zaka\u017cenie? Dowiedz si\u0119, jak przebiegaj\u0105 diagnostyka i leczenie rumienia zaka\u017anego u dzieci.\" \/>\n<meta property=\"og:url\" content=\"https:\/\/www.alab.pl\/centrum-wiedzy\/rumien-zakazny-piata-choroba-choroba-wysypkowa-u-dzieci\/\" \/>\n<meta property=\"og:site_name\" content=\"Centrum Wiedzy ALAB laboratoria\" \/>\n<meta property=\"article:publisher\" content=\"https:\/\/www.facebook.com\/ALABlaboratoria\" \/>\n<meta property=\"article:published_time\" content=\"2024-01-24T07:01:16+00:00\" \/>\n<meta property=\"og:image\" content=\"https:\/\/www.alab.pl\/centrum-wiedzy\/wp-content\/uploads\/2024\/01\/rumien-zakazny-jpg.webp\" \/>\n\t<meta property=\"og:image:width\" content=\"1200\" \/>\n\t<meta property=\"og:image:height\" content=\"801\" \/>\n\t<meta property=\"og:image:type\" content=\"image\/webp\" \/>\n<meta name=\"author\" content=\"Elwira Zawidzka\" \/>\n<meta name=\"twitter:card\" content=\"summary_large_image\" \/>\n<meta name=\"twitter:label1\" content=\"Napisane przez\" \/>\n\t<meta name=\"twitter:data1\" content=\"Elwira Zawidzka\" \/>\n\t<meta name=\"twitter:label2\" content=\"Szacowany czas czytania\" \/>\n\t<meta name=\"twitter:data2\" content=\"8 minut\" \/>\n\t<meta name=\"twitter:label3\" content=\"Written by\" \/>\n\t<meta name=\"twitter:data3\" content=\"Elwira Zawidzka\" \/>\n<!-- \/ Yoast SEO plugin. -->","yoast_head_json":{"title":"Rumie\u0144 zaka\u017any u dzieci - ALAB Laboratoria","description":"Czym jest rumie\u0144 zaka\u017any, jakie daje objawy i jak przebiega zaka\u017cenie? Dowiedz si\u0119, jak przebiegaj\u0105 diagnostyka i leczenie rumienia zaka\u017anego u dzieci.","robots":{"index":"index","follow":"follow","max-snippet":"max-snippet:-1","max-image-preview":"max-image-preview:large","max-video-preview":"max-video-preview:-1"},"canonical":"https:\/\/www.alab.pl\/centrum-wiedzy\/rumien-zakazny-piata-choroba-choroba-wysypkowa-u-dzieci\/","og_locale":"pl_PL","og_type":"article","og_title":"Rumie\u0144 zaka\u017any u dzieci - ALAB Laboratoria","og_description":"Czym jest rumie\u0144 zaka\u017any, jakie daje objawy i jak przebiega zaka\u017cenie? Dowiedz si\u0119, jak przebiegaj\u0105 diagnostyka i leczenie rumienia zaka\u017anego u dzieci.","og_url":"https:\/\/www.alab.pl\/centrum-wiedzy\/rumien-zakazny-piata-choroba-choroba-wysypkowa-u-dzieci\/","og_site_name":"Centrum Wiedzy ALAB laboratoria","article_publisher":"https:\/\/www.facebook.com\/ALABlaboratoria","article_published_time":"2024-01-24T07:01:16+00:00","og_image":[{"width":1200,"height":801,"url":"https:\/\/www.alab.pl\/centrum-wiedzy\/wp-content\/uploads\/2024\/01\/rumien-zakazny-jpg.webp","type":"image\/webp"}],"author":"Elwira Zawidzka","twitter_card":"summary_large_image","twitter_misc":{"Napisane przez":"Elwira Zawidzka","Szacowany czas czytania":"8 minut","Written by":"Elwira Zawidzka"},"schema":{"@context":"https:\/\/schema.org","@graph":[{"@type":"Article","@id":"https:\/\/www.alab.pl\/centrum-wiedzy\/rumien-zakazny-piata-choroba-choroba-wysypkowa-u-dzieci\/#article","isPartOf":{"@id":"https:\/\/www.alab.pl\/centrum-wiedzy\/rumien-zakazny-piata-choroba-choroba-wysypkowa-u-dzieci\/"},"author":{"name":"Elwira Zawidzka","@id":"https:\/\/www.alab.pl\/centrum-wiedzy\/#\/schema\/person\/1ae34e072d82e416ba56554dcb881d62"},"headline":"Rumie\u0144 zaka\u017any (pi\u0105ta choroba) \u2013 choroba wysypkowa u dzieci","datePublished":"2024-01-24T07:01:16+00:00","mainEntityOfPage":{"@id":"https:\/\/www.alab.pl\/centrum-wiedzy\/rumien-zakazny-piata-choroba-choroba-wysypkowa-u-dzieci\/"},"wordCount":1471,"publisher":{"@id":"https:\/\/www.alab.pl\/centrum-wiedzy\/#organization"},"image":{"@id":"https:\/\/www.alab.pl\/centrum-wiedzy\/rumien-zakazny-piata-choroba-choroba-wysypkowa-u-dzieci\/#primaryimage"},"thumbnailUrl":"https:\/\/www.alab.pl\/centrum-wiedzy\/wp-content\/uploads\/2024\/01\/rumien-zakazny-jpg.webp","articleSection":["Infekcje i paso\u017cyty","Zdrowie dzieci i m\u0142odzie\u017cy"],"inLanguage":"pl-PL"},{"@type":"WebPage","@id":"https:\/\/www.alab.pl\/centrum-wiedzy\/rumien-zakazny-piata-choroba-choroba-wysypkowa-u-dzieci\/","url":"https:\/\/www.alab.pl\/centrum-wiedzy\/rumien-zakazny-piata-choroba-choroba-wysypkowa-u-dzieci\/","name":"Rumie\u0144 zaka\u017any u dzieci - ALAB Laboratoria","isPartOf":{"@id":"https:\/\/www.alab.pl\/centrum-wiedzy\/#website"},"primaryImageOfPage":{"@id":"https:\/\/www.alab.pl\/centrum-wiedzy\/rumien-zakazny-piata-choroba-choroba-wysypkowa-u-dzieci\/#primaryimage"},"image":{"@id":"https:\/\/www.alab.pl\/centrum-wiedzy\/rumien-zakazny-piata-choroba-choroba-wysypkowa-u-dzieci\/#primaryimage"},"thumbnailUrl":"https:\/\/www.alab.pl\/centrum-wiedzy\/wp-content\/uploads\/2024\/01\/rumien-zakazny-jpg.webp","datePublished":"2024-01-24T07:01:16+00:00","description":"Czym jest rumie\u0144 zaka\u017any, jakie daje objawy i jak przebiega zaka\u017cenie? Dowiedz si\u0119, jak przebiegaj\u0105 diagnostyka i leczenie rumienia zaka\u017anego u dzieci.","breadcrumb":{"@id":"https:\/\/www.alab.pl\/centrum-wiedzy\/rumien-zakazny-piata-choroba-choroba-wysypkowa-u-dzieci\/#breadcrumb"},"inLanguage":"pl-PL","potentialAction":[{"@type":"ReadAction","target":["https:\/\/www.alab.pl\/centrum-wiedzy\/rumien-zakazny-piata-choroba-choroba-wysypkowa-u-dzieci\/"]}]},{"@type":"ImageObject","inLanguage":"pl-PL","@id":"https:\/\/www.alab.pl\/centrum-wiedzy\/rumien-zakazny-piata-choroba-choroba-wysypkowa-u-dzieci\/#primaryimage","url":"https:\/\/www.alab.pl\/centrum-wiedzy\/wp-content\/uploads\/2024\/01\/rumien-zakazny-jpg.webp","contentUrl":"https:\/\/www.alab.pl\/centrum-wiedzy\/wp-content\/uploads\/2024\/01\/rumien-zakazny-jpg.webp","width":1200,"height":801,"caption":"rumie\u0144 zaka\u017any"},{"@type":"BreadcrumbList","@id":"https:\/\/www.alab.pl\/centrum-wiedzy\/rumien-zakazny-piata-choroba-choroba-wysypkowa-u-dzieci\/#breadcrumb","itemListElement":[{"@type":"ListItem","position":1,"name":"Strona g\u0142\u00f3wna","item":"https:\/\/www.alab.pl\/centrum-wiedzy\/"},{"@type":"ListItem","position":2,"name":"Rumie\u0144 zaka\u017any (pi\u0105ta choroba) \u2013 choroba wysypkowa u dzieci"}]},{"@type":"WebSite","@id":"https:\/\/www.alab.pl\/centrum-wiedzy\/#website","url":"https:\/\/www.alab.pl\/centrum-wiedzy\/","name":"Centrum Wiedzy ALAB laboratoria","description":"","publisher":{"@id":"https:\/\/www.alab.pl\/centrum-wiedzy\/#organization"},"potentialAction":[{"@type":"SearchAction","target":{"@type":"EntryPoint","urlTemplate":"https:\/\/www.alab.pl\/centrum-wiedzy\/?s={search_term_string}"},"query-input":{"@type":"PropertyValueSpecification","valueRequired":true,"valueName":"search_term_string"}}],"inLanguage":"pl-PL"},{"@type":"Organization","@id":"https:\/\/www.alab.pl\/centrum-wiedzy\/#organization","name":"Centrum Wiedzy ALAB laboratoria","url":"https:\/\/www.alab.pl\/centrum-wiedzy\/","logo":{"@type":"ImageObject","inLanguage":"pl-PL","@id":"https:\/\/www.alab.pl\/centrum-wiedzy\/#\/schema\/logo\/image\/","url":"https:\/\/www.alab.pl\/centrum-wiedzy\/wp-content\/uploads\/2022\/04\/alabek.jpg","contentUrl":"https:\/\/www.alab.pl\/centrum-wiedzy\/wp-content\/uploads\/2022\/04\/alabek.jpg","width":1250,"height":1251,"caption":"Centrum Wiedzy ALAB laboratoria"},"image":{"@id":"https:\/\/www.alab.pl\/centrum-wiedzy\/#\/schema\/logo\/image\/"},"sameAs":["https:\/\/www.facebook.com\/ALABlaboratoria"]},{"@type":"Person","@id":"https:\/\/www.alab.pl\/centrum-wiedzy\/#\/schema\/person\/1ae34e072d82e416ba56554dcb881d62","name":"Elwira Zawidzka","image":{"@type":"ImageObject","inLanguage":"pl-PL","@id":"https:\/\/www.alab.pl\/centrum-wiedzy\/wp-content\/uploads\/2022\/03\/Elwira-Zawidzka-scaled-1-150x149.jpg2f127cfeae6d9bf00c170f9c737413d3","url":"https:\/\/www.alab.pl\/centrum-wiedzy\/wp-content\/uploads\/2022\/03\/Elwira-Zawidzka-scaled-1-150x149.jpg","contentUrl":"https:\/\/www.alab.pl\/centrum-wiedzy\/wp-content\/uploads\/2022\/03\/Elwira-Zawidzka-scaled-1-150x149.jpg","caption":"Elwira Zawidzka"},"description":"Specjalista mikrobiologii medycznej, diagnosta laboratoryjny, cz\u0142onek Zespo\u0142u ds. Kontroli Zaka\u017ce\u0144 Szpitalnych. Absolwentka Uniwersytetu Warszawskiego, Warszawskiego Uniwersytetu Medycznego i Akademii Leona Ko\u017ami\u0144skiego.","url":"https:\/\/www.alab.pl\/centrum-wiedzy\/author\/elwira\/"}]}},"_links":{"self":[{"href":"https:\/\/www.alab.pl\/centrum-wiedzy\/wp-json\/wp\/v2\/posts\/11454","targetHints":{"allow":["GET"]}}],"collection":[{"href":"https:\/\/www.alab.pl\/centrum-wiedzy\/wp-json\/wp\/v2\/posts"}],"about":[{"href":"https:\/\/www.alab.pl\/centrum-wiedzy\/wp-json\/wp\/v2\/types\/post"}],"author":[{"embeddable":true,"href":"https:\/\/www.alab.pl\/centrum-wiedzy\/wp-json\/wp\/v2\/users\/95"}],"replies":[{"embeddable":true,"href":"https:\/\/www.alab.pl\/centrum-wiedzy\/wp-json\/wp\/v2\/comments?post=11454"}],"version-history":[{"count":0,"href":"https:\/\/www.alab.pl\/centrum-wiedzy\/wp-json\/wp\/v2\/posts\/11454\/revisions"}],"wp:featuredmedia":[{"embeddable":true,"href":"https:\/\/www.alab.pl\/centrum-wiedzy\/wp-json\/wp\/v2\/media\/11470"}],"wp:attachment":[{"href":"https:\/\/www.alab.pl\/centrum-wiedzy\/wp-json\/wp\/v2\/media?parent=11454"}],"wp:term":[{"taxonomy":"category","embeddable":true,"href":"https:\/\/www.alab.pl\/centrum-wiedzy\/wp-json\/wp\/v2\/categories?post=11454"},{"taxonomy":"post_tag","embeddable":true,"href":"https:\/\/www.alab.pl\/centrum-wiedzy\/wp-json\/wp\/v2\/tags?post=11454"},{"taxonomy":"author","embeddable":true,"href":"https:\/\/www.alab.pl\/centrum-wiedzy\/wp-json\/wp\/v2\/coauthors?post=11454"}],"curies":[{"name":"wp","href":"https:\/\/api.w.org\/{rel}","templated":true}]}}