{"id":11739,"date":"2024-02-05T08:02:30","date_gmt":"2024-02-05T07:02:30","guid":{"rendered":"https:\/\/sklep.alablaboratoria.pl\/centrum-wiedzy\/?p=11739"},"modified":"2025-01-13T12:41:33","modified_gmt":"2025-01-13T11:41:33","slug":"badania-laboratoryjne-dla-seniorow","status":"publish","type":"post","link":"https:\/\/www.alab.pl\/centrum-wiedzy\/badania-laboratoryjne-dla-seniorow\/","title":{"rendered":"Badania laboratoryjne dla senior\u00f3w"},"content":{"rendered":"\n<p>Spis tre\u015bci<\/p>\n\n\n\n<ol class=\"wp-block-list\">\n<li><a href=\"#s1\">Staro\u015b\u0107 z medycznego punktu widzenia<\/a><\/li>\n\n\n\n<li><a href=\"#s2\">Witamina D u os\u00f3b starszych<\/a><\/li>\n\n\n\n<li><a href=\"#s3\">Glukoza i hemoglobina glikowana u os\u00f3b starszych<\/a><\/li>\n\n\n\n<li><a href=\"#s4\">Lipidogram z kwasem moczowym u os\u00f3b starszych<\/a><\/li>\n\n\n\n<li><a href=\"#s5\">Niedobory pokarmowe u senior\u00f3w<\/a><\/li>\n\n\n\n<li><a href=\"#s6\">Zaburzenia pracy tarczycy u os\u00f3b starszych<\/a><\/li>\n\n\n\n<li><a href=\"#s7\">Ocena wydolno\u015bci serca i krzepliwo\u015b\u0107 krwi u senior\u00f3w<\/a><\/li>\n\n\n\n<li><a href=\"#s8\">Badanie funkcji nerek u senior\u00f3w<\/a><\/li>\n\n\n\n<li><a href=\"#s9\">Badania laboratoryjne jelit u os\u00f3b starszych<\/a><\/li>\n<\/ol>\n\n\n\n<h2 class=\"wp-block-heading\" id=\"s1\">Staro\u015b\u0107 z medycznego punktu widzenia<\/h2>\n\n\n\n<p><strong>Starzenie si\u0119 organizmu<\/strong> to zjawisko fizjologiczne. Staro\u015b\u0107 jest tym okresem \u017cycia, w kt\u00f3rym obni\u017caj\u0105 si\u0119 funkcje \u017cyciowe oraz mo\u017cna zaobserwowa\u0107 szereg zmian zachodz\u0105cych w uk\u0142adach i narz\u0105dach naszego cia\u0142a.<\/p>\n\n\n\n<p>Staro\u015b\u0107 nie jest chorob\u0105, jednak zachodz\u0105ce w tym procesie zmiany powoduj\u0105 <strong>os\u0142abienie mechanizm\u00f3w adaptacyjnych<\/strong>. Jest to okres, w kt\u00f3rym wystarczy niewielki <a href=\"https:\/\/www.alab.pl\/centrum-wiedzy\/stres-przyjaciel-czy-wrog\/\">stres<\/a>, nieco wi\u0119kszy ni\u017c zazwyczaj wysi\u0142ek czy drobna <a href=\"https:\/\/www.alab.pl\/centrum-wiedzy\/infekcja\/\">infekcja<\/a>, aby utrzymuj\u0105ca si\u0119 jeszcze w organizmie r\u00f3wnowaga uleg\u0142a zaburzeniu i rozwin\u0119\u0142a si\u0119 choroba.<\/p>\n\n\n\n<p>Z tego powodu w starszym wieku<strong> ro\u015bnie znaczenie laboratoryjnych bada\u0144 profilaktycznych<\/strong>, kt\u00f3re wcze\u015bniej mog\u0105 pokaza\u0107 istnienie nieprawid\u0142owo\u015bci chorobowych. Jest to tym wa\u017cniejsze, i\u017c u os\u00f3b po 60 r.\u017c. wiele objaw\u00f3w chorobowych przypisuje si\u0119 w\u0142a\u015bnie procesowi starzenia i traktuje jako naturalne.<\/p>\n\n\n\n<figure class=\"wp-block-image size-full\"><img loading=\"lazy\" decoding=\"async\" width=\"980\" height=\"422\" src=\"https:\/\/www.alab.pl\/centrum-wiedzy\/wp-content\/uploads\/2024\/02\/podzial-starosci-wg-WHO-jpg.webp\" alt=\"podzia\u0142 staro\u015bci z fazami starzenia si\u0119 wed\u0142ug WHO infografika\" class=\"wp-image-11785\" srcset=\"https:\/\/www.alab.pl\/centrum-wiedzy\/wp-content\/uploads\/2024\/02\/podzial-starosci-wg-WHO-jpg.webp 980w, https:\/\/www.alab.pl\/centrum-wiedzy\/wp-content\/uploads\/2024\/02\/podzial-starosci-wg-WHO-jpg-768x331.webp 768w, https:\/\/www.alab.pl\/centrum-wiedzy\/wp-content\/uploads\/2024\/02\/podzial-starosci-wg-WHO-jpg-150x65.webp 150w, https:\/\/www.alab.pl\/centrum-wiedzy\/wp-content\/uploads\/2024\/02\/podzial-starosci-wg-WHO-jpg-300x129.webp 300w, https:\/\/www.alab.pl\/centrum-wiedzy\/wp-content\/uploads\/2024\/02\/podzial-starosci-wg-WHO-jpg-696x300.webp 696w\" sizes=\"auto, (max-width: 980px) 100vw, 980px\" \/><\/figure>\n\n\n\n<p>Osoby starsze cz\u0119sto s\u0105 pod opiek\u0105 lekarza i maj\u0105 wykonywane badania laboratoryjne, kt\u00f3re monitoruj\u0105 choroby przewlek\u0142e. Artyku\u0142 zwraca uwag\u0119 na odr\u0119bno\u015bci wieku starszego oraz uwypukla szczeg\u00f3lnie wa\u017cne aspekty profilaktyki.<\/p>\n\n\n\n<h2 class=\"wp-block-heading\" id=\"s2\">Witamina D u os\u00f3b starszych<\/h2>\n\n\n\n<p><strong>Bardzo wa\u017cne jest, aby osoby w podesz\u0142ym wieku mia\u0142y optymalny (30-50 ng\/ml) poziom <a href=\"https:\/\/www.alab.pl\/centrum-wiedzy\/witamina-d-suplementacja\/\">witaminy D<\/a>.<\/strong><\/p>\n\n\n\n<p>U os\u00f3b starszych jest to trudne do osi\u0105gni\u0119cia z powodu mniejszej zdolno\u015bci do wytwarzania witaminy D w sk\u00f3rze i cz\u0119stszego przebywania w zamkni\u0119tych pomieszczeniach.<\/p>\n\n\n\n<p>Optymalny poziom witaminy D u osoby starszej to wi\u0119ksza odporno\u015b\u0107, prawid\u0142owa gospodarka wapniowo-fosforanowa (organizm lepiej sobie radzi z <a href=\"https:\/\/www.alab.pl\/centrum-wiedzy\/osteoporoza-cicha-choroba-kosci\/\">osteoporoz\u0105<\/a>), lepsze funkcjonowanie uk\u0142adu kr\u0105\u017cenia.<\/p>\n\n\n\n<p>Osoby starsze mog\u0105 mie\u0107 tak g\u0142\u0119boki niedob\u00f3r witaminy D, \u017ce suplementacja standardowych dawek (2000 jednostek dziennie) nie wystarczy, aby pokry\u0107 niedobory i odbudowa\u0107 zapasy gwarantuj\u0105ce prawid\u0142owe funkcjonowanie. <strong><a href=\"https:\/\/www.alab.pl\/badanie\/witamina-d-25oh\" target=\"_blank\" rel=\"noreferrer noopener\">Badanie st\u0119\u017cenia witaminy D<\/a> jest warunkiem bezpiecznej i efektywnej suplementacji.<\/strong><\/p>\n\n\n\n<figure class=\"wp-block-image size-full\"><a href=\"https:\/\/www.alab.pl\/badanie\/witamina-d-25oh\" target=\"_blank\" rel=\"noreferrer noopener\"><img loading=\"lazy\" decoding=\"async\" width=\"800\" height=\"200\" src=\"https:\/\/www.alab.pl\/centrum-wiedzy\/wp-content\/uploads\/2023\/11\/Badanie-witaminy-D-jpg.webp\" alt=\"badanie witaminy D\" class=\"wp-image-9847\" srcset=\"https:\/\/www.alab.pl\/centrum-wiedzy\/wp-content\/uploads\/2023\/11\/Badanie-witaminy-D-jpg.webp 800w, https:\/\/www.alab.pl\/centrum-wiedzy\/wp-content\/uploads\/2023\/11\/Badanie-witaminy-D-jpg-768x192.webp 768w, https:\/\/www.alab.pl\/centrum-wiedzy\/wp-content\/uploads\/2023\/11\/Badanie-witaminy-D-jpg-150x38.webp 150w, https:\/\/www.alab.pl\/centrum-wiedzy\/wp-content\/uploads\/2023\/11\/Badanie-witaminy-D-jpg-300x75.webp 300w, https:\/\/www.alab.pl\/centrum-wiedzy\/wp-content\/uploads\/2023\/11\/Badanie-witaminy-D-jpg-696x174.webp 696w\" sizes=\"auto, (max-width: 800px) 100vw, 800px\" \/><\/a><\/figure>\n\n\n\n<p>Badanie powinno by\u0107 wykonane <strong>przed rozpocz\u0119ciem suplementacji<\/strong>, nast\u0119pnie <strong>kontrolnie po 3 miesi\u0105cach<\/strong>. Po ustaleniu dawki suplementacyjnej wystarczy je wykonywa\u0107<strong> raz w roku<\/strong>. Nale\u017cy pami\u0119ta\u0107, i\u017c suplementacja witaminy D u senior\u00f3w powinna mie\u0107 miejsce przez ca\u0142y rok, nie tylko w okresie jesienno-zimowym.<\/p>\n\n\n\n<h2 class=\"wp-block-heading\" id=\"s3\">Glukoza i hemoglobina glikowana u os\u00f3b starszych<\/h2>\n\n\n\n<p><strong>Ka\u017cda zdrowa osoba po 40 r.\u017c. powinna regularnie wykonywa\u0107 <a href=\"https:\/\/www.alab.pl\/badanie\/glukoza-l43\" target=\"_blank\" rel=\"noreferrer noopener\">badanie poziomu glukozy<\/a>. <\/strong>Razem z poziomem glukozy warto zrobi\u0107<strong> <a href=\"https:\/\/www.alab.pl\/centrum-wiedzy\/hemoglobina-glikowana\/\" target=\"_blank\" rel=\"noreferrer noopener\">badanie st\u0119\u017cenia hemoglobiny glikowanej<\/a><\/strong>, kt\u00f3ra pokazuje, czy poziom glukozy by\u0142 prawid\u0142owy w ci\u0105gu ostatnich trzech miesi\u0119cy.<\/p>\n\n\n\n<figure class=\"wp-block-image size-full\"><a href=\"https:\/\/www.alab.pl\/pakiet\/pakiet-ryzyko-cukrzycy-rozszerzony\" target=\"_blank\" rel=\"noreferrer noopener\"><img loading=\"lazy\" decoding=\"async\" width=\"800\" height=\"200\" src=\"https:\/\/www.alab.pl\/centrum-wiedzy\/wp-content\/uploads\/2023\/12\/Pakiet-ryzyko-cukrzycy-rozszerzony-4-badania-1-jpg.webp\" alt=\"pakiet ryzyko cukrzycy rozszerzony\" class=\"wp-image-10411\" srcset=\"https:\/\/www.alab.pl\/centrum-wiedzy\/wp-content\/uploads\/2023\/12\/Pakiet-ryzyko-cukrzycy-rozszerzony-4-badania-1-jpg.webp 800w, https:\/\/www.alab.pl\/centrum-wiedzy\/wp-content\/uploads\/2023\/12\/Pakiet-ryzyko-cukrzycy-rozszerzony-4-badania-1-jpg-768x192.webp 768w, https:\/\/www.alab.pl\/centrum-wiedzy\/wp-content\/uploads\/2023\/12\/Pakiet-ryzyko-cukrzycy-rozszerzony-4-badania-1-jpg-150x38.webp 150w, https:\/\/www.alab.pl\/centrum-wiedzy\/wp-content\/uploads\/2023\/12\/Pakiet-ryzyko-cukrzycy-rozszerzony-4-badania-1-jpg-300x75.webp 300w, https:\/\/www.alab.pl\/centrum-wiedzy\/wp-content\/uploads\/2023\/12\/Pakiet-ryzyko-cukrzycy-rozszerzony-4-badania-1-jpg-696x174.webp 696w\" sizes=\"auto, (max-width: 800px) 100vw, 800px\" \/><\/a><\/figure>\n\n\n\n<h2 class=\"wp-block-heading\" id=\"s4\">Lipidogram z kwasem moczowym u os\u00f3b starszych<\/h2>\n\n\n\n<p><strong><a href=\"https:\/\/www.alab.pl\/pakiet\/pakiet-lipidogram-extra\" target=\"_blank\" rel=\"noreferrer noopener\">Lipidogram <\/a>nale\u017cy do podstawowych bada\u0144 profilaktycznych, kt\u00f3re powinni\u015bmy wykonywa\u0107 regularnie po 40 r.\u017c.<\/strong> Wa\u017cnym badaniem wskazuj\u0105cym na ryzyko chor\u00f3b serca i nadci\u015bnienia t\u0119tniczego jest <strong><a href=\"https:\/\/www.alab.pl\/badanie\/kwas-moczowy-w-surowicy-m45\" target=\"_blank\" rel=\"noreferrer noopener\">poziom kwasu moczowego w surowicy<\/a><\/strong>, kt\u00f3ry powinien by\u0107 wykonywany razem z lipidogramem.<\/p>\n\n\n\n<p>Kwas moczowy to marker zwi\u0119kszonego ryzyka chor\u00f3b serca, naczy\u0144. Poziom kwasu moczowego, kt\u00f3ry chroni przed rozwojem <a href=\"https:\/\/www.alab.pl\/centrum-wiedzy\/nadcisnienie-tetnicze-klasyfikacja-przyczyny-jak-mierzyc-cisnienie\/\">nadci\u015bnienia t\u0119tniczego<\/a> jest ni\u017cszy, ni\u017c warto\u015bci referencyjne stosowane w rozpoznaniu <a href=\"https:\/\/www.alab.pl\/centrum-wiedzy\/dna-moczanowa-artretyzm\/\">dny moczanowej<\/a>. Niestety podesz\u0142y wiek predysponuje do zwi\u0119kszonego st\u0119\u017cenia tego parametru we krwi.<\/p>\n\n\n\n<figure class=\"wp-block-image size-full\"><a href=\"https:\/\/www.alab.pl\/pakiet\/pakiet-lipidogram-extra\" target=\"_blank\" rel=\"noreferrer noopener\"><img loading=\"lazy\" decoding=\"async\" width=\"800\" height=\"200\" src=\"https:\/\/www.alab.pl\/centrum-wiedzy\/wp-content\/uploads\/2023\/06\/Lipidogram-extra-6-badan-jpg.webp\" alt=\"pakiet lipidogram extra baner\" class=\"wp-image-7021\" srcset=\"https:\/\/www.alab.pl\/centrum-wiedzy\/wp-content\/uploads\/2023\/06\/Lipidogram-extra-6-badan-jpg.webp 800w, https:\/\/www.alab.pl\/centrum-wiedzy\/wp-content\/uploads\/2023\/06\/Lipidogram-extra-6-badan-jpg-768x192.webp 768w, https:\/\/www.alab.pl\/centrum-wiedzy\/wp-content\/uploads\/2023\/06\/Lipidogram-extra-6-badan-jpg-150x38.webp 150w, https:\/\/www.alab.pl\/centrum-wiedzy\/wp-content\/uploads\/2023\/06\/Lipidogram-extra-6-badan-jpg-300x75.webp 300w, https:\/\/www.alab.pl\/centrum-wiedzy\/wp-content\/uploads\/2023\/06\/Lipidogram-extra-6-badan-jpg-696x174.webp 696w\" sizes=\"auto, (max-width: 800px) 100vw, 800px\" \/><\/a><\/figure>\n\n\n\n<p>&gt;&gt;&gt; <strong>Przeczytaj te\u017c: <a href=\"https:\/\/www.alab.pl\/centrum-wiedzy\/kwas-moczowy-jako-czynnik-ryzyka-chorob-sercowo-naczyniowych\/\">Kwas moczowy jako czynnik ryzyka chor\u00f3b sercowo-naczyniowych<\/a><\/strong><\/p>\n\n\n\n<h2 class=\"wp-block-heading\" id=\"s5\">Niedobory pokarmowe u senior\u00f3w<\/h2>\n\n\n\n<p>Osoby starsze zagro\u017cone s\u0105 <strong>powstawaniem niedobor\u00f3w pokarmowych<\/strong>, np. \u017celaza, witamin z grupy B (witamina B12, kwas foliowy), niedobor\u00f3w elektrolit\u00f3w (s\u00f3d, potas, magnez). <strong>Dzieje si\u0119 tak, poniewa\u017c:<\/strong><\/p>\n\n\n\n<ul class=\"wp-block-list\">\n<li>osoby starsze cz\u0119sto nie od\u017cywiaj\u0105 si\u0119 w optymalny spos\u00f3b (ograniczaj\u0105 kaloryczno\u015b\u0107 posi\u0142k\u00f3w, z powodu problem\u00f3w z przewodem pokarmowym unikaj\u0105 warzyw i owoc\u00f3w, spo\u017cywaj\u0105 monotonne posi\u0142ki)<\/li>\n\n\n\n<li>obserwujemy gorsze wch\u0142anianie sk\u0142adnik\u00f3w od\u017cywczych przez \u015bluz\u00f3wk\u0119 przewodu pokarmowego.<\/li>\n<\/ul>\n\n\n\n<p><strong>Jakie problemy obserwujemy u os\u00f3b starszych?<\/strong><\/p>\n\n\n\n<ul class=\"wp-block-list\">\n<li><strong><a href=\"https:\/\/www.alab.pl\/centrum-wiedzy\/rodzaje-anemii-i-ich-przyczyny\/\">Niedokrwisto\u015b\u0107 z niedoboru \u017celaza<\/a><\/strong><\/li>\n<\/ul>\n\n\n\n<p>Objawy <a href=\"https:\/\/www.alab.pl\/centrum-wiedzy\/anemia-przyczyny-objawy-i-rodzaje-niedokrwistosci\/\">anemii<\/a> \u2013 zm\u0119czenie, senno\u015b\u0107, blado\u015b\u0107, zaburzenia koncentracji \u2013 wyst\u0119puj\u0105ce u os\u00f3b starszych s\u0105 cz\u0119sto interpretowane jako objawy zwi\u0105zane z wiekiem lub innymi chorobami. Tymczasem mog\u0105 to by\u0107 <strong>objawy <a href=\"https:\/\/www.alab.pl\/centrum-wiedzy\/niedobor-zelaza-w-organizmie\/\">niedobor\u00f3w \u017celaza<\/a>, dolegliwo\u015bci, kt\u00f3ra jest powszechna u os\u00f3b starszych<\/strong>. Jej geneza jest wieloczynnikowa, do aspekt\u00f3w wymienionych powy\u017cej mo\u017cna doda\u0107 fakt, i\u017c <strong>mo\u017ce by\u0107 objawem innych chor\u00f3b, np. nowotworowych<\/strong>, kt\u00f3re u os\u00f3b starszych s\u0105 r\u00f3wnie\u017c cz\u0119stsze. Wyst\u0105pienie niedokrwisto\u015bci z niedoboru \u017celaza w wieku &gt; 50 lat jest silnym czynnikiem predykcyjnym nowotworu z\u0142o\u015bliwego.<\/p>\n\n\n\n<figure class=\"wp-block-image size-full\"><a href=\"https:\/\/www.alab.pl\/pakiet\/pakiet-anemii\" target=\"_blank\" rel=\"noreferrer noopener\"><img loading=\"lazy\" decoding=\"async\" width=\"800\" height=\"200\" src=\"https:\/\/www.alab.pl\/centrum-wiedzy\/wp-content\/uploads\/2023\/11\/Pakiet-anemii-4-badania-jpg.webp\" alt=\"pakiet anemii podstawowy\" class=\"wp-image-9782\" srcset=\"https:\/\/www.alab.pl\/centrum-wiedzy\/wp-content\/uploads\/2023\/11\/Pakiet-anemii-4-badania-jpg.webp 800w, https:\/\/www.alab.pl\/centrum-wiedzy\/wp-content\/uploads\/2023\/11\/Pakiet-anemii-4-badania-jpg-768x192.webp 768w, https:\/\/www.alab.pl\/centrum-wiedzy\/wp-content\/uploads\/2023\/11\/Pakiet-anemii-4-badania-jpg-150x38.webp 150w, https:\/\/www.alab.pl\/centrum-wiedzy\/wp-content\/uploads\/2023\/11\/Pakiet-anemii-4-badania-jpg-300x75.webp 300w, https:\/\/www.alab.pl\/centrum-wiedzy\/wp-content\/uploads\/2023\/11\/Pakiet-anemii-4-badania-jpg-696x174.webp 696w\" sizes=\"auto, (max-width: 800px) 100vw, 800px\" \/><\/a><\/figure>\n\n\n\n<ul class=\"wp-block-list\">\n<li><strong><a href=\"https:\/\/www.alab.pl\/centrum-wiedzy\/niedobor-witaminy-b12\/\">Niedob\u00f3r witaminy B12<\/a><\/strong><\/li>\n<\/ul>\n\n\n\n<p><a href=\"https:\/\/www.alab.pl\/centrum-wiedzy\/witamina-b12-superwitamina-webinar\/\">Witamina B12 <\/a>jest najwi\u0119ksz\u0105 i najbardziej z\u0142o\u017con\u0105 w budowie witamin\u0105, kt\u00f3rej potrzebuje cz\u0142owiek. Jednocze\u015bnie jest jedn\u0105 z najwa\u017cniejszych, bowiem funkcjonowanie uk\u0142adu krwiotw\u00f3rczego i nerwowego bez tej witaminy jest niemo\u017cliwe. Najpowa\u017cniejsz\u0105 konsekwencj\u0105 jej niedoboru jest tzw.<strong> anemia z\u0142o\u015bliwa<\/strong>, ale nawet mniejsze niedobory mog\u0105 objawia\u0107 si\u0119 problemami z pami\u0119ci\u0105, b\u00f3lami i zawrotami g\u0142owy, rozdra\u017cnieniem, os\u0142abieniem w\u0119chu lub smaku, problemami ze s\u0142uchem (piski, szumy) uczuciem mrowienia na sk\u00f3rze, dr\u0119twieniami. <strong>Niedob\u00f3r witaminy B12 mo\u017ce by\u0107 r\u00f3wnie\u017c zwi\u0105zany z depresj\u0105.<\/strong><\/p>\n\n\n\n<p><strong>Niedob\u00f3r witaminy B12 u senior\u00f3w mo\u017cna sprawdzi\u0107 wykonuj\u0105c nast\u0119puj\u0105ce badania:<\/strong><\/p>\n\n\n\n<ul class=\"wp-block-list\">\n<li><a href=\"https:\/\/www.alab.pl\/badanie\/witamina-b12-o83\" target=\"_blank\" rel=\"noreferrer noopener\">poziom witaminy B12 w surowicy<\/a>,<\/li>\n\n\n\n<li><a href=\"https:\/\/www.alab.pl\/badanie\/holo-transkobalamina\" target=\"_blank\" rel=\"noreferrer noopener\">poziom holotranskobalaminy<\/a> \u2013 okre\u015bla st\u0119\u017cenie aktywnej witaminy B12,<\/li>\n\n\n\n<li><a href=\"https:\/\/www.alab.pl\/badanie\/kwas-metylomalonowy\" target=\"_blank\" rel=\"noreferrer noopener\">poziom kwasu metylomalonowego<\/a> \u2013 okre\u015bla wczesny niedob\u00f3r witaminy B12, odzwierciedlaj\u0105cy jej poziom nie tylko w krwi, ale r\u00f3wnie\u017c w tkankach.<\/li>\n<\/ul>\n\n\n\n<figure class=\"wp-block-image size-full\"><a href=\"https:\/\/www.alab.pl\/badanie\/witamina-b12-o83\" target=\"_blank\" rel=\"noreferrer noopener\"><img loading=\"lazy\" decoding=\"async\" width=\"800\" height=\"200\" src=\"https:\/\/www.alab.pl\/centrum-wiedzy\/wp-content\/uploads\/2023\/08\/witaminab12-jpg.webp\" alt=\"badanie witaminy B12\" class=\"wp-image-7969\" srcset=\"https:\/\/www.alab.pl\/centrum-wiedzy\/wp-content\/uploads\/2023\/08\/witaminab12-jpg.webp 800w, https:\/\/www.alab.pl\/centrum-wiedzy\/wp-content\/uploads\/2023\/08\/witaminab12-jpg-768x192.webp 768w, https:\/\/www.alab.pl\/centrum-wiedzy\/wp-content\/uploads\/2023\/08\/witaminab12-jpg-150x38.webp 150w, https:\/\/www.alab.pl\/centrum-wiedzy\/wp-content\/uploads\/2023\/08\/witaminab12-jpg-300x75.webp 300w, https:\/\/www.alab.pl\/centrum-wiedzy\/wp-content\/uploads\/2023\/08\/witaminab12-jpg-696x174.webp 696w\" sizes=\"auto, (max-width: 800px) 100vw, 800px\" \/><\/a><\/figure>\n\n\n\n<h2 class=\"wp-block-heading\" id=\"s6\">Zaburzenia pracy tarczycy u os\u00f3b starszych<\/h2>\n\n\n\n<p>Je\u015bli u osoby w podesz\u0142ym wieku wyst\u0119puj\u0105 <a href=\"https:\/\/www.alab.pl\/centrum-wiedzy\/zaparcie-czynnosciowe-objawy-przyczyny-profilaktyka\/\">zaparcia<\/a>, <a href=\"https:\/\/www.alab.pl\/centrum-wiedzy\/sucha-skora-cz-1-postawienie-prawidlowej-diagnozy-problem-interdyscyplinarny\/\">sucho\u015b\u0107 sk\u00f3ry<\/a> lub brak energii, zwykle przypisuje si\u0119 je procesowi starzenia, tymczasem<strong> mog\u0105 to by\u0107 objawy <a href=\"https:\/\/www.alab.pl\/centrum-wiedzy\/niedoczynnosc-tarczycy\/\">niedoczynno\u015bci tarczycy<\/a><\/strong>. Z drugiej strony typowe objawy tej choroby z wiekiem staj\u0105 si\u0119 mniej wyra\u017ane, dlatego \u0142atwo je przeoczy\u0107.<\/p>\n\n\n\n<p>Szczeg\u00f3ln\u0105 uwag\u0119 nale\u017cy zatem zwr\u00f3ci\u0107 na <strong>post\u0119puj\u0105ce zaburzenia czynno\u015bci poznawczych i pami\u0119ci, obni\u017cenie nastroju, niedokrwisto\u015b\u0107 i niewydolno\u015b\u0107 serca<\/strong>, zw\u0142aszcza je\u015bli rozwijaj\u0105 si\u0119 one u osoby, kt\u00f3rej stan by\u0142 dotychczas stabilny.<\/p>\n\n\n\n<p>Niedob\u00f3r hormon\u00f3w tarczycy nale\u017cy wykluczy\u0107 r\u00f3wnie\u017c u os\u00f3b w podesz\u0142ym wieku z hiponatremi\u0105 lub ze zwi\u0119kszonym st\u0119\u017ceniem kinazy kreatynowej w surowicy.<\/p>\n\n\n\n<h2 class=\"wp-block-heading\" id=\"s7\">Ocena wydolno\u015bci serca i krzepliwo\u015b\u0107 krwi u senior\u00f3w<\/h2>\n\n\n\n<p>Choroby serca cz\u0119sto towarzysz\u0105 osobom starszym, dlatego <strong>ocena wydolno\u015bci serca oraz krzepliwo\u015b\u0107 krwi s\u0105 badaniami, kt\u00f3re powinno by\u0107 wykonane u senior\u00f3w<\/strong>.<\/p>\n\n\n\n<p><strong><a href=\"https:\/\/www.alab.pl\/badanie\/nt-probnp-n-terminalny-propept-natriuret-tb-n24\" target=\"_blank\" rel=\"noreferrer noopener\">NT-proBNP (N-terminalny propept. natriuret. t.B)<\/a> <\/strong>\u2013 badanie pomocne w ocenie wydolno\u015bci serca oraz rozpoznaniu niewydolno\u015bci tego narz\u0105du.<\/p>\n\n\n\n<p>Objawy niewydolno\u015bci serca r\u00f3wnie\u017c bywaj\u0105 przypisywane podesz\u0142emu wiekowi pacjenta, poniewa\u017c s\u0105 to os\u0142abienie, \u0142atwe m\u0119czenie si\u0119 nawet przy niewielkim wysi\u0142ku, duszno\u015b\u0107, obrz\u0119ki.<\/p>\n\n\n\n<p>Niskie st\u0119\u017cenie tego markera eliminuje konieczno\u015b\u0107 wykonania badania ECHO serca, kt\u00f3re nie wsz\u0119dzie jest dost\u0119pne i jest k\u0142opotliwe dla os\u00f3b starszych.<\/p>\n\n\n\n<figure class=\"wp-block-image size-full\"><a href=\"https:\/\/www.alab.pl\/badanie\/nt-probnp-n-terminalny-propept-natriuret-tb-n24\" target=\"_blank\" rel=\"noreferrer noopener\"><img loading=\"lazy\" decoding=\"async\" width=\"800\" height=\"200\" src=\"https:\/\/www.alab.pl\/centrum-wiedzy\/wp-content\/uploads\/2023\/12\/Badanie-NT-pro-BNP-jpg.webp\" alt=\"badanie nt pro bnp\" class=\"wp-image-10513\" srcset=\"https:\/\/www.alab.pl\/centrum-wiedzy\/wp-content\/uploads\/2023\/12\/Badanie-NT-pro-BNP-jpg.webp 800w, https:\/\/www.alab.pl\/centrum-wiedzy\/wp-content\/uploads\/2023\/12\/Badanie-NT-pro-BNP-jpg-768x192.webp 768w, https:\/\/www.alab.pl\/centrum-wiedzy\/wp-content\/uploads\/2023\/12\/Badanie-NT-pro-BNP-jpg-150x38.webp 150w, https:\/\/www.alab.pl\/centrum-wiedzy\/wp-content\/uploads\/2023\/12\/Badanie-NT-pro-BNP-jpg-300x75.webp 300w, https:\/\/www.alab.pl\/centrum-wiedzy\/wp-content\/uploads\/2023\/12\/Badanie-NT-pro-BNP-jpg-696x174.webp 696w\" sizes=\"auto, (max-width: 800px) 100vw, 800px\" \/><\/a><\/figure>\n\n\n\n<p>D-dimery \u2013 <strong><a href=\"https:\/\/www.alab.pl\/badanie\/d-dimery-g49-2\" target=\"_blank\" rel=\"noreferrer noopener\">badanie poziomu d-dimer\u00f3w<\/a><\/strong> pomaga wykluczy\u0107 wyst\u0119powanie incydent\u00f3w zakrzepowo-zatorowych, kt\u00f3re mog\u0105 wyst\u0119powa\u0107 u os\u00f3b z chorobami sercowo-naczyniowymi oraz u pacjent\u00f3w le\u017c\u0105cych lub z ograniczeniami poruszania si\u0119. D-dimery znajduj\u0105 zastosowanie u os\u00f3b, kt\u00f3re nie przyjmuj\u0105 lek\u00f3w przeciwkrzepliwych i lekarz nie zleci\u0142 im innych bada\u0144.<\/p>\n\n\n\n<figure class=\"wp-block-image size-full\"><a href=\"https:\/\/www.alab.pl\/badanie\/d-dimery-g49-2\" target=\"_blank\" rel=\"noreferrer noopener\"><img loading=\"lazy\" decoding=\"async\" width=\"800\" height=\"200\" src=\"https:\/\/www.alab.pl\/centrum-wiedzy\/wp-content\/uploads\/2023\/10\/Badanie-D-dimerow_-jpg.webp\" alt=\"badanie d-dimer\u00f3w\" class=\"wp-image-9213\" srcset=\"https:\/\/www.alab.pl\/centrum-wiedzy\/wp-content\/uploads\/2023\/10\/Badanie-D-dimerow_-jpg.webp 800w, https:\/\/www.alab.pl\/centrum-wiedzy\/wp-content\/uploads\/2023\/10\/Badanie-D-dimerow_-jpg-768x192.webp 768w, https:\/\/www.alab.pl\/centrum-wiedzy\/wp-content\/uploads\/2023\/10\/Badanie-D-dimerow_-jpg-150x38.webp 150w, https:\/\/www.alab.pl\/centrum-wiedzy\/wp-content\/uploads\/2023\/10\/Badanie-D-dimerow_-jpg-300x75.webp 300w, https:\/\/www.alab.pl\/centrum-wiedzy\/wp-content\/uploads\/2023\/10\/Badanie-D-dimerow_-jpg-696x174.webp 696w\" sizes=\"auto, (max-width: 800px) 100vw, 800px\" \/><\/a><\/figure>\n\n\n\n<h2 class=\"wp-block-heading\" id=\"s8\">Badanie funkcji nerek u senior\u00f3w<\/h2>\n\n\n\n<p><strong>Badania w <a href=\"https:\/\/www.alab.pl\/pakiet\/pakiet-nerkowy\" target=\"_blank\" rel=\"noreferrer noopener\">pakiecie nerkowym<\/a><\/strong> to mo\u017cliwo\u015b\u0107 oceny wydolno\u015bci nerek do wydalania produkt\u00f3w przemiany materii, ich poprawnego funkcjonowania oraz sprawdzenie funkcji filtracyjnej. <strong>Upo\u015bledzenie funkcji nerek jest dosy\u0107 cz\u0119st\u0105 dolegliwo\u015bci\u0105 u os\u00f3b starszych, na dodatek zbyt rzadko rozpoznawan\u0105.<\/strong> Tymczasem nerki odgrywaj\u0105 kluczow\u0105 rol\u0119 w filtrowaniu krwi. W ci\u0105gu doby przep\u0142ywa przez nie nawet 1 500 litr\u00f3w krwi, z czego filtrowane jest a\u017c 150 litr\u00f3w. Wynikiem tej pracy jest powstanie oko\u0142o 1,5 litra moczu w ci\u0105gu doby. Dzi\u0119ki temu organizm wydala nadmiar wody, reguluje st\u0119\u017cenie sodu, potasu i innych jon\u00f3w bior\u0105cych udzia\u0142 w utrzymaniu r\u00f3wnowagi wodno-elektrolitowej i kwasowo-zasadowej. S\u0105 jednym z najwa\u017cniejszych organ\u00f3w reguluj\u0105cych ci\u015bnienie t\u0119tnicze krwi.<\/p>\n\n\n\n<figure class=\"wp-block-image size-full\"><a href=\"https:\/\/www.alab.pl\/pakiet\/pakiet-nerkowy\" target=\"_blank\" rel=\"noreferrer noopener\"><img loading=\"lazy\" decoding=\"async\" width=\"800\" height=\"200\" src=\"https:\/\/www.alab.pl\/centrum-wiedzy\/wp-content\/uploads\/2023\/10\/Pakiet-nerkowy-jpg.webp\" alt=\"pakiet nerkowy\" class=\"wp-image-9536\" srcset=\"https:\/\/www.alab.pl\/centrum-wiedzy\/wp-content\/uploads\/2023\/10\/Pakiet-nerkowy-jpg.webp 800w, https:\/\/www.alab.pl\/centrum-wiedzy\/wp-content\/uploads\/2023\/10\/Pakiet-nerkowy-jpg-768x192.webp 768w, https:\/\/www.alab.pl\/centrum-wiedzy\/wp-content\/uploads\/2023\/10\/Pakiet-nerkowy-jpg-150x38.webp 150w, https:\/\/www.alab.pl\/centrum-wiedzy\/wp-content\/uploads\/2023\/10\/Pakiet-nerkowy-jpg-300x75.webp 300w, https:\/\/www.alab.pl\/centrum-wiedzy\/wp-content\/uploads\/2023\/10\/Pakiet-nerkowy-jpg-696x174.webp 696w\" sizes=\"auto, (max-width: 800px) 100vw, 800px\" \/><\/a><\/figure>\n\n\n\n<h2 class=\"wp-block-heading\" id=\"s9\">Badania laboratoryjne jelit u os\u00f3b starszych<\/h2>\n\n\n\n<p>Dolegliwo\u015bci ze strony jelit u os\u00f3b w podesz\u0142ym wieku s\u0105 powszechne. Mog\u0105 im towarzyszy\u0107 zaparcia, wzd\u0119cia czy <a href=\"https:\/\/www.alab.pl\/centrum-wiedzy\/bol-brzucha-mozliwe-przyczyny-badania\/\">b\u00f3le brzucha<\/a>. <strong>Jakie badania laboratoryjne mo\u017cna zarekomendowa\u0107?<\/strong><\/p>\n\n\n\n<ul class=\"wp-block-list\">\n<li>og\u00f3lne badanie ka\u0142u oraz resztek pokarmowych,<\/li>\n\n\n\n<li>kalprotektyna,<\/li>\n\n\n\n<li>wykrywanie krwi utajonej w kale.&nbsp;<\/li>\n<\/ul>\n\n\n\n<p><a href=\"https:\/\/www.alab.pl\/centrum-wiedzy\/kalprotektyna-w-kale-marker-stanu-zapalnego-jelit\/\"><strong>Kalprotektyna<\/strong> to marker stanu zapalnego jelita<\/a>, kt\u00f3rego st\u0119\u017cenie ro\u015bnie w przypadku zmian zapalnych lub nowotworowych. U os\u00f3b zdrowych wykrywana jest w ilo\u015bciach \u015bladowych. Je\u015bli wynik badania mie\u015bci si\u0119 w zakresie warto\u015bci referencyjnych, mo\u017cna zrezygnowa\u0107 z dalszej, inwazyjnej diagnostyki (np. kolonoskopii) i wskazuje na istnienie <a href=\"https:\/\/www.alab.pl\/centrum-wiedzy\/zespol-jelita-nadwrazliwego-objawy-diagnostyka-leczenie\/\">zespo\u0142u jelita dra\u017cliwego<\/a>. Z drugiej strony wysoki poziom kalprotektyny jest bezwzgl\u0119dnym wskazaniem do wizyty u lekarza.<\/p>\n\n\n\n<p><strong>Wykrywanie krwi utajonej w kale <\/strong>&#8211; jest testem przesiewowym w kierunku krwawienia z dolnego odcinka przewodu pokarmowego, kt\u00f3re mo\u017ce by\u0107 spowodowane <a href=\"https:\/\/www.alab.pl\/centrum-wiedzy\/rak-jelita-grubego\/\">rakiem jelita grubego<\/a>. Badanie krwi utajonej w kale powinno by\u0107 wykonywane raz w roku, zw\u0142aszcza przez osoby po 45 r.\u017c.<\/p>\n\n\n\n<figure class=\"wp-block-image size-full\"><a href=\"https:\/\/www.alab.pl\/pakiet\/pakiet-zdrowe-jelita\" target=\"_blank\" rel=\"noreferrer noopener\"><img loading=\"lazy\" decoding=\"async\" width=\"800\" height=\"200\" src=\"https:\/\/www.alab.pl\/centrum-wiedzy\/wp-content\/uploads\/2023\/10\/Pakiet-zdrowe-jelita-jpg.webp\" alt=\"pakiet zdrowe jelita\" class=\"wp-image-9468\" srcset=\"https:\/\/www.alab.pl\/centrum-wiedzy\/wp-content\/uploads\/2023\/10\/Pakiet-zdrowe-jelita-jpg.webp 800w, https:\/\/www.alab.pl\/centrum-wiedzy\/wp-content\/uploads\/2023\/10\/Pakiet-zdrowe-jelita-jpg-768x192.webp 768w, https:\/\/www.alab.pl\/centrum-wiedzy\/wp-content\/uploads\/2023\/10\/Pakiet-zdrowe-jelita-jpg-150x38.webp 150w, https:\/\/www.alab.pl\/centrum-wiedzy\/wp-content\/uploads\/2023\/10\/Pakiet-zdrowe-jelita-jpg-300x75.webp 300w, https:\/\/www.alab.pl\/centrum-wiedzy\/wp-content\/uploads\/2023\/10\/Pakiet-zdrowe-jelita-jpg-696x174.webp 696w\" sizes=\"auto, (max-width: 800px) 100vw, 800px\" \/><\/a><\/figure>\n\n\n\n<p>&gt;&gt;&gt; <strong>Przeczytaj te\u017c: <a href=\"https:\/\/www.alab.pl\/centrum-wiedzy\/zywienie-osob-starszych\/\">\u017bywienie os\u00f3b starszych<\/a><\/strong><\/p>\n\n\n\n<hr class=\"wp-block-separator has-alpha-channel-opacity\"\/>\n\n\n\n<p>Pi\u015bmiennictwo<\/p>\n\n\n\n<ol class=\"wp-block-list\">\n<li><a href=\"https:\/\/www.mp.pl\/gastrologia\/wytyczne\/305634,postepowanie-w-niedokrwistosci-z-niedoboru-zelaza-u-doroslych\" target=\"_blank\" rel=\"noreferrer noopener nofollow\">https:\/\/www.mp.pl\/gastrologia\/wytyczne\/305634,postepowanie-w-niedokrwistosci-z-niedoboru-zelaza-u-doroslych<\/a><\/li>\n\n\n\n<li>P\u0142udowski, P.; Kos-Kud\u0142a, B.; Walczak, M.; Fal, A.; Zozuli\u0144ska-Zi\u00f3\u0142kiewicz, D.; Sieroszewski, P.; Peregud-Pogorzelski, J.; Lauterbach, R.; Targowski, T.; Lewi\u0144ski, A.; et al. Guidelines for Preventing and Treating Vitamin D Deficiency: A 2023 Update in Poland. <em>Nutrients<\/em> <strong>2023<\/strong>, <em>15<\/em>, 695.<a href=\"https:\/\/doi.org\/10.3390\/nu15030695\" target=\"_blank\" rel=\"noreferrer noopener nofollow\"> https:\/\/doi.org\/10.3390\/nu15030695<\/a><\/li>\n\n\n\n<li><a href=\"https:\/\/www.mp.pl\/geriatria\/wytyczne\/show.html?id=151010\" target=\"_blank\" rel=\"noreferrer noopener nofollow\">https:\/\/www.mp.pl\/geriatria\/wytyczne\/show.html?id=151010<\/a><\/li>\n\n\n\n<li><a href=\"https:\/\/www.alab.pl\/centrum-wiedzy\/hemoglobina-glikowana\/\" target=\"_blank\" rel=\"noreferrer noopener\">https:\/\/www.alab.pl\/centrum-wiedzy\/hemoglobina-glikowana\/<\/a><\/li>\n\n\n\n<li><a href=\"https:\/\/www.alab.pl\/centrum-wiedzy\/rak-jelita-grubego\/\" target=\"_blank\" rel=\"noreferrer noopener\">https:\/\/www.alab.pl\/centrum-wiedzy\/rak-jelita-grubego\/<\/a><\/li>\n<\/ol>\n","protected":false},"excerpt":{"rendered":"<p>O jakich badaniach laboratoryjnych powinny pami\u0119ta\u0107 osoby starsze?<\/p>\n","protected":false},"author":102,"featured_media":11775,"comment_status":"closed","ping_status":"open","sticky":false,"template":"","format":"standard","meta":{"_acf_changed":false,"inline_featured_image":false,"footnotes":""},"categories":[28],"tags":[],"coauthors":[134],"class_list":{"0":"post-11739","1":"post","2":"type-post","3":"status-publish","4":"format-standard","5":"has-post-thumbnail","7":"category-warto-wiedziec"},"acf":[],"yoast_head":"<!-- This site is optimized with the Yoast SEO plugin v27.4 - https:\/\/yoast.com\/product\/yoast-seo-wordpress\/ -->\n<title>Badania dla senior\u00f3w - Centrum ALAB Laboratoria<\/title>\n<meta name=\"description\" content=\"Profilaktyka zdrowia senior\u00f3w - dowiedz si\u0119, jakie s\u0105 najwa\u017cniejsze badania laboratoryjne dla os\u00f3b starszych | Centrum Wiedzy ALAB laboratoria\" \/>\n<meta name=\"robots\" content=\"index, follow, max-snippet:-1, max-image-preview:large, max-video-preview:-1\" \/>\n<link rel=\"canonical\" href=\"https:\/\/www.alab.pl\/centrum-wiedzy\/badania-laboratoryjne-dla-seniorow\/\" \/>\n<meta property=\"og:locale\" content=\"pl_PL\" \/>\n<meta property=\"og:type\" content=\"article\" \/>\n<meta property=\"og:title\" content=\"Badania dla senior\u00f3w - Centrum ALAB Laboratoria\" \/>\n<meta property=\"og:description\" content=\"Profilaktyka zdrowia senior\u00f3w - dowiedz si\u0119, jakie s\u0105 najwa\u017cniejsze badania laboratoryjne dla os\u00f3b starszych | Centrum Wiedzy ALAB laboratoria\" \/>\n<meta property=\"og:url\" content=\"https:\/\/www.alab.pl\/centrum-wiedzy\/badania-laboratoryjne-dla-seniorow\/\" \/>\n<meta property=\"og:site_name\" content=\"Centrum Wiedzy ALAB laboratoria\" \/>\n<meta property=\"article:publisher\" content=\"https:\/\/www.facebook.com\/ALABlaboratoria\" \/>\n<meta property=\"article:author\" content=\"https:\/\/www.facebook.com\/agatastrukow\/\" \/>\n<meta property=\"article:published_time\" content=\"2024-02-05T07:02:30+00:00\" \/>\n<meta property=\"article:modified_time\" content=\"2025-01-13T11:41:33+00:00\" \/>\n<meta property=\"og:image\" content=\"https:\/\/www.alab.pl\/centrum-wiedzy\/wp-content\/uploads\/2024\/02\/badania-dla-seniorow-jpg.webp\" \/>\n\t<meta property=\"og:image:width\" content=\"1200\" \/>\n\t<meta property=\"og:image:height\" content=\"801\" \/>\n\t<meta property=\"og:image:type\" content=\"image\/webp\" \/>\n<meta name=\"author\" content=\"Agata Strukow\" \/>\n<meta name=\"twitter:card\" content=\"summary_large_image\" \/>\n<meta name=\"twitter:label1\" content=\"Napisane przez\" \/>\n\t<meta name=\"twitter:data1\" content=\"Agata Strukow\" \/>\n\t<meta name=\"twitter:label2\" content=\"Szacowany czas czytania\" \/>\n\t<meta name=\"twitter:data2\" content=\"10 minut\" \/>\n\t<meta name=\"twitter:label3\" content=\"Written by\" \/>\n\t<meta name=\"twitter:data3\" content=\"Agata Strukow\" \/>\n<!-- \/ Yoast SEO plugin. -->","yoast_head_json":{"title":"Badania dla senior\u00f3w - Centrum ALAB Laboratoria","description":"Profilaktyka zdrowia senior\u00f3w - dowiedz si\u0119, jakie s\u0105 najwa\u017cniejsze badania laboratoryjne dla os\u00f3b starszych | Centrum Wiedzy ALAB laboratoria","robots":{"index":"index","follow":"follow","max-snippet":"max-snippet:-1","max-image-preview":"max-image-preview:large","max-video-preview":"max-video-preview:-1"},"canonical":"https:\/\/www.alab.pl\/centrum-wiedzy\/badania-laboratoryjne-dla-seniorow\/","og_locale":"pl_PL","og_type":"article","og_title":"Badania dla senior\u00f3w - Centrum ALAB Laboratoria","og_description":"Profilaktyka zdrowia senior\u00f3w - dowiedz si\u0119, jakie s\u0105 najwa\u017cniejsze badania laboratoryjne dla os\u00f3b starszych | Centrum Wiedzy ALAB laboratoria","og_url":"https:\/\/www.alab.pl\/centrum-wiedzy\/badania-laboratoryjne-dla-seniorow\/","og_site_name":"Centrum Wiedzy ALAB laboratoria","article_publisher":"https:\/\/www.facebook.com\/ALABlaboratoria","article_author":"https:\/\/www.facebook.com\/agatastrukow\/","article_published_time":"2024-02-05T07:02:30+00:00","article_modified_time":"2025-01-13T11:41:33+00:00","og_image":[{"width":1200,"height":801,"url":"https:\/\/www.alab.pl\/centrum-wiedzy\/wp-content\/uploads\/2024\/02\/badania-dla-seniorow-jpg.webp","type":"image\/webp"}],"author":"Agata Strukow","twitter_card":"summary_large_image","twitter_misc":{"Napisane przez":"Agata Strukow","Szacowany czas czytania":"10 minut","Written by":"Agata Strukow"},"schema":{"@context":"https:\/\/schema.org","@graph":[{"@type":"Article","@id":"https:\/\/www.alab.pl\/centrum-wiedzy\/badania-laboratoryjne-dla-seniorow\/#article","isPartOf":{"@id":"https:\/\/www.alab.pl\/centrum-wiedzy\/badania-laboratoryjne-dla-seniorow\/"},"author":{"name":"Agata Strukow","@id":"https:\/\/www.alab.pl\/centrum-wiedzy\/#\/schema\/person\/4c4346aaa370a9ca773ee865bfbec588"},"headline":"Badania laboratoryjne dla senior\u00f3w","datePublished":"2024-02-05T07:02:30+00:00","dateModified":"2025-01-13T11:41:33+00:00","mainEntityOfPage":{"@id":"https:\/\/www.alab.pl\/centrum-wiedzy\/badania-laboratoryjne-dla-seniorow\/"},"wordCount":1604,"publisher":{"@id":"https:\/\/www.alab.pl\/centrum-wiedzy\/#organization"},"image":{"@id":"https:\/\/www.alab.pl\/centrum-wiedzy\/badania-laboratoryjne-dla-seniorow\/#primaryimage"},"thumbnailUrl":"https:\/\/www.alab.pl\/centrum-wiedzy\/wp-content\/uploads\/2024\/02\/badania-dla-seniorow-jpg.webp","articleSection":["Warto wiedzie\u0107"],"inLanguage":"pl-PL"},{"@type":"WebPage","@id":"https:\/\/www.alab.pl\/centrum-wiedzy\/badania-laboratoryjne-dla-seniorow\/","url":"https:\/\/www.alab.pl\/centrum-wiedzy\/badania-laboratoryjne-dla-seniorow\/","name":"Badania dla senior\u00f3w - Centrum ALAB Laboratoria","isPartOf":{"@id":"https:\/\/www.alab.pl\/centrum-wiedzy\/#website"},"primaryImageOfPage":{"@id":"https:\/\/www.alab.pl\/centrum-wiedzy\/badania-laboratoryjne-dla-seniorow\/#primaryimage"},"image":{"@id":"https:\/\/www.alab.pl\/centrum-wiedzy\/badania-laboratoryjne-dla-seniorow\/#primaryimage"},"thumbnailUrl":"https:\/\/www.alab.pl\/centrum-wiedzy\/wp-content\/uploads\/2024\/02\/badania-dla-seniorow-jpg.webp","datePublished":"2024-02-05T07:02:30+00:00","dateModified":"2025-01-13T11:41:33+00:00","description":"Profilaktyka zdrowia senior\u00f3w - dowiedz si\u0119, jakie s\u0105 najwa\u017cniejsze badania laboratoryjne dla os\u00f3b starszych | Centrum Wiedzy ALAB laboratoria","breadcrumb":{"@id":"https:\/\/www.alab.pl\/centrum-wiedzy\/badania-laboratoryjne-dla-seniorow\/#breadcrumb"},"inLanguage":"pl-PL","potentialAction":[{"@type":"ReadAction","target":["https:\/\/www.alab.pl\/centrum-wiedzy\/badania-laboratoryjne-dla-seniorow\/"]}]},{"@type":"ImageObject","inLanguage":"pl-PL","@id":"https:\/\/www.alab.pl\/centrum-wiedzy\/badania-laboratoryjne-dla-seniorow\/#primaryimage","url":"https:\/\/www.alab.pl\/centrum-wiedzy\/wp-content\/uploads\/2024\/02\/badania-dla-seniorow-jpg.webp","contentUrl":"https:\/\/www.alab.pl\/centrum-wiedzy\/wp-content\/uploads\/2024\/02\/badania-dla-seniorow-jpg.webp","width":1200,"height":801,"caption":"badania laboratoryjne dla senior\u00f3w"},{"@type":"BreadcrumbList","@id":"https:\/\/www.alab.pl\/centrum-wiedzy\/badania-laboratoryjne-dla-seniorow\/#breadcrumb","itemListElement":[{"@type":"ListItem","position":1,"name":"Strona g\u0142\u00f3wna","item":"https:\/\/www.alab.pl\/centrum-wiedzy\/"},{"@type":"ListItem","position":2,"name":"Badania laboratoryjne dla senior\u00f3w"}]},{"@type":"WebSite","@id":"https:\/\/www.alab.pl\/centrum-wiedzy\/#website","url":"https:\/\/www.alab.pl\/centrum-wiedzy\/","name":"Centrum Wiedzy ALAB laboratoria","description":"","publisher":{"@id":"https:\/\/www.alab.pl\/centrum-wiedzy\/#organization"},"potentialAction":[{"@type":"SearchAction","target":{"@type":"EntryPoint","urlTemplate":"https:\/\/www.alab.pl\/centrum-wiedzy\/?s={search_term_string}"},"query-input":{"@type":"PropertyValueSpecification","valueRequired":true,"valueName":"search_term_string"}}],"inLanguage":"pl-PL"},{"@type":"Organization","@id":"https:\/\/www.alab.pl\/centrum-wiedzy\/#organization","name":"Centrum Wiedzy ALAB laboratoria","url":"https:\/\/www.alab.pl\/centrum-wiedzy\/","logo":{"@type":"ImageObject","inLanguage":"pl-PL","@id":"https:\/\/www.alab.pl\/centrum-wiedzy\/#\/schema\/logo\/image\/","url":"https:\/\/www.alab.pl\/centrum-wiedzy\/wp-content\/uploads\/2022\/04\/alabek.jpg","contentUrl":"https:\/\/www.alab.pl\/centrum-wiedzy\/wp-content\/uploads\/2022\/04\/alabek.jpg","width":1250,"height":1251,"caption":"Centrum Wiedzy ALAB laboratoria"},"image":{"@id":"https:\/\/www.alab.pl\/centrum-wiedzy\/#\/schema\/logo\/image\/"},"sameAs":["https:\/\/www.facebook.com\/ALABlaboratoria"]},{"@type":"Person","@id":"https:\/\/www.alab.pl\/centrum-wiedzy\/#\/schema\/person\/4c4346aaa370a9ca773ee865bfbec588","name":"Agata Strukow","image":{"@type":"ImageObject","inLanguage":"pl-PL","@id":"https:\/\/www.alab.pl\/centrum-wiedzy\/wp-content\/uploads\/2022\/04\/Agata-Strukow-150x150.jpgcb933d2055e86ab33ade5d5259364a59","url":"https:\/\/www.alab.pl\/centrum-wiedzy\/wp-content\/uploads\/2022\/04\/Agata-Strukow-150x150.jpg","contentUrl":"https:\/\/www.alab.pl\/centrum-wiedzy\/wp-content\/uploads\/2022\/04\/Agata-Strukow-150x150.jpg","caption":"Agata Strukow"},"description":"Absolwentka Wydzia\u0142u Lekarskiego Pomorskiej Akademii Medycznej oraz studi\u00f3w podyplomowych Dietetyka w chorobach wewn\u0119trznych i metabolicznych Warszawskiego Uniwersytetu Medycznego i Psychologii biznesu dla mened\u017cer\u00f3w na Akademii Leona Ko\u017ami\u0144skiego. Nauczycielka jogi kundalini i jogi hormonalnej.","sameAs":["https:\/\/www.facebook.com\/agatastrukow\/","https:\/\/www.instagram.com\/strukowagata\/","https:\/\/pl.linkedin.com\/in\/agata-strukow-7b87205"],"url":"https:\/\/www.alab.pl\/centrum-wiedzy\/author\/agata\/"}]}},"_links":{"self":[{"href":"https:\/\/www.alab.pl\/centrum-wiedzy\/wp-json\/wp\/v2\/posts\/11739","targetHints":{"allow":["GET"]}}],"collection":[{"href":"https:\/\/www.alab.pl\/centrum-wiedzy\/wp-json\/wp\/v2\/posts"}],"about":[{"href":"https:\/\/www.alab.pl\/centrum-wiedzy\/wp-json\/wp\/v2\/types\/post"}],"author":[{"embeddable":true,"href":"https:\/\/www.alab.pl\/centrum-wiedzy\/wp-json\/wp\/v2\/users\/102"}],"replies":[{"embeddable":true,"href":"https:\/\/www.alab.pl\/centrum-wiedzy\/wp-json\/wp\/v2\/comments?post=11739"}],"version-history":[{"count":1,"href":"https:\/\/www.alab.pl\/centrum-wiedzy\/wp-json\/wp\/v2\/posts\/11739\/revisions"}],"predecessor-version":[{"id":20576,"href":"https:\/\/www.alab.pl\/centrum-wiedzy\/wp-json\/wp\/v2\/posts\/11739\/revisions\/20576"}],"wp:featuredmedia":[{"embeddable":true,"href":"https:\/\/www.alab.pl\/centrum-wiedzy\/wp-json\/wp\/v2\/media\/11775"}],"wp:attachment":[{"href":"https:\/\/www.alab.pl\/centrum-wiedzy\/wp-json\/wp\/v2\/media?parent=11739"}],"wp:term":[{"taxonomy":"category","embeddable":true,"href":"https:\/\/www.alab.pl\/centrum-wiedzy\/wp-json\/wp\/v2\/categories?post=11739"},{"taxonomy":"post_tag","embeddable":true,"href":"https:\/\/www.alab.pl\/centrum-wiedzy\/wp-json\/wp\/v2\/tags?post=11739"},{"taxonomy":"author","embeddable":true,"href":"https:\/\/www.alab.pl\/centrum-wiedzy\/wp-json\/wp\/v2\/coauthors?post=11739"}],"curies":[{"name":"wp","href":"https:\/\/api.w.org\/{rel}","templated":true}]}}