{"id":11828,"date":"2024-02-20T07:54:25","date_gmt":"2024-02-20T06:54:25","guid":{"rendered":"https:\/\/sklep.alablaboratoria.pl\/centrum-wiedzy\/?p=11828"},"modified":"2024-02-20T07:54:25","modified_gmt":"2024-02-20T06:54:25","slug":"czy-nadmierna-masa-ciala-u-nastolatkow-zwieksza-ryzyko-przewleklej-choroby-nerek","status":"publish","type":"post","link":"https:\/\/www.alab.pl\/centrum-wiedzy\/czy-nadmierna-masa-ciala-u-nastolatkow-zwieksza-ryzyko-przewleklej-choroby-nerek\/","title":{"rendered":"Czy nadmierna masa cia\u0142a u nastolatk\u00f3w zwi\u0119ksza ryzyko przewlek\u0142ej choroby nerek?"},"content":{"rendered":"\n<p>Spis tre\u015bci<\/p>\n\n\n\n<ol class=\"wp-block-list\">\n<li><a href=\"#n1\">Czym jest przewlek\u0142a choroba nerek (PChN)?<\/a><\/li>\n\n\n\n<li><a href=\"#n2\">Czy mam wp\u0142yw na ryzyko rozwoju przewlek\u0142ej choroby nerek?<\/a><\/li>\n\n\n\n<li><a href=\"#p3\">Czy nadmierna masa cia\u0142a w dzieci\u0144stwie zwi\u0119ksza ryzyko przewlek\u0142ej choroby nerek (PChN)?<\/a><\/li>\n\n\n\n<li><a href=\"#p4\">Czy przewlek\u0142a choroba nerek (PChN) daje objawy na wczesnym etapie?<\/a><\/li>\n\n\n\n<li><a href=\"#p5\">Czy sama zmiana trybu \u017cycia zwalnia z diagnostyki?<\/a><\/li>\n\n\n\n<li><a href=\"#p6\">Podsumowanie<\/a><\/li>\n<\/ol>\n\n\n\n<p>Tryb \u017cycia, kt\u00f3rego wzorzec kszta\u0142tuje si\u0119 w dzieci\u0144stwie i okresie m\u0142odzie\u0144czym, wywiera niebagatelny wp\u0142yw na doros\u0142e \u017cycie. I nie jest to bynajmniej kolokwializm czy chwytliwy frazes, lecz fakt udokumentowany w wielu badaniach naukowych. Jedn\u0105 z zale\u017cno\u015bci, co do kt\u00f3rej wnioski z kolejnych prac naukowych s\u0105 to\u017csame, jest <strong>wp\u0142yw masy cia\u0142a na zdrowie nerek<\/strong>, jednego z kluczowych narz\u0105d\u00f3w, kt\u00f3rych w\u0142a\u015bciwe funkcjonowanie determinuje homeostaz\u0119 pozosta\u0142ych uk\u0142ad\u00f3w. O tym, jak silny jest powy\u017cszy zwi\u0105zek oraz co zrobi\u0107, by unikn\u0105\u0107 fatalnych skutk\u00f3w przewlek\u0142ej choroby nerek (PChN) dowiecie si\u0119 Pa\u0144stwo z poni\u017cszego artyku\u0142u.<\/p>\n\n\n\n<h2 class=\"wp-block-heading\" id=\"n1\">Czym jest przewlek\u0142a choroba nerek (PChN)?<\/h2>\n\n\n\n<p>Wed\u0142ug jednego z najwa\u017cniejszych nefrologicznych towarzystw naukowych (Kidney Disease: Improving Global Outcomes, KDIGO) <strong>przewlek\u0142\u0105 chorob\u0119 nerek (PChN) definiuje si\u0119 g\u0142\u00f3wnie jako szacowany wsp\u00f3\u0142czynnik filtracji k\u0142\u0119buszkowej (eGFR) mniejszy ni\u017c 60 ml\/min\/1,73 m2 utrzymuj\u0105cy si\u0119 przez co najmniej 3 miesi\u0105ce lub d\u0142u\u017cej<\/strong>, niezale\u017cnie od przyczyny. M\u00f3wi\u0105c pro\u015bciej, jest to stan post\u0119puj\u0105cej utraty czynno\u015bci tego narz\u0105du, kt\u00f3ry w ko\u0144cu prowadzi do konieczno\u015bci leczenia nerkozast\u0119pczego (dializoterapia lub przeszczep). Powy\u017csza definicja obejmuje tak\u017ce ich udokumentowane uszkodzenie, takie jak okre\u015blone nieprawid\u0142owo\u015bci w badaniach obrazowych lub biopsji, utrzymuj\u0105ce si\u0119 zaburzenia w analizie biochemicznej (w tym zwi\u0119kszonego wydalania albumin) moczu.<\/p>\n\n\n\n<p>&gt;&gt;&gt; <strong>Przeczytaj te\u017c: <a href=\"https:\/\/www.alab.pl\/centrum-wiedzy\/przewlekla-choroba-nerek-objawy-przyczyny-powiklania-diagnostyka\/\">Przewlek\u0142a choroba nerek &#8211; objawy, przyczyny, powik\u0142ania, diagnostyka<\/a><\/strong><\/p>\n\n\n\n<h2 class=\"wp-block-heading\" id=\"n2\">Czy mam wp\u0142yw na ryzyko rozwoju przewlek\u0142ej choroby nerek?<\/h2>\n\n\n\n<p>Jednymi z najsilniejszych i jednocze\u015bnie modyfikowalnych czynnik\u00f3w ryzyka s\u0105 <strong><a href=\"https:\/\/www.alab.pl\/centrum-wiedzy\/nadcisnienie-tetnicze-klasyfikacja-przyczyny-jak-mierzyc-cisnienie\/\">nadci\u015bnienie t\u0119tnicze<\/a>, oty\u0142o\u015b\u0107 i palenie tytoniu<\/strong>; w rozwoju przewlek\u0142ej choroby nerek (PChN) istotn\u0105 rol\u0119 odgrywaj\u0105 r\u00f3wnie\u017c czynniki metaboliczne, takie jak <strong><a href=\"https:\/\/www.alab.pl\/centrum-wiedzy\/insulinoopornosc\/\">insulinooporno\u015b\u0107<\/a>, dyslipidemia i <a href=\"https:\/\/www.alab.pl\/centrum-wiedzy\/dieta-w-hiperurykemii-i-dnie-moczanowej\/\">hiperurykemia<\/a><\/strong>. Tu warto zauwa\u017cy\u0107, \u017ce 3 ostatnie z wymienionych s\u0105 silnie powi\u0105zane w\u0142a\u015bnie z <strong>nadmiern\u0105 mas\u0105 cia\u0142a<\/strong>, kt\u00f3rej wyk\u0142adnikiem jest m.in. wysoki wska\u017anik masy cia\u0142a (body mass index, BMI). W\u015br\u00f3d dzieci i m\u0142odzie\u017cy trendy nie s\u0105 optymistyczne &#8211; w skali globalnej liczba oty\u0142ych dzieci powy\u017cej 5. roku \u017cycia i m\u0142odzie\u017cy wzros\u0142a z 11 milion\u00f3w w latach 70\u2019 ubieg\u0142ego wieku do zatrwa\u017caj\u0105cych 124 milion\u00f3w w roku 2016 , a dodatkowe 213 milion\u00f3w cierpia\u0142o z powodu nadwagi (!). Podobny kurs obserwuje si\u0119 tak\u017ce w Polsce.<\/p>\n\n\n\n<p>&gt;&gt;&gt; <strong>Przeczytaj te\u017c: <a href=\"https:\/\/www.alab.pl\/centrum-wiedzy\/otylosc-u-dzieci-i-mlodziezy-powazna-choroba-i-duze-wyzwanie\/\">Oty\u0142o\u015b\u0107 u dzieci i m\u0142odzie\u017cy &#8211; powa\u017cna choroba i du\u017ce wyzwanie<\/a><\/strong><\/p>\n\n\n\n<h2 class=\"wp-block-heading\" id=\"p3\">Czy nadmierna masa cia\u0142a w dzieci\u0144stwie zwi\u0119ksza ryzyko przewlek\u0142ej choroby nerek (PChN)?<\/h2>\n\n\n\n<p>Dane z prze\u0142omu 2013 i 2014 roku pochodz\u0105ce z badania CARDIA (Coronary Artery Risk Development in Young Adults) podaj\u0105, \u017ce <strong>po 30. roku \u017cycia \u015brednia warto\u015b\u0107 eGFR zmniejsza si\u0119 stopniowo wraz z ka\u017cdym wzrostem BMI<\/strong>; dla warto\u015bci mi\u0119dzy 25 a 30 (kg\/m2) ryzyko PChN zwi\u0119ksza si\u0119 1,5-krotnie, dla przedzia\u0142u 30-40 (kg\/m2) jest to ju\u017c wzrost 2-krotny, a dla powy\u017cej 40 (kg\/m2) a\u017c 2,5-krotny. Pod koniec ubieg\u0142ego roku, na \u0142amach presti\u017cowego czasopisma naukowego The JAMA Pediatrics wykazano, \u017ce <strong>powy\u017csza zale\u017cno\u015b\u0107 jest to\u017csama u m\u0142odzie\u017cy mi\u0119dzy 16. a 20. rokiem \u017cycia, z tym \u017ce zwi\u0105zek jest jeszcze silniejszy<\/strong> &#8211; wraz ze wzrostem BMI w\u015br\u00f3d ch\u0142opc\u00f3w ryzyko przewlek\u0142ej choroby nerek (PChN) przed 30. rokiem \u017cycia ros\u0142o odpowiednio 1,8, 4, 6,7 i a\u017c 9-krotnie dla wy\u017cej podanych przedzia\u0142\u00f3w; u dziewcz\u0105t natomiast jest to 1,4, 2,3, 2,7 i 4,3-krotny wzrost ryzyka. Warto zwr\u00f3ci\u0107 uwag\u0119 na fakt, \u017ce ryzyko wyst\u0119puje tak\u017ce u pozornie zdrowych os\u00f3b z tzw. wysokim prawid\u0142owym BMI.<\/p>\n\n\n\n<p>&gt;&gt;&gt; <strong>Przeczytaj te\u017c: <a href=\"https:\/\/www.alab.pl\/centrum-wiedzy\/gfr-kluczowy-wskaznik-w-ocenie-czynnosci-nerek\/\">GFR &#8211; kluczowy wska\u017anik w ocenie czynno\u015bci nerek i diagnostyce ich chor\u00f3b<\/a><\/strong><\/p>\n\n\n\n<h2 class=\"wp-block-heading\" id=\"p4\">Czy przewlek\u0142a choroba nerek (PChN) daje objawy na wczesnym etapie?<\/h2>\n\n\n\n<p>Niestety, <strong>wczesny etap choroby z regu\u0142y nie wywo\u0142uje dolegliwo\u015bci<\/strong>, st\u0105d niezidentyfikowane uszkodzenie nerek mo\u017ce post\u0119powa\u0107 i objawi\u0107 si\u0119 dopiero w stadium 4 lub 5; wed\u0142ug definicji wspomnianego KDIGO oznacza to poziom eGFR odpowiednio 15 do 29 ml\/min\/ 1.73 m2 oraz poni\u017cej 15 ml\/min\/ 1.73 m2. Wi\u0119kszo\u015b\u0107 przyczyn PChN jest nieodwracalna i utrzymuje si\u0119 przez ca\u0142e \u017cycie, a leczenie ma na celu spowolnienie post\u0119pu niewydolno\u015bci, jednak przewlek\u0142o\u015b\u0107 nie jest r\u00f3wnoznaczna z nieodwracalno\u015bci\u0105 &#8211; w niekt\u00f3rych przypadkach choroba jest ca\u0142kowicie odwracalna, samoistnie lub w wyniku leczenia, a w innych przypadkach leczenie mo\u017ce spowodowa\u0107 cz\u0119\u015bciow\u0105 regresj\u0119 uszkodzenia nerek i popraw\u0119 funkcjonowania. St\u0105d znajomo\u015b\u0107 czynnik\u00f3w ryzyka, zw\u0142aszcza modyfikowalnych, powinna sk\u0142ania\u0107 do dzia\u0142a\u0144 zmierzaj\u0105cych do ich eliminacji, cho\u0107 nie jest to jedyny element post\u0119powania.<\/p>\n\n\n\n<figure class=\"wp-block-image size-full\"><a href=\"https:\/\/www.alab.pl\/pakiet\/pakiet-nerkowy\" target=\"_blank\" rel=\"noreferrer noopener\"><img loading=\"lazy\" decoding=\"async\" width=\"800\" height=\"200\" src=\"https:\/\/www.alab.pl\/centrum-wiedzy\/wp-content\/uploads\/2023\/10\/Pakiet-nerkowy-jpg.webp\" alt=\"pakiet nerkowy\" class=\"wp-image-9536\" srcset=\"https:\/\/www.alab.pl\/centrum-wiedzy\/wp-content\/uploads\/2023\/10\/Pakiet-nerkowy-jpg.webp 800w, https:\/\/www.alab.pl\/centrum-wiedzy\/wp-content\/uploads\/2023\/10\/Pakiet-nerkowy-jpg-768x192.webp 768w, https:\/\/www.alab.pl\/centrum-wiedzy\/wp-content\/uploads\/2023\/10\/Pakiet-nerkowy-jpg-150x38.webp 150w, https:\/\/www.alab.pl\/centrum-wiedzy\/wp-content\/uploads\/2023\/10\/Pakiet-nerkowy-jpg-300x75.webp 300w, https:\/\/www.alab.pl\/centrum-wiedzy\/wp-content\/uploads\/2023\/10\/Pakiet-nerkowy-jpg-696x174.webp 696w\" sizes=\"auto, (max-width: 800px) 100vw, 800px\" \/><\/a><\/figure>\n\n\n\n<h2 class=\"wp-block-heading\" id=\"p5\">Czy sama zmiana trybu \u017cycia zwalnia z diagnostyki?<\/h2>\n\n\n\n<p>Tu odpowied\u017a jest prosta: <strong>nie<\/strong>. Choroba wykryta na wczesnym etapie stwarza szerokie pole do zachowawczego leczenia spowalniaj\u0105cego post\u0119p choroby (niekiedy znacznie), st\u0105d wiod\u0105ce towarzystwa naukowe rekomenduj\u0105 odpowiedni\u0105 <strong>diagnostyk\u0119 przesiewow\u0105<\/strong>.<\/p>\n\n\n\n<p>Na ca\u0142ym \u015bwiecie wdra\u017cane s\u0105 badania przesiewowe, skierowane g\u0142\u00f3wnie do os\u00f3b z grupy wysokiego ryzyka. Wytyczne Kidney Disease Outcome Quality Initiative (KDOQI) zalecaj\u0105 badania przesiewowe w populacjach wysokiego ryzyka, do kt\u00f3rych zaliczaj\u0105 si\u0119 osoby z nadci\u015bnieniem t\u0119tniczym, <a href=\"https:\/\/www.alab.pl\/centrum-wiedzy\/cukrzyca\/\">cukrzyc\u0105<\/a> oraz osoby w wieku powy\u017cej 65 lat; z uwagi na wy\u017cej przytoczone dane dotycz\u0105ce ryzyka choroby u m\u0142odzie\u017cy z nadmiern\u0105 mas\u0105 cia\u0142a nie jest b\u0142\u0119dem interpolowanie tych zalece\u0144 tak\u017ce i na t\u0119 grup\u0119 pacjent\u00f3w. <strong>Diagnostyka przesiewowa powinna obejmowa\u0107 <a href=\"https:\/\/www.alab.pl\/badanie\/badanie-ogolne-moczu-a01\" target=\"_blank\" rel=\"noreferrer noopener\">analiz\u0119 moczu<\/a>, stosunek <a href=\"https:\/\/www.alab.pl\/badanie\/albumina-w-surowicy-i09\" target=\"_blank\" rel=\"noreferrer noopener\">albuminy<\/a> do <a href=\"https:\/\/www.alab.pl\/badanie\/kreatynina-w-surowicy-m37\" target=\"_blank\" rel=\"noreferrer noopener\">kreatyniny<\/a> (ACR), pomiar st\u0119\u017cenia kreatyniny w surowicy i oszacowanie GFR. <\/strong>Z uwagi na ryzyko wyst\u0105pienia tak\u017ce innych chor\u00f3b zwi\u0105zanych z nadwag\u0105 i oty\u0142o\u015bci\u0105 (nadci\u015bnienie t\u0119tnicze, dyslipidemia, insulinooporno\u015b\u0107, cukrzyca typu II, <a href=\"https:\/\/www.alab.pl\/centrum-wiedzy\/nafld-niealkoholowa-stluszczeniowa-choroba-watroby\/\">NAFLD<\/a>, <a href=\"https:\/\/www.alab.pl\/centrum-wiedzy\/dna-moczanowa-artretyzm\/\">dna moczanowa<\/a>) dobr\u0105 praktyk\u0105 jest <strong>ocena st\u0119\u017cenia <a href=\"https:\/\/www.alab.pl\/badanie\/glukoza-l43\" target=\"_blank\" rel=\"noreferrer noopener\">glukozy we krwi<\/a> na czczo, <a href=\"https:\/\/www.alab.pl\/badanie\/aminotransferaza-alaninowa-alt-i17\" target=\"_blank\" rel=\"noreferrer noopener\">ALAT<\/a>, <a href=\"https:\/\/www.alab.pl\/badanie\/aminotransferaza-asparaginianowa-ast-i19\" target=\"_blank\" rel=\"noreferrer noopener\">AspAT<\/a>, <a href=\"https:\/\/www.alab.pl\/badanie\/kwas-moczowy-w-surowicy-m45\" target=\"_blank\" rel=\"noreferrer noopener\">kwasu moczowego<\/a>, a tak\u017ce <a href=\"https:\/\/www.alab.pl\/pakiet\/pakiet-lipidogram-extra\" target=\"_blank\" rel=\"noreferrer noopener\">lipidogramu<\/a><\/strong>.<\/p>\n\n\n\n<figure class=\"wp-block-image size-full\"><a href=\"https:\/\/www.alab.pl\/pakiet\/pakiet-lipidogram-extra\" target=\"_blank\" rel=\"noreferrer noopener\"><img loading=\"lazy\" decoding=\"async\" width=\"800\" height=\"200\" src=\"https:\/\/www.alab.pl\/centrum-wiedzy\/wp-content\/uploads\/2023\/06\/Lipidogram-extra-6-badan-jpg.webp\" alt=\"pakiet lipidogram extra baner\" class=\"wp-image-7021\" srcset=\"https:\/\/www.alab.pl\/centrum-wiedzy\/wp-content\/uploads\/2023\/06\/Lipidogram-extra-6-badan-jpg.webp 800w, https:\/\/www.alab.pl\/centrum-wiedzy\/wp-content\/uploads\/2023\/06\/Lipidogram-extra-6-badan-jpg-768x192.webp 768w, https:\/\/www.alab.pl\/centrum-wiedzy\/wp-content\/uploads\/2023\/06\/Lipidogram-extra-6-badan-jpg-150x38.webp 150w, https:\/\/www.alab.pl\/centrum-wiedzy\/wp-content\/uploads\/2023\/06\/Lipidogram-extra-6-badan-jpg-300x75.webp 300w, https:\/\/www.alab.pl\/centrum-wiedzy\/wp-content\/uploads\/2023\/06\/Lipidogram-extra-6-badan-jpg-696x174.webp 696w\" sizes=\"auto, (max-width: 800px) 100vw, 800px\" \/><\/a><\/figure>\n\n\n\n<h2 class=\"wp-block-heading\" id=\"p6\">Podsumowanie<\/h2>\n\n\n\n<p><strong>Przewlek\u0142a choroba nerek (PChN) jest podst\u0119pna, przez d\u0142ugi czas bywa niezauwa\u017cona, a ryzyko wyst\u0105pienia jej wczesnej postaci ju\u017c przez 30. rokiem \u017cycia dramatycznie ro\u015bnie u m\u0142odzie\u017cy obci\u0105\u017conej nadwag\u0105 i oty\u0142o\u015bci\u0105<\/strong>; jest ono tym wi\u0119ksze, im wi\u0119ksza jest masa cia\u0142a, dodatkowo ro\u015bnie tak\u017ce ryzyko na wyst\u0105pienie innych gro\u017anych chor\u00f3b przewlek\u0142ych. St\u0105d, obok zmiany trybu \u017cycia prowadz\u0105cego do normalizacji masy, warto zadba\u0107 o <strong>odpowiedni\u0105 diagnostyk\u0119<\/strong>, w my\u015bl zasady &#8222;\u0142atwiej leczy si\u0119 to, co jest \u0142atwiejsze do leczenia&#8221;.<\/p>\n\n\n\n<hr class=\"wp-block-separator has-alpha-channel-opacity\"\/>\n\n\n\n<p>Pi\u015bmiennictwo<\/p>\n\n\n\n<ol class=\"wp-block-list\">\n<li><a href=\"https:\/\/www.ncbi.nlm.nih.gov\/books\/NBK535404\/\" target=\"_blank\" rel=\"noreferrer noopener nofollow\">https:\/\/www.ncbi.nlm.nih.gov\/books\/NBK535404\/<\/a><\/li>\n\n\n\n<li><a href=\"https:\/\/jamanetwork.com\/journals\/jamapediatrics\/article-abstract\/2812570\" target=\"_blank\" rel=\"noreferrer noopener nofollow\">https:\/\/jamanetwork.com\/journals\/jamapediatrics\/article-abstract\/2812570<\/a><\/li>\n\n\n\n<li><a href=\"https:\/\/www.ncbi.nlm.nih.gov\/pmc\/articles\/PMC3969447\/\" target=\"_blank\" rel=\"noreferrer noopener nofollow\">https:\/\/www.ncbi.nlm.nih.gov\/pmc\/articles\/PMC3969447\/<\/a><\/li>\n\n\n\n<li><a href=\"https:\/\/www.ncbi.nlm.nih.gov\/pmc\/articles\/PMC4941233\/\" target=\"_blank\" rel=\"noreferrer noopener nofollow\">https:\/\/www.ncbi.nlm.nih.gov\/pmc\/articles\/PMC4941233\/<\/a><\/li>\n\n\n\n<li><a href=\"https:\/\/kdigo.org\/guidelines\/ckd-evaluation-and-management\/\" target=\"_blank\" rel=\"noreferrer noopener nofollow\">https:\/\/kdigo.org\/guidelines\/ckd-evaluation-and-management\/<\/a><\/li>\n\n\n\n<li><a href=\"https:\/\/ncez.pzh.gov.pl\/abc-zywienia\/nadwaga-i-otylosc-wsrod-dzieci-i-mlodziezy\/\" target=\"_blank\" rel=\"noreferrer noopener nofollow\">https:\/\/ncez.pzh.gov.pl\/abc-zywienia\/nadwaga-i-otylosc-wsrod-dzieci-i-mlodziezy\/<\/a><\/li>\n<\/ol>\n","protected":false},"excerpt":{"rendered":"<p>Jak nadmierna masa cia\u0142a wp\u0142ywa na funkcjonowanie nerek i z czym to si\u0119 wi\u0105\u017ce w przypadku m\u0142odzie\u017cy?<\/p>\n","protected":false},"author":154,"featured_media":12048,"comment_status":"closed","ping_status":"open","sticky":false,"template":"","format":"standard","meta":{"_acf_changed":false,"inline_featured_image":false,"footnotes":""},"categories":[9,30],"tags":[],"coauthors":[151],"class_list":{"0":"post-11828","1":"post","2":"type-post","3":"status-publish","4":"format-standard","5":"has-post-thumbnail","8":"category-zdrowie-dzieci-i-mlodziezy"},"acf":[],"yoast_head":"<!-- This site is optimized with the Yoast SEO plugin v27.5 - https:\/\/yoast.com\/product\/yoast-seo-wordpress\/ -->\n<title>Czy nadmierna masa cia\u0142a u nastolatk\u00f3w zwi\u0119ksza ryzyko przewlek\u0142ej choroby nerek? - Centrum Wiedzy ALAB laboratoria<\/title>\n<meta name=\"robots\" content=\"index, follow, max-snippet:-1, max-image-preview:large, max-video-preview:-1\" \/>\n<link rel=\"canonical\" href=\"https:\/\/www.alab.pl\/centrum-wiedzy\/czy-nadmierna-masa-ciala-u-nastolatkow-zwieksza-ryzyko-przewleklej-choroby-nerek\/\" \/>\n<meta property=\"og:locale\" content=\"pl_PL\" \/>\n<meta property=\"og:type\" content=\"article\" \/>\n<meta property=\"og:title\" content=\"Czy nadmierna masa cia\u0142a u nastolatk\u00f3w zwi\u0119ksza ryzyko przewlek\u0142ej choroby nerek? - Centrum Wiedzy ALAB laboratoria\" \/>\n<meta property=\"og:description\" content=\"Jak nadmierna masa cia\u0142a wp\u0142ywa na funkcjonowanie nerek i z czym to si\u0119 wi\u0105\u017ce w przypadku m\u0142odzie\u017cy?\" \/>\n<meta property=\"og:url\" content=\"https:\/\/www.alab.pl\/centrum-wiedzy\/czy-nadmierna-masa-ciala-u-nastolatkow-zwieksza-ryzyko-przewleklej-choroby-nerek\/\" \/>\n<meta property=\"og:site_name\" content=\"Centrum Wiedzy ALAB laboratoria\" \/>\n<meta property=\"article:publisher\" content=\"https:\/\/www.facebook.com\/ALABlaboratoria\" \/>\n<meta property=\"article:published_time\" content=\"2024-02-20T06:54:25+00:00\" \/>\n<meta property=\"og:image\" content=\"https:\/\/www.alab.pl\/centrum-wiedzy\/wp-content\/uploads\/2024\/02\/otylosc-a-choroby-nerek-jpg.webp\" \/>\n\t<meta property=\"og:image:width\" content=\"1200\" \/>\n\t<meta property=\"og:image:height\" content=\"801\" \/>\n\t<meta property=\"og:image:type\" content=\"image\/webp\" \/>\n<meta name=\"author\" content=\"Damian Matusiak\" \/>\n<meta name=\"twitter:card\" content=\"summary_large_image\" \/>\n<meta name=\"twitter:label1\" content=\"Napisane przez\" \/>\n\t<meta name=\"twitter:data1\" content=\"Damian Matusiak\" \/>\n\t<meta name=\"twitter:label2\" content=\"Szacowany czas czytania\" \/>\n\t<meta name=\"twitter:data2\" content=\"7 minut\" \/>\n\t<meta name=\"twitter:label3\" content=\"Written by\" \/>\n\t<meta name=\"twitter:data3\" content=\"Damian Matusiak\" \/>\n<!-- \/ Yoast SEO plugin. -->","yoast_head_json":{"title":"Czy nadmierna masa cia\u0142a u nastolatk\u00f3w zwi\u0119ksza ryzyko przewlek\u0142ej choroby nerek? - Centrum Wiedzy ALAB laboratoria","robots":{"index":"index","follow":"follow","max-snippet":"max-snippet:-1","max-image-preview":"max-image-preview:large","max-video-preview":"max-video-preview:-1"},"canonical":"https:\/\/www.alab.pl\/centrum-wiedzy\/czy-nadmierna-masa-ciala-u-nastolatkow-zwieksza-ryzyko-przewleklej-choroby-nerek\/","og_locale":"pl_PL","og_type":"article","og_title":"Czy nadmierna masa cia\u0142a u nastolatk\u00f3w zwi\u0119ksza ryzyko przewlek\u0142ej choroby nerek? - Centrum Wiedzy ALAB laboratoria","og_description":"Jak nadmierna masa cia\u0142a wp\u0142ywa na funkcjonowanie nerek i z czym to si\u0119 wi\u0105\u017ce w przypadku m\u0142odzie\u017cy?","og_url":"https:\/\/www.alab.pl\/centrum-wiedzy\/czy-nadmierna-masa-ciala-u-nastolatkow-zwieksza-ryzyko-przewleklej-choroby-nerek\/","og_site_name":"Centrum Wiedzy ALAB laboratoria","article_publisher":"https:\/\/www.facebook.com\/ALABlaboratoria","article_published_time":"2024-02-20T06:54:25+00:00","og_image":[{"width":1200,"height":801,"url":"https:\/\/www.alab.pl\/centrum-wiedzy\/wp-content\/uploads\/2024\/02\/otylosc-a-choroby-nerek-jpg.webp","type":"image\/webp"}],"author":"Damian Matusiak","twitter_card":"summary_large_image","twitter_misc":{"Napisane przez":"Damian Matusiak","Szacowany czas czytania":"7 minut","Written by":"Damian Matusiak"},"schema":{"@context":"https:\/\/schema.org","@graph":[{"@type":"Article","@id":"https:\/\/www.alab.pl\/centrum-wiedzy\/czy-nadmierna-masa-ciala-u-nastolatkow-zwieksza-ryzyko-przewleklej-choroby-nerek\/#article","isPartOf":{"@id":"https:\/\/www.alab.pl\/centrum-wiedzy\/czy-nadmierna-masa-ciala-u-nastolatkow-zwieksza-ryzyko-przewleklej-choroby-nerek\/"},"author":{"name":"Damian Matusiak","@id":"https:\/\/www.alab.pl\/centrum-wiedzy\/#\/schema\/person\/5709fe1c1c909754033072d7f8155a44"},"headline":"Czy nadmierna masa cia\u0142a u nastolatk\u00f3w zwi\u0119ksza ryzyko przewlek\u0142ej choroby nerek?","datePublished":"2024-02-20T06:54:25+00:00","mainEntityOfPage":{"@id":"https:\/\/www.alab.pl\/centrum-wiedzy\/czy-nadmierna-masa-ciala-u-nastolatkow-zwieksza-ryzyko-przewleklej-choroby-nerek\/"},"wordCount":1203,"publisher":{"@id":"https:\/\/www.alab.pl\/centrum-wiedzy\/#organization"},"image":{"@id":"https:\/\/www.alab.pl\/centrum-wiedzy\/czy-nadmierna-masa-ciala-u-nastolatkow-zwieksza-ryzyko-przewleklej-choroby-nerek\/#primaryimage"},"thumbnailUrl":"https:\/\/www.alab.pl\/centrum-wiedzy\/wp-content\/uploads\/2024\/02\/otylosc-a-choroby-nerek-jpg.webp","articleSection":["Choroby nerek","Zdrowie dzieci i m\u0142odzie\u017cy"],"inLanguage":"pl-PL"},{"@type":"WebPage","@id":"https:\/\/www.alab.pl\/centrum-wiedzy\/czy-nadmierna-masa-ciala-u-nastolatkow-zwieksza-ryzyko-przewleklej-choroby-nerek\/","url":"https:\/\/www.alab.pl\/centrum-wiedzy\/czy-nadmierna-masa-ciala-u-nastolatkow-zwieksza-ryzyko-przewleklej-choroby-nerek\/","name":"Czy nadmierna masa cia\u0142a u nastolatk\u00f3w zwi\u0119ksza ryzyko przewlek\u0142ej choroby nerek? - Centrum Wiedzy ALAB laboratoria","isPartOf":{"@id":"https:\/\/www.alab.pl\/centrum-wiedzy\/#website"},"primaryImageOfPage":{"@id":"https:\/\/www.alab.pl\/centrum-wiedzy\/czy-nadmierna-masa-ciala-u-nastolatkow-zwieksza-ryzyko-przewleklej-choroby-nerek\/#primaryimage"},"image":{"@id":"https:\/\/www.alab.pl\/centrum-wiedzy\/czy-nadmierna-masa-ciala-u-nastolatkow-zwieksza-ryzyko-przewleklej-choroby-nerek\/#primaryimage"},"thumbnailUrl":"https:\/\/www.alab.pl\/centrum-wiedzy\/wp-content\/uploads\/2024\/02\/otylosc-a-choroby-nerek-jpg.webp","datePublished":"2024-02-20T06:54:25+00:00","breadcrumb":{"@id":"https:\/\/www.alab.pl\/centrum-wiedzy\/czy-nadmierna-masa-ciala-u-nastolatkow-zwieksza-ryzyko-przewleklej-choroby-nerek\/#breadcrumb"},"inLanguage":"pl-PL","potentialAction":[{"@type":"ReadAction","target":["https:\/\/www.alab.pl\/centrum-wiedzy\/czy-nadmierna-masa-ciala-u-nastolatkow-zwieksza-ryzyko-przewleklej-choroby-nerek\/"]}]},{"@type":"ImageObject","inLanguage":"pl-PL","@id":"https:\/\/www.alab.pl\/centrum-wiedzy\/czy-nadmierna-masa-ciala-u-nastolatkow-zwieksza-ryzyko-przewleklej-choroby-nerek\/#primaryimage","url":"https:\/\/www.alab.pl\/centrum-wiedzy\/wp-content\/uploads\/2024\/02\/otylosc-a-choroby-nerek-jpg.webp","contentUrl":"https:\/\/www.alab.pl\/centrum-wiedzy\/wp-content\/uploads\/2024\/02\/otylosc-a-choroby-nerek-jpg.webp","width":1200,"height":801,"caption":"oty\u0142o\u015b\u0107 a choroby nerek"},{"@type":"BreadcrumbList","@id":"https:\/\/www.alab.pl\/centrum-wiedzy\/czy-nadmierna-masa-ciala-u-nastolatkow-zwieksza-ryzyko-przewleklej-choroby-nerek\/#breadcrumb","itemListElement":[{"@type":"ListItem","position":1,"name":"Strona g\u0142\u00f3wna","item":"https:\/\/www.alab.pl\/centrum-wiedzy\/"},{"@type":"ListItem","position":2,"name":"Czy nadmierna masa cia\u0142a u nastolatk\u00f3w zwi\u0119ksza ryzyko przewlek\u0142ej choroby nerek?"}]},{"@type":"WebSite","@id":"https:\/\/www.alab.pl\/centrum-wiedzy\/#website","url":"https:\/\/www.alab.pl\/centrum-wiedzy\/","name":"Centrum Wiedzy ALAB laboratoria","description":"","publisher":{"@id":"https:\/\/www.alab.pl\/centrum-wiedzy\/#organization"},"potentialAction":[{"@type":"SearchAction","target":{"@type":"EntryPoint","urlTemplate":"https:\/\/www.alab.pl\/centrum-wiedzy\/?s={search_term_string}"},"query-input":{"@type":"PropertyValueSpecification","valueRequired":true,"valueName":"search_term_string"}}],"inLanguage":"pl-PL"},{"@type":"Organization","@id":"https:\/\/www.alab.pl\/centrum-wiedzy\/#organization","name":"Centrum Wiedzy ALAB laboratoria","url":"https:\/\/www.alab.pl\/centrum-wiedzy\/","logo":{"@type":"ImageObject","inLanguage":"pl-PL","@id":"https:\/\/www.alab.pl\/centrum-wiedzy\/#\/schema\/logo\/image\/","url":"https:\/\/www.alab.pl\/centrum-wiedzy\/wp-content\/uploads\/2022\/04\/alabek.jpg","contentUrl":"https:\/\/www.alab.pl\/centrum-wiedzy\/wp-content\/uploads\/2022\/04\/alabek.jpg","width":1250,"height":1251,"caption":"Centrum Wiedzy ALAB laboratoria"},"image":{"@id":"https:\/\/www.alab.pl\/centrum-wiedzy\/#\/schema\/logo\/image\/"},"sameAs":["https:\/\/www.facebook.com\/ALABlaboratoria"]},{"@type":"Person","@id":"https:\/\/www.alab.pl\/centrum-wiedzy\/#\/schema\/person\/5709fe1c1c909754033072d7f8155a44","name":"Damian Matusiak","image":{"@type":"ImageObject","inLanguage":"pl-PL","@id":"https:\/\/www.alab.pl\/centrum-wiedzy\/wp-content\/uploads\/2023\/10\/Damian-Matusiak-jpg-150x150.webp4a39f9a6ab8bdce93cc7d4859c6e6401","url":"https:\/\/www.alab.pl\/centrum-wiedzy\/wp-content\/uploads\/2023\/10\/Damian-Matusiak-jpg-150x150.webp","contentUrl":"https:\/\/www.alab.pl\/centrum-wiedzy\/wp-content\/uploads\/2023\/10\/Damian-Matusiak-jpg-150x150.webp","caption":"Damian Matusiak"},"description":"Specjalista pediatrii, kieruj\u0105cy Oddzia\u0142em Pediatrycznym w Lesznie, absolwent Uniwersytetu Medycznego im. Karola Marcinkowskiego w Poznaniu; pasjonat ultrasonografii i nowinek ze \u015bwiata nauki.","url":"https:\/\/www.alab.pl\/centrum-wiedzy\/author\/damian-matusiak\/"}]}},"_links":{"self":[{"href":"https:\/\/www.alab.pl\/centrum-wiedzy\/wp-json\/wp\/v2\/posts\/11828","targetHints":{"allow":["GET"]}}],"collection":[{"href":"https:\/\/www.alab.pl\/centrum-wiedzy\/wp-json\/wp\/v2\/posts"}],"about":[{"href":"https:\/\/www.alab.pl\/centrum-wiedzy\/wp-json\/wp\/v2\/types\/post"}],"author":[{"embeddable":true,"href":"https:\/\/www.alab.pl\/centrum-wiedzy\/wp-json\/wp\/v2\/users\/154"}],"replies":[{"embeddable":true,"href":"https:\/\/www.alab.pl\/centrum-wiedzy\/wp-json\/wp\/v2\/comments?post=11828"}],"version-history":[{"count":0,"href":"https:\/\/www.alab.pl\/centrum-wiedzy\/wp-json\/wp\/v2\/posts\/11828\/revisions"}],"wp:featuredmedia":[{"embeddable":true,"href":"https:\/\/www.alab.pl\/centrum-wiedzy\/wp-json\/wp\/v2\/media\/12048"}],"wp:attachment":[{"href":"https:\/\/www.alab.pl\/centrum-wiedzy\/wp-json\/wp\/v2\/media?parent=11828"}],"wp:term":[{"taxonomy":"category","embeddable":true,"href":"https:\/\/www.alab.pl\/centrum-wiedzy\/wp-json\/wp\/v2\/categories?post=11828"},{"taxonomy":"post_tag","embeddable":true,"href":"https:\/\/www.alab.pl\/centrum-wiedzy\/wp-json\/wp\/v2\/tags?post=11828"},{"taxonomy":"author","embeddable":true,"href":"https:\/\/www.alab.pl\/centrum-wiedzy\/wp-json\/wp\/v2\/coauthors?post=11828"}],"curies":[{"name":"wp","href":"https:\/\/api.w.org\/{rel}","templated":true}]}}