{"id":11872,"date":"2024-02-09T11:45:58","date_gmt":"2024-02-09T10:45:58","guid":{"rendered":"https:\/\/sklep.alablaboratoria.pl\/centrum-wiedzy\/?p=11872"},"modified":"2024-02-09T11:45:58","modified_gmt":"2024-02-09T10:45:58","slug":"zakazenie-rany-przyczyny-objawy-diagnostyka-i-leczenie","status":"publish","type":"post","link":"https:\/\/www.alab.pl\/centrum-wiedzy\/zakazenie-rany-przyczyny-objawy-diagnostyka-i-leczenie\/","title":{"rendered":"Zaka\u017cenie rany &#8211; przyczyny, objawy, diagnostyka i leczenie"},"content":{"rendered":"\n<p>Spis tre\u015bci<\/p>\n\n\n\n<ol class=\"wp-block-list\">\n<li><a href=\"#r1\">Czym jest rana i jak dochodzi do jej powstania?<\/a><\/li>\n\n\n\n<li><a href=\"#r2\">Gojenie si\u0119 ran<\/a><\/li>\n\n\n\n<li><a href=\"#r3\">Jak dochodzi do zaka\u017cenia rany?<\/a><\/li>\n\n\n\n<li><a href=\"#r4\">Objawy zaka\u017cenia rany<\/a><\/li>\n\n\n\n<li><a href=\"#r5\">Etiologia zaka\u017ce\u0144 ran<\/a><\/li>\n\n\n\n<li><a href=\"#r6\">Diagnostyka mikrobiologiczna<\/a><\/li>\n\n\n\n<li><a href=\"#r7\">Wymaz z rany<\/a><\/li>\n\n\n\n<li><a href=\"#r8\">Post\u0119powanie z ran\u0105<\/a><\/li>\n\n\n\n<li><a href=\"#r9\">Antybiotykoterapia w zaka\u017ceniach ran<\/a><\/li>\n<\/ol>\n\n\n\n<p><strong>Zaka\u017cenia ran<\/strong> mog\u0105 prowadzi\u0107 do gro\u017anych dla organizmu powik\u0142a\u0144, z ryzykiem rozwoju<a href=\"https:\/\/www.alab.pl\/centrum-wiedzy\/sepsa-dlaczego-budzi-niepokoj\/\"> sepsy<\/a> w\u0142\u0105cznie. Jak dochodzi do powstania rany i czy mo\u017cna przeciwdzia\u0142a\u0107 jej zaka\u017ceniu? Jak zminimalizowa\u0107 ryzyko rozprzestrzenienia si\u0119 <a href=\"https:\/\/www.alab.pl\/centrum-wiedzy\/infekcja\/\">infekcji<\/a> z rany na inne tkanki? Artyku\u0142 jest odpowiedzi\u0105 na wiele istotnych pyta\u0144.<\/p>\n\n\n\n<h2 class=\"wp-block-heading\" id=\"r1\">Czym jest rana i jak dochodzi do jej powstania?<\/h2>\n\n\n\n<p>Rana powstaje na skutek <strong>przerwania ci\u0105g\u0142o\u015bci sk\u00f3ry lub b\u0142on \u015bluzowych oraz tkanek pod nimi le\u017c\u0105cych<\/strong>. Czynnikami&nbsp;uszkadzaj\u0105cymi anatomiczn\u0105 ci\u0105g\u0142o\u015b\u0107 tkanek s\u0105 urazy mechaniczne, oparzenia i urazy chemiczne.<\/p>\n\n\n\n<p><strong>W zale\u017cno\u015bci od mechanizmu powstania dzielimy rany na:<\/strong><\/p>\n\n\n\n<ul class=\"wp-block-list\">\n<li><strong>otarcia i zadrapania<\/strong> \u2013 uszkodzenie nask\u00f3rka i powierzchownych warstw sk\u00f3ry w\u0142a\u015bciwej,<\/li>\n\n\n\n<li><strong>rany ci\u0119te<\/strong> &#8211; skutek zranienia ostrym przedmiotem, niewielkie uszkodzenie tkanek, zwykle szybkie gojenie,<\/li>\n\n\n\n<li><strong>rany k\u0142ute<\/strong> \u2013 skutek dzia\u0142ania d\u0142ugim ostrym przedmiotem, rana mo\u017ce by\u0107 g\u0142\u0119boka, zranieniu mog\u0105 ulec narz\u0105dy wewn\u0119trzne,<\/li>\n\n\n\n<li><strong>rany r\u0105bane<\/strong> &#8211; skutek urazu ci\u0119\u017ckim i ostrym przedmiotem, g\u0142\u0119bokie uszkodzenie tkanek,<\/li>\n\n\n\n<li><strong>rany t\u0142uczone<\/strong> \u2013 skutek uderzenia t\u0119pym przedmiotem, brzegi rany s\u0105 nier\u00f3wne, dochodzi do st\u0142uczenia tkanek,<\/li>\n\n\n\n<li><strong>rany mia\u017cd\u017cone <\/strong>\u2013 podobnie jak rany t\u0142uczone, ale uraz powstaje z wi\u0119ksz\u0105 si\u0142\u0105 uderzenia i dochodzi do zmia\u017cd\u017cenia tkanek,<\/li>\n\n\n\n<li><strong>rany k\u0105sane<\/strong> \u2013 rezultat ugryzienia, mo\u017ce doj\u015b\u0107 do zaka\u017cenia flor\u0105 jamy ustnej zwierz\u0119cia, rany \u017ale goj\u0105ce si\u0119,<\/li>\n\n\n\n<li><strong>rany szarpane <\/strong>\u2013 powstaj\u0105 wskutek dzia\u0142ania przedmiot\u00f3w zakrzywionych, szarpi\u0105cych sk\u00f3r\u0119 (np. drut kolczasty),<\/li>\n\n\n\n<li><strong>rany postrza\u0142owe <\/strong>&#8211; powodowane postrzeleniem z broni palnej, wybuchem miny, bomby, granatu,&nbsp; znaczne uszkodzenia wewn\u0119trzne.<\/li>\n<\/ul>\n\n\n\n<h2 class=\"wp-block-heading\" id=\"r2\">Gojenie si\u0119 ran<\/h2>\n\n\n\n<p>Gojenie rany rozpoczyna si\u0119 tu\u017c po jej powstaniu i obejmuje wszystkie mechanizmy biologiczne prowadz\u0105ce do zamkni\u0119cia rany i jej zabli\u017anienia. W\u0142a\u015bciwemu gojeniu mo\u017ce podlega\u0107 wy\u0142\u0105cznie czysta rana.<\/p>\n\n\n\n<p><strong>Fazy gojenia rany:<\/strong><\/p>\n\n\n\n<ul class=\"wp-block-list\">\n<li>oczyszczanie (zapalenie),<\/li>\n\n\n\n<li>przebudowa \/ kszta\u0142towanie,<\/li>\n\n\n\n<li>obkurczanie, wytwarzanie blizn.<\/li>\n<\/ul>\n\n\n\n<p>Szybko\u015b\u0107 gojenia si\u0119 rany zale\u017cna jest od jej umiejscowienia, zanieczyszczenia (zaka\u017cenie rany, obecno\u015b\u0107 tkanek martwiczych), sposobu zaopatrzenia (post\u0119powanie z ran\u0105) oraz stanu zdrowia rannego.<\/p>\n\n\n\n<figure class=\"wp-block-image size-full\"><img loading=\"lazy\" decoding=\"async\" width=\"1200\" height=\"692\" src=\"https:\/\/www.alab.pl\/centrum-wiedzy\/wp-content\/uploads\/2024\/02\/proces-gojenia-sie-rany-infografika-jpg.webp\" alt=\"proces gojenia si\u0119 rany infografika\" class=\"wp-image-11910\" srcset=\"https:\/\/www.alab.pl\/centrum-wiedzy\/wp-content\/uploads\/2024\/02\/proces-gojenia-sie-rany-infografika-jpg.webp 1200w, https:\/\/www.alab.pl\/centrum-wiedzy\/wp-content\/uploads\/2024\/02\/proces-gojenia-sie-rany-infografika-jpg-768x443.webp 768w, https:\/\/www.alab.pl\/centrum-wiedzy\/wp-content\/uploads\/2024\/02\/proces-gojenia-sie-rany-infografika-jpg-150x87.webp 150w, https:\/\/www.alab.pl\/centrum-wiedzy\/wp-content\/uploads\/2024\/02\/proces-gojenia-sie-rany-infografika-jpg-300x173.webp 300w, https:\/\/www.alab.pl\/centrum-wiedzy\/wp-content\/uploads\/2024\/02\/proces-gojenia-sie-rany-infografika-jpg-696x401.webp 696w, https:\/\/www.alab.pl\/centrum-wiedzy\/wp-content\/uploads\/2024\/02\/proces-gojenia-sie-rany-infografika-jpg-1068x616.webp 1068w\" sizes=\"auto, (max-width: 1200px) 100vw, 1200px\" \/><\/figure>\n\n\n\n<p><strong>Podzia\u0142 ran ze wzgl\u0119du na czas gojenia:<\/strong><\/p>\n\n\n\n<ul class=\"wp-block-list\">\n<li><strong>rany ostre czyste (w tym chirurgiczne) <\/strong>\u2013 charakteryzuj\u0105 si\u0119 kr\u00f3tkim czasem gojenia \u2013 do 8 dni (max 6-8 tygodni),<\/li>\n\n\n\n<li><strong>rany przewlek\u0142e <\/strong>\u2013 czas ich gojenia trwa ponad 6-8 tygodni, bywa wyd\u0142u\u017cony do kilkunastu tygodni, a nawet wielu lat.<\/li>\n<\/ul>\n\n\n\n<h2 class=\"wp-block-heading\" id=\"r3\">Jak dochodzi do zaka\u017cenia rany?<\/h2>\n\n\n\n<p><strong>Zaka\u017cenie<\/strong> jest jedn\u0105 z najbardziej istotnych przyczyn przed\u0142u\u017caj\u0105cego si\u0119 gojenia rany i pojawienia si\u0119 powa\u017cnych problem\u00f3w zdrowotnych, z zagro\u017ceniem \u017cycia pacjenta w\u0142\u0105cznie. <strong>\u0179r\u00f3d\u0142em infekcji mog\u0105 by\u0107: flora w\u0142asna rannego, ska\u017cone przedmioty, ziemia, osoby z bezpo\u015bredniego kontaktu. <\/strong>Czynnikami ryzyka wyst\u0105pienia zaka\u017cenia rany s\u0105 zar\u00f3wno w\u0142a\u015bciwo\u015bci chorobotw\u00f3rcze drobnoustroju, kondycja chorego, jak i niedostateczna piel\u0119gnacja rany oraz nieprawid\u0142owe leczenie. Na zaka\u017cenie rany najbardziej nara\u017cone s\u0105 osoby ze skrajnych grup wiekowych, z chorobami infekcyjnymi, z zaburzeniami odporno\u015bci, oty\u0142e lub niedo\u017cywione, nadu\u017cywaj\u0105ce alkoholu, wyniszczone.<\/p>\n\n\n\n<p><strong>Pojawienie si\u0119 drobnoustroj\u00f3w w ranie nie jest r\u00f3wnoznaczne z zaka\u017ceniem. Infekcja rozwija si\u0119 stopniowo.<\/strong><\/p>\n\n\n\n<p>Etapy rozwoju zaka\u017cenia w ranie:<\/p>\n\n\n\n<ul class=\"wp-block-list\">\n<li><strong>ska\u017cenie rany (kontaminacja) &#8211; <\/strong>drobnoustroje s\u0105 obecne w ranie, ale nie namna\u017caj\u0105 si\u0119,<\/li>\n\n\n\n<li><strong>kolonizacja rany <\/strong>&#8211; bakterie namna\u017caj\u0105 si\u0119 w ranie, nie powoduj\u0105 jednak reakcji zapalnej i nie uszkadzaj\u0105 tkanek,<\/li>\n\n\n\n<li><strong>kolonizacja krytyczna <\/strong>&#8211; drobnoustroje intensywnie namna\u017caj\u0105 si\u0119, proces gojenia jest zahamowany, nie ma jednak klasycznych objaw\u00f3w infekcji,<\/li>\n\n\n\n<li><strong>infekcja miejscowa<\/strong> &#8211; dochodzi do odpowiedzi immunologicznej gospodarza i w nast\u0119pstwie wyst\u0105pienia miejscowych objaw\u00f3w klinicznych,<\/li>\n\n\n\n<li><strong>infekcja uog\u00f3lniona <\/strong>&#8211; poza objawami infekcji miejscowej dochodzi do og\u00f3lnoustrojowej reakcji immunologicznej.<\/li>\n<\/ul>\n\n\n\n<h2 class=\"wp-block-heading\" id=\"r4\">Objawy zaka\u017cenia rany<\/h2>\n\n\n\n<p>Objawy kliniczne zaka\u017cenia rany s\u0105 r\u00f3\u017cne, w zale\u017cno\u015bci od stopnia rozwoju infekcji.<\/p>\n\n\n\n<ul class=\"wp-block-list\">\n<li>W pocz\u0105tkowym etapie wok\u00f3\u0142 rany pojawia si\u0119 <strong>niewielkie zaczerwienienie<\/strong>, stwierdzany jest <strong>zwi\u0119kszony wysi\u0119k, nadwra\u017cliwo\u015b\u0107, odczucie b\u00f3lu<\/strong>. Proces gojenie jest zaburzony w niewielkim stopniu.<\/li>\n\n\n\n<li>W nast\u0119pnym stadium infekcji miejscowej symptomy s\u0105 bardziej nasilone. Obserwuje si\u0119 <strong>rumie\u0144, obrz\u0119k, wysi\u0119k ropny o nieprzyjemnym zapachu, zwi\u0119ksza si\u0119 ciep\u0142ota cia\u0142a wok\u00f3\u0142 rany oraz odczuwalny jest b\u00f3l<\/strong>.<\/li>\n\n\n\n<li>W kolejnym etapie zaka\u017cenia, opr\u00f3cz objaw\u00f3w infekcji miejscowej, dochodzi do <strong>zaj\u0119cia s\u0105siaduj\u0105cych tkanek<\/strong>, stan rany i tkanek otaczaj\u0105cych ulega znacznemu pogorszeniu.<\/li>\n\n\n\n<li>Najci\u0119\u017cszym stadium rozwoju zaka\u017cenia rany jest <strong>infekcja og\u00f3lnoustrojowa<\/strong>, kt\u00f3ra mo\u017ce prowadzi\u0107 do sepsy i uszkodzenia narz\u0105d\u00f3w wewn\u0119trznych. Objawami zaka\u017cenia rany og\u00f3lnoustrojowego s\u0105: <strong>gor\u0105czka, leukocytoza, zwi\u0119kszone <a href=\"https:\/\/www.alab.pl\/badanie\/bialko-c-reaktywne-crp-ilosciowe-i81\" target=\"_blank\" rel=\"noreferrer noopener\">st\u0119\u017cenie CRP (bia\u0142ko C-reaktywne)<\/a> i prokalcytoniny we krwi<\/strong>.<\/li>\n\n\n\n<li>W ranach <strong>przewlek\u0142ych <\/strong>charakterystycznymi symptomami zaka\u017cenia rany s\u0105: <strong>wysoki poziom b\u00f3lu, zaburzenia procesu gojenia, zwi\u0119kszony wysi\u0119k, uszkodzenie tkanek przyrannych, przykry zapach, s\u0142abe ziarninowanie oraz zmiana zabarwienia w obr\u0119bie ziarniny<\/strong>.<\/li>\n<\/ul>\n\n\n\n<figure class=\"wp-block-image size-full\"><a href=\"https:\/\/www.alab.pl\/badanie\/bialko-c-reaktywne-crp-ilosciowe-i81\" target=\"_blank\" rel=\"noreferrer noopener\"><img loading=\"lazy\" decoding=\"async\" width=\"800\" height=\"200\" src=\"https:\/\/www.alab.pl\/centrum-wiedzy\/wp-content\/uploads\/2023\/07\/Badanie-CRP-bialko-C-reaktywne-jpg.webp\" alt=\"crp baner\" class=\"wp-image-7340\" srcset=\"https:\/\/www.alab.pl\/centrum-wiedzy\/wp-content\/uploads\/2023\/07\/Badanie-CRP-bialko-C-reaktywne-jpg.webp 800w, https:\/\/www.alab.pl\/centrum-wiedzy\/wp-content\/uploads\/2023\/07\/Badanie-CRP-bialko-C-reaktywne-jpg-768x192.webp 768w, https:\/\/www.alab.pl\/centrum-wiedzy\/wp-content\/uploads\/2023\/07\/Badanie-CRP-bialko-C-reaktywne-jpg-150x38.webp 150w, https:\/\/www.alab.pl\/centrum-wiedzy\/wp-content\/uploads\/2023\/07\/Badanie-CRP-bialko-C-reaktywne-jpg-300x75.webp 300w, https:\/\/www.alab.pl\/centrum-wiedzy\/wp-content\/uploads\/2023\/07\/Badanie-CRP-bialko-C-reaktywne-jpg-696x174.webp 696w\" sizes=\"auto, (max-width: 800px) 100vw, 800px\" \/><\/a><\/figure>\n\n\n\n<h2 class=\"wp-block-heading\" id=\"r5\">Etiologia zaka\u017ce\u0144 ran<\/h2>\n\n\n\n<p>Infekcja rany wywo\u0142ywana jest g\u0142\u00f3wnie przez<strong> bakterie<\/strong>. Najcz\u0119\u015bciej s\u0105 to:&nbsp; <em>Staphylococcus aureus <\/em>(gronkowiec z\u0142ocisty), <em>Streptococcus pyogenes <\/em>(paciorkowiec gr. A)<em>, Escherichia coli <\/em>i<em> Pseudomonas aeruginosa <\/em>(pa\u0142eczka ropy b\u0142\u0119kitnej)<em>. <\/em>Cz\u0119st\u0105 przyczyn\u0105 infekcji mog\u0105 by\u0107 r\u00f3wnie\u017c enterokoki (<em>Enterococcus faecalis, Enterococcus faecium<\/em>), gronkowce koagulazoujemne i <em>Corynebacterium spp.<\/em><\/p>\n\n\n\n<p>Z ran g\u0142\u0119bokich, opr\u00f3cz bakterii tlenowych, takich jak np.&nbsp; <em>Enterobacter cloacae, Proteus mirabilis, Klebsiella pneumoniae, Escherichia coli, Pseudomonas aeruginosa,&nbsp; Acinetobacter baumanni, <\/em>izolowane s\u0105 r\u00f3wnie\u017c bakterie, kt\u00f3rym dla rozwoju niezb\u0119dne s\u0105 warunki beztlenowe: <em>Finegoldia magna, Bacteroides spp., Fusobacterium spp., Peptostreptococcus spp., Clostridium spp., Propionibacterium acnes.<\/em><\/p>\n\n\n\n<p><strong>Grzybicze zaka\u017cenia ran<\/strong> wywo\u0142ywane s\u0105 g\u0142\u00f3wnie grzyby dro\u017cd\u017copodobne z gatunku <em>Candida albicans<\/em> oraz ple\u015bnie z rodzaju <em>Aspergillus<\/em>.<\/p>\n\n\n\n<p>Bakterie i grzyby mog\u0105 wyst\u0119powa\u0107 w ranie w postaci pojedynczych kom\u00f3rek oraz w postaci biofilmu. Drobnoustroje obecne w biofilmie unikaj\u0105 odpowiedzi immunologicznej gospodarza i s\u0105 odporne na dzia\u0142anie <a href=\"https:\/\/www.alab.pl\/centrum-wiedzy\/antybiotyki-czy-nadal-sa-skuteczne\/\">antybiotyk\u00f3w<\/a>, w tym stosowanych miejscowo.<\/p>\n\n\n\n<h2 class=\"wp-block-heading\" id=\"r6\">Diagnostyka mikrobiologiczna<\/h2>\n\n\n\n<p>Kontrola infekcji jest niezwykle wa\u017cna dla procesu leczenia ran, a jednym z istotnych element\u00f3w tego post\u0119powania jest diagnostyka mikrobiologiczna. <strong>Materia\u0142 do badania laboratoryjnego powinien by\u0107 pobierany, je\u017celi wyst\u0119puj\u0105 charakterystyczne objawy kliniczne zaka\u017cenia rany<\/strong>. Sama obecno\u015b\u0107 drobnoustroj\u00f3w w ranie nie jest jednoznaczna z infekcj\u0105, a wynik badania mikrobiologicznego nie powinien stanowi\u0107 kryterium rozpoznania. W praktyce&nbsp;r\u00f3\u017cnicowanie mi\u0119dzy kolonizacj\u0105, kolonizacj\u0105 krytyczn\u0105 i infekcj\u0105 jest bardzo trudne, szczeg\u00f3lnie u pacjent\u00f3w z ranami przewlek\u0142ymi, i wymaga od interpretuj\u0105cego du\u017cego do\u015bwiadczenia.<\/p>\n\n\n\n<p>Materia\u0142em do badania mikrobiologicznego rany jest <strong>bioptat lub wymaz z rany<\/strong>. Bioptat s\u0142u\u017cy do wykonania badania jako\u015bciowego i ilo\u015bciowego i jest uznawany za metod\u0119 referencyjn\u0105 w diagnostyce zaka\u017ce\u0144 ran.<strong> <\/strong>Wymaz z rany s\u0142u\u017cy do badania jako\u015bciowego i mo\u017ce by\u0107 pobierany r\u00f3wnie\u017c w punktach pobra\u0144. W wymazie mo\u017cna oceni\u0107 liczebno\u015b\u0107 bakterii metod\u0105 p\u00f3\u0142ilo\u015bciow\u0105 (s\u0142aby, \u015bredni, obfity wzrost).<\/p>\n\n\n\n<figure class=\"wp-block-image size-full\"><a href=\"https:\/\/www.alab.pl\/badanie\/posiew-wymazu-z-rany-beztlenowo-91831\" target=\"_blank\" rel=\"noreferrer noopener\"><img loading=\"lazy\" decoding=\"async\" width=\"800\" height=\"200\" src=\"https:\/\/www.alab.pl\/centrum-wiedzy\/wp-content\/uploads\/2024\/02\/Posiew-wymazu-z-rany-beztlenowo-jpg.webp\" alt=\"posiew wymazu z rany beztlenowo \" class=\"wp-image-11912\" srcset=\"https:\/\/www.alab.pl\/centrum-wiedzy\/wp-content\/uploads\/2024\/02\/Posiew-wymazu-z-rany-beztlenowo-jpg.webp 800w, https:\/\/www.alab.pl\/centrum-wiedzy\/wp-content\/uploads\/2024\/02\/Posiew-wymazu-z-rany-beztlenowo-jpg-768x192.webp 768w, https:\/\/www.alab.pl\/centrum-wiedzy\/wp-content\/uploads\/2024\/02\/Posiew-wymazu-z-rany-beztlenowo-jpg-150x38.webp 150w, https:\/\/www.alab.pl\/centrum-wiedzy\/wp-content\/uploads\/2024\/02\/Posiew-wymazu-z-rany-beztlenowo-jpg-300x75.webp 300w, https:\/\/www.alab.pl\/centrum-wiedzy\/wp-content\/uploads\/2024\/02\/Posiew-wymazu-z-rany-beztlenowo-jpg-696x174.webp 696w\" sizes=\"auto, (max-width: 800px) 100vw, 800px\" \/><\/a><\/figure>\n\n\n\n<h2 class=\"wp-block-heading\" id=\"r7\">Wymaz z rany<\/h2>\n\n\n\n<p>Pr\u00f3bka do badania laboratoryjnego pobierana jest przez personel medyczny przed w\u0142\u0105czeniem lek\u00f3w i \u015brodk\u00f3w o dzia\u0142aniu przeciwdrobnoustrojowym.<\/p>\n\n\n\n<p>\u0141o\u017cysko rany powinno by\u0107 do pobrania wymazu odpowiednio przygotowane. W tym celu nale\u017cy:<\/p>\n\n\n\n<ul class=\"wp-block-list\">\n<li>zdj\u0105\u0107 opatrunki,<\/li>\n\n\n\n<li>zdezynfekowa\u0107 sk\u00f3r\u0119 wok\u00f3\u0142 rany \u015brodkiem do sk\u00f3ry zdrowej,<\/li>\n\n\n\n<li>umy\u0107 ran\u0119 (preparaty bez dodatk\u00f3w \u015brodk\u00f3w antyseptycznych),<\/li>\n\n\n\n<li>oczy\u015bci\u0107 ran\u0119 (stosowane s\u0105 metody mechaniczne, biologiczne, enzymatyczne lub autolityczne).<\/li>\n<\/ul>\n\n\n\n<p>Wymaz pobierany jest wy\u0142\u0105cznie z \u017cywych tkanek lub ropy. Do pozyskania materia\u0142u z rany stosowane s\u0105 r\u00f3\u017cne metody. Technika &#8222;Z&#8221; polega na przemieszczaniu wymaz\u00f3wki poprzez \u0142o\u017cysko rany ruchem zygzakowym, bez uciskania, przez minimum 10 pkt zwrotnych. Technika Levine&#8217;a polega na wykonaniu wymaz\u00f3wk\u0105 w \u0142o\u017cysku rany ruch\u00f3w obrotowych z uciskiem celem uzyskania wysi\u0119ku.<\/p>\n\n\n\n<p>Pobrany wymaz przesy\u0142any jest do pracowni mikrobiologicznej na specjalnym pod\u0142o\u017cu transportowym. W laboratorium materia\u0142 zostaje posiany na p\u0142ynne i sta\u0142e po\u017cywki bakteriologiczne. Z namno\u017conych i zidentyfikowanych do gatunku organizm\u00f3w wykonywany jest test lekowra\u017cliwo\u015bci (antybiogram \/ mykogram).<\/p>\n\n\n\n<figure class=\"wp-block-image size-full\"><a href=\"https:\/\/www.alab.pl\/badanie\/posiew-wymazu-z-rany-tlenowo-91831\" target=\"_blank\" rel=\"noreferrer noopener\"><img loading=\"lazy\" decoding=\"async\" width=\"800\" height=\"200\" src=\"https:\/\/www.alab.pl\/centrum-wiedzy\/wp-content\/uploads\/2024\/02\/Posiew-wymazu-z-rany-tlenowo-jpg.webp\" alt=\"posiew wymazu z rany tlenowo\" class=\"wp-image-11913\" srcset=\"https:\/\/www.alab.pl\/centrum-wiedzy\/wp-content\/uploads\/2024\/02\/Posiew-wymazu-z-rany-tlenowo-jpg.webp 800w, https:\/\/www.alab.pl\/centrum-wiedzy\/wp-content\/uploads\/2024\/02\/Posiew-wymazu-z-rany-tlenowo-jpg-768x192.webp 768w, https:\/\/www.alab.pl\/centrum-wiedzy\/wp-content\/uploads\/2024\/02\/Posiew-wymazu-z-rany-tlenowo-jpg-150x38.webp 150w, https:\/\/www.alab.pl\/centrum-wiedzy\/wp-content\/uploads\/2024\/02\/Posiew-wymazu-z-rany-tlenowo-jpg-300x75.webp 300w, https:\/\/www.alab.pl\/centrum-wiedzy\/wp-content\/uploads\/2024\/02\/Posiew-wymazu-z-rany-tlenowo-jpg-696x174.webp 696w\" sizes=\"auto, (max-width: 800px) 100vw, 800px\" \/><\/a><\/figure>\n\n\n\n<h2 class=\"wp-block-heading\" id=\"r8\">Post\u0119powanie z ran\u0105<\/h2>\n\n\n\n<p>Podstaw\u0105 prawid\u0142owego post\u0119powania z ran\u0105 jest w\u0142a\u015bciwe jej opracowanie i leczenie miejscowe. Zgodnie z obowi\u0105zuj\u0105cymi zaleceniami powinno by\u0107 to oparte na za\u0142o\u017ceniach strategii TIME.<\/p>\n\n\n\n<p><strong>Strategia TIME:<\/strong><\/p>\n\n\n\n<ul class=\"wp-block-list\">\n<li><strong>T<\/strong>&nbsp; (ang. <em>tissue debridement<\/em>) &#8211; ocena stanu rany i jej oczyszczenie,<\/li>\n\n\n\n<li><strong>I<\/strong>&nbsp; (ang. <em>infection and inflammation control<\/em>) &#8211;&nbsp; kontrola infekcji i rozwoju procesu zapalnego,<\/li>\n\n\n\n<li><strong>M<\/strong> (ang. <em>moisture balance<\/em>) &#8211; utrzymanie w\u0142a\u015bciwego poziomu wilgotno\u015bci w ranie,<\/li>\n\n\n\n<li><strong>E<\/strong> (ang. <em>epidermization stimulation<\/em>) \u2013 stymulacja nask\u00f3rkowania.<\/li>\n<\/ul>\n\n\n\n<p>Powy\u017csza strategia ma na celu rozpoznanie czynnik\u00f3w hamuj\u0105cych gojenie rany i przeciwdzia\u0142anie ich wp\u0142ywowi na prawid\u0142owo\u015b\u0107 procesu gojenia.<\/p>\n\n\n\n<h2 class=\"wp-block-heading\" id=\"r9\">Antybiotykoterapia w zaka\u017ceniach ran<\/h2>\n\n\n\n<p>Leczenie przeciwustrojowe (antybiotykoterapia) ma uzasadnienie w przypadku, gdy infekcja rozszerza si\u0119 poza \u0142o\u017cysko rany i prowadzi do zaka\u017cenia krwi, zapalenia tkanek (kostnej, \u0142\u0105cznej, naczy\u0144 ch\u0142onnych) lub wyst\u0119puj\u0105 inne objawy \u015bwiadcz\u0105ce o inwazyjnych charakterze zaka\u017cenia. Antybiotyki podawane s\u0105 og\u00f3lnie, nie nale\u017cy stosowa\u0107 antybiotyk\u00f3w miejscowo.<\/p>\n\n\n\n<hr class=\"wp-block-separator has-alpha-channel-opacity\"\/>\n\n\n\n<p>Pi\u015bmiennictwo<\/p>\n\n\n\n<ol class=\"wp-block-list\">\n<li>Wytyczne post\u0119powania miejscowego w ranach niezaka\u017conych, zagro\u017conych infekcj\u0105 oraz zaka\u017conych &#8211; przegl\u0105d dost\u0119pnych substancji przeciwdrobnoustrojowych stosowanych w leczeniu ran. Zalecenia Polskiego Towarzystwa Leczenia Ran. LECZENIE RAN 2020; 17 (1): 1-21<\/li>\n\n\n\n<li>Maria T. Szewczyk, , Eugenia Gospodarek i inni , Zaka\u017cenia ran przewlek\u0142ych \u2013 powa\u017cny problem medyczny; Piel\u0119gniarstwo Chirurgiczne i Angiologiczne 2015; 1: 1\u20136<\/li>\n\n\n\n<li>dr hab. med. Jerzy Su\u0142ko, Rana:<a href=\"https:\/\/www.mp.pl\/pacjent\/pierwsza_pomoc\/165475,rana\" target=\"_blank\" rel=\"noreferrer noopener nofollow\"> https:\/\/www.mp.pl\/pacjent\/pierwsza_pomoc\/165475,rana<\/a>&nbsp; (dost\u0119p 04.02.2024 r.)<\/li>\n\n\n\n<li>Prof. dr hab. med. Waleria Hryniewicz i inni, \u201eStosowanie antybiotyk\u00f3w w wybranych zaka\u017ceniach sk\u00f3ry i tkanek mi\u0119kkich\u201d- rekomendacje zalecane przez: Konsultanta krajowego ds. mikrobiologii lekarskiej Konsultanta krajowego ds. chirurgii og\u00f3lnej;&nbsp; Wydawnictwo w ramach programu zdrowotnego pn. \u201eNarodowy Program Ochrony na lata 2011-2015\u201d<\/li>\n<\/ol>\n","protected":false},"excerpt":{"rendered":"<p>Jak post\u0119powa\u0107 z ran\u0105, by zminimalizowa\u0107 ryzyko zaka\u017cenia?<\/p>\n","protected":false},"author":95,"featured_media":11915,"comment_status":"closed","ping_status":"open","sticky":false,"template":"","format":"standard","meta":{"_acf_changed":false,"inline_featured_image":false,"footnotes":""},"categories":[23],"tags":[],"coauthors":[154],"class_list":{"0":"post-11872","1":"post","2":"type-post","3":"status-publish","4":"format-standard","5":"has-post-thumbnail","7":"category-infekcje-i-pasozyty"},"acf":[],"yoast_head":"<!-- This site is optimized with the Yoast SEO plugin v27.4 - https:\/\/yoast.com\/product\/yoast-seo-wordpress\/ -->\n<title>Zaka\u017cenie rany - przyczyny, diagnostyka, leczenie<\/title>\n<meta name=\"description\" content=\"Dowiedz si\u0119, czy zaka\u017cenie rany mo\u017ce by\u0107 niebezpieczne i jak post\u0119powa\u0107 po jego zdiagnozowaniu | Centrum Wiedzy ALAB Laboratoria\" \/>\n<meta name=\"robots\" content=\"index, follow, max-snippet:-1, max-image-preview:large, max-video-preview:-1\" \/>\n<link rel=\"canonical\" href=\"https:\/\/www.alab.pl\/centrum-wiedzy\/zakazenie-rany-przyczyny-objawy-diagnostyka-i-leczenie\/\" \/>\n<meta property=\"og:locale\" content=\"pl_PL\" \/>\n<meta property=\"og:type\" content=\"article\" \/>\n<meta property=\"og:title\" content=\"Zaka\u017cenie rany - przyczyny, diagnostyka, leczenie\" \/>\n<meta property=\"og:description\" content=\"Dowiedz si\u0119, czy zaka\u017cenie rany mo\u017ce by\u0107 niebezpieczne i jak post\u0119powa\u0107 po jego zdiagnozowaniu | Centrum Wiedzy ALAB Laboratoria\" \/>\n<meta property=\"og:url\" content=\"https:\/\/www.alab.pl\/centrum-wiedzy\/zakazenie-rany-przyczyny-objawy-diagnostyka-i-leczenie\/\" \/>\n<meta property=\"og:site_name\" content=\"Centrum Wiedzy ALAB laboratoria\" \/>\n<meta property=\"article:publisher\" content=\"https:\/\/www.facebook.com\/ALABlaboratoria\" \/>\n<meta property=\"article:published_time\" content=\"2024-02-09T10:45:58+00:00\" \/>\n<meta property=\"og:image\" content=\"https:\/\/www.alab.pl\/centrum-wiedzy\/wp-content\/uploads\/2024\/02\/zakazenie-rany-jpg.webp\" \/>\n\t<meta property=\"og:image:width\" content=\"1200\" \/>\n\t<meta property=\"og:image:height\" content=\"801\" \/>\n\t<meta property=\"og:image:type\" content=\"image\/webp\" \/>\n<meta name=\"author\" content=\"Elwira Zawidzka\" \/>\n<meta name=\"twitter:card\" content=\"summary_large_image\" \/>\n<meta name=\"twitter:label1\" content=\"Napisane przez\" \/>\n\t<meta name=\"twitter:data1\" content=\"Elwira Zawidzka\" \/>\n\t<meta name=\"twitter:label2\" content=\"Szacowany czas czytania\" \/>\n\t<meta name=\"twitter:data2\" content=\"9 minut\" \/>\n\t<meta name=\"twitter:label3\" content=\"Written by\" \/>\n\t<meta name=\"twitter:data3\" content=\"Elwira Zawidzka\" \/>\n<!-- \/ Yoast SEO plugin. -->","yoast_head_json":{"title":"Zaka\u017cenie rany - przyczyny, diagnostyka, leczenie","description":"Dowiedz si\u0119, czy zaka\u017cenie rany mo\u017ce by\u0107 niebezpieczne i jak post\u0119powa\u0107 po jego zdiagnozowaniu | Centrum Wiedzy ALAB Laboratoria","robots":{"index":"index","follow":"follow","max-snippet":"max-snippet:-1","max-image-preview":"max-image-preview:large","max-video-preview":"max-video-preview:-1"},"canonical":"https:\/\/www.alab.pl\/centrum-wiedzy\/zakazenie-rany-przyczyny-objawy-diagnostyka-i-leczenie\/","og_locale":"pl_PL","og_type":"article","og_title":"Zaka\u017cenie rany - przyczyny, diagnostyka, leczenie","og_description":"Dowiedz si\u0119, czy zaka\u017cenie rany mo\u017ce by\u0107 niebezpieczne i jak post\u0119powa\u0107 po jego zdiagnozowaniu | Centrum Wiedzy ALAB Laboratoria","og_url":"https:\/\/www.alab.pl\/centrum-wiedzy\/zakazenie-rany-przyczyny-objawy-diagnostyka-i-leczenie\/","og_site_name":"Centrum Wiedzy ALAB laboratoria","article_publisher":"https:\/\/www.facebook.com\/ALABlaboratoria","article_published_time":"2024-02-09T10:45:58+00:00","og_image":[{"width":1200,"height":801,"url":"https:\/\/www.alab.pl\/centrum-wiedzy\/wp-content\/uploads\/2024\/02\/zakazenie-rany-jpg.webp","type":"image\/webp"}],"author":"Elwira Zawidzka","twitter_card":"summary_large_image","twitter_misc":{"Napisane przez":"Elwira Zawidzka","Szacowany czas czytania":"9 minut","Written by":"Elwira Zawidzka"},"schema":{"@context":"https:\/\/schema.org","@graph":[{"@type":"Article","@id":"https:\/\/www.alab.pl\/centrum-wiedzy\/zakazenie-rany-przyczyny-objawy-diagnostyka-i-leczenie\/#article","isPartOf":{"@id":"https:\/\/www.alab.pl\/centrum-wiedzy\/zakazenie-rany-przyczyny-objawy-diagnostyka-i-leczenie\/"},"author":{"name":"Elwira Zawidzka","@id":"https:\/\/www.alab.pl\/centrum-wiedzy\/#\/schema\/person\/1ae34e072d82e416ba56554dcb881d62"},"headline":"Zaka\u017cenie rany &#8211; przyczyny, objawy, diagnostyka i leczenie","datePublished":"2024-02-09T10:45:58+00:00","mainEntityOfPage":{"@id":"https:\/\/www.alab.pl\/centrum-wiedzy\/zakazenie-rany-przyczyny-objawy-diagnostyka-i-leczenie\/"},"wordCount":1658,"publisher":{"@id":"https:\/\/www.alab.pl\/centrum-wiedzy\/#organization"},"image":{"@id":"https:\/\/www.alab.pl\/centrum-wiedzy\/zakazenie-rany-przyczyny-objawy-diagnostyka-i-leczenie\/#primaryimage"},"thumbnailUrl":"https:\/\/www.alab.pl\/centrum-wiedzy\/wp-content\/uploads\/2024\/02\/zakazenie-rany-jpg.webp","articleSection":["Infekcje i paso\u017cyty"],"inLanguage":"pl-PL"},{"@type":"WebPage","@id":"https:\/\/www.alab.pl\/centrum-wiedzy\/zakazenie-rany-przyczyny-objawy-diagnostyka-i-leczenie\/","url":"https:\/\/www.alab.pl\/centrum-wiedzy\/zakazenie-rany-przyczyny-objawy-diagnostyka-i-leczenie\/","name":"Zaka\u017cenie rany - przyczyny, diagnostyka, leczenie","isPartOf":{"@id":"https:\/\/www.alab.pl\/centrum-wiedzy\/#website"},"primaryImageOfPage":{"@id":"https:\/\/www.alab.pl\/centrum-wiedzy\/zakazenie-rany-przyczyny-objawy-diagnostyka-i-leczenie\/#primaryimage"},"image":{"@id":"https:\/\/www.alab.pl\/centrum-wiedzy\/zakazenie-rany-przyczyny-objawy-diagnostyka-i-leczenie\/#primaryimage"},"thumbnailUrl":"https:\/\/www.alab.pl\/centrum-wiedzy\/wp-content\/uploads\/2024\/02\/zakazenie-rany-jpg.webp","datePublished":"2024-02-09T10:45:58+00:00","description":"Dowiedz si\u0119, czy zaka\u017cenie rany mo\u017ce by\u0107 niebezpieczne i jak post\u0119powa\u0107 po jego zdiagnozowaniu | Centrum Wiedzy ALAB Laboratoria","breadcrumb":{"@id":"https:\/\/www.alab.pl\/centrum-wiedzy\/zakazenie-rany-przyczyny-objawy-diagnostyka-i-leczenie\/#breadcrumb"},"inLanguage":"pl-PL","potentialAction":[{"@type":"ReadAction","target":["https:\/\/www.alab.pl\/centrum-wiedzy\/zakazenie-rany-przyczyny-objawy-diagnostyka-i-leczenie\/"]}]},{"@type":"ImageObject","inLanguage":"pl-PL","@id":"https:\/\/www.alab.pl\/centrum-wiedzy\/zakazenie-rany-przyczyny-objawy-diagnostyka-i-leczenie\/#primaryimage","url":"https:\/\/www.alab.pl\/centrum-wiedzy\/wp-content\/uploads\/2024\/02\/zakazenie-rany-jpg.webp","contentUrl":"https:\/\/www.alab.pl\/centrum-wiedzy\/wp-content\/uploads\/2024\/02\/zakazenie-rany-jpg.webp","width":1200,"height":801,"caption":"zaka\u017cenie rany"},{"@type":"BreadcrumbList","@id":"https:\/\/www.alab.pl\/centrum-wiedzy\/zakazenie-rany-przyczyny-objawy-diagnostyka-i-leczenie\/#breadcrumb","itemListElement":[{"@type":"ListItem","position":1,"name":"Strona g\u0142\u00f3wna","item":"https:\/\/www.alab.pl\/centrum-wiedzy\/"},{"@type":"ListItem","position":2,"name":"Zaka\u017cenie rany &#8211; przyczyny, objawy, diagnostyka i leczenie"}]},{"@type":"WebSite","@id":"https:\/\/www.alab.pl\/centrum-wiedzy\/#website","url":"https:\/\/www.alab.pl\/centrum-wiedzy\/","name":"Centrum Wiedzy ALAB laboratoria","description":"","publisher":{"@id":"https:\/\/www.alab.pl\/centrum-wiedzy\/#organization"},"potentialAction":[{"@type":"SearchAction","target":{"@type":"EntryPoint","urlTemplate":"https:\/\/www.alab.pl\/centrum-wiedzy\/?s={search_term_string}"},"query-input":{"@type":"PropertyValueSpecification","valueRequired":true,"valueName":"search_term_string"}}],"inLanguage":"pl-PL"},{"@type":"Organization","@id":"https:\/\/www.alab.pl\/centrum-wiedzy\/#organization","name":"Centrum Wiedzy ALAB laboratoria","url":"https:\/\/www.alab.pl\/centrum-wiedzy\/","logo":{"@type":"ImageObject","inLanguage":"pl-PL","@id":"https:\/\/www.alab.pl\/centrum-wiedzy\/#\/schema\/logo\/image\/","url":"https:\/\/www.alab.pl\/centrum-wiedzy\/wp-content\/uploads\/2022\/04\/alabek.jpg","contentUrl":"https:\/\/www.alab.pl\/centrum-wiedzy\/wp-content\/uploads\/2022\/04\/alabek.jpg","width":1250,"height":1251,"caption":"Centrum Wiedzy ALAB laboratoria"},"image":{"@id":"https:\/\/www.alab.pl\/centrum-wiedzy\/#\/schema\/logo\/image\/"},"sameAs":["https:\/\/www.facebook.com\/ALABlaboratoria"]},{"@type":"Person","@id":"https:\/\/www.alab.pl\/centrum-wiedzy\/#\/schema\/person\/1ae34e072d82e416ba56554dcb881d62","name":"Elwira Zawidzka","image":{"@type":"ImageObject","inLanguage":"pl-PL","@id":"https:\/\/www.alab.pl\/centrum-wiedzy\/wp-content\/uploads\/2022\/03\/Elwira-Zawidzka-scaled-1-150x149.jpg2f127cfeae6d9bf00c170f9c737413d3","url":"https:\/\/www.alab.pl\/centrum-wiedzy\/wp-content\/uploads\/2022\/03\/Elwira-Zawidzka-scaled-1-150x149.jpg","contentUrl":"https:\/\/www.alab.pl\/centrum-wiedzy\/wp-content\/uploads\/2022\/03\/Elwira-Zawidzka-scaled-1-150x149.jpg","caption":"Elwira Zawidzka"},"description":"Specjalista mikrobiologii medycznej, diagnosta laboratoryjny, cz\u0142onek Zespo\u0142u ds. Kontroli Zaka\u017ce\u0144 Szpitalnych. Absolwentka Uniwersytetu Warszawskiego, Warszawskiego Uniwersytetu Medycznego i Akademii Leona Ko\u017ami\u0144skiego.","url":"https:\/\/www.alab.pl\/centrum-wiedzy\/author\/elwira\/"}]}},"_links":{"self":[{"href":"https:\/\/www.alab.pl\/centrum-wiedzy\/wp-json\/wp\/v2\/posts\/11872","targetHints":{"allow":["GET"]}}],"collection":[{"href":"https:\/\/www.alab.pl\/centrum-wiedzy\/wp-json\/wp\/v2\/posts"}],"about":[{"href":"https:\/\/www.alab.pl\/centrum-wiedzy\/wp-json\/wp\/v2\/types\/post"}],"author":[{"embeddable":true,"href":"https:\/\/www.alab.pl\/centrum-wiedzy\/wp-json\/wp\/v2\/users\/95"}],"replies":[{"embeddable":true,"href":"https:\/\/www.alab.pl\/centrum-wiedzy\/wp-json\/wp\/v2\/comments?post=11872"}],"version-history":[{"count":0,"href":"https:\/\/www.alab.pl\/centrum-wiedzy\/wp-json\/wp\/v2\/posts\/11872\/revisions"}],"wp:featuredmedia":[{"embeddable":true,"href":"https:\/\/www.alab.pl\/centrum-wiedzy\/wp-json\/wp\/v2\/media\/11915"}],"wp:attachment":[{"href":"https:\/\/www.alab.pl\/centrum-wiedzy\/wp-json\/wp\/v2\/media?parent=11872"}],"wp:term":[{"taxonomy":"category","embeddable":true,"href":"https:\/\/www.alab.pl\/centrum-wiedzy\/wp-json\/wp\/v2\/categories?post=11872"},{"taxonomy":"post_tag","embeddable":true,"href":"https:\/\/www.alab.pl\/centrum-wiedzy\/wp-json\/wp\/v2\/tags?post=11872"},{"taxonomy":"author","embeddable":true,"href":"https:\/\/www.alab.pl\/centrum-wiedzy\/wp-json\/wp\/v2\/coauthors?post=11872"}],"curies":[{"name":"wp","href":"https:\/\/api.w.org\/{rel}","templated":true}]}}