{"id":11920,"date":"2024-02-13T07:55:43","date_gmt":"2024-02-13T06:55:43","guid":{"rendered":"https:\/\/sklep.alablaboratoria.pl\/centrum-wiedzy\/?p=11920"},"modified":"2024-02-13T07:55:43","modified_gmt":"2024-02-13T06:55:43","slug":"luszczycowe-zapalenie-stawow-odrebnosci-u-dzieci-i-doroslych","status":"publish","type":"post","link":"https:\/\/www.alab.pl\/centrum-wiedzy\/luszczycowe-zapalenie-stawow-odrebnosci-u-dzieci-i-doroslych\/","title":{"rendered":"\u0141uszczycowe zapalenie staw\u00f3w \u2013 odr\u0119bno\u015bci u dzieci i doros\u0142ych"},"content":{"rendered":"\n<p>Spis tre\u015bci<\/p>\n\n\n\n<ol class=\"wp-block-list\">\n<li><a href=\"#l1\">Objawy \u0142uszczycowego zapalenia staw\u00f3w u dzieci<\/a><\/li>\n\n\n\n<li><a href=\"#l2\">Badania laboratoryjne i obrazowe \u0142uszczycowego zapalenia staw\u00f3w<\/a><\/li>\n\n\n\n<li><a href=\"#l3\">R\u00f3\u017cnice w przebiegu \u0142uszczycowego zapalenia staw\u00f3w u dzieci i doros\u0142ych<\/a><\/li>\n<\/ol>\n\n\n\n<p><strong>M\u0142odzie\u0144cze \u0142uszczycowe zapalenie staw\u00f3w<\/strong> dotyczy 3-11% pacjent\u00f3w z m\u0142odzie\u0144czym zapaleniem staw\u00f3w, jest wi\u0119c schorzeniem stosunkowo rzadkim. Jednak nale\u017cy o nim pami\u0119ta\u0107 w diagnostyce zapalenia staw\u00f3w u dzieci i m\u0142odzie\u017cy, poniewa\u017c \u2013 w przeciwie\u0144stwie do os\u00f3b doros\u0142ych \u2013 zazwyczaj poprzedza wyst\u0105pienie innych objaw\u00f3w \u0142uszczycy, nawet o 10 lat.<\/p>\n\n\n\n<p>Szczyt zachorowa\u0144 na \u0142uszczycowe zapalenie staw\u00f3w rejestruje si\u0119 u ma\u0142ych dzieci, w wieku 2-3 lat, a nast\u0119pnie w okresie p\u00f3\u017anego dzieci\u0144stwa i w wieku dojrzewania.<\/p>\n\n\n\n<p>&gt;&gt;&gt; <strong>Przeczytaj te\u017c: <a href=\"https:\/\/www.alab.pl\/centrum-wiedzy\/luszczyca-objawy-diagnostyka-leczenie\/\">\u0141uszczyca &#8211; objawy, diagnostyka, leczenie<\/a><\/strong><\/p>\n\n\n\n<h2 class=\"wp-block-heading\" id=\"l1\">Objawy \u0142uszczycowego zapalenia staw\u00f3w u dzieci<\/h2>\n\n\n\n<p>Na pierwszy plan wysuwaj\u0105 si\u0119 <strong>objawy zapalenia staw\u00f3w obwodowych<\/strong>, mo\u017ce ono dotyczy\u0107 zar\u00f3wno du\u017cych, jak i ma\u0142ych staw\u00f3w. U 80% chorych dzieci zaj\u0119ty jest jeden staw, najcz\u0119\u015bciej kolanowy. W nast\u0119pnej kolejno\u015bci staw skokowy (kostka) i biodrowy.&nbsp;Choroba mo\u017ce si\u0119 r\u00f3wnie\u017c zacz\u0105\u0107 od <strong>izolowanego zapalenia palc\u00f3w (dactylitis) r\u0105k lub st\u00f3p<\/strong>. Objaw wyst\u0119puje u 20-40% pacjent\u00f3w, a u 15% jest jedyn\u0105 zmian\u0105 w obr\u0119bie uk\u0142adu kostno szkieletowego czy mi\u0119\u015bniowego. Zapalenia palca to jego <strong>obrz\u0119k wykraczaj\u0105cy poza granice stawu<\/strong>. Obrz\u0119k mo\u017ce by\u0107 jednolity na ca\u0142ej d\u0142ugo\u015bci palca, daj\u0105c wygl\u0105d &#8222;palc\u00f3w kie\u0142baskowatych&#8221;, chocia\u017c mo\u017ce to by\u0107 r\u00f3wnie\u017c obrz\u0119k samego stawu. Opuchni\u0119cie ca\u0142ego palca lub stawu mi\u0119dzypaliczkowego powoduje, \u017ce dziecko nie mo\u017ce go swobodnie zgina\u0107.<\/p>\n\n\n<div class=\"wp-block-image\">\n<figure class=\"aligncenter size-full is-resized\"><img loading=\"lazy\" decoding=\"async\" src=\"https:\/\/www.alab.pl\/centrum-wiedzy\/wp-content\/uploads\/2024\/02\/zapalenie-palcow-luszczycowe-zapalenie-stawow-infografika-jpg.webp\" alt=\"zapalenie palc\u00f3w (palce kie\u0142baskowate) w \u0142uszczycowym zapaleniu staw\u00f3w infografika\" class=\"wp-image-11956\" width=\"735\" height=\"455\" srcset=\"https:\/\/www.alab.pl\/centrum-wiedzy\/wp-content\/uploads\/2024\/02\/zapalenie-palcow-luszczycowe-zapalenie-stawow-infografika-jpg.webp 980w, https:\/\/www.alab.pl\/centrum-wiedzy\/wp-content\/uploads\/2024\/02\/zapalenie-palcow-luszczycowe-zapalenie-stawow-infografika-jpg-768x476.webp 768w, https:\/\/www.alab.pl\/centrum-wiedzy\/wp-content\/uploads\/2024\/02\/zapalenie-palcow-luszczycowe-zapalenie-stawow-infografika-jpg-150x93.webp 150w, https:\/\/www.alab.pl\/centrum-wiedzy\/wp-content\/uploads\/2024\/02\/zapalenie-palcow-luszczycowe-zapalenie-stawow-infografika-jpg-300x186.webp 300w, https:\/\/www.alab.pl\/centrum-wiedzy\/wp-content\/uploads\/2024\/02\/zapalenie-palcow-luszczycowe-zapalenie-stawow-infografika-jpg-696x431.webp 696w\" sizes=\"auto, (max-width: 735px) 100vw, 735px\" \/><\/figure><\/div>\n\n\n<p>W przypadkach, gdy choroba nie jest leczona lub jest leczona niew\u0142a\u015bciwie, u 60-80% dzieci dochodzi do <strong>rozprzestrzenienia si\u0119 symptom\u00f3w na wiele staw\u00f3w<\/strong>, mo\u017ce dochodzi\u0107 do zaj\u0119cia wi\u0119cej ni\u017c pi\u0119ciu staw\u00f3w.<\/p>\n\n\n\n<p>Cech\u0105 charakterystyczn\u0105 \u0142uszczycowego zapalenia staw\u00f3w u os\u00f3b doros\u0142ych jest zapalenie przyczep\u00f3w \u015bci\u0119gnistych oraz zapalenie wi\u0119zade\u0142. U m\u0142odszych pacjent\u00f3w objaw ten jest obecny u zaledwie 22% os\u00f3b. Typowe umiejscowienie zapalenia przyczep\u00f3w \u015bci\u0119gnistych obejmuje \u015bci\u0119gno Achillesa i powi\u0119\u017a podeszwow\u0105 ko\u015bci pi\u0119towej.<\/p>\n\n\n\n<p>Druga grupa objaw\u00f3w u pacjent\u00f3w z m\u0142odzie\u0144czym, \u0142uszczycowym zapaleniem staw\u00f3w to <strong>symptomy pozastawowe<\/strong>. Mog\u0105 to by\u0107 <strong>zmiany w paznokciach<\/strong>: punkcikowate zag\u0142\u0119bienia, bia\u0142e zabarwienie paznokci, krusz\u0105ca si\u0119 p\u0142ytka paznokciowa, oddzielanie si\u0119 paznokci od \u0142o\u017cyska. Czasem obserwuje si\u0119 nadmierne rogowacenie paznokci lub czerwone plamki u podstawy r\u0105bka. Inne objawy pozastawowe to <strong>zapalenie b\u0142ony naczyniowej oka (uveitis) lub zaburzenia w funkcjonowaniu przewodu pokarmowego spowodowane zapaleniem b\u0142ony \u015bluzowej jelit<\/strong>.<\/p>\n\n\n<div class=\"wp-block-image\">\n<figure class=\"aligncenter size-full is-resized\"><img loading=\"lazy\" decoding=\"async\" src=\"https:\/\/www.alab.pl\/centrum-wiedzy\/wp-content\/uploads\/2024\/02\/luszczycowe-zapalenie-stawow-infografika-jpg.webp\" alt=\"\u0142uszczycowe zapalenie staw\u00f3w infografika\" class=\"wp-image-11953\" width=\"668\" height=\"801\" srcset=\"https:\/\/www.alab.pl\/centrum-wiedzy\/wp-content\/uploads\/2024\/02\/luszczycowe-zapalenie-stawow-infografika-jpg.webp 890w, https:\/\/www.alab.pl\/centrum-wiedzy\/wp-content\/uploads\/2024\/02\/luszczycowe-zapalenie-stawow-infografika-jpg-768x922.webp 768w, https:\/\/www.alab.pl\/centrum-wiedzy\/wp-content\/uploads\/2024\/02\/luszczycowe-zapalenie-stawow-infografika-jpg-150x180.webp 150w, https:\/\/www.alab.pl\/centrum-wiedzy\/wp-content\/uploads\/2024\/02\/luszczycowe-zapalenie-stawow-infografika-jpg-300x360.webp 300w, https:\/\/www.alab.pl\/centrum-wiedzy\/wp-content\/uploads\/2024\/02\/luszczycowe-zapalenie-stawow-infografika-jpg-696x835.webp 696w\" sizes=\"auto, (max-width: 668px) 100vw, 668px\" \/><\/figure><\/div>\n\n\n<h2 class=\"wp-block-heading\" id=\"l2\">Badania laboratoryjne i obrazowe \u0142uszczycowego zapalenia staw\u00f3w<\/h2>\n\n\n\n<p>Diagnostyk\u0119 laboratoryjn\u0105 \u0142uszczycowego zapalenia staw\u00f3w zazwyczaj zaczyna si\u0119 od wykonania <strong><a href=\"https:\/\/www.alab.pl\/badanie\/morfologia-krwi-c55\" target=\"_blank\" rel=\"noreferrer noopener\">morfologii krwi<\/a><\/strong>, kt\u00f3ra nie wykazuje odchyle\u0144 od stanu prawid\u0142owego, wyniki mieszcz\u0105 si\u0119 w granicach warto\u015bci referencyjnych wyznaczonych dla dzieci. Drugim cz\u0119stym badaniem s\u0105 <strong>parametry stanu zapalnego, <a href=\"https:\/\/www.alab.pl\/badanie\/odczyn-biernackiego-c59\" target=\"_blank\" rel=\"noreferrer noopener\">OB<\/a> i <a href=\"https:\/\/www.alab.pl\/badanie\/bialko-c-reaktywne-crp-ilosciowe-i81\" target=\"_blank\" rel=\"noreferrer noopener\">CRP<\/a><\/strong>. Obydwa testy s\u0105 r\u00f3wnie\u017c prawid\u0142owe, chocia\u017c CRP bywa nieznacznie podwy\u017cszone.<\/p>\n\n\n\n<p><strong><a href=\"https:\/\/www.alab.pl\/badanie\/czynnik-reumatoidalny-rf-ilosc-k21\" target=\"_blank\" rel=\"noreferrer noopener\">RF &#8211; czynnik reumatoidalny<\/a><\/strong> \u2013 jest nieobecny, u ok. 60% m\u0142odszych dzieci i 30% starszych dodatni jest wynik <strong><a href=\"https:\/\/www.alab.pl\/badanie\/pc-przeciw-jadrowe-ana-wykrywanie-metoda-iift-miano-o21\" target=\"_blank\" rel=\"noreferrer noopener\">ANA<\/a><\/strong>. U OK. 80-90% dzieci <strong>nie wyst\u0119puje <a href=\"https:\/\/www.alab.pl\/badanie\/zesztywniajace-zapalenie-stawow-kregoslupa-zzsk-wykrywanie-obecnosci-genu-hla-b27-metoda-mikromacierzy\" target=\"_blank\" rel=\"noreferrer noopener\">HLA B27<\/a><\/strong> \u2013 w przeciwie\u0144stwie do postaci os\u00f3b doros\u0142ych.<\/p>\n\n\n\n<p>W badaniach obrazowych widoczne s\u0105 zmiany w <strong>RTG<\/strong>. Badanie <strong>USG<\/strong> przydatne jest do oceny staw\u00f3w obwodowych, rezonans magnetyczny to mo\u017cliwo\u015b\u0107 oceny staw\u00f3w krzy\u017cowo-biodrowych.<\/p>\n\n\n\n<p>Badanie USG pomocne jest r\u00f3wnie\u017c w uwidocznieniu stanu zapalnego przyczep\u00f3w \u015bci\u0119gnistych w przebiegu \u0142uszczycowego zapalenia staw\u00f3w.<\/p>\n\n\n\n<figure class=\"wp-block-image size-full\"><a href=\"https:\/\/www.alab.pl\/pakiet\/pakiet-reumatyczny-rozszerzony\" target=\"_blank\" rel=\"noreferrer noopener\"><img loading=\"lazy\" decoding=\"async\" width=\"800\" height=\"200\" src=\"https:\/\/www.alab.pl\/centrum-wiedzy\/wp-content\/uploads\/2023\/12\/Pakiet-reumatyczny-rozszerzony-7-badan-jpg.webp\" alt=\"pakiet reumatyczny rozszerzony\" class=\"wp-image-10651\" srcset=\"https:\/\/www.alab.pl\/centrum-wiedzy\/wp-content\/uploads\/2023\/12\/Pakiet-reumatyczny-rozszerzony-7-badan-jpg.webp 800w, https:\/\/www.alab.pl\/centrum-wiedzy\/wp-content\/uploads\/2023\/12\/Pakiet-reumatyczny-rozszerzony-7-badan-jpg-768x192.webp 768w, https:\/\/www.alab.pl\/centrum-wiedzy\/wp-content\/uploads\/2023\/12\/Pakiet-reumatyczny-rozszerzony-7-badan-jpg-150x38.webp 150w, https:\/\/www.alab.pl\/centrum-wiedzy\/wp-content\/uploads\/2023\/12\/Pakiet-reumatyczny-rozszerzony-7-badan-jpg-300x75.webp 300w, https:\/\/www.alab.pl\/centrum-wiedzy\/wp-content\/uploads\/2023\/12\/Pakiet-reumatyczny-rozszerzony-7-badan-jpg-696x174.webp 696w\" sizes=\"auto, (max-width: 800px) 100vw, 800px\" \/><\/a><\/figure>\n\n\n\n<h2 class=\"wp-block-heading\" id=\"l3\">R\u00f3\u017cnice w przebiegu \u0142uszczycowego zapalenia staw\u00f3w u dzieci i doros\u0142ych<\/h2>\n\n\n\n<p>R\u00f3\u017cnice w przebiegu choroby u doros\u0142ych i dzieci obserwuje si\u0119 na dw\u00f3ch poziomach. <strong>R\u00f3\u017cny jest przebieg choroby oraz badania laboratoryjne.<\/strong><\/p>\n\n\n\n<p>U doros\u0142ych w wi\u0119kszo\u015bci przypadk\u00f3w \u0142uszczycowe zapalenie staw\u00f3w rozwija si\u0119 u pacjent\u00f3w z ju\u017c rozpoznan\u0105 \u0142uszczyc\u0105, pojawia si\u0119 ono po 6-7 latach od stwierdzenia choroby.<\/p>\n\n\n\n<p>Natomiast <strong>\u0142uszczycowe zapalenie staw\u00f3w u dzieci pojawia si\u0119 jako pierwszy objaw choroby, na dodatek wyprzedzaj\u0105c j\u0105 o ok. 10 lat<\/strong>. Tylko w 2% przypadk\u00f3w zapalenie staw\u00f3w wyst\u0119puje u ma\u0142ego pacjenta, kt\u00f3ry ma ju\u017c rozpoznan\u0105 chorob\u0119. Pocz\u0105tek choroby u dzieci zazwyczaj dotyczy jednego stawu, a nast\u0119pnie ewoluuje w kierunku zapalenia wielostawowego. Zaj\u0119cie wielu staw\u00f3w od pocz\u0105tku choroby notuje si\u0119 u pacjent\u00f3w doros\u0142ych.<\/p>\n\n\n\n<p>R\u00f3\u017cnice s\u0105 widoczne tak\u017ce w badaniach obrazowych, gdzie zmiany notowane s\u0105 cz\u0119\u015bciej w przypadkach \u0142uszczycy doros\u0142ych ni\u017c postaci m\u0142odzie\u0144czej.<\/p>\n\n\n\n<p>Odr\u0119bno\u015bci notuje si\u0119 tak\u017ce w badaniach laboratoryjnych. Najwa\u017cniejsze z nich to <strong>cz\u0119stsze wyst\u0119powania dodatnich wynik\u00f3w ANA, natomiast rzadsze ni\u017c u doros\u0142ych wyst\u0119powanie HLA-B27<\/strong>.<\/p>\n\n\n\n<figure class=\"wp-block-image size-full\"><img loading=\"lazy\" decoding=\"async\" width=\"980\" height=\"720\" src=\"https:\/\/www.alab.pl\/centrum-wiedzy\/wp-content\/uploads\/2024\/02\/roznice-w-przebiegu-luszczycowego-zapalenia-stawow-u-pacjentow-w-roznym-wieku-jpg.webp\" alt=\"r\u00f3\u017cnice w przebiegu \u0142uszczycowego zapalenia staw\u00f3w u pacjent\u00f3w w r\u00f3\u017cnym wieku tabela\" class=\"wp-image-11988\" srcset=\"https:\/\/www.alab.pl\/centrum-wiedzy\/wp-content\/uploads\/2024\/02\/roznice-w-przebiegu-luszczycowego-zapalenia-stawow-u-pacjentow-w-roznym-wieku-jpg.webp 980w, https:\/\/www.alab.pl\/centrum-wiedzy\/wp-content\/uploads\/2024\/02\/roznice-w-przebiegu-luszczycowego-zapalenia-stawow-u-pacjentow-w-roznym-wieku-jpg-768x564.webp 768w, https:\/\/www.alab.pl\/centrum-wiedzy\/wp-content\/uploads\/2024\/02\/roznice-w-przebiegu-luszczycowego-zapalenia-stawow-u-pacjentow-w-roznym-wieku-jpg-150x110.webp 150w, https:\/\/www.alab.pl\/centrum-wiedzy\/wp-content\/uploads\/2024\/02\/roznice-w-przebiegu-luszczycowego-zapalenia-stawow-u-pacjentow-w-roznym-wieku-jpg-300x220.webp 300w, https:\/\/www.alab.pl\/centrum-wiedzy\/wp-content\/uploads\/2024\/02\/roznice-w-przebiegu-luszczycowego-zapalenia-stawow-u-pacjentow-w-roznym-wieku-jpg-696x511.webp 696w\" sizes=\"auto, (max-width: 980px) 100vw, 980px\" \/><figcaption class=\"wp-element-caption\">\u017ar\u00f3d\u0142o: Brunello F, et al. Front. Pediatr. 10:884727<\/figcaption><\/figure>\n\n\n\n<p>M\u0142odzie\u0144cze \u0142uszczycowe zapalenie staw\u00f3w to jednostka chorobowa o <strong>zr\u00f3\u017cnicowanym przebiegu i objawach klinicznych<\/strong>. Dodatkowo istniej\u0105 pewne r\u00f3\u017cnice w symptomach i badaniach laboratoryjnych u doros\u0142ych i u dzieci. Wiedza o tym mo\u017ce mie\u0107 kluczowe znaczenie dla postawienia wczesnego rozpoznania i skutecznego leczenia choroby u dziecka, z uwzgl\u0119dnieniem nowoczesnych terapii biologicznych.<\/p>\n\n\n\n<p>&gt;&gt;&gt; <strong>Przeczytaj te\u017c: <a href=\"https:\/\/www.alab.pl\/centrum-wiedzy\/luszczycowe-zapalenie-stawow-dieta\/\">\u0141uszczycowe zapalenie staw\u00f3w &#8211; jak je\u015b\u0107 i nie zwariowa\u0107?<\/a><\/strong><\/p>\n\n\n\n<hr class=\"wp-block-separator has-alpha-channel-opacity\"\/>\n\n\n\n<p>Pi\u015bmiennictwo<\/p>\n\n\n\n<ol class=\"wp-block-list\">\n<li>Brunello F, Tirelli F, Pegoraro L, Dell\u2019Apa F, Alfisi A, Calzamatta G, Folisi C and Zulian F (2022) New Insights on Juvenile Psoriatic Arthritis.Front. Pediatr. 10:884727. doi:10.3389\/fped.2022.884727<\/li>\n\n\n\n<li>El\u017cbieta Smolewska prof. dr hab. n. med.,&nbsp; 4 letnia dziewczynka z \u0142uszczyc\u0105 sk\u00f3ry twarzy i paznokci obu r\u0105k zosta\u0142a skierowana przez dermatologa z powodu obrz\u0119ku 4 palca r\u0119ki lewej &#8211; wyk\u0142ad na konferencji: Reumatologia przez przypadki. Zalecenia diagnostyczno-terapeutyczne. Warszawa 2-3.02.2024<\/li>\n\n\n\n<li><a href=\"https:\/\/www.mp.pl\/podrecznik\/pediatria\/chapter\/B42.87.4.1.2.6\" target=\"_blank\" rel=\"noreferrer noopener nofollow\">https:\/\/www.mp.pl\/podrecznik\/pediatria\/chapter\/B42.87.4.1.2.6<\/a>.<\/li>\n<\/ol>\n","protected":false},"excerpt":{"rendered":"<p>Jakie s\u0105 objawy \u0142uszczycowego zapalenia staw\u00f3w u dzieci i jakie badania umo\u017cliwiaj\u0105 zdiagnozowanie choroby?<\/p>\n","protected":false},"author":102,"featured_media":11983,"comment_status":"closed","ping_status":"open","sticky":false,"template":"","format":"standard","meta":{"_acf_changed":false,"inline_featured_image":false,"footnotes":""},"categories":[8,30],"tags":[],"coauthors":[134],"class_list":{"0":"post-11920","1":"post","2":"type-post","3":"status-publish","4":"format-standard","5":"has-post-thumbnail","8":"category-zdrowie-dzieci-i-mlodziezy"},"acf":[],"yoast_head":"<!-- This site is optimized with the Yoast SEO plugin v27.5 - https:\/\/yoast.com\/product\/yoast-seo-wordpress\/ -->\n<title>\u0141uszczycowe zapalenie staw\u00f3w u dzieci i doros\u0142ych<\/title>\n<meta name=\"description\" content=\"Jak przebiega \u0142uszczycowe zapalenie staw\u00f3w u dzieci, a jak u doros\u0142ych? Poznaj najwa\u017cniejsze r\u00f3\u017cnice, a tak\u017ce metody diagnostyki tej choroby.\" \/>\n<meta name=\"robots\" content=\"index, follow, max-snippet:-1, max-image-preview:large, max-video-preview:-1\" \/>\n<link rel=\"canonical\" href=\"https:\/\/www.alab.pl\/centrum-wiedzy\/luszczycowe-zapalenie-stawow-odrebnosci-u-dzieci-i-doroslych\/\" \/>\n<meta property=\"og:locale\" content=\"pl_PL\" \/>\n<meta property=\"og:type\" content=\"article\" \/>\n<meta property=\"og:title\" content=\"\u0141uszczycowe zapalenie staw\u00f3w u dzieci i doros\u0142ych\" \/>\n<meta property=\"og:description\" content=\"Jak przebiega \u0142uszczycowe zapalenie staw\u00f3w u dzieci, a jak u doros\u0142ych? Poznaj najwa\u017cniejsze r\u00f3\u017cnice, a tak\u017ce metody diagnostyki tej choroby.\" \/>\n<meta property=\"og:url\" content=\"https:\/\/www.alab.pl\/centrum-wiedzy\/luszczycowe-zapalenie-stawow-odrebnosci-u-dzieci-i-doroslych\/\" \/>\n<meta property=\"og:site_name\" content=\"Centrum Wiedzy ALAB laboratoria\" \/>\n<meta property=\"article:publisher\" content=\"https:\/\/www.facebook.com\/ALABlaboratoria\" \/>\n<meta property=\"article:author\" content=\"https:\/\/www.facebook.com\/agatastrukow\/\" \/>\n<meta property=\"article:published_time\" content=\"2024-02-13T06:55:43+00:00\" \/>\n<meta property=\"og:image\" content=\"https:\/\/www.alab.pl\/centrum-wiedzy\/wp-content\/uploads\/2024\/02\/luszczycowe-zapalenie-stawow-jpg.webp\" \/>\n\t<meta property=\"og:image:width\" content=\"1925\" \/>\n\t<meta property=\"og:image:height\" content=\"1285\" \/>\n\t<meta property=\"og:image:type\" content=\"image\/webp\" \/>\n<meta name=\"author\" content=\"Agata Strukow\" \/>\n<meta name=\"twitter:card\" content=\"summary_large_image\" \/>\n<meta name=\"twitter:label1\" content=\"Napisane przez\" \/>\n\t<meta name=\"twitter:data1\" content=\"Agata Strukow\" \/>\n\t<meta name=\"twitter:label2\" content=\"Szacowany czas czytania\" \/>\n\t<meta name=\"twitter:data2\" content=\"6 minut\" \/>\n\t<meta name=\"twitter:label3\" content=\"Written by\" \/>\n\t<meta name=\"twitter:data3\" content=\"Agata Strukow\" \/>\n<!-- \/ Yoast SEO plugin. -->","yoast_head_json":{"title":"\u0141uszczycowe zapalenie staw\u00f3w u dzieci i doros\u0142ych","description":"Jak przebiega \u0142uszczycowe zapalenie staw\u00f3w u dzieci, a jak u doros\u0142ych? Poznaj najwa\u017cniejsze r\u00f3\u017cnice, a tak\u017ce metody diagnostyki tej choroby.","robots":{"index":"index","follow":"follow","max-snippet":"max-snippet:-1","max-image-preview":"max-image-preview:large","max-video-preview":"max-video-preview:-1"},"canonical":"https:\/\/www.alab.pl\/centrum-wiedzy\/luszczycowe-zapalenie-stawow-odrebnosci-u-dzieci-i-doroslych\/","og_locale":"pl_PL","og_type":"article","og_title":"\u0141uszczycowe zapalenie staw\u00f3w u dzieci i doros\u0142ych","og_description":"Jak przebiega \u0142uszczycowe zapalenie staw\u00f3w u dzieci, a jak u doros\u0142ych? Poznaj najwa\u017cniejsze r\u00f3\u017cnice, a tak\u017ce metody diagnostyki tej choroby.","og_url":"https:\/\/www.alab.pl\/centrum-wiedzy\/luszczycowe-zapalenie-stawow-odrebnosci-u-dzieci-i-doroslych\/","og_site_name":"Centrum Wiedzy ALAB laboratoria","article_publisher":"https:\/\/www.facebook.com\/ALABlaboratoria","article_author":"https:\/\/www.facebook.com\/agatastrukow\/","article_published_time":"2024-02-13T06:55:43+00:00","og_image":[{"width":1925,"height":1285,"url":"https:\/\/www.alab.pl\/centrum-wiedzy\/wp-content\/uploads\/2024\/02\/luszczycowe-zapalenie-stawow-jpg.webp","type":"image\/webp"}],"author":"Agata Strukow","twitter_card":"summary_large_image","twitter_misc":{"Napisane przez":"Agata Strukow","Szacowany czas czytania":"6 minut","Written by":"Agata Strukow"},"schema":{"@context":"https:\/\/schema.org","@graph":[{"@type":"Article","@id":"https:\/\/www.alab.pl\/centrum-wiedzy\/luszczycowe-zapalenie-stawow-odrebnosci-u-dzieci-i-doroslych\/#article","isPartOf":{"@id":"https:\/\/www.alab.pl\/centrum-wiedzy\/luszczycowe-zapalenie-stawow-odrebnosci-u-dzieci-i-doroslych\/"},"author":{"name":"Agata Strukow","@id":"https:\/\/www.alab.pl\/centrum-wiedzy\/#\/schema\/person\/4c4346aaa370a9ca773ee865bfbec588"},"headline":"\u0141uszczycowe zapalenie staw\u00f3w \u2013 odr\u0119bno\u015bci u dzieci i doros\u0142ych","datePublished":"2024-02-13T06:55:43+00:00","mainEntityOfPage":{"@id":"https:\/\/www.alab.pl\/centrum-wiedzy\/luszczycowe-zapalenie-stawow-odrebnosci-u-dzieci-i-doroslych\/"},"wordCount":978,"publisher":{"@id":"https:\/\/www.alab.pl\/centrum-wiedzy\/#organization"},"image":{"@id":"https:\/\/www.alab.pl\/centrum-wiedzy\/luszczycowe-zapalenie-stawow-odrebnosci-u-dzieci-i-doroslych\/#primaryimage"},"thumbnailUrl":"https:\/\/www.alab.pl\/centrum-wiedzy\/wp-content\/uploads\/2024\/02\/luszczycowe-zapalenie-stawow-jpg.webp","articleSection":["Choroby autoimmunologiczne","Zdrowie dzieci i m\u0142odzie\u017cy"],"inLanguage":"pl-PL"},{"@type":"WebPage","@id":"https:\/\/www.alab.pl\/centrum-wiedzy\/luszczycowe-zapalenie-stawow-odrebnosci-u-dzieci-i-doroslych\/","url":"https:\/\/www.alab.pl\/centrum-wiedzy\/luszczycowe-zapalenie-stawow-odrebnosci-u-dzieci-i-doroslych\/","name":"\u0141uszczycowe zapalenie staw\u00f3w u dzieci i doros\u0142ych","isPartOf":{"@id":"https:\/\/www.alab.pl\/centrum-wiedzy\/#website"},"primaryImageOfPage":{"@id":"https:\/\/www.alab.pl\/centrum-wiedzy\/luszczycowe-zapalenie-stawow-odrebnosci-u-dzieci-i-doroslych\/#primaryimage"},"image":{"@id":"https:\/\/www.alab.pl\/centrum-wiedzy\/luszczycowe-zapalenie-stawow-odrebnosci-u-dzieci-i-doroslych\/#primaryimage"},"thumbnailUrl":"https:\/\/www.alab.pl\/centrum-wiedzy\/wp-content\/uploads\/2024\/02\/luszczycowe-zapalenie-stawow-jpg.webp","datePublished":"2024-02-13T06:55:43+00:00","description":"Jak przebiega \u0142uszczycowe zapalenie staw\u00f3w u dzieci, a jak u doros\u0142ych? Poznaj najwa\u017cniejsze r\u00f3\u017cnice, a tak\u017ce metody diagnostyki tej choroby.","breadcrumb":{"@id":"https:\/\/www.alab.pl\/centrum-wiedzy\/luszczycowe-zapalenie-stawow-odrebnosci-u-dzieci-i-doroslych\/#breadcrumb"},"inLanguage":"pl-PL","potentialAction":[{"@type":"ReadAction","target":["https:\/\/www.alab.pl\/centrum-wiedzy\/luszczycowe-zapalenie-stawow-odrebnosci-u-dzieci-i-doroslych\/"]}]},{"@type":"ImageObject","inLanguage":"pl-PL","@id":"https:\/\/www.alab.pl\/centrum-wiedzy\/luszczycowe-zapalenie-stawow-odrebnosci-u-dzieci-i-doroslych\/#primaryimage","url":"https:\/\/www.alab.pl\/centrum-wiedzy\/wp-content\/uploads\/2024\/02\/luszczycowe-zapalenie-stawow-jpg.webp","contentUrl":"https:\/\/www.alab.pl\/centrum-wiedzy\/wp-content\/uploads\/2024\/02\/luszczycowe-zapalenie-stawow-jpg.webp","width":1925,"height":1285,"caption":"\u0142uszczycowe zapalenie staw\u00f3w"},{"@type":"BreadcrumbList","@id":"https:\/\/www.alab.pl\/centrum-wiedzy\/luszczycowe-zapalenie-stawow-odrebnosci-u-dzieci-i-doroslych\/#breadcrumb","itemListElement":[{"@type":"ListItem","position":1,"name":"Strona g\u0142\u00f3wna","item":"https:\/\/www.alab.pl\/centrum-wiedzy\/"},{"@type":"ListItem","position":2,"name":"\u0141uszczycowe zapalenie staw\u00f3w \u2013 odr\u0119bno\u015bci u dzieci i doros\u0142ych"}]},{"@type":"WebSite","@id":"https:\/\/www.alab.pl\/centrum-wiedzy\/#website","url":"https:\/\/www.alab.pl\/centrum-wiedzy\/","name":"Centrum Wiedzy ALAB laboratoria","description":"","publisher":{"@id":"https:\/\/www.alab.pl\/centrum-wiedzy\/#organization"},"potentialAction":[{"@type":"SearchAction","target":{"@type":"EntryPoint","urlTemplate":"https:\/\/www.alab.pl\/centrum-wiedzy\/?s={search_term_string}"},"query-input":{"@type":"PropertyValueSpecification","valueRequired":true,"valueName":"search_term_string"}}],"inLanguage":"pl-PL"},{"@type":"Organization","@id":"https:\/\/www.alab.pl\/centrum-wiedzy\/#organization","name":"Centrum Wiedzy ALAB laboratoria","url":"https:\/\/www.alab.pl\/centrum-wiedzy\/","logo":{"@type":"ImageObject","inLanguage":"pl-PL","@id":"https:\/\/www.alab.pl\/centrum-wiedzy\/#\/schema\/logo\/image\/","url":"https:\/\/www.alab.pl\/centrum-wiedzy\/wp-content\/uploads\/2022\/04\/alabek.jpg","contentUrl":"https:\/\/www.alab.pl\/centrum-wiedzy\/wp-content\/uploads\/2022\/04\/alabek.jpg","width":1250,"height":1251,"caption":"Centrum Wiedzy ALAB laboratoria"},"image":{"@id":"https:\/\/www.alab.pl\/centrum-wiedzy\/#\/schema\/logo\/image\/"},"sameAs":["https:\/\/www.facebook.com\/ALABlaboratoria"]},{"@type":"Person","@id":"https:\/\/www.alab.pl\/centrum-wiedzy\/#\/schema\/person\/4c4346aaa370a9ca773ee865bfbec588","name":"Agata Strukow","image":{"@type":"ImageObject","inLanguage":"pl-PL","@id":"https:\/\/www.alab.pl\/centrum-wiedzy\/wp-content\/uploads\/2022\/04\/Agata-Strukow-150x150.jpgcb933d2055e86ab33ade5d5259364a59","url":"https:\/\/www.alab.pl\/centrum-wiedzy\/wp-content\/uploads\/2022\/04\/Agata-Strukow-150x150.jpg","contentUrl":"https:\/\/www.alab.pl\/centrum-wiedzy\/wp-content\/uploads\/2022\/04\/Agata-Strukow-150x150.jpg","caption":"Agata Strukow"},"description":"Absolwentka Wydzia\u0142u Lekarskiego Pomorskiej Akademii Medycznej oraz studi\u00f3w podyplomowych Dietetyka w chorobach wewn\u0119trznych i metabolicznych Warszawskiego Uniwersytetu Medycznego i Psychologii biznesu dla mened\u017cer\u00f3w na Akademii Leona Ko\u017ami\u0144skiego. Nauczycielka jogi kundalini i jogi hormonalnej.","sameAs":["https:\/\/www.facebook.com\/agatastrukow\/","https:\/\/www.instagram.com\/strukowagata\/","https:\/\/pl.linkedin.com\/in\/agata-strukow-7b87205"],"url":"https:\/\/www.alab.pl\/centrum-wiedzy\/author\/agata\/"}]}},"_links":{"self":[{"href":"https:\/\/www.alab.pl\/centrum-wiedzy\/wp-json\/wp\/v2\/posts\/11920","targetHints":{"allow":["GET"]}}],"collection":[{"href":"https:\/\/www.alab.pl\/centrum-wiedzy\/wp-json\/wp\/v2\/posts"}],"about":[{"href":"https:\/\/www.alab.pl\/centrum-wiedzy\/wp-json\/wp\/v2\/types\/post"}],"author":[{"embeddable":true,"href":"https:\/\/www.alab.pl\/centrum-wiedzy\/wp-json\/wp\/v2\/users\/102"}],"replies":[{"embeddable":true,"href":"https:\/\/www.alab.pl\/centrum-wiedzy\/wp-json\/wp\/v2\/comments?post=11920"}],"version-history":[{"count":0,"href":"https:\/\/www.alab.pl\/centrum-wiedzy\/wp-json\/wp\/v2\/posts\/11920\/revisions"}],"wp:featuredmedia":[{"embeddable":true,"href":"https:\/\/www.alab.pl\/centrum-wiedzy\/wp-json\/wp\/v2\/media\/11983"}],"wp:attachment":[{"href":"https:\/\/www.alab.pl\/centrum-wiedzy\/wp-json\/wp\/v2\/media?parent=11920"}],"wp:term":[{"taxonomy":"category","embeddable":true,"href":"https:\/\/www.alab.pl\/centrum-wiedzy\/wp-json\/wp\/v2\/categories?post=11920"},{"taxonomy":"post_tag","embeddable":true,"href":"https:\/\/www.alab.pl\/centrum-wiedzy\/wp-json\/wp\/v2\/tags?post=11920"},{"taxonomy":"author","embeddable":true,"href":"https:\/\/www.alab.pl\/centrum-wiedzy\/wp-json\/wp\/v2\/coauthors?post=11920"}],"curies":[{"name":"wp","href":"https:\/\/api.w.org\/{rel}","templated":true}]}}