{"id":12334,"date":"2024-03-08T07:47:41","date_gmt":"2024-03-08T06:47:41","guid":{"rendered":"https:\/\/sklep.alablaboratoria.pl\/centrum-wiedzy\/?p=12334"},"modified":"2024-03-08T07:47:41","modified_gmt":"2024-03-08T06:47:41","slug":"nocne-poty-pocenie-sie-podczas-snu-najczestsze-przyczyny-diagnostyka","status":"publish","type":"post","link":"https:\/\/www.alab.pl\/centrum-wiedzy\/nocne-poty-pocenie-sie-podczas-snu-najczestsze-przyczyny-diagnostyka\/","title":{"rendered":"Nocne poty (pocenie si\u0119 podczas snu) &#8211; najcz\u0119stsze przyczyny, diagnostyka"},"content":{"rendered":"\n<p>Spis tre\u015bci<\/p>\n\n\n\n<ol class=\"wp-block-list\">\n<li><a href=\"#n1\">Nocne poty &#8211; jak je rozpozna\u0107?<\/a><\/li>\n\n\n\n<li><a href=\"#n2\">Nocne poty &#8211; jakie choroby trzeba wykluczy\u0107?<\/a><\/li>\n\n\n\n<li><a href=\"#n3\">Jakie s\u0105 najcz\u0119stsze przyczyny wyst\u0119powania nocnych pot\u00f3w?<\/a><\/li>\n\n\n\n<li><a href=\"#n4\">Nocne poty &#8211; jakie badania warto wykona\u0107?<\/a><\/li>\n<\/ol>\n\n\n\n<p><strong>Pocenie si\u0119<\/strong> s\u0142u\u017cy do obni\u017cenia temperatury g\u0142\u0119bokiej cia\u0142a, gdy przekracza ona warto\u015b\u0107 progow\u0105 zakresu temperatur wyznaczonego przez o\u015brodek termoregulacji i jest kontrolowane przez z\u0142o\u017cone mechanizmy. &nbsp; &nbsp; <\/p>\n\n\n\n<p><strong>Podwy\u017cszenie temperatury g\u0142\u0119bokiej mo\u017ce by\u0107 spowodowane zbyt ciep\u0142\u0105 po\u015bciel\u0105, ubraniem lub wysok\u0105 temperatur\u0105 otoczenia, co z kolei mo\u017ce wywo\u0142a\u0107 reakcj\u0119 fizjologiczn\u0105.<\/strong> Na reaktywno\u015b\u0107 gruczo\u0142\u00f3w potowych mog\u0105 wp\u0142ywa\u0107: kondycja fizyczna, ale r\u00f3wnie\u017c&nbsp; ostre lub przewlek\u0142e stany l\u0119kowe. Uderzenia gor\u0105ca w okresie <strong>menopauzy<\/strong> mog\u0105 wi\u0105za\u0107 si\u0119 z zaw\u0119\u017ceniem zakresu temperatur wyznaczonego przez o\u015brodek termoregulacji, powoduj\u0105c cz\u0119stsze pocenie si\u0119.<\/p>\n\n\n\n<p>Pocenie si\u0119 mo\u017ce r\u00f3wnie\u017c wyst\u0105pi\u0107 z przyczyn <strong>niezwi\u0105zanych z regulacj\u0105 temperatury<\/strong>. Leki lub choroby oddzia\u0142uj\u0105ce na wsp\u00f3\u0142czulny uk\u0142ad nerwowy, o\u015brodek termoregulacji b\u0105d\u017a gruczo\u0142y potowe mog\u0105 wp\u0142ywa\u0107 na cz\u0119sto\u015b\u0107 nocnych pot\u00f3w. Innym mechanizmem mo\u017ce by\u0107 nadmierna czujno\u015b\u0107 pacjenta. Niekt\u00f3re osoby mog\u0105 gorzej tolerowa\u0107 nocne poty lub wybudza\u0107 si\u0119 z powodu innych stan\u00f3w chorobowych i w\u00f3wczas istnieje wi\u0119ksza szansa, \u017ce zauwa\u017c\u0105 pocenie si\u0119.<\/p>\n\n\n\n<p>Nocne poty s\u0105 niespecyficznym objawem, cz\u0119sto wyst\u0119puj\u0105cym u pacjent\u00f3w, ale rzadko spontanicznie zg\u0142aszanym lekarzowi. Budz\u0105 jednak niepok\u00f3j i szereg w\u0105tpliwo\u015bci zwi\u0105zanych ze stanem zdrowia.&nbsp;Je\u015bli s\u0105 niespecyficzne, izolowane, nie pozwalaj\u0105 na rozpoznanie konkretnej choroby. Mog\u0105 one towarzyszy\u0107 pewnym stanom fizjologicznym (jak np. menopauza, <a href=\"https:\/\/www.alab.pl\/centrum-wiedzy\/andropauza-meskie-przekwitanie\/\">andropauza<\/a>) i wtedy nie s\u0105 zagro\u017ceniem dla \u017cycia i zdrowia pacjenta, ale czasami <strong>mog\u0105&nbsp;by\u0107 objawem powa\u017cnej choroby<\/strong>, w tym r\u00f3wnie\u017c choroby nowotworowej. Nocne poty wyst\u0119puj\u0105ce sporadycznie zwykle nie s\u0105 objawem powa\u017cnej choroby, natomiast utrzymuj\u0105ce si\u0119 przez d\u0142u\u017cszy czas lub uporczywie nawracaj\u0105ce wymagaj\u0105 odpowiednio ukierunkowanej diagnostyki. <\/p>\n\n\n\n<figure class=\"wp-block-image size-full\"><a href=\"https:\/\/www.alab.pl\/pakiet\/pakiet-hormony-kobiece-menopauza\" target=\"_blank\" rel=\"noreferrer noopener\"><img loading=\"lazy\" decoding=\"async\" width=\"800\" height=\"200\" src=\"https:\/\/www.alab.pl\/centrum-wiedzy\/wp-content\/uploads\/2023\/12\/Pakiet-hormony-kobiece-menopauza-3-badania-jpg.webp\" alt=\"pakiet hormony kobiece menopauza baner\" class=\"wp-image-10225\" srcset=\"https:\/\/www.alab.pl\/centrum-wiedzy\/wp-content\/uploads\/2023\/12\/Pakiet-hormony-kobiece-menopauza-3-badania-jpg.webp 800w, https:\/\/www.alab.pl\/centrum-wiedzy\/wp-content\/uploads\/2023\/12\/Pakiet-hormony-kobiece-menopauza-3-badania-jpg-768x192.webp 768w, https:\/\/www.alab.pl\/centrum-wiedzy\/wp-content\/uploads\/2023\/12\/Pakiet-hormony-kobiece-menopauza-3-badania-jpg-150x38.webp 150w, https:\/\/www.alab.pl\/centrum-wiedzy\/wp-content\/uploads\/2023\/12\/Pakiet-hormony-kobiece-menopauza-3-badania-jpg-300x75.webp 300w, https:\/\/www.alab.pl\/centrum-wiedzy\/wp-content\/uploads\/2023\/12\/Pakiet-hormony-kobiece-menopauza-3-badania-jpg-696x174.webp 696w\" sizes=\"auto, (max-width: 800px) 100vw, 800px\" \/><\/a><\/figure>\n\n\n\n<h2 class=\"wp-block-heading\" id=\"n1\">Nocne poty &#8211; jak je rozpozna\u0107?<\/h2>\n\n\n\n<p>W zwi\u0105zku z brakiem powszechnie zaakceptowanej, jednej definicji tego objawu proponowano wiele r\u00f3\u017cnych obja\u015bnie\u0144 pot\u00f3w nocnych. W r\u00f3\u017cnych definicjach posta\u0107 pocenia wymagaj\u0105ca zmiany bielizny zosta\u0142a zakwalifikowana jako ci\u0119\u017cka, wymagaj\u0105ca dodatkowego mycia cia\u0142a jako umiarkowana, zg\u0142aszana tylko w odpowiedzi na zadanie pytania przez zbieraj\u0105cego wywiad i niewymagaj\u0105ca mycia ani przebrania jako posta\u0107 lekka. Niekt\u00f3re z dost\u0119pnych definicji okre\u015blaj\u0105 czas trwania objaw\u00f3w, \u017cadne jednak nie wskazuj\u0105 cz\u0119stotliwo\u015bci wyst\u0119powania objaw\u00f3w ani potwierdzenia przez inne osoby.<\/p>\n\n\n\n<p>Najodpowiedniejsz\u0105 i najlepiej oddaj\u0105ca problem wydaje si\u0119 ta, kt\u00f3ra opisuje nocne poty jako<strong> stan, kiedy pacjent pomimo snu w ch\u0142odnym pomieszczeniu intensywnie si\u0119 poci, co skutkuje konieczno\u015bci\u0105 kilkukrotnej zmiany bielizny<\/strong>. Takie objawy jednoznacznie \u015bwiadcz\u0105 o istotnych zaburzeniach proces\u00f3w termoregulacji i wymagaj\u0105 przeprowadzenia dalszej diagnostyki w celu wykluczenia powa\u017cnych przyczyn.<strong> Diagnostyka r\u00f3\u017cnicowa powinna uwzgl\u0119dnia\u0107:<\/strong><\/p>\n\n\n\n<ul class=\"wp-block-list\">\n<li>obecno\u015b\u0107 innych objaw\u00f3w,<\/li>\n\n\n\n<li>wiek i p\u0142e\u0107 pacjenta,<\/li>\n\n\n\n<li>choroby wsp\u00f3\u0142istniej\u0105ce,<\/li>\n\n\n\n<li>stosowane leki.<\/li>\n<\/ul>\n\n\n\n<h2 class=\"wp-block-heading\" id=\"n2\">Nocne poty &#8211; jakie choroby trzeba wykluczy\u0107?<\/h2>\n\n\n\n<p>Diagnostyka chor\u00f3b internistycznych, w tym wykluczenie zaburze\u0144 endokrynologicznych i metabolicznych (cukrzyca, nadczynno\u015b\u0107 tarczycy) oraz ostrych zaka\u017ce\u0144, powinna by\u0107 brana pod uwag\u0119 w pierwszej kolejno\u015bci. Natomiast <strong>pojawienie si\u0119 nocnych pot\u00f3w u os\u00f3b m\u0142odych, z towarzysz\u0105cym os\u0142abieniem i zmniejszeniem masy cia\u0142a, zawsze powinno sk\u0142ania\u0107 do przeprowadzenia diagnostyki onkologicznej w celu wykluczenia chor\u00f3b rozrostowych uk\u0142adu limfatycznego<\/strong>. Osobnym zjawiskiem s\u0105 uzale\u017cnienia od substancji psychoaktywnych. Niekt\u00f3re z tych substancji (np. dopalacze), ale te\u017c stan g\u0142odu narkotykowego, powoduj\u0105 nadmierne pocenie w mechanizmie zaburzenia termoregulacji.<\/p>\n\n\n\n<p><strong>Nocne poty mog\u0105 te\u017c nale\u017ce\u0107 do spektrum objaw\u00f3w zespo\u0142u paranowotworowego poprzedzaj\u0105cego wyst\u0105pienie lub towarzysz\u0105cego nowotworom litym (raki neuroendokrynne, raki drobnokom\u00f3rkowe).<\/strong><\/p>\n\n\n\n<p>Jednak w wielu przypadkach, po wykluczeniu powa\u017cnych patologii, nie udaje si\u0119 znale\u017a\u0107 przyczyny nocnych pot\u00f3w. Pomimo braku rozpoznania powa\u017cnej choroby pacjenci niejednokrotnie skar\u017c\u0105 si\u0119 na uci\u0105\u017cliwo\u015b\u0107 zwi\u0105zan\u0105 z nocnymi potami, kt\u00f3re istotnie pogarszaj\u0105 jako\u015b\u0107 snu, powoduj\u0105c jego zaburzenia, a tak\u017ce przewlek\u0142e zm\u0119czenie. Taki d\u0142ugotrwa\u0142y stan przyczynia si\u0119 do rozdra\u017cnienia, mo\u017ce nasila\u0107 zaburzenia emocjonalne i l\u0119kowe.<\/p>\n\n\n\n<h2 class=\"wp-block-heading\" id=\"n3\">Jakie s\u0105 najcz\u0119stsze przyczyny wyst\u0119powania nocnych pot\u00f3w?<\/h2>\n\n\n\n<p>Rozpowszechnienie pot\u00f3w nocnych zale\u017cy od badanej populacji. W grupie starszych pacjent\u00f3w objaw ten wyst\u0119puje u 10% chorych, natomiast w badaniach z udzia\u0142em m\u0142odszych chorych i pacjent\u00f3w przychodni gastroenterologicznych si\u0119ga a\u017c 44%. Objaw ten cz\u0119sto stwierdza si\u0119 r\u00f3wnie\u017c u pacjent\u00f3w hospitalizowanych. W populacji pacjent\u00f3w laboratori\u00f3w snu poddawanych badaniu polisomnograficznemu rozpowszechnienie pot\u00f3w nocnych wynosi 28%.&nbsp;Po wykluczeniu czynnik\u00f3w \u015brodowiskowych nale\u017cy jednak rozwa\u017cy\u0107 nast\u0119puj\u0105ce <strong>cz\u0119ste <\/strong>przyczyny ich wyst\u0119powania:<\/p>\n\n\n\n<ul class=\"wp-block-list\">\n<li>naczynioruchowe objawy <a href=\"https:\/\/www.alab.pl\/centrum-wiedzy\/menopauza-wazny-okres-w-zyciu-kobiety\/\">menopauzy<\/a>,<\/li>\n\n\n\n<li>napady paniki,<\/li>\n\n\n\n<li>depresj\u0119,<\/li>\n\n\n\n<li>zesp\u00f3\u0142 stresu pourazowego,<\/li>\n\n\n\n<li>oty\u0142o\u015b\u0107\/nadwag\u0119,<\/li>\n\n\n\n<li>spo\u017cywanie alkoholu i palenie tytoniu,<\/li>\n\n\n\n<li><a href=\"https:\/\/www.alab.pl\/centrum-wiedzy\/cukrzyca\/\">cukrzyc\u0119<\/a>,<\/li>\n\n\n\n<li>zesp\u00f3\u0142 niespokojnych n\u00f3g,<\/li>\n\n\n\n<li>nadczynno\u015b\u0107 tarczycy,<\/li>\n\n\n\n<li>choroba refluksowa prze\u0142yku.<\/li>\n<\/ul>\n\n\n\n<figure class=\"wp-block-image size-full\"><img loading=\"lazy\" decoding=\"async\" width=\"980\" height=\"1578\" src=\"https:\/\/www.alab.pl\/centrum-wiedzy\/wp-content\/uploads\/2024\/03\/mozliwe-przyczyny-nocnych-potow-tabela-jpg.webp\" alt=\"mo\u017cliwe przyczyny wyst\u0119powania nocnych pot\u00f3w tabela\" class=\"wp-image-12428\" srcset=\"https:\/\/www.alab.pl\/centrum-wiedzy\/wp-content\/uploads\/2024\/03\/mozliwe-przyczyny-nocnych-potow-tabela-jpg.webp 980w, https:\/\/www.alab.pl\/centrum-wiedzy\/wp-content\/uploads\/2024\/03\/mozliwe-przyczyny-nocnych-potow-tabela-jpg-768x1237.webp 768w, https:\/\/www.alab.pl\/centrum-wiedzy\/wp-content\/uploads\/2024\/03\/mozliwe-przyczyny-nocnych-potow-tabela-jpg-954x1536.webp 954w, https:\/\/www.alab.pl\/centrum-wiedzy\/wp-content\/uploads\/2024\/03\/mozliwe-przyczyny-nocnych-potow-tabela-jpg-150x242.webp 150w, https:\/\/www.alab.pl\/centrum-wiedzy\/wp-content\/uploads\/2024\/03\/mozliwe-przyczyny-nocnych-potow-tabela-jpg-300x483.webp 300w, https:\/\/www.alab.pl\/centrum-wiedzy\/wp-content\/uploads\/2024\/03\/mozliwe-przyczyny-nocnych-potow-tabela-jpg-696x1121.webp 696w\" sizes=\"auto, (max-width: 980px) 100vw, 980px\" \/><\/figure>\n\n\n\n<figure class=\"wp-block-image size-full\"><img loading=\"lazy\" decoding=\"async\" width=\"890\" height=\"840\" src=\"https:\/\/www.alab.pl\/centrum-wiedzy\/wp-content\/uploads\/2024\/03\/leki-ktore-moga-powodowac-nocne-poty-tabela-jpg.webp\" alt=\"leki, kt\u00f3re mog\u0105 powodowa\u0107 nocne poty tabela\" class=\"wp-image-12430\" srcset=\"https:\/\/www.alab.pl\/centrum-wiedzy\/wp-content\/uploads\/2024\/03\/leki-ktore-moga-powodowac-nocne-poty-tabela-jpg.webp 890w, https:\/\/www.alab.pl\/centrum-wiedzy\/wp-content\/uploads\/2024\/03\/leki-ktore-moga-powodowac-nocne-poty-tabela-jpg-768x725.webp 768w, https:\/\/www.alab.pl\/centrum-wiedzy\/wp-content\/uploads\/2024\/03\/leki-ktore-moga-powodowac-nocne-poty-tabela-jpg-150x142.webp 150w, https:\/\/www.alab.pl\/centrum-wiedzy\/wp-content\/uploads\/2024\/03\/leki-ktore-moga-powodowac-nocne-poty-tabela-jpg-300x283.webp 300w, https:\/\/www.alab.pl\/centrum-wiedzy\/wp-content\/uploads\/2024\/03\/leki-ktore-moga-powodowac-nocne-poty-tabela-jpg-696x657.webp 696w\" sizes=\"auto, (max-width: 890px) 100vw, 890px\" \/><\/figure>\n\n\n\n<h2 class=\"wp-block-heading\" id=\"n4\">Nocne poty &#8211; jakie badania warto wykona\u0107?<\/h2>\n\n\n\n<p><strong>Ocena pacjenta na podstawie towarzysz\u0105cych objaw\u00f3w, zalecane post\u0119powanie, badania diagnostyczne, w tym laboratoryjne:<\/strong><\/p>\n\n\n\n<figure class=\"wp-block-image size-full\"><img loading=\"lazy\" decoding=\"async\" width=\"980\" height=\"1186\" src=\"https:\/\/www.alab.pl\/centrum-wiedzy\/wp-content\/uploads\/2024\/03\/nocne-poty-diagnostyka-tabela-1-jpg.webp\" alt=\"nocne poty diagnostyka tabela\" class=\"wp-image-12474\" srcset=\"https:\/\/www.alab.pl\/centrum-wiedzy\/wp-content\/uploads\/2024\/03\/nocne-poty-diagnostyka-tabela-1-jpg.webp 980w, https:\/\/www.alab.pl\/centrum-wiedzy\/wp-content\/uploads\/2024\/03\/nocne-poty-diagnostyka-tabela-1-jpg-768x929.webp 768w, https:\/\/www.alab.pl\/centrum-wiedzy\/wp-content\/uploads\/2024\/03\/nocne-poty-diagnostyka-tabela-1-jpg-150x182.webp 150w, https:\/\/www.alab.pl\/centrum-wiedzy\/wp-content\/uploads\/2024\/03\/nocne-poty-diagnostyka-tabela-1-jpg-300x363.webp 300w, https:\/\/www.alab.pl\/centrum-wiedzy\/wp-content\/uploads\/2024\/03\/nocne-poty-diagnostyka-tabela-1-jpg-696x842.webp 696w\" sizes=\"auto, (max-width: 980px) 100vw, 980px\" \/><\/figure>\n\n\n\n<p><strong>Badania laboratoryjne i obrazowe, kt\u00f3re powinno si\u0119 przeprowadzi\u0107 w przypadku wyst\u0119powania nocnych pot\u00f3w:<\/strong><\/p>\n\n\n\n<ul class=\"wp-block-list\">\n<li><a href=\"https:\/\/www.alab.pl\/badanie\/morfologia-krwi-c55\" target=\"_blank\" rel=\"noreferrer noopener\">morfologia<\/a> krwi obwodowej z rozmazem mikroskopowym,<\/li>\n\n\n\n<li>badania w kierunku mononukleozy,<\/li>\n\n\n\n<li>badania w kierunku <a href=\"https:\/\/www.alab.pl\/centrum-wiedzy\/gruzlica-historia-przyczyny-objawy-rodzaje\/\">gru\u017alicy<\/a> np. test oparty na wydzielaniu interferonu \u03d2 przez limfocyty (np. QuantiFERON-Tb)&nbsp;,<\/li>\n\n\n\n<li><a href=\"https:\/\/www.alab.pl\/centrum-wiedzy\/kto-i-kiedy-powinien-wykonac-test-w-kierunku-zakazenia-wirusem-hiv\/\">badania w kierunku zaka\u017cenia HIV<\/a>,<\/li>\n\n\n\n<li>st\u0119\u017cenie&nbsp;<a href=\"https:\/\/www.alab.pl\/badanie\/tyreotropina-tsh-trzeciej-generacji-l69\" target=\"_blank\" rel=\"noreferrer noopener\">TSH<\/a>, <a href=\"https:\/\/www.alab.pl\/badanie\/wolna-trijodotyronina-ft3-o55\" target=\"_blank\" rel=\"noreferrer noopener\">fT3<\/a>, <a href=\"https:\/\/www.alab.pl\/badanie\/wolna-tyroksyna-ft4-o69\" target=\"_blank\" rel=\"noreferrer noopener\">fT4<\/a>,<\/li>\n\n\n\n<li><a href=\"https:\/\/www.alab.pl\/badanie\/bialko-c-reaktywne-crp-ilosciowe-i81\" target=\"_blank\" rel=\"noreferrer noopener\">bia\u0142ka C-reaktywnego (CRP)<\/a>, <a href=\"https:\/\/www.alab.pl\/badanie\/il-6-surowica-cytokina-prozapalna-m05\" target=\"_blank\" rel=\"noreferrer noopener\">IL-6<\/a>,<\/li>\n\n\n\n<li>RTG klatki piersiowej.<\/li>\n<\/ul>\n\n\n\n<p><strong>Dodatkowe badania, kt\u00f3re mo\u017cna rozwa\u017cy\u0107 indywidualnie:<\/strong><\/p>\n\n\n\n<ul class=\"wp-block-list\">\n<li>tomografia komputerowa klatki piersiowej i\/lub brzucha lub USG,<\/li>\n\n\n\n<li>biopsja szpiku kostnego,<\/li>\n\n\n\n<li>polisomnografia.<\/li>\n<\/ul>\n\n\n\n<p>Je\u015bli wyniki powy\u017cszych bada\u0144 nie budz\u0105 w\u0105tpliwo\u015bci i nie podejrzewa si\u0119 innych chor\u00f3b, zaleca si\u0119 uspokojenie pacjenta i dalsz\u0105 obserwacj\u0119. Wyst\u0119powanie nocnych pot\u00f3w jako izolowanego objawu nie wskazuje na zwi\u0119kszone ryzyko zgonu. U wi\u0119kszo\u015bci pacjent\u00f3w zg\u0142aszaj\u0105cych nocne poty nie wyst\u0119puje \u017cadna powa\u017cna choroba, ale zawsze warto zachowa\u0107 czujno\u015b\u0107 i sprawdzi\u0107.<\/p>\n\n\n\n<hr class=\"wp-block-separator has-alpha-channel-opacity\"\/>\n\n\n\n<p>Pi\u015bmiennictwo<\/p>\n\n\n\n<ol class=\"wp-block-list\">\n<li>Carl Bryce: Persistent night sweats: diagnostic evaluation, American Family Physician, Volume 102, Number&nbsp; 7,October 1, 2020;(427-433)<\/li>\n\n\n\n<li>Aleksandra Grela-Wojewoda, konsultacja i komentarz: Uporczywe poty nocne- post\u0119powanie i diagnostyka, Medycyna rodzinna, Praktyka kliniczna.<\/li>\n\n\n\n<li>Helena Martynowicz, Grzegorz Mazur: Poty nocne &#8211; o czym mog\u0105 \u015bwiadczy\u0107, jak pokierowa\u0107 pacjenta, Medycyna po Dyplomie, 2021,10.<\/li>\n<\/ol>\n","protected":false},"excerpt":{"rendered":"<p>Jaka mo\u017ce by\u0107 przyczyna wyst\u0119powania nocnych pot\u00f3w i jakie choroby trzeba wykluczy\u0107?<\/p>\n","protected":false},"author":123,"featured_media":12448,"comment_status":"closed","ping_status":"open","sticky":false,"template":"","format":"standard","meta":{"_acf_changed":false,"inline_featured_image":false,"footnotes":""},"categories":[28],"tags":[],"coauthors":[141],"class_list":{"0":"post-12334","1":"post","2":"type-post","3":"status-publish","4":"format-standard","5":"has-post-thumbnail","7":"category-warto-wiedziec"},"acf":[],"yoast_head":"<!-- This site is optimized with the Yoast SEO plugin v27.4 - https:\/\/yoast.com\/product\/yoast-seo-wordpress\/ -->\n<title>Nocne poty (pocenie si\u0119 podczas snu) - przyczyny, diagnostyka<\/title>\n<meta name=\"description\" content=\"Nocne poty mog\u0105 mie\u0107 r\u00f3\u017cne przyczyny - od b\u0142ahych, po bardzo powa\u017cne. Kiedy i jakie badania warto wykona\u0107, by ustali\u0107 pow\u00f3d nocnych pot\u00f3w?\" \/>\n<meta name=\"robots\" content=\"index, follow, max-snippet:-1, max-image-preview:large, max-video-preview:-1\" \/>\n<link rel=\"canonical\" href=\"https:\/\/www.alab.pl\/centrum-wiedzy\/nocne-poty-pocenie-sie-podczas-snu-najczestsze-przyczyny-diagnostyka\/\" \/>\n<meta property=\"og:locale\" content=\"pl_PL\" \/>\n<meta property=\"og:type\" content=\"article\" \/>\n<meta property=\"og:title\" content=\"Nocne poty (pocenie si\u0119 podczas snu) - przyczyny, diagnostyka\" \/>\n<meta property=\"og:description\" content=\"Nocne poty mog\u0105 mie\u0107 r\u00f3\u017cne przyczyny - od b\u0142ahych, po bardzo powa\u017cne. Kiedy i jakie badania warto wykona\u0107, by ustali\u0107 pow\u00f3d nocnych pot\u00f3w?\" \/>\n<meta property=\"og:url\" content=\"https:\/\/www.alab.pl\/centrum-wiedzy\/nocne-poty-pocenie-sie-podczas-snu-najczestsze-przyczyny-diagnostyka\/\" \/>\n<meta property=\"og:site_name\" content=\"Centrum Wiedzy ALAB laboratoria\" \/>\n<meta property=\"article:publisher\" content=\"https:\/\/www.facebook.com\/ALABlaboratoria\" \/>\n<meta property=\"article:published_time\" content=\"2024-03-08T06:47:41+00:00\" \/>\n<meta property=\"og:image\" content=\"https:\/\/www.alab.pl\/centrum-wiedzy\/wp-content\/uploads\/2024\/03\/nocne-poty-jpg.webp\" \/>\n\t<meta property=\"og:image:width\" content=\"1200\" \/>\n\t<meta property=\"og:image:height\" content=\"801\" \/>\n\t<meta property=\"og:image:type\" content=\"image\/webp\" \/>\n<meta name=\"author\" content=\"Agnieszka Kobiela-Mednis\" \/>\n<meta name=\"twitter:card\" content=\"summary_large_image\" \/>\n<meta name=\"twitter:label1\" content=\"Napisane przez\" \/>\n\t<meta name=\"twitter:data1\" content=\"Agnieszka Kobiela-Mednis\" \/>\n\t<meta name=\"twitter:label2\" content=\"Szacowany czas czytania\" \/>\n\t<meta name=\"twitter:data2\" content=\"6 minut\" \/>\n\t<meta name=\"twitter:label3\" content=\"Written by\" \/>\n\t<meta name=\"twitter:data3\" content=\"Agnieszka Kobiela-Mednis\" \/>\n<!-- \/ Yoast SEO plugin. -->","yoast_head_json":{"title":"Nocne poty (pocenie si\u0119 podczas snu) - przyczyny, diagnostyka","description":"Nocne poty mog\u0105 mie\u0107 r\u00f3\u017cne przyczyny - od b\u0142ahych, po bardzo powa\u017cne. Kiedy i jakie badania warto wykona\u0107, by ustali\u0107 pow\u00f3d nocnych pot\u00f3w?","robots":{"index":"index","follow":"follow","max-snippet":"max-snippet:-1","max-image-preview":"max-image-preview:large","max-video-preview":"max-video-preview:-1"},"canonical":"https:\/\/www.alab.pl\/centrum-wiedzy\/nocne-poty-pocenie-sie-podczas-snu-najczestsze-przyczyny-diagnostyka\/","og_locale":"pl_PL","og_type":"article","og_title":"Nocne poty (pocenie si\u0119 podczas snu) - przyczyny, diagnostyka","og_description":"Nocne poty mog\u0105 mie\u0107 r\u00f3\u017cne przyczyny - od b\u0142ahych, po bardzo powa\u017cne. Kiedy i jakie badania warto wykona\u0107, by ustali\u0107 pow\u00f3d nocnych pot\u00f3w?","og_url":"https:\/\/www.alab.pl\/centrum-wiedzy\/nocne-poty-pocenie-sie-podczas-snu-najczestsze-przyczyny-diagnostyka\/","og_site_name":"Centrum Wiedzy ALAB laboratoria","article_publisher":"https:\/\/www.facebook.com\/ALABlaboratoria","article_published_time":"2024-03-08T06:47:41+00:00","og_image":[{"width":1200,"height":801,"url":"https:\/\/www.alab.pl\/centrum-wiedzy\/wp-content\/uploads\/2024\/03\/nocne-poty-jpg.webp","type":"image\/webp"}],"author":"Agnieszka Kobiela-Mednis","twitter_card":"summary_large_image","twitter_misc":{"Napisane przez":"Agnieszka Kobiela-Mednis","Szacowany czas czytania":"6 minut","Written by":"Agnieszka Kobiela-Mednis"},"schema":{"@context":"https:\/\/schema.org","@graph":[{"@type":"Article","@id":"https:\/\/www.alab.pl\/centrum-wiedzy\/nocne-poty-pocenie-sie-podczas-snu-najczestsze-przyczyny-diagnostyka\/#article","isPartOf":{"@id":"https:\/\/www.alab.pl\/centrum-wiedzy\/nocne-poty-pocenie-sie-podczas-snu-najczestsze-przyczyny-diagnostyka\/"},"author":{"name":"Agnieszka Kobiela-Mednis","@id":"https:\/\/www.alab.pl\/centrum-wiedzy\/#\/schema\/person\/6d7896bef11aea1ad92cc12ff38b670e"},"headline":"Nocne poty (pocenie si\u0119 podczas snu) &#8211; najcz\u0119stsze przyczyny, diagnostyka","datePublished":"2024-03-08T06:47:41+00:00","mainEntityOfPage":{"@id":"https:\/\/www.alab.pl\/centrum-wiedzy\/nocne-poty-pocenie-sie-podczas-snu-najczestsze-przyczyny-diagnostyka\/"},"wordCount":1061,"publisher":{"@id":"https:\/\/www.alab.pl\/centrum-wiedzy\/#organization"},"image":{"@id":"https:\/\/www.alab.pl\/centrum-wiedzy\/nocne-poty-pocenie-sie-podczas-snu-najczestsze-przyczyny-diagnostyka\/#primaryimage"},"thumbnailUrl":"https:\/\/www.alab.pl\/centrum-wiedzy\/wp-content\/uploads\/2024\/03\/nocne-poty-jpg.webp","articleSection":["Warto wiedzie\u0107"],"inLanguage":"pl-PL"},{"@type":"WebPage","@id":"https:\/\/www.alab.pl\/centrum-wiedzy\/nocne-poty-pocenie-sie-podczas-snu-najczestsze-przyczyny-diagnostyka\/","url":"https:\/\/www.alab.pl\/centrum-wiedzy\/nocne-poty-pocenie-sie-podczas-snu-najczestsze-przyczyny-diagnostyka\/","name":"Nocne poty (pocenie si\u0119 podczas snu) - przyczyny, diagnostyka","isPartOf":{"@id":"https:\/\/www.alab.pl\/centrum-wiedzy\/#website"},"primaryImageOfPage":{"@id":"https:\/\/www.alab.pl\/centrum-wiedzy\/nocne-poty-pocenie-sie-podczas-snu-najczestsze-przyczyny-diagnostyka\/#primaryimage"},"image":{"@id":"https:\/\/www.alab.pl\/centrum-wiedzy\/nocne-poty-pocenie-sie-podczas-snu-najczestsze-przyczyny-diagnostyka\/#primaryimage"},"thumbnailUrl":"https:\/\/www.alab.pl\/centrum-wiedzy\/wp-content\/uploads\/2024\/03\/nocne-poty-jpg.webp","datePublished":"2024-03-08T06:47:41+00:00","description":"Nocne poty mog\u0105 mie\u0107 r\u00f3\u017cne przyczyny - od b\u0142ahych, po bardzo powa\u017cne. Kiedy i jakie badania warto wykona\u0107, by ustali\u0107 pow\u00f3d nocnych pot\u00f3w?","breadcrumb":{"@id":"https:\/\/www.alab.pl\/centrum-wiedzy\/nocne-poty-pocenie-sie-podczas-snu-najczestsze-przyczyny-diagnostyka\/#breadcrumb"},"inLanguage":"pl-PL","potentialAction":[{"@type":"ReadAction","target":["https:\/\/www.alab.pl\/centrum-wiedzy\/nocne-poty-pocenie-sie-podczas-snu-najczestsze-przyczyny-diagnostyka\/"]}]},{"@type":"ImageObject","inLanguage":"pl-PL","@id":"https:\/\/www.alab.pl\/centrum-wiedzy\/nocne-poty-pocenie-sie-podczas-snu-najczestsze-przyczyny-diagnostyka\/#primaryimage","url":"https:\/\/www.alab.pl\/centrum-wiedzy\/wp-content\/uploads\/2024\/03\/nocne-poty-jpg.webp","contentUrl":"https:\/\/www.alab.pl\/centrum-wiedzy\/wp-content\/uploads\/2024\/03\/nocne-poty-jpg.webp","width":1200,"height":801,"caption":"nocne poty"},{"@type":"BreadcrumbList","@id":"https:\/\/www.alab.pl\/centrum-wiedzy\/nocne-poty-pocenie-sie-podczas-snu-najczestsze-przyczyny-diagnostyka\/#breadcrumb","itemListElement":[{"@type":"ListItem","position":1,"name":"Strona g\u0142\u00f3wna","item":"https:\/\/www.alab.pl\/centrum-wiedzy\/"},{"@type":"ListItem","position":2,"name":"Nocne poty (pocenie si\u0119 podczas snu) &#8211; najcz\u0119stsze przyczyny, diagnostyka"}]},{"@type":"WebSite","@id":"https:\/\/www.alab.pl\/centrum-wiedzy\/#website","url":"https:\/\/www.alab.pl\/centrum-wiedzy\/","name":"Centrum Wiedzy ALAB laboratoria","description":"","publisher":{"@id":"https:\/\/www.alab.pl\/centrum-wiedzy\/#organization"},"potentialAction":[{"@type":"SearchAction","target":{"@type":"EntryPoint","urlTemplate":"https:\/\/www.alab.pl\/centrum-wiedzy\/?s={search_term_string}"},"query-input":{"@type":"PropertyValueSpecification","valueRequired":true,"valueName":"search_term_string"}}],"inLanguage":"pl-PL"},{"@type":"Organization","@id":"https:\/\/www.alab.pl\/centrum-wiedzy\/#organization","name":"Centrum Wiedzy ALAB laboratoria","url":"https:\/\/www.alab.pl\/centrum-wiedzy\/","logo":{"@type":"ImageObject","inLanguage":"pl-PL","@id":"https:\/\/www.alab.pl\/centrum-wiedzy\/#\/schema\/logo\/image\/","url":"https:\/\/www.alab.pl\/centrum-wiedzy\/wp-content\/uploads\/2022\/04\/alabek.jpg","contentUrl":"https:\/\/www.alab.pl\/centrum-wiedzy\/wp-content\/uploads\/2022\/04\/alabek.jpg","width":1250,"height":1251,"caption":"Centrum Wiedzy ALAB laboratoria"},"image":{"@id":"https:\/\/www.alab.pl\/centrum-wiedzy\/#\/schema\/logo\/image\/"},"sameAs":["https:\/\/www.facebook.com\/ALABlaboratoria"]},{"@type":"Person","@id":"https:\/\/www.alab.pl\/centrum-wiedzy\/#\/schema\/person\/6d7896bef11aea1ad92cc12ff38b670e","name":"Agnieszka Kobiela-Mednis","image":{"@type":"ImageObject","inLanguage":"pl-PL","@id":"https:\/\/www.alab.pl\/centrum-wiedzy\/wp-content\/uploads\/2022\/03\/woman-150x150.png510376ddb3c99b233fa30c560b9695e9","url":"https:\/\/www.alab.pl\/centrum-wiedzy\/wp-content\/uploads\/2022\/03\/woman-150x150.png","contentUrl":"https:\/\/www.alab.pl\/centrum-wiedzy\/wp-content\/uploads\/2022\/03\/woman-150x150.png","caption":"Agnieszka Kobiela-Mednis"},"description":"Farmaceuta, diagnosta laboratoryjny z II st. specjalizacji z analityki klinicznej. Absolwentka Wydzia\u0142u Farmaceutycznego w Akademii Medycznej w Warszawie.","url":"https:\/\/www.alab.pl\/centrum-wiedzy\/author\/agnieszka-kobiela-mednis\/"}]}},"_links":{"self":[{"href":"https:\/\/www.alab.pl\/centrum-wiedzy\/wp-json\/wp\/v2\/posts\/12334","targetHints":{"allow":["GET"]}}],"collection":[{"href":"https:\/\/www.alab.pl\/centrum-wiedzy\/wp-json\/wp\/v2\/posts"}],"about":[{"href":"https:\/\/www.alab.pl\/centrum-wiedzy\/wp-json\/wp\/v2\/types\/post"}],"author":[{"embeddable":true,"href":"https:\/\/www.alab.pl\/centrum-wiedzy\/wp-json\/wp\/v2\/users\/123"}],"replies":[{"embeddable":true,"href":"https:\/\/www.alab.pl\/centrum-wiedzy\/wp-json\/wp\/v2\/comments?post=12334"}],"version-history":[{"count":0,"href":"https:\/\/www.alab.pl\/centrum-wiedzy\/wp-json\/wp\/v2\/posts\/12334\/revisions"}],"wp:featuredmedia":[{"embeddable":true,"href":"https:\/\/www.alab.pl\/centrum-wiedzy\/wp-json\/wp\/v2\/media\/12448"}],"wp:attachment":[{"href":"https:\/\/www.alab.pl\/centrum-wiedzy\/wp-json\/wp\/v2\/media?parent=12334"}],"wp:term":[{"taxonomy":"category","embeddable":true,"href":"https:\/\/www.alab.pl\/centrum-wiedzy\/wp-json\/wp\/v2\/categories?post=12334"},{"taxonomy":"post_tag","embeddable":true,"href":"https:\/\/www.alab.pl\/centrum-wiedzy\/wp-json\/wp\/v2\/tags?post=12334"},{"taxonomy":"author","embeddable":true,"href":"https:\/\/www.alab.pl\/centrum-wiedzy\/wp-json\/wp\/v2\/coauthors?post=12334"}],"curies":[{"name":"wp","href":"https:\/\/api.w.org\/{rel}","templated":true}]}}