{"id":12492,"date":"2024-03-13T08:01:02","date_gmt":"2024-03-13T07:01:02","guid":{"rendered":"https:\/\/sklep.alablaboratoria.pl\/centrum-wiedzy\/?p=12492"},"modified":"2024-03-13T08:01:02","modified_gmt":"2024-03-13T07:01:02","slug":"salmonella-przyczyny-zakazenia-objawy-leczenie-zapobieganie","status":"publish","type":"post","link":"https:\/\/www.alab.pl\/centrum-wiedzy\/salmonella-przyczyny-zakazenia-objawy-leczenie-zapobieganie\/","title":{"rendered":"Salmonella \u2013 przyczyny zaka\u017cenia, objawy, leczenie, zapobieganie"},"content":{"rendered":"\n<p>Spis tre\u015bci<\/p>\n\n\n\n<ol class=\"wp-block-list\">\n<li><a href=\"#s1\"><em>Salmonella<\/em> &#8211; charakterystyka<\/a><\/li>\n\n\n\n<li><a href=\"#s2\"><em>Salmonella<\/em> \u2013 epidemiologia<\/a><\/li>\n\n\n\n<li><a href=\"#s3\">Kliniczne postaci zaka\u017cenia <em>Salmonella<\/em><\/a><\/li>\n\n\n\n<li><a href=\"#s4\">Zaka\u017cenia Salmonella w Polsce<\/a><\/li>\n\n\n\n<li><a href=\"#s5\"><em>Salmonella<\/em> \u2013 objawy zaka\u017cenia<\/a><\/li>\n\n\n\n<li><a href=\"#s6\">Diagnostyka laboratoryjna w kierunku <em>Salmonella<\/em><\/a><\/li>\n\n\n\n<li><a href=\"#s7\">Salmonella &#8211; leczenie<\/a><\/li>\n\n\n\n<li><a href=\"#s8\">Salmonella &#8211; profilaktyka<\/a><\/li>\n<\/ol>\n\n\n\n<p><strong>Bakterie z rodzaju <em>Salmonella<\/em> s\u0105<\/strong>, obok <em>Escherichia coli<\/em>, <em>Shigella<\/em> spp., i <em>Campylobacter<\/em> spp., <strong>jedn\u0105 z g\u0142\u00f3wnych przyczyn bakteryjnych chor\u00f3b biegunkowych na \u015bwiecie<\/strong>.&nbsp;Mimo \u017ce wi\u0119kszo\u015b\u0107 zachorowa\u0144 ma przebieg \u0142agodny, czasami, zale\u017cnie od stanu pacjenta i serotypu <em>Salmonella<\/em>, zaka\u017cenie mo\u017ce zagra\u017ca\u0107 \u017cyciu.<\/p>\n\n\n\n<h2 class=\"wp-block-heading\" id=\"s1\"><em>Salmonella<\/em> &#8211; charakterystyka<\/h2>\n\n\n\n<p>Bakterie z rodzaju <em>Salmonella<\/em> nale\u017c\u0105 do wybi\u00f3rczo beztlenowych pa\u0142eczek Gram-ujemnych. Zosta\u0142y odkryte w 1885 roku przez ameryka\u0144skiego uczonego Theobalda Smitha i nazwane na cze\u015b\u0107 jego prze\u0142o\u017conego Daniela. E. Salmona.<\/p>\n\n\n\n<p>Rodzaj <em>Salmonella<\/em> jest najbardziej liczn\u0105 grup\u0105 bakterii w obr\u0119bie rodziny <em>Enterobacteriaceae.<\/em> Aktualnie obowi\u0105zuj\u0105ca systematyka pa\u0142eczek <em>Salmonella<\/em> obejmuje dwa gatunki: <em>Salmonella enterica <\/em>i <em>Salmonella bongori<\/em>. Dalsze wewn\u0105trzgatunkowe r\u00f3\u017cnicowanie opiera si\u0119 na cechach biochemicznych i serologicznych. Opisano ponad 2500 typ\u00f3w serologicznych <em>Salmonella<\/em> w oparciu o r\u00f3\u017cnice w budowie antygen\u00f3w O (somatycznych) i antygen\u00f3w H (rz\u0119skowych). Niekt\u00f3re serotypy mog\u0105 posiada\u0107 r\u00f3wnie\u017c antygen Vi (powierzchniowy).&nbsp;<strong>Typowanie serologiczne (serotypowanie) jest wa\u017cnym etapem post\u0119powania diagnostycznego.<\/strong><\/p>\n\n\n\n<p>Podstaw\u0105 typowania pa\u0142eczek <em>Salmonella<\/em> jest <strong>schemat White\u00eda&#8211;Kauffmanna-Le Minora <\/strong>uaktualniany i wydawany co kilka lat przez &nbsp;Referencyjny O\u015brodek Salmonella WHO w Pary\u017cu.<\/p>\n\n\n\n<p>W Polsce Krajowy O\u015brodek Salmonella zosta\u0142 powo\u0142any w 1957 roku i mie\u015bci si\u0119 obecnie w strukturach&nbsp; Zak\u0142adu Mikrobiologii Lekarskiej Gda\u0144skiego Uniwersytetu Medycznego.<\/p>\n\n\n\n<h2 class=\"wp-block-heading\" id=\"s2\"><em>Salmonella<\/em> \u2013 epidemiologia<\/h2>\n\n\n\n<p><strong>Pa\u0142eczki <em>Salmonella<\/em> s\u0105 przyczyn\u0105 zaka\u017ce\u0144 ludzi i zwierz\u0105t. <\/strong>Zachorowania na <strong>dur brzuszny<\/strong> wyst\u0119puj\u0105 g\u0142\u00f3wnie w krajach o niskim standardzie higieniczno-sanitarnym. <strong>Salmonellozy<\/strong> wywo\u0142ywane przez <strong>szczepy niedurowe <\/strong>s\u0105 jedn\u0105 z g\u0142\u00f3wnych przyczyn zaka\u017ce\u0144 przewodu pokarmowego na ca\u0142ym \u015bwiecie.&nbsp;W 2021 r. w krajach EU\/EOG (Unia Europejska\/Europejski Obszar Gospodarczy) zg\u0142oszono&nbsp;60 494 potwierdzonych laboratoryjnie przypadk\u00f3w salmonellozy, z czego 73 zako\u0144czy\u0142y si\u0119 zgonem. Wska\u017anik zg\u0142aszania salmonellozy w UE\/EOG wyni\u00f3s\u0142 16,6 przypadk\u00f3w na 100 000 mieszka\u0144c\u00f3w.<strong>&nbsp;<\/strong><\/p>\n\n\n\n<p><strong>Rezerwuar drobnoustroj\u00f3w:<\/strong> przew\u00f3d pokarmowy zwierz\u0105t dzikich i hodowlanych, cz\u0142owiek.<\/p>\n\n\n<div class=\"wp-block-image\">\n<figure class=\"aligncenter size-full is-resized\"><img loading=\"lazy\" decoding=\"async\" src=\"https:\/\/www.alab.pl\/centrum-wiedzy\/wp-content\/uploads\/2024\/03\/podzial-paleczek-salmonella-wg-rezerwuaru-schemat-jpg.webp\" alt=\"podzia\u0142 pa\u0142eczek salmonella wg rezerwuaru schemat\" class=\"wp-image-12519\" width=\"735\" height=\"572\" srcset=\"https:\/\/www.alab.pl\/centrum-wiedzy\/wp-content\/uploads\/2024\/03\/podzial-paleczek-salmonella-wg-rezerwuaru-schemat-jpg.webp 980w, https:\/\/www.alab.pl\/centrum-wiedzy\/wp-content\/uploads\/2024\/03\/podzial-paleczek-salmonella-wg-rezerwuaru-schemat-jpg-768x598.webp 768w, https:\/\/www.alab.pl\/centrum-wiedzy\/wp-content\/uploads\/2024\/03\/podzial-paleczek-salmonella-wg-rezerwuaru-schemat-jpg-150x117.webp 150w, https:\/\/www.alab.pl\/centrum-wiedzy\/wp-content\/uploads\/2024\/03\/podzial-paleczek-salmonella-wg-rezerwuaru-schemat-jpg-300x234.webp 300w, https:\/\/www.alab.pl\/centrum-wiedzy\/wp-content\/uploads\/2024\/03\/podzial-paleczek-salmonella-wg-rezerwuaru-schemat-jpg-696x542.webp 696w\" sizes=\"auto, (max-width: 735px) 100vw, 735px\" \/><\/figure><\/div>\n\n\n<p><strong>\u0179r\u00f3d\u0142o zaka\u017cenia: <\/strong>zwierz\u0119ta (szczepy odzwierz\u0119ce), ludzie w przypadku pa\u0142eczek duru brzusznego i duru rzekomego, rzadziej w przypadku pa\u0142eczek niedurowych<\/p>\n\n\n\n<p><strong>Dawka zaka\u017ana:<\/strong> w przypadku <em>Salmonella<\/em> Typhi niska, w przypadku serotyp\u00f3w odzwierz\u0119cych wysoka (10<sup>6<\/sup>&#8211; 10<sup>8 <\/sup>kom\u00f3rek bakterii). Zwi\u0119kszon\u0105 podatno\u015b\u0107 na salmonellozy posiadaj\u0105 osoby z grupy ryzyka: osoby z niedokwasot\u0105 \u017co\u0142\u0105dkow\u0105, z&nbsp;zaburzon\u0105 flor\u0105 bakteryjn\u0105 po <a href=\"https:\/\/www.alab.pl\/centrum-wiedzy\/antybiotyki-czy-nadal-sa-skuteczne\/\">antybiotykoterapii<\/a> i&nbsp;z&nbsp;uszkodzon\u0105 barier\u0105 jelitow\u0105, skrajne grupy wiekowe, osoby z obni\u017con\u0105 odporno\u015bci\u0105.<\/p>\n\n\n\n<p><strong>Drogi szerzenia zaka\u017cenia:<\/strong><\/p>\n\n\n\n<ul class=\"wp-block-list\">\n<li>spo\u017cycie ska\u017conej \u017cywno\u015bci pochodzenia zwierz\u0119cego &#8211; jaja, dr\u00f3b, mleko, mi\u0119so,<\/li>\n\n\n\n<li>spo\u017cycie ska\u017conej wody pitnej lub ze zbiornik\u00f3w otwartych zanieczyszczonych fekaliami,<\/li>\n\n\n\n<li>poprzez ska\u017cone sprz\u0119ty,<\/li>\n\n\n\n<li>bezpo\u015bredni kontakt z chorymi lud\u017ami lub zwierz\u0119tami (rzadko),<\/li>\n\n\n\n<li>drog\u0105 powietrzn\u0105 (DPS, ZOL, szpitale) (rzadko).<\/li>\n<\/ul>\n\n\n\n<h2 class=\"wp-block-heading\" id=\"s3\">Kliniczne postaci zaka\u017cenia <em>Salmonella<\/em><\/h2>\n\n\n\n<p>Zaka\u017cenie pa\u0142eczkami <em>Salmonella<\/em> mo\u017ce prowadzi\u0107 do:<\/p>\n\n\n\n<ul class=\"wp-block-list\">\n<li>zapalenia \u017co\u0142\u0105dka i&nbsp;jelit,<\/li>\n\n\n\n<li>bakteriemii,<\/li>\n\n\n\n<li>duru brzusznego (dur\u00f3w rzekomych),<\/li>\n\n\n\n<li>bezobjawowego nosicielstwa.<\/li>\n<\/ul>\n\n\n<div class=\"wp-block-image\">\n<figure class=\"aligncenter size-full is-resized\"><img loading=\"lazy\" decoding=\"async\" src=\"https:\/\/www.alab.pl\/centrum-wiedzy\/wp-content\/uploads\/2024\/03\/podzial-paleczek-salmonella-wg-chorobotworczosci-schemat-jpg.webp\" alt=\"podzia\u0142 pa\u0142eczek salmonella ze wzgl\u0119du na chorobotw\u00f3rczo\u015b\u0107 schenat\" class=\"wp-image-12518\" width=\"735\" height=\"572\" srcset=\"https:\/\/www.alab.pl\/centrum-wiedzy\/wp-content\/uploads\/2024\/03\/podzial-paleczek-salmonella-wg-chorobotworczosci-schemat-jpg.webp 980w, https:\/\/www.alab.pl\/centrum-wiedzy\/wp-content\/uploads\/2024\/03\/podzial-paleczek-salmonella-wg-chorobotworczosci-schemat-jpg-768x598.webp 768w, https:\/\/www.alab.pl\/centrum-wiedzy\/wp-content\/uploads\/2024\/03\/podzial-paleczek-salmonella-wg-chorobotworczosci-schemat-jpg-150x117.webp 150w, https:\/\/www.alab.pl\/centrum-wiedzy\/wp-content\/uploads\/2024\/03\/podzial-paleczek-salmonella-wg-chorobotworczosci-schemat-jpg-300x234.webp 300w, https:\/\/www.alab.pl\/centrum-wiedzy\/wp-content\/uploads\/2024\/03\/podzial-paleczek-salmonella-wg-chorobotworczosci-schemat-jpg-696x542.webp 696w\" sizes=\"auto, (max-width: 735px) 100vw, 735px\" \/><\/figure><\/div>\n\n\n<h2 class=\"wp-block-heading\" id=\"s4\">Zaka\u017cenia Salmonella w Polsce<\/h2>\n\n\n\n<p><strong>Rozpoznanie zaka\u017cenia Salmonella podlega w Polsce zg\u0142oszeniu do sanepidu.<\/strong> Informacja o zg\u0142oszonych przypadkach pojawia si\u0119 w meldunkach epidemiologicznych na stronie NIZP PZH &#8211; PIB (Narodowy Instytut Zdrowia Publicznego PZH &#8211; Pa\u0144stwowy Instytut Badawczy).<\/p>\n\n\n<div class=\"wp-block-image\">\n<figure class=\"aligncenter size-full is-resized\"><img loading=\"lazy\" decoding=\"async\" src=\"https:\/\/www.alab.pl\/centrum-wiedzy\/wp-content\/uploads\/2024\/03\/przypadki-zatruc-salmonella-w-Polsce-w-2022-i-2023-tabela-jpg.webp\" alt=\"przypadki zatru\u0107 Salmonell\u0105 w Polsce w 20222 i 2023 tabela\" class=\"wp-image-12522\" width=\"735\" height=\"399\" srcset=\"https:\/\/www.alab.pl\/centrum-wiedzy\/wp-content\/uploads\/2024\/03\/przypadki-zatruc-salmonella-w-Polsce-w-2022-i-2023-tabela-jpg.webp 980w, https:\/\/www.alab.pl\/centrum-wiedzy\/wp-content\/uploads\/2024\/03\/przypadki-zatruc-salmonella-w-Polsce-w-2022-i-2023-tabela-jpg-768x417.webp 768w, https:\/\/www.alab.pl\/centrum-wiedzy\/wp-content\/uploads\/2024\/03\/przypadki-zatruc-salmonella-w-Polsce-w-2022-i-2023-tabela-jpg-150x81.webp 150w, https:\/\/www.alab.pl\/centrum-wiedzy\/wp-content\/uploads\/2024\/03\/przypadki-zatruc-salmonella-w-Polsce-w-2022-i-2023-tabela-jpg-300x163.webp 300w, https:\/\/www.alab.pl\/centrum-wiedzy\/wp-content\/uploads\/2024\/03\/przypadki-zatruc-salmonella-w-Polsce-w-2022-i-2023-tabela-jpg-696x378.webp 696w\" sizes=\"auto, (max-width: 735px) 100vw, 735px\" \/><\/figure><\/div>\n\n\n<h2 class=\"wp-block-heading\" id=\"s5\"><em>Salmonella<\/em> \u2013 objawy zaka\u017cenia<\/h2>\n\n\n\n<ul class=\"wp-block-list\">\n<li><strong>Zapalenie \u017co\u0142\u0105dka i jelit<\/strong><\/li>\n<\/ul>\n\n\n\n<p>Jest najcz\u0119stsz\u0105 postaci\u0105 salmonellozy. Po up\u0142ywie 6-48 godzin od spo\u017cycia zanieczyszczonej \u017cywno\u015bci lub wody u zaka\u017conego pojawiaj\u0105 si\u0119 nudno\u015bci, wymioty, biegunka. Cz\u0119sto wyst\u0119puje tak\u017ce gor\u0105czka (39\u00b0C), skurcze brzucha, b\u00f3le mi\u0119\u015bni i g\u0142owy. Stolce biegunkowe s\u0105 zwykle niezbyt obfite, w niekt\u00f3rych przypadkach mo\u017ce wyst\u0105pi\u0107 owrzodzenie jelita grubego i pojawienie si\u0119 krwi w kale. Objawy utrzymuj\u0105 si\u0119 2-7 dni i ulegaj\u0105 zazwyczaj samoograniczeniu, gor\u0105czka ust\u0119puje w ci\u0105gu 72 godzin.<\/p>\n\n\n\n<ul class=\"wp-block-list\">\n<li><strong>Bakteriemia<\/strong><\/li>\n<\/ul>\n\n\n\n<p>Pa\u0142eczki <em>Salmonella<\/em> mog\u0105 pokona\u0107 barier\u0119 jelitow\u0105 i przedosta\u0107 si\u0119 do krwi, czego nast\u0119pstwem, szczeg\u00f3lnie u os\u00f3b z grupy ryzyka, mo\u017ce by\u0107 bakteriemia. Przyczyn\u0105 bakteriemii mog\u0105 by\u0107 wszystkie pa\u0142eczki z rodzaju <em>Salmonella<\/em>, ale najcz\u0119\u015bciej wyst\u0119puje ona po zaka\u017ceniu wywo\u0142anym przez <em>Salmonella<\/em> Typhi, <em>Salmonella<\/em> Paratyphi i <em>Salmonella<\/em> Cholerasuis.<\/p>\n\n\n\n<ul class=\"wp-block-list\">\n<li><strong>Dur brzuszny<\/strong><\/li>\n<\/ul>\n\n\n\n<p>Okres wyl\u0119gania duru wynosi najcz\u0119\u015bciej 10-14 dni (1-4 tyg.). Choroba objawia si\u0119 toksemi\u0105, bakteriemi\u0105 i owrzodzeniami jelita cienkiego. W pierwszym tygodniu pojawiaj\u0105 si\u0119 gor\u0105czka, z\u0142e samopoczucie, senno\u015b\u0107, os\u0142abienie, dreszcze, b\u00f3l brzucha, zaparcia. W drugim tygodniu dochodzi do bakteriemii, w czasie trwania kt\u00f3rej gor\u0105czka wzrasta i pojawiaj\u0105 si\u0119 symptomy w postaci suchego kaszlu, obni\u017cenia ci\u015bnienia t\u0119tniczego, silnego b\u00f3lu g\u0142owy, bezsenno\u015bci, zamroczenia, charakterystycznej blador\u00f3\u017cowej wysypki na&nbsp; brzuchu i w dolnej cz\u0119\u015bci klatki piersiowej. Powi\u0119kszeniu ulega w\u0105troba i \u015bledziona, dochodzi do wyst\u0105pienia \u017c\u00f3\u0142taczki. Pod koniec drugiego tygodnia choroby lub na pocz\u0105tku trzeciego pojawia si\u0119 biegunka. W trzecim tygodniu u pacjenta mog\u0105 wyst\u0105pi\u0107 zaburzenia \u015bwiadomo\u015bci, pobudzenie, bezsenno\u015b\u0107, odwodnienie.&nbsp;W czwartym tygodniu nast\u0119puje powolne ust\u0119powanie objaw\u00f3w i zdrowienie.<\/p>\n\n\n\n<ul class=\"wp-block-list\">\n<li><strong>Bezobjawowe nosicielstwo<\/strong><\/li>\n<\/ul>\n\n\n\n<p>Nosicielstwem u ludzi nazywamy stan, w kt\u00f3rym u cz\u0142owieka (po przechorowaniu choroby zaka\u017anej lub po bezobjawowym zaka\u017ceniu) drobnoustr\u00f3j&nbsp; jest obecny mimo braku objaw\u00f3w infekcji. Nosiciel mo\u017ce by\u0107 bezpo\u015brednio lub po\u015brednio \u017ar\u00f3d\u0142em zaka\u017cenia dla innych ludzi.&nbsp;Przewlek\u0142e nosicielstwo pa\u0142eczek <em>Salmonella<\/em> Typhi i Paratyphi trwa ponad rok i dotyczy 1-5% os\u00f3b,&nbsp;rezerwuarem bakterii jest woreczek \u017c\u00f3\u0142ciowy. Nosicielstwo serotyp\u00f3w odzwierz\u0119cych trwa zazwyczaj ok. 5 tygodni (u dzieci do 5. r.\u017c. trwa \u015brednio 7 tygodni), a przewlek\u0142e nosicielstwo do 1 roku dotyczy mniej ni\u017c 1% ozdrowie\u0144c\u00f3w.<\/p>\n\n\n\n<h2 class=\"wp-block-heading\" id=\"s6\">Diagnostyka laboratoryjna w kierunku <em>Salmonella<\/em><\/h2>\n\n\n\n<ul class=\"wp-block-list\">\n<li><strong>Diagnostyka duru brzusznego<\/strong><\/li>\n<\/ul>\n\n\n\n<p>Diagnostyka laboratoryjna w kierunku duru brzusznego opiera si\u0119 na hodowli i badaniach serologicznych. Badaniami pomocniczymi s\u0105 <a href=\"https:\/\/www.alab.pl\/badanie\/morfologia-krwi-c55\" target=\"_blank\" rel=\"noreferrer noopener\">morfologia<\/a>, <a href=\"https:\/\/www.alab.pl\/pakiet\/pakiet-watrobowy\" target=\"_blank\" rel=\"noreferrer noopener\">pr\u00f3by w\u0105trobowe<\/a> i<a href=\"https:\/\/www.alab.pl\/badanie\/bialko-c-reaktywne-crp-ilosciowe-i81\" target=\"_blank\" rel=\"noreferrer noopener\"> badanie CRP<\/a>.<\/p>\n\n\n\n<p><strong>Hodowla <\/strong>\u2013 ma na celu wykrycie i zidentyfikowanie pa\u0142eczek z rodzaju <em>Salmonella<\/em>.&nbsp; Pe\u0142na identyfikacja obejmuje typowanie serologiczne wyhodowanego szczepu, kt\u00f3re jest niezb\u0119dne dla potwierdzenia serotypu S.Typhi (dur brzuszny), S.Paratyphi A lub B lub C (dury rzekome). Z namno\u017conych bakterii wykonywany jest dodatkowo antybiogram (oznaczenie lekowra\u017cliwo\u015bci). Materia\u0142em do badania jest krew, szpik, mocz, \u017c\u00f3\u0142\u0107, rzadziej ka\u0142.<\/p>\n\n\n\n<p><strong>Badania serologiczne<\/strong> &#8211; <a href=\"https:\/\/www.alab.pl\/badanie\/odczyn-widala\" target=\"_blank\" rel=\"noreferrer noopener\">odczyn Widala<\/a> (aglutynacja prob\u00f3wkowa). Materia\u0142em do badania jest krew.<\/p>\n\n\n\n<ul class=\"wp-block-list\">\n<li><strong>Diagnostyka salmonelloz<\/strong><\/li>\n<\/ul>\n\n\n\n<p>Podstawowym materia\u0142em do badania jest ka\u0142.&nbsp;Je\u017celi dosz\u0142o do<a href=\"https:\/\/www.alab.pl\/centrum-wiedzy\/infekcja\/\"> infekcji<\/a> poza uk\u0142adem pokarmowym, pobierane s\u0105 r\u00f3wnie\u017c inne materia\u0142y odpowiednie do miejsca zaka\u017cenia. W celu wykrycia i identyfikacji drobnoustroj\u00f3w materia\u0142 posiewany jest na&nbsp; pod\u0142o\u017ca bakteriologiczne. Wyhodowane szczepy Salmonella typowane s\u0105 do serotypu metod\u0105 aglutynacji szkie\u0142kowej.<\/p>\n\n\n\n<figure class=\"wp-block-image size-full\"><a href=\"https:\/\/www.alab.pl\/badanie\/posiew-w-kierunku-salmonella-shigella-91831\" target=\"_blank\" rel=\"noreferrer noopener\"><img loading=\"lazy\" decoding=\"async\" width=\"800\" height=\"200\" src=\"https:\/\/www.alab.pl\/centrum-wiedzy\/wp-content\/uploads\/2024\/03\/Posiew-w-kierunku-Salmonella-i-Shigella-jpg.webp\" alt=\"posiew w kierunku Salmonella i Shigella\" class=\"wp-image-12525\" srcset=\"https:\/\/www.alab.pl\/centrum-wiedzy\/wp-content\/uploads\/2024\/03\/Posiew-w-kierunku-Salmonella-i-Shigella-jpg.webp 800w, https:\/\/www.alab.pl\/centrum-wiedzy\/wp-content\/uploads\/2024\/03\/Posiew-w-kierunku-Salmonella-i-Shigella-jpg-768x192.webp 768w, https:\/\/www.alab.pl\/centrum-wiedzy\/wp-content\/uploads\/2024\/03\/Posiew-w-kierunku-Salmonella-i-Shigella-jpg-150x38.webp 150w, https:\/\/www.alab.pl\/centrum-wiedzy\/wp-content\/uploads\/2024\/03\/Posiew-w-kierunku-Salmonella-i-Shigella-jpg-300x75.webp 300w, https:\/\/www.alab.pl\/centrum-wiedzy\/wp-content\/uploads\/2024\/03\/Posiew-w-kierunku-Salmonella-i-Shigella-jpg-696x174.webp 696w\" sizes=\"auto, (max-width: 800px) 100vw, 800px\" \/><\/a><\/figure>\n\n\n\n<ul class=\"wp-block-list\">\n<li><strong>Diagnostyka w kierunku nosicielstwa<\/strong><\/li>\n<\/ul>\n\n\n\n<p>Wykonywanie bada\u0144 w kierunku nosicielstwa pa\u0142eczek <em>Salmonella<\/em> jest w Polsce uregulowane prawnie. W my\u015bl przepis\u00f3w (Ustawa z dnia 5 grudnia 2008 r. o zapobieganiu oraz zwalczaniu zaka\u017ce\u0144 i chor\u00f3b zaka\u017anych u ludzi) badaniom takim podlegaj\u0105 nosiciele, ozdrowie\u0144cy oraz osoby, kt\u00f3re by\u0142y nara\u017cone na zaka\u017cenie przez styczno\u015b\u0107 z osobami zaka\u017conymi, chorymi lub materia\u0142em zaka\u017anym. Badaniom w kierunku <em>Salmonella<\/em> podlegaj\u0105 r\u00f3wnie\u017c osoby podejmuj\u0105ce lub wykonuj\u0105ce prace, przy wykonywaniu kt\u00f3rych istnieje mo\u017cliwo\u015b\u0107 przeniesienia zaka\u017cenia lub choroby zaka\u017anej na inne osoby oraz uczniowie, studenci i doktoranci kszta\u0142c\u0105cy si\u0119 do wykonywania tego typu prac. Materia\u0142em do badania jest ka\u0142. Zestawy do pobierania ka\u0142u (3 x wymaz\u00f3wka + prob\u00f3wka z pod\u0142o\u017cem) wraz z instrukcj\u0105 post\u0119powania s\u0105 dost\u0119pne w laboratoryjnym punkcie pobra\u0144. Nale\u017cy pobra\u0107 zgodnie z instrukcj\u0105 3 pr\u00f3bki ka\u0142u przez 3 kolejne dni, po jednej ka\u017cdego dnia i dostarczy\u0107 do laboratorium.<\/p>\n\n\n\n<figure class=\"wp-block-image size-full\"><a href=\"https:\/\/www.alab.pl\/badanie\/posiew-kalu-91831\" target=\"_blank\" rel=\"noreferrer noopener\"><img loading=\"lazy\" decoding=\"async\" width=\"800\" height=\"200\" src=\"https:\/\/www.alab.pl\/centrum-wiedzy\/wp-content\/uploads\/2023\/08\/Posiew-kalu-jpg.webp\" alt=\"posiew ka\u0142u\" class=\"wp-image-8140\" srcset=\"https:\/\/www.alab.pl\/centrum-wiedzy\/wp-content\/uploads\/2023\/08\/Posiew-kalu-jpg.webp 800w, https:\/\/www.alab.pl\/centrum-wiedzy\/wp-content\/uploads\/2023\/08\/Posiew-kalu-jpg-768x192.webp 768w, https:\/\/www.alab.pl\/centrum-wiedzy\/wp-content\/uploads\/2023\/08\/Posiew-kalu-jpg-150x38.webp 150w, https:\/\/www.alab.pl\/centrum-wiedzy\/wp-content\/uploads\/2023\/08\/Posiew-kalu-jpg-300x75.webp 300w, https:\/\/www.alab.pl\/centrum-wiedzy\/wp-content\/uploads\/2023\/08\/Posiew-kalu-jpg-696x174.webp 696w\" sizes=\"auto, (max-width: 800px) 100vw, 800px\" \/><\/a><\/figure>\n\n\n\n<h2 class=\"wp-block-heading\" id=\"s7\">Salmonella &#8211; leczenie<\/h2>\n\n\n\n<p>W salmonellozach (zapalenie \u017co\u0142\u0105dka i jelit) stosowanie antybiotykoterapii nie jest zalecane, gdy\u017c przyczynia si\u0119 do wyd\u0142u\u017cenia nosicielstwa. Antybiotyki s\u0105 podawane w przypadku zaka\u017ce\u0144 o etiologii <em>Salmonella<\/em> Typhi i <em>Salmonella<\/em> Paratyphi oraz zaka\u017ce\u0144 uog\u00f3lnionych wywo\u0142anych przez inne serotypy.&nbsp; Wyb\u00f3r antybiotyku powinien by\u0107 dokonany w oparciu o wynik antybiogramu.<\/p>\n\n\n\n<h2 class=\"wp-block-heading\" id=\"s8\">Salmonella &#8211; profilaktyka<\/h2>\n\n\n\n<p>G\u0142\u00f3wnym \u017ar\u00f3d\u0142em zaka\u017ce\u0144 bakteriami z rodzaju <em>Salmonella<\/em> jest ska\u017cona \u017cywno\u015b\u0107 i woda. Najbardziej skutecznym sposobem zapobiegania infekcji jest w zwi\u0105zku z tym:<\/p>\n\n\n\n<ul class=\"wp-block-list\">\n<li>przestrzeganie higieny przygotowywania posi\u0142k\u00f3w<\/li>\n\n\n\n<li>przestrzeganie zasad higieny osobistej<\/li>\n\n\n\n<li>przechowywanie szybko psuj\u0105cej si\u0119 \u017cywno\u015bci w lod\u00f3wce<\/li>\n\n\n\n<li>unikanie ponownego zamra\u017cania \u017cywno\u015bci<\/li>\n\n\n\n<li>unikanie latem s\u0142abo sch\u0142odzonych lod\u00f3w i krem\u00f3w<\/li>\n\n\n\n<li>dok\u0142adne mycie surowych kie\u0142k\u00f3w i jarzyn<\/li>\n\n\n\n<li>obr\u00f3bka termiczna mi\u0119sa i jajek<\/li>\n<\/ul>\n\n\n\n<p>&gt;&gt;&gt; <strong>Przeczytaj te\u017c: <a href=\"https:\/\/www.alab.pl\/centrum-wiedzy\/zatrucie-pokarmowe\/\">Zaka\u017cenia i zatrucia pokarmowe w okresie letnim<\/a><\/strong><\/p>\n\n\n\n<hr class=\"wp-block-separator has-alpha-channel-opacity\"\/>\n\n\n\n<p>Pi\u015bmiennictwo<\/p>\n\n\n\n<ol class=\"wp-block-list\">\n<li>M. Jagielski, Etiologia, obraz kliniczny i diagnostyka ostrych zaka\u017ce\u0144 i zara\u017ce\u0144 przewodu pokarmowego oraz zatru\u0107 pokarmowych; Biblioteka Diagnosty Laboratoryjnego; Fundacja Pro Futura; Warszawa 2010<\/li>\n\n\n\n<li>Patric R. Murray, K.S. Rozenthal, M.A.Pfaller \u2013&nbsp; Mikrobiologia wyd.VI Wroc\u0142aw 2011<\/li>\n\n\n\n<li>Salmonella (non-typhoidal) &#8211;<a href=\"https:\/\/www.who.int\/news-room\/fact-sheets\/detail\/salmonella-(non-typhoidal)\" target=\"_blank\" rel=\"noreferrer noopener nofollow\"> https:\/\/www.who.int\/news-room\/fact-sheets\/detail\/salmonella-(non-typhoidal)<\/a> (dost\u0119p 07.03.2024 r.)<\/li>\n\n\n\n<li>Salmonellosis Annual Epidemiological Report for 2021; ECDC Surveillance Report<\/li>\n\n\n\n<li>E.Kuchar Biegunki wywo\u0142ane przez pa\u0142eczki <em>Salmonella<\/em> (salmonellozy)<a href=\"https:\/\/www.mp.pl\/pacjent\/choroby-zakazne\/choroby\/zakazenia-bakteryjne\/165083,biegunki-wywolane-przez-paleczki-salmonella-salmonellozy\" target=\"_blank\" rel=\"noreferrer noopener nofollow\"> https:\/\/www.mp.pl\/pacjent\/choroby-zakazne\/choroby\/zakazenia-bakteryjne\/165083,biegunki-wywolane-przez-paleczki-salmonella-salmonellozy<\/a> (dost\u0119p 07.03.2024 r.)<\/li>\n\n\n\n<li>P. Zaborowski, W.Rymer Dur brzuszny (gor\u0105czka jelitowa, zesp\u00f3\u0142 durowy)<a href=\"https:\/\/www.mp.pl\/interna\/chapter\/B16.II.18.3.6.?postlogin\" target=\"_blank\" rel=\"noreferrer noopener nofollow\"> https:\/\/www.mp.pl\/interna\/chapter\/B16.II.18.3.6.?postlogin<\/a>=&nbsp; (dost\u0119p 07.03.2024 r.)<\/li>\n\n\n\n<li>Informacje o zachorowaniach na choroby zaka\u017ane i zatruciach w Polsce w 2023 roku; Meldunki o zachorowaniach na choroby zaka\u017ane, zaka\u017ceniach i zatruciach w Polsce Narodowy Instytut Zdrowia Publicznego PZH<\/li>\n<\/ol>\n","protected":false},"excerpt":{"rendered":"<p>Jakie mog\u0105 by\u0107 objawy zaka\u017cenia Salmonell\u0105 i jak wygl\u0105da profilaktyka chor\u00f3b wywo\u0142ywanych przez te bakterie?<\/p>\n","protected":false},"author":95,"featured_media":12538,"comment_status":"closed","ping_status":"open","sticky":false,"template":"","format":"standard","meta":{"_acf_changed":false,"inline_featured_image":false,"footnotes":""},"categories":[18,23],"tags":[],"coauthors":[154],"class_list":{"0":"post-12492","1":"post","2":"type-post","3":"status-publish","4":"format-standard","5":"has-post-thumbnail","7":"category-dysbioza-choroby-przewodu-pokarmowego","8":"category-infekcje-i-pasozyty"},"acf":[],"yoast_head":"<!-- This site is optimized with the Yoast SEO plugin v27.5 - https:\/\/yoast.com\/product\/yoast-seo-wordpress\/ -->\n<title>Salmonella - objawy, przyczyny zaka\u017cenia i leczenie<\/title>\n<meta name=\"description\" content=\"Zaka\u017cenie Salmonell\u0105 (salmonelloza) mo\u017ce by\u0107 niebezpieczne. W jaki spos\u00f3b mo\u017ce doj\u015b\u0107 do zaka\u017cenia, jakie s\u0105 objawy i jak zapobiega\u0107 chorobie?\" \/>\n<meta name=\"robots\" content=\"index, follow, max-snippet:-1, max-image-preview:large, max-video-preview:-1\" \/>\n<link rel=\"canonical\" href=\"https:\/\/www.alab.pl\/centrum-wiedzy\/salmonella-przyczyny-zakazenia-objawy-leczenie-zapobieganie\/\" \/>\n<meta property=\"og:locale\" content=\"pl_PL\" \/>\n<meta property=\"og:type\" content=\"article\" \/>\n<meta property=\"og:title\" content=\"Salmonella - objawy, przyczyny zaka\u017cenia i leczenie\" \/>\n<meta property=\"og:description\" content=\"Zaka\u017cenie Salmonell\u0105 (salmonelloza) mo\u017ce by\u0107 niebezpieczne. W jaki spos\u00f3b mo\u017ce doj\u015b\u0107 do zaka\u017cenia, jakie s\u0105 objawy i jak zapobiega\u0107 chorobie?\" \/>\n<meta property=\"og:url\" content=\"https:\/\/www.alab.pl\/centrum-wiedzy\/salmonella-przyczyny-zakazenia-objawy-leczenie-zapobieganie\/\" \/>\n<meta property=\"og:site_name\" content=\"Centrum Wiedzy ALAB laboratoria\" \/>\n<meta property=\"article:publisher\" content=\"https:\/\/www.facebook.com\/ALABlaboratoria\" \/>\n<meta property=\"article:published_time\" content=\"2024-03-13T07:01:02+00:00\" \/>\n<meta property=\"og:image\" content=\"https:\/\/www.alab.pl\/centrum-wiedzy\/wp-content\/uploads\/2024\/03\/salmonella-jpg.webp\" \/>\n\t<meta property=\"og:image:width\" content=\"1200\" \/>\n\t<meta property=\"og:image:height\" content=\"801\" \/>\n\t<meta property=\"og:image:type\" content=\"image\/webp\" \/>\n<meta name=\"author\" content=\"Elwira Zawidzka\" \/>\n<meta name=\"twitter:card\" content=\"summary_large_image\" \/>\n<meta name=\"twitter:label1\" content=\"Napisane przez\" \/>\n\t<meta name=\"twitter:data1\" content=\"Elwira Zawidzka\" \/>\n\t<meta name=\"twitter:label2\" content=\"Szacowany czas czytania\" \/>\n\t<meta name=\"twitter:data2\" content=\"9 minut\" \/>\n\t<meta name=\"twitter:label3\" content=\"Written by\" \/>\n\t<meta name=\"twitter:data3\" content=\"Elwira Zawidzka\" \/>\n<!-- \/ Yoast SEO plugin. -->","yoast_head_json":{"title":"Salmonella - objawy, przyczyny zaka\u017cenia i leczenie","description":"Zaka\u017cenie Salmonell\u0105 (salmonelloza) mo\u017ce by\u0107 niebezpieczne. W jaki spos\u00f3b mo\u017ce doj\u015b\u0107 do zaka\u017cenia, jakie s\u0105 objawy i jak zapobiega\u0107 chorobie?","robots":{"index":"index","follow":"follow","max-snippet":"max-snippet:-1","max-image-preview":"max-image-preview:large","max-video-preview":"max-video-preview:-1"},"canonical":"https:\/\/www.alab.pl\/centrum-wiedzy\/salmonella-przyczyny-zakazenia-objawy-leczenie-zapobieganie\/","og_locale":"pl_PL","og_type":"article","og_title":"Salmonella - objawy, przyczyny zaka\u017cenia i leczenie","og_description":"Zaka\u017cenie Salmonell\u0105 (salmonelloza) mo\u017ce by\u0107 niebezpieczne. W jaki spos\u00f3b mo\u017ce doj\u015b\u0107 do zaka\u017cenia, jakie s\u0105 objawy i jak zapobiega\u0107 chorobie?","og_url":"https:\/\/www.alab.pl\/centrum-wiedzy\/salmonella-przyczyny-zakazenia-objawy-leczenie-zapobieganie\/","og_site_name":"Centrum Wiedzy ALAB laboratoria","article_publisher":"https:\/\/www.facebook.com\/ALABlaboratoria","article_published_time":"2024-03-13T07:01:02+00:00","og_image":[{"width":1200,"height":801,"url":"https:\/\/www.alab.pl\/centrum-wiedzy\/wp-content\/uploads\/2024\/03\/salmonella-jpg.webp","type":"image\/webp"}],"author":"Elwira Zawidzka","twitter_card":"summary_large_image","twitter_misc":{"Napisane przez":"Elwira Zawidzka","Szacowany czas czytania":"9 minut","Written by":"Elwira Zawidzka"},"schema":{"@context":"https:\/\/schema.org","@graph":[{"@type":"Article","@id":"https:\/\/www.alab.pl\/centrum-wiedzy\/salmonella-przyczyny-zakazenia-objawy-leczenie-zapobieganie\/#article","isPartOf":{"@id":"https:\/\/www.alab.pl\/centrum-wiedzy\/salmonella-przyczyny-zakazenia-objawy-leczenie-zapobieganie\/"},"author":{"name":"Elwira Zawidzka","@id":"https:\/\/www.alab.pl\/centrum-wiedzy\/#\/schema\/person\/1ae34e072d82e416ba56554dcb881d62"},"headline":"Salmonella \u2013 przyczyny zaka\u017cenia, objawy, leczenie, zapobieganie","datePublished":"2024-03-13T07:01:02+00:00","mainEntityOfPage":{"@id":"https:\/\/www.alab.pl\/centrum-wiedzy\/salmonella-przyczyny-zakazenia-objawy-leczenie-zapobieganie\/"},"wordCount":1605,"publisher":{"@id":"https:\/\/www.alab.pl\/centrum-wiedzy\/#organization"},"image":{"@id":"https:\/\/www.alab.pl\/centrum-wiedzy\/salmonella-przyczyny-zakazenia-objawy-leczenie-zapobieganie\/#primaryimage"},"thumbnailUrl":"https:\/\/www.alab.pl\/centrum-wiedzy\/wp-content\/uploads\/2024\/03\/salmonella-jpg.webp","articleSection":["Dysbioza, choroby przewodu pokarmowego","Infekcje i paso\u017cyty"],"inLanguage":"pl-PL"},{"@type":"WebPage","@id":"https:\/\/www.alab.pl\/centrum-wiedzy\/salmonella-przyczyny-zakazenia-objawy-leczenie-zapobieganie\/","url":"https:\/\/www.alab.pl\/centrum-wiedzy\/salmonella-przyczyny-zakazenia-objawy-leczenie-zapobieganie\/","name":"Salmonella - objawy, przyczyny zaka\u017cenia i leczenie","isPartOf":{"@id":"https:\/\/www.alab.pl\/centrum-wiedzy\/#website"},"primaryImageOfPage":{"@id":"https:\/\/www.alab.pl\/centrum-wiedzy\/salmonella-przyczyny-zakazenia-objawy-leczenie-zapobieganie\/#primaryimage"},"image":{"@id":"https:\/\/www.alab.pl\/centrum-wiedzy\/salmonella-przyczyny-zakazenia-objawy-leczenie-zapobieganie\/#primaryimage"},"thumbnailUrl":"https:\/\/www.alab.pl\/centrum-wiedzy\/wp-content\/uploads\/2024\/03\/salmonella-jpg.webp","datePublished":"2024-03-13T07:01:02+00:00","description":"Zaka\u017cenie Salmonell\u0105 (salmonelloza) mo\u017ce by\u0107 niebezpieczne. W jaki spos\u00f3b mo\u017ce doj\u015b\u0107 do zaka\u017cenia, jakie s\u0105 objawy i jak zapobiega\u0107 chorobie?","breadcrumb":{"@id":"https:\/\/www.alab.pl\/centrum-wiedzy\/salmonella-przyczyny-zakazenia-objawy-leczenie-zapobieganie\/#breadcrumb"},"inLanguage":"pl-PL","potentialAction":[{"@type":"ReadAction","target":["https:\/\/www.alab.pl\/centrum-wiedzy\/salmonella-przyczyny-zakazenia-objawy-leczenie-zapobieganie\/"]}]},{"@type":"ImageObject","inLanguage":"pl-PL","@id":"https:\/\/www.alab.pl\/centrum-wiedzy\/salmonella-przyczyny-zakazenia-objawy-leczenie-zapobieganie\/#primaryimage","url":"https:\/\/www.alab.pl\/centrum-wiedzy\/wp-content\/uploads\/2024\/03\/salmonella-jpg.webp","contentUrl":"https:\/\/www.alab.pl\/centrum-wiedzy\/wp-content\/uploads\/2024\/03\/salmonella-jpg.webp","width":1200,"height":801,"caption":"salmonella"},{"@type":"BreadcrumbList","@id":"https:\/\/www.alab.pl\/centrum-wiedzy\/salmonella-przyczyny-zakazenia-objawy-leczenie-zapobieganie\/#breadcrumb","itemListElement":[{"@type":"ListItem","position":1,"name":"Strona g\u0142\u00f3wna","item":"https:\/\/www.alab.pl\/centrum-wiedzy\/"},{"@type":"ListItem","position":2,"name":"Salmonella \u2013 przyczyny zaka\u017cenia, objawy, leczenie, zapobieganie"}]},{"@type":"WebSite","@id":"https:\/\/www.alab.pl\/centrum-wiedzy\/#website","url":"https:\/\/www.alab.pl\/centrum-wiedzy\/","name":"Centrum Wiedzy ALAB laboratoria","description":"","publisher":{"@id":"https:\/\/www.alab.pl\/centrum-wiedzy\/#organization"},"potentialAction":[{"@type":"SearchAction","target":{"@type":"EntryPoint","urlTemplate":"https:\/\/www.alab.pl\/centrum-wiedzy\/?s={search_term_string}"},"query-input":{"@type":"PropertyValueSpecification","valueRequired":true,"valueName":"search_term_string"}}],"inLanguage":"pl-PL"},{"@type":"Organization","@id":"https:\/\/www.alab.pl\/centrum-wiedzy\/#organization","name":"Centrum Wiedzy ALAB laboratoria","url":"https:\/\/www.alab.pl\/centrum-wiedzy\/","logo":{"@type":"ImageObject","inLanguage":"pl-PL","@id":"https:\/\/www.alab.pl\/centrum-wiedzy\/#\/schema\/logo\/image\/","url":"https:\/\/www.alab.pl\/centrum-wiedzy\/wp-content\/uploads\/2022\/04\/alabek.jpg","contentUrl":"https:\/\/www.alab.pl\/centrum-wiedzy\/wp-content\/uploads\/2022\/04\/alabek.jpg","width":1250,"height":1251,"caption":"Centrum Wiedzy ALAB laboratoria"},"image":{"@id":"https:\/\/www.alab.pl\/centrum-wiedzy\/#\/schema\/logo\/image\/"},"sameAs":["https:\/\/www.facebook.com\/ALABlaboratoria"]},{"@type":"Person","@id":"https:\/\/www.alab.pl\/centrum-wiedzy\/#\/schema\/person\/1ae34e072d82e416ba56554dcb881d62","name":"Elwira Zawidzka","image":{"@type":"ImageObject","inLanguage":"pl-PL","@id":"https:\/\/www.alab.pl\/centrum-wiedzy\/wp-content\/uploads\/2022\/03\/Elwira-Zawidzka-scaled-1-150x149.jpg2f127cfeae6d9bf00c170f9c737413d3","url":"https:\/\/www.alab.pl\/centrum-wiedzy\/wp-content\/uploads\/2022\/03\/Elwira-Zawidzka-scaled-1-150x149.jpg","contentUrl":"https:\/\/www.alab.pl\/centrum-wiedzy\/wp-content\/uploads\/2022\/03\/Elwira-Zawidzka-scaled-1-150x149.jpg","caption":"Elwira Zawidzka"},"description":"Specjalista mikrobiologii medycznej, diagnosta laboratoryjny, cz\u0142onek Zespo\u0142u ds. Kontroli Zaka\u017ce\u0144 Szpitalnych. Absolwentka Uniwersytetu Warszawskiego, Warszawskiego Uniwersytetu Medycznego i Akademii Leona Ko\u017ami\u0144skiego.","url":"https:\/\/www.alab.pl\/centrum-wiedzy\/author\/elwira\/"}]}},"_links":{"self":[{"href":"https:\/\/www.alab.pl\/centrum-wiedzy\/wp-json\/wp\/v2\/posts\/12492","targetHints":{"allow":["GET"]}}],"collection":[{"href":"https:\/\/www.alab.pl\/centrum-wiedzy\/wp-json\/wp\/v2\/posts"}],"about":[{"href":"https:\/\/www.alab.pl\/centrum-wiedzy\/wp-json\/wp\/v2\/types\/post"}],"author":[{"embeddable":true,"href":"https:\/\/www.alab.pl\/centrum-wiedzy\/wp-json\/wp\/v2\/users\/95"}],"replies":[{"embeddable":true,"href":"https:\/\/www.alab.pl\/centrum-wiedzy\/wp-json\/wp\/v2\/comments?post=12492"}],"version-history":[{"count":0,"href":"https:\/\/www.alab.pl\/centrum-wiedzy\/wp-json\/wp\/v2\/posts\/12492\/revisions"}],"wp:featuredmedia":[{"embeddable":true,"href":"https:\/\/www.alab.pl\/centrum-wiedzy\/wp-json\/wp\/v2\/media\/12538"}],"wp:attachment":[{"href":"https:\/\/www.alab.pl\/centrum-wiedzy\/wp-json\/wp\/v2\/media?parent=12492"}],"wp:term":[{"taxonomy":"category","embeddable":true,"href":"https:\/\/www.alab.pl\/centrum-wiedzy\/wp-json\/wp\/v2\/categories?post=12492"},{"taxonomy":"post_tag","embeddable":true,"href":"https:\/\/www.alab.pl\/centrum-wiedzy\/wp-json\/wp\/v2\/tags?post=12492"},{"taxonomy":"author","embeddable":true,"href":"https:\/\/www.alab.pl\/centrum-wiedzy\/wp-json\/wp\/v2\/coauthors?post=12492"}],"curies":[{"name":"wp","href":"https:\/\/api.w.org\/{rel}","templated":true}]}}