{"id":13122,"date":"2024-04-15T15:00:00","date_gmt":"2024-04-15T13:00:00","guid":{"rendered":"https:\/\/sklep.alablaboratoria.pl\/centrum-wiedzy\/?p=13122"},"modified":"2024-04-15T15:00:00","modified_gmt":"2024-04-15T13:00:00","slug":"rozyczka-objawy-leczenie-profilaktyka","status":"publish","type":"post","link":"https:\/\/www.alab.pl\/centrum-wiedzy\/rozyczka-objawy-leczenie-profilaktyka\/","title":{"rendered":"R\u00f3\u017cyczka \u2013 objawy, leczenie, profilaktyka"},"content":{"rendered":"\n<p><strong>R\u00f3\u017cyczka jest ostr\u0105 chorob\u0105 wirusow\u0105 wieku dzieci\u0119cego. Zaka\u017cenie mo\u017ce dotyczy\u0107 r\u00f3wnie\u017c os\u00f3b doros\u0142ych. Odkrycie powi\u0105zania choroby przebytej w trakcie ci\u0105\u017cy z poronieniami i powa\u017cnymi wadami wrodzonymi u dzieci spowodowa\u0142o podj\u0119cie na szerok\u0105 skal\u0119 dzia\u0142a\u0144 prowadz\u0105cych do eliminacji wirusa. Krokiem milowym w tym zakresie okaza\u0142o si\u0119 opracowanie szczepionki przeciwko r\u00f3\u017cyczce. Badania laboratoryjne w kierunku r\u00f3\u017cyczki umo\u017cliwiaj\u0105 zar\u00f3wno potwierdzenie lub wykluczenie istniej\u0105cego zaka\u017cenia, jak i ocen\u0119 stanu naszego uodpornienia po szczepieniu lub po zetkni\u0119ciu si\u0119 z wirusem w przesz\u0142o\u015bci.&nbsp;<\/strong><\/p>\n\n\n\n<p>Spis tre\u015bci<\/p>\n\n\n\n<ol class=\"wp-block-list\">\n<li><a href=\"#r\u00f3\u017cyczka-co-to-jest\">Czym jest r\u00f3\u017cyczka?&nbsp;<\/a><\/li>\n\n\n\n<li><a href=\"#r\u00f3\u017cyczka-drogi-zaka\u017cenia\">R\u00f3\u017cyczka \u2013 drogi zaka\u017cenia&nbsp;<\/a><\/li>\n\n\n\n<li><a href=\"#r\u00f3\u017cyczka-okres-wyl\u0119gania-i-zaka\u017ano\u015b\u0107\">R\u00f3\u017cyczka \u2013 okres wyl\u0119gania i zaka\u017ano\u015b\u0107&nbsp;<\/a><\/li>\n\n\n\n<li><a href=\"#r\u00f3\u017cyczka-patogeneza\">R\u00f3\u017cyczka \u2013 patogeneza (przebieg choroby)&nbsp;<\/a><\/li>\n\n\n\n<li><a href=\"#r\u00f3\u017cyczka-objawy\">R\u00f3\u017cyczka \u2013 objawy chorobowe&nbsp;<\/a>\n<ul class=\"wp-block-list\">\n<li><a href=\"#r\u00f3\u017cyczka-u-dzieci\">R\u00f3\u017cyczka u dzieci&nbsp;<\/a><\/li>\n\n\n\n<li><a href=\"#r\u00f3\u017cyczka-u-doros\u0142ych\">R\u00f3\u017cyczka u doros\u0142ych&nbsp;<\/a><\/li>\n\n\n\n<li><a href=\"#r\u00f3\u017cyczka-wrodzona\">R\u00f3\u017cyczka wrodzona&nbsp;<\/a><\/li>\n<\/ul>\n<\/li>\n\n\n\n<li><a href=\"#r\u00f3\u017cyczka-powik\u0142ania\">R\u00f3\u017cyczka \u2013 powik\u0142ania, rokowania&nbsp;<\/a><\/li>\n\n\n\n<li><a href=\"#diagnostyka-r\u00f3\u017cyczki\">Diagnostyka r\u00f3\u017cyczki&nbsp;<\/a>\n<ul class=\"wp-block-list\">\n<li><a href=\"#r\u00f3\u017cyczka-leczenie\">R\u00f3\u017cyczka \u2013 leczenie&nbsp;&nbsp;<\/a><\/li>\n<\/ul>\n<\/li>\n\n\n\n<li><a href=\"#r\u00f3\u017cyczka-profilaktyka\">R\u00f3\u017cyczka \u2013 profilaktyka<\/a><\/li>\n<\/ol>\n\n\n\n<h2 class=\"wp-block-heading\" id=\"r\u00f3\u017cyczka-co-to-jest\"><strong>Czym jest r\u00f3\u017cyczka?<\/strong>&nbsp;<\/h2>\n\n\n\n<p>R\u00f3\u017cyczka jest jedn\u0105 z <strong>typowych dla okresu dzieci\u0119cego chor\u00f3b wysypkowych<\/strong>. Choroba znana jest r\u00f3wnie\u017c pod nazw\u0105 \u201eniemieckiej odry\u201d, poniewa\u017c to niemieccy lekarze po raz pierwszy odr\u00f3\u017cnili j\u0105 od <a href=\"https:\/\/www.alab.pl\/centrum-wiedzy\/odra-czy-grozi-nam-powrot-zapomnianej-choroby\/\" target=\"_blank\" rel=\"noreferrer noopener\">odry<\/a>. R\u00f3\u017cyczka mo\u017ce dotkn\u0105\u0107 r\u00f3wnie\u017c osoby doros\u0142e.&nbsp; Powi\u0105zanie zachorowania na r\u00f3\u017cyczk\u0119 kobiet ci\u0119\u017carnych z wadami wrodzonymi dzieci jako pierwszy zauwa\u017cy\u0142 w 1941 roku australijski okulista N. McAlister Gregg.&nbsp;&nbsp;<\/p>\n\n\n\n<p>R\u00f3\u017cyczk\u0119 wywo\u0142uje wirus r\u00f3\u017cyczki (<em>Rubella virus<\/em>), jedyny przedstawiciel rodzaju <em>Rubivirus<\/em>, nale\u017c\u0105cego do rodziny togawirus\u00f3w.\u00a0\u0179r\u00f3d\u0142em wirus\u00f3w jest wy\u0142\u0105cznie cz\u0142owiek.\u00a0<\/p>\n\n\n\n<h2 class=\"wp-block-heading\" id=\"r\u00f3\u017cyczka-drogi-zaka\u017cenia\"><strong>R\u00f3\u017cyczka \u2013 drogi zaka\u017cenia<\/strong>&nbsp;<\/h2>\n\n\n\n<p>Do zaka\u017cenia wirusem r\u00f3\u017cyczki dochodzi najcz\u0119\u015bciej <strong>drog\u0105 kropelkow\u0105 w trakcie m\u00f3wienia, kas\u0142ania, kichania<\/strong>. Mo\u017cliwe jest r\u00f3wnie\u017c zaka\u017cenie poprzez kontakt z materia\u0142em zaka\u017anym, takim jak \u015blina, wydzielina z nosa, r\u00f3wnie\u017c mocz, krew, ka\u0142. W przypadku zaka\u017cenia wrodzonego wirus przedostaje si\u0119 z organizmu zaka\u017conej matki do p\u0142odu poprzez \u0142o\u017cysko.&nbsp;<\/p>\n\n\n\n<h2 class=\"wp-block-heading\" id=\"r\u00f3\u017cyczka-okres-wyl\u0119gania-i-zaka\u017ano\u015b\u0107\"><strong>R\u00f3\u017cyczka \u2013<\/strong> <strong>okres wyl\u0119gania i zaka\u017ano\u015b\u0107<\/strong>&nbsp;<\/h2>\n\n\n\n<p>Okres od momentu zaka\u017cenia wirusem do wyst\u0105pienia pierwszych objaw\u00f3w chorobowych wynosi najcz\u0119\u015bciej 16-18 dni (przedzia\u0142 graniczny 12-23 dni).<strong> Zaka\u017ano\u015b\u0107 dla otoczenia pojawia si\u0119 7 dni przed wyst\u0105pieniem wysypki i trwa do 6 dni po jej ust\u0105pieniu.<\/strong> Prawdopodobie\u0144stwo zaka\u017cenia po kontakcie z chorym wynosi 10-30 %. Dzieci zaka\u017cone w okresie p\u0142odowym mog\u0105 wydala\u0107 wirusy w moczu i w wydzielinach g\u00f3rnych dr\u00f3g oddechowych ponad rok.&nbsp;<\/p>\n\n\n\n<p><strong>&gt;&gt; Przeczytaj:<\/strong> <a href=\"https:\/\/www.alab.pl\/centrum-wiedzy\/rumien-zakazny-piata-choroba-choroba-wysypkowa-u-dzieci\/\">Rumie\u0144 zaka\u017any (pi\u0105ta choroba) \u2013 choroba wysypkowa u dzieci &#8211; Centrum Wiedzy ALAB laboratoria<\/a><\/p>\n\n\n\n<h2 class=\"wp-block-heading\" id=\"r\u00f3\u017cyczka-patogeneza\"><strong>R\u00f3\u017cyczka \u2013 patogeneza (przebieg choroby)<\/strong>&nbsp;<\/h2>\n\n\n\n<p>Do organizmu cz\u0142owieka wirus r\u00f3\u017cyczki dostaje si\u0119 poprzez drogi oddechowe. Z gard\u0142a wirusy przemieszczaj\u0105 si\u0119 do najbli\u017cszych w\u0119z\u0142\u00f3w ch\u0142onnych, gdzie dochodzi do ich namna\u017cania, a nast\u0119pnie dostaj\u0105 si\u0119 do krwi (okres wiremii). W stanie wiremii wirusy rozprzestrzeniaj\u0105 si\u0119 po ca\u0142ym organizmie. Drobnoustroje docieraj\u0105 do r\u00f3\u017cnych kom\u00f3rek i tkanek, a na sk\u00f3rze pojawia si\u0119 wysypka.\u00a0<\/p>\n\n\n\n<h2 class=\"wp-block-heading\" id=\"r\u00f3\u017cyczka-objawy\"><strong>R\u00f3\u017cyczka \u2013 objawy chorobowe<\/strong>&nbsp;<\/h2>\n\n\n\n<p>Wirus r\u00f3\u017cyczki mo\u017ce by\u0107 przyczyn\u0105 zaka\u017cenia bezobjawowego, \u0142agodnej postaci r\u00f3\u017cyczki (posta\u0107 sk\u0105poobjawowa) oraz pe\u0142noobjawowego przebiegu choroby. Przebieg bezobjawowy lub sk\u0105poobjawowy dotyczy ok. 50% os\u00f3b zaka\u017conych.\u00a0\u00a0\u00a0<\/p>\n\n\n\n<h3 class=\"wp-block-heading\" id=\"r\u00f3\u017cyczka-u-dzieci\">R\u00f3\u017cyczka u dzieci&nbsp;<\/h3>\n\n\n\n<p>R\u00f3\u017cyczka u dzieci ma zazwyczaj przebieg \u0142agodny. <strong>Choroba dotyka przede wszystkim dzieci w wieku przedszkolnym lub szkolnym.<\/strong> W okresie zwiastunowym, trwaj\u0105cym kilka dni, pojawia si\u0119 <strong>z\u0142e samopoczucie, b\u00f3l g\u0142owy, b\u00f3le mi\u0119\u015bniowe, zapalenie gard\u0142a i spoj\u00f3wek, stan podgor\u0105czkowy<\/strong>.&nbsp;&nbsp;&nbsp;<\/p>\n\n\n\n<p>Na dzie\u0144 przed wyst\u0105pieniem wysypki powi\u0119kszeniu ulegaj\u0105 miejscowe w\u0119z\u0142y ch\u0142onne (najcz\u0119\u015bciej karkowe, szyjne i zauszne), staj\u0105 si\u0119 one bolesne. <strong>Wysypka pocz\u0105tkowo pojawia si\u0119 na twarzy i tu\u0142owiu, nast\u0119pnie, po 1-2 dniach, r\u00f3wnie\u017c na ko\u0144czynach. <\/strong>Wysypka znika po 2-3 dniach i nie pozostawia przebarwie\u0144.&nbsp;&nbsp;<\/p>\n\n\n\n<p>Przebieg choroby mo\u017ce odbiega\u0107 od przedstawionego schematu \u2013 u niekt\u00f3rych dzieci jedynym objawem jest powi\u0119kszenie w\u0119z\u0142\u00f3w ch\u0142onnych, u innych wysypka jest pierwszym objawem infekcji.&nbsp;&nbsp;<\/p>\n\n\n\n<h3 class=\"wp-block-heading\" id=\"r\u00f3\u017cyczka-u-doros\u0142ych\">R\u00f3\u017cyczka u doros\u0142ych&nbsp;<\/h3>\n\n\n\n<p>R\u00f3\u017cyczka mo\u017ce by\u0107 chorob\u0105 os\u00f3b w ka\u017cdym wieku. Przed wprowadzeniem szczepie\u0144 ochronnych najcz\u0119\u015bciej na r\u00f3\u017cyczk\u0119 chorowa\u0142y dzieci. Od chwili rozpocz\u0119cia w Polsce w 1988 r. obowi\u0105zkowych szczepie\u0144 <strong>na zachorowanie najbardziej nara\u017ceni s\u0105 m\u0142odzi m\u0119\u017cczy\u017ani<\/strong>, poniewa\u017c program szczepie\u0144 obejmowa\u0142 pocz\u0105tkowo jedynie dziewcz\u0119ta.&nbsp;&nbsp;<\/p>\n\n\n\n<p>U doros\u0142ych, cz\u0119\u015bciej ni\u017c u dzieci, <strong>infekcja jest objawowa<\/strong>. Etapy rozwoju choroby s\u0105 zbie\u017cne z objawami u dzieci, ale jej przebieg mo\u017ce by\u0107 ci\u0119\u017cszy. U doros\u0142ych kobiet pojawiaj\u0105 si\u0119 dodatkowo b\u00f3le i zapalenia drobnych staw\u00f3w, kt\u00f3re nie wyst\u0119puj\u0105 u dzieci i m\u0119\u017cczyzn. <strong>R\u00f3\u017cyczka jest szczeg\u00f3lnie niebezpieczna u kobiet ci\u0119\u017carnych<\/strong>, poniewa\u017c zaka\u017cenie w ci\u0105\u017cy grozi rozwojem ci\u0119\u017ckich wad wrodzonych u dziecka.&nbsp;<\/p>\n\n\n\n<p><strong>&gt;&gt; Dowiedz si\u0119 te\u017c jak przebiega:<\/strong> <a href=\"https:\/\/www.alab.pl\/centrum-wiedzy\/choroba-stilla-nowe-mozliwosci-diagnostyczne\/\">Choroba Stilla &#8211; nowe mo\u017cliwo\u015bci diagnostyczne &#8211; Centrum Wiedzy ALAB laboratoria<\/a><\/p>\n\n\n\n<h3 class=\"wp-block-heading\" id=\"r\u00f3\u017cyczka-wrodzona\">R\u00f3\u017cyczka wrodzona&nbsp;<\/h3>\n\n\n\n<p>Prawdopodobie\u0144stwo zaka\u017cenia p\u0142odu jest zale\u017cne od momentu pojawienia si\u0119 u ci\u0119\u017carnej wysypki i wynosi:&nbsp;<\/p>\n\n\n\n<ul class=\"wp-block-list\">\n<li>do 12 tyg. ci\u0105\u017cy &#8211; 85-100%,&nbsp;&nbsp;<\/li>\n\n\n\n<li>od 13 tyg. do 16 tyg. ci\u0105\u017cy &#8211; 54%,&nbsp;&nbsp;<\/li>\n\n\n\n<li>od 17 tyg. do 22 tyg. ci\u0105\u017cy \u2013 25%.&nbsp;&nbsp;<\/li>\n<\/ul>\n\n\n\n<p>Objawy infekcji s\u0105 zale\u017cne od czasu trwania ci\u0105\u017cy. Zaka\u017cenie <strong>w pierwszym trymestrze <\/strong>mo\u017ce prowadzi\u0107 do licznych wad wrodzonych, obumarcia p\u0142odu i poronienia. Zaka\u017cenie <strong>w drugim trymestrze<\/strong> mo\u017ce powodowa\u0107 wady wrodzone dziecka. Po 22 tygodniu ci\u0105\u017cy zaka\u017cenie r\u00f3\u017cyczk\u0105 nie jest niebezpieczne dla p\u0142odu.&nbsp;&nbsp;<\/p>\n\n\n\n<h2 class=\"wp-block-heading\" id=\"r\u00f3\u017cyczka-powik\u0142ania\"><strong>R\u00f3\u017cyczka \u2013 powik\u0142ania, rokowania<\/strong>&nbsp;<\/h2>\n\n\n\n<p>Objawy kliniczne wyst\u0119puj\u0105ce w przebiegu r\u00f3\u017cyczki ust\u0119puj\u0105 zazwyczaj samoistnie i nie nios\u0105 za sob\u0105 gro\u017anych nast\u0119pstw. Z\u0142e rokowania dotycz\u0105 g\u0142\u00f3wnie dzieci zaka\u017conych w \u017cyciu p\u0142odowym. W pozosta\u0142ych przypadkach <strong>powik\u0142ania wyst\u0119puj\u0105 niezwykle rzadko i zazwyczaj dotycz\u0105 os\u00f3b doros\u0142ych<\/strong>.&nbsp;&nbsp;<\/p>\n\n\n\n<p>U kobiet pojawiaj\u0105 si\u0119 zapalenia staw\u00f3w, kt\u00f3re s\u0105 na tyle cz\u0119ste, \u017ce traktuje si\u0119 je jako symptom r\u00f3\u017cyczki, objawy ust\u0119puj\u0105 samoistnie. U m\u0119\u017cczyzny mo\u017ce wyst\u0105pi\u0107 zapalenie naj\u0105drzy i b\u00f3l j\u0105der. Pr\u00f3cz tego do istotnych powik\u0142a\u0144 zaliczane s\u0105: ma\u0142op\u0142ytkowo\u015b\u0107 i zapalenie m\u00f3zgu, rzadziej k\u0142\u0119buszkowe zapalenie nerek, zapalenie mi\u0119\u015bnia sercowego, zapalenie nerwu wzrokowego.\u00a0<\/p>\n\n\n\n<p><strong>&gt;&gt; Przeczytaj:<\/strong> <a href=\"https:\/\/www.alab.pl\/centrum-wiedzy\/choroby-zakazne-w-polsce-podsumowanie-2023-roku\/\">Choroby zaka\u017ane&nbsp;w Polsce \u2013 podsumowanie 2023 roku &#8211; Centrum Wiedzy ALAB laboratoria<\/a><\/p>\n\n\n\n<p>Konsekwencj\u0105 zaka\u017cenia wirusem r\u00f3\u017cyczki kobiet ci\u0119\u017carnych do 22 tygodnia ci\u0105\u017cy mo\u017ce by\u0107 <strong>obumarcie p\u0142odu lub zgon dziecka w ci\u0105gu pierwszego roku \u017cycia<\/strong> (\u015bmiertelno\u015b\u0107 &gt;15 %) oraz <strong>powik\u0142ania w postaci wad wrodzonych<\/strong> u dzieci. Nale\u017c\u0105 do nich najcz\u0119\u015bciej: za\u0107ma, op\u00f3\u017aniony rozw\u00f3j umys\u0142owy, g\u0142uchota.&nbsp;&nbsp;<\/p>\n\n\n\n<h2 class=\"wp-block-heading\" id=\"diagnostyka-r\u00f3\u017cyczki\"><strong>Diagnostyka r\u00f3\u017cyczki<\/strong>&nbsp;<\/h2>\n\n\n\n<p>Na podstawie wywiadu przeprowadzanego przez lekarza i objaw\u00f3w chorobowych mo\u017cna pacjenta podejrzanego o r\u00f3\u017cyczk\u0119 zakwalifikowa\u0107 jako przypadek mo\u017cliwy (objawy) lub prawdopodobny (objawy i powi\u0105zanie epidemiologiczne). Jedynym pewnym, wg definicji, potwierdzeniem r\u00f3\u017cyczki u osoby podejrzanej o zaka\u017cenie s\u0105 <strong>dodatnie wyniki bada\u0144 laboratoryjnych<\/strong>.&nbsp;<\/p>\n\n\n\n<p>O nabytej r\u00f3\u017cyczce \u015bwiadcz\u0105:&nbsp;<\/p>\n\n\n\n<ul class=\"wp-block-list\">\n<li><strong>Wykrycie przeciwcia\u0142 w klasie IgM przeciw wirusowi r\u00f3\u017cyczki w surowicy krwi obwodowej. <\/strong>Przeciwcia\u0142a pojawiaj\u0105 si\u0119 w 2 dniu od wyst\u0105pienia wysypki i zanikaj\u0105 po oko\u0142o 1 miesi\u0105cu. Krew do badania powinna by\u0107 pobrana po up\u0142ywie 7 dni od pojawienia si\u0119 wysypki. Mo\u017cliwe jest utrzymywanie si\u0119 przeciwcia\u0142 IgM po szczepieniu, co nale\u017cy uwzgl\u0119dni\u0107 przy interpretacji wyniku.&nbsp; Je\u017celi podejrzewa si\u0119 r\u00f3\u017cyczk\u0119 u kobiety w ci\u0105\u017cy, wymagane jest dodatkowe potwierdzenie dodatnich wynik\u00f3w w laboratorium referencyjnym (badanie awidno\u015bci przeciwcia\u0142 przeciw r\u00f3\u017cyczce w klasie IgG oraz por\u00f3wnanie st\u0119\u017ce\u0144 przeciwcia\u0142 IgG przeciw r\u00f3\u017cyczce).&nbsp;&nbsp;&nbsp;<\/li>\n\n\n\n<li><strong>Ponad 4-krotny wzrost miana (st\u0119\u017cenia) przeciwcia\u0142 w klasie IgG przeciw wirusowi r\u00f3\u017cyczki w badaniu dw\u00f3ch pr\u00f3bek surowic wykonanych w odst\u0119pie 2-4 tygodni.<\/strong> Utrzymywanie si\u0119 przeciwcia\u0142 w klasie IgG na stabilnym poziomie \u015bwiadczy o odporno\u015bci poszczepiennej lub po przebytym zaka\u017ceniu.&nbsp;&nbsp;<\/li>\n\n\n\n<li><strong>Izolacja wirusa r\u00f3\u017cyczki (hodowla) lub wykrycie jego materia\u0142u genetycznego (RT-PCR) w materiale klinicznym (wymaz z gard\u0142a, mocz, krew)<\/strong> \u2013 badanie jest pomocne w diagnozowaniu r\u00f3\u017cyczki wrodzonej.&nbsp;<\/li>\n<\/ul>\n\n\n\n<p>Polska jest jednym z kraj\u00f3w realizuj\u0105cych Program eliminacji odry i r\u00f3\u017cyczki WHO (\u015awiatowa Organizacja Zdrowia). G\u0142\u00f3wnym celem programu jest eliminacja wirus\u00f3w odpowiedzialnych za w\/w choroby, a jego istotnym punktem jest wprowadzenie potwierdze\u0144 laboratoryjnych ka\u017cdego podejrzenia o zachorowanie na odr\u0119\/r\u00f3\u017cyczk\u0119.&nbsp;&nbsp;<\/p>\n\n\n\n<figure class=\"wp-block-image size-full\"><a href=\"https:\/\/www.alab.pl\/badanie\/rubella-rozyczka-pc-igm-v24\"><img loading=\"lazy\" decoding=\"async\" width=\"800\" height=\"200\" src=\"https:\/\/www.alab.pl\/centrum-wiedzy\/wp-content\/uploads\/2024\/04\/Rozyczka-badanie-przeciwcial-IgM-jpg.webp\" alt=\"Ro\u0301z\u0307yczka - badanie przeciwcia\u0142 IgM\" class=\"wp-image-12867\" srcset=\"https:\/\/www.alab.pl\/centrum-wiedzy\/wp-content\/uploads\/2024\/04\/Rozyczka-badanie-przeciwcial-IgM-jpg.webp 800w, https:\/\/www.alab.pl\/centrum-wiedzy\/wp-content\/uploads\/2024\/04\/Rozyczka-badanie-przeciwcial-IgM-jpg-768x192.webp 768w, https:\/\/www.alab.pl\/centrum-wiedzy\/wp-content\/uploads\/2024\/04\/Rozyczka-badanie-przeciwcial-IgM-jpg-150x38.webp 150w, https:\/\/www.alab.pl\/centrum-wiedzy\/wp-content\/uploads\/2024\/04\/Rozyczka-badanie-przeciwcial-IgM-jpg-300x75.webp 300w, https:\/\/www.alab.pl\/centrum-wiedzy\/wp-content\/uploads\/2024\/04\/Rozyczka-badanie-przeciwcial-IgM-jpg-696x174.webp 696w\" sizes=\"auto, (max-width: 800px) 100vw, 800px\" \/><\/a><\/figure>\n\n\n\n<p>Zgodnie z wymaganiami, badaniem potwierdzaj\u0105cym jest wykrycie w surowicy chorego swoistych dla wirusa przeciwcia\u0142 w klasie IgM lub wykrycie materia\u0142u genetycznego wirusa w pr\u00f3bce od pacjenta. W Polsce Narodowe Laboratorium ds. Diagnostyki Odry i R\u00f3\u017cyczki znajduje si\u0119 w Zak\u0142adzie Wirusologii NIZP-PZH.&nbsp;<\/p>\n\n\n\n<h3 class=\"wp-block-heading\" id=\"r\u00f3\u017cyczka-leczenie\"><strong>R\u00f3\u017cyczka \u2013 leczenie&nbsp;<\/strong>&nbsp;<\/h3>\n\n\n\n<p>Nie istnieje leczenie przyczynowe r\u00f3\u017cyczki, <strong>stosowana jest wy\u0142\u0105cznie terapia objawowa<\/strong>. Podawane s\u0105 leki przeciwb\u00f3lowe, przeciwgor\u0105czkowe. Nie ma wskaza\u0144 do stosowania antybiotyk\u00f3w, poniewa\u017c w przebiegu r\u00f3\u017cyczki rzadko dochodzi do nadka\u017ce\u0144 bakteryjnych. W przypadku wyst\u0105pienia powik\u0142a\u0144, odpowiednie leczenie dobierane jest przez lekarzy specjalist\u00f3w.&nbsp;<\/p>\n\n\n\n<figure class=\"wp-block-image size-full\"><a href=\"https:\/\/www.alab.pl\/badanie\/rubella-rozyczka-pc-igg-v21\"><img loading=\"lazy\" decoding=\"async\" width=\"800\" height=\"200\" src=\"https:\/\/www.alab.pl\/centrum-wiedzy\/wp-content\/uploads\/2024\/04\/Rozyczka-\u2013-badanie-przeciwcial-IgG-jpg.webp\" alt=\"Ro\u0301z\u0307yczka \u2013 badanie przeciwcia\u0142 IgG\" class=\"wp-image-12866\" srcset=\"https:\/\/www.alab.pl\/centrum-wiedzy\/wp-content\/uploads\/2024\/04\/Rozyczka-\u2013-badanie-przeciwcial-IgG-jpg.webp 800w, https:\/\/www.alab.pl\/centrum-wiedzy\/wp-content\/uploads\/2024\/04\/Rozyczka-\u2013-badanie-przeciwcial-IgG-jpg-768x192.webp 768w, https:\/\/www.alab.pl\/centrum-wiedzy\/wp-content\/uploads\/2024\/04\/Rozyczka-\u2013-badanie-przeciwcial-IgG-jpg-150x38.webp 150w, https:\/\/www.alab.pl\/centrum-wiedzy\/wp-content\/uploads\/2024\/04\/Rozyczka-\u2013-badanie-przeciwcial-IgG-jpg-300x75.webp 300w, https:\/\/www.alab.pl\/centrum-wiedzy\/wp-content\/uploads\/2024\/04\/Rozyczka-\u2013-badanie-przeciwcial-IgG-jpg-696x174.webp 696w\" sizes=\"auto, (max-width: 800px) 100vw, 800px\" \/><\/a><\/figure>\n\n\n\n<h2 class=\"wp-block-heading\" id=\"r\u00f3\u017cyczka-profilaktyka\"><strong>R\u00f3\u017cyczka \u2013 profilaktyka&nbsp;<\/strong>&nbsp;<\/h2>\n\n\n\n<ul class=\"wp-block-list\">\n<li><strong>Profilaktyka swoista&nbsp;<\/strong><\/li>\n<\/ul>\n\n\n\n<p>Najlepszym sposobem zapobiegania r\u00f3\u017cyczce s\u0105 szczepienia ochronne. W Polsce obowi\u0105zkowe szczepienie przeciw r\u00f3\u017cyczce, obejmuj\u0105ce dziewczynki w\u202f13 r.\u017c., wprowadzono w\u202f1988 roku. Od roku 2004 rozpocz\u0119to dodatkowo szczepienia wszystkich dzieci w wieku 13-15 m.\u017c. szczepionk\u0105 skojarzon\u0105 (MMR) przeciwko odrze \u015bwince i r\u00f3\u017cyczce.&nbsp;&nbsp;<\/p>\n\n\n\n<p><strong>Od roku 2005 wszystkim dzieciom podawane s\u0105 dwie dawki szczepionki skojarzonej.<\/strong> Aktualnie stosowany schemat obejmuje szczepienia obowi\u0105zkowe w 13\u201315 m.\u017c. (szczepienie podstawowe) i w 6 r.\u017c. (szczepienie przypominaj\u0105ce). Szczepienia obowi\u0105zkowe s\u0105 bezp\u0142atne.&nbsp;<\/p>\n\n\n\n<p>Szczepienie szczepionk\u0105 MMR jest zalecane (odp\u0142atnie) ponadto:&nbsp;&nbsp;<\/p>\n\n\n\n<ul class=\"wp-block-list\">\n<li>doros\u0142ym, nieszczepionym przeciw r\u00f3\u017cyczce w dzieci\u0144stwie (szczepionk\u0119 mo\u017cna przyj\u0105\u0107 w\u202fdowolnym wieku),&nbsp;<\/li>\n\n\n\n<li>osobom, kt\u00f3re w przesz\u0142o\u015bci otrzyma\u0142y tylko jedn\u0105 dawk\u0119 szczepionki,&nbsp;<\/li>\n\n\n\n<li>m\u0142odym kobietom, zw\u0142aszcza pracuj\u0105cym z dzie\u0107mi (przedszkola, szko\u0142y, szpitale, przychodnie)&nbsp;&nbsp;<\/li>\n<\/ul>\n\n\n\n<p>Nie jest wskazane podawanie szczepionki w ci\u0105\u017cy, <strong>po szczepieniu nale\u017cy si\u0119 powstrzyma\u0107 z\u202fzachodzeniem w\u202fci\u0105\u017c\u0119 przez 3\u202fmiesi\u0105ce<\/strong>.&nbsp;<\/p>\n\n\n\n<ul class=\"wp-block-list\">\n<li><strong>Profilaktyka nieswoista&nbsp;<\/strong><\/li>\n<\/ul>\n\n\n\n<p>Pacjenci chorzy na r\u00f3\u017cyczk\u0119 powinni by\u0107 izolowani do 7 dni od pojawienia si\u0119 wysypki. Dzieci z r\u00f3\u017cyczk\u0105 wrodzon\u0105 powinny by\u0107 izolowane do 12 m.\u017c. lub uzyskania 2 ujemnych wynik\u00f3w bada\u0144 wirusologicznych po 3 m. \u017c.&nbsp;&nbsp;<\/p>\n\n\n\n<hr class=\"wp-block-separator has-alpha-channel-opacity\"\/>\n\n\n\n<p><strong>Pi\u015bmiennictwo&nbsp;<\/strong><\/p>\n\n\n\n<ol class=\"wp-block-list\" start=\"1\">\n<li>Leszek Szenborn, Bo\u017cena Dubiel \u201eR\u00f3\u017cyczka\u201d Interna Szczeklika 2020&nbsp;&nbsp;&nbsp;&nbsp;<\/li>\n<\/ol>\n\n\n\n<ol class=\"wp-block-list\" start=\"2\">\n<li>Patric R. Murray, K.S. Rozenthal, M.A.Pfaller \u2013\u202fMikrobiologia wyd.VI Wroc\u0142aw 2011&nbsp;<\/li>\n<\/ol>\n\n\n\n<ol class=\"wp-block-list\" start=\"3\">\n<li>Eliminacja odry\/r\u00f3\u017cyczki program WHO, realizacja w Polsce \u2013 zasady \u2013 instrukcje; Zak\u0142ad Wirusologii Narodowy Instytut Zdrowia Publicznego &#8211; Pa\u0144stwowy Zak\u0142ad Higieny; <a href=\"https:\/\/www.pzh.gov.pl\/\" target=\"_blank\" rel=\"noreferrer noopener\">https:\/\/www.pzh.gov.pl\/<\/a> (dost\u0119p 20.03.2024 r.)&nbsp;<\/li>\n<\/ol>\n\n\n\n<ol class=\"wp-block-list\" start=\"4\">\n<li>Definicje przypadk\u00f3w chor\u00f3b zaka\u017anych na potrzeby nadzoru epidemiologicznego; Wersja robocza (6b), luty, 2020; Zak\u0142ad Epidemiologii Chor\u00f3b Zaka\u017anych i Nadzoru NIZP-PZH&nbsp;<\/li>\n<\/ol>\n\n\n\n<ol class=\"wp-block-list\" start=\"5\">\n<li>Szczepionka przeciw r\u00f3\u017cyczce Narodowy Instytut Zdrowia Publicznego &#8211; Pa\u0144stwowy Zak\u0142ad Higieny; <a href=\"https:\/\/szczepienia.pzh.gov.pl\/\" target=\"_blank\" rel=\"noreferrer noopener\">https:\/\/szczepienia.pzh.gov.pl\/<\/a>&nbsp;&nbsp; (dost\u0119p 20.03.2024 r.)&nbsp;<\/li>\n<\/ol>\n\n\n\n<ol class=\"wp-block-list\" start=\"6\">\n<li>dr hab. n.med. <a href=\"https:\/\/poczet.mp.pl\/lekarz\/ernest.kuchar\/\" target=\"_blank\" rel=\"noreferrer noopener\">Ernest Kuchar<\/a> \u201eR\u00f3\u017cyczka u\u202fdoros\u0142ych\u201d <a href=\"https:\/\/www.mp.pl\/pacjent\/choroby-zakazne\/choroby\/zakazenia-wirusowe\/165510,rozyczka-u-doroslych\" target=\"_blank\" rel=\"noreferrer noopener\">https:\/\/www.mp.pl\/pacjent\/choroby-zakazne\/<\/a>&nbsp; (dost\u0119p 19.03.2024 r.)&nbsp;<\/li>\n<\/ol>\n\n\n\n<ol class=\"wp-block-list\" start=\"7\">\n<li>prof. dr hab. n. med. Bogumi\u0142a Milewska-Bobula, <a href=\"http:\/\/poczet.mp.pl\/poczet\/show.html?id=31340\" target=\"_blank\" rel=\"noreferrer noopener\">dr med. Bo\u017cena Lipka<\/a> R\u00f3\u017cyczka <a href=\"https:\/\/www.mp.pl\/pacjent\/pediatria\/choroby\/chorobyzakazne\/67591,rozyczka\" target=\"_blank\" rel=\"noreferrer noopener\">https:\/\/www.mp.pl\/pacjent\/pediatria\/choroby\/chorobyzakazne\/<\/a> (dost\u0119p 19.03.2024 r.)&nbsp;<\/li>\n<\/ol>\n","protected":false},"excerpt":{"rendered":"<p>R\u00f3\u017cyczka \u2013 czym jest ta zaka\u017ana choroba  i jakie daje objawy? Dowiedz si\u0119, jakie mog\u0105 by\u0107 konsekwencje r\u00f3\u017cyczki i jak im zapobiec!<\/p>\n","protected":false},"author":95,"featured_media":12952,"comment_status":"closed","ping_status":"open","sticky":false,"template":"","format":"standard","meta":{"_acf_changed":false,"inline_featured_image":false,"footnotes":""},"categories":[23],"tags":[],"coauthors":[154],"class_list":{"0":"post-13122","1":"post","2":"type-post","3":"status-publish","4":"format-standard","5":"has-post-thumbnail","7":"category-infekcje-i-pasozyty"},"acf":[],"yoast_head":"<!-- This site is optimized with the Yoast SEO plugin v27.5 - https:\/\/yoast.com\/product\/yoast-seo-wordpress\/ -->\n<title>R\u00f3\u017cyczka \u2013 objawy, leczenie, profilaktyka - Centrum Wiedzy ALAB laboratoria<\/title>\n<meta name=\"description\" content=\"R\u00f3\u017cyczka \u2013 czym jest ta zaka\u017ana choroba i jakie daje objawy? Dowiedz si\u0119, jakie mog\u0105 by\u0107 konsekwencje r\u00f3\u017cyczki i jak im zapobiec!\" \/>\n<meta name=\"robots\" content=\"index, follow, max-snippet:-1, max-image-preview:large, max-video-preview:-1\" \/>\n<link rel=\"canonical\" href=\"https:\/\/www.alab.pl\/centrum-wiedzy\/rozyczka-objawy-leczenie-profilaktyka\/\" \/>\n<meta property=\"og:locale\" content=\"pl_PL\" \/>\n<meta property=\"og:type\" content=\"article\" \/>\n<meta property=\"og:title\" content=\"R\u00f3\u017cyczka \u2013 objawy, leczenie, profilaktyka - Centrum Wiedzy ALAB laboratoria\" \/>\n<meta property=\"og:description\" content=\"R\u00f3\u017cyczka \u2013 czym jest ta zaka\u017ana choroba i jakie daje objawy? Dowiedz si\u0119, jakie mog\u0105 by\u0107 konsekwencje r\u00f3\u017cyczki i jak im zapobiec!\" \/>\n<meta property=\"og:url\" content=\"https:\/\/www.alab.pl\/centrum-wiedzy\/rozyczka-objawy-leczenie-profilaktyka\/\" \/>\n<meta property=\"og:site_name\" content=\"Centrum Wiedzy ALAB laboratoria\" \/>\n<meta property=\"article:publisher\" content=\"https:\/\/www.facebook.com\/ALABlaboratoria\" \/>\n<meta property=\"article:published_time\" content=\"2024-04-15T13:00:00+00:00\" \/>\n<meta property=\"og:image\" content=\"https:\/\/www.alab.pl\/centrum-wiedzy\/wp-content\/uploads\/2024\/04\/rozyczka-jpg.webp\" \/>\n\t<meta property=\"og:image:width\" content=\"1200\" \/>\n\t<meta property=\"og:image:height\" content=\"801\" \/>\n\t<meta property=\"og:image:type\" content=\"image\/webp\" \/>\n<meta name=\"author\" content=\"Elwira Zawidzka\" \/>\n<meta name=\"twitter:card\" content=\"summary_large_image\" \/>\n<meta name=\"twitter:label1\" content=\"Napisane przez\" \/>\n\t<meta name=\"twitter:data1\" content=\"Elwira Zawidzka\" \/>\n\t<meta name=\"twitter:label2\" content=\"Szacowany czas czytania\" \/>\n\t<meta name=\"twitter:data2\" content=\"10 minut\" \/>\n\t<meta name=\"twitter:label3\" content=\"Written by\" \/>\n\t<meta name=\"twitter:data3\" content=\"Elwira Zawidzka\" \/>\n<!-- \/ Yoast SEO plugin. -->","yoast_head_json":{"title":"R\u00f3\u017cyczka \u2013 objawy, leczenie, profilaktyka - Centrum Wiedzy ALAB laboratoria","description":"R\u00f3\u017cyczka \u2013 czym jest ta zaka\u017ana choroba i jakie daje objawy? Dowiedz si\u0119, jakie mog\u0105 by\u0107 konsekwencje r\u00f3\u017cyczki i jak im zapobiec!","robots":{"index":"index","follow":"follow","max-snippet":"max-snippet:-1","max-image-preview":"max-image-preview:large","max-video-preview":"max-video-preview:-1"},"canonical":"https:\/\/www.alab.pl\/centrum-wiedzy\/rozyczka-objawy-leczenie-profilaktyka\/","og_locale":"pl_PL","og_type":"article","og_title":"R\u00f3\u017cyczka \u2013 objawy, leczenie, profilaktyka - Centrum Wiedzy ALAB laboratoria","og_description":"R\u00f3\u017cyczka \u2013 czym jest ta zaka\u017ana choroba i jakie daje objawy? Dowiedz si\u0119, jakie mog\u0105 by\u0107 konsekwencje r\u00f3\u017cyczki i jak im zapobiec!","og_url":"https:\/\/www.alab.pl\/centrum-wiedzy\/rozyczka-objawy-leczenie-profilaktyka\/","og_site_name":"Centrum Wiedzy ALAB laboratoria","article_publisher":"https:\/\/www.facebook.com\/ALABlaboratoria","article_published_time":"2024-04-15T13:00:00+00:00","og_image":[{"width":1200,"height":801,"url":"https:\/\/www.alab.pl\/centrum-wiedzy\/wp-content\/uploads\/2024\/04\/rozyczka-jpg.webp","type":"image\/webp"}],"author":"Elwira Zawidzka","twitter_card":"summary_large_image","twitter_misc":{"Napisane przez":"Elwira Zawidzka","Szacowany czas czytania":"10 minut","Written by":"Elwira Zawidzka"},"schema":{"@context":"https:\/\/schema.org","@graph":[{"@type":"Article","@id":"https:\/\/www.alab.pl\/centrum-wiedzy\/rozyczka-objawy-leczenie-profilaktyka\/#article","isPartOf":{"@id":"https:\/\/www.alab.pl\/centrum-wiedzy\/rozyczka-objawy-leczenie-profilaktyka\/"},"author":{"name":"Elwira Zawidzka","@id":"https:\/\/www.alab.pl\/centrum-wiedzy\/#\/schema\/person\/1ae34e072d82e416ba56554dcb881d62"},"headline":"R\u00f3\u017cyczka \u2013 objawy, leczenie, profilaktyka","datePublished":"2024-04-15T13:00:00+00:00","mainEntityOfPage":{"@id":"https:\/\/www.alab.pl\/centrum-wiedzy\/rozyczka-objawy-leczenie-profilaktyka\/"},"wordCount":1935,"publisher":{"@id":"https:\/\/www.alab.pl\/centrum-wiedzy\/#organization"},"image":{"@id":"https:\/\/www.alab.pl\/centrum-wiedzy\/rozyczka-objawy-leczenie-profilaktyka\/#primaryimage"},"thumbnailUrl":"https:\/\/www.alab.pl\/centrum-wiedzy\/wp-content\/uploads\/2024\/04\/rozyczka-jpg.webp","articleSection":["Infekcje i paso\u017cyty"],"inLanguage":"pl-PL"},{"@type":"WebPage","@id":"https:\/\/www.alab.pl\/centrum-wiedzy\/rozyczka-objawy-leczenie-profilaktyka\/","url":"https:\/\/www.alab.pl\/centrum-wiedzy\/rozyczka-objawy-leczenie-profilaktyka\/","name":"R\u00f3\u017cyczka \u2013 objawy, leczenie, profilaktyka - Centrum Wiedzy ALAB laboratoria","isPartOf":{"@id":"https:\/\/www.alab.pl\/centrum-wiedzy\/#website"},"primaryImageOfPage":{"@id":"https:\/\/www.alab.pl\/centrum-wiedzy\/rozyczka-objawy-leczenie-profilaktyka\/#primaryimage"},"image":{"@id":"https:\/\/www.alab.pl\/centrum-wiedzy\/rozyczka-objawy-leczenie-profilaktyka\/#primaryimage"},"thumbnailUrl":"https:\/\/www.alab.pl\/centrum-wiedzy\/wp-content\/uploads\/2024\/04\/rozyczka-jpg.webp","datePublished":"2024-04-15T13:00:00+00:00","description":"R\u00f3\u017cyczka \u2013 czym jest ta zaka\u017ana choroba i jakie daje objawy? Dowiedz si\u0119, jakie mog\u0105 by\u0107 konsekwencje r\u00f3\u017cyczki i jak im zapobiec!","breadcrumb":{"@id":"https:\/\/www.alab.pl\/centrum-wiedzy\/rozyczka-objawy-leczenie-profilaktyka\/#breadcrumb"},"inLanguage":"pl-PL","potentialAction":[{"@type":"ReadAction","target":["https:\/\/www.alab.pl\/centrum-wiedzy\/rozyczka-objawy-leczenie-profilaktyka\/"]}]},{"@type":"ImageObject","inLanguage":"pl-PL","@id":"https:\/\/www.alab.pl\/centrum-wiedzy\/rozyczka-objawy-leczenie-profilaktyka\/#primaryimage","url":"https:\/\/www.alab.pl\/centrum-wiedzy\/wp-content\/uploads\/2024\/04\/rozyczka-jpg.webp","contentUrl":"https:\/\/www.alab.pl\/centrum-wiedzy\/wp-content\/uploads\/2024\/04\/rozyczka-jpg.webp","width":1200,"height":801,"caption":"Niemowlak z objawami r\u00f3\u017cyczki na twarzy"},{"@type":"BreadcrumbList","@id":"https:\/\/www.alab.pl\/centrum-wiedzy\/rozyczka-objawy-leczenie-profilaktyka\/#breadcrumb","itemListElement":[{"@type":"ListItem","position":1,"name":"Strona g\u0142\u00f3wna","item":"https:\/\/www.alab.pl\/centrum-wiedzy\/"},{"@type":"ListItem","position":2,"name":"R\u00f3\u017cyczka \u2013 objawy, leczenie, profilaktyka"}]},{"@type":"WebSite","@id":"https:\/\/www.alab.pl\/centrum-wiedzy\/#website","url":"https:\/\/www.alab.pl\/centrum-wiedzy\/","name":"Centrum Wiedzy ALAB laboratoria","description":"","publisher":{"@id":"https:\/\/www.alab.pl\/centrum-wiedzy\/#organization"},"potentialAction":[{"@type":"SearchAction","target":{"@type":"EntryPoint","urlTemplate":"https:\/\/www.alab.pl\/centrum-wiedzy\/?s={search_term_string}"},"query-input":{"@type":"PropertyValueSpecification","valueRequired":true,"valueName":"search_term_string"}}],"inLanguage":"pl-PL"},{"@type":"Organization","@id":"https:\/\/www.alab.pl\/centrum-wiedzy\/#organization","name":"Centrum Wiedzy ALAB laboratoria","url":"https:\/\/www.alab.pl\/centrum-wiedzy\/","logo":{"@type":"ImageObject","inLanguage":"pl-PL","@id":"https:\/\/www.alab.pl\/centrum-wiedzy\/#\/schema\/logo\/image\/","url":"https:\/\/www.alab.pl\/centrum-wiedzy\/wp-content\/uploads\/2022\/04\/alabek.jpg","contentUrl":"https:\/\/www.alab.pl\/centrum-wiedzy\/wp-content\/uploads\/2022\/04\/alabek.jpg","width":1250,"height":1251,"caption":"Centrum Wiedzy ALAB laboratoria"},"image":{"@id":"https:\/\/www.alab.pl\/centrum-wiedzy\/#\/schema\/logo\/image\/"},"sameAs":["https:\/\/www.facebook.com\/ALABlaboratoria"]},{"@type":"Person","@id":"https:\/\/www.alab.pl\/centrum-wiedzy\/#\/schema\/person\/1ae34e072d82e416ba56554dcb881d62","name":"Elwira Zawidzka","image":{"@type":"ImageObject","inLanguage":"pl-PL","@id":"https:\/\/www.alab.pl\/centrum-wiedzy\/wp-content\/uploads\/2022\/03\/Elwira-Zawidzka-scaled-1-150x149.jpg2f127cfeae6d9bf00c170f9c737413d3","url":"https:\/\/www.alab.pl\/centrum-wiedzy\/wp-content\/uploads\/2022\/03\/Elwira-Zawidzka-scaled-1-150x149.jpg","contentUrl":"https:\/\/www.alab.pl\/centrum-wiedzy\/wp-content\/uploads\/2022\/03\/Elwira-Zawidzka-scaled-1-150x149.jpg","caption":"Elwira Zawidzka"},"description":"Specjalista mikrobiologii medycznej, diagnosta laboratoryjny, cz\u0142onek Zespo\u0142u ds. Kontroli Zaka\u017ce\u0144 Szpitalnych. Absolwentka Uniwersytetu Warszawskiego, Warszawskiego Uniwersytetu Medycznego i Akademii Leona Ko\u017ami\u0144skiego.","url":"https:\/\/www.alab.pl\/centrum-wiedzy\/author\/elwira\/"}]}},"_links":{"self":[{"href":"https:\/\/www.alab.pl\/centrum-wiedzy\/wp-json\/wp\/v2\/posts\/13122","targetHints":{"allow":["GET"]}}],"collection":[{"href":"https:\/\/www.alab.pl\/centrum-wiedzy\/wp-json\/wp\/v2\/posts"}],"about":[{"href":"https:\/\/www.alab.pl\/centrum-wiedzy\/wp-json\/wp\/v2\/types\/post"}],"author":[{"embeddable":true,"href":"https:\/\/www.alab.pl\/centrum-wiedzy\/wp-json\/wp\/v2\/users\/95"}],"replies":[{"embeddable":true,"href":"https:\/\/www.alab.pl\/centrum-wiedzy\/wp-json\/wp\/v2\/comments?post=13122"}],"version-history":[{"count":0,"href":"https:\/\/www.alab.pl\/centrum-wiedzy\/wp-json\/wp\/v2\/posts\/13122\/revisions"}],"wp:featuredmedia":[{"embeddable":true,"href":"https:\/\/www.alab.pl\/centrum-wiedzy\/wp-json\/wp\/v2\/media\/12952"}],"wp:attachment":[{"href":"https:\/\/www.alab.pl\/centrum-wiedzy\/wp-json\/wp\/v2\/media?parent=13122"}],"wp:term":[{"taxonomy":"category","embeddable":true,"href":"https:\/\/www.alab.pl\/centrum-wiedzy\/wp-json\/wp\/v2\/categories?post=13122"},{"taxonomy":"post_tag","embeddable":true,"href":"https:\/\/www.alab.pl\/centrum-wiedzy\/wp-json\/wp\/v2\/tags?post=13122"},{"taxonomy":"author","embeddable":true,"href":"https:\/\/www.alab.pl\/centrum-wiedzy\/wp-json\/wp\/v2\/coauthors?post=13122"}],"curies":[{"name":"wp","href":"https:\/\/api.w.org\/{rel}","templated":true}]}}