{"id":13151,"date":"2024-04-17T08:00:00","date_gmt":"2024-04-17T06:00:00","guid":{"rendered":"https:\/\/sklep.alablaboratoria.pl\/centrum-wiedzy\/?p=13151"},"modified":"2024-04-17T08:00:00","modified_gmt":"2024-04-17T06:00:00","slug":"blonica-czym-jest-rodzaje-objawy-i-przyczyny","status":"publish","type":"post","link":"https:\/\/www.alab.pl\/centrum-wiedzy\/blonica-czym-jest-rodzaje-objawy-i-przyczyny\/","title":{"rendered":"B\u0142onica \u2013 czym jest? Rodzaje, objawy i przyczyny"},"content":{"rendered":"\n<p><strong>B\u0142onica, zwana r\u00f3wnie\u017c dyfterytem lub krupem, jest ci\u0119\u017ck\u0105<\/strong> <strong>i zagra\u017caj\u0105c\u0105 \u017cyciu chorob\u0105 zaka\u017an\u0105. Skutecznym sposobem na unikni\u0119cie zachorowania na b\u0142onic\u0119 s\u0105 szczepienia ochronne. Obserwowany w ostatnim czasie spadek wyszczepialno\u015bci dzieci w Polsce powoduje, \u017ce temat b\u0142onicy powraca i pojawia si\u0119 obawa, czy dawno zapomniana choroba znowu da o sobie zna\u0107.&nbsp;<\/strong><\/p>\n\n\n\n<p>Spis tre\u015bci<\/p>\n\n\n\n<ol class=\"wp-block-list\">\n<li><a href=\"#b\u0142onica-co-to-za-choroba\">B\u0142onica \u2013 co to za choroba i co j\u0105 wywo\u0142uje?&nbsp;&nbsp;<\/a><\/li>\n\n\n\n<li><a href=\"#gdzie-mo\u017cna-zarazi\u0107-si\u0119-b\u0142onic\u0105\">Gdzie mo\u017cna zarazi\u0107 si\u0119 b\u0142onic\u0105?&nbsp;<\/a>\n<ul class=\"wp-block-list\">\n<li><a href=\"#epidemiologia-b\u0142onicy\">Epidemiologia b\u0142onicy \u2013 jak dochodzi do zara\u017cenia?&nbsp;<\/a><\/li>\n<\/ul>\n<\/li>\n\n\n\n<li><a href=\"#przyczyny-b\u0142onicy\">Jak dochodzi do rozwoju b\u0142onicy?&nbsp;<\/a><\/li>\n\n\n\n<li><a href=\"#rodzaje-b\u0142onicy\">Rodzaje i objawy b\u0142onicy<\/a>\n<ul class=\"wp-block-list\">\n<li><a href=\"#b\u0142onica-gard\u0142a\">B\u0142onica gard\u0142a<\/a><\/li>\n\n\n\n<li><a href=\"#b\u0142onica-nosa\">B\u0142onica nosa&nbsp;&nbsp;<\/a><\/li>\n\n\n\n<li><a href=\"#b\u0142onica-sk\u00f3ry\">B\u0142onica sk\u00f3ry&nbsp;<\/a><\/li>\n\n\n\n<li><a href=\"#powik\u0142ania-b\u0142onicy\">Powik\u0142ania b\u0142onicy<\/a><\/li>\n<\/ul>\n<\/li>\n\n\n\n<li><a href=\"#diagnostyka-b\u0142onicy\">Diagnostyka laboratoryjna b\u0142onicy&nbsp;<\/a><\/li>\n\n\n\n<li><a href=\"#leczenie-b\u0142onicy\">Leczenie b\u0142onicy&nbsp;&nbsp;<\/a><\/li>\n\n\n\n<li><a href=\"#profilaktyka-b\u0142onicy\">Profilaktyka b\u0142onicy&nbsp;<\/a><\/li>\n<\/ol>\n\n\n\n<h2 class=\"wp-block-heading\" id=\"b\u0142onica-co-to-za-choroba\">B\u0142onica \u2013 co to za choroba i co j\u0105 wywo\u0142uje?&nbsp;&nbsp;<\/h2>\n\n\n\n<p>B\u0142onica jest bakteryjn\u0105 <a href=\"https:\/\/www.alab.pl\/centrum-wiedzy\/choroby-zakazne-w-polsce-podsumowanie-2023-roku\/\" target=\"_blank\" rel=\"noreferrer noopener\">chorob\u0105 zaka\u017an\u0105<\/a> wywo\u0142ywan\u0105 przez maczugowce b\u0142onicy (<em>Corynebacterium diphteriae<\/em>).&nbsp;Ich nazwa pochodzi od charakterystycznego kszta\u0142tu kom\u00f3rek drobnoustroj\u00f3w (<em>Coryne<\/em> \u2013 maczuga). Pierwszy opis b\u0142onicy pochodzi z IV w.p.n.e., a odkrycie bakterii jako czynnika odpowiedzialnego za charakterystyczne zmiany chorobowe mia\u0142o miejsce w 1883 r.&nbsp;&nbsp;<\/p>\n\n\n\n<p>Gatunek <em>Corynebacterium diphteriae<\/em> dzieli si\u0119 na cztery biotypy, ze wzgl\u0119du na morfologi\u0119 kolonii tworzonych na po\u017cywkach bakteriologicznych i w\u0142a\u015bciwo\u015bci biochemiczne. Za wi\u0119kszo\u015b\u0107 zaka\u017ce\u0144 odpowiadaj\u0105 dwa typy: <em>gravis<\/em> i <em>mitis<\/em>.<strong> Infekcja dotyczy g\u0142\u00f3wnie g\u00f3rnych dr\u00f3g oddechowych i sk\u00f3ry, ale zaka\u017cenie mo\u017ce prowadzi\u0107 r\u00f3wnie\u017c do uszkodzenia serca, uk\u0142adu nerwowego i nerek.<\/strong>\u00a0<\/p>\n\n\n\n<h2 class=\"wp-block-heading\" id=\"gdzie-mo\u017cna-zarazi\u0107-si\u0119-b\u0142onic\u0105\">Gdzie mo\u017cna zarazi\u0107 si\u0119 b\u0142onic\u0105?&nbsp;<\/h2>\n\n\n\n<p><strong>B\u0142onica jest chorob\u0105 wyst\u0119puj\u0105c\u0105 na ca\u0142ym \u015bwiecie <\/strong>i \u017caden region obj\u0119ty nadzorem WHO (ang. <em>World Health Organization)<\/em> nie jest wolny od jej wyst\u0119powania. Choroba mo\u017ce dotyczy\u0107 ka\u017cdego.&nbsp;&nbsp;<\/p>\n\n\n\n<p>Najcz\u0119\u015bciej pojawia si\u0119 <strong>w g\u0119sto zaludnionych, ubogich obszarach miejskich<\/strong> i w\u015br\u00f3d os\u00f3b (g\u0142\u00f3wnie dzieci) nieszczepionych lub nie w pe\u0142ni zaszczepionych. Najnowsze dane publikowane na stronie \u015awiatowej Organizacji Zdrowia dotycz\u0105 roku 2022, w kt\u00f3rym najwi\u0119cej przypadk\u00f3w b\u0142onicy odnotowano w Rejonie Afryka\u0144skim oraz Rejonie Azji Po\u0142udniowo-Wschodniej. Niepokoj\u0105cy jest te\u017c wzrost liczby przypadk\u00f3w w Regionie Europejskim.&nbsp;&nbsp;<\/p>\n\n\n\n<p>Mimo \u017ce w Polsce nie odnotowano w ostatnich latach \u017cadnego przypadku b\u0142onicy, jej wyst\u0119powanie w innych krajach, do kt\u00f3rych cz\u0119sto w\u0119drujemy turystycznie, przy obserwowanym spadku wyszczepialno\u015bci dzieci w Polsce, mo\u017ce spowodowa\u0107, \u017ce choroba, o kt\u00f3rej ju\u017c zapomnieli\u015bmy, powr\u00f3ci.&nbsp;&nbsp;<\/p>\n\n\n<div class=\"wp-block-image\">\n<figure class=\"aligncenter size-full is-resized\"><img loading=\"lazy\" decoding=\"async\" src=\"https:\/\/www.alab.pl\/centrum-wiedzy\/wp-content\/uploads\/2024\/04\/liczba-odnotowanych-przypadkow-blonicy-w-2021-i-2022-roku-w-rybanych-regionach-WHO-jpg.webp\" alt=\"Tabela przedstawiaj\u0105ce liczb\u0119 przypadk\u00f3w b\u0142onicy w 2021 i 2022 roku w regionach WHO\" class=\"wp-image-13170\" width=\"525\" height=\"381\" srcset=\"https:\/\/www.alab.pl\/centrum-wiedzy\/wp-content\/uploads\/2024\/04\/liczba-odnotowanych-przypadkow-blonicy-w-2021-i-2022-roku-w-rybanych-regionach-WHO-jpg.webp 700w, https:\/\/www.alab.pl\/centrum-wiedzy\/wp-content\/uploads\/2024\/04\/liczba-odnotowanych-przypadkow-blonicy-w-2021-i-2022-roku-w-rybanych-regionach-WHO-jpg-150x109.webp 150w, https:\/\/www.alab.pl\/centrum-wiedzy\/wp-content\/uploads\/2024\/04\/liczba-odnotowanych-przypadkow-blonicy-w-2021-i-2022-roku-w-rybanych-regionach-WHO-jpg-300x218.webp 300w, https:\/\/www.alab.pl\/centrum-wiedzy\/wp-content\/uploads\/2024\/04\/liczba-odnotowanych-przypadkow-blonicy-w-2021-i-2022-roku-w-rybanych-regionach-WHO-jpg-696x505.webp 696w\" sizes=\"auto, (max-width: 525px) 100vw, 525px\" \/><\/figure><\/div>\n\n\n<h3 class=\"wp-block-heading\" id=\"epidemiologia-b\u0142onicy\">Epidemiologia b\u0142onicy \u2013 jak dochodzi do zara\u017cenia?&nbsp;<\/h3>\n\n\n\n<ul class=\"wp-block-list\">\n<li><strong>Rezerwuar:<\/strong> jedynym rezerwuarem <em>Corynebacterium diphteriae<\/em> jest cz\u0142owiek (chory, ozdrowieniec, nosiciel).&nbsp;<\/li>\n\n\n\n<li><strong>Drogi zaka\u017cenia:<\/strong> g\u0142\u00f3wn\u0105 drog\u0105 przenoszenia drobnoustroj\u00f3w jest droga kropelkowa. Do infekcji mo\u017ce doj\u015b\u0107 r\u00f3wnie\u017c poprzez bezpo\u015bredni kontakt z wydzielin\u0105 z dr\u00f3g oddechowych lub owrzodzenia (wydzielina z owrzodzenia mo\u017ce by\u0107 r\u00f3wnie\u017c przyczyn\u0105 zaka\u017cenia dr\u00f3g oddechowych).&nbsp;<\/li>\n\n\n\n<li><strong>Okres wyl\u0119gania i zaka\u017ano\u015b\u0107: <\/strong>objawy infekcji pojawiaj\u0105 si\u0119 zazwyczaj po 2-4 dniach choroby (1-10 dni). Zaka\u017ano\u015b\u0107 chorego zaczyna si\u0119 w okresie wyl\u0119gania choroby (na dwa dni przed pojawieniem objaw\u00f3w), przez ca\u0142y okres objaw\u00f3w klinicznych oraz do 4 dni od ust\u0105pienia choroby u os\u00f3b leczonych i 2-3 tyg. u os\u00f3b nieleczonych.&nbsp;&nbsp;&nbsp;<\/li>\n<\/ul>\n\n\n\n<p>&gt;&gt; <strong>Przeczytaj te\u017c:<\/strong> <a href=\"https:\/\/www.alab.pl\/centrum-wiedzy\/sezonowe-zakazenia-ukladu-oddechowego-ostre-zakazenia-gornych-drog-oddechowych\/\">Sezonowe zaka\u017cenia uk\u0142adu oddechowego \u2013 ostre zaka\u017cenia g\u00f3rnych dr\u00f3g oddechowych &#8211; Centrum Wiedzy ALAB laboratoria<\/a><\/p>\n\n\n\n<h2 class=\"wp-block-heading\" id=\"przyczyny-b\u0142onicy\">Jak dochodzi do rozwoju b\u0142onicy?&nbsp;<\/h2>\n\n\n\n<p>Maczugowce b\u0142onicy namna\u017caj\u0105 si\u0119 w miejscu zaka\u017cenia i zazwyczaj w nim pozostaj\u0105, wywo\u0142uj\u0105c reakcj\u0119 zapaln\u0105 o umiarkowanym nasileniu. G\u0142\u00f3wnym czynnikiem chorobotw\u00f3rczo\u015bci <em>Corynebacterium diphteriae<\/em> jest toksyna b\u0142onicza wytwarzana przez szczepy bakterii zaka\u017cone bakteriofagiem nios\u0105cym gen <em>tox.<\/em>&nbsp;<\/p>\n\n\n\n<p>Egzotoksyna uwalniana z kom\u00f3rek bakterii uszkadza nab\u0142onek dr\u00f3g oddechowych powoduj\u0105c powstawanie b\u0142on rzekomych. Po przedostaniu si\u0119 do naczy\u0144 krwiono\u015bnych toksyna wraz z krwi\u0105 dociera do narz\u0105d\u00f3w wewn\u0119trznych wywo\u0142uj\u0105c systemowe objawy b\u0142onicy.<\/p>\n\n\n\n<h2 class=\"wp-block-heading\" id=\"rodzaje-b\u0142onicy\">Rodzaje i objawy b\u0142onicy<\/h2>\n\n\n\n<p>Obraz kliniczny b\u0142onicy zale\u017cny jest od miejsca zaka\u017cenia, stanu odporno\u015bci pacjenta i od zjadliwo\u015bci szczepu bakteryjnego. Zaka\u017cenie mo\u017ce prowadzi\u0107 do bezobjawowej kolonizacji, \u0142agodnej postaci b\u0142onicy gard\u0142a lub postaci pe\u0142noobjawowej, daj\u0105cej r\u00f3wnie\u017c powik\u0142ania ze zgonem w\u0142\u0105cznie. <strong>Osoby zaszczepione przechodz\u0105 b\u0142onic\u0119 bezobjawowo lub z \u0142agodnymi zmianami, rzadziej wyst\u0119puj\u0105 u nich powik\u0142ania.<\/strong>&nbsp;<\/p>\n\n\n\n<h3 class=\"wp-block-heading\" id=\"b\u0142onica-gard\u0142a\"><strong>B\u0142onica gard\u0142a&nbsp;<\/strong><\/h3>\n\n\n\n<p><strong>B\u0142onica gard\u0142a jest najcz\u0119stsz\u0105 postaci\u0105 infekcji<\/strong> wywo\u0142ywanej przez maczugowce. Pocz\u0105tek choroby jest nag\u0142y z zapaleniem wysi\u0119kowym gard\u0142a, b\u00f3lem gard\u0142a i mi\u0119\u015bni, nisk\u0105 gor\u0105czk\u0105 i og\u00f3lnym z\u0142ym samopoczuciem. Okoliczne <a href=\"https:\/\/www.alab.pl\/centrum-wiedzy\/powiekszone-wezly-chlonne-limfadenopatia-przyczyny-diagnostyka\/\" target=\"_blank\" rel=\"noreferrer noopener\">w\u0119z\u0142y ch\u0142onne<\/a> s\u0105 powi\u0119kszone.&nbsp;&nbsp;<\/p>\n\n\n\n<p>W ci\u0105gu 2-3 dni pojawiaj\u0105 si\u0119 b\u0142ony rzekome, kt\u00f3re sk\u0142adaj\u0105 si\u0119 z obumar\u0142ych kom\u00f3rek nab\u0142onka, bakterii, leukocyt\u00f3w, erytrocyt\u00f3w i fibryny.&nbsp; B\u0142ony pokrywaj\u0105 migda\u0142ki, j\u0119zyczek, podniebienie.&nbsp;&nbsp;<\/p>\n\n\n\n<p>B\u0142ony \u015bci\u015ble przylegaj\u0105 do powierzchni nab\u0142onka, przy pr\u00f3bie ich usuni\u0119cia pojawia si\u0119 krwawi\u0105ca powierzchnia. Po ok. tygodniu b\u0142ony rzekome przemieszczaj\u0105 si\u0119 i s\u0105 odkrztuszane. Istnieje ryzyko aspiracji i uduszenia.&nbsp;&nbsp;<\/p>\n\n\n\n<h3 class=\"wp-block-heading\" id=\"b\u0142onica-nosa\"><strong>B\u0142onica nosa&nbsp;<\/strong><\/h3>\n\n\n\n<p><strong>B\u0142onica nosa jest naj\u0142agodniejsz\u0105 postaci\u0105 objawowego zaka\u017cenia <\/strong><strong><em>Corynebacterium diphteriae.<\/em><\/strong><em> <\/em>U pacjenta pojawia si\u0119 ropna lub surowiczo- ropna wydzielina z nosa zawieraj\u0105ca krew. B\u0142ony rzekome zlokalizowane s\u0105 g\u0142\u00f3wnie na \u015bluz\u00f3wce przegrody nosowej. Rzadko wyst\u0119puj\u0105 objawy og\u00f3lnoustrojowe.&nbsp;&nbsp;<\/p>\n\n\n\n<h3 class=\"wp-block-heading\" id=\"b\u0142onica-sk\u00f3ry\"><strong>B\u0142onica sk\u00f3ry&nbsp;<\/strong><\/h3>\n\n\n\n<p><strong>Choroba rozwija si\u0119 na skutek kontaktu ze ska\u017conym materia\u0142em. <\/strong>Bakterie przedostaj\u0105 si\u0119 do tkanki podsk\u00f3rnej poprzez uszkodzon\u0105 sk\u00f3r\u0119 (zaka\u017cenie przyranne). Pojawiaj\u0105ca si\u0119 pocz\u0105tkowo grudka przechodzi w przewlek\u0142e owrzodzenie o ostro odgraniczonych brzegach, pokryte szarobr\u0105zowym nalotem.&nbsp; Zmiany goj\u0105 si\u0119 powoli, a przechorowanie daje d\u0142ugotrwa\u0142\u0105 odporno\u015b\u0107.&nbsp;<\/p>\n\n\n\n<h3 class=\"wp-block-heading\" id=\"powik\u0142ania-b\u0142onicy\"><strong>Powik\u0142ania<\/strong> <strong>b\u0142onicy<\/strong><\/h3>\n\n\n\n<ul class=\"wp-block-list\">\n<li><strong>B\u0142onica krtani i tchawicy<\/strong> \u2013 rozszerzenie si\u0119 b\u0142on rzekomych na krta\u0144 i tchawic\u0119 mo\u017ce prowadzi\u0107 do niewydolno\u015bci oddechowej, pojawia si\u0119 chrypka \u201eszczekaj\u0105cy kaszel\u201d, bezg\u0142os, duszno\u015b\u0107.&nbsp;<\/li>\n\n\n\n<li><strong>Zapalenie mi\u0119\u015bnia sercowego<\/strong> \u2013 dyskretne dotyczy ok. 2\/3 przypadk\u00f3w, objawowe wyst\u0119puje u 10 -20% pacjent\u00f3w. Objawy zapalenia pojawiaj\u0105 si\u0119 po 1-2 tygodniach od pocz\u0105tku choroby.&nbsp; Mo\u017ce prowadzi\u0107 do trwa\u0142ych zmian w mi\u0119\u015bniu sercowym.&nbsp;&nbsp;<\/li>\n\n\n\n<li><strong>Objawy neurologiczne<\/strong> \u2013 pojawiaj\u0105 si\u0119 cz\u0119sto w pierwszych dniach choroby, uszkodzenie nerw\u00f3w obwodowych (czuciowych, ruchowych) wyst\u0119puje zwyczaj w 3-6 tygodniu. Zmiany ust\u0119puj\u0105 po wielu tygodniach, nie prowadz\u0105 do trwa\u0142ych nast\u0119pstw.&nbsp;<\/li>\n\n\n\n<li><strong>Inne \u2013 <\/strong>b\u0142onica mo\u017ce dotyczy\u0107 r\u00f3wnie\u017c nerek, spoj\u00f3wek, ucha, pochwy, odbytu.&nbsp;<\/li>\n<\/ul>\n\n\n\n<h2 class=\"wp-block-heading\" id=\"diagnostyka-b\u0142onicy\">Diagnostyka laboratoryjna b\u0142onicy&nbsp;<\/h2>\n\n\n\n<p>W Polsce zgodnie z definicj\u0105 na potrzeby nadzoru epidemiologicznego potwierdzone rozpoznanie b\u0142onicy wymaga spe\u0142nienia zar\u00f3wno kryteri\u00f3w klinicznych (objawy), jak i kryteri\u00f3w laboratoryjnych.&nbsp; Kryterium laboratoryjne obejmuje izolacj\u0119 z materia\u0142u klinicznego maczugowc\u00f3w b\u0142onicy wytwarzaj\u0105cych toksyn\u0119.&nbsp;&nbsp;<\/p>\n\n\n\n<p><strong>Diagnostyka mikrobiologiczna obejmuje:<\/strong>&nbsp;<\/p>\n\n\n\n<ul class=\"wp-block-list\">\n<li>preparat bezpo\u015bredni z materia\u0142u klinicznego,&nbsp;<\/li>\n\n\n\n<li>posiew na pod\u0142o\u017ca bakteriologiczne (ze wzgl\u0119du na swoj\u0105 specyfik\u0119, badanie wykonywane jest w dedykowanych pracowniach mikrobiologii),&nbsp;<\/li>\n\n\n\n<li>wykrywanie wytwarzanie toksyny \u2013 test precypitacyjny Eleka lub badanie genetyczne w kierunku wykrycia genu koduj\u0105cego toksyn\u0119.&nbsp;<\/li>\n<\/ul>\n\n\n\n<h2 class=\"wp-block-heading\" id=\"leczenie-b\u0142onicy\">Leczenie b\u0142onicy&nbsp;&nbsp;<\/h2>\n\n\n\n<p>Przy podejrzeniu b\u0142onicy konieczna jest <strong>hospitalizacja z monitorowaniem serca i wydolno\u015bci oddechowej<\/strong>. Konieczne jest jak najszybsze (bez czekania na wyniki mikrobiologiczne) podanie antytoksyny b\u0142oniczej, kt\u00f3ra neutralizuje egzotoksyn\u0119 i uniemo\u017cliwia jej wi\u0105zanie z kom\u00f3rkami gospodarza.&nbsp;&nbsp;<\/p>\n\n\n\n<p>Aby zapobiec dalszemu wytwarzaniu toksyny, podaje si\u0119 pacjentowi <strong>antybiotyki, kt\u00f3re dzia\u0142aj\u0105<\/strong> <strong>na <em>Corynebacterium diphteriae<\/em><\/strong><em>. <\/em>Opr\u00f3cz leczenia przyczynowego stosuje si\u0119 leczenie objawowe (mechaniczne usuwanie b\u0142on rzekomych, intubacja lub tracheotomia, leki przeciwgor\u0105czkowe i przeciwb\u00f3lowe). W okresie rekonwalescencji konieczne jest podanie szczepionki.&nbsp;&nbsp;<\/p>\n\n\n\n<h2 class=\"wp-block-heading\" id=\"profilaktyka-b\u0142onicy\">Profilaktyka b\u0142onicy&nbsp;<\/h2>\n\n\n\n<p><strong>Szczepienia ochronne s\u0105 najlepszym, najbardziej skutecznym sposobem zabezpieczenia przed zachorowaniem.<\/strong> Szczepionka zawiera nieaktywn\u0105 toksyn\u0119 b\u0142onicz\u0105 (toksoid). Obowi\u0105zkowe (bezp\u0142atne) szczepienie przeciw b\u0142onicy obejmuje dzieci i m\u0142odzie\u017c do uko\u0144czenia 19 r.\u017c.\u202f<\/p>\n\n\n\n<p>Szczepienie podstawowe obejmuje <strong>3 dawki podawane w 1 roku \u017cycia<\/strong>. W drugim roku \u017cycia podawana jest dawka uzupe\u0142niaj\u0105ca (czwarta), w 6 roku \u017cycia dawk\u0119 przypominaj\u0105ca (pi\u0105ta).&nbsp;&nbsp;<\/p>\n\n\n\n<p>Ze wzgl\u0119du na spadek odporno\u015bci z up\u0142ywem czasu, osobom doros\u0142ym zalecane s\u0105 co 10 lat dawki przypominaj\u0105ce. <strong>Jest to szczeg\u00f3lnie wa\u017cne dla os\u00f3b podr\u00f3\u017cuj\u0105cych do kraj\u00f3w endemicznego wyst\u0119powania b\u0142onicy.<\/strong> Szczepienie przypominaj\u0105ce mo\u017ce by\u0107 wykonywane szczepionk\u0105 przeciw b\u0142onicy i t\u0119\u017ccowi\u202flub szczepionk\u0105 przeciw b\u0142onicy, t\u0119\u017ccowi i krztu\u015bcowi.&nbsp;<\/p>\n\n\n\n<p>&gt;&gt;<strong> Przeczytaj:<\/strong> <a href=\"https:\/\/www.alab.pl\/centrum-wiedzy\/krztusiec-objawy-diagnostyka-laboratoryjna\/\">Kompleksowy przewodnik po diagnostyce krztu\u015bca: jaki test wybra\u0107? &#8211; Centrum Wiedzy ALAB laboratoria<\/a><\/p>\n\n\n\n<p>Stosuje si\u0119 te\u017c post\u0119powanie poekspozycyjne. Osobom z kontaktu nale\u017cy<strong> poda\u0107 dawk\u0119 przypominaj\u0105c\u0105 szczepionki<\/strong>, je\u017celi up\u0142yn\u0119\u0142o wi\u0119cej ni\u017c 5 lat od ostatniego szczepienia. Od w\/w os\u00f3b nale\u017cy pobra\u0107 materia\u0142 do badania mikrobiologicznego (wymaz z gard\u0142a i nosa) oraz zastosowa\u0107 profilaktyk\u0119 antybiotykow\u0105. 2 tygodnie po zako\u0144czeniu antybiotykoterapii nale\u017cy powt\u00f3rzy\u0107 badanie mikrobiologiczne.&nbsp;<\/p>\n\n\n\n<p>Dzia\u0142aniem profilaktycznym jest r\u00f3wnie\u017c<strong> izolacja chorych<\/strong> \u2013 do czasu uzyskania 2 ujemnych wynik\u00f3w posiewu z g\u00f3rnych dr\u00f3g oddechowych wykonanych w odst\u0119pie 24 h po zako\u0144czeniu przyjmowania antybiotyk\u00f3w.&nbsp;<\/p>\n\n\n\n<p>Wa\u017cna jest te\u017c<strong> antybiotykoterapia nosicieli<\/strong>. Nale\u017cy zastosowa\u0107 profilaktyk\u0119 antybiotykow\u0105. 2 tygodnie po zako\u0144czeniu antybiotykoterapii trzeba powt\u00f3rzy\u0107 badanie mikrobiologiczne.&nbsp;<\/p>\n\n\n\n<hr class=\"wp-block-separator has-alpha-channel-opacity\"\/>\n\n\n\n<p><strong>Pi\u015bmiennictwo&nbsp;<\/strong><\/p>\n\n\n\n<ol class=\"wp-block-list\" start=\"1\">\n<li>Szymczak A., <em>B\u0142onica<\/em>. Interna Szczeklika, 2020&nbsp;<\/li>\n<\/ol>\n\n\n\n<ol class=\"wp-block-list\" start=\"2\">\n<li>Murray Patric R., Rozenthal K.S., Pfaller M.A., \u202f<em>Mikrobiologia. <\/em>wyd.VI Wroc\u0142aw, 2011&nbsp;<\/li>\n<\/ol>\n\n\n\n<ol class=\"wp-block-list\" start=\"3\">\n<li><em>Definicje przypadk\u00f3w chor\u00f3b zaka\u017anych na potrzeby nadzoru epidemiologiczneg<\/em>o. , Zak\u0142ad Epidemiologii Chor\u00f3b Zaka\u017anych i Nadzoru NIZP-PZH, wersja robocza (6b), luty, 2020.&nbsp;<\/li>\n<\/ol>\n\n\n\n<ol class=\"wp-block-list\" start=\"4\">\n<li><em>Szczepionka przeciw b\u0142onicy<\/em> https:\/\/szczepienia.pzh.gov.pl\/szczepionki\/blonica\/ (dost\u0119p 17.03.2024 r.)&nbsp;<\/li>\n<\/ol>\n\n\n\n<ol class=\"wp-block-list\" start=\"5\">\n<li><em>Diphtheria reported cases and incidence <\/em>https:\/\/immunizationdata.who.int\/pages\/incidence\/DIPHTHERIA.html?CODE=Global&amp;YEAR= (dost\u0119p 17.03.2024 r.)&nbsp;<\/li>\n<\/ol>\n","protected":false},"excerpt":{"rendered":"<p>Na czym polega b\u0142onica i jak wp\u0142ywa na cia\u0142o? Poznaj metody prewencji oraz sposoby leczenia tej choroby zaka\u017anej. <\/p>\n","protected":false},"author":95,"featured_media":12951,"comment_status":"closed","ping_status":"open","sticky":false,"template":"","format":"standard","meta":{"_acf_changed":false,"inline_featured_image":false,"footnotes":""},"categories":[23],"tags":[],"coauthors":[154],"class_list":{"0":"post-13151","1":"post","2":"type-post","3":"status-publish","4":"format-standard","5":"has-post-thumbnail","7":"category-infekcje-i-pasozyty"},"acf":[],"yoast_head":"<!-- This site is optimized with the Yoast SEO plugin v27.5 - https:\/\/yoast.com\/product\/yoast-seo-wordpress\/ -->\n<title>B\u0142onica \u2013 czym jest? Rodzaje, objawy i przyczyny - Centrum Wiedzy ALAB laboratoria<\/title>\n<meta name=\"description\" content=\"Na czym polega b\u0142onica i jak wp\u0142ywa na cia\u0142o? Poznaj metody prewencji oraz sposoby leczenia tej choroby zaka\u017anej.\" \/>\n<meta name=\"robots\" content=\"index, follow, max-snippet:-1, max-image-preview:large, max-video-preview:-1\" \/>\n<link rel=\"canonical\" href=\"https:\/\/www.alab.pl\/centrum-wiedzy\/blonica-czym-jest-rodzaje-objawy-i-przyczyny\/\" \/>\n<meta property=\"og:locale\" content=\"pl_PL\" \/>\n<meta property=\"og:type\" content=\"article\" \/>\n<meta property=\"og:title\" content=\"B\u0142onica \u2013 czym jest? Rodzaje, objawy i przyczyny - Centrum Wiedzy ALAB laboratoria\" \/>\n<meta property=\"og:description\" content=\"Na czym polega b\u0142onica i jak wp\u0142ywa na cia\u0142o? Poznaj metody prewencji oraz sposoby leczenia tej choroby zaka\u017anej.\" \/>\n<meta property=\"og:url\" content=\"https:\/\/www.alab.pl\/centrum-wiedzy\/blonica-czym-jest-rodzaje-objawy-i-przyczyny\/\" \/>\n<meta property=\"og:site_name\" content=\"Centrum Wiedzy ALAB laboratoria\" \/>\n<meta property=\"article:publisher\" content=\"https:\/\/www.facebook.com\/ALABlaboratoria\" \/>\n<meta property=\"article:published_time\" content=\"2024-04-17T06:00:00+00:00\" \/>\n<meta property=\"og:image\" content=\"https:\/\/www.alab.pl\/centrum-wiedzy\/wp-content\/uploads\/2024\/04\/blonica-jpg.webp\" \/>\n\t<meta property=\"og:image:width\" content=\"1200\" \/>\n\t<meta property=\"og:image:height\" content=\"801\" \/>\n\t<meta property=\"og:image:type\" content=\"image\/webp\" \/>\n<meta name=\"author\" content=\"Elwira Zawidzka\" \/>\n<meta name=\"twitter:card\" content=\"summary_large_image\" \/>\n<meta name=\"twitter:label1\" content=\"Napisane przez\" \/>\n\t<meta name=\"twitter:data1\" content=\"Elwira Zawidzka\" \/>\n\t<meta name=\"twitter:label2\" content=\"Szacowany czas czytania\" \/>\n\t<meta name=\"twitter:data2\" content=\"8 minut\" \/>\n\t<meta name=\"twitter:label3\" content=\"Written by\" \/>\n\t<meta name=\"twitter:data3\" content=\"Elwira Zawidzka\" \/>\n<!-- \/ Yoast SEO plugin. -->","yoast_head_json":{"title":"B\u0142onica \u2013 czym jest? Rodzaje, objawy i przyczyny - Centrum Wiedzy ALAB laboratoria","description":"Na czym polega b\u0142onica i jak wp\u0142ywa na cia\u0142o? Poznaj metody prewencji oraz sposoby leczenia tej choroby zaka\u017anej.","robots":{"index":"index","follow":"follow","max-snippet":"max-snippet:-1","max-image-preview":"max-image-preview:large","max-video-preview":"max-video-preview:-1"},"canonical":"https:\/\/www.alab.pl\/centrum-wiedzy\/blonica-czym-jest-rodzaje-objawy-i-przyczyny\/","og_locale":"pl_PL","og_type":"article","og_title":"B\u0142onica \u2013 czym jest? Rodzaje, objawy i przyczyny - Centrum Wiedzy ALAB laboratoria","og_description":"Na czym polega b\u0142onica i jak wp\u0142ywa na cia\u0142o? Poznaj metody prewencji oraz sposoby leczenia tej choroby zaka\u017anej.","og_url":"https:\/\/www.alab.pl\/centrum-wiedzy\/blonica-czym-jest-rodzaje-objawy-i-przyczyny\/","og_site_name":"Centrum Wiedzy ALAB laboratoria","article_publisher":"https:\/\/www.facebook.com\/ALABlaboratoria","article_published_time":"2024-04-17T06:00:00+00:00","og_image":[{"width":1200,"height":801,"url":"https:\/\/www.alab.pl\/centrum-wiedzy\/wp-content\/uploads\/2024\/04\/blonica-jpg.webp","type":"image\/webp"}],"author":"Elwira Zawidzka","twitter_card":"summary_large_image","twitter_misc":{"Napisane przez":"Elwira Zawidzka","Szacowany czas czytania":"8 minut","Written by":"Elwira Zawidzka"},"schema":{"@context":"https:\/\/schema.org","@graph":[{"@type":"Article","@id":"https:\/\/www.alab.pl\/centrum-wiedzy\/blonica-czym-jest-rodzaje-objawy-i-przyczyny\/#article","isPartOf":{"@id":"https:\/\/www.alab.pl\/centrum-wiedzy\/blonica-czym-jest-rodzaje-objawy-i-przyczyny\/"},"author":{"name":"Elwira Zawidzka","@id":"https:\/\/www.alab.pl\/centrum-wiedzy\/#\/schema\/person\/1ae34e072d82e416ba56554dcb881d62"},"headline":"B\u0142onica \u2013 czym jest? Rodzaje, objawy i przyczyny","datePublished":"2024-04-17T06:00:00+00:00","mainEntityOfPage":{"@id":"https:\/\/www.alab.pl\/centrum-wiedzy\/blonica-czym-jest-rodzaje-objawy-i-przyczyny\/"},"wordCount":1686,"publisher":{"@id":"https:\/\/www.alab.pl\/centrum-wiedzy\/#organization"},"image":{"@id":"https:\/\/www.alab.pl\/centrum-wiedzy\/blonica-czym-jest-rodzaje-objawy-i-przyczyny\/#primaryimage"},"thumbnailUrl":"https:\/\/www.alab.pl\/centrum-wiedzy\/wp-content\/uploads\/2024\/04\/blonica-jpg.webp","articleSection":["Infekcje i paso\u017cyty"],"inLanguage":"pl-PL"},{"@type":"WebPage","@id":"https:\/\/www.alab.pl\/centrum-wiedzy\/blonica-czym-jest-rodzaje-objawy-i-przyczyny\/","url":"https:\/\/www.alab.pl\/centrum-wiedzy\/blonica-czym-jest-rodzaje-objawy-i-przyczyny\/","name":"B\u0142onica \u2013 czym jest? Rodzaje, objawy i przyczyny - Centrum Wiedzy ALAB laboratoria","isPartOf":{"@id":"https:\/\/www.alab.pl\/centrum-wiedzy\/#website"},"primaryImageOfPage":{"@id":"https:\/\/www.alab.pl\/centrum-wiedzy\/blonica-czym-jest-rodzaje-objawy-i-przyczyny\/#primaryimage"},"image":{"@id":"https:\/\/www.alab.pl\/centrum-wiedzy\/blonica-czym-jest-rodzaje-objawy-i-przyczyny\/#primaryimage"},"thumbnailUrl":"https:\/\/www.alab.pl\/centrum-wiedzy\/wp-content\/uploads\/2024\/04\/blonica-jpg.webp","datePublished":"2024-04-17T06:00:00+00:00","description":"Na czym polega b\u0142onica i jak wp\u0142ywa na cia\u0142o? Poznaj metody prewencji oraz sposoby leczenia tej choroby zaka\u017anej.","breadcrumb":{"@id":"https:\/\/www.alab.pl\/centrum-wiedzy\/blonica-czym-jest-rodzaje-objawy-i-przyczyny\/#breadcrumb"},"inLanguage":"pl-PL","potentialAction":[{"@type":"ReadAction","target":["https:\/\/www.alab.pl\/centrum-wiedzy\/blonica-czym-jest-rodzaje-objawy-i-przyczyny\/"]}]},{"@type":"ImageObject","inLanguage":"pl-PL","@id":"https:\/\/www.alab.pl\/centrum-wiedzy\/blonica-czym-jest-rodzaje-objawy-i-przyczyny\/#primaryimage","url":"https:\/\/www.alab.pl\/centrum-wiedzy\/wp-content\/uploads\/2024\/04\/blonica-jpg.webp","contentUrl":"https:\/\/www.alab.pl\/centrum-wiedzy\/wp-content\/uploads\/2024\/04\/blonica-jpg.webp","width":1200,"height":801,"caption":"Bakterie Corynebacterium diphtheriae, kt\u00f3re wywo\u0142uj\u0105 b\u0142onic\u0119."},{"@type":"BreadcrumbList","@id":"https:\/\/www.alab.pl\/centrum-wiedzy\/blonica-czym-jest-rodzaje-objawy-i-przyczyny\/#breadcrumb","itemListElement":[{"@type":"ListItem","position":1,"name":"Strona g\u0142\u00f3wna","item":"https:\/\/www.alab.pl\/centrum-wiedzy\/"},{"@type":"ListItem","position":2,"name":"B\u0142onica \u2013 czym jest? Rodzaje, objawy i przyczyny"}]},{"@type":"WebSite","@id":"https:\/\/www.alab.pl\/centrum-wiedzy\/#website","url":"https:\/\/www.alab.pl\/centrum-wiedzy\/","name":"Centrum Wiedzy ALAB laboratoria","description":"","publisher":{"@id":"https:\/\/www.alab.pl\/centrum-wiedzy\/#organization"},"potentialAction":[{"@type":"SearchAction","target":{"@type":"EntryPoint","urlTemplate":"https:\/\/www.alab.pl\/centrum-wiedzy\/?s={search_term_string}"},"query-input":{"@type":"PropertyValueSpecification","valueRequired":true,"valueName":"search_term_string"}}],"inLanguage":"pl-PL"},{"@type":"Organization","@id":"https:\/\/www.alab.pl\/centrum-wiedzy\/#organization","name":"Centrum Wiedzy ALAB laboratoria","url":"https:\/\/www.alab.pl\/centrum-wiedzy\/","logo":{"@type":"ImageObject","inLanguage":"pl-PL","@id":"https:\/\/www.alab.pl\/centrum-wiedzy\/#\/schema\/logo\/image\/","url":"https:\/\/www.alab.pl\/centrum-wiedzy\/wp-content\/uploads\/2022\/04\/alabek.jpg","contentUrl":"https:\/\/www.alab.pl\/centrum-wiedzy\/wp-content\/uploads\/2022\/04\/alabek.jpg","width":1250,"height":1251,"caption":"Centrum Wiedzy ALAB laboratoria"},"image":{"@id":"https:\/\/www.alab.pl\/centrum-wiedzy\/#\/schema\/logo\/image\/"},"sameAs":["https:\/\/www.facebook.com\/ALABlaboratoria"]},{"@type":"Person","@id":"https:\/\/www.alab.pl\/centrum-wiedzy\/#\/schema\/person\/1ae34e072d82e416ba56554dcb881d62","name":"Elwira Zawidzka","image":{"@type":"ImageObject","inLanguage":"pl-PL","@id":"https:\/\/www.alab.pl\/centrum-wiedzy\/wp-content\/uploads\/2022\/03\/Elwira-Zawidzka-scaled-1-150x149.jpg2f127cfeae6d9bf00c170f9c737413d3","url":"https:\/\/www.alab.pl\/centrum-wiedzy\/wp-content\/uploads\/2022\/03\/Elwira-Zawidzka-scaled-1-150x149.jpg","contentUrl":"https:\/\/www.alab.pl\/centrum-wiedzy\/wp-content\/uploads\/2022\/03\/Elwira-Zawidzka-scaled-1-150x149.jpg","caption":"Elwira Zawidzka"},"description":"Specjalista mikrobiologii medycznej, diagnosta laboratoryjny, cz\u0142onek Zespo\u0142u ds. Kontroli Zaka\u017ce\u0144 Szpitalnych. Absolwentka Uniwersytetu Warszawskiego, Warszawskiego Uniwersytetu Medycznego i Akademii Leona Ko\u017ami\u0144skiego.","url":"https:\/\/www.alab.pl\/centrum-wiedzy\/author\/elwira\/"}]}},"_links":{"self":[{"href":"https:\/\/www.alab.pl\/centrum-wiedzy\/wp-json\/wp\/v2\/posts\/13151","targetHints":{"allow":["GET"]}}],"collection":[{"href":"https:\/\/www.alab.pl\/centrum-wiedzy\/wp-json\/wp\/v2\/posts"}],"about":[{"href":"https:\/\/www.alab.pl\/centrum-wiedzy\/wp-json\/wp\/v2\/types\/post"}],"author":[{"embeddable":true,"href":"https:\/\/www.alab.pl\/centrum-wiedzy\/wp-json\/wp\/v2\/users\/95"}],"replies":[{"embeddable":true,"href":"https:\/\/www.alab.pl\/centrum-wiedzy\/wp-json\/wp\/v2\/comments?post=13151"}],"version-history":[{"count":0,"href":"https:\/\/www.alab.pl\/centrum-wiedzy\/wp-json\/wp\/v2\/posts\/13151\/revisions"}],"wp:featuredmedia":[{"embeddable":true,"href":"https:\/\/www.alab.pl\/centrum-wiedzy\/wp-json\/wp\/v2\/media\/12951"}],"wp:attachment":[{"href":"https:\/\/www.alab.pl\/centrum-wiedzy\/wp-json\/wp\/v2\/media?parent=13151"}],"wp:term":[{"taxonomy":"category","embeddable":true,"href":"https:\/\/www.alab.pl\/centrum-wiedzy\/wp-json\/wp\/v2\/categories?post=13151"},{"taxonomy":"post_tag","embeddable":true,"href":"https:\/\/www.alab.pl\/centrum-wiedzy\/wp-json\/wp\/v2\/tags?post=13151"},{"taxonomy":"author","embeddable":true,"href":"https:\/\/www.alab.pl\/centrum-wiedzy\/wp-json\/wp\/v2\/coauthors?post=13151"}],"curies":[{"name":"wp","href":"https:\/\/api.w.org\/{rel}","templated":true}]}}