{"id":13543,"date":"2024-05-07T15:30:00","date_gmt":"2024-05-07T13:30:00","guid":{"rendered":"https:\/\/sklep.alablaboratoria.pl\/centrum-wiedzy\/?p=13543"},"modified":"2025-01-24T12:39:47","modified_gmt":"2025-01-24T11:39:47","slug":"bialaczka-u-dzieci-co-powinien-wiedziec-kazdy-rodzic","status":"publish","type":"post","link":"https:\/\/www.alab.pl\/centrum-wiedzy\/bialaczka-u-dzieci-co-powinien-wiedziec-kazdy-rodzic\/","title":{"rendered":"Bia\u0142aczka u dzieci \u2013 co powinien wiedzie\u0107 ka\u017cdy rodzic?\u00a0"},"content":{"rendered":"\n<p><strong>Bia\u0142aczka, czyli najcz\u0119stszy z\u0142o\u015bliwy nowotw\u00f3r u dzieci to choroba o wielu obliczach, wliczaj\u0105c w to objawy, przebieg, rokowanie i spos\u00f3b leczenia.&nbsp;&nbsp;<\/strong><\/p>\n\n\n\n<p>Spis tre\u015bci:<\/p>\n\n\n\n<ol class=\"wp-block-list\">\n<li><a href=\"#sk\u0105d-si\u0119-bierze-bia\u0142aczka-u-dzieci\">Sk\u0105d si\u0119 bierze bia\u0142aczka u dzieci?&nbsp;<\/a><\/li>\n\n\n\n<li><a href=\"#jakie-s\u0105-objawy-bia\u0142aczki-u-dziecka\">Jakie s\u0105 objawy bia\u0142aczki u dziecka?&nbsp;<\/a><\/li>\n\n\n\n<li><a href=\"#jakie-badania-nale\u017cy-wykona\u0107,-gdy-podejrzewa-si\u0119-bia\u0142aczk\u0119-u-dziecka\">Jakie badania nale\u017cy wykona\u0107, gdy podejrzewa si\u0119 bia\u0142aczk\u0119 u dziecka?&nbsp;<\/a>\n<ul class=\"wp-block-list\">\n<li><a href=\"#jak-przebiega-leczenie-bia\u0142aczki-u-dzieci\">Jak przebiega leczenie bia\u0142aczki u dzieci?&nbsp;<\/a><\/li>\n<\/ul>\n<\/li>\n\n\n\n<li><a href=\"#czy-bia\u0142aczce-mo\u017cna-zapobiec\">Czy bia\u0142aczce mo\u017cna zapobiec?&nbsp;<\/a><\/li>\n\n\n\n<li><a href=\"#bia\u0142aczka-u-dzieci-podsumowanie\">Bia\u0142aczka u dzieci \u2013 podsumowanie&nbsp;<\/a><\/li>\n<\/ol>\n\n\n\n<h2 class=\"wp-block-heading\" id=\"sk\u0105d-si\u0119-bierze-bia\u0142aczka-u-dzieci\"><strong>Sk\u0105d si\u0119 bierze bia\u0142aczka u dzieci?<\/strong>&nbsp;<\/h2>\n\n\n\n<p>Bia\u0142aczka to heterogenna grupa nowotwor\u00f3w uk\u0142adu krwiotw\u00f3rczego, kt\u00f3re powstaj\u0105 w wyniku nieprawid\u0142owego r\u00f3\u017cnicowania si\u0119 leukocyt\u00f3w \u2013 kom\u00f3rek uk\u0142adu odporno\u015bciowego. Wed\u0142ug danych literaturowych od wielu lat <strong>bia\u0142aczka jest najcz\u0119stszym nowotworem z\u0142o\u015bliwym u dzieci i stanowi oko\u0142o 30% wszystkich diagnozowanych przed 15. rokiem \u017cycia.<\/strong> W zale\u017cno\u015bci od dynamiki procesu nieprawid\u0142owego, niekontrolowanego r\u00f3\u017cnicowania si\u0119 kom\u00f3rek uk\u0142adu krwiotw\u00f3rczego, a tak\u017ce od rodzaju samych kom\u00f3rek, wyr\u00f3\u017cnia si\u0119 4 g\u0142\u00f3wne rodzaje bia\u0142aczek:&nbsp;<\/p>\n\n\n\n<ul class=\"wp-block-list\">\n<li><strong>ostra bia\u0142aczka limfoblastyczna (ALL)<\/strong>: najcz\u0119stsza posta\u0107 w populacji pediatrycznej, szczyt wyst\u0119powania przypada na okres mi\u0119dzy 2. a 10. rokiem \u017cycia, wyst\u0119puje cz\u0119\u015bciej u dzieci z trisomi\u0105 21, nerwiakow\u0142\u00f3kniakowato\u015bci\u0105 typu 1, zespo\u0142em Blooma i ataksj\u0105-teleangiektazj\u0105 (w tych przypadkach bia\u0142aczka pojawia si\u0119 mi\u0119dzy 2. a 3. rokiem \u017cycia); rozpoznanie choroby u niemowl\u0119cia wi\u0105\u017ce si\u0119 z gorszym rokowaniem;&nbsp;<\/li>\n\n\n\n<li><strong>ostra bia\u0142aczka szpikowa (AML)<\/strong>: stanowi 15-20% przypadk\u00f3w, pochodzi z kom\u00f3rek, kt\u00f3re r\u00f3\u017cnicuj\u0105 si\u0119 do krwinek bia\u0142ych, czerwonych oraz p\u0142ytek krwi, st\u0105d du\u017ca z\u0142o\u015bliwo\u015b\u0107 tego nowotworu; szczyt zachorowa\u0144 przypada mi\u0119dzy 1. a 2. rokiem \u017cycia i na wiek nastoletni;<\/li>\n\n\n\n<li><strong>przewlek\u0142a bia\u0142aczka limfoblastyczna (CLL)<\/strong>: bardzo cz\u0119sta u doros\u0142ych, u dzieci ekstremalnie rzadka;&nbsp;<\/li>\n\n\n\n<li><strong>przewlek\u0142a bia\u0142aczka szpikowa (CML)<\/strong>: stanowi 2-4% wszystkich bia\u0142aczek u dzieci, na og\u00f3\u0142 zaczyna pojawia\u0107 si\u0119 po 8. miesi\u0105cu \u017cycia, a szczyt zachorowa\u0144 przypada powy\u017cej 10. roku \u017cycia i cz\u0119\u015bciej dotyczy ch\u0142opc\u00f3w.&nbsp;<\/li>\n<\/ul>\n\n\n<div class=\"wp-block-image\">\n<figure class=\"aligncenter size-full is-resized\"><img loading=\"lazy\" decoding=\"async\" width=\"890\" height=\"550\" src=\"https:\/\/www.alab.pl\/centrum-wiedzy\/wp-content\/uploads\/2024\/04\/bialaczka-infografika-jpg.webp\" alt=\"bia\u0142aczka obraz krwinek i p\u0142ytek krwi infografika\" class=\"wp-image-13178\" style=\"width:668px;height:413px\" srcset=\"https:\/\/www.alab.pl\/centrum-wiedzy\/wp-content\/uploads\/2024\/04\/bialaczka-infografika-jpg.webp 890w, https:\/\/www.alab.pl\/centrum-wiedzy\/wp-content\/uploads\/2024\/04\/bialaczka-infografika-jpg-768x475.webp 768w, https:\/\/www.alab.pl\/centrum-wiedzy\/wp-content\/uploads\/2024\/04\/bialaczka-infografika-jpg-150x93.webp 150w, https:\/\/www.alab.pl\/centrum-wiedzy\/wp-content\/uploads\/2024\/04\/bialaczka-infografika-jpg-300x185.webp 300w, https:\/\/www.alab.pl\/centrum-wiedzy\/wp-content\/uploads\/2024\/04\/bialaczka-infografika-jpg-696x430.webp 696w\" sizes=\"auto, (max-width: 890px) 100vw, 890px\" \/><figcaption class=\"wp-element-caption\">Bia\u0142aczka \u2013 obraz krwinek i p\u0142ytek krwi.<\/figcaption><\/figure><\/div>\n\n\n<p>Post\u0119p w zakresie diagnostyki molekularnej, w tym genetycznej sprawia, \u017ce podzia\u0142 tej grupy chor\u00f3b ulega dynamicznym zmianom, coraz cz\u0119\u015bciej bowiem odkrywane s\u0105 charakterystyczne podtypy poddaj\u0105ce si\u0119 leczeniu celowanemu. Dzi\u0119ki temu obecnie oko\u0142o 90% pacjent\u00f3w ma szans\u0119 na wyleczenie, co jest ogromnie wa\u017cne, tym bardziej \u017ce wed\u0142ug danych Ameryka\u0144skiej Akademii Pediatrii cz\u0119sto\u015b\u0107 wyst\u0119powania bia\u0142aczek wzrasta o oko\u0142o 0,7% na rok, licz\u0105c od 1975 roku.&nbsp;<\/p>\n\n\n\n<h2 class=\"wp-block-heading\" id=\"jakie-s\u0105-objawy-bia\u0142aczki-u-dziecka\"><strong>Jakie s\u0105 objawy bia\u0142aczki u dziecka?<\/strong>&nbsp;<\/h2>\n\n\n\n<p>Objawy bia\u0142aczki zale\u017c\u0105 od jej rodzaju, jednak w wi\u0119kszo\u015bci przypadk\u00f3w s\u0105 niecharakterystyczne i \u0142atwo mo\u017cna je pomyli\u0107 z innymi chorobami t\u0142umacz\u0105cymi dolegliwo\u015bci dziecka:&nbsp;<\/p>\n\n\n\n<ul class=\"wp-block-list\">\n<li><strong>ALL:<\/strong> \u200b\u200bwed\u0142ug danych naukowych u ponad po\u0142owy dzieci podczas badania stwierdza si\u0119 co najmniej 1 z 5 wymienionych: <strong>powi\u0119kszenie w\u0105troby i\/lub \u015bledziony, blado\u015b\u0107, gor\u0105czka, obecno\u015b\u0107 siniak\u00f3w.<\/strong> U wi\u0119kszo\u015bci pacjent\u00f3w obserwuje si\u0119 nocne poty, \u0142atwe powstawanie siniak\u00f3w, blado\u015b\u0107 sk\u00f3ry, niewyja\u015bnione powi\u0119kszenie w\u0119z\u0142\u00f3w ch\u0142onnych, os\u0142abienie, utrat\u0119 masy cia\u0142a, trudno\u015bci w oddychaniu. Mog\u0105 r\u00f3wnie\u017c wyst\u0119powa\u0107 b\u00f3le ko\u015bci, zmiany psychiczne i sk\u0105pomocz, a tak\u017ce powi\u0119kszenie j\u0105der, b\u00f3le mi\u0119\u015bniowo-szkieletowe. W rzadkich przypadkach jednym z pierwszych objaw\u00f3w mo\u017ce by\u0107 tzw. zesp\u00f3\u0142 \u017cy\u0142y g\u0142\u00f3wnej g\u00f3rnej.&nbsp;<\/li>\n\n\n\n<li><strong>AML:<\/strong> g\u0142\u00f3wne objawy to <strong>gor\u0105czka, \u0142atwa m\u0119czliwo\u015b\u0107, krwawienia do sk\u00f3ry lub b\u0142on \u015bluzowych, b\u00f3le ko\u015bci, blado\u015b\u0107 oraz niezamierzona utrata masy cia\u0142a.<\/strong> U pacjent\u00f3w z tzw. monocytarnymi podtypami AML sporadycznie obserwuje si\u0119 przerost dzi\u0105se\u0142 i naciek sk\u00f3ry, mog\u0105 r\u00f3wnie\u017c wyst\u0119powa\u0107 wyra\u017ane guzy lite, zazwyczaj w obr\u0119bie czaszki.&nbsp;<\/li>\n\n\n\n<li><strong>CLL i CML:<\/strong> u wielu pacjent\u00f3w w momencie rozpoznania nie wyst\u0119puj\u0105 objawy, a choroba jest <strong>wykrywana przypadkowo po oznaczeniu morfologii krwi z innego powodu.<\/strong> Gdy jednak choroba daje objawy, s\u0105 to zazwyczaj: zm\u0119czenie i os\u0142abienie, b\u00f3l brzucha (g\u0142\u00f3wnie z powodu powi\u0119kszenia w\u0105troby i \u015bledziony), utrata apetytu, spadek masy cia\u0142a, nawracaj\u0105ce infekcje.&nbsp;<\/li>\n<\/ul>\n\n\n\n<p>&gt;&gt; <strong>Przeczytaj te\u017c: <\/strong><a href=\"https:\/\/www.alab.pl\/centrum-wiedzy\/markery-nowotworowe\/\">Czym s\u0105 markery nowotworowe i jakich dostarczaj\u0105 informacji? <\/a><\/p>\n\n\n\n<h2 class=\"wp-block-heading\" id=\"jakie-badania-nale\u017cy-wykona\u0107,-gdy-podejrzewa-si\u0119-bia\u0142aczk\u0119-u-dziecka\"><strong>Jakie badania nale\u017cy wykona\u0107, gdy podejrzewa si\u0119 bia\u0142aczk\u0119 u dziecka?<\/strong>&nbsp;<\/h2>\n\n\n\n<p>Podstaw\u0105 wst\u0119pnego rozpoznania (bez szczeg\u00f3\u0142owego r\u00f3\u017cnicowania konkretnego podtypu) jest oznaczenie morfologii krwi obwodowej z rozmazem. W wi\u0119kszo\u015bci przypadk\u00f3w badanie pozwala stwierdzi\u0107 <strong>obecno\u015b\u0107 nieprawid\u0142owych krwinek bia\u0142ych, tzw. blast\u00f3w<\/strong>.&nbsp;&nbsp;<\/p>\n\n\n\n<figure class=\"wp-block-image size-full\"><a href=\"https:\/\/www.alab.pl\/badanie\/morfologia-krwi-c55\"><img loading=\"lazy\" decoding=\"async\" width=\"800\" height=\"200\" src=\"https:\/\/www.alab.pl\/centrum-wiedzy\/wp-content\/uploads\/2023\/07\/morfologia-krwi-baner-jpg.webp\" alt=\"morfologia\" class=\"wp-image-7698\" srcset=\"https:\/\/www.alab.pl\/centrum-wiedzy\/wp-content\/uploads\/2023\/07\/morfologia-krwi-baner-jpg.webp 800w, https:\/\/www.alab.pl\/centrum-wiedzy\/wp-content\/uploads\/2023\/07\/morfologia-krwi-baner-jpg-768x192.webp 768w, https:\/\/www.alab.pl\/centrum-wiedzy\/wp-content\/uploads\/2023\/07\/morfologia-krwi-baner-jpg-150x38.webp 150w, https:\/\/www.alab.pl\/centrum-wiedzy\/wp-content\/uploads\/2023\/07\/morfologia-krwi-baner-jpg-300x75.webp 300w, https:\/\/www.alab.pl\/centrum-wiedzy\/wp-content\/uploads\/2023\/07\/morfologia-krwi-baner-jpg-696x174.webp 696w\" sizes=\"auto, (max-width: 800px) 100vw, 800px\" \/><\/a><\/figure>\n\n\n\n<p>Dalsza diagnostyka odbywa si\u0119 ju\u017c w ramach o\u015brodka referencyjnego. Silne podejrzenie bia\u0142aczki wymaga natychmiastowej hospitalizacji. Pr\u00f3by \u201esamodzielnego\u201d diagnozowania s\u0105 zagro\u017ceniem dla \u017cycia dziecka.&nbsp;&nbsp;<\/p>\n\n\n\n<p>Nale\u017cy jednak pami\u0119ta\u0107, \u017ce w rzeczywisto\u015bci najpierw pojawiaj\u0105 si\u0119 objawy, a nast\u0119pnie sk\u0142aniaj\u0105 one ku diagnostyce. Jak wida\u0107 w poprzednim akapicie, objawy bia\u0142aczki nie s\u0105 charakterystyczne. Gor\u0105czka i blado\u015b\u0107 s\u0105 cz\u0119ste u dzieci (u kt\u00f3rych dominuj\u0105 choroby zaka\u017ane), jednak <strong>ka\u017cda w\u0105tpliwo\u015b\u0107 w ocenie przyczyn objaw\u00f3w powinna stanowi\u0107 wskazanie do oznaczenia morfologii z rozmazem<\/strong>.&nbsp;&nbsp;<\/p>\n\n\n\n<p>Z uwagi na szerokie spektrum innych mo\u017cliwych objaw\u00f3w, diagnostyka mo\u017ce by\u0107 bardzo szeroka, z oznaczeniem m.in. CRP, ALT, AST, kwasu moczowego, LDH, kreatyniny, glukozy, a w przypadku powi\u0119kszenia w\u0119z\u0142\u00f3w ch\u0142onnych tak\u017ce przeciwcia\u0142 w klasie IgM i IgG w kierunku zaka\u017cenia EBV, CMV i toksoplazmozy.&nbsp;<\/p>\n\n\n\n<figure class=\"wp-block-image size-full is-resized\"><a href=\"https:\/\/www.alab.pl\/badanie\/bialko-c-reaktywne-crp-ilosciowe-i81\"><img loading=\"lazy\" decoding=\"async\" width=\"800\" height=\"200\" src=\"https:\/\/www.alab.pl\/centrum-wiedzy\/wp-content\/uploads\/2023\/07\/Badanie-CRP-bialko-C-reaktywne-jpg.webp\" alt=\"CRP bia\u0142ko C-reaktywne\" class=\"wp-image-7340\" style=\"width:800px;height:200px\" srcset=\"https:\/\/www.alab.pl\/centrum-wiedzy\/wp-content\/uploads\/2023\/07\/Badanie-CRP-bialko-C-reaktywne-jpg.webp 800w, https:\/\/www.alab.pl\/centrum-wiedzy\/wp-content\/uploads\/2023\/07\/Badanie-CRP-bialko-C-reaktywne-jpg-768x192.webp 768w, https:\/\/www.alab.pl\/centrum-wiedzy\/wp-content\/uploads\/2023\/07\/Badanie-CRP-bialko-C-reaktywne-jpg-150x38.webp 150w, https:\/\/www.alab.pl\/centrum-wiedzy\/wp-content\/uploads\/2023\/07\/Badanie-CRP-bialko-C-reaktywne-jpg-300x75.webp 300w, https:\/\/www.alab.pl\/centrum-wiedzy\/wp-content\/uploads\/2023\/07\/Badanie-CRP-bialko-C-reaktywne-jpg-696x174.webp 696w\" sizes=\"auto, (max-width: 800px) 100vw, 800px\" \/><\/a><\/figure>\n\n\n\n<h3 class=\"wp-block-heading\" id=\"jak-przebiega-leczenie-bia\u0142aczki-u-dzieci\"><strong>Jak przebiega leczenie bia\u0142aczki u dzieci?<\/strong>&nbsp;<\/h3>\n\n\n\n<p>Terapia r\u00f3\u017cni si\u0119 znacznie w zale\u017cno\u015bci od podtypu bia\u0142aczki i wsp\u00f3\u0142istnienia innych czynnik\u00f3w ryzyka. W wi\u0119kszo\u015bci przypadk\u00f3w <strong>opiera si\u0119 jednak na chemioterapii, coraz cz\u0119\u015bciej uzupe\u0142nianej immunoterapi\u0105<\/strong> (przeciwcia\u0142ami \u201ewycelowanymi\u201d w punkt, kt\u00f3ry utrudnia i\/lub uniemo\u017cliwia namna\u017canie si\u0119 kom\u00f3rkom nowotworowym).&nbsp;&nbsp;<\/p>\n\n\n\n<p>W przewlek\u0142ej bia\u0142aczce szpikowej oraz niekt\u00f3rych rodzajach bia\u0142aczek ostrych cenn\u0105 opcj\u0105 terapeutyczn\u0105 jest przeszczep szpiku kostnego. Og\u00f3\u0142em rokowanie jest pomy\u015blne, gdy\u017c jak wspomniano, <strong>wyleczonych zostaje oko\u0142o 90% dzieci<\/strong>.&nbsp;&nbsp;<\/p>\n\n\n\n<p>Wiele zale\u017cy od poszczeg\u00f3lnego rodzaju bia\u0142aczki, obecno\u015bci niekt\u00f3rych mutacji w obr\u0119bie kom\u00f3rek nowotworowych, a tak\u017ce czasu rozpoznania. Im wcze\u015bniej choroba zostanie wykryta, tym wi\u0119ksza szansa na sukces terapeutyczny.&nbsp;<\/p>\n\n\n\n<h2 class=\"wp-block-heading\" id=\"czy-bia\u0142aczce-mo\u017cna-zapobiec\"><strong>Czy bia\u0142aczce mo\u017cna zapobiec?<\/strong>&nbsp;<\/h2>\n\n\n\n<p>Dane literaturowe na ten temat s\u0105 stosunkowo ubogie, jednak ich liczba ro\u015bnie i znaczna wi\u0119kszo\u015b\u0107 wskazuje na pewien trend. Zbiorcze analizy przeprowadzone przez <strong>Childhood Leukemia International Consortium <\/strong>wykaza\u0142y zwi\u0119kszone ryzyko ALL i AML u dzieci w zwi\u0105zku <strong>z ekspozycj\u0105 na pestycydy przed i po urodzeniu.<\/strong>&nbsp;&nbsp;<\/p>\n\n\n\n<p>Przybywa coraz wi\u0119cej silnych dowod\u00f3w potwierdzaj\u0105cych zwi\u0119kszenie ryzyka ALL u dzieci, kt\u00f3rych ojcowie s\u0105 czynnymi palaczami oraz matek si\u0119gaj\u0105cych po nikotyn\u0119 w okresie laktacji. Zwi\u0119kszone ryzyko ALL i AML u dzieci istnieje tak\u017ce w wyniku <strong>nara\u017cenia na farby i rozpuszczalniki<\/strong> w domu lub miejscu pracy rodzic\u00f3w.<\/p>\n\n\n\n<p>Ostatnie metaanalizy wykaza\u0142y istotny, 1,5-krotny wzrost ryzyka bia\u0142aczki u dzieci w zwi\u0105zku z r\u00f3\u017cnymi <strong>zanieczyszczeniami powietrza<\/strong>, g\u0142\u00f3wnie benzenem i dwutlenkiem azotu. Id\u0105c w drug\u0105 stron\u0119 \u2013 dobrze udokumentowano fakt, i\u017c <strong>zmniejszenie ryzyka bia\u0142aczki uzyskuje si\u0119 dzi\u0119ki karmieniu piersi\u0105<\/strong>, o 10 i 20% w przypadku kobiet karmi\u0105cych piersi\u0105 przez 6 miesi\u0119cy i d\u0142u\u017cej.&nbsp;&nbsp;<\/p>\n\n\n\n<p>&gt;&gt;<strong>Przeczytaj:<\/strong> <a href=\"https:\/\/www.alab.pl\/centrum-wiedzy\/rola-badan-genetycznych-w-diagnostyce-nowotworow\/\">Rola bada\u0144 genetycznych w diagnostyce nowotwor\u00f3w <\/a><\/p>\n\n\n\n<h2 class=\"wp-block-heading\" id=\"bia\u0142aczka-u-dzieci-podsumowanie\"><strong>Bia\u0142aczka u dzieci \u2013 podsumowanie<\/strong>&nbsp;<\/h2>\n\n\n\n<p>Bia\u0142aczka to najcz\u0119stszy nowotw\u00f3r z\u0142o\u015bliwy u dzieci i m\u0142odzie\u017cy. Jego objawy s\u0105 niecharakterystyczne i pokrywaj\u0105 si\u0119 z tymi obserwowanymi w przypadku innych chor\u00f3b wieku dzieci\u0119cego. Podejrzenie bia\u0142aczki powinno sk\u0142oni\u0107 do oznaczenia (co najmniej) morfologii krwi z rozmazem. Odpowiednio wczesne rozpoznanie umo\u017cliwia szybkie znalezienie si\u0119 w o\u015brodku referencyjnym, gdzie zostanie w\u0142\u0105czone leczenie. W wi\u0119kszo\u015bci przypadk\u00f3w rokowanie jest dobre. W du\u017cej mierze zale\u017cy ono od typu bia\u0142aczki oraz obecno\u015bci okre\u015blonych mutacji w kom\u00f3rkach nowotworowych.&nbsp;<\/p>\n\n\n\n<hr class=\"wp-block-separator has-alpha-channel-opacity\"\/>\n\n\n\n<p><strong>\u0179r\u00f3d\u0142a:<\/strong><\/p>\n\n\n\n<ol class=\"wp-block-list\">\n<li>Childhood Leukemia: A Preventable Disease &#8211; PMC<\/li>\n\n\n\n<li>Childhood Leukemia and Primary Prevention &#8211; PMC<\/li>\n\n\n\n<li>Infection and childhood leukemia: review of evidence &#8211; PMC<\/li>\n\n\n\n<li>Leukemia &#8211; StatPearls &#8211; NCBI Bookshelf<\/li>\n\n\n\n<li>Acute Lymphocytic Leukemia &#8211; StatPearls &#8211; NCBI Bookshelf<\/li>\n\n\n\n<li>Pediatric AML: From Biology to Clinical Management &#8211; PMC<\/li>\n\n\n\n<li>Chronic Lymphocytic Leukemia &#8211; StatPearls &#8211; NCBI Bookshelf<\/li>\n\n\n\n<li>Topics in Pediatric Leukemia \u2013 Acute Myeloid Leukemia &#8211; PMC<\/li>\n\n\n\n<li>Childhood Chronic Myeloid Leukemia (CML) | Dana-Farber Cancer Institute<\/li>\n<\/ol>\n","protected":false},"excerpt":{"rendered":"<p>Poznaj wczesne objawy bia\u0142aczki u dzieci i dowiedz si\u0119 jakie badania pomog\u0105 wykry\u0107 t\u0119 chorob\u0119 nowotworow\u0105 u najm\u0142odszych. <\/p>\n","protected":false},"author":154,"featured_media":13179,"comment_status":"closed","ping_status":"open","sticky":false,"template":"","format":"standard","meta":{"_acf_changed":false,"inline_featured_image":false,"footnotes":""},"categories":[10,30],"tags":[],"coauthors":[151],"class_list":{"0":"post-13543","1":"post","2":"type-post","3":"status-publish","4":"format-standard","5":"has-post-thumbnail","8":"category-zdrowie-dzieci-i-mlodziezy"},"acf":[],"yoast_head":"<!-- This site is optimized with the Yoast SEO plugin v27.5 - https:\/\/yoast.com\/product\/yoast-seo-wordpress\/ -->\n<title>Bia\u0142aczka u dzieci \u2013 co powinien wiedzie\u0107 ka\u017cdy rodzic?\u00a0 - Centrum Wiedzy ALAB laboratoria<\/title>\n<meta name=\"description\" content=\"Poznaj wczesne objawy bia\u0142aczki u dzieci i dowiedz si\u0119 jakie badania pomog\u0105 wykry\u0107 t\u0119 chorob\u0119 nowotworow\u0105 u najm\u0142odszych.\" \/>\n<meta name=\"robots\" content=\"index, follow, max-snippet:-1, max-image-preview:large, max-video-preview:-1\" \/>\n<link rel=\"canonical\" href=\"https:\/\/www.alab.pl\/centrum-wiedzy\/bialaczka-u-dzieci-co-powinien-wiedziec-kazdy-rodzic\/\" \/>\n<meta property=\"og:locale\" content=\"pl_PL\" \/>\n<meta property=\"og:type\" content=\"article\" \/>\n<meta property=\"og:title\" content=\"Bia\u0142aczka u dzieci \u2013 co powinien wiedzie\u0107 ka\u017cdy rodzic?\u00a0 - Centrum Wiedzy ALAB laboratoria\" \/>\n<meta property=\"og:description\" content=\"Poznaj wczesne objawy bia\u0142aczki u dzieci i dowiedz si\u0119 jakie badania pomog\u0105 wykry\u0107 t\u0119 chorob\u0119 nowotworow\u0105 u najm\u0142odszych.\" \/>\n<meta property=\"og:url\" content=\"https:\/\/www.alab.pl\/centrum-wiedzy\/bialaczka-u-dzieci-co-powinien-wiedziec-kazdy-rodzic\/\" \/>\n<meta property=\"og:site_name\" content=\"Centrum Wiedzy ALAB laboratoria\" \/>\n<meta property=\"article:publisher\" content=\"https:\/\/www.facebook.com\/ALABlaboratoria\" \/>\n<meta property=\"article:published_time\" content=\"2024-05-07T13:30:00+00:00\" \/>\n<meta property=\"article:modified_time\" content=\"2025-01-24T11:39:47+00:00\" \/>\n<meta property=\"og:image\" content=\"https:\/\/www.alab.pl\/centrum-wiedzy\/wp-content\/uploads\/2024\/04\/bialaczka-u-dzieci-jpg.webp\" \/>\n\t<meta property=\"og:image:width\" content=\"1200\" \/>\n\t<meta property=\"og:image:height\" content=\"801\" \/>\n\t<meta property=\"og:image:type\" content=\"image\/webp\" \/>\n<meta name=\"author\" content=\"Damian Matusiak\" \/>\n<meta name=\"twitter:card\" content=\"summary_large_image\" \/>\n<meta name=\"twitter:label1\" content=\"Napisane przez\" \/>\n\t<meta name=\"twitter:data1\" content=\"Damian Matusiak\" \/>\n\t<meta name=\"twitter:label2\" content=\"Szacowany czas czytania\" \/>\n\t<meta name=\"twitter:data2\" content=\"8 minut\" \/>\n\t<meta name=\"twitter:label3\" content=\"Written by\" \/>\n\t<meta name=\"twitter:data3\" content=\"Damian Matusiak\" \/>\n<!-- \/ Yoast SEO plugin. -->","yoast_head_json":{"title":"Bia\u0142aczka u dzieci \u2013 co powinien wiedzie\u0107 ka\u017cdy rodzic?\u00a0 - Centrum Wiedzy ALAB laboratoria","description":"Poznaj wczesne objawy bia\u0142aczki u dzieci i dowiedz si\u0119 jakie badania pomog\u0105 wykry\u0107 t\u0119 chorob\u0119 nowotworow\u0105 u najm\u0142odszych.","robots":{"index":"index","follow":"follow","max-snippet":"max-snippet:-1","max-image-preview":"max-image-preview:large","max-video-preview":"max-video-preview:-1"},"canonical":"https:\/\/www.alab.pl\/centrum-wiedzy\/bialaczka-u-dzieci-co-powinien-wiedziec-kazdy-rodzic\/","og_locale":"pl_PL","og_type":"article","og_title":"Bia\u0142aczka u dzieci \u2013 co powinien wiedzie\u0107 ka\u017cdy rodzic?\u00a0 - Centrum Wiedzy ALAB laboratoria","og_description":"Poznaj wczesne objawy bia\u0142aczki u dzieci i dowiedz si\u0119 jakie badania pomog\u0105 wykry\u0107 t\u0119 chorob\u0119 nowotworow\u0105 u najm\u0142odszych.","og_url":"https:\/\/www.alab.pl\/centrum-wiedzy\/bialaczka-u-dzieci-co-powinien-wiedziec-kazdy-rodzic\/","og_site_name":"Centrum Wiedzy ALAB laboratoria","article_publisher":"https:\/\/www.facebook.com\/ALABlaboratoria","article_published_time":"2024-05-07T13:30:00+00:00","article_modified_time":"2025-01-24T11:39:47+00:00","og_image":[{"width":1200,"height":801,"url":"https:\/\/www.alab.pl\/centrum-wiedzy\/wp-content\/uploads\/2024\/04\/bialaczka-u-dzieci-jpg.webp","type":"image\/webp"}],"author":"Damian Matusiak","twitter_card":"summary_large_image","twitter_misc":{"Napisane przez":"Damian Matusiak","Szacowany czas czytania":"8 minut","Written by":"Damian Matusiak"},"schema":{"@context":"https:\/\/schema.org","@graph":[{"@type":"Article","@id":"https:\/\/www.alab.pl\/centrum-wiedzy\/bialaczka-u-dzieci-co-powinien-wiedziec-kazdy-rodzic\/#article","isPartOf":{"@id":"https:\/\/www.alab.pl\/centrum-wiedzy\/bialaczka-u-dzieci-co-powinien-wiedziec-kazdy-rodzic\/"},"author":{"name":"Damian Matusiak","@id":"https:\/\/www.alab.pl\/centrum-wiedzy\/#\/schema\/person\/5709fe1c1c909754033072d7f8155a44"},"headline":"Bia\u0142aczka u dzieci \u2013 co powinien wiedzie\u0107 ka\u017cdy rodzic?\u00a0","datePublished":"2024-05-07T13:30:00+00:00","dateModified":"2025-01-24T11:39:47+00:00","mainEntityOfPage":{"@id":"https:\/\/www.alab.pl\/centrum-wiedzy\/bialaczka-u-dzieci-co-powinien-wiedziec-kazdy-rodzic\/"},"wordCount":1441,"publisher":{"@id":"https:\/\/www.alab.pl\/centrum-wiedzy\/#organization"},"image":{"@id":"https:\/\/www.alab.pl\/centrum-wiedzy\/bialaczka-u-dzieci-co-powinien-wiedziec-kazdy-rodzic\/#primaryimage"},"thumbnailUrl":"https:\/\/www.alab.pl\/centrum-wiedzy\/wp-content\/uploads\/2024\/04\/bialaczka-u-dzieci-jpg.webp","articleSection":["Choroby nowotworowe","Zdrowie dzieci i m\u0142odzie\u017cy"],"inLanguage":"pl-PL"},{"@type":"WebPage","@id":"https:\/\/www.alab.pl\/centrum-wiedzy\/bialaczka-u-dzieci-co-powinien-wiedziec-kazdy-rodzic\/","url":"https:\/\/www.alab.pl\/centrum-wiedzy\/bialaczka-u-dzieci-co-powinien-wiedziec-kazdy-rodzic\/","name":"Bia\u0142aczka u dzieci \u2013 co powinien wiedzie\u0107 ka\u017cdy rodzic?\u00a0 - Centrum Wiedzy ALAB laboratoria","isPartOf":{"@id":"https:\/\/www.alab.pl\/centrum-wiedzy\/#website"},"primaryImageOfPage":{"@id":"https:\/\/www.alab.pl\/centrum-wiedzy\/bialaczka-u-dzieci-co-powinien-wiedziec-kazdy-rodzic\/#primaryimage"},"image":{"@id":"https:\/\/www.alab.pl\/centrum-wiedzy\/bialaczka-u-dzieci-co-powinien-wiedziec-kazdy-rodzic\/#primaryimage"},"thumbnailUrl":"https:\/\/www.alab.pl\/centrum-wiedzy\/wp-content\/uploads\/2024\/04\/bialaczka-u-dzieci-jpg.webp","datePublished":"2024-05-07T13:30:00+00:00","dateModified":"2025-01-24T11:39:47+00:00","description":"Poznaj wczesne objawy bia\u0142aczki u dzieci i dowiedz si\u0119 jakie badania pomog\u0105 wykry\u0107 t\u0119 chorob\u0119 nowotworow\u0105 u najm\u0142odszych.","breadcrumb":{"@id":"https:\/\/www.alab.pl\/centrum-wiedzy\/bialaczka-u-dzieci-co-powinien-wiedziec-kazdy-rodzic\/#breadcrumb"},"inLanguage":"pl-PL","potentialAction":[{"@type":"ReadAction","target":["https:\/\/www.alab.pl\/centrum-wiedzy\/bialaczka-u-dzieci-co-powinien-wiedziec-kazdy-rodzic\/"]}]},{"@type":"ImageObject","inLanguage":"pl-PL","@id":"https:\/\/www.alab.pl\/centrum-wiedzy\/bialaczka-u-dzieci-co-powinien-wiedziec-kazdy-rodzic\/#primaryimage","url":"https:\/\/www.alab.pl\/centrum-wiedzy\/wp-content\/uploads\/2024\/04\/bialaczka-u-dzieci-jpg.webp","contentUrl":"https:\/\/www.alab.pl\/centrum-wiedzy\/wp-content\/uploads\/2024\/04\/bialaczka-u-dzieci-jpg.webp","width":1200,"height":801,"caption":"bia\u0142aczka u dzieci"},{"@type":"BreadcrumbList","@id":"https:\/\/www.alab.pl\/centrum-wiedzy\/bialaczka-u-dzieci-co-powinien-wiedziec-kazdy-rodzic\/#breadcrumb","itemListElement":[{"@type":"ListItem","position":1,"name":"Strona g\u0142\u00f3wna","item":"https:\/\/www.alab.pl\/centrum-wiedzy\/"},{"@type":"ListItem","position":2,"name":"Bia\u0142aczka u dzieci \u2013 co powinien wiedzie\u0107 ka\u017cdy rodzic?\u00a0"}]},{"@type":"WebSite","@id":"https:\/\/www.alab.pl\/centrum-wiedzy\/#website","url":"https:\/\/www.alab.pl\/centrum-wiedzy\/","name":"Centrum Wiedzy ALAB laboratoria","description":"","publisher":{"@id":"https:\/\/www.alab.pl\/centrum-wiedzy\/#organization"},"potentialAction":[{"@type":"SearchAction","target":{"@type":"EntryPoint","urlTemplate":"https:\/\/www.alab.pl\/centrum-wiedzy\/?s={search_term_string}"},"query-input":{"@type":"PropertyValueSpecification","valueRequired":true,"valueName":"search_term_string"}}],"inLanguage":"pl-PL"},{"@type":"Organization","@id":"https:\/\/www.alab.pl\/centrum-wiedzy\/#organization","name":"Centrum Wiedzy ALAB laboratoria","url":"https:\/\/www.alab.pl\/centrum-wiedzy\/","logo":{"@type":"ImageObject","inLanguage":"pl-PL","@id":"https:\/\/www.alab.pl\/centrum-wiedzy\/#\/schema\/logo\/image\/","url":"https:\/\/www.alab.pl\/centrum-wiedzy\/wp-content\/uploads\/2022\/04\/alabek.jpg","contentUrl":"https:\/\/www.alab.pl\/centrum-wiedzy\/wp-content\/uploads\/2022\/04\/alabek.jpg","width":1250,"height":1251,"caption":"Centrum Wiedzy ALAB laboratoria"},"image":{"@id":"https:\/\/www.alab.pl\/centrum-wiedzy\/#\/schema\/logo\/image\/"},"sameAs":["https:\/\/www.facebook.com\/ALABlaboratoria"]},{"@type":"Person","@id":"https:\/\/www.alab.pl\/centrum-wiedzy\/#\/schema\/person\/5709fe1c1c909754033072d7f8155a44","name":"Damian Matusiak","image":{"@type":"ImageObject","inLanguage":"pl-PL","@id":"https:\/\/www.alab.pl\/centrum-wiedzy\/wp-content\/uploads\/2023\/10\/Damian-Matusiak-jpg-150x150.webp4a39f9a6ab8bdce93cc7d4859c6e6401","url":"https:\/\/www.alab.pl\/centrum-wiedzy\/wp-content\/uploads\/2023\/10\/Damian-Matusiak-jpg-150x150.webp","contentUrl":"https:\/\/www.alab.pl\/centrum-wiedzy\/wp-content\/uploads\/2023\/10\/Damian-Matusiak-jpg-150x150.webp","caption":"Damian Matusiak"},"description":"Specjalista pediatrii, kieruj\u0105cy Oddzia\u0142em Pediatrycznym w Lesznie, absolwent Uniwersytetu Medycznego im. Karola Marcinkowskiego w Poznaniu; pasjonat ultrasonografii i nowinek ze \u015bwiata nauki.","url":"https:\/\/www.alab.pl\/centrum-wiedzy\/author\/damian-matusiak\/"}]}},"_links":{"self":[{"href":"https:\/\/www.alab.pl\/centrum-wiedzy\/wp-json\/wp\/v2\/posts\/13543","targetHints":{"allow":["GET"]}}],"collection":[{"href":"https:\/\/www.alab.pl\/centrum-wiedzy\/wp-json\/wp\/v2\/posts"}],"about":[{"href":"https:\/\/www.alab.pl\/centrum-wiedzy\/wp-json\/wp\/v2\/types\/post"}],"author":[{"embeddable":true,"href":"https:\/\/www.alab.pl\/centrum-wiedzy\/wp-json\/wp\/v2\/users\/154"}],"replies":[{"embeddable":true,"href":"https:\/\/www.alab.pl\/centrum-wiedzy\/wp-json\/wp\/v2\/comments?post=13543"}],"version-history":[{"count":1,"href":"https:\/\/www.alab.pl\/centrum-wiedzy\/wp-json\/wp\/v2\/posts\/13543\/revisions"}],"predecessor-version":[{"id":20802,"href":"https:\/\/www.alab.pl\/centrum-wiedzy\/wp-json\/wp\/v2\/posts\/13543\/revisions\/20802"}],"wp:featuredmedia":[{"embeddable":true,"href":"https:\/\/www.alab.pl\/centrum-wiedzy\/wp-json\/wp\/v2\/media\/13179"}],"wp:attachment":[{"href":"https:\/\/www.alab.pl\/centrum-wiedzy\/wp-json\/wp\/v2\/media?parent=13543"}],"wp:term":[{"taxonomy":"category","embeddable":true,"href":"https:\/\/www.alab.pl\/centrum-wiedzy\/wp-json\/wp\/v2\/categories?post=13543"},{"taxonomy":"post_tag","embeddable":true,"href":"https:\/\/www.alab.pl\/centrum-wiedzy\/wp-json\/wp\/v2\/tags?post=13543"},{"taxonomy":"author","embeddable":true,"href":"https:\/\/www.alab.pl\/centrum-wiedzy\/wp-json\/wp\/v2\/coauthors?post=13543"}],"curies":[{"name":"wp","href":"https:\/\/api.w.org\/{rel}","templated":true}]}}