{"id":13754,"date":"2024-05-15T15:00:00","date_gmt":"2024-05-15T13:00:00","guid":{"rendered":"https:\/\/sklep.alablaboratoria.pl\/centrum-wiedzy\/?p=13754"},"modified":"2024-05-15T15:00:00","modified_gmt":"2024-05-15T13:00:00","slug":"migrena-objawy-przyczyny-i-diagnoza-jakie-badania-wykonac","status":"publish","type":"post","link":"https:\/\/www.alab.pl\/centrum-wiedzy\/migrena-objawy-przyczyny-i-diagnoza-jakie-badania-wykonac\/","title":{"rendered":"Migrena: objawy, przyczyny i diagnoza. Jakie badania wykona\u0107?"},"content":{"rendered":"\n<p><strong>Migrena to choroba objawiaj\u0105ca si\u0119 napadowym i nawracaj\u0105cym b\u00f3lem g\u0142owy. Dolegliwo\u015bci zwykle s\u0105 na tyle nasilone, \u017ce utrudniaj\u0105 codzienn\u0105 aktywno\u015b\u0107. Cz\u0119sto towarzysz\u0105 im dodatkowe symptomy \u2013 m.in. nadwra\u017cliwo\u015b\u0107 na \u015bwiat\u0142o, nudno\u015bci i inne zaburzenia neurologiczne. Dowiedz si\u0119, co to jest migrena, jakie s\u0105 jej przyczyny i sposoby leczenia.<\/strong><\/p>\n\n\n\n<p>Spis tre\u015bci:<\/p>\n\n\n\n<ol class=\"wp-block-list\">\n<li><a href=\"#Migrena-\u2013-co-to-jest?\">Migrena \u2013 co to jest?<\/a>\n<ul class=\"wp-block-list\">\n<li><a href=\"#Rodzaje-migren\">Rodzaje migren<\/a><\/li>\n<\/ul>\n<\/li>\n\n\n\n<li><a href=\"#Migrenowy-b\u00f3l-g\u0142owy-\u2013-przyczyny\">Migrenowy b\u00f3l g\u0142owy \u2013 przyczyny<\/a>\n<ul class=\"wp-block-list\">\n<li><a href=\"#Migrena-a-histamina\">Migrena a histamina<\/a><\/li>\n\n\n\n<li><a href=\"#Migrena-a-zapalenie-tarczycy\">Migrena a zapalenie tarczycy<\/a><\/li>\n<\/ul>\n<\/li>\n\n\n\n<li><a href=\"#Migrena-objawy\">Migrena \u2013 objawy<\/a><\/li>\n\n\n\n<li><a href=\"#Migrenowe-b\u00f3le-g\u0142owy-\u2013-diagnostyka\">Migrenowe b\u00f3le g\u0142owy \u2013 diagnostyka<\/a>\n<ul class=\"wp-block-list\">\n<li><a href=\"#Migrena-\u2013-badania-krwi-w-rozpoznawaniu-napadowych-b\u00f3l\u00f3w-g\u0142owy\">Migrena \u2013 badania krwi w rozpoznawaniu napadowych b\u00f3l\u00f3w g\u0142owy<\/a><\/li>\n<\/ul>\n<\/li>\n\n\n\n<li><a href=\"#Migreny-\u2013-leczenie\">Migreny \u2013 leczenie<\/a><\/li>\n\n\n\n<li><a href=\"#Ataki-migrenowe-podsumowanie\">Ataki migrenowe \u2013 podsumowanie<\/a><\/li>\n<\/ol>\n\n\n\n<h2 class=\"wp-block-heading\" id=\"Migrena-\u2013-co-to-jest?\">Migrena \u2013 co to jest?<\/h2>\n\n\n\n<p><strong>Migrena jest chorob\u0105 o pod\u0142o\u017cu neurologicznym oraz naczyniowym, cz\u0119sto o przewlek\u0142ym przebiegu.<\/strong> Charakteryzuje j\u0105 mi\u0119dzy innymi wyst\u0119powanie napadowych i nawracaj\u0105cych b\u00f3l\u00f3w g\u0142owy. Objawy pojawiaj\u0105 si\u0119 okresowo, a pomi\u0119dzy nimi chory zazwyczaj nie odczuwa \u017cadnych dolegliwo\u015bci. Migren\u0119 zalicza si\u0119 do pierwotnych b\u00f3l\u00f3w g\u0142owy, czyli takich, kt\u00f3re nie s\u0105 zwi\u0105zane z \u017cadnymi zmianami strukturalnymi w m\u00f3zgu i nie s\u0105 objawem innej choroby.<\/p>\n\n\n\n<p>Szacuje si\u0119, \u017ce <strong>w Polsce na migren\u0119 choruje oko\u0142o 3,5 miliona os\u00f3b<\/strong>, z czego u nawet 400 tysi\u0119cy schorzenie ma posta\u0107 przewlek\u0142\u0105. Choroba wyst\u0119puje u 17% kobiet i 9% m\u0119\u017cczyzn. Najwi\u0119cej przypadk\u00f3w odnotowuje si\u0119 u os\u00f3b m\u0142odych \u2013 w 3. i 4. dekadzie \u017cycia.<\/p>\n\n\n\n<h3 class=\"wp-block-heading\" id=\"Rodzaje-migren\">Rodzaje migren<\/h3>\n\n\n\n<p>Z klinicznego punktu widzenia wyr\u00f3\u017cnia si\u0119:<\/p>\n\n\n\n<ul class=\"wp-block-list\">\n<li>migren\u0119 z aur\u0105,<\/li>\n\n\n\n<li>migren\u0119 bez aury,<\/li>\n\n\n\n<li>przewlek\u0142\u0105 migren\u0119.<\/li>\n<\/ul>\n\n\n\n<p>W przypadku migreny z aur\u0105, przed pojawieniem si\u0119 objaw\u00f3w b\u00f3lowych wyst\u0119puj\u0105 symptomy takie jak zaburzenia widzenia, dr\u0119twienie czy mrowienie.<\/p>\n\n\n\n<p>Jednym z rodzaj\u00f3w jest migrena oczna, w kt\u00f3rej b\u00f3l lokalizuje si\u0119 najcz\u0119\u015bciej po jednej stronie g\u0142owy z zaj\u0119ciem okolicy czo\u0142a, cz\u0119\u015bci skroniowej lub samego oka. <strong>Objawy okulistyczne migreny obejmuj\u0105 mi\u0119dzy innymi r\u00f3\u017cne rodzaje zaburze\u0144 widzenia,<\/strong> takie jak b\u0142yski \u015bwiat\u0142a, \u015bwiat\u0142owstr\u0119t, czy te\u017c mroczki przed oczami.<\/p>\n\n\n\n<p>Ze wzgl\u0119du na czas trwania objaw\u00f3w migren\u0119 dzieli si\u0119 na:<strong><\/strong><\/p>\n\n\n\n<ul class=\"wp-block-list\">\n<li><strong>epizodyczn\u0105<\/strong> \u2013 napady b\u00f3lu g\u0142owy wyst\u0119puj\u0105 sporadycznie,<\/li>\n\n\n\n<li><strong>przewlek\u0142\u0105<\/strong> \u2013 napady b\u00f3lowe wyst\u0119puj\u0105 minimum 15 dni w miesi\u0105cu w ci\u0105gu kolejnych 3 miesi\u0119cy.<\/li>\n<\/ul>\n\n\n\n<p>Migrena epizodyczna mo\u017ce przekszta\u0142ci\u0107 si\u0119 w posta\u0107 przewlek\u0142\u0105. Dzieje si\u0119 tak w oko\u0142o 10% przypadk\u00f3w.<strong><\/strong><\/p>\n\n\n\n<h2 class=\"wp-block-heading\" id=\"Migrenowy-b\u00f3l-g\u0142owy-\u2013-przyczyny\">Migrenowy b\u00f3l g\u0142owy \u2013 przyczyny<\/h2>\n\n\n\n<p>Przyczyny migreny mimo rozwoju medycyny i nauk pokrewnych jak dot\u0105d nie zosta\u0142y jednoznacznie okre\u015blone. Najwi\u0119ksze znaczenie maj\u0105 zaburzenia na pod\u0142o\u017cu neurologicznym oraz naczyniowym.<\/p>\n\n\n\n<p>Do <strong>czynnik\u00f3w zwi\u0119kszaj\u0105cych ryzyko ataku migreny<\/strong> zalicza si\u0119:<\/p>\n\n\n\n<ul class=\"wp-block-list\">\n<li><a href=\"https:\/\/www.alab.pl\/centrum-wiedzy\/stres-przyjaciel-czy-wrog\/\">stres<\/a>,<\/li>\n\n\n\n<li>problemy ze snem,<\/li>\n\n\n\n<li>intensywny wysi\u0142ek fizyczny,<\/li>\n\n\n\n<li>ekspozycj\u0119 na intensywne zapachy,<\/li>\n\n\n\n<li>zmiany hormonalne.<\/li>\n<\/ul>\n\n\n\n<p>Napad migrenowy u niekt\u00f3rych os\u00f3b mo\u017ce by\u0107 tak\u017ce zwi\u0105zany z spo\u017cyciem niekt\u00f3rych pokarm\u00f3w i napoj\u00f3w.<\/p>\n\n\n\n<h3 class=\"wp-block-heading\" id=\"Migrena-a-histamina\">Migrena a histamina<\/h3>\n\n\n\n<p>Coraz wi\u0119cej m\u00f3wi si\u0119 o powi\u0105zaniach migreny z <a href=\"https:\/\/www.alab.pl\/centrum-wiedzy\/nietolerancja-histaminy\/\">nietolerancj\u0105 histaminy<\/a>. <strong>To amina biogenna, kt\u00f3ra jest m.in. <\/strong><strong>mediatorem reakcji alergicznych i zapalnych<\/strong>. Wyst\u0119puje naturalnie w organizmie cz\u0142owieka, ale mo\u017ce by\u0107 te\u017c dostarczana z zewn\u0105trz. Znajduje si\u0119 g\u0142\u00f3wnie w produktach fermentowanych (kiszonki), przetworach mi\u0119snych, rybach, serach.<\/p>\n\n\n\n<h3 class=\"wp-block-heading\" id=\"Migrena-a-zapalenie-tarczycy\">Migrena a zapalenie tarczycy<\/h3>\n\n\n\n<p>Jednym z czynnik\u00f3w ryzyka migreny s\u0105 zaburzenia endokrynologiczne \u2013 szczeg\u00f3lnie ze strony tarczycy.<strong> <\/strong>Zaobserwowano, \u017ce <strong>niedoczynno\u015b\u0107 tarczycy nie tylko mo\u017ce przyczynia\u0107 si\u0119 do napad\u00f3w b\u00f3lu g\u0142owy, ale mo\u017ce te\u017c zaostrza\u0107 przebieg choroby.<\/strong> Nie uda\u0142o si\u0119 ustali\u0107, dlaczego tak si\u0119 dzieje.<\/p>\n\n\n\n<p>Poniewa\u017c przyczyn\u0105 migreny mog\u0105 by\u0107 zaburzenia pracy tarczycy, osoby zmagaj\u0105ce si\u0119 z napadowymi b\u00f3lami g\u0142owy powinny wykona\u0107 <strong>badania hormonalne<\/strong>. W diagnostyce pomocny mo\u017ce by\u0107 pakiet tarczycowy, oceniaj\u0105cy poziom TSH, fT3 i fT4.<\/p>\n\n\n\n<figure class=\"wp-block-image size-full\"><a href=\"https:\/\/www.alab.pl\/pakiet\/pakiet-tarczycowy\"><img loading=\"lazy\" decoding=\"async\" width=\"800\" height=\"200\" src=\"https:\/\/www.alab.pl\/centrum-wiedzy\/wp-content\/uploads\/2023\/08\/Pakiet-tarczycowy-TSH-FT3-FT4-jpg.webp\" alt=\"pakiet tarczycowy\" class=\"wp-image-8054\" srcset=\"https:\/\/www.alab.pl\/centrum-wiedzy\/wp-content\/uploads\/2023\/08\/Pakiet-tarczycowy-TSH-FT3-FT4-jpg.webp 800w, https:\/\/www.alab.pl\/centrum-wiedzy\/wp-content\/uploads\/2023\/08\/Pakiet-tarczycowy-TSH-FT3-FT4-jpg-768x192.webp 768w, https:\/\/www.alab.pl\/centrum-wiedzy\/wp-content\/uploads\/2023\/08\/Pakiet-tarczycowy-TSH-FT3-FT4-jpg-150x38.webp 150w, https:\/\/www.alab.pl\/centrum-wiedzy\/wp-content\/uploads\/2023\/08\/Pakiet-tarczycowy-TSH-FT3-FT4-jpg-300x75.webp 300w, https:\/\/www.alab.pl\/centrum-wiedzy\/wp-content\/uploads\/2023\/08\/Pakiet-tarczycowy-TSH-FT3-FT4-jpg-696x174.webp 696w\" sizes=\"auto, (max-width: 800px) 100vw, 800px\" \/><\/a><\/figure>\n\n\n\n<h2 class=\"wp-block-heading\" id=\"Migrena-objawy\">Migrena \u2013 objawy<\/h2>\n\n\n\n<p>Napad migrenowy przebiega w 4 fazach:<\/p>\n\n\n\n<ol class=\"wp-block-list\" type=\"1\">\n<li><strong>Faza zwiastun\u00f3w<\/strong><br>Mo\u017ce zacz\u0105\u0107 si\u0119 na kilka dni przed napadem b\u00f3lu. Objawia si\u0119 niepokojem, nadwra\u017cliwo\u015bci\u0105 na bod\u017ace, czy te\u017c zaburzeniami \u0142aknienia.<\/li>\n\n\n\n<li><strong>Faza aury<\/strong><br>Aura pojawia si\u0119 tu\u017c przed b\u00f3lem i trwa 4\u201360 minut. Obejmuje przej\u015bciowe zaburzenia neurologiczne wzrokowe, czuciowe i ruchowe.<\/li>\n\n\n\n<li><strong>Faza b\u00f3lu<\/strong><br>G\u0142\u00f3wnym objawem migreny jest b\u00f3l g\u0142owy o umiarkowanym lub ci\u0119\u017ckim nat\u0119\u017ceniu. Najcz\u0119\u015bciej jest jednostronny, ma charakter pulsuj\u0105cy i nasila si\u0119 podczas aktywno\u015bci fizycznej. Mog\u0105 towarzyszy\u0107 mu nudno\u015bci, wymioty, os\u0142abienie, nadwra\u017cliwo\u015b\u0107, dra\u017cliwo\u015b\u0107, trudno\u015bci z koncentracj\u0105.<\/li>\n\n\n\n<li><strong>Faza postdromalna<\/strong><\/li>\n<\/ol>\n\n\n\n<p>Trwa od kilku minut do kilku dni. Objawia si\u0119 zdenerwowaniem, os\u0142abieniem, senno\u015bci\u0105, obni\u017ceniem nastroju, nudno\u015bciami, nadwra\u017cliwo\u015bci\u0105 na bod\u017ace i zaburzeniami apetytu.<\/p>\n\n\n\n<p><strong>Migrena mo\u017ce trwa\u0107 od 4 do 72 godzin<\/strong>.<\/p>\n\n\n\n<h2 class=\"wp-block-heading\" id=\"Migrenowe-b\u00f3le-g\u0142owy-\u2013-diagnostyka\">Migrenowe b\u00f3le g\u0142owy \u2013 diagnostyka<\/h2>\n\n\n\n<p>Diagnostyka migreny opiera si\u0119 na wywiadzie medycznym i podstawowym badaniu neurologicznym. Lekarz stawia rozpoznanie, gdy pacjent zg\u0142asza wyst\u0119powanie b\u00f3lu g\u0142owy o konkretnych cechach. W celu wykluczenia innych chor\u00f3b neurologicznych <strong>najcz\u0119\u015bciej wykonuje si\u0119 badanie rezonansu magnetycznego (MRI) lub tomografi\u0119 komputerow\u0105 (TK).<\/strong><\/p>\n\n\n\n<figure class=\"wp-block-image size-full\"><a href=\"https:\/\/www.alab.pl\/badanie\/diaminooksydaza-dao-surowica\"><img loading=\"lazy\" decoding=\"async\" width=\"800\" height=\"200\" src=\"https:\/\/www.alab.pl\/centrum-wiedzy\/wp-content\/uploads\/2023\/06\/badanie-dao-jpg.webp\" alt=\"badanie diaminooksydazy dao\" class=\"wp-image-6641\" srcset=\"https:\/\/www.alab.pl\/centrum-wiedzy\/wp-content\/uploads\/2023\/06\/badanie-dao-jpg.webp 800w, https:\/\/www.alab.pl\/centrum-wiedzy\/wp-content\/uploads\/2023\/06\/badanie-dao-jpg-768x192.webp 768w, https:\/\/www.alab.pl\/centrum-wiedzy\/wp-content\/uploads\/2023\/06\/badanie-dao-jpg-150x38.webp 150w, https:\/\/www.alab.pl\/centrum-wiedzy\/wp-content\/uploads\/2023\/06\/badanie-dao-jpg-300x75.webp 300w, https:\/\/www.alab.pl\/centrum-wiedzy\/wp-content\/uploads\/2023\/06\/badanie-dao-jpg-696x174.webp 696w\" sizes=\"auto, (max-width: 800px) 100vw, 800px\" \/><\/a><\/figure>\n\n\n\n<h3 class=\"wp-block-heading\" id=\"Migrena-\u2013-badania-krwi-w-rozpoznawaniu-napadowych-b\u00f3l\u00f3w-g\u0142owy\">Migrena \u2013 badania krwi w rozpoznawaniu napadowych b\u00f3l\u00f3w g\u0142owy<\/h3>\n\n\n\n<p>W celu oceny og\u00f3lnego stanu zdrowia oraz ustalenia przyczyny migrenowych b\u00f3l\u00f3w g\u0142owy mo\u017cna wykona\u0107 badania krwi. Przy migrenie zastosowanie maj\u0105 m.in.:<\/p>\n\n\n\n<ul class=\"wp-block-list\">\n<li>diaminooksydaza DAO (diagnostyka nietolerancji histaminy),<\/li>\n\n\n\n<li>pakiet hormon\u00f3w kobiecych (diagnostyka zaburze\u0144 hormonalnych),<\/li>\n\n\n\n<li>pakiet hormon\u00f3w tarczycowych.<\/li>\n<\/ul>\n\n\n\n<figure class=\"wp-block-image size-full\"><a href=\"https:\/\/www.alab.pl\/pakiet\/pakiet-hormony-kobiece-rozszerzony\"><img loading=\"lazy\" decoding=\"async\" width=\"800\" height=\"200\" src=\"https:\/\/www.alab.pl\/centrum-wiedzy\/wp-content\/uploads\/2023\/09\/pakiet-hormony-kobiece-rozszerzony-baner-jpg.webp\" alt=\"pakiet hormony kobiece rozszerzony\" class=\"wp-image-8893\" srcset=\"https:\/\/www.alab.pl\/centrum-wiedzy\/wp-content\/uploads\/2023\/09\/pakiet-hormony-kobiece-rozszerzony-baner-jpg.webp 800w, https:\/\/www.alab.pl\/centrum-wiedzy\/wp-content\/uploads\/2023\/09\/pakiet-hormony-kobiece-rozszerzony-baner-jpg-768x192.webp 768w, https:\/\/www.alab.pl\/centrum-wiedzy\/wp-content\/uploads\/2023\/09\/pakiet-hormony-kobiece-rozszerzony-baner-jpg-150x38.webp 150w, https:\/\/www.alab.pl\/centrum-wiedzy\/wp-content\/uploads\/2023\/09\/pakiet-hormony-kobiece-rozszerzony-baner-jpg-300x75.webp 300w, https:\/\/www.alab.pl\/centrum-wiedzy\/wp-content\/uploads\/2023\/09\/pakiet-hormony-kobiece-rozszerzony-baner-jpg-696x174.webp 696w\" sizes=\"auto, (max-width: 800px) 100vw, 800px\" \/><\/a><\/figure>\n\n\n\n<h2 class=\"wp-block-heading\" id=\"Migreny-\u2013-leczenie\">Migreny \u2013 leczenie<\/h2>\n\n\n\n<p>Leczenie napadu migreny polega na <strong>zastosowaniu \u015brodk\u00f3w przeciwb\u00f3lowych.<\/strong> Dodatkowo mo\u017cna wdro\u017cy\u0107 <strong>\u015brodki \u0142agodz\u0105ce objawy towarzysz\u0105ce<\/strong> (np. leki przeciwwymiotne).<\/p>\n\n\n\n<p>Osoby cierpi\u0105ce na migren\u0119 przewlek\u0142\u0105 powinny rozpocz\u0105\u0107 <strong>leczenie profilaktyczne<\/strong>, zmniejszaj\u0105ce ryzyko kolejnych napad\u00f3w. Obejmuje ono:<\/p>\n\n\n\n<ul class=\"wp-block-list\">\n<li>stosowanie indywidualnie dopasowanych lek\u00f3w (m.in. przeciwpadaczkowych, przeciwdepresyjnych),<\/li>\n\n\n\n<li>iniekcje z toksyny botulinowej,<\/li>\n\n\n\n<li>psychoterapi\u0119.<\/li>\n<\/ul>\n\n\n\n<p>Nale\u017cy pami\u0119ta\u0107, \u017ce <strong>leczenie profilaktyczne nie eliminuje ca\u0142kowicie kolejnych atak\u00f3w migreny<\/strong>.<\/p>\n\n\n\n<p>To mo\u017ce Ci\u0119 zainteresowa\u0107: <a href=\"https:\/\/www.alab.pl\/centrum-wiedzy\/zespol-przewleklego-zmeczenia-gdy-odpoczynek-nie-pomaga\/\" target=\"_blank\" rel=\"noreferrer noopener\">Zesp\u00f3\u0142 przewlek\u0142ego zm\u0119czenia \u2013 gdy odpoczynek nie pomaga<\/a><\/p>\n\n\n\n<h2 class=\"wp-block-heading\" id=\"Ataki-migrenowe-podsumowanie\">Ataki migrenowe \u2013 podsumowanie<\/h2>\n\n\n\n<p>Migrena jest chorob\u0105 o pod\u0142o\u017cu neurologicznym i naczyniowym. Charakteryzuje si\u0119 wyst\u0119powaniem napad\u00f3w b\u00f3lu g\u0142owy. Mog\u0105 towarzyszy\u0107 przej\u015bciowe zaburzenia neurologiczne, a tak\u017ce wymioty, nudno\u015bci, nadwra\u017cliwo\u015b\u0107 na bod\u017ace. <strong>Atak migreny trwa nawet do 72 godzin.<\/strong> Objawy wywo\u0142uj\u0105 r\u00f3\u017cne czynniki \u2013 w tym zaburzenia hormonalne. Pomocna jest diagnostyka obejmuj\u0105ca analiz\u0119 laboratoryjn\u0105 krwi.<\/p>\n\n\n\n<p><strong>Opieka merytoryczna: lek. Mateusz Nawrocki<\/strong><\/p>\n\n\n\n<hr class=\"wp-block-separator has-alpha-channel-opacity\"\/>\n\n\n\n<p><strong>Bibliografia<\/strong><\/p>\n\n\n\n<ol class=\"wp-block-list\" type=\"1\">\n<li>A. Czekaj\u0142o-Koz\u0142owska, B. Regulska-Ilow, <em>Zwi\u0105zek sposobu \u017cywienia z wyst\u0119powaniem migrenowych b\u00f3l\u00f3w g\u0142owy \u2013 przegl\u0105d wynik\u00f3w bada\u0144<\/em>, Hygeia Public Health 2019, 54(2): 80-87<\/li>\n\n\n\n<li>A. St\u0119pie\u0144, <em>Migrena<\/em>, https:\/\/podyplomie.pl\/uploads\/ksiazki\/KS_Neurologia-T3-Migrena.pdf (dost\u0119p 29.03.2024)<\/li>\n\n\n\n<li>M. Waliszewska-Pros\u00f3\u0142 i in., <em>Migrena \u2014 wsp\u00f3\u0142czesne metody leczenia,&nbsp; przysz\u0142e terapie<\/em>, Polski Przegl\u0105d Neurologiczny 2021, tom 17, nr 1, 19\u201335<\/li>\n\n\n\n<li>A. St\u0119pie\u0144, <em>Nowoczesne leczenie migreny<\/em>, B\u00f3l 2019, tom 20, nr 1,&nbsp; 39-44<\/li>\n\n\n\n<li>A. St\u0119pie\u0144 i in., <em>Leczenie migreny. Zalecenia opracowane przez grup\u0119 ekspert\u00f3w Polskiego Towarzystwa B\u00f3l\u00f3w G\u0142owy, Polskiego Towarzystwa Badania B\u00f3lu i Sekcji Badania B\u00f3lu Polskiego Towarzystwa Neurologicznego<\/em>, B\u00f3l 2020, tom 21, nr 2, 11-30<\/li>\n\n\n\n<li>A. Zdu\u0144ska, J. Cegielska, J. Kochanowski, <em>Zaburzenia hormonalne a b\u00f3le g\u0142owy<\/em>, Post\u0119py Nauk Medycznych 2010 https:\/\/www.czytelniamedyczna.pl\/3452,zaburzenia-hormonalne-a-blle-gowy.html (dost\u0119p 29.03.2024)<\/li>\n<\/ol>\n","protected":false},"excerpt":{"rendered":"<p>Migrena to choroba objawiaj\u0105ca si\u0119 napadowym i nawracaj\u0105cym b\u00f3lem g\u0142owy. Dowiedz si\u0119, co to jest migrena, jakie s\u0105 jej przyczyny i sposoby leczenia.<\/p>\n","protected":false},"author":100,"featured_media":13757,"comment_status":"closed","ping_status":"open","sticky":false,"template":"","format":"standard","meta":{"_acf_changed":false,"inline_featured_image":false,"footnotes":""},"categories":[28],"tags":[],"coauthors":[143],"class_list":{"0":"post-13754","1":"post","2":"type-post","3":"status-publish","4":"format-standard","5":"has-post-thumbnail","7":"category-warto-wiedziec"},"acf":[],"yoast_head":"<!-- This site is optimized with the Yoast SEO plugin v27.5 - https:\/\/yoast.com\/product\/yoast-seo-wordpress\/ -->\n<title>Migrena: objawy, przyczyny i diagnoza. Jakie badania wykona\u0107? - Centrum Wiedzy ALAB laboratoria<\/title>\n<meta name=\"description\" content=\"Migrena objawia si\u0119 napadowym i nawracaj\u0105cym b\u00f3lem g\u0142owy. Dowiedz si\u0119, co to jest migrena, jakie s\u0105 jej przyczyny i sposoby leczenia.\" \/>\n<meta name=\"robots\" content=\"index, follow, max-snippet:-1, max-image-preview:large, max-video-preview:-1\" \/>\n<link rel=\"canonical\" href=\"https:\/\/www.alab.pl\/centrum-wiedzy\/migrena-objawy-przyczyny-i-diagnoza-jakie-badania-wykonac\/\" \/>\n<meta property=\"og:locale\" content=\"pl_PL\" \/>\n<meta property=\"og:type\" content=\"article\" \/>\n<meta property=\"og:title\" content=\"Migrena: objawy, przyczyny i diagnoza. Jakie badania wykona\u0107? - Centrum Wiedzy ALAB laboratoria\" \/>\n<meta property=\"og:description\" content=\"Migrena objawia si\u0119 napadowym i nawracaj\u0105cym b\u00f3lem g\u0142owy. Dowiedz si\u0119, co to jest migrena, jakie s\u0105 jej przyczyny i sposoby leczenia.\" \/>\n<meta property=\"og:url\" content=\"https:\/\/www.alab.pl\/centrum-wiedzy\/migrena-objawy-przyczyny-i-diagnoza-jakie-badania-wykonac\/\" \/>\n<meta property=\"og:site_name\" content=\"Centrum Wiedzy ALAB laboratoria\" \/>\n<meta property=\"article:publisher\" content=\"https:\/\/www.facebook.com\/ALABlaboratoria\" \/>\n<meta property=\"article:published_time\" content=\"2024-05-15T13:00:00+00:00\" \/>\n<meta property=\"og:image\" content=\"https:\/\/www.alab.pl\/centrum-wiedzy\/wp-content\/uploads\/2024\/05\/migrena-scaled-1.webp\" \/>\n\t<meta property=\"og:image:width\" content=\"2560\" \/>\n\t<meta property=\"og:image:height\" content=\"1708\" \/>\n\t<meta property=\"og:image:type\" content=\"image\/webp\" \/>\n<meta name=\"author\" content=\"Angelika Janowicz\" \/>\n<meta name=\"twitter:card\" content=\"summary_large_image\" \/>\n<meta name=\"twitter:label1\" content=\"Napisane przez\" \/>\n\t<meta name=\"twitter:data1\" content=\"Angelika Janowicz\" \/>\n\t<meta name=\"twitter:label2\" content=\"Szacowany czas czytania\" \/>\n\t<meta name=\"twitter:data2\" content=\"7 minut\" \/>\n\t<meta name=\"twitter:label3\" content=\"Written by\" \/>\n\t<meta name=\"twitter:data3\" content=\"Angelika Janowicz\" \/>\n<!-- \/ Yoast SEO plugin. -->","yoast_head_json":{"title":"Migrena: objawy, przyczyny i diagnoza. Jakie badania wykona\u0107? - Centrum Wiedzy ALAB laboratoria","description":"Migrena objawia si\u0119 napadowym i nawracaj\u0105cym b\u00f3lem g\u0142owy. Dowiedz si\u0119, co to jest migrena, jakie s\u0105 jej przyczyny i sposoby leczenia.","robots":{"index":"index","follow":"follow","max-snippet":"max-snippet:-1","max-image-preview":"max-image-preview:large","max-video-preview":"max-video-preview:-1"},"canonical":"https:\/\/www.alab.pl\/centrum-wiedzy\/migrena-objawy-przyczyny-i-diagnoza-jakie-badania-wykonac\/","og_locale":"pl_PL","og_type":"article","og_title":"Migrena: objawy, przyczyny i diagnoza. Jakie badania wykona\u0107? - Centrum Wiedzy ALAB laboratoria","og_description":"Migrena objawia si\u0119 napadowym i nawracaj\u0105cym b\u00f3lem g\u0142owy. Dowiedz si\u0119, co to jest migrena, jakie s\u0105 jej przyczyny i sposoby leczenia.","og_url":"https:\/\/www.alab.pl\/centrum-wiedzy\/migrena-objawy-przyczyny-i-diagnoza-jakie-badania-wykonac\/","og_site_name":"Centrum Wiedzy ALAB laboratoria","article_publisher":"https:\/\/www.facebook.com\/ALABlaboratoria","article_published_time":"2024-05-15T13:00:00+00:00","og_image":[{"width":2560,"height":1708,"url":"https:\/\/www.alab.pl\/centrum-wiedzy\/wp-content\/uploads\/2024\/05\/migrena-scaled-1.webp","type":"image\/webp"}],"author":"Angelika Janowicz","twitter_card":"summary_large_image","twitter_misc":{"Napisane przez":"Angelika Janowicz","Szacowany czas czytania":"7 minut","Written by":"Angelika Janowicz"},"schema":{"@context":"https:\/\/schema.org","@graph":[{"@type":"Article","@id":"https:\/\/www.alab.pl\/centrum-wiedzy\/migrena-objawy-przyczyny-i-diagnoza-jakie-badania-wykonac\/#article","isPartOf":{"@id":"https:\/\/www.alab.pl\/centrum-wiedzy\/migrena-objawy-przyczyny-i-diagnoza-jakie-badania-wykonac\/"},"author":{"name":"Angelika Janowicz","@id":"https:\/\/www.alab.pl\/centrum-wiedzy\/#\/schema\/person\/f714a3843f15f9646db0448b28a900e1"},"headline":"Migrena: objawy, przyczyny i diagnoza. Jakie badania wykona\u0107?","datePublished":"2024-05-15T13:00:00+00:00","mainEntityOfPage":{"@id":"https:\/\/www.alab.pl\/centrum-wiedzy\/migrena-objawy-przyczyny-i-diagnoza-jakie-badania-wykonac\/"},"wordCount":1167,"publisher":{"@id":"https:\/\/www.alab.pl\/centrum-wiedzy\/#organization"},"image":{"@id":"https:\/\/www.alab.pl\/centrum-wiedzy\/migrena-objawy-przyczyny-i-diagnoza-jakie-badania-wykonac\/#primaryimage"},"thumbnailUrl":"https:\/\/www.alab.pl\/centrum-wiedzy\/wp-content\/uploads\/2024\/05\/migrena-scaled-1.webp","articleSection":["Warto wiedzie\u0107"],"inLanguage":"pl-PL"},{"@type":"WebPage","@id":"https:\/\/www.alab.pl\/centrum-wiedzy\/migrena-objawy-przyczyny-i-diagnoza-jakie-badania-wykonac\/","url":"https:\/\/www.alab.pl\/centrum-wiedzy\/migrena-objawy-przyczyny-i-diagnoza-jakie-badania-wykonac\/","name":"Migrena: objawy, przyczyny i diagnoza. Jakie badania wykona\u0107? - Centrum Wiedzy ALAB laboratoria","isPartOf":{"@id":"https:\/\/www.alab.pl\/centrum-wiedzy\/#website"},"primaryImageOfPage":{"@id":"https:\/\/www.alab.pl\/centrum-wiedzy\/migrena-objawy-przyczyny-i-diagnoza-jakie-badania-wykonac\/#primaryimage"},"image":{"@id":"https:\/\/www.alab.pl\/centrum-wiedzy\/migrena-objawy-przyczyny-i-diagnoza-jakie-badania-wykonac\/#primaryimage"},"thumbnailUrl":"https:\/\/www.alab.pl\/centrum-wiedzy\/wp-content\/uploads\/2024\/05\/migrena-scaled-1.webp","datePublished":"2024-05-15T13:00:00+00:00","description":"Migrena objawia si\u0119 napadowym i nawracaj\u0105cym b\u00f3lem g\u0142owy. Dowiedz si\u0119, co to jest migrena, jakie s\u0105 jej przyczyny i sposoby leczenia.","breadcrumb":{"@id":"https:\/\/www.alab.pl\/centrum-wiedzy\/migrena-objawy-przyczyny-i-diagnoza-jakie-badania-wykonac\/#breadcrumb"},"inLanguage":"pl-PL","potentialAction":[{"@type":"ReadAction","target":["https:\/\/www.alab.pl\/centrum-wiedzy\/migrena-objawy-przyczyny-i-diagnoza-jakie-badania-wykonac\/"]}]},{"@type":"ImageObject","inLanguage":"pl-PL","@id":"https:\/\/www.alab.pl\/centrum-wiedzy\/migrena-objawy-przyczyny-i-diagnoza-jakie-badania-wykonac\/#primaryimage","url":"https:\/\/www.alab.pl\/centrum-wiedzy\/wp-content\/uploads\/2024\/05\/migrena-scaled-1.webp","contentUrl":"https:\/\/www.alab.pl\/centrum-wiedzy\/wp-content\/uploads\/2024\/05\/migrena-scaled-1.webp","width":2560,"height":1708,"caption":"migrena"},{"@type":"BreadcrumbList","@id":"https:\/\/www.alab.pl\/centrum-wiedzy\/migrena-objawy-przyczyny-i-diagnoza-jakie-badania-wykonac\/#breadcrumb","itemListElement":[{"@type":"ListItem","position":1,"name":"Strona g\u0142\u00f3wna","item":"https:\/\/www.alab.pl\/centrum-wiedzy\/"},{"@type":"ListItem","position":2,"name":"Migrena: objawy, przyczyny i diagnoza. Jakie badania wykona\u0107?"}]},{"@type":"WebSite","@id":"https:\/\/www.alab.pl\/centrum-wiedzy\/#website","url":"https:\/\/www.alab.pl\/centrum-wiedzy\/","name":"Centrum Wiedzy ALAB laboratoria","description":"","publisher":{"@id":"https:\/\/www.alab.pl\/centrum-wiedzy\/#organization"},"potentialAction":[{"@type":"SearchAction","target":{"@type":"EntryPoint","urlTemplate":"https:\/\/www.alab.pl\/centrum-wiedzy\/?s={search_term_string}"},"query-input":{"@type":"PropertyValueSpecification","valueRequired":true,"valueName":"search_term_string"}}],"inLanguage":"pl-PL"},{"@type":"Organization","@id":"https:\/\/www.alab.pl\/centrum-wiedzy\/#organization","name":"Centrum Wiedzy ALAB laboratoria","url":"https:\/\/www.alab.pl\/centrum-wiedzy\/","logo":{"@type":"ImageObject","inLanguage":"pl-PL","@id":"https:\/\/www.alab.pl\/centrum-wiedzy\/#\/schema\/logo\/image\/","url":"https:\/\/www.alab.pl\/centrum-wiedzy\/wp-content\/uploads\/2022\/04\/alabek.jpg","contentUrl":"https:\/\/www.alab.pl\/centrum-wiedzy\/wp-content\/uploads\/2022\/04\/alabek.jpg","width":1250,"height":1251,"caption":"Centrum Wiedzy ALAB laboratoria"},"image":{"@id":"https:\/\/www.alab.pl\/centrum-wiedzy\/#\/schema\/logo\/image\/"},"sameAs":["https:\/\/www.facebook.com\/ALABlaboratoria"]},{"@type":"Person","@id":"https:\/\/www.alab.pl\/centrum-wiedzy\/#\/schema\/person\/f714a3843f15f9646db0448b28a900e1","name":"Angelika Janowicz","image":{"@type":"ImageObject","inLanguage":"pl-PL","@id":"https:\/\/www.alab.pl\/centrum-wiedzy\/wp-content\/uploads\/2024\/05\/Janowicz-Angelika-150x150.png9339cd1d56dcba9ded72b55067841306","url":"https:\/\/www.alab.pl\/centrum-wiedzy\/wp-content\/uploads\/2024\/05\/Janowicz-Angelika-150x150.png","contentUrl":"https:\/\/www.alab.pl\/centrum-wiedzy\/wp-content\/uploads\/2024\/05\/Janowicz-Angelika-150x150.png","caption":"Angelika Janowicz"},"description":"Z wykszta\u0142cenia piel\u0119gniarka, absolwentka Uniwersytetu Medycznego im. Piast\u00f3w \u015al\u0105skich we Wroc\u0142awiu. Do\u015bwiadczenie zawodowe zdobywa\u0142a w gabinecie zabiegowym, a tak\u017ce w poradni laryngologicznej, pediatrycznej i kardiologicznej. Interesuje si\u0119 psychodietetyk\u0105 i \u017cywieniem cz\u0142owieka w chorobach metabolicznych \u2013 w szczeg\u00f3lno\u015bci zastosowaniem diet niskow\u0119glowodanowych w insulinooporno\u015bci.","url":"https:\/\/www.alab.pl\/centrum-wiedzy\/author\/angelika-janowicz\/"}]}},"_links":{"self":[{"href":"https:\/\/www.alab.pl\/centrum-wiedzy\/wp-json\/wp\/v2\/posts\/13754","targetHints":{"allow":["GET"]}}],"collection":[{"href":"https:\/\/www.alab.pl\/centrum-wiedzy\/wp-json\/wp\/v2\/posts"}],"about":[{"href":"https:\/\/www.alab.pl\/centrum-wiedzy\/wp-json\/wp\/v2\/types\/post"}],"author":[{"embeddable":true,"href":"https:\/\/www.alab.pl\/centrum-wiedzy\/wp-json\/wp\/v2\/users\/100"}],"replies":[{"embeddable":true,"href":"https:\/\/www.alab.pl\/centrum-wiedzy\/wp-json\/wp\/v2\/comments?post=13754"}],"version-history":[{"count":0,"href":"https:\/\/www.alab.pl\/centrum-wiedzy\/wp-json\/wp\/v2\/posts\/13754\/revisions"}],"wp:featuredmedia":[{"embeddable":true,"href":"https:\/\/www.alab.pl\/centrum-wiedzy\/wp-json\/wp\/v2\/media\/13757"}],"wp:attachment":[{"href":"https:\/\/www.alab.pl\/centrum-wiedzy\/wp-json\/wp\/v2\/media?parent=13754"}],"wp:term":[{"taxonomy":"category","embeddable":true,"href":"https:\/\/www.alab.pl\/centrum-wiedzy\/wp-json\/wp\/v2\/categories?post=13754"},{"taxonomy":"post_tag","embeddable":true,"href":"https:\/\/www.alab.pl\/centrum-wiedzy\/wp-json\/wp\/v2\/tags?post=13754"},{"taxonomy":"author","embeddable":true,"href":"https:\/\/www.alab.pl\/centrum-wiedzy\/wp-json\/wp\/v2\/coauthors?post=13754"}],"curies":[{"name":"wp","href":"https:\/\/api.w.org\/{rel}","templated":true}]}}