{"id":14398,"date":"2024-06-17T10:00:00","date_gmt":"2024-06-17T08:00:00","guid":{"rendered":"https:\/\/sklep.alablaboratoria.pl\/centrum-wiedzy\/?p=14398"},"modified":"2024-06-17T10:00:00","modified_gmt":"2024-06-17T08:00:00","slug":"tradzik-odwrocony-jak-rozpoznac-sygnaly-ostrzegawcze","status":"publish","type":"post","link":"https:\/\/www.alab.pl\/centrum-wiedzy\/tradzik-odwrocony-jak-rozpoznac-sygnaly-ostrzegawcze\/","title":{"rendered":"Tr\u0105dzik odwr\u00f3cony \u2013 jak rozpozna\u0107 sygna\u0142y ostrzegawcze?"},"content":{"rendered":"\n<p><strong>Nieustanne wizyty u chirurga z powodu ropni, liczne antybiotykoterapie, leczenie przetok\u2026 Je\u015bli powy\u017cszy opis brzmi znajomo, to koniecznie dowiedz si\u0119, czym jest tr\u0105dzik odwr\u00f3cony &#8211; \u201em\u0105dre g\u0142owy\u201d&nbsp;\u015bwiata nauki podaj\u0105, \u017ce czas od pierwszych objaw\u00f3w do rozpoznania to \u015brednio a\u017c 7 lat. Rozpoznanie tr\u0105dziku odwr\u00f3conego mo\u017ce by\u0107 wyzwaniem, ale jest to kluczowe dla zapobiegania d\u0142ugotrwa\u0142ym komplikacjom i poprawy jako\u015bci \u017cycia.&nbsp;&nbsp;<\/strong><\/p>\n\n\n\n<p>Spis tre\u015bci: <\/p>\n\n\n\n<ol class=\"wp-block-list\">\n<li><a href=\"#Co-to-jest-tr\u0105dzik-odwr\u00f3cony\">Co to jest tr\u0105dzik odwr\u00f3cony?&nbsp;<\/a>\n<ul class=\"wp-block-list\">\n<li><a href=\"#Kto-jest-nara\u017cony-na-tr\u0105dzik-odwr\u00f3cony?\">Kto jest szczeg\u00f3lnie nara\u017cony na tr\u0105dzik odwr\u00f3cony?&nbsp;<\/a><\/li>\n<\/ul>\n<\/li>\n\n\n\n<li><a href=\"#Przyczyny-tr\u0105dziku-odwr\u00f3conego\">Jakie s\u0105 przyczyny tr\u0105dziku odwr\u00f3conego?&nbsp;<\/a>\n<ul class=\"wp-block-list\">\n<li><a href=\"#Czy-tr\u0105dzik-odwr\u00f3cony-jest-zara\u017aliwy\">Czy tr\u0105dzik odwr\u00f3cony jest zara\u017aliwy?&nbsp;<\/a><\/li>\n<\/ul>\n<\/li>\n\n\n\n<li><a href=\"#Objawy-tr\u0105dziku-odwr\u00f3conego\">Objawy tr\u0105dziku odwr\u00f3conego&nbsp;<\/a>\n<ul class=\"wp-block-list\">\n<li><a href=\"#W-jakich-miejscach-na-ciele-wyst\u0119puje-tr\u0105dzik-odwr\u00f3cony\">W jakich miejscach na ciele wyst\u0119puje tr\u0105dzik odwr\u00f3cony?&nbsp;<\/a><\/li>\n<\/ul>\n<\/li>\n\n\n\n<li><a href=\"#Rozpoznanie-tr\u0105dziku-odwr\u00f3conego\">Rozpoznanie tr\u0105dziku odwr\u00f3conego&nbsp;<\/a><\/li>\n\n\n\n<li><a href=\"#Leczenie-tr\u0105dziku-odwr\u00f3conego\">Leczenie tr\u0105dziku odwr\u00f3conego&nbsp;<\/a><\/li>\n\n\n\n<li><a href=\"#Tr\u0105dzik-odwr\u00f3cony-diagnoza\">Diagnoza \u2013 pierwszy krok w z\u0142o\u017conej walce z tr\u0105dzikiem odwr\u00f3conym&nbsp;<\/a><\/li>\n<\/ol>\n\n\n\n<h2 class=\"wp-block-heading\" id=\"Co-to-jest-tr\u0105dzik-odwr\u00f3cony\">Co to jest tr\u0105dzik odwr\u00f3cony?&nbsp;<\/h2>\n\n\n\n<p>Tr\u0105dzik odwr\u00f3cony, znany r\u00f3wnie\u017c jako <em>ropne zapalenie apokrynowych gruczo\u0142\u00f3w potowych<\/em>, to przewlek\u0142a choroba sk\u00f3ry, kt\u00f3ra charakteryzuj\u0105ce si\u0119 obecno\u015bci\u0105 trudnych do leczenia <strong>guzk\u00f3w zapalnych.<\/strong> Mog\u0105 przekszta\u0142ca\u0107 si\u0119 one w <strong>ropnie i przetoki<\/strong> w obszarach takich jak <strong>pachy, pachwiny, krocze i inne obszary wyprzeniowe.<\/strong> Dok\u0142adna cz\u0119sto\u015b\u0107 wyst\u0119powania tej choroby nie jest znana, jednak szacuje si\u0119, \u017ce <strong>w Europie obejmuje oko\u0142o 1% w populacji og\u00f3lnej i nawet 4% m\u0142odych doros\u0142ych kobiet<\/strong>. &nbsp;<\/p>\n\n\n\n<p><strong>&gt;&gt; Przeczytaj te\u017c:<\/strong> <a href=\"https:\/\/www.alab.pl\/centrum-wiedzy\/rownowaga-hormonalna-u-kobiet\/\">R\u00f3wnowaga hormonalna u kobiet <\/a><\/p>\n\n\n\n<p>Z uwagi na fakt, i\u017c obecnie nie istnieje pojedynczy test czy badanie, kt\u00f3re by\u0142oby \u201ez\u0142otym standardem\u201d rozpoznania, <strong>tr\u0105dzik odwr\u00f3cony definiuje si\u0119 jedynie na podstawie cech klinicznych, w tym przewlek\u0142ego charakteru zmian. <\/strong>Ta ostatnia cecha, wraz z cz\u0119stymi nawrotami, negatywnie wp\u0142ywaj\u0105 na jako\u015b\u0107 \u017cycia pacjenta i pogarszaj\u0105 jego dobrostan psychiczny.&nbsp;<\/p>\n\n\n\n<h3 class=\"wp-block-heading\" id=\"Kto-jest-nara\u017cony-na-tr\u0105dzik-odwr\u00f3cony?\">Kto jest szczeg\u00f3lnie nara\u017cony na tr\u0105dzik odwr\u00f3cony?&nbsp;<\/h3>\n\n\n\n<p><strong>Tr\u0105dzik odwr\u00f3cony<\/strong> <strong>cz\u0119\u015bciej wyst\u0119puje u kobiet.<\/strong> Choroba zwykle pojawia si\u0119 <strong>po okresie dojrzewania<\/strong> \u2013 \u015brednio w drugiej lub trzeciej dekadzie \u017cycia. Warto pami\u0119ta\u0107 jednak, \u017ce na innych etapach \u017cycia \u2013 po menopauzie lub przed okresem dojrzewania \u2013 r\u00f3wnie\u017c mo\u017ce doj\u015b\u0107 do zachorowania.&nbsp;<\/p>\n\n\n\n<p><strong>&gt;&gt; Sprawd\u017a, czym objawia si\u0119:<\/strong> <a href=\"https:\/\/www.alab.pl\/centrum-wiedzy\/tradzik-doroslych\/\">Tr\u0105dzik doros\u0142ych <\/a><\/p>\n\n\n\n<h2 class=\"wp-block-heading\" id=\"Przyczyny-tr\u0105dziku-odwr\u00f3conego\">Jakie s\u0105 przyczyny tr\u0105dziku odwr\u00f3conego?&nbsp;<\/h2>\n\n\n\n<p><strong>Patogeneza ropnego zapalenia apokrynowych gruczo\u0142\u00f3w potowych nie jest w pe\u0142ni poznana.<\/strong> Aktualne dowody naukowe podaj\u0105, \u017ce jest ona z\u0142o\u017cona.&nbsp;<\/p>\n\n\n\n<p>Kluczowa jest tutaj&nbsp;<strong>niedro\u017cno\u015b\u0107 mieszk\u00f3w w\u0142osowych spowodowana rogowaceniem i rozrostem nab\u0142onka prowadz\u0105ca do rozwoju torbieli.<\/strong> W dalszej kolejno\u015bci torbiel p\u0119ka, powoduj\u0105c stan zapalny i formowanie ropni.&nbsp;Prowadzi to do&nbsp;wielu konsekwencji, kt\u00f3re obejmuj\u0105 nadka\u017cenia bakteryjne, powstawanie przetok, blizn i nasilone dolegliwo\u015bci b\u00f3lowe. &nbsp;<\/p>\n\n\n\n<p><strong>Do rozwoju choroby predysponuje kilka czynnik\u00f3w, w szczeg\u00f3lno\u015bci:<\/strong>&nbsp;<\/p>\n\n\n\n<ul class=\"wp-block-list\">\n<li><strong>oty\u0142o\u015b\u0107 <\/strong>\u2013 nawet do 80% pacjent\u00f3w charakteryzuje si\u0119 co najmniej nadwag\u0105, a masa cia\u0142a wprost proporcjonalnie zwi\u0119ksza ci\u0119\u017cko\u015b\u0107 choroby;&nbsp;<\/li>\n<\/ul>\n\n\n\n<ul class=\"wp-block-list\">\n<li><strong>palenie tytoniu<\/strong> \u2013&nbsp;nikotyna sprzyja reakcjom zapalnym, dlatego palacze choruj\u0105 bardziej dotkliwie ni\u017c osoby niepal\u0105ce;&nbsp;<\/li>\n<\/ul>\n\n\n\n<ul class=\"wp-block-list\">\n<li><a href=\"https:\/\/www.alab.pl\/centrum-wiedzy\/tradzik-choroba-o-wielu-obliczach\/\" target=\"_blank\" rel=\"noreferrer noopener\">tr\u0105dzik<\/a> i inne przewlek\u0142e choroby sk\u00f3ry;&nbsp;<\/li>\n<\/ul>\n\n\n\n<ul class=\"wp-block-list\">\n<li><strong>choroby autoimmunologiczne<\/strong>, tj. zapalenia staw\u00f3w i <strong>nieswoiste choroby zapalne jelit<\/strong>;&nbsp;<\/li>\n<\/ul>\n\n\n\n<ul class=\"wp-block-list\">\n<li><strong>cukrzyca<\/strong>;&nbsp;<\/li>\n<\/ul>\n\n\n\n<ul class=\"wp-block-list\">\n<li><strong>chemiczne depilatory, dezodoranty i talk <\/strong>mog\u0105 wywo\u0142ywa\u0107, jak i nasila\u0107 objawy;&nbsp;<\/li>\n<\/ul>\n\n\n\n<ul class=\"wp-block-list\">\n<li><strong>predyspozycje genetyczne <\/strong>\u2013 zidentyfikowano kilka gen\u00f3w powi\u0105zanych z chorob\u0105, nie odnaleziono jednak takich, kt\u00f3rych defekt by\u0142yby bezpo\u015brednio odpowiedzialny za zachorowanie.&nbsp;<\/li>\n<\/ul>\n\n\n\n<h3 class=\"wp-block-heading\" id=\"Czy-tr\u0105dzik-odwr\u00f3cony-jest-zara\u017aliwy\">Czy tr\u0105dzik odwr\u00f3cony jest zara\u017aliwy?&nbsp;<\/h3>\n\n\n\n<p>Tutaj odpowied\u017a jest prosta \u2013 nie, poniewa\u017c<strong> tr\u0105dzik odwr\u00f3cony nie jest chorob\u0105 zaka\u017an\u0105<\/strong>. Dlatego nie nale\u017cy stygmatyzowa\u0107 pacjent\u00f3w, kt\u00f3rzy zmagaj\u0105 si\u0119 z t\u0105 dolegliwo\u015bci\u0105. &nbsp;<\/p>\n\n\n\n<h2 class=\"wp-block-heading\" id=\"Objawy-tr\u0105dziku-odwr\u00f3conego\">Objawy tr\u0105dziku odwr\u00f3conego&nbsp;<\/h2>\n\n\n\n<p>W przebiegu choroby dochodzi do powstawania kilku rodzaj\u00f3w zmian:&nbsp;<\/p>\n\n\n\n<ul class=\"wp-block-list\">\n<li><strong>pierwotne<\/strong> \u2013 to pojedyncze, bolesne guzki o \u015brednicy od 0,5 do 2 cm, kt\u00f3re utrzymuj\u0105 si\u0119 przez tygodnie lub miesi\u0105ce. Mog\u0105 by\u0107 g\u0142\u0119bokie i towarzyszy im b\u00f3l, chocia\u017c widoczne jest jedynie zaczerwienienie z niewielkim obrz\u0119kiem. Kolejne objawy pierwotne to pieczenie, k\u0142ucie i \u015bwi\u0105d, kt\u00f3remu czasem towarzyszy te\u017c nadmierna potliwo\u015b\u0107;&nbsp;<\/li>\n<\/ul>\n\n\n\n<ul class=\"wp-block-list\">\n<li><strong>wt\u00f3rne<\/strong> \u2013 powstaj\u0105 w wyniku utrzymywania si\u0119 procesu w jednym obszarze sk\u00f3ry. Podsk\u00f3rne zrastanie si\u0119 kilku s\u0105siednich cyst powoduje powstawanie przewlek\u0142ych, powi\u0105zanych ze sob\u0105 zatok. Drena\u017c tych zmian ukazuje surowiczy, ropny lub krwawy p\u0142yn;&nbsp;<\/li>\n<\/ul>\n\n\n\n<ul class=\"wp-block-list\">\n<li><strong>trzeciorz\u0119dowe<\/strong> \u2013<strong>&nbsp;<\/strong>to powstawanie przetok (tak\u017ce w obr\u0119bie cewki moczowej, p\u0119cherza moczowego lub odbytnicy) i blizn, a nawet w konsekwencji \u2013 rozw\u00f3j raka p\u0142askonab\u0142onkowego.&nbsp;<\/li>\n<\/ul>\n\n\n\n<h3 class=\"wp-block-heading\" id=\"W-jakich-miejscach-na-ciele-wyst\u0119puje-tr\u0105dzik-odwr\u00f3cony\">W jakich miejscach na ciele wyst\u0119puje tr\u0105dzik odwr\u00f3cony?&nbsp;<\/h3>\n\n\n\n<p>Choroba atakuje najcz\u0119\u015bciej obszary zgi\u0119ciowe na ciele. Zmiany najcz\u0119\u015bciej wyst\u0119puj\u0105:&nbsp;<\/p>\n\n\n\n<ul class=\"wp-block-list\">\n<li>pod pachami,&nbsp;&nbsp;<\/li>\n<\/ul>\n\n\n\n<ul class=\"wp-block-list\">\n<li>w pachwinach,&nbsp;&nbsp;<\/li>\n<\/ul>\n\n\n\n<ul class=\"wp-block-list\">\n<li>na wargach sromowych i szerzej w okolicach krocza,&nbsp;&nbsp;<\/li>\n<\/ul>\n\n\n\n<ul class=\"wp-block-list\">\n<li>po\u015bladkach,&nbsp;&nbsp;<\/li>\n<\/ul>\n\n\n\n<ul class=\"wp-block-list\">\n<li>przy\u015brodkowych cz\u0119\u015bciach ud,&nbsp;&nbsp;<\/li>\n<\/ul>\n\n\n\n<ul class=\"wp-block-list\">\n<li>okolicy podsutkowej,&nbsp;&nbsp;<\/li>\n<\/ul>\n\n\n\n<ul class=\"wp-block-list\">\n<li>fa\u0142dach brzusznych,&nbsp;<\/li>\n<\/ul>\n\n\n\n<ul class=\"wp-block-list\">\n<li>tylnych obszarach ma\u0142\u017cowiny usznej.&nbsp;<\/li>\n<\/ul>\n\n\n\n<p><strong>&gt;&gt; Odkryj, czym jest: <\/strong><a href=\"https:\/\/www.alab.pl\/centrum-wiedzy\/tradzik-rozowaty-acne-rosacea\/\">Tr\u0105dzik r\u00f3\u017cowaty <\/a><\/p>\n\n\n\n<h2 class=\"wp-block-heading\" id=\"Rozpoznanie-tr\u0105dziku-odwr\u00f3conego\">Rozpoznanie tr\u0105dziku odwr\u00f3conego&nbsp;<\/h2>\n\n\n\n<p>Wed\u0142ug aktualnych wytycznych brytyjskich i ameryka\u0144skich,<strong> do rozpoznania tr\u0105dziku odwr\u00f3conego<\/strong>&nbsp;<strong>niezb\u0119dne jest udokumentowanie wyst\u0119powania zmian chorobowych w typowych lokalizacjach.<\/strong> Objawy musz\u0105 mie\u0107 charakter przewlek\u0142y i nawracaj\u0105cy. Jak wida\u0107, diagnoza jest typowo kliniczna, a w przypadkach, kt\u00f3re budz\u0105 w\u0105tpliwo\u015bci, potrzebne jest dodatkowe <strong>potwierdzenie histopatologiczne. <\/strong>Dalej okre\u015bla si\u0119 nasilenie choroby, u\u017cywaj\u0105c tzw. <strong>skali Hurleya:<\/strong>&nbsp;<\/p>\n\n\n\n<ul class=\"wp-block-list\">\n<li><strong>stopie\u0144 I (\u0142agodny)<\/strong>: izolowane zmiany bez tworzenia si\u0119 zatok i minimalnych lub braku blizn;&nbsp;<\/li>\n<\/ul>\n\n\n\n<ul class=\"wp-block-list\">\n<li><strong>stopie\u0144 II (umiarkowany)<\/strong>: zmiany nawracaj\u0105ce oddzielone zdrow\u0105 sk\u00f3r\u0105 z tworzeniem si\u0119 zatok i bliznami;&nbsp;<\/li>\n<\/ul>\n\n\n\n<ul class=\"wp-block-list\">\n<li><strong>stopie\u0144 III (ci\u0119\u017cki)<\/strong>: liczne zmiany zlewaj\u0105ce si\u0119 w konglomeraty zapalne obejmuj\u0105ce wi\u0119kszo\u015b\u0107 dotkni\u0119tego obszaru.&nbsp;<\/li>\n<\/ul>\n\n\n\n<h2 class=\"wp-block-heading\" id=\"Leczenie-tr\u0105dziku-odwr\u00f3conego\">Leczenie tr\u0105dziku odwr\u00f3conego&nbsp;<\/h2>\n\n\n\n<p>Leczenie tej choroby sk\u00f3ry jest wielokierunkowe. Obejmuje kilka metod, kt\u00f3re najlepiej jest po\u0142\u0105czy\u0107:&nbsp;<\/p>\n\n\n\n<ul class=\"wp-block-list\">\n<li><strong>eliminacja czynnik\u00f3w modyfikowalnych <\/strong>\u2013 tu mo\u017cna wymieni\u0107 porzucenie palenia tytoniu, redukcj\u0119 masy cia\u0142a (w przypadku nadwagi lub oty\u0142o\u015bci), wyr\u00f3wnanie chor\u00f3b przewlek\u0142ych \u2013 zw\u0142aszcza cukrzycy i chor\u00f3b autozapalnych;&nbsp;<\/li>\n<\/ul>\n\n\n\n<ul class=\"wp-block-list\">\n<li><strong>unikanie obcis\u0142ych ubra\u0144 i materia\u0142\u00f3w syntetycznych;<\/strong>&nbsp;<\/li>\n<\/ul>\n\n\n\n<ul class=\"wp-block-list\">\n<li><strong>stosowanie pod prysznic \u015brodka antyseptycznego, takiego jak roztw\u00f3r chlorheksydyny<\/strong>&nbsp;\u2013 cho\u0107 nale\u017cy zaznaczy\u0107, \u017ce NIE JEST to choroba, kt\u00f3ra wynika ze z\u0142ej higieny, takie dzia\u0142anie mo\u017ce przynie\u015b\u0107 korzy\u015bci dla pacjenta;&nbsp;<\/li>\n<\/ul>\n\n\n\n<ul class=\"wp-block-list\">\n<li><strong>miejscowa farmakoterapia<\/strong> \u2013 obejmuje \u015brodki oczyszczaj\u0105ce sk\u00f3r\u0119, \u015brodki keratolityczne (pochodne witaminy A) i antybiotyki;&nbsp;<\/li>\n<\/ul>\n\n\n\n<ul class=\"wp-block-list\">\n<li>w umiarkowanych i ci\u0119\u017ckich przypadkach przepisuje si\u0119 pacjentom <strong>leczenie doustne \u2013 retinoidy i antybiotyki.<\/strong>&nbsp;<\/li>\n<\/ul>\n\n\n\n<p>W ostatnich latach pojawi\u0142y si\u0119 doniesienia o <strong>skuteczno\u015bci lek\u00f3w biologicznych<\/strong>, jednak decyzja o takiej formie leczenia le\u017cy w gestii o\u015brodk\u00f3w referencyjnych. Warto te\u017c zaznaczy\u0107, \u017ce nie istniej\u0105 sprawdzone dowody na to, \u017ce okre\u015blone diety w jakikolwiek spos\u00f3b \u0142agodz\u0105 przebieg choroby. &nbsp;<\/p>\n\n\n\n<h2 class=\"wp-block-heading\" id=\"Tr\u0105dzik-odwr\u00f3cony-diagnoza\">Diagnoza \u2013 pierwszy krok w z\u0142o\u017conej walce z tr\u0105dzikiem odwr\u00f3conym&nbsp;<\/h2>\n\n\n\n<p>Tr\u0105dzik odwr\u00f3cony to przewlek\u0142a i nawracaj\u0105ca choroba sk\u00f3ry. Diagnoza&nbsp;opiera si\u0119 na charakterystycznych objawach klinicznych, takich jak powstawanie bolesnych ropni, przetok i blizn, szczeg\u00f3lnie w obszarach zgi\u0119ciowych cia\u0142a.&nbsp;Rozpoznanie tej choroby to dopiero pocz\u0105tek z\u0142o\u017conej walki, kt\u00f3ra wymaga kompleksowego podej\u015bcia. Leczenie tr\u0105dziku odwr\u00f3conego&nbsp;jest wielowymiarowe. Obejmuje ono nie tylko&nbsp;farmakoterapi\u0119, kt\u00f3ra mo\u017ce wymaga\u0107 stosowania r\u00f3\u017cnych rodzaj\u00f3w lek\u00f3w w odpowiednich schematach, ale tak\u017ce&nbsp;post\u0119powanie domowe&nbsp;i&nbsp;samodyscyplin\u0119 pacjenta.&nbsp;<\/p>\n\n\n\n<hr class=\"wp-block-separator has-alpha-channel-opacity\"\/>\n\n\n\n<p><strong>\u0179r\u00f3d\u0142a:&nbsp;<\/strong><\/p>\n\n\n\n<ol class=\"wp-block-list\">\n<li>Anduquia-Garay F, Rodr\u00edguez-Guti\u00e9rrez MM, Poveda-Castillo IT, Valdes-Moreno PL, Agudelo-Rios DA, Benavides-Moreno JS, Lozada-Mart\u00ednez ID, Bola\u00f1o-Romero MP, Borraez-Segura B, Rahman S. Hidradenitis suppurativa: Basic considerations for its approach: A narrative review. Ann Med Surg (Lond). 2021 Aug 5;68:102679. doi: 10.1016\/j.amsu.2021.102679. PMID: 34401142; PMCID: PMC8353381. [https:\/\/www.ncbi.nlm.nih.gov\/pmc\/articles\/PMC8353381\/]&nbsp;<\/li>\n\n\n\n<li>British Association of Dermatologists guidelines for the management of hidradenitis suppurativa (acne inversa) 2018 [https:\/\/onlinelibrary.wiley.com\/doi\/10.1111\/bjd.17537]&nbsp;<\/li>\n\n\n\n<li>Alikhan A, Sayed C, Alavi A, Alhusayen R, Brassard A, Burkhart C, Crowell K, Eisen DB, Gottlieb AB, Hamzavi I, Hazen PG, Jaleel T, Kimball AB, Kirby J, Lowes MA, Micheletti R, Miller A, Naik HB, Orgill D, Poulin Y. North American clinical management guidelines for hidradenitis suppurativa: A publication from the United States and Canadian Hidradenitis Suppurativa Foundations: Part II: Topical, intralesional, and systemic medical management. J Am Acad Dermatol. 2019 Jul;81(1):91-101. doi: 10.1016\/j.jaad.2019.02.068. Epub 2019 Mar 11. PMID: 30872149; PMCID: PMC9131892.[https:\/\/www.ncbi.nlm.nih.gov\/pmc\/articles\/PMC9131892\/]&nbsp;<\/li>\n\n\n\n<li>Vossen ARJV, van der Zee HH, Prens EP. Hidradenitis Suppurativa: A Systematic Review Integrating Inflammatory Pathways Into a Cohesive Pathogenic Model. Front Immunol. 2018 Dec 14;9:2965. doi: 10.3389\/fimmu.2018.02965. PMID: 30619323; PMCID: PMC6302105.[https:\/\/www.ncbi.nlm.nih.gov\/pmc\/articles\/PMC6302105\/]&nbsp;<\/li>\n\n\n\n<li>Napolitano M, Megna M, Timoshchuk EA, Patruno C, Balato N, Fabbrocini G, Monfrecola G. Hidradenitis suppurativa: from pathogenesis to diagnosis and treatment. Clin Cosmet Investig Dermatol. 2017 Apr 19;10:105-115. doi: 10.2147\/CCID.S111019. PMID: 28458570; PMCID: PMC5402905.&nbsp; [https:\/\/www.ncbi.nlm.nih.gov\/pmc\/articles\/PMC5402905\/]&nbsp;<\/li>\n<\/ol>\n","protected":false},"excerpt":{"rendered":"<p>Tr\u0105dzik odwr\u00f3cony \u2013 poznaj najwa\u017cniejsze symptomy i dowiedz si\u0119 jak leczy\u0107 t\u0119 chorob\u0119 sk\u00f3ry.  <\/p>\n","protected":false},"author":154,"featured_media":14292,"comment_status":"closed","ping_status":"open","sticky":false,"template":"","format":"standard","meta":{"_acf_changed":false,"inline_featured_image":false,"footnotes":""},"categories":[12],"tags":[],"coauthors":[151],"class_list":{"0":"post-14398","1":"post","2":"type-post","3":"status-publish","4":"format-standard","5":"has-post-thumbnail","7":"category-choroby-skory"},"acf":[],"yoast_head":"<!-- This site is optimized with the Yoast SEO plugin v27.5 - https:\/\/yoast.com\/product\/yoast-seo-wordpress\/ -->\n<title>Tr\u0105dzik odwr\u00f3cony \u2013 jak rozpozna\u0107 sygna\u0142y ostrzegawcze? - Centrum Wiedzy ALAB laboratoria<\/title>\n<meta name=\"description\" content=\"Tr\u0105dzik odwr\u00f3cony wymaga prawid\u0142owej diagnozy i w\u0142a\u015bciwego leczenia. Dowiedz si\u0119, jak rozpozna\u0107 objawy tej choroby sk\u00f3ry!\" \/>\n<meta name=\"robots\" content=\"index, follow, max-snippet:-1, max-image-preview:large, max-video-preview:-1\" \/>\n<link rel=\"canonical\" href=\"https:\/\/www.alab.pl\/centrum-wiedzy\/tradzik-odwrocony-jak-rozpoznac-sygnaly-ostrzegawcze\/\" \/>\n<meta property=\"og:locale\" content=\"pl_PL\" \/>\n<meta property=\"og:type\" content=\"article\" \/>\n<meta property=\"og:title\" content=\"Tr\u0105dzik odwr\u00f3cony \u2013 jak rozpozna\u0107 sygna\u0142y ostrzegawcze? - Centrum Wiedzy ALAB laboratoria\" \/>\n<meta property=\"og:description\" content=\"Tr\u0105dzik odwr\u00f3cony wymaga prawid\u0142owej diagnozy i w\u0142a\u015bciwego leczenia. Dowiedz si\u0119, jak rozpozna\u0107 objawy tej choroby sk\u00f3ry!\" \/>\n<meta property=\"og:url\" content=\"https:\/\/www.alab.pl\/centrum-wiedzy\/tradzik-odwrocony-jak-rozpoznac-sygnaly-ostrzegawcze\/\" \/>\n<meta property=\"og:site_name\" content=\"Centrum Wiedzy ALAB laboratoria\" \/>\n<meta property=\"article:publisher\" content=\"https:\/\/www.facebook.com\/ALABlaboratoria\" \/>\n<meta property=\"article:published_time\" content=\"2024-06-17T08:00:00+00:00\" \/>\n<meta property=\"og:image\" content=\"https:\/\/www.alab.pl\/centrum-wiedzy\/wp-content\/uploads\/2024\/06\/tradzik-odwrocony-jpg.webp\" \/>\n\t<meta property=\"og:image:width\" content=\"1925\" \/>\n\t<meta property=\"og:image:height\" content=\"1285\" \/>\n\t<meta property=\"og:image:type\" content=\"image\/webp\" \/>\n<meta name=\"author\" content=\"Damian Matusiak\" \/>\n<meta name=\"twitter:card\" content=\"summary_large_image\" \/>\n<meta name=\"twitter:label1\" content=\"Napisane przez\" \/>\n\t<meta name=\"twitter:data1\" content=\"Damian Matusiak\" \/>\n\t<meta name=\"twitter:label2\" content=\"Szacowany czas czytania\" \/>\n\t<meta name=\"twitter:data2\" content=\"7 minut\" \/>\n\t<meta name=\"twitter:label3\" content=\"Written by\" \/>\n\t<meta name=\"twitter:data3\" content=\"Damian Matusiak\" \/>\n<!-- \/ Yoast SEO plugin. -->","yoast_head_json":{"title":"Tr\u0105dzik odwr\u00f3cony \u2013 jak rozpozna\u0107 sygna\u0142y ostrzegawcze? - Centrum Wiedzy ALAB laboratoria","description":"Tr\u0105dzik odwr\u00f3cony wymaga prawid\u0142owej diagnozy i w\u0142a\u015bciwego leczenia. Dowiedz si\u0119, jak rozpozna\u0107 objawy tej choroby sk\u00f3ry!","robots":{"index":"index","follow":"follow","max-snippet":"max-snippet:-1","max-image-preview":"max-image-preview:large","max-video-preview":"max-video-preview:-1"},"canonical":"https:\/\/www.alab.pl\/centrum-wiedzy\/tradzik-odwrocony-jak-rozpoznac-sygnaly-ostrzegawcze\/","og_locale":"pl_PL","og_type":"article","og_title":"Tr\u0105dzik odwr\u00f3cony \u2013 jak rozpozna\u0107 sygna\u0142y ostrzegawcze? - Centrum Wiedzy ALAB laboratoria","og_description":"Tr\u0105dzik odwr\u00f3cony wymaga prawid\u0142owej diagnozy i w\u0142a\u015bciwego leczenia. Dowiedz si\u0119, jak rozpozna\u0107 objawy tej choroby sk\u00f3ry!","og_url":"https:\/\/www.alab.pl\/centrum-wiedzy\/tradzik-odwrocony-jak-rozpoznac-sygnaly-ostrzegawcze\/","og_site_name":"Centrum Wiedzy ALAB laboratoria","article_publisher":"https:\/\/www.facebook.com\/ALABlaboratoria","article_published_time":"2024-06-17T08:00:00+00:00","og_image":[{"width":1925,"height":1285,"url":"https:\/\/www.alab.pl\/centrum-wiedzy\/wp-content\/uploads\/2024\/06\/tradzik-odwrocony-jpg.webp","type":"image\/webp"}],"author":"Damian Matusiak","twitter_card":"summary_large_image","twitter_misc":{"Napisane przez":"Damian Matusiak","Szacowany czas czytania":"7 minut","Written by":"Damian Matusiak"},"schema":{"@context":"https:\/\/schema.org","@graph":[{"@type":"Article","@id":"https:\/\/www.alab.pl\/centrum-wiedzy\/tradzik-odwrocony-jak-rozpoznac-sygnaly-ostrzegawcze\/#article","isPartOf":{"@id":"https:\/\/www.alab.pl\/centrum-wiedzy\/tradzik-odwrocony-jak-rozpoznac-sygnaly-ostrzegawcze\/"},"author":{"name":"Damian Matusiak","@id":"https:\/\/www.alab.pl\/centrum-wiedzy\/#\/schema\/person\/5709fe1c1c909754033072d7f8155a44"},"headline":"Tr\u0105dzik odwr\u00f3cony \u2013 jak rozpozna\u0107 sygna\u0142y ostrzegawcze?","datePublished":"2024-06-17T08:00:00+00:00","mainEntityOfPage":{"@id":"https:\/\/www.alab.pl\/centrum-wiedzy\/tradzik-odwrocony-jak-rozpoznac-sygnaly-ostrzegawcze\/"},"wordCount":1541,"publisher":{"@id":"https:\/\/www.alab.pl\/centrum-wiedzy\/#organization"},"image":{"@id":"https:\/\/www.alab.pl\/centrum-wiedzy\/tradzik-odwrocony-jak-rozpoznac-sygnaly-ostrzegawcze\/#primaryimage"},"thumbnailUrl":"https:\/\/www.alab.pl\/centrum-wiedzy\/wp-content\/uploads\/2024\/06\/tradzik-odwrocony-jpg.webp","articleSection":["Choroby sk\u00f3ry"],"inLanguage":"pl-PL"},{"@type":"WebPage","@id":"https:\/\/www.alab.pl\/centrum-wiedzy\/tradzik-odwrocony-jak-rozpoznac-sygnaly-ostrzegawcze\/","url":"https:\/\/www.alab.pl\/centrum-wiedzy\/tradzik-odwrocony-jak-rozpoznac-sygnaly-ostrzegawcze\/","name":"Tr\u0105dzik odwr\u00f3cony \u2013 jak rozpozna\u0107 sygna\u0142y ostrzegawcze? - Centrum Wiedzy ALAB laboratoria","isPartOf":{"@id":"https:\/\/www.alab.pl\/centrum-wiedzy\/#website"},"primaryImageOfPage":{"@id":"https:\/\/www.alab.pl\/centrum-wiedzy\/tradzik-odwrocony-jak-rozpoznac-sygnaly-ostrzegawcze\/#primaryimage"},"image":{"@id":"https:\/\/www.alab.pl\/centrum-wiedzy\/tradzik-odwrocony-jak-rozpoznac-sygnaly-ostrzegawcze\/#primaryimage"},"thumbnailUrl":"https:\/\/www.alab.pl\/centrum-wiedzy\/wp-content\/uploads\/2024\/06\/tradzik-odwrocony-jpg.webp","datePublished":"2024-06-17T08:00:00+00:00","description":"Tr\u0105dzik odwr\u00f3cony wymaga prawid\u0142owej diagnozy i w\u0142a\u015bciwego leczenia. Dowiedz si\u0119, jak rozpozna\u0107 objawy tej choroby sk\u00f3ry!","breadcrumb":{"@id":"https:\/\/www.alab.pl\/centrum-wiedzy\/tradzik-odwrocony-jak-rozpoznac-sygnaly-ostrzegawcze\/#breadcrumb"},"inLanguage":"pl-PL","potentialAction":[{"@type":"ReadAction","target":["https:\/\/www.alab.pl\/centrum-wiedzy\/tradzik-odwrocony-jak-rozpoznac-sygnaly-ostrzegawcze\/"]}]},{"@type":"ImageObject","inLanguage":"pl-PL","@id":"https:\/\/www.alab.pl\/centrum-wiedzy\/tradzik-odwrocony-jak-rozpoznac-sygnaly-ostrzegawcze\/#primaryimage","url":"https:\/\/www.alab.pl\/centrum-wiedzy\/wp-content\/uploads\/2024\/06\/tradzik-odwrocony-jpg.webp","contentUrl":"https:\/\/www.alab.pl\/centrum-wiedzy\/wp-content\/uploads\/2024\/06\/tradzik-odwrocony-jpg.webp","width":1925,"height":1285,"caption":"Tr\u0105dzik odwr\u00f3cony \u2013 guzki i ropnie na sk\u00f3rze pod pachami."},{"@type":"BreadcrumbList","@id":"https:\/\/www.alab.pl\/centrum-wiedzy\/tradzik-odwrocony-jak-rozpoznac-sygnaly-ostrzegawcze\/#breadcrumb","itemListElement":[{"@type":"ListItem","position":1,"name":"Strona g\u0142\u00f3wna","item":"https:\/\/www.alab.pl\/centrum-wiedzy\/"},{"@type":"ListItem","position":2,"name":"Tr\u0105dzik odwr\u00f3cony \u2013 jak rozpozna\u0107 sygna\u0142y ostrzegawcze?"}]},{"@type":"WebSite","@id":"https:\/\/www.alab.pl\/centrum-wiedzy\/#website","url":"https:\/\/www.alab.pl\/centrum-wiedzy\/","name":"Centrum Wiedzy ALAB laboratoria","description":"","publisher":{"@id":"https:\/\/www.alab.pl\/centrum-wiedzy\/#organization"},"potentialAction":[{"@type":"SearchAction","target":{"@type":"EntryPoint","urlTemplate":"https:\/\/www.alab.pl\/centrum-wiedzy\/?s={search_term_string}"},"query-input":{"@type":"PropertyValueSpecification","valueRequired":true,"valueName":"search_term_string"}}],"inLanguage":"pl-PL"},{"@type":"Organization","@id":"https:\/\/www.alab.pl\/centrum-wiedzy\/#organization","name":"Centrum Wiedzy ALAB laboratoria","url":"https:\/\/www.alab.pl\/centrum-wiedzy\/","logo":{"@type":"ImageObject","inLanguage":"pl-PL","@id":"https:\/\/www.alab.pl\/centrum-wiedzy\/#\/schema\/logo\/image\/","url":"https:\/\/www.alab.pl\/centrum-wiedzy\/wp-content\/uploads\/2022\/04\/alabek.jpg","contentUrl":"https:\/\/www.alab.pl\/centrum-wiedzy\/wp-content\/uploads\/2022\/04\/alabek.jpg","width":1250,"height":1251,"caption":"Centrum Wiedzy ALAB laboratoria"},"image":{"@id":"https:\/\/www.alab.pl\/centrum-wiedzy\/#\/schema\/logo\/image\/"},"sameAs":["https:\/\/www.facebook.com\/ALABlaboratoria"]},{"@type":"Person","@id":"https:\/\/www.alab.pl\/centrum-wiedzy\/#\/schema\/person\/5709fe1c1c909754033072d7f8155a44","name":"Damian Matusiak","image":{"@type":"ImageObject","inLanguage":"pl-PL","@id":"https:\/\/www.alab.pl\/centrum-wiedzy\/wp-content\/uploads\/2023\/10\/Damian-Matusiak-jpg-150x150.webp4a39f9a6ab8bdce93cc7d4859c6e6401","url":"https:\/\/www.alab.pl\/centrum-wiedzy\/wp-content\/uploads\/2023\/10\/Damian-Matusiak-jpg-150x150.webp","contentUrl":"https:\/\/www.alab.pl\/centrum-wiedzy\/wp-content\/uploads\/2023\/10\/Damian-Matusiak-jpg-150x150.webp","caption":"Damian Matusiak"},"description":"Specjalista pediatrii, kieruj\u0105cy Oddzia\u0142em Pediatrycznym w Lesznie, absolwent Uniwersytetu Medycznego im. Karola Marcinkowskiego w Poznaniu; pasjonat ultrasonografii i nowinek ze \u015bwiata nauki.","url":"https:\/\/www.alab.pl\/centrum-wiedzy\/author\/damian-matusiak\/"}]}},"_links":{"self":[{"href":"https:\/\/www.alab.pl\/centrum-wiedzy\/wp-json\/wp\/v2\/posts\/14398","targetHints":{"allow":["GET"]}}],"collection":[{"href":"https:\/\/www.alab.pl\/centrum-wiedzy\/wp-json\/wp\/v2\/posts"}],"about":[{"href":"https:\/\/www.alab.pl\/centrum-wiedzy\/wp-json\/wp\/v2\/types\/post"}],"author":[{"embeddable":true,"href":"https:\/\/www.alab.pl\/centrum-wiedzy\/wp-json\/wp\/v2\/users\/154"}],"replies":[{"embeddable":true,"href":"https:\/\/www.alab.pl\/centrum-wiedzy\/wp-json\/wp\/v2\/comments?post=14398"}],"version-history":[{"count":0,"href":"https:\/\/www.alab.pl\/centrum-wiedzy\/wp-json\/wp\/v2\/posts\/14398\/revisions"}],"wp:featuredmedia":[{"embeddable":true,"href":"https:\/\/www.alab.pl\/centrum-wiedzy\/wp-json\/wp\/v2\/media\/14292"}],"wp:attachment":[{"href":"https:\/\/www.alab.pl\/centrum-wiedzy\/wp-json\/wp\/v2\/media?parent=14398"}],"wp:term":[{"taxonomy":"category","embeddable":true,"href":"https:\/\/www.alab.pl\/centrum-wiedzy\/wp-json\/wp\/v2\/categories?post=14398"},{"taxonomy":"post_tag","embeddable":true,"href":"https:\/\/www.alab.pl\/centrum-wiedzy\/wp-json\/wp\/v2\/tags?post=14398"},{"taxonomy":"author","embeddable":true,"href":"https:\/\/www.alab.pl\/centrum-wiedzy\/wp-json\/wp\/v2\/coauthors?post=14398"}],"curies":[{"name":"wp","href":"https:\/\/api.w.org\/{rel}","templated":true}]}}