{"id":14496,"date":"2024-06-19T12:00:00","date_gmt":"2024-06-19T10:00:00","guid":{"rendered":"https:\/\/sklep.alablaboratoria.pl\/centrum-wiedzy\/?p=14496"},"modified":"2025-03-28T10:49:35","modified_gmt":"2025-03-28T09:49:35","slug":"choroba-parkinsona-objawy-przyczyny-i-leczenie","status":"publish","type":"post","link":"https:\/\/www.alab.pl\/centrum-wiedzy\/choroba-parkinsona-objawy-przyczyny-i-leczenie\/","title":{"rendered":"Choroba Parkinsona \u2013 objawy, przyczyny i leczenie"},"content":{"rendered":"\n<p><strong>Choroba Parkinsona to neurodegeneracyjna i post\u0119puj\u0105ca choroba. Jednym z objaw\u00f3w jest dr\u017cenie mi\u0119\u015bniowe, sztywno\u015b\u0107 mi\u0119\u015bniowa czy zaburzenia postawy. Dowiedz si\u0119 wi\u0119cej na temat choroby Parkinsona, w tym tak\u017ce o przyczynach i sposobach diagnozy schorzenia z uwzgl\u0119dnieniem bada\u0144 genetycznych.<\/strong><\/p>\n\n\n\n<p>Spis tre\u015bci:<\/p>\n\n\n\n<ol class=\"wp-block-list\">\n<li><a href=\"#Czym-jest-choroba-Parkinsona?\">Czym jest choroba Parkinsona?<\/a><\/li>\n\n\n\n<li><a href=\"#Przyczyny-choroby-Parkinsona\">Przyczyny choroby Parkinsona<\/a><\/li>\n\n\n\n<li><a href=\"#Choroba-Parkinsona-a-parkinsonizm\">Choroba Parkinsona a parkinsonizm<\/a><\/li>\n\n\n\n<li><a href=\"#Objawy-Parkinsona\">Objawy Parkinsona<\/a><\/li>\n\n\n\n<li><a href=\"#Diagnostyka-choroby-Parkinsona\">Diagnostyka choroby Parkinsona<\/a><\/li>\n\n\n\n<li><a href=\"#Jak-przebiega-leczenie-choroby-Parkinsona?\">Jak przebiega leczenie choroby Parkinsona?<\/a>\n<ul class=\"wp-block-list\">\n<li><a href=\"#Leczenie-farmakologiczne\">Leczenie farmakologiczne<\/a><\/li>\n\n\n\n<li><a href=\"#Rehabilitacja\">Rehabilitacja<\/a><\/li>\n\n\n\n<li><a href=\"#Leczenie-chirurgiczne\">Leczenie chirurgiczne<\/a><\/li>\n\n\n\n<li><a href=\"#Zmiana-stylu-\u017cycia\">Zmiana stylu \u017cycia<\/a><\/li>\n<\/ul>\n<\/li>\n\n\n\n<li><a href=\"#Czy-mo\u017cna-zapobiec-chorobie-Parkinsona?\">Czy mo\u017cna zapobiec chorobie Parkinsona?<\/a><\/li>\n<\/ol>\n\n\n\n<h2 class=\"wp-block-heading\" id=\"Czym-jest-choroba-Parkinsona?\">Czym jest choroba Parkinsona?<\/h2>\n\n\n\n<p>Choroba Parkinsona to choroba neurologiczna o charakterze przewlek\u0142ym i post\u0119puj\u0105cym. <strong>Dochodzi w niej do zaburzenia pracy mi\u0119\u015bni,<\/strong> a tak\u017ce wyst\u0119powania charakterystycznego dr\u017cenia r\u0105k.<\/p>\n\n\n\n<figure class=\"wp-block-table\"><table><tbody><tr><td><strong>Warto wiedzie\u0107:<\/strong> <br>Kto choruje na chorob\u0119 Parkinsona? Pierwsze objawy mog\u0105 pojawi\u0107 si\u0119 w okresie 40-60. r.\u017c. Najwi\u0119cej przypadk\u00f3w dotyka pacjent\u00f3w w podesz\u0142ym wieku, czyli po 80 roku \u017cycia. Choroba ta dotyka w wi\u0119kszym odsetku m\u0119\u017cczyzn ni\u017c kobiety, co okre\u015bla si\u0119 stosunkiem 3:2.<\/td><\/tr><\/tbody><\/table><\/figure>\n\n\n\n<h2 class=\"wp-block-heading\" id=\"Przyczyny-choroby-Parkinsona\">Przyczyny choroby Parkinsona<\/h2>\n\n\n\n<p>Objawy choroby Parkinsona wynikaj\u0105 z uszkodzenia neuron\u00f3w dopaminergicznych w uk\u0142adzie pozapiramidowym odpowiadaj\u0105cym za czynno\u015bci motoryczne. W wyniku rozwoju choroby, <strong>w strukturach nie dochodzi do przekazywania impuls\u00f3w nerwowych,<\/strong> kt\u00f3rych przeka\u017anikiem jest dopamina.<\/p>\n\n\n\n<figure class=\"wp-block-table\"><table><tbody><tr><td><strong>Pami\u0119taj:<\/strong> Za cz\u0119\u015b\u0107 przypadk\u00f3w choroby Parkinsona odpowiadaj\u0105 czynniki genetyczne.<\/td><\/tr><\/tbody><\/table><\/figure>\n\n\n\n<p><strong>&gt;&gt; To mo\u017ce Ci\u0119 zainteresowa\u0107: <\/strong><a href=\"https:\/\/www.alab.pl\/centrum-wiedzy\/choroby-rzadkie-i-ultrarzadkie\/\" target=\"_blank\" rel=\"_blank noopener\">Choroby rzadkie i ultrarzadkie<\/a><\/p>\n\n\n\n<h2 class=\"wp-block-heading\" id=\"Choroba-Parkinsona-a-parkinsonizm\">Choroba Parkinsona a parkinsonizm<\/h2>\n\n\n\n<p>Parkinsonizm wt\u00f3rny i choroba Parkinsona to jednostki chorobowe o r\u00f3\u017cnej etiologii. Warto podkre\u015bli\u0107, \u017ce <strong>objawy towarzysz\u0105ce parkinsonizmowi wt\u00f3rnemu przypominaj\u0105 te wyst\u0119puj\u0105ce w chorobie Parkinsona.<\/strong> Za parkinsonizm wt\u00f3rny odpowiadaj\u0105 inne czynniki. S\u0105 to:<\/p>\n\n\n\n<ul class=\"wp-block-list\">\n<li>leki przeciwpsychotyczne starej generacji np. haloperidol, pochodne fenotiazyny,<\/li>\n\n\n\n<li>nara\u017cenie na dzia\u0142anie pestycyd\u00f3w,<\/li>\n\n\n\n<li>toksyny np. tlenek w\u0119gla (II).<\/li>\n<\/ul>\n\n\n\n<p>Z\u0142agodzenie i\/lub eliminacja objaw\u00f3w zwi\u0105zanych z parkinsonizmem polega na eliminacji czynnik\u00f3w go wywo\u0142uj\u0105cych.<\/p>\n\n\n\n<p><strong>&gt;&gt; Sprawd\u017a te\u017c:<\/strong> <a href=\"https:\/\/www.alab.pl\/centrum-wiedzy\/skurcze-lydek-i-nog-co-jest-przyczyna-bolesnych-skurczy-miesni\/\" target=\"_blank\" rel=\"_blank noopener\">Skurcze \u0142ydek i n\u00f3g. Co jest przyczyn\u0105 bolesnych skurczy mi\u0119\u015bni?<\/a><\/p>\n\n\n\n<h2 class=\"wp-block-heading\" id=\"Objawy-Parkinsona\">Objawy Parkinsona<\/h2>\n\n\n\n<p>Objawy s\u0105 zr\u00f3\u017cnicowane i ich nasilenie zale\u017cy od przebiegu choroby Parkinsona. Obejmuj\u0105 liczne symptomy zwi\u0105zane z funkcj\u0105 mi\u0119\u015bni i koordynacj\u0105 ruchow\u0105, a tak\u017ce z procesem poruszania si\u0119. Charakterystyczne s\u0105:<\/p>\n\n\n\n<ul class=\"wp-block-list\">\n<li>dr\u017cenie spoczynkowe,<\/li>\n\n\n\n<li>sztywno\u015b\u0107 mi\u0119\u015bni,<\/li>\n\n\n\n<li>objaw liczenia pieni\u0119dzy (polega na ocieraniu kciuka o palec wskazuj\u0105cy),<\/li>\n\n\n\n<li>spowolnienie ruchowe (bradykinezja),<\/li>\n\n\n\n<li>trudno\u015b\u0107 z utrzymaniem postawy (dominuje przodopochylenie).<\/li>\n<\/ul>\n\n\n\n<p>Zaburzenia w funkcjonowaniu uk\u0142adu mi\u0119\u015bniowego wykraczaj\u0105 poza ko\u0144czyny. <strong>W chorobie Parkinsona mog\u0105 wyst\u0119powa\u0107 zaburzenia mowy<\/strong> (z czasem staje si\u0119 ona powolna, niewyra\u017ana, monotonna) <strong>i mimiki twarzy<\/strong> (tzw. \u201emaskowata twarz&#8221;).<\/p>\n\n\n\n<p>Chorobie Parkinsona mog\u0105 towarzyszy\u0107 objawy ze strony uk\u0142adu pokarmowego np. zaparcia. S\u0105 zwi\u0105zane ze zmian\u0105 pasa\u017cu jelitowego, czemu dodatkowo towarzyszy dysbioza jelitowa.<\/p>\n\n\n\n<p>Ponadto w chorobie Parkinsona mo\u017cna zaobserwowa\u0107:<\/p>\n\n\n\n<ul class=\"wp-block-list\">\n<li><strong>objawy oczne<\/strong> \u2013 zaburzenia ruchu ga\u0142ek ocznych, podw\u00f3jne widzenie, zaburzenia mrugania;<\/li>\n\n\n\n<li><strong>objawy psychiczne<\/strong> \u2013 depresja i stany l\u0119kowe, zaburzenia snu, halucynacje, zmiany w osobowo\u015bci.<\/li>\n<\/ul>\n\n\n\n<figure class=\"wp-block-image size-full\"><a href=\"https:\/\/www.alab.pl\/badanie\/organix-gastro-posredni-test-dysbiozy\" target=\"_blank\" rel=\" _blank noopener\"><img loading=\"lazy\" decoding=\"async\" width=\"800\" height=\"200\" src=\"https:\/\/www.alab.pl\/centrum-wiedzy\/wp-content\/uploads\/2025\/02\/Badanie-Organix-Gastro-posredni-test-dysbiozy.jpg\" alt=\"Badanie Organix Gastro pos\u0301redni test dysbiozy banerek\" class=\"wp-image-21210\" srcset=\"https:\/\/www.alab.pl\/centrum-wiedzy\/wp-content\/uploads\/2025\/02\/Badanie-Organix-Gastro-posredni-test-dysbiozy.jpg 800w, https:\/\/www.alab.pl\/centrum-wiedzy\/wp-content\/uploads\/2025\/02\/Badanie-Organix-Gastro-posredni-test-dysbiozy-768x192.jpg 768w, https:\/\/www.alab.pl\/centrum-wiedzy\/wp-content\/uploads\/2025\/02\/Badanie-Organix-Gastro-posredni-test-dysbiozy-150x38.jpg 150w, https:\/\/www.alab.pl\/centrum-wiedzy\/wp-content\/uploads\/2025\/02\/Badanie-Organix-Gastro-posredni-test-dysbiozy-300x75.jpg 300w, https:\/\/www.alab.pl\/centrum-wiedzy\/wp-content\/uploads\/2025\/02\/Badanie-Organix-Gastro-posredni-test-dysbiozy-696x174.jpg 696w\" sizes=\"auto, (max-width: 800px) 100vw, 800px\" \/><\/a><\/figure>\n\n\n\n<h2 class=\"wp-block-heading\" id=\"Diagnostyka-choroby-Parkinsona\">Diagnostyka choroby Parkinsona<\/h2>\n\n\n\n<p>Proces diagnostyczny choroby opiera si\u0119 w du\u017cej mierze na wywiadzie lekarskim, w kt\u00f3rym lekarz neurolog stwierdza obecno\u015b\u0107 typowych objaw\u00f3w Parkinsona. Opr\u00f3cz tego <strong>pomocne s\u0105 badania obrazowe np. tomografia (w skr\u00f3cie TK) lub rezonans magnetyczny (w skr\u00f3cie MRI),<\/strong> a tak\u017ce seria test\u00f3w oceniaj\u0105cych funkcje psychiczne.<\/p>\n\n\n\n<p>W przypadku os\u00f3b obawiaj\u0105cych si\u0119 zachorowania na chorob\u0119 Parkinsona (ze wzgl\u0119du na przypadki wyst\u0119powania w rodzinie) <strong>pomocne s\u0105 <a href=\"https:\/\/www.alab.pl\/badanie\/dystoniachoroba-parkinsona-panel-ngs-geny-tor1a-taf1-gch1-th-spr-thap1-mr1-prrt2-sgce-atp1a3-prkra-slc2a1-snca-lrrk2-vps35-park2-pink1-park7-atp13a2-fbxo7-slc6a3\">badania genetyczne<\/a>.<\/strong> Testy te pozwalaj\u0105 potwierdzi\u0107 lub wykluczy\u0107 mutacj\u0119 w okre\u015blonych genach, kt\u00f3re mog\u0105 przyczynia\u0107 si\u0119 do jej wyst\u0105pienia. Wykonanie bada\u0144 genetycznych pozwala na wykrycie czynnika predysponuj\u0105cego.<\/p>\n\n\n\n<h2 class=\"wp-block-heading\" id=\"Jak-przebiega-leczenie-choroby-Parkinsona?\">Jak przebiega leczenie choroby Parkinsona?<\/h2>\n\n\n\n<p>Terapia choroby Parkinsona obejmuje r\u00f3\u017cne metody leczenia. S\u0105 to:&nbsp;<\/p>\n\n\n\n<ul class=\"wp-block-list\">\n<li>leki przeciwparkinsonowskie,<\/li>\n\n\n\n<li>zabiegi operacyjne,<\/li>\n\n\n\n<li>rehabilitacja.<\/li>\n<\/ul>\n\n\n\n<p>Nale\u017cy pami\u0119ta\u0107, \u017ce w chorobie Parkinsona istotn\u0105 rol\u0119 odgrywa dieta ograniczaj\u0105ca aktywno\u015b\u0107 wolnych rodnik\u00f3w (jeden z element\u00f3w patomechanizmu choroby).<\/p>\n\n\n\n<h3 class=\"wp-block-heading\" id=\"Leczenie-farmakologiczne\">Leczenie farmakologiczne<\/h3>\n\n\n\n<p>Farmakoterapia mo\u017ce obejmowa\u0107 leki nale\u017c\u0105ce do r\u00f3\u017cnych grup lek\u00f3w, w tym m.in.:<\/p>\n\n\n\n<ul class=\"wp-block-list\">\n<li>L-DOPA (lewodopa),<\/li>\n\n\n\n<li>agoni\u015bci dopaminy,<\/li>\n\n\n\n<li>entakapon, tolkapon, selegilina.<\/li>\n<\/ul>\n\n\n\n<p>Zale\u017cnie od objaw\u00f3w, do farmakoterapii w\u0142\u0105cza si\u0119 r\u00f3wnie\u017c leki \u0142agodz\u0105ce objawy depresyjne, l\u0119kowe i zaburzenia snu.<\/p>\n\n\n\n<p><strong>&gt;&gt; Przeczytaj te\u017c:<\/strong> <a href=\"https:\/\/www.alab.pl\/centrum-wiedzy\/bezsennosc-objawy-leczenie-skutki\/\" target=\"_blank\" rel=\"_blank noopener\">Bezsenno\u015b\u0107: objawy, leczenie, skutki. Niedob\u00f3r jakiej witaminy powoduje bezsenno\u015b\u0107?<\/a><\/p>\n\n\n\n<h3 class=\"wp-block-heading\" id=\"Rehabilitacja\">Rehabilitacja<\/h3>\n\n\n\n<p>Jednym z objaw\u00f3w, z jakim zmaga si\u0119 pacjent z chorob\u0105 Parkinsona jest sztywno\u015b\u0107 mi\u0119\u015bniowa i ograniczona koordynacja ruchowa oraz trudno\u015bci z utrzymaniem r\u00f3wnowagi. Dlatego wa\u017cne jest dostosowana do wieku i mo\u017cliwo\u015bci aktywno\u015b\u0107 fizyczna:<\/p>\n\n\n\n<ul class=\"wp-block-list\">\n<li>\u0107wiczenia aerobowe np. p\u0142ywanie,<\/li>\n\n\n\n<li>\u0107wiczenia wzmacniaj\u0105ce mi\u0119\u015bnie np. si\u0142owe,<\/li>\n\n\n\n<li>stretchting i \u0107wiczenia rozci\u0105gaj\u0105ce.<\/li>\n<\/ul>\n\n\n\n<p>Inne polecane aktywno\u015bci anga\u017cuj\u0105ce wy\u0142\u0105cznie r\u0119ce i d\u0142onie, to \u0107wiczenia manualne polegaj\u0105ce np. na \u015bciskaniu pi\u0142eczki.<\/p>\n\n\n\n<h3 class=\"wp-block-heading\" id=\"Leczenie-chirurgiczne\">Leczenie chirurgiczne<\/h3>\n\n\n\n<p>W przypadku lekoopornej postaci choroby Parkinsona konieczny mo\u017ce okaza\u0107 si\u0119 zabieg operacyjny. Jednym z nich jest u\u017cycie elektrostymulatora (ang. DBS \u2013 <em>deep brain stimulation<\/em>), kt\u00f3ry odpowiada za tzw. g\u0142\u0119bok\u0105 stymulacj\u0119 m\u00f3zgu.<\/p>\n\n\n\n<h3 class=\"wp-block-heading\" id=\"Zmiana-stylu-\u017cycia\">Zmiana stylu \u017cycia<\/h3>\n\n\n\n<p>Istotnym elementem dla procesu terapeutycznego jest modyfikacja jad\u0142ospisu. <a href=\"https:\/\/www.alab.pl\/centrum-wiedzy\/choroba-parkinsona-zalecenia-zywieniowe\/\" target=\"_blank\" rel=\"_blank noopener\">Dieta w chorobie Parkinsona<\/a> powinna uwzgl\u0119dnia\u0107&nbsp;pokarmy obfituj\u0105ce w antyoksydanty np. polifenole oraz zwi\u0105zki przeciwzapalne, takie jak kwasy omega-3. W diecie nie powinno zabrakn\u0105\u0107 r\u00f3wnie\u017c rozpuszczalnych frakcji b\u0142onnika pokarmowego, kt\u00f3ry ogranicza ryzyko zaparcia.<\/p>\n\n\n\n<p>Warto pami\u0119ta\u0107, \u017ce osoby w zaawansowanej fazie choroby mog\u0105 mie\u0107 istotne problemy z prze\u0142ykaniem, dlatego istotne jest zachowanie odpowiedniej konsystencji pokarm\u00f3w. Nie mo\u017cna zapomina\u0107 r\u00f3wnie\u017c o aktywno\u015bci fizycznej, o kt\u00f3rej wspomniano we wcze\u015bniejszych cz\u0119\u015bciach artyku\u0142u.<\/p>\n\n\n\n<h2 class=\"wp-block-heading\" id=\"Czy-mo\u017cna-zapobiec-chorobie-Parkinsona?\">Czy mo\u017cna zapobiec chorobie Parkinsona?<\/h2>\n\n\n\n<p>Geny s\u0105 czynnikiem predysponuj\u0105cym, ale nie decyduj\u0105cym o wyst\u0105pieniu choroby Parkinsona. W celu zapobiegni\u0119cia rozwoju choroby kluczowe mog\u0105 okaza\u0107 si\u0119 zdrowe zwyczaje, kt\u00f3re wspieraj\u0105 jako\u015b\u0107 \u017cycia, homeostaz\u0119 organizmu i ograniczaj\u0105 aktywno\u015b\u0107 wolnych rodnik\u00f3w oraz stan\u00f3w zapalnych. Dlatego dieta obfituj\u0105ca w zwi\u0105zki przeciwutleniaj\u0105ce i regularna aktywno\u015b\u0107 fizyczna s\u0105 kluczowe jako elementy przeciwdzia\u0142aj\u0105ce wielu chorobom neurodegeneracyjnym.<\/p>\n\n\n\n<p><strong>&gt;&gt; To mo\u017ce Ci\u0119 zainteresowa\u0107:<\/strong> <a href=\"https:\/\/www.alab.pl\/centrum-wiedzy\/stres-oksydacyjny\/\" target=\"_blank\" rel=\"_blank noopener\">Jak w\u0142a\u015bciwie rozpozna\u0107 i skutecznie wyeliminowa\u0107 stres oksydacyjny?<\/a><\/p>\n\n\n\n<p>Parkinson to post\u0119puj\u0105ca i nieuleczalna choroba, w kt\u00f3rej wyst\u0119puj\u0105 objawy ruchowe. Kluczowym elementem jest jej wczesne rozpoznanie, a tak\u017ce badania pozwalaj\u0105ce na wykrycie czynnik\u00f3w predysponuj\u0105cych. Objawy w pocz\u0105tkowej fazie choroby s\u0105 cz\u0119sto niecharakterystyczne. Zale\u017cnie od stadium choroby wprowadza si\u0119 kilka rodzaj\u00f3w terapii, takich jak farmakoterapia, leczenie operacyjne, rehabilitacj\u0119. Wa\u017cne jest tak\u017ce stosowanie odpowiedniej diety.<\/p>\n\n\n\n<p><strong>Opieka merytoryczna: lek. Mateusz Nawrocki<\/strong><\/p>\n\n\n\n<hr class=\"wp-block-separator has-alpha-channel-opacity\"\/>\n\n\n\n<p><strong>Bibliografia<\/strong><\/p>\n\n\n\n<ul class=\"wp-block-list\">\n<li>Halli-Tierney AD, Luker J, Carroll DG. Parkinson Disease. Am Fam Physician. 2020 Dec 1;102(11):679-691. PMID: 33252908.<\/li>\n\n\n\n<li>Kobylecki C. Update on the diagnosis and management of Parkinson&#8217;s disease. Clin Med (Lond). 2020 Jul;20(4):393-398. doi: 10.7861\/clinmed.2020-0220. PMID: 32675145; PMCID: PMC7385761.<\/li>\n\n\n\n<li>https:\/\/phmd.pl\/resources\/html\/article\/details?id=189864&amp;language=pl (dost\u0119p 15.05.2024)<\/li>\n\n\n\n<li>https:\/\/www.mp.pl\/pacjent\/neurologia\/choroby\/151060,choroba-parkinsona (dost\u0119p 15.05.2024)<\/li>\n<\/ul>\n\n\n\n<p><\/p>\n","protected":false},"excerpt":{"rendered":"<p>Choroba Parkinsona to neurodegeneracyjna i post\u0119puj\u0105ca choroba. Dowiedz si\u0119 wi\u0119cej na jej temat.<\/p>\n","protected":false},"author":169,"featured_media":14497,"comment_status":"closed","ping_status":"open","sticky":false,"template":"","format":"standard","meta":{"_acf_changed":false,"inline_featured_image":false,"footnotes":""},"categories":[13],"tags":[],"coauthors":[178],"class_list":{"0":"post-14496","1":"post","2":"type-post","3":"status-publish","4":"format-standard","5":"has-post-thumbnail","7":"category-choroby-ukladu-nerwowego"},"acf":[],"yoast_head":"<!-- This site is optimized with the Yoast SEO plugin v27.5 - https:\/\/yoast.com\/product\/yoast-seo-wordpress\/ -->\n<title>Choroba Parkinsona \u2013 objawy, przyczyny i leczenie - Centrum Wiedzy ALAB laboratoria<\/title>\n<meta name=\"description\" content=\"Choroba Parkinsona to choroba neurologiczna o charakterze przewlek\u0142ym i post\u0119puj\u0105cym. Dowiedz si\u0119 wi\u0119cej na jej temat.\" \/>\n<meta name=\"robots\" content=\"index, follow, max-snippet:-1, max-image-preview:large, max-video-preview:-1\" \/>\n<link rel=\"canonical\" href=\"https:\/\/www.alab.pl\/centrum-wiedzy\/choroba-parkinsona-objawy-przyczyny-i-leczenie\/\" \/>\n<meta property=\"og:locale\" content=\"pl_PL\" \/>\n<meta property=\"og:type\" content=\"article\" \/>\n<meta property=\"og:title\" content=\"Choroba Parkinsona \u2013 objawy, przyczyny i leczenie - Centrum Wiedzy ALAB laboratoria\" \/>\n<meta property=\"og:description\" content=\"Choroba Parkinsona to choroba neurologiczna o charakterze przewlek\u0142ym i post\u0119puj\u0105cym. Dowiedz si\u0119 wi\u0119cej na jej temat.\" \/>\n<meta property=\"og:url\" content=\"https:\/\/www.alab.pl\/centrum-wiedzy\/choroba-parkinsona-objawy-przyczyny-i-leczenie\/\" \/>\n<meta property=\"og:site_name\" content=\"Centrum Wiedzy ALAB laboratoria\" \/>\n<meta property=\"article:publisher\" content=\"https:\/\/www.facebook.com\/ALABlaboratoria\" \/>\n<meta property=\"article:published_time\" content=\"2024-06-19T10:00:00+00:00\" \/>\n<meta property=\"article:modified_time\" content=\"2025-03-28T09:49:35+00:00\" \/>\n<meta property=\"og:image\" content=\"https:\/\/www.alab.pl\/centrum-wiedzy\/wp-content\/uploads\/2024\/06\/Choroba-Parkinsona-scaled-1.webp\" \/>\n\t<meta property=\"og:image:width\" content=\"2560\" \/>\n\t<meta property=\"og:image:height\" content=\"1708\" \/>\n\t<meta property=\"og:image:type\" content=\"image\/webp\" \/>\n<meta name=\"author\" content=\"Katarzyna Deptu\u0142a\" \/>\n<meta name=\"twitter:card\" content=\"summary_large_image\" \/>\n<meta name=\"twitter:label1\" content=\"Napisane przez\" \/>\n\t<meta name=\"twitter:data1\" content=\"Katarzyna Deptu\u0142a\" \/>\n\t<meta name=\"twitter:label2\" content=\"Szacowany czas czytania\" \/>\n\t<meta name=\"twitter:data2\" content=\"7 minut\" \/>\n\t<meta name=\"twitter:label3\" content=\"Written by\" \/>\n\t<meta name=\"twitter:data3\" content=\"Katarzyna Deptu\u0142a\" \/>\n<!-- \/ Yoast SEO plugin. -->","yoast_head_json":{"title":"Choroba Parkinsona \u2013 objawy, przyczyny i leczenie - Centrum Wiedzy ALAB laboratoria","description":"Choroba Parkinsona to choroba neurologiczna o charakterze przewlek\u0142ym i post\u0119puj\u0105cym. Dowiedz si\u0119 wi\u0119cej na jej temat.","robots":{"index":"index","follow":"follow","max-snippet":"max-snippet:-1","max-image-preview":"max-image-preview:large","max-video-preview":"max-video-preview:-1"},"canonical":"https:\/\/www.alab.pl\/centrum-wiedzy\/choroba-parkinsona-objawy-przyczyny-i-leczenie\/","og_locale":"pl_PL","og_type":"article","og_title":"Choroba Parkinsona \u2013 objawy, przyczyny i leczenie - Centrum Wiedzy ALAB laboratoria","og_description":"Choroba Parkinsona to choroba neurologiczna o charakterze przewlek\u0142ym i post\u0119puj\u0105cym. Dowiedz si\u0119 wi\u0119cej na jej temat.","og_url":"https:\/\/www.alab.pl\/centrum-wiedzy\/choroba-parkinsona-objawy-przyczyny-i-leczenie\/","og_site_name":"Centrum Wiedzy ALAB laboratoria","article_publisher":"https:\/\/www.facebook.com\/ALABlaboratoria","article_published_time":"2024-06-19T10:00:00+00:00","article_modified_time":"2025-03-28T09:49:35+00:00","og_image":[{"width":2560,"height":1708,"url":"https:\/\/www.alab.pl\/centrum-wiedzy\/wp-content\/uploads\/2024\/06\/Choroba-Parkinsona-scaled-1.webp","type":"image\/webp"}],"author":"Katarzyna Deptu\u0142a","twitter_card":"summary_large_image","twitter_misc":{"Napisane przez":"Katarzyna Deptu\u0142a","Szacowany czas czytania":"7 minut","Written by":"Katarzyna Deptu\u0142a"},"schema":{"@context":"https:\/\/schema.org","@graph":[{"@type":"Article","@id":"https:\/\/www.alab.pl\/centrum-wiedzy\/choroba-parkinsona-objawy-przyczyny-i-leczenie\/#article","isPartOf":{"@id":"https:\/\/www.alab.pl\/centrum-wiedzy\/choroba-parkinsona-objawy-przyczyny-i-leczenie\/"},"author":{"name":"Katarzyna Deptu\u0142a","@id":"https:\/\/www.alab.pl\/centrum-wiedzy\/#\/schema\/person\/0ff247503a71fc7e30ebff12629b78b7"},"headline":"Choroba Parkinsona \u2013 objawy, przyczyny i leczenie","datePublished":"2024-06-19T10:00:00+00:00","dateModified":"2025-03-28T09:49:35+00:00","mainEntityOfPage":{"@id":"https:\/\/www.alab.pl\/centrum-wiedzy\/choroba-parkinsona-objawy-przyczyny-i-leczenie\/"},"wordCount":1150,"publisher":{"@id":"https:\/\/www.alab.pl\/centrum-wiedzy\/#organization"},"image":{"@id":"https:\/\/www.alab.pl\/centrum-wiedzy\/choroba-parkinsona-objawy-przyczyny-i-leczenie\/#primaryimage"},"thumbnailUrl":"https:\/\/www.alab.pl\/centrum-wiedzy\/wp-content\/uploads\/2024\/06\/Choroba-Parkinsona-scaled-1.webp","articleSection":["Choroby uk\u0142adu nerwowego"],"inLanguage":"pl-PL"},{"@type":"WebPage","@id":"https:\/\/www.alab.pl\/centrum-wiedzy\/choroba-parkinsona-objawy-przyczyny-i-leczenie\/","url":"https:\/\/www.alab.pl\/centrum-wiedzy\/choroba-parkinsona-objawy-przyczyny-i-leczenie\/","name":"Choroba Parkinsona \u2013 objawy, przyczyny i leczenie - Centrum Wiedzy ALAB laboratoria","isPartOf":{"@id":"https:\/\/www.alab.pl\/centrum-wiedzy\/#website"},"primaryImageOfPage":{"@id":"https:\/\/www.alab.pl\/centrum-wiedzy\/choroba-parkinsona-objawy-przyczyny-i-leczenie\/#primaryimage"},"image":{"@id":"https:\/\/www.alab.pl\/centrum-wiedzy\/choroba-parkinsona-objawy-przyczyny-i-leczenie\/#primaryimage"},"thumbnailUrl":"https:\/\/www.alab.pl\/centrum-wiedzy\/wp-content\/uploads\/2024\/06\/Choroba-Parkinsona-scaled-1.webp","datePublished":"2024-06-19T10:00:00+00:00","dateModified":"2025-03-28T09:49:35+00:00","description":"Choroba Parkinsona to choroba neurologiczna o charakterze przewlek\u0142ym i post\u0119puj\u0105cym. Dowiedz si\u0119 wi\u0119cej na jej temat.","breadcrumb":{"@id":"https:\/\/www.alab.pl\/centrum-wiedzy\/choroba-parkinsona-objawy-przyczyny-i-leczenie\/#breadcrumb"},"inLanguage":"pl-PL","potentialAction":[{"@type":"ReadAction","target":["https:\/\/www.alab.pl\/centrum-wiedzy\/choroba-parkinsona-objawy-przyczyny-i-leczenie\/"]}]},{"@type":"ImageObject","inLanguage":"pl-PL","@id":"https:\/\/www.alab.pl\/centrum-wiedzy\/choroba-parkinsona-objawy-przyczyny-i-leczenie\/#primaryimage","url":"https:\/\/www.alab.pl\/centrum-wiedzy\/wp-content\/uploads\/2024\/06\/Choroba-Parkinsona-scaled-1.webp","contentUrl":"https:\/\/www.alab.pl\/centrum-wiedzy\/wp-content\/uploads\/2024\/06\/Choroba-Parkinsona-scaled-1.webp","width":2560,"height":1708,"caption":"Choroba Parkinsona"},{"@type":"BreadcrumbList","@id":"https:\/\/www.alab.pl\/centrum-wiedzy\/choroba-parkinsona-objawy-przyczyny-i-leczenie\/#breadcrumb","itemListElement":[{"@type":"ListItem","position":1,"name":"Strona g\u0142\u00f3wna","item":"https:\/\/www.alab.pl\/centrum-wiedzy\/"},{"@type":"ListItem","position":2,"name":"Choroba Parkinsona \u2013 objawy, przyczyny i leczenie"}]},{"@type":"WebSite","@id":"https:\/\/www.alab.pl\/centrum-wiedzy\/#website","url":"https:\/\/www.alab.pl\/centrum-wiedzy\/","name":"Centrum Wiedzy ALAB laboratoria","description":"","publisher":{"@id":"https:\/\/www.alab.pl\/centrum-wiedzy\/#organization"},"potentialAction":[{"@type":"SearchAction","target":{"@type":"EntryPoint","urlTemplate":"https:\/\/www.alab.pl\/centrum-wiedzy\/?s={search_term_string}"},"query-input":{"@type":"PropertyValueSpecification","valueRequired":true,"valueName":"search_term_string"}}],"inLanguage":"pl-PL"},{"@type":"Organization","@id":"https:\/\/www.alab.pl\/centrum-wiedzy\/#organization","name":"Centrum Wiedzy ALAB laboratoria","url":"https:\/\/www.alab.pl\/centrum-wiedzy\/","logo":{"@type":"ImageObject","inLanguage":"pl-PL","@id":"https:\/\/www.alab.pl\/centrum-wiedzy\/#\/schema\/logo\/image\/","url":"https:\/\/www.alab.pl\/centrum-wiedzy\/wp-content\/uploads\/2022\/04\/alabek.jpg","contentUrl":"https:\/\/www.alab.pl\/centrum-wiedzy\/wp-content\/uploads\/2022\/04\/alabek.jpg","width":1250,"height":1251,"caption":"Centrum Wiedzy ALAB laboratoria"},"image":{"@id":"https:\/\/www.alab.pl\/centrum-wiedzy\/#\/schema\/logo\/image\/"},"sameAs":["https:\/\/www.facebook.com\/ALABlaboratoria"]},{"@type":"Person","@id":"https:\/\/www.alab.pl\/centrum-wiedzy\/#\/schema\/person\/0ff247503a71fc7e30ebff12629b78b7","name":"Katarzyna Deptu\u0142a","image":{"@type":"ImageObject","inLanguage":"pl-PL","@id":"https:\/\/www.alab.pl\/centrum-wiedzy\/wp-content\/uploads\/2022\/03\/woman-150x150.png510376ddb3c99b233fa30c560b9695e9","url":"https:\/\/www.alab.pl\/centrum-wiedzy\/wp-content\/uploads\/2022\/03\/woman-150x150.png","contentUrl":"https:\/\/www.alab.pl\/centrum-wiedzy\/wp-content\/uploads\/2022\/03\/woman-150x150.png","caption":"Katarzyna Deptu\u0142a"},"url":"https:\/\/www.alab.pl\/centrum-wiedzy\/author\/katarzyna-deptula\/"}]}},"_links":{"self":[{"href":"https:\/\/www.alab.pl\/centrum-wiedzy\/wp-json\/wp\/v2\/posts\/14496","targetHints":{"allow":["GET"]}}],"collection":[{"href":"https:\/\/www.alab.pl\/centrum-wiedzy\/wp-json\/wp\/v2\/posts"}],"about":[{"href":"https:\/\/www.alab.pl\/centrum-wiedzy\/wp-json\/wp\/v2\/types\/post"}],"author":[{"embeddable":true,"href":"https:\/\/www.alab.pl\/centrum-wiedzy\/wp-json\/wp\/v2\/users\/169"}],"replies":[{"embeddable":true,"href":"https:\/\/www.alab.pl\/centrum-wiedzy\/wp-json\/wp\/v2\/comments?post=14496"}],"version-history":[{"count":2,"href":"https:\/\/www.alab.pl\/centrum-wiedzy\/wp-json\/wp\/v2\/posts\/14496\/revisions"}],"predecessor-version":[{"id":22607,"href":"https:\/\/www.alab.pl\/centrum-wiedzy\/wp-json\/wp\/v2\/posts\/14496\/revisions\/22607"}],"wp:featuredmedia":[{"embeddable":true,"href":"https:\/\/www.alab.pl\/centrum-wiedzy\/wp-json\/wp\/v2\/media\/14497"}],"wp:attachment":[{"href":"https:\/\/www.alab.pl\/centrum-wiedzy\/wp-json\/wp\/v2\/media?parent=14496"}],"wp:term":[{"taxonomy":"category","embeddable":true,"href":"https:\/\/www.alab.pl\/centrum-wiedzy\/wp-json\/wp\/v2\/categories?post=14496"},{"taxonomy":"post_tag","embeddable":true,"href":"https:\/\/www.alab.pl\/centrum-wiedzy\/wp-json\/wp\/v2\/tags?post=14496"},{"taxonomy":"author","embeddable":true,"href":"https:\/\/www.alab.pl\/centrum-wiedzy\/wp-json\/wp\/v2\/coauthors?post=14496"}],"curies":[{"name":"wp","href":"https:\/\/api.w.org\/{rel}","templated":true}]}}