{"id":14680,"date":"2024-06-25T11:00:00","date_gmt":"2024-06-25T09:00:00","guid":{"rendered":"https:\/\/sklep.alablaboratoria.pl\/centrum-wiedzy\/?p=14680"},"modified":"2025-02-10T15:31:16","modified_gmt":"2025-02-10T14:31:16","slug":"zespol-raynauda-objawy-przyczyny-i-metody-leczenia","status":"publish","type":"post","link":"https:\/\/www.alab.pl\/centrum-wiedzy\/zespol-raynauda-objawy-przyczyny-i-metody-leczenia\/","title":{"rendered":"Zesp\u00f3\u0142 Raynauda objawy, przyczyny i metody leczenia"},"content":{"rendered":"\n<p><strong>Zesp\u00f3\u0142 Raynauda to schorzenie charakteryzuj\u0105ce si\u0119 nag\u0142ymi epizodami skurczu naczy\u0144 krwiono\u015bnych, prowadz\u0105cymi do ograniczenia przep\u0142ywu krwi, najcz\u0119\u015bciej w palcach r\u0105k i n\u00f3g. To zjawisko, znane r\u00f3wnie\u017c jako fenomen Raynauda, mo\u017ce prowadzi\u0107 do zmiany koloru sk\u00f3ry, uczucia zimna i b\u00f3lu w dotkni\u0119tych obszarach. Chocia\u017c sam w sobie nie jest gro\u017any, mo\u017ce by\u0107 objawem powa\u017cniejszych chor\u00f3b.<\/strong><\/p>\n\n\n\n<p>Spis tre\u015bci:<\/p>\n\n\n\n<ol class=\"wp-block-list\">\n<li><a href=\"#Zesp\u00f3\u0142-Raynauda-\u2013-co-to-jest?\">Zesp\u00f3\u0142 Raynauda \u2013 co to jest?<\/a>\n<ul class=\"wp-block-list\">\n<li><a href=\"#Wyst\u0119powanie-objaw\u00f3w-Raynauda\">Wyst\u0119powanie objaw\u00f3w Raynauda<\/a><\/li>\n\n\n\n<li><a href=\"#Zesp\u00f3\u0142-Raynauda-a-choroba-Raynauda\">Zesp\u00f3\u0142 Raynauda a choroba Raynauda<\/a><\/li>\n<\/ul>\n<\/li>\n\n\n\n<li><a href=\"#Zesp\u00f3\u0142-Raynauda-\u2013-jakie-daje-objawy?\">Zesp\u00f3\u0142 Raynauda \u2013 jakie daje objawy?<\/a><\/li>\n\n\n\n<li><a href=\"#Zesp\u00f3\u0142-Raynauda-\u2013-jak-wygl\u0105da-diagnostyka?\">Zesp\u00f3\u0142 Raynauda \u2013 jak wygl\u0105da diagnostyka?<\/a><\/li>\n\n\n\n<li><a href=\"#Jak-leczy\u0107-zesp\u00f3\u0142-Raynauda?\">Jak leczy\u0107 zesp\u00f3\u0142 Raynauda?<\/a>\n<ul class=\"wp-block-list\">\n<li><a href=\"#Zesp\u00f3\u0142-Raynauda-\u2013-do-jakiego-lekarza-si\u0119-uda\u0107?\">Zesp\u00f3\u0142 Raynauda \u2013 do jakiego lekarza si\u0119 uda\u0107?<\/a><\/li>\n<\/ul>\n<\/li>\n\n\n\n<li><a href=\"#Rokowania-przy-zjawisku-Raynauda\">Rokowania przy zjawisku Raynauda<\/a><\/li>\n<\/ol>\n\n\n\n<h2 class=\"wp-block-heading\" id=\"Zesp\u00f3\u0142-Raynauda-\u2013-co-to-jest?\">Zesp\u00f3\u0142 Raynauda \u2013 co to jest?<\/h2>\n\n\n\n<p>W odpowiedzi na niskie temperatury organizm dostosowuje si\u0119, ograniczaj\u0105c przep\u0142yw krwi do sk\u00f3ry. Jest to mechanizm termoregulacyjny maj\u0105cy na celu zapobieganie dalszej utracie ciep\u0142a i utrzymanie sta\u0142ej temperatury cia\u0142a. <strong>W zespole Raynauda ograniczenie przep\u0142ywu krwi wyst\u0119puje podczas niskich temperatur oraz stresu emocjonalnego jako reakcja przej\u015bciowa<\/strong>. Szczeg\u00f3lnie <strong>dochodzi do zw\u0119\u017cenia t\u0119tnic palc\u00f3w i t\u0119tniczek sk\u00f3rnych<\/strong>.<\/p>\n\n\n\n<p>Zjawisko to zosta\u0142o po raz pierwszy opisane przez <strong>Maurice&#8217;a Raynauda<\/strong> w 1862 roku.<\/p>\n\n\n\n<h3 class=\"wp-block-heading\" id=\"Wyst\u0119powanie-objaw\u00f3w-Raynauda\">Wyst\u0119powanie objaw\u00f3w Raynauda<\/h3>\n\n\n\n<p>Objaw Raynauda wyst\u0119puje z r\u00f3\u017cn\u0105 cz\u0119stotliwo\u015bci\u0105 w populacji. Szacuje si\u0119, \u017ce dotyka oko\u0142o 3-5% og\u00f3lnej populacji, przy czym jest znacznie <strong>cz\u0119stszy u kobiet ni\u017c u m\u0119\u017cczyzn<\/strong>. W krajach o klimacie umiarkowanym, takich jak Polska, cz\u0119sto\u015b\u0107 wyst\u0119powania wynosi oko\u0142o 4-5% u kobiet i 2-3% u m\u0119\u017cczyzn. W ch\u0142odniejszych regionach objaw Raynauda jest bardziej powszechny z powodu cz\u0119stszej ekspozycji na niskie temperatury.\u200b<\/p>\n\n\n\n<h3 class=\"wp-block-heading\" id=\"Zesp\u00f3\u0142-Raynauda-a-choroba-Raynauda\">Zesp\u00f3\u0142 Raynauda a choroba Raynauda<\/h3>\n\n\n\n<p>Zesp\u00f3\u0142 Raynauda i choroba Raynauda to terminy cz\u0119sto omy\u0142kowo u\u017cywane zamiennie, ale istnieje mi\u0119dzy nimi istotna r\u00f3\u017cnica.<strong> Pierwotny zesp\u00f3\u0142 Raynauda<\/strong> (choroba Raynauda) wyst\u0119puje jako osobne zjawisko, cz\u0119sto idiopatyczne, bez zwi\u0105zku z innymi schorzeniami. Mo\u017ce by\u0107 zwi\u0105zany z nadreaktywno\u015bci\u0105 receptor\u00f3w alfa-2-adrenergicznych w naczyniach palc\u00f3w i sk\u00f3ry.<\/p>\n\n\n\n<p>W przeciwie\u0144stwie do tego, <strong>wt\u00f3rny zesp\u00f3\u0142 Raynauda<\/strong> jest zwykle powi\u0105zany z innymi chorobami, takimi jak choroby autoimmunologiczne (np. twardzina, tocze\u0144 rumieniowaty), choroby naczy\u0144 krwiono\u015bnych, czy uszkodzenia nerw\u00f3w. Wt\u00f3rny zesp\u00f3\u0142 Raynauda mo\u017ce by\u0107 objawem lub powik\u0142aniem tych schorze\u0144.Czynniki ryzyka obejmuj\u0105 r\u00f3wnie\u017c ekspozycj\u0119 na niekt\u00f3re chemikalia, palenie papieros\u00f3w, oraz urazy mechaniczne.<\/p>\n\n\n\n<p>Zjawisko Raynauda jest wynikiem trzech g\u0142\u00f3wnych mechanizm\u00f3w:<\/p>\n\n\n\n<ol start=\"1\" style=\"list-style-type:1\" class=\"wp-block-list\">\n<li><strong>Zmniejszony przep\u0142yw krwi i zw\u0119\u017cenie naczy\u0144 krwiono\u015bnych<\/strong>: Niskie temperatury i stres emocjonalny powoduj\u0105 zw\u0119\u017cenie naczy\u0144 krwiono\u015bnych, szczeg\u00f3lnie w palcach i sk\u00f3rze. Uk\u0142ad nerwowy aktywuje receptory zimna, prowadz\u0105c do zw\u0119\u017cenia naczy\u0144 i zmniejszenia przep\u0142ywu krwi.<\/li>\n<\/ol>\n\n\n\n<ol start=\"2\" style=\"list-style-type:1\" class=\"wp-block-list\">\n<li><strong>Reakcje neurogenne:<\/strong> Wsp\u00f3\u0142czulny uk\u0142ad nerwowy uwalnia neuropeptydy i noradrenalin\u0119, kt\u00f3re powoduj\u0105 skurcz naczy\u0144 krwiono\u015bnych.<\/li>\n<\/ol>\n\n\n\n<ol start=\"3\" style=\"list-style-type:1\" class=\"wp-block-list\">\n<li><strong>Odpowiedzi zapalne i immunologiczne:<\/strong> Stan zapalny powoduje zw\u0142\u00f3knienie naczy\u0144 i dysfunkcj\u0119 \u015br\u00f3db\u0142onka naczy\u0144.<\/li>\n<\/ol>\n\n\n\n<h2 class=\"wp-block-heading\" id=\"Zesp\u00f3\u0142-Raynauda-\u2013-jakie-daje-objawy?\">Zesp\u00f3\u0142 Raynauda \u2013 jakie daje objawy?<\/h2>\n\n\n\n<p>Objawy zespo\u0142u Raynauda s\u0105 wynikiem nag\u0142ego skurczu naczy\u0144 krwiono\u015bnych. Podstawowe symptomy obejmuj\u0105:<\/p>\n\n\n\n<ul class=\"wp-block-list\">\n<li><strong>Zmian\u0119 koloru sk\u00f3ry:<\/strong> Najbardziej charakterystycznym objawem jest zmiana koloru sk\u00f3ry w dotkni\u0119tych obszarach, najcz\u0119\u015bciej palc\u00f3w r\u0105k i n\u00f3g. Sk\u00f3ra mo\u017ce najpierw sta\u0107 si\u0119 bia\u0142a (z powodu braku przep\u0142ywu krwi), potem niebieska (z powodu braku tlenu), a na koniec czerwona (gdy przep\u0142yw krwi powraca). Zjawisko rozpoczyna si\u0119 zazwyczaj od jednego paliczka i rozprzestrzenia\u0107 na inne, symetrycznie u obu d\u0142oni. Objaw ten zwykle nie dotyczy kciuka, natomiast w przypadku wyst\u0119powania zmian r\u00f3wnie\u017c na nim, mo\u017cemy podejrzewa\u0107 zjawisko wt\u00f3rny zesp\u00f3\u0142 Raynauda.<\/li>\n<\/ul>\n\n\n\n<ul class=\"wp-block-list\">\n<li><strong>Uczucie zimna i dr\u0119twienia:<\/strong> Osoby z zespo\u0142em Raynauda cz\u0119sto odczuwaj\u0105 intensywne uczucie zimna oraz dr\u0119twienia w dotkni\u0119tych palcach.<\/li>\n<\/ul>\n\n\n\n<ul class=\"wp-block-list\">\n<li><strong>B\u00f3l i mrowienie:<\/strong> Gdy przep\u0142yw krwi powraca, mo\u017ce pojawi\u0107 si\u0119 b\u00f3l, mrowienie lub uczucie pieczenia.<\/li>\n<\/ul>\n\n\n\n<ul class=\"wp-block-list\">\n<li><strong>Owrzodzenia i martwica:<\/strong> W ci\u0119\u017ckich przypadkach, d\u0142ugotrwa\u0142e i powtarzaj\u0105ce si\u0119 epizody mog\u0105 prowadzi\u0107 do niedokrwienia tkanki. Mo\u017ce sta\u0107 si\u0119 to przyczyn\u0105 owrzodze\u0144 sk\u00f3ry lub nawet martwicy tkanek.<\/li>\n<\/ul>\n\n\n\n<ul class=\"wp-block-list\">\n<li><strong><em>Livedoretcularis<\/em>:<\/strong> fioletowe plamy lub siatkowaty wz\u00f3r na sk\u00f3rze z powodu ma\u0142ych skrzep\u00f3w naczy\u0144 krwiono\u015bnych. Odkrycie to jest odwracalne po ogrzaniu, ale jest nieodwracalne w przypadku przyczyn wt\u00f3rnych, takich jak zesp\u00f3\u0142 antyfosfolipidowy, zapalenie naczy\u0144, choroba zimnych aglutynin lub choroba naczy\u0144 obwodowych.<\/li>\n<\/ul>\n\n\n<div class=\"wp-block-image\">\n<figure class=\"aligncenter size-full is-resized\"><img loading=\"lazy\" decoding=\"async\" width=\"890\" height=\"747\" src=\"https:\/\/www.alab.pl\/centrum-wiedzy\/wp-content\/uploads\/2024\/07\/objaw-raynauda-infografika-jpg.webp\" alt=\"objaw Raynuada infografika\" class=\"wp-image-15056\" style=\"width:668px;height:560px\" srcset=\"https:\/\/www.alab.pl\/centrum-wiedzy\/wp-content\/uploads\/2024\/07\/objaw-raynauda-infografika-jpg.webp 890w, https:\/\/www.alab.pl\/centrum-wiedzy\/wp-content\/uploads\/2024\/07\/objaw-raynauda-infografika-jpg-768x645.webp 768w, https:\/\/www.alab.pl\/centrum-wiedzy\/wp-content\/uploads\/2024\/07\/objaw-raynauda-infografika-jpg-150x126.webp 150w, https:\/\/www.alab.pl\/centrum-wiedzy\/wp-content\/uploads\/2024\/07\/objaw-raynauda-infografika-jpg-300x252.webp 300w, https:\/\/www.alab.pl\/centrum-wiedzy\/wp-content\/uploads\/2024\/07\/objaw-raynauda-infografika-jpg-696x584.webp 696w\" sizes=\"auto, (max-width: 890px) 100vw, 890px\" \/><\/figure><\/div>\n\n\n<h2 class=\"wp-block-heading\" id=\"Zesp\u00f3\u0142-Raynauda-\u2013-jak-wygl\u0105da-diagnostyka?\">Zesp\u00f3\u0142 Raynauda \u2013 jak wygl\u0105da diagnostyka?<\/h2>\n\n\n\n<p>Podczas zbierania wywiadu od pacjenta z podejrzeniem zespo\u0142u Raynauda, <strong>klinicy\u015bci powinni uwzgl\u0119dni\u0107 wiek w jakim wyst\u0105pi\u0142a choroba, lokalizacj\u0119 dotkni\u0119tych obszar\u00f3w, symetryczno\u015b\u0107 zmian, owrzodze\u0144 palc\u00f3w <\/strong>oraz<strong> nasilenie dolegliwo\u015bci<\/strong>.<\/p>\n\n\n\n<figure class=\"wp-block-image size-full\"><a href=\"https:\/\/www.alab.pl\/badanie\/morfologia-krwi-c55\" target=\"_blank\" rel=\" noreferrer noopener\"><img loading=\"lazy\" decoding=\"async\" width=\"800\" height=\"200\" src=\"https:\/\/www.alab.pl\/centrum-wiedzy\/wp-content\/uploads\/2025\/02\/Morfologia.jpg\" alt=\"Morfologia banerek\" class=\"wp-image-21108\" srcset=\"https:\/\/www.alab.pl\/centrum-wiedzy\/wp-content\/uploads\/2025\/02\/Morfologia.jpg 800w, https:\/\/www.alab.pl\/centrum-wiedzy\/wp-content\/uploads\/2025\/02\/Morfologia-768x192.jpg 768w, https:\/\/www.alab.pl\/centrum-wiedzy\/wp-content\/uploads\/2025\/02\/Morfologia-150x38.jpg 150w, https:\/\/www.alab.pl\/centrum-wiedzy\/wp-content\/uploads\/2025\/02\/Morfologia-300x75.jpg 300w, https:\/\/www.alab.pl\/centrum-wiedzy\/wp-content\/uploads\/2025\/02\/Morfologia-696x174.jpg 696w\" sizes=\"auto, (max-width: 800px) 100vw, 800px\" \/><\/a><\/figure>\n\n\n\n<p>Nale\u017cy tak\u017ce sprawdzi\u0107 inne objawy og\u00f3lnoustrojowe, aby wykluczy\u0107 wt\u00f3rny zesp\u00f3\u0142 Raynauda. Po potwierdzeniu diagnozy, wa\u017cne jest zidentyfikowanie czynnik\u00f3w prowokuj\u0105cych, takich jak niskie temperatury, stres emocjonalny czy zaskoczenie. <strong>Cz\u0119sto\u015b\u0107 i nasilenie atak\u00f3w mog\u0105 zwi\u0119ksza\u0107 stres, p\u0142e\u0107 \u017ce\u0144ska, niska temperatura oraz choroby tkanki \u0142\u0105cznej<\/strong>. Wyst\u0105pienie zespo\u0142u Raynauda w wieku 30-40 lat zwi\u0119ksza ryzyko chor\u00f3b tkanki \u0142\u0105cznej.<\/p>\n\n\n\n<p>Lekarz mo\u017ce r\u00f3wnie\u017c zaleci\u0107 dodatkowe badania, aby wykluczy\u0107 wt\u00f3rne przyczyny. Do najcz\u0119stszych metod diagnostycznych nale\u017c\u0105:<\/p>\n\n\n\n<ul class=\"wp-block-list\">\n<li><strong>Test zimnej prowokacji (coldstimulation test):<\/strong> R\u0119ce pacjenta s\u0105 zanurzane w zimnej wodzie, aby wywo\u0142a\u0107 objawy. Nast\u0119pnie monitoruje si\u0119 zmiany koloru sk\u00f3ry.<\/li>\n<\/ul>\n\n\n\n<ul class=\"wp-block-list\">\n<li><strong>Kapilaroskopia wa\u0142u paznokciowego:<\/strong> Badanie naczy\u0144 w\u0142osowatych przy podstawie paznokci za pomoc\u0105 mikroskopu, aby oceni\u0107 ich struktur\u0119 i funkcj\u0119. Zmiany w naczyniach mog\u0105 wskazywa\u0107 na wt\u00f3rny zesp\u00f3\u0142 Raynauda.<\/li>\n<\/ul>\n\n\n\n<ul class=\"wp-block-list\">\n<li><strong>Testy laboratoryjne:<\/strong> Badania krwi, takie jak obecno\u015b\u0107 przeciwcia\u0142 przeciwj\u0105drowych (ANA), czynnika reumatoidalnego (RF), oraz inne markery autoimmunologiczne, aby wykluczy\u0107 choroby tkanki \u0142\u0105cznej lub inne schorzenia zwi\u0105zane z wt\u00f3rnym zespo\u0142em Raynauda.<\/li>\n<\/ul>\n\n\n\n<ul class=\"wp-block-list\">\n<li><strong>Dopplerowskie badanie ultrasonograficzne:<\/strong> Ocena przep\u0142ywu krwi w palcach i r\u0119kach za pomoc\u0105 USG. Pomaga to oceni\u0107 stopie\u0144 i lokalizacj\u0119 ewentualnych zaburze\u0144 przep\u0142ywu krwi.<\/li>\n<\/ul>\n\n\n\n<ul class=\"wp-block-list\">\n<li><strong>Termografia:<\/strong> Technika obrazowania, kt\u00f3ra mierzy promieniowanie podczerwone emitowane przez cia\u0142o, pomagaj\u0105c oceni\u0107 r\u00f3\u017cnice w temperaturze sk\u00f3ry, kt\u00f3re mog\u0105 wskazywa\u0107 na problemy z kr\u0105\u017ceniem.<\/li>\n<\/ul>\n\n\n\n<p>Te metody diagnostyczne pozwalaj\u0105 lekarzom nie tylko potwierdzi\u0107 obecno\u015b\u0107 zespo\u0142u Raynauda, ale tak\u017ce odr\u00f3\u017cni\u0107 jego pierwotn\u0105 form\u0119 od wt\u00f3rnej, zwi\u0105zanej z innymi chorobami.<\/p>\n\n\n\n<figure class=\"wp-block-image size-full\"><a href=\"https:\/\/www.alab.pl\/badanie\/czynnik-reumatoidalny-rf-ilosc-k21\" target=\"_blank\" rel=\" noreferrer noopener\"><img loading=\"lazy\" decoding=\"async\" width=\"800\" height=\"200\" src=\"https:\/\/www.alab.pl\/centrum-wiedzy\/wp-content\/uploads\/2025\/02\/Badanie-czynnika-reumatoidalnego-RF-ilos\u2560uciowo.jpg\" alt=\"Badanie czynnika reumatoidalnego (RF), ilo\u015bciowo banerek\" class=\"wp-image-21379\" srcset=\"https:\/\/www.alab.pl\/centrum-wiedzy\/wp-content\/uploads\/2025\/02\/Badanie-czynnika-reumatoidalnego-RF-ilos\u2560uciowo.jpg 800w, https:\/\/www.alab.pl\/centrum-wiedzy\/wp-content\/uploads\/2025\/02\/Badanie-czynnika-reumatoidalnego-RF-ilos\u2560uciowo-768x192.jpg 768w, https:\/\/www.alab.pl\/centrum-wiedzy\/wp-content\/uploads\/2025\/02\/Badanie-czynnika-reumatoidalnego-RF-ilos\u2560uciowo-150x38.jpg 150w, https:\/\/www.alab.pl\/centrum-wiedzy\/wp-content\/uploads\/2025\/02\/Badanie-czynnika-reumatoidalnego-RF-ilos\u2560uciowo-300x75.jpg 300w, https:\/\/www.alab.pl\/centrum-wiedzy\/wp-content\/uploads\/2025\/02\/Badanie-czynnika-reumatoidalnego-RF-ilos\u2560uciowo-696x174.jpg 696w\" sizes=\"auto, (max-width: 800px) 100vw, 800px\" \/><\/a><\/figure>\n\n\n\n<h2 class=\"wp-block-heading\" id=\"Jak-leczy\u0107-zesp\u00f3\u0142-Raynauda?\">Jak leczy\u0107 zesp\u00f3\u0142 Raynauda?<\/h2>\n\n\n\n<p>Leczenie zespo\u0142u Raynauda zale\u017cy od przyczyny i stopnia nasilenia objaw\u00f3w, ewentualnej obecno\u015bci chor\u00f3b wsp\u00f3\u0142istniej\u0105cych. Podej\u015bcia terapeutyczne obejmuj\u0105:<\/p>\n\n\n\n<p>1. <strong>Zmiany stylu \u017cycia:<\/strong> unikanie niskich temperatur oraz silnego stresu, zaprzestanie palenia (nikotyna powoduje zw\u0119\u017cenie naczy\u0144 krwiono\u015bnych, co mo\u017ce nasila\u0107 objawy).<\/p>\n\n\n\n<p>2. <strong>Farmakoterapi\u0119<\/strong>:<\/p>\n\n\n\n<ul class=\"wp-block-list\">\n<li><strong>Leki rozszerzaj\u0105ce naczynia krwiono\u015bne:<\/strong>Blokery kana\u0142u wapniowego (np. nifedypina, amlodypina); inhibitory fosfodiesterazy typu 5 (np. sildenafil).<\/li>\n\n\n\n<li><strong>Leki przeciwp\u0142ytkowe:<\/strong> Ma\u0142e dawki aspiryny zmniejszaj\u0105 ryzyko powstawania zakrzep\u00f3w.<\/li>\n\n\n\n<li><strong>Alfa-blokery:<\/strong> Rozszerzaj\u0105 naczynia krwiono\u015bne poprzez blokowanie receptor\u00f3w alfa-adrenergicznych (np. prazosyna).<\/li>\n\n\n\n<li><strong>Prostaglandyny:<\/strong> Leki takie jak iloprost, podawane do\u017cylnie, mog\u0105 pom\u00f3c w ci\u0119\u017ckich przypadkach. Poszerzaj\u0105 naczynia krwiono\u015bne, tym samym usprawniaj\u0105c przep\u0142yw krwi.<\/li>\n<\/ul>\n\n\n\n<p>3. <strong>Zabiegi medyczne:<\/strong><\/p>\n\n\n\n<ul class=\"wp-block-list\">\n<li><strong>Sympatektomi\u0119:<\/strong> Chirurgiczne usuni\u0119cie lub zablokowanie nerw\u00f3w sympatycznych, kt\u00f3re powoduj\u0105 zw\u0119\u017cenie naczy\u0144 krwiono\u015bnych. Mo\u017ce to by\u0107 skuteczne w ci\u0119\u017ckich przypadkach, ale jest to metoda rzadziej stosowana.<\/li>\n\n\n\n<li><strong>Zastrzyki z toksyny botulinowej:<\/strong> Wstrzykni\u0119cia Botoxu mo\u017ce pom\u00f3c w rozszerzaniu naczy\u0144 krwiono\u015bnych i zmniejszaniu objaw\u00f3w.<\/li>\n<\/ul>\n\n\n\n<p>4. <strong>Terapie wspomagaj\u0105ce<\/strong>:<\/p>\n\n\n\n<ul class=\"wp-block-list\">\n<li><strong>Biofeedback:<\/strong> Technika, kt\u00f3ra pomaga pacjentom kontrolowa\u0107 nie\u015bwiadome reakcje cia\u0142a, takie jak temperatur\u0119 sk\u00f3ry, poprzez sprz\u0119\u017cenie zwrotne.<\/li>\n\n\n\n<li><strong>Terapi\u0119 laserow\u0105:<\/strong> Mo\u017ce by\u0107 stosowana w celu poprawy kr\u0105\u017cenia w dotkni\u0119tych obszarach.<\/li>\n<\/ul>\n\n\n\n<p>5. Leczenie wt\u00f3rnych przyczyn:<\/p>\n\n\n\n<p>Leczenie chor\u00f3b podstawowych: Je\u015bli zesp\u00f3\u0142 Raynauda jest wt\u00f3rny do innych schorze\u0144, takich jak choroby tkanki \u0142\u0105cznej, leczenie tych chor\u00f3b mo\u017ce pom\u00f3c w zmniejszeniu objaw\u00f3w zespo\u0142u Raynauda.<\/p>\n\n\n\n<h3 class=\"wp-block-heading\" id=\"Zesp\u00f3\u0142-Raynauda-\u2013-do-jakiego-lekarza-si\u0119-uda\u0107?\">Zesp\u00f3\u0142 Raynauda \u2013 do jakiego lekarza si\u0119 uda\u0107?<\/h3>\n\n\n\n<p><a><\/a>W przypadku wyst\u0105pienia objaw\u00f3w zespo\u0142u Raynauda, warto rozpocz\u0105\u0107 od wizyty u lekarza rodzinnego. Lekarz rodzinny jest w stanie przeprowadzi\u0107 wst\u0119pne badanie, oceni\u0107 objawy i zleci\u0107 badania. Na podstawie wynik\u00f3w tych bada\u0144 oraz historii medycznej, lekarz rodzinny zdecyduje, o dalszym toku leczenia.<\/p>\n\n\n\n<h2 class=\"wp-block-heading\" id=\"Rokowania-przy-zjawisku-Raynauda\">Rokowania przy zjawisku Raynauda<\/h2>\n\n\n\n<p>W przypadku pierwotnego zjawiska Raynauda mo\u017ce wyst\u0105pi\u0107 samoistna remisja. W przypadku wt\u00f3rnego zjawiska Raynauda nie zaobserwowano spontanicznej remisji.<\/p>\n\n\n\n<p><br><strong><em>Czy wiesz \u017ce?<\/em><\/strong><\/p>\n\n\n\n<p><em>Wykazano, \u017ce ci\u0105\u017ca przyczynia si\u0119 do z\u0142agodzenia zjawiska Raynauda w wyniku zwi\u0119kszenia masy czerwonych krwinek i obj\u0119to\u015bci osocza, co prowadzi do poprawy obwodowego przep\u0142ywu krwi i natlenienia.<\/em><\/p>\n\n\n\n<p><br>Zesp\u00f3\u0142 Raynauda, cho\u0107 cz\u0119sto niegro\u017any, mo\u017ce znacznie wp\u0142yn\u0105\u0107 na jako\u015b\u0107 \u017cycia pacjent\u00f3w. W\u0142a\u015bciwe rozpoznanie i leczenie s\u0105 kluczowe dla zmniejszenia dolegliwo\u015bci i zapobiegania powik\u0142aniom. Osoby z tym schorzeniem powinny by\u0107 \u015bwiadome czynnik\u00f3w wywo\u0142uj\u0105cych ataki i stara\u0107 si\u0119 ich unika\u0107, a tak\u017ce korzysta\u0107 z dost\u0119pnych metod leczenia w celu minimalizacji dolegliwo\u015bci. W przypadku podejrzenia zespo\u0142u Raynauda, istotne jest skonsultowanie si\u0119 z lekarzem w celu pog\u0142\u0119bienia diagnostyki.<\/p>\n\n\n\n<hr class=\"wp-block-separator has-alpha-channel-opacity\"\/>\n\n\n\n<p><strong>Bibliografia<\/strong><\/p>\n\n\n\n<ol start=\"1\" style=\"list-style-type:1\" class=\"wp-block-list\">\n<li>https:\/\/www.mp.pl\/pacjent\/objawy\/154080,objaw-raynauda<\/li>\n\n\n\n<li>Musa R, Qurie A. Raynaud Disease. [Updated 2023 Aug 8]. In: StatPearls [Internet]. Treasure Island (FL): StatPearls Publishing; 2024 Jan-. Available from: https:\/\/www.ncbi.nlm.nih.gov\/books\/NBK499833\/.<\/li>\n\n\n\n<li>https:\/\/www.niams.nih.gov\/health-topics\/raynauds-phenomenon<\/li>\n\n\n\n<li>Temprano KK. A Review of Raynaud&#8217;s Disease. Mo Med. 2016 Mar-Apr;113(2):123-6.<\/li>\n\n\n\n<li>Lis-\u015awi\u0119ty A. Recent advances in the workup and management of Raynaud phenomenon. PAIM Archive, 2019, Vol. 129, No. 11.<\/li>\n<\/ol>\n","protected":false},"excerpt":{"rendered":"<p>Zesp\u00f3\u0142 Raynauda mo\u017ce prowadzi\u0107 do zmiany koloru sk\u00f3ry, uczucia zimna i b\u00f3lu w dotkni\u0119tych obszarach. <\/p>\n","protected":false},"author":170,"featured_media":14681,"comment_status":"closed","ping_status":"open","sticky":false,"template":"","format":"standard","meta":{"_acf_changed":false,"inline_featured_image":false,"footnotes":""},"categories":[11],"tags":[],"coauthors":[172],"class_list":{"0":"post-14680","1":"post","2":"type-post","3":"status-publish","4":"format-standard","5":"has-post-thumbnail","7":"category-choroby-ukladu-krazenia"},"acf":[],"yoast_head":"<!-- This site is optimized with the Yoast SEO plugin v27.4 - https:\/\/yoast.com\/product\/yoast-seo-wordpress\/ -->\n<title>Zesp\u00f3\u0142 Raynauda objawy, przyczyny i metody leczenia - Centrum Wiedzy ALAB laboratoria<\/title>\n<meta name=\"description\" content=\"Zesp\u00f3\u0142 Raynauda mo\u017ce prowadzi\u0107 do zmiany koloru sk\u00f3ry, uczucia zimna i b\u00f3lu w dotkni\u0119tych obszarach. Dowiedz si\u0119 wi\u0119cej na ten temat.\" \/>\n<meta name=\"robots\" content=\"index, follow, max-snippet:-1, max-image-preview:large, max-video-preview:-1\" \/>\n<link rel=\"canonical\" href=\"https:\/\/www.alab.pl\/centrum-wiedzy\/zespol-raynauda-objawy-przyczyny-i-metody-leczenia\/\" \/>\n<meta property=\"og:locale\" content=\"pl_PL\" \/>\n<meta property=\"og:type\" content=\"article\" \/>\n<meta property=\"og:title\" content=\"Zesp\u00f3\u0142 Raynauda objawy, przyczyny i metody leczenia - Centrum Wiedzy ALAB laboratoria\" \/>\n<meta property=\"og:description\" content=\"Zesp\u00f3\u0142 Raynauda mo\u017ce prowadzi\u0107 do zmiany koloru sk\u00f3ry, uczucia zimna i b\u00f3lu w dotkni\u0119tych obszarach. Dowiedz si\u0119 wi\u0119cej na ten temat.\" \/>\n<meta property=\"og:url\" content=\"https:\/\/www.alab.pl\/centrum-wiedzy\/zespol-raynauda-objawy-przyczyny-i-metody-leczenia\/\" \/>\n<meta property=\"og:site_name\" content=\"Centrum Wiedzy ALAB laboratoria\" \/>\n<meta property=\"article:publisher\" content=\"https:\/\/www.facebook.com\/ALABlaboratoria\" \/>\n<meta property=\"article:published_time\" content=\"2024-06-25T09:00:00+00:00\" \/>\n<meta property=\"article:modified_time\" content=\"2025-02-10T14:31:16+00:00\" \/>\n<meta property=\"og:image\" content=\"https:\/\/www.alab.pl\/centrum-wiedzy\/wp-content\/uploads\/2024\/06\/Zespol-Raynauda-jpg.webp\" \/>\n\t<meta property=\"og:image:width\" content=\"2315\" \/>\n\t<meta property=\"og:image:height\" content=\"1543\" \/>\n\t<meta property=\"og:image:type\" content=\"image\/webp\" \/>\n<meta name=\"author\" content=\"Kacper Staniszewski\" \/>\n<meta name=\"twitter:card\" content=\"summary_large_image\" \/>\n<meta name=\"twitter:label1\" content=\"Napisane przez\" \/>\n\t<meta name=\"twitter:data1\" content=\"Kacper Staniszewski\" \/>\n\t<meta name=\"twitter:label2\" content=\"Szacowany czas czytania\" \/>\n\t<meta name=\"twitter:data2\" content=\"9 minut\" \/>\n\t<meta name=\"twitter:label3\" content=\"Written by\" \/>\n\t<meta name=\"twitter:data3\" content=\"Kacper Staniszewski\" \/>\n<!-- \/ Yoast SEO plugin. -->","yoast_head_json":{"title":"Zesp\u00f3\u0142 Raynauda objawy, przyczyny i metody leczenia - Centrum Wiedzy ALAB laboratoria","description":"Zesp\u00f3\u0142 Raynauda mo\u017ce prowadzi\u0107 do zmiany koloru sk\u00f3ry, uczucia zimna i b\u00f3lu w dotkni\u0119tych obszarach. Dowiedz si\u0119 wi\u0119cej na ten temat.","robots":{"index":"index","follow":"follow","max-snippet":"max-snippet:-1","max-image-preview":"max-image-preview:large","max-video-preview":"max-video-preview:-1"},"canonical":"https:\/\/www.alab.pl\/centrum-wiedzy\/zespol-raynauda-objawy-przyczyny-i-metody-leczenia\/","og_locale":"pl_PL","og_type":"article","og_title":"Zesp\u00f3\u0142 Raynauda objawy, przyczyny i metody leczenia - Centrum Wiedzy ALAB laboratoria","og_description":"Zesp\u00f3\u0142 Raynauda mo\u017ce prowadzi\u0107 do zmiany koloru sk\u00f3ry, uczucia zimna i b\u00f3lu w dotkni\u0119tych obszarach. Dowiedz si\u0119 wi\u0119cej na ten temat.","og_url":"https:\/\/www.alab.pl\/centrum-wiedzy\/zespol-raynauda-objawy-przyczyny-i-metody-leczenia\/","og_site_name":"Centrum Wiedzy ALAB laboratoria","article_publisher":"https:\/\/www.facebook.com\/ALABlaboratoria","article_published_time":"2024-06-25T09:00:00+00:00","article_modified_time":"2025-02-10T14:31:16+00:00","og_image":[{"width":2315,"height":1543,"url":"https:\/\/www.alab.pl\/centrum-wiedzy\/wp-content\/uploads\/2024\/06\/Zespol-Raynauda-jpg.webp","type":"image\/webp"}],"author":"Kacper Staniszewski","twitter_card":"summary_large_image","twitter_misc":{"Napisane przez":"Kacper Staniszewski","Szacowany czas czytania":"9 minut","Written by":"Kacper Staniszewski"},"schema":{"@context":"https:\/\/schema.org","@graph":[{"@type":"Article","@id":"https:\/\/www.alab.pl\/centrum-wiedzy\/zespol-raynauda-objawy-przyczyny-i-metody-leczenia\/#article","isPartOf":{"@id":"https:\/\/www.alab.pl\/centrum-wiedzy\/zespol-raynauda-objawy-przyczyny-i-metody-leczenia\/"},"author":{"name":"Kacper Staniszewski","@id":"https:\/\/www.alab.pl\/centrum-wiedzy\/#\/schema\/person\/2e8901b610242a0ad82808285d04fe65"},"headline":"Zesp\u00f3\u0142 Raynauda objawy, przyczyny i metody leczenia","datePublished":"2024-06-25T09:00:00+00:00","dateModified":"2025-02-10T14:31:16+00:00","mainEntityOfPage":{"@id":"https:\/\/www.alab.pl\/centrum-wiedzy\/zespol-raynauda-objawy-przyczyny-i-metody-leczenia\/"},"wordCount":1564,"publisher":{"@id":"https:\/\/www.alab.pl\/centrum-wiedzy\/#organization"},"image":{"@id":"https:\/\/www.alab.pl\/centrum-wiedzy\/zespol-raynauda-objawy-przyczyny-i-metody-leczenia\/#primaryimage"},"thumbnailUrl":"https:\/\/www.alab.pl\/centrum-wiedzy\/wp-content\/uploads\/2024\/06\/Zespol-Raynauda-jpg.webp","articleSection":["Choroby serca i uk\u0142adu kr\u0105\u017cenia"],"inLanguage":"pl-PL"},{"@type":"WebPage","@id":"https:\/\/www.alab.pl\/centrum-wiedzy\/zespol-raynauda-objawy-przyczyny-i-metody-leczenia\/","url":"https:\/\/www.alab.pl\/centrum-wiedzy\/zespol-raynauda-objawy-przyczyny-i-metody-leczenia\/","name":"Zesp\u00f3\u0142 Raynauda objawy, przyczyny i metody leczenia - Centrum Wiedzy ALAB laboratoria","isPartOf":{"@id":"https:\/\/www.alab.pl\/centrum-wiedzy\/#website"},"primaryImageOfPage":{"@id":"https:\/\/www.alab.pl\/centrum-wiedzy\/zespol-raynauda-objawy-przyczyny-i-metody-leczenia\/#primaryimage"},"image":{"@id":"https:\/\/www.alab.pl\/centrum-wiedzy\/zespol-raynauda-objawy-przyczyny-i-metody-leczenia\/#primaryimage"},"thumbnailUrl":"https:\/\/www.alab.pl\/centrum-wiedzy\/wp-content\/uploads\/2024\/06\/Zespol-Raynauda-jpg.webp","datePublished":"2024-06-25T09:00:00+00:00","dateModified":"2025-02-10T14:31:16+00:00","description":"Zesp\u00f3\u0142 Raynauda mo\u017ce prowadzi\u0107 do zmiany koloru sk\u00f3ry, uczucia zimna i b\u00f3lu w dotkni\u0119tych obszarach. Dowiedz si\u0119 wi\u0119cej na ten temat.","breadcrumb":{"@id":"https:\/\/www.alab.pl\/centrum-wiedzy\/zespol-raynauda-objawy-przyczyny-i-metody-leczenia\/#breadcrumb"},"inLanguage":"pl-PL","potentialAction":[{"@type":"ReadAction","target":["https:\/\/www.alab.pl\/centrum-wiedzy\/zespol-raynauda-objawy-przyczyny-i-metody-leczenia\/"]}]},{"@type":"ImageObject","inLanguage":"pl-PL","@id":"https:\/\/www.alab.pl\/centrum-wiedzy\/zespol-raynauda-objawy-przyczyny-i-metody-leczenia\/#primaryimage","url":"https:\/\/www.alab.pl\/centrum-wiedzy\/wp-content\/uploads\/2024\/06\/Zespol-Raynauda-jpg.webp","contentUrl":"https:\/\/www.alab.pl\/centrum-wiedzy\/wp-content\/uploads\/2024\/06\/Zespol-Raynauda-jpg.webp","width":2315,"height":1543,"caption":"Zesp\u00f3\u0142 Raynauda"},{"@type":"BreadcrumbList","@id":"https:\/\/www.alab.pl\/centrum-wiedzy\/zespol-raynauda-objawy-przyczyny-i-metody-leczenia\/#breadcrumb","itemListElement":[{"@type":"ListItem","position":1,"name":"Strona g\u0142\u00f3wna","item":"https:\/\/www.alab.pl\/centrum-wiedzy\/"},{"@type":"ListItem","position":2,"name":"Zesp\u00f3\u0142 Raynauda objawy, przyczyny i metody leczenia"}]},{"@type":"WebSite","@id":"https:\/\/www.alab.pl\/centrum-wiedzy\/#website","url":"https:\/\/www.alab.pl\/centrum-wiedzy\/","name":"Centrum Wiedzy ALAB laboratoria","description":"","publisher":{"@id":"https:\/\/www.alab.pl\/centrum-wiedzy\/#organization"},"potentialAction":[{"@type":"SearchAction","target":{"@type":"EntryPoint","urlTemplate":"https:\/\/www.alab.pl\/centrum-wiedzy\/?s={search_term_string}"},"query-input":{"@type":"PropertyValueSpecification","valueRequired":true,"valueName":"search_term_string"}}],"inLanguage":"pl-PL"},{"@type":"Organization","@id":"https:\/\/www.alab.pl\/centrum-wiedzy\/#organization","name":"Centrum Wiedzy ALAB laboratoria","url":"https:\/\/www.alab.pl\/centrum-wiedzy\/","logo":{"@type":"ImageObject","inLanguage":"pl-PL","@id":"https:\/\/www.alab.pl\/centrum-wiedzy\/#\/schema\/logo\/image\/","url":"https:\/\/www.alab.pl\/centrum-wiedzy\/wp-content\/uploads\/2022\/04\/alabek.jpg","contentUrl":"https:\/\/www.alab.pl\/centrum-wiedzy\/wp-content\/uploads\/2022\/04\/alabek.jpg","width":1250,"height":1251,"caption":"Centrum Wiedzy ALAB laboratoria"},"image":{"@id":"https:\/\/www.alab.pl\/centrum-wiedzy\/#\/schema\/logo\/image\/"},"sameAs":["https:\/\/www.facebook.com\/ALABlaboratoria"]},{"@type":"Person","@id":"https:\/\/www.alab.pl\/centrum-wiedzy\/#\/schema\/person\/2e8901b610242a0ad82808285d04fe65","name":"Kacper Staniszewski","image":{"@type":"ImageObject","inLanguage":"pl-PL","@id":"https:\/\/www.alab.pl\/centrum-wiedzy\/wp-content\/uploads\/2025\/02\/Kacper-Staniszewski-150x150.jpgc73da3b138f9e7edf0e9feacbca89431","url":"https:\/\/www.alab.pl\/centrum-wiedzy\/wp-content\/uploads\/2025\/02\/Kacper-Staniszewski-150x150.jpg","contentUrl":"https:\/\/www.alab.pl\/centrum-wiedzy\/wp-content\/uploads\/2025\/02\/Kacper-Staniszewski-150x150.jpg","caption":"Kacper Staniszewski"},"description":"Lekarz medycyny estetycznej oraz radiolog w trakcie specjalizacji. Absolwent Collegium Medicum w Bydgoszczy, znany z precyzji, wyj\u0105tkowego zmys\u0142u estetycznego i zaanga\u017cowania w swoj\u0105 prac\u0119. Prywatnie mi\u0142o\u015bnik zwierz\u0105t. Stale podnosi swoje kwalifikacje, uczestnicz\u0105c w licznych szkoleniach i konferencjach, by dostarcza\u0107 swoim pacjentom najnowocze\u015bniejsze rozwi\u0105zania.","url":"https:\/\/www.alab.pl\/centrum-wiedzy\/author\/kacper-staniszewski\/"}]}},"_links":{"self":[{"href":"https:\/\/www.alab.pl\/centrum-wiedzy\/wp-json\/wp\/v2\/posts\/14680","targetHints":{"allow":["GET"]}}],"collection":[{"href":"https:\/\/www.alab.pl\/centrum-wiedzy\/wp-json\/wp\/v2\/posts"}],"about":[{"href":"https:\/\/www.alab.pl\/centrum-wiedzy\/wp-json\/wp\/v2\/types\/post"}],"author":[{"embeddable":true,"href":"https:\/\/www.alab.pl\/centrum-wiedzy\/wp-json\/wp\/v2\/users\/170"}],"replies":[{"embeddable":true,"href":"https:\/\/www.alab.pl\/centrum-wiedzy\/wp-json\/wp\/v2\/comments?post=14680"}],"version-history":[{"count":1,"href":"https:\/\/www.alab.pl\/centrum-wiedzy\/wp-json\/wp\/v2\/posts\/14680\/revisions"}],"predecessor-version":[{"id":21425,"href":"https:\/\/www.alab.pl\/centrum-wiedzy\/wp-json\/wp\/v2\/posts\/14680\/revisions\/21425"}],"wp:featuredmedia":[{"embeddable":true,"href":"https:\/\/www.alab.pl\/centrum-wiedzy\/wp-json\/wp\/v2\/media\/14681"}],"wp:attachment":[{"href":"https:\/\/www.alab.pl\/centrum-wiedzy\/wp-json\/wp\/v2\/media?parent=14680"}],"wp:term":[{"taxonomy":"category","embeddable":true,"href":"https:\/\/www.alab.pl\/centrum-wiedzy\/wp-json\/wp\/v2\/categories?post=14680"},{"taxonomy":"post_tag","embeddable":true,"href":"https:\/\/www.alab.pl\/centrum-wiedzy\/wp-json\/wp\/v2\/tags?post=14680"},{"taxonomy":"author","embeddable":true,"href":"https:\/\/www.alab.pl\/centrum-wiedzy\/wp-json\/wp\/v2\/coauthors?post=14680"}],"curies":[{"name":"wp","href":"https:\/\/api.w.org\/{rel}","templated":true}]}}