{"id":14775,"date":"2024-06-27T12:00:00","date_gmt":"2024-06-27T10:00:00","guid":{"rendered":"https:\/\/sklep.alablaboratoria.pl\/centrum-wiedzy\/?p=14775"},"modified":"2024-06-27T12:00:00","modified_gmt":"2024-06-27T10:00:00","slug":"uczulenie-na-jad-pszczoly-i-osy-bolesna-przyczyna-ciezkich-reakcji-alergicznych","status":"publish","type":"post","link":"https:\/\/www.alab.pl\/centrum-wiedzy\/uczulenie-na-jad-pszczoly-i-osy-bolesna-przyczyna-ciezkich-reakcji-alergicznych\/","title":{"rendered":"Uczulenie na jad pszczo\u0142y i osy \u2013 bolesna przyczyna ci\u0119\u017ckich reakcji alergicznych\u00a0"},"content":{"rendered":"\n<p><strong>Alergia na jady owad\u00f3w takich jak pszczo\u0142y i osy stanowi powa\u017cne zagro\u017cenie zdrowotne, kt\u00f3re mo\u017ce prowadzi\u0107 do ci\u0119\u017ckich reakcji anafilaktycznych. W tym artykule om\u00f3wimy, czym jest alergia na jad owad\u00f3w, jakie s\u0105 jej przyczyny, objawy oraz metody diagnostyki i leczenia. Dowiesz si\u0119 r\u00f3wnie\u017c, jak mo\u017cna skutecznie zapobiega\u0107 u\u017c\u0105dleniom i co robi\u0107 w razie ich wyst\u0105pienia.&nbsp;<\/strong><\/p>\n\n\n\n<p>Spis tre\u015bci:<\/p>\n\n\n\n<ol class=\"wp-block-list\">\n<li><a href=\"#Czym-jest-alergia-na-jad-owad\u00f3w\">Czym jest alergia na jad owad\u00f3w? Na jakie owady mo\u017cna by\u0107 uczulonym?&nbsp;<\/a><\/li>\n\n\n\n<li><a href=\"#Uczulenie-na-owady-przyczyny-alergii\">Co wywo\u0142uje uczulenie na owady? Przyczyny alergii&nbsp;<\/a><\/li>\n\n\n\n<li><a href=\"#Testy-alergiczne-na-jady-owad\u00f3w\">Testy alergiczne na jady owad\u00f3w \u2013 diagnostyka alergii<\/a><\/li>\n\n\n\n<li><a href=\"#-diagnostyce-i-terapii-alergii-na-jady-owad\u00f3w\">Rola moleku\u0142 alergenowych w diagnostyce i terapii alergii na jady owad\u00f3w<\/a><\/li>\n\n\n\n<li><a href=\"#Immunoterapia-alergenowa\">Immunoterapia alergenowa (VIT) \u2013 odczulanie na jad owad\u00f3w<\/a><\/li>\n\n\n\n<li><a href=\"#Profilaktyka-i-post\u0119powanie-w-przypadku-u\u017c\u0105dlenia\">Profilaktyka i post\u0119powanie w przypadku u\u017c\u0105dlenia<\/a><\/li>\n\n\n\n<li><a href=\"#Alergia-na-jad-owad\u00f3w\">Alergia na jad owad\u00f3w \u2013 zako\u0144czenie<\/a><\/li>\n<\/ol>\n\n\n\n<h2 class=\"wp-block-heading\" id=\"Czym-jest-alergia-na-jad-owad\u00f3w\"><strong>Czym jest alergia na jad owad\u00f3w? Na jakie owady mo\u017cna by\u0107 uczulonym?<\/strong>&nbsp;<\/h2>\n\n\n\n<p>Alergia na jad owad\u00f3w to nadmierna reakcja uk\u0142adu immunologicznego na bia\u0142ka zawarte w jadach owad\u00f3w b\u0142onkoskrzyd\u0142ych, takich jak:&nbsp;<\/p>\n\n\n\n<ul class=\"wp-block-list\">\n<li>pszczo\u0142y,&nbsp;<\/li>\n<\/ul>\n\n\n\n<ul class=\"wp-block-list\">\n<li>trzmiele,&nbsp;<\/li>\n<\/ul>\n\n\n\n<ul class=\"wp-block-list\">\n<li>osy pospolite,&nbsp;<\/li>\n<\/ul>\n\n\n\n<ul class=\"wp-block-list\">\n<li>osy klecanki,&nbsp;<\/li>\n<\/ul>\n\n\n\n<ul class=\"wp-block-list\">\n<li>szerszenie.&nbsp;<\/li>\n<\/ul>\n\n\n\n<p>Objawy reakcji alergicznej po ukoszeniu owad\u00f3w u uczulonych os\u00f3b mog\u0105 waha\u0107 si\u0119 od \u0142agodnych i wyst\u0119puj\u0105cych miejscowo po ci\u0119\u017ckie reakcje og\u00f3lnoustrojowe, takie jak anafilaksja.&nbsp;<br>&nbsp;<br><strong>Mo\u017cliwe miejscowe objawy po u\u017c\u0105dleniu to:<\/strong>&nbsp;<\/p>\n\n\n\n<ul class=\"wp-block-list\">\n<li>zaczerwienie i b\u00f3l w miejscu u\u017c\u0105dlenia,&nbsp;<\/li>\n<\/ul>\n\n\n\n<ul class=\"wp-block-list\">\n<li>obrz\u0119k,&nbsp;<\/li>\n<\/ul>\n\n\n\n<ul class=\"wp-block-list\">\n<li>sw\u0119dzenie,&nbsp;<\/li>\n<\/ul>\n\n\n\n<ul class=\"wp-block-list\">\n<li>uczucie ciep\u0142a w okolicach uk\u0105szenia.&nbsp;<\/li>\n<\/ul>\n\n\n\n<p><strong>Ci\u0119\u017cka reakcja og\u00f3lnoustrojowa mo\u017ce pojawi\u0107 si\u0119 od kilku minut do kilku godzin po uk\u0105szeniu.<\/strong> Mog\u0105 jej towarzyszy\u0107 nast\u0119puj\u0105ce objawy:&nbsp;<\/p>\n\n\n\n<ul class=\"wp-block-list\">\n<li>\u015bwiszcz\u0105cy oddech,&nbsp;&nbsp;<\/li>\n<\/ul>\n\n\n\n<ul class=\"wp-block-list\">\n<li>suchy kaszel,&nbsp;<\/li>\n<\/ul>\n\n\n\n<ul class=\"wp-block-list\">\n<li>trudno\u015bci z oddychaniem i prze\u0142ykaniem,&nbsp;<\/li>\n<\/ul>\n\n\n\n<ul class=\"wp-block-list\">\n<li>zawroty g\u0142owy,&nbsp;&nbsp;<\/li>\n<\/ul>\n\n\n\n<ul class=\"wp-block-list\">\n<li>spadek ci\u015bnienia krwi,&nbsp;<\/li>\n<\/ul>\n\n\n\n<ul class=\"wp-block-list\">\n<li>obrz\u0119k gard\u0142a lub j\u0119zyka,&nbsp;<\/li>\n<\/ul>\n\n\n\n<ul class=\"wp-block-list\">\n<li>skurcze \u017co\u0142\u0105dka, nudno\u015bci lub biegunka,&nbsp;<\/li>\n<\/ul>\n\n\n\n<ul class=\"wp-block-list\">\n<li>zaburzenia rytmu serca,&nbsp;<\/li>\n<\/ul>\n\n\n\n<ul class=\"wp-block-list\">\n<li>pokrzywka.&nbsp;<\/li>\n<\/ul>\n\n\n\n<p>Je\u017celi u Ciebie lub u bliskiej Ci osoby po u\u017c\u0105dleniu wyst\u0105pi\u0142 obrz\u0119k i zaczerwienienie sk\u00f3ry, kt\u00f3re obejmowa\u0142o obszar wi\u0119kszy ni\u017c 10 cm i utrzymywa\u0142o si\u0119 powy\u017cej 24 godzin lub dosz\u0142o do ci\u0119\u017ckiej og\u00f3lnoustrojowej reakcji alergicznej, <strong>niezw\u0142ocznie zg\u0142o\u015b si\u0119 do lekarza alergologa w celu diagnozy i wdro\u017cenia odpowiedniego leczenia!<\/strong>&nbsp;<\/p>\n\n\n\n<h2 class=\"wp-block-heading\" id=\"Uczulenie-na-owady-przyczyny-alergii\"><strong>Co wywo\u0142uje uczulenie na owady? Przyczyny alergii<\/strong>&nbsp;<\/h2>\n\n\n\n<p>Uczulenie na jad owad\u00f3w jest wynikiem kontaktu z bia\u0142kami (alergenami) zawartymi w jadzie. Uk\u0142ad odporno\u015bciowy os\u00f3b uczulonych po pierwszym u\u017c\u0105dleniu produkuje <a href=\"https:\/\/www.alab.pl\/badanie\/rapi-m-2-pszczola-miodna-hialuronidaza-i214-ige-swoiste-l91\" target=\"_blank\" rel=\"noreferrer noopener\">przeciwcia\u0142a IgE<\/a>, kt\u00f3re reaguj\u0105 z tymi alergenami. Przy ponownym u\u017c\u0105dleniu nast\u0119puje gwa\u0142towna reakcja IgE-zale\u017cna, podczas kt\u00f3rej uwalniane s\u0105 mediatory zapalne, takie jak histamina, prowadz\u0105ce do wyst\u0105pienia objaw\u00f3w reakcji alergicznej.&nbsp;<\/p>\n\n\n\n<p><strong>&gt;&gt; Przeczytaj te\u017c:<\/strong> <a href=\"https:\/\/www.alab.pl\/centrum-wiedzy\/alergia-ige-zalezna-czyli-jaka\/\">Alergia IgE zale\u017cna &#8211; czym jest? Przyczyny, objawy, diagnostyka <\/a><\/p>\n\n\n\n<h2 class=\"wp-block-heading\" id=\"Testy-alergiczne-na-jady-owad\u00f3w\"><strong>Testy alergiczne na jady owad\u00f3w \u2013 diagnostyka alergii<\/strong>&nbsp;<\/h2>\n\n\n\n<p>Diagnozowanie alergii na jad owad\u00f3w polega na szczeg\u00f3\u0142owym wywiadzie lekarskim i badaniach alergologicznych. Wykonywane s\u0105 <a href=\"https:\/\/www.alab.pl\/badanie\/rapi-m-5-pszczola-miodna-i216-ige-swoiste-l91\" target=\"_blank\" rel=\"noreferrer noopener\">alergiczne testy sk\u00f3rne<\/a>, w kt\u00f3rych niewielkie ilo\u015bci jadu s\u0105 wprowadzane pod sk\u00f3r\u0119 pacjenta, oraz <strong>testy krwi<\/strong> pozwalaj\u0105ce na pomiar poziomu przeciwcia\u0142 IgE specyficznych dla alergen\u00f3w jad\u00f3w owad\u00f3w. <strong>Testy z krwi powinny by\u0107 wykonane od 3 do 4 tygodni po u\u017c\u0105dleniu.<\/strong>&nbsp;<\/p>\n\n\n\n<figure class=\"wp-block-image size-full\"><a href=\"https:\/\/www.alab.pl\/badanie\/rapi-m-1-pszczola-miodna-fosfolipaza-a2-i-208-ige-swoiste-l91\" target=\"_blank\" rel=\"noreferrer noopener\"><img loading=\"lazy\" decoding=\"async\" width=\"800\" height=\"200\" src=\"https:\/\/www.alab.pl\/centrum-wiedzy\/wp-content\/uploads\/2024\/06\/Badanie-Api-m1-IgE-swoiste-jpg.webp\" alt=\"Badanie Api m1 (IgE swoiste)\" class=\"wp-image-14621\" srcset=\"https:\/\/www.alab.pl\/centrum-wiedzy\/wp-content\/uploads\/2024\/06\/Badanie-Api-m1-IgE-swoiste-jpg.webp 800w, https:\/\/www.alab.pl\/centrum-wiedzy\/wp-content\/uploads\/2024\/06\/Badanie-Api-m1-IgE-swoiste-jpg-768x192.webp 768w, https:\/\/www.alab.pl\/centrum-wiedzy\/wp-content\/uploads\/2024\/06\/Badanie-Api-m1-IgE-swoiste-jpg-150x38.webp 150w, https:\/\/www.alab.pl\/centrum-wiedzy\/wp-content\/uploads\/2024\/06\/Badanie-Api-m1-IgE-swoiste-jpg-300x75.webp 300w, https:\/\/www.alab.pl\/centrum-wiedzy\/wp-content\/uploads\/2024\/06\/Badanie-Api-m1-IgE-swoiste-jpg-696x174.webp 696w\" sizes=\"auto, (max-width: 800px) 100vw, 800px\" \/><\/a><\/figure>\n\n\n\n<figure class=\"wp-block-image size-full\"><a href=\"https:\/\/www.alab.pl\/badanie\/rapi-m-10-pszczola-miodna-i-217-ige-swoiste-l91\" target=\"_blank\" rel=\"noreferrer noopener\"><img loading=\"lazy\" decoding=\"async\" width=\"800\" height=\"200\" src=\"https:\/\/www.alab.pl\/centrum-wiedzy\/wp-content\/uploads\/2024\/06\/Badanie-Api-m-10-IgE-swoiste-jpg.webp\" alt=\"Badanie Api m 10 (IgE swoiste)\" class=\"wp-image-14620\" srcset=\"https:\/\/www.alab.pl\/centrum-wiedzy\/wp-content\/uploads\/2024\/06\/Badanie-Api-m-10-IgE-swoiste-jpg.webp 800w, https:\/\/www.alab.pl\/centrum-wiedzy\/wp-content\/uploads\/2024\/06\/Badanie-Api-m-10-IgE-swoiste-jpg-768x192.webp 768w, https:\/\/www.alab.pl\/centrum-wiedzy\/wp-content\/uploads\/2024\/06\/Badanie-Api-m-10-IgE-swoiste-jpg-150x38.webp 150w, https:\/\/www.alab.pl\/centrum-wiedzy\/wp-content\/uploads\/2024\/06\/Badanie-Api-m-10-IgE-swoiste-jpg-300x75.webp 300w, https:\/\/www.alab.pl\/centrum-wiedzy\/wp-content\/uploads\/2024\/06\/Badanie-Api-m-10-IgE-swoiste-jpg-696x174.webp 696w\" sizes=\"auto, (max-width: 800px) 100vw, 800px\" \/><\/a><\/figure>\n\n\n\n<h2 class=\"wp-block-heading\"><strong>Rola moleku\u0142 alergenowych w diagnostyce i terapii alergii na jady owad\u00f3w<\/strong>&nbsp;<\/h2>\n\n\n\n<p id=\"-diagnostyce-i-terapii-alergii-na-jady-owad\u00f3w\">W diagnostyce i terapii alergii na jady owad\u00f3w coraz wi\u0119ksz\u0105 rol\u0119 odgrywaj\u0105 moleku\u0142y alergenowe. <strong>Moleku\u0142y alergenowe to pojedyncze bia\u0142ka zawarte w jadach owad\u00f3w, b\u0119d\u0105ce bezpo\u015bredni\u0105 przyczyn\u0105 reakcji alergicznej.&nbsp;<\/strong>&nbsp;<\/p>\n\n\n\n<p>Moleku\u0142y alergenowe jad\u00f3w owad\u00f3w dost\u0119pne do diagnostyki to:&nbsp;<\/p>\n\n\n<div class=\"wp-block-image\">\n<figure class=\"aligncenter size-full is-resized\"><img loading=\"lazy\" decoding=\"async\" src=\"https:\/\/www.alab.pl\/centrum-wiedzy\/wp-content\/uploads\/2024\/06\/infografika-alergeny-jady-owadow.png\" alt=\"moleku\u0142y jad\u00f3w owad\u00f3w infografika\" class=\"wp-image-14936\" width=\"668\" height=\"212\" srcset=\"https:\/\/www.alab.pl\/centrum-wiedzy\/wp-content\/uploads\/2024\/06\/infografika-alergeny-jady-owadow.png 890w, https:\/\/www.alab.pl\/centrum-wiedzy\/wp-content\/uploads\/2024\/06\/infografika-alergeny-jady-owadow-768x243.png 768w, https:\/\/www.alab.pl\/centrum-wiedzy\/wp-content\/uploads\/2024\/06\/infografika-alergeny-jady-owadow-150x48.png 150w, https:\/\/www.alab.pl\/centrum-wiedzy\/wp-content\/uploads\/2024\/06\/infografika-alergeny-jady-owadow-300x95.png 300w, https:\/\/www.alab.pl\/centrum-wiedzy\/wp-content\/uploads\/2024\/06\/infografika-alergeny-jady-owadow-696x221.png 696w\" sizes=\"auto, (max-width: 668px) 100vw, 668px\" \/><figcaption class=\"wp-element-caption\">Moleku\u0142y alergenowe jad\u00f3w owad\u00f3w dost\u0119pne do diagnostyki.<\/figcaption><\/figure><\/div>\n\n\n<p>Wykonanie <a href=\"https:\/\/www.alab.pl\/badanie\/rapi-m-3-pszczola-miodna-kwasna-fosfataza-i215-ige-swoiste-l91\" target=\"_blank\" rel=\"noreferrer noopener\">test\u00f3w IgE z krwi<\/a> wzgl\u0119dem wymienionych moleku\u0142 alergenowych mo\u017ce pom\u00f3c lekarzowi w precyzyjnym rozpoznaniu alergii na jady pszczo\u0142y i\/lub osy oraz kwalifikacji odpowiednich pacjent\u00f3w do <strong>immunoterapii alergenowej (VIT).<\/strong>&nbsp;&nbsp;<\/p>\n\n\n\n<figure class=\"wp-block-image size-full\"><a href=\"https:\/\/www.alab.pl\/badanie\/rvesa-v-5-osa-pospolita-i-209-ige-swoiste-l91\" target=\"_blank\" rel=\"noreferrer noopener\"><img loading=\"lazy\" decoding=\"async\" width=\"800\" height=\"200\" src=\"https:\/\/www.alab.pl\/centrum-wiedzy\/wp-content\/uploads\/2024\/06\/Badanie-Ves-v-5-IgE-swoiste-jpg.webp\" alt=\"Badanie Ves v 5 (IgE swoiste)\" class=\"wp-image-14623\" srcset=\"https:\/\/www.alab.pl\/centrum-wiedzy\/wp-content\/uploads\/2024\/06\/Badanie-Ves-v-5-IgE-swoiste-jpg.webp 800w, https:\/\/www.alab.pl\/centrum-wiedzy\/wp-content\/uploads\/2024\/06\/Badanie-Ves-v-5-IgE-swoiste-jpg-768x192.webp 768w, https:\/\/www.alab.pl\/centrum-wiedzy\/wp-content\/uploads\/2024\/06\/Badanie-Ves-v-5-IgE-swoiste-jpg-150x38.webp 150w, https:\/\/www.alab.pl\/centrum-wiedzy\/wp-content\/uploads\/2024\/06\/Badanie-Ves-v-5-IgE-swoiste-jpg-300x75.webp 300w, https:\/\/www.alab.pl\/centrum-wiedzy\/wp-content\/uploads\/2024\/06\/Badanie-Ves-v-5-IgE-swoiste-jpg-696x174.webp 696w\" sizes=\"auto, (max-width: 800px) 100vw, 800px\" \/><\/a><\/figure>\n\n\n\n<figure class=\"wp-block-image size-full\"><a href=\"https:\/\/www.alab.pl\/badanie\/rves-v-1-osa-pospolita-fosfolipaza-a1-i-211-ige-swoiste-l91\" target=\"_blank\" rel=\"noreferrer noopener\"><img loading=\"lazy\" decoding=\"async\" width=\"800\" height=\"200\" src=\"https:\/\/www.alab.pl\/centrum-wiedzy\/wp-content\/uploads\/2024\/06\/Badanie-Ves-v-1-IgE-swoiste-jpg.webp\" alt=\"Badanie Ves v 1 (IgE swoiste)\" class=\"wp-image-14622\" srcset=\"https:\/\/www.alab.pl\/centrum-wiedzy\/wp-content\/uploads\/2024\/06\/Badanie-Ves-v-1-IgE-swoiste-jpg.webp 800w, https:\/\/www.alab.pl\/centrum-wiedzy\/wp-content\/uploads\/2024\/06\/Badanie-Ves-v-1-IgE-swoiste-jpg-768x192.webp 768w, https:\/\/www.alab.pl\/centrum-wiedzy\/wp-content\/uploads\/2024\/06\/Badanie-Ves-v-1-IgE-swoiste-jpg-150x38.webp 150w, https:\/\/www.alab.pl\/centrum-wiedzy\/wp-content\/uploads\/2024\/06\/Badanie-Ves-v-1-IgE-swoiste-jpg-300x75.webp 300w, https:\/\/www.alab.pl\/centrum-wiedzy\/wp-content\/uploads\/2024\/06\/Badanie-Ves-v-1-IgE-swoiste-jpg-696x174.webp 696w\" sizes=\"auto, (max-width: 800px) 100vw, 800px\" \/><\/a><\/figure>\n\n\n\n<p>Szczeg\u00f3lnie wa\u017cne jest rozr\u00f3\u017cnienie rzeczywistego uczulenia od reakcji krzy\u017cowych wywo\u0142anych obecno\u015bci\u0105<strong> krzy\u017cowo reaguj\u0105cych determinant\u00f3w w\u0119glowodanowych (CCD)\u200b\u200b.<\/strong> W tym celu nale\u017cy zwr\u00f3ci\u0107 uwag\u0119 na to, aby wykonywane <a href=\"https:\/\/www.alab.pl\/badanie\/rpol-d-5-i-210-ige-swoiste-l91\" target=\"_blank\" rel=\"noreferrer noopener\">testy zawiera\u0142y rekombinowane moleku\u0142y alergenowe<\/a> oznaczone liter\u0105 \u201er\u201d przed nazw\u0105. S\u0105 one bowiem pozbawione krzy\u017cowo reaguj\u0105cych determinant\u00f3w w\u0119glowodanowych (CCD).&nbsp;<\/p>\n\n\n\n<h2 class=\"wp-block-heading\" id=\"Immunoterapia-alergenowa\"><strong>Immunoterapia alergenowa (VIT) \u2013 odczulanie na jad owad\u00f3w<\/strong>&nbsp;<\/h2>\n\n\n\n<p>Leczenie alergii na jady owad\u00f3w obejmuje <strong>unikanie u\u017c\u0105dle\u0144 oraz wdro\u017cenie immunoterapii swoistej (VIT)<\/strong>, kt\u00f3ra polega na regularnym podawaniu pacjentowi rosn\u0105cych dawek jadu pszczo\u0142y lub osy w celu zmniejszenia wra\u017cliwo\u015bci organizmu na alergen.&nbsp;&nbsp;<\/p>\n\n\n\n<p><strong>Odczulanie trwa zazwyczaj od 3 do 5 lat, a jego skuteczno\u015b\u0107 w przypadku uczulenia na jad osy si\u0119ga 90%, a nawet 100%, w przypadku alergii na jad pszczo\u0142y jest to 80%<\/strong>.&nbsp;&nbsp;<\/p>\n\n\n\n<p>Immunoterapia swoista jadami owad\u00f3w jest jedn\u0105 z najskuteczniejszych form leczenia znanych medycynie.&nbsp;&nbsp;<\/p>\n\n\n\n<p><strong>&gt;&gt; Odkryj:<\/strong> <a href=\"https:\/\/www.alab.pl\/centrum-wiedzy\/alergeny-czyli-co-najczesciej-uczula-rodzaje-i-lista-alergenow\/\">Alergeny, czyli co najcz\u0119\u015bciej uczula. Rodzaje i lista alergen\u00f3w<\/a><\/p>\n\n\n\n<h2 class=\"wp-block-heading\" id=\"Profilaktyka-i-post\u0119powanie-w-przypadku-u\u017c\u0105dlenia\"><strong>Profilaktyka i post\u0119powanie w przypadku u\u017c\u0105dlenia<\/strong>&nbsp;<\/h2>\n\n\n\n<p>Aby ograniczy\u0107 ryzyko u\u017c\u0105dlenia:&nbsp;<\/p>\n\n\n\n<ul class=\"wp-block-list\">\n<li>unikaj miejsc takich jak \u0142\u0105ki i sady, zw\u0142aszcza gdy w pobli\u017cu znajduj\u0105 si\u0119 dojrza\u0142e owoce;&nbsp;<\/li>\n\n\n\n<li>unikaj spo\u017cywania owoc\u00f3w, s\u0142odkich d\u017cem\u00f3w oraz lod\u00f3w podczas przebywania na \u015bwie\u017cym powietrzu;&nbsp;<\/li>\n\n\n\n<li>szczelnie zamykaj pojemniki na odpadki i resztki jedzenia;&nbsp;<\/li>\n\n\n\n<li>unikaj mocnych zapach\u00f3w, kt\u00f3re przyci\u0105gaj\u0105 owady, takich jak pot, silne perfumy oraz dezodoranty;&nbsp;<\/li>\n\n\n\n<li>unikaj chodzenia boso po trawie;&nbsp;<\/li>\n\n\n\n<li>wybieraj ubrania w kolorach neutralnych, takich jak biel, ziele\u0144 i be\u017c, unikaj jaskrawych barw przyci\u0105gaj\u0105cych owady;&nbsp;<\/li>\n\n\n\n<li>podczas przebywania w miejscach, gdzie ryzyko u\u017c\u0105dlenia jest wi\u0119ksze, no\u015b d\u0142ugie spodnie, koszule z d\u0142ugim r\u0119kawem, kapelusz i opcjonalnie r\u0119kawiczki;&nbsp;<\/li>\n\n\n\n<li>w razie u\u017c\u0105dlenia kogo\u015b w pobli\u017cu, oddal si\u0119 na co najmniej 50 metr\u00f3w, aby unikn\u0105\u0107 ataku innych owad\u00f3w;&nbsp;<\/li>\n\n\n\n<li>w przypadku ataku pszcz\u00f3\u0142 lub os, zas\u0142o\u0144 g\u0142ow\u0119.&nbsp;<\/li>\n<\/ul>\n\n\n\n<p>Warto r\u00f3wnie\u017c mie\u0107 przy sobie zestaw pierwszej pomocy zawieraj\u0105cy <strong>automatyczny<\/strong> <strong>wstrzykiwacz adrenaliny, antyhistaminiki oraz glikokortykosteroidy<\/strong> na wypadek u\u017c\u0105dlenia.&nbsp;&nbsp;<\/p>\n\n\n\n<p>W przypadku uk\u0105szenia wa\u017cne jest szybkie podanie adrenaliny i jak najszybszy kontakt z lekarzem\u200b\u200b.&nbsp;<\/p>\n\n\n\n<h2 class=\"wp-block-heading\" id=\"Alergia-na-jad-owad\u00f3w\"><strong>Alergia na jad owad\u00f3w \u2013 zako\u0144czenie<\/strong>&nbsp;<\/h2>\n\n\n\n<p>Alergia na jady owad\u00f3w jest powa\u017cnym schorzeniem, kt\u00f3re wymaga odpowiedniej diagnostyki \u017cycia reakcjom anafilaktycznym. Je\u015bli do\u015bwiadczy\u0142e\u015b silnej reakcji po u\u017c\u0105dleniu owada i podejrzewasz u siebie uczulenie na jego jad, skonsultuj si\u0119 z alergologiem i wykonaj niezb\u0119dne testy alergiczne.&nbsp;<\/p>\n\n\n\n<hr class=\"wp-block-separator has-alpha-channel-opacity\"\/>\n\n\n\n<p><strong>Bibliografia<\/strong><\/p>\n\n\n\n<ol class=\"wp-block-list\">\n<li>Bonifazi F. et al., Prevention and treatment of hymenoptera venom allergy: guidelines for clinical practice. Allergy 2005; 60: 1459-1470.&nbsp;<\/li>\n\n\n\n<li>Canonica G.W. et al., A WAO &#8211; ARIA &#8211; GA\u00b2LEN consensus document on molecular-based allergy diagnostics. World Allergy Organ J. 2013; 6(1): 17.&nbsp;<\/li>\n\n\n\n<li>Spillner E. et al., Hymenoptera allergens: from venom to \u201dvenome\u201d. Frontiers in immunology 2014; 5: 1-7.&nbsp;<\/li>\n\n\n\n<li>Bil\u00f3 B. et al., Diagnosis of Hymenoptera venom allergy. Allergy 2005; 60: 1339-49.&nbsp;<\/li>\n\n\n\n<li>Grunwald T. et al., Molecular cloning and expression in insect cells of honeybee venom allergen acid phosphatase (Api m 3). J Allergy Clin Immunol 2006; 117: 848-54.&nbsp;<\/li>\n\n\n\n<li>Blank S. et al., Api m 10, a genuine A. mellifera venom allergen, is clinically relevant but underrepresented in therapeutic extracts. Allergy 2011; 66: 1322-29.&nbsp;<\/li>\n\n\n\n<li>K\u00f6hler J et al., Component resolution reveals additional major allergens in patients with honey bee venom allergy. J Allergy Clin Immunol 2014; 133: 1383-89.&nbsp;<\/li>\n\n\n\n<li>Frick M. et al., rApi m 3 and rApi m 10 improve detection of honey bee sensitization in Hymenoptera venom\u2013allergic patients with double sensitization to honey bee and yellow jacket venom. Allergy 2015; 70: 1665-68.&nbsp;<\/li>\n\n\n\n<li>Simons FE. et al., International consensus on (ICON) anaphylaxis. World Allergy Organ J. 2014 May 30; 7(1): 9.&nbsp;<\/li>\n\n\n\n<li>Simons FE. et al., World Allergy Organization Anaphylaxis Guidelines: 2013 update of the evidence base. Int Arch Allergy Immunol. 2013; 162(3): 193-204.&nbsp;<\/li>\n\n\n\n<li>Cox L. et al., Allergen Immunotherapy: A practice parameter third update. J Allergy Clin Immunol 2011; 127(1): 1-55.&nbsp;<\/li>\n\n\n\n<li>Rueff F. et al., Predictors of severe systemic anaphylactic reactions in patients with Hymenoptera venom allergy: Importance of baseline serum tryptase. J Allergy Clin Immunol 2009; 124: 1047-54.&nbsp;<\/li>\n\n\n\n<li>M\u00fcller U. et al., Hymenoptera venom allergy: analysis of double positivity to honey bee and Vespula venom by estimation of IgE antibodies to species-specific major allergens Api m 1 and Ves v 5. Allergy 2009; 64: 543-48.&nbsp;<\/li>\n\n\n\n<li>Mittermann I. et al., Recombinant allergen-based IgE testing to distinguish bee and wasp allergy. J Allergy Clin Immunol 2010; 125: 1300-07.&nbsp;<\/li>\n<\/ol>\n","protected":false},"excerpt":{"rendered":"<p>Czym jest alergia na jad owad\u00f3w? Dowiedz si\u0119, jak rozpozna\u0107 reakcj\u0119 alergiczn\u0105 po u\u017c\u0105dleniu pszczo\u0142y lub osy!<\/p>\n","protected":false},"author":132,"featured_media":14619,"comment_status":"closed","ping_status":"open","sticky":false,"template":"","format":"standard","meta":{"_acf_changed":false,"inline_featured_image":false,"footnotes":""},"categories":[4],"tags":[],"coauthors":[182],"class_list":{"0":"post-14775","1":"post","2":"type-post","3":"status-publish","4":"format-standard","5":"has-post-thumbnail","7":"category-alergia"},"acf":[],"yoast_head":"<!-- This site is optimized with the Yoast SEO plugin v27.5 - https:\/\/yoast.com\/product\/yoast-seo-wordpress\/ -->\n<title>Uczulenie na jad pszczo\u0142y i osy \u2013 bolesna przyczyna ci\u0119\u017ckich reakcji alergicznych\u00a0 - Centrum Wiedzy ALAB laboratoria<\/title>\n<meta name=\"description\" content=\"Dowiedz si\u0119, czym charakteryzuje si\u0119 uczulenie na jad owad\u00f3w i jak skutecznie zapobiega\u0107 uk\u0105szeniom przez osy i pszczo\u0142y!\" \/>\n<meta name=\"robots\" content=\"index, follow, max-snippet:-1, max-image-preview:large, max-video-preview:-1\" \/>\n<link rel=\"canonical\" href=\"https:\/\/www.alab.pl\/centrum-wiedzy\/uczulenie-na-jad-pszczoly-i-osy-bolesna-przyczyna-ciezkich-reakcji-alergicznych\/\" \/>\n<meta property=\"og:locale\" content=\"pl_PL\" \/>\n<meta property=\"og:type\" content=\"article\" \/>\n<meta property=\"og:title\" content=\"Uczulenie na jad pszczo\u0142y i osy \u2013 bolesna przyczyna ci\u0119\u017ckich reakcji alergicznych\u00a0 - Centrum Wiedzy ALAB laboratoria\" \/>\n<meta property=\"og:description\" content=\"Dowiedz si\u0119, czym charakteryzuje si\u0119 uczulenie na jad owad\u00f3w i jak skutecznie zapobiega\u0107 uk\u0105szeniom przez osy i pszczo\u0142y!\" \/>\n<meta property=\"og:url\" content=\"https:\/\/www.alab.pl\/centrum-wiedzy\/uczulenie-na-jad-pszczoly-i-osy-bolesna-przyczyna-ciezkich-reakcji-alergicznych\/\" \/>\n<meta property=\"og:site_name\" content=\"Centrum Wiedzy ALAB laboratoria\" \/>\n<meta property=\"article:publisher\" content=\"https:\/\/www.facebook.com\/ALABlaboratoria\" \/>\n<meta property=\"article:published_time\" content=\"2024-06-27T10:00:00+00:00\" \/>\n<meta property=\"og:image\" content=\"https:\/\/www.alab.pl\/centrum-wiedzy\/wp-content\/uploads\/2024\/06\/alergia-na-jady-owadow-jpg.webp\" \/>\n\t<meta property=\"og:image:width\" content=\"1925\" \/>\n\t<meta property=\"og:image:height\" content=\"1285\" \/>\n\t<meta property=\"og:image:type\" content=\"image\/webp\" \/>\n<meta name=\"author\" content=\"Krzysztof W\u00f3jcik\" \/>\n<meta name=\"twitter:card\" content=\"summary_large_image\" \/>\n<meta name=\"twitter:label1\" content=\"Napisane przez\" \/>\n\t<meta name=\"twitter:data1\" content=\"Krzysztof W\u00f3jcik\" \/>\n\t<meta name=\"twitter:label2\" content=\"Szacowany czas czytania\" \/>\n\t<meta name=\"twitter:data2\" content=\"8 minut\" \/>\n\t<meta name=\"twitter:label3\" content=\"Written by\" \/>\n\t<meta name=\"twitter:data3\" content=\"Krzysztof W\u00f3jcik\" \/>\n<!-- \/ Yoast SEO plugin. -->","yoast_head_json":{"title":"Uczulenie na jad pszczo\u0142y i osy \u2013 bolesna przyczyna ci\u0119\u017ckich reakcji alergicznych\u00a0 - Centrum Wiedzy ALAB laboratoria","description":"Dowiedz si\u0119, czym charakteryzuje si\u0119 uczulenie na jad owad\u00f3w i jak skutecznie zapobiega\u0107 uk\u0105szeniom przez osy i pszczo\u0142y!","robots":{"index":"index","follow":"follow","max-snippet":"max-snippet:-1","max-image-preview":"max-image-preview:large","max-video-preview":"max-video-preview:-1"},"canonical":"https:\/\/www.alab.pl\/centrum-wiedzy\/uczulenie-na-jad-pszczoly-i-osy-bolesna-przyczyna-ciezkich-reakcji-alergicznych\/","og_locale":"pl_PL","og_type":"article","og_title":"Uczulenie na jad pszczo\u0142y i osy \u2013 bolesna przyczyna ci\u0119\u017ckich reakcji alergicznych\u00a0 - Centrum Wiedzy ALAB laboratoria","og_description":"Dowiedz si\u0119, czym charakteryzuje si\u0119 uczulenie na jad owad\u00f3w i jak skutecznie zapobiega\u0107 uk\u0105szeniom przez osy i pszczo\u0142y!","og_url":"https:\/\/www.alab.pl\/centrum-wiedzy\/uczulenie-na-jad-pszczoly-i-osy-bolesna-przyczyna-ciezkich-reakcji-alergicznych\/","og_site_name":"Centrum Wiedzy ALAB laboratoria","article_publisher":"https:\/\/www.facebook.com\/ALABlaboratoria","article_published_time":"2024-06-27T10:00:00+00:00","og_image":[{"width":1925,"height":1285,"url":"https:\/\/www.alab.pl\/centrum-wiedzy\/wp-content\/uploads\/2024\/06\/alergia-na-jady-owadow-jpg.webp","type":"image\/webp"}],"author":"Krzysztof W\u00f3jcik","twitter_card":"summary_large_image","twitter_misc":{"Napisane przez":"Krzysztof W\u00f3jcik","Szacowany czas czytania":"8 minut","Written by":"Krzysztof W\u00f3jcik"},"schema":{"@context":"https:\/\/schema.org","@graph":[{"@type":"Article","@id":"https:\/\/www.alab.pl\/centrum-wiedzy\/uczulenie-na-jad-pszczoly-i-osy-bolesna-przyczyna-ciezkich-reakcji-alergicznych\/#article","isPartOf":{"@id":"https:\/\/www.alab.pl\/centrum-wiedzy\/uczulenie-na-jad-pszczoly-i-osy-bolesna-przyczyna-ciezkich-reakcji-alergicznych\/"},"author":{"name":"Krzysztof W\u00f3jcik","@id":"https:\/\/www.alab.pl\/centrum-wiedzy\/#\/schema\/person\/f3084cf0940ae69761607b6347912c58"},"headline":"Uczulenie na jad pszczo\u0142y i osy \u2013 bolesna przyczyna ci\u0119\u017ckich reakcji alergicznych\u00a0","datePublished":"2024-06-27T10:00:00+00:00","mainEntityOfPage":{"@id":"https:\/\/www.alab.pl\/centrum-wiedzy\/uczulenie-na-jad-pszczoly-i-osy-bolesna-przyczyna-ciezkich-reakcji-alergicznych\/"},"wordCount":1426,"publisher":{"@id":"https:\/\/www.alab.pl\/centrum-wiedzy\/#organization"},"image":{"@id":"https:\/\/www.alab.pl\/centrum-wiedzy\/uczulenie-na-jad-pszczoly-i-osy-bolesna-przyczyna-ciezkich-reakcji-alergicznych\/#primaryimage"},"thumbnailUrl":"https:\/\/www.alab.pl\/centrum-wiedzy\/wp-content\/uploads\/2024\/06\/alergia-na-jady-owadow-jpg.webp","articleSection":["Alergia"],"inLanguage":"pl-PL"},{"@type":"WebPage","@id":"https:\/\/www.alab.pl\/centrum-wiedzy\/uczulenie-na-jad-pszczoly-i-osy-bolesna-przyczyna-ciezkich-reakcji-alergicznych\/","url":"https:\/\/www.alab.pl\/centrum-wiedzy\/uczulenie-na-jad-pszczoly-i-osy-bolesna-przyczyna-ciezkich-reakcji-alergicznych\/","name":"Uczulenie na jad pszczo\u0142y i osy \u2013 bolesna przyczyna ci\u0119\u017ckich reakcji alergicznych\u00a0 - Centrum Wiedzy ALAB laboratoria","isPartOf":{"@id":"https:\/\/www.alab.pl\/centrum-wiedzy\/#website"},"primaryImageOfPage":{"@id":"https:\/\/www.alab.pl\/centrum-wiedzy\/uczulenie-na-jad-pszczoly-i-osy-bolesna-przyczyna-ciezkich-reakcji-alergicznych\/#primaryimage"},"image":{"@id":"https:\/\/www.alab.pl\/centrum-wiedzy\/uczulenie-na-jad-pszczoly-i-osy-bolesna-przyczyna-ciezkich-reakcji-alergicznych\/#primaryimage"},"thumbnailUrl":"https:\/\/www.alab.pl\/centrum-wiedzy\/wp-content\/uploads\/2024\/06\/alergia-na-jady-owadow-jpg.webp","datePublished":"2024-06-27T10:00:00+00:00","description":"Dowiedz si\u0119, czym charakteryzuje si\u0119 uczulenie na jad owad\u00f3w i jak skutecznie zapobiega\u0107 uk\u0105szeniom przez osy i pszczo\u0142y!","breadcrumb":{"@id":"https:\/\/www.alab.pl\/centrum-wiedzy\/uczulenie-na-jad-pszczoly-i-osy-bolesna-przyczyna-ciezkich-reakcji-alergicznych\/#breadcrumb"},"inLanguage":"pl-PL","potentialAction":[{"@type":"ReadAction","target":["https:\/\/www.alab.pl\/centrum-wiedzy\/uczulenie-na-jad-pszczoly-i-osy-bolesna-przyczyna-ciezkich-reakcji-alergicznych\/"]}]},{"@type":"ImageObject","inLanguage":"pl-PL","@id":"https:\/\/www.alab.pl\/centrum-wiedzy\/uczulenie-na-jad-pszczoly-i-osy-bolesna-przyczyna-ciezkich-reakcji-alergicznych\/#primaryimage","url":"https:\/\/www.alab.pl\/centrum-wiedzy\/wp-content\/uploads\/2024\/06\/alergia-na-jady-owadow-jpg.webp","contentUrl":"https:\/\/www.alab.pl\/centrum-wiedzy\/wp-content\/uploads\/2024\/06\/alergia-na-jady-owadow-jpg.webp","width":1925,"height":1285,"caption":"alergia na jady owadow"},{"@type":"BreadcrumbList","@id":"https:\/\/www.alab.pl\/centrum-wiedzy\/uczulenie-na-jad-pszczoly-i-osy-bolesna-przyczyna-ciezkich-reakcji-alergicznych\/#breadcrumb","itemListElement":[{"@type":"ListItem","position":1,"name":"Strona g\u0142\u00f3wna","item":"https:\/\/www.alab.pl\/centrum-wiedzy\/"},{"@type":"ListItem","position":2,"name":"Uczulenie na jad pszczo\u0142y i osy \u2013 bolesna przyczyna ci\u0119\u017ckich reakcji alergicznych\u00a0"}]},{"@type":"WebSite","@id":"https:\/\/www.alab.pl\/centrum-wiedzy\/#website","url":"https:\/\/www.alab.pl\/centrum-wiedzy\/","name":"Centrum Wiedzy ALAB laboratoria","description":"","publisher":{"@id":"https:\/\/www.alab.pl\/centrum-wiedzy\/#organization"},"potentialAction":[{"@type":"SearchAction","target":{"@type":"EntryPoint","urlTemplate":"https:\/\/www.alab.pl\/centrum-wiedzy\/?s={search_term_string}"},"query-input":{"@type":"PropertyValueSpecification","valueRequired":true,"valueName":"search_term_string"}}],"inLanguage":"pl-PL"},{"@type":"Organization","@id":"https:\/\/www.alab.pl\/centrum-wiedzy\/#organization","name":"Centrum Wiedzy ALAB laboratoria","url":"https:\/\/www.alab.pl\/centrum-wiedzy\/","logo":{"@type":"ImageObject","inLanguage":"pl-PL","@id":"https:\/\/www.alab.pl\/centrum-wiedzy\/#\/schema\/logo\/image\/","url":"https:\/\/www.alab.pl\/centrum-wiedzy\/wp-content\/uploads\/2022\/04\/alabek.jpg","contentUrl":"https:\/\/www.alab.pl\/centrum-wiedzy\/wp-content\/uploads\/2022\/04\/alabek.jpg","width":1250,"height":1251,"caption":"Centrum Wiedzy ALAB laboratoria"},"image":{"@id":"https:\/\/www.alab.pl\/centrum-wiedzy\/#\/schema\/logo\/image\/"},"sameAs":["https:\/\/www.facebook.com\/ALABlaboratoria"]},{"@type":"Person","@id":"https:\/\/www.alab.pl\/centrum-wiedzy\/#\/schema\/person\/f3084cf0940ae69761607b6347912c58","name":"Krzysztof W\u00f3jcik","image":{"@type":"ImageObject","inLanguage":"pl-PL","@id":"https:\/\/www.alab.pl\/centrum-wiedzy\/wp-content\/uploads\/2023\/06\/Krzysztof-Wojcik-jpg-150x150.webp5814ec2a1db80e9b76a4aedaaa1fb3d9","url":"https:\/\/www.alab.pl\/centrum-wiedzy\/wp-content\/uploads\/2023\/06\/Krzysztof-Wojcik-jpg-150x150.webp","contentUrl":"https:\/\/www.alab.pl\/centrum-wiedzy\/wp-content\/uploads\/2023\/06\/Krzysztof-Wojcik-jpg-150x150.webp","caption":"Krzysztof W\u00f3jcik"},"description":"Mgr biotechnologii medycznej, Specjalista ds. alergii w HVD Life Sciences, Absolwent Uniwersytetu Marii Curie-Sk\u0142odowskiej w Lublinie.","url":"https:\/\/www.alab.pl\/centrum-wiedzy\/author\/krzysztof-wojcik\/"}]}},"_links":{"self":[{"href":"https:\/\/www.alab.pl\/centrum-wiedzy\/wp-json\/wp\/v2\/posts\/14775","targetHints":{"allow":["GET"]}}],"collection":[{"href":"https:\/\/www.alab.pl\/centrum-wiedzy\/wp-json\/wp\/v2\/posts"}],"about":[{"href":"https:\/\/www.alab.pl\/centrum-wiedzy\/wp-json\/wp\/v2\/types\/post"}],"author":[{"embeddable":true,"href":"https:\/\/www.alab.pl\/centrum-wiedzy\/wp-json\/wp\/v2\/users\/132"}],"replies":[{"embeddable":true,"href":"https:\/\/www.alab.pl\/centrum-wiedzy\/wp-json\/wp\/v2\/comments?post=14775"}],"version-history":[{"count":0,"href":"https:\/\/www.alab.pl\/centrum-wiedzy\/wp-json\/wp\/v2\/posts\/14775\/revisions"}],"wp:featuredmedia":[{"embeddable":true,"href":"https:\/\/www.alab.pl\/centrum-wiedzy\/wp-json\/wp\/v2\/media\/14619"}],"wp:attachment":[{"href":"https:\/\/www.alab.pl\/centrum-wiedzy\/wp-json\/wp\/v2\/media?parent=14775"}],"wp:term":[{"taxonomy":"category","embeddable":true,"href":"https:\/\/www.alab.pl\/centrum-wiedzy\/wp-json\/wp\/v2\/categories?post=14775"},{"taxonomy":"post_tag","embeddable":true,"href":"https:\/\/www.alab.pl\/centrum-wiedzy\/wp-json\/wp\/v2\/tags?post=14775"},{"taxonomy":"author","embeddable":true,"href":"https:\/\/www.alab.pl\/centrum-wiedzy\/wp-json\/wp\/v2\/coauthors?post=14775"}],"curies":[{"name":"wp","href":"https:\/\/api.w.org\/{rel}","templated":true}]}}