{"id":1483,"date":"2021-11-15T13:25:23","date_gmt":"2021-11-15T12:25:23","guid":{"rendered":"https:\/\/sklep.alablaboratoria.pl\/centrum-wiedzy\/centrum-wiedzy\/?p=1483"},"modified":"2021-11-15T13:25:23","modified_gmt":"2021-11-15T12:25:23","slug":"koronawirus-u-dzieci","status":"publish","type":"post","link":"https:\/\/www.alab.pl\/centrum-wiedzy\/koronawirus-u-dzieci\/","title":{"rendered":"COVID-19 u dzieci &#8211; objawy, przebieg, diagnostyka"},"content":{"rendered":"\n<p><strong>Jakie objawy mo\u017ce powodowa\u0107 koronawirus SARS-CoV-2 u dzieci? Jak sprawdzi\u0107, czy dziecko choruje na COVID-19? Kiedy i kt\u00f3ry test wybra\u0107? Jakie jest ryzyko ci\u0119\u017ckiego przebiegu choroby i PIMS? Te i inne wa\u017cne informacje znajdziesz w poni\u017cszym artykule. <\/strong><\/p>\n\n\n\n<p>Dzieci rzadko choruj\u0105 na COVID-19 &#8211; liczba zaka\u017ce\u0144 w\u015br\u00f3d najm\u0142odszych jest niska w por\u00f3wnaniu z osobami doros\u0142ymi. Rzadziej r\u00f3wnie\u017c dochodzi u nich do ci\u0119\u017ckiego przebiegu COVID-19. Jednak nie bagatelizujmy problemu, gdy\u017c u dzieci \u2013 pomimo \u0142agodnego przebiegu choroby \u2013 mo\u017ce wyst\u0105pi\u0107 <strong>PIMS (wielouk\u0142adowy zesp\u00f3\u0142 zapalny)<\/strong>, kt\u00f3ry bywa efektem zaka\u017cenia koronawirusem.<\/p>\n\n\n\n<h2 class=\"wp-block-heading\">Koronawirus u dzieci &#8211; kto choruje najcz\u0119\u015bciej i jakie s\u0105 objawy zaka\u017cenia? <\/h2>\n\n\n\n<p>Najwi\u0119ksz\u0105 liczb\u0119 zachorowa\u0144 na COVID-19 odnotowuje si\u0119 w grupie w wieku 10-18 lat, potem 6-10 lat. Najmniej przypadk\u00f3w wyst\u0119puje w\u015br\u00f3d przedszkolak\u00f3w i dzieci do lat 3. <\/p>\n\n\n\n<h4 class=\"wp-block-heading\">Jakie objawy towarzysz\u0105 zaka\u017ceniu? <\/h4>\n\n\n\n<p>Koronawirus u dzieci najcz\u0119\u015bciej powoduje <strong>symptomy \u201ezwyk\u0142ej\u201d infekcji dr\u00f3g oddechowych<\/strong>, takie jak:<\/p>\n\n\n\n<ul class=\"wp-block-list\">\n<li>duszno\u015b\u0107<\/li>\n\n\n\n<li>kaszel<\/li>\n\n\n\n<li>zablokowany nos i katar<\/li>\n\n\n\n<li>b\u00f3l gard\u0142a<\/li>\n<\/ul>\n\n\n\n<p>Warto wiedzie\u0107, \u017ce u dzieci stosunkowo cz\u0119\u015bciej pojawiaj\u0105 si\u0119 te\u017c <strong>objawy ze strony przewodu pokarmowego<\/strong>:<\/p>\n\n\n\n<ul class=\"wp-block-list\">\n<li>biegunka<\/li>\n\n\n\n<li>nudno\u015bci lub wymioty<\/li>\n\n\n\n<li>utrata apetytu<\/li>\n<\/ul>\n\n\n\n<p>Poza tym mog\u0105 wyst\u0105pi\u0107 <strong>wysypki sk\u00f3rne<\/strong> (czasem b\u0142\u0119dnie interpretowane jako objawy alergii) oraz <strong>zaburzenia w\u0119chu i smaku<\/strong>.<\/p>\n\n\n\n<p>Jak wida\u0107, ka\u017cda infekcja mo\u017ce &#8222;by\u0107 podejrzana&#8221; o to, \u017ce jest wywo\u0142ana wirusem SARS-CoV-2. Dlatego w przypadku infekcji <strong>skonsultujmy si\u0119 z lekarzem lub skorzystajmy z mo\u017cliwo\u015bci zrobienia testu w laboratorium<\/strong>. <\/p>\n\n\n\n<p>Jest to szczeg\u00f3lnie istotne, je\u015bli mamy pod opiek\u0105 <strong>dzieci, u kt\u00f3rych ryzyko ci\u0119\u017cszego przebiegu lub wyst\u0105pienia powik\u0142a\u0144 jest wi\u0119ksze<\/strong>. Zaliczamy do nich m.in. dzieci z <strong>astm\u0105, niewyr\u00f3wnan\u0105 <a href=\"https:\/\/www.alab.pl\/centrum-wiedzy\/cukrzyca\/\">cukrzyc\u0105<\/a>, chorobami&nbsp;nowotworowymi, czy zaburzeniami odporno\u015bci<\/strong>. Pami\u0119tajmy r\u00f3wnie\u017c, \u017ce koronawirus stanowi wi\u0119ksze zagro\u017cenie dla dzieci z <strong>oty\u0142o\u015bci\u0105<\/strong>. Nawet je\u015bli dzi\u015b nie stwierdzamy innych chor\u00f3b, oty\u0142o\u015b\u0107 jest <strong>czynnikiem ryzyka ci\u0119\u017ckiego przebiegu lub powik\u0142a\u0144<\/strong>.<\/p>\n\n\n\n<p><\/p>\n\n\n\n<figure class=\"wp-block-image size-large\"><a href=\"https:\/\/www.alab.pl\/katalog-badan\/badania\/koronawirus\" target=\"_blank\" rel=\"noopener noreferrer\"><img loading=\"lazy\" decoding=\"async\" width=\"800\" height=\"200\" src=\"https:\/\/www.alab.pl\/centrum-wiedzy\/wp-content\/uploads\/2022\/03\/testy-na-covid-baner-1.jpg\" alt=\"\" class=\"wp-image-2331\" srcset=\"https:\/\/www.alab.pl\/centrum-wiedzy\/wp-content\/uploads\/2022\/03\/testy-na-covid-baner-1.jpg 800w, https:\/\/www.alab.pl\/centrum-wiedzy\/wp-content\/uploads\/2022\/03\/testy-na-covid-baner-1-768x192.jpg 768w, https:\/\/www.alab.pl\/centrum-wiedzy\/wp-content\/uploads\/2022\/03\/testy-na-covid-baner-1-150x38.jpg 150w, https:\/\/www.alab.pl\/centrum-wiedzy\/wp-content\/uploads\/2022\/03\/testy-na-covid-baner-1-300x75.jpg 300w, https:\/\/www.alab.pl\/centrum-wiedzy\/wp-content\/uploads\/2022\/03\/testy-na-covid-baner-1-696x174.jpg 696w\" sizes=\"auto, (max-width: 800px) 100vw, 800px\" \/><\/a><\/figure>\n\n\n\n<p><\/p>\n\n\n\n<h2 class=\"wp-block-heading\">Jak sprawdzi\u0107, czy dziecko choruje na COVID-19?<\/h2>\n\n\n\n<p><strong>Podstaw\u0105 jest wykonanie wymazu (<a href=\"https:\/\/www.alab.pl\/centrum-wiedzy\/testy-antygenowe-na-koronawirusa\/\">antygenowego<\/a> lub <a href=\"https:\/\/www.alab.pl\/centrum-wiedzy\/badania-molekularne-na-covid-19\/\">PCR<\/a>).<\/strong> Skierowanie na badanie, kt\u00f3re ma by\u0107 wykonane w ramach NFZ wystawia lekarz. <\/p>\n\n\n\n<p>Dla wielu dzieci wymaz z nosa lub z nosogard\u0142a jest bardzo niekomfortowy, dziecko broni si\u0119 przed pobraniem i prze\u017cywa niepotrzebny stres. Idealnym rozwi\u0105zaniem jest w\u00f3wczas badanie PCR, gdzie materia\u0142em do pobrania jest \u015blina (sic!). Nieinwazyjne pobranie \u2013 pacjent nape\u0142nia \u015blin\u0105 specjaln\u0105 pr\u00f3b\u00f3wk\u0119 \u2013 zapewnia komfort badania i nie rodzi dodatkowego l\u0119ku.<br>Najlepiej, je\u015bli badanie wykonamy rano na czczo, przed porannym szczotkowaniem z\u0119b\u00f3w. Je\u015bli badanie wykonujemy w ci\u0105gu dnia, co najmniej 30 minut przed pobraniem nale\u017cy powstrzyma\u0107 si\u0119 od jedzenia, picia jakichkolwiek p\u0142yn\u00f3w.<\/p>\n\n\n\n<h3 class=\"wp-block-heading\">Kiedy warto zrobi\u0107 taki test?<\/h3>\n\n\n\n<ul class=\"wp-block-list\">\n<li>u dzieci z chorobami zagra\u017caj\u0105cymi ci\u0119\u017ckim przebiegiem COVID-19 lub powik\u0142aniami (pisali\u015bmy o tym wy\u017cej)<\/li>\n\n\n\n<li>w przypadku dzieci, kt\u00f3re mia\u0142y kontakt z osobami chorymi lub zaka\u017conymi \u2013 pami\u0119tajmy o mo\u017cliwo\u015bci bezobjawowego przebiegu COVID-19, zw\u0142aszcza je\u015bli opiekunowie lub domownicy s\u0105 obarczenie ryzykiem ci\u0119\u017ckiego przebiegu choroby<\/li>\n\n\n\n<li>u dzieci z objawami infekcji dr\u00f3g oddechowych lub nie\u017cytu przewodu pokarmowego &#8211; \u2013 obecne zalecenia konsultanta krajowego ds. medycyny rodzinnej rekomenduj\u0105 aby test w kierunku COVID-19 by\u0142 wykonywany przy ka\u017cdej infekcji, poniewa\u017c badaniem lekarskim nie jeste\u015bmy w stanie okre\u015bli\u0107 czy dana infekcja jest spowodowana wirusem SARS-CoV2 czy innymi patogenami.<\/li>\n<\/ul>\n\n\n\n<p><strong>Wi\u0119cej informacji o badaniu znajdziesz <a href=\"https:\/\/www.alab.pl\/badanie\/rna-wirusa-sars-cov-2-slina-metoda-pcr-covid-wynik-w-jezyku-polskim\" target=\"_blank\" rel=\"noreferrer noopener\">TUTAJ<\/a>.<\/strong> <\/p>\n\n\n\n<h3 class=\"wp-block-heading\">Kiedy rozwa\u017cy\u0107 oznaczenie przeciwcia\u0142?<\/h3>\n\n\n\n<p><strong>Czy u dziecka, u kt\u00f3rego podejrzewamy czynn\u0105 infekcj\u0119 warto robi\u0107 badanie przeciwcia\u0142?<\/strong> Odpowied\u017a brzmi: nie warto. Mo\u017cna wykona\u0107 to badanie, je\u015bli podejrzewamy, i\u017c dziecko przesz\u0142o infekcj\u0119 lub mia\u0142o kontakt z wirusem (r\u00f3wnie\u017c bezobjawowy) w przesz\u0142o\u015bci. &nbsp;Po ok. <strong>dw\u00f3ch miesi\u0105cach<\/strong> od wyst\u0105pienia objaw\u00f3w lub <a href=\"https:\/\/www.alab.pl\/centrum-wiedzy\/kwarantanna-covid19\/\">kontaktu z osob\u0105 zaka\u017con\u0105<\/a> mo\u017cemy oznaczy\u0107 <strong>przeciwcia\u0142a w klasie IgG<\/strong>. <\/p>\n\n\n\n<p><strong>UWAGA! <\/strong>Nawet je\u015bli poziom przeciwcia\u0142 jest wysoki, nie oznacza to, i\u017c jeste\u015bmy bezpieczni i mo\u017cemy nie stosowa\u0107 si\u0119 do obostrze\u0144. Na razie nie wiemy, jaki poziom przeciwcia\u0142 i na jak d\u0142ugo zapewnia odporno\u015b\u0107, dlatego por\u00f3wnywanie wynik\u00f3w pomi\u0119dzy domownikami nie ma sensu. R\u00f3wnie\u017c <strong>wniosek, \u017ce kto\u015b, kto ma wy\u017cszy poziom IgG, ma automatycznie \u201ewi\u0119ksz\u0105 odporno\u015b\u0107\u201d lub \u201ewi\u0119ksz\u0105 ochron\u0119\u201d jest fa\u0142szywy.<\/strong><\/p>\n\n\n\n<p>Pomimo tych znak\u00f3w zapytania warto rozwa\u017cy\u0107 wykonanie badania, poniewa\u017c obecno\u015b\u0107 przeciwcia\u0142 IgG to pewno\u015b\u0107 przebytego kontaktu z wirusem i \u2013 podkre\u015blaj\u0105c, \u017ce nie daje nam to zabezpieczenia przed powt\u00f3rnym zachorowaniem \u2013 informacja, \u017ce wyst\u0119puje jednak pewien poziom odporno\u015bci. <strong>Pojawienie si\u0119 przeciwcia\u0142 IgG u dzieci ma r\u00f3wnie\u017c znaczenie w diagnozie PIMS.<\/strong> Ich obecno\u015b\u0107 wraz objawami klinicznymi potwierdza wyst\u0105pienie zespo\u0142u i przyspiesza diagnoz\u0119, kieruj\u0105c uwag\u0119 lekarzy w kierunku PIMS.<\/p>\n\n\n\n<p><strong><a href=\"https:\/\/www.alab.pl\/badanie\/pc-przeciw-wirusowi-sars-cov-2-w-klasie-igg-met-ilosciowa\" target=\"_blank\" rel=\"noreferrer noopener\">Jaki test badaj\u0105cy poziom przeciwcia\u0142 przeciwko wirusowi SARS CoV-2 w klasie IgG wybra\u0107?<\/a> <\/strong><\/p>\n\n\n\n<h2 class=\"wp-block-heading\">Ryzyko ci\u0119\u017ckiego przebiegu COVID-19 u dzieci oraz zesp\u00f3\u0142 PIMS<\/h2>\n\n\n\n<p>O ci\u0119\u017ckim przebiegu COVID-19 u dzieci m\u00f3wimy wtedy, gdy pojawia si\u0119 <strong>zapotrzebowanie na tlen<\/strong>. Sytuacja ta najcz\u0119\u015bciej dotyczy <strong>dzieci z chorobami towarzysz\u0105cymi<\/strong> (patrz wy\u017cej). <strong>Bardziej nara\u017cone s\u0105 r\u00f3wnie\u017c noworodki i niemowl\u0119ta.<\/strong><\/p>\n\n\n\n<p><strong>PIMS, czyli wielouk\u0142adowy zesp\u00f3\u0142 zapalny<\/strong> jest natomiast efektem zaka\u017cenia, kt\u00f3ry mo\u017ce wyst\u0105pi\u0107 nawet u dzieci bez objaw\u00f3w. Pojawia si\u0119 kilka tygodni po infekcji, dlatego czasem rodzice nie wi\u0105\u017c\u0105 pojawiaj\u0105cych si\u0119 objaw\u00f3w z wirusem SARS-CoV-2. <\/p>\n\n\n\n<h3 class=\"wp-block-heading\">Jakie s\u0105 objawy PIMS?<\/h3>\n\n\n\n<p>Choroba mo\u017ce objawia\u0107 si\u0119 w r\u00f3\u017cny spos\u00f3b, np. <strong>bardzo silnymi b\u00f3lami brzucha, biegunk\u0105 i wymiotami<\/strong>. Czasem pojawia si\u0119 <strong>wysypka<\/strong>, zajmuj\u0105ca r\u00f3\u017cne obszary sk\u00f3ry lub<strong> bardzo silne zapalenie spoj\u00f3wek<\/strong>. Niekiedy objawem mog\u0105 by\u0107 <strong>bardzo czerwone i spierzchni\u0119te usta i \u017cywoczerwony, pokryty drobnymi krostkami j\u0119zyk<\/strong> (podobny do truskawki). Dziecko mo\u017ce by\u0107 <strong>bardzo znacznie os\u0142abione, odczuwa\u0107 silne b\u00f3le g\u0142owy, karku, gard\u0142a, mie\u0107 obrz\u0119kni\u0119te d\u0142onie i stopy<\/strong>. W przebiegu PIMS mo\u017cna r\u00f3wnie\u017c obserwowa\u0107 <strong>problemy z oddawaniem moczu<\/strong>, z powodu niewielkiej jego ilo\u015bci. <\/p>\n\n\n\n<p><strong>Choroba mo\u017ce sko\u0144czy\u0107 si\u0119 powik\u0142aniami kardiologicznymi i wstrz\u0105sem.<\/strong> Wczesne rozpocz\u0119cie leczenia szybko poprawia stan zdrowia dziecka, dlatego warto mie\u0107 \u015bwiadomo\u015b\u0107, czy nasze dziecko mia\u0142o ju\u017c kontakt z wirusem (czy ma przeciwcia\u0142a IgG) i czy mo\u017ce by\u0107 nara\u017cone na PIMS.<\/p>\n\n\n\n<h2 class=\"wp-block-heading\">Jak ustrzec dziecko przed koronawirusem?<\/h2>\n\n\n\n<p>Zasady dla dzieci s\u0105 takie same, jak w przypadku doros\u0142ych. <strong>Higiena r\u0105k &#8211; mycie ciep\u0142\u0105 wod\u0105 z myd\u0142em przez co najmniej 20 sekund \u2013 oraz noszenie maseczki. <\/strong>WHO zaleca je dla dzieci powy\u017cej 5. r.\u017c., natomiast ameryka\u0144ska presti\u017cowa Klinika Mayo uwa\u017ca, i\u017c mo\u017cna uczy\u0107 noszenia maseczki dzieci po 2. r.\u017c. &nbsp;Na koniec &#8211; <strong>nie \u201efaszerujmy\u201d dzieci suplementami, kt\u00f3re maj\u0105 podnosi\u0107 odporno\u015b\u0107<\/strong>. Badania nie potwierdzaj\u0105 takiego dzia\u0142ania tych preparat\u00f3w, a ich spo\u017cywanie w nadmiarze mo\u017ce by\u0107 niebezpieczne dla zdrowia.<\/p>\n","protected":false},"excerpt":{"rendered":"<p>Jakie objawy mo\u017ce powodowa\u0107 koronawirus SARS-CoV-2 u dzieci? Jak sprawdzi\u0107, czy dziecko choruje na COVID-19? Kiedy i kt\u00f3ry test wybra\u0107? Jakie jest ryzyko ci\u0119\u017ckiego przebiegu choroby i PIMS? Te i inne wa\u017cne informacje znajdziesz w naszym artykule. <\/p>\n","protected":false},"author":102,"featured_media":1498,"comment_status":"closed","ping_status":"open","sticky":false,"template":"","format":"standard","meta":{"_acf_changed":false,"inline_featured_image":false,"footnotes":""},"categories":[14,30],"tags":[],"coauthors":[134],"class_list":{"0":"post-1483","1":"post","2":"type-post","3":"status-publish","4":"format-standard","5":"has-post-thumbnail","8":"category-zdrowie-dzieci-i-mlodziezy"},"acf":[],"yoast_head":"<!-- This site is optimized with the Yoast SEO plugin v27.5 - https:\/\/yoast.com\/product\/yoast-seo-wordpress\/ -->\n<title>Koronawirus u dzieci: objawy, przebieg, diagnostyka COVID-19<\/title>\n<meta name=\"description\" content=\"Jak COVID-19 przebiega u dzieci i jakie s\u0105 mo\u017cliwe powik\u0142ania? Dowiedz si\u0119 wi\u0119cej o profilaktyce, diagnostyce, przebiegu i leczeniu COVID-19 u dzieci.\" \/>\n<meta name=\"robots\" content=\"index, follow, max-snippet:-1, max-image-preview:large, max-video-preview:-1\" \/>\n<link rel=\"canonical\" href=\"https:\/\/www.alab.pl\/centrum-wiedzy\/koronawirus-u-dzieci\/\" \/>\n<meta property=\"og:locale\" content=\"pl_PL\" \/>\n<meta property=\"og:type\" content=\"article\" \/>\n<meta property=\"og:title\" content=\"Koronawirus u dzieci: objawy, przebieg, diagnostyka COVID-19\" \/>\n<meta property=\"og:description\" content=\"Jak COVID-19 przebiega u dzieci i jakie s\u0105 mo\u017cliwe powik\u0142ania? Dowiedz si\u0119 wi\u0119cej o profilaktyce, diagnostyce, przebiegu i leczeniu COVID-19 u dzieci.\" \/>\n<meta property=\"og:url\" content=\"https:\/\/www.alab.pl\/centrum-wiedzy\/koronawirus-u-dzieci\/\" \/>\n<meta property=\"og:site_name\" content=\"Centrum Wiedzy ALAB laboratoria\" \/>\n<meta property=\"article:publisher\" content=\"https:\/\/www.facebook.com\/ALABlaboratoria\" \/>\n<meta property=\"article:author\" content=\"https:\/\/www.facebook.com\/agatastrukow\/\" \/>\n<meta property=\"article:published_time\" content=\"2021-11-15T12:25:23+00:00\" \/>\n<meta property=\"og:image\" content=\"https:\/\/www.alab.pl\/centrum-wiedzy\/wp-content\/uploads\/2021\/06\/dziecko-z-misiem.jpg\" \/>\n\t<meta property=\"og:image:width\" content=\"1000\" \/>\n\t<meta property=\"og:image:height\" content=\"667\" \/>\n\t<meta property=\"og:image:type\" content=\"image\/jpeg\" \/>\n<meta name=\"author\" content=\"Agata Strukow\" \/>\n<meta name=\"twitter:card\" content=\"summary_large_image\" \/>\n<meta name=\"twitter:label1\" content=\"Napisane przez\" \/>\n\t<meta name=\"twitter:data1\" content=\"Agata Strukow\" \/>\n\t<meta name=\"twitter:label2\" content=\"Szacowany czas czytania\" \/>\n\t<meta name=\"twitter:data2\" content=\"6 minut\" \/>\n\t<meta name=\"twitter:label3\" content=\"Written by\" \/>\n\t<meta name=\"twitter:data3\" content=\"Agata Strukow\" \/>\n<!-- \/ Yoast SEO plugin. -->","yoast_head_json":{"title":"Koronawirus u dzieci: objawy, przebieg, diagnostyka COVID-19","description":"Jak COVID-19 przebiega u dzieci i jakie s\u0105 mo\u017cliwe powik\u0142ania? Dowiedz si\u0119 wi\u0119cej o profilaktyce, diagnostyce, przebiegu i leczeniu COVID-19 u dzieci.","robots":{"index":"index","follow":"follow","max-snippet":"max-snippet:-1","max-image-preview":"max-image-preview:large","max-video-preview":"max-video-preview:-1"},"canonical":"https:\/\/www.alab.pl\/centrum-wiedzy\/koronawirus-u-dzieci\/","og_locale":"pl_PL","og_type":"article","og_title":"Koronawirus u dzieci: objawy, przebieg, diagnostyka COVID-19","og_description":"Jak COVID-19 przebiega u dzieci i jakie s\u0105 mo\u017cliwe powik\u0142ania? Dowiedz si\u0119 wi\u0119cej o profilaktyce, diagnostyce, przebiegu i leczeniu COVID-19 u dzieci.","og_url":"https:\/\/www.alab.pl\/centrum-wiedzy\/koronawirus-u-dzieci\/","og_site_name":"Centrum Wiedzy ALAB laboratoria","article_publisher":"https:\/\/www.facebook.com\/ALABlaboratoria","article_author":"https:\/\/www.facebook.com\/agatastrukow\/","article_published_time":"2021-11-15T12:25:23+00:00","og_image":[{"width":1000,"height":667,"url":"https:\/\/www.alab.pl\/centrum-wiedzy\/wp-content\/uploads\/2021\/06\/dziecko-z-misiem.jpg","type":"image\/jpeg"}],"author":"Agata Strukow","twitter_card":"summary_large_image","twitter_misc":{"Napisane przez":"Agata Strukow","Szacowany czas czytania":"6 minut","Written by":"Agata Strukow"},"schema":{"@context":"https:\/\/schema.org","@graph":[{"@type":"Article","@id":"https:\/\/www.alab.pl\/centrum-wiedzy\/koronawirus-u-dzieci\/#article","isPartOf":{"@id":"https:\/\/www.alab.pl\/centrum-wiedzy\/koronawirus-u-dzieci\/"},"author":{"name":"Agata Strukow","@id":"https:\/\/www.alab.pl\/centrum-wiedzy\/#\/schema\/person\/4c4346aaa370a9ca773ee865bfbec588"},"headline":"COVID-19 u dzieci &#8211; objawy, przebieg, diagnostyka","datePublished":"2021-11-15T12:25:23+00:00","mainEntityOfPage":{"@id":"https:\/\/www.alab.pl\/centrum-wiedzy\/koronawirus-u-dzieci\/"},"wordCount":1160,"publisher":{"@id":"https:\/\/www.alab.pl\/centrum-wiedzy\/#organization"},"image":{"@id":"https:\/\/www.alab.pl\/centrum-wiedzy\/koronawirus-u-dzieci\/#primaryimage"},"thumbnailUrl":"https:\/\/www.alab.pl\/centrum-wiedzy\/wp-content\/uploads\/2021\/06\/dziecko-z-misiem.jpg","articleSection":["Covidowe ABC","Zdrowie dzieci i m\u0142odzie\u017cy"],"inLanguage":"pl-PL"},{"@type":"WebPage","@id":"https:\/\/www.alab.pl\/centrum-wiedzy\/koronawirus-u-dzieci\/","url":"https:\/\/www.alab.pl\/centrum-wiedzy\/koronawirus-u-dzieci\/","name":"Koronawirus u dzieci: objawy, przebieg, diagnostyka COVID-19","isPartOf":{"@id":"https:\/\/www.alab.pl\/centrum-wiedzy\/#website"},"primaryImageOfPage":{"@id":"https:\/\/www.alab.pl\/centrum-wiedzy\/koronawirus-u-dzieci\/#primaryimage"},"image":{"@id":"https:\/\/www.alab.pl\/centrum-wiedzy\/koronawirus-u-dzieci\/#primaryimage"},"thumbnailUrl":"https:\/\/www.alab.pl\/centrum-wiedzy\/wp-content\/uploads\/2021\/06\/dziecko-z-misiem.jpg","datePublished":"2021-11-15T12:25:23+00:00","description":"Jak COVID-19 przebiega u dzieci i jakie s\u0105 mo\u017cliwe powik\u0142ania? Dowiedz si\u0119 wi\u0119cej o profilaktyce, diagnostyce, przebiegu i leczeniu COVID-19 u dzieci.","breadcrumb":{"@id":"https:\/\/www.alab.pl\/centrum-wiedzy\/koronawirus-u-dzieci\/#breadcrumb"},"inLanguage":"pl-PL","potentialAction":[{"@type":"ReadAction","target":["https:\/\/www.alab.pl\/centrum-wiedzy\/koronawirus-u-dzieci\/"]}]},{"@type":"ImageObject","inLanguage":"pl-PL","@id":"https:\/\/www.alab.pl\/centrum-wiedzy\/koronawirus-u-dzieci\/#primaryimage","url":"https:\/\/www.alab.pl\/centrum-wiedzy\/wp-content\/uploads\/2021\/06\/dziecko-z-misiem.jpg","contentUrl":"https:\/\/www.alab.pl\/centrum-wiedzy\/wp-content\/uploads\/2021\/06\/dziecko-z-misiem.jpg","width":1000,"height":667,"caption":"koronawirus u dzieci"},{"@type":"BreadcrumbList","@id":"https:\/\/www.alab.pl\/centrum-wiedzy\/koronawirus-u-dzieci\/#breadcrumb","itemListElement":[{"@type":"ListItem","position":1,"name":"Strona g\u0142\u00f3wna","item":"https:\/\/www.alab.pl\/centrum-wiedzy\/"},{"@type":"ListItem","position":2,"name":"COVID-19 u dzieci &#8211; objawy, przebieg, diagnostyka"}]},{"@type":"WebSite","@id":"https:\/\/www.alab.pl\/centrum-wiedzy\/#website","url":"https:\/\/www.alab.pl\/centrum-wiedzy\/","name":"Centrum Wiedzy ALAB laboratoria","description":"","publisher":{"@id":"https:\/\/www.alab.pl\/centrum-wiedzy\/#organization"},"potentialAction":[{"@type":"SearchAction","target":{"@type":"EntryPoint","urlTemplate":"https:\/\/www.alab.pl\/centrum-wiedzy\/?s={search_term_string}"},"query-input":{"@type":"PropertyValueSpecification","valueRequired":true,"valueName":"search_term_string"}}],"inLanguage":"pl-PL"},{"@type":"Organization","@id":"https:\/\/www.alab.pl\/centrum-wiedzy\/#organization","name":"Centrum Wiedzy ALAB laboratoria","url":"https:\/\/www.alab.pl\/centrum-wiedzy\/","logo":{"@type":"ImageObject","inLanguage":"pl-PL","@id":"https:\/\/www.alab.pl\/centrum-wiedzy\/#\/schema\/logo\/image\/","url":"https:\/\/www.alab.pl\/centrum-wiedzy\/wp-content\/uploads\/2022\/04\/alabek.jpg","contentUrl":"https:\/\/www.alab.pl\/centrum-wiedzy\/wp-content\/uploads\/2022\/04\/alabek.jpg","width":1250,"height":1251,"caption":"Centrum Wiedzy ALAB laboratoria"},"image":{"@id":"https:\/\/www.alab.pl\/centrum-wiedzy\/#\/schema\/logo\/image\/"},"sameAs":["https:\/\/www.facebook.com\/ALABlaboratoria"]},{"@type":"Person","@id":"https:\/\/www.alab.pl\/centrum-wiedzy\/#\/schema\/person\/4c4346aaa370a9ca773ee865bfbec588","name":"Agata Strukow","image":{"@type":"ImageObject","inLanguage":"pl-PL","@id":"https:\/\/www.alab.pl\/centrum-wiedzy\/wp-content\/uploads\/2022\/04\/Agata-Strukow-150x150.jpgcb933d2055e86ab33ade5d5259364a59","url":"https:\/\/www.alab.pl\/centrum-wiedzy\/wp-content\/uploads\/2022\/04\/Agata-Strukow-150x150.jpg","contentUrl":"https:\/\/www.alab.pl\/centrum-wiedzy\/wp-content\/uploads\/2022\/04\/Agata-Strukow-150x150.jpg","caption":"Agata Strukow"},"description":"Absolwentka Wydzia\u0142u Lekarskiego Pomorskiej Akademii Medycznej oraz studi\u00f3w podyplomowych Dietetyka w chorobach wewn\u0119trznych i metabolicznych Warszawskiego Uniwersytetu Medycznego i Psychologii biznesu dla mened\u017cer\u00f3w na Akademii Leona Ko\u017ami\u0144skiego. Nauczycielka jogi kundalini i jogi hormonalnej.","sameAs":["https:\/\/www.facebook.com\/agatastrukow\/","https:\/\/www.instagram.com\/strukowagata\/","https:\/\/pl.linkedin.com\/in\/agata-strukow-7b87205"],"url":"https:\/\/www.alab.pl\/centrum-wiedzy\/author\/agata\/"}]}},"_links":{"self":[{"href":"https:\/\/www.alab.pl\/centrum-wiedzy\/wp-json\/wp\/v2\/posts\/1483","targetHints":{"allow":["GET"]}}],"collection":[{"href":"https:\/\/www.alab.pl\/centrum-wiedzy\/wp-json\/wp\/v2\/posts"}],"about":[{"href":"https:\/\/www.alab.pl\/centrum-wiedzy\/wp-json\/wp\/v2\/types\/post"}],"author":[{"embeddable":true,"href":"https:\/\/www.alab.pl\/centrum-wiedzy\/wp-json\/wp\/v2\/users\/102"}],"replies":[{"embeddable":true,"href":"https:\/\/www.alab.pl\/centrum-wiedzy\/wp-json\/wp\/v2\/comments?post=1483"}],"version-history":[{"count":0,"href":"https:\/\/www.alab.pl\/centrum-wiedzy\/wp-json\/wp\/v2\/posts\/1483\/revisions"}],"wp:featuredmedia":[{"embeddable":true,"href":"https:\/\/www.alab.pl\/centrum-wiedzy\/wp-json\/wp\/v2\/media\/1498"}],"wp:attachment":[{"href":"https:\/\/www.alab.pl\/centrum-wiedzy\/wp-json\/wp\/v2\/media?parent=1483"}],"wp:term":[{"taxonomy":"category","embeddable":true,"href":"https:\/\/www.alab.pl\/centrum-wiedzy\/wp-json\/wp\/v2\/categories?post=1483"},{"taxonomy":"post_tag","embeddable":true,"href":"https:\/\/www.alab.pl\/centrum-wiedzy\/wp-json\/wp\/v2\/tags?post=1483"},{"taxonomy":"author","embeddable":true,"href":"https:\/\/www.alab.pl\/centrum-wiedzy\/wp-json\/wp\/v2\/coauthors?post=1483"}],"curies":[{"name":"wp","href":"https:\/\/api.w.org\/{rel}","templated":true}]}}