{"id":1546,"date":"2025-07-02T07:42:32","date_gmt":"2025-07-02T05:42:32","guid":{"rendered":"https:\/\/sklep.alablaboratoria.pl\/centrum-wiedzy\/centrum-wiedzy\/?p=1546"},"modified":"2025-07-10T15:45:39","modified_gmt":"2025-07-10T13:45:39","slug":"anafilaksja","status":"publish","type":"post","link":"https:\/\/www.alab.pl\/centrum-wiedzy\/anafilaksja\/","title":{"rendered":"Wstrz\u0105s anafilaktyczny \u2013 objawy, przyczyny, diagnostyka, pierwsza pomoc"},"content":{"rendered":"\n<p><strong>Jedn\u0105 z najci\u0119\u017cszych oraz stanowi\u0105cych bezpo\u015brednie zagro\u017cenie \u017cycia reakcj\u0105 zwi\u0105zan\u0105 z alergi\u0105 jest wstrz\u0105s anafilaktyczny. Nie podj\u0119cie leczenia w odpowiednim czasie prowadzi do zgonu. Warto by\u0107 \u015bwiadomym, co mo\u017ce by\u0107 potencjalnym czynnikiem wywo\u0142uj\u0105cym wstrz\u0105s, jakie objawy powoduje anafilaksja oraz w jaki spos\u00f3b sprawdzi\u0107, czy znajdujemy si\u0119 w grupie ryzyka.<\/strong><\/p>\n\n\n\n<p>Spis tre\u015bci<\/p>\n\n\n\n<ol class=\"wp-block-list\">\n<li><a href=\"#co-to-jest-wstrz\u0105s-anafilaktyczny\">Co to jest wstrz\u0105s anafilaktyczny?<\/a><\/li>\n\n\n\n<li><a href=\"#anafilaksja-a-wstrzas-anafilaktyczny\">Anafilaksja a wstrz\u0105s anafilaktyczny<\/a><\/li>\n\n\n\n<li><a href=\"#wstrzas-anafilaktyczny-przyczyny\">Wstrz\u0105s anafilaktyczny &#8211; przyczyny<\/a><\/li>\n\n\n\n<li><a href=\"#najczestsze-alergeny-wywolujace-anafilaksje\">Najcz\u0119stsze alergeny wywo\u0142uj\u0105ce anafilaksj\u0119<\/a><\/li>\n\n\n\n<li><a href=\"#wstrzas-anafilaktyczny-objawy\">Wstrz\u0105s anafilaktyczny &#8211; objawy<\/a><\/li>\n\n\n\n<li><a href=\"#kryteria-rozpoznania-anafilaksji\">Kryteria rozpoznania anafilaksji<\/a><\/li>\n\n\n\n<li><a href=\"#wstrzas-anafilaktyczny-pierwsza-pomoc-i-leczenie\">Wstrz\u0105s anafilaktyczny &#8211; pierwsza pomoc i leczenie<\/a><\/li>\n\n\n\n<li><a href=\"#anafilaksja-rozpoznanie-i-badania-laboratoryjne\">Anafilaksja &#8211; rozpoznanie i badania laboratoryjne<\/a><\/li>\n\n\n\n<li><a href=\"#profilaktyka-anafilaksji\">Profilaktyka anafilaksji<\/a><\/li>\n\n\n\n<li><a href=\"#wstrzas-anafilaktyczny-najczesciej-zadawane-pytania-(FAQ)\">Wstrz\u0105s anafilaktyczny \u2013 najcz\u0119\u015bciej zadawane pytania (FAQ)<\/a><\/li>\n<\/ol>\n\n\n\n<h2 class=\"wp-block-heading\" id=\"co-to-jest-wstrz\u0105s-anafilaktyczny\">Co to jest wstrz\u0105s anafilaktyczny?<\/h2>\n\n\n\n<p>Wstrz\u0105s anafilaktyczny opisywany jest jako <strong>nag\u0142a, szybko rozwijaj\u0105ca si\u0119, og\u00f3lnoustrojowa reakcja organizmu<\/strong>, w kt\u00f3rej mamy do czynienie z obni\u017ceniem ci\u015bnienia t\u0119tniczego krwi w stopniu, kt\u00f3ry zagra\u017ca \u017cyciu i mo\u017ce prowadzi\u0107 do \u015bmierci.<\/p>\n\n\n\n<h2 class=\"wp-block-heading\" id=\"anafilaksja-a-wstrzas-anafilaktyczny\">Anafilaksja a wstrz\u0105s anafilaktyczny<\/h2>\n\n\n\n<p>Anafilaksja to szybko rozwijaj\u0105ca si\u0119, ci\u0119\u017cka (potencjalnie zagra\u017caj\u0105ca \u017cyciu) reakcja nadwra\u017cliwo\u015bci alergicznej lub niealergiczne, czyli objaw\u00f3w wywo\u0142ywanych przez okre\u015blony bodziec w dawce, kt\u00f3ra jest tolerowana przez zdrowe osoby.<strong> Wstrz\u0105s anafilaktyczny jest uwa\u017cany za ostatni, najci\u0119\u017cszy etap anafilaksji.<\/strong><\/p>\n\n\n\n<h2 class=\"wp-block-heading\" id=\"wstrzas-anafilaktyczny-przyczyny\">Wstrz\u0105s anafilaktyczny &#8211; przyczyny<\/h2>\n\n\n\n<p>Anafilaksja i wstrz\u0105s anafilaktyczny mog\u0105 by\u0107 spowodowane przez <strong>przyczyny alergiczne, czynniki niealergiczne i tzw. idiopatyczne, czyli nieznane<\/strong>. Anafilaksja z nieznanych przyczyn wyst\u0119puje u ok. 1\/3 doros\u0142ych i u 15% dzieci. Zdecydowanie najcz\u0119\u015bciej mamy do czynienia z alergicznym mechanizmem tej reakcji. <\/p>\n\n\n\n<p>U doros\u0142ych s\u0105 to:<\/p>\n\n\n\n<ul class=\"wp-block-list\">\n<li>leki \u2013 34%,<\/li>\n\n\n\n<li>pokarmy \u2013 31%,<\/li>\n\n\n\n<li>jady owad\u00f3w \u2013 20%.<\/li>\n<\/ul>\n\n\n\n<p>U dzieci:<\/p>\n\n\n\n<ul class=\"wp-block-list\">\n<li>pokarmy \u2013 70%,<\/li>\n\n\n\n<li>jady owad\u00f3w \u2013 22%,<\/li>\n\n\n\n<li>leki \u2013 7%.<\/li>\n<\/ul>\n\n\n\n<p>U cz\u0119\u015bci pacjent\u00f3w do wyst\u0105pienia reakcji anafilaktycznej dochodzi, gdy ekspozycja na alergen po\u0142\u0105czona jest z czynnikiem, kt\u00f3ry mo\u017ce j\u0105 zaostrza\u0107. Najcz\u0119\u015bciej jest to wysi\u0142ek fizyczny, <a href=\"https:\/\/www.alab.pl\/centrum-wiedzy\/infekcja\/\">infekcja<\/a>, ozi\u0119bienie, <a href=\"https:\/\/www.alab.pl\/centrum-wiedzy\/stres-przyjaciel-czy-wrog\/\">stres emocjonalny<\/a>.<\/p>\n\n\n\n<h2 class=\"wp-block-heading\" id=\"najczestsze-alergeny-wywolujace-anafilaksje\">Najcz\u0119stsze alergeny wywo\u0142uj\u0105ce anafilaksj\u0119<\/h2>\n\n\n\n<ul class=\"wp-block-list\">\n<li><strong>leki <\/strong>\u2013 najcz\u0119\u015bciej obserwowany jest <a href=\"https:\/\/www.alab.pl\/centrum-wiedzy\/uczulenie-na-antybiotyki-jakie-sa-jego-objawy-i-jak-zdiagnozowac-alergie\/\">wstrz\u0105s anafilaktyczny po antybiotyku<\/a> i dotyczy grupy antybiotyk\u00f3w &nbsp;\u03b2-laktamowych, np. <a href=\"https:\/\/www.alab.pl\/centrum-wiedzy\/uczulenie-na-penicyline-jakie-daje-objawy\/\">penicyliny<\/a>, cefalosporyny. Ponadto lek\u00f3w zwiotczaj\u0105cych mi\u0119\u015bnie u\u017cywanych w anestezjologii do znieczulenia, a tak\u017ce NLPZ \u2013 niesteroidowych lek\u00f3w przeciwzapalnych, kontrast\u00f3w u\u017cywanych w badaniach obrazowych (jod, technet, fluoresceina),<\/li>\n\n\n\n<li><strong>pokarmy<\/strong> \u2013 najcz\u0119\u015bciej orzeszki ziemne, ponadto orzechy w\u0142oskie, brazylijskie, laskowe, bia\u0142ka mleka krowiego, pszenica, ryby, skorupiaki, anafilaksja op\u00f3\u017aniona mo\u017ce wyst\u0105pi\u0107 po 3-6 godzinach od spo\u017cycia mi\u0119sa ssak\u00f3w (wo\u0142owina, wieprzowina, baranina, kr\u00f3lik),<\/li>\n\n\n\n<li><strong>jady owad\u00f3w b\u0142onkoskrzyd\u0142ych<\/strong> &#8211; osa, pszczo\u0142a, szersze\u0144, trzmiel (pracownicy szklarni),<\/li>\n\n\n\n<li><strong><a href=\"https:\/\/www.alab.pl\/centrum-wiedzy\/zrozumiec-alergie-na-lateks-objawy-diagnostyka-leczenie-i-profilaktyka\/\">lateks<\/a><\/strong>,<\/li>\n\n\n\n<li><strong>alergeny wziewne<\/strong> \u2013 sier\u015b\u0107 konia, sier\u015b\u0107 kota,<\/li>\n\n\n\n<li><strong>farby do w\u0142os\u00f3w<\/strong>,<\/li>\n\n\n\n<li><strong>torbiel b\u0105blowca<\/strong>,<\/li>\n\n\n\n<li><strong>krew, sk\u0142adniki krwi i produkty krwiopochodne<\/strong>.<\/li>\n<\/ul>\n\n\n\n<p>&gt;&gt;&gt; <strong>Przeczytaj te\u017c: <a href=\"https:\/\/www.alab.pl\/centrum-wiedzy\/uczulenie-na-jad-pszczoly-i-osy-bolesna-przyczyna-ciezkich-reakcji-alergicznych\/\">Uczulenie na jad pszczo\u0142y i osy &#8211; bolesna przyczyna ci\u0119\u017ckich reakcji alergicznych<\/a><\/strong><\/p>\n\n\n\n<h2 class=\"wp-block-heading\" id=\"wstrzas-anafilaktyczny-objawy\">Wstrz\u0105s anafilaktyczny &#8211; objawy<\/h2>\n\n\n\n<p><strong>Objawy anafilaksji i wstrz\u0105su anafilaktycznego dotycz\u0105 ca\u0142ego organizmu i mog\u0105 to by\u0107:<\/strong><\/p>\n\n\n\n<ul class=\"wp-block-list\">\n<li><strong>zmiany na sk\u00f3rze i b\u0142onach \u015bluzowych<\/strong>: to cz\u0119sto pierwsza oznaka anafilaksji, objawy mog\u0105 mie\u0107 r\u00f3\u017cne nasilenie i przybiera\u0107 nast\u0119puj\u0105ce postacie:<a href=\"https:\/\/www.alab.pl\/centrum-wiedzy\/rumien-alergiczny-jak-wyglada-objawy-przyczyny-ile-trwa\/\"> rumie\u0144<\/a> (plamy lub uog\u00f3lniony), <a href=\"https:\/\/www.alab.pl\/centrum-wiedzy\/pokrzywka-objawy-przyczyny-rodzaje\/\">pokrzywka<\/a> (r\u00f3wnie\u017c okre\u015blana jako b\u0105ble pokrzywkowe, zwykle sw\u0119dz\u0105ca), obrz\u0119k naczynioruchowy (spowodowany obrz\u0119kiem tkanki podsk\u00f3rnej): zaczerwienienie i \u015bwi\u0105d spoj\u00f3wek, obrz\u0119k powiek i\/lub obrz\u0119k gard\u0142a i krtani (b\u0119d\u0105ce przyczyn\u0105 obturacji g\u00f3rnych dr\u00f3g oddechowych),<\/li>\n\n\n\n<li><strong>zaburzenia neurologiczne:<\/strong> spl\u0105tanie, pobudzenie, utrata przytomno\u015bci,<\/li>\n\n\n\n<li><strong>zaburzenia oddychania:<\/strong> nag\u0142y wyciek wydzieliny z nosa, kaszel i\/lub kichanie, przyspieszenie oddechu, \u015bwiszcz\u0105cy oddech, &nbsp;nat\u0119\u017cony wysi\u0142ek oddechowy, jako objaw wyst\u0119puj\u0105cy p\u00f3\u017aniej mo\u017ce pojawi\u0107 si\u0119 sinica i zatrzymanie oddechu,<\/li>\n\n\n\n<li><strong>problemy z dro\u017cno\u015bci\u0105 dr\u00f3g oddechowych: <\/strong>chrypa, obrz\u0119k j\u0119zyka, gard\u0142a lub krtani powoduj\u0105ce utrudnienie w oddychaniu i prze\u0142ykaniu, stridor (wdechowy \u015bwist spowodowany zw\u0119\u017ceniem \u015bwiat\u0142a g\u00f3rnych dr\u00f3g oddechowych),<\/li>\n\n\n\n<li><strong>problemy ze strony przewodu pokarmowego:<\/strong> wymioty lub biegunka o nag\u0142ym pocz\u0105tku,<\/li>\n\n\n\n<li><strong>objawy wstrz\u0105su:<\/strong> wilgotna i blada sk\u00f3ra, tachykardia, <a href=\"https:\/\/www.alab.pl\/centrum-wiedzy\/hipotonia-niedocisnienie-rodzaje-objawy-przyczyny-diagnostyka\/\">hipotonia<\/a> (powoduj\u0105ca zawroty g\u0142owy lub omdlenie), zatrzymanie czynno\u015bci serca.<\/li>\n<\/ul>\n\n\n\n<figure class=\"wp-block-image size-full is-resized\"><img loading=\"lazy\" decoding=\"async\" width=\"980\" height=\"687\" src=\"https:\/\/www.alab.pl\/centrum-wiedzy\/wp-content\/uploads\/2025\/07\/anafilaksja_infografika.jpg\" alt=\"anafilaksja_infografika\" class=\"wp-image-25044\" style=\"width:863px\" srcset=\"https:\/\/www.alab.pl\/centrum-wiedzy\/wp-content\/uploads\/2025\/07\/anafilaksja_infografika.jpg 980w, https:\/\/www.alab.pl\/centrum-wiedzy\/wp-content\/uploads\/2025\/07\/anafilaksja_infografika-768x538.jpg 768w, https:\/\/www.alab.pl\/centrum-wiedzy\/wp-content\/uploads\/2025\/07\/anafilaksja_infografika-150x105.jpg 150w, https:\/\/www.alab.pl\/centrum-wiedzy\/wp-content\/uploads\/2025\/07\/anafilaksja_infografika-300x210.jpg 300w, https:\/\/www.alab.pl\/centrum-wiedzy\/wp-content\/uploads\/2025\/07\/anafilaksja_infografika-696x488.jpg 696w\" sizes=\"auto, (max-width: 980px) 100vw, 980px\" \/><\/figure>\n\n\n\n<h2 class=\"wp-block-heading\" id=\"kryteria-rozpoznania-anafilaksji\">Kryteria rozpoznania anafilaksji<\/h2>\n\n\n\n<p>Anafilaksja jest wysoce prawdopodobna, je\u015bli spe\u0142nione jest jedno z trzech poni\u017cszych kryteri\u00f3w.<\/p>\n\n\n\n<p><strong>Kryterium 1:<\/strong><\/p>\n\n\n\n<p>Nag\u0142e pojawienie si\u0119 objaw\u00f3w (od minut do kilku godzin) obejmuj\u0105cych sk\u00f3r\u0119 i\/lub b\u0142ony \u015bluzowe (np. uog\u00f3lniona pokrzywka, zaczerwienienie, obrz\u0119k warg\/j\u0119zyka) oraz co najmniej jeden z nast\u0119puj\u0105cych symptom\u00f3w:<\/p>\n\n\n\n<ul class=\"wp-block-list\">\n<li>problemy z oddychaniem (np. duszno\u015b\u0107, \u015bwisty, spadek przep\u0142ywu powietrza w p\u0142ucach),<\/li>\n\n\n\n<li>spadek ci\u015bnienia krwi lub objawy z nim zwi\u0105zane (np. omdlenie, zapa\u015b\u0107).<\/li>\n<\/ul>\n\n\n\n<p><strong>Kryterium 2:<\/strong><\/p>\n\n\n\n<p>Szybkie wyst\u0105pienie (od minut do kilku godzin) co najmniej dw\u00f3ch z poni\u017cszych objaw\u00f3w po kontakcie z prawdopodobnym alergenem:<\/p>\n\n\n\n<ul class=\"wp-block-list\">\n<li>objawy sk\u00f3rne\/\u015bluz\u00f3wkowe (np. pokrzywka, obrz\u0119k),<\/li>\n\n\n\n<li>problemy z oddychaniem (jak wy\u017cej),<\/li>\n\n\n\n<li>spadek ci\u015bnienia krwi lub objawy z nim zwi\u0105zane (jak wy\u017cej),<\/li>\n\n\n\n<li>uporczywe objawy \u017co\u0142\u0105dkowo-jelitowe (np. silne b\u00f3le brzucha, wymioty).<\/li>\n<\/ul>\n\n\n\n<p><strong>Kryterium 3:<\/strong><\/p>\n\n\n\n<p>Spadek ci\u015bnienia krwi (od minut do kilku godzin) po kontakcie z alergenem:<\/p>\n\n\n\n<ul class=\"wp-block-list\">\n<li>niemowl\u0119ta i dzieci: niskie ci\u015bnienie skurczowe (adekwatne do wieku) lub spadek ci\u015bnienia skurczowego o ponad 30%,<\/li>\n\n\n\n<li>doro\u015bli: ci\u015bnienie skurczowe poni\u017cej 90 mmHg LUB spadek o ponad 30% w stosunku do warto\u015bci wyj\u015bciowej.<\/li>\n<\/ul>\n\n\n\n<figure class=\"wp-block-image size-full is-resized\"><a href=\"https:\/\/www.alab.pl\/pakiet\/pakiet-ryzyko-anafilaksji\" target=\"_blank\" rel=\" noreferrer noopener\"><img loading=\"lazy\" decoding=\"async\" width=\"800\" height=\"200\" src=\"https:\/\/www.alab.pl\/centrum-wiedzy\/wp-content\/uploads\/2025\/07\/Pakiet-ryzyko-anafilaksji-6-alergenow.jpg\" alt=\"Pakiet ryzyko anafilaksji (6 alergeno\u0301w) banerek\" class=\"wp-image-25045\" style=\"width:800px\" srcset=\"https:\/\/www.alab.pl\/centrum-wiedzy\/wp-content\/uploads\/2025\/07\/Pakiet-ryzyko-anafilaksji-6-alergenow.jpg 800w, https:\/\/www.alab.pl\/centrum-wiedzy\/wp-content\/uploads\/2025\/07\/Pakiet-ryzyko-anafilaksji-6-alergenow-768x192.jpg 768w, https:\/\/www.alab.pl\/centrum-wiedzy\/wp-content\/uploads\/2025\/07\/Pakiet-ryzyko-anafilaksji-6-alergenow-150x38.jpg 150w, https:\/\/www.alab.pl\/centrum-wiedzy\/wp-content\/uploads\/2025\/07\/Pakiet-ryzyko-anafilaksji-6-alergenow-300x75.jpg 300w, https:\/\/www.alab.pl\/centrum-wiedzy\/wp-content\/uploads\/2025\/07\/Pakiet-ryzyko-anafilaksji-6-alergenow-696x174.jpg 696w\" sizes=\"auto, (max-width: 800px) 100vw, 800px\" \/><\/a><\/figure>\n\n\n\n<h2 class=\"wp-block-heading\" id=\"wstrzas-anafilaktyczny-pierwsza-pomoc-i-leczenie\">Wstrz\u0105s anafilaktyczny \u2013 pierwsza pomoc i leczenie<\/h2>\n\n\n\n<p>Leczenie wstrz\u0105su anafilaktycznego polega na <strong>wyprowadzeniu pacjenta ze stanu wstrz\u0105su \u2013 udzielenie pierwszej pomocy oraz leczenie w szpitalu<\/strong>. Wa\u017cnym elementem post\u0119powania jest ustalenie czynnika wywo\u0142uj\u0105cego oraz zapobieganie wyst\u0119powaniu anafilaksji w przysz\u0142o\u015bci.<\/p>\n\n\n\n<p><strong>Pierwsza pomoc obejmuje:<\/strong><\/p>\n\n\n\n<p>1.Je\u015bli to mo\u017cliwe, przerwij nara\u017cenie na alergen \u2013 lek, pokarm, usu\u0144 \u017c\u0105d\u0142o owada.<\/p>\n\n\n\n<p>2. Wezwij pomoc \u2013 zadzwo\u0144 pod numer alarmowy 112.<\/p>\n\n\n\n<p>3. Post\u0119powaniem ratuj\u0105cym \u017cycie&nbsp;we wstrz\u0105sie anafilaktycznym jest <strong>podanie adrenaliny<\/strong>. Osoby nara\u017cone na reakcje anafilaktyczne nosz\u0105 ze sob\u0105 ampu\u0142kostrzykawki z adrenalin\u0105. Je\u015bli pacjent nie jest w stanie sam sobie poda\u0107 tego zastrzyku, mo\u017ce to zrobi\u0107 osoba udzielaj\u0105ca pomocy. Nie ma przeciwwskaza\u0144 do podawania adrenaliny w stanie anafilaksji, mo\u017cna to zrobi\u0107 nawet, je\u015bli objawy s\u0105 \u0142agodne. Lek dzia\u0142a natychmiastowo.<\/p>\n\n\n\n<figure class=\"wp-block-table\"><table class=\"has-fixed-layout\"><tbody><tr><td><strong>WA\u017bNE! <\/strong><br>Osobie we wstrz\u0105sie anafilaktycznym nale\u017cy poda\u0107 adrenalin\u0119 \u2013 je\u015bli ma j\u0105 przy sobie. <strong>Zastrzyk z ampu\u0142kostrzykawki podaje si\u0119 domi\u0119\u015bniowo, w przednio-boczn\u0105 powierzchni\u0119 uda.<\/strong> Masuj miejsce wstrzykni\u0119cia przez ok. 10 sek. Nie podawaj adrenaliny podsk\u00f3rnie ani w po\u015bladek.<\/td><\/tr><\/tbody><\/table><\/figure>\n\n\n\n<p>4. U\u0142\u00f3\u017c chorego w pozycji dla niego bezpiecznej. Najlepiej na plecach z uniesionymi nogami \u2013 jest to pomocne w opanowaniu hipotensji (spadku ci\u015bnienia), osoby z anafilaksj\u0105 nie powinny nagle siada\u0107 ani wstawa\u0107, mo\u017ce to grozi\u0107 nawet zgonem. Je\u015bli chory ma zaburzenia oddychania, zalecana jest pozycja p\u00f3\u0142siedz\u0105ca z uniesionymi nogami. Kobiety w ci\u0105\u017cy i osoby wymiotuj\u0105ce powinny by\u0107 uk\u0142adane na lewym boku.<\/p>\n\n\n\n<p>5. Pozosta\u0144 z pacjentem do czasu przyjazdu Pogotowia Ratunkowego, nawet je\u015bli jego stan si\u0119 poprawi.<\/p>\n\n\n\n<h2 class=\"wp-block-heading\" id=\"anafilaksja-rozpoznanie-i-badania-laboratoryjne\">Anafilaksja &#8211; rozpoznanie i badania laboratoryjne<\/h2>\n\n\n\n<p>Rozpoznanie wstrz\u0105su anafilaktycznego opiera si\u0119 na <strong>objawach klinicznych<\/strong>. Badania laboratoryjne spe\u0142niaj\u0105 rol\u0119 pomocnicz\u0105, je\u015bli wyst\u0119puj\u0105 problemy z postawieniem diagnozy.<\/p>\n\n\n\n<ul class=\"wp-block-list\">\n<li><strong><a href=\"https:\/\/www.alab.pl\/badanie\/tryptaza\" target=\"_blank\" rel=\"noreferrer noopener\">St\u0119\u017cenie tryptazy we krwi<\/a> <\/strong>\u2013 maksymalna warto\u015b\u0107 wyst\u0119puje po 60-90 minutach od wyst\u0105pienia objaw\u00f3w, po 6-12 godzinach wraca do normy.<\/li>\n\n\n\n<li><strong><a href=\"https:\/\/www.alab.pl\/badanie\/histamina-2\" target=\"_blank\" rel=\"noreferrer noopener\">St\u0119\u017cenie histaminy we krwi<\/a> <\/strong>\u2013 wzrasta po kilku minutach od pojawienia si\u0119 objaw\u00f3w, bardzo szybko powraca do warto\u015bci wyj\u015bciowych, bo ju\u017c po 30-60 minutach.<\/li>\n\n\n\n<li><strong><a href=\"https:\/\/www.alab.pl\/badanie\/histamina-i-jej-metabolity-w-moczu\">St\u0119\u017cenie metylohistaminy w moczu<\/a><\/strong>.<\/li>\n<\/ul>\n\n\n\n<h2 class=\"wp-block-heading\" id=\"profilaktyka-anafilaksji\">Profilaktyka anafilaksji<\/h2>\n\n\n\n<p><strong>W zapobieganiu anafilaksji wa\u017cne miejsce zajmuje ustalanie bod\u017aca, kt\u00f3ry tak\u0105 reakcj\u0119 wywo\u0142uje.<\/strong><\/p>\n\n\n\n<p>Badania maj\u0105ce na celu ustalanie alergenu sprawczego nale\u017cy wykona\u0107 po up\u0142ywie 3-4 tygodni od wstrz\u0105su anafilaktycznego. Nie nale\u017cy wykonywa\u0107 test\u00f3w sk\u00f3rnych, rekomenduje si\u0119 <strong>oznaczanie IgE swoistego dla alergenu lub komponent\u00f3w alergen\u00f3w<\/strong>. Bardzo wa\u017cne jest ustalenie rzeczywistej przyczyny anafilaksji, dlatego powinny by\u0107 u\u017cywane testy wykrywaj\u0105ce cz\u0105steczki odpowiedzialne za stan zagro\u017cenia \u017cycia. Takim testem jest <strong><a href=\"https:\/\/www.alab.pl\/badanie\/alex-panel-295-diagnostyka-molekularna-alergii\" target=\"_blank\" rel=\"noreferrer noopener\">panel ALEX, wykrywaj\u0105cy 295 alergen\u00f3w w jednym oznaczeniu<\/a><\/strong>. Jeszcze wa\u017cniejsze w tym te\u015bcie jest to, i\u017c dok\u0142adnie okre\u015bli przyczyn\u0119 gro\u017anej alergii. Czasem odpowiedzialne s\u0105 alergeny reaguj\u0105ce krzy\u017cowo, w\u00f3wczas prawdziwa przyczyna wyst\u0105pienia wstrz\u0105su mo\u017ce by\u0107 maskowana.<\/p>\n\n\n\n<figure class=\"wp-block-image size-full is-resized\"><a href=\"https:\/\/www.alab.pl\/badanie\/alex-panel-295-diagnostyka-molekularna-alergii\" target=\"_blank\" rel=\" noreferrer noopener\"><img loading=\"lazy\" decoding=\"async\" width=\"800\" height=\"200\" src=\"https:\/\/www.alab.pl\/centrum-wiedzy\/wp-content\/uploads\/2025\/03\/Panel-molekularny-alergii-ALEX-295-alergenow.png\" alt=\"Panel molekularny alergii ALEX - 295 alergen\u00f3w banerek\" class=\"wp-image-22169\" style=\"width:800px\" srcset=\"https:\/\/www.alab.pl\/centrum-wiedzy\/wp-content\/uploads\/2025\/03\/Panel-molekularny-alergii-ALEX-295-alergenow.png 800w, https:\/\/www.alab.pl\/centrum-wiedzy\/wp-content\/uploads\/2025\/03\/Panel-molekularny-alergii-ALEX-295-alergenow-768x192.png 768w, https:\/\/www.alab.pl\/centrum-wiedzy\/wp-content\/uploads\/2025\/03\/Panel-molekularny-alergii-ALEX-295-alergenow-150x38.png 150w, https:\/\/www.alab.pl\/centrum-wiedzy\/wp-content\/uploads\/2025\/03\/Panel-molekularny-alergii-ALEX-295-alergenow-300x75.png 300w, https:\/\/www.alab.pl\/centrum-wiedzy\/wp-content\/uploads\/2025\/03\/Panel-molekularny-alergii-ALEX-295-alergenow-696x174.png 696w\" sizes=\"auto, (max-width: 800px) 100vw, 800px\" \/><\/a><\/figure>\n\n\n\n<p>Wa\u017cnym elementem profilaktyki jest r\u00f3wnie\u017c:<\/p>\n\n\n\n<ul class=\"wp-block-list\">\n<li>unikanie czynnik\u00f3w wywo\u0142uj\u0105cych anafilaksj\u0119, pewnych lek\u00f3w lub pokarm\u00f3w lub \u2013 je\u015bli to mo\u017cliwe \u2013 spo\u017cywanie ich w postaci przetworzonej (w niekt\u00f3rych przypadkach wysoka temperatura niweluje potencja\u0142 alergizuj\u0105cy),<\/li>\n\n\n\n<li>odczulanie \u2013 immunoterapia alergenowa u os\u00f3b z okre\u015blonymi alergiami, np. na jady owad\u00f3w b\u0142onkoskrzyd\u0142ych.<\/li>\n<\/ul>\n\n\n\n<p>&gt;&gt;&gt; <strong>Przeczytaj te\u017c: <a href=\"https:\/\/www.alab.pl\/centrum-wiedzy\/alergia-na-pylki-immunoterapia-swoista\/\">Wyleczy\u0107 si\u0119 z alergii na py\u0142ki &#8211; czy jest to mo\u017cliwe?<\/a><\/strong><\/p>\n\n\n\n<h2 class=\"wp-block-heading\" id=\"wstrzas-anafilaktyczny-najczesciej-zadawane-pytania-(FAQ)\">Wstrz\u0105s anafilaktyczny \u2013 najcz\u0119\u015bciej zadawane pytania (FAQ)<\/h2>\n\n\n\n<div class=\"schema-faq wp-block-yoast-faq-block\"><div class=\"schema-faq-section\" id=\"faq-question-1751618864727\"><strong class=\"schema-faq-question\"><strong>Czym r\u00f3\u017cni si\u0119 anafilaksja od wstrz\u0105su anafilaktycznego?<\/strong><\/strong> <p class=\"schema-faq-answer\">Anafilaksja to okre\u015blenie ci\u0119\u017ckiej, szybko post\u0119puj\u0105cej reakcji alergicznej lub niealergicznej. Wstrz\u0105s anafilaktyczny jest najci\u0119\u017cszym etapem anafilaksji, charakteryzuj\u0105cym si\u0119 zagra\u017caj\u0105cym \u017cyciu spadkiem ci\u015bnienia t\u0119tniczego krwi.<\/p> <\/div> <div class=\"schema-faq-section\" id=\"faq-question-1751618882953\"><strong class=\"schema-faq-question\"><strong>Czy wstrz\u0105s anafilaktyczny mo\u017ce przej\u015b\u0107 sam?<\/strong><\/strong> <p class=\"schema-faq-answer\">Jest to mo\u017cliwe, cho\u0107 wstrz\u0105su anafilaktycznego nigdy nie nale\u017cy lekcewa\u017cy\u0107 i zawsze trzeba szuka\u0107 pomocy medycznej. Nawet je\u015bli objawy pocz\u0105tkowo ust\u0105pi\u0105, w ci\u0105gu 72 godzin od ich pojawienia si\u0119 mo\u017ce doj\u015b\u0107 do nawrotu. Zdolno\u015b\u0107 organizmu do samodzielnego zwalczenia wstrz\u0105su zale\u017cy od ilo\u015bci alergenu oraz indywidualnych predyspozycji. Organizm potrafi reagowa\u0107 na anafilaksj\u0119, wydzielaj\u0105c wiele substancji, w tym adrenalin\u0119, kt\u00f3ra przeciwdzia\u0142a skutkom wstrz\u0105su.<\/p> <\/div> <div class=\"schema-faq-section\" id=\"faq-question-1751618908597\"><strong class=\"schema-faq-question\"><strong>Jaki popularny lek mo\u017ce wywo\u0142a\u0107 silny wstrz\u0105s anafilaktyczny?<\/strong><\/strong> <p class=\"schema-faq-answer\">Najcz\u0119\u015bciej jest to antybiotyk, np. penicylina lub cefalosporyna.<\/p> <\/div> <div class=\"schema-faq-section\" id=\"faq-question-1751618924476\"><strong class=\"schema-faq-question\"><strong>Wstrz\u0105s anafilaktyczny, co robi\u0107?<\/strong><\/strong> <p class=\"schema-faq-answer\">Po pierwsze, nale\u017cy zadzwoni\u0107 pod numer alarmowy 112 i \u2013 je\u015bli to mo\u017cliwe \u2013 przerwa\u0107 nara\u017cenie na alergen. Je\u015bli pacjent ma przy sobie adrenalin\u0119, pocz\u0105tkowym post\u0119powaniem z wyboru jest domi\u0119\u015bniowe jej wstrzykni\u0119cie. Pacjent powinien pozostawa\u0107 w pozycji le\u017c\u0105cej z podniesionymi do g\u00f3ry nogami.<\/p> <\/div> <div class=\"schema-faq-section\" id=\"faq-question-1751618948767\"><strong class=\"schema-faq-question\"><strong>Wstrz\u0105s anafilaktyczny po jakim czasie od zadzia\u0142ania alergenu mo\u017ce wyst\u0105pi\u0107?<\/strong><\/strong> <p class=\"schema-faq-answer\">Objawy pojawiaj\u0105 si\u0119 najcz\u0119\u015bciej w\u00a0ci\u0105gu kilku do kilkunastu minut (rzadko kilku godzin) po nara\u017ceniu na bodziec. Im szybciej si\u0119 rozwijaj\u0105, tym wi\u0119ksze jest ryzyko ci\u0119\u017ckiej i\u00a0zagra\u017caj\u0105cej \u017cyciu anafilaksji.<\/p> <\/div> <\/div>\n\n\n\n<h2 class=\"wp-block-heading\">Podsumowanie<\/h2>\n\n\n\n<ul class=\"wp-block-list\">\n<li>Anafilaksja to powa\u017cna, gwa\u0142towna reakcja organizmu, kt\u00f3ra w najci\u0119\u017cszej formie prowadzi do wstrz\u0105su anafilaktycznego, czyli zagra\u017caj\u0105cego \u017cyciu spadku ci\u015bnienia krwi.<\/li>\n\n\n\n<li>Najcz\u0119\u015bciej wywo\u0142uj\u0105 j\u0105 leki (np. antybiotyki), pokarmy (u doros\u0142ych orzechy, u dzieci mleko, pszenica) oraz jady owad\u00f3w (osy, pszczo\u0142y). Czynniki takie jak wysi\u0142ek mog\u0105 nasili\u0107 reakcj\u0119.<\/li>\n\n\n\n<li>Objawy pojawiaj\u0105 si\u0119 nagle i dotycz\u0105 wielu uk\u0142ad\u00f3w: sk\u00f3ra (pokrzywka, obrz\u0119ki), oddychanie (duszno\u015b\u0107, \u015bwisty), kr\u0105\u017cenie (spadek ci\u015bnienia, omdlenie) oraz przew\u00f3d pokarmowy (wymioty, b\u00f3le brzucha). Wystarczy spadek ci\u015bnienia po kontakcie ze znanym alergenem lub objawy z dw\u00f3ch uk\u0142ad\u00f3w po kontakcie z prawdopodobnym alergenem.<\/li>\n\n\n\n<li>Najwa\u017cniejsze jest szybkie podanie adrenaliny domi\u0119\u015bniowo (je\u015bli jest dost\u0119pna), najlepiej w udo. U\u0142\u00f3\u017c osob\u0119 bezpiecznie (na plecach z nogami w g\u00f3rze lub w pozycji p\u00f3\u0142siedz\u0105cej przy problemach z oddychaniem) i pozosta\u0144 z ni\u0105 do przyjazdu pogotowia.<\/li>\n\n\n\n<li>Po ustabilizowaniu stanu pacjenta, kluczowe jest ustalenie czynnika wywo\u0142uj\u0105cego anafilaksj\u0119. Pomocne s\u0105 testy, takie jak oznaczenie st\u0119\u017cenia swoistych przeciwcia\u0142 IgE (np. panel ALEX), kt\u00f3re pomagaj\u0105 zidentyfikowa\u0107 konkretne alergeny lub ich komponenty. Prawid\u0142owa identyfikacja alergenu jest podstaw\u0105 profilaktyki i zapobiegania przysz\u0142ym reakcjom.<\/li>\n<\/ul>\n\n\n\n<p>&gt;&gt;&gt; <strong>Zobacz te\u017c: <a href=\"https:\/\/www.alab.pl\/centrum-wiedzy\/diagnostyka-alergii-na-mleko-i-jajko\/\">Diagnostyka alergii na mleko i jajko<\/a><\/strong><\/p>\n\n\n\n<hr class=\"wp-block-separator has-alpha-channel-opacity\"\/>\n\n\n\n<p>1.Ewa Cichocka-Jarosz, \u0141ukasz B\u0142a\u017cowski, Jerzy Kruszewski, Mi\u0142osz Jankowski, Anafilaksja i wstrz\u0105s anafilaktyczny, https:\/\/www.mp.pl\/interna\/chapter\/B16.II.17.1. Dost\u0119p 30.06.2025<\/p>\n\n\n\n<p>2.Muraro A, Worm M, Alviani C, et al; European Academy of Allergy and Clinical Immunology, Food Allergy, Anaphylaxis Guidelines Group. EAACI guidelines: Anaphylaxis (2021 update). Allergy. 2022; 77: 357\u2013377. https:\/\/doi.org\/10.1111\/all.15032<\/p>\n\n\n\n<p>3.https:\/\/podyplomie.pl\/wiedza\/pediatria\/1439,wstrzas-anafilaktyczny?srsltid=AfmBOooprou3KM_p-ZKZbVehBU7YpTi6CjF586xbxjzJ93X1denB7x-I<\/p>\n\n\n\n<p>4.Leczenie ratunkowe reakcji anafilaktycznych u doros\u0142ych \u2013 podr\u0119czny przewodnik. https:\/\/podyplomie.pl\/publish\/system\/articles\/pdfarticles\/000\/011\/161\/original\/Strony_od_MpD_2010_06-11.pdf?1467899032<\/p>\n\n\n\n<p>5. https:\/\/podyplomie.pl\/medical-tribune\/17081,wstrzas-anafilaktyczny-liczy-sie-czas-ale-dobrze-wykorzystany?srsltid=AfmBOoqRwFX8-gBUNk0RHMjKe7Xt_PGryodTLdQSibK40qDk7Rg7xxjz<\/p>\n","protected":false},"excerpt":{"rendered":"<p>Co mo\u017ce wywo\u0142a\u0107 wstrz\u0105s anafilaktyczny, jak go rozpozna\u0107 i w jaki spos\u00f3b mu zapobiega\u0107?<\/p>\n","protected":false},"author":102,"featured_media":1548,"comment_status":"closed","ping_status":"open","sticky":false,"template":"","format":"standard","meta":{"_acf_changed":false,"inline_featured_image":false,"footnotes":""},"categories":[4],"tags":[],"coauthors":[134],"class_list":{"0":"post-1546","1":"post","2":"type-post","3":"status-publish","4":"format-standard","5":"has-post-thumbnail","7":"category-alergia"},"acf":[],"yoast_head":"<!-- This site is optimized with the Yoast SEO plugin v27.5 - https:\/\/yoast.com\/product\/yoast-seo-wordpress\/ -->\n<title>Anafilaksja - przyczyny, objawy i ryzyko wstrz\u0105su anafilaktycznego<\/title>\n<meta name=\"description\" content=\"Wstrz\u0105s anafilaktyczny mo\u017ce zagra\u017ca\u0107 \u017cyciu - co mo\u017ce go wywo\u0142a\u0107 i jakie s\u0105 objawy? Komu grozi anafilaksja i jak jej zapobiega\u0107? Sprawd\u017a!\" \/>\n<meta name=\"robots\" content=\"index, follow, max-snippet:-1, max-image-preview:large, max-video-preview:-1\" \/>\n<link rel=\"canonical\" href=\"https:\/\/www.alab.pl\/centrum-wiedzy\/anafilaksja\/\" \/>\n<meta property=\"og:locale\" content=\"pl_PL\" \/>\n<meta property=\"og:type\" content=\"article\" \/>\n<meta property=\"og:title\" content=\"Anafilaksja - przyczyny, objawy i ryzyko wstrz\u0105su anafilaktycznego\" \/>\n<meta property=\"og:description\" content=\"Wstrz\u0105s anafilaktyczny mo\u017ce zagra\u017ca\u0107 \u017cyciu - co mo\u017ce go wywo\u0142a\u0107 i jakie s\u0105 objawy? Komu grozi anafilaksja i jak jej zapobiega\u0107? Sprawd\u017a!\" \/>\n<meta property=\"og:url\" content=\"https:\/\/www.alab.pl\/centrum-wiedzy\/anafilaksja\/\" \/>\n<meta property=\"og:site_name\" content=\"Centrum Wiedzy ALAB laboratoria\" \/>\n<meta property=\"article:publisher\" content=\"https:\/\/www.facebook.com\/ALABlaboratoria\" \/>\n<meta property=\"article:author\" content=\"https:\/\/www.facebook.com\/agatastrukow\/\" \/>\n<meta property=\"article:published_time\" content=\"2025-07-02T05:42:32+00:00\" \/>\n<meta property=\"article:modified_time\" content=\"2025-07-10T13:45:39+00:00\" \/>\n<meta property=\"og:image\" content=\"https:\/\/www.alab.pl\/centrum-wiedzy\/wp-content\/uploads\/2021\/06\/Anafilaksja.jpg\" \/>\n\t<meta property=\"og:image:width\" content=\"940\" \/>\n\t<meta property=\"og:image:height\" content=\"606\" \/>\n\t<meta property=\"og:image:type\" content=\"image\/jpeg\" \/>\n<meta name=\"author\" content=\"Agata Strukow\" \/>\n<meta name=\"twitter:card\" content=\"summary_large_image\" \/>\n<meta name=\"twitter:label1\" content=\"Napisane przez\" \/>\n\t<meta name=\"twitter:data1\" content=\"Agata Strukow\" \/>\n\t<meta name=\"twitter:label2\" content=\"Szacowany czas czytania\" \/>\n\t<meta name=\"twitter:data2\" content=\"11 minut\" \/>\n\t<meta name=\"twitter:label3\" content=\"Written by\" \/>\n\t<meta name=\"twitter:data3\" content=\"Agata Strukow\" \/>\n<!-- \/ Yoast SEO plugin. -->","yoast_head_json":{"title":"Anafilaksja - przyczyny, objawy i ryzyko wstrz\u0105su anafilaktycznego","description":"Wstrz\u0105s anafilaktyczny mo\u017ce zagra\u017ca\u0107 \u017cyciu - co mo\u017ce go wywo\u0142a\u0107 i jakie s\u0105 objawy? Komu grozi anafilaksja i jak jej zapobiega\u0107? Sprawd\u017a!","robots":{"index":"index","follow":"follow","max-snippet":"max-snippet:-1","max-image-preview":"max-image-preview:large","max-video-preview":"max-video-preview:-1"},"canonical":"https:\/\/www.alab.pl\/centrum-wiedzy\/anafilaksja\/","og_locale":"pl_PL","og_type":"article","og_title":"Anafilaksja - przyczyny, objawy i ryzyko wstrz\u0105su anafilaktycznego","og_description":"Wstrz\u0105s anafilaktyczny mo\u017ce zagra\u017ca\u0107 \u017cyciu - co mo\u017ce go wywo\u0142a\u0107 i jakie s\u0105 objawy? Komu grozi anafilaksja i jak jej zapobiega\u0107? Sprawd\u017a!","og_url":"https:\/\/www.alab.pl\/centrum-wiedzy\/anafilaksja\/","og_site_name":"Centrum Wiedzy ALAB laboratoria","article_publisher":"https:\/\/www.facebook.com\/ALABlaboratoria","article_author":"https:\/\/www.facebook.com\/agatastrukow\/","article_published_time":"2025-07-02T05:42:32+00:00","article_modified_time":"2025-07-10T13:45:39+00:00","og_image":[{"width":940,"height":606,"url":"https:\/\/www.alab.pl\/centrum-wiedzy\/wp-content\/uploads\/2021\/06\/Anafilaksja.jpg","type":"image\/jpeg"}],"author":"Agata Strukow","twitter_card":"summary_large_image","twitter_misc":{"Napisane przez":"Agata Strukow","Szacowany czas czytania":"11 minut","Written by":"Agata Strukow"},"schema":{"@context":"https:\/\/schema.org","@graph":[{"@type":"Article","@id":"https:\/\/www.alab.pl\/centrum-wiedzy\/anafilaksja\/#article","isPartOf":{"@id":"https:\/\/www.alab.pl\/centrum-wiedzy\/anafilaksja\/"},"author":{"name":"Agata Strukow","@id":"https:\/\/www.alab.pl\/centrum-wiedzy\/#\/schema\/person\/4c4346aaa370a9ca773ee865bfbec588"},"headline":"Wstrz\u0105s anafilaktyczny \u2013 objawy, przyczyny, diagnostyka, pierwsza pomoc","datePublished":"2025-07-02T05:42:32+00:00","dateModified":"2025-07-10T13:45:39+00:00","mainEntityOfPage":{"@id":"https:\/\/www.alab.pl\/centrum-wiedzy\/anafilaksja\/"},"wordCount":2050,"publisher":{"@id":"https:\/\/www.alab.pl\/centrum-wiedzy\/#organization"},"image":{"@id":"https:\/\/www.alab.pl\/centrum-wiedzy\/anafilaksja\/#primaryimage"},"thumbnailUrl":"https:\/\/www.alab.pl\/centrum-wiedzy\/wp-content\/uploads\/2021\/06\/Anafilaksja.jpg","articleSection":["Alergia"],"inLanguage":"pl-PL"},{"@type":["WebPage","FAQPage"],"@id":"https:\/\/www.alab.pl\/centrum-wiedzy\/anafilaksja\/","url":"https:\/\/www.alab.pl\/centrum-wiedzy\/anafilaksja\/","name":"Anafilaksja - przyczyny, objawy i ryzyko wstrz\u0105su anafilaktycznego","isPartOf":{"@id":"https:\/\/www.alab.pl\/centrum-wiedzy\/#website"},"primaryImageOfPage":{"@id":"https:\/\/www.alab.pl\/centrum-wiedzy\/anafilaksja\/#primaryimage"},"image":{"@id":"https:\/\/www.alab.pl\/centrum-wiedzy\/anafilaksja\/#primaryimage"},"thumbnailUrl":"https:\/\/www.alab.pl\/centrum-wiedzy\/wp-content\/uploads\/2021\/06\/Anafilaksja.jpg","datePublished":"2025-07-02T05:42:32+00:00","dateModified":"2025-07-10T13:45:39+00:00","description":"Wstrz\u0105s anafilaktyczny mo\u017ce zagra\u017ca\u0107 \u017cyciu - co mo\u017ce go wywo\u0142a\u0107 i jakie s\u0105 objawy? Komu grozi anafilaksja i jak jej zapobiega\u0107? Sprawd\u017a!","breadcrumb":{"@id":"https:\/\/www.alab.pl\/centrum-wiedzy\/anafilaksja\/#breadcrumb"},"mainEntity":[{"@id":"https:\/\/www.alab.pl\/centrum-wiedzy\/anafilaksja\/#faq-question-1751618864727"},{"@id":"https:\/\/www.alab.pl\/centrum-wiedzy\/anafilaksja\/#faq-question-1751618882953"},{"@id":"https:\/\/www.alab.pl\/centrum-wiedzy\/anafilaksja\/#faq-question-1751618908597"},{"@id":"https:\/\/www.alab.pl\/centrum-wiedzy\/anafilaksja\/#faq-question-1751618924476"},{"@id":"https:\/\/www.alab.pl\/centrum-wiedzy\/anafilaksja\/#faq-question-1751618948767"}],"inLanguage":"pl-PL","potentialAction":[{"@type":"ReadAction","target":["https:\/\/www.alab.pl\/centrum-wiedzy\/anafilaksja\/"]}]},{"@type":"ImageObject","inLanguage":"pl-PL","@id":"https:\/\/www.alab.pl\/centrum-wiedzy\/anafilaksja\/#primaryimage","url":"https:\/\/www.alab.pl\/centrum-wiedzy\/wp-content\/uploads\/2021\/06\/Anafilaksja.jpg","contentUrl":"https:\/\/www.alab.pl\/centrum-wiedzy\/wp-content\/uploads\/2021\/06\/Anafilaksja.jpg","width":940,"height":606,"caption":"anafilaksja"},{"@type":"BreadcrumbList","@id":"https:\/\/www.alab.pl\/centrum-wiedzy\/anafilaksja\/#breadcrumb","itemListElement":[{"@type":"ListItem","position":1,"name":"Strona g\u0142\u00f3wna","item":"https:\/\/www.alab.pl\/centrum-wiedzy\/"},{"@type":"ListItem","position":2,"name":"Wstrz\u0105s anafilaktyczny \u2013 objawy, przyczyny, diagnostyka, pierwsza pomoc"}]},{"@type":"WebSite","@id":"https:\/\/www.alab.pl\/centrum-wiedzy\/#website","url":"https:\/\/www.alab.pl\/centrum-wiedzy\/","name":"Centrum Wiedzy ALAB laboratoria","description":"","publisher":{"@id":"https:\/\/www.alab.pl\/centrum-wiedzy\/#organization"},"potentialAction":[{"@type":"SearchAction","target":{"@type":"EntryPoint","urlTemplate":"https:\/\/www.alab.pl\/centrum-wiedzy\/?s={search_term_string}"},"query-input":{"@type":"PropertyValueSpecification","valueRequired":true,"valueName":"search_term_string"}}],"inLanguage":"pl-PL"},{"@type":"Organization","@id":"https:\/\/www.alab.pl\/centrum-wiedzy\/#organization","name":"Centrum Wiedzy ALAB laboratoria","url":"https:\/\/www.alab.pl\/centrum-wiedzy\/","logo":{"@type":"ImageObject","inLanguage":"pl-PL","@id":"https:\/\/www.alab.pl\/centrum-wiedzy\/#\/schema\/logo\/image\/","url":"https:\/\/www.alab.pl\/centrum-wiedzy\/wp-content\/uploads\/2022\/04\/alabek.jpg","contentUrl":"https:\/\/www.alab.pl\/centrum-wiedzy\/wp-content\/uploads\/2022\/04\/alabek.jpg","width":1250,"height":1251,"caption":"Centrum Wiedzy ALAB laboratoria"},"image":{"@id":"https:\/\/www.alab.pl\/centrum-wiedzy\/#\/schema\/logo\/image\/"},"sameAs":["https:\/\/www.facebook.com\/ALABlaboratoria"]},{"@type":"Person","@id":"https:\/\/www.alab.pl\/centrum-wiedzy\/#\/schema\/person\/4c4346aaa370a9ca773ee865bfbec588","name":"Agata Strukow","image":{"@type":"ImageObject","inLanguage":"pl-PL","@id":"https:\/\/www.alab.pl\/centrum-wiedzy\/wp-content\/uploads\/2022\/04\/Agata-Strukow-150x150.jpgcb933d2055e86ab33ade5d5259364a59","url":"https:\/\/www.alab.pl\/centrum-wiedzy\/wp-content\/uploads\/2022\/04\/Agata-Strukow-150x150.jpg","contentUrl":"https:\/\/www.alab.pl\/centrum-wiedzy\/wp-content\/uploads\/2022\/04\/Agata-Strukow-150x150.jpg","caption":"Agata Strukow"},"description":"Absolwentka Wydzia\u0142u Lekarskiego Pomorskiej Akademii Medycznej oraz studi\u00f3w podyplomowych Dietetyka w chorobach wewn\u0119trznych i metabolicznych Warszawskiego Uniwersytetu Medycznego i Psychologii biznesu dla mened\u017cer\u00f3w na Akademii Leona Ko\u017ami\u0144skiego. Nauczycielka jogi kundalini i jogi hormonalnej.","sameAs":["https:\/\/www.facebook.com\/agatastrukow\/","https:\/\/www.instagram.com\/strukowagata\/","https:\/\/pl.linkedin.com\/in\/agata-strukow-7b87205"],"url":"https:\/\/www.alab.pl\/centrum-wiedzy\/author\/agata\/"},{"@type":"Question","@id":"https:\/\/www.alab.pl\/centrum-wiedzy\/anafilaksja\/#faq-question-1751618864727","position":1,"url":"https:\/\/www.alab.pl\/centrum-wiedzy\/anafilaksja\/#faq-question-1751618864727","name":"Czym r\u00f3\u017cni si\u0119 anafilaksja od wstrz\u0105su anafilaktycznego?","answerCount":1,"acceptedAnswer":{"@type":"Answer","text":"Anafilaksja to okre\u015blenie ci\u0119\u017ckiej, szybko post\u0119puj\u0105cej reakcji alergicznej lub niealergicznej. Wstrz\u0105s anafilaktyczny jest najci\u0119\u017cszym etapem anafilaksji, charakteryzuj\u0105cym si\u0119 zagra\u017caj\u0105cym \u017cyciu spadkiem ci\u015bnienia t\u0119tniczego krwi.","inLanguage":"pl-PL"},"inLanguage":"pl-PL"},{"@type":"Question","@id":"https:\/\/www.alab.pl\/centrum-wiedzy\/anafilaksja\/#faq-question-1751618882953","position":2,"url":"https:\/\/www.alab.pl\/centrum-wiedzy\/anafilaksja\/#faq-question-1751618882953","name":"Czy wstrz\u0105s anafilaktyczny mo\u017ce przej\u015b\u0107 sam?","answerCount":1,"acceptedAnswer":{"@type":"Answer","text":"Jest to mo\u017cliwe, cho\u0107 wstrz\u0105su anafilaktycznego nigdy nie nale\u017cy lekcewa\u017cy\u0107 i zawsze trzeba szuka\u0107 pomocy medycznej. Nawet je\u015bli objawy pocz\u0105tkowo ust\u0105pi\u0105, w ci\u0105gu 72 godzin od ich pojawienia si\u0119 mo\u017ce doj\u015b\u0107 do nawrotu. Zdolno\u015b\u0107 organizmu do samodzielnego zwalczenia wstrz\u0105su zale\u017cy od ilo\u015bci alergenu oraz indywidualnych predyspozycji. Organizm potrafi reagowa\u0107 na anafilaksj\u0119, wydzielaj\u0105c wiele substancji, w tym adrenalin\u0119, kt\u00f3ra przeciwdzia\u0142a skutkom wstrz\u0105su.","inLanguage":"pl-PL"},"inLanguage":"pl-PL"},{"@type":"Question","@id":"https:\/\/www.alab.pl\/centrum-wiedzy\/anafilaksja\/#faq-question-1751618908597","position":3,"url":"https:\/\/www.alab.pl\/centrum-wiedzy\/anafilaksja\/#faq-question-1751618908597","name":"Jaki popularny lek mo\u017ce wywo\u0142a\u0107 silny wstrz\u0105s anafilaktyczny?","answerCount":1,"acceptedAnswer":{"@type":"Answer","text":"Najcz\u0119\u015bciej jest to antybiotyk, np. penicylina lub cefalosporyna.","inLanguage":"pl-PL"},"inLanguage":"pl-PL"},{"@type":"Question","@id":"https:\/\/www.alab.pl\/centrum-wiedzy\/anafilaksja\/#faq-question-1751618924476","position":4,"url":"https:\/\/www.alab.pl\/centrum-wiedzy\/anafilaksja\/#faq-question-1751618924476","name":"Wstrz\u0105s anafilaktyczny, co robi\u0107?","answerCount":1,"acceptedAnswer":{"@type":"Answer","text":"Po pierwsze, nale\u017cy zadzwoni\u0107 pod numer alarmowy 112 i \u2013 je\u015bli to mo\u017cliwe \u2013 przerwa\u0107 nara\u017cenie na alergen. Je\u015bli pacjent ma przy sobie adrenalin\u0119, pocz\u0105tkowym post\u0119powaniem z wyboru jest domi\u0119\u015bniowe jej wstrzykni\u0119cie. Pacjent powinien pozostawa\u0107 w pozycji le\u017c\u0105cej z podniesionymi do g\u00f3ry nogami.","inLanguage":"pl-PL"},"inLanguage":"pl-PL"},{"@type":"Question","@id":"https:\/\/www.alab.pl\/centrum-wiedzy\/anafilaksja\/#faq-question-1751618948767","position":5,"url":"https:\/\/www.alab.pl\/centrum-wiedzy\/anafilaksja\/#faq-question-1751618948767","name":"Wstrz\u0105s anafilaktyczny po jakim czasie od zadzia\u0142ania alergenu mo\u017ce wyst\u0105pi\u0107?","answerCount":1,"acceptedAnswer":{"@type":"Answer","text":"Objawy pojawiaj\u0105 si\u0119 najcz\u0119\u015bciej w\u00a0ci\u0105gu kilku do kilkunastu minut (rzadko kilku godzin) po nara\u017ceniu na bodziec. Im szybciej si\u0119 rozwijaj\u0105, tym wi\u0119ksze jest ryzyko ci\u0119\u017ckiej i\u00a0zagra\u017caj\u0105cej \u017cyciu anafilaksji.","inLanguage":"pl-PL"},"inLanguage":"pl-PL"}]}},"_links":{"self":[{"href":"https:\/\/www.alab.pl\/centrum-wiedzy\/wp-json\/wp\/v2\/posts\/1546","targetHints":{"allow":["GET"]}}],"collection":[{"href":"https:\/\/www.alab.pl\/centrum-wiedzy\/wp-json\/wp\/v2\/posts"}],"about":[{"href":"https:\/\/www.alab.pl\/centrum-wiedzy\/wp-json\/wp\/v2\/types\/post"}],"author":[{"embeddable":true,"href":"https:\/\/www.alab.pl\/centrum-wiedzy\/wp-json\/wp\/v2\/users\/102"}],"replies":[{"embeddable":true,"href":"https:\/\/www.alab.pl\/centrum-wiedzy\/wp-json\/wp\/v2\/comments?post=1546"}],"version-history":[{"count":6,"href":"https:\/\/www.alab.pl\/centrum-wiedzy\/wp-json\/wp\/v2\/posts\/1546\/revisions"}],"predecessor-version":[{"id":25427,"href":"https:\/\/www.alab.pl\/centrum-wiedzy\/wp-json\/wp\/v2\/posts\/1546\/revisions\/25427"}],"wp:featuredmedia":[{"embeddable":true,"href":"https:\/\/www.alab.pl\/centrum-wiedzy\/wp-json\/wp\/v2\/media\/1548"}],"wp:attachment":[{"href":"https:\/\/www.alab.pl\/centrum-wiedzy\/wp-json\/wp\/v2\/media?parent=1546"}],"wp:term":[{"taxonomy":"category","embeddable":true,"href":"https:\/\/www.alab.pl\/centrum-wiedzy\/wp-json\/wp\/v2\/categories?post=1546"},{"taxonomy":"post_tag","embeddable":true,"href":"https:\/\/www.alab.pl\/centrum-wiedzy\/wp-json\/wp\/v2\/tags?post=1546"},{"taxonomy":"author","embeddable":true,"href":"https:\/\/www.alab.pl\/centrum-wiedzy\/wp-json\/wp\/v2\/coauthors?post=1546"}],"curies":[{"name":"wp","href":"https:\/\/api.w.org\/{rel}","templated":true}]}}