{"id":15704,"date":"2024-07-24T10:00:00","date_gmt":"2024-07-24T08:00:00","guid":{"rendered":"https:\/\/sklep.alablaboratoria.pl\/centrum-wiedzy\/?p=15704"},"modified":"2024-07-24T10:00:00","modified_gmt":"2024-07-24T08:00:00","slug":"jasny-stolec-kiedy-moze-byc-objawem-choroby","status":"publish","type":"post","link":"https:\/\/www.alab.pl\/centrum-wiedzy\/jasny-stolec-kiedy-moze-byc-objawem-choroby\/","title":{"rendered":"Jasny stolec &#8211; kiedy mo\u017ce by\u0107 objawem choroby?"},"content":{"rendered":"\n<p><strong>Stolec mo\u017ce przybiera\u0107 r\u00f3\u017cne kolory i konsystencje w zale\u017cno\u015bci od diety, stylu \u017cycia i stanu zdrowia. Zmiany w zabarwieniu ka\u0142u mog\u0105 by\u0107 alarmuj\u0105cym sygna\u0142em, kt\u00f3ry sugeruje problemy zdrowotne. Jasny stolec najcz\u0119\u015bciej wskazuje na zaburzenia pracy w\u0105troby, woreczka \u017c\u00f3\u0142ciowego lub trzustki. Ale nie tylko. Dowiedz si\u0119, co oznacza jasny stolec, kiedy warto zg\u0142osi\u0107 si\u0119 do lekarza i jakie badania wykona\u0107.<\/strong><\/p>\n\n\n\n<p>Spis tre\u015bci:<\/p>\n\n\n\n<ol class=\"wp-block-list\">\n<li><a href=\"#Jak-wygl\u0105da-jasny-stolec?\">Jak wygl\u0105da jasny stolec?<\/a><\/li>\n\n\n\n<li><a href=\"#Jasnobr\u0105zowy-stolec-\u2013-jakie-mog\u0105-by\u0107-przyczyny?\">Jasnobr\u0105zowy stolec \u2013 jakie mog\u0105 by\u0107 przyczyny?<\/a>\n<ul class=\"wp-block-list\">\n<li><a href=\"#Jasny-stolec-u-dziecka\">Jasny stolec u dziecka<\/a><\/li>\n\n\n\n<li><a href=\"#Jasny-stolec-u-doros\u0142ego\">Jasny stolec u doros\u0142ego<\/a><\/li>\n<\/ul>\n<\/li>\n\n\n\n<li><a href=\"#Kiedy-jasny-stolec-mo\u017ce-by\u0107-objawem-choroby?\">Kiedy jasny stolec mo\u017ce by\u0107 objawem choroby?<\/a><\/li>\n\n\n\n<li><a href=\"#Jasny-kolor-stolca-\u2013-diagnostyka-i-leczenie\">Jasny kolor stolca \u2013 diagnostyka i leczenie<\/a>\n<ul class=\"wp-block-list\">\n<li><a href=\"#Jasnobr\u0105zowy-stolec-\u2013-jakie-badania-wykona\u0107?\">Jasnobr\u0105zowy stolec \u2013 jakie badania wykona\u0107?<\/a><\/li>\n\n\n\n<li><a href=\"#Jasny-ka\u0142-\u2013-kiedy-uda\u0107-si\u0119-do-lekarza?\">Jasny ka\u0142 \u2013 kiedy uda\u0107 si\u0119 do lekarza?<\/a><\/li>\n<\/ul>\n<\/li>\n<\/ol>\n\n\n\n<h2 class=\"wp-block-heading\" id=\"Jak-wygl\u0105da-jasny-stolec?\">Jak wygl\u0105da jasny stolec?<\/h2>\n\n\n\n<p>Zmieniony kolor ka\u0142u jest \u0142atwo zauwa\u017calny. <strong>Jako jasny stolec definiowana jest masa ka\u0142owa, kt\u00f3rej barwa waha si\u0119 od jasnobr\u0105zowego, \u017c\u00f3\u0142tawego, jasnobe\u017cowego \u2013 a\u017c do bia\u0142ego.<\/strong> Zabarwienie zale\u017cy g\u0142\u00f3wnie od przyczyny oraz stopnia nasilenia problemu. Cz\u0119sto zdarza si\u0119, \u017ce poza kolorem zmienia si\u0119 r\u00f3wnie\u017c konsystencja. Jasny stolec mo\u017ce by\u0107 mi\u0119kki, lu\u017any, l\u015bni\u0105cy, trudny do sp\u0142ukania, mie\u0107 widoczne niestrawione resztki pokarmowe. Niekiedy ma cuchn\u0105cy zapach.<\/p>\n\n\n\n<figure class=\"wp-block-table\"><table><tbody><tr><td><strong>Warto wiedzie\u0107: <br><\/strong>Prawid\u0142owy stolec powinien mie\u0107 kolor br\u0105zowy, kt\u00f3ry wynika z obecno\u015bci bilirubiny. Ponadto ma p\u00f3\u0142mi\u0119kk\u0105 konsystencj\u0119 i zazwyczaj nie s\u0105 w nim widoczne niestrawione resztki pokarmowe.<\/td><\/tr><\/tbody><\/table><\/figure>\n\n\n\n<h2 class=\"wp-block-heading\" id=\"Jasnobr\u0105zowy-stolec-\u2013-jakie-mog\u0105-by\u0107-przyczyny?\">Jasnobr\u0105zowy stolec \u2013 jakie mog\u0105 by\u0107 przyczyny?<\/h2>\n\n\n\n<p><strong>Przyczyny jasnego stolca s\u0105 r\u00f3\u017cnorodne \u2013 od zmian w diecie po powa\u017cne choroby wymagaj\u0105ce niezw\u0142ocznej interwencji medycznej.<\/strong> Zmian\u0119 zabarwienia ka\u0142u obserwuje si\u0119 m.in. przy zaburzeniach pracy w\u0105troby, dr\u00f3g \u017c\u00f3\u0142ciowych, trzustki i jelit, chorobach metabolicznych, infekcjach lub zaburzeniach trawienia i wch\u0142aniania. Na kolor stolca mog\u0105 wp\u0142ywa\u0107 tak\u017ce niekt\u00f3re leki oraz \u015brodki kontrastowe stosowane w diagnostyce radiologicznej.<\/p>\n\n\n\n<p><strong>Przeczytaj te\u017c: <a href=\"https:\/\/www.alab.pl\/centrum-wiedzy\/czarny-stolec-smolisty-stolec-przyczyny-diagnostyka-postepowanie\/\" target=\"_blank\" rel=\"noreferrer noopener\">Czarny stolec, smolisty stolec \u2013 przyczyny, diagnostyka, post\u0119powanie<\/a><\/strong><\/p>\n\n\n\n<h3 class=\"wp-block-heading\" id=\"Jasny-stolec-u-dziecka\">Jasny stolec u dziecka<\/h3>\n\n\n\n<p>Jasny stolec u dziecka nie zawsze musi powa\u017cnym sygna\u0142em ostrzegawczym \u2013 szczeg\u00f3lnie u niemowl\u0105t karmionych piersi\u0105. W ich przypadku ka\u0142 przyjmuje jasno\u017c\u00f3\u0142ty kolor i jest papkowaty. <strong>Niepok\u00f3j powinny wzbudzi\u0107 inne barwy stolca, zmiana konsystencji oraz objawy towarzysz\u0105ce.<\/strong><\/p>\n\n\n\n<p><strong>Zmiana zabarwienia ka\u0142u na jasnoszar\u0105 mo\u017ce wskazywa\u0107 na atrezj\u0119 dr\u00f3g \u017c\u00f3\u0142ciowych. <\/strong>Jest to wada wrodzona polegaj\u0105ca na zaro\u015bni\u0119ciu dr\u00f3g \u017c\u00f3\u0142ciowych, co utrudnia przep\u0142yw \u017c\u00f3\u0142ci.<\/p>\n\n\n\n<p>Jasny stolec u dziecka obserwuje si\u0119 tak\u017ce przy <a href=\"https:\/\/www.alab.pl\/centrum-wiedzy\/mukowiscydoza-co-to-za-choroba-objawy-przyczyny-leczenie-mukowiscydozy\/\" target=\"_blank\" rel=\"noreferrer noopener\"><strong>mukowiscydozie<\/strong><\/a><strong>.<\/strong> Jest to choroba uwarunkowana genetycznie, w przebiegu kt\u00f3rej dochodzi do <strong>zaburze\u0144 wydzielania \u015bluzu przez kom\u00f3rki wydzielnicze \u2013 szczeg\u00f3lnie uk\u0142adu oddechowego i pokarmowego<\/strong>. Stolce s\u0105 jasne, l\u015bni\u0105ce, p\u00f3\u0142p\u0142ynne, obfite i cuchn\u0105ce.<\/p>\n\n\n\n<p>Jasny ka\u0142 u dzieci mo\u017ce by\u0107 tak\u017ce wynikiem celiakii \u2013 choroby autoimmunologicznej, w kt\u00f3rej spo\u017cycie glutenu uszkadza jelito cienkie. Zmian\u0119 zabarwienia stolca obserwuje si\u0119 czasami tak\u017ce przy zaka\u017ceniu <em>Helicobakter pylori <\/em>czy infekcjach wirusowych.<\/p>\n\n\n\n<h3 class=\"wp-block-heading\" id=\"Jasny-stolec-u-doros\u0142ego\">Jasny stolec u doros\u0142ego<\/h3>\n\n\n\n<p><strong>Jasny stolec u osoby doros\u0142ej najcz\u0119\u015bciej wskazuje na choroby w\u0105troby i dr\u00f3g \u017c\u00f3\u0142ciowych.<\/strong> Do odbarwienia dochodzi, gdy \u017c\u00f3\u0142\u0107 wytwarzana w w\u0105trobie nie przedostaje si\u0119 do \u015bwiat\u0142a przewodu pokarmowego. W\u00f3wczas w kale nie s\u0105 obecne produkty przemiany bilirubiny, kt\u00f3re nadaj\u0105 mu prawid\u0142owy kolor.<\/p>\n\n\n\n<p>Stan, w kt\u00f3rym przep\u0142yw \u017c\u00f3\u0142ci z w\u0105troby jest zablokowany okre\u015bla si\u0119 mianem <strong>cholestazy<\/strong>. Jej przyczyny to m.in.:<\/p>\n\n\n\n<ul class=\"wp-block-list\">\n<li>niealkoholowa choroba st\u0142uszczeniowa w\u0105troby,<\/li>\n\n\n\n<li>przewlek\u0142e wirusowe zapalenie w\u0105troby typu B lub C,<\/li>\n\n\n\n<li>zapalenie dr\u00f3g \u017c\u00f3\u0142ciowych,<\/li>\n\n\n\n<li>toksyczne uszkodzenie w\u0105troby,<\/li>\n\n\n\n<li><a href=\"https:\/\/www.alab.pl\/centrum-wiedzy\/charakterystyka-kamicy-zolciowej\/\" target=\"_blank\" rel=\"noreferrer noopener\">kamica \u017c\u00f3\u0142ciowa<\/a> i ostre zapalenie dr\u00f3g \u017c\u00f3\u0142ciowych.<\/li>\n<\/ul>\n\n\n\n<p>Jasny stolec u osoby doros\u0142ej mo\u017ce by\u0107 niekiedy objawem m.in. zaburze\u0144 wch\u0142aniania t\u0142uszcz\u00f3w, zespo\u0142u jelita dra\u017cliwego, zapalenia lub raka trzustki.<\/p>\n\n\n\n<p><strong>To mo\u017ce Ci\u0119 zainteresowa\u0107: <a href=\"https:\/\/www.alab.pl\/centrum-wiedzy\/biegunka-tluszczowa-przyczyny-objawy-leczenie-jak-wyglada\/\">Biegunka t\u0142uszczowa \u2013 przyczyny, objawy, leczenie. Jak wygl\u0105da stolec t\u0142uszczowy?<\/a><\/strong><\/p>\n\n\n\n<h2 class=\"wp-block-heading\" id=\"Kiedy-jasny-stolec-mo\u017ce-by\u0107-objawem-choroby?\">Kiedy jasny stolec mo\u017ce by\u0107 objawem choroby?<\/h2>\n\n\n\n<p>Sporadycznie wyst\u0119puj\u0105ce zmiany zabarwienia stolca nie powinny stanowi\u0107 podstaw do niepokoju. Konieczne jest obserwowanie organizmu pod k\u0105tem czasu trwania objawu i towarzysz\u0105cych mu dolegliwo\u015bci. <strong>Jasny ka\u0142 mo\u017ce by\u0107 objawem choroby, je\u017celi:<\/strong><\/p>\n\n\n\n<ul class=\"wp-block-list\">\n<li>utrzymuje si\u0119 od d\u0142u\u017cszego czasu,<\/li>\n\n\n\n<li>cz\u0119sto nawraca,<\/li>\n\n\n\n<li>towarzysz\u0105 mu objawy dodatkowe (np. zaburzenia pracy uk\u0142adu pokarmowego, trudno\u015bci z oddawaniem stolca, zmiana zabarwienia sk\u00f3ry, b\u00f3le brzucha),<\/li>\n\n\n\n<li>poza kolorem zmieni\u0142y si\u0119 tak\u017ce inne cechy stolca (np. konsystencja).<\/li>\n<\/ul>\n\n\n\n<p>Nie nale\u017cy zwleka\u0107 z konsultacj\u0105 lekarsk\u0105. <strong>Im szybciej zostanie rozpoznana przyczyna jasnego stolca i wdro\u017cone leczenie, tym mniejsze ryzyko powik\u0142a\u0144.<\/strong><\/p>\n\n\n\n<figure class=\"wp-block-image size-full\"><a href=\"https:\/\/www.alab.pl\/pakiet\/pakiet-watrobowy\"><img loading=\"lazy\" decoding=\"async\" width=\"800\" height=\"200\" src=\"https:\/\/www.alab.pl\/centrum-wiedzy\/wp-content\/uploads\/2023\/06\/pakiet-watrobowy-baner-jpg.webp\" alt=\"pakiet w\u0105trobowy baner\" class=\"wp-image-6702\" srcset=\"https:\/\/www.alab.pl\/centrum-wiedzy\/wp-content\/uploads\/2023\/06\/pakiet-watrobowy-baner-jpg.webp 800w, https:\/\/www.alab.pl\/centrum-wiedzy\/wp-content\/uploads\/2023\/06\/pakiet-watrobowy-baner-jpg-768x192.webp 768w, https:\/\/www.alab.pl\/centrum-wiedzy\/wp-content\/uploads\/2023\/06\/pakiet-watrobowy-baner-jpg-150x38.webp 150w, https:\/\/www.alab.pl\/centrum-wiedzy\/wp-content\/uploads\/2023\/06\/pakiet-watrobowy-baner-jpg-300x75.webp 300w, https:\/\/www.alab.pl\/centrum-wiedzy\/wp-content\/uploads\/2023\/06\/pakiet-watrobowy-baner-jpg-696x174.webp 696w\" sizes=\"auto, (max-width: 800px) 100vw, 800px\" \/><\/a><\/figure>\n\n\n\n<p><strong>To mo\u017ce Ci\u0119 zainteresowa\u0107: <a href=\"https:\/\/www.alab.pl\/centrum-wiedzy\/biegunka-podroznych\/\">Biegunka podr\u00f3\u017cnych<\/a><\/strong><\/p>\n\n\n\n<h2 class=\"wp-block-heading\" id=\"Jasny-kolor-stolca-\u2013-diagnostyka-i-leczenie\">Jasny kolor stolca \u2013 diagnostyka i leczenie<\/h2>\n\n\n\n<p>Ka\u017cdy niepokoj\u0105cy wygl\u0105d stolca nale\u017cy skonsultowa\u0107 z lekarzem pierwszego kontaktu lub gastroenterologiem. Wskazane jest rozpocz\u0119cie diagnostyki, kt\u00f3ra pozwoli ustali\u0107 przyczyny jasnego koloru stolca, a w razie potrzeby rozpocz\u0119cie odpowiedniego leczenia.<\/p>\n\n\n\n<figure class=\"wp-block-image size-full\"><a href=\"https:\/\/www.alab.pl\/pakiet\/pakiet-trzustkowy\"><img loading=\"lazy\" decoding=\"async\" width=\"800\" height=\"200\" src=\"https:\/\/www.alab.pl\/centrum-wiedzy\/wp-content\/uploads\/2023\/11\/pakiet-trzustkowy-podstawowy-baner-jpg.webp\" alt=\"pakiet trzustkowy podstawowy\" class=\"wp-image-9884\" srcset=\"https:\/\/www.alab.pl\/centrum-wiedzy\/wp-content\/uploads\/2023\/11\/pakiet-trzustkowy-podstawowy-baner-jpg.webp 800w, https:\/\/www.alab.pl\/centrum-wiedzy\/wp-content\/uploads\/2023\/11\/pakiet-trzustkowy-podstawowy-baner-jpg-768x192.webp 768w, https:\/\/www.alab.pl\/centrum-wiedzy\/wp-content\/uploads\/2023\/11\/pakiet-trzustkowy-podstawowy-baner-jpg-150x38.webp 150w, https:\/\/www.alab.pl\/centrum-wiedzy\/wp-content\/uploads\/2023\/11\/pakiet-trzustkowy-podstawowy-baner-jpg-300x75.webp 300w, https:\/\/www.alab.pl\/centrum-wiedzy\/wp-content\/uploads\/2023\/11\/pakiet-trzustkowy-podstawowy-baner-jpg-696x174.webp 696w\" sizes=\"auto, (max-width: 800px) 100vw, 800px\" \/><\/a><\/figure>\n\n\n\n<h3 class=\"wp-block-heading\" id=\"Jasnobr\u0105zowy-stolec-\u2013-jakie-badania-wykona\u0107?\">Jasnobr\u0105zowy stolec \u2013 jakie badania wykona\u0107?<\/h3>\n\n\n\n<p>Diagnostyka przyczyny jasnego stolca rozpoczyna si\u0119 od dok\u0142adnego <strong>wywiadu medycznego i badania fizykalnego<\/strong> (palpacja brzucha). Lekarz zbiera szczeg\u00f3\u0142owe informacje o objawach, czasie ich trwania, historii chor\u00f3b oraz stylu \u017cycia pacjenta. Nast\u0119pnie zleca dodatkowe testy. <strong>Badania zlecane przy jasnym kale to <\/strong>m.in.:<\/p>\n\n\n\n<ul class=\"wp-block-list\">\n<li>testy laboratoryjne krwi (g\u0142\u00f3wnie poziom bilirubiny, fosfatazy alkalicznej, aminotransferaz, GGTP, kwas\u00f3w \u017c\u00f3\u0142ciowych),<\/li>\n\n\n\n<li>badanie ka\u0142u,<\/li>\n\n\n\n<li>badania obrazowe (np. USG, tomografia komputerowa, rezonans magnetyczny).<\/li>\n<\/ul>\n\n\n\n<p>Wyniki bada\u0144 zleconych w celu ustalenia przyczyny jasnego stolca zawsze powinien interpretowa\u0107 lekarz.<\/p>\n\n\n\n<figure class=\"wp-block-image size-full\"><a href=\"https:\/\/www.alab.pl\/badanie\/kal-badanie-ogolne-i-ocena-resztek-pokarmowych-a23\"><img loading=\"lazy\" decoding=\"async\" width=\"800\" height=\"200\" src=\"https:\/\/www.alab.pl\/centrum-wiedzy\/wp-content\/uploads\/2024\/06\/Badanie-ogolne-kalu-z-ocena-resztek-pokarmowych-jpg.webp\" alt=\"Badanie ogo\u0301lne ka\u0142u z ocena\u0328 resztek pokarmowych\" class=\"wp-image-14296\" srcset=\"https:\/\/www.alab.pl\/centrum-wiedzy\/wp-content\/uploads\/2024\/06\/Badanie-ogolne-kalu-z-ocena-resztek-pokarmowych-jpg.webp 800w, https:\/\/www.alab.pl\/centrum-wiedzy\/wp-content\/uploads\/2024\/06\/Badanie-ogolne-kalu-z-ocena-resztek-pokarmowych-jpg-768x192.webp 768w, https:\/\/www.alab.pl\/centrum-wiedzy\/wp-content\/uploads\/2024\/06\/Badanie-ogolne-kalu-z-ocena-resztek-pokarmowych-jpg-150x38.webp 150w, https:\/\/www.alab.pl\/centrum-wiedzy\/wp-content\/uploads\/2024\/06\/Badanie-ogolne-kalu-z-ocena-resztek-pokarmowych-jpg-300x75.webp 300w, https:\/\/www.alab.pl\/centrum-wiedzy\/wp-content\/uploads\/2024\/06\/Badanie-ogolne-kalu-z-ocena-resztek-pokarmowych-jpg-696x174.webp 696w\" sizes=\"auto, (max-width: 800px) 100vw, 800px\" \/><\/a><\/figure>\n\n\n\n<p><strong>Przeczytaj tak\u017ce:<\/strong> <a href=\"https:\/\/www.alab.pl\/centrum-wiedzy\/posiew-kalu-czemu-sluzy-badanie-i-jak-interpretowac-wyniki\/\" target=\"_blank\" rel=\"noreferrer noopener\"><strong>Posiew ka\u0142u \u2013 czemu s\u0142u\u017cy badanie i jak interpretowa\u0107 wyniki?<\/strong> <\/a>&nbsp;<\/p>\n\n\n\n<h3 class=\"wp-block-heading\" id=\"Jasny-ka\u0142-\u2013-kiedy-uda\u0107-si\u0119-do-lekarza?\">Jasny ka\u0142 \u2013 kiedy uda\u0107 si\u0119 do lekarza?<\/h3>\n\n\n\n<p>Jasny kolor stolca <strong>nale\u017cy niezw\u0142ocznie skonsultowa\u0107 z lekarzem, je\u017celi towarzysz\u0105 mu inne niepokoj\u0105ce objawy<\/strong>. Szczeg\u00f3ln\u0105 uwag\u0119 powinny zwr\u00f3ci\u0107:<\/p>\n\n\n\n<ul class=\"wp-block-list\">\n<li>b\u00f3l brzucha,<\/li>\n\n\n\n<li>\u017c\u00f3\u0142taczka (za\u017c\u00f3\u0142cenie sk\u00f3ry i bia\u0142k\u00f3wek oczu),<\/li>\n\n\n\n<li>nudno\u015bci i wymioty,<\/li>\n\n\n\n<li>biegunka,<\/li>\n\n\n\n<li>brak apetytu,<\/li>\n\n\n\n<li>niezamierzony spadek masy cia\u0142a,<\/li>\n\n\n\n<li>ciemny kolor moczu.<\/li>\n<\/ul>\n\n\n\n<p>Wczesna diagnoza i leczenie mog\u0105 zapobiec powa\u017cnym powik\u0142aniom zdrowotnym. Terapia zale\u017cy od przyczyny jasnego stolca.<\/p>\n\n\n\n<p><strong>Zobacz te\u017c: Zaparcie czynno\u015bciowe \u2013 problem wsp\u00f3\u0142czesnych czas\u00f3w<\/strong><\/p>\n\n\n\n<p>Jasny kolor stolca wyst\u0119puj\u0105cy sporadycznie nie powinien stanowi\u0107 powodu do niepokoju.<strong> Konsultacji lekarskiej i wdro\u017cenia szczeg\u00f3\u0142owej diagnostyki wymaga zmiana zabarwienia ka\u0142u, kt\u00f3rej towarzysz\u0105 objawy dodatkowe<\/strong> &#8211; np. b\u00f3le brzucha, brak apetytu, nudno\u015bci, spadek masy cia\u0142a. Mo\u017ce to \u015bwiadczy\u0107 o chorobach, kt\u00f3re wymagaj\u0105 niezw\u0142ocznego rozpocz\u0119cia leczenia.<\/p>\n\n\n\n<p><strong>Opieka merytoryczna: lek. Katarzyna Banaszczyk<\/strong><\/p>\n\n\n\n<hr class=\"wp-block-separator has-alpha-channel-opacity\"\/>\n\n\n\n<p><strong>Bibliografia<\/strong><\/p>\n\n\n\n<ol class=\"wp-block-list\" type=\"1\" start=\"1\">\n<li>M. Wierci\u0144ska, <em>Stolec \u2013 zmieniony wygl\u0105d: jasny, lu\u017any, o\u0142\u00f3wkowaty i inne<\/em>, https:\/\/www.mp.pl\/pacjent\/objawy\/50658,stolec-zmieniony-wyglad (dost\u0119p 04.07.2024)<\/li>\n\n\n\n<li>K. Prudlak i in., <em>Badanie ka\u0142u w diagnostyce klinicznej<\/em>, Laboratorium Medyczne, 4\/2018, s. 42\u201347<\/li>\n\n\n\n<li>B. Iwa\u0144czak, T. Pytrus, <em>Wady wrodzone dr\u00f3g \u017c\u00f3\u0142ciowych u dzieci<\/em>, https:\/\/www.mp.pl\/pacjent\/pediatria\/choroby\/ukladpokarmowy\/50826,wady-wrodzone-drog-zolciowych-u-dzieci (dost\u0119p 04.07.2024)<\/li>\n\n\n\n<li>J. Lange, H. Marczak, <em>Mukowiscydoza (zw\u0142\u00f3knienie torbielowate)<\/em>, https:\/\/www.mp.pl\/pacjent\/pediatria\/choroby\/genetyka\/151740,mukowiscydoza-zwloknienie-torbielowate (dost\u0119p 04.07.2024)<\/li>\n\n\n\n<li>M. Hartleb i in., <em>Choroby cholestatyczne u doros\u0142ych. Wytyczne post\u0119powania Sekcji Hepatologicznej Polskiego Towarzystwa Gastroenterologii (PTG-E)<\/em>, Gastroenterologia Praktyczna 2\/2018, s. 5\u201332<\/li>\n<\/ol>\n","protected":false},"excerpt":{"rendered":"<p>Jasny stolec najcz\u0119\u015bciej wskazuje na zaburzenia pracy w\u0105troby, woreczka \u017c\u00f3\u0142ciowego lub trzustki, ale nie tylko. Dowiedz si\u0119 wi\u0119cej.<\/p>\n","protected":false},"author":100,"featured_media":15705,"comment_status":"closed","ping_status":"open","sticky":false,"template":"","format":"standard","meta":{"_acf_changed":false,"inline_featured_image":false,"footnotes":""},"categories":[18],"tags":[],"coauthors":[143],"class_list":{"0":"post-15704","1":"post","2":"type-post","3":"status-publish","4":"format-standard","5":"has-post-thumbnail","7":"category-dysbioza-choroby-przewodu-pokarmowego"},"acf":[],"yoast_head":"<!-- This site is optimized with the Yoast SEO plugin v27.4 - https:\/\/yoast.com\/product\/yoast-seo-wordpress\/ -->\n<title>Jasny stolec - kiedy mo\u017ce by\u0107 objawem choroby? - Centrum Wiedzy ALAB laboratoria<\/title>\n<meta name=\"description\" content=\"Jasny stolec najcz\u0119\u015bciej wskazuje na zaburzenia pracy w\u0105troby, woreczka \u017c\u00f3\u0142ciowego lub trzustki. Ale nie tylko. Dowiedz si\u0119 wi\u0119cej.\" \/>\n<meta name=\"robots\" content=\"index, follow, max-snippet:-1, max-image-preview:large, max-video-preview:-1\" \/>\n<link rel=\"canonical\" href=\"https:\/\/www.alab.pl\/centrum-wiedzy\/jasny-stolec-kiedy-moze-byc-objawem-choroby\/\" \/>\n<meta property=\"og:locale\" content=\"pl_PL\" \/>\n<meta property=\"og:type\" content=\"article\" \/>\n<meta property=\"og:title\" content=\"Jasny stolec - kiedy mo\u017ce by\u0107 objawem choroby? - Centrum Wiedzy ALAB laboratoria\" \/>\n<meta property=\"og:description\" content=\"Jasny stolec najcz\u0119\u015bciej wskazuje na zaburzenia pracy w\u0105troby, woreczka \u017c\u00f3\u0142ciowego lub trzustki. Ale nie tylko. Dowiedz si\u0119 wi\u0119cej.\" \/>\n<meta property=\"og:url\" content=\"https:\/\/www.alab.pl\/centrum-wiedzy\/jasny-stolec-kiedy-moze-byc-objawem-choroby\/\" \/>\n<meta property=\"og:site_name\" content=\"Centrum Wiedzy ALAB laboratoria\" \/>\n<meta property=\"article:publisher\" content=\"https:\/\/www.facebook.com\/ALABlaboratoria\" \/>\n<meta property=\"article:published_time\" content=\"2024-07-24T08:00:00+00:00\" \/>\n<meta property=\"og:image\" content=\"https:\/\/www.alab.pl\/centrum-wiedzy\/wp-content\/uploads\/2024\/07\/jasny_stolec-scaled-1.webp\" \/>\n\t<meta property=\"og:image:width\" content=\"2560\" \/>\n\t<meta property=\"og:image:height\" content=\"1708\" \/>\n\t<meta property=\"og:image:type\" content=\"image\/webp\" \/>\n<meta name=\"author\" content=\"Angelika Janowicz\" \/>\n<meta name=\"twitter:card\" content=\"summary_large_image\" \/>\n<meta name=\"twitter:label1\" content=\"Napisane przez\" \/>\n\t<meta name=\"twitter:data1\" content=\"Angelika Janowicz\" \/>\n\t<meta name=\"twitter:label2\" content=\"Szacowany czas czytania\" \/>\n\t<meta name=\"twitter:data2\" content=\"7 minut\" \/>\n\t<meta name=\"twitter:label3\" content=\"Written by\" \/>\n\t<meta name=\"twitter:data3\" content=\"Angelika Janowicz\" \/>\n<!-- \/ Yoast SEO plugin. -->","yoast_head_json":{"title":"Jasny stolec - kiedy mo\u017ce by\u0107 objawem choroby? - Centrum Wiedzy ALAB laboratoria","description":"Jasny stolec najcz\u0119\u015bciej wskazuje na zaburzenia pracy w\u0105troby, woreczka \u017c\u00f3\u0142ciowego lub trzustki. Ale nie tylko. Dowiedz si\u0119 wi\u0119cej.","robots":{"index":"index","follow":"follow","max-snippet":"max-snippet:-1","max-image-preview":"max-image-preview:large","max-video-preview":"max-video-preview:-1"},"canonical":"https:\/\/www.alab.pl\/centrum-wiedzy\/jasny-stolec-kiedy-moze-byc-objawem-choroby\/","og_locale":"pl_PL","og_type":"article","og_title":"Jasny stolec - kiedy mo\u017ce by\u0107 objawem choroby? - Centrum Wiedzy ALAB laboratoria","og_description":"Jasny stolec najcz\u0119\u015bciej wskazuje na zaburzenia pracy w\u0105troby, woreczka \u017c\u00f3\u0142ciowego lub trzustki. Ale nie tylko. Dowiedz si\u0119 wi\u0119cej.","og_url":"https:\/\/www.alab.pl\/centrum-wiedzy\/jasny-stolec-kiedy-moze-byc-objawem-choroby\/","og_site_name":"Centrum Wiedzy ALAB laboratoria","article_publisher":"https:\/\/www.facebook.com\/ALABlaboratoria","article_published_time":"2024-07-24T08:00:00+00:00","og_image":[{"width":2560,"height":1708,"url":"https:\/\/www.alab.pl\/centrum-wiedzy\/wp-content\/uploads\/2024\/07\/jasny_stolec-scaled-1.webp","type":"image\/webp"}],"author":"Angelika Janowicz","twitter_card":"summary_large_image","twitter_misc":{"Napisane przez":"Angelika Janowicz","Szacowany czas czytania":"7 minut","Written by":"Angelika Janowicz"},"schema":{"@context":"https:\/\/schema.org","@graph":[{"@type":"Article","@id":"https:\/\/www.alab.pl\/centrum-wiedzy\/jasny-stolec-kiedy-moze-byc-objawem-choroby\/#article","isPartOf":{"@id":"https:\/\/www.alab.pl\/centrum-wiedzy\/jasny-stolec-kiedy-moze-byc-objawem-choroby\/"},"author":{"name":"Angelika Janowicz","@id":"https:\/\/www.alab.pl\/centrum-wiedzy\/#\/schema\/person\/f714a3843f15f9646db0448b28a900e1"},"headline":"Jasny stolec &#8211; kiedy mo\u017ce by\u0107 objawem choroby?","datePublished":"2024-07-24T08:00:00+00:00","mainEntityOfPage":{"@id":"https:\/\/www.alab.pl\/centrum-wiedzy\/jasny-stolec-kiedy-moze-byc-objawem-choroby\/"},"wordCount":1170,"publisher":{"@id":"https:\/\/www.alab.pl\/centrum-wiedzy\/#organization"},"image":{"@id":"https:\/\/www.alab.pl\/centrum-wiedzy\/jasny-stolec-kiedy-moze-byc-objawem-choroby\/#primaryimage"},"thumbnailUrl":"https:\/\/www.alab.pl\/centrum-wiedzy\/wp-content\/uploads\/2024\/07\/jasny_stolec-scaled-1.webp","articleSection":["Dysbioza, choroby przewodu pokarmowego"],"inLanguage":"pl-PL"},{"@type":"WebPage","@id":"https:\/\/www.alab.pl\/centrum-wiedzy\/jasny-stolec-kiedy-moze-byc-objawem-choroby\/","url":"https:\/\/www.alab.pl\/centrum-wiedzy\/jasny-stolec-kiedy-moze-byc-objawem-choroby\/","name":"Jasny stolec - kiedy mo\u017ce by\u0107 objawem choroby? - Centrum Wiedzy ALAB laboratoria","isPartOf":{"@id":"https:\/\/www.alab.pl\/centrum-wiedzy\/#website"},"primaryImageOfPage":{"@id":"https:\/\/www.alab.pl\/centrum-wiedzy\/jasny-stolec-kiedy-moze-byc-objawem-choroby\/#primaryimage"},"image":{"@id":"https:\/\/www.alab.pl\/centrum-wiedzy\/jasny-stolec-kiedy-moze-byc-objawem-choroby\/#primaryimage"},"thumbnailUrl":"https:\/\/www.alab.pl\/centrum-wiedzy\/wp-content\/uploads\/2024\/07\/jasny_stolec-scaled-1.webp","datePublished":"2024-07-24T08:00:00+00:00","description":"Jasny stolec najcz\u0119\u015bciej wskazuje na zaburzenia pracy w\u0105troby, woreczka \u017c\u00f3\u0142ciowego lub trzustki. Ale nie tylko. Dowiedz si\u0119 wi\u0119cej.","breadcrumb":{"@id":"https:\/\/www.alab.pl\/centrum-wiedzy\/jasny-stolec-kiedy-moze-byc-objawem-choroby\/#breadcrumb"},"inLanguage":"pl-PL","potentialAction":[{"@type":"ReadAction","target":["https:\/\/www.alab.pl\/centrum-wiedzy\/jasny-stolec-kiedy-moze-byc-objawem-choroby\/"]}]},{"@type":"ImageObject","inLanguage":"pl-PL","@id":"https:\/\/www.alab.pl\/centrum-wiedzy\/jasny-stolec-kiedy-moze-byc-objawem-choroby\/#primaryimage","url":"https:\/\/www.alab.pl\/centrum-wiedzy\/wp-content\/uploads\/2024\/07\/jasny_stolec-scaled-1.webp","contentUrl":"https:\/\/www.alab.pl\/centrum-wiedzy\/wp-content\/uploads\/2024\/07\/jasny_stolec-scaled-1.webp","width":2560,"height":1708,"caption":"jasny stolec"},{"@type":"BreadcrumbList","@id":"https:\/\/www.alab.pl\/centrum-wiedzy\/jasny-stolec-kiedy-moze-byc-objawem-choroby\/#breadcrumb","itemListElement":[{"@type":"ListItem","position":1,"name":"Strona g\u0142\u00f3wna","item":"https:\/\/www.alab.pl\/centrum-wiedzy\/"},{"@type":"ListItem","position":2,"name":"Jasny stolec &#8211; kiedy mo\u017ce by\u0107 objawem choroby?"}]},{"@type":"WebSite","@id":"https:\/\/www.alab.pl\/centrum-wiedzy\/#website","url":"https:\/\/www.alab.pl\/centrum-wiedzy\/","name":"Centrum Wiedzy ALAB laboratoria","description":"","publisher":{"@id":"https:\/\/www.alab.pl\/centrum-wiedzy\/#organization"},"potentialAction":[{"@type":"SearchAction","target":{"@type":"EntryPoint","urlTemplate":"https:\/\/www.alab.pl\/centrum-wiedzy\/?s={search_term_string}"},"query-input":{"@type":"PropertyValueSpecification","valueRequired":true,"valueName":"search_term_string"}}],"inLanguage":"pl-PL"},{"@type":"Organization","@id":"https:\/\/www.alab.pl\/centrum-wiedzy\/#organization","name":"Centrum Wiedzy ALAB laboratoria","url":"https:\/\/www.alab.pl\/centrum-wiedzy\/","logo":{"@type":"ImageObject","inLanguage":"pl-PL","@id":"https:\/\/www.alab.pl\/centrum-wiedzy\/#\/schema\/logo\/image\/","url":"https:\/\/www.alab.pl\/centrum-wiedzy\/wp-content\/uploads\/2022\/04\/alabek.jpg","contentUrl":"https:\/\/www.alab.pl\/centrum-wiedzy\/wp-content\/uploads\/2022\/04\/alabek.jpg","width":1250,"height":1251,"caption":"Centrum Wiedzy ALAB laboratoria"},"image":{"@id":"https:\/\/www.alab.pl\/centrum-wiedzy\/#\/schema\/logo\/image\/"},"sameAs":["https:\/\/www.facebook.com\/ALABlaboratoria"]},{"@type":"Person","@id":"https:\/\/www.alab.pl\/centrum-wiedzy\/#\/schema\/person\/f714a3843f15f9646db0448b28a900e1","name":"Angelika Janowicz","image":{"@type":"ImageObject","inLanguage":"pl-PL","@id":"https:\/\/www.alab.pl\/centrum-wiedzy\/wp-content\/uploads\/2024\/05\/Janowicz-Angelika-150x150.png9339cd1d56dcba9ded72b55067841306","url":"https:\/\/www.alab.pl\/centrum-wiedzy\/wp-content\/uploads\/2024\/05\/Janowicz-Angelika-150x150.png","contentUrl":"https:\/\/www.alab.pl\/centrum-wiedzy\/wp-content\/uploads\/2024\/05\/Janowicz-Angelika-150x150.png","caption":"Angelika Janowicz"},"description":"Z wykszta\u0142cenia piel\u0119gniarka, absolwentka Uniwersytetu Medycznego im. Piast\u00f3w \u015al\u0105skich we Wroc\u0142awiu. Do\u015bwiadczenie zawodowe zdobywa\u0142a w gabinecie zabiegowym, a tak\u017ce w poradni laryngologicznej, pediatrycznej i kardiologicznej. Interesuje si\u0119 psychodietetyk\u0105 i \u017cywieniem cz\u0142owieka w chorobach metabolicznych \u2013 w szczeg\u00f3lno\u015bci zastosowaniem diet niskow\u0119glowodanowych w insulinooporno\u015bci.","url":"https:\/\/www.alab.pl\/centrum-wiedzy\/author\/angelika-janowicz\/"}]}},"_links":{"self":[{"href":"https:\/\/www.alab.pl\/centrum-wiedzy\/wp-json\/wp\/v2\/posts\/15704","targetHints":{"allow":["GET"]}}],"collection":[{"href":"https:\/\/www.alab.pl\/centrum-wiedzy\/wp-json\/wp\/v2\/posts"}],"about":[{"href":"https:\/\/www.alab.pl\/centrum-wiedzy\/wp-json\/wp\/v2\/types\/post"}],"author":[{"embeddable":true,"href":"https:\/\/www.alab.pl\/centrum-wiedzy\/wp-json\/wp\/v2\/users\/100"}],"replies":[{"embeddable":true,"href":"https:\/\/www.alab.pl\/centrum-wiedzy\/wp-json\/wp\/v2\/comments?post=15704"}],"version-history":[{"count":0,"href":"https:\/\/www.alab.pl\/centrum-wiedzy\/wp-json\/wp\/v2\/posts\/15704\/revisions"}],"wp:featuredmedia":[{"embeddable":true,"href":"https:\/\/www.alab.pl\/centrum-wiedzy\/wp-json\/wp\/v2\/media\/15705"}],"wp:attachment":[{"href":"https:\/\/www.alab.pl\/centrum-wiedzy\/wp-json\/wp\/v2\/media?parent=15704"}],"wp:term":[{"taxonomy":"category","embeddable":true,"href":"https:\/\/www.alab.pl\/centrum-wiedzy\/wp-json\/wp\/v2\/categories?post=15704"},{"taxonomy":"post_tag","embeddable":true,"href":"https:\/\/www.alab.pl\/centrum-wiedzy\/wp-json\/wp\/v2\/tags?post=15704"},{"taxonomy":"author","embeddable":true,"href":"https:\/\/www.alab.pl\/centrum-wiedzy\/wp-json\/wp\/v2\/coauthors?post=15704"}],"curies":[{"name":"wp","href":"https:\/\/api.w.org\/{rel}","templated":true}]}}