{"id":15801,"date":"2024-07-26T12:00:00","date_gmt":"2024-07-26T10:00:00","guid":{"rendered":"https:\/\/sklep.alablaboratoria.pl\/centrum-wiedzy\/?p=15801"},"modified":"2024-07-26T12:00:00","modified_gmt":"2024-07-26T10:00:00","slug":"jakie-moga-byc-przyczyny-drgajacej-powieki-i-jak-sobie-z-tym-radzic","status":"publish","type":"post","link":"https:\/\/www.alab.pl\/centrum-wiedzy\/jakie-moga-byc-przyczyny-drgajacej-powieki-i-jak-sobie-z-tym-radzic\/","title":{"rendered":"Jakie mog\u0105 by\u0107 przyczyny drgaj\u0105cej powieki i jak sobie z tym radzi\u0107?"},"content":{"rendered":"\n<p><strong>Drgaj\u0105ca powieka to nieprzyjemny, lecz zwykle ma\u0142o istotny objaw kliniczny. Przyczyn jej wyst\u0119powania jest mn\u00f3stwo. Warto wiedzie\u0107, kiedy dr\u017cenie powieki stanowi istotny problem medyczny lub objaw gro\u017anej choroby. W artykule omawiamy przyczyny i zwi\u0105zane z ni\u0105 schorzenia. Dowiesz si\u0119 r\u00f3wnie\u017c, jakie badania laboratoryjne warto wykona\u0107 przy drgaj\u0105cej powiece.<\/strong><\/p>\n\n\n\n<p>Spis tre\u015bci:<\/p>\n\n\n\n<ol class=\"wp-block-list\">\n<li><a href=\"#Najcz\u0119stsze-przyczyny-dr\u017cenia-powieki\">Najcz\u0119stsze przyczyny dr\u017cenia powieki<\/a><\/li>\n\n\n\n<li><a href=\"#Drgaj\u0105ca-powieka-\u2013-kiedy-jest-powodem-do-niepokoju?\">Drgaj\u0105ca powieka \u2013 kiedy jest powodem do niepokoju?<\/a>\n<ul class=\"wp-block-list\">\n<li><a href=\"#Dr\u017cenie-powiek-a-urazy-czaszkowo-m\u00f3zgowe\">Dr\u017cenie powiek a urazy czaszkowo-m\u00f3zgowe<\/a><\/li>\n\n\n\n<li><a href=\"#Zmiany-neurodegeneracyjne-a-dr\u017cenie-powiek\">Zmiany neurodegeneracyjne a dr\u017cenie powiek<\/a><\/li>\n\n\n\n<li><a href=\"#Guz-m\u00f3zgu-a-drganie-powieki\">Guz m\u00f3zgu a drganie powieki<\/a><\/li>\n\n\n\n<li><a href=\"#Drganie-powieki-od-kr\u0119gos\u0142upa\">Drganie powieki od kr\u0119gos\u0142upa<\/a><\/li>\n\n\n\n<li><a href=\"#Alkoholowy-zesp\u00f3\u0142-odstawienny\">Alkoholowy zesp\u00f3\u0142 odstawienny<\/a><\/li>\n\n\n\n<li><a href=\"#Dr\u017cenie-powieki-a-poziom-magnezu\">Dr\u017cenie powieki a poziom magnezu<\/a><\/li>\n\n\n\n<li><a href=\"#Niski-poziom-wapnia-a-drgaj\u0105ca-powieka\">Niski poziom wapnia a drgaj\u0105ca powieka<\/a><\/li>\n\n\n\n<li><a href=\"#Blefarospazm\">Blefarospazm<\/a><\/li>\n\n\n\n<li><a href=\"#Inne-przyczyny-drgaj\u0105cej-powieki\">Inne przyczyny drgaj\u0105cej powieki<\/a><\/li>\n<\/ul>\n<\/li>\n\n\n\n<li><a href=\"#Drganie-powieki-\u2013-jak-si\u0119-go-pozby\u0107?\">Drganie powieki \u2013 jak si\u0119 go pozby\u0107?<\/a>\n<ul class=\"wp-block-list\">\n<li><a href=\"#Sposoby-na-dr\u017c\u0105c\u0105-powiek\u0119\">Sposoby na dr\u017c\u0105c\u0105 powiek\u0119<\/a><\/li>\n\n\n\n<li><a href=\"#Skacz\u0105ca-powieka-\u2013-kiedy-skonsultowa\u0107-si\u0119-z-lekarzem?\">Skacz\u0105ca powieka \u2013 kiedy skonsultowa\u0107 si\u0119 z lekarzem?<\/a><\/li>\n<\/ul>\n<\/li>\n<\/ol>\n\n\n\n<h2 class=\"wp-block-heading\" id=\"Najcz\u0119stsze-przyczyny-dr\u017cenia-powieki\">Najcz\u0119stsze przyczyny dr\u017cenia powieki<\/h2>\n\n\n\n<p>Dr\u017cenie powieki jest zwykle niebolesne i nie powoduje zaburze\u0144 widzenia.<\/p>\n\n\n\n<p>Najcz\u0119\u015bciej drgaj\u0105ca powieka wyst\u0119puje na skutek:<\/p>\n\n\n\n<ul class=\"wp-block-list\">\n<li>niedoboru snu;<\/li>\n\n\n\n<li>niew\u0142a\u015bciwie zbilansowanej diety (stwierdza si\u0119 w niej niedobory witamin i minera\u0142\u00f3w wspieraj\u0105cych mi\u0119\u015bnie i uk\u0142ad nerwowy),<\/li>\n\n\n\n<li>nadmiernego spo\u017cycia kofeiny (kawy i tzw. napoj\u00f3w energetycznych)<\/li>\n\n\n\n<li>istnienia wzmo\u017conej wra\u017cliwo\u015bci na kofein\u0119.<\/li>\n<\/ul>\n\n\n\n<p>Stres to r\u00f3wnie\u017c jedna z potencjalnych przyczyn \u201eskacz\u0105cej\u201d powieki, poniewa\u017c ma on negatywny wp\u0142yw na gospodark\u0119 mineraln\u0105 organizmu, m.in. magnezu i wapnia.<\/p>\n\n\n\n<p><strong>>> Przeczytaj tak\u017ce: <a href=\"https:\/\/www.alab.pl\/centrum-wiedzy\/magnez-pomaga-na-skurcze-miesni-fakt-czy-mit\/\">Czy magnez pomaga na skurcze?<\/a><\/strong><\/p>\n\n\n\n<h2 class=\"wp-block-heading\" id=\"Drgaj\u0105ca-powieka-\u2013-kiedy-jest-powodem-do-niepokoju?\">Drgaj\u0105ca powieka \u2013 kiedy jest powodem do niepokoju?<\/h2>\n\n\n\n<p>Nasilone dr\u017cenie przechodz\u0105ce w (bolesny) skurcz powieki wymaga konsultacji lekarskiej. Mo\u017ce by\u0107 zwiastunem powa\u017cnych schorze\u0144, np. guza m\u00f3zgu, zmian neurodegeneracyjnych, <a href=\"https:\/\/www.alab.pl\/centrum-wiedzy\/co-to-jest-tezyczka-rodzaje-objawy-przyczyny-diagnostyka-i-leczenie\/\">t\u0119\u017cyczki<\/a> lub by\u0107 skutkiem urazu o\u015brodkowego uk\u0142adu nerwowego.<\/p>\n\n\n\n<figure class=\"wp-block-image size-full\"><img loading=\"lazy\" decoding=\"async\" width=\"980\" height=\"411\" src=\"https:\/\/www.alab.pl\/centrum-wiedzy\/wp-content\/uploads\/2024\/07\/drgajaca-powieka-ramka-jpg.webp\" alt=\"drgajaca powieka ramka\" class=\"wp-image-15768\" srcset=\"https:\/\/www.alab.pl\/centrum-wiedzy\/wp-content\/uploads\/2024\/07\/drgajaca-powieka-ramka-jpg.webp 980w, https:\/\/www.alab.pl\/centrum-wiedzy\/wp-content\/uploads\/2024\/07\/drgajaca-powieka-ramka-jpg-768x322.webp 768w, https:\/\/www.alab.pl\/centrum-wiedzy\/wp-content\/uploads\/2024\/07\/drgajaca-powieka-ramka-jpg-150x63.webp 150w, https:\/\/www.alab.pl\/centrum-wiedzy\/wp-content\/uploads\/2024\/07\/drgajaca-powieka-ramka-jpg-300x126.webp 300w, https:\/\/www.alab.pl\/centrum-wiedzy\/wp-content\/uploads\/2024\/07\/drgajaca-powieka-ramka-jpg-696x292.webp 696w\" sizes=\"auto, (max-width: 980px) 100vw, 980px\" \/><\/figure>\n\n\n\n<h3 class=\"wp-block-heading\" id=\"Dr\u017cenie-powiek-a-urazy-czaszkowo-m\u00f3zgowe\">Dr\u017cenie powiek a urazy czaszkowo-m\u00f3zgowe<\/h3>\n\n\n\n<p>Jednym z rodzaj\u00f3w urazu, w kt\u00f3rym mo\u017ce wyst\u0105pi\u0107 drgaj\u0105ce powieka to tzw. <strong>cerebrastenia pourazowa<\/strong>. W jej przebiegu wyst\u0119puje potliwo\u015b\u0107 d\u0142oni, dr\u017cenie powiek i r\u0105k, b\u00f3le i zawroty g\u0142owy, zaburzenia pami\u0119ci i koordynacji, dra\u017cliwo\u015b\u0107, a tak\u017ce zaburzenia rytmu serca.<\/p>\n\n\n\n<h3 class=\"wp-block-heading\" id=\"Zmiany-neurodegeneracyjne-a-dr\u017cenie-powiek\">Zmiany neurodegeneracyjne a dr\u017cenie powiek<\/h3>\n\n\n\n<p>Dr\u017cenie i kurcze powiek niekiedy wyst\u0119puj\u0105 w niekt\u00f3rych zespo\u0142ach neurodegeneracyjnych, kt\u00f3re mog\u0105 obj\u0105\u0107 j\u0105dra podkorowe i ruchowe nerw\u00f3w oczu. Mo\u017ce temu towarzyszy\u0107 szereg objaw\u00f3w, np.:<\/p>\n\n\n\n<ul class=\"wp-block-list\">\n<li>skurcze lub dr\u017cenie powiek,<\/li>\n\n\n\n<li>upo\u015bledzenie ruch\u00f3w ga\u0142ki ocznej,<\/li>\n\n\n\n<li>upo\u015bledzenia r\u00f3wnowagi,<\/li>\n\n\n\n<li>zaburzenia mowy (dyzartria),<\/li>\n\n\n\n<li>prze\u0142ykania (dysfagia).<\/li>\n<\/ul>\n\n\n\n<p>Drgaj\u0105ca powieka mo\u017ce wyst\u0105pi\u0107 w przebiegu innych chor\u00f3b, np. stwardnienia rozsianego, choroby Parkinsona i zespole Tourette\u2019a.<\/p>\n\n\n\n<p><strong>>> Zobacz r\u00f3wnie\u017c: <a href=\"https:\/\/www.alab.pl\/centrum-wiedzy\/tiki-nerwowe-i-ich-przyczyny-jak-sie-ich-pozbyc\/\" target=\"_blank\" rel=\"noreferrer noopener\">Czym s\u0105 tiki nerwowe?<\/a><\/strong><\/p>\n\n\n\n<h3 class=\"wp-block-heading\" id=\"Guz-m\u00f3zgu-a-drganie-powieki\">Guz m\u00f3zgu a drganie powieki<\/h3>\n\n\n\n<p>Zale\u017cnie od umiejscowienia guza m\u00f3zgu, mog\u0105 pojawi\u0107 si\u0119 r\u00f3\u017cnorodne objawy, np. os\u0142abienie mi\u0119\u015bni twarzy, zaburzenia widzenia z ruchem ga\u0142ek ocznych i dr\u017ceniem powieki, a tak\u017ce b\u00f3l i\/lub zawroty g\u0142owy. Guz m\u00f3zgu mo\u017ce przyk\u0142adowo uciska\u0107 nerw twarzowy, by\u0107 zlokalizowany w okolicy m\u00f3\u017cd\u017cku, kt\u00f3ry odpowiada m.in. za ruchy powiek, a tak\u017ce w pniu m\u00f3zgu (np. glejak powoduj\u0105cy miokimi\u0119).<\/p>\n\n\n\n<h3 class=\"wp-block-heading\" id=\"Drganie-powieki-od-kr\u0119gos\u0142upa\">Drganie powieki od kr\u0119gos\u0142upa<\/h3>\n\n\n\n<p>Dr\u017cenie powiek mo\u017ce wi\u0105za\u0107 si\u0119 ze zmianami zwyrodnieniowymi lub inn\u0105 dysfunkcj\u0105 odcinka szyjnego, np. dyskopati\u0105. W przebiegu mo\u017ce wyst\u0105pi\u0107 ucisk nerw\u00f3w rdzeniowych.<\/p>\n\n\n\n<h3 class=\"wp-block-heading\" id=\"Alkoholowy-zesp\u00f3\u0142-odstawienny\">Alkoholowy zesp\u00f3\u0142 odstawienny<\/h3>\n\n\n\n<p>Alkoholowy zesp\u00f3\u0142 abstynencyjny mo\u017ce dostarcza\u0107 wielu objaw\u00f3w, kt\u00f3re zale\u017c\u0105 od dynamiki trze\u017awienia. Mo\u017ce pojawi\u0107 si\u0119 dr\u017cenie mi\u0119\u015bniowe j\u0119zyka, powiek i wyci\u0105gni\u0119tych do przodu r\u0105k \u2013 ich szczyt wyst\u0119puje pomi\u0119dzy 1. i 2. dniem trze\u017awienia. Opr\u00f3cz tego wyst\u0119puje tachykardia, hipertensja, zaburzenia l\u0119kowe.<\/p>\n\n\n\n<figure class=\"wp-block-image size-full\"><img loading=\"lazy\" decoding=\"async\" width=\"980\" height=\"500\" src=\"https:\/\/www.alab.pl\/centrum-wiedzy\/wp-content\/uploads\/2024\/07\/drgajaca-powieka-infografika-jpg.webp\" alt=\"drgajaca powieka infografika\" class=\"wp-image-15767\" srcset=\"https:\/\/www.alab.pl\/centrum-wiedzy\/wp-content\/uploads\/2024\/07\/drgajaca-powieka-infografika-jpg.webp 980w, https:\/\/www.alab.pl\/centrum-wiedzy\/wp-content\/uploads\/2024\/07\/drgajaca-powieka-infografika-jpg-768x392.webp 768w, https:\/\/www.alab.pl\/centrum-wiedzy\/wp-content\/uploads\/2024\/07\/drgajaca-powieka-infografika-jpg-150x77.webp 150w, https:\/\/www.alab.pl\/centrum-wiedzy\/wp-content\/uploads\/2024\/07\/drgajaca-powieka-infografika-jpg-300x153.webp 300w, https:\/\/www.alab.pl\/centrum-wiedzy\/wp-content\/uploads\/2024\/07\/drgajaca-powieka-infografika-jpg-696x355.webp 696w\" sizes=\"auto, (max-width: 980px) 100vw, 980px\" \/><\/figure>\n\n\n\n<p><strong>>> Zobacz r\u00f3wnie\u017c: <a href=\"https:\/\/www.alab.pl\/centrum-wiedzy\/badania-wspierajace-leczenie-alkoholizmu\/\" target=\"_blank\" rel=\"noreferrer noopener\">Badania wspieraj\u0105ce leczenie alkoholizmu<\/a><\/strong><\/p>\n\n\n\n<h3 class=\"wp-block-heading\" id=\"Dr\u017cenie-powieki-a-poziom-magnezu\">Dr\u017cenie powieki a poziom magnezu<\/h3>\n\n\n\n<p>Dr\u017cenie mi\u0119\u015bni powiek mo\u017ce by\u0107 zwi\u0105zane z niedoborem <a href=\"https:\/\/www.alab.pl\/centrum-wiedzy\/magnez-zapotrzebowanie-zrodla-suplementacja\/\" target=\"_blank\" rel=\"noreferrer noopener\">magnezu<\/a> \u2013 hipomagnezemii. Przyczynia si\u0119 do tego dieta uboga w magnez i\/lub obecno\u015b\u0107 chor\u00f3b, kt\u00f3re ograniczaj\u0105 absorpcj\u0119 tego pierwiastka.<\/p>\n\n\n\n<figure class=\"wp-block-image size-full\"><a href=\"https:\/\/www.alab.pl\/badanie\/magnez-w-surowicy-m87\"><img loading=\"lazy\" decoding=\"async\" width=\"800\" height=\"200\" src=\"https:\/\/www.alab.pl\/centrum-wiedzy\/wp-content\/uploads\/2023\/07\/Magnez-we-krwi-pelnej-jpg.webp\" alt=\"magnez we krwi badanie\" class=\"wp-image-7845\" srcset=\"https:\/\/www.alab.pl\/centrum-wiedzy\/wp-content\/uploads\/2023\/07\/Magnez-we-krwi-pelnej-jpg.webp 800w, https:\/\/www.alab.pl\/centrum-wiedzy\/wp-content\/uploads\/2023\/07\/Magnez-we-krwi-pelnej-jpg-768x192.webp 768w, https:\/\/www.alab.pl\/centrum-wiedzy\/wp-content\/uploads\/2023\/07\/Magnez-we-krwi-pelnej-jpg-150x38.webp 150w, https:\/\/www.alab.pl\/centrum-wiedzy\/wp-content\/uploads\/2023\/07\/Magnez-we-krwi-pelnej-jpg-300x75.webp 300w, https:\/\/www.alab.pl\/centrum-wiedzy\/wp-content\/uploads\/2023\/07\/Magnez-we-krwi-pelnej-jpg-696x174.webp 696w\" sizes=\"auto, (max-width: 800px) 100vw, 800px\" \/><\/a><\/figure>\n\n\n\n<p><strong>>> Przeczytaj r\u00f3wnie\u017c: <a href=\"https:\/\/www.alab.pl\/centrum-wiedzy\/diagnostyka-zaburzen-gospodarki-magnezowej-w-organizmie\/\" target=\"_blank\" rel=\"noreferrer noopener\">Diagnostyka zaburze\u0144 magnezowych<\/a><\/strong><\/p>\n\n\n\n<h3 class=\"wp-block-heading\" id=\"Niski-poziom-wapnia-a-drgaj\u0105ca-powieka\">Niski poziom wapnia a drgaj\u0105ca powieka<\/h3>\n\n\n\n<p><a href=\"https:\/\/www.alab.pl\/centrum-wiedzy\/wapn-podstawowy-pierwiastek-ukladu-kostnego\/\" target=\"_blank\" rel=\"noreferrer noopener\">Jony wapnia<\/a> bior\u0105 udzia\u0142 w kurczeniu si\u0119 mi\u0119\u015bni. Niski poziom tego pierwiastka w organizmie wi\u0105\u017ce si\u0119 z wyst\u0119powaniem zaburze\u0144 pracy mi\u0119\u015bni. Z poj\u0119ciem hipokalcemii (niskiego st\u0119\u017cenia Ca) wi\u0105\u017c\u0105 si\u0119 dwie choroby \u2013 t\u0119\u017cyczka i niedoczynno\u015b\u0107 przytarczyc. Mog\u0105 one prowadzi\u0107 do wyst\u0105pienia dr\u017cenia i niekontrolowanego drgania powieki.<\/p>\n\n\n\n<figure class=\"wp-block-image size-full\"><a href=\"https:\/\/www.alab.pl\/badanie\/wapn-calkowity-w-surowicy-o77\"><img loading=\"lazy\" decoding=\"async\" width=\"800\" height=\"200\" src=\"https:\/\/www.alab.pl\/centrum-wiedzy\/wp-content\/uploads\/2023\/07\/wapn-calkowity-w-surowicy-baner-jpg.webp\" alt=\"wap\u0144 ca\u0142kowity w surowicy baner\" class=\"wp-image-7655\" srcset=\"https:\/\/www.alab.pl\/centrum-wiedzy\/wp-content\/uploads\/2023\/07\/wapn-calkowity-w-surowicy-baner-jpg.webp 800w, https:\/\/www.alab.pl\/centrum-wiedzy\/wp-content\/uploads\/2023\/07\/wapn-calkowity-w-surowicy-baner-jpg-768x192.webp 768w, https:\/\/www.alab.pl\/centrum-wiedzy\/wp-content\/uploads\/2023\/07\/wapn-calkowity-w-surowicy-baner-jpg-150x38.webp 150w, https:\/\/www.alab.pl\/centrum-wiedzy\/wp-content\/uploads\/2023\/07\/wapn-calkowity-w-surowicy-baner-jpg-300x75.webp 300w, https:\/\/www.alab.pl\/centrum-wiedzy\/wp-content\/uploads\/2023\/07\/wapn-calkowity-w-surowicy-baner-jpg-696x174.webp 696w\" sizes=\"auto, (max-width: 800px) 100vw, 800px\" \/><\/a><\/figure>\n\n\n\n<p><strong>>> Przeczytaj tak\u017ce: <a href=\"https:\/\/www.alab.pl\/centrum-wiedzy\/diagnostyka-zaburzen-gospodarki-wapniowej-w-organizmie\/\" target=\"_blank\" rel=\"noreferrer noopener\">Diagnostyka zaburze\u0144 wapnia w organizmie<\/a><\/strong><\/p>\n\n\n\n<h3 class=\"wp-block-heading\" id=\"Blefarospazm\">Blefarospazm<\/h3>\n\n\n\n<p>Blefarospazm jest rodzajem dystonii ogniskowej powieki, w kt\u00f3rej wyst\u0119puj\u0105 mimowolne ruchy, np. zaciskanie powiek. Zaburzenie to ma pod\u0142o\u017ce idiopatyczne (trudne do ustalenia). W niekt\u00f3rych przypadkach mo\u017ce ograniczy\u0107 normalne funkcjonowanie i uniemo\u017cliwia\u0107 czytanie lub prowadzenie samochodu.<\/p>\n\n\n\n<p>Inne mo\u017cliwo\u015bci zwi\u0105zane ze skurczem powiek lub ich dr\u017ceniem, poza blefarospazmem, to:<\/p>\n\n\n\n<ul class=\"wp-block-list\">\n<li>fascykulacj\u0119 (inaczej dr\u017cenie p\u0119czkowe \u2013 opisywane jako drobne, ma\u0142e i szybkie).<\/li>\n\n\n\n<li>miokimie (to cz\u0119\u015bciej drganie dolnej powieki \u2013 jest wolniejsze ni\u017c fascykulacja);<\/li>\n<\/ul>\n\n\n\n<p>Drgaj\u0105ca powieka mo\u017ce wyst\u0105pi\u0107 w innych rodzajach dystonii.<\/p>\n\n\n\n<h3 class=\"wp-block-heading\" id=\"Inne-przyczyny-drgaj\u0105cej-powieki\">Inne przyczyny drgaj\u0105cej powieki<\/h3>\n\n\n\n<p>Inn\u0105 przyczyn\u0105 drgaj\u0105cej powieki mog\u0105 by\u0107 diuretyki p\u0119tlowe \u2013 leki moczop\u0119dne, np. furosemid i torasemid. Mog\u0105 powodowa\u0107 hipomagnezemi\u0119 i\/lub hipokalcemi\u0119, czyli bezpo\u015brednie przyczyny skurcz\u00f3w mi\u0119\u015bni. Istotne s\u0105 r\u00f3wnie\u017c tiazydy (np. hydrochlorotiazyd) zwi\u0119kszaj\u0105ce wydalanie magnezu, ale nasilaj\u0105ce wzrost poziomu wapnia.<\/p>\n\n\n\n<p>Znaczenie maj\u0105 r\u00f3wnie\u017c schorzenia endokrynologiczne, np. <a href=\"https:\/\/www.alab.pl\/centrum-wiedzy\/niedoczynnosc-tarczycy\/\" target=\"_blank\" rel=\"noreferrer noopener\">niedoczynno\u015b\u0107 tarczycy<\/a> lub <a href=\"https:\/\/www.alab.pl\/centrum-wiedzy\/choroba-hashimoto\/\" target=\"_blank\" rel=\"noreferrer noopener\">choroba Hashimoto<\/a>.<\/p>\n\n\n\n<figure class=\"wp-block-image size-full\"><a href=\"https:\/\/www.alab.pl\/pakiet\/pakiet-tarczycowy-rozszerzony\"><img loading=\"lazy\" decoding=\"async\" width=\"800\" height=\"200\" src=\"https:\/\/www.alab.pl\/centrum-wiedzy\/wp-content\/uploads\/2023\/08\/Pakiet-tarczycowy-rozszerzony-TSH-FT3-FT4-ATPO-ATGTRAB-jpg.webp\" alt=\"pakiet tarczycowy rozszerzony\" class=\"wp-image-8056\" srcset=\"https:\/\/www.alab.pl\/centrum-wiedzy\/wp-content\/uploads\/2023\/08\/Pakiet-tarczycowy-rozszerzony-TSH-FT3-FT4-ATPO-ATGTRAB-jpg.webp 800w, https:\/\/www.alab.pl\/centrum-wiedzy\/wp-content\/uploads\/2023\/08\/Pakiet-tarczycowy-rozszerzony-TSH-FT3-FT4-ATPO-ATGTRAB-jpg-768x192.webp 768w, https:\/\/www.alab.pl\/centrum-wiedzy\/wp-content\/uploads\/2023\/08\/Pakiet-tarczycowy-rozszerzony-TSH-FT3-FT4-ATPO-ATGTRAB-jpg-150x38.webp 150w, https:\/\/www.alab.pl\/centrum-wiedzy\/wp-content\/uploads\/2023\/08\/Pakiet-tarczycowy-rozszerzony-TSH-FT3-FT4-ATPO-ATGTRAB-jpg-300x75.webp 300w, https:\/\/www.alab.pl\/centrum-wiedzy\/wp-content\/uploads\/2023\/08\/Pakiet-tarczycowy-rozszerzony-TSH-FT3-FT4-ATPO-ATGTRAB-jpg-696x174.webp 696w\" sizes=\"auto, (max-width: 800px) 100vw, 800px\" \/><\/a><\/figure>\n\n\n\n<p>Dr\u017cenie powiek mo\u017ce by\u0107 objawem psychosomatycznym zwi\u0105zanym ze stresem lub towarzyszy\u0107 chorobom psychicznym, np. histerii lub stanom l\u0119kowym.<\/p>\n\n\n\n<h2 class=\"wp-block-heading\" id=\"Drganie-powieki-\u2013-jak-si\u0119-go-pozby\u0107?\">Drganie powieki \u2013 jak si\u0119 go pozby\u0107?<\/h2>\n\n\n\n<p>Leczenie dr\u017cenia powiek zale\u017cy od przyczyny. W celu jej ustalenia niezb\u0119dne s\u0105 badania diagnostyczne, np. oznaczanie poziomu wapnia i magnezu we krwi. Niekiedy konieczne mo\u017ce okaza\u0107 si\u0119 zmiana lek\u00f3w moczop\u0119dnych na takie, kt\u00f3re nie zwi\u0119kszaj\u0105 ryzyka hipomagnezemii.<\/p>\n\n\n\n<p>Poziom elektrolit\u00f3w mo\u017cesz sprawdzi\u0107 w poni\u017cszym pakiecie bada\u0144.<\/p>\n\n\n\n<figure class=\"wp-block-image size-full\"><a href=\"https:\/\/www.alab.pl\/pakiet\/jonogram\"><img loading=\"lazy\" decoding=\"async\" width=\"800\" height=\"200\" src=\"https:\/\/www.alab.pl\/centrum-wiedzy\/wp-content\/uploads\/2024\/04\/Pakiet-elektrolity-4-badania-jpg.webp\" alt=\"Pakiet elektrolity (4 badania)\" class=\"wp-image-13320\" srcset=\"https:\/\/www.alab.pl\/centrum-wiedzy\/wp-content\/uploads\/2024\/04\/Pakiet-elektrolity-4-badania-jpg.webp 800w, https:\/\/www.alab.pl\/centrum-wiedzy\/wp-content\/uploads\/2024\/04\/Pakiet-elektrolity-4-badania-jpg-768x192.webp 768w, https:\/\/www.alab.pl\/centrum-wiedzy\/wp-content\/uploads\/2024\/04\/Pakiet-elektrolity-4-badania-jpg-150x38.webp 150w, https:\/\/www.alab.pl\/centrum-wiedzy\/wp-content\/uploads\/2024\/04\/Pakiet-elektrolity-4-badania-jpg-300x75.webp 300w, https:\/\/www.alab.pl\/centrum-wiedzy\/wp-content\/uploads\/2024\/04\/Pakiet-elektrolity-4-badania-jpg-696x174.webp 696w\" sizes=\"auto, (max-width: 800px) 100vw, 800px\" \/><\/a><\/figure>\n\n\n\n<h3 class=\"wp-block-heading\" id=\"Sposoby-na-dr\u017c\u0105c\u0105-powiek\u0119\">Sposoby na dr\u017c\u0105c\u0105 powiek\u0119<\/h3>\n\n\n\n<p>W przypadku dr\u017cenia powieki zwi\u0105zanego z zaburzeniami gospodarki mineralnej wprowadza si\u0119 suplementacj\u0119 magnezu i wapnia, a tak\u017ce witamin z grupy B (w tym B6, kt\u00f3ra wspiera absorpcj\u0119 jelitow\u0105 jon\u00f3w magnezowych, podobnie D3 jon\u00f3w wapnia).<\/p>\n\n\n\n<h3 class=\"wp-block-heading\" id=\"Skacz\u0105ca-powieka-\u2013-kiedy-skonsultowa\u0107-si\u0119-z-lekarzem?\">Skacz\u0105ca powieka \u2013 kiedy skonsultowa\u0107 si\u0119 z lekarzem?<\/h3>\n\n\n\n<p>Pacjent powinien zg\u0142osi\u0107 si\u0119 do lekarza z drgaj\u0105c\u0105 powiek\u0105, je\u015bli:<\/p>\n\n\n\n<ul class=\"wp-block-list\">\n<li>dr\u017cenie powiek(i) utrzymuje si\u0119 od d\u0142u\u017cszego czasu, jest trudne do opanowania, ma tendencj\u0119 do powtarzania si\u0119 wielokrotnie w ci\u0105gu dnia;<\/li>\n\n\n\n<li>dotychczasowe samodzielne leczenie (zmiana diety, suplementacja) nie przynios\u0142y spodziewanych rezultat\u00f3w.<\/li>\n<\/ul>\n\n\n\n<p>Istotne s\u0105 r\u00f3wnie\u017c niedawno przebyte urazy g\u0142owy, kt\u00f3re mog\u0105 wymaga\u0107 wykonania specjalistycznych bada\u0144 obrazowych.<\/p>\n\n\n\n<p>Drgaj\u0105ca powieka jest zwykle zwi\u0105zana z prozaicznymi problemami, np. niedoborami magnezu i wapnia, a tak\u017ce nadmiernym spo\u017cyciem kofeiny. W rzadkich przypadkach mo\u017ce by\u0107 zwiastunem powa\u017cnych schorze\u0144 uk\u0142adu nerwowego. Warto wykona\u0107 proste badania diagnostyczne, kt\u00f3re w \u0142atwy spos\u00f3b mog\u0105 potwierdzi\u0107 przyczyn\u0119 dr\u017cenia powieki.<\/p>\n\n\n\n<p><strong>Opieka merytoryczna: lek. Katarzyna Banaszczyk<\/strong><\/p>\n\n\n\n<hr class=\"wp-block-separator has-alpha-channel-opacity\"\/>\n\n\n\n<p><strong>Bibliografia<\/strong><\/p>\n\n\n\n<ul class=\"wp-block-list\">\n<li>Jurowski K, Piekoszewski W (2020) Toksykologia TOM 2 Toksykologia szczeg\u00f3\u0142owa i stosowana, Warszawa: PZWL<\/li>\n\n\n\n<li>Kozubski W (2023) Neurologia Podr\u0119cznik dla student\u00f3w medycyny Tom 1-2, Warszawa: PZWL<\/li>\n\n\n\n<li>Kwolek A (2012) Fizjoterapia w neurologii i neurochirurgii, Warszawa: PZWL<\/li>\n\n\n\n<li>Prusi\u0144ski A (2015) Neurologia praktyczna, Warszawa: PZWL<\/li>\n\n\n\n<li>https:\/\/www.ncbi.nlm.nih.gov\/books\/NBK560595\/, dost\u0119p 16.07.2024<\/li>\n\n\n\n<li>https:\/\/podyplomie.pl\/okulistyka\/36519,maloinwazyjne-procedury-okuloplastyczne?page=4, dost\u0119p 16.07.2024<\/li>\n<\/ul>\n","protected":false},"excerpt":{"rendered":"<p>Drgaj\u0105ca powieka to nieprzyjemny, lecz zwykle ma\u0142o istotny objaw kliniczny. Sprawd\u017a, jakie mog\u0105 by\u0107 jej przyczyny.<\/p>\n","protected":false},"author":169,"featured_media":15805,"comment_status":"closed","ping_status":"open","sticky":false,"template":"","format":"standard","meta":{"_acf_changed":false,"inline_featured_image":false,"footnotes":""},"categories":[28],"tags":[],"coauthors":[178],"class_list":{"0":"post-15801","1":"post","2":"type-post","3":"status-publish","4":"format-standard","5":"has-post-thumbnail","7":"category-warto-wiedziec"},"acf":[],"yoast_head":"<!-- This site is optimized with the Yoast SEO plugin v27.5 - https:\/\/yoast.com\/product\/yoast-seo-wordpress\/ -->\n<title>Jakie mog\u0105 by\u0107 przyczyny drgaj\u0105cej powieki i jak sobie z tym radzi\u0107? - Centrum Wiedzy ALAB laboratoria<\/title>\n<meta name=\"description\" content=\"Drgaj\u0105ca powieka to nieprzyjemny, lecz zwykle ma\u0142o istotny objaw kliniczny. Sprawd\u017a, jakie mog\u0105 by\u0107 przyczyny drgaj\u0105cej powieki.\" \/>\n<meta name=\"robots\" content=\"index, follow, max-snippet:-1, max-image-preview:large, max-video-preview:-1\" \/>\n<link rel=\"canonical\" href=\"https:\/\/www.alab.pl\/centrum-wiedzy\/jakie-moga-byc-przyczyny-drgajacej-powieki-i-jak-sobie-z-tym-radzic\/\" \/>\n<meta property=\"og:locale\" content=\"pl_PL\" \/>\n<meta property=\"og:type\" content=\"article\" \/>\n<meta property=\"og:title\" content=\"Jakie mog\u0105 by\u0107 przyczyny drgaj\u0105cej powieki i jak sobie z tym radzi\u0107? - Centrum Wiedzy ALAB laboratoria\" \/>\n<meta property=\"og:description\" content=\"Drgaj\u0105ca powieka to nieprzyjemny, lecz zwykle ma\u0142o istotny objaw kliniczny. Sprawd\u017a, jakie mog\u0105 by\u0107 przyczyny drgaj\u0105cej powieki.\" \/>\n<meta property=\"og:url\" content=\"https:\/\/www.alab.pl\/centrum-wiedzy\/jakie-moga-byc-przyczyny-drgajacej-powieki-i-jak-sobie-z-tym-radzic\/\" \/>\n<meta property=\"og:site_name\" content=\"Centrum Wiedzy ALAB laboratoria\" \/>\n<meta property=\"article:publisher\" content=\"https:\/\/www.facebook.com\/ALABlaboratoria\" \/>\n<meta property=\"article:published_time\" content=\"2024-07-26T10:00:00+00:00\" \/>\n<meta property=\"og:image\" content=\"https:\/\/www.alab.pl\/centrum-wiedzy\/wp-content\/uploads\/2024\/07\/drganie_powieki-jpg.webp\" \/>\n\t<meta property=\"og:image:width\" content=\"2097\" \/>\n\t<meta property=\"og:image:height\" content=\"1198\" \/>\n\t<meta property=\"og:image:type\" content=\"image\/webp\" \/>\n<meta name=\"author\" content=\"Katarzyna Deptu\u0142a\" \/>\n<meta name=\"twitter:card\" content=\"summary_large_image\" \/>\n<meta name=\"twitter:label1\" content=\"Napisane przez\" \/>\n\t<meta name=\"twitter:data1\" content=\"Katarzyna Deptu\u0142a\" \/>\n\t<meta name=\"twitter:label2\" content=\"Szacowany czas czytania\" \/>\n\t<meta name=\"twitter:data2\" content=\"8 minut\" \/>\n\t<meta name=\"twitter:label3\" content=\"Written by\" \/>\n\t<meta name=\"twitter:data3\" content=\"Katarzyna Deptu\u0142a\" \/>\n<!-- \/ Yoast SEO plugin. -->","yoast_head_json":{"title":"Jakie mog\u0105 by\u0107 przyczyny drgaj\u0105cej powieki i jak sobie z tym radzi\u0107? - Centrum Wiedzy ALAB laboratoria","description":"Drgaj\u0105ca powieka to nieprzyjemny, lecz zwykle ma\u0142o istotny objaw kliniczny. Sprawd\u017a, jakie mog\u0105 by\u0107 przyczyny drgaj\u0105cej powieki.","robots":{"index":"index","follow":"follow","max-snippet":"max-snippet:-1","max-image-preview":"max-image-preview:large","max-video-preview":"max-video-preview:-1"},"canonical":"https:\/\/www.alab.pl\/centrum-wiedzy\/jakie-moga-byc-przyczyny-drgajacej-powieki-i-jak-sobie-z-tym-radzic\/","og_locale":"pl_PL","og_type":"article","og_title":"Jakie mog\u0105 by\u0107 przyczyny drgaj\u0105cej powieki i jak sobie z tym radzi\u0107? - Centrum Wiedzy ALAB laboratoria","og_description":"Drgaj\u0105ca powieka to nieprzyjemny, lecz zwykle ma\u0142o istotny objaw kliniczny. Sprawd\u017a, jakie mog\u0105 by\u0107 przyczyny drgaj\u0105cej powieki.","og_url":"https:\/\/www.alab.pl\/centrum-wiedzy\/jakie-moga-byc-przyczyny-drgajacej-powieki-i-jak-sobie-z-tym-radzic\/","og_site_name":"Centrum Wiedzy ALAB laboratoria","article_publisher":"https:\/\/www.facebook.com\/ALABlaboratoria","article_published_time":"2024-07-26T10:00:00+00:00","og_image":[{"width":2097,"height":1198,"url":"https:\/\/www.alab.pl\/centrum-wiedzy\/wp-content\/uploads\/2024\/07\/drganie_powieki-jpg.webp","type":"image\/webp"}],"author":"Katarzyna Deptu\u0142a","twitter_card":"summary_large_image","twitter_misc":{"Napisane przez":"Katarzyna Deptu\u0142a","Szacowany czas czytania":"8 minut","Written by":"Katarzyna Deptu\u0142a"},"schema":{"@context":"https:\/\/schema.org","@graph":[{"@type":"Article","@id":"https:\/\/www.alab.pl\/centrum-wiedzy\/jakie-moga-byc-przyczyny-drgajacej-powieki-i-jak-sobie-z-tym-radzic\/#article","isPartOf":{"@id":"https:\/\/www.alab.pl\/centrum-wiedzy\/jakie-moga-byc-przyczyny-drgajacej-powieki-i-jak-sobie-z-tym-radzic\/"},"author":{"name":"Katarzyna Deptu\u0142a","@id":"https:\/\/www.alab.pl\/centrum-wiedzy\/#\/schema\/person\/0ff247503a71fc7e30ebff12629b78b7"},"headline":"Jakie mog\u0105 by\u0107 przyczyny drgaj\u0105cej powieki i jak sobie z tym radzi\u0107?","datePublished":"2024-07-26T10:00:00+00:00","mainEntityOfPage":{"@id":"https:\/\/www.alab.pl\/centrum-wiedzy\/jakie-moga-byc-przyczyny-drgajacej-powieki-i-jak-sobie-z-tym-radzic\/"},"wordCount":1227,"publisher":{"@id":"https:\/\/www.alab.pl\/centrum-wiedzy\/#organization"},"image":{"@id":"https:\/\/www.alab.pl\/centrum-wiedzy\/jakie-moga-byc-przyczyny-drgajacej-powieki-i-jak-sobie-z-tym-radzic\/#primaryimage"},"thumbnailUrl":"https:\/\/www.alab.pl\/centrum-wiedzy\/wp-content\/uploads\/2024\/07\/drganie_powieki-jpg.webp","articleSection":["Warto wiedzie\u0107"],"inLanguage":"pl-PL"},{"@type":"WebPage","@id":"https:\/\/www.alab.pl\/centrum-wiedzy\/jakie-moga-byc-przyczyny-drgajacej-powieki-i-jak-sobie-z-tym-radzic\/","url":"https:\/\/www.alab.pl\/centrum-wiedzy\/jakie-moga-byc-przyczyny-drgajacej-powieki-i-jak-sobie-z-tym-radzic\/","name":"Jakie mog\u0105 by\u0107 przyczyny drgaj\u0105cej powieki i jak sobie z tym radzi\u0107? - Centrum Wiedzy ALAB laboratoria","isPartOf":{"@id":"https:\/\/www.alab.pl\/centrum-wiedzy\/#website"},"primaryImageOfPage":{"@id":"https:\/\/www.alab.pl\/centrum-wiedzy\/jakie-moga-byc-przyczyny-drgajacej-powieki-i-jak-sobie-z-tym-radzic\/#primaryimage"},"image":{"@id":"https:\/\/www.alab.pl\/centrum-wiedzy\/jakie-moga-byc-przyczyny-drgajacej-powieki-i-jak-sobie-z-tym-radzic\/#primaryimage"},"thumbnailUrl":"https:\/\/www.alab.pl\/centrum-wiedzy\/wp-content\/uploads\/2024\/07\/drganie_powieki-jpg.webp","datePublished":"2024-07-26T10:00:00+00:00","description":"Drgaj\u0105ca powieka to nieprzyjemny, lecz zwykle ma\u0142o istotny objaw kliniczny. Sprawd\u017a, jakie mog\u0105 by\u0107 przyczyny drgaj\u0105cej powieki.","breadcrumb":{"@id":"https:\/\/www.alab.pl\/centrum-wiedzy\/jakie-moga-byc-przyczyny-drgajacej-powieki-i-jak-sobie-z-tym-radzic\/#breadcrumb"},"inLanguage":"pl-PL","potentialAction":[{"@type":"ReadAction","target":["https:\/\/www.alab.pl\/centrum-wiedzy\/jakie-moga-byc-przyczyny-drgajacej-powieki-i-jak-sobie-z-tym-radzic\/"]}]},{"@type":"ImageObject","inLanguage":"pl-PL","@id":"https:\/\/www.alab.pl\/centrum-wiedzy\/jakie-moga-byc-przyczyny-drgajacej-powieki-i-jak-sobie-z-tym-radzic\/#primaryimage","url":"https:\/\/www.alab.pl\/centrum-wiedzy\/wp-content\/uploads\/2024\/07\/drganie_powieki-jpg.webp","contentUrl":"https:\/\/www.alab.pl\/centrum-wiedzy\/wp-content\/uploads\/2024\/07\/drganie_powieki-jpg.webp","width":2097,"height":1198,"caption":"drganie powieki"},{"@type":"BreadcrumbList","@id":"https:\/\/www.alab.pl\/centrum-wiedzy\/jakie-moga-byc-przyczyny-drgajacej-powieki-i-jak-sobie-z-tym-radzic\/#breadcrumb","itemListElement":[{"@type":"ListItem","position":1,"name":"Strona g\u0142\u00f3wna","item":"https:\/\/www.alab.pl\/centrum-wiedzy\/"},{"@type":"ListItem","position":2,"name":"Jakie mog\u0105 by\u0107 przyczyny drgaj\u0105cej powieki i jak sobie z tym radzi\u0107?"}]},{"@type":"WebSite","@id":"https:\/\/www.alab.pl\/centrum-wiedzy\/#website","url":"https:\/\/www.alab.pl\/centrum-wiedzy\/","name":"Centrum Wiedzy ALAB laboratoria","description":"","publisher":{"@id":"https:\/\/www.alab.pl\/centrum-wiedzy\/#organization"},"potentialAction":[{"@type":"SearchAction","target":{"@type":"EntryPoint","urlTemplate":"https:\/\/www.alab.pl\/centrum-wiedzy\/?s={search_term_string}"},"query-input":{"@type":"PropertyValueSpecification","valueRequired":true,"valueName":"search_term_string"}}],"inLanguage":"pl-PL"},{"@type":"Organization","@id":"https:\/\/www.alab.pl\/centrum-wiedzy\/#organization","name":"Centrum Wiedzy ALAB laboratoria","url":"https:\/\/www.alab.pl\/centrum-wiedzy\/","logo":{"@type":"ImageObject","inLanguage":"pl-PL","@id":"https:\/\/www.alab.pl\/centrum-wiedzy\/#\/schema\/logo\/image\/","url":"https:\/\/www.alab.pl\/centrum-wiedzy\/wp-content\/uploads\/2022\/04\/alabek.jpg","contentUrl":"https:\/\/www.alab.pl\/centrum-wiedzy\/wp-content\/uploads\/2022\/04\/alabek.jpg","width":1250,"height":1251,"caption":"Centrum Wiedzy ALAB laboratoria"},"image":{"@id":"https:\/\/www.alab.pl\/centrum-wiedzy\/#\/schema\/logo\/image\/"},"sameAs":["https:\/\/www.facebook.com\/ALABlaboratoria"]},{"@type":"Person","@id":"https:\/\/www.alab.pl\/centrum-wiedzy\/#\/schema\/person\/0ff247503a71fc7e30ebff12629b78b7","name":"Katarzyna Deptu\u0142a","image":{"@type":"ImageObject","inLanguage":"pl-PL","@id":"https:\/\/www.alab.pl\/centrum-wiedzy\/wp-content\/uploads\/2022\/03\/woman-150x150.png510376ddb3c99b233fa30c560b9695e9","url":"https:\/\/www.alab.pl\/centrum-wiedzy\/wp-content\/uploads\/2022\/03\/woman-150x150.png","contentUrl":"https:\/\/www.alab.pl\/centrum-wiedzy\/wp-content\/uploads\/2022\/03\/woman-150x150.png","caption":"Katarzyna Deptu\u0142a"},"url":"https:\/\/www.alab.pl\/centrum-wiedzy\/author\/katarzyna-deptula\/"}]}},"_links":{"self":[{"href":"https:\/\/www.alab.pl\/centrum-wiedzy\/wp-json\/wp\/v2\/posts\/15801","targetHints":{"allow":["GET"]}}],"collection":[{"href":"https:\/\/www.alab.pl\/centrum-wiedzy\/wp-json\/wp\/v2\/posts"}],"about":[{"href":"https:\/\/www.alab.pl\/centrum-wiedzy\/wp-json\/wp\/v2\/types\/post"}],"author":[{"embeddable":true,"href":"https:\/\/www.alab.pl\/centrum-wiedzy\/wp-json\/wp\/v2\/users\/169"}],"replies":[{"embeddable":true,"href":"https:\/\/www.alab.pl\/centrum-wiedzy\/wp-json\/wp\/v2\/comments?post=15801"}],"version-history":[{"count":0,"href":"https:\/\/www.alab.pl\/centrum-wiedzy\/wp-json\/wp\/v2\/posts\/15801\/revisions"}],"wp:featuredmedia":[{"embeddable":true,"href":"https:\/\/www.alab.pl\/centrum-wiedzy\/wp-json\/wp\/v2\/media\/15805"}],"wp:attachment":[{"href":"https:\/\/www.alab.pl\/centrum-wiedzy\/wp-json\/wp\/v2\/media?parent=15801"}],"wp:term":[{"taxonomy":"category","embeddable":true,"href":"https:\/\/www.alab.pl\/centrum-wiedzy\/wp-json\/wp\/v2\/categories?post=15801"},{"taxonomy":"post_tag","embeddable":true,"href":"https:\/\/www.alab.pl\/centrum-wiedzy\/wp-json\/wp\/v2\/tags?post=15801"},{"taxonomy":"author","embeddable":true,"href":"https:\/\/www.alab.pl\/centrum-wiedzy\/wp-json\/wp\/v2\/coauthors?post=15801"}],"curies":[{"name":"wp","href":"https:\/\/api.w.org\/{rel}","templated":true}]}}