{"id":16096,"date":"2024-08-13T10:00:00","date_gmt":"2024-08-13T08:00:00","guid":{"rendered":"https:\/\/sklep.alablaboratoria.pl\/centrum-wiedzy\/?p=16096"},"modified":"2024-08-13T10:00:00","modified_gmt":"2024-08-13T08:00:00","slug":"zespol-reitera-reaktywne-zapalenie-stawow-objawy-przyczyny-badania-i-leczenie","status":"publish","type":"post","link":"https:\/\/www.alab.pl\/centrum-wiedzy\/zespol-reitera-reaktywne-zapalenie-stawow-objawy-przyczyny-badania-i-leczenie\/","title":{"rendered":"Zesp\u00f3\u0142 Reitera (reaktywne zapalenie staw\u00f3w) &#8211; objawy, przyczyny, badania i leczenie"},"content":{"rendered":"\n<p><strong>Dokuczliwy, nag\u0142y b\u00f3l staw\u00f3w? Przebyta niedawno infekcja? Je\u015bli na oba pytania odpowied\u017a brzmi \u201ctak\u201d to koniecznie zapoznaj si\u0119 z najwa\u017cniejszymi cechami zespo\u0142u Reitera.<\/strong><\/p>\n\n\n\n<p>Spis tre\u015bci:<\/p>\n\n\n\n<ol class=\"wp-block-list\">\n<li><a href=\"#co-to-jest-zespol-reitera\">Zesp\u00f3\u0142 Reitera \u2013 definicja<\/a><\/li>\n\n\n\n<li><a href=\"#reaktywne-zapalenie-stawow-zespol-reitera-przyczyny\">Reaktywne zapalenie staw\u00f3w \u2013 przyczyny<\/a><\/li>\n\n\n\n<li><a href=\"#objawy-zespolu-reitera\">Objawy zespo\u0142u Reitera<\/a>\n<ul class=\"wp-block-list\">\n<li><a href=\"#zespol-reitera-objawy-stawowe\">Reaktywne zapalenie staw\u00f3w \u2013 objawy stawowe<\/a><\/li>\n\n\n\n<li><a href=\"#zespol-reitera-objawy-skorne\">Zesp\u00f3\u0142 Reitera \u2013 objawy sk\u00f3rne<\/a><\/li>\n\n\n\n<li><a href=\"#zespol-reitera-u-dzieci\">Zesp\u00f3\u0142 Reitera u dzieci<\/a><\/li>\n<\/ul>\n<\/li>\n\n\n\n<li><a href=\"#kryteria-zespol-reitera\">Kryteria rozpoznania choroby Reitera<\/a><\/li>\n\n\n\n<li><a href=\"#badania-zespol-reitera\">Diagnostyka zespo\u0142u Reitera \u2013 jakie badania?<\/a><\/li>\n\n\n\n<li><a href=\"#ile-trwa-zespol-reitera\">Zesp\u00f3\u0142 Reitera \u2013 ile trwa?<\/a><\/li>\n\n\n\n<li><a href=\"#zespol-reitera-leczenie\">Jak wygl\u0105da leczenie choroby Reitera?<\/a><\/li>\n<\/ol>\n\n\n\n<h2 class=\"wp-block-heading\" id=\"co-to-jest-zespol-reitera\"><strong>Zesp\u00f3\u0142 Reitera \u2013 definicja<\/strong><\/h2>\n\n\n\n<p><strong>Zesp\u00f3\u0142 Reitera, znany r\u00f3wnie\u017c jako reaktywne zapalenie staw\u00f3w<\/strong>, jest definiowany jako wsp\u00f3\u0142wyst\u0119powanie zapalenia spoj\u00f3wek, zapalenia cewki moczowej i zapalenia staw\u00f3w wyst\u0119puj\u0105ce po infekcji, zw\u0142aszcza w obr\u0119bie uk\u0142adu moczowo-p\u0142ciowego lub przewodu pokarmowego. Jest on elementem szerszej grupy chor\u00f3b, zapale\u0144 staw\u00f3w zwi\u0105zanych z infekcjami, kt\u00f3re \u015awiatowa Organizacja Zdrowia we wsp\u00f3\u0142pracy z <em>Arthritis and Rheumatism Research Council<\/em> podzieli\u0142a na cztery grupy:<\/p>\n\n\n\n<ul class=\"wp-block-list\">\n<li>grupa I: septyczne lub zaka\u017ane zapalenie staw\u00f3w jako powik\u0142anie zaka\u017cenia miejscowego,<\/li>\n\n\n\n<li>grupa II: poinfekcyjne zapalenie staw\u00f3w, gdzie w zaj\u0119tym stawie wykryto bakterie,<\/li>\n\n\n\n<li>grupa III: reaktywne zapalenie staw\u00f3w z infekcj\u0105 maj\u0105c\u0105 pocz\u0105tek w uk\u0142adzie moczowo-p\u0142ciowym lub \u017co\u0142\u0105dkowo-jelitowym; w tej postaci drobnoustroje zwykle nie s\u0105 wykrywane w p\u0142ynie stawowym,<\/li>\n\n\n\n<li>grupa IV: zapalenie staw\u00f3w bez obecno\u015bci drobnoustroj\u00f3w i\/lub ich element\u00f3w.<\/li>\n<\/ul>\n\n\n\n<p><strong>>> Przeczytaj r\u00f3wnie\u017c: <\/strong><a href=\"https:\/\/www.alab.pl\/centrum-wiedzy\/wczesne-zapalenie-stawow-wzs-dlaczego-wazne-jest-wczesne-postawienie-diagnozy\/\" target=\"_blank\" rel=\"noreferrer noopener\">Wczesne zapalenie staw\u00f3w (WZS) &#8211; przyczyny, objawy, badania<\/a><\/p>\n\n\n\n<h2 class=\"wp-block-heading\" id=\"reaktywne-zapalenie-stawow-zespol-reitera-przyczyny\"><strong>Reaktywne zapalenie staw\u00f3w \u2013 przyczyny<\/strong><\/h2>\n\n\n\n<p><strong>Reaktywne zapalenie staw\u00f3w<\/strong> zwykle nast\u0119puje po zaka\u017ceniu przewodu pokarmowego wywo\u0142anym przez organizmy z rodzaj\u00f3w <em>Yersinia, Salmonella, Campylobacter i Shigella<\/em>, a tak\u017ce po zaka\u017ceniu uk\u0142adu moczowo-p\u0142ciowego przez <em>Chlamydia trachomatis<\/em> (zaka\u017cenie przenoszone drog\u0105 p\u0142ciow\u0105). Istniej\u0105 tak\u017ce dowody, \u017ce infekcja p\u0142ucna innym rodzajem chlamydii &#8211; <em>Ch.pneumoniae<\/em> &#8211; tak\u017ce jest przyczyn\u0105 zespo\u0142u Reitera.<\/p>\n\n\n\n<figure class=\"wp-block-table\"><table><tbody><tr><td><strong>Warto wiedzie\u0107:<br><\/strong>Patofizjologia reaktywnego zapalenia staw\u00f3w jest bardzo z\u0142o\u017cona, opiera si\u0119 g\u0142\u00f3wnie o charakter odpowiedzi uk\u0142adu odporno\u015bciowego na powy\u017csze zaka\u017cenia u os\u00f3b genetycznie predysponowanych.<\/td><\/tr><\/tbody><\/table><\/figure>\n\n\n\n<h2 class=\"wp-block-heading\" id=\"objawy-zespolu-reitera\"><strong>Objawy zespo\u0142u Reitera<\/strong><\/h2>\n\n\n\n<p><strong>Objawy pojawiaj\u0105 si\u0119 kilka dni lub tygodni po pocz\u0105tkowej infekcji.<\/strong> Biegunka lub inne objawy zwi\u0105zane z zaka\u017ceniem indukuj\u0105cym zesp\u00f3\u0142 Reitera zwykle ust\u0119puj\u0105 do czasu, gdy u pacjenta rozwinie si\u0119 zapalenie staw\u00f3w. Do g\u0142\u00f3wnych objaw\u00f3w zespo\u0142u zalicza si\u0119:<\/p>\n\n\n\n<ul class=\"wp-block-list\">\n<li>gor\u0105czk\u0119 i os\u0142abienie,<\/li>\n\n\n\n<li>b\u00f3le staw\u00f3w z towarzysz\u0105cym obrz\u0119kiem, a tak\u017ce okolicy l\u0119d\u017awiowo-krzy\u017cowej,<\/li>\n\n\n\n<li>zmiany \u015bluz\u00f3wkowe w jamie ustnej,<\/li>\n\n\n\n<li>zapalenie cewki moczowej, j\u0105der i naj\u0105drza,<\/li>\n\n\n\n<li>zapalenie spoj\u00f3wek i\/lub t\u0119cz\u00f3wek.<\/li>\n<\/ul>\n\n\n\n<h3 class=\"wp-block-heading\" id=\"zespol-reitera-objawy-stawowe\"><strong>Reaktywne zapalenie staw\u00f3w \u2013 objawy stawowe<\/strong><\/h3>\n\n\n\n<p><strong>Choroba Reitera mo\u017ce dotkn\u0105\u0107 ka\u017cdego stawu obwodowego<\/strong>, ale najcz\u0119\u015bciej zaj\u0119ty jest staw kolanowy (oko\u0142o \u2154 przypadk\u00f3w) oraz:<\/p>\n\n\n\n<ul class=\"wp-block-list\">\n<li>staw skokowy (ok. 50%)<\/li>\n\n\n\n<li>\u015br\u00f3dstopno-paliczkowy i nadgarstkowy (ok. 45%).<\/li>\n<\/ul>\n\n\n\n<p><strong>Niejednokrotnie dochodzi do zapalenia w obr\u0119bie stawu krzy\u017cowo-biodrowego i kr\u0119gos\u0142upa l\u0119d\u017awiowego.<\/strong><\/p>\n\n\n\n<p>Jak podaje literatura, \u015brednia liczba zmienionych zapalnie staw\u00f3w wynosi 5. Zapalenie staw\u00f3w charakteryzuje si\u0119:<\/p>\n\n\n\n<ul class=\"wp-block-list\">\n<li>najwi\u0119kszym nasileniem b\u00f3lu w nocy,<\/li>\n\n\n\n<li>towarzysz\u0105c\u0105 tzw. sztywno\u015bci\u0105 porann\u0105,<\/li>\n\n\n\n<li>asymetrycznym wyst\u0119powaniem,<\/li>\n\n\n\n<li>wzmo\u017conym uciepleniem, obrz\u0119kiem i bolesno\u015bci\u0105,<\/li>\n\n\n\n<li>cz\u0119stym wsp\u00f3\u0142wyst\u0119powaniem zapalenia \u015bci\u0119gien.<\/li>\n<\/ul>\n\n\n\n<p><strong>>> Przeczytaj tak\u017ce: <\/strong><a href=\"https:\/\/www.alab.pl\/centrum-wiedzy\/czym-jest-rzs-jak-czesto-wystepuje-kogo-dotyka\/\" target=\"_blank\" rel=\"noreferrer noopener\">Reumatoidalne zapalenie staw\u00f3w &#8211; objawy, badania, leczenie<\/a><\/p>\n\n\n\n<figure class=\"wp-block-image size-full\"><a href=\"https:\/\/www.alab.pl\/badanie\/bialko-c-reaktywne-crp-ilosciowe-i81\"><img loading=\"lazy\" decoding=\"async\" width=\"800\" height=\"200\" src=\"https:\/\/www.alab.pl\/centrum-wiedzy\/wp-content\/uploads\/2023\/07\/Badanie-CRP-bialko-C-reaktywne-jpg.webp\" alt=\"CRP bia\u0142ko C-reaktywne\" class=\"wp-image-7340\" srcset=\"https:\/\/www.alab.pl\/centrum-wiedzy\/wp-content\/uploads\/2023\/07\/Badanie-CRP-bialko-C-reaktywne-jpg.webp 800w, https:\/\/www.alab.pl\/centrum-wiedzy\/wp-content\/uploads\/2023\/07\/Badanie-CRP-bialko-C-reaktywne-jpg-768x192.webp 768w, https:\/\/www.alab.pl\/centrum-wiedzy\/wp-content\/uploads\/2023\/07\/Badanie-CRP-bialko-C-reaktywne-jpg-150x38.webp 150w, https:\/\/www.alab.pl\/centrum-wiedzy\/wp-content\/uploads\/2023\/07\/Badanie-CRP-bialko-C-reaktywne-jpg-300x75.webp 300w, https:\/\/www.alab.pl\/centrum-wiedzy\/wp-content\/uploads\/2023\/07\/Badanie-CRP-bialko-C-reaktywne-jpg-696x174.webp 696w\" sizes=\"auto, (max-width: 800px) 100vw, 800px\" \/><\/a><\/figure>\n\n\n\n<h3 class=\"wp-block-heading\" id=\"zespol-reitera-objawy-skorne\"><strong>Zesp\u00f3\u0142 Reitera \u2013 objawy sk\u00f3rne<\/strong><\/h3>\n\n\n\n<p>W zespole Reitera mog\u0105 pojawi\u0107 si\u0119 r\u00f3wnie\u017c objawy sk\u00f3rne. Najcz\u0119\u015bciej obserwowane s\u0105 zmiany przypominaj\u0105ce \u0142uszczyc\u0119; rzadziej dochodzi do wyst\u0105pienia rumienia guzowatego (bolesnych, wyczuwalnych guzowatych twor\u00f3w zlokalizowanych na ko\u0144czynach dolnych).<\/p>\n\n\n\n<p>Na b\u0142onach \u015bluzowych mog\u0105 pojawia\u0107 si\u0119 aftowe owrzodzenia. W obr\u0119bie d\u0142oni, st\u00f3p, a tak\u017ce okolicy krocza mog\u0105 wyst\u0105pi\u0107 wykwity o charakterze grudkowatym.<\/p>\n\n\n\n<figure class=\"wp-block-table\"><table><tbody><tr><td><strong>Warto wiedzie\u0107:<\/strong><br>U 1 na 10 chorych dochodzi do tzw. onycholizy, czyli odwarstwienia p\u0142ytki paznokcia od jego \u0142o\u017cyska.<\/td><\/tr><\/tbody><\/table><\/figure>\n\n\n\n<h3 class=\"wp-block-heading\" id=\"zespol-reitera-u-dzieci\"><strong>Zesp\u00f3\u0142 Reitera u dzieci<\/strong><\/h3>\n\n\n\n<p>Reaktywne zapalenie staw\u00f3w u dzieci objawia si\u0119 podobnie jak u doros\u0142ych, dochodzi do asymetrycznego zapalenia staw\u00f3w i\/lub zmian sk\u00f3rnych, \u015bluz\u00f3wkowych i ocznych. Reaktywne zapalenie staw\u00f3w biodrowych u ma\u0142ych dzieci (w wieku od 3 do 8 lat) znane jest r\u00f3wnie\u017c jako <strong>przemijaj\u0105ce zapalenie b\u0142ony maziowej<\/strong>. Jest to zaburzenie samoograniczaj\u0105ce si\u0119, cho\u0107 mo\u017cliwe s\u0105 nawroty, zwykle w nast\u0119pstwie infekcji wirusowych.<\/p>\n\n\n\n<p><strong>>> Zobacz r\u00f3wnie\u017c<\/strong>: <a href=\"https:\/\/www.alab.pl\/centrum-wiedzy\/luszczycowe-zapalenie-stawow-odrebnosci-u-dzieci-i-doroslych\/\" target=\"_blank\" rel=\"noreferrer noopener\">\u0141uszczycowe zapalenie staw\u00f3w u dzieci i doros\u0142ych<\/a><\/p>\n\n\n\n<h2 class=\"wp-block-heading\" id=\"kryteria-zespol-reitera\"><strong>Kryteria rozpoznania choroby Reitera<\/strong><\/h2>\n\n\n\n<p>Wed\u0142ug wytycznych towarzystwa naukowego <em>American College of Rheumatology<\/em> reaktywne zapalenie staw\u00f3w jest rozpoznaniem klinicznym; do jego stwierdzenia wymagane jest spe\u0142nienie kryteri\u00f3w du\u017cych i ma\u0142ych.<\/p>\n\n\n\n<p><strong>Kryteria du\u017ce w zespole Reitera to:<\/strong><\/p>\n\n\n\n<ul class=\"wp-block-list\">\n<li>asymetryczne zapalenie kilku lub jednego stawu obejmuj\u0105ce ko\u0144czyny dolne,<\/li>\n\n\n\n<li>objawy zapalenia jelit lub cewki moczowej od 3 dni do 6 tygodni przed zapaleniem staw\u00f3w.<\/li>\n<\/ul>\n\n\n\n<p><strong>Kryteria ma\u0142e w zespole Reitera to:<\/strong><\/p>\n\n\n\n<ul class=\"wp-block-list\">\n<li>obecno\u015b\u0107 infekcji wywo\u0142uj\u0105cej potwierdzona dodatnim wynikiem hodowli,<\/li>\n\n\n\n<li>obecno\u015b\u0107 trwa\u0142ego zaj\u0119cia b\u0142ony maziowej danego stawu.<\/li>\n<\/ul>\n\n\n\n<h2 class=\"wp-block-heading\" id=\"badania-zespol-reitera\"><strong>Diagnostyka zespo\u0142u Reitera \u2013 jakie badania?<\/strong><\/h2>\n\n\n\n<p>Zwykle w celu potwierdzenia diagnozy wykonuje si\u0119 <strong>badania laboratoryjne<\/strong> w celu wykrycia patogen\u00f3w powoduj\u0105cych zaka\u017cenie i potwierdzenia wsp\u00f3\u0142istniej\u0105cych lub poprzedzaj\u0105cych infekcji. <\/p>\n\n\n\n<p><strong>Podstawowe badania laboratoryjne w chorobie Reitera wykazuj\u0105 obecno\u015b\u0107:<\/strong><\/p>\n\n\n\n<ul class=\"wp-block-list\">\n<li><strong>podwy\u017cszonych wska\u017anik\u00f3w zapalnych<\/strong> (bia\u0142ka C-reaktywnego i OB),<\/li>\n\n\n\n<li>leukocytoz\u0119,<\/li>\n\n\n\n<li>zwi\u0119kszon\u0105 liczb\u0119 p\u0142ytek krwi,<\/li>\n\n\n\n<li>niekiedy niedokrwisto\u015b\u0107.<\/li>\n<\/ul>\n\n\n\n<p><strong>>> Zobacz tak\u017ce: <\/strong><a href=\"https:\/\/www.alab.pl\/centrum-wiedzy\/wybrane-wskazniki-stanu-zapalnego\/\" target=\"_blank\" rel=\"noreferrer noopener\">Wybrane wska\u017aniki stanu zapalnego<\/a><\/p>\n\n\n\n<figure class=\"wp-block-image size-full\"><a href=\"https:\/\/www.alab.pl\/badanie\/morfologia-krwi-c55\"><img loading=\"lazy\" decoding=\"async\" width=\"800\" height=\"200\" src=\"https:\/\/www.alab.pl\/centrum-wiedzy\/wp-content\/uploads\/2023\/07\/morfologia-krwi-baner-jpg.webp\" alt=\"morfologia krwi\" class=\"wp-image-7698\" srcset=\"https:\/\/www.alab.pl\/centrum-wiedzy\/wp-content\/uploads\/2023\/07\/morfologia-krwi-baner-jpg.webp 800w, https:\/\/www.alab.pl\/centrum-wiedzy\/wp-content\/uploads\/2023\/07\/morfologia-krwi-baner-jpg-768x192.webp 768w, https:\/\/www.alab.pl\/centrum-wiedzy\/wp-content\/uploads\/2023\/07\/morfologia-krwi-baner-jpg-150x38.webp 150w, https:\/\/www.alab.pl\/centrum-wiedzy\/wp-content\/uploads\/2023\/07\/morfologia-krwi-baner-jpg-300x75.webp 300w, https:\/\/www.alab.pl\/centrum-wiedzy\/wp-content\/uploads\/2023\/07\/morfologia-krwi-baner-jpg-696x174.webp 696w\" sizes=\"auto, (max-width: 800px) 100vw, 800px\" \/><\/a><\/figure>\n\n\n\n<p><strong>Pomocne jest oznaczenie obecno\u015bci antygen\u00f3w HLA B-27, kt\u00f3re koreluje z ci\u0119\u017cko\u015bci\u0105 choroby.<\/strong><\/p>\n\n\n\n<figure class=\"wp-block-image size-full\"><a href=\"https:\/\/www.alab.pl\/badanie\/zesztywniajace-zapalenie-stawow-kregoslupa-zzsk-wykrywanie-obecnosci-genu-hla-b27-metoda-mikromacierzy\"><img loading=\"lazy\" decoding=\"async\" width=\"800\" height=\"200\" src=\"https:\/\/www.alab.pl\/centrum-wiedzy\/wp-content\/uploads\/2024\/07\/Zespol-Reitera-reaktywne-zapalenie-stawow-\u2013-badanie-genetyczne-HLA-B27-jpg.webp\" alt=\"Zespo\u0301\u0142 Reitera (reaktywne zapalenie stawo\u0301w) \u2013 badanie genetyczne (HLA-B27)\" class=\"wp-image-15931\" srcset=\"https:\/\/www.alab.pl\/centrum-wiedzy\/wp-content\/uploads\/2024\/07\/Zespol-Reitera-reaktywne-zapalenie-stawow-\u2013-badanie-genetyczne-HLA-B27-jpg.webp 800w, https:\/\/www.alab.pl\/centrum-wiedzy\/wp-content\/uploads\/2024\/07\/Zespol-Reitera-reaktywne-zapalenie-stawow-\u2013-badanie-genetyczne-HLA-B27-jpg-768x192.webp 768w, https:\/\/www.alab.pl\/centrum-wiedzy\/wp-content\/uploads\/2024\/07\/Zespol-Reitera-reaktywne-zapalenie-stawow-\u2013-badanie-genetyczne-HLA-B27-jpg-150x38.webp 150w, https:\/\/www.alab.pl\/centrum-wiedzy\/wp-content\/uploads\/2024\/07\/Zespol-Reitera-reaktywne-zapalenie-stawow-\u2013-badanie-genetyczne-HLA-B27-jpg-300x75.webp 300w, https:\/\/www.alab.pl\/centrum-wiedzy\/wp-content\/uploads\/2024\/07\/Zespol-Reitera-reaktywne-zapalenie-stawow-\u2013-badanie-genetyczne-HLA-B27-jpg-696x174.webp 696w\" sizes=\"auto, (max-width: 800px) 100vw, 800px\" \/><\/a><\/figure>\n\n\n\n<p>W cz\u0119\u015bci przypadk\u00f3w wykonywana jest <strong>punkcja stawu, aby wykluczy\u0107 zapalenie septyczne<\/strong> lub zwi\u0105zane z obecno\u015bci\u0105 kryszta\u0142\u00f3w. Wyniki badania p\u0142ynu stawowego s\u0105 niespecyficzne, wyst\u0119puje podwy\u017cszona liczba leukocyt\u00f3w (zwykle od 2000 do 4000 na ml) z przewag\u0105 neutrofili.<\/p>\n\n\n\n<figure class=\"wp-block-table\"><table><tbody><tr><td><strong>Warto wiedzie\u0107:<\/strong><br>Zdj\u0119cia RTG mog\u0105 ujawni\u0107 nieswoiste zmiany zapalne w zespole Reitera. Do diagnozowania obecno\u015bci zapalenia b\u0142ony maziowej, przyczep\u00f3w \u015bci\u0119gnistych lub zapalenia staw\u00f3w krzy\u017cowo-biodrowych stosuje si\u0119 ultrasonografi\u0119 lub rezonans magnetyczny.<\/td><\/tr><\/tbody><\/table><\/figure>\n\n\n\n<h2 class=\"wp-block-heading\" id=\"ile-trwa-zespol-reitera\"><strong>Zesp\u00f3\u0142 Reitera \u2013 ile trwa?<\/strong><\/h2>\n\n\n\n<p>Reaktywne zapalenie staw\u00f3w zwykle ma przebieg samoograniczaj\u0105cy si\u0119, a objawy ust\u0119puj\u0105 w ci\u0105gu 3 do 5 miesi\u0119cy. Dolegliwo\u015bci utrzymuj\u0105ce si\u0119 d\u0142u\u017cej ni\u017c p\u00f3\u0142 roku wskazuj\u0105 na progresj\u0119 do postaci przewlek\u0142ej. To powik\u0142anie dotyczy g\u0142\u00f3wnie staw\u00f3w krzy\u017cowo-biodrowych. Nawet do \u2153 chorych mo\u017ce rozwin\u0105\u0107 d\u0142ugotrwa\u0142e zapalenie staw\u00f3w lub inne nieprawid\u0142owo\u015bci w ich obr\u0119bie.<\/p>\n\n\n\n<p><strong>Czynnikami niepomy\u015blnego rokowania s\u0105 zaj\u0119cie stawu biodrowego, brak reakcji na leczenie niesteroidowymi lekami przeciwzapalnymi i wyj\u015bciowe OB powy\u017cej 30mm\/h.<\/strong><\/p>\n\n\n\n<h2 class=\"wp-block-heading\" id=\"zespol-reitera-leczenie\"><strong>Jak wygl\u0105da leczenie choroby Reitera?<\/strong><\/h2>\n\n\n\n<p><strong>Podstaw\u0105 leczenia reaktywnego zapalenia staw\u00f3w s\u0105 wspomniane niesteroidowe leki przeciwzapalne<\/strong>. U pacjent\u00f3w, kt\u00f3rzy nie odpowiadaj\u0105 dostatecznie na NLPZ lub ich nie toleruj\u0105, nale\u017cy rozwa\u017cy\u0107 dostawowe lub og\u00f3lnoustrojowe podanie glikokortykosteroid\u00f3w.<\/p>\n\n\n\n<p><strong>Chorzy, kt\u00f3rzy rozwin\u0119li posta\u0107 przewlek\u0142\u0105, mog\u0105 by\u0107 z powodzeniem leczeni lekami immunosupresyjnymi <\/strong>stosowanymi w innych postaciach przewlek\u0142ych zapale\u0144 staw\u00f3w (np. metotreksat, azatiopryna etc.).<\/p>\n\n\n\n<figure class=\"wp-block-table\"><table><tbody><tr><td><strong>Warto wiedzie\u0107:<\/strong><br>W leczeniu choroby Reitera wa\u017cne jest podej\u015bcie multidyscyplinarne, kt\u00f3re obejmuje nie tylko farmakoterapi\u0119, lecz tak\u017ce fizjoterapi\u0119 i odpowiedni\u0105 kontrol\u0119 b\u00f3lu.<\/td><\/tr><\/tbody><\/table><\/figure>\n\n\n\n<p><strong>Na zesp\u00f3\u0142 Reitera sk\u0142adaj\u0105 si\u0119 g\u0142\u00f3wnie zapalenie staw\u00f3w (asymetryczne, bolesne, g\u0142\u00f3wnie ko\u0144czyn dolnych)<\/strong>, zmiany sk\u00f3rne, \u015bluz\u00f3wkowe, oczne oraz dolegliwo\u015bci ze strony przewodu pokarmowego. Ich wyst\u0105pienie poprzedza infekcja \u017co\u0142\u0105dkowo-jelitowa lub moczowo-p\u0142ciowa. <strong>Choroba ma tendencj\u0119 do samoust\u0119powania, jednak w cz\u0119\u015bci przypadk\u00f3w dochodzi do rozwoju zapalenia przewlek\u0142ego. <\/strong>Obie postaci \u2013 ostra i przewlek\u0142a \u2013 mog\u0105 by\u0107 leczone z powodzeniem. Je\u017celi zauwa\u017casz u siebie objawy zespo\u0142u Reitera, to udaj si\u0119 do lekarza, opowiedz o dolegliwo\u015bciach, wykonaj badania i ciesz si\u0119 z ust\u0105pienia dolegliwo\u015bci.<\/p>\n\n\n\n<hr class=\"wp-block-separator has-alpha-channel-opacity\"\/>\n\n\n\n<p><strong>Bibliografia<\/strong><\/p>\n\n\n\n<ol class=\"wp-block-list\">\n<li>Zeidler H, Hudson AP. Reactive Arthritis Update: Spotlight on New and Rare Infectious Agents Implicated as Pathogens. Curr Rheumatol Rep. 2021 Jul 1;23(7):53. doi: 10.1007\/s11926-021-01018-6. PMID: 34196842; PMCID: PMC8247622.<\/li>\n\n\n\n<li>Selmi C, Gershwin ME. Diagnosis and classification of reactive arthritis. Autoimmun Rev. 2014 Apr-May;13(4-5):546-9. doi: 10.1016\/j.autrev.2014.01.005. Epub 2014 Jan 10. PMID: 24418301.<\/li>\n\n\n\n<li>Bentaleb I, Abdelghani KB, Rostom S, Amine B, Laatar A, Bahiri R. Reactive Arthritis: Update. Curr Clin Microbiol Rep. 2020;7(4):124-132. doi: 10.1007\/s40588-020-00152-6. Epub 2020 Sep 26. PMID: 33014690; PMCID: PMC7519381.<\/li>\n\n\n\n<li>Carter JD. Treating reactive arthritis: insights for the clinician. Ther Adv Musculoskelet Dis. 2010 Feb;2(1):45-54. doi: 10.1177\/1759720X09357508. PMID: 22870437; PMCID: PMC3383466.<\/li>\n\n\n\n<li>Slouma M, Ben Dhia S, Dhahri R, Litaiem N, Metoui L, Gharsallah I, Louzir B. Cutaneous and rheumatological manifestations of reactive arthritis: A case report. Clin Case Rep. 2022 Nov 6;10(11):e6542. doi: 10.1002\/ccr3.6542. PMID: 36381024; PMCID: PMC9637938.<\/li>\n\n\n\n<li>Gamalero L, Ferrara G, Giani T, Cimaz R. Acute Arthritis in Children: How to Discern between Septic and Non-Septic Arthritis? Children (Basel). 2021 Oct 13;8(10):912. doi: 10.3390\/children8100912. PMID: 34682177; PMCID: PMC8535083.<\/li>\n<\/ol>\n","protected":false},"excerpt":{"rendered":"<p>Zesp\u00f3\u0142 Reitera, czyli reaktywne zapalenie staw\u00f3w koreluje z wyst\u0119powaniem innych infekcji. Dowiedz si\u0119 wi\u0119cej nt. diagnostyki i objaw\u00f3w zespo\u0142u Reitera!<\/p>\n","protected":false},"author":154,"featured_media":15932,"comment_status":"closed","ping_status":"open","sticky":false,"template":"","format":"standard","meta":{"_acf_changed":false,"inline_featured_image":false,"footnotes":""},"categories":[23],"tags":[],"coauthors":[151],"class_list":{"0":"post-16096","1":"post","2":"type-post","3":"status-publish","4":"format-standard","5":"has-post-thumbnail","7":"category-infekcje-i-pasozyty"},"acf":[],"yoast_head":"<!-- This site is optimized with the Yoast SEO plugin v27.5 - https:\/\/yoast.com\/product\/yoast-seo-wordpress\/ -->\n<title>Zesp\u00f3\u0142 Reitera (reaktywne zapalenie staw\u00f3w) - objawy, przyczyny, badania i leczenie - Centrum Wiedzy ALAB laboratoria<\/title>\n<meta name=\"description\" content=\"Reaktywne zapalenie staw\u00f3w (zesp\u00f3\u0142 Reitera) - kompleksowe informacje. Dowiedz si\u0119 nt. przyczyn, objaw\u00f3w, leczenia i bada\u0144 w zespole Reitera.\" \/>\n<meta name=\"robots\" content=\"index, follow, max-snippet:-1, max-image-preview:large, max-video-preview:-1\" \/>\n<link rel=\"canonical\" href=\"https:\/\/www.alab.pl\/centrum-wiedzy\/zespol-reitera-reaktywne-zapalenie-stawow-objawy-przyczyny-badania-i-leczenie\/\" \/>\n<meta property=\"og:locale\" content=\"pl_PL\" \/>\n<meta property=\"og:type\" content=\"article\" \/>\n<meta property=\"og:title\" content=\"Zesp\u00f3\u0142 Reitera (reaktywne zapalenie staw\u00f3w) - objawy, przyczyny, badania i leczenie - Centrum Wiedzy ALAB laboratoria\" \/>\n<meta property=\"og:description\" content=\"Reaktywne zapalenie staw\u00f3w (zesp\u00f3\u0142 Reitera) - kompleksowe informacje. Dowiedz si\u0119 nt. przyczyn, objaw\u00f3w, leczenia i bada\u0144 w zespole Reitera.\" \/>\n<meta property=\"og:url\" content=\"https:\/\/www.alab.pl\/centrum-wiedzy\/zespol-reitera-reaktywne-zapalenie-stawow-objawy-przyczyny-badania-i-leczenie\/\" \/>\n<meta property=\"og:site_name\" content=\"Centrum Wiedzy ALAB laboratoria\" \/>\n<meta property=\"article:publisher\" content=\"https:\/\/www.facebook.com\/ALABlaboratoria\" \/>\n<meta property=\"article:published_time\" content=\"2024-08-13T08:00:00+00:00\" \/>\n<meta property=\"og:image\" content=\"https:\/\/www.alab.pl\/centrum-wiedzy\/wp-content\/uploads\/2024\/07\/zespol-Reitera-cover-jpg.webp\" \/>\n\t<meta property=\"og:image:width\" content=\"1925\" \/>\n\t<meta property=\"og:image:height\" content=\"1285\" \/>\n\t<meta property=\"og:image:type\" content=\"image\/webp\" \/>\n<meta name=\"author\" content=\"Damian Matusiak\" \/>\n<meta name=\"twitter:card\" content=\"summary_large_image\" \/>\n<meta name=\"twitter:label1\" content=\"Napisane przez\" \/>\n\t<meta name=\"twitter:data1\" content=\"Damian Matusiak\" \/>\n\t<meta name=\"twitter:label2\" content=\"Szacowany czas czytania\" \/>\n\t<meta name=\"twitter:data2\" content=\"8 minut\" \/>\n\t<meta name=\"twitter:label3\" content=\"Written by\" \/>\n\t<meta name=\"twitter:data3\" content=\"Damian Matusiak\" \/>\n<!-- \/ Yoast SEO plugin. -->","yoast_head_json":{"title":"Zesp\u00f3\u0142 Reitera (reaktywne zapalenie staw\u00f3w) - objawy, przyczyny, badania i leczenie - Centrum Wiedzy ALAB laboratoria","description":"Reaktywne zapalenie staw\u00f3w (zesp\u00f3\u0142 Reitera) - kompleksowe informacje. Dowiedz si\u0119 nt. przyczyn, objaw\u00f3w, leczenia i bada\u0144 w zespole Reitera.","robots":{"index":"index","follow":"follow","max-snippet":"max-snippet:-1","max-image-preview":"max-image-preview:large","max-video-preview":"max-video-preview:-1"},"canonical":"https:\/\/www.alab.pl\/centrum-wiedzy\/zespol-reitera-reaktywne-zapalenie-stawow-objawy-przyczyny-badania-i-leczenie\/","og_locale":"pl_PL","og_type":"article","og_title":"Zesp\u00f3\u0142 Reitera (reaktywne zapalenie staw\u00f3w) - objawy, przyczyny, badania i leczenie - Centrum Wiedzy ALAB laboratoria","og_description":"Reaktywne zapalenie staw\u00f3w (zesp\u00f3\u0142 Reitera) - kompleksowe informacje. Dowiedz si\u0119 nt. przyczyn, objaw\u00f3w, leczenia i bada\u0144 w zespole Reitera.","og_url":"https:\/\/www.alab.pl\/centrum-wiedzy\/zespol-reitera-reaktywne-zapalenie-stawow-objawy-przyczyny-badania-i-leczenie\/","og_site_name":"Centrum Wiedzy ALAB laboratoria","article_publisher":"https:\/\/www.facebook.com\/ALABlaboratoria","article_published_time":"2024-08-13T08:00:00+00:00","og_image":[{"width":1925,"height":1285,"url":"https:\/\/www.alab.pl\/centrum-wiedzy\/wp-content\/uploads\/2024\/07\/zespol-Reitera-cover-jpg.webp","type":"image\/webp"}],"author":"Damian Matusiak","twitter_card":"summary_large_image","twitter_misc":{"Napisane przez":"Damian Matusiak","Szacowany czas czytania":"8 minut","Written by":"Damian Matusiak"},"schema":{"@context":"https:\/\/schema.org","@graph":[{"@type":"Article","@id":"https:\/\/www.alab.pl\/centrum-wiedzy\/zespol-reitera-reaktywne-zapalenie-stawow-objawy-przyczyny-badania-i-leczenie\/#article","isPartOf":{"@id":"https:\/\/www.alab.pl\/centrum-wiedzy\/zespol-reitera-reaktywne-zapalenie-stawow-objawy-przyczyny-badania-i-leczenie\/"},"author":{"name":"Damian Matusiak","@id":"https:\/\/www.alab.pl\/centrum-wiedzy\/#\/schema\/person\/5709fe1c1c909754033072d7f8155a44"},"headline":"Zesp\u00f3\u0142 Reitera (reaktywne zapalenie staw\u00f3w) &#8211; objawy, przyczyny, badania i leczenie","datePublished":"2024-08-13T08:00:00+00:00","mainEntityOfPage":{"@id":"https:\/\/www.alab.pl\/centrum-wiedzy\/zespol-reitera-reaktywne-zapalenie-stawow-objawy-przyczyny-badania-i-leczenie\/"},"wordCount":1452,"publisher":{"@id":"https:\/\/www.alab.pl\/centrum-wiedzy\/#organization"},"image":{"@id":"https:\/\/www.alab.pl\/centrum-wiedzy\/zespol-reitera-reaktywne-zapalenie-stawow-objawy-przyczyny-badania-i-leczenie\/#primaryimage"},"thumbnailUrl":"https:\/\/www.alab.pl\/centrum-wiedzy\/wp-content\/uploads\/2024\/07\/zespol-Reitera-cover-jpg.webp","articleSection":["Infekcje i paso\u017cyty"],"inLanguage":"pl-PL"},{"@type":"WebPage","@id":"https:\/\/www.alab.pl\/centrum-wiedzy\/zespol-reitera-reaktywne-zapalenie-stawow-objawy-przyczyny-badania-i-leczenie\/","url":"https:\/\/www.alab.pl\/centrum-wiedzy\/zespol-reitera-reaktywne-zapalenie-stawow-objawy-przyczyny-badania-i-leczenie\/","name":"Zesp\u00f3\u0142 Reitera (reaktywne zapalenie staw\u00f3w) - objawy, przyczyny, badania i leczenie - Centrum Wiedzy ALAB laboratoria","isPartOf":{"@id":"https:\/\/www.alab.pl\/centrum-wiedzy\/#website"},"primaryImageOfPage":{"@id":"https:\/\/www.alab.pl\/centrum-wiedzy\/zespol-reitera-reaktywne-zapalenie-stawow-objawy-przyczyny-badania-i-leczenie\/#primaryimage"},"image":{"@id":"https:\/\/www.alab.pl\/centrum-wiedzy\/zespol-reitera-reaktywne-zapalenie-stawow-objawy-przyczyny-badania-i-leczenie\/#primaryimage"},"thumbnailUrl":"https:\/\/www.alab.pl\/centrum-wiedzy\/wp-content\/uploads\/2024\/07\/zespol-Reitera-cover-jpg.webp","datePublished":"2024-08-13T08:00:00+00:00","description":"Reaktywne zapalenie staw\u00f3w (zesp\u00f3\u0142 Reitera) - kompleksowe informacje. Dowiedz si\u0119 nt. przyczyn, objaw\u00f3w, leczenia i bada\u0144 w zespole Reitera.","breadcrumb":{"@id":"https:\/\/www.alab.pl\/centrum-wiedzy\/zespol-reitera-reaktywne-zapalenie-stawow-objawy-przyczyny-badania-i-leczenie\/#breadcrumb"},"inLanguage":"pl-PL","potentialAction":[{"@type":"ReadAction","target":["https:\/\/www.alab.pl\/centrum-wiedzy\/zespol-reitera-reaktywne-zapalenie-stawow-objawy-przyczyny-badania-i-leczenie\/"]}]},{"@type":"ImageObject","inLanguage":"pl-PL","@id":"https:\/\/www.alab.pl\/centrum-wiedzy\/zespol-reitera-reaktywne-zapalenie-stawow-objawy-przyczyny-badania-i-leczenie\/#primaryimage","url":"https:\/\/www.alab.pl\/centrum-wiedzy\/wp-content\/uploads\/2024\/07\/zespol-Reitera-cover-jpg.webp","contentUrl":"https:\/\/www.alab.pl\/centrum-wiedzy\/wp-content\/uploads\/2024\/07\/zespol-Reitera-cover-jpg.webp","width":1925,"height":1285,"caption":"zesp\u00f3\u0142 Reitera reaktywne zapalenie staw\u00f3w"},{"@type":"BreadcrumbList","@id":"https:\/\/www.alab.pl\/centrum-wiedzy\/zespol-reitera-reaktywne-zapalenie-stawow-objawy-przyczyny-badania-i-leczenie\/#breadcrumb","itemListElement":[{"@type":"ListItem","position":1,"name":"Strona g\u0142\u00f3wna","item":"https:\/\/www.alab.pl\/centrum-wiedzy\/"},{"@type":"ListItem","position":2,"name":"Zesp\u00f3\u0142 Reitera (reaktywne zapalenie staw\u00f3w) &#8211; objawy, przyczyny, badania i leczenie"}]},{"@type":"WebSite","@id":"https:\/\/www.alab.pl\/centrum-wiedzy\/#website","url":"https:\/\/www.alab.pl\/centrum-wiedzy\/","name":"Centrum Wiedzy ALAB laboratoria","description":"","publisher":{"@id":"https:\/\/www.alab.pl\/centrum-wiedzy\/#organization"},"potentialAction":[{"@type":"SearchAction","target":{"@type":"EntryPoint","urlTemplate":"https:\/\/www.alab.pl\/centrum-wiedzy\/?s={search_term_string}"},"query-input":{"@type":"PropertyValueSpecification","valueRequired":true,"valueName":"search_term_string"}}],"inLanguage":"pl-PL"},{"@type":"Organization","@id":"https:\/\/www.alab.pl\/centrum-wiedzy\/#organization","name":"Centrum Wiedzy ALAB laboratoria","url":"https:\/\/www.alab.pl\/centrum-wiedzy\/","logo":{"@type":"ImageObject","inLanguage":"pl-PL","@id":"https:\/\/www.alab.pl\/centrum-wiedzy\/#\/schema\/logo\/image\/","url":"https:\/\/www.alab.pl\/centrum-wiedzy\/wp-content\/uploads\/2022\/04\/alabek.jpg","contentUrl":"https:\/\/www.alab.pl\/centrum-wiedzy\/wp-content\/uploads\/2022\/04\/alabek.jpg","width":1250,"height":1251,"caption":"Centrum Wiedzy ALAB laboratoria"},"image":{"@id":"https:\/\/www.alab.pl\/centrum-wiedzy\/#\/schema\/logo\/image\/"},"sameAs":["https:\/\/www.facebook.com\/ALABlaboratoria"]},{"@type":"Person","@id":"https:\/\/www.alab.pl\/centrum-wiedzy\/#\/schema\/person\/5709fe1c1c909754033072d7f8155a44","name":"Damian Matusiak","image":{"@type":"ImageObject","inLanguage":"pl-PL","@id":"https:\/\/www.alab.pl\/centrum-wiedzy\/wp-content\/uploads\/2023\/10\/Damian-Matusiak-jpg-150x150.webp4a39f9a6ab8bdce93cc7d4859c6e6401","url":"https:\/\/www.alab.pl\/centrum-wiedzy\/wp-content\/uploads\/2023\/10\/Damian-Matusiak-jpg-150x150.webp","contentUrl":"https:\/\/www.alab.pl\/centrum-wiedzy\/wp-content\/uploads\/2023\/10\/Damian-Matusiak-jpg-150x150.webp","caption":"Damian Matusiak"},"description":"Specjalista pediatrii, kieruj\u0105cy Oddzia\u0142em Pediatrycznym w Lesznie, absolwent Uniwersytetu Medycznego im. Karola Marcinkowskiego w Poznaniu; pasjonat ultrasonografii i nowinek ze \u015bwiata nauki.","url":"https:\/\/www.alab.pl\/centrum-wiedzy\/author\/damian-matusiak\/"}]}},"_links":{"self":[{"href":"https:\/\/www.alab.pl\/centrum-wiedzy\/wp-json\/wp\/v2\/posts\/16096","targetHints":{"allow":["GET"]}}],"collection":[{"href":"https:\/\/www.alab.pl\/centrum-wiedzy\/wp-json\/wp\/v2\/posts"}],"about":[{"href":"https:\/\/www.alab.pl\/centrum-wiedzy\/wp-json\/wp\/v2\/types\/post"}],"author":[{"embeddable":true,"href":"https:\/\/www.alab.pl\/centrum-wiedzy\/wp-json\/wp\/v2\/users\/154"}],"replies":[{"embeddable":true,"href":"https:\/\/www.alab.pl\/centrum-wiedzy\/wp-json\/wp\/v2\/comments?post=16096"}],"version-history":[{"count":0,"href":"https:\/\/www.alab.pl\/centrum-wiedzy\/wp-json\/wp\/v2\/posts\/16096\/revisions"}],"wp:featuredmedia":[{"embeddable":true,"href":"https:\/\/www.alab.pl\/centrum-wiedzy\/wp-json\/wp\/v2\/media\/15932"}],"wp:attachment":[{"href":"https:\/\/www.alab.pl\/centrum-wiedzy\/wp-json\/wp\/v2\/media?parent=16096"}],"wp:term":[{"taxonomy":"category","embeddable":true,"href":"https:\/\/www.alab.pl\/centrum-wiedzy\/wp-json\/wp\/v2\/categories?post=16096"},{"taxonomy":"post_tag","embeddable":true,"href":"https:\/\/www.alab.pl\/centrum-wiedzy\/wp-json\/wp\/v2\/tags?post=16096"},{"taxonomy":"author","embeddable":true,"href":"https:\/\/www.alab.pl\/centrum-wiedzy\/wp-json\/wp\/v2\/coauthors?post=16096"}],"curies":[{"name":"wp","href":"https:\/\/api.w.org\/{rel}","templated":true}]}}