{"id":16165,"date":"2024-08-14T11:00:00","date_gmt":"2024-08-14T09:00:00","guid":{"rendered":"https:\/\/sklep.alablaboratoria.pl\/centrum-wiedzy\/?p=16165"},"modified":"2024-08-14T11:00:00","modified_gmt":"2024-08-14T09:00:00","slug":"ceruloplazmina-co-to-jest-i-po-co-bada-sie-jej-poziom","status":"publish","type":"post","link":"https:\/\/www.alab.pl\/centrum-wiedzy\/ceruloplazmina-co-to-jest-i-po-co-bada-sie-jej-poziom\/","title":{"rendered":"Ceruloplazmina &#8211; co to jest i po co bada si\u0119 jej poziom? Marker diagnostyczny choroby Wilsona"},"content":{"rendered":"\n<p><strong>Oznaczenie poziomu ceruloplazminy jest specjalistycznym badaniem laboratoryjnym wykorzystywanym w przypadku podejrzenia zaburze\u0144 gospodarki miedzi\u0105 w organizmie. Na czym polega badanie, czy trzeba si\u0119 do niego specjalnie przygotowa\u0107, jakie s\u0105 przyczyny nieprawid\u0142owego st\u0119\u017cenia ceruloplazminy. Zapraszamy do lektury.<\/strong><\/p>\n\n\n\n<p>Spis tre\u015bci:<\/p>\n\n\n\n<ol class=\"wp-block-list\">\n<li><a href=\"#Co-to-jest-ceruloplazmina-i-jakie-pe\u0142ni-funkcje?\">Co to jest ceruloplazmina i jakie pe\u0142ni funkcje?<\/a>\n<ul class=\"wp-block-list\">\n<li><a href=\"#Ceruloplazmina-a-gospodarka-\u017celazem\">Ceruloplazmina a gospodarka \u017celazem<\/a><\/li>\n\n\n\n<li><a href=\"#Ceruloplazmina-\u2013-pozosta\u0142e-zadania\">Ceruloplazmina \u2013 pozosta\u0142e zadania<\/a><\/li>\n<\/ul>\n<\/li>\n\n\n\n<li><a href=\"#Ceruloplazmina-\u2013-jakie-s\u0105-wskazania-do-badania?\">Ceruloplazmina \u2013 jakie s\u0105 wskazania do badania?<\/a>\n<ul class=\"wp-block-list\">\n<li><a href=\"#Ceruloplazmina-a-choroba-Wilsona\">Ceruloplazmina a choroba Wilsona<\/a><\/li>\n\n\n\n<li><a href=\"#Zesp\u00f3\u0142-Menkesa-\u2013-przyczyny,-objawy,-diagnostyka\">Zesp\u00f3\u0142 Menkesa \u2013 przyczyny, objawy, diagnostyka<\/a><\/li>\n<\/ul>\n<\/li>\n\n\n\n<li><a href=\"#Prawid\u0142owy-poziom-ceruloplazminy-w-osoczu-i-przyczyny-nieprawid\u0142owego-jej-st\u0119\u017cenia\">Prawid\u0142owy poziom ceruloplazminy w osoczu i przyczyny nieprawid\u0142owego jej st\u0119\u017cenia<\/a>\n<ul class=\"wp-block-list\">\n<li><a href=\"#Obni\u017cone-i-podwy\u017cszony-poziom-ceruloplazminy\">Obni\u017cone i podwy\u017cszony poziom ceruloplazminy<\/a><\/li>\n<\/ul>\n<\/li>\n\n\n\n<li><a href=\"#Jak-przygotowa\u0107-si\u0119-do-badania-st\u0119\u017cenia-ceruloplazminy?\">Jak przygotowa\u0107 si\u0119 do badania st\u0119\u017cenia ceruloplazminy?<\/a><\/li>\n<\/ol>\n\n\n\n<h2 class=\"wp-block-heading\" id=\"Co-to-jest-ceruloplazmina-i-jakie-pe\u0142ni-funkcje?\">Co to jest ceruloplazmina i jakie pe\u0142ni funkcje?<\/h2>\n\n\n\n<p><strong>Ceruloplazmina jest bia\u0142kiem produkowanym w w\u0105trobie<\/strong>, jej g\u0142\u00f3wnym zadaniem jest transportowanie miedzi w osoczu krwi. A\u017c <strong>95% miedzi we krwi zwi\u0105zane jest z tym bia\u0142kiem<\/strong>, r\u00f3wnie\u017c wewn\u0105trzkom\u00f3rkowy transport miedzi i w\u0142\u0105czanie jej do cz\u0105steczek enzym\u00f3w odbywa si\u0119 z udzia\u0142em wyspecjalizowanych \u2013 bogatych w grupy tiolowe \u2013 bia\u0142ek.<\/p>\n\n\n\n<p>Nadmierne st\u0119\u017cenie miedzi niezwi\u0105zanej z bia\u0142kami sprzyja powstawaniu zredukowanego jonu Cu+, tworzeniu wolnych rodnik\u00f3w, a w&nbsp;konsekwencji inaktywacji enzym\u00f3w i uszkodzenia bia\u0142ek strukturalnych kom\u00f3rki. Z tego powodu <strong>zredukowana posta\u0107 miedzi (Cu+) jest bardziej toksyczna<\/strong> ni\u017c posta\u0107 utleniona (Cu2+), dlatego <strong>aktywno\u015b\u0107 ceruloplazminy przeciwdzia\u0142a destrukcyjnemu wp\u0142ywowi zbyt wysokiego poziomu miedzi<\/strong> w kom\u00f3rkach organizmu.<\/p>\n\n\n\n<p><strong>&gt;&gt; Przeczytaj te\u017c: <a href=\"https:\/\/www.alab.pl\/centrum-wiedzy\/miedz-w-organizmie-zapotrzebowanie-rola-zrodla-miedzi-w-diecie\/\" target=\"_blank\" rel=\"noreferrer noopener\">Mied\u017a w organizmie \u2013 zapotrzebowanie, rola, \u017ar\u00f3d\u0142a miedzi w diecie<\/a><\/strong><\/p>\n\n\n\n<h3 class=\"wp-block-heading\" id=\"Ceruloplazmina-a-gospodarka-\u017celazem\">Ceruloplazmina a gospodarka \u017celazem<\/h3>\n\n\n\n<p><strong>Inn\u0105 funkcj\u0105 ceruloplazminy jest katalizowanie reakcji utleniania \u017celaza<\/strong> ( Fe2+ do Fe3+). Niekt\u00f3rzy badacze wskazuj\u0105, i\u017c jest to g\u0142\u00f3wna rola ceruloplazminy, proponowano nawet zmian\u0119 jej nazwy na ferroksydaz\u0119.<\/p>\n\n\n\n<p>Teza o tym, i\u017c jest to bia\u0142ko, kt\u00f3rego podstawow\u0105 funkcj\u0105 jest udzia\u0142 w katabolizmie \u017celaza opiera si\u0119 na obserwacjach chorych z aceruloplazminemi\u0105 \u2013 chorob\u0105 uwarunkowan\u0105 genetycznie, w kt\u00f3rej obserwuje si\u0119 zmniejszenie lub brak aktywno\u015bci ferroksydazy ceruloplazminy. Pacjenci z aceruloplazminemi\u0105 maj\u0105 prawid\u0142owe st\u0119\u017cenie miedzi w tkankach, natomiast ich tkanki s\u0105 prze\u0142adowane \u017celazem.<\/p>\n\n\n\n<figure class=\"wp-block-image size-full\"><a href=\"https:\/\/www.alab.pl\/badanie\/aceruloplazminemia-analiza-sekwencji-kodujacej-genu-cp-wykonywana-z-wykorzystaniem-ngs\"><img loading=\"lazy\" decoding=\"async\" width=\"800\" height=\"200\" src=\"https:\/\/www.alab.pl\/centrum-wiedzy\/wp-content\/uploads\/2024\/07\/Aceruloplazminemia-badanie-genetyczne-met.-NGS-jpg.webp\" alt=\"Aceruloplazminemia - badanie genetyczne (met. NGS)\" class=\"wp-image-15986\" srcset=\"https:\/\/www.alab.pl\/centrum-wiedzy\/wp-content\/uploads\/2024\/07\/Aceruloplazminemia-badanie-genetyczne-met.-NGS-jpg.webp 800w, https:\/\/www.alab.pl\/centrum-wiedzy\/wp-content\/uploads\/2024\/07\/Aceruloplazminemia-badanie-genetyczne-met.-NGS-jpg-768x192.webp 768w, https:\/\/www.alab.pl\/centrum-wiedzy\/wp-content\/uploads\/2024\/07\/Aceruloplazminemia-badanie-genetyczne-met.-NGS-jpg-150x38.webp 150w, https:\/\/www.alab.pl\/centrum-wiedzy\/wp-content\/uploads\/2024\/07\/Aceruloplazminemia-badanie-genetyczne-met.-NGS-jpg-300x75.webp 300w, https:\/\/www.alab.pl\/centrum-wiedzy\/wp-content\/uploads\/2024\/07\/Aceruloplazminemia-badanie-genetyczne-met.-NGS-jpg-696x174.webp 696w\" sizes=\"auto, (max-width: 800px) 100vw, 800px\" \/><\/a><\/figure>\n\n\n\n<h3 class=\"wp-block-heading\" id=\"Ceruloplazmina-\u2013-pozosta\u0142e-zadania\">Ceruloplazmina \u2013 pozosta\u0142e zadania<\/h3>\n\n\n\n<p>Opr\u00f3cz udzia\u0142u w metabolizmie miedzi i \u017celaza, ceruloplazmina spe\u0142nia wiele innych funkcji, w tym antyoksydacyjnych. Zaliczana jest do bia\u0142ek ostrej fazy, jej st\u0119\u017cenie ro\u015bnie w czasie infekcji i stan\u00f3w zapalnych, co naukowcy \u0142\u0105cz\u0105 z udzia\u0142em tego bia\u0142ka w odpowiedzi na stres oksydacyjny.<\/p>\n\n\n\n<p>Ponadto ceruloplazmin\u0119 \u0142\u0105czy si\u0119 z procesami krzepni\u0119cia krwi, angiogenez\u0105 (procesem powstawania nowych naczy\u0144 krwiono\u015bnych), transportem wapnia i sodu.<\/p>\n\n\n\n<h2 class=\"wp-block-heading\" id=\"Ceruloplazmina-\u2013-jakie-s\u0105-wskazania-do-badania?\">Ceruloplazmina \u2013 jakie s\u0105 wskazania do badania?<\/h2>\n\n\n\n<p>Pomimo szerokiej roli, jak\u0105 ceruloplazmina spe\u0142nia w organizmie, w celach diagnostycznych oznaczana jest w dw\u00f3ch przypadkach \u2013 przy podejrzeniu choroby Wilsona lub choroby Menkesa.<\/p>\n\n\n\n<h3 class=\"wp-block-heading\" id=\"Ceruloplazmina-a-choroba-Wilsona\">Ceruloplazmina a choroba Wilsona<\/h3>\n\n\n\n<p><strong>Choroba Wilsona jest genetycznie uwarunkowanym upo\u015bledzeniem wydalania miedzi z organizmu<\/strong>, co prowadzi do jej gromadzenia si\u0119 w r\u00f3\u017cnych tkankach i ich uszkadzania. Pocz\u0105tkowo mied\u017a gromadzi si\u0119 w w\u0105trobie, a po przekroczeniu mo\u017cliwo\u015bci magazynowych w\u0105troby zaczyna akumulowa\u0107 si\u0119 w uk\u0142adzie nerwowym, oku, ko\u015bciach i nerkach, powoduj\u0105c szereg r\u00f3\u017cnych objaw\u00f3w.<\/p>\n\n\n\n<p>Poniewa\u017c choroba jest uwarunkowana genetycznie, pierwsze objawy mog\u0105 pojawia\u0107 si\u0119 ju\u017c w dzieci\u0144stwie. Pocz\u0105tkowo mog\u0105 by\u0107 zwi\u0105zane z niedomog\u0105 w\u0105troby, nast\u0119pnie rozwijaj\u0105 si\u0119 objawy zwi\u0105zane z nagromadzeniem tego pierwiastka w uk\u0142adzie nerwowym (objawy neurologiczne i psychiatryczne), zaburzenia widzenia (za\u0107ma), objawy ze strony uk\u0142adu kostno-stawowego. &nbsp;<\/p>\n\n\n\n<p><strong>&gt;&gt; Wi\u0119cej o chorobie Wilsona i jej objawach, kt\u00f3re mog\u0105 by\u0107 wskaz\u00f3wk\u0105 do wykonania badania w artykule: <a href=\"https:\/\/www.alab.pl\/centrum-wiedzy\/choroba-wilsona-jak-nadmiar-miedzi-wplywa-na-organizm\/\" target=\"_blank\" rel=\"noreferrer noopener\">Choroba Wilsona: jak nadmiar miedzi wp\u0142ywa na organizm? <\/a><\/strong><\/p>\n\n\n\n<p>Poziom ceruloplazminy w chorobie Wilsona jest znacznie zmniejszony i wynosi mniej ni\u017c 10 mg\/dl (100 mg\/l).<\/p>\n\n\n\n<figure class=\"wp-block-image size-full\"><a href=\"https:\/\/www.alab.pl\/badanie\/atp7b-choroba-wilsona-identyfikacja-najczestszej-mutacji-phis1069gln-oraz-innych-mutacji-wystepujacych-w-eksonie-15-genu-atp7b-choroba-wilsona-metoda-sekwencjonowania-sangera\"><img loading=\"lazy\" decoding=\"async\" width=\"800\" height=\"200\" src=\"https:\/\/www.alab.pl\/centrum-wiedzy\/wp-content\/uploads\/2024\/07\/Choroba-Wilsona-\u2013-badanie-genetyczne-mutacje-w-genie-ATP7B-jpg.webp\" alt=\"Choroba Wilsona \u2013 badanie genetyczne (mutacje w genie ATP7B)\" class=\"wp-image-15985\" srcset=\"https:\/\/www.alab.pl\/centrum-wiedzy\/wp-content\/uploads\/2024\/07\/Choroba-Wilsona-\u2013-badanie-genetyczne-mutacje-w-genie-ATP7B-jpg.webp 800w, https:\/\/www.alab.pl\/centrum-wiedzy\/wp-content\/uploads\/2024\/07\/Choroba-Wilsona-\u2013-badanie-genetyczne-mutacje-w-genie-ATP7B-jpg-768x192.webp 768w, https:\/\/www.alab.pl\/centrum-wiedzy\/wp-content\/uploads\/2024\/07\/Choroba-Wilsona-\u2013-badanie-genetyczne-mutacje-w-genie-ATP7B-jpg-150x38.webp 150w, https:\/\/www.alab.pl\/centrum-wiedzy\/wp-content\/uploads\/2024\/07\/Choroba-Wilsona-\u2013-badanie-genetyczne-mutacje-w-genie-ATP7B-jpg-300x75.webp 300w, https:\/\/www.alab.pl\/centrum-wiedzy\/wp-content\/uploads\/2024\/07\/Choroba-Wilsona-\u2013-badanie-genetyczne-mutacje-w-genie-ATP7B-jpg-696x174.webp 696w\" sizes=\"auto, (max-width: 800px) 100vw, 800px\" \/><\/a><\/figure>\n\n\n\n<p><\/p>\n\n\n\n<h3 class=\"wp-block-heading\" id=\"Zesp\u00f3\u0142-Menkesa-\u2013-przyczyny,-objawy,-diagnostyka\">Zesp\u00f3\u0142 Menkesa \u2013 przyczyny, objawy, diagnostyka<\/h3>\n\n\n\n<p>Drugim klinicznie zdefiniowanym i genetycznie uwarunkowanym schorzeniem zwi\u0105zanym z niedoborem miedzi jest <strong>zesp\u00f3\u0142 Menkesa<\/strong>, nazywany chorob\u0105 kr\u0119conych w\u0142os\u00f3w. Spowodowany jest mutacj\u0105 genu ATP7A umiejscowionym na chromosomie X, w zwi\u0105zku z tym dziewcz\u0119ta s\u0105 bezobjawowymi nosicielkami mutacji, a choruj\u0105 ch\u0142opcy. &nbsp;<\/p>\n\n\n\n<p><strong>Mutacja wywo\u0142uje zaburzenia pracy enzymu niezb\u0119dnego do prawid\u0142owego wch\u0142aniania miedzi w jelitach<\/strong>, a sama choroba jest nast\u0119pstwem nieprawid\u0142owo\u015bci w aktywno\u015bciach enzym\u00f3w, kt\u00f3rych aktywno\u015b\u0107 wymaga obecno\u015bci miedzi.<\/p>\n\n\n\n<p><strong>Objawy choroby Menkesa mog\u0105 by\u0107 widoczne ju\u017c u noworodk\u00f3w<\/strong> i s\u0105 to przed\u0142u\u017caj\u0105ca si\u0119 \u017c\u00f3\u0142taczka, obni\u017cona temperatura cia\u0142a (hipotermia), hipoglikemia i problemy z karmieniem. Dziecko z chorob\u0105 Menkesa ma charakterystyczne w\u0142osy, kt\u00f3rych odmienny wygl\u0105d mo\u017ce by\u0107 widoczny ju\u017c w wieku 1-2 miesi\u0119cy. W\u0142osy s\u0105 kr\u0119cone z ma\u0142\u0105 ilo\u015bci\u0105 pigmentu lub odbarwione, stalowo-we\u0142niste, \u0142atwo si\u0119 \u0142ami\u0105. W miar\u0119 wzrostu do\u0142\u0105cza si\u0119 nieprawid\u0142owy rozw\u00f3j psychoruchowy, zaburzenia ze strony przewodu pokarmowego, zmniejszone napi\u0119cie mi\u0119\u015bni, a potem spastyczno\u015b\u0107.<\/p>\n\n\n\n<p>Choroba Menkesa ma najcz\u0119\u015bciej przebieg ci\u0119\u017cki, prowadz\u0105cy do \u015bmierci w wieku ok. 5 lat, chocia\u017c mo\u017ce przybiera\u0107 r\u00f3\u017cne formy.<\/p>\n\n\n\n<p>Wst\u0119pna diagnostyka choroby Menkesa opiera si\u0119 na charakterystycznych objawach klinicznych i wygl\u0105dzie oraz badaniach laboratoryjnych, w kt\u00f3rych stwierdza si\u0119 <strong>bardzo niski poziom ceruloplazminy w osoczu i obni\u017cony poziom miedzi.<\/strong><\/p>\n\n\n\n<figure class=\"wp-block-image size-full\"><img loading=\"lazy\" decoding=\"async\" width=\"2000\" height=\"1904\" src=\"https:\/\/www.alab.pl\/centrum-wiedzy\/wp-content\/uploads\/2024\/07\/ceruloplazmina-infografika-choroba-Menkesa-jpg.webp\" alt=\"ceruloplazmina infografika choroba Menkesa\" class=\"wp-image-15983\" srcset=\"https:\/\/www.alab.pl\/centrum-wiedzy\/wp-content\/uploads\/2024\/07\/ceruloplazmina-infografika-choroba-Menkesa-jpg.webp 2000w, https:\/\/www.alab.pl\/centrum-wiedzy\/wp-content\/uploads\/2024\/07\/ceruloplazmina-infografika-choroba-Menkesa-jpg-768x731.webp 768w, https:\/\/www.alab.pl\/centrum-wiedzy\/wp-content\/uploads\/2024\/07\/ceruloplazmina-infografika-choroba-Menkesa-jpg-1536x1462.webp 1536w, https:\/\/www.alab.pl\/centrum-wiedzy\/wp-content\/uploads\/2024\/07\/ceruloplazmina-infografika-choroba-Menkesa-jpg-150x143.webp 150w, https:\/\/www.alab.pl\/centrum-wiedzy\/wp-content\/uploads\/2024\/07\/ceruloplazmina-infografika-choroba-Menkesa-jpg-300x286.webp 300w, https:\/\/www.alab.pl\/centrum-wiedzy\/wp-content\/uploads\/2024\/07\/ceruloplazmina-infografika-choroba-Menkesa-jpg-696x663.webp 696w, https:\/\/www.alab.pl\/centrum-wiedzy\/wp-content\/uploads\/2024\/07\/ceruloplazmina-infografika-choroba-Menkesa-jpg-1068x1017.webp 1068w, https:\/\/www.alab.pl\/centrum-wiedzy\/wp-content\/uploads\/2024\/07\/ceruloplazmina-infografika-choroba-Menkesa-jpg-1920x1828.webp 1920w\" sizes=\"auto, (max-width: 2000px) 100vw, 2000px\" \/><\/figure>\n\n\n\n<p><\/p>\n\n\n\n<h2 class=\"wp-block-heading\" id=\"Prawid\u0142owy-poziom-ceruloplazminy-w-osoczu-i-przyczyny-nieprawid\u0142owego-jej-st\u0119\u017cenia\">Prawid\u0142owy poziom ceruloplazminy w osoczu i przyczyny nieprawid\u0142owego jej st\u0119\u017cenia<\/h2>\n\n\n\n<p>Zakres warto\u015bci referencyjnych dla ceruloplazminy zale\u017cy od laboratorium. W ALAB badanie wykonuje si\u0119 metod\u0105 immunonefelometrii (na Alinity C firmy Abbott) i tzw. warto\u015bci prawid\u0142owe zawarte s\u0105 w wide\u0142kach 20-60 mg\/dl (200-600 mg\/l) dla ka\u017cdej grupy wiekowej.<\/p>\n\n\n\n<p><strong>>> Przeczytaj te\u017c: <a href=\"https:\/\/www.alab.pl\/centrum-wiedzy\/toczen-ukladowy-sle\/\" target=\"_blank\" rel=\"noreferrer noopener\">Tocze\u0144 uk\u0142adowy (SLE) \u2013 choroba nieprzewidywalna<\/a><\/strong><\/p>\n\n\n\n<figure class=\"wp-block-table\"><table><tbody><tr><td><strong>Warto wiedzie\u0107:<\/strong> <br>Nale\u017cy jednak pami\u0119ta\u0107, i\u017c st\u0119\u017cenie tego parametru u noworodk\u00f3w mo\u017ce by\u0107 bardzo niskie do 6. miesi\u0105ca \u017cycia. Ma to zwi\u0105zek z niedojrza\u0142o\u015bci\u0105 hepatocyt\u00f3w (kom\u00f3rek w\u0105troby) u tak ma\u0142ych dzieci, co trzeba bra\u0107 pod uwag\u0119 w rozpoznawaniu zaburze\u0144 metabolizmu miedzi.<\/td><\/tr><\/tbody><\/table><\/figure>\n\n\n\n<h3 class=\"wp-block-heading\" id=\"Obni\u017cone-i-podwy\u017cszony-poziom-ceruloplazminy\">Obni\u017cone i podwy\u017cszony poziom ceruloplazminy<\/h3>\n\n\n\n<p><strong>Obni\u017cone st\u0119\u017cenie ceruloplazminy <\/strong>jest charakterystyczne dla choroby Wilsona i zespo\u0142u Menkesa.<\/p>\n\n\n\n<p><strong>Podwy\u017cszony poziom tego parametru<\/strong> wyst\u0119puje w infekcjach wirusowych, bakteryjnych lub paso\u017cytniczych \u2013 jest to bia\u0142ko ostrej fazy. Poza tym u kobiet z podwy\u017cszonym poziomem estrogen\u00f3w z powodu ci\u0105\u017cy, czy stosowania \u015brodk\u00f3w antykoncepcyjnych. Innym powodem jej podwy\u017cszonego poziomu mog\u0105 by\u0107 choroby uk\u0142adowe tkanki \u0142\u0105cznej (RZS, tocze\u0144), nowotwory z\u0142o\u015bliwe lub zawa\u0142 serca.<\/p>\n\n\n\n<p><strong>>> To mo\u017ce Ci\u0119 zainteresowa\u0107: <a href=\"https:\/\/www.alab.pl\/centrum-wiedzy\/czym-jest-rzs-jak-czesto-wystepuje-kogo-dotyka\/\" target=\"_blank\" rel=\"noreferrer noopener\">Czym jest RZS? Jak cz\u0119sto wyst\u0119puje, kogo dotyka?<\/a><\/strong><a href=\"https:\/\/www.google.com\/url?sa=t&amp;source=web&amp;rct=j&amp;opi=89978449&amp;url=https:\/\/bioprom.gr\/en\/product\/biochemical-analyzer-abbott-alinity-c\/&amp;ved=2ahUKEwiP6ozi4c6HAxXjKhAIHUJWJOgQFnoECBYQAQ&amp;usg=AOvVaw3QJCAy0jGkQUuTxkksRTWN\"><\/a><\/p>\n\n\n\n<h2 class=\"wp-block-heading\" id=\"Jak-przygotowa\u0107-si\u0119-do-badania-st\u0119\u017cenia-ceruloplazminy?\">Jak przygotowa\u0107 si\u0119 do badania st\u0119\u017cenia ceruloplazminy?<a href=\"https:\/\/www.waytogrow.com\" target=\"_blank\" rel=\"noreferrer noopener\"><\/a><\/h2>\n\n\n\n<p>Badanie poziomu ceruloplazminy nie wymaga specjalnego przygotowania, jednak nie nale\u017cy badania wykonywa\u0107 w czasie infekcji, poniewa\u017c wynik mo\u017ce by\u0107 fa\u0142szywie dodatni. Infekcja mo\u017ce r\u00f3wnie\u017c maskowa\u0107 obni\u017cone st\u0119\u017cenie ceruloplazminy.<\/p>\n\n\n\n<p>Badanie wykonuje si\u0119 z krwi \u017cylnej, pomocne bywa wypicie szklanki niegazowanej wody przed pobraniem.<\/p>\n\n\n\n<p>Ceruloplazmina to rodzaj bia\u0142ka transportuj\u0105cego mied\u017a. Wykazuje w\u0142a\u015bciwo\u015bci antyoksydacyjne, nale\u017cy r\u00f3wnie\u017c do bia\u0142ek ostrej fazy (jej st\u0119\u017cenie ro\u015bnie w czasie infekcji). Badanie poziomu ceruloplazminy wykorzystuje si\u0119 w diagnostyce dw\u00f3ch schorze\u0144 \u2013 choroby Wilsona i zespo\u0142u Menkesa.<\/p>\n\n\n\n<hr class=\"wp-block-separator has-alpha-channel-opacity\"\/>\n\n\n\n<p><strong>PI\u015aMIENNICTWO<\/strong><\/p>\n\n\n\n<ol class=\"wp-block-list\">\n<li>Wierzbicka D., Gromadzka G., Ceruloplazmina, hefajstyna i cyklopen: trzy multimiedziowe oksydazy uczestnicz\u0105ce w metabolizmie \u017celaza u cz\u0142owieka. Post\u0119py Higieny i Medycyny Do\u015bwiadczalnej, 68\/2014.<\/li>\n\n\n\n<li>Caquet R., 250 bada\u0144 laboratoryjnych. Kiedy zleca\u0107, jak interpretowa\u0107. PZWL, Warszawa 2007,2009.<\/li>\n\n\n\n<li>https:\/\/www.orpha.net\/pdfs\/data\/patho\/Abs\/PL\/ChorobaMenkesa-PLplAbs278.pdf<\/li>\n<\/ol>\n","protected":false},"excerpt":{"rendered":"<p>Sprawd\u017a, na czym polega badanie ceruloplazminy, czy trzeba si\u0119 do niego specjalnie przygotowa\u0107 i jak interpretowa\u0107 wyniki.<\/p>\n","protected":false},"author":102,"featured_media":15984,"comment_status":"closed","ping_status":"open","sticky":false,"template":"","format":"standard","meta":{"_acf_changed":false,"inline_featured_image":false,"footnotes":""},"categories":[25],"tags":[],"coauthors":[134],"class_list":{"0":"post-16165","1":"post","2":"type-post","3":"status-publish","4":"format-standard","5":"has-post-thumbnail","7":"category-odpowiedz-masz-we-krwi"},"acf":[],"yoast_head":"<!-- This site is optimized with the Yoast SEO plugin v27.5 - https:\/\/yoast.com\/product\/yoast-seo-wordpress\/ -->\n<title>Ceruloplazmina - co to jest i po co bada si\u0119 jej poziom? Marker diagnostyczny choroby Wilsona - Centrum Wiedzy ALAB laboratoria<\/title>\n<meta name=\"description\" content=\"Sprawd\u017a, na czym polega badanie ceruloplazminy, czy trzeba si\u0119 do niego specjalnie przygotowa\u0107 i jak interpretowa\u0107 wyniki.\" \/>\n<meta name=\"robots\" content=\"index, follow, max-snippet:-1, max-image-preview:large, max-video-preview:-1\" \/>\n<link rel=\"canonical\" href=\"https:\/\/www.alab.pl\/centrum-wiedzy\/ceruloplazmina-co-to-jest-i-po-co-bada-sie-jej-poziom\/\" \/>\n<meta property=\"og:locale\" content=\"pl_PL\" \/>\n<meta property=\"og:type\" content=\"article\" \/>\n<meta property=\"og:title\" content=\"Ceruloplazmina - co to jest i po co bada si\u0119 jej poziom? Marker diagnostyczny choroby Wilsona - Centrum Wiedzy ALAB laboratoria\" \/>\n<meta property=\"og:description\" content=\"Sprawd\u017a, na czym polega badanie ceruloplazminy, czy trzeba si\u0119 do niego specjalnie przygotowa\u0107 i jak interpretowa\u0107 wyniki.\" \/>\n<meta property=\"og:url\" content=\"https:\/\/www.alab.pl\/centrum-wiedzy\/ceruloplazmina-co-to-jest-i-po-co-bada-sie-jej-poziom\/\" \/>\n<meta property=\"og:site_name\" content=\"Centrum Wiedzy ALAB laboratoria\" \/>\n<meta property=\"article:publisher\" content=\"https:\/\/www.facebook.com\/ALABlaboratoria\" \/>\n<meta property=\"article:author\" content=\"https:\/\/www.facebook.com\/agatastrukow\/\" \/>\n<meta property=\"article:published_time\" content=\"2024-08-14T09:00:00+00:00\" \/>\n<meta property=\"og:image\" content=\"https:\/\/www.alab.pl\/centrum-wiedzy\/wp-content\/uploads\/2024\/07\/Ceruloplazmina_cover-jpg.webp\" \/>\n\t<meta property=\"og:image:width\" content=\"1925\" \/>\n\t<meta property=\"og:image:height\" content=\"1285\" \/>\n\t<meta property=\"og:image:type\" content=\"image\/webp\" \/>\n<meta name=\"author\" content=\"Agata Strukow\" \/>\n<meta name=\"twitter:card\" content=\"summary_large_image\" \/>\n<meta name=\"twitter:label1\" content=\"Napisane przez\" \/>\n\t<meta name=\"twitter:data1\" content=\"Agata Strukow\" \/>\n\t<meta name=\"twitter:label2\" content=\"Szacowany czas czytania\" \/>\n\t<meta name=\"twitter:data2\" content=\"7 minut\" \/>\n\t<meta name=\"twitter:label3\" content=\"Written by\" \/>\n\t<meta name=\"twitter:data3\" content=\"Agata Strukow\" \/>\n<!-- \/ Yoast SEO plugin. -->","yoast_head_json":{"title":"Ceruloplazmina - co to jest i po co bada si\u0119 jej poziom? Marker diagnostyczny choroby Wilsona - Centrum Wiedzy ALAB laboratoria","description":"Sprawd\u017a, na czym polega badanie ceruloplazminy, czy trzeba si\u0119 do niego specjalnie przygotowa\u0107 i jak interpretowa\u0107 wyniki.","robots":{"index":"index","follow":"follow","max-snippet":"max-snippet:-1","max-image-preview":"max-image-preview:large","max-video-preview":"max-video-preview:-1"},"canonical":"https:\/\/www.alab.pl\/centrum-wiedzy\/ceruloplazmina-co-to-jest-i-po-co-bada-sie-jej-poziom\/","og_locale":"pl_PL","og_type":"article","og_title":"Ceruloplazmina - co to jest i po co bada si\u0119 jej poziom? Marker diagnostyczny choroby Wilsona - Centrum Wiedzy ALAB laboratoria","og_description":"Sprawd\u017a, na czym polega badanie ceruloplazminy, czy trzeba si\u0119 do niego specjalnie przygotowa\u0107 i jak interpretowa\u0107 wyniki.","og_url":"https:\/\/www.alab.pl\/centrum-wiedzy\/ceruloplazmina-co-to-jest-i-po-co-bada-sie-jej-poziom\/","og_site_name":"Centrum Wiedzy ALAB laboratoria","article_publisher":"https:\/\/www.facebook.com\/ALABlaboratoria","article_author":"https:\/\/www.facebook.com\/agatastrukow\/","article_published_time":"2024-08-14T09:00:00+00:00","og_image":[{"width":1925,"height":1285,"url":"https:\/\/www.alab.pl\/centrum-wiedzy\/wp-content\/uploads\/2024\/07\/Ceruloplazmina_cover-jpg.webp","type":"image\/webp"}],"author":"Agata Strukow","twitter_card":"summary_large_image","twitter_misc":{"Napisane przez":"Agata Strukow","Szacowany czas czytania":"7 minut","Written by":"Agata Strukow"},"schema":{"@context":"https:\/\/schema.org","@graph":[{"@type":"Article","@id":"https:\/\/www.alab.pl\/centrum-wiedzy\/ceruloplazmina-co-to-jest-i-po-co-bada-sie-jej-poziom\/#article","isPartOf":{"@id":"https:\/\/www.alab.pl\/centrum-wiedzy\/ceruloplazmina-co-to-jest-i-po-co-bada-sie-jej-poziom\/"},"author":{"name":"Agata Strukow","@id":"https:\/\/www.alab.pl\/centrum-wiedzy\/#\/schema\/person\/4c4346aaa370a9ca773ee865bfbec588"},"headline":"Ceruloplazmina &#8211; co to jest i po co bada si\u0119 jej poziom? Marker diagnostyczny choroby Wilsona","datePublished":"2024-08-14T09:00:00+00:00","mainEntityOfPage":{"@id":"https:\/\/www.alab.pl\/centrum-wiedzy\/ceruloplazmina-co-to-jest-i-po-co-bada-sie-jej-poziom\/"},"wordCount":1228,"publisher":{"@id":"https:\/\/www.alab.pl\/centrum-wiedzy\/#organization"},"image":{"@id":"https:\/\/www.alab.pl\/centrum-wiedzy\/ceruloplazmina-co-to-jest-i-po-co-bada-sie-jej-poziom\/#primaryimage"},"thumbnailUrl":"https:\/\/www.alab.pl\/centrum-wiedzy\/wp-content\/uploads\/2024\/07\/Ceruloplazmina_cover-jpg.webp","articleSection":["Odpowied\u017a masz we krwi"],"inLanguage":"pl-PL"},{"@type":"WebPage","@id":"https:\/\/www.alab.pl\/centrum-wiedzy\/ceruloplazmina-co-to-jest-i-po-co-bada-sie-jej-poziom\/","url":"https:\/\/www.alab.pl\/centrum-wiedzy\/ceruloplazmina-co-to-jest-i-po-co-bada-sie-jej-poziom\/","name":"Ceruloplazmina - co to jest i po co bada si\u0119 jej poziom? Marker diagnostyczny choroby Wilsona - Centrum Wiedzy ALAB laboratoria","isPartOf":{"@id":"https:\/\/www.alab.pl\/centrum-wiedzy\/#website"},"primaryImageOfPage":{"@id":"https:\/\/www.alab.pl\/centrum-wiedzy\/ceruloplazmina-co-to-jest-i-po-co-bada-sie-jej-poziom\/#primaryimage"},"image":{"@id":"https:\/\/www.alab.pl\/centrum-wiedzy\/ceruloplazmina-co-to-jest-i-po-co-bada-sie-jej-poziom\/#primaryimage"},"thumbnailUrl":"https:\/\/www.alab.pl\/centrum-wiedzy\/wp-content\/uploads\/2024\/07\/Ceruloplazmina_cover-jpg.webp","datePublished":"2024-08-14T09:00:00+00:00","description":"Sprawd\u017a, na czym polega badanie ceruloplazminy, czy trzeba si\u0119 do niego specjalnie przygotowa\u0107 i jak interpretowa\u0107 wyniki.","breadcrumb":{"@id":"https:\/\/www.alab.pl\/centrum-wiedzy\/ceruloplazmina-co-to-jest-i-po-co-bada-sie-jej-poziom\/#breadcrumb"},"inLanguage":"pl-PL","potentialAction":[{"@type":"ReadAction","target":["https:\/\/www.alab.pl\/centrum-wiedzy\/ceruloplazmina-co-to-jest-i-po-co-bada-sie-jej-poziom\/"]}]},{"@type":"ImageObject","inLanguage":"pl-PL","@id":"https:\/\/www.alab.pl\/centrum-wiedzy\/ceruloplazmina-co-to-jest-i-po-co-bada-sie-jej-poziom\/#primaryimage","url":"https:\/\/www.alab.pl\/centrum-wiedzy\/wp-content\/uploads\/2024\/07\/Ceruloplazmina_cover-jpg.webp","contentUrl":"https:\/\/www.alab.pl\/centrum-wiedzy\/wp-content\/uploads\/2024\/07\/Ceruloplazmina_cover-jpg.webp","width":1925,"height":1285,"caption":"Ceruloplazmina_cover"},{"@type":"BreadcrumbList","@id":"https:\/\/www.alab.pl\/centrum-wiedzy\/ceruloplazmina-co-to-jest-i-po-co-bada-sie-jej-poziom\/#breadcrumb","itemListElement":[{"@type":"ListItem","position":1,"name":"Strona g\u0142\u00f3wna","item":"https:\/\/www.alab.pl\/centrum-wiedzy\/"},{"@type":"ListItem","position":2,"name":"Ceruloplazmina &#8211; co to jest i po co bada si\u0119 jej poziom? Marker diagnostyczny choroby Wilsona"}]},{"@type":"WebSite","@id":"https:\/\/www.alab.pl\/centrum-wiedzy\/#website","url":"https:\/\/www.alab.pl\/centrum-wiedzy\/","name":"Centrum Wiedzy ALAB laboratoria","description":"","publisher":{"@id":"https:\/\/www.alab.pl\/centrum-wiedzy\/#organization"},"potentialAction":[{"@type":"SearchAction","target":{"@type":"EntryPoint","urlTemplate":"https:\/\/www.alab.pl\/centrum-wiedzy\/?s={search_term_string}"},"query-input":{"@type":"PropertyValueSpecification","valueRequired":true,"valueName":"search_term_string"}}],"inLanguage":"pl-PL"},{"@type":"Organization","@id":"https:\/\/www.alab.pl\/centrum-wiedzy\/#organization","name":"Centrum Wiedzy ALAB laboratoria","url":"https:\/\/www.alab.pl\/centrum-wiedzy\/","logo":{"@type":"ImageObject","inLanguage":"pl-PL","@id":"https:\/\/www.alab.pl\/centrum-wiedzy\/#\/schema\/logo\/image\/","url":"https:\/\/www.alab.pl\/centrum-wiedzy\/wp-content\/uploads\/2022\/04\/alabek.jpg","contentUrl":"https:\/\/www.alab.pl\/centrum-wiedzy\/wp-content\/uploads\/2022\/04\/alabek.jpg","width":1250,"height":1251,"caption":"Centrum Wiedzy ALAB laboratoria"},"image":{"@id":"https:\/\/www.alab.pl\/centrum-wiedzy\/#\/schema\/logo\/image\/"},"sameAs":["https:\/\/www.facebook.com\/ALABlaboratoria"]},{"@type":"Person","@id":"https:\/\/www.alab.pl\/centrum-wiedzy\/#\/schema\/person\/4c4346aaa370a9ca773ee865bfbec588","name":"Agata Strukow","image":{"@type":"ImageObject","inLanguage":"pl-PL","@id":"https:\/\/www.alab.pl\/centrum-wiedzy\/wp-content\/uploads\/2022\/04\/Agata-Strukow-150x150.jpgcb933d2055e86ab33ade5d5259364a59","url":"https:\/\/www.alab.pl\/centrum-wiedzy\/wp-content\/uploads\/2022\/04\/Agata-Strukow-150x150.jpg","contentUrl":"https:\/\/www.alab.pl\/centrum-wiedzy\/wp-content\/uploads\/2022\/04\/Agata-Strukow-150x150.jpg","caption":"Agata Strukow"},"description":"Absolwentka Wydzia\u0142u Lekarskiego Pomorskiej Akademii Medycznej oraz studi\u00f3w podyplomowych Dietetyka w chorobach wewn\u0119trznych i metabolicznych Warszawskiego Uniwersytetu Medycznego i Psychologii biznesu dla mened\u017cer\u00f3w na Akademii Leona Ko\u017ami\u0144skiego. Nauczycielka jogi kundalini i jogi hormonalnej.","sameAs":["https:\/\/www.facebook.com\/agatastrukow\/","https:\/\/www.instagram.com\/strukowagata\/","https:\/\/pl.linkedin.com\/in\/agata-strukow-7b87205"],"url":"https:\/\/www.alab.pl\/centrum-wiedzy\/author\/agata\/"}]}},"_links":{"self":[{"href":"https:\/\/www.alab.pl\/centrum-wiedzy\/wp-json\/wp\/v2\/posts\/16165","targetHints":{"allow":["GET"]}}],"collection":[{"href":"https:\/\/www.alab.pl\/centrum-wiedzy\/wp-json\/wp\/v2\/posts"}],"about":[{"href":"https:\/\/www.alab.pl\/centrum-wiedzy\/wp-json\/wp\/v2\/types\/post"}],"author":[{"embeddable":true,"href":"https:\/\/www.alab.pl\/centrum-wiedzy\/wp-json\/wp\/v2\/users\/102"}],"replies":[{"embeddable":true,"href":"https:\/\/www.alab.pl\/centrum-wiedzy\/wp-json\/wp\/v2\/comments?post=16165"}],"version-history":[{"count":0,"href":"https:\/\/www.alab.pl\/centrum-wiedzy\/wp-json\/wp\/v2\/posts\/16165\/revisions"}],"wp:featuredmedia":[{"embeddable":true,"href":"https:\/\/www.alab.pl\/centrum-wiedzy\/wp-json\/wp\/v2\/media\/15984"}],"wp:attachment":[{"href":"https:\/\/www.alab.pl\/centrum-wiedzy\/wp-json\/wp\/v2\/media?parent=16165"}],"wp:term":[{"taxonomy":"category","embeddable":true,"href":"https:\/\/www.alab.pl\/centrum-wiedzy\/wp-json\/wp\/v2\/categories?post=16165"},{"taxonomy":"post_tag","embeddable":true,"href":"https:\/\/www.alab.pl\/centrum-wiedzy\/wp-json\/wp\/v2\/tags?post=16165"},{"taxonomy":"author","embeddable":true,"href":"https:\/\/www.alab.pl\/centrum-wiedzy\/wp-json\/wp\/v2\/coauthors?post=16165"}],"curies":[{"name":"wp","href":"https:\/\/api.w.org\/{rel}","templated":true}]}}