{"id":16220,"date":"2024-08-19T08:00:00","date_gmt":"2024-08-19T06:00:00","guid":{"rendered":"https:\/\/sklep.alablaboratoria.pl\/centrum-wiedzy\/?p=16220"},"modified":"2024-08-19T08:00:00","modified_gmt":"2024-08-19T06:00:00","slug":"amylaza-co-oznacza-niski-i-wysoki-poziom-wartosci-referencyjne","status":"publish","type":"post","link":"https:\/\/www.alab.pl\/centrum-wiedzy\/amylaza-co-oznacza-niski-i-wysoki-poziom-wartosci-referencyjne\/","title":{"rendered":"Amylaza &#8211; co oznacza niski i wysoki poziom? Warto\u015bci referencyjne"},"content":{"rendered":"\n<p><strong>Amylaza to enzym, odpowiedzialny za trawienie w\u0119glowodan\u00f3w. Ocena aktywno\u015bci amylazy wykorzystywana jest w diagnostyce niekt\u00f3rych schorze\u0144 internistycznych. W przebiegu kt\u00f3rych chor\u00f3b obserwuje si\u0119 wzrost aktywno\u015bci amylazy? Czy obni\u017cenie poziomu tego enzymu mo\u017ce \u015bwiadczy\u0107 o powa\u017cnej chorobie? Na te i inne pytania odpowiedzi znajdziemy w poni\u017cszym artykule.<\/strong><\/p>\n\n\n\n<p>Spis tre\u015bci:<\/p>\n\n\n\n<ol class=\"wp-block-list\">\n<li><a href=\"#Co-to-jest-amylaza-i-za-co-odpowiada?\">Co to jest amylaza i za co odpowiada?<\/a><\/li>\n\n\n\n<li><a href=\"#Kiedy-i-w-jakim-celu-bada-si\u0119-poziom-amylazy?\">Kiedy i w jakim celu bada si\u0119 poziom amylazy?<\/a><\/li>\n\n\n\n<li><a href=\"#Amylaza-\u2013-norma-u-doros\u0142ego-cz\u0142owieka\">Amylaza \u2013 norma u doros\u0142ego cz\u0142owieka<\/a><\/li>\n\n\n\n<li><a href=\"#Podwy\u017cszona-amylaza-\u2013-przyczyny-i-leczenie-\">Podwy\u017cszona amylaza \u2013 przyczyny i leczenie <\/a><\/li>\n\n\n\n<li><a href=\"#Aktywno\u015b\u0107-lipazy-trzustkowej,-a-aktywno\u015b\u0107-amylazy\">Aktywno\u015b\u0107 lipazy trzustkowej, a aktywno\u015b\u0107 amylazy<\/a><\/li>\n\n\n\n<li><a href=\"#Zbyt-niski-poziom-amylazy-\u2013-przyczyny-i-leczenie\">Zbyt niski poziom amylazy \u2013 przyczyny i leczenie<\/a><\/li>\n\n\n\n<li><a href=\"#Badanie-poziomu-amylazy-a-przyjmowane-leki.-Co-wp\u0142ywa-na-wynik-badania?\">Badanie poziomu amylazy a przyjmowane leki. Co wp\u0142ywa na wynik badania?<\/a><\/li>\n<\/ol>\n\n\n\n<h2 class=\"wp-block-heading\" id=\"Co-to-jest-amylaza-i-za-co-odpowiada?\">Co to jest amylaza i za co odpowiada?<\/h2>\n\n\n\n<p><strong>Amylaza to enzym trawienny zaliczany do grupy enzym\u00f3w hydrolitycznych<\/strong>. Enzymy te katalizuj\u0105 reakcje hydrolizy, a wi\u0119c rozk\u0142adu wi\u0105za\u0144 chemicznych przy wykorzystaniu cz\u0105steczki wody.&nbsp; W organizmie cz\u0142owieka <strong>amylaza produkowana jest przede wszystkim przez trzustk\u0119 oraz gruczo\u0142y \u015blinowe<\/strong>. Enzym ten znajduje si\u0119 zar\u00f3wno w \u015blinie, jak i w soku trzustkowym. Amylaza \u015blinowa nazywana jest r\u00f3wnie\u017c ptalin\u0105. <strong>Enzym ten odpowiedzialny jest za rozk\u0142ad cukr\u00f3w z\u0142o\u017conych, takich jak skrobia i glikogen do mniejszych fragment\u00f3w nazywane oligosacharydami<\/strong>.<\/p>\n\n\n\n<p>Za dalsze trawienie w\u0119glowodan\u00f3w odpowiada amylaza produkowan\u0105 w kom\u00f3rkach trzustki, a wi\u0119c <strong>amylaza trzustkowa<\/strong>. Dzia\u0142anie amylazy trzustkowej prowadzi do powstawania kr\u00f3tszych fragment\u00f3w cukrowych, kt\u00f3re nazywane s\u0105 tri- i disacharydami. Warto doda\u0107, \u017ce aktywno\u015b\u0107 amylazy trzustkowej jest uzale\u017cniona jest od jon\u00f3w wapnia.<\/p>\n\n\n\n<figure class=\"wp-block-image size-full\"><a href=\"https:\/\/www.alab.pl\/pakiet\/pakiet-trzustkowy\"><img loading=\"lazy\" decoding=\"async\" width=\"800\" height=\"200\" src=\"https:\/\/www.alab.pl\/centrum-wiedzy\/wp-content\/uploads\/2023\/11\/pakiet-trzustkowy-podstawowy-baner-jpg.webp\" alt=\"pakiet trzustkowy podstawowy\" class=\"wp-image-9884\" srcset=\"https:\/\/www.alab.pl\/centrum-wiedzy\/wp-content\/uploads\/2023\/11\/pakiet-trzustkowy-podstawowy-baner-jpg.webp 800w, https:\/\/www.alab.pl\/centrum-wiedzy\/wp-content\/uploads\/2023\/11\/pakiet-trzustkowy-podstawowy-baner-jpg-768x192.webp 768w, https:\/\/www.alab.pl\/centrum-wiedzy\/wp-content\/uploads\/2023\/11\/pakiet-trzustkowy-podstawowy-baner-jpg-150x38.webp 150w, https:\/\/www.alab.pl\/centrum-wiedzy\/wp-content\/uploads\/2023\/11\/pakiet-trzustkowy-podstawowy-baner-jpg-300x75.webp 300w, https:\/\/www.alab.pl\/centrum-wiedzy\/wp-content\/uploads\/2023\/11\/pakiet-trzustkowy-podstawowy-baner-jpg-696x174.webp 696w\" sizes=\"auto, (max-width: 800px) 100vw, 800px\" \/><\/a><\/figure>\n\n\n\n<h2 class=\"wp-block-heading\" id=\"Kiedy-i-w-jakim-celu-bada-si\u0119-poziom-amylazy?\">Kiedy i w jakim celu bada si\u0119 poziom amylazy?<\/h2>\n\n\n\n<p><strong>Wskazaniem do oznaczenia aktywno\u015bci amylazy jest podejrzenie schorze\u0144 dotycz\u0105cych trzustki<\/strong>, przewodu pokarmowego i \u015blinianek. Do oznaczenia tego enzymu powinny szczeg\u00f3lnie sk\u0142oni\u0107 taki objawy kliniczne jak:<\/p>\n\n\n\n<ul class=\"wp-block-list\">\n<li>silny b\u00f3l w nadbrzuszu,<\/li>\n\n\n\n<li>nudno\u015bci, wymioty,<\/li>\n\n\n\n<li>gor\u0105czka,<\/li>\n\n\n\n<li>zatrzymanie gaz\u00f3w i stolca.<\/li>\n<\/ul>\n\n\n\n<figure class=\"wp-block-image size-full\"><a href=\"https:\/\/www.alab.pl\/badanie\/amylaza-w-surowicy-i25\"><img loading=\"lazy\" decoding=\"async\" width=\"800\" height=\"200\" src=\"https:\/\/www.alab.pl\/centrum-wiedzy\/wp-content\/uploads\/2024\/08\/Badanie-amylazy-jpg.webp\" alt=\"Badanie amylazy\" class=\"wp-image-15993\" srcset=\"https:\/\/www.alab.pl\/centrum-wiedzy\/wp-content\/uploads\/2024\/08\/Badanie-amylazy-jpg.webp 800w, https:\/\/www.alab.pl\/centrum-wiedzy\/wp-content\/uploads\/2024\/08\/Badanie-amylazy-jpg-768x192.webp 768w, https:\/\/www.alab.pl\/centrum-wiedzy\/wp-content\/uploads\/2024\/08\/Badanie-amylazy-jpg-150x38.webp 150w, https:\/\/www.alab.pl\/centrum-wiedzy\/wp-content\/uploads\/2024\/08\/Badanie-amylazy-jpg-300x75.webp 300w, https:\/\/www.alab.pl\/centrum-wiedzy\/wp-content\/uploads\/2024\/08\/Badanie-amylazy-jpg-696x174.webp 696w\" sizes=\"auto, (max-width: 800px) 100vw, 800px\" \/><\/a><\/figure>\n\n\n\n<p>Objawy te mog\u0105 \u015bwiadczy\u0107 o rozwijaj\u0105cej si\u0119 patologii w obr\u0119bie przewodu pokarmowego, w tym ostrego zapalenia trzustki lub niedro\u017cno\u015bci przewodu pokarmowego. Je\u017celi u pacjenta wyst\u0119puj\u0105 wy\u017cej wymienione objawy, to w\u00f3wczas konieczny jest pilny kontakt z lekarzem.<\/p>\n\n\n\n<p><strong>&gt;&gt; Przeczytaj tak\u017ce: <a href=\"https:\/\/www.alab.pl\/centrum-wiedzy\/bol-trzustki-jakie-moga-byc-przyczyny-gdzie-lokalizuje-sie-bol-jak-postepowac\/\" target=\"_blank\" rel=\"noreferrer noopener\">B\u00f3l trzustki \u2013 jakie mog\u0105 by\u0107 przyczyny, gdzie lokalizuje si\u0119 b\u00f3l, jak post\u0119powa\u0107?<\/a><\/strong><\/p>\n\n\n\n<h2 class=\"wp-block-heading\" id=\"Amylaza-\u2013-norma-u-doros\u0142ego-cz\u0142owieka\">Amylaza \u2013 norma u doros\u0142ego cz\u0142owieka<\/h2>\n\n\n\n<p>Warto\u015bci referencyjne aktywno\u015bci amylazy w surowicy s\u0105 zale\u017cne od metody, kt\u00f3r\u0105 wykorzystano do oznaczenia. Badanie wykonuje si\u0119 z pr\u00f3bki krwi \u017cylnej. Samo badanie nie wymaga specjalnego przygotowania. Przed badaniem powinno si\u0119 pozosta\u0107 na czczo. W dzie\u0144 poprzedzaj\u0105cy badanie kolacj\u0119 powinno si\u0119 przyj\u0105\u0107 do godziny 18:00. Przed pobraniem pr\u00f3bki krwi nie powinno si\u0119 wykonywa\u0107 intensywnych \u0107wicze\u0144 fizycznych.<\/p>\n\n\n\n<h2 class=\"wp-block-heading\" id=\"Podwy\u017cszona-amylaza-\u2013-przyczyny-i-leczenie-\">Podwy\u017cszona amylaza \u2013 przyczyny i leczenie <\/h2>\n\n\n\n<p>W jakich stanach klinicznych obserwuje si\u0119 podwy\u017cszon\u0105 aktywno\u015bci\u0105 amylazy? Nale\u017cy tutaj wymieni\u0107 takie sytuacje jak:<\/p>\n\n\n\n<ul class=\"wp-block-list\">\n<li>ostre zapalenie trzustki,<\/li>\n\n\n\n<li><a href=\"https:\/\/www.alab.pl\/centrum-wiedzy\/przewlekle-zapalenie-trzustki-pzt\/\" target=\"_blank\" rel=\"noreferrer noopener\">przewlek\u0142e zapalenie trzustki<\/a>,<\/li>\n\n\n\n<li>niekt\u00f3re nowotwory trzustki,<\/li>\n\n\n\n<li>torbiele zapalne trzustki,<\/li>\n\n\n\n<li>dysfunkcje dotycz\u0105ce zwieracza Oddiego,<\/li>\n\n\n\n<li>perforacja wrzodu dwunastnicy,<\/li>\n\n\n\n<li>choroby dotycz\u0105ce \u015blinianek, w tym zapalenie \u015blinianek,<\/li>\n\n\n\n<li>niedro\u017cno\u015b\u0107 przewodu pokarmowego,<\/li>\n\n\n\n<li>zapalenie p\u0119cherzyka \u017c\u00f3\u0142ciowego,<\/li>\n\n\n\n<li><a href=\"https:\/\/www.alab.pl\/centrum-wiedzy\/przewlekla-choroba-nerek-objawy-przyczyny-powiklania-diagnostyka\/\" target=\"_blank\" rel=\"noreferrer noopener\">przewlek\u0142a choroba nerek<\/a>,<\/li>\n\n\n\n<li>schorzenia w\u0105troby,<\/li>\n\n\n\n<li>nadu\u017cywanie alkoholu,<\/li>\n\n\n\n<li>nowotwory z\u0142o\u015bliwe, w tym mi\u0119dzy innymi rak p\u0142uca, rak tarczycy, rak jelita grubego i gruczo\u0142u krokowego,<\/li>\n\n\n\n<li>choroba trzewna,<\/li>\n\n\n\n<li>cukrzycowa kwasica ketonowa,<\/li>\n\n\n\n<li>niekt\u00f3re ch\u0142oniaki.<\/li>\n<\/ul>\n\n\n\n<h2 class=\"wp-block-heading\" id=\"Aktywno\u015b\u0107-lipazy-trzustkowej,-a-aktywno\u015b\u0107-amylazy\">Aktywno\u015b\u0107 lipazy trzustkowej, a aktywno\u015b\u0107 amylazy<\/h2>\n\n\n\n<p>W przypadku ostrego zapalenia trzustki, wraz z ocen\u0105 aktywno\u015bci amylazy, wykonuje si\u0119 r\u00f3wnie\u017c badanie aktywno\u015bci lipazy w surowicy. Lipaza to enzym, kt\u00f3ry r\u00f3wnie\u017c produkowany jest przez trzustk\u0119, ale nie przez \u015blinianki, co sprawia, \u017ce badanie to ma wi\u0119ksz\u0105 czu\u0142o\u015b\u0107 i swoisto\u015b\u0107 w rozpoznawaniu ostrego zapalenia trzustki. Co wi\u0119cej, aktywno\u015b\u0107 amylazy mo\u017ce wr\u00f3ci\u0107 do normy ju\u017c po 48-72 godzinach mimo trwania choroby. Dla ostrego zapalenia trzustki charakterystyczny jest ponad trzykrotny wzrost st\u0119\u017cenia enzym\u00f3w trzustkowych (lipaza, amylaza), w odniesieniu do warto\u015bci referencyjnych.<\/p>\n\n\n\n<p>W medycynie wykorzystuje si\u0119 r\u00f3wnie\u017c analiz\u0119 stosunku aktywno\u015bci lipazy i amylazy. Zauwa\u017cono bowiem, \u017ce <strong>zapalenie trzustki wywo\u0142ane kamic\u0105 \u017c\u00f3\u0142ciow\u0105 cz\u0119sto charakteryzuje si\u0119 wi\u0119kszym wzrostem aktywno\u015bci amylazy ni\u017c lipazy<\/strong>. Z kolei <strong>ostre zapalenie trzustki wywo\u0142ane nadu\u017cywaniem alkoholu zazwyczaj powoduje wi\u0119ksze podwy\u017cszenie poziomu lipazy ni\u017c amylazy<\/strong>. Szacuje si\u0119, \u017ce stosunek aktywno\u015bci lipazy i amylazy, przekraczaj\u0105cy 5 wykazuje 31-procentow\u0105 czu\u0142o\u015b\u0107 i prawie 100-procentow\u0105 swoisto\u015b\u0107 w potwierdzeniu alkoholowego zapalenia trzustki.<\/p>\n\n\n\n<p><strong>Leczenie podwy\u017cszonej aktywno\u015bci amylazy wymaga zidentyfikowania przyczyny takiego stanu.<\/strong> Konieczne jest wi\u0119c leczenie choroby podstawowej. Wynik oznaczenia aktywno\u015bci amylazy wymaga skonsultowania si\u0119 z lekarzem, kt\u00f3ry zleca\u0142 badanie.<\/p>\n\n\n\n<p><strong>&gt;&gt; Przeczytaj te\u017c: <a href=\"https:\/\/www.alab.pl\/centrum-wiedzy\/lipaza-co-to-jest-podwyzszona-niska-lipaza-trzustkowa-o-czym-swiadczy\/\" target=\"_blank\" rel=\"noreferrer noopener\">Lipaza \u2013 co to jest? Podwy\u017cszona, niska lipaza trzustkowa \u2013 o czym \u015bwiadczy?<\/a><\/strong><\/p>\n\n\n\n<h2 class=\"wp-block-heading\" id=\"Zbyt-niski-poziom-amylazy-\u2013-przyczyny-i-leczenie\">Zbyt niski poziom amylazy \u2013 przyczyny i leczenie<\/h2>\n\n\n\n<p>Obni\u017cenie aktywno\u015bci amylazy w surowicymo\u017cna zaobserwowa\u0107 w przebiegu niekt\u00f3rych nowotwor\u00f3w trzustki, w tym:<\/p>\n\n\n\n<ul class=\"wp-block-list\">\n<li>\u015bluzowych nowotwor\u00f3w torbielowatych,<\/li>\n\n\n\n<li>surowiczych nowotwor\u00f3w torbielowatych.<\/li>\n<\/ul>\n\n\n\n<p>Obni\u017cenie aktywno\u015bci amylazy wymaga konsultacji internistycznej, dok\u0142adnego badania przedmiotowego oraz w zale\u017cno\u015bci od informacji klinicznych &#8211; dalszego poszerzenia diagnostyki.<\/p>\n\n\n\n<h2 class=\"wp-block-heading\" id=\"Badanie-poziomu-amylazy-a-przyjmowane-leki.-Co-wp\u0142ywa-na-wynik-badania?\">Badanie poziomu amylazy a przyjmowane leki. Co wp\u0142ywa na wynik badania?<\/h2>\n\n\n\n<p>Warto poinformowa\u0107 lekarza o wszystkich lekach, jakie pacjent przyjmuje na sta\u0142e, poniewa\u017c niekt\u00f3re z nich mog\u0105 mie\u0107 wp\u0142yw na wyniki oznaczenia amylazy. Do substancji tych nale\u017cy przede wszystkim:<\/p>\n\n\n\n<ul class=\"wp-block-list\">\n<li>kwas acetylosalicylowy,<\/li>\n\n\n\n<li>morfina,<\/li>\n\n\n\n<li>leki antyretrowirusowe,<\/li>\n\n\n\n<li>antykoncepcja hormonalna zawieraj\u0105ca estrogeny.<\/li>\n<\/ul>\n\n\n\n<p>Na wynik badania aktywno\u015bci amylazy wp\u0142ywa r\u00f3wnie\u017c spo\u017cywanie alkoholu, dlatego przynajmniej na dzie\u0144 przed wykonaniem oznaczenia powinno si\u0119 zrezygnowa\u0107 z jego przyjmowania.<\/p>\n\n\n\n<p>Amylaza to enzym produkowany przez kom\u00f3rki trzustki oraz gruczo\u0142\u00f3w \u015blinowych. Oznaczenie tego enzymu jest wykorzystywane w diagnostyce internistycznej, a przede wszystkim w diagnozowaniu schorze\u0144 trzustki i \u015blinianek. Wynik oznaczenia amylazy powinien by\u0107 interpretowany przez lekarza i skorelowany z ocen\u0105 obrazu klinicznego.<\/p>\n\n\n\n<hr class=\"wp-block-separator has-alpha-channel-opacity\"\/>\n\n\n\n<p><strong>Bibliografia<\/strong><\/p>\n\n\n\n<ol class=\"wp-block-list\" type=\"1\" start=\"1\">\n<li>A. Szczeklik, Piotr Gajewski, Interna Szczeklika, Wydawnictwo Medycyna Praktyczna, Krak\u00f3w 2020\/2021,<\/li>\n\n\n\n<li>T. Antczak i inni, Lipazy: \u017ar\u00f3d\u0142a, struktura i w\u0142a\u015bciwo\u015bci katalityczne, Biotechnologia, 2 (57) 130-145, 2002,<\/li>\n\n\n\n<li>A. Rogowska, Ostre zapalenie trzustki, Post\u0119py Nauk Medycznych, t. XXVII, nr 1, 2014,<\/li>\n\n\n\n<li>A. Dembi\u0144ska-Kie\u0107 i inni, Diagnostyka laboratoryjna z elementami biochemii klinicznej, Urban &amp; Partner, Wroc\u0142aw 2005 (dodruk), s. 654\u2013659,<\/li>\n\n\n\n<li>E. Ba\u0144kowski, Biochemia podr\u0119cznik dla student\u00f3w uczelni medycznych. Wroc\u0142aw: Elsevir Urban &amp; Partner, 2010,<\/li>\n\n\n\n<li>Hamdan i inni, In vitro alpha amylase inhibitory effect of some clinically-used drugs. Pharmazie. 2004 Oct;59(10):799-801.<\/li>\n<\/ol>\n","protected":false},"excerpt":{"rendered":"<p>Amylaza to enzym, odpowiedzialny za trawienie w\u0119glowodan\u00f3w. Ocen\u0119 aktywno\u015bci amylazy wykorzystuje si\u0119 w diagnostyce niekt\u00f3rych schorze\u0144 internistycznych. <\/p>\n","protected":false},"author":165,"featured_media":16223,"comment_status":"closed","ping_status":"open","sticky":false,"template":"","format":"standard","meta":{"_acf_changed":false,"inline_featured_image":false,"footnotes":""},"categories":[18,28],"tags":[],"coauthors":[176],"class_list":{"0":"post-16220","1":"post","2":"type-post","3":"status-publish","4":"format-standard","5":"has-post-thumbnail","7":"category-dysbioza-choroby-przewodu-pokarmowego","8":"category-warto-wiedziec"},"acf":[],"yoast_head":"<!-- This site is optimized with the Yoast SEO plugin v27.5 - https:\/\/yoast.com\/product\/yoast-seo-wordpress\/ -->\n<title>Amylaza - co oznacza niski i wysoki poziom? Warto\u015bci referencyjne - Centrum Wiedzy ALAB laboratoria<\/title>\n<meta name=\"description\" content=\"Amylaza to enzym, kt\u00f3ry jest odpowiedzialny za trawienie w\u0119glowodan\u00f3w. Dowiedz si\u0119 wi\u0119cej na temat tego enzymu.\" \/>\n<meta name=\"robots\" content=\"index, follow, max-snippet:-1, max-image-preview:large, max-video-preview:-1\" \/>\n<link rel=\"canonical\" href=\"https:\/\/www.alab.pl\/centrum-wiedzy\/amylaza-co-oznacza-niski-i-wysoki-poziom-wartosci-referencyjne\/\" \/>\n<meta property=\"og:locale\" content=\"pl_PL\" \/>\n<meta property=\"og:type\" content=\"article\" \/>\n<meta property=\"og:title\" content=\"Amylaza - co oznacza niski i wysoki poziom? Warto\u015bci referencyjne - Centrum Wiedzy ALAB laboratoria\" \/>\n<meta property=\"og:description\" content=\"Amylaza to enzym, kt\u00f3ry jest odpowiedzialny za trawienie w\u0119glowodan\u00f3w. Dowiedz si\u0119 wi\u0119cej na temat tego enzymu.\" \/>\n<meta property=\"og:url\" content=\"https:\/\/www.alab.pl\/centrum-wiedzy\/amylaza-co-oznacza-niski-i-wysoki-poziom-wartosci-referencyjne\/\" \/>\n<meta property=\"og:site_name\" content=\"Centrum Wiedzy ALAB laboratoria\" \/>\n<meta property=\"article:publisher\" content=\"https:\/\/www.facebook.com\/ALABlaboratoria\" \/>\n<meta property=\"article:published_time\" content=\"2024-08-19T06:00:00+00:00\" \/>\n<meta property=\"og:image\" content=\"https:\/\/www.alab.pl\/centrum-wiedzy\/wp-content\/uploads\/2024\/08\/amylaza-jpg.webp\" \/>\n\t<meta property=\"og:image:width\" content=\"2100\" \/>\n\t<meta property=\"og:image:height\" content=\"1400\" \/>\n\t<meta property=\"og:image:type\" content=\"image\/webp\" \/>\n<meta name=\"author\" content=\"Katarzyna Banaszczyk\" \/>\n<meta name=\"twitter:card\" content=\"summary_large_image\" \/>\n<meta name=\"twitter:label1\" content=\"Napisane przez\" \/>\n\t<meta name=\"twitter:data1\" content=\"Katarzyna Banaszczyk\" \/>\n\t<meta name=\"twitter:label2\" content=\"Szacowany czas czytania\" \/>\n\t<meta name=\"twitter:data2\" content=\"6 minut\" \/>\n\t<meta name=\"twitter:label3\" content=\"Written by\" \/>\n\t<meta name=\"twitter:data3\" content=\"Katarzyna Banaszczyk\" \/>\n<!-- \/ Yoast SEO plugin. -->","yoast_head_json":{"title":"Amylaza - co oznacza niski i wysoki poziom? Warto\u015bci referencyjne - Centrum Wiedzy ALAB laboratoria","description":"Amylaza to enzym, kt\u00f3ry jest odpowiedzialny za trawienie w\u0119glowodan\u00f3w. Dowiedz si\u0119 wi\u0119cej na temat tego enzymu.","robots":{"index":"index","follow":"follow","max-snippet":"max-snippet:-1","max-image-preview":"max-image-preview:large","max-video-preview":"max-video-preview:-1"},"canonical":"https:\/\/www.alab.pl\/centrum-wiedzy\/amylaza-co-oznacza-niski-i-wysoki-poziom-wartosci-referencyjne\/","og_locale":"pl_PL","og_type":"article","og_title":"Amylaza - co oznacza niski i wysoki poziom? Warto\u015bci referencyjne - Centrum Wiedzy ALAB laboratoria","og_description":"Amylaza to enzym, kt\u00f3ry jest odpowiedzialny za trawienie w\u0119glowodan\u00f3w. Dowiedz si\u0119 wi\u0119cej na temat tego enzymu.","og_url":"https:\/\/www.alab.pl\/centrum-wiedzy\/amylaza-co-oznacza-niski-i-wysoki-poziom-wartosci-referencyjne\/","og_site_name":"Centrum Wiedzy ALAB laboratoria","article_publisher":"https:\/\/www.facebook.com\/ALABlaboratoria","article_published_time":"2024-08-19T06:00:00+00:00","og_image":[{"width":2100,"height":1400,"url":"https:\/\/www.alab.pl\/centrum-wiedzy\/wp-content\/uploads\/2024\/08\/amylaza-jpg.webp","type":"image\/webp"}],"author":"Katarzyna Banaszczyk","twitter_card":"summary_large_image","twitter_misc":{"Napisane przez":"Katarzyna Banaszczyk","Szacowany czas czytania":"6 minut","Written by":"Katarzyna Banaszczyk"},"schema":{"@context":"https:\/\/schema.org","@graph":[{"@type":"Article","@id":"https:\/\/www.alab.pl\/centrum-wiedzy\/amylaza-co-oznacza-niski-i-wysoki-poziom-wartosci-referencyjne\/#article","isPartOf":{"@id":"https:\/\/www.alab.pl\/centrum-wiedzy\/amylaza-co-oznacza-niski-i-wysoki-poziom-wartosci-referencyjne\/"},"author":{"name":"Katarzyna Banaszczyk","@id":"https:\/\/www.alab.pl\/centrum-wiedzy\/#\/schema\/person\/308fb46be1959418e2e115e61c335941"},"headline":"Amylaza &#8211; co oznacza niski i wysoki poziom? Warto\u015bci referencyjne","datePublished":"2024-08-19T06:00:00+00:00","mainEntityOfPage":{"@id":"https:\/\/www.alab.pl\/centrum-wiedzy\/amylaza-co-oznacza-niski-i-wysoki-poziom-wartosci-referencyjne\/"},"wordCount":1058,"publisher":{"@id":"https:\/\/www.alab.pl\/centrum-wiedzy\/#organization"},"image":{"@id":"https:\/\/www.alab.pl\/centrum-wiedzy\/amylaza-co-oznacza-niski-i-wysoki-poziom-wartosci-referencyjne\/#primaryimage"},"thumbnailUrl":"https:\/\/www.alab.pl\/centrum-wiedzy\/wp-content\/uploads\/2024\/08\/amylaza-jpg.webp","articleSection":["Dysbioza, choroby przewodu pokarmowego","Warto wiedzie\u0107"],"inLanguage":"pl-PL"},{"@type":"WebPage","@id":"https:\/\/www.alab.pl\/centrum-wiedzy\/amylaza-co-oznacza-niski-i-wysoki-poziom-wartosci-referencyjne\/","url":"https:\/\/www.alab.pl\/centrum-wiedzy\/amylaza-co-oznacza-niski-i-wysoki-poziom-wartosci-referencyjne\/","name":"Amylaza - co oznacza niski i wysoki poziom? Warto\u015bci referencyjne - Centrum Wiedzy ALAB laboratoria","isPartOf":{"@id":"https:\/\/www.alab.pl\/centrum-wiedzy\/#website"},"primaryImageOfPage":{"@id":"https:\/\/www.alab.pl\/centrum-wiedzy\/amylaza-co-oznacza-niski-i-wysoki-poziom-wartosci-referencyjne\/#primaryimage"},"image":{"@id":"https:\/\/www.alab.pl\/centrum-wiedzy\/amylaza-co-oznacza-niski-i-wysoki-poziom-wartosci-referencyjne\/#primaryimage"},"thumbnailUrl":"https:\/\/www.alab.pl\/centrum-wiedzy\/wp-content\/uploads\/2024\/08\/amylaza-jpg.webp","datePublished":"2024-08-19T06:00:00+00:00","description":"Amylaza to enzym, kt\u00f3ry jest odpowiedzialny za trawienie w\u0119glowodan\u00f3w. Dowiedz si\u0119 wi\u0119cej na temat tego enzymu.","breadcrumb":{"@id":"https:\/\/www.alab.pl\/centrum-wiedzy\/amylaza-co-oznacza-niski-i-wysoki-poziom-wartosci-referencyjne\/#breadcrumb"},"inLanguage":"pl-PL","potentialAction":[{"@type":"ReadAction","target":["https:\/\/www.alab.pl\/centrum-wiedzy\/amylaza-co-oznacza-niski-i-wysoki-poziom-wartosci-referencyjne\/"]}]},{"@type":"ImageObject","inLanguage":"pl-PL","@id":"https:\/\/www.alab.pl\/centrum-wiedzy\/amylaza-co-oznacza-niski-i-wysoki-poziom-wartosci-referencyjne\/#primaryimage","url":"https:\/\/www.alab.pl\/centrum-wiedzy\/wp-content\/uploads\/2024\/08\/amylaza-jpg.webp","contentUrl":"https:\/\/www.alab.pl\/centrum-wiedzy\/wp-content\/uploads\/2024\/08\/amylaza-jpg.webp","width":2100,"height":1400,"caption":"amylaza"},{"@type":"BreadcrumbList","@id":"https:\/\/www.alab.pl\/centrum-wiedzy\/amylaza-co-oznacza-niski-i-wysoki-poziom-wartosci-referencyjne\/#breadcrumb","itemListElement":[{"@type":"ListItem","position":1,"name":"Strona g\u0142\u00f3wna","item":"https:\/\/www.alab.pl\/centrum-wiedzy\/"},{"@type":"ListItem","position":2,"name":"Amylaza &#8211; co oznacza niski i wysoki poziom? Warto\u015bci referencyjne"}]},{"@type":"WebSite","@id":"https:\/\/www.alab.pl\/centrum-wiedzy\/#website","url":"https:\/\/www.alab.pl\/centrum-wiedzy\/","name":"Centrum Wiedzy ALAB laboratoria","description":"","publisher":{"@id":"https:\/\/www.alab.pl\/centrum-wiedzy\/#organization"},"potentialAction":[{"@type":"SearchAction","target":{"@type":"EntryPoint","urlTemplate":"https:\/\/www.alab.pl\/centrum-wiedzy\/?s={search_term_string}"},"query-input":{"@type":"PropertyValueSpecification","valueRequired":true,"valueName":"search_term_string"}}],"inLanguage":"pl-PL"},{"@type":"Organization","@id":"https:\/\/www.alab.pl\/centrum-wiedzy\/#organization","name":"Centrum Wiedzy ALAB laboratoria","url":"https:\/\/www.alab.pl\/centrum-wiedzy\/","logo":{"@type":"ImageObject","inLanguage":"pl-PL","@id":"https:\/\/www.alab.pl\/centrum-wiedzy\/#\/schema\/logo\/image\/","url":"https:\/\/www.alab.pl\/centrum-wiedzy\/wp-content\/uploads\/2022\/04\/alabek.jpg","contentUrl":"https:\/\/www.alab.pl\/centrum-wiedzy\/wp-content\/uploads\/2022\/04\/alabek.jpg","width":1250,"height":1251,"caption":"Centrum Wiedzy ALAB laboratoria"},"image":{"@id":"https:\/\/www.alab.pl\/centrum-wiedzy\/#\/schema\/logo\/image\/"},"sameAs":["https:\/\/www.facebook.com\/ALABlaboratoria"]},{"@type":"Person","@id":"https:\/\/www.alab.pl\/centrum-wiedzy\/#\/schema\/person\/308fb46be1959418e2e115e61c335941","name":"Katarzyna Banaszczyk","image":{"@type":"ImageObject","inLanguage":"pl-PL","@id":"https:\/\/www.alab.pl\/centrum-wiedzy\/wp-content\/uploads\/2024\/12\/Katarzyna-Banaszczyk-150x150.jpgdd037207674aeb9b7e97c9616a0cf536","url":"https:\/\/www.alab.pl\/centrum-wiedzy\/wp-content\/uploads\/2024\/12\/Katarzyna-Banaszczyk-150x150.jpg","contentUrl":"https:\/\/www.alab.pl\/centrum-wiedzy\/wp-content\/uploads\/2024\/12\/Katarzyna-Banaszczyk-150x150.jpg","caption":"Katarzyna Banaszczyk"},"description":"Lekarka w trakcie specjalizacji z dermatologii i wenerologii. Absolwentka Collegium Medicum UMK im. Ludwika Rydygiera w Bydgoszczy. Wyk\u0142adowca akademicki Collegium Medicum im. W\u0142adys\u0142awa Biega\u0144skiego w Cz\u0119stochowie.","url":"https:\/\/www.alab.pl\/centrum-wiedzy\/author\/katarzyna-banaszczyk\/"}]}},"_links":{"self":[{"href":"https:\/\/www.alab.pl\/centrum-wiedzy\/wp-json\/wp\/v2\/posts\/16220","targetHints":{"allow":["GET"]}}],"collection":[{"href":"https:\/\/www.alab.pl\/centrum-wiedzy\/wp-json\/wp\/v2\/posts"}],"about":[{"href":"https:\/\/www.alab.pl\/centrum-wiedzy\/wp-json\/wp\/v2\/types\/post"}],"author":[{"embeddable":true,"href":"https:\/\/www.alab.pl\/centrum-wiedzy\/wp-json\/wp\/v2\/users\/165"}],"replies":[{"embeddable":true,"href":"https:\/\/www.alab.pl\/centrum-wiedzy\/wp-json\/wp\/v2\/comments?post=16220"}],"version-history":[{"count":0,"href":"https:\/\/www.alab.pl\/centrum-wiedzy\/wp-json\/wp\/v2\/posts\/16220\/revisions"}],"wp:featuredmedia":[{"embeddable":true,"href":"https:\/\/www.alab.pl\/centrum-wiedzy\/wp-json\/wp\/v2\/media\/16223"}],"wp:attachment":[{"href":"https:\/\/www.alab.pl\/centrum-wiedzy\/wp-json\/wp\/v2\/media?parent=16220"}],"wp:term":[{"taxonomy":"category","embeddable":true,"href":"https:\/\/www.alab.pl\/centrum-wiedzy\/wp-json\/wp\/v2\/categories?post=16220"},{"taxonomy":"post_tag","embeddable":true,"href":"https:\/\/www.alab.pl\/centrum-wiedzy\/wp-json\/wp\/v2\/tags?post=16220"},{"taxonomy":"author","embeddable":true,"href":"https:\/\/www.alab.pl\/centrum-wiedzy\/wp-json\/wp\/v2\/coauthors?post=16220"}],"curies":[{"name":"wp","href":"https:\/\/api.w.org\/{rel}","templated":true}]}}