{"id":16235,"date":"2024-08-20T09:00:00","date_gmt":"2024-08-20T07:00:00","guid":{"rendered":"https:\/\/sklep.alablaboratoria.pl\/centrum-wiedzy\/?p=16235"},"modified":"2024-08-20T09:00:00","modified_gmt":"2024-08-20T07:00:00","slug":"enzymy-trawienne-co-to-jest-jakie-sa-rodzaje-i-ich-funkcje-objawy-niedoboru-i-diagnostyka","status":"publish","type":"post","link":"https:\/\/www.alab.pl\/centrum-wiedzy\/enzymy-trawienne-co-to-jest-jakie-sa-rodzaje-i-ich-funkcje-objawy-niedoboru-i-diagnostyka\/","title":{"rendered":"Enzymy trawienne &#8211; co to jest, jakie s\u0105 rodzaje i ich funkcje. Objawy niedoboru i diagnostyka"},"content":{"rendered":"\n<p><strong>Enzymy trawienne to wa\u017cne zwi\u0105zki chemiczne, kt\u00f3re umo\u017cliwiaj\u0105 rozk\u0142adanie i wch\u0142anianie substancji od\u017cywczych. Jakie rodzaje enzym\u00f3w trawiennych wyr\u00f3\u017cniamy? Co produkuje enzymy trawienne? Jak objawia si\u0119 niedob\u00f3r enzym\u00f3w trawiennych? Dowiedz si\u0119 wi\u0119cej na ten wa\u017cny temat!<\/strong><\/p>\n\n\n\n<p>Spis tre\u015bci:<\/p>\n\n\n\n<ol class=\"wp-block-list\">\n<li><a href=\"#Co-to-s\u0105-enzymy-trawienne?-\">Co to s\u0105 enzymy trawienne?\u00a0<\/a>\n<ul class=\"wp-block-list\">\n<li><a href=\"#Enzymy-trawienne---gdzie-powstaj\u0105?\">Enzymy trawienne &#8211; gdzie powstaj\u0105?<\/a><\/li>\n\n\n\n<li><a href=\"#Rola-enzym\u00f3w-trawiennych-w-organizmie\">Rola enzym\u00f3w trawiennych w organizmie<\/a><\/li>\n<\/ul>\n<\/li>\n\n\n\n<li><a href=\"#Rodzaje-enzym\u00f3w-trawiennych-i-ich-funkcje\">Rodzaje enzym\u00f3w trawiennych i ich funkcje<\/a>\n<ul class=\"wp-block-list\">\n<li><a href=\"#Amylazy\">Amylazy<\/a><\/li>\n\n\n\n<li><a href=\"#Proteazy\">Proteazy<\/a><\/li>\n\n\n\n<li><a href=\"#Lipazy\">Lipazy<\/a><\/li>\n\n\n\n<li><a href=\"#Inne-enzymy-trawienne\">Inne enzymy trawienne<\/a><\/li>\n<\/ul>\n<\/li>\n\n\n\n<li><a href=\"#Objawy-niedoboru-enzym\u00f3w-trawiennych\">Objawy niedoboru enzym\u00f3w trawiennych<\/a><\/li>\n\n\n\n<li><a href=\"#Diagnostyka-niedoboru-enzym\u00f3w-trawiennych\">Diagnostyka niedoboru enzym\u00f3w trawiennych<\/a><\/li>\n<\/ol>\n\n\n\n<h2 class=\"wp-block-heading\" id=\"Co-to-s\u0105-enzymy-trawienne?-\">Co to s\u0105 enzymy trawienne?\u00a0<\/h2>\n\n\n\n<p>Enzymy trawienne to substancje o budowie bia\u0142kowej, kt\u00f3re wydzielane s\u0105 w obr\u0119bie przewodu pokarmowego, na r\u00f3\u017cnych jego odcinkach. Wi\u0119kszo\u015b\u0107 enzym\u00f3w trawiennych nale\u017cy do grupy hydrolaz. Oznacza to, \u017ce katalizuj\u0105 one reakcje nazywane reakcjami hydrolizy, w kt\u00f3rych dochodzi do roz\u0142o\u017cenia danego zwi\u0105zku organicznego z wykorzystaniem cz\u0105steczki wody.\u00a0<\/p>\n\n\n\n<h3 class=\"wp-block-heading\" id=\"Enzymy-trawienne---gdzie-powstaj\u0105?\">Enzymy trawienne &#8211; gdzie powstaj\u0105?<\/h3>\n\n\n\n<p>Enzymy trawienne syntetyzowane s\u0105 przez kom\u00f3rki gruczo\u0142\u00f3w trawiennych. Do gruczo\u0142\u00f3w trawiennych zaliczamy przede wszystkim:<\/p>\n\n\n\n<ul class=\"wp-block-list\">\n<li><strong>gruczo\u0142y \u015blinowe<\/strong>, w tym \u015blinianki przyuszne, \u015blinianki pod\u017cuchwowe i \u015blinianki podj\u0119zykowe,<\/li>\n\n\n\n<li><strong>gruczo\u0142y \u017co\u0142\u0105dkowe<\/strong>, kt\u00f3re znajdziemy w obr\u0119bie b\u0142ony \u015bluzowej \u017co\u0142\u0105dka,<\/li>\n\n\n\n<li><strong>trzustk\u0119<\/strong> &#8211; kt\u00f3rej wyspecjalizowane kom\u00f3rki syntetyzuj\u0105 sok trzustkowy i zawarte w nim enzymy trawienne,<\/li>\n\n\n\n<li><strong>gruczo\u0142y jelitowe<\/strong> &#8211; kt\u00f3re s\u0105 rozsiane w obr\u0119bie b\u0142ony \u015bluzowej \u015bcian jelita cienkiego.<\/li>\n<\/ul>\n\n\n\n<h3 class=\"wp-block-heading\" id=\"Rola-enzym\u00f3w-trawiennych-w-organizmie\">Rola enzym\u00f3w trawiennych w organizmie<\/h3>\n\n\n\n<p>Wraz ze spo\u017cywanym pokarmem dostarczamy do naszego organizmu sk\u0142adniki od\u017cywcze w postaci bia\u0142ek, w\u0119glowodan\u00f3w (cukr\u00f3w), a tak\u017ce t\u0142uszcz\u00f3w. Te z\u0142o\u017cone zwi\u0105zki organiczne nie mog\u0105 w tej postaci zosta\u0107 wch\u0142oni\u0119te z przewodu pokarmowego. W tym celu konieczne jest ich roz\u0142o\u017cenie do mniejszych zwi\u0105zk\u00f3w organicznych. Za ten proces odpowiadaj\u0105 enzymy trawienne, kt\u00f3re katalizuj\u0105 wa\u017cne reakcje biochemiczne zwi\u0105zane z procesami trawienia. Ich celem jest roz\u0142o\u017cenie bia\u0142ek do aminokwas\u00f3w, w\u0119glowodan\u00f3w z\u0142o\u017conych do w\u0119glowodan\u00f3w prostych, za\u015b t\u0142uszcz\u00f3w &#8211; mi\u0119dzy innymi do kwas\u00f3w t\u0142uszczowych. Te zwi\u0105zki mog\u0105 zosta\u0107 wch\u0142oni\u0119te w obr\u0119bie jelit, a tym samym wykorzystane przez organizm.<\/p>\n\n\n\n<h2 class=\"wp-block-heading\" id=\"Rodzaje-enzym\u00f3w-trawiennych-i-ich-funkcje\">Rodzaje enzym\u00f3w trawiennych i ich funkcje<\/h2>\n\n\n\n<p>Proces trawienia pokarm\u00f3w rozpoczyna si\u0119 ju\u017c w jamie ustnej, gdzie znajduje si\u0119 \u015blina, zawieraj\u0105ca jedn\u0105 z rodzaj\u00f3w amylaz. Na kolejnych etapach, zwi\u0105zki organiczne znajduj\u0105ce si\u0119 w pokarmie ulegaj\u0105 kolejnym przekszta\u0142ceniom i s\u0105 poddawane dzia\u0142aniu kolejnych enzym\u00f3w.<\/p>\n\n\n\n<p>Warto wspomnie\u0107, \u017ce funkcjonowanie wielu enzym\u00f3w trawiennych jest uzale\u017cnione od odczynu, jaki panuje w danym \u015brodowisku. Przyk\u0142adem jest tutaj pepsynogen, a wi\u0119c enzym trawienny, kt\u00f3ry ulega aktywacji do swojej aktywnej postaci pod wp\u0142ywem kwa\u015bnego pH \u017co\u0142\u0105dka.<\/p>\n\n\n\n<p>Wi\u0119cej o poszczeg\u00f3lnych grupach enzym\u00f3w trawiennych przeczytamy w kolejnych akapitach tego artyku\u0142u.<\/p>\n\n\n\n<h3 class=\"wp-block-heading\" id=\"Amylazy\">Amylazy<\/h3>\n\n\n\n<p><strong>Amylazy to enzymy trawienne, kt\u00f3re odpowiadaj\u0105 za trawienie cukr\u00f3w<\/strong>. Znajduj\u0105 si\u0119 przede wszystkim w \u015blinie oraz w soku trzustkowym. Wyr\u00f3\u017cniamy amylaz\u0119 \u015blinow\u0105 (ptalin\u0119), kt\u00f3rej rol\u0105 jest wst\u0119pne trawienie w\u0119glowodan\u00f3w (cukr\u00f3w), a dok\u0142adniej rozk\u0142ad skrobi i glikogenu na mniejsze fragmenty nazywane oligosacharydami. Drug\u0105, wa\u017cn\u0105 amylaz\u0105 jest amylaza trzustkowa, kt\u00f3ra produkowana jest w kom\u00f3rkach p\u0119cherzykowych trzustki. Jej zadaniem jest kontynuowanie procesu rozk\u0142adu w\u0119glowodan\u00f3w. Na skutek jej dzia\u0142ania powstaj\u0105 jeszcze kr\u00f3tsze fragmenty w\u0119glowodanowe, nazywane tri- i disacharydami. Aktywno\u015b\u0107 amylazy trzustkowej zale\u017cna jest od obecno\u015bci jon\u00f3w wapnia.<\/p>\n\n\n\n<p><strong>>> To mo\u017ce Ci\u0119 zainteresowa\u0107: <a href=\"https:\/\/www.alab.pl\/centrum-wiedzy\/amylaza-co-oznacza-niski-i-wysoki-poziom-wartosci-referencyjne\/\" target=\"_blank\" rel=\"noreferrer noopener\">Amylaza \u2013 co oznacza niski i wysoki poziom? Warto\u015bci referencyjne<\/a><\/strong><\/p>\n\n\n\n<h3 class=\"wp-block-heading\" id=\"Proteazy\">Proteazy<\/h3>\n\n\n\n<p><strong>Proteazy to enzymy odpowiedzialne za trawienie bia\u0142ek na drodze rozk\u0142adu wi\u0105za\u0144 peptydowych<\/strong>. Do protez zaliczamy przede wszystkim takie enzymy jak:<\/p>\n\n\n\n<ul class=\"wp-block-list\">\n<li><strong>pepsyna<\/strong> &#8211; jest to enzym trawienny produkowany w obr\u0119bie b\u0142ony \u015bluzowej \u017co\u0142\u0105dka, kt\u00f3rego rol\u0105 jest rozk\u0142ad bia\u0142ek do \u0142a\u0144cuch\u00f3w polipeptydowych,<\/li>\n\n\n\n<li><strong>podpuszczka (kazeina)<\/strong> &#8211; jest to enzym, kt\u00f3re funkcj\u0105 jest denaturacja bia\u0142ka znajduj\u0105cego si\u0119 w mleku, ten enzym trawienny obecny jest w \u017co\u0142\u0105dku cz\u0142owieka jedynie w okresie niemowl\u0119cym,<\/li>\n\n\n\n<li><strong>trypsyna<\/strong> &#8211; jest to enzym produkowany przez kom\u00f3rki trzustki, odpowiedzialny za rozk\u0142ad polipeptyd\u00f3w na mniejsze fragmenty bia\u0142kowe, a wi\u0119c peptydy i oligopeptydy,<\/li>\n\n\n\n<li><strong>chymotrypsyna &#8211;<\/strong> r\u00f3wnie\u017c produkowana jest przez kom\u00f3rki trzustkowe i podobnie jak trypsyna, enzym ten rozk\u0142ada fragmenty bia\u0142kowe na mniejsze cz\u0105steczki,jednak jego dzia\u0142anie pozwala na hydroliz\u0119 wi\u0105za\u0144 peptydowych w obr\u0119bie innego obszaru, ni\u017c w przypadku trypsyny.<\/li>\n<\/ul>\n\n\n\n<h3 class=\"wp-block-heading\" id=\"Lipazy\">Lipazy<\/h3>\n\n\n\n<p><strong>Lipazy to enzymy lipolityczne odpowiedzialne za rozk\u0142ad t\u0142uszcz\u00f3w.<\/strong> Dzia\u0142aj\u0105 poprzez rozk\u0142ad wi\u0105za\u0144 estrowych. Do lipaz zaliczamy:<\/p>\n\n\n\n<ul class=\"wp-block-list\">\n<li><strong>lipaz\u0119 \u017co\u0142\u0105dkow\u0105<\/strong> &#8211; rozk\u0142ada t\u0142uszcze znajduj\u0105ce si\u0119 w pokarmach, kt\u00f3re s\u0105 naturalnymi emulsjami (nale\u017cy do nich na przyk\u0142ad \u015bmietana), do produkt\u00f3w takich jak kwasy t\u0142uszczowe, diglicerydy, monoglicerydy, glicerol,<\/li>\n\n\n\n<li><strong>lipaz\u0119 trzustkow\u0105<\/strong> &#8211; jest to enzym, kt\u00f3rego rol\u0105 jest hydroliza trigliceryd\u00f3w do mniejszych cz\u0105steczek &#8211; digliceryd\u00f3w, monogliceryd\u00f3w oraz kwas\u00f3w t\u0142uszczowych.<\/li>\n<\/ul>\n\n\n\n<p><strong>>> Przeczytaj te\u017c: <a href=\"https:\/\/www.alab.pl\/centrum-wiedzy\/lipaza-co-to-jest-podwyzszona-niska-lipaza-trzustkowa-o-czym-swiadczy\/\" target=\"_blank\" rel=\"noreferrer noopener\">Lipaza \u2013 co to jest? Podwy\u017cszona, niska lipaza trzustkowa \u2013 o czym \u015bwiadczy?<\/a><\/strong><\/p>\n\n\n\n<h3 class=\"wp-block-heading\" id=\"Inne-enzymy-trawienne\">Inne enzymy trawienne<\/h3>\n\n\n\n<p>Inne, r\u00f3wnie\u017c wa\u017cne, enzymy trawienne, kt\u00f3re uczestnicz\u0105 w rozk\u0142adzie zwi\u0105zk\u00f3w organicznych w organizmie cz\u0142owieka to mi\u0119dzy innymi:<\/p>\n\n\n\n<ul class=\"wp-block-list\">\n<li><strong>nukleazy <\/strong>&#8211; te enzymy nukleolityczne rozk\u0142adaj\u0105 wi\u0105zania fosfodiestrowe pomi\u0119dzy nukleotydami tworz\u0105cymi kwasy nukleinowe (a wi\u0119c DNA, RNA),<\/li>\n\n\n\n<li><strong>disacharydazy<\/strong> &#8211; s\u0105 to enzymy rozk\u0142adaj\u0105ce dwucukry do cukr\u00f3w prostych, zaliczamy do nich laktaz\u0119, maltaz\u0119, czy sacharaz\u0119,<\/li>\n\n\n\n<li><strong>peptydazy<\/strong> &#8211; s\u0105 to enzymy odpowiedzialne za rozk\u0142ad dwu- i tr\u00f3jpeptyd\u00f3w na pojedyncze aminokwasy, kt\u00f3re mog\u0105 zosta\u0107 wch\u0142oni\u0119te w obr\u0119bie jelita cienkiego.<\/li>\n<\/ul>\n\n\n\n<p>Wymienione powy\u017cej enzymy trawienne produkowane s\u0105 przez gruczo\u0142y jelitowe i wchodz\u0105 w sk\u0142ad soku jelitowego.<\/p>\n\n\n\n<h2 class=\"wp-block-heading\" id=\"Objawy-niedoboru-enzym\u00f3w-trawiennych\">Objawy niedoboru enzym\u00f3w trawiennych<\/h2>\n\n\n\n<p>Na skutek nieprawid\u0142owo\u015bci w obr\u0119bie gruczo\u0142\u00f3w trawiennych mo\u017ce doj\u015b\u0107 do niedostatecznego wydzielania enzym\u00f3w, a co za tym idzie &#8211; zaburze\u0144 trawienia i wch\u0142aniania. Najcz\u0119stsze objawy zwi\u0105zane z niedoborem enzym\u00f3w trawiennych to:<\/p>\n\n\n\n<ul class=\"wp-block-list\">\n<li>biegunki, w tym <a href=\"https:\/\/www.alab.pl\/centrum-wiedzy\/biegunka-tluszczowa-przyczyny-objawy-leczenie-jak-wyglada\/\" target=\"_blank\" rel=\"noreferrer noopener\">biegunki t\u0142uszczowe<\/a>,<\/li>\n\n\n\n<li><a href=\"https:\/\/www.alab.pl\/centrum-wiedzy\/bol-brzucha-mozliwe-przyczyny-badania\/\" target=\"_blank\" rel=\"noreferrer noopener\">b\u00f3le brzucha<\/a>,<\/li>\n\n\n\n<li><a href=\"https:\/\/www.alab.pl\/centrum-wiedzy\/wzdecia-brzucha-kiedy-zglosic-sie-do-lekarza\/\" target=\"_blank\" rel=\"noreferrer noopener\">wzd\u0119cia<\/a>,<\/li>\n\n\n\n<li>zaparcia,<\/li>\n\n\n\n<li>wymioty i nudno\u015bci,<\/li>\n\n\n\n<li>utrata masy cia\u0142a,<\/li>\n\n\n\n<li>niedobory substancji od\u017cywczych i zwi\u0105zane z tym pogorszenie wydolno\u015bci.<\/li>\n<\/ul>\n\n\n\n<h2 class=\"wp-block-heading\" id=\"Diagnostyka-niedoboru-enzym\u00f3w-trawiennych\">Diagnostyka niedoboru enzym\u00f3w trawiennych<\/h2>\n\n\n\n<p>M\u00f3wi\u0105c o niedoborze enzym\u00f3w trawiennych, mamy na my\u015bli przede wszystkim niedob\u00f3r enzym\u00f3w trzustkowych.Stan ten nazywany jest niewydolno\u015bci\u0105 zewn\u0105trzwydzielnicz\u0105 trzustki, kt\u00f3ra mo\u017ce wynika\u0107 mi\u0119dzy innymi z ostrego i przewlek\u0142ego jej zapalenia, mukowiscydozy, ale mo\u017ce by\u0107 r\u00f3wnie\u017c zwi\u0105zana z chorobami nowotworowymi i autoimmunologicznymi tego narz\u0105du.<\/p>\n\n\n\n<p>W diagnostyce ostrego i przewlek\u0142ego zapalenia trzustki wykorzystuje si\u0119 oznaczenie st\u0119\u017cenia enzym\u00f3w trzustkowych we krwi, a mianowicie st\u0119\u017cenia lipazy i amylazy, kt\u00f3re w tych przypadkach s\u0105 podwy\u017cszone.<\/p>\n\n\n\n<figure class=\"wp-block-image size-full\"><a href=\"https:\/\/www.alab.pl\/pakiet\/pakiet-trzustkowy\"><img loading=\"lazy\" decoding=\"async\" width=\"800\" height=\"200\" src=\"https:\/\/www.alab.pl\/centrum-wiedzy\/wp-content\/uploads\/2023\/11\/pakiet-trzustkowy-podstawowy-baner-jpg.webp\" alt=\"pakiet trzustkowy podstawowy\" class=\"wp-image-9884\" srcset=\"https:\/\/www.alab.pl\/centrum-wiedzy\/wp-content\/uploads\/2023\/11\/pakiet-trzustkowy-podstawowy-baner-jpg.webp 800w, https:\/\/www.alab.pl\/centrum-wiedzy\/wp-content\/uploads\/2023\/11\/pakiet-trzustkowy-podstawowy-baner-jpg-768x192.webp 768w, https:\/\/www.alab.pl\/centrum-wiedzy\/wp-content\/uploads\/2023\/11\/pakiet-trzustkowy-podstawowy-baner-jpg-150x38.webp 150w, https:\/\/www.alab.pl\/centrum-wiedzy\/wp-content\/uploads\/2023\/11\/pakiet-trzustkowy-podstawowy-baner-jpg-300x75.webp 300w, https:\/\/www.alab.pl\/centrum-wiedzy\/wp-content\/uploads\/2023\/11\/pakiet-trzustkowy-podstawowy-baner-jpg-696x174.webp 696w\" sizes=\"auto, (max-width: 800px) 100vw, 800px\" \/><\/a><\/figure>\n\n\n\n<p>W diagnostyce schorze\u0144 trzustki, kt\u00f3re mog\u0105 by\u0107 zwi\u0105zane z niedoborem enzym\u00f3w trawiennych zastosowanie znajduj\u0105 przede wszystkim badania obrazowe, w tym mi\u0119dzy innymi:<\/p>\n\n\n\n<ul class=\"wp-block-list\">\n<li>USG jamy brzusznej,<\/li>\n\n\n\n<li>cholangiopankreatografia metod\u0105 rezonansu magnetycznego,<\/li>\n\n\n\n<li>tomografia komputerowa jamy brzusznej.<\/li>\n<\/ul>\n\n\n\n<p>Podsumowuj\u0105c, enzymy trawienne to zwi\u0105zki chemiczne bez kt\u00f3rych organizm cz\u0142owieka nie jest w stanie prawid\u0142owo funkcjonowa\u0107 i przyswaja\u0107 substancji od\u017cywczych. Niedob\u00f3r enzym\u00f3w trawiennych mo\u017ce by\u0107 zwi\u0105zany z wieloma schorzeniami, kt\u00f3re diagnozuje si\u0119 wykonuj\u0105c badania laboratoryjne jak i obrazowe.<\/p>\n\n\n\n<hr class=\"wp-block-separator has-alpha-channel-opacity\"\/>\n\n\n\n<p><strong>Bibliografia<\/strong><\/p>\n\n\n\n<ol class=\"wp-block-list\" type=\"1\" start=\"1\">\n<li>A. Szczeklik i inni, Choroby wewn\u0119trzne, PZWL 2018\/2019,<\/li>\n\n\n\n<li>A. Dembi\u0144ska-Kie\u0107 i inni, Diagnostyka laboratoryjna z elementami biochemii klinicznej, Urban &amp; Partner, Wroc\u0142aw 2005 (dodruk), s. 654\u2013659,<\/li>\n\n\n\n<li>E. Ba\u0144kowski, Biochemia podr\u0119cznik dla student\u00f3w uczelni medycznych. Wroc\u0142aw: Elsevir Urban &amp; Partner, 2010,<\/li>\n\n\n\n<li>E. Malec, Lipaza, Medycyna Praktyczna.<\/li>\n<\/ol>\n","protected":false},"excerpt":{"rendered":"<p>Enzymy trawienne umo\u017cliwiaj\u0105 rozk\u0142adanie i wch\u0142anianie substancji od\u017cywczych. Dowiedz si\u0119 wi\u0119cej na ich temat.<\/p>\n","protected":false},"author":165,"featured_media":16239,"comment_status":"closed","ping_status":"open","sticky":false,"template":"","format":"standard","meta":{"_acf_changed":false,"inline_featured_image":false,"footnotes":""},"categories":[18,28],"tags":[],"coauthors":[176],"class_list":{"0":"post-16235","1":"post","2":"type-post","3":"status-publish","4":"format-standard","5":"has-post-thumbnail","7":"category-dysbioza-choroby-przewodu-pokarmowego","8":"category-warto-wiedziec"},"acf":[],"yoast_head":"<!-- This site is optimized with the Yoast SEO plugin v27.5 - https:\/\/yoast.com\/product\/yoast-seo-wordpress\/ -->\n<title>Enzymy trawienne - co to jest, jakie s\u0105 rodzaje i ich funkcje. Objawy niedoboru i diagnostyka - Centrum Wiedzy ALAB laboratoria<\/title>\n<meta name=\"description\" content=\"Enzymy trawienne umo\u017cliwiaj\u0105 rozk\u0142adanie i wch\u0142anianie substancji od\u017cywczych. Dowiedz si\u0119 wi\u0119cej na ich temat.\" \/>\n<meta name=\"robots\" content=\"index, follow, max-snippet:-1, max-image-preview:large, max-video-preview:-1\" \/>\n<link rel=\"canonical\" href=\"https:\/\/www.alab.pl\/centrum-wiedzy\/enzymy-trawienne-co-to-jest-jakie-sa-rodzaje-i-ich-funkcje-objawy-niedoboru-i-diagnostyka\/\" \/>\n<meta property=\"og:locale\" content=\"pl_PL\" \/>\n<meta property=\"og:type\" content=\"article\" \/>\n<meta property=\"og:title\" content=\"Enzymy trawienne - co to jest, jakie s\u0105 rodzaje i ich funkcje. Objawy niedoboru i diagnostyka - Centrum Wiedzy ALAB laboratoria\" \/>\n<meta property=\"og:description\" content=\"Enzymy trawienne umo\u017cliwiaj\u0105 rozk\u0142adanie i wch\u0142anianie substancji od\u017cywczych. Dowiedz si\u0119 wi\u0119cej na ich temat.\" \/>\n<meta property=\"og:url\" content=\"https:\/\/www.alab.pl\/centrum-wiedzy\/enzymy-trawienne-co-to-jest-jakie-sa-rodzaje-i-ich-funkcje-objawy-niedoboru-i-diagnostyka\/\" \/>\n<meta property=\"og:site_name\" content=\"Centrum Wiedzy ALAB laboratoria\" \/>\n<meta property=\"article:publisher\" content=\"https:\/\/www.facebook.com\/ALABlaboratoria\" \/>\n<meta property=\"article:published_time\" content=\"2024-08-20T07:00:00+00:00\" \/>\n<meta property=\"og:image\" content=\"https:\/\/www.alab.pl\/centrum-wiedzy\/wp-content\/uploads\/2024\/08\/enzymy_trawienne-jpg.webp\" \/>\n\t<meta property=\"og:image:width\" content=\"2405\" \/>\n\t<meta property=\"og:image:height\" content=\"1603\" \/>\n\t<meta property=\"og:image:type\" content=\"image\/webp\" \/>\n<meta name=\"author\" content=\"Katarzyna Banaszczyk\" \/>\n<meta name=\"twitter:card\" content=\"summary_large_image\" \/>\n<meta name=\"twitter:label1\" content=\"Napisane przez\" \/>\n\t<meta name=\"twitter:data1\" content=\"Katarzyna Banaszczyk\" \/>\n\t<meta name=\"twitter:label2\" content=\"Szacowany czas czytania\" \/>\n\t<meta name=\"twitter:data2\" content=\"7 minut\" \/>\n\t<meta name=\"twitter:label3\" content=\"Written by\" \/>\n\t<meta name=\"twitter:data3\" content=\"Katarzyna Banaszczyk\" \/>\n<!-- \/ Yoast SEO plugin. -->","yoast_head_json":{"title":"Enzymy trawienne - co to jest, jakie s\u0105 rodzaje i ich funkcje. Objawy niedoboru i diagnostyka - Centrum Wiedzy ALAB laboratoria","description":"Enzymy trawienne umo\u017cliwiaj\u0105 rozk\u0142adanie i wch\u0142anianie substancji od\u017cywczych. Dowiedz si\u0119 wi\u0119cej na ich temat.","robots":{"index":"index","follow":"follow","max-snippet":"max-snippet:-1","max-image-preview":"max-image-preview:large","max-video-preview":"max-video-preview:-1"},"canonical":"https:\/\/www.alab.pl\/centrum-wiedzy\/enzymy-trawienne-co-to-jest-jakie-sa-rodzaje-i-ich-funkcje-objawy-niedoboru-i-diagnostyka\/","og_locale":"pl_PL","og_type":"article","og_title":"Enzymy trawienne - co to jest, jakie s\u0105 rodzaje i ich funkcje. Objawy niedoboru i diagnostyka - Centrum Wiedzy ALAB laboratoria","og_description":"Enzymy trawienne umo\u017cliwiaj\u0105 rozk\u0142adanie i wch\u0142anianie substancji od\u017cywczych. Dowiedz si\u0119 wi\u0119cej na ich temat.","og_url":"https:\/\/www.alab.pl\/centrum-wiedzy\/enzymy-trawienne-co-to-jest-jakie-sa-rodzaje-i-ich-funkcje-objawy-niedoboru-i-diagnostyka\/","og_site_name":"Centrum Wiedzy ALAB laboratoria","article_publisher":"https:\/\/www.facebook.com\/ALABlaboratoria","article_published_time":"2024-08-20T07:00:00+00:00","og_image":[{"width":2405,"height":1603,"url":"https:\/\/www.alab.pl\/centrum-wiedzy\/wp-content\/uploads\/2024\/08\/enzymy_trawienne-jpg.webp","type":"image\/webp"}],"author":"Katarzyna Banaszczyk","twitter_card":"summary_large_image","twitter_misc":{"Napisane przez":"Katarzyna Banaszczyk","Szacowany czas czytania":"7 minut","Written by":"Katarzyna Banaszczyk"},"schema":{"@context":"https:\/\/schema.org","@graph":[{"@type":"Article","@id":"https:\/\/www.alab.pl\/centrum-wiedzy\/enzymy-trawienne-co-to-jest-jakie-sa-rodzaje-i-ich-funkcje-objawy-niedoboru-i-diagnostyka\/#article","isPartOf":{"@id":"https:\/\/www.alab.pl\/centrum-wiedzy\/enzymy-trawienne-co-to-jest-jakie-sa-rodzaje-i-ich-funkcje-objawy-niedoboru-i-diagnostyka\/"},"author":{"name":"Katarzyna Banaszczyk","@id":"https:\/\/www.alab.pl\/centrum-wiedzy\/#\/schema\/person\/308fb46be1959418e2e115e61c335941"},"headline":"Enzymy trawienne &#8211; co to jest, jakie s\u0105 rodzaje i ich funkcje. Objawy niedoboru i diagnostyka","datePublished":"2024-08-20T07:00:00+00:00","mainEntityOfPage":{"@id":"https:\/\/www.alab.pl\/centrum-wiedzy\/enzymy-trawienne-co-to-jest-jakie-sa-rodzaje-i-ich-funkcje-objawy-niedoboru-i-diagnostyka\/"},"wordCount":1311,"publisher":{"@id":"https:\/\/www.alab.pl\/centrum-wiedzy\/#organization"},"image":{"@id":"https:\/\/www.alab.pl\/centrum-wiedzy\/enzymy-trawienne-co-to-jest-jakie-sa-rodzaje-i-ich-funkcje-objawy-niedoboru-i-diagnostyka\/#primaryimage"},"thumbnailUrl":"https:\/\/www.alab.pl\/centrum-wiedzy\/wp-content\/uploads\/2024\/08\/enzymy_trawienne-jpg.webp","articleSection":["Dysbioza, choroby przewodu pokarmowego","Warto wiedzie\u0107"],"inLanguage":"pl-PL"},{"@type":"WebPage","@id":"https:\/\/www.alab.pl\/centrum-wiedzy\/enzymy-trawienne-co-to-jest-jakie-sa-rodzaje-i-ich-funkcje-objawy-niedoboru-i-diagnostyka\/","url":"https:\/\/www.alab.pl\/centrum-wiedzy\/enzymy-trawienne-co-to-jest-jakie-sa-rodzaje-i-ich-funkcje-objawy-niedoboru-i-diagnostyka\/","name":"Enzymy trawienne - co to jest, jakie s\u0105 rodzaje i ich funkcje. Objawy niedoboru i diagnostyka - Centrum Wiedzy ALAB laboratoria","isPartOf":{"@id":"https:\/\/www.alab.pl\/centrum-wiedzy\/#website"},"primaryImageOfPage":{"@id":"https:\/\/www.alab.pl\/centrum-wiedzy\/enzymy-trawienne-co-to-jest-jakie-sa-rodzaje-i-ich-funkcje-objawy-niedoboru-i-diagnostyka\/#primaryimage"},"image":{"@id":"https:\/\/www.alab.pl\/centrum-wiedzy\/enzymy-trawienne-co-to-jest-jakie-sa-rodzaje-i-ich-funkcje-objawy-niedoboru-i-diagnostyka\/#primaryimage"},"thumbnailUrl":"https:\/\/www.alab.pl\/centrum-wiedzy\/wp-content\/uploads\/2024\/08\/enzymy_trawienne-jpg.webp","datePublished":"2024-08-20T07:00:00+00:00","description":"Enzymy trawienne umo\u017cliwiaj\u0105 rozk\u0142adanie i wch\u0142anianie substancji od\u017cywczych. Dowiedz si\u0119 wi\u0119cej na ich temat.","breadcrumb":{"@id":"https:\/\/www.alab.pl\/centrum-wiedzy\/enzymy-trawienne-co-to-jest-jakie-sa-rodzaje-i-ich-funkcje-objawy-niedoboru-i-diagnostyka\/#breadcrumb"},"inLanguage":"pl-PL","potentialAction":[{"@type":"ReadAction","target":["https:\/\/www.alab.pl\/centrum-wiedzy\/enzymy-trawienne-co-to-jest-jakie-sa-rodzaje-i-ich-funkcje-objawy-niedoboru-i-diagnostyka\/"]}]},{"@type":"ImageObject","inLanguage":"pl-PL","@id":"https:\/\/www.alab.pl\/centrum-wiedzy\/enzymy-trawienne-co-to-jest-jakie-sa-rodzaje-i-ich-funkcje-objawy-niedoboru-i-diagnostyka\/#primaryimage","url":"https:\/\/www.alab.pl\/centrum-wiedzy\/wp-content\/uploads\/2024\/08\/enzymy_trawienne-jpg.webp","contentUrl":"https:\/\/www.alab.pl\/centrum-wiedzy\/wp-content\/uploads\/2024\/08\/enzymy_trawienne-jpg.webp","width":2405,"height":1603,"caption":"enzymy trawienne"},{"@type":"BreadcrumbList","@id":"https:\/\/www.alab.pl\/centrum-wiedzy\/enzymy-trawienne-co-to-jest-jakie-sa-rodzaje-i-ich-funkcje-objawy-niedoboru-i-diagnostyka\/#breadcrumb","itemListElement":[{"@type":"ListItem","position":1,"name":"Strona g\u0142\u00f3wna","item":"https:\/\/www.alab.pl\/centrum-wiedzy\/"},{"@type":"ListItem","position":2,"name":"Enzymy trawienne &#8211; co to jest, jakie s\u0105 rodzaje i ich funkcje. Objawy niedoboru i diagnostyka"}]},{"@type":"WebSite","@id":"https:\/\/www.alab.pl\/centrum-wiedzy\/#website","url":"https:\/\/www.alab.pl\/centrum-wiedzy\/","name":"Centrum Wiedzy ALAB laboratoria","description":"","publisher":{"@id":"https:\/\/www.alab.pl\/centrum-wiedzy\/#organization"},"potentialAction":[{"@type":"SearchAction","target":{"@type":"EntryPoint","urlTemplate":"https:\/\/www.alab.pl\/centrum-wiedzy\/?s={search_term_string}"},"query-input":{"@type":"PropertyValueSpecification","valueRequired":true,"valueName":"search_term_string"}}],"inLanguage":"pl-PL"},{"@type":"Organization","@id":"https:\/\/www.alab.pl\/centrum-wiedzy\/#organization","name":"Centrum Wiedzy ALAB laboratoria","url":"https:\/\/www.alab.pl\/centrum-wiedzy\/","logo":{"@type":"ImageObject","inLanguage":"pl-PL","@id":"https:\/\/www.alab.pl\/centrum-wiedzy\/#\/schema\/logo\/image\/","url":"https:\/\/www.alab.pl\/centrum-wiedzy\/wp-content\/uploads\/2022\/04\/alabek.jpg","contentUrl":"https:\/\/www.alab.pl\/centrum-wiedzy\/wp-content\/uploads\/2022\/04\/alabek.jpg","width":1250,"height":1251,"caption":"Centrum Wiedzy ALAB laboratoria"},"image":{"@id":"https:\/\/www.alab.pl\/centrum-wiedzy\/#\/schema\/logo\/image\/"},"sameAs":["https:\/\/www.facebook.com\/ALABlaboratoria"]},{"@type":"Person","@id":"https:\/\/www.alab.pl\/centrum-wiedzy\/#\/schema\/person\/308fb46be1959418e2e115e61c335941","name":"Katarzyna Banaszczyk","image":{"@type":"ImageObject","inLanguage":"pl-PL","@id":"https:\/\/www.alab.pl\/centrum-wiedzy\/wp-content\/uploads\/2024\/12\/Katarzyna-Banaszczyk-150x150.jpgdd037207674aeb9b7e97c9616a0cf536","url":"https:\/\/www.alab.pl\/centrum-wiedzy\/wp-content\/uploads\/2024\/12\/Katarzyna-Banaszczyk-150x150.jpg","contentUrl":"https:\/\/www.alab.pl\/centrum-wiedzy\/wp-content\/uploads\/2024\/12\/Katarzyna-Banaszczyk-150x150.jpg","caption":"Katarzyna Banaszczyk"},"description":"Lekarka w trakcie specjalizacji z dermatologii i wenerologii. Absolwentka Collegium Medicum UMK im. Ludwika Rydygiera w Bydgoszczy. Wyk\u0142adowca akademicki Collegium Medicum im. W\u0142adys\u0142awa Biega\u0144skiego w Cz\u0119stochowie.","url":"https:\/\/www.alab.pl\/centrum-wiedzy\/author\/katarzyna-banaszczyk\/"}]}},"_links":{"self":[{"href":"https:\/\/www.alab.pl\/centrum-wiedzy\/wp-json\/wp\/v2\/posts\/16235","targetHints":{"allow":["GET"]}}],"collection":[{"href":"https:\/\/www.alab.pl\/centrum-wiedzy\/wp-json\/wp\/v2\/posts"}],"about":[{"href":"https:\/\/www.alab.pl\/centrum-wiedzy\/wp-json\/wp\/v2\/types\/post"}],"author":[{"embeddable":true,"href":"https:\/\/www.alab.pl\/centrum-wiedzy\/wp-json\/wp\/v2\/users\/165"}],"replies":[{"embeddable":true,"href":"https:\/\/www.alab.pl\/centrum-wiedzy\/wp-json\/wp\/v2\/comments?post=16235"}],"version-history":[{"count":0,"href":"https:\/\/www.alab.pl\/centrum-wiedzy\/wp-json\/wp\/v2\/posts\/16235\/revisions"}],"wp:featuredmedia":[{"embeddable":true,"href":"https:\/\/www.alab.pl\/centrum-wiedzy\/wp-json\/wp\/v2\/media\/16239"}],"wp:attachment":[{"href":"https:\/\/www.alab.pl\/centrum-wiedzy\/wp-json\/wp\/v2\/media?parent=16235"}],"wp:term":[{"taxonomy":"category","embeddable":true,"href":"https:\/\/www.alab.pl\/centrum-wiedzy\/wp-json\/wp\/v2\/categories?post=16235"},{"taxonomy":"post_tag","embeddable":true,"href":"https:\/\/www.alab.pl\/centrum-wiedzy\/wp-json\/wp\/v2\/tags?post=16235"},{"taxonomy":"author","embeddable":true,"href":"https:\/\/www.alab.pl\/centrum-wiedzy\/wp-json\/wp\/v2\/coauthors?post=16235"}],"curies":[{"name":"wp","href":"https:\/\/api.w.org\/{rel}","templated":true}]}}