{"id":16573,"date":"2024-08-30T12:00:00","date_gmt":"2024-08-30T10:00:00","guid":{"rendered":"https:\/\/sklep.alablaboratoria.pl\/centrum-wiedzy\/?p=16573"},"modified":"2024-08-30T12:00:00","modified_gmt":"2024-08-30T10:00:00","slug":"autoimmunologiczne-zapalenie-watroby-co-to-za-choroba-objawy-przyczyny-diagnostyka-i-leczenie","status":"publish","type":"post","link":"https:\/\/www.alab.pl\/centrum-wiedzy\/autoimmunologiczne-zapalenie-watroby-co-to-za-choroba-objawy-przyczyny-diagnostyka-i-leczenie\/","title":{"rendered":"Autoimmunologiczne zapalenie w\u0105troby \u2013 co to za choroba? Objawy, przyczyny, diagnostyka i leczenie"},"content":{"rendered":"\n<p><strong>Autoimmunologiczne zapalenie w\u0105troby (ang. <em>autoimmune hepatitis<\/em>, AIH) to przewlek\u0142a choroba o pod\u0142o\u017cu autoimmunizacyjnym, kt\u00f3ra mo\u017ce prowadzi\u0107 do powa\u017cnych komplikacji zdrowotnych, je\u015bli nie zostanie odpowiednio wcze\u015bnie rozpoznana i leczona. Z artyku\u0142u dowiesz si\u0119, czym dok\u0142adnie jest ta choroba, jakie s\u0105 jej objawy, przyczyny oraz jak przebiega proces diagnostyczny i leczenie.<\/strong><\/p>\n\n\n\n<p>Spis tre\u015bci:<\/p>\n\n\n\n<ol class=\"wp-block-list\">\n<li><a href=\"#Autoimmunologiczne-zapalenie-w\u0105troby-\u2013-co-to-jest\">Autoimmunologiczne zapalenie w\u0105troby \u2013 co to jest<\/a>\n<ul class=\"wp-block-list\">\n<li><a href=\"#Mechanizmy-autoimmunologiczne-AIH\">Mechanizmy autoimmunologiczne AIH<\/a><\/li>\n\n\n\n<li><a href=\"#Jakie-s\u0105-rokowania-i-d\u0142ugo\u015b\u0107-\u017cycia-pacjent\u00f3w-z-autoimmunologicznym-zapaleniem-w\u0105troby\">Jakie s\u0105 rokowania i d\u0142ugo\u015b\u0107 \u017cycia pacjent\u00f3w z autoimmunologicznym zapaleniem w\u0105troby<\/a><\/li>\n<\/ul>\n<\/li>\n\n\n\n<li><a href=\"#Przyczyny-autoimmunologicznego-zapalenia-w\u0105troby\">Przyczyny autoimmunologicznego zapalenia w\u0105troby<\/a><\/li>\n\n\n\n<li><a href=\"#Objawy-autoimmunologicznego-zapalenia-w\u0105troby\">Objawy autoimmunologicznego zapalenia w\u0105troby<\/a>\n<ul class=\"wp-block-list\">\n<li><a href=\"#Wczesne-objawy\">Wczesne objawy<\/a><\/li>\n\n\n\n<li><a href=\"#Objawy-na-zaawansowanym-etapie-choroby:\">Objawy na zaawansowanym etapie choroby<\/a><\/li>\n\n\n\n<li><a href=\"#Objawy-u-dzieci\">Objawy u dzieci<\/a><\/li>\n<\/ul>\n<\/li>\n\n\n\n<li><a href=\"#Diagnostyka-autoimmunologicznego-zapalenia-w\u0105troby\">Diagnostyka autoimmunologicznego zapalenia w\u0105troby<\/a>\n<ul class=\"wp-block-list\">\n<li><a href=\"#Badania-na-autoimmunologiczne-zapalenie-w\u0105troby\">Badania na autoimmunologiczne zapalenie w\u0105troby<\/a><\/li>\n\n\n\n<li><a href=\"#Rola-autoprzeciwcia\u0142-w-autoimmunologicznym-zapaleniu-w\u0105troby\">Rola autoprzeciwcia\u0142 w autoimmunologicznym zapaleniu w\u0105troby<\/a><\/li>\n\n\n\n<li><a href=\"#Wyniki-bada\u0144-\u2013-jak-interpretowa\u0107\">Wyniki bada\u0144 \u2013 jak interpretowa\u0107<\/a><\/li>\n<\/ul>\n<\/li>\n\n\n\n<li><a href=\"#Leczenie-autoimmunologicznego-zapalenia-w\u0105troby\">Leczenie autoimmunologicznego zapalenia w\u0105troby<\/a>\n<ul class=\"wp-block-list\">\n<li><a href=\"#Autoimmunologiczne-zapalenie-w\u0105troby-\u2013-dieta\">Autoimmunologiczne zapalenie w\u0105troby \u2013 dieta<\/a><\/li>\n<\/ul>\n<\/li>\n\n\n\n<li><a href=\"#Autoimmunologiczne-zapalenie-w\u0105troby-a-ci\u0105\u017ca\">Autoimmunologiczne zapalenie w\u0105troby a ci\u0105\u017ca<\/a><\/li>\n\n\n\n<li><a href=\"#Autoimmunologiczne-zapalenie-w\u0105troby-\u2013-podsumowanie\">Autoimmunologiczne zapalenie w\u0105troby \u2013 podsumowanie<\/a><\/li>\n<\/ol>\n\n\n\n<h2 class=\"wp-block-heading\" id=\"Autoimmunologiczne-zapalenie-w\u0105troby-\u2013-co-to-jest\">Autoimmunologiczne zapalenie w\u0105troby \u2013 co to jest<\/h2>\n\n\n\n<p>Autoimmunologiczne zapalenie w\u0105troby to <strong>przewlek\u0142e, post\u0119puj\u0105ce autoimmunizacyjne zapalenie w\u0105troby, w kt\u00f3rym uk\u0142ad odporno\u015bciowy (immunologiczny) atakuje kom\u00f3rki w\u0105troby<\/strong>, <strong>prowadz\u0105c do ich uszkodzenia<\/strong>. W konsekwencji dochodzi do przewlek\u0142ego stanu zapalnego i martwicy kom\u00f3rek w\u0105troby (hepatocyt\u00f3w), co <strong>mo\u017ce doprowadzi\u0107 do <\/strong><a href=\"https:\/\/www.alab.pl\/centrum-wiedzy\/marskosc-watroby-przyczyny-objawy-i-diagnostyka\/\" target=\"_blank\" rel=\"noreferrer noopener\"><strong>marsko\u015bci<\/strong><\/a><strong> tego organu<\/strong>. W przebiegu AIH <strong>wytwarzane s\u0105 autoprzeciwcia\u0142a<\/strong>.<\/p>\n\n\n\n<p>Choroba cz\u0119\u015bciej dotyka kobiety (ok. 75% przypadk\u00f3w) i mo\u017ce pojawi\u0107 si\u0119 w ka\u017cdym wieku, jednak <strong>najcz\u0119\u015bciej diagnozowana jest mi\u0119dzy 10. a 20. oraz mi\u0119dzy 45. a 70. rokiem \u017cycia<\/strong>. U ok. 40% pacjent\u00f3w zaczyna si\u0119 nagle, z ostrymi objawami.<\/p>\n\n\n\n<p>Wyr\u00f3\u017cnia si\u0119 dwa rodzaje AIH:<\/p>\n\n\n\n<ul class=\"wp-block-list\">\n<li><strong>Typ 1<\/strong> \u2013 najcz\u0119stszy, wyst\u0119puj\u0105cy g\u0142\u00f3wnie u doros\u0142ych. Charakteryzuje si\u0119 \u0142agodniejszym przebiegiem i obecno\u015bci\u0105 <strong>przeciwcia\u0142 przeciwj\u0105drowych (ANA)<\/strong> i\/lub <strong>przeciwcia\u0142 przeciw mi\u0119\u015bniom g\u0142adkim (ASMA)<\/strong> oraz <strong>przeciwko rozpuszczalnym antygenom w\u0105trobowym lub w\u0105trobowo-trzustkowym (anty-SLA\/LP)<\/strong>.<\/li>\n\n\n\n<li><strong>Typ 2<\/strong> \u2013 rzadszy, wyst\u0119puj\u0105cy g\u0142\u00f3wnie u dzieci i m\u0142odych doros\u0142ych. Charakteryzuje si\u0119 agresywnym przebiegiem i obecno\u015bci\u0105 <strong>przeciwcia\u0142 przeciwko mikrosomom w\u0105trobowym i nerkowym (LKM-1) <\/strong>oraz<strong> przeciwcytozolowych (anty-LC1)<\/strong>.<\/li>\n<\/ul>\n\n\n\n<h3 class=\"wp-block-heading\" id=\"Mechanizmy-autoimmunologiczne-AIH\">Mechanizmy autoimmunologiczne AIH<\/h3>\n\n\n\n<p>AIH wynika z b\u0142\u0119dnej odpowiedzi uk\u0142adu immunologicznego, kt\u00f3ry rozpoznaje kom\u00f3rki w\u0105troby jako obce i atakuje je, co prowadzi do stanu zapalnego i uszkodzenia tkanki tego narz\u0105du. Wskutek tego dochodzi do <strong>nasilenia stanu zapalnego w kom\u00f3rkach w\u0105troby<\/strong> oraz <strong>produkcji autoprzeciwcia\u0142, <\/strong>kt\u00f3re skierowane s\u0105 przeciwko sk\u0142adnikom hepatocyt\u00f3w.<\/p>\n\n\n\n<h3 class=\"wp-block-heading\" id=\"Jakie-s\u0105-rokowania-i-d\u0142ugo\u015b\u0107-\u017cycia-pacjent\u00f3w-z-autoimmunologicznym-zapaleniem-w\u0105troby\">Jakie s\u0105 rokowania i d\u0142ugo\u015b\u0107 \u017cycia pacjent\u00f3w z autoimmunologicznym zapaleniem w\u0105troby<\/h3>\n\n\n\n<p>Rokowania zale\u017c\u0105 od wielu czynnik\u00f3w, takich jak wczesna diagnoza, odpowied\u017a na leczenie i obecno\u015b\u0107 powik\u0142a\u0144. <strong>Je\u015bli choroba zostanie zdiagnozowana przed rozwini\u0119ciem si\u0119 marsko\u015bci w\u0105troby<\/strong>, w\u00f3wczas mo\u017cliwe jest osi\u0105gniecie stanu remisji klinicznej (ust\u0105pienia objaw\u00f3w), co pozwala na pe\u0142ny powr\u00f3t do normalnej aktywno\u015bci \u017cyciowej. <strong>W takiej sytuacji przewidywana d\u0142ugo\u015b\u0107 \u017cycia jest zbli\u017cona do przeci\u0119tnej.<\/strong><\/p>\n\n\n\n<p>Natomiast <strong>w przypadku stwierdzenia marsko\u015bci w\u0105troby lub braku remisji po dw\u00f3ch latach leczenia rokowanie staje si\u0119 niepewne<\/strong>. U takich pacjent\u00f3w w ci\u0105gu pi\u0119ciu lat mo\u017ce doj\u015b\u0107 do niewydolno\u015bci w\u0105troby.<\/p>\n\n\n\n<p>Aktualnie jednak, <strong>dzi\u0119ki nowoczesnym terapiom, wielu pacjent\u00f3w z AIH mo\u017ce prowadzi\u0107 normalne \u017cycie przez wiele lat<\/strong>. Wa\u017cne jest regularne monitorowanie stanu zdrowia oraz przestrzeganie zalece\u0144 lekarza.<\/p>\n\n\n\n<h2 class=\"wp-block-heading\" id=\"Przyczyny-autoimmunologicznego-zapalenia-w\u0105troby\">Przyczyny autoimmunologicznego zapalenia w\u0105troby<\/h2>\n\n\n\n<p>Przyczyna AIH wci\u0105\u017c nie zosta\u0142a wystarczaj\u0105co poznana. Przypuszcza si\u0119, \u017ce na rozw\u00f3j choroby mog\u0105 mie\u0107 wp\u0142yw:<\/p>\n\n\n\n<ul class=\"wp-block-list\">\n<li><strong>Czynniki \u015brodowiskowe<\/strong> <strong>\u2013<\/strong> <strong>infekcje wirusowe lub bakteryjne<\/strong> u osoby predysponowanej genetycznie mog\u0105 wywo\u0142ywa\u0107 reakcj\u0119 autoimmunizacyjn\u0105 prowadz\u0105c\u0105 do rozwoju AIH. Infekcje wirusowe, np. wirusem zapalenia w\u0105troby typu C (<strong>HCV<\/strong>), a tak\u017ce wirusem Epsteina-Barr (<strong>EBV<\/strong>), mog\u0105 indukowa\u0107 rozw\u00f3j nadmiernej odpowiedzi uk\u0142adu immunologicznego, wskutek czego mo\u017ce doj\u015b\u0107 do rozwoju AIH.<\/li>\n\n\n\n<li><strong>Czynniki genetyczne<\/strong> \u2013 przypuszcza si\u0119, \u017ce geny mog\u0105 odgrywa\u0107 istotn\u0105 rol\u0119 w rozwoju AIH. Badania wykaza\u0142y, \u017ce pewne haplotypy HLA (ang. <em>human leukocyte antigen<\/em>) <strong>s\u0105 zwi\u0105zane z predyspozycj\u0105 genetyczn\u0105<\/strong> i wy\u017cszym ryzykiem rozwoju AIH. Szczeg\u00f3lnie wa\u017cne w populacji europejskiej s\u0105 haplotypy HLA-DRB1*03 i HLA-DRB1*04, kt\u00f3re cz\u0119sto wyst\u0119puj\u0105 u pacjent\u00f3w z AIH.<\/li>\n\n\n\n<li><strong>Inne potencjalne przyczyny<\/strong> \u2013 niekt\u00f3re<strong> leki i silne substancje chemiczne<\/strong> r\u00f3wnie\u017c mog\u0105 wywo\u0142a\u0107 odpowied\u017a autoimmunizacyjn\u0105 organizmu. Uwa\u017ca si\u0119, \u017ce na rozw\u00f3j AIH mog\u0105 wp\u0142ywa\u0107 tak\u017ce niekt\u00f3re <strong>toksyny \u015brodowiskowe i zanieczyszczenia<\/strong>.<\/li>\n<\/ul>\n\n\n\n<p>Nale\u017cy mie\u0107 na uwadze, \u017ce AIH mo\u017ce wsp\u00f3\u0142wyst\u0119powa\u0107 z innymi autoimmunizacyjnymi schorzeniami narz\u0105dowymi.<\/p>\n\n\n\n<h2 class=\"wp-block-heading\" id=\"Objawy-autoimmunologicznego-zapalenia-w\u0105troby\">Objawy autoimmunologicznego zapalenia w\u0105troby<\/h2>\n\n\n\n<p>AIH <strong>mo\u017ce przebiega\u0107 przez d\u0142u\u017cszy czas bezobjawowo<\/strong> lub przeciwnie \u2013 charakteryzowa\u0107 si\u0119 <strong>ostrym, nag\u0142ym przebiegiem<\/strong>. \u017baden z wyst\u0119puj\u0105cych przy tej chorobie objaw\u00f3w nie jest dla niej charakterystyczny, co mo\u017ce utrudnia\u0107 rozpoznanie.<\/p>\n\n\n\n<h3 class=\"wp-block-heading\" id=\"Wczesne-objawy\">Wczesne objawy:<\/h3>\n\n\n\n<ul class=\"wp-block-list\">\n<li><strong>Zm\u0119czenie<\/strong> \u2013 jest jednym z najcz\u0119stszych i najbardziej uporczywych objaw\u00f3w AIH.<\/li>\n\n\n\n<li><strong>Brak apetytu<\/strong> \u2013 pacjenci cz\u0119sto skar\u017c\u0105 si\u0119 na brak apetytu, co mo\u017ce prowadzi\u0107 do utraty masy cia\u0142a.<\/li>\n\n\n\n<li><strong>Nudno\u015bci<\/strong> \u2013 mog\u0105 by\u0107 obecne szczeg\u00f3lnie w fazach zaostrze\u0144 choroby.<\/li>\n\n\n\n<li><strong>B\u00f3l brzucha<\/strong> \u2013 zlokalizowany zazwyczaj w prawym g\u00f3rnym kwadrancie, gdzie znajduje si\u0119 w\u0105troba.<\/li>\n<\/ul>\n\n\n\n<h3 class=\"wp-block-heading\" id=\"Objawy-na-zaawansowanym-etapie-choroby:\">Objawy na zaawansowanym etapie choroby:<\/h3>\n\n\n\n<ul class=\"wp-block-list\">\n<li><strong>Wodobrzusze<\/strong> \u2013 gromadzenie si\u0119 nadmiernej ilo\u015bci p\u0142ynu w jamie brzusznej.<\/li>\n\n\n\n<li><strong>\u017b\u00f3\u0142taczka<\/strong> \u2013 \u017c\u00f3\u0142te zabarwienie sk\u00f3ry i bia\u0142ek oczu.<\/li>\n\n\n\n<li><strong>Powi\u0119kszenie w\u0105troby<\/strong> \u2013 w\u0105troba mo\u017ce by\u0107 powi\u0119kszona i bolesna przy palpacji (badaniu za pomoc\u0105 dotyku).<\/li>\n\n\n\n<li><strong>Obrz\u0119ki<\/strong> \u2013 mog\u0105 pojawi\u0107 si\u0119 na skutek marsko\u015bci w\u0105troby i zwi\u0105zanej z ni\u0105 niewydolno\u015bci tego narz\u0105du.<\/li>\n\n\n\n<li><strong>\u015awi\u0105d sk\u00f3ry<\/strong> \u2013 uczucie sw\u0119dzenia, kt\u00f3re mo\u017ce by\u0107 wynikiem uszkodzenia w\u0105troby.<\/li>\n\n\n\n<li><strong>Krwawienia z nosa, gor\u0105czka, tr\u0105dzik<\/strong>.<\/li>\n<\/ul>\n\n\n\n<h3 class=\"wp-block-heading\" id=\"Objawy-u-dzieci\">Objawy u dzieci<\/h3>\n\n\n\n<p>Autoimmunologiczne zapalenie w\u0105troby u dzieci mo\u017ce objawia\u0107 si\u0119 w podobny spos\u00f3b jak u doros\u0142ych, ale cz\u0119\u015bciej wyst\u0119puj\u0105 r\u00f3wnie\u017c b\u00f3le staw\u00f3w i os\u0142abienie. <strong>Dzieci mog\u0105 by\u0107 nara\u017cone na bardziej agresywny przebieg choroby,<\/strong> <strong>mniej podatny na leczenie.<\/strong><\/p>\n\n\n\n<h2 class=\"wp-block-heading\" id=\"Diagnostyka-autoimmunologicznego-zapalenia-w\u0105troby\">Diagnostyka autoimmunologicznego zapalenia w\u0105troby<\/h2>\n\n\n\n<p>Diagnostyka AIH obejmuje dok\u0142adny wywiad lekarski z histori\u0105 choroby pacjenta oraz <strong>wykluczenie innych przyczyn wyst\u0119puj\u0105cych objaw\u00f3w i innych chor\u00f3b w\u0105troby<\/strong>, takich jak wirusowe zapalenie w\u0105troby czy choroby metaboliczne.<\/p>\n\n\n\n<figure class=\"wp-block-image size-full\"><a href=\"https:\/\/www.alab.pl\/badanie\/pc-przeciw-rozpuszczalnemu-antygen-watroby-slalp-met-elisa\"><img loading=\"lazy\" decoding=\"async\" width=\"800\" height=\"200\" src=\"https:\/\/www.alab.pl\/centrum-wiedzy\/wp-content\/uploads\/2024\/08\/Badania-przeciwcial-anty-SLA_LP-jpg.webp\" alt=\"Badania przeciwcia\u0142 anty-SLA_LP\" class=\"wp-image-16420\" srcset=\"https:\/\/www.alab.pl\/centrum-wiedzy\/wp-content\/uploads\/2024\/08\/Badania-przeciwcial-anty-SLA_LP-jpg.webp 800w, https:\/\/www.alab.pl\/centrum-wiedzy\/wp-content\/uploads\/2024\/08\/Badania-przeciwcial-anty-SLA_LP-jpg-768x192.webp 768w, https:\/\/www.alab.pl\/centrum-wiedzy\/wp-content\/uploads\/2024\/08\/Badania-przeciwcial-anty-SLA_LP-jpg-150x38.webp 150w, https:\/\/www.alab.pl\/centrum-wiedzy\/wp-content\/uploads\/2024\/08\/Badania-przeciwcial-anty-SLA_LP-jpg-300x75.webp 300w, https:\/\/www.alab.pl\/centrum-wiedzy\/wp-content\/uploads\/2024\/08\/Badania-przeciwcial-anty-SLA_LP-jpg-696x174.webp 696w\" sizes=\"auto, (max-width: 800px) 100vw, 800px\" \/><\/a><\/figure>\n\n\n\n<h3 class=\"wp-block-heading\" id=\"Badania-na-autoimmunologiczne-zapalenie-w\u0105troby\">Badania na autoimmunologiczne zapalenie w\u0105troby<\/h3>\n\n\n\n<p>W ramach diagnostyki AIH lekarz mo\u017ce zleci\u0107 wykonanie bada\u0144 pomocniczych, w tym bada\u0144 z krwi, bada\u0144 obrazowych oraz biopsji w\u0105troby.<\/p>\n\n\n\n<ul class=\"wp-block-list\">\n<li><strong>Badania z krwi<\/strong> \u2013 podstawowe badania krwi (m.in. morfologia), oznaczenie <strong>poziom\u00f3w enzym\u00f3w w\u0105trobowych<\/strong> (w tym ALT, AST), st\u0119\u017cenie immunoglobin w osoczu (klasa IgG, niekiedy IgM), <strong>oznaczenie obecno\u015bci autoprzeciwcia\u0142<\/strong>, w szczeg\u00f3lno\u015bci przeciwcia\u0142 przeciwj\u0105drowych (ANA), przeciwcia\u0142 przeciwko mi\u0119\u015bniom g\u0142adkim (ASMA) oraz innych specyficznych autoprzeciwcia\u0142, tj.anty-SLA\/LP, anty-LKM-1 oraz anty-LC1.<\/li>\n<\/ul>\n\n\n\n<figure class=\"wp-block-image size-full\"><a href=\"https:\/\/www.alab.pl\/badanie\/pc-przeciw-jadrowe-ana-wykrywanie-metoda-iift-miano-o21\"><img loading=\"lazy\" decoding=\"async\" width=\"800\" height=\"200\" src=\"https:\/\/www.alab.pl\/centrum-wiedzy\/wp-content\/uploads\/2023\/08\/Badanie-przeciwcial-przeciwjadrowych-ANA-jpg.webp\" alt=\"przeciwcia\u0142a przeciwj\u0105drowe ANA\" class=\"wp-image-8382\" srcset=\"https:\/\/www.alab.pl\/centrum-wiedzy\/wp-content\/uploads\/2023\/08\/Badanie-przeciwcial-przeciwjadrowych-ANA-jpg.webp 800w, https:\/\/www.alab.pl\/centrum-wiedzy\/wp-content\/uploads\/2023\/08\/Badanie-przeciwcial-przeciwjadrowych-ANA-jpg-768x192.webp 768w, https:\/\/www.alab.pl\/centrum-wiedzy\/wp-content\/uploads\/2023\/08\/Badanie-przeciwcial-przeciwjadrowych-ANA-jpg-150x38.webp 150w, https:\/\/www.alab.pl\/centrum-wiedzy\/wp-content\/uploads\/2023\/08\/Badanie-przeciwcial-przeciwjadrowych-ANA-jpg-300x75.webp 300w, https:\/\/www.alab.pl\/centrum-wiedzy\/wp-content\/uploads\/2023\/08\/Badanie-przeciwcial-przeciwjadrowych-ANA-jpg-696x174.webp 696w\" sizes=\"auto, (max-width: 800px) 100vw, 800px\" \/><\/a><\/figure>\n\n\n\n<figure class=\"wp-block-image size-full\"><a href=\"https:\/\/www.alab.pl\/badanie\/pc-przeciw-miesniom-gladkim-asma-n91\"><img loading=\"lazy\" decoding=\"async\" width=\"800\" height=\"200\" src=\"https:\/\/www.alab.pl\/centrum-wiedzy\/wp-content\/uploads\/2023\/08\/Badanie-przeciwcial-przeciw-miesniom-gladkim-ASMA-jpg.webp\" alt=\"przeciwcia\u0142a przeciw mi\u0119\u015bniom g\u0142adkim ASMA\" class=\"wp-image-8384\" srcset=\"https:\/\/www.alab.pl\/centrum-wiedzy\/wp-content\/uploads\/2023\/08\/Badanie-przeciwcial-przeciw-miesniom-gladkim-ASMA-jpg.webp 800w, https:\/\/www.alab.pl\/centrum-wiedzy\/wp-content\/uploads\/2023\/08\/Badanie-przeciwcial-przeciw-miesniom-gladkim-ASMA-jpg-768x192.webp 768w, https:\/\/www.alab.pl\/centrum-wiedzy\/wp-content\/uploads\/2023\/08\/Badanie-przeciwcial-przeciw-miesniom-gladkim-ASMA-jpg-150x38.webp 150w, https:\/\/www.alab.pl\/centrum-wiedzy\/wp-content\/uploads\/2023\/08\/Badanie-przeciwcial-przeciw-miesniom-gladkim-ASMA-jpg-300x75.webp 300w, https:\/\/www.alab.pl\/centrum-wiedzy\/wp-content\/uploads\/2023\/08\/Badanie-przeciwcial-przeciw-miesniom-gladkim-ASMA-jpg-696x174.webp 696w\" sizes=\"auto, (max-width: 800px) 100vw, 800px\" \/><\/a><\/figure>\n\n\n\n<ul class=\"wp-block-list\">\n<li><strong>Biopsja w\u0105troby<\/strong> \u2013 pobranie pr\u00f3bki tkanki w\u0105trobowej do analizy histopatologicznej jest niezb\u0119dne do potwierdzenia diagnozy AIH. Wyniki biopsji pozwalaj\u0105 r\u00f3wnie\u017c oceni\u0107 stopie\u0144 zaawansowania choroby oraz jej aktywno\u015b\u0107.<\/li>\n<\/ul>\n\n\n\n<p>Konieczne jest <strong>dok\u0142adne wykluczenie innych przyczyn zapalenia w\u0105troby<\/strong>. W tym celu przeprowadza si\u0119 <strong>diagnostyk\u0119 r\u00f3\u017cnicow\u0105<\/strong>, obejmuj\u0105c\u0105 m.in.:<\/p>\n\n\n\n<ul class=\"wp-block-list\">\n<li>pierwotne zapalenie dr\u00f3g \u017c\u00f3\u0142ciowych,<\/li>\n\n\n\n<li>pierwotne stwardniaj\u0105ce zapalenie dr\u00f3g \u017c\u00f3\u0142ciowych,<\/li>\n\n\n\n<li>przewlek\u0142e zapalenie w\u0105troby spowodowane przez alkohol, leki lub wirusy.<\/li>\n<\/ul>\n\n\n\n<h3 class=\"wp-block-heading\" id=\"Rola-autoprzeciwcia\u0142-w-autoimmunologicznym-zapaleniu-w\u0105troby\">Rola autoprzeciwcia\u0142 w autoimmunologicznym zapaleniu w\u0105troby<\/h3>\n\n\n\n<p>Badania autoprzeciwcia\u0142 s\u0105 <strong>niezb\u0119dne w diagnostyce i monitorowaniu AIH<\/strong>. Pomagaj\u0105 one nie tylko w <strong>r\u00f3\u017cnicowaniu tego schorzenia od innych chor\u00f3b w\u0105troby<\/strong>, ale tak\u017ce w <strong>odr\u00f3\u017cnieniu AIH typu 1 od AIH typu 2<\/strong>. U pacjent\u00f3w z AIH we krwi mo\u017cna wykry\u0107 przeciwcia\u0142a:<\/p>\n\n\n\n<ul class=\"wp-block-list\">\n<li><a href=\"https:\/\/www.alab.pl\/badanie\/pc-przeciw-miesniom-gladkim-asma-n91\" target=\"_blank\" rel=\"noreferrer noopener\">przeciwko mi\u0119\u015bniom g\u0142adkim (ASMA<\/a>),<\/li>\n\n\n\n<li><a href=\"https:\/\/www.alab.pl\/badanie\/pc-przeciw-jadrowe-ana-wykrywanie-metoda-iift-miano-o21\" target=\"_blank\" rel=\"noreferrer noopener\">przeciwj\u0105drowe (ANA)<\/a>,<\/li>\n\n\n\n<li>anty-LC-1,<\/li>\n\n\n\n<li><a href=\"https:\/\/www.alab.pl\/badanie\/pc-przeciw-mikrosomom-nerki-i-watroby-lkm-1\" target=\"_blank\" rel=\"noreferrer noopener\">anty-LKM-1<\/a>,<\/li>\n\n\n\n<li><a href=\"https:\/\/www.alab.pl\/badanie\/pc-przeciw-rozpuszczalnemu-antygen-watroby-slalp-met-elisa\" target=\"_blank\" rel=\"noreferrer noopener\">anty-SLA\/LP<\/a>.<\/li>\n<\/ul>\n\n\n\n<p>Szczeg\u00f3lnie <strong>wysok\u0105 warto\u015b\u0107 diagnostyczn\u0105 maj\u0105 przeciwcia\u0142a anty-SLA\/LP<\/strong>, kt\u00f3rych obecno\u015b\u0107 niemal jednoznacznie wskazuje na AIH typu 1, o ile u pacjenta wyst\u0119puj\u0105 tak\u017ce objawy kliniczne sugeruj\u0105ce t\u0119 chorob\u0119.<\/p>\n\n\n\n<h3 class=\"wp-block-heading\" id=\"Wyniki-bada\u0144-\u2013-jak-interpretowa\u0107\">Wyniki bada\u0144 \u2013 jak interpretowa\u0107<\/h3>\n\n\n\n<p>Wyniki bada\u0144 pomagaj\u0105 <strong>okre\u015bli\u0107 stopie\u0144 zaawansowania choroby<\/strong> i skuteczno\u015b\u0107 leczenia. Wysokie poziomy enzym\u00f3w w\u0105trobowych (ALT, AST) i obecno\u015b\u0107 specyficznych przeciwcia\u0142 (ANA, ASMA) oraz podwy\u017cszone st\u0119\u017cenie immunoglonbin klasy IgG wskazuj\u0105 na AIH. Badanie histopatologiczne materia\u0142u pobranego podczas biopsji w\u0105troby mo\u017ce wykaza\u0107 charakterystyczne zmiany, takie jak nacieki limfocytarne i plazmocytarne oraz w\u0142\u00f3knienie.<\/p>\n\n\n\n<h2 class=\"wp-block-heading\" id=\"Leczenie-autoimmunologicznego-zapalenia-w\u0105troby\">Leczenie autoimmunologicznego zapalenia w\u0105troby<\/h2>\n\n\n\n<p>W przypadku wykrycia tocz\u0105cego si\u0119 stanu zapalnego w w\u0105trobie <strong>konieczne jest jak najszybsze wprowadzenie odpowiedniej terapii<\/strong>. Cel leczenia to wyciszenie niepo\u017c\u0105danej reakcji uk\u0142adu odporno\u015bciowego, co nazywa si\u0119 <strong>terapi\u0105 immunosupresyjn\u0105<\/strong>. Wi\u0119kszo\u015b\u0107 pacjent\u00f3w dobrze reaguje na standardowe leczenie, kt\u00f3re polega na przyjmowaniu doustnych glikokortykosteroid\u00f3w, czasem w po\u0142\u0105czeniu z azatiopryn\u0105.<\/p>\n\n\n\n<p>Leczenie przebiega w dw\u00f3ch etapach:<\/p>\n\n\n\n<ul class=\"wp-block-list\">\n<li><strong>Indukcja remisji<\/strong> (wywo\u0142anie ust\u0105pienia objaw\u00f3w choroby) \u2013 glikokortykosteroidy (np. prednizon) stosowane s\u0105 w celu zmniejszenia tocz\u0105cego si\u0119 stanu zapalnego. S\u0105 to tzw. leki pierwszego rzutu, kt\u00f3re dzia\u0142aj\u0105 szybko, zmniejszaj\u0105c stan zapalny i \u0142agodz\u0105c wyst\u0119puj\u0105ce objawy.<\/li>\n\n\n\n<li><strong>Wieloletnie leczenie podtrzymuj\u0105ce<\/strong> \u2013 w przypadku potwierdzenia rozpoznania AIH konieczne mo\u017ce by\u0107 stosowanie leczenia podtrzymuj\u0105cego, aby wyciszy\u0107 nadmiern\u0105 reakcj\u0119 uk\u0142adu immunologicznego i tym samym poprawi\u0107 jako\u015b\u0107 i komfort \u017cycia pacjenta.<\/li>\n<\/ul>\n\n\n\n<p>W przypadku zaawansowanego uszkodzenia w\u0105troby, gdy inne metody leczenia nie przynosz\u0105 efekt\u00f3w, jedyn\u0105 form\u0105 pomocy mo\u017ce by\u0107 <strong>przeszczep w\u0105troby<\/strong>. Pacjenci po przeszczepie wymagaj\u0105 d\u0142ugotrwa\u0142ego leczenia immunosupresyjnego, aby zapobiec odrzutowi przeszczepu.<\/p>\n\n\n\n<h3 class=\"wp-block-heading\" id=\"Autoimmunologiczne-zapalenie-w\u0105troby-\u2013-dieta\">Autoimmunologiczne zapalenie w\u0105troby \u2013 dieta<\/h3>\n\n\n\n<p>Pacjenci z chorobami w\u0105troby cz\u0119sto maj\u0105 trudno\u015bci z jedzeniem, skar\u017c\u0105 si\u0119 na brak apetytu, uczucie pe\u0142no\u015bci, wzd\u0119cia i problemy z trawieniem. Dlatego dieta powinna by\u0107 dostosowana do ich indywidualnych potrzeb i stanu zdrowia. W przypadku braku apetytu zaleca si\u0119 <strong>spo\u017cywanie produkt\u00f3w o wysokiej warto\u015bci od\u017cywczej<\/strong>.<\/p>\n\n\n\n<p>Dieta powinna by\u0107 <strong>lekkostrawna, z ograniczon\u0105 ilo\u015bci\u0105 t\u0142uszczu<\/strong>. Zaleca si\u0119 jedzenie <strong>5\u20136 ma\u0142ych posi\u0142k\u00f3w dziennie<\/strong>, <strong>unikanie ci\u0119\u017ckostrawnych i wzdymaj\u0105cych pokarm\u00f3w<\/strong> oraz ostrych przypraw. T\u0142uszcze nale\u017cy ograniczy\u0107 do 45\u201350 g dziennie i wybiera\u0107 <strong>oleje ro\u015blinne<\/strong>. Potrawy powinny by\u0107 <strong>gotowane, pieczone w folii lub duszone<\/strong>, dania sma\u017cone s\u0105 przeciwwskazane. Nale\u017cy je\u015b\u0107 w spokojnej atmosferze i <strong>unika\u0107 alkoholu<\/strong>.<\/p>\n\n\n\n<p><strong>&gt;&gt; Dowiedz si\u0119 wi\u0119cej: <a href=\"https:\/\/www.alab.pl\/centrum-wiedzy\/dieta-w-chorobach-watroby\/\" target=\"_blank\" rel=\"noreferrer noopener\">Dieta w chorobach w\u0105troby<\/a><\/strong><\/p>\n\n\n\n<h2 class=\"wp-block-heading\" id=\"Autoimmunologiczne-zapalenie-w\u0105troby-a-ci\u0105\u017ca\">Autoimmunologiczne zapalenie w\u0105troby a ci\u0105\u017ca<\/h2>\n\n\n\n<p><strong>Kobiety z AIH mog\u0105 bezpiecznie zaj\u015b\u0107 w ci\u0105\u017c\u0119<\/strong>, ale wymaga to \u015bcis\u0142ej kontroli medycznej. Wa\u017cne jest, aby pacjentki planuj\u0105ce ci\u0105\u017c\u0119 skonsultowa\u0142y si\u0119 z lekarzem w celu oceny aktualnego stanu zdrowia i dostosowania terapii. Ci\u0105\u017ca mo\u017ce wp\u0142ywa\u0107 na przebieg AIH, dlatego <strong>regularne monitorowanie stanu zdrowia matki i dziecka jest kluczowe<\/strong>.<\/p>\n\n\n\n<h2 class=\"wp-block-heading\" id=\"Autoimmunologiczne-zapalenie-w\u0105troby-\u2013-podsumowanie\">Autoimmunologiczne zapalenie w\u0105troby \u2013 podsumowanie<\/h2>\n\n\n\n<p>Autoimmunologiczne zapalenie w\u0105troby (AIH) to przewlek\u0142a choroba autoimmunizacyjna, w kt\u00f3rej <strong>uk\u0142ad odporno\u015bciowy atakuje kom\u00f3rki w\u0105troby, prowadz\u0105c do ich uszkodzenia<\/strong>. AIH mo\u017ce by\u0107 przyczyn\u0105 powa\u017cnych komplikacji zdrowotnych, takich jak marsko\u015b\u0107 w\u0105troby, je\u015bli nie zostanie odpowiednio wcze\u015bnie rozpoznane. Dlatego te\u017c <strong>wczesna diagnostyka, w tym badanie obecno\u015bci autoprzeciwcia\u0142, oraz odpowiednia terapia s\u0105 kluczowe dla poprawy rokowania i jako\u015bci \u017cycia pacjent\u00f3w<\/strong>. Regularne monitorowanie, zdrowa dieta i przestrzeganie zalece\u0144 lekarskich mog\u0105 znacz\u0105co wp\u0142yn\u0105\u0107 na komfort \u017cycia chorych na AIH.<\/p>\n\n\n\n<hr class=\"wp-block-separator has-alpha-channel-opacity\"\/>\n\n\n\n<p><strong>Bibliografia<\/strong><\/p>\n\n\n\n<ol class=\"wp-block-list\" type=\"1\">\n<li>M. Wawrzynowicz-Syczewska, <em>Autoimmunologiczne zapalenie w\u0105troby<\/em>, Medycyna Praktyczna, https:\/\/www.mp.pl\/pacjent\/gastrologia\/choroby\/watroba\/50957,autoimmunologiczne-zapalenie-watroby.<\/li>\n\n\n\n<li>M. Wawrzynowicz-Syczewska, M. Szczepanek, <em>Autoimmunologiczne zapalenie w\u0105troby<\/em>. Medycyna Praktyczna, https:\/\/www.mp.pl\/interna\/chapter\/B16.II.7.5.<\/li>\n\n\n\n<li>European Association for the Study of the Liver,<em> EASL Clinical Practice Guidelines: Autoimmune hepatitis<\/em>. J Hepatol. 2015; 63: 971\u20131004.<\/li>\n\n\n\n<li>C. Mack i wsp.,<em> Diagnosis and Management of Autoimmune Hepatitis in Adults and Children: 2019 Practice Guidance and Guidelines From the American Association for the Study of Liver Diseases. <\/em>Hepatology 2019: 72(2): 671\u2013722, 21.12.2019, DOI: 10.1002\/hep.31065.<\/li>\n\n\n\n<li>M.G. Clemente, K. Schwarz,&nbsp;<em>Zapalenie w\u0105troby: og\u00f3lne zasady post\u0119powania<\/em>, Pediatria po Dyplomie, https:\/\/podyplomie.pl\/pediatria\/12227,zapalenie-watroby-ogolne-zasady-postepowania.<\/li>\n\n\n\n<li>Wyd. Gastroenterologia Praktyczna, <em>Autoimmunologiczne zapalenie w\u0105troby<\/em>, https:\/\/gastroenterologia-praktyczna.pl\/a1814\/Autoimmunologiczne-zapalenie-watroby.html\/.<\/li>\n\n\n\n<li>Wyd. Medycyna Praktyczna, <em>Interna Szczeklika<\/em>, Krak\u00f3w 2023, s. 1238\u20131242.<\/li>\n\n\n\n<li>J. Jaczewska-Schuetz, <em>Zalecenia \u017cywieniowe w ostrym i przewlek\u0142ym zapaleniu w\u0105troby<\/em>, Medycyna Praktyczna, https:\/\/www.mp.pl\/pacjent\/dieta\/diety\/diety_w_chorobach\/72098,zalecenia-zywieniowe-w-ostrym-i-przewleklym-zapaleniu-watroby.<\/li>\n<\/ol>\n","protected":false},"excerpt":{"rendered":"<p>Autoimmunologiczne zapalenie w\u0105troby to przewlek\u0142a choroba o pod\u0142o\u017cu autoimmunizacyjnym. Dowiedz si\u0119 wi\u0119cej na jej temat.<\/p>\n","protected":false},"author":130,"featured_media":16419,"comment_status":"closed","ping_status":"open","sticky":false,"template":"","format":"standard","meta":{"_acf_changed":false,"inline_featured_image":false,"footnotes":""},"categories":[8],"tags":[],"coauthors":[146],"class_list":{"0":"post-16573","1":"post","2":"type-post","3":"status-publish","4":"format-standard","5":"has-post-thumbnail","7":"category-choroby-autoimmunologiczne"},"acf":[],"yoast_head":"<!-- This site is optimized with the Yoast SEO plugin v27.5 - https:\/\/yoast.com\/product\/yoast-seo-wordpress\/ -->\n<title>Autoimmunologiczne zapalenie w\u0105troby \u2013 co to za choroba? Objawy, przyczyny, diagnostyka i leczenie - Centrum Wiedzy ALAB laboratoria<\/title>\n<meta name=\"description\" content=\"Autoimmunologiczne zapalenie w\u0105troby to przewlek\u0142a choroba o pod\u0142o\u017cu autoimmunizacyjnym. Dowiedz si\u0119 wi\u0119cej na jej temat.\" \/>\n<meta name=\"robots\" content=\"index, follow, max-snippet:-1, max-image-preview:large, max-video-preview:-1\" \/>\n<link rel=\"canonical\" href=\"https:\/\/www.alab.pl\/centrum-wiedzy\/autoimmunologiczne-zapalenie-watroby-co-to-za-choroba-objawy-przyczyny-diagnostyka-i-leczenie\/\" \/>\n<meta property=\"og:locale\" content=\"pl_PL\" \/>\n<meta property=\"og:type\" content=\"article\" \/>\n<meta property=\"og:title\" content=\"Autoimmunologiczne zapalenie w\u0105troby \u2013 co to za choroba? Objawy, przyczyny, diagnostyka i leczenie - Centrum Wiedzy ALAB laboratoria\" \/>\n<meta property=\"og:description\" content=\"Autoimmunologiczne zapalenie w\u0105troby to przewlek\u0142a choroba o pod\u0142o\u017cu autoimmunizacyjnym. Dowiedz si\u0119 wi\u0119cej na jej temat.\" \/>\n<meta property=\"og:url\" content=\"https:\/\/www.alab.pl\/centrum-wiedzy\/autoimmunologiczne-zapalenie-watroby-co-to-za-choroba-objawy-przyczyny-diagnostyka-i-leczenie\/\" \/>\n<meta property=\"og:site_name\" content=\"Centrum Wiedzy ALAB laboratoria\" \/>\n<meta property=\"article:publisher\" content=\"https:\/\/www.facebook.com\/ALABlaboratoria\" \/>\n<meta property=\"article:published_time\" content=\"2024-08-30T10:00:00+00:00\" \/>\n<meta property=\"og:image\" content=\"https:\/\/www.alab.pl\/centrum-wiedzy\/wp-content\/uploads\/2024\/08\/autoimmunologiczne-zapalenie-watroby-jpg.webp\" \/>\n\t<meta property=\"og:image:width\" content=\"1925\" \/>\n\t<meta property=\"og:image:height\" content=\"1285\" \/>\n\t<meta property=\"og:image:type\" content=\"image\/webp\" \/>\n<meta name=\"author\" content=\"Anna Ko\u0142ty\u015b\" \/>\n<meta name=\"twitter:card\" content=\"summary_large_image\" \/>\n<meta name=\"twitter:label1\" content=\"Napisane przez\" \/>\n\t<meta name=\"twitter:data1\" content=\"Anna Ko\u0142ty\u015b\" \/>\n\t<meta name=\"twitter:label2\" content=\"Szacowany czas czytania\" \/>\n\t<meta name=\"twitter:data2\" content=\"11 minut\" \/>\n\t<meta name=\"twitter:label3\" content=\"Written by\" \/>\n\t<meta name=\"twitter:data3\" content=\"Anna Ko\u0142ty\u015b\" \/>\n<!-- \/ Yoast SEO plugin. -->","yoast_head_json":{"title":"Autoimmunologiczne zapalenie w\u0105troby \u2013 co to za choroba? Objawy, przyczyny, diagnostyka i leczenie - Centrum Wiedzy ALAB laboratoria","description":"Autoimmunologiczne zapalenie w\u0105troby to przewlek\u0142a choroba o pod\u0142o\u017cu autoimmunizacyjnym. Dowiedz si\u0119 wi\u0119cej na jej temat.","robots":{"index":"index","follow":"follow","max-snippet":"max-snippet:-1","max-image-preview":"max-image-preview:large","max-video-preview":"max-video-preview:-1"},"canonical":"https:\/\/www.alab.pl\/centrum-wiedzy\/autoimmunologiczne-zapalenie-watroby-co-to-za-choroba-objawy-przyczyny-diagnostyka-i-leczenie\/","og_locale":"pl_PL","og_type":"article","og_title":"Autoimmunologiczne zapalenie w\u0105troby \u2013 co to za choroba? Objawy, przyczyny, diagnostyka i leczenie - Centrum Wiedzy ALAB laboratoria","og_description":"Autoimmunologiczne zapalenie w\u0105troby to przewlek\u0142a choroba o pod\u0142o\u017cu autoimmunizacyjnym. Dowiedz si\u0119 wi\u0119cej na jej temat.","og_url":"https:\/\/www.alab.pl\/centrum-wiedzy\/autoimmunologiczne-zapalenie-watroby-co-to-za-choroba-objawy-przyczyny-diagnostyka-i-leczenie\/","og_site_name":"Centrum Wiedzy ALAB laboratoria","article_publisher":"https:\/\/www.facebook.com\/ALABlaboratoria","article_published_time":"2024-08-30T10:00:00+00:00","og_image":[{"width":1925,"height":1285,"url":"https:\/\/www.alab.pl\/centrum-wiedzy\/wp-content\/uploads\/2024\/08\/autoimmunologiczne-zapalenie-watroby-jpg.webp","type":"image\/webp"}],"author":"Anna Ko\u0142ty\u015b","twitter_card":"summary_large_image","twitter_misc":{"Napisane przez":"Anna Ko\u0142ty\u015b","Szacowany czas czytania":"11 minut","Written by":"Anna Ko\u0142ty\u015b"},"schema":{"@context":"https:\/\/schema.org","@graph":[{"@type":"Article","@id":"https:\/\/www.alab.pl\/centrum-wiedzy\/autoimmunologiczne-zapalenie-watroby-co-to-za-choroba-objawy-przyczyny-diagnostyka-i-leczenie\/#article","isPartOf":{"@id":"https:\/\/www.alab.pl\/centrum-wiedzy\/autoimmunologiczne-zapalenie-watroby-co-to-za-choroba-objawy-przyczyny-diagnostyka-i-leczenie\/"},"author":{"name":"Anna Ko\u0142ty\u015b","@id":"https:\/\/www.alab.pl\/centrum-wiedzy\/#\/schema\/person\/a48772d19ae89587e0573df941c78e18"},"headline":"Autoimmunologiczne zapalenie w\u0105troby \u2013 co to za choroba? Objawy, przyczyny, diagnostyka i leczenie","datePublished":"2024-08-30T10:00:00+00:00","mainEntityOfPage":{"@id":"https:\/\/www.alab.pl\/centrum-wiedzy\/autoimmunologiczne-zapalenie-watroby-co-to-za-choroba-objawy-przyczyny-diagnostyka-i-leczenie\/"},"wordCount":1993,"publisher":{"@id":"https:\/\/www.alab.pl\/centrum-wiedzy\/#organization"},"image":{"@id":"https:\/\/www.alab.pl\/centrum-wiedzy\/autoimmunologiczne-zapalenie-watroby-co-to-za-choroba-objawy-przyczyny-diagnostyka-i-leczenie\/#primaryimage"},"thumbnailUrl":"https:\/\/www.alab.pl\/centrum-wiedzy\/wp-content\/uploads\/2024\/08\/autoimmunologiczne-zapalenie-watroby-jpg.webp","articleSection":["Choroby autoimmunologiczne"],"inLanguage":"pl-PL"},{"@type":"WebPage","@id":"https:\/\/www.alab.pl\/centrum-wiedzy\/autoimmunologiczne-zapalenie-watroby-co-to-za-choroba-objawy-przyczyny-diagnostyka-i-leczenie\/","url":"https:\/\/www.alab.pl\/centrum-wiedzy\/autoimmunologiczne-zapalenie-watroby-co-to-za-choroba-objawy-przyczyny-diagnostyka-i-leczenie\/","name":"Autoimmunologiczne zapalenie w\u0105troby \u2013 co to za choroba? Objawy, przyczyny, diagnostyka i leczenie - Centrum Wiedzy ALAB laboratoria","isPartOf":{"@id":"https:\/\/www.alab.pl\/centrum-wiedzy\/#website"},"primaryImageOfPage":{"@id":"https:\/\/www.alab.pl\/centrum-wiedzy\/autoimmunologiczne-zapalenie-watroby-co-to-za-choroba-objawy-przyczyny-diagnostyka-i-leczenie\/#primaryimage"},"image":{"@id":"https:\/\/www.alab.pl\/centrum-wiedzy\/autoimmunologiczne-zapalenie-watroby-co-to-za-choroba-objawy-przyczyny-diagnostyka-i-leczenie\/#primaryimage"},"thumbnailUrl":"https:\/\/www.alab.pl\/centrum-wiedzy\/wp-content\/uploads\/2024\/08\/autoimmunologiczne-zapalenie-watroby-jpg.webp","datePublished":"2024-08-30T10:00:00+00:00","description":"Autoimmunologiczne zapalenie w\u0105troby to przewlek\u0142a choroba o pod\u0142o\u017cu autoimmunizacyjnym. Dowiedz si\u0119 wi\u0119cej na jej temat.","breadcrumb":{"@id":"https:\/\/www.alab.pl\/centrum-wiedzy\/autoimmunologiczne-zapalenie-watroby-co-to-za-choroba-objawy-przyczyny-diagnostyka-i-leczenie\/#breadcrumb"},"inLanguage":"pl-PL","potentialAction":[{"@type":"ReadAction","target":["https:\/\/www.alab.pl\/centrum-wiedzy\/autoimmunologiczne-zapalenie-watroby-co-to-za-choroba-objawy-przyczyny-diagnostyka-i-leczenie\/"]}]},{"@type":"ImageObject","inLanguage":"pl-PL","@id":"https:\/\/www.alab.pl\/centrum-wiedzy\/autoimmunologiczne-zapalenie-watroby-co-to-za-choroba-objawy-przyczyny-diagnostyka-i-leczenie\/#primaryimage","url":"https:\/\/www.alab.pl\/centrum-wiedzy\/wp-content\/uploads\/2024\/08\/autoimmunologiczne-zapalenie-watroby-jpg.webp","contentUrl":"https:\/\/www.alab.pl\/centrum-wiedzy\/wp-content\/uploads\/2024\/08\/autoimmunologiczne-zapalenie-watroby-jpg.webp","width":1925,"height":1285,"caption":"autoimmunologiczne zapalenie watroby"},{"@type":"BreadcrumbList","@id":"https:\/\/www.alab.pl\/centrum-wiedzy\/autoimmunologiczne-zapalenie-watroby-co-to-za-choroba-objawy-przyczyny-diagnostyka-i-leczenie\/#breadcrumb","itemListElement":[{"@type":"ListItem","position":1,"name":"Strona g\u0142\u00f3wna","item":"https:\/\/www.alab.pl\/centrum-wiedzy\/"},{"@type":"ListItem","position":2,"name":"Autoimmunologiczne zapalenie w\u0105troby \u2013 co to za choroba? Objawy, przyczyny, diagnostyka i leczenie"}]},{"@type":"WebSite","@id":"https:\/\/www.alab.pl\/centrum-wiedzy\/#website","url":"https:\/\/www.alab.pl\/centrum-wiedzy\/","name":"Centrum Wiedzy ALAB laboratoria","description":"","publisher":{"@id":"https:\/\/www.alab.pl\/centrum-wiedzy\/#organization"},"potentialAction":[{"@type":"SearchAction","target":{"@type":"EntryPoint","urlTemplate":"https:\/\/www.alab.pl\/centrum-wiedzy\/?s={search_term_string}"},"query-input":{"@type":"PropertyValueSpecification","valueRequired":true,"valueName":"search_term_string"}}],"inLanguage":"pl-PL"},{"@type":"Organization","@id":"https:\/\/www.alab.pl\/centrum-wiedzy\/#organization","name":"Centrum Wiedzy ALAB laboratoria","url":"https:\/\/www.alab.pl\/centrum-wiedzy\/","logo":{"@type":"ImageObject","inLanguage":"pl-PL","@id":"https:\/\/www.alab.pl\/centrum-wiedzy\/#\/schema\/logo\/image\/","url":"https:\/\/www.alab.pl\/centrum-wiedzy\/wp-content\/uploads\/2022\/04\/alabek.jpg","contentUrl":"https:\/\/www.alab.pl\/centrum-wiedzy\/wp-content\/uploads\/2022\/04\/alabek.jpg","width":1250,"height":1251,"caption":"Centrum Wiedzy ALAB laboratoria"},"image":{"@id":"https:\/\/www.alab.pl\/centrum-wiedzy\/#\/schema\/logo\/image\/"},"sameAs":["https:\/\/www.facebook.com\/ALABlaboratoria"]},{"@type":"Person","@id":"https:\/\/www.alab.pl\/centrum-wiedzy\/#\/schema\/person\/a48772d19ae89587e0573df941c78e18","name":"Anna Ko\u0142ty\u015b","image":{"@type":"ImageObject","inLanguage":"pl-PL","@id":"https:\/\/www.alab.pl\/centrum-wiedzy\/wp-content\/uploads\/2023\/06\/Anna-Koltys-jpg-150x150.webp7c78690078214a165b8dd128b998cb93","url":"https:\/\/www.alab.pl\/centrum-wiedzy\/wp-content\/uploads\/2023\/06\/Anna-Koltys-jpg-150x150.webp","contentUrl":"https:\/\/www.alab.pl\/centrum-wiedzy\/wp-content\/uploads\/2023\/06\/Anna-Koltys-jpg-150x150.webp","caption":"Anna Ko\u0142ty\u015b"},"description":"Z wykszta\u0142cenia biotechnolog, absolwentka Biotechnologii farmaceutycznej na Politechnice Wroc\u0142awskiej. Z zaanga\u017cowaniem rozwija swoje zainteresowania zawodowe w obszarze diagnostyki chor\u00f3b autoimmunizacyjnych, wci\u0105\u017c poszerzaj\u0105c swoj\u0105 wiedz\u0119 w tym obszarze. Od 2017 roku pracuje w Dziale Informacji Naukowej firmy Euroimmun Polska.","url":"https:\/\/www.alab.pl\/centrum-wiedzy\/author\/anna-koltys\/"}]}},"_links":{"self":[{"href":"https:\/\/www.alab.pl\/centrum-wiedzy\/wp-json\/wp\/v2\/posts\/16573","targetHints":{"allow":["GET"]}}],"collection":[{"href":"https:\/\/www.alab.pl\/centrum-wiedzy\/wp-json\/wp\/v2\/posts"}],"about":[{"href":"https:\/\/www.alab.pl\/centrum-wiedzy\/wp-json\/wp\/v2\/types\/post"}],"author":[{"embeddable":true,"href":"https:\/\/www.alab.pl\/centrum-wiedzy\/wp-json\/wp\/v2\/users\/130"}],"replies":[{"embeddable":true,"href":"https:\/\/www.alab.pl\/centrum-wiedzy\/wp-json\/wp\/v2\/comments?post=16573"}],"version-history":[{"count":0,"href":"https:\/\/www.alab.pl\/centrum-wiedzy\/wp-json\/wp\/v2\/posts\/16573\/revisions"}],"wp:featuredmedia":[{"embeddable":true,"href":"https:\/\/www.alab.pl\/centrum-wiedzy\/wp-json\/wp\/v2\/media\/16419"}],"wp:attachment":[{"href":"https:\/\/www.alab.pl\/centrum-wiedzy\/wp-json\/wp\/v2\/media?parent=16573"}],"wp:term":[{"taxonomy":"category","embeddable":true,"href":"https:\/\/www.alab.pl\/centrum-wiedzy\/wp-json\/wp\/v2\/categories?post=16573"},{"taxonomy":"post_tag","embeddable":true,"href":"https:\/\/www.alab.pl\/centrum-wiedzy\/wp-json\/wp\/v2\/tags?post=16573"},{"taxonomy":"author","embeddable":true,"href":"https:\/\/www.alab.pl\/centrum-wiedzy\/wp-json\/wp\/v2\/coauthors?post=16573"}],"curies":[{"name":"wp","href":"https:\/\/api.w.org\/{rel}","templated":true}]}}