{"id":1707,"date":"2021-09-06T13:21:21","date_gmt":"2021-09-06T11:21:21","guid":{"rendered":"https:\/\/sklep.alablaboratoria.pl\/centrum-wiedzy\/centrum-wiedzy\/?p=1707"},"modified":"2025-10-29T13:07:25","modified_gmt":"2025-10-29T12:07:25","slug":"alergia-w-ciazy","status":"publish","type":"post","link":"https:\/\/www.alab.pl\/centrum-wiedzy\/alergia-w-ciazy\/","title":{"rendered":"Alergia w ci\u0105\u017cy \u2013 czy szkodzi dziecku? Jak sobie z ni\u0105 radzi\u0107?"},"content":{"rendered":"\n<p><strong><em>Artyku\u0142 zosta\u0142 zaktualizowany 29.10.2025 r.<\/em><\/strong><\/p>\n\n\n\n<p><strong>Dane statystyczne donosz\u0105, \u017ce a\u017c 18-30% kobiet w wieku rozrodczym choruje na schorzenia alergiczne, kt\u00f3re w ogromnej wi\u0119kszo\u015bci przypadk\u00f3w s\u0105 chorobami przewlek\u0142ymi. Istnieje wi\u0119c wysokie ryzyko, \u017ce do zaostrzenia lub wyst\u0105pienia choroby alergicznej dojdzie w\u0142a\u015bnie okresie ci\u0105\u017cy lub karmienia piersi\u0105.<\/strong><\/p>\n\n\n\n<p><strong>Z tego artyku\u0142u dowiesz si\u0119:<\/strong><\/p>\n\n\n\n<ul class=\"wp-block-list\">\n<li>Choroby alergiczne mog\u0105 ujawni\u0107 si\u0119 po raz pierwszy w czasie ci\u0105\u017cy, ale mog\u0105 w tym czasie ulec r\u00f3wnie\u017c\u00a0 zaostrzeniu lub wyciszeniu.<\/li>\n\n\n\n<li>Kobieta ci\u0119\u017carna powinna by\u0107 pod sta\u0142\u0105 opiek\u0105 lekarza prowadz\u0105cego (na przyk\u0142ad alergologa, czy dermatologa), kt\u00f3ry powinien odpowiednio pokierowa\u0107 leczeniem.<\/li>\n\n\n\n<li>Diagnostyka alergii w czasie ci\u0105\u017cy opiera si\u0119 o badanie podmiotowe, wywiad chorobowy, ale i badania laboratoryjne, w tym oznaczenie swoistych przeciwcia\u0142 IgE, a tak\u017ce dok\u0142adne badania molekularne, na przyk\u0142ad panel ALEX. <\/li>\n\n\n\n<li>Leczenie schorze\u0144 alergicznych opiera si\u0119 na unikaniu nara\u017cenia na alergeny, ale r\u00f3wnie\u017c na stosowaniu leczenia farmakologicznego, zaleconego przez lekarza prowadz\u0105cego.<\/li>\n<\/ul>\n\n\n\n<p>Spis tre\u015bci:<\/p>\n\n\n\n<ol class=\"wp-block-list\">\n<li><a href=\"#Alergia-w-ci\u0105\u017cy:-co-warto-wiedzie\u0107?\">Alergia w ci\u0105\u017cy: co warto wiedzie\u0107?<\/a><\/li>\n\n\n\n<li><a href=\"#Najcz\u0119stsze-choroby-alergiczne-w-ci\u0105\u017cy\">Najcz\u0119stsze choroby alergiczne w ci\u0105\u017cy<\/a>\n<ul class=\"wp-block-list\">\n<li><span style=\"color: initial;\"><a href=\"#Astma-w-ci\u0105\u017cy\">Astma w ci\u0105\u017cy<\/a><\/span><\/li>\n\n\n\n<li><span style=\"color: initial;\"><a href=\"#Alergiczny-nie\u017cyt-nosa-w-ci\u0105\u017cy\">Alergiczny nie\u017cyt nosa w ci\u0105\u017cy<\/a><\/span><\/li>\n\n\n\n<li><a href=\"#Atopowe-zapalenie-sk\u00f3ry-w-ci\u0105\u017cy\">Atopowe zapalenie sk\u00f3ry w ci\u0105\u017cy<\/a><\/li>\n<\/ul>\n<\/li>\n\n\n\n<li><a href=\"#Nag\u0142a-alergia-w-ci\u0105\u017cy:-czy-to-normalne?\">Nag\u0142a alergia w ci\u0105\u017cy: czy to normalne?<\/a><\/li>\n\n\n\n<li><a href=\"#Uczulenie-w-ci\u0105\u017cy:-objawy-alergii\">Uczulenie w ci\u0105\u017cy: objawy alergii<\/a><\/li>\n\n\n\n<li><a href=\"#Czy-alergia-w-ci\u0105\u017cy-szkodzi-dziecku?\">Czy alergia w ci\u0105\u017cy szkodzi dziecku?<\/a><\/li>\n\n\n\n<li><a href=\"#Alergia-w-ci\u0105\u017cy:-badania-i-diagnostyka-\u017ar\u00f3d\u0142a-uczulenia\">Alergia w ci\u0105\u017cy: badania i diagnostyka \u017ar\u00f3d\u0142a uczulenia<\/a><\/li>\n\n\n\n<li><a href=\"#Co-na-uczulenie-w-ci\u0105\u017cy?\">Co na uczulenie w ci\u0105\u017cy?<\/a>\n<ul class=\"wp-block-list\">\n<li><a href=\"#Domowe-sposoby-na-alergi\u0119-w-ci\u0105\u017cy\">Domowe sposoby na alergi\u0119 w ci\u0105\u017cy<\/a><\/li>\n<\/ul>\n<\/li>\n<\/ol>\n\n\n\n<h2 class=\"wp-block-heading\" id=\"Alergia-w-ci\u0105\u017cy:-co-warto-wiedzie\u0107?\">Alergia w ci\u0105\u017cy: co warto wiedzie\u0107?<\/h2>\n\n\n\n<p>Na wst\u0119pie tego artyku\u0142u warto wyja\u015bni\u0107 sobie czym jest alergia. <a href=\"https:\/\/www.alab.pl\/centrum-wiedzy\/alergia-objawy-przyczyny-rodzaje-rozpoznanie\/\">Alergi\u0105<\/a> nazywamy nadmiern\u0105 reakcj\u0119 uk\u0142adu immunologicznego na okre\u015blone substancje (<a href=\"https:\/\/www.alab.pl\/centrum-wiedzy\/alergeny-czyli-co-najczesciej-uczula-rodzaje-i-lista-alergenow\/\">alergeny<\/a>), kt\u00f3re u os\u00f3b zdrowych nie powoduj\u0105 pojawienia si\u0119 dolegliwo\u015bci. Wspomniane alergeny prowadz\u0105 do zapocz\u0105tkowania reakcji immunologicznej zale\u017cnej od <a href=\"https:\/\/www.alab.pl\/centrum-wiedzy\/alergia-ige-zalezna-czyli-jaka\/\">przeciwcia\u0142 IgE<\/a>, co prowadzi do rozwoju stanu zapalnego i pojawiania si\u0119 objaw\u00f3w klinicznych.<\/p>\n\n\n\n<p>Alergeny, kt\u00f3re najcz\u0119\u015bciej s\u0105 odpowiedzialne za wywo\u0142ywanie alergii, to przede wszystkim:<\/p>\n\n\n\n<ul class=\"wp-block-list\">\n<li>py\u0142ki traw, zb\u00f3\u017c i brzozy,<\/li>\n\n\n\n<li><a href=\"https:\/\/www.alab.pl\/centrum-wiedzy\/alergia-na-psy-i-koty-i-inne-zwierzeta\/\">sier\u015b\u0107 zwierz\u0105t<\/a>,<\/li>\n\n\n\n<li><a href=\"https:\/\/www.alab.pl\/centrum-wiedzy\/alergia-na-roztocza-kurzu-domowego\/\">roztocza kurzu domowego<\/a>,<\/li>\n\n\n\n<li>alergeny pokarmowe (w tym orzechy, mleko, jaja, owoce morza, ryby),<\/li>\n\n\n\n<li>leki,<\/li>\n\n\n\n<li><a href=\"https:\/\/www.alab.pl\/centrum-wiedzy\/zrozumiec-alergie-na-lateks-objawy-diagnostyka-leczenie-i-profilaktyka\/\">lateks<\/a>,<\/li>\n\n\n\n<li>jad owad\u00f3w b\u0142onkoskrzyd\u0142ych.<\/li>\n<\/ul>\n\n\n\n<p>Choroby alergiczne mog\u0105 mie\u0107 wp\u0142yw na przebieg ci\u0105\u017cy, ale warto wiedzie\u0107, \u017ce sama ci\u0105\u017ca i zmiany hormonalne zachodz\u0105ce w organizmie kobiety mog\u0105 wp\u0142ywa\u0107 r\u00f3wnie\u017c na przebieg schorzenia alergicznego.<\/p>\n\n\n\n<figure class=\"wp-block-image size-full\"><a href=\"https:\/\/www.alab.pl\/badanie\/alex-panel-295-diagnostyka-molekularna-alergii\"><img loading=\"lazy\" decoding=\"async\" width=\"800\" height=\"250\" src=\"https:\/\/www.alab.pl\/centrum-wiedzy\/wp-content\/uploads\/2025\/06\/Panel-molekularny-alergii-badamy-295-alergenow_mobile.jpg\" alt=\" Panel molekularny alergii - badamy 295 alergenow_mobile\" class=\"wp-image-24167\" srcset=\"https:\/\/www.alab.pl\/centrum-wiedzy\/wp-content\/uploads\/2025\/06\/Panel-molekularny-alergii-badamy-295-alergenow_mobile.jpg 800w, https:\/\/www.alab.pl\/centrum-wiedzy\/wp-content\/uploads\/2025\/06\/Panel-molekularny-alergii-badamy-295-alergenow_mobile-768x240.jpg 768w, https:\/\/www.alab.pl\/centrum-wiedzy\/wp-content\/uploads\/2025\/06\/Panel-molekularny-alergii-badamy-295-alergenow_mobile-150x47.jpg 150w, https:\/\/www.alab.pl\/centrum-wiedzy\/wp-content\/uploads\/2025\/06\/Panel-molekularny-alergii-badamy-295-alergenow_mobile-300x94.jpg 300w, https:\/\/www.alab.pl\/centrum-wiedzy\/wp-content\/uploads\/2025\/06\/Panel-molekularny-alergii-badamy-295-alergenow_mobile-696x218.jpg 696w\" sizes=\"auto, (max-width: 800px) 100vw, 800px\" \/><\/a><\/figure>\n\n\n\n<h2 class=\"wp-block-heading\" id=\"Najcz\u0119stsze-choroby-alergiczne-w-ci\u0105\u017cy\">Najcz\u0119stsze choroby alergiczne w ci\u0105\u017cy<\/h2>\n\n\n\n<p>Poni\u017cej przedstawiamy najcz\u0119stsze schorzenia alergiczne wik\u0142aj\u0105ce ci\u0105\u017c\u0119 z kr\u00f3tkim ich om\u00f3wieniem. Warto jednak wiedzie\u0107, \u017ce w ci\u0105\u017cy mog\u0105 pojawi\u0107 si\u0119 r\u00f3wnie\u017c inne przypad\u0142o\u015bci, w tym <a href=\"https:\/\/www.alab.pl\/centrum-wiedzy\/pokrzywka-objawy-przyczyny-rodzaje\/\">pokrzywka<\/a> i obrz\u0119k naczynioruchowy, a tak\u017ce <a href=\"https:\/\/www.alab.pl\/centrum-wiedzy\/alergia-pokarmowa\/\">alergia pokarmowa<\/a>.<\/p>\n\n\n\n<h3 class=\"wp-block-heading\" id=\"Astma-w-ci\u0105\u017cy\">Astma w ci\u0105\u017cy<\/h3>\n\n\n\n<p>Dane statystyczne pokazuj\u0105, \u017ce astma wyst\u0119puje nawet u 8-9% ci\u0119\u017carnych kobiet. Trudno przewidzie\u0107, w jaki spos\u00f3b ci\u0105\u017ca wp\u0142ynie na przebieg kliniczny tej choroby. <strong>U oko\u0142o 33% pacjentek dochodzi bowiem do zaostrzenia <\/strong><a href=\"https:\/\/www.alab.pl\/centrum-wiedzy\/astma-przyczyny-objawy-rodzaje-i-leczenie\/\"><strong>astmy<\/strong><\/a><strong>,<\/strong> za\u015b u podobnego odsetka do poprawy w zakresie objaw\u00f3w klinicznych. Wiele kobiet decyduje si\u0119 na odstawienie lek\u00f3w wziewnych (na przyk\u0142ad wziewnych glikokortykosteroid\u00f3w) z powodu obawy o wp\u0142yw tych substancji na rozwijaj\u0105cy si\u0119 p\u0142\u00f3d.<\/p>\n\n\n\n<p>Zgodnie z rekomendacjami, leczenie astmy powinno by\u0107 jednak kontynuowane pod opiek\u0105 lekarza, poniewa\u017c zaostrzenie stanu klinicznego jest dla p\u0142odu znacznie bardziej niebezpieczne ni\u017c przyjmowanie zaleconych lek\u00f3w.<\/p>\n\n\n\n<p><strong>&gt;&gt; Sprawd\u017a: <\/strong><a href=\"https:\/\/www.alab.pl\/centrum-wiedzy\/astma-alergiczna-objawy-diagnostyka-i-leczenie\/\"><strong>Astma alergiczna: objawy, diagnostyka i leczenie<\/strong><\/a><strong><\/strong><\/p>\n\n\n\n<h3 class=\"wp-block-heading\" id=\"Alergiczny-nie\u017cyt-nosa-w-ci\u0105\u017cy\">Alergiczny nie\u017cyt nosa w ci\u0105\u017cy<\/h3>\n\n\n\n<p>Problem ten dotyka nawet 30% ci\u0119\u017carnych i bardzo cz\u0119sto wsp\u00f3\u0142istnieje z astm\u0105 oskrzelow\u0105. Na pogorszenie stanu klinicznego w przebiegu <a href=\"https:\/\/www.alab.pl\/centrum-wiedzy\/alergiczny-niezyt-nosa-najczesciej-diagnozowana-choroba-alergiczna-w-polsce\/\">alergicznego nie\u017cytu nosa<\/a> mog\u0105 mie\u0107 wp\u0142yw zmiany hormonalne, wp\u0142ywaj\u0105ce bezpo\u015brednio na unaczynienie b\u0142ony \u015bluzowej nosa.<\/p>\n\n\n\n<h3 class=\"wp-block-heading\" id=\"Atopowe-zapalenie-sk\u00f3ry-w-ci\u0105\u017cy\">Atopowe zapalenie sk\u00f3ry w ci\u0105\u017cy<\/h3>\n\n\n\n<p><a href=\"https:\/\/www.alab.pl\/centrum-wiedzy\/atopowe-zapalenie-skory-azs\/\">Atopowe zapalenie sk\u00f3ry (AZS)<\/a> mo\u017ce pojawi\u0107 si\u0119 w ci\u0105\u017cy po raz pierwszy, ale mo\u017ce doj\u015b\u0107 r\u00f3wnie\u017c do zaostrzenia w przebiegu ju\u017c istniej\u0105cego AZS. Cz\u0119sto mamy do czynienia z zaostrzeniem stanu chorobowego, poniewa\u017c w atopowym zapaleniu sk\u00f3ry obserwujemy wzrost odpowiedzi Th2-zale\u017cnej, a w ci\u0105\u017cy pod wp\u0142ywem zmian zachodz\u0105cych w organizmie r\u00f3wnie\u017c obserwuje si\u0119 wzrost tej odpowiedzi. Zjawisko to predysponuje w\u0142a\u015bnie do cz\u0119stszych zaostrze\u0144.<\/p>\n\n\n\n<h2 class=\"wp-block-heading\" id=\"Nag\u0142a-alergia-w-ci\u0105\u017cy:-czy-to-normalne?\">Nag\u0142a alergia w ci\u0105\u017cy: czy to normalne?<\/h2>\n\n\n\n<p>Pod poj\u0119ciem nag\u0142a alergia w medycynie mo\u017cna rozumie\u0107 <strong>reakcj\u0119 anafilaktyczn\u0105 i <\/strong><a href=\"https:\/\/www.alab.pl\/centrum-wiedzy\/anafilaksja\/\"><strong>wstrz\u0105s anafilaktyczny<\/strong><\/a>, kt\u00f3ry stanowi bezpo\u015brednie zagro\u017cenia dla \u017cycia i zdrowia kobiety, ale i p\u0142odu. Mo\u017cliwe powik\u0142ania anafilaksji to przede wszystkim:<\/p>\n\n\n\n<ul class=\"wp-block-list\">\n<li>por\u00f3d przedwczesny,<\/li>\n\n\n\n<li>niedotlenienie p\u0142odu,<\/li>\n\n\n\n<li><a href=\"https:\/\/www.alab.pl\/centrum-wiedzy\/poronienie-objawy-przyczyny-rodzaje-poronien\/\">poronienie<\/a>,<\/li>\n\n\n\n<li>a nawet \u015bmier\u0107 p\u0142odu.<\/li>\n<\/ul>\n\n\n\n<p>Zgodnie z danymi statystycznymi cz\u0119sto\u015b\u0107 anafilaksji ci\u0105\u017cy ocenia si\u0119 na 1,5-3,8 na 100000 ci\u0105\u017c.<\/p>\n\n\n\n<h2 class=\"wp-block-heading\" id=\"Uczulenie-w-ci\u0105\u017cy:-objawy-alergii\">Uczulenie w ci\u0105\u017cy: objawy alergii<\/h2>\n\n\n\n<p>Objawy alergii w ci\u0105\u017cy nie r\u00f3\u017cni\u0105 si\u0119 istotnie od symptom\u00f3w tych schorze\u0144 poza ci\u0105\u017c\u0105. Na schorzenia alergiczne mog\u0105 wskazywa\u0107 takie dolegliwo\u015bci jak:<\/p>\n\n\n\n<ul class=\"wp-block-list\">\n<li><strong>pojawienie si\u0119 wodnistego kataru, kichanie, \u015bwi\u0105d nosa<\/strong> \u2013 mo\u017ce to \u015bwiadczy\u0107 o alergicznym nie\u017cycie nosa (ANN), objawy te mog\u0105 by\u0107 nasilone przez wahania hormonalne, w czasie ci\u0105\u017cy wysokie st\u0119\u017cenie estrogen\u00f3w prowadzi do rozpulchnienia \u015bluz\u00f3wki nosa, czego konsekwencj\u0105 jest pojawienie si\u0119 wysi\u0119ku i wodnistej wydzieliny. Warto jednak wiedzie\u0107, \u017ce sam nie\u017cyt nosa w czasie ci\u0105\u017cy uznaje si\u0119 za typowy objaw fizjologiczny. Je\u017celi jednak dochodz\u0105 do niego dodatkowo symptomy takie jak kichanie, sw\u0119dzenie nosa czy \u0142zawienie oczu, to w takiej sytuacji mo\u017cemy podejrzewa\u0107 ANN,<\/li>\n\n\n\n<li><strong>pojawienie si\u0119 sw\u0119dz\u0105cych, zlewaj\u0105cych si\u0119 b\u0105bli pokrzywkowych<\/strong> \u2013 jest to klasyczny objaw pokrzywki,<\/li>\n\n\n\n<li><strong>\u015bwiszcz\u0105cy oddech, uczucie ucisku w klatce piersiowej, suchy kaszel, <\/strong><a href=\"https:\/\/www.alab.pl\/centrum-wiedzy\/dusznosc-punkt-wspolny-wielu-dramatycznych-chorob\/\"><strong>duszno\u015b\u0107<\/strong><\/a> \u2013 mog\u0105 \u015bwiadczy\u0107 o zaostrzeniu astmy oskrzelowej,<\/li>\n\n\n\n<li><strong>zmiany wypryskowe, grudkowo-rumieniowe, sw\u0119dz\u0105ce, wysuszenie sk\u00f3ry <\/strong>\u2013 mog\u0105 odpowiada\u0107 zaostrzeniu atopowego zapalenia sk\u00f3ry,<\/li>\n\n\n\n<li><strong>obrz\u0119k czerwieni wargowej, j\u0119zyka, gard\u0142a, <\/strong><a href=\"https:\/\/www.alab.pl\/centrum-wiedzy\/bol-brzucha-mozliwe-przyczyny-badania\/\"><strong>b\u00f3le brzucha<\/strong><\/a><strong>, <\/strong><a href=\"https:\/\/www.alab.pl\/centrum-wiedzy\/przewlekla-biegunka-u-doroslych-i-dzieci-mozliwe-przyczyny-i-rekomendowane-badania\/\"><strong>biegunka<\/strong><\/a> \u2013 mog\u0105 towarzyszy\u0107 alergii pokarmowej,<\/li>\n\n\n\n<li><strong>przyspieszone t\u0119tno (<\/strong><a href=\"https:\/\/www.alab.pl\/centrum-wiedzy\/co-to-jest-tachykardia-czestoskurcz-objawy-przyczyny-i-leczenie\/\"><strong>tachykardia<\/strong><\/a><strong>), <\/strong><a href=\"https:\/\/www.alab.pl\/centrum-wiedzy\/zawroty-glowy-i-ich-mozliwe-przyczyny-jakie-badania-przeprowadzic\/\"><strong>zawroty g\u0142owy<\/strong><\/a><strong>, obni\u017cenie ci\u015bnienia t\u0119tniczego<\/strong> \u2013 mog\u0105 \u015bwiadczy\u0107 o rozwijaj\u0105cej si\u0119 anafilaksji.<\/li>\n<\/ul>\n\n\n\n<p><strong>&gt;&gt; To mo\u017ce Ci\u0119 zainteresowa\u0107: <\/strong><a href=\"https:\/\/www.alab.pl\/centrum-wiedzy\/niskie-cisnienie-objawy-przyczyny-czym-grozi-i-kiedy-wymaga-leczenia\/\"><strong>Niskie ci\u015bnienie: objawy, przyczyny. Czym grozi i kiedy wymaga leczenia?<\/strong><\/a><strong><\/strong><\/p>\n\n\n\n<h2 class=\"wp-block-heading\" id=\"Czy-alergia-w-ci\u0105\u017cy-szkodzi-dziecku?\">Czy alergia w ci\u0105\u017cy szkodzi dziecku?<\/h2>\n\n\n\n<p>Mo\u017cliwy wp\u0142yw na p\u0142\u00f3d zale\u017cy od konkretnej jednostki chorobowej i stopnia pogorszenia stanu klinicznego. Na przyk\u0142ad s\u0142abo kontrolowana astma mo\u017ce grozi\u0107 takimi powik\u0142aniami jak:<\/p>\n\n\n\n<ul class=\"wp-block-list\">\n<li><strong>por\u00f3d przedwczesny<\/strong>,<\/li>\n\n\n\n<li><strong>zahamowanie wzrostu<\/strong>,<\/li>\n\n\n\n<li><strong>niska masa urodzeniowa<\/strong>,<\/li>\n\n\n\n<li><strong>zwi\u0119kszone ryzyko powik\u0142a\u0144 oko\u0142oporodowych, w tym niedotlenienia.<\/strong><\/li>\n<\/ul>\n\n\n\n<p>Nie wszystkie schorzenia alergiczne wi\u0105\u017c\u0105 si\u0119 jednak z ryzykiem wyst\u0105pienia powa\u017cnych powik\u0142a\u0144. Dla przyk\u0142adu, nie ma aktualnie doniesie\u0144, by atopowe zapalenie sk\u00f3ry mia\u0142o niekorzystny wp\u0142yw na przebieg ci\u0105\u017cy i rozw\u00f3j p\u0142odu.<\/p>\n\n\n\n<p><strong>&gt;&gt; Sprawd\u017a: <\/strong><a href=\"https:\/\/www.alab.pl\/centrum-wiedzy\/przeziebienie-w-ciazy-czy-jest-niebezpieczne-dla-dziecka-jak-sobie-pomoc\/\"><strong>Przezi\u0119bienie w ci\u0105\u017cy \u2013 czy jest niebezpieczne dla dziecka? Jak sobie pom\u00f3c?<\/strong><\/a><strong><\/strong><\/p>\n\n\n\n<h2 class=\"wp-block-heading\" id=\"Alergia-w-ci\u0105\u017cy:-badania-i-diagnostyka-\u017ar\u00f3d\u0142a-uczulenia\">Alergia w ci\u0105\u017cy: badania i diagnostyka \u017ar\u00f3d\u0142a uczulenia<\/h2>\n\n\n\n<ul class=\"wp-block-list\">\n<li>Diagnostyka powinna rozpocz\u0105\u0107 si\u0119 od wnikliwie przeprowadzonego wywiadu chorobowego oraz badania przedmiotowego pacjentki. <strong>W niekt\u00f3rych przypadkach konieczna jest r\u00f3wnie\u017c ocena stanu p\u0142odu,<\/strong> kt\u00f3r\u0105 wykonuje lekarz ginekolog. Badania laboratoryjne pomocne w ustaleniu przyczyny zaostrze\u0144 schorze\u0144 alergicznych to mi\u0119dzy innymi:<\/li>\n\n\n\n<li><a href=\"https:\/\/www.alab.pl\/badanie\/morfologia-krwi-c55\"><strong>morfologia krwi obwodowej<\/strong><\/a><strong> wraz z rozmazem r\u0119cznym<\/strong> \u2013 w przebiegu alergii mo\u017cna obserwowa\u0107 podwy\u017cszony poziom eozynofil\u00f3w,<\/li>\n\n\n\n<li><strong>st\u0119\u017cenie swoistych przeciwcia\u0142 IgE<\/strong> \u2013 oznaczenia te maj\u0105 podobn\u0105 warto\u015b\u0107 diagnostyczn\u0105 jak testy sk\u00f3rne, jednocze\u015bnie maj\u0105 znacznie wy\u017csz\u0105 powtarzalno\u015b\u0107, a na wyniki nie maj\u0105 wp\u0142ywu objawy kliniczne czy prowadzone leczenie, w tym leki przeciwhistaminowe,<\/li>\n\n\n\n<li><strong>badania alergologiczne na poziomie molekularnym <\/strong>\u2013 w tym ALEX Panel 295. Jest to najbardziej zaawansowana generacja test\u00f3w, kt\u00f3ra pozwala uzyska\u0107 kompletny obraz uczulenia ka\u017cdego pacjenta. Panel ALEX ocenia a\u017c 295 sk\u0142adowych \u2013 117 ekstrakt\u00f3w i 178 moleku\u0142. Okre\u015bla prawdziwy profil uczuleniowy poprzez wykluczenie reakcji krzy\u017cowych i ustalenie w\u0142a\u015bciwej cz\u0105stki uczulaj\u0105cej, pozwala ponadto przewidzie\u0107 ryzyko ci\u0119\u017ckich reakcji og\u00f3lnoustrojowych b\u0105d\u017a \u0142agodnych reakcji miejscowych.<\/li>\n<\/ul>\n\n\n\n<p>Warto doda\u0107, \u017ce diagnostyka polegaj\u0105ca na pr\u00f3bach eliminacyjnych i prowokacyjnych powinna zosta\u0107 przeprowadzona po okresie ci\u0105\u017cy.<\/p>\n\n\n\n<p><strong>&gt;&gt; Zobacz: <\/strong><a href=\"https:\/\/www.alab.pl\/centrum-wiedzy\/alergia-na-pylki-immunoterapia-swoista\/\"><strong>Wyleczy\u0107 si\u0119 z alergii na py\u0142ki \u2013 czy jest to mo\u017cliwe?<\/strong><\/a><strong><\/strong><\/p>\n\n\n\n<h2 class=\"wp-block-heading\" id=\"Co-na-uczulenie-w-ci\u0105\u017cy?\">Co na uczulenie w ci\u0105\u017cy?<\/h2>\n\n\n\n<ul class=\"wp-block-list\">\n<li>Leczenie schorze\u0144 alergicznych jest zale\u017cne od konkretnej jednostki chorobowej. Okres ci\u0105\u017cy wi\u0105\u017ce si\u0119 jednak z pewnymi wy\u0142\u0105czeniami, nie mo\u017cna bowiem zastosowa\u0107 ka\u017cdej substancji. W terapii schorze\u0144 alergicznych w czasie ci\u0105\u017cy wykorzystuje si\u0119 mi\u0119dzy innymi:<\/li>\n\n\n\n<li><strong>emolienty, miejscowe kortykosteroidy i inhibitory kalcyneuryny (w postaci kremu, ma\u015bci), fototerapia<\/strong> \u2013 metody te stosowane s\u0105 w leczeniu zaostrzenia atopowego zapalenia sk\u00f3ry,<\/li>\n\n\n\n<li><strong>kortykosteroidy wziewne, beta-sympatykomimetyki d\u0142ugodzia\u0142aj\u0105ce<\/strong> \u2013 stosowane w przebiegu astmy oskrzelowej,<\/li>\n\n\n\n<li><strong>kortykosteroidy donosowe, leki przeciwhistaminowe (typowo cetyryzyna i loratadyna)<\/strong> \u2013 stosowane s\u0105 w alergicznym nie\u017cycie nosa.<\/li>\n<\/ul>\n\n\n\n<p>Nale\u017cy jednak zaznaczy\u0107, \u017ce zastosowanie ka\u017cdej substancji w czasie ci\u0105\u017cy wymaga konsultacji z lekarzem prowadz\u0105cym. W przypadku anafilaksji, post\u0119powanie jest takie samo jak u innych pacjent\u00f3w \u2013 kluczowe jest jak najszybsze podanie adrenaliny.<\/p>\n\n\n\n<p><strong>&gt;&gt; To mo\u017ce Ci\u0119 zainteresowa\u0107: <\/strong><a href=\"https:\/\/www.alab.pl\/centrum-wiedzy\/uczulenie-na-komary-jak-wyglada-objawy-przyczyny-leczenie-alergii-na-komary\/\"><strong>Uczulenie na komary \u2013 jak wygl\u0105da? Objawy, przyczyny, leczenie alergii na komary<\/strong><\/a><strong><\/strong><\/p>\n\n\n\n<h3 class=\"wp-block-heading\" id=\"Domowe-sposoby-na-alergi\u0119-w-ci\u0105\u017cy\">Domowe sposoby na alergi\u0119 w ci\u0105\u017cy<\/h3>\n\n\n\n<p>W\u015br\u00f3d domowych sposob\u00f3w ma alergi\u0119 w ci\u0105\u017cy nale\u017cy wymieni\u0107 przede wszystkim unikanie nara\u017cenia na alergeny, kt\u00f3re zaostrzaj\u0105 przebieg choroby. <strong>Je\u017celi kobieta ci\u0119\u017carna choruje na atopowe zapalenie sk\u00f3ry, to nie mo\u017ce zapomina\u0107 o codziennej emolientoterapii<\/strong> oraz delikatnym myciu sk\u00f3ry z wykorzystaniem dedykowanych do tego dermokosmetyk\u00f3w. Pomocna mo\u017ce by\u0107 r\u00f3wnie\u017c dostosowana do mo\u017cliwo\u015bci, regularna aktywno\u015b\u0107 fizyczna. W badaniach naukowych zauwa\u017cono bowiem, \u017ce <strong>30-minutowe \u0107wiczenia aerobowe mog\u0105 poprawi\u0107 dro\u017cno\u015b\u0107 nosa<\/strong> i zmniejszy\u0107 dolegliwo\u015bci w przebiegu <a href=\"https:\/\/www.alab.pl\/centrum-wiedzy\/alergiczny-niezyt-nosa-najczesciej-diagnozowana-choroba-alergiczna-w-polsce\/\">alergicznego nie\u017cytu nosa<\/a>.<\/p>\n\n\n\n<p>Mo\u017cemy r\u00f3wnie\u017c sami zmniejszy\u0107 nara\u017cenie na alergeny wziewne, na przyk\u0142ad poprzez branie k\u0105pieli od razu po spacerze, czy unikanie wietrzenia pomieszcze\u0144 w sezonie pylenia ro\u015blin, kt\u00f3re s\u0105 dla nas uczulaj\u0105ce. Warto te\u017c zaznaczy\u0107, \u017ce <strong>usuni\u0119cie dywan\u00f3w, a tak\u017ce regularne odkurzanie w mieszkaniu mo\u017ce zmniejszy\u0107 nara\u017cenie na roztocza kurzu domowego,<\/strong> kt\u00f3re mog\u0105 u niekt\u00f3rych pacjent\u00f3w predysponowa\u0107 do zaostrzenia schorze\u0144 alergicznych.<\/p>\n\n\n\n<hr class=\"wp-block-separator has-alpha-channel-opacity\"\/>\n\n\n\n<p><strong>Bibliografia<\/strong><\/p>\n\n\n\n<ol class=\"wp-block-list\">\n<li>D. Adamczak i inni, Choroby alergiczne a ci\u0105\u017ca \u2013 wybrane aspekty praktyczne, Alergia Astma Immunologia 2024, 29(4) 135-139,<\/li>\n\n\n\n<li><span style=\"color: initial;\">A. J. Sybilski, Ci\u0105\u017ca a choroby alergiczne, Medycyna po Dyplomie 2016,<\/span><\/li>\n\n\n\n<li><span style=\"color: initial;\">E. S. Powers i inni, Over-the-Counter Medications in Pregnancy. Am Fam Physician, 2023Oct;108(4):360-369.<\/span><\/li>\n<\/ol>\n","protected":false},"excerpt":{"rendered":"<p>Co warto wiedzie\u0107 na temat alergii w ci\u0105\u017cy? Jak rozpozna\u0107 jej objawy i jak wygl\u0105da diagnostyka?<\/p>\n","protected":false},"author":165,"featured_media":1762,"comment_status":"closed","ping_status":"open","sticky":false,"template":"","format":"standard","meta":{"_acf_changed":false,"inline_featured_image":false,"footnotes":""},"categories":[4,6],"tags":[],"coauthors":[176],"class_list":{"0":"post-1707","1":"post","2":"type-post","3":"status-publish","4":"format-standard","5":"has-post-thumbnail","7":"category-alergia","8":"category-badania-w-ciazy-testy-prenatalne"},"acf":[],"yoast_head":"<!-- This site is optimized with the Yoast SEO plugin v27.5 - https:\/\/yoast.com\/product\/yoast-seo-wordpress\/ -->\n<title>Alergia w ci\u0105\u017cy \u2014 objawy, diagnostyka, leczenie | Alab Laboratoria<\/title>\n<meta name=\"description\" content=\"Alergia w ci\u0105\u017cy mo\u017ce pojawi\u0107 si\u0119 u kobiet, kt\u00f3re wcze\u015bniej nie mia\u0142y \u017cadnych objaw\u00f3w uczulenia. Co zrobi\u0107 w takiej sytuacji? Sprawd\u017a!\" \/>\n<meta name=\"robots\" content=\"index, follow, max-snippet:-1, max-image-preview:large, max-video-preview:-1\" \/>\n<link rel=\"canonical\" href=\"https:\/\/www.alab.pl\/centrum-wiedzy\/alergia-w-ciazy\/\" \/>\n<meta property=\"og:locale\" content=\"pl_PL\" \/>\n<meta property=\"og:type\" content=\"article\" \/>\n<meta property=\"og:title\" content=\"Alergia w ci\u0105\u017cy \u2014 objawy, diagnostyka, leczenie | Alab Laboratoria\" \/>\n<meta property=\"og:description\" content=\"Alergia w ci\u0105\u017cy mo\u017ce pojawi\u0107 si\u0119 u kobiet, kt\u00f3re wcze\u015bniej nie mia\u0142y \u017cadnych objaw\u00f3w uczulenia. Co zrobi\u0107 w takiej sytuacji? Sprawd\u017a!\" \/>\n<meta property=\"og:url\" content=\"https:\/\/www.alab.pl\/centrum-wiedzy\/alergia-w-ciazy\/\" \/>\n<meta property=\"og:site_name\" content=\"Centrum Wiedzy ALAB laboratoria\" \/>\n<meta property=\"article:publisher\" content=\"https:\/\/www.facebook.com\/ALABlaboratoria\" \/>\n<meta property=\"article:published_time\" content=\"2021-09-06T11:21:21+00:00\" \/>\n<meta property=\"article:modified_time\" content=\"2025-10-29T12:07:25+00:00\" \/>\n<meta property=\"og:image\" content=\"https:\/\/www.alab.pl\/centrum-wiedzy\/wp-content\/uploads\/2021\/09\/kobieta-w-ciazy-z-katarem-alergicznym.jpg\" \/>\n\t<meta property=\"og:image:width\" content=\"1400\" \/>\n\t<meta property=\"og:image:height\" content=\"933\" \/>\n\t<meta property=\"og:image:type\" content=\"image\/jpeg\" \/>\n<meta name=\"author\" content=\"Katarzyna Banaszczyk\" \/>\n<meta name=\"twitter:card\" content=\"summary_large_image\" \/>\n<meta name=\"twitter:label1\" content=\"Napisane przez\" \/>\n\t<meta name=\"twitter:data1\" content=\"Katarzyna Banaszczyk\" \/>\n\t<meta name=\"twitter:label2\" content=\"Szacowany czas czytania\" \/>\n\t<meta name=\"twitter:data2\" content=\"9 minut\" \/>\n\t<meta name=\"twitter:label3\" content=\"Written by\" \/>\n\t<meta name=\"twitter:data3\" content=\"Katarzyna Banaszczyk\" \/>\n<!-- \/ Yoast SEO plugin. -->","yoast_head_json":{"title":"Alergia w ci\u0105\u017cy \u2014 objawy, diagnostyka, leczenie | Alab Laboratoria","description":"Alergia w ci\u0105\u017cy mo\u017ce pojawi\u0107 si\u0119 u kobiet, kt\u00f3re wcze\u015bniej nie mia\u0142y \u017cadnych objaw\u00f3w uczulenia. Co zrobi\u0107 w takiej sytuacji? Sprawd\u017a!","robots":{"index":"index","follow":"follow","max-snippet":"max-snippet:-1","max-image-preview":"max-image-preview:large","max-video-preview":"max-video-preview:-1"},"canonical":"https:\/\/www.alab.pl\/centrum-wiedzy\/alergia-w-ciazy\/","og_locale":"pl_PL","og_type":"article","og_title":"Alergia w ci\u0105\u017cy \u2014 objawy, diagnostyka, leczenie | Alab Laboratoria","og_description":"Alergia w ci\u0105\u017cy mo\u017ce pojawi\u0107 si\u0119 u kobiet, kt\u00f3re wcze\u015bniej nie mia\u0142y \u017cadnych objaw\u00f3w uczulenia. Co zrobi\u0107 w takiej sytuacji? Sprawd\u017a!","og_url":"https:\/\/www.alab.pl\/centrum-wiedzy\/alergia-w-ciazy\/","og_site_name":"Centrum Wiedzy ALAB laboratoria","article_publisher":"https:\/\/www.facebook.com\/ALABlaboratoria","article_published_time":"2021-09-06T11:21:21+00:00","article_modified_time":"2025-10-29T12:07:25+00:00","og_image":[{"width":1400,"height":933,"url":"https:\/\/www.alab.pl\/centrum-wiedzy\/wp-content\/uploads\/2021\/09\/kobieta-w-ciazy-z-katarem-alergicznym.jpg","type":"image\/jpeg"}],"author":"Katarzyna Banaszczyk","twitter_card":"summary_large_image","twitter_misc":{"Napisane przez":"Katarzyna Banaszczyk","Szacowany czas czytania":"9 minut","Written by":"Katarzyna Banaszczyk"},"schema":{"@context":"https:\/\/schema.org","@graph":[{"@type":"Article","@id":"https:\/\/www.alab.pl\/centrum-wiedzy\/alergia-w-ciazy\/#article","isPartOf":{"@id":"https:\/\/www.alab.pl\/centrum-wiedzy\/alergia-w-ciazy\/"},"author":{"name":"Katarzyna Banaszczyk","@id":"https:\/\/www.alab.pl\/centrum-wiedzy\/#\/schema\/person\/308fb46be1959418e2e115e61c335941"},"headline":"Alergia w ci\u0105\u017cy \u2013 czy szkodzi dziecku? Jak sobie z ni\u0105 radzi\u0107?","datePublished":"2021-09-06T11:21:21+00:00","dateModified":"2025-10-29T12:07:25+00:00","mainEntityOfPage":{"@id":"https:\/\/www.alab.pl\/centrum-wiedzy\/alergia-w-ciazy\/"},"wordCount":1719,"publisher":{"@id":"https:\/\/www.alab.pl\/centrum-wiedzy\/#organization"},"image":{"@id":"https:\/\/www.alab.pl\/centrum-wiedzy\/alergia-w-ciazy\/#primaryimage"},"thumbnailUrl":"https:\/\/www.alab.pl\/centrum-wiedzy\/wp-content\/uploads\/2021\/09\/kobieta-w-ciazy-z-katarem-alergicznym.jpg","articleSection":["Alergia","Badania w ci\u0105\u017cy, testy prenatalne"],"inLanguage":"pl-PL"},{"@type":"WebPage","@id":"https:\/\/www.alab.pl\/centrum-wiedzy\/alergia-w-ciazy\/","url":"https:\/\/www.alab.pl\/centrum-wiedzy\/alergia-w-ciazy\/","name":"Alergia w ci\u0105\u017cy \u2014 objawy, diagnostyka, leczenie | Alab Laboratoria","isPartOf":{"@id":"https:\/\/www.alab.pl\/centrum-wiedzy\/#website"},"primaryImageOfPage":{"@id":"https:\/\/www.alab.pl\/centrum-wiedzy\/alergia-w-ciazy\/#primaryimage"},"image":{"@id":"https:\/\/www.alab.pl\/centrum-wiedzy\/alergia-w-ciazy\/#primaryimage"},"thumbnailUrl":"https:\/\/www.alab.pl\/centrum-wiedzy\/wp-content\/uploads\/2021\/09\/kobieta-w-ciazy-z-katarem-alergicznym.jpg","datePublished":"2021-09-06T11:21:21+00:00","dateModified":"2025-10-29T12:07:25+00:00","description":"Alergia w ci\u0105\u017cy mo\u017ce pojawi\u0107 si\u0119 u kobiet, kt\u00f3re wcze\u015bniej nie mia\u0142y \u017cadnych objaw\u00f3w uczulenia. Co zrobi\u0107 w takiej sytuacji? Sprawd\u017a!","breadcrumb":{"@id":"https:\/\/www.alab.pl\/centrum-wiedzy\/alergia-w-ciazy\/#breadcrumb"},"inLanguage":"pl-PL","potentialAction":[{"@type":"ReadAction","target":["https:\/\/www.alab.pl\/centrum-wiedzy\/alergia-w-ciazy\/"]}]},{"@type":"ImageObject","inLanguage":"pl-PL","@id":"https:\/\/www.alab.pl\/centrum-wiedzy\/alergia-w-ciazy\/#primaryimage","url":"https:\/\/www.alab.pl\/centrum-wiedzy\/wp-content\/uploads\/2021\/09\/kobieta-w-ciazy-z-katarem-alergicznym.jpg","contentUrl":"https:\/\/www.alab.pl\/centrum-wiedzy\/wp-content\/uploads\/2021\/09\/kobieta-w-ciazy-z-katarem-alergicznym.jpg","width":1400,"height":933,"caption":"alergia w ci\u0105\u017cy"},{"@type":"BreadcrumbList","@id":"https:\/\/www.alab.pl\/centrum-wiedzy\/alergia-w-ciazy\/#breadcrumb","itemListElement":[{"@type":"ListItem","position":1,"name":"Strona g\u0142\u00f3wna","item":"https:\/\/www.alab.pl\/centrum-wiedzy\/"},{"@type":"ListItem","position":2,"name":"Alergia w ci\u0105\u017cy \u2013 czy szkodzi dziecku? Jak sobie z ni\u0105 radzi\u0107?"}]},{"@type":"WebSite","@id":"https:\/\/www.alab.pl\/centrum-wiedzy\/#website","url":"https:\/\/www.alab.pl\/centrum-wiedzy\/","name":"Centrum Wiedzy ALAB laboratoria","description":"","publisher":{"@id":"https:\/\/www.alab.pl\/centrum-wiedzy\/#organization"},"potentialAction":[{"@type":"SearchAction","target":{"@type":"EntryPoint","urlTemplate":"https:\/\/www.alab.pl\/centrum-wiedzy\/?s={search_term_string}"},"query-input":{"@type":"PropertyValueSpecification","valueRequired":true,"valueName":"search_term_string"}}],"inLanguage":"pl-PL"},{"@type":"Organization","@id":"https:\/\/www.alab.pl\/centrum-wiedzy\/#organization","name":"Centrum Wiedzy ALAB laboratoria","url":"https:\/\/www.alab.pl\/centrum-wiedzy\/","logo":{"@type":"ImageObject","inLanguage":"pl-PL","@id":"https:\/\/www.alab.pl\/centrum-wiedzy\/#\/schema\/logo\/image\/","url":"https:\/\/www.alab.pl\/centrum-wiedzy\/wp-content\/uploads\/2022\/04\/alabek.jpg","contentUrl":"https:\/\/www.alab.pl\/centrum-wiedzy\/wp-content\/uploads\/2022\/04\/alabek.jpg","width":1250,"height":1251,"caption":"Centrum Wiedzy ALAB laboratoria"},"image":{"@id":"https:\/\/www.alab.pl\/centrum-wiedzy\/#\/schema\/logo\/image\/"},"sameAs":["https:\/\/www.facebook.com\/ALABlaboratoria"]},{"@type":"Person","@id":"https:\/\/www.alab.pl\/centrum-wiedzy\/#\/schema\/person\/308fb46be1959418e2e115e61c335941","name":"Katarzyna Banaszczyk","image":{"@type":"ImageObject","inLanguage":"pl-PL","@id":"https:\/\/www.alab.pl\/centrum-wiedzy\/wp-content\/uploads\/2024\/12\/Katarzyna-Banaszczyk-150x150.jpgdd037207674aeb9b7e97c9616a0cf536","url":"https:\/\/www.alab.pl\/centrum-wiedzy\/wp-content\/uploads\/2024\/12\/Katarzyna-Banaszczyk-150x150.jpg","contentUrl":"https:\/\/www.alab.pl\/centrum-wiedzy\/wp-content\/uploads\/2024\/12\/Katarzyna-Banaszczyk-150x150.jpg","caption":"Katarzyna Banaszczyk"},"description":"Lekarka w trakcie specjalizacji z dermatologii i wenerologii. Absolwentka Collegium Medicum UMK im. Ludwika Rydygiera w Bydgoszczy. Wyk\u0142adowca akademicki Collegium Medicum im. W\u0142adys\u0142awa Biega\u0144skiego w Cz\u0119stochowie.","url":"https:\/\/www.alab.pl\/centrum-wiedzy\/author\/katarzyna-banaszczyk\/"}]}},"_links":{"self":[{"href":"https:\/\/www.alab.pl\/centrum-wiedzy\/wp-json\/wp\/v2\/posts\/1707","targetHints":{"allow":["GET"]}}],"collection":[{"href":"https:\/\/www.alab.pl\/centrum-wiedzy\/wp-json\/wp\/v2\/posts"}],"about":[{"href":"https:\/\/www.alab.pl\/centrum-wiedzy\/wp-json\/wp\/v2\/types\/post"}],"author":[{"embeddable":true,"href":"https:\/\/www.alab.pl\/centrum-wiedzy\/wp-json\/wp\/v2\/users\/165"}],"replies":[{"embeddable":true,"href":"https:\/\/www.alab.pl\/centrum-wiedzy\/wp-json\/wp\/v2\/comments?post=1707"}],"version-history":[{"count":2,"href":"https:\/\/www.alab.pl\/centrum-wiedzy\/wp-json\/wp\/v2\/posts\/1707\/revisions"}],"predecessor-version":[{"id":27691,"href":"https:\/\/www.alab.pl\/centrum-wiedzy\/wp-json\/wp\/v2\/posts\/1707\/revisions\/27691"}],"wp:featuredmedia":[{"embeddable":true,"href":"https:\/\/www.alab.pl\/centrum-wiedzy\/wp-json\/wp\/v2\/media\/1762"}],"wp:attachment":[{"href":"https:\/\/www.alab.pl\/centrum-wiedzy\/wp-json\/wp\/v2\/media?parent=1707"}],"wp:term":[{"taxonomy":"category","embeddable":true,"href":"https:\/\/www.alab.pl\/centrum-wiedzy\/wp-json\/wp\/v2\/categories?post=1707"},{"taxonomy":"post_tag","embeddable":true,"href":"https:\/\/www.alab.pl\/centrum-wiedzy\/wp-json\/wp\/v2\/tags?post=1707"},{"taxonomy":"author","embeddable":true,"href":"https:\/\/www.alab.pl\/centrum-wiedzy\/wp-json\/wp\/v2\/coauthors?post=1707"}],"curies":[{"name":"wp","href":"https:\/\/api.w.org\/{rel}","templated":true}]}}