{"id":17093,"date":"2024-09-26T12:20:00","date_gmt":"2024-09-26T10:20:00","guid":{"rendered":"https:\/\/sklep.alablaboratoria.pl\/centrum-wiedzy\/?p=17093"},"modified":"2024-09-26T12:20:00","modified_gmt":"2024-09-26T10:20:00","slug":"ciaza-geriatryczna-co-to-jest-i-kiedy-o-niej-mowimy-jakie-badania-zrobic-przed-pozna-ciaza","status":"publish","type":"post","link":"https:\/\/www.alab.pl\/centrum-wiedzy\/ciaza-geriatryczna-co-to-jest-i-kiedy-o-niej-mowimy-jakie-badania-zrobic-przed-pozna-ciaza\/","title":{"rendered":"Ci\u0105\u017ca geriatryczna \u2013 co to jest i kiedy o niej m\u00f3wimy? Jakie badania zrobi\u0107 przed p\u00f3\u017an\u0105 ci\u0105\u017c\u0105?"},"content":{"rendered":"\n<p><strong>W ostatnich latach coraz wi\u0119cej kobiet decyduje si\u0119 na macierzy\u0144stwo w p\u00f3\u017aniejszym wieku, co prowadzi do wzrostu liczby tzw. ci\u0105\u017c geriatrycznych. Chocia\u017c im przysz\u0142a mama jest starsza, tym wzrasta ryzyko powik\u0142a\u0144 <\/strong>\u2013<strong> dzi\u0119ki rozwojowi wsp\u00f3\u0142czesnej medycyny w wi\u0119kszo\u015bci przypadk\u00f3w udaje si\u0119 ich unikn\u0105\u0107. Dowiedz si\u0119, jak przygotowa\u0107 si\u0119 do ci\u0105\u017cy w p\u00f3\u017anym wieku.<\/strong><\/p>\n\n\n\n<p>Spis tre\u015bci:<\/p>\n\n\n\n<ol class=\"wp-block-list\">\n<li><a href=\"#Ci\u0105\u017ca-geriatryczna-\u2013-co-to-jest?\">Ci\u0105\u017ca geriatryczna \u2013 co to jest?<\/a>\n<ul class=\"wp-block-list\">\n<li><a href=\"#Ci\u0105\u017ca-geriatryczna-\u2013-od-jakiego-wieku?\">Ci\u0105\u017ca geriatryczna \u2013 od jakiego wieku?<\/a><\/li>\n<\/ul>\n<\/li>\n\n\n\n<li><a href=\"#Ci\u0105\u017ca-w-p\u00f3\u017anym-wieku-\u2013-czynniki-ryzyka\">Ci\u0105\u017ca w p\u00f3\u017anym wieku \u2013 czynniki ryzyka<\/a>\n<ul class=\"wp-block-list\">\n<li><a href=\"#Czy-ci\u0105\u017ca-po-40-stce-jest-bezpieczna?\">Czy ci\u0105\u017ca po 40-stce jest bezpieczna?<\/a><\/li>\n<\/ul>\n<\/li>\n\n\n\n<li><a href=\"#Jak-przygotowa\u0107-si\u0119-do-ci\u0105\u017cy-po-40.-roku-\u017cycia?\">Jak przygotowa\u0107 si\u0119 do ci\u0105\u017cy po 40. roku \u017cycia?<\/a>\n<ul class=\"wp-block-list\">\n<li><a href=\"#Ci\u0105\u017ca-geriatryczna-\u2013-jakie-badania-warto-wykona\u0107?\">Ci\u0105\u017ca geriatryczna \u2013 jakie badania warto wykona\u0107?<\/a><\/li>\n<\/ul>\n<\/li>\n<\/ol>\n\n\n\n<h2 class=\"wp-block-heading\" id=\"Ci\u0105\u017ca-geriatryczna-\u2013-co-to-jest?\">Ci\u0105\u017ca geriatryczna \u2013 co to jest?<\/h2>\n\n\n\n<p>Ci\u0105\u017ca geriatryczna<strong> to okre\u015blenie na ci\u0105\u017c\u0119 w p\u00f3\u017aniejszym wieku<\/strong>. Nale\u017cy zdawa\u0107 sobie spraw\u0119, \u017ce nie jest to termin medyczny. Nie nale\u017cy go tak\u017ce dos\u0142ownie \u0142\u0105czy\u0107 z \u201cgeriatri\u0105\u201d, czyli dziedzin\u0105 medycyny skupiaj\u0105c\u0105 si\u0119 na schorzeniach wieku podesz\u0142ego (powy\u017cej 65. roku \u017cycia).<\/p>\n\n\n\n<p>Panuje pogl\u0105d, \u017ce optymalny moment na zaj\u015bcie w ci\u0105\u017c\u0119 jest mi\u0119dzy 20. a 30. rokiem \u017cycia. Ma to swoje uzasadnienie medyczne. Kobiety w tej grupie maj\u0105 wysok\u0105 p\u0142odno\u015b\u0107, rzadko choruj\u0105 na choroby przewlek\u0142e, a ich organizm \u0142atwo adaptuje si\u0119 do zmian nast\u0119puj\u0105cych po zap\u0142odnieniu i szybciej wraca do normy po porodzie.<\/p>\n\n\n\n<p>Tymczasem ci\u0105\u017ca w po\u017aniejszym wieku to zjawisko, kt\u00f3re obserwuje si\u0119 w Polsce coraz cz\u0119\u015bciej. <strong>Ro\u015bnie liczba kobiet, kt\u00f3re w chwili swojego pierwszego porodu maj\u0105 35 lat lub wi\u0119cej<\/strong>. Wp\u0142yw ma na to wiele czynnik\u00f3w \u2013 m.in. spo\u0142ecznych, ekonomicznych czy psychologicznych.<\/p>\n\n\n\n<h3 class=\"wp-block-heading\" id=\"Ci\u0105\u017ca-geriatryczna-\u2013-od-jakiego-wieku?\">Ci\u0105\u017ca geriatryczna \u2013 od jakiego wieku?<\/h3>\n\n\n\n<p>Za ci\u0105\u017c\u0119 geriatryczn\u0105 uznaje si\u0119 <strong>ci\u0105\u017c\u0119 u kobiet powy\u017cej 35. roku \u017cycia<\/strong>. Niekt\u00f3re \u017ar\u00f3d\u0142a sugeruj\u0105, \u017ce granica wieku mo\u017ce by\u0107 przesuni\u0119ta na 40 lat, zw\u0142aszcza w kontek\u015bcie szybkiego rozwoju wsp\u00f3\u0142czesnej medycyny i d\u0142u\u017cszego okresu p\u0142odno\u015bci u niekt\u00f3rych kobiet.<\/p>\n\n\n\n<p><strong>&gt;&gt; Przeczytaj te\u017c: <a href=\"https:\/\/www.alab.pl\/centrum-wiedzy\/zywienie-w-ciazy-na-co-warto-zwrocic-uwage\/\" target=\"_blank\" rel=\"noreferrer noopener\">\u017bywienie w ci\u0105\u017cy \u2013 na co warto zwr\u00f3ci\u0107 uwag\u0119?<\/a><\/strong><\/p>\n\n\n\n<h2 class=\"wp-block-heading\" id=\"Ci\u0105\u017ca-w-p\u00f3\u017anym-wieku-\u2013-czynniki-ryzyka\">Ci\u0105\u017ca w p\u00f3\u017anym wieku \u2013 czynniki ryzyka<\/h2>\n\n\n\n<p>Wiele kobiet zastanawia si\u0119, czy ci\u0105\u017ca po 40. roku \u017cycia jest bezpieczna. <strong>Nale\u017cy zdawa\u0107 sobie spraw\u0119, \u017ce wraz z wiekiem matki ro\u015bnie ryzyko powik\u0142a\u0144.<\/strong> Jednym z najpowa\u017cniejszych zagro\u017ce\u0144 jest zwi\u0119kszone ryzyko wad genetycznych u dziecka. Do innych zalicza si\u0119 m.in.:<\/p>\n\n\n\n<ul class=\"wp-block-list\">\n<li>wewn\u0105trzmaciczne zahamowanie wzrostu p\u0142odu,<\/li>\n\n\n\n<li>\u015bmier\u0107 oko\u0142oporodowa,<\/li>\n\n\n\n<li>por\u00f3d przedwczesny.<\/li>\n<\/ul>\n\n\n\n<p>U kobiet, kt\u00f3re decyduj\u0105 si\u0119 na ci\u0105\u017c\u0119 w p\u00f3\u017anym wieku cz\u0119\u015bciej wyst\u0119puj\u0105 schorzenia takie jak nadci\u015bnienie indukowane ci\u0105\u017c\u0105 (PIH), stan przedrzucawkowy, <a href=\"https:\/\/www.alab.pl\/centrum-wiedzy\/cukrzyca-ciazowa\/\" target=\"_blank\" rel=\"noreferrer noopener\">cukrzyca ci\u0105\u017cowa<\/a>, choroby sercowo-naczyniowe czy zaburzenia tarczycy. Mog\u0105 one wp\u0142ywa\u0107 na przebieg ci\u0105\u017cy i stan zdrowia matki oraz dziecka.<\/p>\n\n\n\n<h3 class=\"wp-block-heading\" id=\"Czy-ci\u0105\u017ca-po-40-stce-jest-bezpieczna?\">Czy ci\u0105\u017ca po 40-stce jest bezpieczna?<\/h3>\n\n\n\n<p>Ci\u0105\u017ca po 40. roku \u017cycia niesie ze sob\u0105 wi\u0119ksze ryzyko powik\u0142a\u0144. Jednak dzi\u0119ki post\u0119powi medycyny i odpowiedniej opiece prenatalnej, <strong>wiele kobiet mo\u017ce bezpiecznie przej\u015b\u0107 przez ci\u0105\u017c\u0119 i urodzi\u0107 zdrowe dziecko<\/strong>.<\/p>\n\n\n\n<p>Nale\u017cy pami\u0119ta\u0107, \u017ce <strong>wiek jest tylko jednym z wielu czynnik\u00f3w, kt\u00f3re wp\u0142ywaj\u0105 na przebieg ci\u0105\u017cy<\/strong>. Kobiety w wieku powy\u017cej 40 lat, kt\u00f3re s\u0105 zdrowe, prowadz\u0105 aktywny tryb \u017cycia i regularnie kontroluj\u0105 stan swojego zdrowia, maj\u0105 du\u017ce szanse na bezpieczn\u0105 i zdrow\u0105 ci\u0105\u017c\u0119.<\/p>\n\n\n\n<h2 class=\"wp-block-heading\" id=\"Jak-przygotowa\u0107-si\u0119-do-ci\u0105\u017cy-po-40.-roku-\u017cycia?\">Jak przygotowa\u0107 si\u0119 do ci\u0105\u017cy po 40. roku \u017cycia?<\/h2>\n\n\n\n<p>Odpowiednie przygotowania do ci\u0105\u017cy s\u0105 wa\u017cne w ka\u017cdym wieku. <strong>Zmiany zachodz\u0105ce niemal we wszystkich uk\u0142adach po zap\u0142odnieniu mog\u0105 by\u0107 bardzo obci\u0105\u017caj\u0105ce dla organizmu.<\/strong> Dlatego wcze\u015bniej dobrze jest zadba\u0107 o swoje zdrowie oraz kondycj\u0119 fizyczn\u0105 i psychiczn\u0105.<\/p>\n\n\n\n<p><strong>Przygotowania do ci\u0105\u017cy po 40. roku \u017cycia<\/strong> obejmuj\u0105:<\/p>\n\n\n\n<ul class=\"wp-block-list\">\n<li>konsultacj\u0119 lekarsk\u0105 w celu oceny og\u00f3lnego stanu zdrowia oraz ewentualnej modyfikacji lek\u00f3w przyjmowanych na sta\u0142e,<\/li>\n\n\n\n<li>wykonanie bada\u0144 laboratoryjnych pozwalaj\u0105cych oceni\u0107 og\u00f3lny stan zdrowia i p\u0142odno\u015b\u0107,<\/li>\n\n\n\n<li>zrezygnowanie z u\u017cywek,<\/li>\n\n\n\n<li>ograniczenie stresu i nauk\u0119 technik relaksacyjnych<\/li>\n\n\n\n<li>regularn\u0105 aktywno\u015b\u0107 fizyczn\u0105,<\/li>\n\n\n\n<li>modyfikacj\u0119 diety na dobrze zbilansowan\u0105, bogat\u0105 w witaminy, minera\u0142y i wszystkie niezb\u0119dne sk\u0142adniki od\u017cywcze.<\/li>\n<\/ul>\n\n\n\n<p>Minimum 12 tygodni przed planowanym zaj\u015bciem w ci\u0105\u017c\u0119 nale\u017cy wdro\u017cy\u0107 <strong>suplementacj\u0119 folian\u00f3w<\/strong>, kt\u00f3re redukuj\u0105 ryzyko wad cewy nerwowej u dziecka.<\/p>\n\n\n\n<p><strong>&gt;&gt; Zobacz te\u017c: <a href=\"https:\/\/www.alab.pl\/centrum-wiedzy\/badania-prenatalne-co-warto-wiedziec\/\" target=\"_blank\" rel=\"noreferrer noopener\">Badania prenatalne \u2013 wszystko, co nale\u017cy wiedzie\u0107<\/a><\/strong><\/p>\n\n\n\n<h3 class=\"wp-block-heading\" id=\"Ci\u0105\u017ca-geriatryczna-\u2013-jakie-badania-warto-wykona\u0107?\">Ci\u0105\u017ca geriatryczna \u2013 jakie badania warto wykona\u0107?<\/h3>\n\n\n\n<p>Aby ograniczy\u0107 ryzyko powik\u0142a\u0144, kobiety planuj\u0105ce dziecko powinny monitorowa\u0107 sw\u00f3j stan zdrowia. <strong>Zalecane badania przed ci\u0105\u017c\u0105 po 30. czy 40. roku \u017cycia<\/strong> to m.in.:<\/p>\n\n\n\n<ul class=\"wp-block-list\">\n<li>badania oceniaj\u0105ce funkcje tarczycy (TSH, FT3 i FT4),<\/li>\n\n\n\n<li><a href=\"https:\/\/www.alab.pl\/badanie\/badanie-ogolne-moczu-a01\">badanie og\u00f3lne moczu<\/a>,<\/li>\n\n\n\n<li><a href=\"https:\/\/www.alab.pl\/badanie\/morfologia-krwi-c55\">morfologia krwi<\/a>,<\/li>\n\n\n\n<li>st\u0119\u017cenie <a href=\"https:\/\/www.alab.pl\/badanie\/glukoza-l43\">glukozy<\/a>,<\/li>\n\n\n\n<li>poziom <a href=\"https:\/\/www.alab.pl\/badanie\/zelazo-w-surowicy-o95\">\u017celaza<\/a>,<\/li>\n\n\n\n<li>poziom <a href=\"https:\/\/www.alab.pl\/badanie\/witamina-25ohd2d3-metoda-hplc\">witaminy D<\/a>,<\/li>\n\n\n\n<li>poziom <a href=\"https:\/\/www.alab.pl\/centrum-wiedzy\/kwas-foliowy-witamina-b9\/\" target=\"_blank\" rel=\"noreferrer noopener\">kwasu foliowego<\/a>,<\/li>\n\n\n\n<li>poziom <a href=\"https:\/\/www.alab.pl\/badanie\/wapn-calkowity-w-surowicy-o77\">wapnia<\/a>,<\/li>\n\n\n\n<li>testy na obecno\u015b\u0107 chor\u00f3b zaka\u017anych (wirusowego zapalenia w\u0105troby typu B i C, HIV, wirusa cytomegalii, toksoplazmozy, r\u00f3\u017cyczki).<\/li>\n<\/ul>\n\n\n\n<p>Opr\u00f3cz tego warto wykona\u0107 r\u00f3wnie\u017c badanie ginekologiczne (wraz z USG i <a href=\"https:\/\/www.alab.pl\/centrum-wiedzy\/cytologia\/\" target=\"_blank\" rel=\"noreferrer noopener\">cytologi\u0105<\/a>), USG piersi i USG jamy brzusznej. Zalecany jest tak\u017ce przegl\u0105d stomatologiczny.<\/p>\n\n\n\n<figure class=\"wp-block-image size-full\"><a href=\"https:\/\/www.alab.pl\/pakiet\/pakiet-kobiety-przed-ciaza\"><img loading=\"lazy\" decoding=\"async\" width=\"800\" height=\"200\" src=\"https:\/\/www.alab.pl\/centrum-wiedzy\/wp-content\/uploads\/2024\/08\/Pakiet-kobiety-przed-ciaza-15-badan-jpg.webp\" alt=\"Pakiet kobiety przed cia\u0328z\u0307a\u0328 (15 badan\u0301)\" class=\"wp-image-16477\" srcset=\"https:\/\/www.alab.pl\/centrum-wiedzy\/wp-content\/uploads\/2024\/08\/Pakiet-kobiety-przed-ciaza-15-badan-jpg.webp 800w, https:\/\/www.alab.pl\/centrum-wiedzy\/wp-content\/uploads\/2024\/08\/Pakiet-kobiety-przed-ciaza-15-badan-jpg-768x192.webp 768w, https:\/\/www.alab.pl\/centrum-wiedzy\/wp-content\/uploads\/2024\/08\/Pakiet-kobiety-przed-ciaza-15-badan-jpg-150x38.webp 150w, https:\/\/www.alab.pl\/centrum-wiedzy\/wp-content\/uploads\/2024\/08\/Pakiet-kobiety-przed-ciaza-15-badan-jpg-300x75.webp 300w, https:\/\/www.alab.pl\/centrum-wiedzy\/wp-content\/uploads\/2024\/08\/Pakiet-kobiety-przed-ciaza-15-badan-jpg-696x174.webp 696w\" sizes=\"auto, (max-width: 800px) 100vw, 800px\" \/><\/a><\/figure>\n\n\n\n<p>P\u00f3\u017ana ci\u0105\u017ca jest zwi\u0105zana z pewnym ryzykiem powik\u0142a\u0144, jednak nie powinna stanowi\u0107 powod\u00f3w do niepokoju. Wiek nie jest przeciwwskazaniem do rodzicielstwa. Wsp\u00f3\u0142czesna medycyna pozwala na monitorowanie zdrowia matki i dziecka oraz przeciwdzia\u0142anie nieprawid\u0142owo\u015bciom na ich wczesnym etapie. Bardzo wa\u017cne jest tak\u017ce odpowiednie przygotowanie do p\u00f3\u017anej ci\u0105\u017cy, kt\u00f3re obejmuje konsultacj\u0119 lekarsk\u0105, wykonanie bada\u0144 laboratoryjnych i zmian\u0119 stylu \u017cycia na zdrowszy.<\/p>\n\n\n\n<p><strong>&gt;&gt; Przeczytaj te\u017c: <a href=\"https:\/\/www.alab.pl\/centrum-wiedzy\/badania-laboratoryjne-dla-kobiet-w-ciazy-okiem-ginekologa\/\" target=\"_blank\" rel=\"noreferrer noopener\">Badania laboratoryjne dla kobiet w ci\u0105\u017cy \u2013 okiem ginekologa<\/a><\/strong><\/p>\n\n\n\n<p><strong>Opieka merytoryczna: lek. Kacper Staniszewski<\/strong><\/p>\n\n\n\n<hr class=\"wp-block-separator has-alpha-channel-opacity\"\/>\n\n\n\n<p><strong>Bibliografia<\/strong><\/p>\n\n\n\n<ol class=\"wp-block-list\" type=\"1\" start=\"1\">\n<li>A. Kubiak-Fortecka, J. Wilczy\u0144ski, <em>Ci\u0105\u017ca i por\u00f3d u kobiet w wieku dojrza\u0142ym<\/em>, Przegl\u0105d Menopauzalny 2\/2009<\/li>\n\n\n\n<li>P. Szukalski, <em>P\u00f3\u017ane macierzy\u0144stwo \u2013 nowe zjawisko demograficzne w Polsce?<\/em>, Demografia i Gerontologia Spo\u0142eczna \u2013 Biuletyn Informacyjny 2017<\/li>\n\n\n\n<li>I. Jagielska i in., <em>Ci\u0105\u017ca po 35. roku \u017cycia <\/em>\u2013<em> wyniki po\u0142o\u017cnicze w materiale w\u0142asnym Kliniki Po\u0142o\u017cnictwa Collegium Medicum w Bydgoszczy<\/em>, Przegl\u0105d Menopauzalny 1\/2012<\/li>\n\n\n\n<li>Stanowisko Ekspert\u00f3w Polskiego Towarzystwa Ginekolog\u00f3w i Po\u0142o\u017cnik\u00f3w w zakresie suplementacji folian\u00f3w oraz warunk\u00f3w stosowania dodatkowej suplementacji choliny i witamin B6 i B12, w okresie przedkoncepcyjnym, ci\u0105\u017cy i po\u0142ogu 2024<\/li>\n<\/ol>\n","protected":false},"excerpt":{"rendered":"<p>W ostatnich latach coraz wi\u0119cej kobiet decyduje si\u0119 na macierzy\u0144stwo w p\u00f3\u017aniejszym wieku, czyli ci\u0105\u017c\u0119 geriatryczn\u0105. Dowiedz si\u0119, jak si\u0119 do niej przygotowa\u0107.<\/p>\n","protected":false},"author":100,"featured_media":17095,"comment_status":"closed","ping_status":"open","sticky":false,"template":"","format":"standard","meta":{"_acf_changed":false,"inline_featured_image":false,"footnotes":""},"categories":[6],"tags":[],"coauthors":[143],"class_list":{"0":"post-17093","1":"post","2":"type-post","3":"status-publish","4":"format-standard","5":"has-post-thumbnail","7":"category-badania-w-ciazy-testy-prenatalne"},"acf":[],"yoast_head":"<!-- This site is optimized with the Yoast SEO plugin v27.4 - https:\/\/yoast.com\/product\/yoast-seo-wordpress\/ -->\n<title>Ci\u0105\u017ca geriatryczna \u2013 co to jest i kiedy o niej m\u00f3wimy? Jakie badania zrobi\u0107 przed p\u00f3\u017an\u0105 ci\u0105\u017c\u0105? - Centrum Wiedzy ALAB laboratoria<\/title>\n<meta name=\"description\" content=\"W ostatnich latach coraz wi\u0119cej kobiet decyduje si\u0119 na macierzy\u0144stwo w p\u00f3\u017aniejszym wieku, czyli ci\u0105\u017c\u0119 geriatryczn\u0105. Dowiedz si\u0119 wi\u0119cej.\" \/>\n<meta name=\"robots\" content=\"index, follow, max-snippet:-1, max-image-preview:large, max-video-preview:-1\" \/>\n<link rel=\"canonical\" href=\"https:\/\/www.alab.pl\/centrum-wiedzy\/ciaza-geriatryczna-co-to-jest-i-kiedy-o-niej-mowimy-jakie-badania-zrobic-przed-pozna-ciaza\/\" \/>\n<meta property=\"og:locale\" content=\"pl_PL\" \/>\n<meta property=\"og:type\" content=\"article\" \/>\n<meta property=\"og:title\" content=\"Ci\u0105\u017ca geriatryczna \u2013 co to jest i kiedy o niej m\u00f3wimy? Jakie badania zrobi\u0107 przed p\u00f3\u017an\u0105 ci\u0105\u017c\u0105? - Centrum Wiedzy ALAB laboratoria\" \/>\n<meta property=\"og:description\" content=\"W ostatnich latach coraz wi\u0119cej kobiet decyduje si\u0119 na macierzy\u0144stwo w p\u00f3\u017aniejszym wieku, czyli ci\u0105\u017c\u0119 geriatryczn\u0105. Dowiedz si\u0119 wi\u0119cej.\" \/>\n<meta property=\"og:url\" content=\"https:\/\/www.alab.pl\/centrum-wiedzy\/ciaza-geriatryczna-co-to-jest-i-kiedy-o-niej-mowimy-jakie-badania-zrobic-przed-pozna-ciaza\/\" \/>\n<meta property=\"og:site_name\" content=\"Centrum Wiedzy ALAB laboratoria\" \/>\n<meta property=\"article:publisher\" content=\"https:\/\/www.facebook.com\/ALABlaboratoria\" \/>\n<meta property=\"article:published_time\" content=\"2024-09-26T10:20:00+00:00\" \/>\n<meta property=\"og:image\" content=\"https:\/\/www.alab.pl\/centrum-wiedzy\/wp-content\/uploads\/2024\/09\/ciaza_geriatryczna-jpg.webp\" \/>\n\t<meta property=\"og:image:width\" content=\"2100\" \/>\n\t<meta property=\"og:image:height\" content=\"1400\" \/>\n\t<meta property=\"og:image:type\" content=\"image\/webp\" \/>\n<meta name=\"author\" content=\"Angelika Janowicz\" \/>\n<meta name=\"twitter:card\" content=\"summary_large_image\" \/>\n<meta name=\"twitter:label1\" content=\"Napisane przez\" \/>\n\t<meta name=\"twitter:data1\" content=\"Angelika Janowicz\" \/>\n\t<meta name=\"twitter:label2\" content=\"Szacowany czas czytania\" \/>\n\t<meta name=\"twitter:data2\" content=\"6 minut\" \/>\n\t<meta name=\"twitter:label3\" content=\"Written by\" \/>\n\t<meta name=\"twitter:data3\" content=\"Angelika Janowicz\" \/>\n<!-- \/ Yoast SEO plugin. -->","yoast_head_json":{"title":"Ci\u0105\u017ca geriatryczna \u2013 co to jest i kiedy o niej m\u00f3wimy? Jakie badania zrobi\u0107 przed p\u00f3\u017an\u0105 ci\u0105\u017c\u0105? - Centrum Wiedzy ALAB laboratoria","description":"W ostatnich latach coraz wi\u0119cej kobiet decyduje si\u0119 na macierzy\u0144stwo w p\u00f3\u017aniejszym wieku, czyli ci\u0105\u017c\u0119 geriatryczn\u0105. Dowiedz si\u0119 wi\u0119cej.","robots":{"index":"index","follow":"follow","max-snippet":"max-snippet:-1","max-image-preview":"max-image-preview:large","max-video-preview":"max-video-preview:-1"},"canonical":"https:\/\/www.alab.pl\/centrum-wiedzy\/ciaza-geriatryczna-co-to-jest-i-kiedy-o-niej-mowimy-jakie-badania-zrobic-przed-pozna-ciaza\/","og_locale":"pl_PL","og_type":"article","og_title":"Ci\u0105\u017ca geriatryczna \u2013 co to jest i kiedy o niej m\u00f3wimy? Jakie badania zrobi\u0107 przed p\u00f3\u017an\u0105 ci\u0105\u017c\u0105? - Centrum Wiedzy ALAB laboratoria","og_description":"W ostatnich latach coraz wi\u0119cej kobiet decyduje si\u0119 na macierzy\u0144stwo w p\u00f3\u017aniejszym wieku, czyli ci\u0105\u017c\u0119 geriatryczn\u0105. Dowiedz si\u0119 wi\u0119cej.","og_url":"https:\/\/www.alab.pl\/centrum-wiedzy\/ciaza-geriatryczna-co-to-jest-i-kiedy-o-niej-mowimy-jakie-badania-zrobic-przed-pozna-ciaza\/","og_site_name":"Centrum Wiedzy ALAB laboratoria","article_publisher":"https:\/\/www.facebook.com\/ALABlaboratoria","article_published_time":"2024-09-26T10:20:00+00:00","og_image":[{"width":2100,"height":1400,"url":"https:\/\/www.alab.pl\/centrum-wiedzy\/wp-content\/uploads\/2024\/09\/ciaza_geriatryczna-jpg.webp","type":"image\/webp"}],"author":"Angelika Janowicz","twitter_card":"summary_large_image","twitter_misc":{"Napisane przez":"Angelika Janowicz","Szacowany czas czytania":"6 minut","Written by":"Angelika Janowicz"},"schema":{"@context":"https:\/\/schema.org","@graph":[{"@type":"Article","@id":"https:\/\/www.alab.pl\/centrum-wiedzy\/ciaza-geriatryczna-co-to-jest-i-kiedy-o-niej-mowimy-jakie-badania-zrobic-przed-pozna-ciaza\/#article","isPartOf":{"@id":"https:\/\/www.alab.pl\/centrum-wiedzy\/ciaza-geriatryczna-co-to-jest-i-kiedy-o-niej-mowimy-jakie-badania-zrobic-przed-pozna-ciaza\/"},"author":{"name":"Angelika Janowicz","@id":"https:\/\/www.alab.pl\/centrum-wiedzy\/#\/schema\/person\/f714a3843f15f9646db0448b28a900e1"},"headline":"Ci\u0105\u017ca geriatryczna \u2013 co to jest i kiedy o niej m\u00f3wimy? Jakie badania zrobi\u0107 przed p\u00f3\u017an\u0105 ci\u0105\u017c\u0105?","datePublished":"2024-09-26T10:20:00+00:00","mainEntityOfPage":{"@id":"https:\/\/www.alab.pl\/centrum-wiedzy\/ciaza-geriatryczna-co-to-jest-i-kiedy-o-niej-mowimy-jakie-badania-zrobic-przed-pozna-ciaza\/"},"wordCount":1029,"publisher":{"@id":"https:\/\/www.alab.pl\/centrum-wiedzy\/#organization"},"image":{"@id":"https:\/\/www.alab.pl\/centrum-wiedzy\/ciaza-geriatryczna-co-to-jest-i-kiedy-o-niej-mowimy-jakie-badania-zrobic-przed-pozna-ciaza\/#primaryimage"},"thumbnailUrl":"https:\/\/www.alab.pl\/centrum-wiedzy\/wp-content\/uploads\/2024\/09\/ciaza_geriatryczna-jpg.webp","articleSection":["Badania w ci\u0105\u017cy, testy prenatalne"],"inLanguage":"pl-PL"},{"@type":"WebPage","@id":"https:\/\/www.alab.pl\/centrum-wiedzy\/ciaza-geriatryczna-co-to-jest-i-kiedy-o-niej-mowimy-jakie-badania-zrobic-przed-pozna-ciaza\/","url":"https:\/\/www.alab.pl\/centrum-wiedzy\/ciaza-geriatryczna-co-to-jest-i-kiedy-o-niej-mowimy-jakie-badania-zrobic-przed-pozna-ciaza\/","name":"Ci\u0105\u017ca geriatryczna \u2013 co to jest i kiedy o niej m\u00f3wimy? Jakie badania zrobi\u0107 przed p\u00f3\u017an\u0105 ci\u0105\u017c\u0105? - Centrum Wiedzy ALAB laboratoria","isPartOf":{"@id":"https:\/\/www.alab.pl\/centrum-wiedzy\/#website"},"primaryImageOfPage":{"@id":"https:\/\/www.alab.pl\/centrum-wiedzy\/ciaza-geriatryczna-co-to-jest-i-kiedy-o-niej-mowimy-jakie-badania-zrobic-przed-pozna-ciaza\/#primaryimage"},"image":{"@id":"https:\/\/www.alab.pl\/centrum-wiedzy\/ciaza-geriatryczna-co-to-jest-i-kiedy-o-niej-mowimy-jakie-badania-zrobic-przed-pozna-ciaza\/#primaryimage"},"thumbnailUrl":"https:\/\/www.alab.pl\/centrum-wiedzy\/wp-content\/uploads\/2024\/09\/ciaza_geriatryczna-jpg.webp","datePublished":"2024-09-26T10:20:00+00:00","description":"W ostatnich latach coraz wi\u0119cej kobiet decyduje si\u0119 na macierzy\u0144stwo w p\u00f3\u017aniejszym wieku, czyli ci\u0105\u017c\u0119 geriatryczn\u0105. Dowiedz si\u0119 wi\u0119cej.","breadcrumb":{"@id":"https:\/\/www.alab.pl\/centrum-wiedzy\/ciaza-geriatryczna-co-to-jest-i-kiedy-o-niej-mowimy-jakie-badania-zrobic-przed-pozna-ciaza\/#breadcrumb"},"inLanguage":"pl-PL","potentialAction":[{"@type":"ReadAction","target":["https:\/\/www.alab.pl\/centrum-wiedzy\/ciaza-geriatryczna-co-to-jest-i-kiedy-o-niej-mowimy-jakie-badania-zrobic-przed-pozna-ciaza\/"]}]},{"@type":"ImageObject","inLanguage":"pl-PL","@id":"https:\/\/www.alab.pl\/centrum-wiedzy\/ciaza-geriatryczna-co-to-jest-i-kiedy-o-niej-mowimy-jakie-badania-zrobic-przed-pozna-ciaza\/#primaryimage","url":"https:\/\/www.alab.pl\/centrum-wiedzy\/wp-content\/uploads\/2024\/09\/ciaza_geriatryczna-jpg.webp","contentUrl":"https:\/\/www.alab.pl\/centrum-wiedzy\/wp-content\/uploads\/2024\/09\/ciaza_geriatryczna-jpg.webp","width":2100,"height":1400,"caption":"ci\u0105\u017ca geriatryczna"},{"@type":"BreadcrumbList","@id":"https:\/\/www.alab.pl\/centrum-wiedzy\/ciaza-geriatryczna-co-to-jest-i-kiedy-o-niej-mowimy-jakie-badania-zrobic-przed-pozna-ciaza\/#breadcrumb","itemListElement":[{"@type":"ListItem","position":1,"name":"Strona g\u0142\u00f3wna","item":"https:\/\/www.alab.pl\/centrum-wiedzy\/"},{"@type":"ListItem","position":2,"name":"Ci\u0105\u017ca geriatryczna \u2013 co to jest i kiedy o niej m\u00f3wimy? Jakie badania zrobi\u0107 przed p\u00f3\u017an\u0105 ci\u0105\u017c\u0105?"}]},{"@type":"WebSite","@id":"https:\/\/www.alab.pl\/centrum-wiedzy\/#website","url":"https:\/\/www.alab.pl\/centrum-wiedzy\/","name":"Centrum Wiedzy ALAB laboratoria","description":"","publisher":{"@id":"https:\/\/www.alab.pl\/centrum-wiedzy\/#organization"},"potentialAction":[{"@type":"SearchAction","target":{"@type":"EntryPoint","urlTemplate":"https:\/\/www.alab.pl\/centrum-wiedzy\/?s={search_term_string}"},"query-input":{"@type":"PropertyValueSpecification","valueRequired":true,"valueName":"search_term_string"}}],"inLanguage":"pl-PL"},{"@type":"Organization","@id":"https:\/\/www.alab.pl\/centrum-wiedzy\/#organization","name":"Centrum Wiedzy ALAB laboratoria","url":"https:\/\/www.alab.pl\/centrum-wiedzy\/","logo":{"@type":"ImageObject","inLanguage":"pl-PL","@id":"https:\/\/www.alab.pl\/centrum-wiedzy\/#\/schema\/logo\/image\/","url":"https:\/\/www.alab.pl\/centrum-wiedzy\/wp-content\/uploads\/2022\/04\/alabek.jpg","contentUrl":"https:\/\/www.alab.pl\/centrum-wiedzy\/wp-content\/uploads\/2022\/04\/alabek.jpg","width":1250,"height":1251,"caption":"Centrum Wiedzy ALAB laboratoria"},"image":{"@id":"https:\/\/www.alab.pl\/centrum-wiedzy\/#\/schema\/logo\/image\/"},"sameAs":["https:\/\/www.facebook.com\/ALABlaboratoria"]},{"@type":"Person","@id":"https:\/\/www.alab.pl\/centrum-wiedzy\/#\/schema\/person\/f714a3843f15f9646db0448b28a900e1","name":"Angelika Janowicz","image":{"@type":"ImageObject","inLanguage":"pl-PL","@id":"https:\/\/www.alab.pl\/centrum-wiedzy\/wp-content\/uploads\/2024\/05\/Janowicz-Angelika-150x150.png9339cd1d56dcba9ded72b55067841306","url":"https:\/\/www.alab.pl\/centrum-wiedzy\/wp-content\/uploads\/2024\/05\/Janowicz-Angelika-150x150.png","contentUrl":"https:\/\/www.alab.pl\/centrum-wiedzy\/wp-content\/uploads\/2024\/05\/Janowicz-Angelika-150x150.png","caption":"Angelika Janowicz"},"description":"Z wykszta\u0142cenia piel\u0119gniarka, absolwentka Uniwersytetu Medycznego im. Piast\u00f3w \u015al\u0105skich we Wroc\u0142awiu. Do\u015bwiadczenie zawodowe zdobywa\u0142a w gabinecie zabiegowym, a tak\u017ce w poradni laryngologicznej, pediatrycznej i kardiologicznej. Interesuje si\u0119 psychodietetyk\u0105 i \u017cywieniem cz\u0142owieka w chorobach metabolicznych \u2013 w szczeg\u00f3lno\u015bci zastosowaniem diet niskow\u0119glowodanowych w insulinooporno\u015bci.","url":"https:\/\/www.alab.pl\/centrum-wiedzy\/author\/angelika-janowicz\/"}]}},"_links":{"self":[{"href":"https:\/\/www.alab.pl\/centrum-wiedzy\/wp-json\/wp\/v2\/posts\/17093","targetHints":{"allow":["GET"]}}],"collection":[{"href":"https:\/\/www.alab.pl\/centrum-wiedzy\/wp-json\/wp\/v2\/posts"}],"about":[{"href":"https:\/\/www.alab.pl\/centrum-wiedzy\/wp-json\/wp\/v2\/types\/post"}],"author":[{"embeddable":true,"href":"https:\/\/www.alab.pl\/centrum-wiedzy\/wp-json\/wp\/v2\/users\/100"}],"replies":[{"embeddable":true,"href":"https:\/\/www.alab.pl\/centrum-wiedzy\/wp-json\/wp\/v2\/comments?post=17093"}],"version-history":[{"count":0,"href":"https:\/\/www.alab.pl\/centrum-wiedzy\/wp-json\/wp\/v2\/posts\/17093\/revisions"}],"wp:featuredmedia":[{"embeddable":true,"href":"https:\/\/www.alab.pl\/centrum-wiedzy\/wp-json\/wp\/v2\/media\/17095"}],"wp:attachment":[{"href":"https:\/\/www.alab.pl\/centrum-wiedzy\/wp-json\/wp\/v2\/media?parent=17093"}],"wp:term":[{"taxonomy":"category","embeddable":true,"href":"https:\/\/www.alab.pl\/centrum-wiedzy\/wp-json\/wp\/v2\/categories?post=17093"},{"taxonomy":"post_tag","embeddable":true,"href":"https:\/\/www.alab.pl\/centrum-wiedzy\/wp-json\/wp\/v2\/tags?post=17093"},{"taxonomy":"author","embeddable":true,"href":"https:\/\/www.alab.pl\/centrum-wiedzy\/wp-json\/wp\/v2\/coauthors?post=17093"}],"curies":[{"name":"wp","href":"https:\/\/api.w.org\/{rel}","templated":true}]}}