{"id":17316,"date":"2024-10-01T12:00:00","date_gmt":"2024-10-01T10:00:00","guid":{"rendered":"https:\/\/sklep.alablaboratoria.pl\/centrum-wiedzy\/?p=17316"},"modified":"2024-10-01T12:00:00","modified_gmt":"2024-10-01T10:00:00","slug":"autoimmunologiczne-zapalenie-mozgu-anty-nmdar","status":"publish","type":"post","link":"https:\/\/www.alab.pl\/centrum-wiedzy\/autoimmunologiczne-zapalenie-mozgu-anty-nmdar\/","title":{"rendered":"Autoimmunologiczne zapalenie m\u00f3zgu anty-NMDAR"},"content":{"rendered":"\n<p><strong>Susannah Cahalan to ameryka\u0144ska dziennikarka, kt\u00f3rej historia sta\u0142a si\u0119 znana dzi\u0119ki autobiograficznej ksi\u0105\u017cce \u201eBrain on Fire: My Month of Madness\u201d (pol. \u201eUmys\u0142 w ogniu: Miesi\u0105c ob\u0142\u0119du\u201d). Opisa\u0142a w niej swoje dramatyczne do\u015bwiadczenia zwi\u0105zane z ci\u0119\u017ck\u0105 chorob\u0105 neurologiczn\u0105 \u2013 autoimmunologicznym zapaleniem m\u00f3zgu (AZM), kt\u00f3re pocz\u0105tkowo zosta\u0142o b\u0142\u0119dnie zdiagnozowane jako problemy natury psychicznej. Z tego artyku\u0142u dowiesz si\u0119, czym jest AZM, jakie s\u0105 objawy tej choroby, jak wygl\u0105da diagnostyka i leczenie, jakie s\u0105 rokowania oraz poznasz bardziej szczeg\u00f3\u0142owo histori\u0119 Susannah.<\/strong><\/p>\n\n\n\n<p>Spis tre\u015bci:<\/p>\n\n\n\n<ol class=\"wp-block-list\">\n<li><a href=\"#Autoimmunologiczne-zapalenie-m\u00f3zgu-\u2013-co-to-za-choroba?\">Autoimmunologiczne zapalenie m\u00f3zgu \u2013 co to za choroba?<\/a><\/li>\n\n\n\n<li><a href=\"#Objawy-autoimmunologicznego-zapalenia-m\u00f3zgu\">Objawy autoimmunologicznego zapalenia m\u00f3zgu<\/a><\/li>\n\n\n\n<li><a href=\"#Diagnostyka-i-leczenie-autoimmunologicznego-zapalenia-m\u00f3zgu\">Diagnostyka i leczenie autoimmunologicznego zapalenia m\u00f3zgu<\/a><\/li>\n\n\n\n<li><a href=\"#Autoimmunologiczne-zapalenie-m\u00f3zgu-\u2013-historia-pacjentki\">Autoimmunologiczne zapalenie m\u00f3zgu \u2013 historia pacjentki<\/a><\/li>\n\n\n\n<li><a href=\"#Autoimmunologiczne-zapalenie-m\u00f3zgu-\u2013-rokowania\">Autoimmunologiczne zapalenie m\u00f3zgu \u2013 rokowania<\/a><\/li>\n<\/ol>\n\n\n\n<h2 class=\"wp-block-heading\" id=\"Autoimmunologiczne-zapalenie-m\u00f3zgu-\u2013-co-to-za-choroba?\">Autoimmunologiczne zapalenie m\u00f3zgu \u2013 co to za choroba?<\/h2>\n\n\n\n<p>Autoimmunologiczne zapalenia m\u00f3zgu (ang.&nbsp;<em>autoimmune encephalitis<\/em>)&nbsp;to zr\u00f3\u017cnicowana grupa chor\u00f3b rzadkich centralnego uk\u0142adu nerwowego o pod\u0142o\u017cu autoimmunizacyjnym. Do rozwoju choroby dochodzi na skutek <strong>\u201eb\u0142\u0119dnego\u201d dzia\u0142ania uk\u0142adu odporno\u015bciowego, kt\u00f3ry wytwarza przeciwcia\u0142a antyneuralne atakuj\u0105ce kom\u00f3rki m\u00f3zgu<\/strong>.<\/p>\n\n\n\n<p>W przypadku AZM <strong>obecno\u015b\u0107 nowotworu nie jest oczywista<\/strong>, ale u cz\u0119\u015bci pacjent\u00f3w choroby te mog\u0105 mie\u0107 tzw. <strong>charakter paranowotworowy<\/strong> \u2013 uk\u0142ad odporno\u015bciowy rozpoznaje w\u00f3wczas kom\u00f3rki nowotworowe i wytwarza przeciwko nim przeciwcia\u0142a. Przeciwcia\u0142a te po pewnym czasie <strong>mylnie zaczynaj\u0105 atakowa\u0107 w\u0142asne kom\u00f3rki, a w przypadku AZM dochodzi do ich reakcji z kom\u00f3rkami obecnymi w m\u00f3zgu<\/strong>.<\/p>\n\n\n\n<p><strong>Manifestacja kliniczna AZM zale\u017cy w du\u017cej mierze od rodzaju wytwarzanych przeciwcia\u0142 antyneuralnych<\/strong>, kt\u00f3re atakuj\u0105 bia\u0142ka synaptyczne, prowadz\u0105c do zapalenia m\u00f3zgu. Pierwszy przypadek AZM z obecno\u015bci\u0105 przeciwcia\u0142 anty-NMDAR (NMDAR, ang. <em>N-methyl-D-aspartate receptors<\/em>), kt\u00f3re jest najcz\u0119stszym rodzajem AZM, zdiagnozowano w 2005 roku i opisano dwa lata p\u00f3\u017aniej. <strong>Choroba ta mo\u017ce dotkn\u0105\u0107 osoby w ka\u017cdym wieku<\/strong> (zwykle diagnozowana jest u os\u00f3b m\u0142odych, cz\u0119\u015bciej u kobiet ni\u017c u m\u0119\u017cczyzn), <strong>rozwijaj\u0105c si\u0119 jako szybko post\u0119puj\u0105ca encefalopatia<\/strong> (przewlek\u0142e lub trwa\u0142e uszkodzenie m\u00f3zgu).<\/p>\n\n\n\n<p>W przypadku autoimmunologicznego zapalenia m\u00f3zgu typu anty-NMDAR <strong>prawdopodobie\u0144stwo wyst\u0119powania towarzysz\u0105cego nowotworu wynosi oko\u0142o 60%<\/strong> i zale\u017cy od wieku i p\u0142ci. U wi\u0119kszo\u015bci chorych kobiet, szczeg\u00f3lnie m\u0142odych, wyst\u0119puj\u0105 <strong>nowotwory jajnik\u00f3w (potworniaki)<\/strong>.<\/p>\n\n\n\n<h2 class=\"wp-block-heading\" id=\"Objawy-autoimmunologicznego-zapalenia-m\u00f3zgu\">Objawy autoimmunologicznego zapalenia m\u00f3zgu<\/h2>\n\n\n\n<p>AZM objawia si\u0119 <strong>szerokim spektrum objaw\u00f3w<\/strong>, zar\u00f3wno <strong>neurologicznych, jak i psychiatrycznych<\/strong>,kt\u00f3re mog\u0105 rozwija\u0107 si\u0119 w ci\u0105gu kilku tygodni do trzech miesi\u0119cy. W pocz\u0105tkowej fazie choroby obserwuje si\u0119 <strong>niespecyficzne objawy grypopodobne <\/strong>(b\u00f3l g\u0142owy, gor\u0105czka, nudno\u015bci, b\u00f3l mi\u0119\u015bni). Z czasem, po okresie \u201egrypopodobnym\u201d, pojawiaj\u0105 si\u0119 zwykle:<\/p>\n\n\n\n<ul class=\"wp-block-list\">\n<li><strong>napady drgawkowe,<\/strong><\/li>\n\n\n\n<li><strong>\u015blinotok,<\/strong><\/li>\n\n\n\n<li><strong>oczopl\u0105s,<\/strong><\/li>\n\n\n\n<li><strong>dyskineza twarzowa <\/strong>(mimowolne ruchy twarzy),<\/li>\n\n\n\n<li><strong>trudno\u015bci z utrzymaniem r\u00f3wnowagi, mow\u0105 lub widzeniem,<\/strong><\/li>\n\n\n\n<li><strong>zmiany w zachowaniu, takie jak pobudzenie, strach lub euforia,<\/strong><\/li>\n\n\n\n<li><strong>utrata pami\u0119ci,<\/strong><\/li>\n\n\n\n<li><strong>silny l\u0119k lub ataki paniki,<\/strong><\/li>\n\n\n\n<li><strong>psychozy,<\/strong><\/li>\n\n\n\n<li><strong>halucynacje,<\/strong><\/li>\n\n\n\n<li><strong>bezsenno\u015b\u0107,<\/strong><\/li>\n\n\n\n<li><strong>zaburzenia oddychania i rytmu serca,<\/strong><\/li>\n\n\n\n<li><strong>utrata \u015bwiadomo\u015bci lub \u015bpi\u0105czka.<\/strong><\/li>\n<\/ul>\n\n\n\n<p>W zwi\u0105zku z ci\u0119\u017ckim przebiegiem choroby (\u015bpi\u0105czka, stany padaczkowe itd.) chorzy wymagaj\u0105 d\u0142ugotrwa\u0142ej i intensywnej opieki medycznej.<\/p>\n\n\n\n<p><strong>Z powodu wyst\u0119powania objaw\u00f3w psychotycznych, du\u017ca liczba pacjent\u00f3w poddawana jest obserwacji i leczeniu psychiatrycznemu, co op\u00f3\u017ania postawienie odpowiedniego rozpoznania.<\/strong><\/p>\n\n\n\n<p><strong>>> To mo\u017ce Ci\u0119 zainteresowa\u0107: <a href=\"https:\/\/www.alab.pl\/centrum-wiedzy\/gdy-za-psychoza-urojeniami-i-agresja-stoja-przeciwciala-antyneuronalne\/\" target=\"_blank\" rel=\"noreferrer noopener\">Gdy za psychoz\u0105, urojeniami i agresj\u0105 stoj\u0105 przeciwcia\u0142a antyneuronalne<\/a><\/strong><\/p>\n\n\n\n<h2 class=\"wp-block-heading\" id=\"Diagnostyka-i-leczenie-autoimmunologicznego-zapalenia-m\u00f3zgu\">Diagnostyka i leczenie autoimmunologicznego zapalenia m\u00f3zgu<\/h2>\n\n\n\n<p>Post\u0119py w badaniach nad t\u0105 jednostk\u0105 chorobow\u0105 doprowadzi\u0142y do odkrycia nowych biomarker\u00f3w. Zgodnie z rekomendacjami z 2021 roku jednym z istotnych element\u00f3w <strong>diagnostyki autoimmunologicznych zapale\u0144 m\u00f3zgu jest badanie obecno\u015bci przeciwcia\u0142 antyneuralnych<\/strong>. W diagnostyce <strong>zapalenia m\u00f3zgu typu anty-NMDAR kluczowe jest wykrywanie specyficznych autoprzeciwcia\u0142 przeciw NMDAR<\/strong>,kt\u00f3re wyst\u0119puj\u0105 u 80% pacjent\u00f3w z tym schorzeniem. Zgodnie z obowi\u0105zuj\u0105cymi mi\u0119dzynarodowymi rekomendacjami, za najczulsze badanie uwa\u017ca si\u0119&nbsp;<strong>testy oparte na technice immunofluorescencji po\u015bredniej<\/strong> (IIFT, ang. <em>indirect immunofluorescence technique<\/em>).<\/p>\n\n\n\n<figure class=\"wp-block-image size-full\"><a href=\"https:\/\/www.alab.pl\/badanie\/pc-przeciw-receptorowi-nmda\"><img loading=\"lazy\" decoding=\"async\" width=\"800\" height=\"200\" src=\"https:\/\/www.alab.pl\/centrum-wiedzy\/wp-content\/uploads\/2024\/01\/Badanie-przeciwcial-przeciwko-receptorowi-NMDA-anty-NMDAR-jpg.webp\" alt=\"\" class=\"wp-image-11481\" srcset=\"https:\/\/www.alab.pl\/centrum-wiedzy\/wp-content\/uploads\/2024\/01\/Badanie-przeciwcial-przeciwko-receptorowi-NMDA-anty-NMDAR-jpg.webp 800w, https:\/\/www.alab.pl\/centrum-wiedzy\/wp-content\/uploads\/2024\/01\/Badanie-przeciwcial-przeciwko-receptorowi-NMDA-anty-NMDAR-jpg-768x192.webp 768w, https:\/\/www.alab.pl\/centrum-wiedzy\/wp-content\/uploads\/2024\/01\/Badanie-przeciwcial-przeciwko-receptorowi-NMDA-anty-NMDAR-jpg-150x38.webp 150w, https:\/\/www.alab.pl\/centrum-wiedzy\/wp-content\/uploads\/2024\/01\/Badanie-przeciwcial-przeciwko-receptorowi-NMDA-anty-NMDAR-jpg-300x75.webp 300w, https:\/\/www.alab.pl\/centrum-wiedzy\/wp-content\/uploads\/2024\/01\/Badanie-przeciwcial-przeciwko-receptorowi-NMDA-anty-NMDAR-jpg-696x174.webp 696w\" sizes=\"auto, (max-width: 800px) 100vw, 800px\" \/><\/a><\/figure>\n\n\n\n<p><br>Wczesna diagnoza i szybkie wprowadzenie leczenia daj\u0105 szanse na ca\u0142kowite wyzdrowienie. Najcz\u0119\u015bciej stosuje si\u0119 <strong>terapie immunomodulacyjne\/immunosupresyjne z wykorzystaniem plazmaferezy (wymiana osocza), kortykosteroid\u00f3w oraz wlew\u00f3w immunoglobulin <\/strong>(w celu zmniejszenia syntezy przeciwcia\u0142 przeciwko NMDAR oraz zatrzymania dalszych uszkodze\u0144 neuron\u00f3w). Ze wzgl\u0119du na zdolno\u015b\u0107 do szybkiego usuni\u0119cia autoprzeciwcia\u0142, plazmafereza jest zwykle stosowana w pocz\u0105tkowej fazie choroby, a ostatnie badania wykaza\u0142y, \u017ce stosowanie plazmaferezy przed podaniem immunoglobulin mo\u017ce poprawi\u0107 wyniki leczenia. <strong>Niestety, tylko oko\u0142o po\u0142owy pacjent\u00f3w odpowiada na terapi\u0119 pierwszego rzutu.<\/strong> Je\u015bli po czterech tygodniach nie nast\u0105pi poprawa kliniczna, wprowadza si\u0119 <strong>leki immunosupresyjne<\/strong>, kt\u00f3re hamuj\u0105 dzia\u0142anie uk\u0142adu odporno\u015bciowego (takie jak rytuksymab, cyklofosfamid).<\/p>\n\n\n\n<p>Wszyscy pacjenci, u kt\u00f3rych zdiagnozuje si\u0119 autoimmunologiczne zapalenie m\u00f3zgu anty-NMDAR, <strong>powinni by\u0107 obj\u0119ci opiek\u0105 onkologiczn\u0105<\/strong>. Leczenie nowotworu prowadzi do poprawy stanu pacjenta i cz\u0119sto r\u00f3wnie\u017c do wycofania si\u0119 objaw\u00f3w neurologicznych.<\/p>\n\n\n\n<h2 class=\"wp-block-heading\" id=\"Autoimmunologiczne-zapalenie-m\u00f3zgu-\u2013-historia-pacjentki\">Autoimmunologiczne zapalenie m\u00f3zgu \u2013 historia pacjentki<\/h2>\n\n\n\n<p><strong>Susannah Cahalan i historia jej choroba opisana w ksi\u0105\u017cce&nbsp;\u201eUmys\u0142 w ogniu: Miesi\u0105c ob\u0142\u0119du\u201d&nbsp;to jeden z najbardziej znanych przypadk\u00f3w autoimmunologicznego zapalenia m\u00f3zgu.<\/strong> Dziennikarka \u201eNew York Times\u201d opisa\u0142a swoj\u0105 <strong>walk\u0119 z niezwykle ci\u0119\u017ck\u0105 chorob\u0105 i interwencj\u0119 lekarsk\u0105, kt\u00f3ra ocali\u0142a jej \u017cycie<\/strong>.<\/p>\n\n\n\n<p><strong>W 2009 roku<\/strong> <strong>Susannah Cahalan<\/strong>, w\u00f3wczas m\u0142oda, odnosz\u0105ca sukcesy dziennikarka, zacz\u0119\u0142a <strong>odczuwa\u0107 niepokoj\u0105ce objawy<\/strong>. Pocz\u0105tkowo by\u0142y to niewielkie zmiany w nastroju i zachowaniu, kt\u00f3re z czasem stawa\u0142y si\u0119 coraz bardziej niepokoj\u0105ce. Pojawi\u0142y si\u0119<strong> trudno\u015bci z koncentracj\u0105, halucynacje, paranoje, napady padaczkowe oraz epizody agresji<\/strong>. Lekarze my\u015bleli, \u017ce Susannah<strong> cierpi na zaburzenia psychiczne, takie jak psychoza czy schizofrenia<\/strong>.Niekt\u00f3re badania sugerowa\u0142y tak\u017ce <strong>dwubiegunowe zaburzenie afektywne<\/strong>.<\/p>\n\n\n\n<p>Stan jej zdrowia ci\u0105gle si\u0119 pogarsza\u0142, do momentu a\u017c trafi\u0142a do neurologa Souhela Najjara, kt\u00f3ry po dok\u0142adnej obserwacji, zleci\u0142 badania przeciwcia\u0142 antyneuralnych. Wynik jednoznacznie wskaza\u0142, \u017ce Susannah <strong>cierpia\u0142a na autoimmunologiczne zapalenie m\u00f3zgu typu anty-NMDAR<\/strong>.<strong> Po postawieniu w\u0142a\u015bciwej diagnozy wprowadzono odpowiednie leczenie, kt\u00f3re pomog\u0142o jej wr\u00f3ci\u0107 do zdrowia.<\/strong><\/p>\n\n\n\n<p>Historia Susannah Cahalan <strong>uwra\u017cliwi\u0142a \u015brodowisko medyczne na konieczno\u015b\u0107 dok\u0142adniejszej diagnostyki chor\u00f3b autoimmunologicznych i neurologicznych<\/strong>. Pokaza\u0142a, z jak\u0105 \u0142atwo\u015bci\u0105 b\u0142\u0119dna diagnoza mo\u017ce prowadzi\u0107 do nieodpowiedniego leczenia, przed\u0142u\u017caj\u0105c cierpienie pacjenta, szczeg\u00f3lnie gdy objawy przypominaj\u0105 zaburzenia psychiczne. <strong>Ksi\u0105\u017cka \u201eUmys\u0142 w ogniu\u201d sta\u0142a si\u0119 bestsellerem, a w 2016 roku na jej podstawie nakr\u0119cono film<\/strong> o tym samym tytule z Chlo\u00eb Grace Moretz w roli g\u0142\u00f3wnej.<\/p>\n\n\n\n<p>Przypadek Susannah Cahalan pokazuje, <strong>jak trudne do zdiagnozowania mog\u0105 by\u0107 choroby autoimmunologiczne<\/strong> oraz jak wa\u017cna <strong>jest wiedza na temat nowych narz\u0119dzi diagnostycznych, takich jak badanie przeciwcia\u0142 antyneuralnych<\/strong>. Historia ta podkre\u015bla tak\u017ce znaczenie \u015bcis\u0142ej wsp\u00f3\u0142pracy pomi\u0119dzy neurologami a psychiatrami w diagnostyce pacjent\u00f3w z niejednoznacznymi objawami.<\/p>\n\n\n\n<h2 class=\"wp-block-heading\" id=\"Autoimmunologiczne-zapalenie-m\u00f3zgu-\u2013-rokowania\">Autoimmunologiczne zapalenie m\u00f3zgu \u2013 rokowania<\/h2>\n\n\n\n<p>Autoimmunologiczne zapalenie m\u00f3zgu zwi\u0105zane z obecno\u015bci\u0105 przeciwcia\u0142 anty-NMDAR to ostra, potencjalnie \u015bmiertelna posta\u0107 zapalenia m\u00f3zgu. Przy szybko postawionej diagnozie i wdro\u017ceniu odpowiedniego leczenia, <strong>\u015bmier\u0107 w wyniku <\/strong><strong>autoimmunologicznego zapalenia m\u00f3zgu typu anty-NMDAR jest rzadko\u015bci\u0105<\/strong>.Wielu pacjent\u00f3w wymaga d\u0142ugotrwa\u0142ej hospitalizacji, a nast\u0119pnie miesi\u0119cy rehabilitacji zar\u00f3wno fizycznej, jak i behawioralnej. <strong>Proces zdrowienia jest zazwyczaj powolny i mo\u017ce trwa\u0107 do 18 miesi\u0119cy.<\/strong><\/p>\n\n\n\n<p><strong>U oko\u0142o 20% pacjent\u00f3w wyst\u0119puj\u0105 ogniskowe lub uog\u00f3lnione zaburzenia czynno\u015bci m\u00f3zgu<\/strong>, <strong>a 10% mo\u017ce do\u015bwiadczy\u0107 nawrotu choroby w ci\u0105gu dw\u00f3ch lat od jej wyst\u0105pienia, ale zazwyczaj o mniej nasilonym przebiegu.<\/strong> Najcz\u0119\u015bciej zg\u0142aszane d\u0142ugoterminowe symptomy dotycz\u0105 zaburze\u0144 uwagi, pami\u0119ci i funkcji poznawczych, co podkre\u015bla <strong>znaczenie multidyscyplinarnego podej\u015bcia do leczenia i rehabilitacji<\/strong>.<\/p>\n\n\n\n<hr class=\"wp-block-separator has-alpha-channel-opacity\"\/>\n\n\n\n<p><strong>Bibliografia<\/strong><\/p>\n\n\n\n<ol class=\"wp-block-list\" type=\"1\">\n<li>Graus F. et al., <em>A clinical approach to diagnosis of autoimmune encephalitis<\/em>, Lancet Neurol 2016; 15: 391<strong>\u2013<\/strong>404.<\/li>\n\n\n\n<li>Lancaster E. et al., <em>The Diagnosis and Treatment of Autoimmune Encephalitis<\/em>,J Clin Neurol 2016; 12 (1): 1<strong>\u2013<\/strong>13.<\/li>\n\n\n\n<li>Goodfellow A.J. et al., <em>Autoimmune encephalitis<\/em>,J R Coll Physicians Edinb 2019; 49: 287<strong>\u2013<\/strong>94.<\/li>\n\n\n\n<li>Gole S. et al., <em>Autoimmune Encephalitis<\/em>,StatPearls, Treasure Island (FL) 2024, https:\/\/www.ncbi.nlm.nih.gov\/books\/NBK578203\/.<\/li>\n\n\n\n<li>Debopam S. et al., <em>Anti-NMDAR Encephalitis<\/em>, StatPearls, Treasure Island (FL) 2024, https:\/\/www.ncbi.nlm.nih.gov\/books\/NBK551672\/.<\/li>\n\n\n\n<li>https:\/\/www.euroimmun.pl\/historia-pacjentki-z-autoimmunologicznym-zapaleniem-mozgu\/ [dost\u0119p: 18.09.2024].<\/li>\n\n\n\n<li>https:\/\/www.euroimmun.pl\/autoimmunologiczne-zapalenie-mozgu-sposob-rozpoznania\/ [dost\u0119p: 17.09.2024].<\/li>\n\n\n\n<li>https:\/\/www.news-medical.net\/health\/Treatment-and-Prognosis-of-Anti-NMDA-Receptor-Encephalitis.aspx [dost\u0119p: 18.09.2024].<\/li>\n<\/ol>\n","protected":false},"excerpt":{"rendered":"<p>Czym jest autoimmunologiczne zapalenie m\u00f3zgu? Dowiedz si\u0119 wi\u0119cej na temat tej choroby<\/p>\n","protected":false},"author":157,"featured_media":11486,"comment_status":"closed","ping_status":"open","sticky":false,"template":"","format":"standard","meta":{"_acf_changed":false,"inline_featured_image":false,"footnotes":""},"categories":[8],"tags":[],"coauthors":[164],"class_list":{"0":"post-17316","1":"post","2":"type-post","3":"status-publish","4":"format-standard","5":"has-post-thumbnail","7":"category-choroby-autoimmunologiczne"},"acf":[],"yoast_head":"<!-- This site is optimized with the Yoast SEO plugin v27.4 - https:\/\/yoast.com\/product\/yoast-seo-wordpress\/ -->\n<title>Autoimmunologiczne zapalenie m\u00f3zgu anty-NMDAR - Centrum Wiedzy ALAB laboratoria<\/title>\n<meta name=\"description\" content=\"Czym jest autoimmunologiczne zapalenie m\u00f3zgu? Poznaj objawy, diagnostyk\u0119 i sposoby leczenia tej choroby. Dowiedz si\u0119, jakie s\u0105 rokowania.\" \/>\n<meta name=\"robots\" content=\"index, follow, max-snippet:-1, max-image-preview:large, max-video-preview:-1\" \/>\n<link rel=\"canonical\" href=\"https:\/\/www.alab.pl\/centrum-wiedzy\/autoimmunologiczne-zapalenie-mozgu-anty-nmdar\/\" \/>\n<meta property=\"og:locale\" content=\"pl_PL\" \/>\n<meta property=\"og:type\" content=\"article\" \/>\n<meta property=\"og:title\" content=\"Autoimmunologiczne zapalenie m\u00f3zgu anty-NMDAR - Centrum Wiedzy ALAB laboratoria\" \/>\n<meta property=\"og:description\" content=\"Czym jest autoimmunologiczne zapalenie m\u00f3zgu? Poznaj objawy, diagnostyk\u0119 i sposoby leczenia tej choroby. Dowiedz si\u0119, jakie s\u0105 rokowania.\" \/>\n<meta property=\"og:url\" content=\"https:\/\/www.alab.pl\/centrum-wiedzy\/autoimmunologiczne-zapalenie-mozgu-anty-nmdar\/\" \/>\n<meta property=\"og:site_name\" content=\"Centrum Wiedzy ALAB laboratoria\" \/>\n<meta property=\"article:publisher\" content=\"https:\/\/www.facebook.com\/ALABlaboratoria\" \/>\n<meta property=\"article:published_time\" content=\"2024-10-01T10:00:00+00:00\" \/>\n<meta property=\"og:image\" content=\"https:\/\/www.alab.pl\/centrum-wiedzy\/wp-content\/uploads\/2024\/01\/autoimmunologiczne-zapalenie-mozgu-jpg.webp\" \/>\n\t<meta property=\"og:image:width\" content=\"1200\" \/>\n\t<meta property=\"og:image:height\" content=\"801\" \/>\n\t<meta property=\"og:image:type\" content=\"image\/webp\" \/>\n<meta name=\"author\" content=\"Izabella Podsiad\u0142y\" \/>\n<meta name=\"twitter:card\" content=\"summary_large_image\" \/>\n<meta name=\"twitter:label1\" content=\"Napisane przez\" \/>\n\t<meta name=\"twitter:data1\" content=\"Izabella Podsiad\u0142y\" \/>\n\t<meta name=\"twitter:label2\" content=\"Szacowany czas czytania\" \/>\n\t<meta name=\"twitter:data2\" content=\"7 minut\" \/>\n\t<meta name=\"twitter:label3\" content=\"Written by\" \/>\n\t<meta name=\"twitter:data3\" content=\"Izabella Podsiad\u0142y\" \/>\n<!-- \/ Yoast SEO plugin. -->","yoast_head_json":{"title":"Autoimmunologiczne zapalenie m\u00f3zgu anty-NMDAR - Centrum Wiedzy ALAB laboratoria","description":"Czym jest autoimmunologiczne zapalenie m\u00f3zgu? Poznaj objawy, diagnostyk\u0119 i sposoby leczenia tej choroby. Dowiedz si\u0119, jakie s\u0105 rokowania.","robots":{"index":"index","follow":"follow","max-snippet":"max-snippet:-1","max-image-preview":"max-image-preview:large","max-video-preview":"max-video-preview:-1"},"canonical":"https:\/\/www.alab.pl\/centrum-wiedzy\/autoimmunologiczne-zapalenie-mozgu-anty-nmdar\/","og_locale":"pl_PL","og_type":"article","og_title":"Autoimmunologiczne zapalenie m\u00f3zgu anty-NMDAR - Centrum Wiedzy ALAB laboratoria","og_description":"Czym jest autoimmunologiczne zapalenie m\u00f3zgu? Poznaj objawy, diagnostyk\u0119 i sposoby leczenia tej choroby. Dowiedz si\u0119, jakie s\u0105 rokowania.","og_url":"https:\/\/www.alab.pl\/centrum-wiedzy\/autoimmunologiczne-zapalenie-mozgu-anty-nmdar\/","og_site_name":"Centrum Wiedzy ALAB laboratoria","article_publisher":"https:\/\/www.facebook.com\/ALABlaboratoria","article_published_time":"2024-10-01T10:00:00+00:00","og_image":[{"width":1200,"height":801,"url":"https:\/\/www.alab.pl\/centrum-wiedzy\/wp-content\/uploads\/2024\/01\/autoimmunologiczne-zapalenie-mozgu-jpg.webp","type":"image\/webp"}],"author":"Izabella Podsiad\u0142y","twitter_card":"summary_large_image","twitter_misc":{"Napisane przez":"Izabella Podsiad\u0142y","Szacowany czas czytania":"7 minut","Written by":"Izabella Podsiad\u0142y"},"schema":{"@context":"https:\/\/schema.org","@graph":[{"@type":"Article","@id":"https:\/\/www.alab.pl\/centrum-wiedzy\/autoimmunologiczne-zapalenie-mozgu-anty-nmdar\/#article","isPartOf":{"@id":"https:\/\/www.alab.pl\/centrum-wiedzy\/autoimmunologiczne-zapalenie-mozgu-anty-nmdar\/"},"author":{"name":"Izabella Podsiad\u0142y","@id":"https:\/\/www.alab.pl\/centrum-wiedzy\/#\/schema\/person\/90a14d72e6535e8d093a57494c3ab4c1"},"headline":"Autoimmunologiczne zapalenie m\u00f3zgu anty-NMDAR","datePublished":"2024-10-01T10:00:00+00:00","mainEntityOfPage":{"@id":"https:\/\/www.alab.pl\/centrum-wiedzy\/autoimmunologiczne-zapalenie-mozgu-anty-nmdar\/"},"wordCount":1384,"publisher":{"@id":"https:\/\/www.alab.pl\/centrum-wiedzy\/#organization"},"image":{"@id":"https:\/\/www.alab.pl\/centrum-wiedzy\/autoimmunologiczne-zapalenie-mozgu-anty-nmdar\/#primaryimage"},"thumbnailUrl":"https:\/\/www.alab.pl\/centrum-wiedzy\/wp-content\/uploads\/2024\/01\/autoimmunologiczne-zapalenie-mozgu-jpg.webp","articleSection":["Choroby autoimmunologiczne"],"inLanguage":"pl-PL"},{"@type":"WebPage","@id":"https:\/\/www.alab.pl\/centrum-wiedzy\/autoimmunologiczne-zapalenie-mozgu-anty-nmdar\/","url":"https:\/\/www.alab.pl\/centrum-wiedzy\/autoimmunologiczne-zapalenie-mozgu-anty-nmdar\/","name":"Autoimmunologiczne zapalenie m\u00f3zgu anty-NMDAR - Centrum Wiedzy ALAB laboratoria","isPartOf":{"@id":"https:\/\/www.alab.pl\/centrum-wiedzy\/#website"},"primaryImageOfPage":{"@id":"https:\/\/www.alab.pl\/centrum-wiedzy\/autoimmunologiczne-zapalenie-mozgu-anty-nmdar\/#primaryimage"},"image":{"@id":"https:\/\/www.alab.pl\/centrum-wiedzy\/autoimmunologiczne-zapalenie-mozgu-anty-nmdar\/#primaryimage"},"thumbnailUrl":"https:\/\/www.alab.pl\/centrum-wiedzy\/wp-content\/uploads\/2024\/01\/autoimmunologiczne-zapalenie-mozgu-jpg.webp","datePublished":"2024-10-01T10:00:00+00:00","description":"Czym jest autoimmunologiczne zapalenie m\u00f3zgu? Poznaj objawy, diagnostyk\u0119 i sposoby leczenia tej choroby. Dowiedz si\u0119, jakie s\u0105 rokowania.","breadcrumb":{"@id":"https:\/\/www.alab.pl\/centrum-wiedzy\/autoimmunologiczne-zapalenie-mozgu-anty-nmdar\/#breadcrumb"},"inLanguage":"pl-PL","potentialAction":[{"@type":"ReadAction","target":["https:\/\/www.alab.pl\/centrum-wiedzy\/autoimmunologiczne-zapalenie-mozgu-anty-nmdar\/"]}]},{"@type":"ImageObject","inLanguage":"pl-PL","@id":"https:\/\/www.alab.pl\/centrum-wiedzy\/autoimmunologiczne-zapalenie-mozgu-anty-nmdar\/#primaryimage","url":"https:\/\/www.alab.pl\/centrum-wiedzy\/wp-content\/uploads\/2024\/01\/autoimmunologiczne-zapalenie-mozgu-jpg.webp","contentUrl":"https:\/\/www.alab.pl\/centrum-wiedzy\/wp-content\/uploads\/2024\/01\/autoimmunologiczne-zapalenie-mozgu-jpg.webp","width":1200,"height":801,"caption":"autoimmunologiczne zapalenie mozgu"},{"@type":"BreadcrumbList","@id":"https:\/\/www.alab.pl\/centrum-wiedzy\/autoimmunologiczne-zapalenie-mozgu-anty-nmdar\/#breadcrumb","itemListElement":[{"@type":"ListItem","position":1,"name":"Strona g\u0142\u00f3wna","item":"https:\/\/www.alab.pl\/centrum-wiedzy\/"},{"@type":"ListItem","position":2,"name":"Autoimmunologiczne zapalenie m\u00f3zgu anty-NMDAR"}]},{"@type":"WebSite","@id":"https:\/\/www.alab.pl\/centrum-wiedzy\/#website","url":"https:\/\/www.alab.pl\/centrum-wiedzy\/","name":"Centrum Wiedzy ALAB laboratoria","description":"","publisher":{"@id":"https:\/\/www.alab.pl\/centrum-wiedzy\/#organization"},"potentialAction":[{"@type":"SearchAction","target":{"@type":"EntryPoint","urlTemplate":"https:\/\/www.alab.pl\/centrum-wiedzy\/?s={search_term_string}"},"query-input":{"@type":"PropertyValueSpecification","valueRequired":true,"valueName":"search_term_string"}}],"inLanguage":"pl-PL"},{"@type":"Organization","@id":"https:\/\/www.alab.pl\/centrum-wiedzy\/#organization","name":"Centrum Wiedzy ALAB laboratoria","url":"https:\/\/www.alab.pl\/centrum-wiedzy\/","logo":{"@type":"ImageObject","inLanguage":"pl-PL","@id":"https:\/\/www.alab.pl\/centrum-wiedzy\/#\/schema\/logo\/image\/","url":"https:\/\/www.alab.pl\/centrum-wiedzy\/wp-content\/uploads\/2022\/04\/alabek.jpg","contentUrl":"https:\/\/www.alab.pl\/centrum-wiedzy\/wp-content\/uploads\/2022\/04\/alabek.jpg","width":1250,"height":1251,"caption":"Centrum Wiedzy ALAB laboratoria"},"image":{"@id":"https:\/\/www.alab.pl\/centrum-wiedzy\/#\/schema\/logo\/image\/"},"sameAs":["https:\/\/www.facebook.com\/ALABlaboratoria"]},{"@type":"Person","@id":"https:\/\/www.alab.pl\/centrum-wiedzy\/#\/schema\/person\/90a14d72e6535e8d093a57494c3ab4c1","name":"Izabella Podsiad\u0142y","image":{"@type":"ImageObject","inLanguage":"pl-PL","@id":"https:\/\/www.alab.pl\/centrum-wiedzy\/wp-content\/uploads\/2023\/11\/Izabella-Podsiadly-jpg-150x150.webp5249836aaf73e5f3f76cc25f0b34c098","url":"https:\/\/www.alab.pl\/centrum-wiedzy\/wp-content\/uploads\/2023\/11\/Izabella-Podsiadly-jpg-150x150.webp","contentUrl":"https:\/\/www.alab.pl\/centrum-wiedzy\/wp-content\/uploads\/2023\/11\/Izabella-Podsiadly-jpg-150x150.webp","caption":"Izabella Podsiad\u0142y"},"description":"Z wykszta\u0142cenia magister in\u017cynier biotechnologii, absolwentka Politechniki Wroc\u0142awskiej. W 2019 r. wyjecha\u0142a na dwuletni sta\u017c zagraniczny BioLab na Uniwersytecie Wirginii (Charlottesville, USA), gdzie prowadzi\u0142a badania nad bia\u0142kami zaanga\u017cowanymi w proces powstawania bia\u0142aczki oraz poszerza\u0142a swoje wiedz\u0119 i do\u015bwiadczenie w pracy laboratoryjnej. W firmie EUROIMMUN pracuje od 2021 roku i zajmuje si\u0119 przede wszystkim produktami do diagnostyki gru\u017alicy.","url":"https:\/\/www.alab.pl\/centrum-wiedzy\/author\/izabella-podsiadly\/"}]}},"_links":{"self":[{"href":"https:\/\/www.alab.pl\/centrum-wiedzy\/wp-json\/wp\/v2\/posts\/17316","targetHints":{"allow":["GET"]}}],"collection":[{"href":"https:\/\/www.alab.pl\/centrum-wiedzy\/wp-json\/wp\/v2\/posts"}],"about":[{"href":"https:\/\/www.alab.pl\/centrum-wiedzy\/wp-json\/wp\/v2\/types\/post"}],"author":[{"embeddable":true,"href":"https:\/\/www.alab.pl\/centrum-wiedzy\/wp-json\/wp\/v2\/users\/157"}],"replies":[{"embeddable":true,"href":"https:\/\/www.alab.pl\/centrum-wiedzy\/wp-json\/wp\/v2\/comments?post=17316"}],"version-history":[{"count":0,"href":"https:\/\/www.alab.pl\/centrum-wiedzy\/wp-json\/wp\/v2\/posts\/17316\/revisions"}],"wp:featuredmedia":[{"embeddable":true,"href":"https:\/\/www.alab.pl\/centrum-wiedzy\/wp-json\/wp\/v2\/media\/11486"}],"wp:attachment":[{"href":"https:\/\/www.alab.pl\/centrum-wiedzy\/wp-json\/wp\/v2\/media?parent=17316"}],"wp:term":[{"taxonomy":"category","embeddable":true,"href":"https:\/\/www.alab.pl\/centrum-wiedzy\/wp-json\/wp\/v2\/categories?post=17316"},{"taxonomy":"post_tag","embeddable":true,"href":"https:\/\/www.alab.pl\/centrum-wiedzy\/wp-json\/wp\/v2\/tags?post=17316"},{"taxonomy":"author","embeddable":true,"href":"https:\/\/www.alab.pl\/centrum-wiedzy\/wp-json\/wp\/v2\/coauthors?post=17316"}],"curies":[{"name":"wp","href":"https:\/\/api.w.org\/{rel}","templated":true}]}}