{"id":17564,"date":"2024-10-10T11:30:00","date_gmt":"2024-10-10T09:30:00","guid":{"rendered":"https:\/\/sklep.alablaboratoria.pl\/centrum-wiedzy\/?p=17564"},"modified":"2025-12-05T10:31:29","modified_gmt":"2025-12-05T09:31:29","slug":"powiekszone-wezly-chlonne-pod-pacha-mozliwe-przyczyny","status":"publish","type":"post","link":"https:\/\/www.alab.pl\/centrum-wiedzy\/powiekszone-wezly-chlonne-pod-pacha-mozliwe-przyczyny\/","title":{"rendered":"Powi\u0119kszone w\u0119z\u0142y ch\u0142onne pod pach\u0105. Mo\u017cliwe przyczyny"},"content":{"rendered":"\n<p><strong>Powi\u0119kszone w\u0119z\u0142y ch\u0142onne pod pach\u0105 to objaw, kt\u00f3ry mo\u017ce budzi\u0107 niepok\u00f3j <\/strong>\u2013<strong> zw\u0142aszcza gdy towarzysz\u0105 mu inne dolegliwo\u015bci, takie jak b\u00f3l, gor\u0105czka czy og\u00f3lne os\u0142abienie. Zmiany w rozmiarze w\u0119z\u0142\u00f3w ch\u0142onnych mog\u0105 wskazywa\u0107 na niegro\u017ane infekcje, ale te\u017c powa\u017cniejsze stany chorobowe. Dlatego w ka\u017cdym przypadku wskazana jest konsultacja lekarska i przeprowadzenie szczeg\u00f3\u0142owej diagnostyki. Dowiedz si\u0119, jakie s\u0105 przyczyny powi\u0119kszonych w\u0119z\u0142\u00f3w ch\u0142onnych pod pach\u0105.<\/strong><\/p>\n\n\n\n<p>Spis tre\u015bci:<\/p>\n\n\n\n<ol class=\"wp-block-list\">\n<li><a href=\"#Czym-s\u0105-w\u0119z\u0142y-ch\u0142onne-i-jak\u0105-pe\u0142ni\u0105-funkcj\u0119-w-organizmie?\">Czym s\u0105 w\u0119z\u0142y ch\u0142onne i jak\u0105 pe\u0142ni\u0105 funkcj\u0119 w organizmie?<\/a><\/li>\n\n\n\n<li><a href=\"#Rola-w\u0119z\u0142\u00f3w-ch\u0142onnych\">Rola w\u0119z\u0142\u00f3w ch\u0142onnych<\/a><\/li>\n\n\n\n<li><a href=\"#Powi\u0119kszone-w\u0119z\u0142y-ch\u0142onne-pod-pachami:-objawy\">Powi\u0119kszone w\u0119z\u0142y ch\u0142onne pod pachami: objawy<\/a>\n<ul class=\"wp-block-list\">\n<li><a href=\"#Jak-wygl\u0105daj\u0105-powi\u0119kszone-w\u0119z\u0142y-ch\u0142onne-pod-pachami?\">Jak wygl\u0105daj\u0105 powi\u0119kszone w\u0119z\u0142y ch\u0142onne pod pachami?<\/a><\/li>\n<\/ul>\n<\/li>\n\n\n\n<li><a href=\"#Powi\u0119kszone-w\u0119z\u0142y-ch\u0142onne-pod-pachami:-przyczyny-dolegliwo\u015bci\">Powi\u0119kszone w\u0119z\u0142y ch\u0142onne pod pachami: przyczyny dolegliwo\u015bci<\/a><\/li>\n\n\n\n<li><a href=\"#Powi\u0119kszone-w\u0119z\u0142y-ch\u0142onne-pod-pachami-po-jednej-stronie:-co-to-oznacza?\">Powi\u0119kszone w\u0119z\u0142y ch\u0142onne pod pachami po jednej stronie: co to oznacza?<\/a><\/li>\n\n\n\n<li><a href=\"#Powi\u0119kszone-w\u0119z\u0142y-ch\u0142onne-u-m\u0119\u017cczyzn,-kobiet-i-dzieci:-jakie-badania-wykona\u0107?\">Powi\u0119kszone w\u0119z\u0142y ch\u0142onne u m\u0119\u017cczyzn, kobiet i dzieci: jakie badania wykona\u0107?<\/a>\n<ul class=\"wp-block-list\">\n<li><a href=\"#Badania-krwi-przy-powi\u0119kszonych-w\u0119z\u0142ach-ch\u0142onnych-pod-pachami\">Badania krwi przy powi\u0119kszonych w\u0119z\u0142ach ch\u0142onnych pod pachami<\/a><\/li>\n\n\n\n<li><a href=\"#Rola-USG-przy-powi\u0119kszonych-w\u0119z\u0142ach-ch\u0142onnych-pod-pachami\">Rola USG przy powi\u0119kszonych w\u0119z\u0142ach ch\u0142onnych pod pachami<\/a><\/li>\n<\/ul>\n<\/li>\n\n\n\n<li><a href=\"#Powi\u0119kszone-w\u0119z\u0142y-ch\u0142onne-pod-pachami:-jak-leczy\u0107?\">Powi\u0119kszone w\u0119z\u0142y ch\u0142onne pod pachami: jak leczy\u0107?<\/a><\/li>\n<\/ol>\n\n\n\n<h2 class=\"wp-block-heading\" id=\"Czym-s\u0105-w\u0119z\u0142y-ch\u0142onne-i-jak\u0105-pe\u0142ni\u0105-funkcj\u0119-w-organizmie?\">Czym s\u0105 w\u0119z\u0142y ch\u0142onne i jak\u0105 pe\u0142ni\u0105 funkcj\u0119 w organizmie?<\/h2>\n\n\n\n<p>W\u0119z\u0142y ch\u0142onne to niewielkie struktury przypominaj\u0105ce kszta\u0142tem ziarenka, rozmieszczone w ca\u0142ym ciele. <strong>S\u0105 zbudowane z tkanki limfatycznej.<\/strong> Nale\u017c\u0105 do uk\u0142adu odporno\u015bciowego. Szacuje si\u0119, \u017ce <strong>w organizmie cz\u0142owieka jest nawet 600 w\u0119z\u0142\u00f3w ch\u0142onnych<\/strong>. Ich najwi\u0119ksze skupiska znajduj\u0105 si\u0119 m.in. w do\u0142ach pachowych.<\/p>\n\n\n\n<p>W\u0119z\u0142y ch\u0142onne razem ze \u015bledzion\u0105 i grudkami ch\u0142onnymi b\u0142ony \u015bluzowej tworz\u0105 obwodow\u0105 cz\u0119\u015b\u0107 uk\u0142adu limfatycznego. Le\u017c\u0105 na przebiegu naczy\u0144 ch\u0142onnych. <strong>S\u0105 odpowiedzialne za filtrowanie ch\u0142onki<\/strong> (limfy) \u2013 p\u0142ynu kom\u00f3rkowego zawieraj\u0105cego m.in. kom\u00f3rki <a href=\"https:\/\/www.alab.pl\/centrum-wiedzy\/jak-wzmocnic-uklad-immunologiczny\/\" target=\"_blank\" rel=\"noreferrer noopener\">uk\u0142adu odporno\u015bciowego<\/a>.<\/p>\n\n\n\n<p><strong>&gt;&gt; Przeczytaj te\u017c: <a href=\"https:\/\/www.alab.pl\/centrum-wiedzy\/powiekszone-wezly-chlonne-limfadenopatia-przyczyny-diagnostyka\/\" target=\"_blank\" rel=\"noreferrer noopener\">Powi\u0119kszone w\u0119z\u0142y ch\u0142onne (limfadenopatia) \u2013 przyczyny, diagnostyka<\/a><\/strong><\/p>\n\n\n\n<h2 class=\"wp-block-heading\" id=\"Rola-w\u0119z\u0142\u00f3w-ch\u0142onnych\">Rola w\u0119z\u0142\u00f3w ch\u0142onnych<\/h2>\n\n\n\n<p><strong>W\u0119z\u0142y ch\u0142onne dzia\u0142aj\u0105 jak filtry, zatrzymuj\u0105c bakterie, wirusy i inne szkodliwe cz\u0105steczki, aby zapobiec ich rozprzestrzenianiu si\u0119 w organizmie. <\/strong>Wspomagaj\u0105 organizm w walce z <a href=\"https:\/\/www.alab.pl\/centrum-wiedzy\/infekcja\/\" target=\"_blank\" rel=\"noreferrer noopener\">infekcjami<\/a> poprzez produkcj\u0119 przeciwcia\u0142 uczestnicz\u0105cych w odpowiedzi immunologicznej oraz aktywacj\u0119 limfocyt\u00f3w T i B.<\/p>\n\n\n\n<p>Je\u017celi w w\u0119\u017ale ch\u0142onnym znajdzie si\u0119 wi\u0119ksza liczba prawid\u0142owych lub nieprawid\u0142owych limfocyt\u00f3w i kom\u00f3rek zapalnych, dochodzi do jego powi\u0119kszenia oraz zmiany konsystencji. Taki stan okre\u015blany jest mianem <a href=\"https:\/\/www.alab.pl\/centrum-wiedzy\/powiekszone-wezly-chlonne-limfadenopatia-przyczyny-diagnostyka\/\" target=\"_blank\" rel=\"noreferrer noopener\">limfadenopatii<\/a>.<\/p>\n\n\n\n<figure class=\"wp-block-table\"><table><tbody><tr><td><strong>Warto wiedzie\u0107:<\/strong> <br>W\u0119z\u0142y ch\u0142onne pod pach\u0105 zbieraj\u0105 ch\u0142onk\u0119 z ko\u0144czyny g\u00f3rnej i gruczo\u0142\u00f3w piersiowych.<\/td><\/tr><\/tbody><\/table><\/figure>\n\n\n\n<p><strong>&gt;&gt; To mo\u017ce Ci\u0119 zainteresowa\u0107: <a href=\"https:\/\/www.alab.pl\/centrum-wiedzy\/powiekszone-wezly-chlonne-na-szyi-przyczyny-objawy-i-diagnostyka\/\" target=\"_blank\" rel=\"noreferrer noopener\">Powi\u0119kszone w\u0119z\u0142y ch\u0142onne na szyi \u2013 przyczyny, objawy i diagnostyka<\/a><\/strong><\/p>\n\n\n\n<h2 class=\"wp-block-heading\" id=\"Powi\u0119kszone-w\u0119z\u0142y-ch\u0142onne-pod-pachami:-objawy\">Powi\u0119kszone w\u0119z\u0142y ch\u0142onne pod pachami: objawy<\/h2>\n\n\n\n<p>Powi\u0119kszone w\u0119z\u0142y ch\u0142onne pod pach\u0105 to takie, kt\u00f3rych <strong>\u015brednica przekracza 1 cm<\/strong>. S\u0105 wyczuwalne jako <strong>guzek lub guzki pod sk\u00f3r\u0105 w dole pachowym<\/strong>. Mo\u017cna wymaca\u0107 je palcami po podniesieniu r\u0119ki w g\u00f3r\u0119. W\u0119z\u0142y ch\u0142onne mog\u0105 by\u0107 powi\u0119kszone z jednej lub obu stron jednocze\u015bnie.<\/p>\n\n\n\n<p>Zdarza si\u0119, \u017ce powi\u0119kszony <strong>w\u0119ze\u0142 pod pach\u0105 jest tkliwy i bolesny<\/strong>. Niekiedy obecne s\u0105 tak\u017ce inne objawy \u2013 zale\u017cne od przyczyny limfadenopatii. Mog\u0105 to by\u0107 m.in.:<\/p>\n\n\n\n<ul class=\"wp-block-list\">\n<li>b\u00f3le stawowe,<\/li>\n\n\n\n<li>gor\u0105czka,<\/li>\n\n\n\n<li>dreszcze,<\/li>\n\n\n\n<li><a href=\"https:\/\/www.alab.pl\/centrum-wiedzy\/ciagle-zmeczenie-problem-xxi-wieku-czy-to-moze-byc-objaw-choroby\/\" target=\"_blank\" rel=\"noreferrer noopener\">zm\u0119czenie<\/a>,<\/li>\n\n\n\n<li>osutki sk\u00f3rne,<\/li>\n\n\n\n<li>niewyja\u015bniona utrata masy cia\u0142a.<\/li>\n<\/ul>\n\n\n\n<figure class=\"wp-block-table\"><table><tbody><tr><td><strong>Wskaz\u00f3wka:<\/strong> <br>W prawid\u0142owych warunkach w\u0119z\u0142y ch\u0142onne pod pach\u0105 zwykle s\u0105 niewyczuwalne.<\/td><\/tr><\/tbody><\/table><\/figure>\n\n\n\n<h3 class=\"wp-block-heading\" id=\"Jak-wygl\u0105daj\u0105-powi\u0119kszone-w\u0119z\u0142y-ch\u0142onne-pod-pachami?\">Jak wygl\u0105daj\u0105 powi\u0119kszone w\u0119z\u0142y ch\u0142onne pod pachami?<\/h3>\n\n\n\n<p>Powi\u0119kszone w\u0119z\u0142y ch\u0142onne pod pachami mog\u0105 mie\u0107 r\u00f3\u017cne rozmiary \u2013 od ma\u0142ych guzk\u00f3w po wi\u0119ksze struktury, kt\u00f3re s\u0105 nie tylko wyczuwalne palcami, ale tak\u017ce widoczne go\u0142ym okiem. Ponadto s\u0105:<\/p>\n\n\n\n<ul class=\"wp-block-list\">\n<li>mi\u0119kkie lub twarde,<\/li>\n\n\n\n<li>przesuwalne wzgl\u0119dem pod\u0142o\u017ca lub nieruchome,<\/li>\n\n\n\n<li>bolesne lub niebolesne.<\/li>\n<\/ul>\n\n\n\n<p>W\u0119z\u0142y ch\u0142onne mog\u0105 by\u0107 powi\u0119kszone pojedynczo lub w grupach.<\/p>\n\n\n\n<figure class=\"wp-block-image size-full\"><a href=\"https:\/\/www.alab.pl\/badanie\/bialko-c-reaktywne-crp-ilosciowe-i81\" target=\"_blank\" rel=\" noreferrer noopener\"><img loading=\"lazy\" decoding=\"async\" width=\"800\" height=\"200\" src=\"https:\/\/www.alab.pl\/centrum-wiedzy\/wp-content\/uploads\/2025\/02\/Badanie-CRP-bialko-C-reaktywne.jpg\" alt=\"Badanie CRP - (bia\u0142ko C-reaktywne) banerek\" class=\"wp-image-21101\" srcset=\"https:\/\/www.alab.pl\/centrum-wiedzy\/wp-content\/uploads\/2025\/02\/Badanie-CRP-bialko-C-reaktywne.jpg 800w, https:\/\/www.alab.pl\/centrum-wiedzy\/wp-content\/uploads\/2025\/02\/Badanie-CRP-bialko-C-reaktywne-768x192.jpg 768w, https:\/\/www.alab.pl\/centrum-wiedzy\/wp-content\/uploads\/2025\/02\/Badanie-CRP-bialko-C-reaktywne-150x38.jpg 150w, https:\/\/www.alab.pl\/centrum-wiedzy\/wp-content\/uploads\/2025\/02\/Badanie-CRP-bialko-C-reaktywne-300x75.jpg 300w, https:\/\/www.alab.pl\/centrum-wiedzy\/wp-content\/uploads\/2025\/02\/Badanie-CRP-bialko-C-reaktywne-696x174.jpg 696w\" sizes=\"auto, (max-width: 800px) 100vw, 800px\" \/><\/a><\/figure>\n\n\n\n<h2 class=\"wp-block-heading\" id=\"Powi\u0119kszone-w\u0119z\u0142y-ch\u0142onne-pod-pachami:-przyczyny-dolegliwo\u015bci\">Powi\u0119kszone w\u0119z\u0142y ch\u0142onne pod pachami: przyczyny dolegliwo\u015bci<\/h2>\n\n\n\n<p>Mo\u017cliwe <strong>przyczyny powi\u0119kszonych w\u0119z\u0142\u00f3w ch\u0142onnych pod pach\u0105<\/strong> to:<\/p>\n\n\n\n<ul class=\"wp-block-list\">\n<li>reakcja po szczepieniu w rami\u0119,<\/li>\n\n\n\n<li><a href=\"https:\/\/www.alab.pl\/centrum-wiedzy\/choroba-kociego-pazura-objawy-przyczyny-diagnostyka-i-leczenie\/\" target=\"_blank\" rel=\"noreferrer noopener\">choroba kociego pazura<\/a>,<\/li>\n\n\n\n<li>zaka\u017cenie bakteryjne w obr\u0119bie ko\u0144czyny g\u00f3rnej,<\/li>\n\n\n\n<li><a href=\"https:\/\/www.alab.pl\/centrum-wiedzy\/rak-piersi-objawy-przyczyny-rodzaje-i-badania\/\" target=\"_blank\" rel=\"noreferrer noopener\">rak piersi<\/a>,<\/li>\n\n\n\n<li><a href=\"https:\/\/www.alab.pl\/centrum-wiedzy\/bialaczka-leukemia-rak-krwi-objawy-rodzaje-diagnostyka-i-leczenie\/\" target=\"_blank\" rel=\"noreferrer noopener\">bia\u0142aczka<\/a>,<\/li>\n\n\n\n<li>ch\u0142oniaki,<\/li>\n\n\n\n<li><a href=\"https:\/\/www.alab.pl\/centrum-wiedzy\/sarkoidoza-jak-objawia-sie-rzadka-zagadkowa-choroba\/\" target=\"_blank\" rel=\"noreferrer noopener\">sarkoidoza<\/a>,<\/li>\n\n\n\n<li><a href=\"https:\/\/www.alab.pl\/centrum-wiedzy\/tradzik-odwrocony-jak-rozpoznac-sygnaly-ostrzegawcze\/\" target=\"_blank\" rel=\"noreferrer noopener\">tr\u0105dzik odwr\u00f3cony<\/a>.<\/li>\n<\/ul>\n\n\n\n<p><strong>Powi\u0119kszone w\u0119z\u0142y ch\u0142onne pod pach\u0105 podczas karmienia piersi\u0105 mog\u0105 wskazywa\u0107 na zapalenie gruczo\u0142u piersiowego. <\/strong>Wyst\u0119puje ono nawet u 10% matek w pierwszych tygodniach po porodzie. Jest spowodowane zaleganiem mleka w przewodach mlecznych lub infekcj\u0105 bakteryjn\u0105 (najcz\u0119\u015bciej wywo\u0142an\u0105 przez <a href=\"https:\/\/www.alab.pl\/centrum-wiedzy\/gronkowiec-zlocisty-zakazenia-skory\/\" target=\"_blank\" rel=\"noreferrer noopener\">gronkowca z\u0142ocistego<\/a>).<\/p>\n\n\n\n<h2 class=\"wp-block-heading\" id=\"Powi\u0119kszone-w\u0119z\u0142y-ch\u0142onne-pod-pachami-po-jednej-stronie:-co-to-oznacza?\">Powi\u0119kszone w\u0119z\u0142y ch\u0142onne pod pachami po jednej stronie: co to oznacza?<\/h2>\n\n\n\n<p>Powi\u0119kszone w\u0119z\u0142y ch\u0142onne pod lew\u0105 lub praw\u0105 pach\u0105 zwykle oznaczaj\u0105 <strong>lokaln\u0105 infekcj\u0119 lub stan zapalny<\/strong> \u2013 np. w obr\u0119bie sk\u00f3ry. Jednak w niekt\u00f3rych przypadkach <strong>wyczuwalny guzek w dole pachowym mo\u017ce wskazywa\u0107 na raka piersi<\/strong>. Dlatego ka\u017cda taka zmiana wymaga dok\u0142adnej oceny lekarskiej \u2013 zw\u0142aszcza gdy towarzyszy jej b\u00f3l, guzek w piersi lub inne nietypowe objawy.<\/p>\n\n\n\n<h2 class=\"wp-block-heading\" id=\"Powi\u0119kszone-w\u0119z\u0142y-ch\u0142onne-u-m\u0119\u017cczyzn,-kobiet-i-dzieci:-jakie-badania-wykona\u0107?\">Powi\u0119kszone w\u0119z\u0142y ch\u0142onne u m\u0119\u017cczyzn, kobiet i dzieci: jakie badania wykona\u0107?<\/h2>\n\n\n\n<p>Powi\u0119kszone w\u0119z\u0142y ch\u0142onne pod pachami u dziecka lub osoby doros\u0142ej wymagaj\u0105 <strong>konsultacji lekarskiej i przeprowadzenia szczeg\u00f3\u0142owej diagnostyki<\/strong>. Lekarz ustala przyczyn\u0119 limfadenopatii na podstawie:<\/p>\n\n\n\n<ul class=\"wp-block-list\">\n<li>wywiadu medycznego,<\/li>\n\n\n\n<li>badania przedmiotowego,<\/li>\n\n\n\n<li>bada\u0144 laboratoryjnych,<\/li>\n\n\n\n<li>bada\u0144 obrazowych.<\/li>\n<\/ul>\n\n\n\n<p>W niekt\u00f3rych przypadkach konieczne jest wykonanie <strong>biopsji w\u0119z\u0142a ch\u0142onnego i <\/strong><a href=\"https:\/\/www.alab.pl\/centrum-wiedzy\/badanie-histopatologiczne-co-to-jest-co-wykrywa\/\" target=\"_blank\" rel=\"noreferrer noopener\"><strong>badania histopatologicznego<\/strong><\/a><strong>.<\/strong><\/p>\n\n\n\n<h3 class=\"wp-block-heading\" id=\"Badania-krwi-przy-powi\u0119kszonych-w\u0119z\u0142ach-ch\u0142onnych-pod-pachami\">Badania krwi przy powi\u0119kszonych w\u0119z\u0142ach ch\u0142onnych pod pachami<\/h3>\n\n\n\n<p>Testy laboratoryjne wykonywane przy powi\u0119kszonych w\u0119z\u0142ach ch\u0142onnych pod pachami to g\u0142\u00f3wnie:<\/p>\n\n\n\n<ul class=\"wp-block-list\">\n<li><a href=\"https:\/\/www.alab.pl\/centrum-wiedzy\/morfologia-krwi-badanie-ktore-moze-uratowac-zycie\/\" target=\"_blank\" rel=\"noreferrer noopener\">morfologia krwi<\/a> z rozmazem,<\/li>\n\n\n\n<li><a href=\"https:\/\/www.alab.pl\/centrum-wiedzy\/crp-jak-interpretowac-wyniki-badania\/\" target=\"_blank\" rel=\"noreferrer noopener\">CRP<\/a>,<\/li>\n\n\n\n<li><a href=\"https:\/\/www.alab.pl\/centrum-wiedzy\/co-oznacza-podwyzszony-odczyn-biernackiego-wysokie-ob-i-o-czym-swiadczy\/\" target=\"_blank\" rel=\"noreferrer noopener\">OB<\/a>,<\/li>\n\n\n\n<li>testy na obecno\u015b\u0107 wybranych przeciwcia\u0142.<\/li>\n<\/ul>\n\n\n\n<p>Lekarz mo\u017ce zdecydowa\u0107 r\u00f3wnie\u017c o wykonaniu innych bada\u0144 z krwi \u2013 w zale\u017cno\u015bci od podejrzewanej przyczyny powi\u0119kszenia w\u0119z\u0142\u00f3w ch\u0142onnych pod pach\u0105.<\/p>\n\n\n\n<figure class=\"wp-block-image size-full\"><a href=\"https:\/\/www.alab.pl\/badanie\/morfologia-krwi-c55\" target=\"_blank\" rel=\" noreferrer noopener\"><img loading=\"lazy\" decoding=\"async\" width=\"800\" height=\"200\" src=\"https:\/\/www.alab.pl\/centrum-wiedzy\/wp-content\/uploads\/2025\/02\/Morfologia.jpg\" alt=\"Morfologia banerek\" class=\"wp-image-21108\" srcset=\"https:\/\/www.alab.pl\/centrum-wiedzy\/wp-content\/uploads\/2025\/02\/Morfologia.jpg 800w, https:\/\/www.alab.pl\/centrum-wiedzy\/wp-content\/uploads\/2025\/02\/Morfologia-768x192.jpg 768w, https:\/\/www.alab.pl\/centrum-wiedzy\/wp-content\/uploads\/2025\/02\/Morfologia-150x38.jpg 150w, https:\/\/www.alab.pl\/centrum-wiedzy\/wp-content\/uploads\/2025\/02\/Morfologia-300x75.jpg 300w, https:\/\/www.alab.pl\/centrum-wiedzy\/wp-content\/uploads\/2025\/02\/Morfologia-696x174.jpg 696w\" sizes=\"auto, (max-width: 800px) 100vw, 800px\" \/><\/a><\/figure>\n\n\n\n<h3 class=\"wp-block-heading\" id=\"Rola-USG-przy-powi\u0119kszonych-w\u0119z\u0142ach-ch\u0142onnych-pod-pachami\">Rola USG przy powi\u0119kszonych w\u0119z\u0142ach ch\u0142onnych pod pachami<\/h3>\n\n\n\n<p>Ultrasonografia (USG) jest prostym i bezinwazyjnym <strong>badaniem pozwalaj\u0105cym na ocen\u0119 powi\u0119kszonych w\u0119z\u0142\u00f3w ch\u0142onnych pod pach\u0105<\/strong>. Lekarz mo\u017ce okre\u015bli\u0107 wielko\u015b\u0107, kszta\u0142t oraz struktur\u0119 w\u0119z\u0142\u00f3w, co pozwala ustali\u0107 prawdopodobn\u0105 przyczyn\u0119 problemu lub podj\u0105\u0107 decyzj\u0119 o rozszerzeniu diagnostyki.<\/p>\n\n\n\n<h2 class=\"wp-block-heading\" id=\"Powi\u0119kszone-w\u0119z\u0142y-ch\u0142onne-pod-pachami:-jak-leczy\u0107?\">Powi\u0119kszone w\u0119z\u0142y ch\u0142onne pod pachami: jak leczy\u0107?<\/h2>\n\n\n\n<p>Leczenie zale\u017cy od przyczyny powi\u0119kszenia w\u0119z\u0142\u00f3w ch\u0142onnych pod pach\u0105. W przypadku infekcji bakteryjnych stosuje si\u0119 <a href=\"https:\/\/www.alab.pl\/centrum-wiedzy\/antybiotyki-czy-nadal-sa-skuteczne\/\" target=\"_blank\" rel=\"noreferrer noopener\">antybiotyki<\/a>, a przy stanach zapalnych zastosowanie maj\u0105 mi\u0119dzy innymi leki przeciwzapalne. Gdy zostanie wykryty nowotw\u00f3r, wdra\u017cane jest leczenie onkologiczne dopasowane indywidualnie do stanu pacjenta.<\/p>\n\n\n\n<p>Powi\u0119kszone w\u0119z\u0142y ch\u0142onne pod pachami mog\u0105 mie\u0107 wiele przyczyn \u2013 od infekcji po choroby nowotworowe. Zdarza si\u0119, \u017ce obecne s\u0105 tak\u017ce dodatkowe objawy, zale\u017cne od przyczyny limfadenopatii \u2013 np. gor\u0105czka, utrata masy cia\u0142a, z\u0142e samopoczucie. Wyczuwalny guzek w dole pachowym nale\u017cy skonsultowa\u0107 z lekarzem. W diagnostyce stosuje si\u0119 m.in. badania obrazowe i laboratoryjne (morfologi\u0119 krwi z rozmazem, <a href=\"https:\/\/www.alab.pl\/badanie\/odczyn-biernackiego-c59\" target=\"_blank\" rel=\"noreferrer noopener\">OB<\/a>, CRP, testy na obecno\u015b\u0107 wybranych przeciwcia\u0142).<\/p>\n\n\n\n<p><strong>Opieka merytoryczna: lek. Katarzyna Banaszczyk<\/strong><\/p>\n\n\n\n<hr class=\"wp-block-separator has-alpha-channel-opacity\"\/>\n\n\n\n<p><strong>Bibliografia<\/strong><\/p>\n\n\n\n<ol style=\"list-style-type:1\" class=\"wp-block-list\">\n<li>J. Styczy\u0144ski, <em>Limfadenopatia u dzieci i doros\u0142ych: zasady post\u0119powania diagnostycznego<\/em>, Acta Haematologica Polonica 2019, 50(3), s. 98\u2013102<\/li>\n\n\n\n<li>J. Ma\u0144ko, <em>Podstawowe wiadomo\u015bci o w\u0119z\u0142ach ch\u0142onnych<\/em>, https:\/\/podyplomie.pl\/wiedza\/wielka-interna\/746,podstawowe-wiadomosci-o-wezlach-chlonnych (dost\u0119p 12.09.2024)<\/li>\n\n\n\n<li>M. Karlikowska-Skwarnik, <em>Powi\u0119kszone w\u0119z\u0142y ch\u0142onne <\/em>\u2013<em> lokalizacja, przyczyny, badania, leczenie,<\/em> https:\/\/www.mp.pl\/pacjent\/objawy\/170512,powiekszone-wezly-chlonne (dost\u0119p 12.09.2024)<\/li>\n\n\n\n<li>M. Nehring-Gugulska, M. \u017bukowska-Rubik, <em>Protok\u00f3\u0142 leczenia zapalenia piersi<\/em>, Ginekologia po Dyplomie 2016<\/li>\n<\/ol>\n","protected":false},"excerpt":{"rendered":"<p>Powi\u0119kszone w\u0119z\u0142y ch\u0142onne pod pach\u0105 to objaw, kt\u00f3ry mo\u017ce budzi\u0107 niepok\u00f3j. Dowiedz si\u0119, jakie s\u0105 przyczyny powi\u0119kszonych w\u0119z\u0142\u00f3w ch\u0142onnych pod pach\u0105.<\/p>\n","protected":false},"author":100,"featured_media":17565,"comment_status":"closed","ping_status":"open","sticky":false,"template":"","format":"standard","meta":{"_acf_changed":false,"inline_featured_image":false,"footnotes":""},"categories":[23],"tags":[],"coauthors":[143],"class_list":{"0":"post-17564","1":"post","2":"type-post","3":"status-publish","4":"format-standard","5":"has-post-thumbnail","7":"category-infekcje-i-pasozyty"},"acf":[],"yoast_head":"<!-- This site is optimized with the Yoast SEO plugin v27.5 - https:\/\/yoast.com\/product\/yoast-seo-wordpress\/ -->\n<title>Powi\u0119kszone w\u0119z\u0142y ch\u0142onne pod pach\u0105. Mo\u017cliwe przyczyny - Centrum Wiedzy ALAB laboratoria<\/title>\n<meta name=\"description\" content=\"Powi\u0119kszone w\u0119z\u0142y ch\u0142onne pod pach\u0105 mog\u0105 budzi\u0107 niepok\u00f3j. Dowiedz si\u0119, jakie s\u0105 przyczyny powi\u0119kszonych w\u0119z\u0142\u00f3w ch\u0142onnych pod pach\u0105.\" \/>\n<meta name=\"robots\" content=\"index, follow, max-snippet:-1, max-image-preview:large, max-video-preview:-1\" \/>\n<link rel=\"canonical\" href=\"https:\/\/www.alab.pl\/centrum-wiedzy\/powiekszone-wezly-chlonne-pod-pacha-mozliwe-przyczyny\/\" \/>\n<meta property=\"og:locale\" content=\"pl_PL\" \/>\n<meta property=\"og:type\" content=\"article\" \/>\n<meta property=\"og:title\" content=\"Powi\u0119kszone w\u0119z\u0142y ch\u0142onne pod pach\u0105. Mo\u017cliwe przyczyny - Centrum Wiedzy ALAB laboratoria\" \/>\n<meta property=\"og:description\" content=\"Powi\u0119kszone w\u0119z\u0142y ch\u0142onne pod pach\u0105 mog\u0105 budzi\u0107 niepok\u00f3j. Dowiedz si\u0119, jakie s\u0105 przyczyny powi\u0119kszonych w\u0119z\u0142\u00f3w ch\u0142onnych pod pach\u0105.\" \/>\n<meta property=\"og:url\" content=\"https:\/\/www.alab.pl\/centrum-wiedzy\/powiekszone-wezly-chlonne-pod-pacha-mozliwe-przyczyny\/\" \/>\n<meta property=\"og:site_name\" content=\"Centrum Wiedzy ALAB laboratoria\" \/>\n<meta property=\"article:publisher\" content=\"https:\/\/www.facebook.com\/ALABlaboratoria\" \/>\n<meta property=\"article:published_time\" content=\"2024-10-10T09:30:00+00:00\" \/>\n<meta property=\"article:modified_time\" content=\"2025-12-05T09:31:29+00:00\" \/>\n<meta property=\"og:image\" content=\"https:\/\/www.alab.pl\/centrum-wiedzy\/wp-content\/uploads\/2024\/10\/powiekszone_wezly_chlonne_pod_pacha-scaled-1.webp\" \/>\n\t<meta property=\"og:image:width\" content=\"2560\" \/>\n\t<meta property=\"og:image:height\" content=\"1709\" \/>\n\t<meta property=\"og:image:type\" content=\"image\/webp\" \/>\n<meta name=\"author\" content=\"Angelika Janowicz\" \/>\n<meta name=\"twitter:card\" content=\"summary_large_image\" \/>\n<meta name=\"twitter:label1\" content=\"Napisane przez\" \/>\n\t<meta name=\"twitter:data1\" content=\"Angelika Janowicz\" \/>\n\t<meta name=\"twitter:label2\" content=\"Szacowany czas czytania\" \/>\n\t<meta name=\"twitter:data2\" content=\"7 minut\" \/>\n\t<meta name=\"twitter:label3\" content=\"Written by\" \/>\n\t<meta name=\"twitter:data3\" content=\"Angelika Janowicz\" \/>\n<!-- \/ Yoast SEO plugin. -->","yoast_head_json":{"title":"Powi\u0119kszone w\u0119z\u0142y ch\u0142onne pod pach\u0105. Mo\u017cliwe przyczyny - Centrum Wiedzy ALAB laboratoria","description":"Powi\u0119kszone w\u0119z\u0142y ch\u0142onne pod pach\u0105 mog\u0105 budzi\u0107 niepok\u00f3j. Dowiedz si\u0119, jakie s\u0105 przyczyny powi\u0119kszonych w\u0119z\u0142\u00f3w ch\u0142onnych pod pach\u0105.","robots":{"index":"index","follow":"follow","max-snippet":"max-snippet:-1","max-image-preview":"max-image-preview:large","max-video-preview":"max-video-preview:-1"},"canonical":"https:\/\/www.alab.pl\/centrum-wiedzy\/powiekszone-wezly-chlonne-pod-pacha-mozliwe-przyczyny\/","og_locale":"pl_PL","og_type":"article","og_title":"Powi\u0119kszone w\u0119z\u0142y ch\u0142onne pod pach\u0105. Mo\u017cliwe przyczyny - Centrum Wiedzy ALAB laboratoria","og_description":"Powi\u0119kszone w\u0119z\u0142y ch\u0142onne pod pach\u0105 mog\u0105 budzi\u0107 niepok\u00f3j. Dowiedz si\u0119, jakie s\u0105 przyczyny powi\u0119kszonych w\u0119z\u0142\u00f3w ch\u0142onnych pod pach\u0105.","og_url":"https:\/\/www.alab.pl\/centrum-wiedzy\/powiekszone-wezly-chlonne-pod-pacha-mozliwe-przyczyny\/","og_site_name":"Centrum Wiedzy ALAB laboratoria","article_publisher":"https:\/\/www.facebook.com\/ALABlaboratoria","article_published_time":"2024-10-10T09:30:00+00:00","article_modified_time":"2025-12-05T09:31:29+00:00","og_image":[{"width":2560,"height":1709,"url":"https:\/\/www.alab.pl\/centrum-wiedzy\/wp-content\/uploads\/2024\/10\/powiekszone_wezly_chlonne_pod_pacha-scaled-1.webp","type":"image\/webp"}],"author":"Angelika Janowicz","twitter_card":"summary_large_image","twitter_misc":{"Napisane przez":"Angelika Janowicz","Szacowany czas czytania":"7 minut","Written by":"Angelika Janowicz"},"schema":{"@context":"https:\/\/schema.org","@graph":[{"@type":"Article","@id":"https:\/\/www.alab.pl\/centrum-wiedzy\/powiekszone-wezly-chlonne-pod-pacha-mozliwe-przyczyny\/#article","isPartOf":{"@id":"https:\/\/www.alab.pl\/centrum-wiedzy\/powiekszone-wezly-chlonne-pod-pacha-mozliwe-przyczyny\/"},"author":{"name":"Angelika Janowicz","@id":"https:\/\/www.alab.pl\/centrum-wiedzy\/#\/schema\/person\/f714a3843f15f9646db0448b28a900e1"},"headline":"Powi\u0119kszone w\u0119z\u0142y ch\u0142onne pod pach\u0105. Mo\u017cliwe przyczyny","datePublished":"2024-10-10T09:30:00+00:00","dateModified":"2025-12-05T09:31:29+00:00","mainEntityOfPage":{"@id":"https:\/\/www.alab.pl\/centrum-wiedzy\/powiekszone-wezly-chlonne-pod-pacha-mozliwe-przyczyny\/"},"wordCount":1272,"publisher":{"@id":"https:\/\/www.alab.pl\/centrum-wiedzy\/#organization"},"image":{"@id":"https:\/\/www.alab.pl\/centrum-wiedzy\/powiekszone-wezly-chlonne-pod-pacha-mozliwe-przyczyny\/#primaryimage"},"thumbnailUrl":"https:\/\/www.alab.pl\/centrum-wiedzy\/wp-content\/uploads\/2024\/10\/powiekszone_wezly_chlonne_pod_pacha-scaled-1.webp","articleSection":["Infekcje i paso\u017cyty"],"inLanguage":"pl-PL"},{"@type":"WebPage","@id":"https:\/\/www.alab.pl\/centrum-wiedzy\/powiekszone-wezly-chlonne-pod-pacha-mozliwe-przyczyny\/","url":"https:\/\/www.alab.pl\/centrum-wiedzy\/powiekszone-wezly-chlonne-pod-pacha-mozliwe-przyczyny\/","name":"Powi\u0119kszone w\u0119z\u0142y ch\u0142onne pod pach\u0105. Mo\u017cliwe przyczyny - Centrum Wiedzy ALAB laboratoria","isPartOf":{"@id":"https:\/\/www.alab.pl\/centrum-wiedzy\/#website"},"primaryImageOfPage":{"@id":"https:\/\/www.alab.pl\/centrum-wiedzy\/powiekszone-wezly-chlonne-pod-pacha-mozliwe-przyczyny\/#primaryimage"},"image":{"@id":"https:\/\/www.alab.pl\/centrum-wiedzy\/powiekszone-wezly-chlonne-pod-pacha-mozliwe-przyczyny\/#primaryimage"},"thumbnailUrl":"https:\/\/www.alab.pl\/centrum-wiedzy\/wp-content\/uploads\/2024\/10\/powiekszone_wezly_chlonne_pod_pacha-scaled-1.webp","datePublished":"2024-10-10T09:30:00+00:00","dateModified":"2025-12-05T09:31:29+00:00","description":"Powi\u0119kszone w\u0119z\u0142y ch\u0142onne pod pach\u0105 mog\u0105 budzi\u0107 niepok\u00f3j. Dowiedz si\u0119, jakie s\u0105 przyczyny powi\u0119kszonych w\u0119z\u0142\u00f3w ch\u0142onnych pod pach\u0105.","breadcrumb":{"@id":"https:\/\/www.alab.pl\/centrum-wiedzy\/powiekszone-wezly-chlonne-pod-pacha-mozliwe-przyczyny\/#breadcrumb"},"inLanguage":"pl-PL","potentialAction":[{"@type":"ReadAction","target":["https:\/\/www.alab.pl\/centrum-wiedzy\/powiekszone-wezly-chlonne-pod-pacha-mozliwe-przyczyny\/"]}]},{"@type":"ImageObject","inLanguage":"pl-PL","@id":"https:\/\/www.alab.pl\/centrum-wiedzy\/powiekszone-wezly-chlonne-pod-pacha-mozliwe-przyczyny\/#primaryimage","url":"https:\/\/www.alab.pl\/centrum-wiedzy\/wp-content\/uploads\/2024\/10\/powiekszone_wezly_chlonne_pod_pacha-scaled-1.webp","contentUrl":"https:\/\/www.alab.pl\/centrum-wiedzy\/wp-content\/uploads\/2024\/10\/powiekszone_wezly_chlonne_pod_pacha-scaled-1.webp","width":2560,"height":1709,"caption":"powi\u0119kszone w\u0119z\u0142y ch\u0142onne pod pach\u0105"},{"@type":"BreadcrumbList","@id":"https:\/\/www.alab.pl\/centrum-wiedzy\/powiekszone-wezly-chlonne-pod-pacha-mozliwe-przyczyny\/#breadcrumb","itemListElement":[{"@type":"ListItem","position":1,"name":"Strona g\u0142\u00f3wna","item":"https:\/\/www.alab.pl\/centrum-wiedzy\/"},{"@type":"ListItem","position":2,"name":"Powi\u0119kszone w\u0119z\u0142y ch\u0142onne pod pach\u0105. Mo\u017cliwe przyczyny"}]},{"@type":"WebSite","@id":"https:\/\/www.alab.pl\/centrum-wiedzy\/#website","url":"https:\/\/www.alab.pl\/centrum-wiedzy\/","name":"Centrum Wiedzy ALAB laboratoria","description":"","publisher":{"@id":"https:\/\/www.alab.pl\/centrum-wiedzy\/#organization"},"potentialAction":[{"@type":"SearchAction","target":{"@type":"EntryPoint","urlTemplate":"https:\/\/www.alab.pl\/centrum-wiedzy\/?s={search_term_string}"},"query-input":{"@type":"PropertyValueSpecification","valueRequired":true,"valueName":"search_term_string"}}],"inLanguage":"pl-PL"},{"@type":"Organization","@id":"https:\/\/www.alab.pl\/centrum-wiedzy\/#organization","name":"Centrum Wiedzy ALAB laboratoria","url":"https:\/\/www.alab.pl\/centrum-wiedzy\/","logo":{"@type":"ImageObject","inLanguage":"pl-PL","@id":"https:\/\/www.alab.pl\/centrum-wiedzy\/#\/schema\/logo\/image\/","url":"https:\/\/www.alab.pl\/centrum-wiedzy\/wp-content\/uploads\/2022\/04\/alabek.jpg","contentUrl":"https:\/\/www.alab.pl\/centrum-wiedzy\/wp-content\/uploads\/2022\/04\/alabek.jpg","width":1250,"height":1251,"caption":"Centrum Wiedzy ALAB laboratoria"},"image":{"@id":"https:\/\/www.alab.pl\/centrum-wiedzy\/#\/schema\/logo\/image\/"},"sameAs":["https:\/\/www.facebook.com\/ALABlaboratoria"]},{"@type":"Person","@id":"https:\/\/www.alab.pl\/centrum-wiedzy\/#\/schema\/person\/f714a3843f15f9646db0448b28a900e1","name":"Angelika Janowicz","image":{"@type":"ImageObject","inLanguage":"pl-PL","@id":"https:\/\/www.alab.pl\/centrum-wiedzy\/wp-content\/uploads\/2024\/05\/Janowicz-Angelika-150x150.png9339cd1d56dcba9ded72b55067841306","url":"https:\/\/www.alab.pl\/centrum-wiedzy\/wp-content\/uploads\/2024\/05\/Janowicz-Angelika-150x150.png","contentUrl":"https:\/\/www.alab.pl\/centrum-wiedzy\/wp-content\/uploads\/2024\/05\/Janowicz-Angelika-150x150.png","caption":"Angelika Janowicz"},"description":"Z wykszta\u0142cenia piel\u0119gniarka, absolwentka Uniwersytetu Medycznego im. Piast\u00f3w \u015al\u0105skich we Wroc\u0142awiu. Do\u015bwiadczenie zawodowe zdobywa\u0142a w gabinecie zabiegowym, a tak\u017ce w poradni laryngologicznej, pediatrycznej i kardiologicznej. Interesuje si\u0119 psychodietetyk\u0105 i \u017cywieniem cz\u0142owieka w chorobach metabolicznych \u2013 w szczeg\u00f3lno\u015bci zastosowaniem diet niskow\u0119glowodanowych w insulinooporno\u015bci.","url":"https:\/\/www.alab.pl\/centrum-wiedzy\/author\/angelika-janowicz\/"}]}},"_links":{"self":[{"href":"https:\/\/www.alab.pl\/centrum-wiedzy\/wp-json\/wp\/v2\/posts\/17564","targetHints":{"allow":["GET"]}}],"collection":[{"href":"https:\/\/www.alab.pl\/centrum-wiedzy\/wp-json\/wp\/v2\/posts"}],"about":[{"href":"https:\/\/www.alab.pl\/centrum-wiedzy\/wp-json\/wp\/v2\/types\/post"}],"author":[{"embeddable":true,"href":"https:\/\/www.alab.pl\/centrum-wiedzy\/wp-json\/wp\/v2\/users\/100"}],"replies":[{"embeddable":true,"href":"https:\/\/www.alab.pl\/centrum-wiedzy\/wp-json\/wp\/v2\/comments?post=17564"}],"version-history":[{"count":1,"href":"https:\/\/www.alab.pl\/centrum-wiedzy\/wp-json\/wp\/v2\/posts\/17564\/revisions"}],"predecessor-version":[{"id":28263,"href":"https:\/\/www.alab.pl\/centrum-wiedzy\/wp-json\/wp\/v2\/posts\/17564\/revisions\/28263"}],"wp:featuredmedia":[{"embeddable":true,"href":"https:\/\/www.alab.pl\/centrum-wiedzy\/wp-json\/wp\/v2\/media\/17565"}],"wp:attachment":[{"href":"https:\/\/www.alab.pl\/centrum-wiedzy\/wp-json\/wp\/v2\/media?parent=17564"}],"wp:term":[{"taxonomy":"category","embeddable":true,"href":"https:\/\/www.alab.pl\/centrum-wiedzy\/wp-json\/wp\/v2\/categories?post=17564"},{"taxonomy":"post_tag","embeddable":true,"href":"https:\/\/www.alab.pl\/centrum-wiedzy\/wp-json\/wp\/v2\/tags?post=17564"},{"taxonomy":"author","embeddable":true,"href":"https:\/\/www.alab.pl\/centrum-wiedzy\/wp-json\/wp\/v2\/coauthors?post=17564"}],"curies":[{"name":"wp","href":"https:\/\/api.w.org\/{rel}","templated":true}]}}