{"id":17574,"date":"2024-10-10T12:30:00","date_gmt":"2024-10-10T10:30:00","guid":{"rendered":"https:\/\/sklep.alablaboratoria.pl\/centrum-wiedzy\/?p=17574"},"modified":"2024-10-10T12:30:00","modified_gmt":"2024-10-10T10:30:00","slug":"bol-brzucha-w-ciazy-jakie-objawy-powinny-niepokoic","status":"publish","type":"post","link":"https:\/\/www.alab.pl\/centrum-wiedzy\/bol-brzucha-w-ciazy-jakie-objawy-powinny-niepokoic\/","title":{"rendered":"B\u00f3l brzucha w ci\u0105\u017cy. Jakie objawy powinny niepokoi\u0107?"},"content":{"rendered":"\n<p><strong>B\u00f3l brzucha w ci\u0105\u017cy mo\u017ce mie\u0107 r\u00f3\u017cne przyczyny <\/strong>\u2013 <strong>od zupe\u0142nie niegro\u017anych do stan\u00f3w wymagaj\u0105cych pilnej interwencji lekarskiej. Ka\u017cda przysz\u0142a mama powinna zdawa\u0107 sobie spraw\u0119, kt\u00f3rych dolegliwo\u015bci nigdy nie nale\u017cy bagatelizowa\u0107. Dowiedz si\u0119, co oznacza b\u00f3l brzucha w ci\u0105\u017cy i jakie objawy powinny niepokoi\u0107.<\/strong><\/p>\n\n\n\n<p>Spis tre\u015bci:<\/p>\n\n\n\n<ol class=\"wp-block-list\">\n<li><a href=\"#Przyczyny-b\u00f3lu-brzucha-w-ci\u0105\u017cy\">Przyczyny b\u00f3lu brzucha w ci\u0105\u017cy<\/a>\n<ul class=\"wp-block-list\">\n<li><a href=\"#K\u0142uj\u0105cy-b\u00f3l-brzucha-w-ci\u0105\u017cy-\u2013-co-mo\u017ce-oznacza\u0107?\">K\u0142uj\u0105cy b\u00f3l brzucha w ci\u0105\u017cy \u2013 co mo\u017ce oznacza\u0107?<\/a><\/li>\n\n\n\n<li><a href=\"#B\u00f3l-w-dole-brzucha-w-ci\u0105\u017cy-\u2013-o-czym-mo\u017ce-\u015bwiadczy\u0107?\">B\u00f3l w dole brzucha w ci\u0105\u017cy \u2013 o czym mo\u017ce \u015bwiadczy\u0107?<\/a><\/li>\n<\/ul>\n<\/li>\n\n\n\n<li><a href=\"#Jaki-b\u00f3l-brzucha-w-ci\u0105\u017cy-powinien-niepokoi\u0107?\">Jaki b\u00f3l brzucha w ci\u0105\u017cy powinien niepokoi\u0107?<\/a><\/li>\n\n\n\n<li><a href=\"#Co-na-b\u00f3l-brzucha-w-ci\u0105\u017cy?\">Co na b\u00f3l brzucha w ci\u0105\u017cy?<\/a><\/li>\n<\/ol>\n\n\n\n<h2 class=\"wp-block-heading\" id=\"Przyczyny-b\u00f3lu-brzucha-w-ci\u0105\u017cy\">Przyczyny b\u00f3lu brzucha w ci\u0105\u017cy<\/h2>\n\n\n\n<p>W trakcie ci\u0105\u017cy cia\u0142o kobiety przechodzi liczne zmiany fizjologiczne, kt\u00f3re mog\u0105 powodowa\u0107 <strong>b\u00f3l podbrzusza<\/strong>. Cz\u0119sto dolegliwo\u015bci s\u0105 zwi\u0105zane z <strong>adaptacj\u0105 organizmu do ci\u0105\u017cy i porodu<\/strong>. Wiele kobiet obserwuje je zw\u0142aszcza na pocz\u0105tku ci\u0105\u017cy \u2013 zanim jeszcze wykona <a href=\"https:\/\/www.alab.pl\/centrum-wiedzy\/test-ciazowy-z-krwi-kiedy-i-dlaczego-przeprowadzic-badanie-beta-hcg\/\" target=\"_blank\" rel=\"noreferrer noopener\">test ci\u0105\u017cowy<\/a>. Na tym etapie w wielu przypadkach <strong>b\u00f3l podbrzusza mo\u017ce by\u0107 mylnie interpretowany jako objaw zbli\u017caj\u0105cej si\u0119 miesi\u0105czki<\/strong>.<\/p>\n\n\n\n<p>B\u00f3l brzucha w I trymestrze mo\u017ce by\u0107 objawem <strong>ci\u0105\u017cy pozamacicznej<\/strong>. Jest to stan, w kt\u00f3rym <strong>zap\u0142odniona kom\u00f3rka jajowa zagnie\u017cd\u017ca si\u0119 poza jam\u0105 macicy<\/strong>. Stanowi powa\u017cne zagro\u017cenie dla zdrowia kobiety. Taka ci\u0105\u017ca powinna zosta\u0107 zako\u0144czona.<\/p>\n\n\n\n<p>B\u00f3l brzucha w ci\u0105\u017cy mo\u017ce by\u0107 r\u00f3wnie\u017c objawem ostrego <a href=\"https:\/\/www.alab.pl\/centrum-wiedzy\/zapalenie-wyrostka-robaczkowego-gdzie-jest-wyrostek-i-jak-rozpoznac-objawy-zapalenia\/\" target=\"_blank\" rel=\"noreferrer noopener\">zapalenia wyrostka robaczkowego<\/a>. Zwykle trwa on przez kilka godzin oraz towarzysz\u0105 mu nudno\u015bci, wymioty, biegunka, gor\u0105czka, wzmo\u017cone napi\u0119cie mi\u0119\u015bni brzucha, bolesno\u015b\u0107 palpacyjna i objaw Blumberga.<\/p>\n\n\n\n<figure class=\"wp-block-table\"><table><tbody><tr><td><strong>Warto wiedzie\u0107<br><\/strong>W I trymestrze ci\u0105\u017cy lokalizacja b\u00f3lu brzucha przy ostrym zapaleniu wyrostka robaczkowego jest taka sama jak u kobiet nieb\u0119d\u0105cych w ci\u0105\u017cy (najpierw w okolicy p\u0119pka, nast\u0119pnie w prawym dole biodrowym). Wraz z rozwojem ci\u0105\u017cy zmienia si\u0119 rozmieszczenie narz\u0105d\u00f3w jamy brzusznej, a tym samym dolegliwo\u015bci b\u00f3lowe mog\u0105 by\u0107 umiejscowione wy\u017cej \u2013 w okolicach \u017co\u0142\u0105dka i w\u0105troby.<\/td><\/tr><\/tbody><\/table><\/figure>\n\n\n\n<p>Kolejn\u0105 przyczyn\u0105 b\u00f3lu brzucha w ci\u0105\u017cy jest <strong>przedwczesne odklejenie si\u0119 \u0142o\u017cyska<\/strong>. To powa\u017cne powik\u0142anie ci\u0105\u017cowe, kt\u00f3re pojawia si\u0119, gdy \u0142o\u017cysko cz\u0119\u015bciowo lub ca\u0142kowicie oddziela si\u0119 od \u015bciany macicy. Do objaw\u00f3w towarzysz\u0105cych nale\u017c\u0105: krwawienie z dr\u00f3g rodnych, wzmo\u017cone napi\u0119cie i tkliwo\u015b\u0107 macicy, wstrz\u0105s hipowolemiczny.<\/p>\n\n\n\n<p>Inne mo\u017cliwe<strong> przyczyny b\u00f3lu brzucha w ci\u0105\u017cy<\/strong> to:<\/p>\n\n\n\n<ul class=\"wp-block-list\">\n<li><a href=\"https:\/\/www.alab.pl\/centrum-wiedzy\/zakazenia-ukladu-moczowego-zum\/\" target=\"_blank\" rel=\"noreferrer noopener\">infekcje uk\u0142adu moczowego<\/a>,<\/li>\n\n\n\n<li>refluks \u017co\u0142\u0105dkowo-prze\u0142ykowy,<\/li>\n\n\n\n<li>zaburzenia trawienia,<\/li>\n\n\n\n<li>zapalenie b\u0142ony \u015bluzowej \u017co\u0142\u0105dka,<\/li>\n\n\n\n<li>zapalenie p\u0119cherzyka \u017c\u00f3\u0142ciowego,<\/li>\n\n\n\n<li>por\u00f3d przedwczesny,<\/li>\n\n\n\n<li>zgon wewn\u0105trzmaciczny,<\/li>\n\n\n\n<li>stan przedrzucawkowy.<\/li>\n<\/ul>\n\n\n\n<p>B\u00f3l brzucha w III trymestrze ci\u0105\u017cy przypominaj\u0105cy b\u00f3le menstruacyjne mo\u017ce \u015bwiadczy\u0107 o zbli\u017caj\u0105cym si\u0119 porodzie.<\/p>\n\n\n\n<p><strong>>> To mo\u017ce Ci\u0119 zainteresowa\u0107: <a href=\"https:\/\/www.alab.pl\/centrum-wiedzy\/badania-laboratoryjne-dla-kobiet-w-ciazy-okiem-ginekologa\/\" target=\"_blank\" rel=\"noreferrer noopener\">Badania laboratoryjne dla kobiet w ci\u0105\u017cy \u2013 okiem ginekologa<\/a><\/strong><\/p>\n\n\n\n<h3 class=\"wp-block-heading\" id=\"K\u0142uj\u0105cy-b\u00f3l-brzucha-w-ci\u0105\u017cy-\u2013-co-mo\u017ce-oznacza\u0107?\">K\u0142uj\u0105cy b\u00f3l brzucha w ci\u0105\u017cy \u2013 co mo\u017ce oznacza\u0107?<\/h3>\n\n\n\n<p>K\u0142uj\u0105cy b\u00f3l brzucha w ci\u0105\u017cy najcz\u0119\u015bciej jest wynikiem <strong>napinania si\u0119 mi\u0119\u015bni i wi\u0119zade\u0142 podtrzymuj\u0105cych macic\u0119<\/strong>. Tego typu dolegliwo\u015bci mog\u0105 by\u0107 bardziej odczuwalne przy nag\u0142ych ruchach, kaszlu, kichaniu lub zmianie pozycji cia\u0142a. Jest to zjawisko naturalne, kt\u00f3re nie wymaga leczenia.<\/p>\n\n\n\n<p>K\u0142uj\u0105cy b\u00f3l brzucha w ci\u0105\u017cy mo\u017ce by\u0107 r\u00f3wnie\u017c spowodowany przez <strong>kolk\u0119 jelitow\u0105<\/strong>. To bolesne skurcze jelit spowodowane<strong> problemami trawiennymi, kt\u00f3re cz\u0119sto wynikaj\u0105 ze zmian hormonalnych<\/strong>. Progesteron, kt\u00f3rego poziom wzrasta w ci\u0105\u017cy, rozlu\u017ania mi\u0119\u015bnie g\u0142adkie przewodu pokarmowego, co spowalnia procesy trawienne.<\/p>\n\n\n\n<h3 class=\"wp-block-heading\" id=\"B\u00f3l-w-dole-brzucha-w-ci\u0105\u017cy-\u2013-o-czym-mo\u017ce-\u015bwiadczy\u0107?\">B\u00f3l w dole brzucha w ci\u0105\u017cy \u2013 o czym mo\u017ce \u015bwiadczy\u0107?<\/h3>\n\n\n\n<p>B\u00f3l w dole brzucha ma kilka przyczyn, np. rozci\u0105ganie wi\u0119zade\u0142 macicy czy ucisk p\u0142odu na narz\u0105dy wewn\u0119trzne. W pocz\u0105tkowych tygodniach ci\u0105\u017cy mo\u017ce towarzyszy\u0107 zagnie\u017cd\u017caniu si\u0119 zarodka w macicy.<\/p>\n\n\n\n<p>Nale\u017cy jednak pami\u0119ta\u0107, \u017ce <strong>b\u00f3l w dole brzucha w ci\u0105\u017cy mo\u017ce by\u0107 objawem poronienia<\/strong>. To samoistna utrata ci\u0105\u017cy przed 22. tygodniem, kt\u00f3ra&nbsp; przytrafia si\u0119 12\u201324% ci\u0119\u017carnych. Do jego przyczyn zalicza si\u0119 m.in. zaburzenia genetyczne, zaburzenia immunologiczne czy choroby przewlek\u0142e matki. <strong>B\u00f3lowi brzucha zawsze towarzyszy krwawienie z dr\u00f3g rodnych<\/strong>.<\/p>\n\n\n\n<h2 class=\"wp-block-heading\" id=\"Jaki-b\u00f3l-brzucha-w-ci\u0105\u017cy-powinien-niepokoi\u0107?\">Jaki b\u00f3l brzucha w ci\u0105\u017cy powinien niepokoi\u0107?<\/h2>\n\n\n\n<p>W zale\u017cno\u015bci od przyczyny b\u00f3l brzucha w ci\u0105\u017cy mo\u017ce mie\u0107 r\u00f3\u017cne nat\u0119\u017cenie i charakter. Cz\u0119sto nie jest zbyt nasilony i ust\u0119puje samoistnie. Zdarza si\u0119 jednak, \u017ce jest silny, d\u0142ugotrwa\u0142y i towarzysz\u0105 mu dodatkowe objawy. W takiej sytuacji <strong>nale\u017cy jak najszybciej zg\u0142osi\u0107 si\u0119 do lekarza, aby unikn\u0105\u0107 gro\u017anych powik\u0142a\u0144<\/strong>.<\/p>\n\n\n\n<p>Wiele przysz\u0142ych mam zastanawia si\u0119, <strong>jaki b\u00f3l brzucha powinien niepokoi\u0107<\/strong>. Szczeg\u00f3ln\u0105 uwag\u0119 nale\u017cy zwr\u00f3ci\u0107 na:<\/p>\n\n\n\n<ul class=\"wp-block-list\">\n<li>bardzo silny b\u00f3l brzucha,<\/li>\n\n\n\n<li>nawracaj\u0105cy b\u00f3l brzucha,<\/li>\n\n\n\n<li>b\u00f3l brzucha promieniuj\u0105cy do plec\u00f3w,<\/li>\n\n\n\n<li>b\u00f3l brzucha o charakterze skurczowym,<\/li>\n\n\n\n<li>b\u00f3l brzucha utrzymuj\u0105cy si\u0119 przez d\u0142u\u017cszy czas (np. kilka godzin),<\/li>\n\n\n\n<li>b\u00f3l brzucha nieustaj\u0105cy po zastosowaniu metod na jego z\u0142agodzenie,<\/li>\n\n\n\n<li>objawy towarzysz\u0105ce b\u00f3lowi brzucha i podbrzusza w ci\u0105\u017cy (np. wymioty, pieczenie podczas oddawania moczu, gor\u0105czka, krwawienie z dr\u00f3g rodnych, brak apetytu, zmiana charakteru stolca).<\/li>\n<\/ul>\n\n\n\n<p>Powy\u017csze objawy wymagaj\u0105 przeprowadzenia <strong>szczeg\u00f3\u0142owej diagnostyki<\/strong>. Badania, kt\u00f3re wykonuje si\u0119 przy b\u00f3lu brzucha w ci\u0105\u017cy to m.in. USG jamy brzusznej, gastroskopia, badanie og\u00f3lne moczu czy testy laboratoryjne z krwi (m.in. <a href=\"https:\/\/www.alab.pl\/badanie\/aminotransferaza-asparaginianowa-ast-i19\" target=\"_blank\" rel=\"noreferrer noopener\">AST<\/a>, <a href=\"https:\/\/www.alab.pl\/badanie\/aminotransferaza-alaninowa-alt-i17\" target=\"_blank\" rel=\"noreferrer noopener\">ALT<\/a>, <a href=\"https:\/\/www.alab.pl\/badanie\/morfologia-krwi-c55\" target=\"_blank\" rel=\"noreferrer noopener\">morfologia krwi<\/a>, <a href=\"https:\/\/www.alab.pl\/badanie\/bialko-c-reaktywne-crp-hs-wysokiej-czulosci-i81\" target=\"_blank\" rel=\"noreferrer noopener\">CRP<\/a>, <a href=\"https:\/\/www.alab.pl\/badanie\/kreatynina-w-surowicy-m37\" target=\"_blank\" rel=\"noreferrer noopener\">kreatynina<\/a>, <a href=\"https:\/\/www.alab.pl\/pakiet\/pakiet-elektrolitow\" target=\"_blank\" rel=\"noreferrer noopener\">elektrolity<\/a>).<\/p>\n\n\n\n<figure class=\"wp-block-image size-full\"><a href=\"https:\/\/www.alab.pl\/pakiet\/zakazenie-ukladu-moczowego\"><img loading=\"lazy\" decoding=\"async\" width=\"800\" height=\"200\" src=\"https:\/\/www.alab.pl\/centrum-wiedzy\/wp-content\/uploads\/2023\/11\/Pakiet-zakazenie-ukladu-moczowego-2-badania-jpg.webp\" alt=\"pakiet zaka\u017cenie uk\u0142adu moczowego\" class=\"wp-image-9936\" srcset=\"https:\/\/www.alab.pl\/centrum-wiedzy\/wp-content\/uploads\/2023\/11\/Pakiet-zakazenie-ukladu-moczowego-2-badania-jpg.webp 800w, https:\/\/www.alab.pl\/centrum-wiedzy\/wp-content\/uploads\/2023\/11\/Pakiet-zakazenie-ukladu-moczowego-2-badania-jpg-768x192.webp 768w, https:\/\/www.alab.pl\/centrum-wiedzy\/wp-content\/uploads\/2023\/11\/Pakiet-zakazenie-ukladu-moczowego-2-badania-jpg-150x38.webp 150w, https:\/\/www.alab.pl\/centrum-wiedzy\/wp-content\/uploads\/2023\/11\/Pakiet-zakazenie-ukladu-moczowego-2-badania-jpg-300x75.webp 300w, https:\/\/www.alab.pl\/centrum-wiedzy\/wp-content\/uploads\/2023\/11\/Pakiet-zakazenie-ukladu-moczowego-2-badania-jpg-696x174.webp 696w\" sizes=\"auto, (max-width: 800px) 100vw, 800px\" \/><\/a><\/figure>\n\n\n\n<h2 class=\"wp-block-heading\" id=\"Co-na-b\u00f3l-brzucha-w-ci\u0105\u017cy?\">Co na b\u00f3l brzucha w ci\u0105\u017cy?<\/h2>\n\n\n\n<p>Na \u0142agodne b\u00f3le brzucha w ci\u0105\u017cy niezwi\u0105zane z procesem chorobowym mog\u0105 pom\u00f3c:<\/p>\n\n\n\n<ul class=\"wp-block-list\">\n<li>odpoczynek i przyj\u0119cie wygodnej pozycji cia\u0142a,<\/li>\n\n\n\n<li>unikanie gwa\u0142townych ruch\u00f3w,<\/li>\n\n\n\n<li>\u0107wiczenia relaksacyjne i rozci\u0105gaj\u0105ce,<\/li>\n\n\n\n<li>zmiana diety (spo\u017cywanie lekkostrawnych posi\u0142k\u00f3w bogatych w b\u0142onnik, o regularnych porach, w mniejszych porcjach),<\/li>\n<\/ul>\n\n\n\n<p>Nale\u017cy pami\u0119ta\u0107, \u017ce farmakologiczne leczenie b\u00f3lu brzucha w ci\u0105\u017cy nigdy nie powinno by\u0107 prowadzone na w\u0142asn\u0105 r\u0119k\u0119. <strong>Przysz\u0142a mama zawsze powinna skonsultowa\u0107 si\u0119 z lekarzem przed zastosowaniem jakichkolwiek lek\u00f3w.<\/strong><\/p>\n\n\n\n<p><strong>>> To mo\u017ce Ci\u0119 zainteresowa\u0107: <a href=\"https:\/\/www.alab.pl\/centrum-wiedzy\/zywienie-w-ciazy-na-co-warto-zwrocic-uwage\/\" target=\"_blank\" rel=\"noreferrer noopener\">\u017bywienie w ci\u0105\u017cy \u2013 na co warto zwr\u00f3ci\u0107 uwag\u0119?<\/a><\/strong><\/p>\n\n\n\n<p>W wi\u0119kszo\u015bci przypadk\u00f3w b\u00f3l brzucha w ci\u0105\u017cy nie stanowi zagro\u017cenia dla przysz\u0142ej mamy i jej dziecka. Jednak istniej\u0105 sytuacje, w kt\u00f3rych mo\u017ce oznacza\u0107 powa\u017cniejsze problemy. Je\u017celi b\u00f3l brzucha jest silny, d\u0142ugotrwa\u0142y lub towarzysz\u0105 mu dodatkowe objawy (np. wymioty, og\u00f3lne z\u0142e samopoczucie, krwawienie z dr\u00f3g rodnych, problemy z oddawaniem moczu), nale\u017cy niezw\u0142ocznie skonsultowa\u0107 si\u0119 z lekarzem i wykona\u0107 badania pozwalaj\u0105ce ustali\u0107 przyczyn\u0119 dolegliwo\u015bci.<\/p>\n\n\n\n<p><strong>Opieka merytoryczna: lek. Katarzyna Banaszczyk<\/strong><\/p>\n\n\n\n<hr class=\"wp-block-separator has-alpha-channel-opacity\"\/>\n\n\n\n<p><strong>Bibliografia<\/strong><\/p>\n\n\n\n<ol class=\"wp-block-list\" type=\"1\" start=\"1\">\n<li>A. S\u0142abuszewska-J\u00f3\u017awiak i in., <em>Ci\u0105\u017ca pozamaciczna <\/em>\u2013 <em>czy nadal jest to stan nagl\u0105cy?<\/em>, Post\u0119py Nauk Medycznych 2014, t. XXVII, nr 8, s. 581\u2013585<\/li>\n\n\n\n<li>O. Adamczyk-Gruszka i in., <em>Ostre zapalenie wyrostka robaczkowego w ci\u0105\u017cy pojedynczej i mnogiej <\/em>\u2013<em> opis dw\u00f3ch przypadk\u00f3w<\/em>, Studia Medyczne 2013, 29(1), s. 83\u201387<\/li>\n\n\n\n<li>A. Karowicz-Bili\u0144ska, U. Kowalska-Koprek, <em>Najcz\u0119stsze powik\u0142ania ci\u0105\u017cy. Cz\u0119\u015b\u0107 1<\/em>, Wydawnictwo Uniwersytetu Medycznego w \u0141odzi, \u0141\u00f3d\u017a 2022<\/li>\n\n\n\n<li>https:\/\/www.mp.pl\/medycynarodzinna\/artykuly\/show.html?id=218009 (dost\u0119p 04.10.2024)<\/li>\n\n\n\n<li>A. Karowicz-Bili\u0144ska, U. Kowalska-Koprek, <em>Najcz\u0119stsze powik\u0142ania ci\u0105\u017cy. Cz\u0119\u015b\u0107 2<\/em>, Wydawnictwo Uniwersytetu Medycznego w \u0141odzi, \u0141\u00f3d\u017a 2022<\/li>\n<\/ol>\n","protected":false},"excerpt":{"rendered":"<p>B\u00f3l brzucha w ci\u0105\u017cy mo\u017ce mie\u0107 r\u00f3\u017cne przyczyny. Dowiedz si\u0119, co oznacza b\u00f3l brzucha w ci\u0105\u017cy i jakie objawy powinny niepokoi\u0107.<\/p>\n","protected":false},"author":100,"featured_media":17575,"comment_status":"closed","ping_status":"open","sticky":false,"template":"","format":"standard","meta":{"_acf_changed":false,"inline_featured_image":false,"footnotes":""},"categories":[6],"tags":[],"coauthors":[143],"class_list":{"0":"post-17574","1":"post","2":"type-post","3":"status-publish","4":"format-standard","5":"has-post-thumbnail","7":"category-badania-w-ciazy-testy-prenatalne"},"acf":[],"yoast_head":"<!-- This site is optimized with the Yoast SEO plugin v27.5 - https:\/\/yoast.com\/product\/yoast-seo-wordpress\/ -->\n<title>B\u00f3l brzucha w ci\u0105\u017cy. Jakie objawy powinny niepokoi\u0107? - Centrum Wiedzy ALAB laboratoria<\/title>\n<meta name=\"description\" content=\"B\u00f3l brzucha w ci\u0105\u017cy mo\u017ce mie\u0107 r\u00f3\u017cne przyczyny. Dowiedz si\u0119, co oznacza b\u00f3l brzucha w ci\u0105\u017cy i jakie objawy powinny niepokoi\u0107.\" \/>\n<meta name=\"robots\" content=\"index, follow, max-snippet:-1, max-image-preview:large, max-video-preview:-1\" \/>\n<link rel=\"canonical\" href=\"https:\/\/www.alab.pl\/centrum-wiedzy\/bol-brzucha-w-ciazy-jakie-objawy-powinny-niepokoic\/\" \/>\n<meta property=\"og:locale\" content=\"pl_PL\" \/>\n<meta property=\"og:type\" content=\"article\" \/>\n<meta property=\"og:title\" content=\"B\u00f3l brzucha w ci\u0105\u017cy. Jakie objawy powinny niepokoi\u0107? - Centrum Wiedzy ALAB laboratoria\" \/>\n<meta property=\"og:description\" content=\"B\u00f3l brzucha w ci\u0105\u017cy mo\u017ce mie\u0107 r\u00f3\u017cne przyczyny. Dowiedz si\u0119, co oznacza b\u00f3l brzucha w ci\u0105\u017cy i jakie objawy powinny niepokoi\u0107.\" \/>\n<meta property=\"og:url\" content=\"https:\/\/www.alab.pl\/centrum-wiedzy\/bol-brzucha-w-ciazy-jakie-objawy-powinny-niepokoic\/\" \/>\n<meta property=\"og:site_name\" content=\"Centrum Wiedzy ALAB laboratoria\" \/>\n<meta property=\"article:publisher\" content=\"https:\/\/www.facebook.com\/ALABlaboratoria\" \/>\n<meta property=\"article:published_time\" content=\"2024-10-10T10:30:00+00:00\" \/>\n<meta property=\"og:image\" content=\"https:\/\/www.alab.pl\/centrum-wiedzy\/wp-content\/uploads\/2024\/10\/bol_brzucha_w_ciazy-jpg.webp\" \/>\n\t<meta property=\"og:image:width\" content=\"2208\" \/>\n\t<meta property=\"og:image:height\" content=\"1474\" \/>\n\t<meta property=\"og:image:type\" content=\"image\/webp\" \/>\n<meta name=\"author\" content=\"Angelika Janowicz\" \/>\n<meta name=\"twitter:card\" content=\"summary_large_image\" \/>\n<meta name=\"twitter:label1\" content=\"Napisane przez\" \/>\n\t<meta name=\"twitter:data1\" content=\"Angelika Janowicz\" \/>\n\t<meta name=\"twitter:label2\" content=\"Szacowany czas czytania\" \/>\n\t<meta name=\"twitter:data2\" content=\"6 minut\" \/>\n\t<meta name=\"twitter:label3\" content=\"Written by\" \/>\n\t<meta name=\"twitter:data3\" content=\"Angelika Janowicz\" \/>\n<!-- \/ Yoast SEO plugin. -->","yoast_head_json":{"title":"B\u00f3l brzucha w ci\u0105\u017cy. Jakie objawy powinny niepokoi\u0107? - Centrum Wiedzy ALAB laboratoria","description":"B\u00f3l brzucha w ci\u0105\u017cy mo\u017ce mie\u0107 r\u00f3\u017cne przyczyny. Dowiedz si\u0119, co oznacza b\u00f3l brzucha w ci\u0105\u017cy i jakie objawy powinny niepokoi\u0107.","robots":{"index":"index","follow":"follow","max-snippet":"max-snippet:-1","max-image-preview":"max-image-preview:large","max-video-preview":"max-video-preview:-1"},"canonical":"https:\/\/www.alab.pl\/centrum-wiedzy\/bol-brzucha-w-ciazy-jakie-objawy-powinny-niepokoic\/","og_locale":"pl_PL","og_type":"article","og_title":"B\u00f3l brzucha w ci\u0105\u017cy. Jakie objawy powinny niepokoi\u0107? - Centrum Wiedzy ALAB laboratoria","og_description":"B\u00f3l brzucha w ci\u0105\u017cy mo\u017ce mie\u0107 r\u00f3\u017cne przyczyny. Dowiedz si\u0119, co oznacza b\u00f3l brzucha w ci\u0105\u017cy i jakie objawy powinny niepokoi\u0107.","og_url":"https:\/\/www.alab.pl\/centrum-wiedzy\/bol-brzucha-w-ciazy-jakie-objawy-powinny-niepokoic\/","og_site_name":"Centrum Wiedzy ALAB laboratoria","article_publisher":"https:\/\/www.facebook.com\/ALABlaboratoria","article_published_time":"2024-10-10T10:30:00+00:00","og_image":[{"width":2208,"height":1474,"url":"https:\/\/www.alab.pl\/centrum-wiedzy\/wp-content\/uploads\/2024\/10\/bol_brzucha_w_ciazy-jpg.webp","type":"image\/webp"}],"author":"Angelika Janowicz","twitter_card":"summary_large_image","twitter_misc":{"Napisane przez":"Angelika Janowicz","Szacowany czas czytania":"6 minut","Written by":"Angelika Janowicz"},"schema":{"@context":"https:\/\/schema.org","@graph":[{"@type":"Article","@id":"https:\/\/www.alab.pl\/centrum-wiedzy\/bol-brzucha-w-ciazy-jakie-objawy-powinny-niepokoic\/#article","isPartOf":{"@id":"https:\/\/www.alab.pl\/centrum-wiedzy\/bol-brzucha-w-ciazy-jakie-objawy-powinny-niepokoic\/"},"author":{"name":"Angelika Janowicz","@id":"https:\/\/www.alab.pl\/centrum-wiedzy\/#\/schema\/person\/f714a3843f15f9646db0448b28a900e1"},"headline":"B\u00f3l brzucha w ci\u0105\u017cy. Jakie objawy powinny niepokoi\u0107?","datePublished":"2024-10-10T10:30:00+00:00","mainEntityOfPage":{"@id":"https:\/\/www.alab.pl\/centrum-wiedzy\/bol-brzucha-w-ciazy-jakie-objawy-powinny-niepokoic\/"},"wordCount":1233,"publisher":{"@id":"https:\/\/www.alab.pl\/centrum-wiedzy\/#organization"},"image":{"@id":"https:\/\/www.alab.pl\/centrum-wiedzy\/bol-brzucha-w-ciazy-jakie-objawy-powinny-niepokoic\/#primaryimage"},"thumbnailUrl":"https:\/\/www.alab.pl\/centrum-wiedzy\/wp-content\/uploads\/2024\/10\/bol_brzucha_w_ciazy-jpg.webp","articleSection":["Badania w ci\u0105\u017cy, testy prenatalne"],"inLanguage":"pl-PL"},{"@type":"WebPage","@id":"https:\/\/www.alab.pl\/centrum-wiedzy\/bol-brzucha-w-ciazy-jakie-objawy-powinny-niepokoic\/","url":"https:\/\/www.alab.pl\/centrum-wiedzy\/bol-brzucha-w-ciazy-jakie-objawy-powinny-niepokoic\/","name":"B\u00f3l brzucha w ci\u0105\u017cy. Jakie objawy powinny niepokoi\u0107? - Centrum Wiedzy ALAB laboratoria","isPartOf":{"@id":"https:\/\/www.alab.pl\/centrum-wiedzy\/#website"},"primaryImageOfPage":{"@id":"https:\/\/www.alab.pl\/centrum-wiedzy\/bol-brzucha-w-ciazy-jakie-objawy-powinny-niepokoic\/#primaryimage"},"image":{"@id":"https:\/\/www.alab.pl\/centrum-wiedzy\/bol-brzucha-w-ciazy-jakie-objawy-powinny-niepokoic\/#primaryimage"},"thumbnailUrl":"https:\/\/www.alab.pl\/centrum-wiedzy\/wp-content\/uploads\/2024\/10\/bol_brzucha_w_ciazy-jpg.webp","datePublished":"2024-10-10T10:30:00+00:00","description":"B\u00f3l brzucha w ci\u0105\u017cy mo\u017ce mie\u0107 r\u00f3\u017cne przyczyny. Dowiedz si\u0119, co oznacza b\u00f3l brzucha w ci\u0105\u017cy i jakie objawy powinny niepokoi\u0107.","breadcrumb":{"@id":"https:\/\/www.alab.pl\/centrum-wiedzy\/bol-brzucha-w-ciazy-jakie-objawy-powinny-niepokoic\/#breadcrumb"},"inLanguage":"pl-PL","potentialAction":[{"@type":"ReadAction","target":["https:\/\/www.alab.pl\/centrum-wiedzy\/bol-brzucha-w-ciazy-jakie-objawy-powinny-niepokoic\/"]}]},{"@type":"ImageObject","inLanguage":"pl-PL","@id":"https:\/\/www.alab.pl\/centrum-wiedzy\/bol-brzucha-w-ciazy-jakie-objawy-powinny-niepokoic\/#primaryimage","url":"https:\/\/www.alab.pl\/centrum-wiedzy\/wp-content\/uploads\/2024\/10\/bol_brzucha_w_ciazy-jpg.webp","contentUrl":"https:\/\/www.alab.pl\/centrum-wiedzy\/wp-content\/uploads\/2024\/10\/bol_brzucha_w_ciazy-jpg.webp","width":2208,"height":1474,"caption":"b\u00f3l brzucha w ci\u0105\u017cy"},{"@type":"BreadcrumbList","@id":"https:\/\/www.alab.pl\/centrum-wiedzy\/bol-brzucha-w-ciazy-jakie-objawy-powinny-niepokoic\/#breadcrumb","itemListElement":[{"@type":"ListItem","position":1,"name":"Strona g\u0142\u00f3wna","item":"https:\/\/www.alab.pl\/centrum-wiedzy\/"},{"@type":"ListItem","position":2,"name":"B\u00f3l brzucha w ci\u0105\u017cy. Jakie objawy powinny niepokoi\u0107?"}]},{"@type":"WebSite","@id":"https:\/\/www.alab.pl\/centrum-wiedzy\/#website","url":"https:\/\/www.alab.pl\/centrum-wiedzy\/","name":"Centrum Wiedzy ALAB laboratoria","description":"","publisher":{"@id":"https:\/\/www.alab.pl\/centrum-wiedzy\/#organization"},"potentialAction":[{"@type":"SearchAction","target":{"@type":"EntryPoint","urlTemplate":"https:\/\/www.alab.pl\/centrum-wiedzy\/?s={search_term_string}"},"query-input":{"@type":"PropertyValueSpecification","valueRequired":true,"valueName":"search_term_string"}}],"inLanguage":"pl-PL"},{"@type":"Organization","@id":"https:\/\/www.alab.pl\/centrum-wiedzy\/#organization","name":"Centrum Wiedzy ALAB laboratoria","url":"https:\/\/www.alab.pl\/centrum-wiedzy\/","logo":{"@type":"ImageObject","inLanguage":"pl-PL","@id":"https:\/\/www.alab.pl\/centrum-wiedzy\/#\/schema\/logo\/image\/","url":"https:\/\/www.alab.pl\/centrum-wiedzy\/wp-content\/uploads\/2022\/04\/alabek.jpg","contentUrl":"https:\/\/www.alab.pl\/centrum-wiedzy\/wp-content\/uploads\/2022\/04\/alabek.jpg","width":1250,"height":1251,"caption":"Centrum Wiedzy ALAB laboratoria"},"image":{"@id":"https:\/\/www.alab.pl\/centrum-wiedzy\/#\/schema\/logo\/image\/"},"sameAs":["https:\/\/www.facebook.com\/ALABlaboratoria"]},{"@type":"Person","@id":"https:\/\/www.alab.pl\/centrum-wiedzy\/#\/schema\/person\/f714a3843f15f9646db0448b28a900e1","name":"Angelika Janowicz","image":{"@type":"ImageObject","inLanguage":"pl-PL","@id":"https:\/\/www.alab.pl\/centrum-wiedzy\/wp-content\/uploads\/2024\/05\/Janowicz-Angelika-150x150.png9339cd1d56dcba9ded72b55067841306","url":"https:\/\/www.alab.pl\/centrum-wiedzy\/wp-content\/uploads\/2024\/05\/Janowicz-Angelika-150x150.png","contentUrl":"https:\/\/www.alab.pl\/centrum-wiedzy\/wp-content\/uploads\/2024\/05\/Janowicz-Angelika-150x150.png","caption":"Angelika Janowicz"},"description":"Z wykszta\u0142cenia piel\u0119gniarka, absolwentka Uniwersytetu Medycznego im. Piast\u00f3w \u015al\u0105skich we Wroc\u0142awiu. Do\u015bwiadczenie zawodowe zdobywa\u0142a w gabinecie zabiegowym, a tak\u017ce w poradni laryngologicznej, pediatrycznej i kardiologicznej. Interesuje si\u0119 psychodietetyk\u0105 i \u017cywieniem cz\u0142owieka w chorobach metabolicznych \u2013 w szczeg\u00f3lno\u015bci zastosowaniem diet niskow\u0119glowodanowych w insulinooporno\u015bci.","url":"https:\/\/www.alab.pl\/centrum-wiedzy\/author\/angelika-janowicz\/"}]}},"_links":{"self":[{"href":"https:\/\/www.alab.pl\/centrum-wiedzy\/wp-json\/wp\/v2\/posts\/17574","targetHints":{"allow":["GET"]}}],"collection":[{"href":"https:\/\/www.alab.pl\/centrum-wiedzy\/wp-json\/wp\/v2\/posts"}],"about":[{"href":"https:\/\/www.alab.pl\/centrum-wiedzy\/wp-json\/wp\/v2\/types\/post"}],"author":[{"embeddable":true,"href":"https:\/\/www.alab.pl\/centrum-wiedzy\/wp-json\/wp\/v2\/users\/100"}],"replies":[{"embeddable":true,"href":"https:\/\/www.alab.pl\/centrum-wiedzy\/wp-json\/wp\/v2\/comments?post=17574"}],"version-history":[{"count":0,"href":"https:\/\/www.alab.pl\/centrum-wiedzy\/wp-json\/wp\/v2\/posts\/17574\/revisions"}],"wp:featuredmedia":[{"embeddable":true,"href":"https:\/\/www.alab.pl\/centrum-wiedzy\/wp-json\/wp\/v2\/media\/17575"}],"wp:attachment":[{"href":"https:\/\/www.alab.pl\/centrum-wiedzy\/wp-json\/wp\/v2\/media?parent=17574"}],"wp:term":[{"taxonomy":"category","embeddable":true,"href":"https:\/\/www.alab.pl\/centrum-wiedzy\/wp-json\/wp\/v2\/categories?post=17574"},{"taxonomy":"post_tag","embeddable":true,"href":"https:\/\/www.alab.pl\/centrum-wiedzy\/wp-json\/wp\/v2\/tags?post=17574"},{"taxonomy":"author","embeddable":true,"href":"https:\/\/www.alab.pl\/centrum-wiedzy\/wp-json\/wp\/v2\/coauthors?post=17574"}],"curies":[{"name":"wp","href":"https:\/\/api.w.org\/{rel}","templated":true}]}}