{"id":17868,"date":"2024-10-28T13:00:00","date_gmt":"2024-10-28T12:00:00","guid":{"rendered":"https:\/\/sklep.alablaboratoria.pl\/centrum-wiedzy\/?p=17868"},"modified":"2024-10-28T13:00:00","modified_gmt":"2024-10-28T12:00:00","slug":"amyloidoza-skrobiawica-co-to-za-choroba-objawy-przyczyny-diagnostyka-i-leczenie","status":"publish","type":"post","link":"https:\/\/www.alab.pl\/centrum-wiedzy\/amyloidoza-skrobiawica-co-to-za-choroba-objawy-przyczyny-diagnostyka-i-leczenie\/","title":{"rendered":"Amyloidoza (skrobiawica) \u2013 co to za choroba? Objawy, przyczyny, diagnostyka i leczenie\u00a0\u00a0\u00a0"},"content":{"rendered":"\n<p><strong>Amyloidoza, znana r\u00f3wnie\u017c jako skrobiawica, jest rzadk\u0105 chorob\u0105 charakteryzuj\u0105c\u0105 si\u0119 odk\u0142adaniem bia\u0142ka o nieprawid\u0142owej strukturze, zwanego amyloidem, w r\u00f3\u017cnych tkankach organizmu. Skumulowane z\u0142ogi amyloidu mog\u0105 prowadzi\u0107 do uszkodzenia funkcji narz\u0105d\u00f3w, a w skrajnych przypadkach nawet do ich niewydolno\u015bci. Choroba ta jest trudna do zdiagnozowania, poniewa\u017c jej objawy mog\u0105 by\u0107 bardzo zr\u00f3\u017cnicowane i niespecyficzne. W niniejszym artykule przyjrzymy si\u0119, czym jest amyloidoza, jakie s\u0105 jej przyczyny, objawy, a tak\u017ce jak przebiega proces diagnostyczny i leczenie tego schorzenia.<\/strong><\/p>\n\n\n\n<p>Spis tre\u015bci:<\/p>\n\n\n\n<ol class=\"wp-block-list\">\n<li><a href=\"#Amyloidoza-\u2013-co-to-za-choroba?\">Amyloidoza \u2013 co to za choroba?<\/a>\n<ul class=\"wp-block-list\">\n<li><a href=\"#Czy-amyloidoza-jest-dziedziczna?\">Czy amyloidoza jest dziedziczna?<\/a><\/li>\n<\/ul>\n<\/li>\n\n\n\n<li><a href=\"#Przyczyny-amyloidozy\">Przyczyny amyloidozy<\/a><\/li>\n\n\n\n<li><a href=\"#Objawy-amyloidozy\">Objawy amyloidozy<\/a><\/li>\n\n\n\n<li><a href=\"#Diagnostyka-amyloidozy\">Diagnostyka amyloidozy<\/a><\/li>\n\n\n\n<li><a href=\"#Leczenie-amyloidozy\">Leczenie amyloidozy<\/a><\/li>\n<\/ol>\n\n\n\n<h2 class=\"wp-block-heading\" id=\"Amyloidoza-\u2013-co-to-za-choroba?\">Amyloidoza \u2013 co to za choroba?<\/h2>\n\n\n\n<p>Amyloidoza jest grup\u0105 chor\u00f3b, w kt\u00f3rych <strong>nierozpuszczalne bia\u0142ka tworz\u0105 z\u0142ogi amyloidowe w narz\u0105dach i tkankach<\/strong>, co zaburza ich prawid\u0142ow\u0105 funkcj\u0119. W zdrowym organizmie bia\u0142ka po wykonaniu swojej roli s\u0105 degradowane i usuwane. Jednak w przypadku amyloidozy nie ulegaj\u0105 w\u0142a\u015bciwej degradacji, a zamiast tego przybieraj\u0105 nieprawid\u0142ow\u0105 form\u0119, co prowadzi do tworzenia si\u0119 nierozpuszczalnych z\u0142og\u00f3w. Z\u0142ogi te mog\u0105 osadza\u0107 si\u0119 m.in. w sercu, nerkach, w\u0105trobie, \u015bledzionie, nerwach czy przewodzie pokarmowym.<\/p>\n\n\n\n<p>Amyloidoza nie jest pojedynczym schorzeniem, a raczej grup\u0105 chor\u00f3b. W zale\u017cno\u015bci od rodzaju amyloidu i miejsca jego odk\u0142adania, wyr\u00f3\u017cniamy r\u00f3\u017cne typy amyloidozy:<\/p>\n\n\n\n<ul class=\"wp-block-list\">\n<li><strong>Amyloidoza AL (pierwotna) \u2013 <\/strong>najcz\u0119stsza forma, w kt\u00f3rej z\u0142ogi powstaj\u0105 z \u0142a\u0144cuch\u00f3w lekkich immunoglobulin, zwi\u0105zana z chorobami uk\u0142adu odporno\u015bciowego, takimi jak szpiczak mnogi.<\/li>\n\n\n\n<li><strong>Amyloidoza AA (wt\u00f3rna) \u2013<\/strong> wynik przewlek\u0142ych stan\u00f3w zapalnych (np. <a href=\"https:\/\/www.alab.pl\/centrum-wiedzy\/czym-jest-rzs-jak-czesto-wystepuje-kogo-dotyka\/\" target=\"_blank\" rel=\"noreferrer noopener\">reumatoidalne zapalenie staw\u00f3w<\/a>, choroby zaka\u017ane). Z\u0142ogi powstaj\u0105 z bia\u0142ka ostrej fazy SAA produkowanego w odpowiedzi na zapalenie.<\/li>\n\n\n\n<li><strong>Amyloidoza ATTR \u2013<\/strong> zwi\u0105zana z mutacjami w genie <em>TTR<\/em>, prowadz\u0105cymi do odk\u0142adania si\u0119 amyloidu w sercu i nerwach. Mo\u017ce mie\u0107 form\u0119 dziedziczn\u0105 lub rozwija\u0107 si\u0119 z wiekiem.<\/li>\n\n\n\n<li><strong>Amyloidoza A\u03b22M \u2013<\/strong> powstaje u pacjent\u00f3w poddawanych d\u0142ugotrwa\u0142ej dializoterapii, gdzie bia\u0142ko \u03b22-mikroglobulina odk\u0142ada si\u0119 g\u0142\u00f3wnie w stawach.<\/li>\n\n\n\n<li><strong>Amyloidoza LECT2 \u2013<\/strong> rzadka posta\u0107, w kt\u00f3rej z\u0142ogi powstaj\u0105 z bia\u0142ka chemotaktycznego leukocyt\u00f3w (LECT2), g\u0142\u00f3wnie w w\u0105trobie i nerkach.<\/li>\n<\/ul>\n\n\n\n<p>Amyloidoza mo\u017ce mie\u0107 zar\u00f3wno posta\u0107 miejscow\u0105, ograniczon\u0105 do jednego narz\u0105du, jak i uog\u00f3lnion\u0105, dotycz\u0105c\u0105 wielu organ\u00f3w jednocze\u015bnie.<\/p>\n\n\n\n<h3 class=\"wp-block-heading\" id=\"Czy-amyloidoza-jest-dziedziczna?\">Czy amyloidoza jest dziedziczna?<\/h3>\n\n\n\n<p>Amyloidoza mo\u017ce by\u0107 zar\u00f3wno spontaniczna, jak i dziedziczna. Spontaniczna forma wyst\u0119puje u pacjent\u00f3w bez rodzinnej historii tej choroby, natomiast w przypadku dziedzicznej amyloidozy, wyst\u0119puj\u0105 specyficzne mutacje genetyczne, kt\u00f3re predysponuj\u0105 do rozwoju choroby. Przyk\u0142adem dziedzicznej formy jest wspomniana amyloidoza transtyretynowa (ATTR), kt\u00f3ra jest przekazywana w spos\u00f3b autosomalny dominuj\u0105cy, co oznacza, \u017ce mutacja w jednym z dw\u00f3ch alleli genu <em>TTR<\/em> wystarczy, aby dosz\u0142o do rozwoju choroby.<\/p>\n\n\n\n<p>Co wa\u017cne, w przypadku dziedzicznych form amyloidozy, wiek, w kt\u00f3rym pojawiaj\u0105 si\u0119 pierwsze objawy, oraz narz\u0105dy, kt\u00f3re s\u0105 zaanga\u017cowane w proces chorobowy, mog\u0105 r\u00f3\u017cni\u0107 si\u0119 znacznie mi\u0119dzy poszczeg\u00f3lnymi pacjentami.<\/p>\n\n\n\n<h2 class=\"wp-block-heading\" id=\"Przyczyny-amyloidozy\">Przyczyny amyloidozy<\/h2>\n\n\n\n<p>Dok\u0142adna przyczyna powstawania amyloidu nie jest w pe\u0142ni poznana, ale wiadomo, \u017ce jest ona <strong>silnie zwi\u0105zana z przewlek\u0142ymi stanami zapalnymi oraz zaburzeniami immunologicznymi<\/strong>. Przewlek\u0142e infekcje bakteryjne, np. ropnie, r\u00f3wnie\u017c mog\u0105 prowadzi\u0107 do rozwoju amyloidozy, szczeg\u00f3lnie u os\u00f3b w podesz\u0142ym wieku, u kt\u00f3rych choroby te utrzymuj\u0105 si\u0119 przez wiele lat. Czynniki ryzyka obejmuj\u0105 d\u0142ugotrwa\u0142e i aktywne stany zapalne, zw\u0142aszcza u pacjent\u00f3w powy\u017cej 55. roku \u017cycia, kt\u00f3rzy s\u0105 bardziej nara\u017ceni na rozw\u00f3j amyloidozy po d\u0142ugotrwa\u0142ym przebiegu chor\u00f3b zapalnych, szczeg\u00f3lnie je\u015bli towarzysz\u0105 im cz\u0119ste infekcje.<\/p>\n\n\n\n<h2 class=\"wp-block-heading\" id=\"Objawy-amyloidozy\">Objawy amyloidozy<\/h2>\n\n\n\n<p>Objawy amyloidozy s\u0105 bardzo zr\u00f3\u017cnicowane i zale\u017c\u0105 od rodzaju oraz umiejscowienia z\u0142og\u00f3w amyloidowych. Niestety, wczesne stadium choroby cz\u0119sto przebiega bezobjawowo lub daje niespecyficzne symptomy, co mo\u017ce prowadzi\u0107 do op\u00f3\u017anienia w diagnozie. W\u015br\u00f3d objaw\u00f3w wyr\u00f3\u017cniamy:<\/p>\n\n\n\n<ul class=\"wp-block-list\">\n<li>powi\u0119kszenie w\u0105troby lub\/i \u015bledziony,<\/li>\n\n\n\n<li>obrz\u0119ki ko\u0144czyn dolnych oraz wok\u00f3\u0142 oczu,<\/li>\n\n\n\n<li>duszno\u015b\u0107, zm\u0119czenie i ko\u0142atania serca,<\/li>\n\n\n\n<li>bia\u0142komocz, zmniejszenie ilo\u015bci wydalanego moczu oraz jego pienienie si\u0119,<\/li>\n\n\n\n<li>neuropatia czuciowa i ruchow\u0105, prowadz\u0105c\u0105 do os\u0142abienia mi\u0119\u015bni, dr\u0119twienia oraz b\u00f3lu,<\/li>\n\n\n\n<li>zaburzenia trawienne (biegunka, zaparcia, utrata masy cia\u0142a, a w skrajnych przypadkach do zespo\u0142u z\u0142ego wch\u0142aniania),<\/li>\n\n\n\n<li>nietrzymanie moczu,<\/li>\n\n\n\n<li>zawroty g\u0142owy zwi\u0105zane z hipotoni\u0105 ortostatyczn\u0105,<\/li>\n\n\n\n<li>powi\u0119kszenie si\u0119 j\u0119zyka,<\/li>\n\n\n\n<li>podbiegni\u0119cia krwawe,<\/li>\n\n\n\n<li>z\u0142amania ko\u015bci przy niewielkich urazach.<\/li>\n<\/ul>\n\n\n\n<h2 class=\"wp-block-heading\" id=\"Diagnostyka-amyloidozy\">Diagnostyka amyloidozy<\/h2>\n\n\n\n<p>Diagnostyka amyloidozy stanowi wyzwanie ze wzgl\u0119du na jej rzadko\u015b\u0107 i r\u00f3\u017cnorodno\u015b\u0107 objaw\u00f3w. Kluczowe znaczenie ma dok\u0142adne zebranie wywiadu chorobowego i przeprowadzenie bada\u0144 obrazowych oraz laboratoryjnych.<\/p>\n\n\n\n<ul class=\"wp-block-list\">\n<li><strong>Badanie histologiczne &#8211;<\/strong> z\u0142otym standardem w diagnostyce amyloidozy jest biopsja tkanki dotkni\u0119tej chorob\u0105. Najcz\u0119\u015bciej pobiera si\u0119 pr\u00f3bki z t\u0142uszczu brzusznego, nerek, dzi\u0105se\u0142 lub serca. Z\u0142ogi amyloidowe barwi\u0105 si\u0119 charakterystycznie w badaniu histopatologicznym z u\u017cyciem czerwieni Kongo.<\/li>\n\n\n\n<li><strong>Badania laboratoryjne:<\/strong><\/li>\n\n\n\n<li><a href=\"https:\/\/www.alab.pl\/badanie\/badanie-ogolne-moczu-a01\" target=\"_blank\" rel=\"noreferrer noopener\">Badanie moczu<\/a> &#8211; ocena obecno\u015bci bia\u0142komoczu, kt\u00f3ry cz\u0119sto jest pierwszym objawem choroby,<\/li>\n\n\n\n<li>Badania krwi &#8211; <a href=\"https:\/\/www.alab.pl\/badanie\/kreatynina-w-surowicy-m37\" target=\"_blank\" rel=\"noreferrer noopener\">st\u0119\u017cenie kreatyniny<\/a>, aktywno\u015b\u0107 enzym\u00f3w cholestatycznych, obecno\u015b\u0107 patologicznych bia\u0142ek monoklonalnych (\u0142a\u0144cuch\u00f3w lekkich) w surowicy lub moczu, markery sercowe (<a href=\"https:\/\/www.alab.pl\/centrum-wiedzy\/troponiny-sercowe\/\" target=\"_blank\" rel=\"noreferrer noopener\">troponiny<\/a> i <a href=\"https:\/\/www.alab.pl\/badanie\/nt-probnp-n-terminalny-propept-natriuret-tb-n24\" target=\"_blank\" rel=\"noreferrer noopener\">NT-proBNP<\/a>), markery stanu zapalnego <a href=\"https:\/\/www.alab.pl\/badanie\/bialko-c-reaktywne-crp-ilosciowe-i81\" target=\"_blank\" rel=\"noreferrer noopener\">(bia\u0142ko C-reaktywne (CRP)<\/a>, <a href=\"https:\/\/www.alab.pl\/badanie\/odczyn-biernackiego-c59\">OB<\/a>, a tak\u017ce <a href=\"https:\/\/www.alab.pl\/badanie\/amyloid-a-w-surowicy\" target=\"_blank\" rel=\"noreferrer noopener\">bia\u0142ka SAA<\/a>),<\/li>\n\n\n\n<li><strong>Scyntygrafia z u\u017cyciem radioznakowanego PYP \u2013<\/strong> stosowana w diagnostyce amyloidozy ATTR, pozwala na wizualizacj\u0119 odk\u0142adania si\u0119 amyloidu w sercu.<\/li>\n<\/ul>\n\n\n\n<figure class=\"wp-block-image size-full\"><a href=\"https:\/\/www.alab.pl\/badanie\/amyloid-a-w-surowicy\"><img loading=\"lazy\" decoding=\"async\" width=\"800\" height=\"200\" src=\"https:\/\/www.alab.pl\/centrum-wiedzy\/wp-content\/uploads\/2024\/10\/Badanie-Amyloidu-A-we-krwi-jpg.webp\" alt=\"Badanie Amyloidu A we krwi\" class=\"wp-image-17438\" srcset=\"https:\/\/www.alab.pl\/centrum-wiedzy\/wp-content\/uploads\/2024\/10\/Badanie-Amyloidu-A-we-krwi-jpg.webp 800w, https:\/\/www.alab.pl\/centrum-wiedzy\/wp-content\/uploads\/2024\/10\/Badanie-Amyloidu-A-we-krwi-jpg-768x192.webp 768w, https:\/\/www.alab.pl\/centrum-wiedzy\/wp-content\/uploads\/2024\/10\/Badanie-Amyloidu-A-we-krwi-jpg-150x38.webp 150w, https:\/\/www.alab.pl\/centrum-wiedzy\/wp-content\/uploads\/2024\/10\/Badanie-Amyloidu-A-we-krwi-jpg-300x75.webp 300w, https:\/\/www.alab.pl\/centrum-wiedzy\/wp-content\/uploads\/2024\/10\/Badanie-Amyloidu-A-we-krwi-jpg-696x174.webp 696w\" sizes=\"auto, (max-width: 800px) 100vw, 800px\" \/><\/a><\/figure>\n\n\n\n<figure class=\"wp-block-image size-full\"><a href=\"https:\/\/www.alab.pl\/pakiet\/pakiet-serce-pod-kontrola-kompleksowy\"><img loading=\"lazy\" decoding=\"async\" width=\"800\" height=\"200\" src=\"https:\/\/www.alab.pl\/centrum-wiedzy\/wp-content\/uploads\/2023\/12\/Pakiet-serce-pod-kontrola-kompleksowy-9-badan-kopia-jpg.webp\" alt=\"pakiet serce pod kontrol\u0105 kompleksowy\" class=\"wp-image-10515\" srcset=\"https:\/\/www.alab.pl\/centrum-wiedzy\/wp-content\/uploads\/2023\/12\/Pakiet-serce-pod-kontrola-kompleksowy-9-badan-kopia-jpg.webp 800w, https:\/\/www.alab.pl\/centrum-wiedzy\/wp-content\/uploads\/2023\/12\/Pakiet-serce-pod-kontrola-kompleksowy-9-badan-kopia-jpg-768x192.webp 768w, https:\/\/www.alab.pl\/centrum-wiedzy\/wp-content\/uploads\/2023\/12\/Pakiet-serce-pod-kontrola-kompleksowy-9-badan-kopia-jpg-150x38.webp 150w, https:\/\/www.alab.pl\/centrum-wiedzy\/wp-content\/uploads\/2023\/12\/Pakiet-serce-pod-kontrola-kompleksowy-9-badan-kopia-jpg-300x75.webp 300w, https:\/\/www.alab.pl\/centrum-wiedzy\/wp-content\/uploads\/2023\/12\/Pakiet-serce-pod-kontrola-kompleksowy-9-badan-kopia-jpg-696x174.webp 696w\" sizes=\"auto, (max-width: 800px) 100vw, 800px\" \/><\/a><\/figure>\n\n\n\n<h2 class=\"wp-block-heading\" id=\"Leczenie-amyloidozy\">Leczenie amyloidozy<\/h2>\n\n\n\n<p>Leczenie amyloidozy zale\u017cy od jej typu oraz stopnia zaawansowania choroby. Celem terapii jest <strong>zahamowanie odk\u0142adania amyloidu i leczenie objawowe<\/strong>.<\/p>\n\n\n\n<ul class=\"wp-block-list\">\n<li>Leczenie amyloidozy wt\u00f3rnej: Kluczowym elementem jest leczenie choroby podstawowej, kt\u00f3ra prowadzi do przewlek\u0142ego stanu zapalnego. W zale\u017cno\u015bci od schorzenia, mog\u0105 by\u0107 stosowane r\u00f3\u017cne leki przeciwzapalne lub immunosupresyjne. W przypadku amyloidozy w przebiegu chor\u00f3b reumatycznych wprowadza si\u0119 terapie celowane, takie jak leki anty-IL-6 i anty-TNF.<\/li>\n\n\n\n<li>Leczenie amyloidozy pierwotnej: Najcz\u0119\u015bciej stosuje si\u0119 chemioterapi\u0119, maj\u0105c\u0105 na celu zahamowanie produkcji nieprawid\u0142owych \u0142a\u0144cuch\u00f3w lekkich przez kom\u00f3rki plazmatyczne. Celem jest ograniczenie dalszego tworzenia amyloidu. W przypadku zahamowania odk\u0142adania powsta\u0142ego ju\u017c amyloidu stosuje si\u0119 kolchicyn\u0119. W zaawansowanych przypadkach mo\u017ce by\u0107 konieczne zastosowanie autologicznego przeszczepienia kom\u00f3rek macierzystych (auto-HCT), co pozwala na regeneracj\u0119 uk\u0142adu krwiotw\u00f3rczego po intensywnej chemioterapii.<\/li>\n\n\n\n<li>Leczenie amyloidozy ATTR: Trwaj\u0105 prace nad terapi\u0105 genetyczn\u0105 w tym w oparciu o interferencyjne RNA (RNAi), kt\u00f3re blokuj\u0105 produkcj\u0119 nieprawid\u0142owej transtyretyny. W zaawansowanych stadiach&nbsp; mo\u017ce by\u0107 konieczne przeszczepienie narz\u0105du, np. serca lub w\u0105troby.<\/li>\n\n\n\n<li>Leczenie objawowe: Leczenie zmian narz\u0105dowych zale\u017cy od tego, kt\u00f3re narz\u0105dy zosta\u0142y zaj\u0119te przez amyloid. Terapia mo\u017ce obejmowa\u0107 leczenie niewydolno\u015bci serca, dializy przy niewydolno\u015bci nerek, a tak\u017ce zabiegi chirurgiczne czy przeszczepy narz\u0105d\u00f3w. Leczenie jest zindywidualizowane i ma na celu popraw\u0119 funkcjonowania dotkni\u0119tych tkanek, jak r\u00f3wnie\u017c popraw\u0119 jako\u015bci \u017cycia pacjenta.<\/li>\n<\/ul>\n\n\n\n<p>Amyloidoza to z\u0142o\u017cona choroba, kt\u00f3rej diagnostyka i leczenie wymagaj\u0105 specjalistycznej wiedzy i podej\u015bcia multidyscyplinarnego. Wczesne wykrycie amyloidozy oraz wdro\u017cenie odpowiedniej terapii mog\u0105 znacz\u0105co poprawi\u0107 jako\u015b\u0107 \u017cycia pacjent\u00f3w, a w niekt\u00f3rych przypadkach \u2013 przed\u0142u\u017cy\u0107 ich \u017cycie. Pomimo \u017ce choroba ta jest rzadka, post\u0119py w diagnostyce i leczeniu, zw\u0142aszcza w zakresie terapii genetycznych, daj\u0105 nadziej\u0119 na coraz skuteczniejsze sposoby radzenia sobie z tym schorzeniem.<\/p>\n\n\n\n<hr class=\"wp-block-separator has-alpha-channel-opacity\"\/>\n\n\n\n<p><strong>Bibliografia<\/strong><\/p>\n\n\n\n<ol class=\"wp-block-list\" type=\"1\" start=\"1\">\n<li>https:\/\/www.mp.pl\/interna\/chapter\/B16.II.16.24.<\/li>\n\n\n\n<li>https:\/\/www.mp.pl\/pacjent\/reumatologia\/choroby\/143459,amyloidoza-skrobawica<\/li>\n\n\n\n<li>Bustamante JG., Zaidi SRH. <em>Amyloidosis.<\/em> [Updated 2023 Jul 31]. In: StatPearls [Internet]. Treasure Island (FL): StatPearls Publishing; 2024 Jan-.<\/li>\n\n\n\n<li>Muchtar E., Dispenzieri A., Magen H., et al. <em>Systemic amyloidosis from A (AA) to T (ATTR): a review.<\/em> J Intern Med. 2021 Mar;289(3):268-292.<\/li>\n\n\n\n<li>Senecal JB., Abou-Akl R., Allevato P., et al. <em>Amyloidosis: a case series and review of the literature. <\/em>J Med Case Rep. 2023 Apr 21;17(1):184.<\/li>\n<\/ol>\n","protected":false},"excerpt":{"rendered":"<p>Amyloidoza to rzadka, z\u0142o\u017cona choroba, kt\u00f3ra prowadzi do odk\u0142adania amyloidu w tkankach organizmu, co mo\u017ce prowadzi\u0107 do uszkodzenia narz\u0105d\u00f3w. Sprawd\u017a, jakie daje objawy i jak wygl\u0105da leczenie.<\/p>\n","protected":false},"author":170,"featured_media":17869,"comment_status":"closed","ping_status":"open","sticky":false,"template":"","format":"standard","meta":{"_acf_changed":false,"inline_featured_image":false,"footnotes":""},"categories":[28],"tags":[],"coauthors":[172],"class_list":{"0":"post-17868","1":"post","2":"type-post","3":"status-publish","4":"format-standard","5":"has-post-thumbnail","7":"category-warto-wiedziec"},"acf":[],"yoast_head":"<!-- This site is optimized with the Yoast SEO plugin v27.5 - https:\/\/yoast.com\/product\/yoast-seo-wordpress\/ -->\n<title>Amyloidoza (skrobiawica) \u2013 co to za choroba? Objawy, przyczyny, diagnostyka i leczenie\u00a0\u00a0\u00a0 - Centrum Wiedzy ALAB laboratoria<\/title>\n<meta name=\"description\" content=\"Amyloidoza to rzadka choroba, kt\u00f3ra prowadzi do odk\u0142adania amyloidu w tkankach. Dowiedz si\u0119 wi\u0119cej na temat tego schorzenia.\" \/>\n<meta name=\"robots\" content=\"index, follow, max-snippet:-1, max-image-preview:large, max-video-preview:-1\" \/>\n<link rel=\"canonical\" href=\"https:\/\/www.alab.pl\/centrum-wiedzy\/amyloidoza-skrobiawica-co-to-za-choroba-objawy-przyczyny-diagnostyka-i-leczenie\/\" \/>\n<meta property=\"og:locale\" content=\"pl_PL\" \/>\n<meta property=\"og:type\" content=\"article\" \/>\n<meta property=\"og:title\" content=\"Amyloidoza (skrobiawica) \u2013 co to za choroba? Objawy, przyczyny, diagnostyka i leczenie\u00a0\u00a0\u00a0 - Centrum Wiedzy ALAB laboratoria\" \/>\n<meta property=\"og:description\" content=\"Amyloidoza to rzadka choroba, kt\u00f3ra prowadzi do odk\u0142adania amyloidu w tkankach. Dowiedz si\u0119 wi\u0119cej na temat tego schorzenia.\" \/>\n<meta property=\"og:url\" content=\"https:\/\/www.alab.pl\/centrum-wiedzy\/amyloidoza-skrobiawica-co-to-za-choroba-objawy-przyczyny-diagnostyka-i-leczenie\/\" \/>\n<meta property=\"og:site_name\" content=\"Centrum Wiedzy ALAB laboratoria\" \/>\n<meta property=\"article:publisher\" content=\"https:\/\/www.facebook.com\/ALABlaboratoria\" \/>\n<meta property=\"article:published_time\" content=\"2024-10-28T12:00:00+00:00\" \/>\n<meta property=\"og:image\" content=\"https:\/\/www.alab.pl\/centrum-wiedzy\/wp-content\/uploads\/2024\/10\/amyloidoza-jpg.webp\" \/>\n\t<meta property=\"og:image:width\" content=\"1540\" \/>\n\t<meta property=\"og:image:height\" content=\"1027\" \/>\n\t<meta property=\"og:image:type\" content=\"image\/webp\" \/>\n<meta name=\"author\" content=\"Kacper Staniszewski\" \/>\n<meta name=\"twitter:card\" content=\"summary_large_image\" \/>\n<meta name=\"twitter:label1\" content=\"Napisane przez\" \/>\n\t<meta name=\"twitter:data1\" content=\"Kacper Staniszewski\" \/>\n\t<meta name=\"twitter:label2\" content=\"Szacowany czas czytania\" \/>\n\t<meta name=\"twitter:data2\" content=\"7 minut\" \/>\n\t<meta name=\"twitter:label3\" content=\"Written by\" \/>\n\t<meta name=\"twitter:data3\" content=\"Kacper Staniszewski\" \/>\n<!-- \/ Yoast SEO plugin. -->","yoast_head_json":{"title":"Amyloidoza (skrobiawica) \u2013 co to za choroba? Objawy, przyczyny, diagnostyka i leczenie\u00a0\u00a0\u00a0 - Centrum Wiedzy ALAB laboratoria","description":"Amyloidoza to rzadka choroba, kt\u00f3ra prowadzi do odk\u0142adania amyloidu w tkankach. Dowiedz si\u0119 wi\u0119cej na temat tego schorzenia.","robots":{"index":"index","follow":"follow","max-snippet":"max-snippet:-1","max-image-preview":"max-image-preview:large","max-video-preview":"max-video-preview:-1"},"canonical":"https:\/\/www.alab.pl\/centrum-wiedzy\/amyloidoza-skrobiawica-co-to-za-choroba-objawy-przyczyny-diagnostyka-i-leczenie\/","og_locale":"pl_PL","og_type":"article","og_title":"Amyloidoza (skrobiawica) \u2013 co to za choroba? Objawy, przyczyny, diagnostyka i leczenie\u00a0\u00a0\u00a0 - Centrum Wiedzy ALAB laboratoria","og_description":"Amyloidoza to rzadka choroba, kt\u00f3ra prowadzi do odk\u0142adania amyloidu w tkankach. Dowiedz si\u0119 wi\u0119cej na temat tego schorzenia.","og_url":"https:\/\/www.alab.pl\/centrum-wiedzy\/amyloidoza-skrobiawica-co-to-za-choroba-objawy-przyczyny-diagnostyka-i-leczenie\/","og_site_name":"Centrum Wiedzy ALAB laboratoria","article_publisher":"https:\/\/www.facebook.com\/ALABlaboratoria","article_published_time":"2024-10-28T12:00:00+00:00","og_image":[{"width":1540,"height":1027,"url":"https:\/\/www.alab.pl\/centrum-wiedzy\/wp-content\/uploads\/2024\/10\/amyloidoza-jpg.webp","type":"image\/webp"}],"author":"Kacper Staniszewski","twitter_card":"summary_large_image","twitter_misc":{"Napisane przez":"Kacper Staniszewski","Szacowany czas czytania":"7 minut","Written by":"Kacper Staniszewski"},"schema":{"@context":"https:\/\/schema.org","@graph":[{"@type":"Article","@id":"https:\/\/www.alab.pl\/centrum-wiedzy\/amyloidoza-skrobiawica-co-to-za-choroba-objawy-przyczyny-diagnostyka-i-leczenie\/#article","isPartOf":{"@id":"https:\/\/www.alab.pl\/centrum-wiedzy\/amyloidoza-skrobiawica-co-to-za-choroba-objawy-przyczyny-diagnostyka-i-leczenie\/"},"author":{"name":"Kacper Staniszewski","@id":"https:\/\/www.alab.pl\/centrum-wiedzy\/#\/schema\/person\/2e8901b610242a0ad82808285d04fe65"},"headline":"Amyloidoza (skrobiawica) \u2013 co to za choroba? Objawy, przyczyny, diagnostyka i leczenie\u00a0\u00a0\u00a0","datePublished":"2024-10-28T12:00:00+00:00","mainEntityOfPage":{"@id":"https:\/\/www.alab.pl\/centrum-wiedzy\/amyloidoza-skrobiawica-co-to-za-choroba-objawy-przyczyny-diagnostyka-i-leczenie\/"},"wordCount":1310,"publisher":{"@id":"https:\/\/www.alab.pl\/centrum-wiedzy\/#organization"},"image":{"@id":"https:\/\/www.alab.pl\/centrum-wiedzy\/amyloidoza-skrobiawica-co-to-za-choroba-objawy-przyczyny-diagnostyka-i-leczenie\/#primaryimage"},"thumbnailUrl":"https:\/\/www.alab.pl\/centrum-wiedzy\/wp-content\/uploads\/2024\/10\/amyloidoza-jpg.webp","articleSection":["Warto wiedzie\u0107"],"inLanguage":"pl-PL"},{"@type":"WebPage","@id":"https:\/\/www.alab.pl\/centrum-wiedzy\/amyloidoza-skrobiawica-co-to-za-choroba-objawy-przyczyny-diagnostyka-i-leczenie\/","url":"https:\/\/www.alab.pl\/centrum-wiedzy\/amyloidoza-skrobiawica-co-to-za-choroba-objawy-przyczyny-diagnostyka-i-leczenie\/","name":"Amyloidoza (skrobiawica) \u2013 co to za choroba? Objawy, przyczyny, diagnostyka i leczenie\u00a0\u00a0\u00a0 - Centrum Wiedzy ALAB laboratoria","isPartOf":{"@id":"https:\/\/www.alab.pl\/centrum-wiedzy\/#website"},"primaryImageOfPage":{"@id":"https:\/\/www.alab.pl\/centrum-wiedzy\/amyloidoza-skrobiawica-co-to-za-choroba-objawy-przyczyny-diagnostyka-i-leczenie\/#primaryimage"},"image":{"@id":"https:\/\/www.alab.pl\/centrum-wiedzy\/amyloidoza-skrobiawica-co-to-za-choroba-objawy-przyczyny-diagnostyka-i-leczenie\/#primaryimage"},"thumbnailUrl":"https:\/\/www.alab.pl\/centrum-wiedzy\/wp-content\/uploads\/2024\/10\/amyloidoza-jpg.webp","datePublished":"2024-10-28T12:00:00+00:00","description":"Amyloidoza to rzadka choroba, kt\u00f3ra prowadzi do odk\u0142adania amyloidu w tkankach. Dowiedz si\u0119 wi\u0119cej na temat tego schorzenia.","breadcrumb":{"@id":"https:\/\/www.alab.pl\/centrum-wiedzy\/amyloidoza-skrobiawica-co-to-za-choroba-objawy-przyczyny-diagnostyka-i-leczenie\/#breadcrumb"},"inLanguage":"pl-PL","potentialAction":[{"@type":"ReadAction","target":["https:\/\/www.alab.pl\/centrum-wiedzy\/amyloidoza-skrobiawica-co-to-za-choroba-objawy-przyczyny-diagnostyka-i-leczenie\/"]}]},{"@type":"ImageObject","inLanguage":"pl-PL","@id":"https:\/\/www.alab.pl\/centrum-wiedzy\/amyloidoza-skrobiawica-co-to-za-choroba-objawy-przyczyny-diagnostyka-i-leczenie\/#primaryimage","url":"https:\/\/www.alab.pl\/centrum-wiedzy\/wp-content\/uploads\/2024\/10\/amyloidoza-jpg.webp","contentUrl":"https:\/\/www.alab.pl\/centrum-wiedzy\/wp-content\/uploads\/2024\/10\/amyloidoza-jpg.webp","width":1540,"height":1027,"caption":"amyloidoza"},{"@type":"BreadcrumbList","@id":"https:\/\/www.alab.pl\/centrum-wiedzy\/amyloidoza-skrobiawica-co-to-za-choroba-objawy-przyczyny-diagnostyka-i-leczenie\/#breadcrumb","itemListElement":[{"@type":"ListItem","position":1,"name":"Strona g\u0142\u00f3wna","item":"https:\/\/www.alab.pl\/centrum-wiedzy\/"},{"@type":"ListItem","position":2,"name":"Amyloidoza (skrobiawica) \u2013 co to za choroba? Objawy, przyczyny, diagnostyka i leczenie\u00a0\u00a0\u00a0"}]},{"@type":"WebSite","@id":"https:\/\/www.alab.pl\/centrum-wiedzy\/#website","url":"https:\/\/www.alab.pl\/centrum-wiedzy\/","name":"Centrum Wiedzy ALAB laboratoria","description":"","publisher":{"@id":"https:\/\/www.alab.pl\/centrum-wiedzy\/#organization"},"potentialAction":[{"@type":"SearchAction","target":{"@type":"EntryPoint","urlTemplate":"https:\/\/www.alab.pl\/centrum-wiedzy\/?s={search_term_string}"},"query-input":{"@type":"PropertyValueSpecification","valueRequired":true,"valueName":"search_term_string"}}],"inLanguage":"pl-PL"},{"@type":"Organization","@id":"https:\/\/www.alab.pl\/centrum-wiedzy\/#organization","name":"Centrum Wiedzy ALAB laboratoria","url":"https:\/\/www.alab.pl\/centrum-wiedzy\/","logo":{"@type":"ImageObject","inLanguage":"pl-PL","@id":"https:\/\/www.alab.pl\/centrum-wiedzy\/#\/schema\/logo\/image\/","url":"https:\/\/www.alab.pl\/centrum-wiedzy\/wp-content\/uploads\/2022\/04\/alabek.jpg","contentUrl":"https:\/\/www.alab.pl\/centrum-wiedzy\/wp-content\/uploads\/2022\/04\/alabek.jpg","width":1250,"height":1251,"caption":"Centrum Wiedzy ALAB laboratoria"},"image":{"@id":"https:\/\/www.alab.pl\/centrum-wiedzy\/#\/schema\/logo\/image\/"},"sameAs":["https:\/\/www.facebook.com\/ALABlaboratoria"]},{"@type":"Person","@id":"https:\/\/www.alab.pl\/centrum-wiedzy\/#\/schema\/person\/2e8901b610242a0ad82808285d04fe65","name":"Kacper Staniszewski","image":{"@type":"ImageObject","inLanguage":"pl-PL","@id":"https:\/\/www.alab.pl\/centrum-wiedzy\/wp-content\/uploads\/2025\/02\/Kacper-Staniszewski-150x150.jpgc73da3b138f9e7edf0e9feacbca89431","url":"https:\/\/www.alab.pl\/centrum-wiedzy\/wp-content\/uploads\/2025\/02\/Kacper-Staniszewski-150x150.jpg","contentUrl":"https:\/\/www.alab.pl\/centrum-wiedzy\/wp-content\/uploads\/2025\/02\/Kacper-Staniszewski-150x150.jpg","caption":"Kacper Staniszewski"},"description":"Lekarz medycyny estetycznej oraz radiolog w trakcie specjalizacji. Absolwent Collegium Medicum w Bydgoszczy, znany z precyzji, wyj\u0105tkowego zmys\u0142u estetycznego i zaanga\u017cowania w swoj\u0105 prac\u0119. Prywatnie mi\u0142o\u015bnik zwierz\u0105t. Stale podnosi swoje kwalifikacje, uczestnicz\u0105c w licznych szkoleniach i konferencjach, by dostarcza\u0107 swoim pacjentom najnowocze\u015bniejsze rozwi\u0105zania.","url":"https:\/\/www.alab.pl\/centrum-wiedzy\/author\/kacper-staniszewski\/"}]}},"_links":{"self":[{"href":"https:\/\/www.alab.pl\/centrum-wiedzy\/wp-json\/wp\/v2\/posts\/17868","targetHints":{"allow":["GET"]}}],"collection":[{"href":"https:\/\/www.alab.pl\/centrum-wiedzy\/wp-json\/wp\/v2\/posts"}],"about":[{"href":"https:\/\/www.alab.pl\/centrum-wiedzy\/wp-json\/wp\/v2\/types\/post"}],"author":[{"embeddable":true,"href":"https:\/\/www.alab.pl\/centrum-wiedzy\/wp-json\/wp\/v2\/users\/170"}],"replies":[{"embeddable":true,"href":"https:\/\/www.alab.pl\/centrum-wiedzy\/wp-json\/wp\/v2\/comments?post=17868"}],"version-history":[{"count":0,"href":"https:\/\/www.alab.pl\/centrum-wiedzy\/wp-json\/wp\/v2\/posts\/17868\/revisions"}],"wp:featuredmedia":[{"embeddable":true,"href":"https:\/\/www.alab.pl\/centrum-wiedzy\/wp-json\/wp\/v2\/media\/17869"}],"wp:attachment":[{"href":"https:\/\/www.alab.pl\/centrum-wiedzy\/wp-json\/wp\/v2\/media?parent=17868"}],"wp:term":[{"taxonomy":"category","embeddable":true,"href":"https:\/\/www.alab.pl\/centrum-wiedzy\/wp-json\/wp\/v2\/categories?post=17868"},{"taxonomy":"post_tag","embeddable":true,"href":"https:\/\/www.alab.pl\/centrum-wiedzy\/wp-json\/wp\/v2\/tags?post=17868"},{"taxonomy":"author","embeddable":true,"href":"https:\/\/www.alab.pl\/centrum-wiedzy\/wp-json\/wp\/v2\/coauthors?post=17868"}],"curies":[{"name":"wp","href":"https:\/\/api.w.org\/{rel}","templated":true}]}}