{"id":18446,"date":"2024-11-13T08:30:00","date_gmt":"2024-11-13T07:30:00","guid":{"rendered":"https:\/\/sklep.alablaboratoria.pl\/centrum-wiedzy\/?p=18446"},"modified":"2024-11-13T08:30:00","modified_gmt":"2024-11-13T07:30:00","slug":"zylaki-przelyku-przyczyny-objawy-diagnostyka-i-leczenie","status":"publish","type":"post","link":"https:\/\/www.alab.pl\/centrum-wiedzy\/zylaki-przelyku-przyczyny-objawy-diagnostyka-i-leczenie\/","title":{"rendered":"\u017bylaki prze\u0142yku \u2013 przyczyny, objawy, diagnostyka i leczenie"},"content":{"rendered":"\n<p><strong>\u017bylaki prze\u0142yku to stan, w kt\u00f3rym dochodzi do patologicznego poszerzenia naczy\u0144 krwiono\u015bnych w \u015bcianie prze\u0142yku. Najcz\u0119\u015bciej wyst\u0119puje u os\u00f3b z marsko\u015bci\u0105 w\u0105troby. Powik\u0142anie to zagra\u017ca \u017cyciu, dlatego istotna jest szybka diagnoza i wdro\u017cenie odpowiedniego leczenia. Dowiedz si\u0119, jakie s\u0105 objawy \u017cylak\u00f3w prze\u0142yku oraz jak je rozpozna\u0107 i leczy\u0107.<\/strong><\/p>\n\n\n\n<p>Spis tre\u015bci:<\/p>\n\n\n\n<ol class=\"wp-block-list\">\n<li><a href=\"#\u017bylaki-prze\u0142yku-\u2013-czym-s\u0105-i-jak-powstaj\u0105?\">\u017bylaki prze\u0142yku \u2013 czym s\u0105 i jak powstaj\u0105?<\/a><\/li>\n\n\n\n<li><a href=\"#Kto-jest-szczeg\u00f3lnie-nara\u017cony-na-powstawanie-\u017cylak\u00f3w-w-prze\u0142yku?\">Kto jest szczeg\u00f3lnie nara\u017cony na powstawanie \u017cylak\u00f3w w prze\u0142yku?<\/a><\/li>\n\n\n\n<li><a href=\"#Objawy-\u017cylak\u00f3w-w-prze\u0142yku\">Objawy \u017cylak\u00f3w w prze\u0142yku<\/a>\n<ul class=\"wp-block-list\">\n<li><a href=\"#Czy-\u017cylaki-prze\u0142yku-bol\u0105?\">Czy \u017cylaki prze\u0142yku bol\u0105?<\/a><\/li>\n\n\n\n<li><a href=\"#Marsko\u015b\u0107-w\u0105troby-a-\u017cylaki-prze\u0142yku\">Marsko\u015b\u0107 w\u0105troby a \u017cylaki prze\u0142yku<\/a><\/li>\n<\/ul>\n<\/li>\n\n\n\n<li><a href=\"#Diagnostyka-\u017cylak\u00f3w-prze\u0142yku\">Diagnostyka \u017cylak\u00f3w prze\u0142yku<\/a><\/li>\n\n\n\n<li><a href=\"#\u017bylaki-w-prze\u0142yku-\u2013-leczenie\">\u017bylaki w prze\u0142yku \u2013 leczenie<\/a>\n<ul class=\"wp-block-list\">\n<li><a href=\"#\u017bylaki-prze\u0142yku-a-dieta\">\u017bylaki prze\u0142yku a dieta<\/a><\/li>\n<\/ul>\n<\/li>\n\n\n\n<li><a href=\"#\u017bylaki-prze\u0142yku-\u2013-czy-mo\u017cna-je-w-pe\u0142ni-wyleczy\u0107?\">\u017bylaki prze\u0142yku \u2013 czy mo\u017cna je w pe\u0142ni wyleczy\u0107?<\/a><\/li>\n\n\n\n<li><a href=\"#\u017bylaki-prze\u0142yku-\u2013-profilaktyka\">\u017bylaki prze\u0142yku \u2013 profilaktyka<\/a><\/li>\n<\/ol>\n\n\n\n<h2 class=\"wp-block-heading\" id=\"\u017bylaki-prze\u0142yku-\u2013-czym-s\u0105-i-jak-powstaj\u0105?\">\u017bylaki prze\u0142yku \u2013 czym s\u0105 i jak powstaj\u0105?<\/h2>\n\n\n\n<p>\u017bylaki prze\u0142yku to <strong>&nbsp;poszerzone naczynia krwiono\u015bne w dolnej cz\u0119\u015bci prze\u0142yku, kt\u00f3re nie wyst\u0119puj\u0105 fizjologicznie<\/strong>. To cz\u0119ste i bardzo gro\u017ane <strong>powik\u0142anie nadci\u015bnienia wrotnego<\/strong>, czyli stanu, w kt\u00f3rym ci\u015bnienie w \u017cyle wrotnej w\u0105troby (prowadz\u0105cej krew z jelit do w\u0105troby) jest&nbsp; podwy\u017cszone.<\/p>\n\n\n\n<h2 class=\"wp-block-heading\" id=\"Kto-jest-szczeg\u00f3lnie-nara\u017cony-na-powstawanie-\u017cylak\u00f3w-w-prze\u0142yku?\">Kto jest szczeg\u00f3lnie nara\u017cony na powstawanie \u017cylak\u00f3w w prze\u0142yku?<\/h2>\n\n\n\n<p>Najcz\u0119stsza przyczyna \u017cylak\u00f3w prze\u0142yku w krajach europejskich to <strong>marsko\u015b\u0107 w\u0105troby<\/strong>. Schorzenie mo\u017ce wyst\u0105pi\u0107 r\u00f3wnie\u017c w przebiegu m.in.:<\/p>\n\n\n\n<ul class=\"wp-block-list\">\n<li>zakrzepicy \u017cy\u0142y wrotnej,<\/li>\n\n\n\n<li>zakrzepicy \u017cy\u0142y \u015bledzionowej,<\/li>\n\n\n\n<li>zakrzepica \u017cy\u0142y w\u0105trobowej,<\/li>\n\n\n\n<li>guzkowy rozrost regeneracyjny,<a href=\"https:\/\/www.alab.pl\/centrum-wiedzy\/wirusowe-zapalenie-watroby-typu-b-objawy-przyczyny-leczenie-i-profilaktyka\/\"><\/a><\/li>\n\n\n\n<li>zaka\u017cenia wirusem zapalenia w\u0105troby typu C,<\/li>\n\n\n\n<li>zaka\u017cenie przywr\u0105 \u017cyln\u0105<a href=\"https:\/\/www.alab.pl\/centrum-wiedzy\/rak-watroby-objawy-przyczyny-leczenie-i-rokowania\/\"><\/a><a href=\"https:\/\/www.alab.pl\/centrum-wiedzy\/sarkoidoza-jak-objawia-sie-rzadka-zagadkowa-choroba\/\"><\/a><a href=\"https:\/\/www.alab.pl\/centrum-wiedzy\/gruzlica-historia-przyczyny-objawy-rodzaje\/\"><\/a>.<\/li>\n<\/ul>\n\n\n\n<h2 class=\"wp-block-heading\" id=\"Objawy-\u017cylak\u00f3w-w-prze\u0142yku\">Objawy \u017cylak\u00f3w w prze\u0142yku<\/h2>\n\n\n\n<p>Pocz\u0105tkowo objawy \u017cylak\u00f3w prze\u0142yku mog\u0105 by\u0107 nieobecne. Pacjenci niekiedy skar\u017c\u0105 si\u0119 na <strong>uczucie dyskomfortu podczas prze\u0142ykania<\/strong>. Natomiast krwawienie z \u017cylak\u00f3w prze\u0142yku manifestuje si\u0119 poprzez:<\/p>\n\n\n\n<ul class=\"wp-block-list\">\n<li>wymioty z krwi\u0105 lub tzw. fusowate wymioty (ciemne o konsystencji sypanej kawy),<\/li>\n\n\n\n<li><a href=\"https:\/\/www.alab.pl\/centrum-wiedzy\/czarny-stolec-smolisty-stolec-przyczyny-diagnostyka-postepowanie\/\" target=\"_blank\" rel=\"noreferrer noopener\">smoliste stolce<\/a> (ka\u0142 o ciemnym lub czarnym zabarwieniu),<\/li>\n\n\n\n<li><a href=\"https:\/\/www.alab.pl\/centrum-wiedzy\/rodzaje-anemii-i-ich-przyczyny\/\" target=\"_blank\" rel=\"noreferrer noopener\">niedokrwisto\u015b\u0107<\/a>,<\/li>\n\n\n\n<li>wstrz\u0105s krwotoczny (os\u0142abienie, spadek ci\u015bnienia krwi, tachykardia, przyspieszony oddech).<\/li>\n<\/ul>\n\n\n\n<p>Krwawienie z \u017cylak\u00f3w prze\u0142yku najcz\u0119\u015bciej jest masywne. Mo\u017ce prowadzi\u0107 do \u015bmierci.<\/p>\n\n\n\n<h3 class=\"wp-block-heading\" id=\"Czy-\u017cylaki-prze\u0142yku-bol\u0105?\">Czy \u017cylaki prze\u0142yku bol\u0105?<\/h3>\n\n\n\n<p>\u017bylaki prze\u0142yku nie powoduj\u0105 b\u00f3lu. Jak wcze\u015bniej wspomniano, u cz\u0119\u015bci pacjent\u00f3w pojawia si\u0119 dyskomfort podczas prze\u0142ykania. Warto mie\u0107 jednak na uwadze, \u017ce taki objaw mo\u017ce wyst\u0105pi\u0107 tak\u017ce przy innych schorzeniach. W przypadku wyst\u0119powania b\u00f3lu podczas po\u0142ykania warto skonsultowa\u0107 dolegliwo\u015bci z lekarzem gastrologiem<\/p>\n\n\n\n<h3 class=\"wp-block-heading\" id=\"Marsko\u015b\u0107-w\u0105troby-a-\u017cylaki-prze\u0142yku\">Marsko\u015b\u0107 w\u0105troby a \u017cylaki prze\u0142yku<\/h3>\n\n\n\n<p><a href=\"https:\/\/www.alab.pl\/centrum-wiedzy\/marskosc-watroby-przyczyny-objawy-i-diagnostyka\/\" target=\"_blank\" rel=\"noreferrer noopener\">Marsko\u015b\u0107 w\u0105troby<\/a> jest przewlek\u0142ym procesem chorobowym, w przebiegu kt\u00f3rego <strong>dochodzi do w\u0142\u00f3knienia mi\u0105\u017cszu tego narz\u0105du i przemiany jego struktury anatomicznej<\/strong> \u2013 zraziki w\u0105trobowe ulegaj\u0105 przekszta\u0142ceniu w guzki regeneracyjne. W konsekwencji dochodzi do zaburzenia czynno\u015bci pracy w\u0105troby.<\/p>\n\n\n\n<p><strong>U 50% pacjent\u00f3w w momencie rozpoznania marsko\u015bci w\u0105troby obecne s\u0105 ju\u017c \u017cylaki prze\u0142yku<\/strong>. Dlatego u wszystkich chorych nale\u017cy regularnie wykonywa\u0107 badanie endoskopowe g\u00f3rnego odcinka przewodu pokarmowego, czyli gastroskopii<\/p>\n\n\n\n<figure class=\"wp-block-table\"><table><tbody><tr><td><strong>Warto wiedzie\u0107<br><\/strong>\u017bylaki prze\u0142yku odpowiadaj\u0105 nawet za 50\u201390% krwawie\u0144 z g\u00f3rnego odcinka przewodu pokarmowego u os\u00f3b z marsko\u015bci\u0105 w\u0105troby.<\/td><\/tr><\/tbody><\/table><\/figure>\n\n\n\n<h2 class=\"wp-block-heading\" id=\"Diagnostyka-\u017cylak\u00f3w-prze\u0142yku\">Diagnostyka \u017cylak\u00f3w prze\u0142yku<\/h2>\n\n\n\n<p><strong>Diagnostyka \u017cylak\u00f3w prze\u0142yku opiera si\u0119 g\u0142\u00f3wnie na gastroskopii<\/strong>, kt\u00f3ra umo\u017cliwia bezpo\u015bredni\u0105 ocen\u0119 stanu naczy\u0144 krwiono\u015bnych w prze\u0142yku. Powinno wykona\u0107 si\u0119 j\u0105 <strong>u ka\u017cdej osoby w momencie rozpoznania marsko\u015bci w\u0105troby<\/strong>. Dodatkowo lekarz mo\u017ce zleci\u0107 badania pozwalaj\u0105ce na ocen\u0119 stanu w\u0105troby i og\u00f3lnego stanu zdrowia. S\u0105 to m.in.:<\/p>\n\n\n\n<ul class=\"wp-block-list\">\n<li>elastografia w\u0105troby,<\/li>\n\n\n\n<li>USG jamy brzusznej,<\/li>\n\n\n\n<li>tomografia lub rezonans magnetyczny jamy brzusznej,<\/li>\n\n\n\n<li><\/li>\n\n\n\n<li>badania laboratoryjne z krwi (m.in. <a href=\"https:\/\/www.alab.pl\/badanie\/aminotransferaza-asparaginianowa-ast-i19\">AST<\/a>, <a href=\"https:\/\/www.alab.pl\/badanie\/aminotransferaza-alaninowa-alt-i17\">ALT<\/a>, <a href=\"https:\/\/www.alab.pl\/badanie\/gamma-glutamylotranspeptydaza-ggtp-l31\">GGTP<\/a>, <a href=\"https:\/\/www.alab.pl\/badanie\/morfologia-krwi-c55\">morfologia<\/a>, <a href=\"https:\/\/www.alab.pl\/badanie\/zelazo-w-surowicy-o95\">poziom \u017celaza<\/a> i <a href=\"https:\/\/www.alab.pl\/badanie\/ferrytyna-l05\">ferrytyny<\/a>).<\/li>\n<\/ul>\n\n\n\n<figure class=\"wp-block-image size-full\"><a href=\"https:\/\/www.alab.pl\/badanie\/morfologia-krwi-c55\"><img loading=\"lazy\" decoding=\"async\" width=\"800\" height=\"200\" src=\"https:\/\/www.alab.pl\/centrum-wiedzy\/wp-content\/uploads\/2024\/09\/Morfologia-krwi-obwodowej-jpg.webp\" alt=\"Morfologia krwi obwodowej\" class=\"wp-image-16675\" srcset=\"https:\/\/www.alab.pl\/centrum-wiedzy\/wp-content\/uploads\/2024\/09\/Morfologia-krwi-obwodowej-jpg.webp 800w, https:\/\/www.alab.pl\/centrum-wiedzy\/wp-content\/uploads\/2024\/09\/Morfologia-krwi-obwodowej-jpg-768x192.webp 768w, https:\/\/www.alab.pl\/centrum-wiedzy\/wp-content\/uploads\/2024\/09\/Morfologia-krwi-obwodowej-jpg-150x38.webp 150w, https:\/\/www.alab.pl\/centrum-wiedzy\/wp-content\/uploads\/2024\/09\/Morfologia-krwi-obwodowej-jpg-300x75.webp 300w, https:\/\/www.alab.pl\/centrum-wiedzy\/wp-content\/uploads\/2024\/09\/Morfologia-krwi-obwodowej-jpg-696x174.webp 696w\" sizes=\"auto, (max-width: 800px) 100vw, 800px\" \/><\/a><\/figure>\n\n\n\n<h2 class=\"wp-block-heading\" id=\"\u017bylaki-w-prze\u0142yku-\u2013-leczenie\">\u017bylaki w prze\u0142yku \u2013 leczenie<\/h2>\n\n\n\n<p>Leczenie \u017cylak\u00f3w prze\u0142yku zale\u017cy od ich zaawansowania oraz prawdopodobie\u0144stwa wyst\u0105pienia krwawienia. Celem terapii jest <strong>zmniejszenie ryzyka p\u0119kni\u0119cia \u017cylak\u00f3w, a w przypadku krwotoku \u2013 szybkie zatrzymanie krwawienia i stabilizacja stanu pacjenta<\/strong>.<\/p>\n\n\n\n<p>W zapobieganiu krwawieniom z \u017cylak\u00f3w prze\u0142yku stosuje si\u0119 m.in.:<\/p>\n\n\n\n<ul class=\"wp-block-list\">\n<li>leki obni\u017caj\u0105ce ci\u015bnienie w uk\u0142adzie wrotnym,<\/li>\n\n\n\n<li>procedury endoskopowe (opaskowanie \u017cylak\u00f3w prze\u0142yku).<\/li>\n<\/ul>\n\n\n\n<p>Leczenie krwawienia z \u017cylak\u00f3w prze\u0142yku jest prowadzane w warunkach szpitalnych.<\/p>\n\n\n\n<h3 class=\"wp-block-heading\" id=\"\u017bylaki-prze\u0142yku-a-dieta\">\u017bylaki prze\u0142yku a dieta<\/h3>\n\n\n\n<p>Zaleca si\u0119 unikanie produkt\u00f3w, kt\u00f3re mog\u0105 podra\u017cnia\u0107 b\u0142on\u0119 \u015bluzow\u0105 prze\u0142yku, takich jak alkohol, kawa, ostre przyprawy oraz kwa\u015bne produkty. Nale\u017cy spo\u017cywa\u0107 lekkostrawne posi\u0142ki w regularnych odst\u0119pach czasu \u2013 w ma\u0142ych, ale cz\u0119stych porcjach. Dieta powinna by\u0107 dobrze zbilansowana i dopasowana do potrzeb organizmu.<\/p>\n\n\n\n<h2 class=\"wp-block-heading\" id=\"\u017bylaki-prze\u0142yku-\u2013-czy-mo\u017cna-je-w-pe\u0142ni-wyleczy\u0107?\">\u017bylaki prze\u0142yku \u2013 czy mo\u017cna je w pe\u0142ni wyleczy\u0107?<\/h2>\n\n\n\n<p>\u017bylaki prze\u0142yku s\u0105 spowodowane nadci\u015bnieniem wrotnym, b\u0119d\u0105cym wynikiem powa\u017cnych chor\u00f3b w\u0105troby, w zwi\u0105zku z tym konieczne jest wdro\u017cenie terapii chor\u00f3b w\u0105troby<\/p>\n\n\n\n<h2 class=\"wp-block-heading\" id=\"\u017bylaki-prze\u0142yku-\u2013-profilaktyka\">\u017bylaki prze\u0142yku \u2013 profilaktyka<\/h2>\n\n\n\n<p>Profilaktyka \u017cylak\u00f3w prze\u0142yku opiera si\u0119 na zapobieganiu nadci\u015bnieniu wrotnemu. Zalecane s\u0105:<\/p>\n\n\n\n<ul class=\"wp-block-list\">\n<li>rezygnacja z spo\u017cywania alkoholu<\/li>\n\n\n\n<li>regularne monitorowanie stanu w\u0105troby (m.in. badania krwi, USG jamy brzusznej),<\/li>\n\n\n\n<li>prowadzenie zdrowego trybu \u017cycia (odpowiednia dieta, regularna aktywno\u015b\u0107 fizyczna)<\/li>\n\n\n\n<li>wykonywanie bada\u0144 profilaktycznych,<\/li>\n\n\n\n<li>poddawanie si\u0119 szczepieniom ochronnym przeciwko wirusowemu zapaleniu w\u0105troby,<\/li>\n\n\n\n<li>nienadu\u017cywanie lek\u00f3w i suplement\u00f3w diety.<\/li>\n<\/ul>\n\n\n\n<p>\u017bylaki prze\u0142yku to powa\u017cne schorzenie spowodowane nadci\u015bnieniem wrotnym. Najcz\u0119\u015bciej dotyczy os\u00f3b z chorobami w\u0105troby. Wymaga wczesnego rozpoznania i odpowiedniego leczenia, poniewa\u017c mo\u017ce prowadzi\u0107 do gro\u017anego dla zdrowia i \u017cycia krwawienia z przewodu pokarmowego.<\/p>\n\n\n\n<p><strong>Opieka merytoryczna: lek. Mateusz Nawrocki<\/strong><\/p>\n\n\n\n<hr class=\"wp-block-separator has-alpha-channel-opacity\"\/>\n\n\n\n<p><strong>Bibliografia<\/strong><\/p>\n\n\n\n<ol class=\"wp-block-list\" type=\"1\">\n<li>E. Wr\u00f3blewski, A. D\u0105browski, <em>Zasady leczenia krwawie\u0144 z \u017cylak\u00f3w prze\u0142yku<\/em>, Przegl\u0105d Gastroenterologiczny 2010; 5(3), s. 123\u2013144<\/li>\n\n\n\n<li>K. Krause, K. Simon, <em>Endoskopowa profilaktyka pierwotna i wt\u00f3rna krwawie\u0144 z \u017cylak\u00f3w prze\u0142yku<\/em>, Adv Clin Exp Med 2004, 13, s. 825\u2013832<\/li>\n\n\n\n<li>M. Hartleb, Nadci\u015bnienie wrotne, Wielka Interna. Gastroenterologia<\/li>\n\n\n\n<li>J.W. Konturek, K<em>rwotoki z przewodu pokarmowego<\/em>, Gastroenterologia i hepatologia kliniczna, Wydawnictwo Lekarskie PZWL<\/li>\n\n\n\n<li>M. Pazgan-Simon, K. Simon, <em>Zaawansowane choroby w\u0105troby: patofizjologia, obraz kliniczny i leczenie<\/em>, Wroc\u0142awskie Wydawnictwo Naukowe Atla 2, 2019<\/li>\n\n\n\n<li>M. Roso\u0142owski i in.,<em> Post\u0119powanie terapeutyczne i profilaktyczne w krwawieniu z \u017cylak\u00f3w prze\u0142yku i \u017co\u0142\u0105dka \u2013 rekomendacje Grupy Roboczej Konsultanta Krajowego w dziedzinie gastroenterologii<\/em>, Prz Gastroenterol 2014, 9 (2), s. 63\u201368<\/li>\n<\/ol>\n","protected":false},"excerpt":{"rendered":"<p>\u017bylaki prze\u0142yku to stan, w kt\u00f3rym dochodzi do patologicznego poszerzenia naczy\u0144 krwiono\u015bnych w \u015bcianie prze\u0142yku. Dowiedz si\u0119 wi\u0119cej. <\/p>\n","protected":false},"author":100,"featured_media":18447,"comment_status":"closed","ping_status":"open","sticky":false,"template":"","format":"standard","meta":{"_acf_changed":false,"inline_featured_image":false,"footnotes":""},"categories":[18],"tags":[],"coauthors":[143],"class_list":{"0":"post-18446","1":"post","2":"type-post","3":"status-publish","4":"format-standard","5":"has-post-thumbnail","7":"category-dysbioza-choroby-przewodu-pokarmowego"},"acf":[],"yoast_head":"<!-- This site is optimized with the Yoast SEO plugin v27.5 - https:\/\/yoast.com\/product\/yoast-seo-wordpress\/ -->\n<title>\u017bylaki prze\u0142yku \u2013 przyczyny, objawy, diagnostyka i leczenie - Centrum Wiedzy ALAB laboratoria<\/title>\n<meta name=\"description\" content=\"\u017bylaki prze\u0142yku to stan, w kt\u00f3rym dochodzi do patologicznego poszerzenia naczy\u0144 krwiono\u015bnych w \u015bcianie prze\u0142yku. Dowiedz si\u0119 wi\u0119cej.\" \/>\n<meta name=\"robots\" content=\"index, follow, max-snippet:-1, max-image-preview:large, max-video-preview:-1\" \/>\n<link rel=\"canonical\" href=\"https:\/\/www.alab.pl\/centrum-wiedzy\/zylaki-przelyku-przyczyny-objawy-diagnostyka-i-leczenie\/\" \/>\n<meta property=\"og:locale\" content=\"pl_PL\" \/>\n<meta property=\"og:type\" content=\"article\" \/>\n<meta property=\"og:title\" content=\"\u017bylaki prze\u0142yku \u2013 przyczyny, objawy, diagnostyka i leczenie - Centrum Wiedzy ALAB laboratoria\" \/>\n<meta property=\"og:description\" content=\"\u017bylaki prze\u0142yku to stan, w kt\u00f3rym dochodzi do patologicznego poszerzenia naczy\u0144 krwiono\u015bnych w \u015bcianie prze\u0142yku. Dowiedz si\u0119 wi\u0119cej.\" \/>\n<meta property=\"og:url\" content=\"https:\/\/www.alab.pl\/centrum-wiedzy\/zylaki-przelyku-przyczyny-objawy-diagnostyka-i-leczenie\/\" \/>\n<meta property=\"og:site_name\" content=\"Centrum Wiedzy ALAB laboratoria\" \/>\n<meta property=\"article:publisher\" content=\"https:\/\/www.facebook.com\/ALABlaboratoria\" \/>\n<meta property=\"article:published_time\" content=\"2024-11-13T07:30:00+00:00\" \/>\n<meta property=\"og:image\" content=\"https:\/\/www.alab.pl\/centrum-wiedzy\/wp-content\/uploads\/2024\/11\/zylaki_przelyku-jpg.webp\" \/>\n\t<meta property=\"og:image:width\" content=\"1612\" \/>\n\t<meta property=\"og:image:height\" content=\"1075\" \/>\n\t<meta property=\"og:image:type\" content=\"image\/webp\" \/>\n<meta name=\"author\" content=\"Angelika Janowicz\" \/>\n<meta name=\"twitter:card\" content=\"summary_large_image\" \/>\n<meta name=\"twitter:label1\" content=\"Napisane przez\" \/>\n\t<meta name=\"twitter:data1\" content=\"Angelika Janowicz\" \/>\n\t<meta name=\"twitter:label2\" content=\"Szacowany czas czytania\" \/>\n\t<meta name=\"twitter:data2\" content=\"6 minut\" \/>\n\t<meta name=\"twitter:label3\" content=\"Written by\" \/>\n\t<meta name=\"twitter:data3\" content=\"Angelika Janowicz\" \/>\n<!-- \/ Yoast SEO plugin. -->","yoast_head_json":{"title":"\u017bylaki prze\u0142yku \u2013 przyczyny, objawy, diagnostyka i leczenie - Centrum Wiedzy ALAB laboratoria","description":"\u017bylaki prze\u0142yku to stan, w kt\u00f3rym dochodzi do patologicznego poszerzenia naczy\u0144 krwiono\u015bnych w \u015bcianie prze\u0142yku. Dowiedz si\u0119 wi\u0119cej.","robots":{"index":"index","follow":"follow","max-snippet":"max-snippet:-1","max-image-preview":"max-image-preview:large","max-video-preview":"max-video-preview:-1"},"canonical":"https:\/\/www.alab.pl\/centrum-wiedzy\/zylaki-przelyku-przyczyny-objawy-diagnostyka-i-leczenie\/","og_locale":"pl_PL","og_type":"article","og_title":"\u017bylaki prze\u0142yku \u2013 przyczyny, objawy, diagnostyka i leczenie - Centrum Wiedzy ALAB laboratoria","og_description":"\u017bylaki prze\u0142yku to stan, w kt\u00f3rym dochodzi do patologicznego poszerzenia naczy\u0144 krwiono\u015bnych w \u015bcianie prze\u0142yku. Dowiedz si\u0119 wi\u0119cej.","og_url":"https:\/\/www.alab.pl\/centrum-wiedzy\/zylaki-przelyku-przyczyny-objawy-diagnostyka-i-leczenie\/","og_site_name":"Centrum Wiedzy ALAB laboratoria","article_publisher":"https:\/\/www.facebook.com\/ALABlaboratoria","article_published_time":"2024-11-13T07:30:00+00:00","og_image":[{"width":1612,"height":1075,"url":"https:\/\/www.alab.pl\/centrum-wiedzy\/wp-content\/uploads\/2024\/11\/zylaki_przelyku-jpg.webp","type":"image\/webp"}],"author":"Angelika Janowicz","twitter_card":"summary_large_image","twitter_misc":{"Napisane przez":"Angelika Janowicz","Szacowany czas czytania":"6 minut","Written by":"Angelika Janowicz"},"schema":{"@context":"https:\/\/schema.org","@graph":[{"@type":"Article","@id":"https:\/\/www.alab.pl\/centrum-wiedzy\/zylaki-przelyku-przyczyny-objawy-diagnostyka-i-leczenie\/#article","isPartOf":{"@id":"https:\/\/www.alab.pl\/centrum-wiedzy\/zylaki-przelyku-przyczyny-objawy-diagnostyka-i-leczenie\/"},"author":{"name":"Angelika Janowicz","@id":"https:\/\/www.alab.pl\/centrum-wiedzy\/#\/schema\/person\/f714a3843f15f9646db0448b28a900e1"},"headline":"\u017bylaki prze\u0142yku \u2013 przyczyny, objawy, diagnostyka i leczenie","datePublished":"2024-11-13T07:30:00+00:00","mainEntityOfPage":{"@id":"https:\/\/www.alab.pl\/centrum-wiedzy\/zylaki-przelyku-przyczyny-objawy-diagnostyka-i-leczenie\/"},"wordCount":1024,"publisher":{"@id":"https:\/\/www.alab.pl\/centrum-wiedzy\/#organization"},"image":{"@id":"https:\/\/www.alab.pl\/centrum-wiedzy\/zylaki-przelyku-przyczyny-objawy-diagnostyka-i-leczenie\/#primaryimage"},"thumbnailUrl":"https:\/\/www.alab.pl\/centrum-wiedzy\/wp-content\/uploads\/2024\/11\/zylaki_przelyku-jpg.webp","articleSection":["Dysbioza, choroby przewodu pokarmowego"],"inLanguage":"pl-PL"},{"@type":"WebPage","@id":"https:\/\/www.alab.pl\/centrum-wiedzy\/zylaki-przelyku-przyczyny-objawy-diagnostyka-i-leczenie\/","url":"https:\/\/www.alab.pl\/centrum-wiedzy\/zylaki-przelyku-przyczyny-objawy-diagnostyka-i-leczenie\/","name":"\u017bylaki prze\u0142yku \u2013 przyczyny, objawy, diagnostyka i leczenie - Centrum Wiedzy ALAB laboratoria","isPartOf":{"@id":"https:\/\/www.alab.pl\/centrum-wiedzy\/#website"},"primaryImageOfPage":{"@id":"https:\/\/www.alab.pl\/centrum-wiedzy\/zylaki-przelyku-przyczyny-objawy-diagnostyka-i-leczenie\/#primaryimage"},"image":{"@id":"https:\/\/www.alab.pl\/centrum-wiedzy\/zylaki-przelyku-przyczyny-objawy-diagnostyka-i-leczenie\/#primaryimage"},"thumbnailUrl":"https:\/\/www.alab.pl\/centrum-wiedzy\/wp-content\/uploads\/2024\/11\/zylaki_przelyku-jpg.webp","datePublished":"2024-11-13T07:30:00+00:00","description":"\u017bylaki prze\u0142yku to stan, w kt\u00f3rym dochodzi do patologicznego poszerzenia naczy\u0144 krwiono\u015bnych w \u015bcianie prze\u0142yku. Dowiedz si\u0119 wi\u0119cej.","breadcrumb":{"@id":"https:\/\/www.alab.pl\/centrum-wiedzy\/zylaki-przelyku-przyczyny-objawy-diagnostyka-i-leczenie\/#breadcrumb"},"inLanguage":"pl-PL","potentialAction":[{"@type":"ReadAction","target":["https:\/\/www.alab.pl\/centrum-wiedzy\/zylaki-przelyku-przyczyny-objawy-diagnostyka-i-leczenie\/"]}]},{"@type":"ImageObject","inLanguage":"pl-PL","@id":"https:\/\/www.alab.pl\/centrum-wiedzy\/zylaki-przelyku-przyczyny-objawy-diagnostyka-i-leczenie\/#primaryimage","url":"https:\/\/www.alab.pl\/centrum-wiedzy\/wp-content\/uploads\/2024\/11\/zylaki_przelyku-jpg.webp","contentUrl":"https:\/\/www.alab.pl\/centrum-wiedzy\/wp-content\/uploads\/2024\/11\/zylaki_przelyku-jpg.webp","width":1612,"height":1075,"caption":"\u017cylaki prze\u0142yku"},{"@type":"BreadcrumbList","@id":"https:\/\/www.alab.pl\/centrum-wiedzy\/zylaki-przelyku-przyczyny-objawy-diagnostyka-i-leczenie\/#breadcrumb","itemListElement":[{"@type":"ListItem","position":1,"name":"Strona g\u0142\u00f3wna","item":"https:\/\/www.alab.pl\/centrum-wiedzy\/"},{"@type":"ListItem","position":2,"name":"\u017bylaki prze\u0142yku \u2013 przyczyny, objawy, diagnostyka i leczenie"}]},{"@type":"WebSite","@id":"https:\/\/www.alab.pl\/centrum-wiedzy\/#website","url":"https:\/\/www.alab.pl\/centrum-wiedzy\/","name":"Centrum Wiedzy ALAB laboratoria","description":"","publisher":{"@id":"https:\/\/www.alab.pl\/centrum-wiedzy\/#organization"},"potentialAction":[{"@type":"SearchAction","target":{"@type":"EntryPoint","urlTemplate":"https:\/\/www.alab.pl\/centrum-wiedzy\/?s={search_term_string}"},"query-input":{"@type":"PropertyValueSpecification","valueRequired":true,"valueName":"search_term_string"}}],"inLanguage":"pl-PL"},{"@type":"Organization","@id":"https:\/\/www.alab.pl\/centrum-wiedzy\/#organization","name":"Centrum Wiedzy ALAB laboratoria","url":"https:\/\/www.alab.pl\/centrum-wiedzy\/","logo":{"@type":"ImageObject","inLanguage":"pl-PL","@id":"https:\/\/www.alab.pl\/centrum-wiedzy\/#\/schema\/logo\/image\/","url":"https:\/\/www.alab.pl\/centrum-wiedzy\/wp-content\/uploads\/2022\/04\/alabek.jpg","contentUrl":"https:\/\/www.alab.pl\/centrum-wiedzy\/wp-content\/uploads\/2022\/04\/alabek.jpg","width":1250,"height":1251,"caption":"Centrum Wiedzy ALAB laboratoria"},"image":{"@id":"https:\/\/www.alab.pl\/centrum-wiedzy\/#\/schema\/logo\/image\/"},"sameAs":["https:\/\/www.facebook.com\/ALABlaboratoria"]},{"@type":"Person","@id":"https:\/\/www.alab.pl\/centrum-wiedzy\/#\/schema\/person\/f714a3843f15f9646db0448b28a900e1","name":"Angelika Janowicz","image":{"@type":"ImageObject","inLanguage":"pl-PL","@id":"https:\/\/www.alab.pl\/centrum-wiedzy\/wp-content\/uploads\/2024\/05\/Janowicz-Angelika-150x150.png9339cd1d56dcba9ded72b55067841306","url":"https:\/\/www.alab.pl\/centrum-wiedzy\/wp-content\/uploads\/2024\/05\/Janowicz-Angelika-150x150.png","contentUrl":"https:\/\/www.alab.pl\/centrum-wiedzy\/wp-content\/uploads\/2024\/05\/Janowicz-Angelika-150x150.png","caption":"Angelika Janowicz"},"description":"Z wykszta\u0142cenia piel\u0119gniarka, absolwentka Uniwersytetu Medycznego im. Piast\u00f3w \u015al\u0105skich we Wroc\u0142awiu. Do\u015bwiadczenie zawodowe zdobywa\u0142a w gabinecie zabiegowym, a tak\u017ce w poradni laryngologicznej, pediatrycznej i kardiologicznej. Interesuje si\u0119 psychodietetyk\u0105 i \u017cywieniem cz\u0142owieka w chorobach metabolicznych \u2013 w szczeg\u00f3lno\u015bci zastosowaniem diet niskow\u0119glowodanowych w insulinooporno\u015bci.","url":"https:\/\/www.alab.pl\/centrum-wiedzy\/author\/angelika-janowicz\/"}]}},"_links":{"self":[{"href":"https:\/\/www.alab.pl\/centrum-wiedzy\/wp-json\/wp\/v2\/posts\/18446","targetHints":{"allow":["GET"]}}],"collection":[{"href":"https:\/\/www.alab.pl\/centrum-wiedzy\/wp-json\/wp\/v2\/posts"}],"about":[{"href":"https:\/\/www.alab.pl\/centrum-wiedzy\/wp-json\/wp\/v2\/types\/post"}],"author":[{"embeddable":true,"href":"https:\/\/www.alab.pl\/centrum-wiedzy\/wp-json\/wp\/v2\/users\/100"}],"replies":[{"embeddable":true,"href":"https:\/\/www.alab.pl\/centrum-wiedzy\/wp-json\/wp\/v2\/comments?post=18446"}],"version-history":[{"count":0,"href":"https:\/\/www.alab.pl\/centrum-wiedzy\/wp-json\/wp\/v2\/posts\/18446\/revisions"}],"wp:featuredmedia":[{"embeddable":true,"href":"https:\/\/www.alab.pl\/centrum-wiedzy\/wp-json\/wp\/v2\/media\/18447"}],"wp:attachment":[{"href":"https:\/\/www.alab.pl\/centrum-wiedzy\/wp-json\/wp\/v2\/media?parent=18446"}],"wp:term":[{"taxonomy":"category","embeddable":true,"href":"https:\/\/www.alab.pl\/centrum-wiedzy\/wp-json\/wp\/v2\/categories?post=18446"},{"taxonomy":"post_tag","embeddable":true,"href":"https:\/\/www.alab.pl\/centrum-wiedzy\/wp-json\/wp\/v2\/tags?post=18446"},{"taxonomy":"author","embeddable":true,"href":"https:\/\/www.alab.pl\/centrum-wiedzy\/wp-json\/wp\/v2\/coauthors?post=18446"}],"curies":[{"name":"wp","href":"https:\/\/api.w.org\/{rel}","templated":true}]}}