{"id":19965,"date":"2024-12-13T12:03:58","date_gmt":"2024-12-13T11:03:58","guid":{"rendered":"https:\/\/www.alab.pl\/centrum-wiedzy\/?p=19965"},"modified":"2024-12-13T12:04:00","modified_gmt":"2024-12-13T11:04:00","slug":"swierzb-objawy-przyczyny-diagnostyka-i-leczenie-zarazenia-swierzbowcem","status":"publish","type":"post","link":"https:\/\/www.alab.pl\/centrum-wiedzy\/swierzb-objawy-przyczyny-diagnostyka-i-leczenie-zarazenia-swierzbowcem\/","title":{"rendered":"\u015awierzb &#8211; objawy, przyczyny, diagnostyka i leczenie zara\u017cenia \u015bwierzbowcem"},"content":{"rendered":"\n<p><strong>\u015awierzb to ci\u0105gle aktualna choroba zaka\u017ana, kt\u00f3ra pojawia si\u0119 na ca\u0142ym \u015bwiecie. Jakie s\u0105 najcz\u0119stsze objawy \u015bwierzbu? Jak mo\u017cna zarazi\u0107 si\u0119 \u015bwierzbem i na czym polega leczenie tej przypad\u0142o\u015bci? Na te i inne pytania odpowiedzi znajdziesz w poni\u017cszym artykule.<\/strong><\/p>\n\n\n\n<p>Spis tre\u015bci:<\/p>\n\n\n\n<ol class=\"wp-block-list\">\n<li><a href=\"#Co-to-jest-\u015bwierzb?\">Co to jest \u015bwierzb?<\/a>\n<ul class=\"wp-block-list\">\n<li><a href=\"#Jak-wygl\u0105da-\u015bwierzb?\">Jak wygl\u0105da \u015bwierzb?<\/a><\/li>\n<\/ul>\n<\/li>\n\n\n\n<li><a href=\"#Przyczyny-\u015bwierzbu-\">Przyczyny \u015bwierzbu <\/a>\n<ul class=\"wp-block-list\">\n<li><a href=\"#Czy-\u015bwierzb-jest-zara\u017aliwy?\">Czy \u015bwierzb jest zara\u017aliwy?<\/a><\/li>\n<\/ul>\n<\/li>\n\n\n\n<li><a href=\"#Objawy-\u015bwierzbu\">Objawy \u015bwierzbu<\/a><\/li>\n\n\n\n<li><a href=\"#Rodzaje-\u015bwierzbu\">Rodzaje \u015bwierzbu<\/a><\/li>\n\n\n\n<li><a href=\"#Diagnostyka-i-leczenie-\u015bwierzbu\">Diagnostyka i leczenie \u015bwierzbu<\/a>\n<ul class=\"wp-block-list\">\n<li><a href=\"#Badania-na-\u015bwierzb\">Badania na \u015bwierzb<\/a><\/li>\n\n\n\n<li><a href=\"#Leczenie-\u015bwierzbu\">Leczenie \u015bwierzbu<\/a><\/li>\n<\/ul>\n<\/li>\n<\/ol>\n\n\n\n<h2 class=\"wp-block-heading\" id=\"Co-to-jest-\u015bwierzb?\">Co to jest \u015bwierzb?<\/h2>\n\n\n\n<p>\u015awierzb to zaka\u017ana choroba paso\u017cytnicza, za kt\u00f3r\u0105 odpowiada \u015bwierzbowiec ludzki (<em>Sarcoptes scabiei var. hominis)<\/em>. Mog\u0142oby si\u0119 wydawa\u0107, \u017ce jest to obecnie rzadko wyst\u0119puj\u0105ce schorzenie dermatologiczne, jednak jest zupe\u0142nie odwrotnie. Ci\u0105gle spotykamy si\u0119 z licznymi zaka\u017ceniami \u015bwierzbowcem ludzkim. Szacuje si\u0119, \u017ce rocznie na to schorzenie zapada a\u017c 300 milion\u00f3w ludzi na \u015bwiecie. Najwi\u0119cej zachorowa\u0144 odnotowuje si\u0119 w Indiach, Australii oraz w rejonach Pacyfiku. Nale\u017cy wyra\u017anie podkre\u015bli\u0107, \u017ce na \u015bwierzb choruj\u0105 nie tylko osoby skrajnie zaniedbane. Choroba dotyczy os\u00f3b ze wszystkich grup socjoekonomicznych, a najwi\u0119cej zachorowa\u0144 odnotowuje si\u0119 w okresie jesienno-zimowym.<\/p>\n\n\n\n<h3 class=\"wp-block-heading\" id=\"Jak-wygl\u0105da-\u015bwierzb?\">Jak wygl\u0105da \u015bwierzb?<\/h3>\n\n\n\n<p>\u015awierzb to schorzenie, kt\u00f3re objawia si\u0119 pojawieniem charakterystycznych symptom\u00f3w w obr\u0119bie sk\u00f3ry i silnym \u015bwi\u0105dem. Typowe dla \u015bwierzbu jest to, \u017ce \u015bwi\u0105d nasila si\u0119 podczas rozgrzania cia\u0142a, na przyk\u0142ad po wej\u015bciu do \u0142\u00f3\u017cka. Wynika to z wi\u0119kszej aktywno\u015bci \u015bwierzbowc\u00f3w w obr\u0119bie sk\u00f3ry, pod wp\u0142ywem wy\u017cszej temperatury.<\/p>\n\n\n\n<h2 class=\"wp-block-heading\" id=\"Przyczyny-\u015bwierzbu-\">Przyczyny \u015bwierzbu <\/h2>\n\n\n\n<p>Jak ju\u017c zosta\u0142o wspomniane w poprzednim akapicie, za zachorowanie na \u015bwierzb odpowiada gatunek roztocza &#8211; \u015bwierzbowiec ludzki. Czynniki ryzyka sprzyjaj\u0105ce zachorowaniu to przede wszystkim:<\/p>\n\n\n\n<ul class=\"wp-block-list\">\n<li>zaburzenia odporno\u015bci, w tym zaka\u017cenie wirusem HIV,<\/li>\n\n\n\n<li>stosowanie lek\u00f3w immunosupresyjnych (obni\u017caj\u0105cych odporno\u015b\u0107),<\/li>\n\n\n\n<li>niski poziom higieny osobistej,<\/li>\n\n\n\n<li>przebywanie w zbiorowiskach (na przyk\u0142ad domy opieki).<\/li>\n<\/ul>\n\n\n\n<p>Za pojawienie si\u0119 objaw\u00f3w odpowiada obecno\u015b\u0107 samiczek \u015bwierzbowca, kt\u00f3re w penetruj\u0105 w obr\u0119bie nask\u00f3rka i dr\u0105\u017c\u0105 korytarze, gdzie sk\u0142adaj\u0105 jaja. Z jaj tych wyl\u0119gaj\u0105 si\u0119 larwy, kt\u00f3re po oko\u0142o trzech tygodniach przekszta\u0142caj\u0105 si\u0119 w osobniki doros\u0142e.<\/p>\n\n\n\n<h3 class=\"wp-block-heading\" id=\"Czy-\u015bwierzb-jest-zara\u017aliwy?\">Czy \u015bwierzb jest zara\u017aliwy?<\/h3>\n\n\n\n<p>\u015awierzb zaliczany jest do schorze\u0144 zaka\u017anych. Jak mo\u017cna si\u0119 zarazi\u0107 \u015bwierzbem? Przede wszystkim przez kontakt bezpo\u015bredni z chor\u0105 osob\u0105. Do zaka\u017cenia potrzebne jest oko\u0142o 15-20 minut bliskiego kontaktu ze sk\u00f3r\u0105 chorego pacjenta. Do przekazania choroby mo\u017ce doj\u015b\u0107 r\u00f3wnie\u017c na drodze kontaktu po\u015bredniego, a wi\u0119c poprzez korzystanie z tych samych przedmiot\u00f3w (po\u015bciel, r\u0119czniki, ubrania). Do zaka\u017cenia mo\u017ce wi\u0119c doj\u015b\u0107 na przyk\u0142ad podczas nocowania w hotelu, czy te\u017c podr\u00f3\u017cy poci\u0105giem (gdy w materacach lub tapicerkach znajduj\u0105 si\u0119 \u015bwierzbowce).<\/p>\n\n\n\n<h2 class=\"wp-block-heading\" id=\"Objawy-\u015bwierzbu\">Objawy \u015bwierzbu<\/h2>\n\n\n\n<p>Klasyczna posta\u0107 \u015bwierzbu manifestuje si\u0119 pojawieniem si\u0119 na sk\u00f3rze drobnych rumieniowych grudek, a tak\u017ce przeczos\u00f3w i nad\u017cerek, kt\u00f3re powstaj\u0105 na skutek intensywnego drapania sk\u00f3ry. Zmiany w przebiegu \u015bwierzbu najcz\u0119\u015bciej lokalizuj\u0105 si\u0119 w takich obszarach jak:<\/p>\n\n\n\n<ul class=\"wp-block-list\">\n<li>przestrzenie mi\u0119dzypalcowe,<\/li>\n\n\n\n<li>okolica nadgarstk\u00f3w,<\/li>\n\n\n\n<li>zgi\u0119cia \u0142okciowe,<\/li>\n\n\n\n<li>fa\u0142dy pachowe,<\/li>\n\n\n\n<li>okolice p\u0119pka,<\/li>\n\n\n\n<li>narz\u0105dy p\u0142ciowe,<\/li>\n\n\n\n<li>brodawki sutkowe u kobiet,<\/li>\n\n\n\n<li>d\u0142onie i podeszwy st\u00f3p u dzieci.<\/li>\n<\/ul>\n\n\n\n<p>Typowe jest to, \u017ce zmiany sk\u00f3rne nie zajmuj\u0105 sk\u00f3ry w obr\u0119bie twarzy, ow\u0142osionej sk\u00f3ry g\u0142owy i okolicy mi\u0119dzy\u0142opatkowej.<\/p>\n\n\n\n<h2 class=\"wp-block-heading\" id=\"Rodzaje-\u015bwierzbu\">Rodzaje \u015bwierzbu<\/h2>\n\n\n\n<p>Opr\u00f3cz klasycznej odmiany \u015bwierzbu opisywanej w poprzednim akapicie tego artyku\u0142u, wyr\u00f3\u017cniamy r\u00f3wnie\u017c rzadsze odmiany tego schorzenia, a mianowicie:<\/p>\n\n\n\n<ul class=\"wp-block-list\">\n<li><strong>\u015bwierzb guzkowy <\/strong>&#8211; symptomy sk\u00f3rne maj\u0105 posta\u0107 guzk\u00f3w, ten rodzaj \u015bwierzbu dotyczy oko\u0142o 7-10% choruj\u0105cych pacjent\u00f3w, a zmiany cz\u0119sto pojawiaj\u0105 si\u0119 w okolicy p\u0142ciowej, a tak\u017ce w obszarze pach i pachwin,<\/li>\n\n\n\n<li><strong>\u015bwierzb norweski <\/strong>&#8211; jest to najci\u0119\u017cszy rodzaj \u015bwierzbu, cz\u0119sto dotykaj\u0105cy osoby z obni\u017con\u0105 odporno\u015bci\u0105. Postawienie diagnozy w przypadku \u015bwierzbu norweskiego nie jest \u0142atwe, poniewa\u017c zmiany mog\u0105 przybiera\u0107 morfologi\u0119 \u0142uszczycopodobn\u0105 i zajmowa\u0107 nietypowe dla \u015bwierzbu lokalizacje (twarz, ow\u0142osiona sk\u00f3ra g\u0142owy),<\/li>\n\n\n\n<li><strong>\u015bwierzb noworodkowy\/niemowl\u0119cy<\/strong> &#8211; ze wzgl\u0119du na nieca\u0142kowite rozwini\u0119cie uk\u0142adu immunologicznego u tak ma\u0142ych dzieci, zmiany sk\u00f3rne przyjmuj\u0105 swoisty obraz &#8211; obserwuje si\u0119 mi\u0119dzy innymi z\u0142uszczanie w obr\u0119bie niemal ca\u0142ego cia\u0142a oraz liczne strupy,<\/li>\n\n\n\n<li><strong>\u015bwierzb zamaskowany <\/strong>&#8211; ten rodzaj \u015bwierzbu dotyczy pacjent\u00f3w rygorystycznie dbaj\u0105cych o higien\u0119 osobist\u0105, a tak\u017ce os\u00f3b, leczonych preparatami sterydowymi, zmieniaj\u0105cymi obraz kliniczny choroby. Jest to posta\u0107, kt\u00f3ra r\u00f3wnie\u017c mo\u017ce stanowi\u0107 wyzwanie diagnostyczne.<\/li>\n\n\n\n<li><strong>\u015bwierzb p\u0119cherzowy <\/strong>&#8211; w jego przebiegu obserwuje si\u0119 obecno\u015b\u0107 dobrze napi\u0119tych p\u0119cherzy, kt\u00f3re przypominaj\u0105 p\u0119cherze spotykane w pemfigoidzie p\u0119cherzowym.<\/li>\n<\/ul>\n\n\n\n<h2 class=\"wp-block-heading\" id=\"Diagnostyka-i-leczenie-\u015bwierzbu\">Diagnostyka i leczenie \u015bwierzbu<\/h2>\n\n\n\n<p>\u015awierzb rozpoznaje si\u0119 typowo na podstawie obrazu klinicznego. Pomocna jest informacja o \u015bwi\u0105dzie nasilaj\u0105cym si\u0119 w nocy oraz o obecno\u015bci objaw\u00f3w choroby u domownik\u00f3w. W diagnostyce wykorzystuje si\u0119 r\u00f3wnie\u017c dermatoskopi\u0119, a wi\u0119c ogl\u0105danie sk\u00f3ry w powi\u0119kszeniu. W obrazie dermatoskopowym poszukuje si\u0119 nor \u015bwierzbowcowych.<\/p>\n\n\n\n<h3 class=\"wp-block-heading\" id=\"Badania-na-\u015bwierzb\">Badania na \u015bwierzb<\/h3>\n\n\n\n<p>W w\u0105tpliwych przypadkach mo\u017cliwe jest pobranie zeskrobin nask\u00f3rka do badania mikroskopowego lub pobranie wycinka sk\u00f3ry do badania histopatologicznego, co ma na celu zr\u00f3\u017cnicowanie \u015bwierzbu z innymi schorzeniami dermatologicznymi. W przypadku bardzo du\u017cej infestacji (na przyk\u0142ad przy \u015bwierzbie norweskim) konieczne jest wykonanie podstawowych bada\u0144 laboratoryjnych, w tym oznaczenia <a href=\"https:\/\/www.alab.pl\/badanie\/bialko-c-reaktywne-crp-ilosciowe-i81\">st\u0119\u017cenia CRP<\/a>, <a href=\"https:\/\/www.alab.pl\/badanie\/morfologia-krwi-c55\">morfologii krwi obwodowej<\/a>, <a href=\"https:\/\/www.alab.pl\/badanie\/kreatynina-w-surowicy-m37\">kreatyniny<\/a>, poniewa\u017c ci\u0119\u017ckie postacie \u015bwierzbu mog\u0105 by\u0107 powik\u0142ane nadka\u017ceniami bakteryjnymi, zapaleniem tkanki podsk\u00f3rnej, czy k\u0142\u0119buszkowym zapaleniem nerek.<\/p>\n\n\n\n<figure class=\"wp-block-image size-full\"><a href=\"https:\/\/www.alab.pl\/badanie\/posiew-ze-zmian-skornych-tlenowo-91831\"><img loading=\"lazy\" decoding=\"async\" width=\"800\" height=\"200\" src=\"https:\/\/www.alab.pl\/centrum-wiedzy\/wp-content\/uploads\/2024\/03\/Posiew-ze-zmian-skornych-tlenowo-jpg.webp\" alt=\"posiew ze zmian sk\u00f3rnych tlenowo\" class=\"wp-image-12584\" srcset=\"https:\/\/www.alab.pl\/centrum-wiedzy\/wp-content\/uploads\/2024\/03\/Posiew-ze-zmian-skornych-tlenowo-jpg.webp 800w, https:\/\/www.alab.pl\/centrum-wiedzy\/wp-content\/uploads\/2024\/03\/Posiew-ze-zmian-skornych-tlenowo-jpg-768x192.webp 768w, https:\/\/www.alab.pl\/centrum-wiedzy\/wp-content\/uploads\/2024\/03\/Posiew-ze-zmian-skornych-tlenowo-jpg-150x38.webp 150w, https:\/\/www.alab.pl\/centrum-wiedzy\/wp-content\/uploads\/2024\/03\/Posiew-ze-zmian-skornych-tlenowo-jpg-300x75.webp 300w, https:\/\/www.alab.pl\/centrum-wiedzy\/wp-content\/uploads\/2024\/03\/Posiew-ze-zmian-skornych-tlenowo-jpg-696x174.webp 696w\" sizes=\"auto, (max-width: 800px) 100vw, 800px\" \/><\/a><\/figure>\n\n\n\n<h3 class=\"wp-block-heading\" id=\"Leczenie-\u015bwierzbu\">Leczenie \u015bwierzbu<\/h3>\n\n\n\n<p>W leczeniu \u015bwierzbu stosuje si\u0119 preparaty przeciwpaso\u017cytnicze, a leczeniem z wyboru jest zastosowanie 5% kremu z permetryn\u0105. Lek ten nale\u017cy na\u0142o\u017cy\u0107 na sk\u00f3r\u0119 ca\u0142ego cia\u0142a, z wyj\u0105tkiem twarzy i ow\u0142osionej sk\u00f3ry g\u0142owy. Preparat powinien pozosta\u0107 na sk\u00f3rze przez oko\u0142o 8-14 godzin (najlepiej ca\u0142\u0105 noc), po czym mo\u017cna go zmy\u0107. Tego rodzaju procedur\u0119 nale\u017cy powt\u00f3rzy\u0107 po oko\u0142o 2 tygodniach, cho\u0107 ju\u017c jednorazowa aplikacja permetryny jest w wi\u0119kszo\u015bci przypadk\u00f3w skuteczna. W leczeniu \u015bwierzbu stosuje si\u0119 r\u00f3wnie\u017c ma\u015b\u0107 siarkow\u0105, jednak tego rodzaju terapia jest zdecydowanie bardziej problematyczna &#8211; wymaga nak\u0142adania preparatu na ca\u0142e cia\u0142o przez cztery kolejne doby, po czym mo\u017cna wykona\u0107 k\u0105piel.<\/p>\n\n\n\n<p>Od kilku lat na rynku jest dost\u0119pny r\u00f3wnie\u017c doustna terapia (iwermektyna w formie tabletek). Je\u017celi u pacjenta wyst\u0119puje \u015bwierzb norweski, to mo\u017cliwe jest po\u0142\u0105czenie leczenia zewn\u0119trznego i doustnego, co zwi\u0119ksza istotnie skuteczno\u015b\u0107 terapii.<\/p>\n\n\n\n<p>Nale\u017cy mie\u0107 \u015bwiadomo\u015b\u0107, \u017ce leczeniem obejmuje si\u0119 wszystkich domownik\u00f3w, nawet je\u017celi nie wykazuj\u0105 objaw\u00f3w choroby. Konieczne jest r\u00f3wnie\u017c odpowiednie post\u0119powanie higieniczne. Odzie\u017c, po\u015bciel i r\u0119czniki nale\u017cy wypra\u0107 przynajmniej w temperaturze 60 stopni. Je\u017celi danego materia\u0142u nie mo\u017cna pra\u0107, to konieczne jest jego umieszczenie w szczelnym worku na przynajmniej 72 godziny. \u015awierzbowce gin\u0105 bowiem po tym okresie czasu, je\u015bli nie maj\u0105 kontaktu ze sk\u00f3r\u0105 \u017cywiciela.<\/p>\n\n\n\n<p>\u015awierzb to zaka\u017ana dermatoza, kt\u00f3ra nadal bardzo cz\u0119sto jest przyczyn\u0105 wizyt w gabinetach dermatologicznych. Rozpoznanie choroby stawia si\u0119 zazwyczaj na podstawie obrazu klinicznego i dok\u0142adnie zebranego wywiadu chorobowego. Leczenie polega na stosowaniu specjalnych preparat\u00f3w w postaci krem\u00f3w lub ma\u015bci. Dost\u0119pne jest r\u00f3wnie\u017c doustne leczenie przeciw\u015bwierzbowcowe. Nale\u017cy jednak wyra\u017anie podkre\u015bli\u0107, \u017ce leczenie nie b\u0119dzie skuteczne bez odpowiedniego post\u0119powania higienicznego.<\/p>\n\n\n\n<hr class=\"wp-block-separator has-alpha-channel-opacity\"\/>\n\n\n\n<p><strong>Bibliografia<\/strong><\/p>\n\n\n\n<ol start=\"1\" class=\"wp-block-list\">\n<li>L. Rudnicka i inni, Wsp\u00f3\u0142czesna Dermatologia, Wydawnictwo PZWL, Warszawa 2022,<\/li>\n\n\n\n<li>L. Bolognia i inni, Fourth Edition Dermatologia, Medipage, Warszawa 2022,<\/li>\n\n\n\n<li>J. Maj i inni, Dermatologia w przypadkach, Termedia Wydawnictwo Medyczne, Pozna\u0144 2017.<\/li>\n<\/ol>\n","protected":false},"excerpt":{"rendered":"<p>Jakie s\u0105 najcz\u0119stsze objawy \u015bwierzbu? Jak mo\u017cna zarazi\u0107 si\u0119 \u015bwierzbem i na czym polega leczenie tej przypad\u0142o\u015bci? <\/p>\n","protected":false},"author":165,"featured_media":19969,"comment_status":"closed","ping_status":"closed","sticky":false,"template":"","format":"standard","meta":{"_acf_changed":false,"inline_featured_image":false,"footnotes":""},"categories":[23],"tags":[],"coauthors":[176],"class_list":{"0":"post-19965","1":"post","2":"type-post","3":"status-publish","4":"format-standard","5":"has-post-thumbnail","7":"category-infekcje-i-pasozyty"},"acf":[],"yoast_head":"<!-- This site is optimized with the Yoast SEO plugin v27.5 - https:\/\/yoast.com\/product\/yoast-seo-wordpress\/ -->\n<title>\u015awierzb - objawy, przyczyny, diagnostyka i leczenie zara\u017cenia \u015bwierzbowcem - Centrum Wiedzy ALAB laboratoria<\/title>\n<meta name=\"description\" content=\"Jakie s\u0105 najcz\u0119stsze objawy \u015bwierzbu? Jak mo\u017cna zarazi\u0107 si\u0119 \u015bwierzbem i na czym polega leczenie tej przypad\u0142o\u015bci?\" \/>\n<meta name=\"robots\" content=\"index, follow, max-snippet:-1, max-image-preview:large, max-video-preview:-1\" \/>\n<link rel=\"canonical\" href=\"https:\/\/www.alab.pl\/centrum-wiedzy\/swierzb-objawy-przyczyny-diagnostyka-i-leczenie-zarazenia-swierzbowcem\/\" \/>\n<meta property=\"og:locale\" content=\"pl_PL\" \/>\n<meta property=\"og:type\" content=\"article\" \/>\n<meta property=\"og:title\" content=\"\u015awierzb - objawy, przyczyny, diagnostyka i leczenie zara\u017cenia \u015bwierzbowcem - Centrum Wiedzy ALAB laboratoria\" \/>\n<meta property=\"og:description\" content=\"Jakie s\u0105 najcz\u0119stsze objawy \u015bwierzbu? Jak mo\u017cna zarazi\u0107 si\u0119 \u015bwierzbem i na czym polega leczenie tej przypad\u0142o\u015bci?\" \/>\n<meta property=\"og:url\" content=\"https:\/\/www.alab.pl\/centrum-wiedzy\/swierzb-objawy-przyczyny-diagnostyka-i-leczenie-zarazenia-swierzbowcem\/\" \/>\n<meta property=\"og:site_name\" content=\"Centrum Wiedzy ALAB laboratoria\" \/>\n<meta property=\"article:publisher\" content=\"https:\/\/www.facebook.com\/ALABlaboratoria\" \/>\n<meta property=\"article:published_time\" content=\"2024-12-13T11:03:58+00:00\" \/>\n<meta property=\"article:modified_time\" content=\"2024-12-13T11:04:00+00:00\" \/>\n<meta property=\"og:image\" content=\"https:\/\/www.alab.pl\/centrum-wiedzy\/wp-content\/uploads\/2024\/12\/swierzb.jpg\" \/>\n\t<meta property=\"og:image:width\" content=\"2000\" \/>\n\t<meta property=\"og:image:height\" content=\"1500\" \/>\n\t<meta property=\"og:image:type\" content=\"image\/jpeg\" \/>\n<meta name=\"author\" content=\"Katarzyna Banaszczyk\" \/>\n<meta name=\"twitter:card\" content=\"summary_large_image\" \/>\n<meta name=\"twitter:label1\" content=\"Napisane przez\" \/>\n\t<meta name=\"twitter:data1\" content=\"Katarzyna Banaszczyk\" \/>\n\t<meta name=\"twitter:label2\" content=\"Szacowany czas czytania\" \/>\n\t<meta name=\"twitter:data2\" content=\"7 minut\" \/>\n\t<meta name=\"twitter:label3\" content=\"Written by\" \/>\n\t<meta name=\"twitter:data3\" content=\"Katarzyna Banaszczyk\" \/>\n<!-- \/ Yoast SEO plugin. -->","yoast_head_json":{"title":"\u015awierzb - objawy, przyczyny, diagnostyka i leczenie zara\u017cenia \u015bwierzbowcem - Centrum Wiedzy ALAB laboratoria","description":"Jakie s\u0105 najcz\u0119stsze objawy \u015bwierzbu? Jak mo\u017cna zarazi\u0107 si\u0119 \u015bwierzbem i na czym polega leczenie tej przypad\u0142o\u015bci?","robots":{"index":"index","follow":"follow","max-snippet":"max-snippet:-1","max-image-preview":"max-image-preview:large","max-video-preview":"max-video-preview:-1"},"canonical":"https:\/\/www.alab.pl\/centrum-wiedzy\/swierzb-objawy-przyczyny-diagnostyka-i-leczenie-zarazenia-swierzbowcem\/","og_locale":"pl_PL","og_type":"article","og_title":"\u015awierzb - objawy, przyczyny, diagnostyka i leczenie zara\u017cenia \u015bwierzbowcem - Centrum Wiedzy ALAB laboratoria","og_description":"Jakie s\u0105 najcz\u0119stsze objawy \u015bwierzbu? Jak mo\u017cna zarazi\u0107 si\u0119 \u015bwierzbem i na czym polega leczenie tej przypad\u0142o\u015bci?","og_url":"https:\/\/www.alab.pl\/centrum-wiedzy\/swierzb-objawy-przyczyny-diagnostyka-i-leczenie-zarazenia-swierzbowcem\/","og_site_name":"Centrum Wiedzy ALAB laboratoria","article_publisher":"https:\/\/www.facebook.com\/ALABlaboratoria","article_published_time":"2024-12-13T11:03:58+00:00","article_modified_time":"2024-12-13T11:04:00+00:00","og_image":[{"width":2000,"height":1500,"url":"https:\/\/www.alab.pl\/centrum-wiedzy\/wp-content\/uploads\/2024\/12\/swierzb.jpg","type":"image\/jpeg"}],"author":"Katarzyna Banaszczyk","twitter_card":"summary_large_image","twitter_misc":{"Napisane przez":"Katarzyna Banaszczyk","Szacowany czas czytania":"7 minut","Written by":"Katarzyna Banaszczyk"},"schema":{"@context":"https:\/\/schema.org","@graph":[{"@type":"Article","@id":"https:\/\/www.alab.pl\/centrum-wiedzy\/swierzb-objawy-przyczyny-diagnostyka-i-leczenie-zarazenia-swierzbowcem\/#article","isPartOf":{"@id":"https:\/\/www.alab.pl\/centrum-wiedzy\/swierzb-objawy-przyczyny-diagnostyka-i-leczenie-zarazenia-swierzbowcem\/"},"author":{"name":"Katarzyna Banaszczyk","@id":"https:\/\/www.alab.pl\/centrum-wiedzy\/#\/schema\/person\/308fb46be1959418e2e115e61c335941"},"headline":"\u015awierzb &#8211; objawy, przyczyny, diagnostyka i leczenie zara\u017cenia \u015bwierzbowcem","datePublished":"2024-12-13T11:03:58+00:00","dateModified":"2024-12-13T11:04:00+00:00","mainEntityOfPage":{"@id":"https:\/\/www.alab.pl\/centrum-wiedzy\/swierzb-objawy-przyczyny-diagnostyka-i-leczenie-zarazenia-swierzbowcem\/"},"wordCount":1277,"publisher":{"@id":"https:\/\/www.alab.pl\/centrum-wiedzy\/#organization"},"image":{"@id":"https:\/\/www.alab.pl\/centrum-wiedzy\/swierzb-objawy-przyczyny-diagnostyka-i-leczenie-zarazenia-swierzbowcem\/#primaryimage"},"thumbnailUrl":"https:\/\/www.alab.pl\/centrum-wiedzy\/wp-content\/uploads\/2024\/12\/swierzb.jpg","articleSection":["Infekcje i paso\u017cyty"],"inLanguage":"pl-PL"},{"@type":"WebPage","@id":"https:\/\/www.alab.pl\/centrum-wiedzy\/swierzb-objawy-przyczyny-diagnostyka-i-leczenie-zarazenia-swierzbowcem\/","url":"https:\/\/www.alab.pl\/centrum-wiedzy\/swierzb-objawy-przyczyny-diagnostyka-i-leczenie-zarazenia-swierzbowcem\/","name":"\u015awierzb - objawy, przyczyny, diagnostyka i leczenie zara\u017cenia \u015bwierzbowcem - Centrum Wiedzy ALAB laboratoria","isPartOf":{"@id":"https:\/\/www.alab.pl\/centrum-wiedzy\/#website"},"primaryImageOfPage":{"@id":"https:\/\/www.alab.pl\/centrum-wiedzy\/swierzb-objawy-przyczyny-diagnostyka-i-leczenie-zarazenia-swierzbowcem\/#primaryimage"},"image":{"@id":"https:\/\/www.alab.pl\/centrum-wiedzy\/swierzb-objawy-przyczyny-diagnostyka-i-leczenie-zarazenia-swierzbowcem\/#primaryimage"},"thumbnailUrl":"https:\/\/www.alab.pl\/centrum-wiedzy\/wp-content\/uploads\/2024\/12\/swierzb.jpg","datePublished":"2024-12-13T11:03:58+00:00","dateModified":"2024-12-13T11:04:00+00:00","description":"Jakie s\u0105 najcz\u0119stsze objawy \u015bwierzbu? Jak mo\u017cna zarazi\u0107 si\u0119 \u015bwierzbem i na czym polega leczenie tej przypad\u0142o\u015bci?","breadcrumb":{"@id":"https:\/\/www.alab.pl\/centrum-wiedzy\/swierzb-objawy-przyczyny-diagnostyka-i-leczenie-zarazenia-swierzbowcem\/#breadcrumb"},"inLanguage":"pl-PL","potentialAction":[{"@type":"ReadAction","target":["https:\/\/www.alab.pl\/centrum-wiedzy\/swierzb-objawy-przyczyny-diagnostyka-i-leczenie-zarazenia-swierzbowcem\/"]}]},{"@type":"ImageObject","inLanguage":"pl-PL","@id":"https:\/\/www.alab.pl\/centrum-wiedzy\/swierzb-objawy-przyczyny-diagnostyka-i-leczenie-zarazenia-swierzbowcem\/#primaryimage","url":"https:\/\/www.alab.pl\/centrum-wiedzy\/wp-content\/uploads\/2024\/12\/swierzb.jpg","contentUrl":"https:\/\/www.alab.pl\/centrum-wiedzy\/wp-content\/uploads\/2024\/12\/swierzb.jpg","width":2000,"height":1500,"caption":"\u015bwierzb"},{"@type":"BreadcrumbList","@id":"https:\/\/www.alab.pl\/centrum-wiedzy\/swierzb-objawy-przyczyny-diagnostyka-i-leczenie-zarazenia-swierzbowcem\/#breadcrumb","itemListElement":[{"@type":"ListItem","position":1,"name":"Strona g\u0142\u00f3wna","item":"https:\/\/www.alab.pl\/centrum-wiedzy\/"},{"@type":"ListItem","position":2,"name":"\u015awierzb &#8211; objawy, przyczyny, diagnostyka i leczenie zara\u017cenia \u015bwierzbowcem"}]},{"@type":"WebSite","@id":"https:\/\/www.alab.pl\/centrum-wiedzy\/#website","url":"https:\/\/www.alab.pl\/centrum-wiedzy\/","name":"Centrum Wiedzy ALAB laboratoria","description":"","publisher":{"@id":"https:\/\/www.alab.pl\/centrum-wiedzy\/#organization"},"potentialAction":[{"@type":"SearchAction","target":{"@type":"EntryPoint","urlTemplate":"https:\/\/www.alab.pl\/centrum-wiedzy\/?s={search_term_string}"},"query-input":{"@type":"PropertyValueSpecification","valueRequired":true,"valueName":"search_term_string"}}],"inLanguage":"pl-PL"},{"@type":"Organization","@id":"https:\/\/www.alab.pl\/centrum-wiedzy\/#organization","name":"Centrum Wiedzy ALAB laboratoria","url":"https:\/\/www.alab.pl\/centrum-wiedzy\/","logo":{"@type":"ImageObject","inLanguage":"pl-PL","@id":"https:\/\/www.alab.pl\/centrum-wiedzy\/#\/schema\/logo\/image\/","url":"https:\/\/www.alab.pl\/centrum-wiedzy\/wp-content\/uploads\/2022\/04\/alabek.jpg","contentUrl":"https:\/\/www.alab.pl\/centrum-wiedzy\/wp-content\/uploads\/2022\/04\/alabek.jpg","width":1250,"height":1251,"caption":"Centrum Wiedzy ALAB laboratoria"},"image":{"@id":"https:\/\/www.alab.pl\/centrum-wiedzy\/#\/schema\/logo\/image\/"},"sameAs":["https:\/\/www.facebook.com\/ALABlaboratoria"]},{"@type":"Person","@id":"https:\/\/www.alab.pl\/centrum-wiedzy\/#\/schema\/person\/308fb46be1959418e2e115e61c335941","name":"Katarzyna Banaszczyk","image":{"@type":"ImageObject","inLanguage":"pl-PL","@id":"https:\/\/www.alab.pl\/centrum-wiedzy\/wp-content\/uploads\/2024\/12\/Katarzyna-Banaszczyk-150x150.jpgdd037207674aeb9b7e97c9616a0cf536","url":"https:\/\/www.alab.pl\/centrum-wiedzy\/wp-content\/uploads\/2024\/12\/Katarzyna-Banaszczyk-150x150.jpg","contentUrl":"https:\/\/www.alab.pl\/centrum-wiedzy\/wp-content\/uploads\/2024\/12\/Katarzyna-Banaszczyk-150x150.jpg","caption":"Katarzyna Banaszczyk"},"description":"Lekarka w trakcie specjalizacji z dermatologii i wenerologii. Absolwentka Collegium Medicum UMK im. Ludwika Rydygiera w Bydgoszczy. Wyk\u0142adowca akademicki Collegium Medicum im. W\u0142adys\u0142awa Biega\u0144skiego w Cz\u0119stochowie.","url":"https:\/\/www.alab.pl\/centrum-wiedzy\/author\/katarzyna-banaszczyk\/"}]}},"_links":{"self":[{"href":"https:\/\/www.alab.pl\/centrum-wiedzy\/wp-json\/wp\/v2\/posts\/19965","targetHints":{"allow":["GET"]}}],"collection":[{"href":"https:\/\/www.alab.pl\/centrum-wiedzy\/wp-json\/wp\/v2\/posts"}],"about":[{"href":"https:\/\/www.alab.pl\/centrum-wiedzy\/wp-json\/wp\/v2\/types\/post"}],"author":[{"embeddable":true,"href":"https:\/\/www.alab.pl\/centrum-wiedzy\/wp-json\/wp\/v2\/users\/165"}],"replies":[{"embeddable":true,"href":"https:\/\/www.alab.pl\/centrum-wiedzy\/wp-json\/wp\/v2\/comments?post=19965"}],"version-history":[{"count":4,"href":"https:\/\/www.alab.pl\/centrum-wiedzy\/wp-json\/wp\/v2\/posts\/19965\/revisions"}],"predecessor-version":[{"id":19970,"href":"https:\/\/www.alab.pl\/centrum-wiedzy\/wp-json\/wp\/v2\/posts\/19965\/revisions\/19970"}],"wp:featuredmedia":[{"embeddable":true,"href":"https:\/\/www.alab.pl\/centrum-wiedzy\/wp-json\/wp\/v2\/media\/19969"}],"wp:attachment":[{"href":"https:\/\/www.alab.pl\/centrum-wiedzy\/wp-json\/wp\/v2\/media?parent=19965"}],"wp:term":[{"taxonomy":"category","embeddable":true,"href":"https:\/\/www.alab.pl\/centrum-wiedzy\/wp-json\/wp\/v2\/categories?post=19965"},{"taxonomy":"post_tag","embeddable":true,"href":"https:\/\/www.alab.pl\/centrum-wiedzy\/wp-json\/wp\/v2\/tags?post=19965"},{"taxonomy":"author","embeddable":true,"href":"https:\/\/www.alab.pl\/centrum-wiedzy\/wp-json\/wp\/v2\/coauthors?post=19965"}],"curies":[{"name":"wp","href":"https:\/\/api.w.org\/{rel}","templated":true}]}}