{"id":19997,"date":"2024-12-16T09:47:06","date_gmt":"2024-12-16T08:47:06","guid":{"rendered":"https:\/\/www.alab.pl\/centrum-wiedzy\/?p=19997"},"modified":"2024-12-16T09:47:08","modified_gmt":"2024-12-16T08:47:08","slug":"wysypka-u-dzieci-mozliwe-przyczyny-diagnostyka-i-leczenie","status":"publish","type":"post","link":"https:\/\/www.alab.pl\/centrum-wiedzy\/wysypka-u-dzieci-mozliwe-przyczyny-diagnostyka-i-leczenie\/","title":{"rendered":"Wysypka u dzieci \u2013 mo\u017cliwe przyczyny, diagnostyka i leczenie"},"content":{"rendered":"\n<p><strong>Zmiany sk\u00f3rne u dzieci, takie jak wysypki, s\u0105 jednym z najcz\u0119stszych powod\u00f3w wizyt u pediatr\u00f3w i dermatolog\u00f3w. Nag\u0142e pojawienie si\u0119 plam, grudek, p\u0119cherzyk\u00f3w czy zaczerwienie\u0144 budzi niepok\u00f3j rodzic\u00f3w. Cho\u0107 w wi\u0119kszo\u015bci przypadk\u00f3w wysypki s\u0105 wynikiem \u0142agodnych, samoograniczaj\u0105cych si\u0119 proces\u00f3w, takich jak infekcje wirusowe czy reakcje alergiczne, w niekt\u00f3rych sytuacjach mog\u0105 wskazywa\u0107 na gro\u017ane stany wymagaj\u0105ce pilnej interwencji medycznej. W artykule om\u00f3wimy najcz\u0119stsze przyczyny wysypek u dzieci, ich charakterystyczne cechy, potencjalne zagro\u017cenia oraz mo\u017cliwo\u015bci leczenia.<\/strong><\/p>\n\n\n\n<p>Spis tre\u015bci:<\/p>\n\n\n\n<ol class=\"wp-block-list\">\n<li><a href=\"#Wysypka-u-dziecka:-czym-jest?\">Wysypka u dziecka: czym jest?<\/a><\/li>\n\n\n\n<li><a href=\"#Przyczyny-powstawania-wysypek-u-dzieci\">Przyczyny powstawania wysypek u dzieci<\/a>\n<ul class=\"wp-block-list\">\n<li><a href=\"#Infekcje-wirusowe-i-bakteryjne\">Infekcje wirusowe i bakteryjne<\/a><\/li>\n\n\n\n<li><a href=\"#Reakcje-alergiczne\">Reakcje alergiczne<\/a><\/li>\n\n\n\n<li><a href=\"#Choroby-autoimmunologiczne\">Choroby autoimmunologiczne<\/a><\/li>\n\n\n\n<li><a href=\"#Czynniki-\u015brodowiskowe-i-podra\u017cnienia\">Czynniki \u015brodowiskowe i podra\u017cnienia<\/a><\/li>\n\n\n\n<li><a href=\"#Inne-przyczyny\">Inne przyczyny<\/a><\/li>\n<\/ul>\n<\/li>\n\n\n\n<li><a href=\"#Rodzaje-wysypek-u-dzieci-na-d\u0142oniach,-twarzy-i-ciele\">Rodzaje wysypek u dzieci na d\u0142oniach, twarzy i ciele<\/a>\n<ul class=\"wp-block-list\">\n<li><a href=\"#Wysypki-na-d\u0142oniach\">Wysypki na d\u0142oniach<\/a><\/li>\n\n\n\n<li><a href=\"#Wysypki-na-twarzy\">Wysypki na twarzy<\/a><\/li>\n\n\n\n<li><a href=\"#Wysypki-na-ciele\">Wysypki na ciele<\/a><\/li>\n<\/ul>\n<\/li>\n\n\n\n<li><a href=\"#Jakie-objawy-przy-wysypce-u-dziecka-powinny-wzbudzi\u0107-szczeg\u00f3ln\u0105-czujno\u015b\u0107?\">Jakie objawy przy wysypce u dziecka powinny wzbudzi\u0107 szczeg\u00f3ln\u0105 czujno\u015b\u0107?<\/a><\/li>\n\n\n\n<li><a href=\"#Czerwona,-alergiczna-lub-sw\u0119dz\u0105ca-wysypka-u-dzieci:-leczenie\">Czerwona, alergiczna lub sw\u0119dz\u0105ca wysypka u dzieci: leczenie<\/a><\/li>\n<\/ol>\n\n\n\n<h2 class=\"wp-block-heading\" id=\"Wysypka-u-dziecka:-czym-jest?\">Wysypka u dziecka: czym jest?<\/h2>\n\n\n\n<p>Wysypka <strong>nie jest chorob\u0105 sam\u0105 w sobie, lecz objawem<\/strong>, kt\u00f3ry mo\u017ce mie\u0107 r\u00f3\u017cnorodne przyczyny. Sam termin okre\u015bla r\u00f3\u017cnorodne zmiany na sk\u00f3rze, kt\u00f3re mog\u0105 obejmowa\u0107 zaczerwienienie, grudki, krostki, p\u0119cherzyki, \u0142uszczenie lub obrz\u0119k. Mo\u017ce ona pojawi\u0107 si\u0119 lokalnie na okre\u015blonym obszarze sk\u00f3ry lub rozprzestrzenia\u0107 na ca\u0142e cia\u0142o. Wysypki s\u0105 cz\u0119sto reakcj\u0105 sk\u00f3ry na bod\u017ace zewn\u0119trzne, takie jak <a href=\"https:\/\/www.alab.pl\/centrum-wiedzy\/caloroczne-objawy-alergii-przewodnik-po-alergenach-w-twoim-domu\/\">alergeny<\/a> czy <a href=\"https:\/\/www.alab.pl\/centrum-wiedzy\/infekcja\/\">infekcje<\/a>, ale mog\u0105 by\u0107 tak\u017ce objawem chor\u00f3b wewn\u0119trznych.<\/p>\n\n\n\n<figure class=\"wp-block-image size-full\"><a href=\"https:\/\/www.alab.pl\/pakiet\/pakiet-alergiczny-pokarmowy\"><img loading=\"lazy\" decoding=\"async\" width=\"800\" height=\"200\" src=\"https:\/\/www.alab.pl\/centrum-wiedzy\/wp-content\/uploads\/2024\/12\/Pakiet-alergiczny-pokarmowy.jpg\" alt=\"Pakiet alergiczny pokarmowy\" class=\"wp-image-19906\" srcset=\"https:\/\/www.alab.pl\/centrum-wiedzy\/wp-content\/uploads\/2024\/12\/Pakiet-alergiczny-pokarmowy.jpg 800w, https:\/\/www.alab.pl\/centrum-wiedzy\/wp-content\/uploads\/2024\/12\/Pakiet-alergiczny-pokarmowy-768x192.jpg 768w, https:\/\/www.alab.pl\/centrum-wiedzy\/wp-content\/uploads\/2024\/12\/Pakiet-alergiczny-pokarmowy-150x38.jpg 150w, https:\/\/www.alab.pl\/centrum-wiedzy\/wp-content\/uploads\/2024\/12\/Pakiet-alergiczny-pokarmowy-300x75.jpg 300w, https:\/\/www.alab.pl\/centrum-wiedzy\/wp-content\/uploads\/2024\/12\/Pakiet-alergiczny-pokarmowy-696x174.jpg 696w\" sizes=\"auto, (max-width: 800px) 100vw, 800px\" \/><\/a><\/figure>\n\n\n\n<h2 class=\"wp-block-heading\" id=\"Przyczyny-powstawania-wysypek-u-dzieci\">Przyczyny powstawania wysypek u dzieci<\/h2>\n\n\n\n<p>W\u015br\u00f3d najcz\u0119stszych przyczyn wysypek u dzieci wyr\u00f3\u017cni\u0107 mo\u017cna:<\/p>\n\n\n\n<h3 class=\"wp-block-heading\" id=\"Infekcje-wirusowe-i-bakteryjne\">Infekcje wirusowe i bakteryjne<\/h3>\n\n\n\n<p>Wiele wysypek u dzieci wynika z infekcji. Choroby wirusowe, takie jak <a href=\"https:\/\/www.alab.pl\/centrum-wiedzy\/odra-czy-grozi-nam-powrot-zapomnianej-choroby\/\">odra<\/a>, <a href=\"https:\/\/www.alab.pl\/centrum-wiedzy\/rozyczka-objawy-leczenie-profilaktyka\/\">r\u00f3\u017cyczka<\/a>, <a href=\"https:\/\/www.alab.pl\/centrum-wiedzy\/ospa-wietrzna\/\">ospa wietrzna<\/a> czy <a href=\"https:\/\/www.alab.pl\/centrum-wiedzy\/rumien-zakazny-piata-choroba-choroba-wysypkowa-u-dzieci\/\">rumie\u0144 zaka\u017any<\/a>, s\u0105 szczeg\u00f3lnie powszechne. <strong>Wysypki wirusowe charakteryzuj\u0105 si\u0119 zwykle symetrycznym rozmieszczeniem<\/strong> i towarzysz\u0105 im objawy, takie jak gor\u0105czka, b\u00f3l gard\u0142a czy <a href=\"https:\/\/www.alab.pl\/centrum-wiedzy\/powiekszone-wezly-chlonne-limfadenopatia-przyczyny-diagnostyka\/\">powi\u0119kszone w\u0119z\u0142y ch\u0142onne<\/a>. Infekcje bakteryjne, np. <a href=\"https:\/\/www.alab.pl\/centrum-wiedzy\/liszajec-zakazny-u-dzieci-i-doroslych-objawy-diagnostyka-leczenie\/\">liszajec zaka\u017any<\/a>, powoduj\u0105 zmiany sk\u00f3rne o charakterze p\u0119cherzy i strup\u00f3w, szczeg\u00f3lnie na twarzy.<\/p>\n\n\n\n<h3 class=\"wp-block-heading\" id=\"Reakcje-alergiczne\">Reakcje alergiczne<\/h3>\n\n\n\n<p>Alergeny, takie jak pokarmy (np. <a href=\"https:\/\/www.alab.pl\/centrum-wiedzy\/diagnostyka-alergii-na-mleko-i-jajko\/\">mleko<\/a>, orzeszki ziemne), leki czy substancje chemiczne, mog\u0105 powodowa\u0107 wysypki alergiczne. <a href=\"https:\/\/www.alab.pl\/centrum-wiedzy\/pokrzywka-u-dziecka-jak-ja-rozpoznac-i-leczyc\/\">Pokrzywka<\/a> to przyk\u0142ad szybkiej reakcji alergicznej, objawiaj\u0105cej si\u0119 sw\u0119dz\u0105cymi, czerwonymi b\u0105blami. Kontaktowe zapalenie sk\u00f3ry rozwija si\u0119 wolniej, po bezpo\u015brednim kontakcie sk\u00f3ry z alergenem.<\/p>\n\n\n\n<h3 class=\"wp-block-heading\" id=\"Choroby-autoimmunologiczne\">Choroby autoimmunologiczne<\/h3>\n\n\n\n<p>Chocia\u017c rzadkie, <a href=\"https:\/\/www.alab.pl\/centrum-wiedzy\/choroby-autoimmunologiczne-czym-sa-objawy-diagnostyka-i-leczenie\/\">choroby autoimmunologiczne<\/a>, takie jak tocze\u0144 rumieniowaty uk\u0142adowy czy m\u0142odzie\u0144cze idiopatyczne zapalenie staw\u00f3w, mog\u0105 manifestowa\u0107 si\u0119 wysypkami. Zmiany te cz\u0119sto wymagaj\u0105 specjalistycznej diagnostyki i leczenia.<\/p>\n\n\n\n<h3 class=\"wp-block-heading\" id=\"Czynniki-\u015brodowiskowe-i-podra\u017cnienia\">Czynniki \u015brodowiskowe i podra\u017cnienia<\/h3>\n\n\n\n<p>Podra\u017cnienia mechaniczne (np. od pieluch) lub chemiczne (np. od detergent\u00f3w) mog\u0105 prowadzi\u0107 do kontaktowego zapalenia sk\u00f3ry. Wysypki te maj\u0105 ograniczon\u0105 lokalizacj\u0119 i cz\u0119sto s\u0105 \u0142atwe do zidentyfikowania.<\/p>\n\n\n\n<h3 class=\"wp-block-heading\" id=\"Inne-przyczyny\">Inne przyczyny<\/h3>\n\n\n\n<p>Wysypki mog\u0105 r\u00f3wnie\u017c wynika\u0107 z rzadkich przyczyn, takich jak ugryzienia owad\u00f3w, reakcje na leki czy schorzenia metaboliczne (np. <a href=\"https:\/\/www.alab.pl\/centrum-wiedzy\/choroba-kawasaki-objawy-przyczyny-diagnostyka-i-leczenie\/\">choroba Kawasaki<\/a>). W takich przypadkach konieczna jest pog\u0142\u0119biona diagnostyka.<\/p>\n\n\n\n<figure class=\"wp-block-table\"><table class=\"has-fixed-layout\"><tbody><tr><td><strong>Ciekawostka:<\/strong> <br>Czy wiesz, \u017ce intensywny p\u0142acz u niemowl\u0105t i ma\u0142ych dzieci mo\u017ce prowadzi\u0107 do pojawienia si\u0119 charakterystycznej wysypki na twarzy? Jest to tzw. rumie\u0144 od p\u0142aczu, kt\u00f3ry powstaje w wyniku rozszerzenia naczy\u0144 krwiono\u015bnych sk\u00f3ry twarzy. Podczas p\u0142aczu wzrasta ci\u015bnienie krwi, co powoduje przej\u015bciowe zaczerwienienie sk\u00f3ry, szczeg\u00f3lnie na policzkach, czole i wok\u00f3\u0142 oczu.<\/td><\/tr><\/tbody><\/table><\/figure>\n\n\n\n<h2 class=\"wp-block-heading\" id=\"Rodzaje-wysypek-u-dzieci-na-d\u0142oniach,-twarzy-i-ciele\">Rodzaje wysypek u dzieci na d\u0142oniach, twarzy i ciele<\/h2>\n\n\n\n<p>Wysypki u dzieci mog\u0105 przybiera\u0107 r\u00f3\u017cne formy w zale\u017cno\u015bci od przyczyny, lokalizacji i wieku dziecka. Rozpoznanie rodzaju wysypki na d\u0142oniach, twarzy czy ciele jest kluczowe dla postawienia prawid\u0142owej diagnozy i wdro\u017cenia leczenia. Poni\u017cej przedstawiono najcz\u0119\u015bciej spotykane rodzaje wysypek u dzieci w zale\u017cno\u015bci od ich lokalizacji oraz charakterystyczne cechy tych zmian.<\/p>\n\n\n\n<h3 class=\"wp-block-heading\" id=\"Wysypki-na-d\u0142oniach\">Wysypki na d\u0142oniach<\/h3>\n\n\n\n<ol start=\"1\" class=\"wp-block-list\">\n<li><a href=\"https:\/\/www.alab.pl\/centrum-wiedzy\/bostonka\/\"><strong>Bostonka<\/strong><\/a> <strong>(choroba d\u0142oni, st\u00f3p i jamy ustnej, HFMD) \u2013<\/strong> czerwone plamki i p\u0119cherzyki na d\u0142oniach, stopach i wok\u00f3\u0142 ust. Wysypka mo\u017ce by\u0107 bolesna, szczeg\u00f3lnie w jamie ustnej, gdzie tworz\u0105 si\u0119 owrzodzenia. Wywo\u0142ywana jest g\u0142\u00f3wnie dzieci poni\u017cej 10. roku \u017cycia przez wirusy z grupy <em>Coxsackie<\/em>.<\/li>\n\n\n\n<li><strong>Wyprysk kontaktowy \u2013<\/strong> zaczerwienione, sw\u0119dz\u0105ce plamy na d\u0142oniach. Cz\u0119sto wyst\u0119puje w wyniku kontaktu z substancjami dra\u017cni\u0105cymi, takimi jak detergenty, myd\u0142a czy chemikalia.<\/li>\n\n\n\n<li><strong>Zapalenie sk\u00f3ry r\u0105k \u2013<\/strong> suche, \u0142uszcz\u0105ce si\u0119 zmiany, kt\u00f3re mog\u0105 p\u0119ka\u0107 i powodowa\u0107 b\u00f3l. Cz\u0119sto zwi\u0105zane z nadmiernym myciem r\u0105k lub nara\u017ceniem na zimno<\/li>\n<\/ol>\n\n\n\n<h3 class=\"wp-block-heading\" id=\"Wysypki-na-twarzy\">Wysypki na twarzy<\/h3>\n\n\n\n<ol start=\"1\" class=\"wp-block-list\">\n<li><a href=\"https:\/\/www.alab.pl\/centrum-wiedzy\/atopowe-zapalenie-skory-azs\/\"><strong>Atopowe zapalenie sk\u00f3ry<\/strong><\/a><strong> (AZS) \u2013<\/strong> czerwone, sw\u0119dz\u0105ce plamy z sucho\u015bci\u0105 sk\u00f3ry, najcz\u0119\u015bciej na policzkach i wok\u00f3\u0142 ust. Mo\u017ce wyst\u0119powa\u0107 r\u00f3wnie\u017c w zgi\u0119ciach \u0142okci i kolan. Jest to choroba przewlek\u0142a zwi\u0105zana z nadreaktywno\u015bci\u0105 uk\u0142adu odporno\u015bciowego.<\/li>\n\n\n\n<li><strong>Rumie\u0144 zaka\u017any \u2013<\/strong> intensywnie czerwone zmiany na policzkach, przypominaj\u0105ce efekt \u201espoliczkowania\u201d. Wysypka mo\u017ce nast\u0119pnie rozprzestrzeni\u0107 si\u0119 na tu\u0142\u00f3w i ko\u0144czyny. Wywo\u0142ywany jest przez parwowirusa B19.<\/li>\n\n\n\n<li><strong>Tr\u0105dzik niemowl\u0119cy \u2013 <\/strong>ma\u0142e czerwone krostki lub grudki na policzkach i brodzie. Wyst\u0119puje u noworodk\u00f3w i niemowl\u0105t, zwykle ust\u0119puje samoistnie po kilku tygodniach.<\/li>\n\n\n\n<li><strong>Liszajec zaka\u017any \u2013<\/strong> p\u0119cherzyki przekszta\u0142caj\u0105ce si\u0119 w miodowo-\u017c\u00f3\u0142te strupy, g\u0142\u00f3wnie na twarzy, wok\u00f3\u0142 nosa i ust. Przyczyn\u0105 jest infekcja bakteryjna wywo\u0142ana przez <a href=\"https:\/\/www.alab.pl\/centrum-wiedzy\/paciorkowce-czy-te-bakterie-sa-grozne-objawy-zakazenia-diagnostyka-leczenie\/\">paciorkowce<\/a> lub <a href=\"https:\/\/www.alab.pl\/centrum-wiedzy\/gronkowiec-zlocisty-zakazenia-skory\/\">gronkowce<\/a>.<\/li>\n<\/ol>\n\n\n\n<h3 class=\"wp-block-heading\" id=\"Wysypki-na-ciele\">Wysypki na ciele<\/h3>\n\n\n\n<ol start=\"1\" class=\"wp-block-list\">\n<li><strong>Ospa wietrzna \u2013<\/strong> sw\u0119dz\u0105ce p\u0119cherzyki wype\u0142nione p\u0142ynem, kt\u00f3re przekszta\u0142caj\u0105 si\u0119 w strupy. Wysypka rozpoczyna si\u0119 na tu\u0142owiu, a nast\u0119pnie rozprzestrzenia si\u0119 na ko\u0144czyny i twarz. Spowodowana infekcj\u0105 wirusem <em>Varicella zoster<\/em>.<\/li>\n\n\n\n<li><a href=\"https:\/\/www.alab.pl\/centrum-wiedzy\/szkarlatyna-plonica-objawy-powiklania-diagnostyka\/\"><strong>Szkarlatyna<\/strong><\/a><strong> \u2013 <\/strong>drobna, czerwona wysypka, przypominaj\u0105ca papier \u015bcierny, kt\u00f3ra pojawia si\u0119 najpierw na klatce piersiowej i brzuchu, a nast\u0119pnie na reszcie cia\u0142a. Towarzysz\u0105 jej gor\u0105czka i zaczerwieniony j\u0119zyk (tzw. j\u0119zyk malinowy). Wywo\u0142uje j\u0105 infekcja paciorkowcem beta-hemolizuj\u0105cym grupy A.<\/li>\n\n\n\n<li><strong>B\u0105ble pokrzywkowe \u2013<\/strong> sw\u0119dz\u0105ce b\u0105ble o czerwonym zabarwieniu, kt\u00f3re mog\u0105 pojawia\u0107 si\u0119 na ca\u0142ym ciele i szybko zmienia\u0107 swoje po\u0142o\u017cenie. Spowodowane s\u0105 reakcj\u0105 alergiczn\u0105 na pokarmy, leki lub inne alergeny.<\/li>\n\n\n\n<li><strong>Wyprysk pieluszkowy \u2013<\/strong> zaczerwienione, podra\u017cnione zmiany sk\u00f3rne w okolicach krocza, cz\u0119sto z p\u0119cherzykami lub s\u0105czeniem. Wynikaj\u0105 z kontaktu sk\u00f3ry z wilgoci\u0105 i dra\u017cni\u0105cymi substancjami w pieluszce.<\/li>\n\n\n\n<li><strong>Choroba Kawasaki \u2013<\/strong> czerwona, rozproszona wysypka na ciele, kt\u00f3rej mog\u0105 towarzyszy\u0107 zaczerwienione d\u0142onie i stopy, spierzchni\u0119te usta oraz powi\u0119kszone w\u0119z\u0142y ch\u0142onne. Przyczyn\u0105 s\u0105 rzadkie zapalenie naczy\u0144 o nieznanej etiologii, wymagaj\u0105ce natychmiastowej interwencji medycznej.<\/li>\n<\/ol>\n\n\n\n<p><strong>&gt;&gt; To mo\u017ce Ci\u0119 zainteresowa\u0107: <\/strong><a href=\"https:\/\/www.alab.pl\/centrum-wiedzy\/luszczyca-krostkowa-objawy-przyczyny-badania-i-leczenie\/\"><strong>\u0141uszczyca krostkowa \u2013 objawy, przyczyny, badania i leczenie<\/strong><\/a><strong><\/strong><\/p>\n\n\n\n<h2 class=\"wp-block-heading\" id=\"Jakie-objawy-przy-wysypce-u-dziecka-powinny-wzbudzi\u0107-szczeg\u00f3ln\u0105-czujno\u015b\u0107?\">Jakie objawy przy wysypce u dziecka powinny wzbudzi\u0107 szczeg\u00f3ln\u0105 czujno\u015b\u0107?<\/h2>\n\n\n\n<p>Podczas gdy wiele wysypek jest \u0142agodnych, istniej\u0105 objawy, kt\u00f3re wymagaj\u0105 pilnej konsultacji lekarskiej:<\/p>\n\n\n\n<ul class=\"wp-block-list\">\n<li><strong>gor\u0105czka powy\u017cej 39\u00b0C<\/strong> \u2013 mo\u017ce wskazywa\u0107 na infekcj\u0119.<\/li>\n\n\n\n<li><strong>sztywno\u015b\u0107 karku lub trudno\u015bci w oddychaniu<\/strong> \u2013 sugeruj\u0105ca powa\u017cne zaka\u017cenie, takie jak zapalenie opon m\u00f3zgowych,<\/li>\n\n\n\n<li><strong>szybko rozprzestrzeniaj\u0105ca si\u0119 wysypka z krwawieniami<\/strong> \u2013 mo\u017ce by\u0107 objawem <a href=\"https:\/\/www.alab.pl\/centrum-wiedzy\/sepsa-dlaczego-budzi-niepokoj\/\">sepsy<\/a>,<\/li>\n\n\n\n<li><strong>obrz\u0119k warg, j\u0119zyka lub trudno\u015bci w po\u0142ykaniu<\/strong> \u2013 wskazuj\u0105cy na reakcj\u0119 anafilaktyczn\u0105,<\/li>\n\n\n\n<li><strong>brak poprawy mimo leczenia <\/strong>lub<strong> pogorszenie zmian sk\u00f3rnych.<\/strong><\/li>\n<\/ul>\n\n\n\n<p><strong>&gt;&gt; Przeczytaj tak\u017ce: <\/strong><a href=\"https:\/\/www.alab.pl\/centrum-wiedzy\/co-podawac-dziecku-do-jedzenia-gdy-jest-chore\/\"><strong>Co podawa\u0107 dziecku do jedzenia, gdy jest chore?<\/strong><\/a><strong><\/strong><\/p>\n\n\n\n<h2 class=\"wp-block-heading\" id=\"Czerwona,-alergiczna-lub-sw\u0119dz\u0105ca-wysypka-u-dzieci:-leczenie\">Czerwona, alergiczna lub sw\u0119dz\u0105ca wysypka u dzieci: leczenie<\/h2>\n\n\n\n<p>Leczenie wysypki u dzieci zale\u017cy od jej przyczyny, nasilenia objaw\u00f3w oraz towarzysz\u0105cych dolegliwo\u015bci. Istotna jest diagnostyka przyczyny, kt\u00f3ra opiera si\u0119 na dok\u0142adnym wywiadzie medycznym, badaniu sk\u00f3ry i ocenie og\u00f3lnego stanu zdrowia. <strong>Czasem konieczne s\u0105 badania laboratoryjne, takie jak testy alergiczne, badania krwi lub wymazy sk\u00f3rne.<\/strong> W zaawansowanych przypadkach u\u017cywa si\u0119 dermatoskopii.<\/p>\n\n\n\n<p>Leczenie objawowe wysypek obejmuje:<\/p>\n\n\n\n<ul class=\"wp-block-list\">\n<li><strong>wysypka sw\u0119dz\u0105ca<\/strong> \u2013 emolienty, leki przeciwhistaminowe, miejscowe kortykosteroidy oraz ok\u0142ady \u0142agodz\u0105ce,<ul><li><strong>czerwona wysypka o pod\u0142o\u017cu alergicznym<\/strong> \u2013 unikanie potencjalnego alergenu, leki przeciwhistaminowe, doustne kortykosteroidy,<\/li><\/ul><ul><li><strong>wysypka zwi\u0105zana z AZS<\/strong> \u2013 emolienty, miejscowe kortykosteroidy, inhibitory kalcyneuryny, fototerapia w przypadkach opornych na leczenie,<\/li><\/ul>\n<ul class=\"wp-block-list\">\n<li><strong>wysypki infekcyjne<\/strong> \u2013 miejscowe leki przeciwhistaminowe, <a href=\"https:\/\/www.alab.pl\/centrum-wiedzy\/antybiotyk\/\">antybiotykoterapia<\/a> miejscowa oraz doustna.<\/li>\n<\/ul>\n<\/li>\n<\/ul>\n\n\n\n<p>Nale\u017cy pami\u0119ta\u0107, \u017ce ka\u017cde z wy\u017cej wymienionych stan\u00f3w wymaga indywidualnego podej\u015bcia po uprzedniej konsultacji z lekarzem.<\/p>\n\n\n\n<p>Zapobieganie wysypkom obejmuje unikanie znanych alergen\u00f3w, stosowanie \u0142agodnych kosmetyk\u00f3w i regularne nawil\u017canie sk\u00f3ry. W przypadku chor\u00f3b zaka\u017anych <a href=\"https:\/\/www.alab.pl\/centrum-wiedzy\/szczepienie-na-covid-19\/\">szczepienia<\/a> s\u0105 kluczowym elementem ochrony.<\/p>\n\n\n\n<p>Wysypka u dzieci to do\u015b\u0107 powszechny objaw zar\u00f3wno \u0142agodnych jak i powa\u017cnych problem\u00f3w zdrowotnych. W wielu przypadkach wysypki ust\u0119puj\u0105 same, jednak zawsze warto zwr\u00f3ci\u0107 szczeg\u00f3ln\u0105 uwag\u0119 na ich przebieg i zwi\u0105zane z nimi symptomy. W sytuacjach, kt\u00f3re budz\u0105 w\u0105tpliwo\u015bci lub s\u0105 niepokoj\u0105ce, szybka konsultacja z lekarzem pozwala na w\u0142a\u015bciwe zdiagnozowanie i wdro\u017cenie odpowiedniego leczenia.<\/p>\n\n\n\n<hr class=\"wp-block-separator has-alpha-channel-opacity\"\/>\n\n\n\n<p><strong>Bibliografia<\/strong><\/p>\n\n\n\n<ol start=\"1\" class=\"wp-block-list\">\n<li>Allmon A., Deane K., Martin KL. <em>Common Skin Rashes in Children. Am Fam Physician.<\/em> 2015 Aug 1;92(3):211-6. PMID: 26280141.<\/li>\n\n\n\n<li>Daniel SS,, Peterman C,, Awasthi S. <em>Updates on postinfectious skin rashes in pediatric dermatology.<\/em> Curr Opin Pediatr. 2024 Aug 1;36(4):431-435.<\/li>\n\n\n\n<li>https:\/\/www.msdmanuals.com\/professional\/pediatrics\/symptoms-in-infants-and-children\/rash-in-infants-and-young-children (dost\u0119p: 11.12.2024).<\/li>\n\n\n\n<li>Dinulos JG. <em>What&#8217;s new with common, uncommon and rare rashes in childhood.<\/em> Curr Opin Pediatr. 2015 Apr;27(2):261-6.<\/li>\n\n\n\n<li>Rayala BZ., Morrell DS. <em>Common Skin Conditions in Children: Noninfectious Rashes.<\/em> FP Essent. 2017 Feb;453:18-25.<\/li>\n<\/ol>\n","protected":false},"excerpt":{"rendered":"<p>Sprawd\u017a, jakie s\u0105 najcz\u0119stsze przyczyny wysypek u dzieci, ich charakterystyczne cechy, potencjalne zagro\u017cenia oraz mo\u017cliwo\u015bci leczenia.<\/p>\n","protected":false},"author":170,"featured_media":20000,"comment_status":"closed","ping_status":"closed","sticky":false,"template":"","format":"standard","meta":{"_acf_changed":false,"inline_featured_image":false,"footnotes":""},"categories":[30],"tags":[],"coauthors":[172],"class_list":{"0":"post-19997","1":"post","2":"type-post","3":"status-publish","4":"format-standard","5":"has-post-thumbnail","7":"category-zdrowie-dzieci-i-mlodziezy"},"acf":[],"yoast_head":"<!-- This site is optimized with the Yoast SEO plugin v27.5 - https:\/\/yoast.com\/product\/yoast-seo-wordpress\/ -->\n<title>Wysypka u dzieci \u2013 mo\u017cliwe przyczyny, diagnostyka i leczenie - Centrum Wiedzy ALAB laboratoria<\/title>\n<meta name=\"description\" content=\"Sprawd\u017a, jakie s\u0105 najcz\u0119stsze przyczyny wysypek u dzieci, ich charakterystyczne cechy, potencjalne zagro\u017cenia oraz mo\u017cliwo\u015bci leczenia.\" \/>\n<meta name=\"robots\" content=\"index, follow, max-snippet:-1, max-image-preview:large, max-video-preview:-1\" \/>\n<link rel=\"canonical\" href=\"https:\/\/www.alab.pl\/centrum-wiedzy\/wysypka-u-dzieci-mozliwe-przyczyny-diagnostyka-i-leczenie\/\" \/>\n<meta property=\"og:locale\" content=\"pl_PL\" \/>\n<meta property=\"og:type\" content=\"article\" \/>\n<meta property=\"og:title\" content=\"Wysypka u dzieci \u2013 mo\u017cliwe przyczyny, diagnostyka i leczenie - Centrum Wiedzy ALAB laboratoria\" \/>\n<meta property=\"og:description\" content=\"Sprawd\u017a, jakie s\u0105 najcz\u0119stsze przyczyny wysypek u dzieci, ich charakterystyczne cechy, potencjalne zagro\u017cenia oraz mo\u017cliwo\u015bci leczenia.\" \/>\n<meta property=\"og:url\" content=\"https:\/\/www.alab.pl\/centrum-wiedzy\/wysypka-u-dzieci-mozliwe-przyczyny-diagnostyka-i-leczenie\/\" \/>\n<meta property=\"og:site_name\" content=\"Centrum Wiedzy ALAB laboratoria\" \/>\n<meta property=\"article:publisher\" content=\"https:\/\/www.facebook.com\/ALABlaboratoria\" \/>\n<meta property=\"article:published_time\" content=\"2024-12-16T08:47:06+00:00\" \/>\n<meta property=\"article:modified_time\" content=\"2024-12-16T08:47:08+00:00\" \/>\n<meta property=\"og:image\" content=\"https:\/\/www.alab.pl\/centrum-wiedzy\/wp-content\/uploads\/2024\/12\/wysypka_u_dzieci-scaled.jpg\" \/>\n\t<meta property=\"og:image:width\" content=\"2560\" \/>\n\t<meta property=\"og:image:height\" content=\"1535\" \/>\n\t<meta property=\"og:image:type\" content=\"image\/jpeg\" \/>\n<meta name=\"author\" content=\"Kacper Staniszewski\" \/>\n<meta name=\"twitter:card\" content=\"summary_large_image\" \/>\n<meta name=\"twitter:label1\" content=\"Napisane przez\" \/>\n\t<meta name=\"twitter:data1\" content=\"Kacper Staniszewski\" \/>\n\t<meta name=\"twitter:label2\" content=\"Szacowany czas czytania\" \/>\n\t<meta name=\"twitter:data2\" content=\"8 minut\" \/>\n\t<meta name=\"twitter:label3\" content=\"Written by\" \/>\n\t<meta name=\"twitter:data3\" content=\"Kacper Staniszewski\" \/>\n<!-- \/ Yoast SEO plugin. -->","yoast_head_json":{"title":"Wysypka u dzieci \u2013 mo\u017cliwe przyczyny, diagnostyka i leczenie - Centrum Wiedzy ALAB laboratoria","description":"Sprawd\u017a, jakie s\u0105 najcz\u0119stsze przyczyny wysypek u dzieci, ich charakterystyczne cechy, potencjalne zagro\u017cenia oraz mo\u017cliwo\u015bci leczenia.","robots":{"index":"index","follow":"follow","max-snippet":"max-snippet:-1","max-image-preview":"max-image-preview:large","max-video-preview":"max-video-preview:-1"},"canonical":"https:\/\/www.alab.pl\/centrum-wiedzy\/wysypka-u-dzieci-mozliwe-przyczyny-diagnostyka-i-leczenie\/","og_locale":"pl_PL","og_type":"article","og_title":"Wysypka u dzieci \u2013 mo\u017cliwe przyczyny, diagnostyka i leczenie - Centrum Wiedzy ALAB laboratoria","og_description":"Sprawd\u017a, jakie s\u0105 najcz\u0119stsze przyczyny wysypek u dzieci, ich charakterystyczne cechy, potencjalne zagro\u017cenia oraz mo\u017cliwo\u015bci leczenia.","og_url":"https:\/\/www.alab.pl\/centrum-wiedzy\/wysypka-u-dzieci-mozliwe-przyczyny-diagnostyka-i-leczenie\/","og_site_name":"Centrum Wiedzy ALAB laboratoria","article_publisher":"https:\/\/www.facebook.com\/ALABlaboratoria","article_published_time":"2024-12-16T08:47:06+00:00","article_modified_time":"2024-12-16T08:47:08+00:00","og_image":[{"width":2560,"height":1535,"url":"https:\/\/www.alab.pl\/centrum-wiedzy\/wp-content\/uploads\/2024\/12\/wysypka_u_dzieci-scaled.jpg","type":"image\/jpeg"}],"author":"Kacper Staniszewski","twitter_card":"summary_large_image","twitter_misc":{"Napisane przez":"Kacper Staniszewski","Szacowany czas czytania":"8 minut","Written by":"Kacper Staniszewski"},"schema":{"@context":"https:\/\/schema.org","@graph":[{"@type":"Article","@id":"https:\/\/www.alab.pl\/centrum-wiedzy\/wysypka-u-dzieci-mozliwe-przyczyny-diagnostyka-i-leczenie\/#article","isPartOf":{"@id":"https:\/\/www.alab.pl\/centrum-wiedzy\/wysypka-u-dzieci-mozliwe-przyczyny-diagnostyka-i-leczenie\/"},"author":{"name":"Kacper Staniszewski","@id":"https:\/\/www.alab.pl\/centrum-wiedzy\/#\/schema\/person\/2e8901b610242a0ad82808285d04fe65"},"headline":"Wysypka u dzieci \u2013 mo\u017cliwe przyczyny, diagnostyka i leczenie","datePublished":"2024-12-16T08:47:06+00:00","dateModified":"2024-12-16T08:47:08+00:00","mainEntityOfPage":{"@id":"https:\/\/www.alab.pl\/centrum-wiedzy\/wysypka-u-dzieci-mozliwe-przyczyny-diagnostyka-i-leczenie\/"},"wordCount":1546,"publisher":{"@id":"https:\/\/www.alab.pl\/centrum-wiedzy\/#organization"},"image":{"@id":"https:\/\/www.alab.pl\/centrum-wiedzy\/wysypka-u-dzieci-mozliwe-przyczyny-diagnostyka-i-leczenie\/#primaryimage"},"thumbnailUrl":"https:\/\/www.alab.pl\/centrum-wiedzy\/wp-content\/uploads\/2024\/12\/wysypka_u_dzieci-scaled.jpg","articleSection":["Zdrowie dzieci i m\u0142odzie\u017cy"],"inLanguage":"pl-PL"},{"@type":"WebPage","@id":"https:\/\/www.alab.pl\/centrum-wiedzy\/wysypka-u-dzieci-mozliwe-przyczyny-diagnostyka-i-leczenie\/","url":"https:\/\/www.alab.pl\/centrum-wiedzy\/wysypka-u-dzieci-mozliwe-przyczyny-diagnostyka-i-leczenie\/","name":"Wysypka u dzieci \u2013 mo\u017cliwe przyczyny, diagnostyka i leczenie - Centrum Wiedzy ALAB laboratoria","isPartOf":{"@id":"https:\/\/www.alab.pl\/centrum-wiedzy\/#website"},"primaryImageOfPage":{"@id":"https:\/\/www.alab.pl\/centrum-wiedzy\/wysypka-u-dzieci-mozliwe-przyczyny-diagnostyka-i-leczenie\/#primaryimage"},"image":{"@id":"https:\/\/www.alab.pl\/centrum-wiedzy\/wysypka-u-dzieci-mozliwe-przyczyny-diagnostyka-i-leczenie\/#primaryimage"},"thumbnailUrl":"https:\/\/www.alab.pl\/centrum-wiedzy\/wp-content\/uploads\/2024\/12\/wysypka_u_dzieci-scaled.jpg","datePublished":"2024-12-16T08:47:06+00:00","dateModified":"2024-12-16T08:47:08+00:00","description":"Sprawd\u017a, jakie s\u0105 najcz\u0119stsze przyczyny wysypek u dzieci, ich charakterystyczne cechy, potencjalne zagro\u017cenia oraz mo\u017cliwo\u015bci leczenia.","breadcrumb":{"@id":"https:\/\/www.alab.pl\/centrum-wiedzy\/wysypka-u-dzieci-mozliwe-przyczyny-diagnostyka-i-leczenie\/#breadcrumb"},"inLanguage":"pl-PL","potentialAction":[{"@type":"ReadAction","target":["https:\/\/www.alab.pl\/centrum-wiedzy\/wysypka-u-dzieci-mozliwe-przyczyny-diagnostyka-i-leczenie\/"]}]},{"@type":"ImageObject","inLanguage":"pl-PL","@id":"https:\/\/www.alab.pl\/centrum-wiedzy\/wysypka-u-dzieci-mozliwe-przyczyny-diagnostyka-i-leczenie\/#primaryimage","url":"https:\/\/www.alab.pl\/centrum-wiedzy\/wp-content\/uploads\/2024\/12\/wysypka_u_dzieci-scaled.jpg","contentUrl":"https:\/\/www.alab.pl\/centrum-wiedzy\/wp-content\/uploads\/2024\/12\/wysypka_u_dzieci-scaled.jpg","width":2560,"height":1535,"caption":"wysypka u dzieci"},{"@type":"BreadcrumbList","@id":"https:\/\/www.alab.pl\/centrum-wiedzy\/wysypka-u-dzieci-mozliwe-przyczyny-diagnostyka-i-leczenie\/#breadcrumb","itemListElement":[{"@type":"ListItem","position":1,"name":"Strona g\u0142\u00f3wna","item":"https:\/\/www.alab.pl\/centrum-wiedzy\/"},{"@type":"ListItem","position":2,"name":"Wysypka u dzieci \u2013 mo\u017cliwe przyczyny, diagnostyka i leczenie"}]},{"@type":"WebSite","@id":"https:\/\/www.alab.pl\/centrum-wiedzy\/#website","url":"https:\/\/www.alab.pl\/centrum-wiedzy\/","name":"Centrum Wiedzy ALAB laboratoria","description":"","publisher":{"@id":"https:\/\/www.alab.pl\/centrum-wiedzy\/#organization"},"potentialAction":[{"@type":"SearchAction","target":{"@type":"EntryPoint","urlTemplate":"https:\/\/www.alab.pl\/centrum-wiedzy\/?s={search_term_string}"},"query-input":{"@type":"PropertyValueSpecification","valueRequired":true,"valueName":"search_term_string"}}],"inLanguage":"pl-PL"},{"@type":"Organization","@id":"https:\/\/www.alab.pl\/centrum-wiedzy\/#organization","name":"Centrum Wiedzy ALAB laboratoria","url":"https:\/\/www.alab.pl\/centrum-wiedzy\/","logo":{"@type":"ImageObject","inLanguage":"pl-PL","@id":"https:\/\/www.alab.pl\/centrum-wiedzy\/#\/schema\/logo\/image\/","url":"https:\/\/www.alab.pl\/centrum-wiedzy\/wp-content\/uploads\/2022\/04\/alabek.jpg","contentUrl":"https:\/\/www.alab.pl\/centrum-wiedzy\/wp-content\/uploads\/2022\/04\/alabek.jpg","width":1250,"height":1251,"caption":"Centrum Wiedzy ALAB laboratoria"},"image":{"@id":"https:\/\/www.alab.pl\/centrum-wiedzy\/#\/schema\/logo\/image\/"},"sameAs":["https:\/\/www.facebook.com\/ALABlaboratoria"]},{"@type":"Person","@id":"https:\/\/www.alab.pl\/centrum-wiedzy\/#\/schema\/person\/2e8901b610242a0ad82808285d04fe65","name":"Kacper Staniszewski","image":{"@type":"ImageObject","inLanguage":"pl-PL","@id":"https:\/\/www.alab.pl\/centrum-wiedzy\/wp-content\/uploads\/2025\/02\/Kacper-Staniszewski-150x150.jpgc73da3b138f9e7edf0e9feacbca89431","url":"https:\/\/www.alab.pl\/centrum-wiedzy\/wp-content\/uploads\/2025\/02\/Kacper-Staniszewski-150x150.jpg","contentUrl":"https:\/\/www.alab.pl\/centrum-wiedzy\/wp-content\/uploads\/2025\/02\/Kacper-Staniszewski-150x150.jpg","caption":"Kacper Staniszewski"},"description":"Lekarz medycyny estetycznej oraz radiolog w trakcie specjalizacji. Absolwent Collegium Medicum w Bydgoszczy, znany z precyzji, wyj\u0105tkowego zmys\u0142u estetycznego i zaanga\u017cowania w swoj\u0105 prac\u0119. Prywatnie mi\u0142o\u015bnik zwierz\u0105t. Stale podnosi swoje kwalifikacje, uczestnicz\u0105c w licznych szkoleniach i konferencjach, by dostarcza\u0107 swoim pacjentom najnowocze\u015bniejsze rozwi\u0105zania.","url":"https:\/\/www.alab.pl\/centrum-wiedzy\/author\/kacper-staniszewski\/"}]}},"_links":{"self":[{"href":"https:\/\/www.alab.pl\/centrum-wiedzy\/wp-json\/wp\/v2\/posts\/19997","targetHints":{"allow":["GET"]}}],"collection":[{"href":"https:\/\/www.alab.pl\/centrum-wiedzy\/wp-json\/wp\/v2\/posts"}],"about":[{"href":"https:\/\/www.alab.pl\/centrum-wiedzy\/wp-json\/wp\/v2\/types\/post"}],"author":[{"embeddable":true,"href":"https:\/\/www.alab.pl\/centrum-wiedzy\/wp-json\/wp\/v2\/users\/170"}],"replies":[{"embeddable":true,"href":"https:\/\/www.alab.pl\/centrum-wiedzy\/wp-json\/wp\/v2\/comments?post=19997"}],"version-history":[{"count":3,"href":"https:\/\/www.alab.pl\/centrum-wiedzy\/wp-json\/wp\/v2\/posts\/19997\/revisions"}],"predecessor-version":[{"id":20001,"href":"https:\/\/www.alab.pl\/centrum-wiedzy\/wp-json\/wp\/v2\/posts\/19997\/revisions\/20001"}],"wp:featuredmedia":[{"embeddable":true,"href":"https:\/\/www.alab.pl\/centrum-wiedzy\/wp-json\/wp\/v2\/media\/20000"}],"wp:attachment":[{"href":"https:\/\/www.alab.pl\/centrum-wiedzy\/wp-json\/wp\/v2\/media?parent=19997"}],"wp:term":[{"taxonomy":"category","embeddable":true,"href":"https:\/\/www.alab.pl\/centrum-wiedzy\/wp-json\/wp\/v2\/categories?post=19997"},{"taxonomy":"post_tag","embeddable":true,"href":"https:\/\/www.alab.pl\/centrum-wiedzy\/wp-json\/wp\/v2\/tags?post=19997"},{"taxonomy":"author","embeddable":true,"href":"https:\/\/www.alab.pl\/centrum-wiedzy\/wp-json\/wp\/v2\/coauthors?post=19997"}],"curies":[{"name":"wp","href":"https:\/\/api.w.org\/{rel}","templated":true}]}}