{"id":20002,"date":"2024-12-16T10:58:25","date_gmt":"2024-12-16T09:58:25","guid":{"rendered":"https:\/\/www.alab.pl\/centrum-wiedzy\/?p=20002"},"modified":"2025-04-25T09:42:53","modified_gmt":"2025-04-25T07:42:53","slug":"cytokiny-prozapalne-czym-sa-i-jaka-jest-ich-rola-w-organizmie","status":"publish","type":"post","link":"https:\/\/www.alab.pl\/centrum-wiedzy\/cytokiny-prozapalne-czym-sa-i-jaka-jest-ich-rola-w-organizmie\/","title":{"rendered":"Cytokiny prozapalne &#8211; czym s\u0105 i jaka jest ich rola w organizmie?"},"content":{"rendered":"\n<p><strong>Funkcjonowanie organizmu cz\u0142owieka, w tym jego uk\u0142adu odporno\u015bciowego jest regulowane przez wiele substancji chemicznych. Jednymi z nich s\u0105 cytokiny. Co to za substancje i jakie maj\u0105 w\u0142a\u015bciwo\u015bci? Jaka jest rola cytokin w reakcjach zapalnych? Przeczytaj poni\u017cszy artyku\u0142 i dowiedz si\u0119 jak wiele proces\u00f3w w organizmie cz\u0142owieka zale\u017cy od dzia\u0142ania cytokin.<\/strong><\/p>\n\n\n\n<p>Spis tre\u015bci:<\/p>\n\n\n\n<ol class=\"wp-block-list\">\n<li><a href=\"#Co-to-s\u0105-cytokiny-prozapalne?\">Co to s\u0105 cytokiny prozapalne?<\/a><\/li>\n\n\n\n<li><a href=\"#Cytokiny-prozapalne-\u2013-jak\u0105-rol\u0119-pe\u0142ni\u0105-w-organizmie?\">Cytokiny prozapalne \u2013 jak\u0105 rol\u0119 pe\u0142ni\u0105 w organizmie?<\/a><\/li>\n\n\n\n<li><a href=\"#Cytokiny-prozapalne-\u2013-na-czym-polega-badanie?\">Cytokiny prozapalne \u2013 na czym polega badanie?<\/a><\/li>\n\n\n\n<li><a href=\"#Cytokiny-prozapalne-\u2013-jak-interpretowa\u0107-wyniki-badania?\">Cytokiny prozapalne \u2013 jak interpretowa\u0107 wyniki badania?<\/a><\/li>\n\n\n\n<li><a href=\"#Cytokiny-prozapalne-\u2013-jak-obni\u017cy\u0107-ich-poziom?\">Cytokiny prozapalne \u2013 jak obni\u017cy\u0107 ich poziom?<\/a><\/li>\n<\/ol>\n\n\n\n<h2 class=\"wp-block-heading\" id=\"Co-to-s\u0105-cytokiny-prozapalne?\">Co to s\u0105 cytokiny prozapalne?<\/h2>\n\n\n\n<p>Cytokiny to substancje bia\u0142kowe, kt\u00f3re wytwarzane s\u0105 przez r\u00f3\u017cne kom\u00f3rki organizmu cz\u0142owieka. S\u0105 one wydzielane przede wszystkim przez kom\u00f3rki uk\u0142adu odporno\u015bciowego, cho\u0107 nie tylko. Do ich wytwarzania zdolne s\u0105 r\u00f3wnie\u017c keratynocyty, a wi\u0119c kom\u00f3rki, buduj\u0105ce nask\u00f3rek. Cytokiny s\u0105 swego rodzaju <em>hormonami kom\u00f3rkowymi<\/em>. Reguluj\u0105 bowiem funkcjonowanie wielu kom\u00f3rek poprzez \u0142\u0105czenie si\u0119 ze specjalnymi receptorami na ich powierzchni. Cytokiny wp\u0142ywaj\u0105 mi\u0119dzy innymi na namna\u017canie si\u0119 kom\u00f3rek i ich r\u00f3\u017cnicowanie. Substancje te mog\u0105 r\u00f3wnie\u017c stymulowa\u0107 lub hamowa\u0107 wydzielanie przez nie wielu substancji chemicznych.<\/p>\n\n\n\n<h2 class=\"wp-block-heading\" id=\"Cytokiny-prozapalne-\u2013-jak\u0105-rol\u0119-pe\u0142ni\u0105-w-organizmie?\">Cytokiny prozapalne \u2013 jak\u0105 rol\u0119 pe\u0142ni\u0105 w organizmie?<\/h2>\n\n\n\n<p>Cytokiny odgrywaj\u0105 ogromn\u0105 rol\u0119 w odpowiedzi immunologicznej organizmu. Bia\u0142ka te mog\u0105 zar\u00f3wno hamowa\u0107 jak i stymulowa\u0107 reakcje zapalne i odporno\u015bciowe. Ze wzgl\u0119du na ich w\u0142a\u015bciwo\u015bci, cytokiny mo\u017cna podzieli\u0107 na <strong>cytokiny prozapalne<\/strong>, kt\u00f3re stymuluj\u0105 reakcje stanu zapalnego oraz <strong>cytokiny przeciwzapalne<\/strong>, zdolne do hamowania tych\u017ce reakcji. Do najwa\u017cniejszych cytokin prozapalnych zalicza si\u0119 takie cytokiny jak:<\/p>\n\n\n\n<ul class=\"wp-block-list\">\n<li>interleukina-1,<\/li>\n\n\n\n<li>interleukina-6,<\/li>\n\n\n\n<li>interleukina-8,<\/li>\n\n\n\n<li>interleukina-18,<\/li>\n\n\n\n<li>interleukina-22,<\/li>\n\n\n\n<li>interleukina-27,<\/li>\n\n\n\n<li>TNF-alfa i TNF-beta, czyli czynniki martwicy nowotwor\u00f3w.<\/li>\n<\/ul>\n\n\n\n<p>Jakie w\u0142a\u015bciwo\u015bci cytokin prozapalnych sprawiaj\u0105, \u017ce substancje te zdolne s\u0105 do zapocz\u0105tkowywania i stymulowania stanu zapalnego? Nale\u017cy w tym miejscu wymieni\u0107 takie ich cechy jak:<\/p>\n\n\n\n<ul class=\"wp-block-list\">\n<li>stymulowanie produkcji bia\u0142ek ostrej fazy w w\u0105trobie, na przyk\u0142ad bia\u0142ka CRP,<\/li>\n\n\n\n<li>nasilenie produkcji i wydzielania innych cytokin prozapalnych, co powoduje pot\u0119gowanie ich prozapalnego dzia\u0142ania,<\/li>\n\n\n\n<li>pobudzanie uwalniania histaminy przez bazofile (jest to rodzaj bia\u0142ych krwinek),<\/li>\n\n\n\n<li>stymulowanie produkcji i uwalniania przeciwcia\u0142 przez limfocyty B,<\/li>\n\n\n\n<li>aktywowanie kom\u00f3rek uk\u0142adu odporno\u015bciowego, w tym mi\u0119dzy innymi neutrofili i makrofag\u00f3w,<\/li>\n\n\n\n<li>zdolno\u015b\u0107 do regulowania temperatury cia\u0142a, poprzez wp\u0142yw na podwzg\u00f3rze (cytokiny prozapalne zaliczane s\u0105 do <strong>pirogen\u00f3w<\/strong>, a wi\u0119c zwi\u0105zki chemiczne powoduj\u0105ce pojawienie si\u0119 gor\u0105czki),<\/li>\n\n\n\n<li>wp\u0142yw na wytwarzanie moleku\u0142 adhezyjnych w obr\u0119bie \u015br\u00f3db\u0142onka naczyniowego,<\/li>\n\n\n\n<li>wp\u0142yw na r\u00f3\u017cnicowanie si\u0119 limfocyt\u00f3w T i B,<\/li>\n\n\n\n<li>stymulowanie uwalniania ziarnisto\u015bci przez kom\u00f3rki, na przyk\u0142ad przez eozynofile, czyli granulocyty kwasoch\u0142onne,<\/li>\n\n\n\n<li>pobudzania syntezy tlenku azotu przez makrofagi.<\/li>\n<\/ul>\n\n\n\n<p>Wymienione powy\u017cej w\u0142a\u015bciwo\u015bci cytokin prozapalnych to tylko niekt\u00f3re z ich funkcji. Aktualnie badania naukowe skupiaj\u0105 si\u0119 na okre\u015bleniu ich roli w patogenezie wielu schorze\u0144, w tym mi\u0119dzy innymi chor\u00f3b sercowo-naczyniowych, neurologicznych, autoimmunologicznych oraz psychiatrycznych.<\/p>\n\n\n\n<p><strong>&gt;&gt; Przeczytaj tak\u017ce: <a href=\"https:\/\/www.alab.pl\/centrum-wiedzy\/wybrane-wskazniki-stanu-zapalnego\/\">Wybrane wska\u017aniki stanu zapalnego<\/a><\/strong><\/p>\n\n\n\n<h2 class=\"wp-block-heading\" id=\"Cytokiny-prozapalne-\u2013-na-czym-polega-badanie?\">Cytokiny prozapalne \u2013 na czym polega badanie?<\/h2>\n\n\n\n<p>Oznaczenie st\u0119\u017cenia wybranych cytokin zapalnych jest badaniem wykonywanym w pr\u00f3bki krwi \u017cylnej. Badania te nie wymagaj\u0105 od pacjenta specjalnego przygotowania. Nale\u017cy jednak pozosta\u0107 na czczo, a na badanie najlepiej wybra\u0107 si\u0119 w godzinach porannych. Na dob\u0119 przed wykonaniem oznaczenia st\u0119\u017cenia cytokin warto unika\u0107 nadmiernej aktywno\u015bci fizycznej oraz spo\u017cywania alkoholu.&nbsp;<\/p>\n\n\n\n<figure class=\"wp-block-image size-full\"><a href=\"Badanie profil cytokin stanu zapalnego\" target=\"_blank\" rel=\" noreferrer noopener\"><img loading=\"lazy\" decoding=\"async\" width=\"800\" height=\"200\" src=\"https:\/\/www.alab.pl\/centrum-wiedzy\/wp-content\/uploads\/2025\/03\/Badanie-profil-cytokin-stanu-zapalnego.jpg\" alt=\"Badanie profil cytokin stanu zapalnego banerek\" class=\"wp-image-22033\" srcset=\"https:\/\/www.alab.pl\/centrum-wiedzy\/wp-content\/uploads\/2025\/03\/Badanie-profil-cytokin-stanu-zapalnego.jpg 800w, https:\/\/www.alab.pl\/centrum-wiedzy\/wp-content\/uploads\/2025\/03\/Badanie-profil-cytokin-stanu-zapalnego-768x192.jpg 768w, https:\/\/www.alab.pl\/centrum-wiedzy\/wp-content\/uploads\/2025\/03\/Badanie-profil-cytokin-stanu-zapalnego-150x38.jpg 150w, https:\/\/www.alab.pl\/centrum-wiedzy\/wp-content\/uploads\/2025\/03\/Badanie-profil-cytokin-stanu-zapalnego-300x75.jpg 300w, https:\/\/www.alab.pl\/centrum-wiedzy\/wp-content\/uploads\/2025\/03\/Badanie-profil-cytokin-stanu-zapalnego-696x174.jpg 696w\" sizes=\"auto, (max-width: 800px) 100vw, 800px\" \/><\/a><\/figure>\n\n\n\n<h2 class=\"wp-block-heading\" id=\"Cytokiny-prozapalne-\u2013-jak-interpretowa\u0107-wyniki-badania?\">Cytokiny prozapalne \u2013 jak interpretowa\u0107 wyniki badania?<\/h2>\n\n\n\n<p>W jakich sytuacjach klinicznych mo\u017cna spodziewa\u0107 si\u0119 podwy\u017cszonego st\u0119\u017cenia cytokin prozapalnych? Najcz\u0119\u015bciej dzieje si\u0119 tak w przebiegu:<\/p>\n\n\n\n<ul class=\"wp-block-list\">\n<li>miejscowych i og\u00f3lnoustrojowych zaka\u017ce\u0144 (bakteryjnych, wirusowych, grzybiczych), w tym <a href=\"https:\/\/www.alab.pl\/centrum-wiedzy\/sepsa-dlaczego-budzi-niepokoj\/\">sepsy<\/a>,<\/li>\n\n\n\n<li>powa\u017cnych uraz\u00f3w, a tak\u017ce oparze\u0144,<\/li>\n\n\n\n<li>rozleg\u0142ych zabieg\u00f3w operacyjnych,<\/li>\n\n\n\n<li>odrzucania przeszczepu,<\/li>\n\n\n\n<li>ostrego zapalenia trzustki,<\/li>\n\n\n\n<li>zapalenia otrzewnej,<\/li>\n\n\n\n<li>schorze\u0144 autoimmunologicznych, w tym reumatoidalnego zapalenia staw\u00f3w (<a href=\"https:\/\/www.alab.pl\/centrum-wiedzy\/czym-jest-rzs-jak-czesto-wystepuje-kogo-dotyka\/\">RZS<\/a>) i innych chor\u00f3b tkanki \u0142\u0105cznej, a tak\u017ce nieswoistych zapale\u0144 jelit,<\/li>\n\n\n\n<li>nowotwor\u00f3w z\u0142o\u015bliwych, w tym <a href=\"https:\/\/www.alab.pl\/centrum-wiedzy\/rak-jelita-grubego\/\">raka jelita grubego<\/a>, raka sutka, raka trzustki, jak r\u00f3wnie\u017c w przebiegu <a href=\"https:\/\/www.alab.pl\/centrum-wiedzy\/bialaczka-leukemia-rak-krwi-objawy-rodzaje-diagnostyka-i-leczenie\/\">bia\u0142aczek<\/a> i ch\u0142oniak\u00f3w,<\/li>\n\n\n\n<li><a href=\"https:\/\/www.alab.pl\/centrum-wiedzy\/otylosc-i-jej-zapobieganie-profilaktyka-otylosci-pierwotnej-i-wtornej\/\">choroby oty\u0142o\u015bciowej<\/a> &#8211; interleukina-6 mo\u017ce by\u0107 produkowana przez zgromadzone w tkance t\u0142uszczowej markofagi,<\/li>\n\n\n\n<li>niekt\u00f3rych schorze\u0144 neurologicznych, w tym choroby Alzheimera,<\/li>\n\n\n\n<li>osteoporozy,<\/li>\n\n\n\n<li>niekt\u00f3rych rodzaj\u00f3w <a href=\"https:\/\/www.alab.pl\/centrum-wiedzy\/anemia-przyczyny-objawy-i-rodzaje-niedokrwistosci\/\">niedokrwisto\u015bci<\/a>, w tym w niedokrwisto\u015bci zwi\u0105zanej z chorobami przewlek\u0142ymi.<\/li>\n<\/ul>\n\n\n\n<p>Wa\u017cn\u0105 w\u0142a\u015bciwo\u015bci\u0105 cytokin prozapalnych, przede wszystkim interleukiny-6 jest fakt, \u017ce jej st\u0119\u017cenie ro\u015bnie w przebiegu stanu zapalnego szybciej, ni\u017c st\u0119\u017cenie <a href=\"https:\/\/www.alab.pl\/centrum-wiedzy\/crp-jak-interpretowac-wyniki-badania\/\">bia\u0142ka CRP<\/a>. Zjawisko to mo\u017ce by\u0107 wykorzystywane w sytuacjach, gdy niezwykle wa\u017cna jest szybka ocena rozleg\u0142o\u015bci stanu zapalnego &#8211; na przyk\u0142ad w diagnostyce sepsy, wczesnym wykrywaniu zaka\u017cenia pooperacyjnego, czy ocenie ryzyka odrzucenia przeszczepu.<\/p>\n\n\n\n<h2 class=\"wp-block-heading\" id=\"Cytokiny-prozapalne-\u2013-jak-obni\u017cy\u0107-ich-poziom?\">Cytokiny prozapalne \u2013 jak obni\u017cy\u0107 ich poziom?<\/h2>\n\n\n\n<p>Podwy\u017cszone st\u0119\u017cenie cytokin prozapalnych wymaga leczenia stanu, kt\u00f3ry wywo\u0142a\u0142 wzrost ich poziomu. Stan ten wymaga post\u0119powania przyczynowego. W sytuacji, gdy wysoki poziom cytokin prozapalnych wynika z zaostrzenia choroby autoimmunologicznej lub zaka\u017cenia &#8211; konieczne jest w\u0142\u0105czenie odpowiedniego leczenia tego stanu. Warto r\u00f3wnie\u017c dba\u0107 o regularn\u0105 aktywno\u015b\u0107 fizyczn\u0105 oraz zr\u00f3\u017cnicowan\u0105 diet\u0119. Nale\u017cy mie\u0107 \u015bwiadomo\u015b\u0107, \u017ce nadwaga i oty\u0142o\u015b\u0107 zwi\u0105zane s\u0105 z przewlek\u0142ym stanem zapalnym w organizmie, a tym samym ze wzrostem st\u0119\u017cenia cytokin prozapalnych.<\/p>\n\n\n\n<p>Wiedza na temat cytokin prozapalnych i ich roli w patogenezie wielu schorze\u0144 jest szeroko wykorzystywana w dzia\u0142aniach terapeutycznych. Warto tu wspomnie\u0107 o leczeniu biologicznym i substancjach leczniczych, kt\u00f3re dzia\u0142aj\u0105 poprzez blokowanie receptor\u00f3w dla konkretnych interleukin. Dzi\u0119ki temu nie mog\u0105 one wywo\u0142ywa\u0107 charakterystycznych dla nich zjawisk zapalnych. Przyk\u0142adem takiej substancji jest anakinra, kt\u00f3ra jest antagonist\u0105 receptor\u00f3w dla interleukiny-1. Lek ten wykorzystywany jest mi\u0119dzy innymi w terapii reumatoidalnego zapalenia staw\u00f3w.<\/p>\n\n\n\n<p>Cytokiny prozapalne to grupa bia\u0142kowych zwi\u0105zk\u00f3w chemicznych, kt\u00f3re bior\u0105 udzia\u0142 w wielu reakcjach immunologicznych, zachodz\u0105cych w organizmie cz\u0142owieka. Wzrost st\u0119\u017cenia cytokin prozapalnych we krwi mo\u017ce wi\u0105za\u0107 si\u0119 z powa\u017cnymi stanami klinicznymi. Ocena poziomu cytokin prozapalnych jest przydatnym markerem, pozwalaj\u0105cym na szybk\u0105 ocen\u0119 nasilenia stanu zapalnego, co mo\u017ce pozwoli\u0107 na szybsze podj\u0119cie decyzji diagnostyczno-leczniczych i popraw\u0119 rokowania.&nbsp;<\/p>\n\n\n\n<hr class=\"wp-block-separator has-alpha-channel-opacity\"\/>\n\n\n\n<p><strong>Bibliografia<\/strong><\/p>\n\n\n\n<ol start=\"1\" class=\"wp-block-list\">\n<li>E. Kontny i inni, Interleukina 6 \u2013 znaczenie biologiczne i rola w patogenezie reumatoidalnego zapalenia staw\u00f3w, Reumatologia 2009, 47, 1, 24-33,<\/li>\n\n\n\n<li>K. Bryniarski, Immunologia dla student\u00f3w wydzia\u0142\u00f3w medycznych i lekarzy, Wydawnictwo Edra Urban &amp; Partner, Wroc\u0142aw 2017,<\/li>\n\n\n\n<li>M. Wojtaszek i inni, Ocena przydatno\u015bci prognostycznej Il-6 w reakcji zapalnej, Piel\u0119gniarstwo w anestezjologii i intensywnej opiece 2015, 1(1), 31\u201338,<\/li>\n\n\n\n<li>L. Kao i inni, Patogeneza zapalenia sk\u00f3rno-mi\u0119\u015bniowego: rola cytokin i interferonu, Dermatologia po Dyplomie, Tom 2\/Nr 5\/2011,<\/li>\n\n\n\n<li>M. Fengi inni, Detection of Serum Interleukin-6\/10\/18 Levels in Sepsis and Its Clinical Significance, J. Clin. Lab. Anal., 2016; 30: 1037\u20131043.<\/li>\n<\/ol>\n","protected":false},"excerpt":{"rendered":"<p>Co to s\u0105 cytokiny i jaka jest ich rola w reakcjach zapalnych? Dowiedz si\u0119 jak wiele proces\u00f3w w organizmie cz\u0142owieka zale\u017cy od ich dzia\u0142ania.<\/p>\n","protected":false},"author":165,"featured_media":20004,"comment_status":"closed","ping_status":"closed","sticky":false,"template":"","format":"standard","meta":{"_acf_changed":false,"inline_featured_image":false,"footnotes":""},"categories":[23,28],"tags":[],"coauthors":[176],"class_list":{"0":"post-20002","1":"post","2":"type-post","3":"status-publish","4":"format-standard","5":"has-post-thumbnail","7":"category-infekcje-i-pasozyty","8":"category-warto-wiedziec"},"acf":[],"yoast_head":"<!-- This site is optimized with the Yoast SEO plugin v27.5 - https:\/\/yoast.com\/product\/yoast-seo-wordpress\/ -->\n<title>Cytokiny prozapalne - czym s\u0105 i jaka jest ich rola w organizmie? - Centrum Wiedzy ALAB laboratoria<\/title>\n<meta name=\"description\" content=\"Co to s\u0105 cytokiny i jaka jest ich rola w reakcjach zapalnych? Dowiedz si\u0119 jak wiele proces\u00f3w w organizmie cz\u0142owieka zale\u017cy od ich dzia\u0142ania.\" \/>\n<meta name=\"robots\" content=\"index, follow, max-snippet:-1, max-image-preview:large, max-video-preview:-1\" \/>\n<link rel=\"canonical\" href=\"https:\/\/www.alab.pl\/centrum-wiedzy\/cytokiny-prozapalne-czym-sa-i-jaka-jest-ich-rola-w-organizmie\/\" \/>\n<meta property=\"og:locale\" content=\"pl_PL\" \/>\n<meta property=\"og:type\" content=\"article\" \/>\n<meta property=\"og:title\" content=\"Cytokiny prozapalne - czym s\u0105 i jaka jest ich rola w organizmie? - Centrum Wiedzy ALAB laboratoria\" \/>\n<meta property=\"og:description\" content=\"Co to s\u0105 cytokiny i jaka jest ich rola w reakcjach zapalnych? Dowiedz si\u0119 jak wiele proces\u00f3w w organizmie cz\u0142owieka zale\u017cy od ich dzia\u0142ania.\" \/>\n<meta property=\"og:url\" content=\"https:\/\/www.alab.pl\/centrum-wiedzy\/cytokiny-prozapalne-czym-sa-i-jaka-jest-ich-rola-w-organizmie\/\" \/>\n<meta property=\"og:site_name\" content=\"Centrum Wiedzy ALAB laboratoria\" \/>\n<meta property=\"article:publisher\" content=\"https:\/\/www.facebook.com\/ALABlaboratoria\" \/>\n<meta property=\"article:published_time\" content=\"2024-12-16T09:58:25+00:00\" \/>\n<meta property=\"article:modified_time\" content=\"2025-04-25T07:42:53+00:00\" \/>\n<meta property=\"og:image\" content=\"https:\/\/www.alab.pl\/centrum-wiedzy\/wp-content\/uploads\/2024\/12\/cytokiny_prozapalne-scaled.jpg\" \/>\n\t<meta property=\"og:image:width\" content=\"2560\" \/>\n\t<meta property=\"og:image:height\" content=\"1706\" \/>\n\t<meta property=\"og:image:type\" content=\"image\/jpeg\" \/>\n<meta name=\"author\" content=\"Katarzyna Banaszczyk\" \/>\n<meta name=\"twitter:card\" content=\"summary_large_image\" \/>\n<meta name=\"twitter:label1\" content=\"Napisane przez\" \/>\n\t<meta name=\"twitter:data1\" content=\"Katarzyna Banaszczyk\" \/>\n\t<meta name=\"twitter:label2\" content=\"Szacowany czas czytania\" \/>\n\t<meta name=\"twitter:data2\" content=\"7 minut\" \/>\n\t<meta name=\"twitter:label3\" content=\"Written by\" \/>\n\t<meta name=\"twitter:data3\" content=\"Katarzyna Banaszczyk\" \/>\n<!-- \/ Yoast SEO plugin. -->","yoast_head_json":{"title":"Cytokiny prozapalne - czym s\u0105 i jaka jest ich rola w organizmie? - Centrum Wiedzy ALAB laboratoria","description":"Co to s\u0105 cytokiny i jaka jest ich rola w reakcjach zapalnych? Dowiedz si\u0119 jak wiele proces\u00f3w w organizmie cz\u0142owieka zale\u017cy od ich dzia\u0142ania.","robots":{"index":"index","follow":"follow","max-snippet":"max-snippet:-1","max-image-preview":"max-image-preview:large","max-video-preview":"max-video-preview:-1"},"canonical":"https:\/\/www.alab.pl\/centrum-wiedzy\/cytokiny-prozapalne-czym-sa-i-jaka-jest-ich-rola-w-organizmie\/","og_locale":"pl_PL","og_type":"article","og_title":"Cytokiny prozapalne - czym s\u0105 i jaka jest ich rola w organizmie? - Centrum Wiedzy ALAB laboratoria","og_description":"Co to s\u0105 cytokiny i jaka jest ich rola w reakcjach zapalnych? Dowiedz si\u0119 jak wiele proces\u00f3w w organizmie cz\u0142owieka zale\u017cy od ich dzia\u0142ania.","og_url":"https:\/\/www.alab.pl\/centrum-wiedzy\/cytokiny-prozapalne-czym-sa-i-jaka-jest-ich-rola-w-organizmie\/","og_site_name":"Centrum Wiedzy ALAB laboratoria","article_publisher":"https:\/\/www.facebook.com\/ALABlaboratoria","article_published_time":"2024-12-16T09:58:25+00:00","article_modified_time":"2025-04-25T07:42:53+00:00","og_image":[{"width":2560,"height":1706,"url":"https:\/\/www.alab.pl\/centrum-wiedzy\/wp-content\/uploads\/2024\/12\/cytokiny_prozapalne-scaled.jpg","type":"image\/jpeg"}],"author":"Katarzyna Banaszczyk","twitter_card":"summary_large_image","twitter_misc":{"Napisane przez":"Katarzyna Banaszczyk","Szacowany czas czytania":"7 minut","Written by":"Katarzyna Banaszczyk"},"schema":{"@context":"https:\/\/schema.org","@graph":[{"@type":"Article","@id":"https:\/\/www.alab.pl\/centrum-wiedzy\/cytokiny-prozapalne-czym-sa-i-jaka-jest-ich-rola-w-organizmie\/#article","isPartOf":{"@id":"https:\/\/www.alab.pl\/centrum-wiedzy\/cytokiny-prozapalne-czym-sa-i-jaka-jest-ich-rola-w-organizmie\/"},"author":{"name":"Katarzyna Banaszczyk","@id":"https:\/\/www.alab.pl\/centrum-wiedzy\/#\/schema\/person\/308fb46be1959418e2e115e61c335941"},"headline":"Cytokiny prozapalne &#8211; czym s\u0105 i jaka jest ich rola w organizmie?","datePublished":"2024-12-16T09:58:25+00:00","dateModified":"2025-04-25T07:42:53+00:00","mainEntityOfPage":{"@id":"https:\/\/www.alab.pl\/centrum-wiedzy\/cytokiny-prozapalne-czym-sa-i-jaka-jest-ich-rola-w-organizmie\/"},"wordCount":1134,"publisher":{"@id":"https:\/\/www.alab.pl\/centrum-wiedzy\/#organization"},"image":{"@id":"https:\/\/www.alab.pl\/centrum-wiedzy\/cytokiny-prozapalne-czym-sa-i-jaka-jest-ich-rola-w-organizmie\/#primaryimage"},"thumbnailUrl":"https:\/\/www.alab.pl\/centrum-wiedzy\/wp-content\/uploads\/2024\/12\/cytokiny_prozapalne-scaled.jpg","articleSection":["Infekcje i paso\u017cyty","Warto wiedzie\u0107"],"inLanguage":"pl-PL"},{"@type":"WebPage","@id":"https:\/\/www.alab.pl\/centrum-wiedzy\/cytokiny-prozapalne-czym-sa-i-jaka-jest-ich-rola-w-organizmie\/","url":"https:\/\/www.alab.pl\/centrum-wiedzy\/cytokiny-prozapalne-czym-sa-i-jaka-jest-ich-rola-w-organizmie\/","name":"Cytokiny prozapalne - czym s\u0105 i jaka jest ich rola w organizmie? - Centrum Wiedzy ALAB laboratoria","isPartOf":{"@id":"https:\/\/www.alab.pl\/centrum-wiedzy\/#website"},"primaryImageOfPage":{"@id":"https:\/\/www.alab.pl\/centrum-wiedzy\/cytokiny-prozapalne-czym-sa-i-jaka-jest-ich-rola-w-organizmie\/#primaryimage"},"image":{"@id":"https:\/\/www.alab.pl\/centrum-wiedzy\/cytokiny-prozapalne-czym-sa-i-jaka-jest-ich-rola-w-organizmie\/#primaryimage"},"thumbnailUrl":"https:\/\/www.alab.pl\/centrum-wiedzy\/wp-content\/uploads\/2024\/12\/cytokiny_prozapalne-scaled.jpg","datePublished":"2024-12-16T09:58:25+00:00","dateModified":"2025-04-25T07:42:53+00:00","description":"Co to s\u0105 cytokiny i jaka jest ich rola w reakcjach zapalnych? Dowiedz si\u0119 jak wiele proces\u00f3w w organizmie cz\u0142owieka zale\u017cy od ich dzia\u0142ania.","breadcrumb":{"@id":"https:\/\/www.alab.pl\/centrum-wiedzy\/cytokiny-prozapalne-czym-sa-i-jaka-jest-ich-rola-w-organizmie\/#breadcrumb"},"inLanguage":"pl-PL","potentialAction":[{"@type":"ReadAction","target":["https:\/\/www.alab.pl\/centrum-wiedzy\/cytokiny-prozapalne-czym-sa-i-jaka-jest-ich-rola-w-organizmie\/"]}]},{"@type":"ImageObject","inLanguage":"pl-PL","@id":"https:\/\/www.alab.pl\/centrum-wiedzy\/cytokiny-prozapalne-czym-sa-i-jaka-jest-ich-rola-w-organizmie\/#primaryimage","url":"https:\/\/www.alab.pl\/centrum-wiedzy\/wp-content\/uploads\/2024\/12\/cytokiny_prozapalne-scaled.jpg","contentUrl":"https:\/\/www.alab.pl\/centrum-wiedzy\/wp-content\/uploads\/2024\/12\/cytokiny_prozapalne-scaled.jpg","width":2560,"height":1706,"caption":"cytokiny prozapalne"},{"@type":"BreadcrumbList","@id":"https:\/\/www.alab.pl\/centrum-wiedzy\/cytokiny-prozapalne-czym-sa-i-jaka-jest-ich-rola-w-organizmie\/#breadcrumb","itemListElement":[{"@type":"ListItem","position":1,"name":"Strona g\u0142\u00f3wna","item":"https:\/\/www.alab.pl\/centrum-wiedzy\/"},{"@type":"ListItem","position":2,"name":"Cytokiny prozapalne &#8211; czym s\u0105 i jaka jest ich rola w organizmie?"}]},{"@type":"WebSite","@id":"https:\/\/www.alab.pl\/centrum-wiedzy\/#website","url":"https:\/\/www.alab.pl\/centrum-wiedzy\/","name":"Centrum Wiedzy ALAB laboratoria","description":"","publisher":{"@id":"https:\/\/www.alab.pl\/centrum-wiedzy\/#organization"},"potentialAction":[{"@type":"SearchAction","target":{"@type":"EntryPoint","urlTemplate":"https:\/\/www.alab.pl\/centrum-wiedzy\/?s={search_term_string}"},"query-input":{"@type":"PropertyValueSpecification","valueRequired":true,"valueName":"search_term_string"}}],"inLanguage":"pl-PL"},{"@type":"Organization","@id":"https:\/\/www.alab.pl\/centrum-wiedzy\/#organization","name":"Centrum Wiedzy ALAB laboratoria","url":"https:\/\/www.alab.pl\/centrum-wiedzy\/","logo":{"@type":"ImageObject","inLanguage":"pl-PL","@id":"https:\/\/www.alab.pl\/centrum-wiedzy\/#\/schema\/logo\/image\/","url":"https:\/\/www.alab.pl\/centrum-wiedzy\/wp-content\/uploads\/2022\/04\/alabek.jpg","contentUrl":"https:\/\/www.alab.pl\/centrum-wiedzy\/wp-content\/uploads\/2022\/04\/alabek.jpg","width":1250,"height":1251,"caption":"Centrum Wiedzy ALAB laboratoria"},"image":{"@id":"https:\/\/www.alab.pl\/centrum-wiedzy\/#\/schema\/logo\/image\/"},"sameAs":["https:\/\/www.facebook.com\/ALABlaboratoria"]},{"@type":"Person","@id":"https:\/\/www.alab.pl\/centrum-wiedzy\/#\/schema\/person\/308fb46be1959418e2e115e61c335941","name":"Katarzyna Banaszczyk","image":{"@type":"ImageObject","inLanguage":"pl-PL","@id":"https:\/\/www.alab.pl\/centrum-wiedzy\/wp-content\/uploads\/2024\/12\/Katarzyna-Banaszczyk-150x150.jpgdd037207674aeb9b7e97c9616a0cf536","url":"https:\/\/www.alab.pl\/centrum-wiedzy\/wp-content\/uploads\/2024\/12\/Katarzyna-Banaszczyk-150x150.jpg","contentUrl":"https:\/\/www.alab.pl\/centrum-wiedzy\/wp-content\/uploads\/2024\/12\/Katarzyna-Banaszczyk-150x150.jpg","caption":"Katarzyna Banaszczyk"},"description":"Lekarka w trakcie specjalizacji z dermatologii i wenerologii. Absolwentka Collegium Medicum UMK im. Ludwika Rydygiera w Bydgoszczy. Wyk\u0142adowca akademicki Collegium Medicum im. W\u0142adys\u0142awa Biega\u0144skiego w Cz\u0119stochowie.","url":"https:\/\/www.alab.pl\/centrum-wiedzy\/author\/katarzyna-banaszczyk\/"}]}},"_links":{"self":[{"href":"https:\/\/www.alab.pl\/centrum-wiedzy\/wp-json\/wp\/v2\/posts\/20002","targetHints":{"allow":["GET"]}}],"collection":[{"href":"https:\/\/www.alab.pl\/centrum-wiedzy\/wp-json\/wp\/v2\/posts"}],"about":[{"href":"https:\/\/www.alab.pl\/centrum-wiedzy\/wp-json\/wp\/v2\/types\/post"}],"author":[{"embeddable":true,"href":"https:\/\/www.alab.pl\/centrum-wiedzy\/wp-json\/wp\/v2\/users\/165"}],"replies":[{"embeddable":true,"href":"https:\/\/www.alab.pl\/centrum-wiedzy\/wp-json\/wp\/v2\/comments?post=20002"}],"version-history":[{"count":3,"href":"https:\/\/www.alab.pl\/centrum-wiedzy\/wp-json\/wp\/v2\/posts\/20002\/revisions"}],"predecessor-version":[{"id":23249,"href":"https:\/\/www.alab.pl\/centrum-wiedzy\/wp-json\/wp\/v2\/posts\/20002\/revisions\/23249"}],"wp:featuredmedia":[{"embeddable":true,"href":"https:\/\/www.alab.pl\/centrum-wiedzy\/wp-json\/wp\/v2\/media\/20004"}],"wp:attachment":[{"href":"https:\/\/www.alab.pl\/centrum-wiedzy\/wp-json\/wp\/v2\/media?parent=20002"}],"wp:term":[{"taxonomy":"category","embeddable":true,"href":"https:\/\/www.alab.pl\/centrum-wiedzy\/wp-json\/wp\/v2\/categories?post=20002"},{"taxonomy":"post_tag","embeddable":true,"href":"https:\/\/www.alab.pl\/centrum-wiedzy\/wp-json\/wp\/v2\/tags?post=20002"},{"taxonomy":"author","embeddable":true,"href":"https:\/\/www.alab.pl\/centrum-wiedzy\/wp-json\/wp\/v2\/coauthors?post=20002"}],"curies":[{"name":"wp","href":"https:\/\/api.w.org\/{rel}","templated":true}]}}