{"id":20007,"date":"2024-12-16T14:01:26","date_gmt":"2024-12-16T13:01:26","guid":{"rendered":"https:\/\/www.alab.pl\/centrum-wiedzy\/?p=20007"},"modified":"2025-12-05T11:00:01","modified_gmt":"2025-12-05T10:00:01","slug":"utrata-brak-wechu-i-smaku-przyczyny-jak-dlugo-trwa-leczenie","status":"publish","type":"post","link":"https:\/\/www.alab.pl\/centrum-wiedzy\/utrata-brak-wechu-i-smaku-przyczyny-jak-dlugo-trwa-leczenie\/","title":{"rendered":"Utrata (brak) w\u0119chu i smaku \u2013 przyczyny, jak d\u0142ugo trwa, leczenie"},"content":{"rendered":"\n<p><strong>Zmys\u0142y w\u0119chu i smaku odpowiadaj\u0105 nie tylko za przyjemno\u015b\u0107 z jedzenia, ale przede wszystkim ostrzegaj\u0105 przed niebezpiecze\u0144stwami <\/strong>\u2013<strong> m.in. zepsutym jedzeniem czy toksynami. Utrata w\u0119chu i smaku pogarsza jako\u015b\u0107 \u017cycia, a tak\u017ce wzbudza uzasadniony niepok<\/strong><strong>\u00f3<\/strong><strong>j. Objaw ten mo\u017ce wskazywa\u0107 na schorzenia wymagaj\u0105ce szczeg\u00f3\u0142owej diagnostyki i leczenia. Dlatego nigdy nie nale\u017cy go bagatelizowa\u0107. Dowiedz si\u0119, jakie s\u0105 przyczyny utraty w\u0119chu i smaku.<\/strong><strong><\/strong><\/p>\n\n\n\n<p>Spis tre\u015bci:<\/p>\n\n\n\n<ol class=\"wp-block-list\">\n<li><a href=\"#Utrata-w\u0119chu-i-smaku-\u2013-najcz\u0119stsze-przyczyny\">Utrata w\u0119chu i smaku \u2013 najcz\u0119stsze przyczyny<\/a>\n<ul class=\"wp-block-list\">\n<li><a href=\"#Utrata-w\u0119chu-\u2013-przyczyny\">Utrata w\u0119chu \u2013 przyczyny<\/a><\/li>\n\n\n\n<li><a href=\"#Brak-smaku-\u2013-przyczyny\">Brak smaku \u2013 przyczyny<\/a><\/li>\n<\/ul>\n<\/li>\n\n\n\n<li><a href=\"#Utrata-w\u0119chu-i-smaku-\u2013-jak-d\u0142ugo-trwa?\">Utrata w\u0119chu i smaku \u2013 jak d\u0142ugo trwa?<\/a><\/li>\n\n\n\n<li><a href=\"#Brak-w\u0119chu-i-smaku-\u2013-jak-wygl\u0105da-diagnostyka?\">Brak w\u0119chu i smaku \u2013 jak wygl\u0105da diagnostyka?<\/a><\/li>\n\n\n\n<li><a href=\"#Jak-leczy\u0107-utrat\u0119-w\u0119chu-i-smaku?\">Jak leczy\u0107 utrat\u0119 w\u0119chu i smaku?<\/a><\/li>\n<\/ol>\n\n\n\n<h2 class=\"wp-block-heading\" id=\"Utrata-w\u0119chu-i-smaku-\u2013-najcz\u0119stsze-przyczyny\">Utrata w\u0119chu i smaku \u2013 najcz\u0119stsze przyczyny<\/h2>\n\n\n\n<p>Zmys\u0142 w\u0119chu odpowiedzialny jest za <strong>odbieranie wra\u017ce\u0144 zapachowych<\/strong>. Receptory zapachowe s\u0105 zlokalizowane w jamie nosowej \u2013 a dok\u0142adniej w g\u00f3rnym odcinku przegrody nosa i na ko\u0144cu ma\u0142\u017cowiny nosowej g\u00f3rnej. Jest on potrzebny do <strong>ostrzegania o niebezpiecze\u0144stwie, a tak\u017ce bierze udzia\u0142 w odbieraniu bod\u017ac<\/strong><strong>\u00f3<\/strong><strong>w smakowych oraz wydzielaniu \u015bliny i soku \u017co\u0142\u0105dkowego<\/strong>.<\/p>\n\n\n\n<p>Zmys\u0142 smaku <strong>odbiera wra\u017cenia smakowe<\/strong>. Receptorami s\u0105 kubki smakowe obecne na j\u0119zyku, podniebieniu mi\u0119kkim i w g\u00f3rnej cz\u0119\u015bci prze\u0142yku. Reaguj\u0105 one na substancje chemiczne obecne np. w po\u017cywieniu. Zmys\u0142 smaku r\u00f3wnie\u017c <strong>mo\u017ce ostrzega\u0107 przed niebezpiecze\u0144stwem<\/strong> (spo\u017cyciem zepsutego pokarmu), <strong>wp\u0142ywa na wyb<\/strong><strong>\u00f3<\/strong><strong>r \u017cywno\u015bci<\/strong> (preferencje smakowe), <strong>wp\u0142ywa na wydzielanie enzym<\/strong><strong>\u00f3<\/strong><strong>w trawiennych i bierze udzia\u0142 w powstawaniu odruch<\/strong><strong>\u00f3<\/strong><strong>w pokarmowych<\/strong>.<\/p>\n\n\n\n<p><strong>Ca\u0142kowita utrata w\u0119<\/strong><strong>chu to anosmia<\/strong>, a os\u0142abienie powonienia to hiposmia. Natomiast <strong>ca\u0142kowita utrata smaku to ageuzja<\/strong>, a zaburzenie odczuwania smaku to hipogeuzja. Oba stany mog\u0105 mie\u0107 r\u00f3\u017cne przyczyny \u2013 od ca\u0142kowicie niegro\u017anych po powa\u017cne schorzenia.<\/p>\n\n\n\n<h3 class=\"wp-block-heading\" id=\"Utrata-w\u0119chu-\u2013-przyczyny\">Utrata w\u0119chu \u2013 przyczyny<\/h3>\n\n\n\n<p>Przyczyny pogorszenia lub utraty w\u0119chu dzieli si\u0119 na:<\/p>\n\n\n\n<ul class=\"wp-block-list\">\n<li>przewodzeniowe,<\/li>\n\n\n\n<li>odbiorcze,<\/li>\n\n\n\n<li>o\u015brodkowe.<\/li>\n<\/ul>\n\n\n\n<p><strong>Przewodzeniowe przyczyny utraty w\u0119chu s\u0105 zwi\u0105zane z utrudnionym kontaktem substancji zapachowej z receptorem. <\/strong>Najcz\u0119\u015bciej ma to miejsce, gdy przewody nosowe s\u0105 niedro\u017cne \u2013 np. przy <a href=\"https:\/\/www.alab.pl\/centrum-wiedzy\/przewlekly-chroniczny-katar-objawy-przyczyny-leczenie\/\">katarze<\/a>, zapaleniu zatok, alergiach, polipach, skrzywieniu przegrody nosa, wadach rozwojowych czy zmianach pourazowych.<\/p>\n\n\n\n<p><strong>Odbiorcze przyczyny utraty w\u0119chu s\u0105 zwi\u0105zane z uszkodzeniem nab\u0142onka w\u0119chowego.<\/strong> Dochodzi do niego na skutek dzia\u0142ania substancji toksycznych (np. dymu tytoniowego), przewlek\u0142ego nie\u017cytu nosa, uraz\u00f3w, guz\u00f3w nowotworowych.<\/p>\n\n\n\n<p>Natomiast <strong>o\u015brodkowe przyczyny utraty w\u0119chu <\/strong>s\u0105 zwi\u0105zane ze zmianami naczyniowymi, chorobami neurodegeneracyjnymi (<a href=\"https:\/\/www.alab.pl\/centrum-wiedzy\/choroba-alzheimera-wczesne-sygnaly-ostrzegawcze-dla-pacjenta\/\">choroba Alzheimera<\/a>, <a href=\"https:\/\/www.alab.pl\/centrum-wiedzy\/choroba-parkinsona-objawy-przyczyny-i-leczenie\/\">choroba Parkinsona<\/a>, stwardnienie rozsiane), guzami m\u00f3zgu, urazami g\u0142owy, a niekiedy z chorobami genetycznymi (np. zespo\u0142em Kallmanna) i niekt\u00f3rymi infekcjami wirusowymi (np. SARS-CoV-2).<\/p>\n\n\n\n<p>Ponadto upo\u015bledzenie lub utrata w\u0119chu mog\u0105 by\u0107 zwi\u0105zane z chorobami og\u00f3lnoustrojowymi (np. <a href=\"https:\/\/www.alab.pl\/centrum-wiedzy\/cukrzyca\/\">cukrzyc\u0105<\/a>, chorobami metabolicznymi, chorobami nerek) lub post\u0119puj\u0105cym procesem starzenia.<\/p>\n\n\n\n<h3 class=\"wp-block-heading\" id=\"Brak-smaku-\u2013-przyczyny\">Brak smaku \u2013 przyczyny<\/h3>\n\n\n\n<p>Mo\u017cliwe <strong>przyczyny pogorszenia lub utraty smaku<\/strong> to:<\/p>\n\n\n\n<ul class=\"wp-block-list\">\n<li>infekcje g\u00f3rnych dr\u00f3g oddechowych,<\/li>\n\n\n\n<li>choroby laryngologiczne,<\/li>\n\n\n\n<li>choroby \u015blinianek,<\/li>\n\n\n\n<li>choroby uk\u0142adu nerwowego (m.in. choroba Alzheimera, <a href=\"https:\/\/www.alab.pl\/centrum-wiedzy\/stwardnienie-rozsiane-grozna-i-podstepna-choroba\/\">stwardnienie rozsiane<\/a>, udar m\u00f3zgu),<\/li>\n\n\n\n<li>zmiany b\u0142ony \u015bluzowej jamy ustnej lub j\u0119zyka,<\/li>\n\n\n\n<li>stosowanie niekt\u00f3rych lek\u00f3w,<\/li>\n\n\n\n<li>uszkodzenie nerw\u00f3w czaszkowych (np. w wyniku uraz\u00f3w, zmian zapalnych lub pora\u017cenia Bella),<\/li>\n\n\n\n<li>guzy nowotworowe,<\/li>\n\n\n\n<li>problemy stomatologiczne,<\/li>\n\n\n\n<li>nieodpowiednio dobrana proteza z\u0119bowa (wp\u0142yw na zanik brodawek j\u0119zykowych),<\/li>\n\n\n\n<li>post\u0119puj\u0105cy proces starzenia (redukcja kubk\u00f3w smakowych),<\/li>\n\n\n\n<li>choroby og\u00f3lnoustrojowe (m.in. cukrzyca, choroby nerek, <a href=\"https:\/\/www.alab.pl\/centrum-wiedzy\/czym-jest-miazdzyca-objawy-i-konsekwencje\/\">mia\u017cd\u017cyca<\/a>, choroby w\u0105troby),<\/li>\n\n\n\n<li>niedobory witamin i minera\u0142\u00f3w.<\/li>\n<\/ul>\n\n\n\n<figure class=\"wp-block-table\"><table class=\"has-fixed-layout\"><tbody><tr><td>Utrata smaku wyst\u0119puje rzadziej ni\u017c utrata w\u0119chu. Jednak warto mie\u0107 na uwadze, \u017ce nieprawid\u0142owo dzia\u0142aj\u0105cy zmys\u0142 w\u0119chu silnie pogarsza zmys\u0142 smaku.<\/td><\/tr><\/tbody><\/table><\/figure>\n\n\n\n<h2 class=\"wp-block-heading\" id=\"Utrata-w\u0119chu-i-smaku-\u2013-jak-d\u0142ugo-trwa?\">Utrata w\u0119chu i smaku \u2013 jak d\u0142ugo trwa?<\/h2>\n\n\n\n<p><strong>Czas trwania dolegliwo\u015bci zale\u017cy od ich przyczyny.<\/strong> W przypadku infekcji wirusowych, takich jak przezi\u0119bienie czy <a href=\"https:\/\/www.alab.pl\/centrum-wiedzy\/grypa-ostra-choroba-zakazna-ukladu-oddechowego\/\">grypa<\/a>, zaburzenia smaku i w\u0119chu zwykle ust\u0119puj\u0105 w ci\u0105gu kilku dni lub tygodni. Zdarza si\u0119 jednak, \u017ce objawy utrzymuj\u0105 si\u0119 nawet przez kilka miesi\u0119cy. <strong>W niekt<\/strong><strong>\u00f3rych przypadkach utrata w\u0119chu lub smaku mo\u017ce by\u0107 nieodwracalna.<\/strong><\/p>\n\n\n\n<h2 class=\"wp-block-heading\" id=\"Brak-w\u0119chu-i-smaku-\u2013-jak-wygl\u0105da-diagnostyka?\">Brak w\u0119chu i smaku \u2013 jak wygl\u0105da diagnostyka?<\/h2>\n\n\n\n<p>Diagnostyka przyczyny utraty w\u0119chu i smaku rozpoczyna si\u0119 od <strong>szczeg\u00f3\u0142owego wywiadu lekarskiego, w kt<\/strong><strong>\u00f3rym istotne s\u0105 informacje o czasie wyst\u0105pienia objaw<\/strong><strong>\u00f3w, ich nasileniu oraz towarzysz\u0105cych dolegliwo\u015bciach<\/strong>. Nast\u0119pnie lekarz ocenia stan nosa, gard\u0142a oraz jamy ustnej oraz przeprowadza testy w\u0119chowe i smakowe.<\/p>\n\n\n\n<p>W diagnostyce przyczyny utraty smaku i w\u0119chu stosuje si\u0119 r\u00f3wnie\u017c <strong>badania laboratoryjne z krwi<\/strong>, takie jak m.in.:<\/p>\n\n\n\n<ul class=\"wp-block-list\">\n<li><a href=\"https:\/\/www.alab.pl\/badanie\/morfologia-krwi-c55\">morfologia krwi obwodowej<\/a>,<\/li>\n\n\n\n<li><a href=\"https:\/\/www.alab.pl\/badanie\/kwas-foliowy-m41\">st\u0119\u017cenie kwasu foliowego<\/a>,<\/li>\n\n\n\n<li><a href=\"https:\/\/www.alab.pl\/badanie\/witamina-b12-o83\">poziom witaminy B12<\/a>,<\/li>\n\n\n\n<li>pr\u00f3by w\u0105trobowe,<\/li>\n\n\n\n<li>ocena czynno\u015bci nerek,<\/li>\n\n\n\n<li>niekiedy badania hormonalne (<a href=\"https:\/\/www.alab.pl\/badanie\/folikulotropina-fsh-l65\">FSH<\/a>, <a href=\"https:\/\/www.alab.pl\/badanie\/luteotropina-lh-l67\">LH<\/a>, <a href=\"http:\/\/www.apple.com\/pl\">estradiol<\/a>\/<a href=\"https:\/\/www.alab.pl\/badanie\/testosteron-o41\">testosteron<\/a>).<\/li>\n<\/ul>\n\n\n\n<p>Du\u017ce znaczenie diagnostyczne maj\u0105 tak\u017ce <strong>badania neuroobrazowe<\/strong> (np. rezonans magnetyczny g\u0142owy) czy <strong>neurofizjologiczne<\/strong>.<\/p>\n\n\n\n<figure class=\"wp-block-image size-full\"><a href=\"https:\/\/www.alab.pl\/pakiet\/pakiet-po-infekcji\" target=\"_blank\" rel=\" noreferrer noopener\"><img loading=\"lazy\" decoding=\"async\" width=\"800\" height=\"200\" src=\"https:\/\/www.alab.pl\/centrum-wiedzy\/wp-content\/uploads\/2025\/02\/Pakiet-po-infekcji-4-badania.jpg\" alt=\"Pakiet po infekcji (4 badania) banerek\" class=\"wp-image-21231\" srcset=\"https:\/\/www.alab.pl\/centrum-wiedzy\/wp-content\/uploads\/2025\/02\/Pakiet-po-infekcji-4-badania.jpg 800w, https:\/\/www.alab.pl\/centrum-wiedzy\/wp-content\/uploads\/2025\/02\/Pakiet-po-infekcji-4-badania-768x192.jpg 768w, https:\/\/www.alab.pl\/centrum-wiedzy\/wp-content\/uploads\/2025\/02\/Pakiet-po-infekcji-4-badania-150x38.jpg 150w, https:\/\/www.alab.pl\/centrum-wiedzy\/wp-content\/uploads\/2025\/02\/Pakiet-po-infekcji-4-badania-300x75.jpg 300w, https:\/\/www.alab.pl\/centrum-wiedzy\/wp-content\/uploads\/2025\/02\/Pakiet-po-infekcji-4-badania-696x174.jpg 696w\" sizes=\"auto, (max-width: 800px) 100vw, 800px\" \/><\/a><\/figure>\n\n\n\n<h2 class=\"wp-block-heading\" id=\"Jak-leczy\u0107-utrat\u0119-w\u0119chu-i-smaku?\">Jak leczy\u0107 utrat\u0119 w\u0119chu i smaku?<\/h2>\n\n\n\n<p>Leczenie utraty w\u0119chu i smaku zale\u017cy od ich przyczyny. Terapia dopasowywana jest indywidualnie dla ka\u017cdego przypadku.<\/p>\n\n\n\n<p>W zale\u017cno\u015bci od przyczyny <strong>leczenie utraty smaku i w\u0119<\/strong><strong>chu<\/strong> mo\u017ce opiera\u0107 si\u0119 o:<\/p>\n\n\n\n<ul class=\"wp-block-list\">\n<li>farmakoterapi\u0119,<\/li>\n\n\n\n<li>uzupe\u0142nienie niedobor\u00f3w,<\/li>\n\n\n\n<li>leczenie miejscowe chor\u00f3b jamy ustnej i problem\u00f3w stomatologicznych,<\/li>\n\n\n\n<li>leczenie miejscowe przywracaj\u0105ce dro\u017cno\u015b\u0107 przewod\u00f3w nosowych (np. usuni\u0119cie polip\u00f3w, operacja przegrody nosa),<\/li>\n\n\n\n<li>leczenie alergii.<\/li>\n<\/ul>\n\n\n\n<p>Przy utracie w\u0119chu zalecany jest <strong>trening w\u0119chowy<\/strong>. S\u0105 to \u0107wiczenia polegaj\u0105ce na \u015bwiadomym w\u0105chaniu r\u00f3\u017cnych zapach\u00f3w, kt\u00f3re mog\u0105 pom\u00f3c w regeneracji receptor\u00f3w.<\/p>\n\n\n\n<p>Przy utracie smaku spowodowanej nieodwracalnymi uszkodzeniami pomocne mo\u017ce by\u0107 spo\u017cywanie pokarm\u00f3w o wyra\u017anej strukturze, stosowanie substancji wzmacniaj\u0105cych smak i d\u0142ugie prze\u017cuwanie k\u0119s\u00f3w. Ma to na celu stymulacj\u0119 nerw\u00f3w.<\/p>\n\n\n\n<p>Brak w\u0119chu i smaku mo\u017ce mie\u0107 wiele przyczyn \u2013 od infekcji, przez stosowanie niekt\u00f3rych lek\u00f3w, po powa\u017cne schorzenia og\u00f3lnoustrojowe lub neurologiczne. Dlatego objaw ten nigdy nie powinien by\u0107 bagatelizowany. Konieczne jest zg\u0142oszenie si\u0119 do lekarza w celu wykonania bada\u0144 diagnostycznych i rozpocz\u0119cie ewentualnego leczenia. W wielu przypadkach utrata w\u0119chu i smaku nie jest nieodwracalna.<\/p>\n\n\n\n<p><strong>Opieka merytoryczna:<\/strong> <strong>lek. Sara Aszkie\u0142owicz<\/strong><\/p>\n\n\n\n<hr class=\"wp-block-separator has-alpha-channel-opacity\"\/>\n\n\n\n<p><strong>Bibliografia<\/strong><\/p>\n\n\n\n<ol start=\"1\" class=\"wp-block-list\">\n<li>R. Marciniak-Firaza, Zmys\u0142 w\u0119chu \u2013 istota, zaburzenia, diagnoza, terapia (Na przyk\u0142adzie logopedy pracuj\u0105cego z dzie\u0107mi), Logopedia 2021, 50\/2, s. 169\u2013183<\/li>\n\n\n\n<li>H. Sienkiewicz-Jarosz, P. Bie\u0144kowski, Neurologiczne aspekty zaburze\u0144 smaku, Neurologia po Dyplomie 2012, t. 7, nr 5, s. 61\u201368<\/li>\n\n\n\n<li>H. Sienkiewicz-Jarosz, Zmys\u0142 w\u0119chu \u2013 fizjologia i patologia, Neurologia po Dyplomie 2012, t. 7, nr 4, s. 6\u201310<\/li>\n\n\n\n<li>S. Gudej i in., Zwi\u0105zane z wiekiem zmiany w\u0119chu i smaku,&nbsp; Geriatria 2014, 8, s. 109\u2013116<\/li>\n\n\n\n<li>https:\/\/www.mp.pl\/pacjent\/objawy\/152681,zaburzenia-smaku (dost\u0119p 08.12.2024)<\/li>\n\n\n\n<li>R. Marciniak-Firaza, Istota zmys\u0142u smaku w diagnozie i terapii logopedycznej os\u00f3b doros\u0142ych, Logopedia 2021, 50\/1, s. 121\u2013142<\/li>\n<\/ol>\n","protected":false},"excerpt":{"rendered":"<p>Utrata w\u0119chu i smaku pogarsza jako\u015b\u0107 \u017cycia, a tak\u017ce wzbudza uzasadniony niepok\u00f3j. Dowiedz si\u0119, jakie s\u0105 przyczyny utraty w\u0119chu i smaku.<\/p>\n","protected":false},"author":100,"featured_media":20011,"comment_status":"closed","ping_status":"closed","sticky":false,"template":"","format":"standard","meta":{"_acf_changed":false,"inline_featured_image":false,"footnotes":""},"categories":[23,28],"tags":[],"coauthors":[143],"class_list":{"0":"post-20007","1":"post","2":"type-post","3":"status-publish","4":"format-standard","5":"has-post-thumbnail","7":"category-infekcje-i-pasozyty","8":"category-warto-wiedziec"},"acf":[],"yoast_head":"<!-- This site is optimized with the Yoast SEO plugin v27.5 - https:\/\/yoast.com\/product\/yoast-seo-wordpress\/ -->\n<title>Utrata (brak) w\u0119chu i smaku \u2013 przyczyny, jak d\u0142ugo trwa, leczenie - Centrum Wiedzy ALAB laboratoria<\/title>\n<meta name=\"description\" content=\"Utrata w\u0119chu i smaku pogarsza jako\u015b\u0107 \u017cycia, a tak\u017ce wzbudza uzasadniony niepok\u00f3j. Dowiedz si\u0119, jakie s\u0105 przyczyny utraty w\u0119chu i smaku.\" \/>\n<meta name=\"robots\" content=\"index, follow, max-snippet:-1, max-image-preview:large, max-video-preview:-1\" \/>\n<link rel=\"canonical\" href=\"https:\/\/www.alab.pl\/centrum-wiedzy\/utrata-brak-wechu-i-smaku-przyczyny-jak-dlugo-trwa-leczenie\/\" \/>\n<meta property=\"og:locale\" content=\"pl_PL\" \/>\n<meta property=\"og:type\" content=\"article\" \/>\n<meta property=\"og:title\" content=\"Utrata (brak) w\u0119chu i smaku \u2013 przyczyny, jak d\u0142ugo trwa, leczenie - Centrum Wiedzy ALAB laboratoria\" \/>\n<meta property=\"og:description\" content=\"Utrata w\u0119chu i smaku pogarsza jako\u015b\u0107 \u017cycia, a tak\u017ce wzbudza uzasadniony niepok\u00f3j. Dowiedz si\u0119, jakie s\u0105 przyczyny utraty w\u0119chu i smaku.\" \/>\n<meta property=\"og:url\" content=\"https:\/\/www.alab.pl\/centrum-wiedzy\/utrata-brak-wechu-i-smaku-przyczyny-jak-dlugo-trwa-leczenie\/\" \/>\n<meta property=\"og:site_name\" content=\"Centrum Wiedzy ALAB laboratoria\" \/>\n<meta property=\"article:publisher\" content=\"https:\/\/www.facebook.com\/ALABlaboratoria\" \/>\n<meta property=\"article:published_time\" content=\"2024-12-16T13:01:26+00:00\" \/>\n<meta property=\"article:modified_time\" content=\"2025-12-05T10:00:01+00:00\" \/>\n<meta property=\"og:image\" content=\"https:\/\/www.alab.pl\/centrum-wiedzy\/wp-content\/uploads\/2024\/12\/utrata_wechu_i_smaku-.jpg\" \/>\n\t<meta property=\"og:image:width\" content=\"2353\" \/>\n\t<meta property=\"og:image:height\" content=\"1569\" \/>\n\t<meta property=\"og:image:type\" content=\"image\/jpeg\" \/>\n<meta name=\"author\" content=\"Angelika Janowicz\" \/>\n<meta name=\"twitter:card\" content=\"summary_large_image\" \/>\n<meta name=\"twitter:label1\" content=\"Napisane przez\" \/>\n\t<meta name=\"twitter:data1\" content=\"Angelika Janowicz\" \/>\n\t<meta name=\"twitter:label2\" content=\"Szacowany czas czytania\" \/>\n\t<meta name=\"twitter:data2\" content=\"6 minut\" \/>\n\t<meta name=\"twitter:label3\" content=\"Written by\" \/>\n\t<meta name=\"twitter:data3\" content=\"Angelika Janowicz\" \/>\n<!-- \/ Yoast SEO plugin. -->","yoast_head_json":{"title":"Utrata (brak) w\u0119chu i smaku \u2013 przyczyny, jak d\u0142ugo trwa, leczenie - Centrum Wiedzy ALAB laboratoria","description":"Utrata w\u0119chu i smaku pogarsza jako\u015b\u0107 \u017cycia, a tak\u017ce wzbudza uzasadniony niepok\u00f3j. Dowiedz si\u0119, jakie s\u0105 przyczyny utraty w\u0119chu i smaku.","robots":{"index":"index","follow":"follow","max-snippet":"max-snippet:-1","max-image-preview":"max-image-preview:large","max-video-preview":"max-video-preview:-1"},"canonical":"https:\/\/www.alab.pl\/centrum-wiedzy\/utrata-brak-wechu-i-smaku-przyczyny-jak-dlugo-trwa-leczenie\/","og_locale":"pl_PL","og_type":"article","og_title":"Utrata (brak) w\u0119chu i smaku \u2013 przyczyny, jak d\u0142ugo trwa, leczenie - Centrum Wiedzy ALAB laboratoria","og_description":"Utrata w\u0119chu i smaku pogarsza jako\u015b\u0107 \u017cycia, a tak\u017ce wzbudza uzasadniony niepok\u00f3j. Dowiedz si\u0119, jakie s\u0105 przyczyny utraty w\u0119chu i smaku.","og_url":"https:\/\/www.alab.pl\/centrum-wiedzy\/utrata-brak-wechu-i-smaku-przyczyny-jak-dlugo-trwa-leczenie\/","og_site_name":"Centrum Wiedzy ALAB laboratoria","article_publisher":"https:\/\/www.facebook.com\/ALABlaboratoria","article_published_time":"2024-12-16T13:01:26+00:00","article_modified_time":"2025-12-05T10:00:01+00:00","og_image":[{"width":2353,"height":1569,"url":"https:\/\/www.alab.pl\/centrum-wiedzy\/wp-content\/uploads\/2024\/12\/utrata_wechu_i_smaku-.jpg","type":"image\/jpeg"}],"author":"Angelika Janowicz","twitter_card":"summary_large_image","twitter_misc":{"Napisane przez":"Angelika Janowicz","Szacowany czas czytania":"6 minut","Written by":"Angelika Janowicz"},"schema":{"@context":"https:\/\/schema.org","@graph":[{"@type":"Article","@id":"https:\/\/www.alab.pl\/centrum-wiedzy\/utrata-brak-wechu-i-smaku-przyczyny-jak-dlugo-trwa-leczenie\/#article","isPartOf":{"@id":"https:\/\/www.alab.pl\/centrum-wiedzy\/utrata-brak-wechu-i-smaku-przyczyny-jak-dlugo-trwa-leczenie\/"},"author":{"name":"Angelika Janowicz","@id":"https:\/\/www.alab.pl\/centrum-wiedzy\/#\/schema\/person\/f714a3843f15f9646db0448b28a900e1"},"headline":"Utrata (brak) w\u0119chu i smaku \u2013 przyczyny, jak d\u0142ugo trwa, leczenie","datePublished":"2024-12-16T13:01:26+00:00","dateModified":"2025-12-05T10:00:01+00:00","mainEntityOfPage":{"@id":"https:\/\/www.alab.pl\/centrum-wiedzy\/utrata-brak-wechu-i-smaku-przyczyny-jak-dlugo-trwa-leczenie\/"},"wordCount":1104,"publisher":{"@id":"https:\/\/www.alab.pl\/centrum-wiedzy\/#organization"},"image":{"@id":"https:\/\/www.alab.pl\/centrum-wiedzy\/utrata-brak-wechu-i-smaku-przyczyny-jak-dlugo-trwa-leczenie\/#primaryimage"},"thumbnailUrl":"https:\/\/www.alab.pl\/centrum-wiedzy\/wp-content\/uploads\/2024\/12\/utrata_wechu_i_smaku-.jpg","articleSection":["Infekcje i paso\u017cyty","Warto wiedzie\u0107"],"inLanguage":"pl-PL"},{"@type":"WebPage","@id":"https:\/\/www.alab.pl\/centrum-wiedzy\/utrata-brak-wechu-i-smaku-przyczyny-jak-dlugo-trwa-leczenie\/","url":"https:\/\/www.alab.pl\/centrum-wiedzy\/utrata-brak-wechu-i-smaku-przyczyny-jak-dlugo-trwa-leczenie\/","name":"Utrata (brak) w\u0119chu i smaku \u2013 przyczyny, jak d\u0142ugo trwa, leczenie - Centrum Wiedzy ALAB laboratoria","isPartOf":{"@id":"https:\/\/www.alab.pl\/centrum-wiedzy\/#website"},"primaryImageOfPage":{"@id":"https:\/\/www.alab.pl\/centrum-wiedzy\/utrata-brak-wechu-i-smaku-przyczyny-jak-dlugo-trwa-leczenie\/#primaryimage"},"image":{"@id":"https:\/\/www.alab.pl\/centrum-wiedzy\/utrata-brak-wechu-i-smaku-przyczyny-jak-dlugo-trwa-leczenie\/#primaryimage"},"thumbnailUrl":"https:\/\/www.alab.pl\/centrum-wiedzy\/wp-content\/uploads\/2024\/12\/utrata_wechu_i_smaku-.jpg","datePublished":"2024-12-16T13:01:26+00:00","dateModified":"2025-12-05T10:00:01+00:00","description":"Utrata w\u0119chu i smaku pogarsza jako\u015b\u0107 \u017cycia, a tak\u017ce wzbudza uzasadniony niepok\u00f3j. Dowiedz si\u0119, jakie s\u0105 przyczyny utraty w\u0119chu i smaku.","breadcrumb":{"@id":"https:\/\/www.alab.pl\/centrum-wiedzy\/utrata-brak-wechu-i-smaku-przyczyny-jak-dlugo-trwa-leczenie\/#breadcrumb"},"inLanguage":"pl-PL","potentialAction":[{"@type":"ReadAction","target":["https:\/\/www.alab.pl\/centrum-wiedzy\/utrata-brak-wechu-i-smaku-przyczyny-jak-dlugo-trwa-leczenie\/"]}]},{"@type":"ImageObject","inLanguage":"pl-PL","@id":"https:\/\/www.alab.pl\/centrum-wiedzy\/utrata-brak-wechu-i-smaku-przyczyny-jak-dlugo-trwa-leczenie\/#primaryimage","url":"https:\/\/www.alab.pl\/centrum-wiedzy\/wp-content\/uploads\/2024\/12\/utrata_wechu_i_smaku-.jpg","contentUrl":"https:\/\/www.alab.pl\/centrum-wiedzy\/wp-content\/uploads\/2024\/12\/utrata_wechu_i_smaku-.jpg","width":2353,"height":1569,"caption":"utrata w\u0119chu i smaku"},{"@type":"BreadcrumbList","@id":"https:\/\/www.alab.pl\/centrum-wiedzy\/utrata-brak-wechu-i-smaku-przyczyny-jak-dlugo-trwa-leczenie\/#breadcrumb","itemListElement":[{"@type":"ListItem","position":1,"name":"Strona g\u0142\u00f3wna","item":"https:\/\/www.alab.pl\/centrum-wiedzy\/"},{"@type":"ListItem","position":2,"name":"Utrata (brak) w\u0119chu i smaku \u2013 przyczyny, jak d\u0142ugo trwa, leczenie"}]},{"@type":"WebSite","@id":"https:\/\/www.alab.pl\/centrum-wiedzy\/#website","url":"https:\/\/www.alab.pl\/centrum-wiedzy\/","name":"Centrum Wiedzy ALAB laboratoria","description":"","publisher":{"@id":"https:\/\/www.alab.pl\/centrum-wiedzy\/#organization"},"potentialAction":[{"@type":"SearchAction","target":{"@type":"EntryPoint","urlTemplate":"https:\/\/www.alab.pl\/centrum-wiedzy\/?s={search_term_string}"},"query-input":{"@type":"PropertyValueSpecification","valueRequired":true,"valueName":"search_term_string"}}],"inLanguage":"pl-PL"},{"@type":"Organization","@id":"https:\/\/www.alab.pl\/centrum-wiedzy\/#organization","name":"Centrum Wiedzy ALAB laboratoria","url":"https:\/\/www.alab.pl\/centrum-wiedzy\/","logo":{"@type":"ImageObject","inLanguage":"pl-PL","@id":"https:\/\/www.alab.pl\/centrum-wiedzy\/#\/schema\/logo\/image\/","url":"https:\/\/www.alab.pl\/centrum-wiedzy\/wp-content\/uploads\/2022\/04\/alabek.jpg","contentUrl":"https:\/\/www.alab.pl\/centrum-wiedzy\/wp-content\/uploads\/2022\/04\/alabek.jpg","width":1250,"height":1251,"caption":"Centrum Wiedzy ALAB laboratoria"},"image":{"@id":"https:\/\/www.alab.pl\/centrum-wiedzy\/#\/schema\/logo\/image\/"},"sameAs":["https:\/\/www.facebook.com\/ALABlaboratoria"]},{"@type":"Person","@id":"https:\/\/www.alab.pl\/centrum-wiedzy\/#\/schema\/person\/f714a3843f15f9646db0448b28a900e1","name":"Angelika Janowicz","image":{"@type":"ImageObject","inLanguage":"pl-PL","@id":"https:\/\/www.alab.pl\/centrum-wiedzy\/wp-content\/uploads\/2024\/05\/Janowicz-Angelika-150x150.png9339cd1d56dcba9ded72b55067841306","url":"https:\/\/www.alab.pl\/centrum-wiedzy\/wp-content\/uploads\/2024\/05\/Janowicz-Angelika-150x150.png","contentUrl":"https:\/\/www.alab.pl\/centrum-wiedzy\/wp-content\/uploads\/2024\/05\/Janowicz-Angelika-150x150.png","caption":"Angelika Janowicz"},"description":"Z wykszta\u0142cenia piel\u0119gniarka, absolwentka Uniwersytetu Medycznego im. Piast\u00f3w \u015al\u0105skich we Wroc\u0142awiu. Do\u015bwiadczenie zawodowe zdobywa\u0142a w gabinecie zabiegowym, a tak\u017ce w poradni laryngologicznej, pediatrycznej i kardiologicznej. Interesuje si\u0119 psychodietetyk\u0105 i \u017cywieniem cz\u0142owieka w chorobach metabolicznych \u2013 w szczeg\u00f3lno\u015bci zastosowaniem diet niskow\u0119glowodanowych w insulinooporno\u015bci.","url":"https:\/\/www.alab.pl\/centrum-wiedzy\/author\/angelika-janowicz\/"}]}},"_links":{"self":[{"href":"https:\/\/www.alab.pl\/centrum-wiedzy\/wp-json\/wp\/v2\/posts\/20007","targetHints":{"allow":["GET"]}}],"collection":[{"href":"https:\/\/www.alab.pl\/centrum-wiedzy\/wp-json\/wp\/v2\/posts"}],"about":[{"href":"https:\/\/www.alab.pl\/centrum-wiedzy\/wp-json\/wp\/v2\/types\/post"}],"author":[{"embeddable":true,"href":"https:\/\/www.alab.pl\/centrum-wiedzy\/wp-json\/wp\/v2\/users\/100"}],"replies":[{"embeddable":true,"href":"https:\/\/www.alab.pl\/centrum-wiedzy\/wp-json\/wp\/v2\/comments?post=20007"}],"version-history":[{"count":5,"href":"https:\/\/www.alab.pl\/centrum-wiedzy\/wp-json\/wp\/v2\/posts\/20007\/revisions"}],"predecessor-version":[{"id":28267,"href":"https:\/\/www.alab.pl\/centrum-wiedzy\/wp-json\/wp\/v2\/posts\/20007\/revisions\/28267"}],"wp:featuredmedia":[{"embeddable":true,"href":"https:\/\/www.alab.pl\/centrum-wiedzy\/wp-json\/wp\/v2\/media\/20011"}],"wp:attachment":[{"href":"https:\/\/www.alab.pl\/centrum-wiedzy\/wp-json\/wp\/v2\/media?parent=20007"}],"wp:term":[{"taxonomy":"category","embeddable":true,"href":"https:\/\/www.alab.pl\/centrum-wiedzy\/wp-json\/wp\/v2\/categories?post=20007"},{"taxonomy":"post_tag","embeddable":true,"href":"https:\/\/www.alab.pl\/centrum-wiedzy\/wp-json\/wp\/v2\/tags?post=20007"},{"taxonomy":"author","embeddable":true,"href":"https:\/\/www.alab.pl\/centrum-wiedzy\/wp-json\/wp\/v2\/coauthors?post=20007"}],"curies":[{"name":"wp","href":"https:\/\/api.w.org\/{rel}","templated":true}]}}