{"id":20033,"date":"2024-12-16T15:30:33","date_gmt":"2024-12-16T14:30:33","guid":{"rendered":"https:\/\/www.alab.pl\/centrum-wiedzy\/?p=20033"},"modified":"2025-02-05T10:20:08","modified_gmt":"2025-02-05T09:20:08","slug":"rdw-cv-co-oznacza-ten-parametr-w-morfologii-krwi","status":"publish","type":"post","link":"https:\/\/www.alab.pl\/centrum-wiedzy\/rdw-cv-co-oznacza-ten-parametr-w-morfologii-krwi\/","title":{"rendered":"RDW-CV &#8211; co oznacza ten parametr w morfologii krwi?"},"content":{"rendered":"\n<p>Morfologia krwi obwodowej to badanie wykonywane z pr\u00f3bki krwi \u017cylnej, kt\u00f3re dostarcza wielu cennych informacji o stanie naszego organizmu. Jedn\u0105 z nich jest zmienno\u015b\u0107 obj\u0119to\u015bci krwinek czerwonych wyra\u017cona procentowo w wyniku morfologii jako RDW-CV. Co oznacza podwy\u017cszone, a co obni\u017cone RDW-CV? Kiedy warto wykona\u0107 to badanie? Dowiedz si\u0119 czym jest RDW-CV i o czym mog\u0105 \u015bwiadczy\u0107 odchylenia w warto\u015bciach tego parametru.<\/p>\n\n\n\n<p>Spis tre\u015bci:<\/p>\n\n\n\n<ol class=\"wp-block-list\">\n<li><a href=\"#RDW-CV-\u2013-co-to-za-parametr?\">RDW-CV \u2013 co to za parametr?<\/a>\n<ul class=\"wp-block-list\">\n<li><a href=\"#RDW-CV-i-RDW-SD-\u2013-czym-si\u0119-r\u00f3\u017cni\u0105?\">RDW-CV i RDW-SD \u2013 czym si\u0119 r\u00f3\u017cni\u0105?<\/a><\/li>\n<\/ul>\n<\/li>\n\n\n\n<li><a href=\"#Kiedy-warto-zbada\u0107-wska\u017anik-RDW-CV?\">Kiedy warto zbada\u0107 wska\u017anik RDW-CV?<\/a><\/li>\n\n\n\n<li><a href=\"#RDW-CV-\u2013-interpretacja-wynik\u00f3w\">RDW-CV \u2013 interpretacja wynik\u00f3w<\/a>\n<ul class=\"wp-block-list\">\n<li><a href=\"#Podwy\u017cszone-RDW-CV-\u2013-co-oznacza?\">Podwy\u017cszone RDW-CV \u2013 co oznacza?<\/a><\/li>\n\n\n\n<li><a href=\"#RDW-CV-poni\u017cej-normy-\u2013-o-czym-\u015bwiadczy?\">RDW-CV poni\u017cej normy \u2013 o czym \u015bwiadczy?<\/a><\/li>\n\n\n\n<li><a href=\"#Podwy\u017cszone-RDW-CV-w-ci\u0105\u017cy\">Podwy\u017cszone RDW-CV w ci\u0105\u017cy<\/a><\/li>\n\n\n\n<li><a href=\"#Podwy\u017cszone-lub-niskie-RDW-CV-u-dziecka\">Podwy\u017cszone lub niskie RDW-CV u dziecka<\/a><\/li>\n<\/ul>\n<\/li>\n<\/ol>\n\n\n\n<h2 class=\"wp-block-heading\" id=\"RDW-CV-\u2013-co-to-za-parametr?\">RDW-CV \u2013 co to za parametr?<\/h2>\n\n\n\n<p>RDW to skr\u00f3t od angielskich s\u0142\u00f3w red cell distribution width. Jest to laboratoryjny wska\u017aniki okre\u015blaj\u0105cy zmienno\u015b\u0107 obj\u0119to\u015bci krwinek czerwonych, czyli erytrocyt\u00f3w. M\u00f3wi\u0105c pro\u015bciej, parametr ten okre\u015bla jak bardzo krwinki czerwone s\u0105 zr\u00f3\u017cnicowane pod wzgl\u0119dem swojej obj\u0119to\u015bci i w jakim stopniu odbiegaj\u0105 od swojej \u015bredniej obj\u0119to\u015bci. W wyniku morfologii krwi obwodowej RDW mo\u017ce by\u0107 wyra\u017cony zar\u00f3wno jako RDW-CV, jak i RDW-SD.&nbsp;<\/p>\n\n\n\n<p><strong>&gt;&gt; Przeczytaj tak\u017ce: <a href=\"https:\/\/www.alab.pl\/centrum-wiedzy\/badanie-rbc-liczby-erytrocytow-po-co-sie-je-wykonuje-interpretacja-wynikow\/\">Badanie RBC (liczby erytrocyt\u00f3w) \u2013 po co si\u0119 je wykonuje? Interpretacja wynik\u00f3w<\/a><\/strong><\/p>\n\n\n\n<h3 class=\"wp-block-heading\" id=\"RDW-CV-i-RDW-SD-\u2013-czym-si\u0119-r\u00f3\u017cni\u0105?\">RDW-CV i RDW-SD \u2013 czym si\u0119 r\u00f3\u017cni\u0105?<\/h3>\n\n\n\n<p>Jaka jest r\u00f3\u017cnica pomi\u0119dzy RDW-CV, a RDW-SD? Tak naprawd\u0119 oba te parametry okre\u015blaj\u0105 zmienno\u015b\u0107 w obj\u0119to\u015bci krwinek czerwonych, ale r\u00f3\u017cni\u0105 si\u0119 one jednostk\u0105, w kt\u00f3rej s\u0105 wyra\u017cone. RDW-CV (CV &#8211; skr\u00f3t od angielskich s\u0142\u00f3w coefficient of variation, czyli w t\u0142umaczeniu na j\u0119zyk polski: wsp\u00f3\u0142czynnik zmienno\u015bci) okre\u015bla zmienno\u015b\u0107 obj\u0119to\u015bci erytrocyt\u00f3w w procentach. Natomiast RDW-SD stanowi odchylenie standardowe, wyra\u017cone w femtolitrach. Femtolitry (fL) to jednostki okre\u015blaj\u0105ce obj\u0119to\u015b\u0107, a w tym przypadku obj\u0119to\u015b\u0107 krwinek czerwonych.<\/p>\n\n\n\n<p>RDW-CV obliczany jest klasycznie wed\u0142ug poni\u017cszego wzoru:<\/p>\n\n\n\n<p>RDW-CV = (1 odchylenie standardowe obj\u0119to\u015bci RBC (krwinki czerwonej) \u00f7 MCV) \u00d7 100%<\/p>\n\n\n\n<p>MCV opisany w powy\u017cszym wzorze to r\u00f3wnie\u017c bardzo wa\u017cny parametr morfologii krwi obwodowej, kt\u00f3ry okre\u015bla \u015bredni\u0105 obj\u0119to\u015b\u0107 erytrocyt\u00f3w (bez okre\u015blania zmienno\u015bci tej obj\u0119to\u015bci).<\/p>\n\n\n\n<h2 class=\"wp-block-heading\" id=\"Kiedy-warto-zbada\u0107-wska\u017anik-RDW-CV?\">Kiedy warto zbada\u0107 wska\u017anik RDW-CV?<\/h2>\n\n\n\n<p>Jak ju\u017c wspomniano, RDW-CV to parametr, kt\u00f3ry mo\u017cna znale\u017a\u0107 w wyniku <a href=\"https:\/\/www.alab.pl\/badanie\/morfologia-krwi-c55\">morfologii krwi obwodowej<\/a>. W wyniku tym znajduje si\u0119 r\u00f3wnie\u017c wiele innych, przydatnych diagnostycznie informacji, w tym dotycz\u0105cych liczebno\u015bci krwinek czerwonych, st\u0119\u017cenia hemoglobiny w krwince czerwonej (<a href=\"https:\/\/www.alab.pl\/centrum-wiedzy\/mchc-w-morfologii-krwi-co-to-za-wskaznik-co-oznacza-niski-lub-podwyzszony-poziom\/\">MCHC<\/a>), czy \u015bredniej masy hemoglobiny w krwince (MCH). Oznaczenie RDW-CV, jak i wykonanie ca\u0142ej morfologii krwi obwodowej jest przydatne mi\u0119dzy innymi w diagnostyce niedokrwisto\u015bci. &nbsp;<\/p>\n\n\n\n<figure class=\"wp-block-image size-full\"><a href=\"https:\/\/www.alab.pl\/badanie\/morfologia-krwi-c55\" target=\"_blank\" rel=\" noreferrer noopener\"><img loading=\"lazy\" decoding=\"async\" width=\"800\" height=\"200\" src=\"https:\/\/www.alab.pl\/centrum-wiedzy\/wp-content\/uploads\/2025\/02\/Morfologia.jpg\" alt=\"Morfologia banerek\" class=\"wp-image-21108\" srcset=\"https:\/\/www.alab.pl\/centrum-wiedzy\/wp-content\/uploads\/2025\/02\/Morfologia.jpg 800w, https:\/\/www.alab.pl\/centrum-wiedzy\/wp-content\/uploads\/2025\/02\/Morfologia-768x192.jpg 768w, https:\/\/www.alab.pl\/centrum-wiedzy\/wp-content\/uploads\/2025\/02\/Morfologia-150x38.jpg 150w, https:\/\/www.alab.pl\/centrum-wiedzy\/wp-content\/uploads\/2025\/02\/Morfologia-300x75.jpg 300w, https:\/\/www.alab.pl\/centrum-wiedzy\/wp-content\/uploads\/2025\/02\/Morfologia-696x174.jpg 696w\" sizes=\"auto, (max-width: 800px) 100vw, 800px\" \/><\/a><\/figure>\n\n\n\n<p>Do oznaczania morfologii krwi obwodowej powinny sk\u0142oni\u0107 przede wszystkim takie objawy, jak na przyk\u0142ad:<\/p>\n\n\n\n<ul class=\"wp-block-list\">\n<li>blado\u015b\u0107 pow\u0142ok sk\u00f3rnych i \u015bluz\u00f3wek,<\/li>\n\n\n\n<li>zm\u0119czenie, os\u0142abienie,<\/li>\n\n\n\n<li>pogorszenie wydolno\u015bci fizycznej,<\/li>\n\n\n\n<li>pojawienie si\u0119 duszno\u015bci,<\/li>\n\n\n\n<li>utrata masy cia\u0142a,<\/li>\n\n\n\n<li>pojawienie si\u0119 nocnych pot\u00f3w,<\/li>\n\n\n\n<li>podwy\u017cszenie cz\u0119sto\u015bci pracy serca (tachykardia).<\/li>\n<\/ul>\n\n\n\n<p>Warto podkre\u015bli\u0107, \u017ce od niedawna RDW jest zaliczany do marker\u00f3w chor\u00f3b sercowo-naczyniowych. Mo\u017ce by\u0107 bowiem wykorzystywany do prognozowania \u015bmiertelno\u015bci d\u0142ugoterminowej w wielu chorobach uk\u0142adu sercowo-naczyniowego, w tym w przebiegu niewydolno\u015bci serca, czy choroby wie\u0144cowej.<\/p>\n\n\n\n<p><strong>&gt;&gt; Przeczytaj tak\u017ce: <a href=\"https:\/\/www.alab.pl\/centrum-wiedzy\/morfologia-krwi-badanie-ktore-moze-uratowac-zycie\/\">Morfologia krwi \u2013 badanie, kt\u00f3re mo\u017ce uratowa\u0107 \u017cycie!<\/a><\/strong><\/p>\n\n\n\n<h2 class=\"wp-block-heading\" id=\"RDW-CV-\u2013-interpretacja-wynik\u00f3w\">RDW-CV \u2013 interpretacja wynik\u00f3w<\/h2>\n\n\n\n<p>Warto\u015bci referencyjne RDW-CV zale\u017c\u0105 od konkretnego laboratorium oraz mi\u0119dzy innymi od wieku pacjenta. Nale\u017cy wyra\u017anie podkre\u015bli\u0107, \u017ce nie nale\u017cy wybi\u00f3rczo ocenia\u0107 tego parametru, poniewa\u017c powinien on by\u0107 interpretowany wraz z reszt\u0105 element\u00f3w wyniku morfologii krwi obwodowej. Konieczna jest r\u00f3wnie\u017c ocena stanu klinicznego pacjenta. Zar\u00f3wno obni\u017cone RDW-CV, jak i podwy\u017cszenie warto\u015bci tego parametru mo\u017ce jednak \u015bwiadczy\u0107 o pewnych nieprawid\u0142owo\u015bciach, o czym wi\u0119cej mo\u017cna przeczyta\u0107 w kolejnych akapitach tego artyku\u0142u.<\/p>\n\n\n\n<h3 class=\"wp-block-heading\" id=\"Podwy\u017cszone-RDW-CV-\u2013-co-oznacza?\">Podwy\u017cszone RDW-CV \u2013 co oznacza?<\/h3>\n\n\n\n<p>Podwy\u017cszone warto\u015bci RDW-CV mog\u0105 \u015bwiadczy\u0107 o zaburzeniach w wa\u017cnych procesach dojrzewania i r\u00f3\u017cnicowania krwinek czerwonych. Stan ten \u015bwiadczy o obecno\u015bci anizocytozy, a wi\u0119c o istotnym zr\u00f3\u017cnicowaniu krwinek czerwonych pod wzgl\u0119dem ich obj\u0119to\u015bci. Do najcz\u0119stszych przyczyn podwy\u017cszonych warto\u015bci RDW-CV zalicza si\u0119:<\/p>\n\n\n\n<ul class=\"wp-block-list\">\n<li><strong>niedokrwisto\u015b\u0107 zwi\u0105zana z niedoborem \u017celaza <\/strong>&#8211; temu stanowi typowo towarzyszy r\u00f3wnie\u017c obni\u017cenie warto\u015bci MCV,<\/li>\n\n\n\n<li><strong>niedokrwisto\u015b\u0107 wynikaj\u0105ca z niedoboru kwasu foliowego lub witaminy B12<\/strong> &#8211; taka niedokrwisto\u015b\u0107 nazywana jest anemi\u0105 megaloblastyczn\u0105, towarzyszy jej dodatkowo podwy\u017cszenie warto\u015bci MCV,<\/li>\n\n\n\n<li><strong>stan po masywnym krwotoku<\/strong>,<\/li>\n\n\n\n<li><strong>niedokrwisto\u015b\u0107 hemolityczna<\/strong> &#8211; a wi\u0119c zwi\u0105zana z rozpadem krwinek czerwonych,<\/li>\n\n\n\n<li><strong>przewlek\u0142a niewydolno\u015b\u0107 nerek<\/strong>,<\/li>\n\n\n\n<li><strong>przewlek\u0142e stany zapalne w organizmie<\/strong>,<\/li>\n\n\n\n<li><strong>choroby wrodzone zwi\u0105zane z zaburzeniami budowy erytrocyt\u00f3w<\/strong> &#8211; w tym sferocytoza,<\/li>\n\n\n\n<li><strong>talasemie<\/strong> &#8211; czyli schorzenia, kt\u00f3rego istot\u0105 jest defekt dotycz\u0105cy budowy hemoglobiny.<\/li>\n<\/ul>\n\n\n\n<p>Wysokie warto\u015bci RDW-CV mog\u0105 by\u0107 r\u00f3wnie\u017c zwi\u0105zane z wyborem substancji zapobiegaj\u0105cej krzepni\u0119ciu krwi pobranej do badania (antykoagulant). Takie odchylenie w wyniku morfologii mo\u017ce si\u0119 pojawi\u0107 w sytuacji pobrania krwi na wersenian disodowy (EDTA).<\/p>\n\n\n\n<p><strong>&gt;&gt; Dowiedz si\u0119 wi\u0119cej: <a href=\"https:\/\/www.alab.pl\/centrum-wiedzy\/rodzaje-anemii-i-ich-przyczyny\/\">Najcz\u0119stsze rodzaje anemii i ich przyczyny<\/a><\/strong><\/p>\n\n\n\n<h3 class=\"wp-block-heading\" id=\"RDW-CV-poni\u017cej-normy-\u2013-o-czym-\u015bwiadczy?\">RDW-CV poni\u017cej normy \u2013 o czym \u015bwiadczy?<\/h3>\n\n\n\n<p>Obni\u017cone warto\u015bci RDW-CV \u015bwiadcz\u0105 o niewielkim zr\u00f3\u017cnicowaniu w obj\u0119to\u015bci krwinek czerwonych. Tego rodzaju odchylenia w wyniku morfologii krwi obwodowej nie stanowi dla lekarza du\u017cej warto\u015bci diagnostycznej i jest bardzo nieswoisty.<\/p>\n\n\n\n<h3 class=\"wp-block-heading\" id=\"Podwy\u017cszone-RDW-CV-w-ci\u0105\u017cy\">Podwy\u017cszone RDW-CV w ci\u0105\u017cy<\/h3>\n\n\n\n<p>Okres ci\u0105\u017cy to wyj\u0105tkowy czas, w kt\u00f3rym zachodzi wiele zmian w organizmie kobiety. Zmiany te dotycz\u0105 zar\u00f3wno uk\u0142adu krwiotw\u00f3rczego oraz sercowo-naczyniowego. W czasie ci\u0105\u017cy w wyniku morfologii krwi obwodowej mo\u017ce pojawi\u0107 si\u0119 wiele odchyle\u0144, kt\u00f3re s\u0105 zjawiskami fizjologicznymi dla kobiet ci\u0119\u017carnych. Dotyczy to r\u00f3wnie\u017c podwy\u017cszonego lub obni\u017conego RDW-CV, jednak nale\u017cy zaznaczy\u0107, \u017ce wszelkie odchylenia w badaniach warto om\u00f3wi\u0107 z lekarzem prowadz\u0105cym ci\u0105\u017c\u0119.<\/p>\n\n\n\n<h3 class=\"wp-block-heading\" id=\"Podwy\u017cszone-lub-niskie-RDW-CV-u-dziecka\">Podwy\u017cszone lub niskie RDW-CV u dziecka<\/h3>\n\n\n\n<p>Warto\u015bci referencyjne RDW-CV zale\u017c\u0105 od wieku pacjenta &#8211; mog\u0105 ulega\u0107 wielu zmianom w poszczeg\u00f3lnych grupach wiekowych. Nale\u017cy wzi\u0105\u0107 to pod uwag\u0119, interpretuj\u0105c nie tylko warto\u015b\u0107 RDW-CV, ale r\u00f3wnie\u017c inne parametry, kt\u00f3re znajduj\u0105 si\u0119 w morfologii krwi obwodowej. Wynik morfologii krwi obwodowej dziecka warto skonsultowa\u0107 z lekarzem pediatr\u0105.<\/p>\n\n\n\n<p>RDW-CV to parametr, znajduj\u0105cy si\u0119 w wyniku morfologii krwi obwodowej, kt\u00f3ry \u015bwiadczy o zr\u00f3\u017cnicowaniu obj\u0119to\u015bci krwinek czerwonych. RDW-CV jest warto\u015bci\u0105 wyra\u017con\u0105 w procentach. Odchylenia w warto\u015bciach tego parametru mog\u0105 \u015bwiadczy\u0107 o istnieniu schorze\u0144 dotycz\u0105cych uk\u0142adu krwiotw\u00f3rczego i nie tylko. Jednak nale\u017cy wyra\u017anie podkre\u015bli\u0107, \u017ce warto\u015b\u0107 RDW-CV nie powinna by\u0107 interpretowana w oderwaniu od obrazu klinicznego oraz pozosta\u0142ych parametr\u00f3w morfologii krwi.&nbsp; Morfologia krwi obwodowej, w tym oznaczenie RDW-CV to badanie, kt\u00f3re warto wykonywa\u0107 przynajmniej raz w roku.<\/p>\n\n\n\n<p><strong>&gt;&gt; Warto przeczyta\u0107 te\u017c:<\/strong><\/p>\n\n\n\n<ul class=\"wp-block-list\">\n<li><strong><a href=\"https:\/\/www.alab.pl\/centrum-wiedzy\/rola-plytek-krwi-w-powstawaniu-stanu-zapalnego\/\">Rola p\u0142ytek krwi w powstawaniu stanu zapalnego<\/a><\/strong><\/li>\n\n\n\n<li><a href=\"https:\/\/www.alab.pl\/centrum-wiedzy\/stan-zapalny-i-rola-leukocytow\/\"><strong>Stan zapalny i rola leukocyt\u00f3w<\/strong><\/a><\/li>\n<\/ul>\n\n\n\n<hr class=\"wp-block-separator has-alpha-channel-opacity\"\/>\n\n\n\n<p><strong>Bibliografia<\/strong><\/p>\n\n\n\n<ol start=\"1\" class=\"wp-block-list\">\n<li>S. Agnieszka, W. \u0141ukasz i inni, RDW \u2013 nowy marker dla chor\u00f3b sercowo-naczyniowych, Journal of Education, Health and Sport. 2015;5(7):453-460,<\/li>\n\n\n\n<li>A. Dembi\u0144ska-Kie\u0107 i inni, Diagnostyka laboratoryjna z elementami biochemii klinicznej, Urban &amp; Partner, Wroc\u0142aw 2005 (dodruk), s. 654\u2013659,<\/li>\n\n\n\n<li>E. Ba\u0144kowski, Biochemia podr\u0119cznik dla student\u00f3w uczelni medycznych. Wroc\u0142aw: Elsevir Urban &amp; Partner, 2010.<\/li>\n<\/ol>\n","protected":false},"excerpt":{"rendered":"<p>Dowiedz si\u0119 czym jest RDW-CV i o czym mog\u0105 \u015bwiadczy\u0107 odchylenia w warto\u015bciach tego parametru. Sprawd\u017a, kiedy warto wykona\u0107 to badanie. <\/p>\n","protected":false},"author":165,"featured_media":20036,"comment_status":"closed","ping_status":"closed","sticky":false,"template":"","format":"standard","meta":{"_acf_changed":false,"inline_featured_image":false,"footnotes":""},"categories":[25],"tags":[],"coauthors":[176],"class_list":{"0":"post-20033","1":"post","2":"type-post","3":"status-publish","4":"format-standard","5":"has-post-thumbnail","7":"category-odpowiedz-masz-we-krwi"},"acf":[],"yoast_head":"<!-- This site is optimized with the Yoast SEO plugin v27.5 - https:\/\/yoast.com\/product\/yoast-seo-wordpress\/ -->\n<title>RDW-CV - co oznacza ten parametr w morfologii krwi? - Centrum Wiedzy ALAB laboratoria<\/title>\n<meta name=\"description\" content=\"Dowiedz si\u0119 czym jest RDW-CV i o czym mog\u0105 \u015bwiadczy\u0107 odchylenia w warto\u015bciach tego parametru. Sprawd\u017a, kiedy warto wykona\u0107 to badanie.\" \/>\n<meta name=\"robots\" content=\"index, follow, max-snippet:-1, max-image-preview:large, max-video-preview:-1\" \/>\n<link rel=\"canonical\" href=\"https:\/\/www.alab.pl\/centrum-wiedzy\/rdw-cv-co-oznacza-ten-parametr-w-morfologii-krwi\/\" \/>\n<meta property=\"og:locale\" content=\"pl_PL\" \/>\n<meta property=\"og:type\" content=\"article\" \/>\n<meta property=\"og:title\" content=\"RDW-CV - co oznacza ten parametr w morfologii krwi? - Centrum Wiedzy ALAB laboratoria\" \/>\n<meta property=\"og:description\" content=\"Dowiedz si\u0119 czym jest RDW-CV i o czym mog\u0105 \u015bwiadczy\u0107 odchylenia w warto\u015bciach tego parametru. Sprawd\u017a, kiedy warto wykona\u0107 to badanie.\" \/>\n<meta property=\"og:url\" content=\"https:\/\/www.alab.pl\/centrum-wiedzy\/rdw-cv-co-oznacza-ten-parametr-w-morfologii-krwi\/\" \/>\n<meta property=\"og:site_name\" content=\"Centrum Wiedzy ALAB laboratoria\" \/>\n<meta property=\"article:publisher\" content=\"https:\/\/www.facebook.com\/ALABlaboratoria\" \/>\n<meta property=\"article:published_time\" content=\"2024-12-16T14:30:33+00:00\" \/>\n<meta property=\"article:modified_time\" content=\"2025-02-05T09:20:08+00:00\" \/>\n<meta property=\"og:image\" content=\"https:\/\/www.alab.pl\/centrum-wiedzy\/wp-content\/uploads\/2024\/12\/rdw-cv.jpg\" \/>\n\t<meta property=\"og:image:width\" content=\"1613\" \/>\n\t<meta property=\"og:image:height\" content=\"1075\" \/>\n\t<meta property=\"og:image:type\" content=\"image\/jpeg\" \/>\n<meta name=\"author\" content=\"Katarzyna Banaszczyk\" \/>\n<meta name=\"twitter:card\" content=\"summary_large_image\" \/>\n<meta name=\"twitter:label1\" content=\"Napisane przez\" \/>\n\t<meta name=\"twitter:data1\" content=\"Katarzyna Banaszczyk\" \/>\n\t<meta name=\"twitter:label2\" content=\"Szacowany czas czytania\" \/>\n\t<meta name=\"twitter:data2\" content=\"7 minut\" \/>\n\t<meta name=\"twitter:label3\" content=\"Written by\" \/>\n\t<meta name=\"twitter:data3\" content=\"Katarzyna Banaszczyk\" \/>\n<!-- \/ Yoast SEO plugin. -->","yoast_head_json":{"title":"RDW-CV - co oznacza ten parametr w morfologii krwi? - Centrum Wiedzy ALAB laboratoria","description":"Dowiedz si\u0119 czym jest RDW-CV i o czym mog\u0105 \u015bwiadczy\u0107 odchylenia w warto\u015bciach tego parametru. Sprawd\u017a, kiedy warto wykona\u0107 to badanie.","robots":{"index":"index","follow":"follow","max-snippet":"max-snippet:-1","max-image-preview":"max-image-preview:large","max-video-preview":"max-video-preview:-1"},"canonical":"https:\/\/www.alab.pl\/centrum-wiedzy\/rdw-cv-co-oznacza-ten-parametr-w-morfologii-krwi\/","og_locale":"pl_PL","og_type":"article","og_title":"RDW-CV - co oznacza ten parametr w morfologii krwi? - Centrum Wiedzy ALAB laboratoria","og_description":"Dowiedz si\u0119 czym jest RDW-CV i o czym mog\u0105 \u015bwiadczy\u0107 odchylenia w warto\u015bciach tego parametru. Sprawd\u017a, kiedy warto wykona\u0107 to badanie.","og_url":"https:\/\/www.alab.pl\/centrum-wiedzy\/rdw-cv-co-oznacza-ten-parametr-w-morfologii-krwi\/","og_site_name":"Centrum Wiedzy ALAB laboratoria","article_publisher":"https:\/\/www.facebook.com\/ALABlaboratoria","article_published_time":"2024-12-16T14:30:33+00:00","article_modified_time":"2025-02-05T09:20:08+00:00","og_image":[{"width":1613,"height":1075,"url":"https:\/\/www.alab.pl\/centrum-wiedzy\/wp-content\/uploads\/2024\/12\/rdw-cv.jpg","type":"image\/jpeg"}],"author":"Katarzyna Banaszczyk","twitter_card":"summary_large_image","twitter_misc":{"Napisane przez":"Katarzyna Banaszczyk","Szacowany czas czytania":"7 minut","Written by":"Katarzyna Banaszczyk"},"schema":{"@context":"https:\/\/schema.org","@graph":[{"@type":"Article","@id":"https:\/\/www.alab.pl\/centrum-wiedzy\/rdw-cv-co-oznacza-ten-parametr-w-morfologii-krwi\/#article","isPartOf":{"@id":"https:\/\/www.alab.pl\/centrum-wiedzy\/rdw-cv-co-oznacza-ten-parametr-w-morfologii-krwi\/"},"author":{"name":"Katarzyna Banaszczyk","@id":"https:\/\/www.alab.pl\/centrum-wiedzy\/#\/schema\/person\/308fb46be1959418e2e115e61c335941"},"headline":"RDW-CV &#8211; co oznacza ten parametr w morfologii krwi?","datePublished":"2024-12-16T14:30:33+00:00","dateModified":"2025-02-05T09:20:08+00:00","mainEntityOfPage":{"@id":"https:\/\/www.alab.pl\/centrum-wiedzy\/rdw-cv-co-oznacza-ten-parametr-w-morfologii-krwi\/"},"wordCount":1227,"publisher":{"@id":"https:\/\/www.alab.pl\/centrum-wiedzy\/#organization"},"image":{"@id":"https:\/\/www.alab.pl\/centrum-wiedzy\/rdw-cv-co-oznacza-ten-parametr-w-morfologii-krwi\/#primaryimage"},"thumbnailUrl":"https:\/\/www.alab.pl\/centrum-wiedzy\/wp-content\/uploads\/2024\/12\/rdw-cv.jpg","articleSection":["Odpowied\u017a masz we krwi"],"inLanguage":"pl-PL"},{"@type":"WebPage","@id":"https:\/\/www.alab.pl\/centrum-wiedzy\/rdw-cv-co-oznacza-ten-parametr-w-morfologii-krwi\/","url":"https:\/\/www.alab.pl\/centrum-wiedzy\/rdw-cv-co-oznacza-ten-parametr-w-morfologii-krwi\/","name":"RDW-CV - co oznacza ten parametr w morfologii krwi? - Centrum Wiedzy ALAB laboratoria","isPartOf":{"@id":"https:\/\/www.alab.pl\/centrum-wiedzy\/#website"},"primaryImageOfPage":{"@id":"https:\/\/www.alab.pl\/centrum-wiedzy\/rdw-cv-co-oznacza-ten-parametr-w-morfologii-krwi\/#primaryimage"},"image":{"@id":"https:\/\/www.alab.pl\/centrum-wiedzy\/rdw-cv-co-oznacza-ten-parametr-w-morfologii-krwi\/#primaryimage"},"thumbnailUrl":"https:\/\/www.alab.pl\/centrum-wiedzy\/wp-content\/uploads\/2024\/12\/rdw-cv.jpg","datePublished":"2024-12-16T14:30:33+00:00","dateModified":"2025-02-05T09:20:08+00:00","description":"Dowiedz si\u0119 czym jest RDW-CV i o czym mog\u0105 \u015bwiadczy\u0107 odchylenia w warto\u015bciach tego parametru. Sprawd\u017a, kiedy warto wykona\u0107 to badanie.","breadcrumb":{"@id":"https:\/\/www.alab.pl\/centrum-wiedzy\/rdw-cv-co-oznacza-ten-parametr-w-morfologii-krwi\/#breadcrumb"},"inLanguage":"pl-PL","potentialAction":[{"@type":"ReadAction","target":["https:\/\/www.alab.pl\/centrum-wiedzy\/rdw-cv-co-oznacza-ten-parametr-w-morfologii-krwi\/"]}]},{"@type":"ImageObject","inLanguage":"pl-PL","@id":"https:\/\/www.alab.pl\/centrum-wiedzy\/rdw-cv-co-oznacza-ten-parametr-w-morfologii-krwi\/#primaryimage","url":"https:\/\/www.alab.pl\/centrum-wiedzy\/wp-content\/uploads\/2024\/12\/rdw-cv.jpg","contentUrl":"https:\/\/www.alab.pl\/centrum-wiedzy\/wp-content\/uploads\/2024\/12\/rdw-cv.jpg","width":1613,"height":1075,"caption":"rdw-cv"},{"@type":"BreadcrumbList","@id":"https:\/\/www.alab.pl\/centrum-wiedzy\/rdw-cv-co-oznacza-ten-parametr-w-morfologii-krwi\/#breadcrumb","itemListElement":[{"@type":"ListItem","position":1,"name":"Strona g\u0142\u00f3wna","item":"https:\/\/www.alab.pl\/centrum-wiedzy\/"},{"@type":"ListItem","position":2,"name":"RDW-CV &#8211; co oznacza ten parametr w morfologii krwi?"}]},{"@type":"WebSite","@id":"https:\/\/www.alab.pl\/centrum-wiedzy\/#website","url":"https:\/\/www.alab.pl\/centrum-wiedzy\/","name":"Centrum Wiedzy ALAB laboratoria","description":"","publisher":{"@id":"https:\/\/www.alab.pl\/centrum-wiedzy\/#organization"},"potentialAction":[{"@type":"SearchAction","target":{"@type":"EntryPoint","urlTemplate":"https:\/\/www.alab.pl\/centrum-wiedzy\/?s={search_term_string}"},"query-input":{"@type":"PropertyValueSpecification","valueRequired":true,"valueName":"search_term_string"}}],"inLanguage":"pl-PL"},{"@type":"Organization","@id":"https:\/\/www.alab.pl\/centrum-wiedzy\/#organization","name":"Centrum Wiedzy ALAB laboratoria","url":"https:\/\/www.alab.pl\/centrum-wiedzy\/","logo":{"@type":"ImageObject","inLanguage":"pl-PL","@id":"https:\/\/www.alab.pl\/centrum-wiedzy\/#\/schema\/logo\/image\/","url":"https:\/\/www.alab.pl\/centrum-wiedzy\/wp-content\/uploads\/2022\/04\/alabek.jpg","contentUrl":"https:\/\/www.alab.pl\/centrum-wiedzy\/wp-content\/uploads\/2022\/04\/alabek.jpg","width":1250,"height":1251,"caption":"Centrum Wiedzy ALAB laboratoria"},"image":{"@id":"https:\/\/www.alab.pl\/centrum-wiedzy\/#\/schema\/logo\/image\/"},"sameAs":["https:\/\/www.facebook.com\/ALABlaboratoria"]},{"@type":"Person","@id":"https:\/\/www.alab.pl\/centrum-wiedzy\/#\/schema\/person\/308fb46be1959418e2e115e61c335941","name":"Katarzyna Banaszczyk","image":{"@type":"ImageObject","inLanguage":"pl-PL","@id":"https:\/\/www.alab.pl\/centrum-wiedzy\/wp-content\/uploads\/2024\/12\/Katarzyna-Banaszczyk-150x150.jpgdd037207674aeb9b7e97c9616a0cf536","url":"https:\/\/www.alab.pl\/centrum-wiedzy\/wp-content\/uploads\/2024\/12\/Katarzyna-Banaszczyk-150x150.jpg","contentUrl":"https:\/\/www.alab.pl\/centrum-wiedzy\/wp-content\/uploads\/2024\/12\/Katarzyna-Banaszczyk-150x150.jpg","caption":"Katarzyna Banaszczyk"},"description":"Lekarka w trakcie specjalizacji z dermatologii i wenerologii. Absolwentka Collegium Medicum UMK im. Ludwika Rydygiera w Bydgoszczy. Wyk\u0142adowca akademicki Collegium Medicum im. W\u0142adys\u0142awa Biega\u0144skiego w Cz\u0119stochowie.","url":"https:\/\/www.alab.pl\/centrum-wiedzy\/author\/katarzyna-banaszczyk\/"}]}},"_links":{"self":[{"href":"https:\/\/www.alab.pl\/centrum-wiedzy\/wp-json\/wp\/v2\/posts\/20033","targetHints":{"allow":["GET"]}}],"collection":[{"href":"https:\/\/www.alab.pl\/centrum-wiedzy\/wp-json\/wp\/v2\/posts"}],"about":[{"href":"https:\/\/www.alab.pl\/centrum-wiedzy\/wp-json\/wp\/v2\/types\/post"}],"author":[{"embeddable":true,"href":"https:\/\/www.alab.pl\/centrum-wiedzy\/wp-json\/wp\/v2\/users\/165"}],"replies":[{"embeddable":true,"href":"https:\/\/www.alab.pl\/centrum-wiedzy\/wp-json\/wp\/v2\/comments?post=20033"}],"version-history":[{"count":4,"href":"https:\/\/www.alab.pl\/centrum-wiedzy\/wp-json\/wp\/v2\/posts\/20033\/revisions"}],"predecessor-version":[{"id":21142,"href":"https:\/\/www.alab.pl\/centrum-wiedzy\/wp-json\/wp\/v2\/posts\/20033\/revisions\/21142"}],"wp:featuredmedia":[{"embeddable":true,"href":"https:\/\/www.alab.pl\/centrum-wiedzy\/wp-json\/wp\/v2\/media\/20036"}],"wp:attachment":[{"href":"https:\/\/www.alab.pl\/centrum-wiedzy\/wp-json\/wp\/v2\/media?parent=20033"}],"wp:term":[{"taxonomy":"category","embeddable":true,"href":"https:\/\/www.alab.pl\/centrum-wiedzy\/wp-json\/wp\/v2\/categories?post=20033"},{"taxonomy":"post_tag","embeddable":true,"href":"https:\/\/www.alab.pl\/centrum-wiedzy\/wp-json\/wp\/v2\/tags?post=20033"},{"taxonomy":"author","embeddable":true,"href":"https:\/\/www.alab.pl\/centrum-wiedzy\/wp-json\/wp\/v2\/coauthors?post=20033"}],"curies":[{"name":"wp","href":"https:\/\/api.w.org\/{rel}","templated":true}]}}