{"id":20050,"date":"2024-12-18T07:30:00","date_gmt":"2024-12-18T06:30:00","guid":{"rendered":"https:\/\/www.alab.pl\/centrum-wiedzy\/?p=20050"},"modified":"2024-12-17T20:24:00","modified_gmt":"2024-12-17T19:24:00","slug":"ciagle-uczucie-zimna-mozliwe-przyczyny-jakie-badania-wykonac","status":"publish","type":"post","link":"https:\/\/www.alab.pl\/centrum-wiedzy\/ciagle-uczucie-zimna-mozliwe-przyczyny-jakie-badania-wykonac\/","title":{"rendered":"Ci\u0105g\u0142e uczucie zimna \u2013 mo\u017cliwe przyczyny. Jakie badania wykona\u0107?"},"content":{"rendered":"\n<p><strong>Uczucie ci\u0105g\u0142ego zimna to dolegliwo\u015b\u0107, kt\u00f3ra dotyka wiele os\u00f3b niezale\u017cnie od pory roku. Mo\u017ce by\u0107 stanem przej\u015bciowym, ale zdarza si\u0119, \u017ce jest sygna\u0142em \u015bwiadcz\u0105cym o problemach zdrowotnych wymagaj\u0105cych szczeg\u00f3\u0142owej diagnostyki i leczenia. Dlatego gdy utrzymuje si\u0119 przez d\u0142u\u017cszy czas lub towarzysz\u0105 mu jeszcze inne objawy, konieczna jest konsultacja z lekarzem. Dowiedz si\u0119, jakie mog\u0105 by\u0107 przyczyny ci\u0105g\u0142ego uczucia zimna i jakie badania wykona\u0107.<\/strong><\/p>\n\n\n\n<p>Spis tre\u015bci:<\/p>\n\n\n\n<ol class=\"wp-block-list\">\n<li><a href=\"#Uczucie-ci\u0105g\u0142ego-zimna-\u2013-co-mo\u017ce-oznacza\u0107?\">Uczucie ci\u0105g\u0142ego zimna \u2013 co mo\u017ce oznacza\u0107?<\/a><\/li>\n\n\n\n<li><a href=\"#Ci\u0105g\u0142e-uczucie-zimna-w-ci\u0105\u017cy-\u2013-czy-jest-powodem-do-niepokoju?\">Ci\u0105g\u0142e uczucie zimna w ci\u0105\u017cy \u2013 czy jest powodem do niepokoju?<\/a><\/li>\n\n\n\n<li><a href=\"#Ci\u0105g\u0142e-uczucie-zimna-\u2013-jakie-badania-wykona\u0107?\">Ci\u0105g\u0142e uczucie zimna \u2013 jakie badania wykona\u0107?<\/a><\/li>\n\n\n\n<li><a href=\"#Cz\u0119ste-uczucie-zimna-\u2013-kiedy-uda\u0107-si\u0119-do-lekarza?\">Cz\u0119ste uczucie zimna \u2013 kiedy uda\u0107 si\u0119 do lekarza?<\/a><\/li>\n<\/ol>\n\n\n\n<h2 class=\"wp-block-heading\" id=\"Uczucie-ci\u0105g\u0142ego-zimna-\u2013-co-mo\u017ce-oznacza\u0107?\">Uczucie ci\u0105g\u0142ego zimna \u2013 co mo\u017ce oznacza\u0107?<\/h2>\n\n\n\n<p>Temperatura cia\u0142a cz\u0142owieka nie jest parametrem sta\u0142ym. <strong>Ulega dobowym wahaniom, kt\u00f3re mog\u0105 wynosi\u0107 nawet 1\u2103. <\/strong>Najni\u017csza jest rano, a tak\u017ce wieczorem \u2013 gdy jeste\u015bmy mniej aktywni oraz obni\u017ca si\u0119 temperatura powietrza. W takich przypadkach cz\u0119ste uczucie zimna <strong>nie jest niepokoj\u0105cym stanem, je\u017celi przechodzi po ogrzaniu si\u0119<\/strong> (np. za\u0142o\u017ceniu cieplejszego ubrania, ogrzaniu pomieszczenia) <strong>i nie towarzysz\u0105 mu inne objawy<\/strong>.<\/p>\n\n\n\n<p><strong>Zdarza si\u0119, \u017ce przyczyn\u0105 ci\u0105g\u0142ego uczucia zimna jest zaburzenie funkcjonowania kt\u00f3rego\u015b z uk\u0142ad\u00f3w organizmu cz\u0142owieka&nbsp; lub choroba.<\/strong> W\u015br\u00f3d nich wymieni\u0107 mo\u017cna:<\/p>\n\n\n\n<ol start=\"1\" class=\"wp-block-list\">\n<li><a href=\"https:\/\/www.alab.pl\/centrum-wiedzy\/niedoczynnosc-tarczycy\/\"><strong>Niedoczynno\u015b\u0107 tarczycy<\/strong><\/a> \u2013 to stan charakteryzuj\u0105cy si\u0119 niedoborem hormon\u00f3w tarczycy. S\u0105 one odpowiedzialne m.in. za metabolizm organizmu, w tym metabolizm w\u0119glowodan\u00f3w, bia\u0142ek i t\u0142uszcz\u00f3w. W wyniku ich niedoboru\u00a0 <strong>dochodzi do spowolnienia proces\u00f3w przemiany materii, czego jedn\u0105 z oznak jest ci\u0105g\u0142e uczucie zimna<\/strong>. Inne objawy wskazuj\u0105ce na niedoczynno\u015b\u0107 tarczycy to m.in. sucho\u015b\u0107 i blado\u015b\u0107 sk\u00f3ry, wypadanie w\u0142os\u00f3w, przyrost masy cia\u0142a, sk\u0142onno\u015b\u0107 do obrz\u0119k\u00f3w, senno\u015b\u0107, oci\u0119\u017ca\u0142o\u015b\u0107, zaburzenia koncentracji, zaburzenia cyklu menstruacyjnego.<\/li>\n\n\n\n<li><a href=\"https:\/\/www.alab.pl\/centrum-wiedzy\/anemia-przyczyny-objawy-i-rodzaje-niedokrwistosci\/\"><strong>Anemia<\/strong><\/a> (niedokrwisto\u015b\u0107) \u2013 to stan, w kt\u00f3rym <strong>st\u0119\u017cenie hemoglobiny jest zbyt niskie dla danej p\u0142ci i wieku, czego skutkiem jest niedostateczne dotlenienie tkanek i narz\u0105d\u00f3w<\/strong>. Najcz\u0119stsz\u0105 przyczyn\u0105 anemii jest niedob\u00f3r \u017celaza. Opr\u00f3cz ci\u0105g\u0142ego uczucia zimna obecne s\u0105 tak\u017ce inne objawy \u2013 m.in. b\u00f3le i zawroty g\u0142owy, pogorszenie tolerancji wysi\u0142ku, zaburzenia nastroju, os\u0142abienie, zmiany zapalne w jamie ustnej, senno\u015b\u0107, niekiedy spaczone \u0142aknienie.<\/li>\n\n\n\n<li><a href=\"https:\/\/www.alab.pl\/centrum-wiedzy\/czym-jest-miazdzyca-objawy-i-konsekwencje\/\"><strong>Mia\u017cd\u017cyca<\/strong><\/a> \u2013 ci\u0105g\u0142e uczucie zimna dotycz\u0105ce g\u0142\u00f3wnie ko\u0144czyn dolnych mo\u017ce by\u0107 spowodowane mia\u017cd\u017cyc\u0105 t\u0119tnic obwodowych. W jej przebiegu dochodzi do <strong>przewlek\u0142ego niedokrwienia ko\u0144czyn dolnych<\/strong>. Choroba przez d\u0142ugi czas mo\u017ce przebiega\u0107 bezobjawowo. Typow\u0105 dolegliwo\u015bci\u0105 s\u0105\u00a0 tzw. <strong>chromanie przestankowe<\/strong>, czyli b\u00f3l n\u00f3g podczas chodzenia. W bardziej zaawansowanych przypadkach pojawiaj\u0105 si\u0119 owrzodzenia podudzi , b\u00f3l podczas spoczynku, a nawet martwica tkanek.<\/li>\n\n\n\n<li><a href=\"https:\/\/www.alab.pl\/centrum-wiedzy\/cukrzyca\/\"><strong>Cukrzyca<\/strong><\/a> \u2013 u os\u00f3b choruj\u0105cych na cukrzyc\u0119 <strong>ci\u0105g\u0142e uczucie zimna mo\u017ce by\u0107 zwi\u0105zane z neuropati\u0105 cukrzycow\u0105 lub problemami z kr\u0105\u017ceniem wynikaj\u0105cymi z hiperglikemii i uszkodzenia naczy\u0144 krwiono\u015bnych (angiopatia cukrzycowa)<\/strong>.<\/li>\n\n\n\n<li><strong>Nerwica<\/strong> \u2013 ci\u0105g\u0142e uczucie zimna mo\u017ce by\u0107 objawem <strong>zaburze\u0144 l\u0119kowych<\/strong>, kt\u00f3re bardzo cz\u0119sto manifestuj\u0105 si\u0119 w\u0142a\u015bnie dolegliwo\u015bciami somatycznymi.<\/li>\n<\/ol>\n\n\n\n<figure class=\"wp-block-image size-full\"><a href=\"https:\/\/www.alab.pl\/pakiet\/pakiet-tarczycowy\"><img loading=\"lazy\" decoding=\"async\" width=\"800\" height=\"200\" src=\"https:\/\/www.alab.pl\/centrum-wiedzy\/wp-content\/uploads\/2023\/08\/Pakiet-tarczycowy-TSH-FT3-FT4-jpg.webp\" alt=\"pakiet tarczycowy\" class=\"wp-image-8054\" srcset=\"https:\/\/www.alab.pl\/centrum-wiedzy\/wp-content\/uploads\/2023\/08\/Pakiet-tarczycowy-TSH-FT3-FT4-jpg.webp 800w, https:\/\/www.alab.pl\/centrum-wiedzy\/wp-content\/uploads\/2023\/08\/Pakiet-tarczycowy-TSH-FT3-FT4-jpg-768x192.webp 768w, https:\/\/www.alab.pl\/centrum-wiedzy\/wp-content\/uploads\/2023\/08\/Pakiet-tarczycowy-TSH-FT3-FT4-jpg-150x38.webp 150w, https:\/\/www.alab.pl\/centrum-wiedzy\/wp-content\/uploads\/2023\/08\/Pakiet-tarczycowy-TSH-FT3-FT4-jpg-300x75.webp 300w, https:\/\/www.alab.pl\/centrum-wiedzy\/wp-content\/uploads\/2023\/08\/Pakiet-tarczycowy-TSH-FT3-FT4-jpg-696x174.webp 696w\" sizes=\"auto, (max-width: 800px) 100vw, 800px\" \/><\/a><\/figure>\n\n\n\n<figure class=\"wp-block-image size-full\"><a href=\"https:\/\/www.alab.pl\/pakiet\/pakiet-anemii\"><img loading=\"lazy\" decoding=\"async\" width=\"800\" height=\"200\" src=\"https:\/\/www.alab.pl\/centrum-wiedzy\/wp-content\/uploads\/2022\/06\/pakiet-anemii-baner.jpg\" alt=\"pakiet anemii baner\" class=\"wp-image-4208\" srcset=\"https:\/\/www.alab.pl\/centrum-wiedzy\/wp-content\/uploads\/2022\/06\/pakiet-anemii-baner.jpg 800w, https:\/\/www.alab.pl\/centrum-wiedzy\/wp-content\/uploads\/2022\/06\/pakiet-anemii-baner-768x192.jpg 768w, https:\/\/www.alab.pl\/centrum-wiedzy\/wp-content\/uploads\/2022\/06\/pakiet-anemii-baner-150x38.jpg 150w, https:\/\/www.alab.pl\/centrum-wiedzy\/wp-content\/uploads\/2022\/06\/pakiet-anemii-baner-300x75.jpg 300w, https:\/\/www.alab.pl\/centrum-wiedzy\/wp-content\/uploads\/2022\/06\/pakiet-anemii-baner-696x174.jpg 696w\" sizes=\"auto, (max-width: 800px) 100vw, 800px\" \/><\/a><\/figure>\n\n\n\n<p>Ci\u0105g\u0142e uczucie zimna mo\u017ce by\u0107 spowodowane <strong>niedostatecznym od\u017cywieniem organizmu<\/strong>. Niski poziom tkanki t\u0142uszczowej powoduje, \u017ce cia\u0142o nie ma odpowiedniej izolacji, przez co traci ciep\u0142o. Nietolerancja zimna jest jednym z objaw\u00f3w pojawiaj\u0105cych si\u0119 w wyniku <strong>d\u0142ugotrwa\u0142ego g\u0142odzenia<\/strong> u os\u00f3b cierpi\u0105cych na <a href=\"https:\/\/www.alab.pl\/centrum-wiedzy\/anoreksja-przyczyny-objawy-diagnostyka-i-leczenie\/\">anoreksj\u0119<\/a>.<\/p>\n\n\n\n<h2 class=\"wp-block-heading\" id=\"Ci\u0105g\u0142e-uczucie-zimna-w-ci\u0105\u017cy-\u2013-czy-jest-powodem-do-niepokoju?\">Ci\u0105g\u0142e uczucie zimna w ci\u0105\u017cy \u2013 czy jest powodem do niepokoju?<\/h2>\n\n\n\n<p>W czasie ci\u0105\u017cy <strong>cia\u0142o kobiety przechodzi liczne zmiany hormonalne, kt\u00f3re mog\u0105 wp\u0142ywa\u0107 na odczuwanie temperatury<\/strong>. Szczeg\u00f3lnie dotyczy to pocz\u0105tku ci\u0105\u017cy, kiedy to wiele ci\u0119\u017carnych zg\u0142asza ci\u0105g\u0142e lub cz\u0119ste uczucie zimna. Objaw ten zwykle ust\u0119puje na p\u00f3\u017aniejszych etapach ci\u0105\u017cy.<\/p>\n\n\n\n<p>Trzeba jednak pami\u0119ta\u0107, \u017ce <strong>ci\u0105g\u0142e uczucie zimna w ci\u0105\u017cy mo\u017ce wskazywa\u0107 na problemy zdrowotne<\/strong>. Ze wzgl\u0119du na zwi\u0119kszone zapotrzebowanie na <a href=\"https:\/\/www.alab.pl\/centrum-wiedzy\/zelazo-zapotrzebowanie-zrodla-w-diecie-niedobor-i-nadmiar\/\">\u017celazo<\/a> i inne sk\u0142adniki od\u017cywcze ci\u0119\u017carne s\u0105 szczeg\u00f3lnie nara\u017cone na niedokrwisto\u015b\u0107. <strong>Ka\u017cdy niepokoj\u0105cy objaw nale\u017cy zg\u0142osi\u0107 lekarzowi.<\/strong><\/p>\n\n\n\n<h2 class=\"wp-block-heading\" id=\"Ci\u0105g\u0142e-uczucie-zimna-\u2013-jakie-badania-wykona\u0107?\">Ci\u0105g\u0142e uczucie zimna \u2013 jakie badania wykona\u0107?<\/h2>\n\n\n\n<p>Uczucie ci\u0105g\u0142ego zimna nie jest jednostk\u0105 chorobow\u0105, a objawem. Dlatego bardzo wa\u017cne jest ustalenie jego przyczyny. W tym celu wykonuje&nbsp; si\u0119 m.in. <strong>badania laboratoryjne z krwi<\/strong>. W ramach rozszerzenia diagnostyki lekarz mo\u017ce zdecydowa\u0107 o konieczno\u015bci wykonania dodatkowych procedur&nbsp; \u2013 np. bada\u0144 obrazowych.<\/p>\n\n\n\n<p>Badania laboratoryjne z krwi stosowane w diagnostyce przyczyny ci\u0105g\u0142ego uczucia zimna to m.in.:<\/p>\n\n\n\n<ul class=\"wp-block-list\">\n<li>pe\u0142na morfologia krwi,<\/li>\n\n\n\n<li><a href=\"https:\/\/www.alab.pl\/badanie\/zelazo-w-surowicy-o95\">poziom \u017celaza<\/a>,<\/li>\n\n\n\n<li><a href=\"https:\/\/www.alab.pl\/badanie\/ferrytyna-l05\">poziom ferrytyny<\/a>,<\/li>\n\n\n\n<li><a href=\"https:\/\/www.alab.pl\/badanie\/kwas-foliowy-m41\">poziom kwasu foliowego<\/a>,<\/li>\n\n\n\n<li><a href=\"https:\/\/www.alab.pl\/badanie\/witamina-b12-o83\">poziom witaminy B12<\/a>,<\/li>\n\n\n\n<li><a href=\"https:\/\/www.alab.pl\/badanie\/glukoza-l43\">glukoza na czczo<\/a>,<\/li>\n\n\n\n<li><a href=\"https:\/\/www.alab.pl\/badanie\/hemoglobina-glikowana-hba1c-l55\">hemoglobina glikowana<\/a>,<\/li>\n\n\n\n<li>st\u0119\u017cenie hormonu tyreotropowego (<a href=\"https:\/\/www.alab.pl\/badanie\/tyreotropina-tsh-trzeciej-generacji-l69\">TSH<\/a>),<\/li>\n\n\n\n<li>poziom tyroksyny (<a href=\"https:\/\/www.alab.pl\/badanie\/wolna-tyroksyna-ft4-o69\">FT4<\/a>) i trijodotyroniny (<a href=\"https:\/\/www.alab.pl\/badanie\/wolna-trijodotyronina-ft3-o55\">FT3<\/a>),<\/li>\n\n\n\n<li><a href=\"https:\/\/www.alab.pl\/pakiet\/lipidogram-chol-hdl-tg-ldl-wyl-m71\">lipidogram<\/a>,<\/li>\n\n\n\n<li><a href=\"https:\/\/www.alab.pl\/badanie\/bialko-c-reaktywne-crp-ilosciowe-i81\">CRP<\/a>.<\/li>\n<\/ul>\n\n\n\n<figure class=\"wp-block-image size-full\"><a href=\"https:\/\/www.alab.pl\/badanie\/morfologia-krwi-c55\"><img loading=\"lazy\" decoding=\"async\" width=\"800\" height=\"200\" src=\"https:\/\/www.alab.pl\/centrum-wiedzy\/wp-content\/uploads\/2024\/09\/Morfologia-krwi-obwodowej-jpg.webp\" alt=\"Morfologia krwi obwodowej\" class=\"wp-image-16675\" srcset=\"https:\/\/www.alab.pl\/centrum-wiedzy\/wp-content\/uploads\/2024\/09\/Morfologia-krwi-obwodowej-jpg.webp 800w, https:\/\/www.alab.pl\/centrum-wiedzy\/wp-content\/uploads\/2024\/09\/Morfologia-krwi-obwodowej-jpg-768x192.webp 768w, https:\/\/www.alab.pl\/centrum-wiedzy\/wp-content\/uploads\/2024\/09\/Morfologia-krwi-obwodowej-jpg-150x38.webp 150w, https:\/\/www.alab.pl\/centrum-wiedzy\/wp-content\/uploads\/2024\/09\/Morfologia-krwi-obwodowej-jpg-300x75.webp 300w, https:\/\/www.alab.pl\/centrum-wiedzy\/wp-content\/uploads\/2024\/09\/Morfologia-krwi-obwodowej-jpg-696x174.webp 696w\" sizes=\"auto, (max-width: 800px) 100vw, 800px\" \/><\/a><\/figure>\n\n\n\n<p>Natomiast badania obrazowe, kt\u00f3re mo\u017ce zleci\u0107 lekarz to m.in. USG tarczycy czy USG dopplerowskie ko\u0144czyn dolnych.<\/p>\n\n\n\n<h2 class=\"wp-block-heading\" id=\"Cz\u0119ste-uczucie-zimna-\u2013-kiedy-uda\u0107-si\u0119-do-lekarza?\">Cz\u0119ste uczucie zimna \u2013 kiedy uda\u0107 si\u0119 do lekarza?<\/h2>\n\n\n\n<p>Ci\u0105g\u0142e lub cz\u0119ste uczucie zimna nale\u017cy skonsultowa\u0107 z lekarzem, poniewa\u017c objaw ten mo\u017ce by\u0107 sygna\u0142em \u015bwiadcz\u0105cym o tym, \u017ce w organizmie dzieje si\u0119 co\u015b niedobrego. Konsultacja lekarska i wykonanie bada\u0144 s\u0105 szczeg\u00f3lnie wskazane, gdy:<\/p>\n\n\n\n<ul class=\"wp-block-list\">\n<li>uczucie zimna utrzymuje si\u0119 przez d\u0142u\u017cszy czas,<\/li>\n\n\n\n<li>ci\u0105g\u0142e uczucie zimna wyst\u0119puje niezale\u017cnie od temperatury otoczenia,<\/li>\n\n\n\n<li>ci\u0105g\u0142e uczucie zimna wp\u0142ywa negatywnie na komfort \u017cycia,<\/li>\n\n\n\n<li>poza uczuciem zimna obecne s\u0105 jeszcze inne objawy.<\/li>\n<\/ul>\n\n\n\n<p>Objawy towarzysz\u0105ce ci\u0105g\u0142emu uczuciu zimna, na kt\u00f3re nale\u017cy zwr\u00f3ci\u0107 szczeg\u00f3ln\u0105 uwag\u0119 to m.in. zm\u0119czenie, pogorszenie tolerancji wysi\u0142ku, <a href=\"https:\/\/www.alab.pl\/centrum-wiedzy\/zawroty-glowy-i-ich-mozliwe-przyczyny-jakie-badania-przeprowadzic\/\">zawroty g\u0142owy<\/a>, zaburzenia nastroju, spadek masy cia\u0142a, blado\u015b\u0107 sk\u00f3ry, wypadanie w\u0142os\u00f3w, problemy z koncentracj\u0105, os\u0142abienie mi\u0119\u015bni, b\u00f3le ko\u0144czyn, zasinienie palc\u00f3w.<\/p>\n\n\n\n<p>Ci\u0105g\u0142e uczucie zimna mo\u017ce mie\u0107 r\u00f3\u017cnorodne przyczyny \u2013 od niedobor\u00f3w witamin po powa\u017cne schorzenia, takie jak niedoczynno\u015b\u0107 tarczycy, niedokrwisto\u015b\u0107 czy choroby uk\u0142adu kr\u0105\u017cenia. Bardzo wa\u017cne jest obserwowanie swojego organizmu i odpowiednie reagowanie, gdy objawy nasilaj\u0105 si\u0119 lub utrzymuj\u0105 przez d\u0142u\u017cszy czas. Wa\u017cnym krokiem w diagnostyce przyczyn uczucia ci\u0105g\u0142ego zimna s\u0105 badania laboratoryjne z krwi, takie jak m.in. morfologia krwi obwodowej, poziom \u017celaza i ferrytyny, st\u0119\u017cenie hormon\u00f3w tarczycy.<\/p>\n\n\n\n<p><strong>Opieka merytoryczna: lek. Katarzyna Banaszczyk<\/strong><\/p>\n\n\n\n<hr class=\"wp-block-separator has-alpha-channel-opacity\"\/>\n\n\n\n<p><strong>Bibliografia<\/strong><\/p>\n\n\n\n<ol start=\"1\" class=\"wp-block-list\">\n<li>M. Bolanowski, <em>Niedoczynno\u015b\u0107 tarczycy<\/em>, Lekarz POZ 3\/2016, s. 189\u2013192<\/li>\n\n\n\n<li>I. Hus, A. Mastalerz-Migas, <em>Algorytm r\u00f3\u017cnicowania przyczyn niedokrwisto\u015bci<\/em>, Lekarz POZ, 1\/2022, s. 12\u201317<\/li>\n\n\n\n<li>A. Danieluk, S. Chlabicz, <em>Przewlek\u0142e niedokrwienie ko\u0144czyn dolnych w praktyce pozaszpitalnej<\/em>, Forum Medycyny Rodzinnej 2021, t. 15, nr 6, s. 245\u2013252<\/li>\n\n\n\n<li>J. Fi\u0142on,<em> Cukrzyca <\/em>\u2013<em> wyzwanie zdrowia publicznego w XXI w.<\/em>, Uniwersytet Medyczny w Bia\u0142ymstoku, Bia\u0142ystok 2019<\/li>\n\n\n\n<li>P. Nogal, A. Lewi\u0144ski, <em>Jad\u0142owstr\u0119t psychiczny (anorexia nervosa)<\/em>, Endokrynologia Polska 2008, t. 59 (2), s. 148\u2013155<\/li>\n<\/ol>\n\n\n\n<p><\/p>\n","protected":false},"excerpt":{"rendered":"<p>Uczucie ci\u0105g\u0142ego zimna dotyka wiele os\u00f3b. Dowiedz si\u0119, jakie mog\u0105 by\u0107 przyczyny ci\u0105g\u0142ego uczucia zimna i jakie badania wykona\u0107.<\/p>\n","protected":false},"author":100,"featured_media":20054,"comment_status":"closed","ping_status":"closed","sticky":false,"template":"","format":"standard","meta":{"_acf_changed":false,"inline_featured_image":false,"footnotes":""},"categories":[28],"tags":[],"coauthors":[143],"class_list":{"0":"post-20050","1":"post","2":"type-post","3":"status-publish","4":"format-standard","5":"has-post-thumbnail","7":"category-warto-wiedziec"},"acf":[],"yoast_head":"<!-- This site is optimized with the Yoast SEO plugin v27.5 - https:\/\/yoast.com\/product\/yoast-seo-wordpress\/ -->\n<title>Ci\u0105g\u0142e uczucie zimna \u2013 mo\u017cliwe przyczyny. Jakie badania wykona\u0107? - Centrum Wiedzy ALAB laboratoria<\/title>\n<meta name=\"description\" content=\"Uczucie ci\u0105g\u0142ego zimna dotyka wiele os\u00f3b. Dowiedz si\u0119, jakie mog\u0105 by\u0107 przyczyny ci\u0105g\u0142ego uczucia zimna i jakie badania wykona\u0107.\" \/>\n<meta name=\"robots\" content=\"index, follow, max-snippet:-1, max-image-preview:large, max-video-preview:-1\" \/>\n<link rel=\"canonical\" href=\"https:\/\/www.alab.pl\/centrum-wiedzy\/ciagle-uczucie-zimna-mozliwe-przyczyny-jakie-badania-wykonac\/\" \/>\n<meta property=\"og:locale\" content=\"pl_PL\" \/>\n<meta property=\"og:type\" content=\"article\" \/>\n<meta property=\"og:title\" content=\"Ci\u0105g\u0142e uczucie zimna \u2013 mo\u017cliwe przyczyny. Jakie badania wykona\u0107? - Centrum Wiedzy ALAB laboratoria\" \/>\n<meta property=\"og:description\" content=\"Uczucie ci\u0105g\u0142ego zimna dotyka wiele os\u00f3b. Dowiedz si\u0119, jakie mog\u0105 by\u0107 przyczyny ci\u0105g\u0142ego uczucia zimna i jakie badania wykona\u0107.\" \/>\n<meta property=\"og:url\" content=\"https:\/\/www.alab.pl\/centrum-wiedzy\/ciagle-uczucie-zimna-mozliwe-przyczyny-jakie-badania-wykonac\/\" \/>\n<meta property=\"og:site_name\" content=\"Centrum Wiedzy ALAB laboratoria\" \/>\n<meta property=\"article:publisher\" content=\"https:\/\/www.facebook.com\/ALABlaboratoria\" \/>\n<meta property=\"article:published_time\" content=\"2024-12-18T06:30:00+00:00\" \/>\n<meta property=\"og:image\" content=\"https:\/\/www.alab.pl\/centrum-wiedzy\/wp-content\/uploads\/2024\/12\/ciagle_uczucie_zimna-.jpg\" \/>\n\t<meta property=\"og:image:width\" content=\"2074\" \/>\n\t<meta property=\"og:image:height\" content=\"1383\" \/>\n\t<meta property=\"og:image:type\" content=\"image\/jpeg\" \/>\n<meta name=\"author\" content=\"Angelika Janowicz\" \/>\n<meta name=\"twitter:card\" content=\"summary_large_image\" \/>\n<meta name=\"twitter:label1\" content=\"Napisane przez\" \/>\n\t<meta name=\"twitter:data1\" content=\"Angelika Janowicz\" \/>\n\t<meta name=\"twitter:label2\" content=\"Szacowany czas czytania\" \/>\n\t<meta name=\"twitter:data2\" content=\"7 minut\" \/>\n\t<meta name=\"twitter:label3\" content=\"Written by\" \/>\n\t<meta name=\"twitter:data3\" content=\"Angelika Janowicz\" \/>\n<!-- \/ Yoast SEO plugin. -->","yoast_head_json":{"title":"Ci\u0105g\u0142e uczucie zimna \u2013 mo\u017cliwe przyczyny. Jakie badania wykona\u0107? - Centrum Wiedzy ALAB laboratoria","description":"Uczucie ci\u0105g\u0142ego zimna dotyka wiele os\u00f3b. Dowiedz si\u0119, jakie mog\u0105 by\u0107 przyczyny ci\u0105g\u0142ego uczucia zimna i jakie badania wykona\u0107.","robots":{"index":"index","follow":"follow","max-snippet":"max-snippet:-1","max-image-preview":"max-image-preview:large","max-video-preview":"max-video-preview:-1"},"canonical":"https:\/\/www.alab.pl\/centrum-wiedzy\/ciagle-uczucie-zimna-mozliwe-przyczyny-jakie-badania-wykonac\/","og_locale":"pl_PL","og_type":"article","og_title":"Ci\u0105g\u0142e uczucie zimna \u2013 mo\u017cliwe przyczyny. Jakie badania wykona\u0107? - Centrum Wiedzy ALAB laboratoria","og_description":"Uczucie ci\u0105g\u0142ego zimna dotyka wiele os\u00f3b. Dowiedz si\u0119, jakie mog\u0105 by\u0107 przyczyny ci\u0105g\u0142ego uczucia zimna i jakie badania wykona\u0107.","og_url":"https:\/\/www.alab.pl\/centrum-wiedzy\/ciagle-uczucie-zimna-mozliwe-przyczyny-jakie-badania-wykonac\/","og_site_name":"Centrum Wiedzy ALAB laboratoria","article_publisher":"https:\/\/www.facebook.com\/ALABlaboratoria","article_published_time":"2024-12-18T06:30:00+00:00","og_image":[{"width":2074,"height":1383,"url":"https:\/\/www.alab.pl\/centrum-wiedzy\/wp-content\/uploads\/2024\/12\/ciagle_uczucie_zimna-.jpg","type":"image\/jpeg"}],"author":"Angelika Janowicz","twitter_card":"summary_large_image","twitter_misc":{"Napisane przez":"Angelika Janowicz","Szacowany czas czytania":"7 minut","Written by":"Angelika Janowicz"},"schema":{"@context":"https:\/\/schema.org","@graph":[{"@type":"Article","@id":"https:\/\/www.alab.pl\/centrum-wiedzy\/ciagle-uczucie-zimna-mozliwe-przyczyny-jakie-badania-wykonac\/#article","isPartOf":{"@id":"https:\/\/www.alab.pl\/centrum-wiedzy\/ciagle-uczucie-zimna-mozliwe-przyczyny-jakie-badania-wykonac\/"},"author":{"name":"Angelika Janowicz","@id":"https:\/\/www.alab.pl\/centrum-wiedzy\/#\/schema\/person\/f714a3843f15f9646db0448b28a900e1"},"headline":"Ci\u0105g\u0142e uczucie zimna \u2013 mo\u017cliwe przyczyny. Jakie badania wykona\u0107?","datePublished":"2024-12-18T06:30:00+00:00","mainEntityOfPage":{"@id":"https:\/\/www.alab.pl\/centrum-wiedzy\/ciagle-uczucie-zimna-mozliwe-przyczyny-jakie-badania-wykonac\/"},"wordCount":1150,"publisher":{"@id":"https:\/\/www.alab.pl\/centrum-wiedzy\/#organization"},"image":{"@id":"https:\/\/www.alab.pl\/centrum-wiedzy\/ciagle-uczucie-zimna-mozliwe-przyczyny-jakie-badania-wykonac\/#primaryimage"},"thumbnailUrl":"https:\/\/www.alab.pl\/centrum-wiedzy\/wp-content\/uploads\/2024\/12\/ciagle_uczucie_zimna-.jpg","articleSection":["Warto wiedzie\u0107"],"inLanguage":"pl-PL"},{"@type":"WebPage","@id":"https:\/\/www.alab.pl\/centrum-wiedzy\/ciagle-uczucie-zimna-mozliwe-przyczyny-jakie-badania-wykonac\/","url":"https:\/\/www.alab.pl\/centrum-wiedzy\/ciagle-uczucie-zimna-mozliwe-przyczyny-jakie-badania-wykonac\/","name":"Ci\u0105g\u0142e uczucie zimna \u2013 mo\u017cliwe przyczyny. Jakie badania wykona\u0107? - Centrum Wiedzy ALAB laboratoria","isPartOf":{"@id":"https:\/\/www.alab.pl\/centrum-wiedzy\/#website"},"primaryImageOfPage":{"@id":"https:\/\/www.alab.pl\/centrum-wiedzy\/ciagle-uczucie-zimna-mozliwe-przyczyny-jakie-badania-wykonac\/#primaryimage"},"image":{"@id":"https:\/\/www.alab.pl\/centrum-wiedzy\/ciagle-uczucie-zimna-mozliwe-przyczyny-jakie-badania-wykonac\/#primaryimage"},"thumbnailUrl":"https:\/\/www.alab.pl\/centrum-wiedzy\/wp-content\/uploads\/2024\/12\/ciagle_uczucie_zimna-.jpg","datePublished":"2024-12-18T06:30:00+00:00","description":"Uczucie ci\u0105g\u0142ego zimna dotyka wiele os\u00f3b. Dowiedz si\u0119, jakie mog\u0105 by\u0107 przyczyny ci\u0105g\u0142ego uczucia zimna i jakie badania wykona\u0107.","breadcrumb":{"@id":"https:\/\/www.alab.pl\/centrum-wiedzy\/ciagle-uczucie-zimna-mozliwe-przyczyny-jakie-badania-wykonac\/#breadcrumb"},"inLanguage":"pl-PL","potentialAction":[{"@type":"ReadAction","target":["https:\/\/www.alab.pl\/centrum-wiedzy\/ciagle-uczucie-zimna-mozliwe-przyczyny-jakie-badania-wykonac\/"]}]},{"@type":"ImageObject","inLanguage":"pl-PL","@id":"https:\/\/www.alab.pl\/centrum-wiedzy\/ciagle-uczucie-zimna-mozliwe-przyczyny-jakie-badania-wykonac\/#primaryimage","url":"https:\/\/www.alab.pl\/centrum-wiedzy\/wp-content\/uploads\/2024\/12\/ciagle_uczucie_zimna-.jpg","contentUrl":"https:\/\/www.alab.pl\/centrum-wiedzy\/wp-content\/uploads\/2024\/12\/ciagle_uczucie_zimna-.jpg","width":2074,"height":1383,"caption":"ci\u0105g\u0142e uczucie zimna"},{"@type":"BreadcrumbList","@id":"https:\/\/www.alab.pl\/centrum-wiedzy\/ciagle-uczucie-zimna-mozliwe-przyczyny-jakie-badania-wykonac\/#breadcrumb","itemListElement":[{"@type":"ListItem","position":1,"name":"Strona g\u0142\u00f3wna","item":"https:\/\/www.alab.pl\/centrum-wiedzy\/"},{"@type":"ListItem","position":2,"name":"Ci\u0105g\u0142e uczucie zimna \u2013 mo\u017cliwe przyczyny. Jakie badania wykona\u0107?"}]},{"@type":"WebSite","@id":"https:\/\/www.alab.pl\/centrum-wiedzy\/#website","url":"https:\/\/www.alab.pl\/centrum-wiedzy\/","name":"Centrum Wiedzy ALAB laboratoria","description":"","publisher":{"@id":"https:\/\/www.alab.pl\/centrum-wiedzy\/#organization"},"potentialAction":[{"@type":"SearchAction","target":{"@type":"EntryPoint","urlTemplate":"https:\/\/www.alab.pl\/centrum-wiedzy\/?s={search_term_string}"},"query-input":{"@type":"PropertyValueSpecification","valueRequired":true,"valueName":"search_term_string"}}],"inLanguage":"pl-PL"},{"@type":"Organization","@id":"https:\/\/www.alab.pl\/centrum-wiedzy\/#organization","name":"Centrum Wiedzy ALAB laboratoria","url":"https:\/\/www.alab.pl\/centrum-wiedzy\/","logo":{"@type":"ImageObject","inLanguage":"pl-PL","@id":"https:\/\/www.alab.pl\/centrum-wiedzy\/#\/schema\/logo\/image\/","url":"https:\/\/www.alab.pl\/centrum-wiedzy\/wp-content\/uploads\/2022\/04\/alabek.jpg","contentUrl":"https:\/\/www.alab.pl\/centrum-wiedzy\/wp-content\/uploads\/2022\/04\/alabek.jpg","width":1250,"height":1251,"caption":"Centrum Wiedzy ALAB laboratoria"},"image":{"@id":"https:\/\/www.alab.pl\/centrum-wiedzy\/#\/schema\/logo\/image\/"},"sameAs":["https:\/\/www.facebook.com\/ALABlaboratoria"]},{"@type":"Person","@id":"https:\/\/www.alab.pl\/centrum-wiedzy\/#\/schema\/person\/f714a3843f15f9646db0448b28a900e1","name":"Angelika Janowicz","image":{"@type":"ImageObject","inLanguage":"pl-PL","@id":"https:\/\/www.alab.pl\/centrum-wiedzy\/wp-content\/uploads\/2024\/05\/Janowicz-Angelika-150x150.png9339cd1d56dcba9ded72b55067841306","url":"https:\/\/www.alab.pl\/centrum-wiedzy\/wp-content\/uploads\/2024\/05\/Janowicz-Angelika-150x150.png","contentUrl":"https:\/\/www.alab.pl\/centrum-wiedzy\/wp-content\/uploads\/2024\/05\/Janowicz-Angelika-150x150.png","caption":"Angelika Janowicz"},"description":"Z wykszta\u0142cenia piel\u0119gniarka, absolwentka Uniwersytetu Medycznego im. Piast\u00f3w \u015al\u0105skich we Wroc\u0142awiu. Do\u015bwiadczenie zawodowe zdobywa\u0142a w gabinecie zabiegowym, a tak\u017ce w poradni laryngologicznej, pediatrycznej i kardiologicznej. Interesuje si\u0119 psychodietetyk\u0105 i \u017cywieniem cz\u0142owieka w chorobach metabolicznych \u2013 w szczeg\u00f3lno\u015bci zastosowaniem diet niskow\u0119glowodanowych w insulinooporno\u015bci.","url":"https:\/\/www.alab.pl\/centrum-wiedzy\/author\/angelika-janowicz\/"}]}},"_links":{"self":[{"href":"https:\/\/www.alab.pl\/centrum-wiedzy\/wp-json\/wp\/v2\/posts\/20050","targetHints":{"allow":["GET"]}}],"collection":[{"href":"https:\/\/www.alab.pl\/centrum-wiedzy\/wp-json\/wp\/v2\/posts"}],"about":[{"href":"https:\/\/www.alab.pl\/centrum-wiedzy\/wp-json\/wp\/v2\/types\/post"}],"author":[{"embeddable":true,"href":"https:\/\/www.alab.pl\/centrum-wiedzy\/wp-json\/wp\/v2\/users\/100"}],"replies":[{"embeddable":true,"href":"https:\/\/www.alab.pl\/centrum-wiedzy\/wp-json\/wp\/v2\/comments?post=20050"}],"version-history":[{"count":4,"href":"https:\/\/www.alab.pl\/centrum-wiedzy\/wp-json\/wp\/v2\/posts\/20050\/revisions"}],"predecessor-version":[{"id":20055,"href":"https:\/\/www.alab.pl\/centrum-wiedzy\/wp-json\/wp\/v2\/posts\/20050\/revisions\/20055"}],"wp:featuredmedia":[{"embeddable":true,"href":"https:\/\/www.alab.pl\/centrum-wiedzy\/wp-json\/wp\/v2\/media\/20054"}],"wp:attachment":[{"href":"https:\/\/www.alab.pl\/centrum-wiedzy\/wp-json\/wp\/v2\/media?parent=20050"}],"wp:term":[{"taxonomy":"category","embeddable":true,"href":"https:\/\/www.alab.pl\/centrum-wiedzy\/wp-json\/wp\/v2\/categories?post=20050"},{"taxonomy":"post_tag","embeddable":true,"href":"https:\/\/www.alab.pl\/centrum-wiedzy\/wp-json\/wp\/v2\/tags?post=20050"},{"taxonomy":"author","embeddable":true,"href":"https:\/\/www.alab.pl\/centrum-wiedzy\/wp-json\/wp\/v2\/coauthors?post=20050"}],"curies":[{"name":"wp","href":"https:\/\/api.w.org\/{rel}","templated":true}]}}