{"id":20056,"date":"2024-12-18T08:00:00","date_gmt":"2024-12-18T07:00:00","guid":{"rendered":"https:\/\/www.alab.pl\/centrum-wiedzy\/?p=20056"},"modified":"2024-12-18T09:21:33","modified_gmt":"2024-12-18T08:21:33","slug":"zapalenie-pecherza-u-dzieci-i-niemowlat-objawy-diagnostyka-i-leczenie","status":"publish","type":"post","link":"https:\/\/www.alab.pl\/centrum-wiedzy\/zapalenie-pecherza-u-dzieci-i-niemowlat-objawy-diagnostyka-i-leczenie\/","title":{"rendered":"Zapalenie p\u0119cherza u dzieci i niemowl\u0105t. Objawy, diagnostyka i leczenie"},"content":{"rendered":"\n<p><strong>Zaka\u017cenia uk\u0142adu moczowego u dzieci, w tym zapalenie p\u0119cherza moczowego to cz\u0119sta przyczyna wizyt w gabinecie lekarskim. Jakie s\u0105 przyczyny zapalenia p\u0119cherza u dzieci? Czy zapalenie p\u0119cherza u niemowl\u0105t ma takie same symptomy kliniczne, jak zapalenie p\u0119cherza u dzieci starszych i os\u00f3b doros\u0142ych? Dowiedz si\u0119 wi\u0119cej na temat zapalenia p\u0119cherza u najm\u0142odszych.<\/strong><\/p>\n\n\n\n<p>Spis tre\u015bci:<\/p>\n\n\n\n<ol class=\"wp-block-list\">\n<li><a href=\"#Przyczyny-zapalenia-p\u0119cherza-u-dziecka\">Przyczyny zapalenia p\u0119cherza u dziecka<\/a><\/li>\n\n\n\n<li><a href=\"#Objawy-zapalenia-p\u0119cherza-u-dzieci\">Objawy zapalenia p\u0119cherza u dzieci<\/a><\/li>\n\n\n\n<li><a href=\"#Jakie-badania-na-zapalenie-p\u0119cherza?\">Jakie badania na zapalenie p\u0119cherza?<\/a>\n<ul class=\"wp-block-list\">\n<li><a href=\"#Czy-zapalenie-p\u0119cherza-wyjdzie-w-badaniu-moczu?\">Czy zapalenie p\u0119cherza wyjdzie w badaniu moczu?<\/a><\/li>\n<\/ul>\n<\/li>\n\n\n\n<li><a href=\"#Leczenie-zapalenia-p\u0119cherza-u-dziecka\">Leczenie zapalenia p\u0119cherza u dziecka<\/a><\/li>\n\n\n\n<li><a href=\"#Co-stosowa\u0107-na-zapalenie-p\u0119cherza-u-dzieci?\">Co stosowa\u0107 na zapalenie p\u0119cherza u dzieci?<\/a><\/li>\n<\/ol>\n\n\n\n<h2 class=\"wp-block-heading\" id=\"Przyczyny-zapalenia-p\u0119cherza-u-dziecka\">Przyczyny zapalenia p\u0119cherza u dziecka<\/h2>\n\n\n\n<p>Zapalenie p\u0119cherza moczowego, podobnie, jak zapalenie cewki moczowej zaliczane jest do zaka\u017ce\u0144 dolnych dr\u00f3g moczowych. Za zapalenie p\u0119cherza moczowego u dzieci najcz\u0119\u015bciej odpowiadaj\u0105 bakterie, zdecydowanie rzadziej wirusy, czy grzyby. W\u015br\u00f3d bakterii dominuj\u0105 bakterie gram ujemne, w tym gatunki takie jak <em>E. coli<\/em>, <em>P. aeruginosa<\/em>, <em>Citrobacter spp<\/em>, czy <em>E. cloacae<\/em>. U pod\u0142o\u017ca zapalenia p\u0119cherza moczowego le\u017cy wnikanie drobnoustroj\u00f3w drog\u0105 wst\u0119puj\u0105c\u0105 przez cewk\u0119 moczow\u0105 do p\u0119cherza moczowego. Dalsze szerzenie si\u0119 zaka\u017cenia drog\u0105 moczowod\u00f3w mo\u017ce prowadzi\u0107 z kolei do rozwoju odmiedniczkowego zapalenia nerek.<\/p>\n\n\n\n<p><strong>>> Przeczytaj tak\u017ce: <a href=\"https:\/\/www.alab.pl\/centrum-wiedzy\/zakazenia-ukladu-moczowego-u-dzieci\/\">Zaka\u017cenia uk\u0142adu moczowego u dzieci<\/a><\/strong><\/p>\n\n\n\n<p>Wyr\u00f3\u017cniamy pewne czynniki, kt\u00f3re zwi\u0119kszaj\u0105 ryzyko rozwoju zaka\u017cenia uk\u0142adu moczowego, w tym zapalenia p\u0119cherza moczowego u dzieci. Zalicza si\u0119 do nich mi\u0119dzy innymi:<\/p>\n\n\n\n<ul class=\"wp-block-list\">\n<li>zast\u00f3j <a href=\"https:\/\/www.alab.pl\/centrum-wiedzy\/mocz-jak-powstaje-kiedy-zrobic-badanie-i-jak-sie-przygotowac\/\">moczu<\/a>,<\/li>\n\n\n\n<li>rzadkie oddawanie moczu,<\/li>\n\n\n\n<li>wady anatomiczne i czynno\u015bciowe w obr\u0119bie uk\u0142adu moczowego,<\/li>\n\n\n\n<li>spowolniona perystaltyka moczowod\u00f3w,<\/li>\n\n\n\n<li>kamica uk\u0142adu moczowego,<\/li>\n\n\n\n<li>zaparcia,<\/li>\n\n\n\n<li>cewnikowanie p\u0119cherza moczowego,<\/li>\n\n\n\n<li><a href=\"https:\/\/www.alab.pl\/centrum-wiedzy\/nietrzymanie-moczu-u-kobiet-i-mezczyzn-przyczyny-diagnostyka-i-leczenie\/\">nietrzymanie moczu<\/a> i stolca,<\/li>\n\n\n\n<li>nieodpowiednie post\u0119powanie higieniczne okolicy uj\u015bcia cewki moczowej,<\/li>\n\n\n\n<li>cz\u0119ste infekcje dotycz\u0105ce uk\u0142adu moczowego u krewnych (rodzice, rodze\u0144stwo).<\/li>\n<\/ul>\n\n\n\n<p><strong>>> Przeczytaj tak\u017ce: <a href=\"https:\/\/www.alab.pl\/centrum-wiedzy\/zapalenie-nerek-objawy-przyczyny-rodzaje-diagnostyka-i-leczenie\/\">Zapalenie nerek \u2013 objawy, przyczyny, rodzaje, diagnostyka i leczenie<\/a><\/strong><\/p>\n\n\n\n<h2 class=\"wp-block-heading\" id=\"Objawy-zapalenia-p\u0119cherza-u-dzieci\">Objawy zapalenia p\u0119cherza u dzieci<\/h2>\n\n\n\n<p>Objawy zapalenia p\u0119cherza moczowego w grupie pediatrycznej zale\u017c\u0105 przede wszystkim od wieku dziecka. U dzieci powy\u017cej 5 roku \u017cycia obserwuje si\u0119 wyst\u0119powanie typowych objaw\u00f3w tego schorzenia, takich jak:<\/p>\n\n\n\n<ul class=\"wp-block-list\">\n<li><a href=\"https:\/\/www.alab.pl\/centrum-wiedzy\/czestomocz-wielomocz-i-oddawanie-moczu-w-nocy-jakie-sa-przyczyny\/\">cz\u0119stomocz<\/a>,<\/li>\n\n\n\n<li>pieczenie podczas oddawania moczu,<\/li>\n\n\n\n<li>wyst\u0119powanie par\u0107 nagl\u0105cych,<\/li>\n\n\n\n<li>nocne moczenie,<\/li>\n\n\n\n<li>b\u00f3l w okolicy nad\u0142onowej,<\/li>\n\n\n\n<li>nieprzyjemny zapach moczu,<\/li>\n\n\n\n<li>niekiedy <a href=\"https:\/\/www.alab.pl\/centrum-wiedzy\/krwinkomocz-i-krwiomocz-co-trzeba-o-nich-wiedziec\/\">krwiomocz<\/a>.<\/li>\n<\/ul>\n\n\n\n<p>Warto podkre\u015bli\u0107, \u017ce objawy zapalenia p\u0119cherza moczowego u niemowl\u0105t, a wi\u0119c u dzieci poni\u017cej 1 roku \u017cycia mog\u0105 by\u0107 bardzo nietypowe. W tej grupie wiekowej zaka\u017cenia uk\u0142adu moczowego objawiaj\u0105 si\u0119 niekiedy wy\u0142\u0105cznie gor\u0105czk\u0105. Mog\u0105 si\u0119 pojawi\u0107 r\u00f3wnie\u017c takie symptomy jak:<\/p>\n\n\n\n<ul class=\"wp-block-list\">\n<li>niepok\u00f3j,<\/li>\n\n\n\n<li>nadmierna senno\u015b\u0107,<\/li>\n\n\n\n<li>biegunka, wymioty,<\/li>\n\n\n\n<li>\u017c\u00f3\u0142taczka,<\/li>\n\n\n\n<li>utrata apetytu,<\/li>\n\n\n\n<li>brak przyrostu masy cia\u0142a,<\/li>\n\n\n\n<li>p\u0142acz podczas mikcji.<\/li>\n<\/ul>\n\n\n\n<p>Nieswoiste s\u0105 r\u00f3wnie\u017c objawy zapalenia p\u0119cherza u dzieci mi\u0119dzy 1. a 5. rokiem \u017cycia. W tej grupie wiekowej najcz\u0119\u015bciej stwierdza si\u0119 obecno\u015b\u0107 gor\u0105czki oraz objaw\u00f3w ze strony przewodu pokarmowego.<\/p>\n\n\n\n<p>W zwi\u0105zku z niecharakterystycznymi objawami zapalenia p\u0119cherza u najm\u0142odszych, uwa\u017ca si\u0119, \u017ce u wszystkich dzieci do 5 roku \u017cycia, kt\u00f3re ujawniaj\u0105 gor\u0105czk\u0119 bez uchwytnej przyczyny, nale\u017cy podejrzewa\u0107 zaka\u017cenie uk\u0142adu moczowego i wykona\u0107 badania w tym kierunku.<\/p>\n\n\n\n<h2 class=\"wp-block-heading\" id=\"Jakie-badania-na-zapalenie-p\u0119cherza?\">Jakie badania na zapalenie p\u0119cherza?<\/h2>\n\n\n\n<p>Pierwszym krokiem jest dok\u0142adnie zebrany wywiad oraz badanie przedmiotowe, wraz z ocen\u0105 okolicy moczowo-p\u0142ciowej oraz badaniem palpacyjnym brzucha. Dalsze post\u0119powanie diagnostyczno-lecznicze zale\u017cy mi\u0119dzy innymi od obrazu klinicznego prezentowanego przez pacjenta oraz jego wieku. Objawy sugeruj\u0105ce zapalenie p\u0119cherza u dziecka wymagaj\u0105 wykonania bada\u0144 moczu.<\/p>\n\n\n\n<p>Wykonuje si\u0119 przede wszystkim badanie og\u00f3lne moczu wraz z ocen\u0105 jego osadu oraz <a href=\"https:\/\/www.alab.pl\/badanie\/posiew-moczu-9133\">posiew moczu<\/a>. W celu pobrania pr\u00f3bki moczu konieczne jest dok\u0142adne umycie okolicy moczowo-p\u0142ciowej. Taka pr\u00f3bka powinna by\u0107 pobrana ze \u015brodkowego strumienia (nie na pocz\u0105tku, ani nie na ko\u0144cu mikcji). U dzieci m\u0142odszych mo\u017cna wspomaga\u0107 si\u0119 specjalnymi woreczkami do pobierania moczu. Nale\u017cy jednak zaznaczy\u0107, \u017ce nie powinny by\u0107 one wykorzystywane do pobierania pr\u00f3bek moczu na jego posiew. W tym celu konieczne jest uzyskanie moczu ze \u015brodkowego strumienia pobranego metod\u0105 ja\u0142owej mikcji (bezpo\u015brednio do ja\u0142owego pojemnika) lub uzyskanie pr\u00f3bki moczu drog\u0105 cewnikowania lub rzadziej nak\u0142ucia \u0142onowego.<\/p>\n\n\n\n<figure class=\"wp-block-image size-full\"><a href=\"https:\/\/www.alab.pl\/pakiet\/zakazenie-ukladu-moczowego\"><img loading=\"lazy\" decoding=\"async\" width=\"800\" height=\"200\" src=\"https:\/\/www.alab.pl\/centrum-wiedzy\/wp-content\/uploads\/2023\/11\/Pakiet-zakazenie-ukladu-moczowego-2-badania-jpg.webp\" alt=\"pakiet zaka\u017cenie uk\u0142adu moczowego\" class=\"wp-image-9936\" srcset=\"https:\/\/www.alab.pl\/centrum-wiedzy\/wp-content\/uploads\/2023\/11\/Pakiet-zakazenie-ukladu-moczowego-2-badania-jpg.webp 800w, https:\/\/www.alab.pl\/centrum-wiedzy\/wp-content\/uploads\/2023\/11\/Pakiet-zakazenie-ukladu-moczowego-2-badania-jpg-768x192.webp 768w, https:\/\/www.alab.pl\/centrum-wiedzy\/wp-content\/uploads\/2023\/11\/Pakiet-zakazenie-ukladu-moczowego-2-badania-jpg-150x38.webp 150w, https:\/\/www.alab.pl\/centrum-wiedzy\/wp-content\/uploads\/2023\/11\/Pakiet-zakazenie-ukladu-moczowego-2-badania-jpg-300x75.webp 300w, https:\/\/www.alab.pl\/centrum-wiedzy\/wp-content\/uploads\/2023\/11\/Pakiet-zakazenie-ukladu-moczowego-2-badania-jpg-696x174.webp 696w\" sizes=\"auto, (max-width: 800px) 100vw, 800px\" \/><\/a><\/figure>\n\n\n\n<p>Trzeba zaznaczy\u0107, \u017ce badania moczu powinny by\u0107 wykonane przez w\u0142\u0105czeniem antybiotykoterapii, poniewa\u017c zastosowanie antybiotyku mo\u017ce zafa\u0142szowa\u0107 wyniki bada\u0144. W niekt\u00f3rych przypadkach pomocne jest r\u00f3wnie\u017c oznaczenie parametr\u00f3w stanu zapalnego, w tym <a href=\"https:\/\/www.alab.pl\/badanie\/bialko-c-reaktywne-crp-ilosciowe-i81\">st\u0119\u017cenia bia\u0142ka CRP<\/a> oraz <a href=\"https:\/\/www.alab.pl\/badanie\/prokalcytonina-pct-n58\">st\u0119\u017cenia prokalcytoniny<\/a>, szczeg\u00f3lnie przy podejrzeniu odmiedniczkowego zapalenia nerek i bakteriemii. Konieczne jest r\u00f3wnie\u017c wykonanie morfologii krwi obwodowej z rozmazem.<\/p>\n\n\n\n<h3 class=\"wp-block-heading\" id=\"Czy-zapalenie-p\u0119cherza-wyjdzie-w-badaniu-moczu?\">Czy zapalenie p\u0119cherza wyjdzie w badaniu moczu?<\/h3>\n\n\n\n<p>W przypadku zapalenia p\u0119cherza moczowego w badaniu og\u00f3lnym moczu obserwuje si\u0119 takie odchylenia jak:<\/p>\n\n\n\n<ul class=\"wp-block-list\">\n<li><strong>leukocyturia <\/strong>&#8211; podwy\u017cszona liczba leukocyt\u00f3w (bia\u0142ych krwinek) w moczu<\/li>\n\n\n\n<li><strong>bakteriuria <\/strong>&#8211; podwy\u017cszona liczba bakterii w moczu (w odpowiednim mianie),<\/li>\n\n\n\n<li><strong>erytrocyturia <\/strong>&#8211; podwy\u017cszona liczba krwinek czerwonych w moczu,<\/li>\n\n\n\n<li><strong>bia\u0142komocz <\/strong>&#8211; obecno\u015b\u0107 bia\u0142ka w moczu w ilo\u015bci powy\u017cej warto\u015bci referencyjnych.<\/li>\n<\/ul>\n\n\n\n<p>Badaniem pozwalaj\u0105cym na potwierdzenie zaka\u017cenia uk\u0142adu moczowego jest posiew moczu, w kt\u00f3rym uzyskuje si\u0119 odpowiedni\u0105 liczb\u0119 kolonii danego drobnoustroju. Warto\u015b\u0107 progowa dla wyniku dodatniego zale\u017cy przede wszystkim od sposobu pobrania pr\u00f3bki moczu na posiew.<\/p>\n\n\n\n<p><strong>>> Przeczytaj tak\u017ce:<\/strong><\/p>\n\n\n\n<ul class=\"wp-block-list\">\n<li><a href=\"https:\/\/www.alab.pl\/centrum-wiedzy\/leukocyty-w-moczu-co-oznaczaja-jakie-sa-normy-i-wskazania-do-badania\/\"><strong>Leukocyty w moczu \u2013 co oznaczaj\u0105, jakie s\u0105 normy i wskazania do badania?<\/strong><\/a><\/li>\n\n\n\n<li><a href=\"https:\/\/www.alab.pl\/centrum-wiedzy\/bialko-w-moczu-jak-leczyc-bialkomocz\/\"><strong>Bia\u0142ko w moczu \u2013 badanie, normy, przyczyny. Jak leczy\u0107 bia\u0142komocz?<\/strong><\/a><\/li>\n<\/ul>\n\n\n\n<h2 class=\"wp-block-heading\" id=\"Leczenie-zapalenia-p\u0119cherza-u-dziecka\">Leczenie zapalenia p\u0119cherza u dziecka<\/h2>\n\n\n\n<p>W leczeniu zapalenia p\u0119cherza moczowego u dzieci stosuje si\u0119 antybiotykoterapi\u0119. Czas leczenia oraz droga podania leku zale\u017cy od stanu klinicznego dziecka, jego wieku oraz decyzji lekarza prowadz\u0105cego. Zgodnie z zaleceniami Polskiego Towarzystwa Nefrologii Dzieci\u0119cej, wszystkie dzieci w wieku do uko\u0144czenia 3 miesi\u0105ca \u017cycia z zaka\u017ceniem uk\u0142adu moczowego powinny by\u0107 hospitalizowane i leczone z wykorzystaniem antybiotykoterapii do\u017cylnej. U dzieci starszych spos\u00f3b leczenia zale\u017cy od obrazu klinicznego i ewentualnych chor\u00f3b towarzysz\u0105cych. U pacjent\u00f3w z niskim ryzykiem ci\u0119\u017ckiego przebiegu choroby mo\u017cliwe jest w\u0142\u0105czenie leczenia doustnego w warunkach ambulatoryjnych.<\/p>\n\n\n\n<h2 class=\"wp-block-heading\" id=\"Co-stosowa\u0107-na-zapalenie-p\u0119cherza-u-dzieci?\">Co stosowa\u0107 na zapalenie p\u0119cherza u dzieci?<\/h2>\n\n\n\n<p>Do momentu uzyskania wyniku posiewu moczu (w kt\u00f3rym okre\u015blona jest antybiotykowra\u017cliwo\u015b\u0107 wyhodowanych drobnoustroj\u00f3w) stosuje si\u0119 antybiotykoterapi\u0119 empiryczn\u0105.<\/p>\n\n\n\n<p>Po uzyskaniu wyniku posiewu moczu mo\u017cliwe jest w\u0142\u0105czenie antybiotyku celowanego, a wi\u0119c skierowanego przeciwko konkretnemu drobnoustrojowi, odpowiedzialnemu za zaka\u017cenia uk\u0142adu moczowego. Leczenie objawowe polega na stosowaniu lek\u00f3w przeciwgor\u0105czkowych. Konieczne jest r\u00f3wnie\u017c nawadnianie dziecka, w zale\u017cno\u015bci od objaw\u00f3w &#8211; doustne, a czasami tak\u017ce do\u017cylne.<\/p>\n\n\n\n<p>Zapalenie p\u0119cherza u dziecka to cz\u0119ste zjawisko pediatryczne. Ka\u017cde dziecko z objawami mog\u0105cymi sugerowa\u0107 zaka\u017cenie uk\u0142adu moczowego powinno by\u0107 zbadane przez lekarza pediatr\u0119. Schorzenia te wymagaj\u0105 bowiem wykonania odpowiednich bada\u0144 moczu oraz w\u0142\u0105czenia leczenia. Nieleczone stany zapalne w obr\u0119bie uk\u0142adu moczowego, w tym p\u0119cherza mog\u0105 grozi\u0107 rozwojem powik\u0142a\u0144, w tym odmiedniczkowym zapaleniem nerek.&nbsp;<\/p>\n\n\n\n<hr class=\"wp-block-separator has-alpha-channel-opacity\"\/>\n\n\n\n<p><strong>Bibliografia<\/strong><\/p>\n\n\n\n<ol start=\"1\" class=\"wp-block-list\">\n<li>A. Wasilewska i inni, Zalecenia Polskiego Towarzystwa Nefrologii Dzieci\u0119cej dotycz\u0105ce post\u0119powania z dzieckiem z zaka\u017ceniem uk\u0142adu moczowego, Forum Medycyny Rodzinnej 2016;10(4):159\u2013178,<\/li>\n\n\n\n<li>W. Hryniewicz i inni, Rekomendacje diagnostyki, terapii i profilaktyki zaka\u017ce\u0144 uk\u0142adu moczowego u doros\u0142ych, Warszawa 2015,<\/li>\n\n\n\n<li>A. Wachnicka-B\u0105k i inni, Zaka\u017cenie uk\u0142adu moczowego u dzieci w pierwszym roku \u017cycia w materiale Kliniki Pediatrii, Nefrologii i Alergologii Dzieci\u0119cej Wojskowego Instytutu Medycznego, Pediatr Med. Rodz. 2016, 12(1), 54\u201368,<\/li>\n\n\n\n<li>A. Grzesiak i inni, Czynniki etiologiczne zaka\u017ce\u0144 uk\u0142adu moczowego u dzieci leczonych w Instytucie Matki i Dziecka, Med. Wieku Rozwoj, 2008;12:789\u2013794.<\/li>\n<\/ol>\n","protected":false},"excerpt":{"rendered":"<p>Jakie s\u0105 przyczyny zapalenia p\u0119cherza u dzieci? Dowiedz si\u0119 wi\u0119cej na temat zapalenia p\u0119cherza u najm\u0142odszych.<\/p>\n","protected":false},"author":165,"featured_media":20057,"comment_status":"closed","ping_status":"closed","sticky":false,"template":"","format":"standard","meta":{"_acf_changed":false,"inline_featured_image":false,"footnotes":""},"categories":[23,30],"tags":[],"coauthors":[176],"class_list":{"0":"post-20056","1":"post","2":"type-post","3":"status-publish","4":"format-standard","5":"has-post-thumbnail","8":"category-zdrowie-dzieci-i-mlodziezy"},"acf":[],"yoast_head":"<!-- This site is optimized with the Yoast SEO plugin v27.5 - https:\/\/yoast.com\/product\/yoast-seo-wordpress\/ -->\n<title>Zapalenie p\u0119cherza u dzieci i niemowl\u0105t. Objawy, diagnostyka i leczenie - Centrum Wiedzy ALAB laboratoria<\/title>\n<meta name=\"description\" content=\"Jakie s\u0105 przyczyny zapalenia p\u0119cherza u dzieci? Dowiedz si\u0119 wi\u0119cej na temat zapalenia p\u0119cherza u najm\u0142odszych.\" \/>\n<meta name=\"robots\" content=\"index, follow, max-snippet:-1, max-image-preview:large, max-video-preview:-1\" \/>\n<link rel=\"canonical\" href=\"https:\/\/www.alab.pl\/centrum-wiedzy\/zapalenie-pecherza-u-dzieci-i-niemowlat-objawy-diagnostyka-i-leczenie\/\" \/>\n<meta property=\"og:locale\" content=\"pl_PL\" \/>\n<meta property=\"og:type\" content=\"article\" \/>\n<meta property=\"og:title\" content=\"Zapalenie p\u0119cherza u dzieci i niemowl\u0105t. Objawy, diagnostyka i leczenie - Centrum Wiedzy ALAB laboratoria\" \/>\n<meta property=\"og:description\" content=\"Jakie s\u0105 przyczyny zapalenia p\u0119cherza u dzieci? Dowiedz si\u0119 wi\u0119cej na temat zapalenia p\u0119cherza u najm\u0142odszych.\" \/>\n<meta property=\"og:url\" content=\"https:\/\/www.alab.pl\/centrum-wiedzy\/zapalenie-pecherza-u-dzieci-i-niemowlat-objawy-diagnostyka-i-leczenie\/\" \/>\n<meta property=\"og:site_name\" content=\"Centrum Wiedzy ALAB laboratoria\" \/>\n<meta property=\"article:publisher\" content=\"https:\/\/www.facebook.com\/ALABlaboratoria\" \/>\n<meta property=\"article:published_time\" content=\"2024-12-18T07:00:00+00:00\" \/>\n<meta property=\"article:modified_time\" content=\"2024-12-18T08:21:33+00:00\" \/>\n<meta property=\"og:image\" content=\"https:\/\/www.alab.pl\/centrum-wiedzy\/wp-content\/uploads\/2024\/12\/zapalenie_pecherza_u_dzieci.jpg\" \/>\n\t<meta property=\"og:image:width\" content=\"2485\" \/>\n\t<meta property=\"og:image:height\" content=\"1804\" \/>\n\t<meta property=\"og:image:type\" content=\"image\/jpeg\" \/>\n<meta name=\"author\" content=\"Katarzyna Banaszczyk\" \/>\n<meta name=\"twitter:card\" content=\"summary_large_image\" \/>\n<meta name=\"twitter:label1\" content=\"Napisane przez\" \/>\n\t<meta name=\"twitter:data1\" content=\"Katarzyna Banaszczyk\" \/>\n\t<meta name=\"twitter:label2\" content=\"Szacowany czas czytania\" \/>\n\t<meta name=\"twitter:data2\" content=\"7 minut\" \/>\n\t<meta name=\"twitter:label3\" content=\"Written by\" \/>\n\t<meta name=\"twitter:data3\" content=\"Katarzyna Banaszczyk\" \/>\n<!-- \/ Yoast SEO plugin. -->","yoast_head_json":{"title":"Zapalenie p\u0119cherza u dzieci i niemowl\u0105t. Objawy, diagnostyka i leczenie - Centrum Wiedzy ALAB laboratoria","description":"Jakie s\u0105 przyczyny zapalenia p\u0119cherza u dzieci? Dowiedz si\u0119 wi\u0119cej na temat zapalenia p\u0119cherza u najm\u0142odszych.","robots":{"index":"index","follow":"follow","max-snippet":"max-snippet:-1","max-image-preview":"max-image-preview:large","max-video-preview":"max-video-preview:-1"},"canonical":"https:\/\/www.alab.pl\/centrum-wiedzy\/zapalenie-pecherza-u-dzieci-i-niemowlat-objawy-diagnostyka-i-leczenie\/","og_locale":"pl_PL","og_type":"article","og_title":"Zapalenie p\u0119cherza u dzieci i niemowl\u0105t. Objawy, diagnostyka i leczenie - Centrum Wiedzy ALAB laboratoria","og_description":"Jakie s\u0105 przyczyny zapalenia p\u0119cherza u dzieci? Dowiedz si\u0119 wi\u0119cej na temat zapalenia p\u0119cherza u najm\u0142odszych.","og_url":"https:\/\/www.alab.pl\/centrum-wiedzy\/zapalenie-pecherza-u-dzieci-i-niemowlat-objawy-diagnostyka-i-leczenie\/","og_site_name":"Centrum Wiedzy ALAB laboratoria","article_publisher":"https:\/\/www.facebook.com\/ALABlaboratoria","article_published_time":"2024-12-18T07:00:00+00:00","article_modified_time":"2024-12-18T08:21:33+00:00","og_image":[{"width":2485,"height":1804,"url":"https:\/\/www.alab.pl\/centrum-wiedzy\/wp-content\/uploads\/2024\/12\/zapalenie_pecherza_u_dzieci.jpg","type":"image\/jpeg"}],"author":"Katarzyna Banaszczyk","twitter_card":"summary_large_image","twitter_misc":{"Napisane przez":"Katarzyna Banaszczyk","Szacowany czas czytania":"7 minut","Written by":"Katarzyna Banaszczyk"},"schema":{"@context":"https:\/\/schema.org","@graph":[{"@type":"Article","@id":"https:\/\/www.alab.pl\/centrum-wiedzy\/zapalenie-pecherza-u-dzieci-i-niemowlat-objawy-diagnostyka-i-leczenie\/#article","isPartOf":{"@id":"https:\/\/www.alab.pl\/centrum-wiedzy\/zapalenie-pecherza-u-dzieci-i-niemowlat-objawy-diagnostyka-i-leczenie\/"},"author":{"name":"Katarzyna Banaszczyk","@id":"https:\/\/www.alab.pl\/centrum-wiedzy\/#\/schema\/person\/308fb46be1959418e2e115e61c335941"},"headline":"Zapalenie p\u0119cherza u dzieci i niemowl\u0105t. Objawy, diagnostyka i leczenie","datePublished":"2024-12-18T07:00:00+00:00","dateModified":"2024-12-18T08:21:33+00:00","mainEntityOfPage":{"@id":"https:\/\/www.alab.pl\/centrum-wiedzy\/zapalenie-pecherza-u-dzieci-i-niemowlat-objawy-diagnostyka-i-leczenie\/"},"wordCount":1261,"publisher":{"@id":"https:\/\/www.alab.pl\/centrum-wiedzy\/#organization"},"image":{"@id":"https:\/\/www.alab.pl\/centrum-wiedzy\/zapalenie-pecherza-u-dzieci-i-niemowlat-objawy-diagnostyka-i-leczenie\/#primaryimage"},"thumbnailUrl":"https:\/\/www.alab.pl\/centrum-wiedzy\/wp-content\/uploads\/2024\/12\/zapalenie_pecherza_u_dzieci.jpg","articleSection":["Infekcje i paso\u017cyty","Zdrowie dzieci i m\u0142odzie\u017cy"],"inLanguage":"pl-PL"},{"@type":"WebPage","@id":"https:\/\/www.alab.pl\/centrum-wiedzy\/zapalenie-pecherza-u-dzieci-i-niemowlat-objawy-diagnostyka-i-leczenie\/","url":"https:\/\/www.alab.pl\/centrum-wiedzy\/zapalenie-pecherza-u-dzieci-i-niemowlat-objawy-diagnostyka-i-leczenie\/","name":"Zapalenie p\u0119cherza u dzieci i niemowl\u0105t. Objawy, diagnostyka i leczenie - Centrum Wiedzy ALAB laboratoria","isPartOf":{"@id":"https:\/\/www.alab.pl\/centrum-wiedzy\/#website"},"primaryImageOfPage":{"@id":"https:\/\/www.alab.pl\/centrum-wiedzy\/zapalenie-pecherza-u-dzieci-i-niemowlat-objawy-diagnostyka-i-leczenie\/#primaryimage"},"image":{"@id":"https:\/\/www.alab.pl\/centrum-wiedzy\/zapalenie-pecherza-u-dzieci-i-niemowlat-objawy-diagnostyka-i-leczenie\/#primaryimage"},"thumbnailUrl":"https:\/\/www.alab.pl\/centrum-wiedzy\/wp-content\/uploads\/2024\/12\/zapalenie_pecherza_u_dzieci.jpg","datePublished":"2024-12-18T07:00:00+00:00","dateModified":"2024-12-18T08:21:33+00:00","description":"Jakie s\u0105 przyczyny zapalenia p\u0119cherza u dzieci? Dowiedz si\u0119 wi\u0119cej na temat zapalenia p\u0119cherza u najm\u0142odszych.","breadcrumb":{"@id":"https:\/\/www.alab.pl\/centrum-wiedzy\/zapalenie-pecherza-u-dzieci-i-niemowlat-objawy-diagnostyka-i-leczenie\/#breadcrumb"},"inLanguage":"pl-PL","potentialAction":[{"@type":"ReadAction","target":["https:\/\/www.alab.pl\/centrum-wiedzy\/zapalenie-pecherza-u-dzieci-i-niemowlat-objawy-diagnostyka-i-leczenie\/"]}]},{"@type":"ImageObject","inLanguage":"pl-PL","@id":"https:\/\/www.alab.pl\/centrum-wiedzy\/zapalenie-pecherza-u-dzieci-i-niemowlat-objawy-diagnostyka-i-leczenie\/#primaryimage","url":"https:\/\/www.alab.pl\/centrum-wiedzy\/wp-content\/uploads\/2024\/12\/zapalenie_pecherza_u_dzieci.jpg","contentUrl":"https:\/\/www.alab.pl\/centrum-wiedzy\/wp-content\/uploads\/2024\/12\/zapalenie_pecherza_u_dzieci.jpg","width":2485,"height":1804,"caption":"zapalenie p\u0119cherza u dzieci"},{"@type":"BreadcrumbList","@id":"https:\/\/www.alab.pl\/centrum-wiedzy\/zapalenie-pecherza-u-dzieci-i-niemowlat-objawy-diagnostyka-i-leczenie\/#breadcrumb","itemListElement":[{"@type":"ListItem","position":1,"name":"Strona g\u0142\u00f3wna","item":"https:\/\/www.alab.pl\/centrum-wiedzy\/"},{"@type":"ListItem","position":2,"name":"Zapalenie p\u0119cherza u dzieci i niemowl\u0105t. Objawy, diagnostyka i leczenie"}]},{"@type":"WebSite","@id":"https:\/\/www.alab.pl\/centrum-wiedzy\/#website","url":"https:\/\/www.alab.pl\/centrum-wiedzy\/","name":"Centrum Wiedzy ALAB laboratoria","description":"","publisher":{"@id":"https:\/\/www.alab.pl\/centrum-wiedzy\/#organization"},"potentialAction":[{"@type":"SearchAction","target":{"@type":"EntryPoint","urlTemplate":"https:\/\/www.alab.pl\/centrum-wiedzy\/?s={search_term_string}"},"query-input":{"@type":"PropertyValueSpecification","valueRequired":true,"valueName":"search_term_string"}}],"inLanguage":"pl-PL"},{"@type":"Organization","@id":"https:\/\/www.alab.pl\/centrum-wiedzy\/#organization","name":"Centrum Wiedzy ALAB laboratoria","url":"https:\/\/www.alab.pl\/centrum-wiedzy\/","logo":{"@type":"ImageObject","inLanguage":"pl-PL","@id":"https:\/\/www.alab.pl\/centrum-wiedzy\/#\/schema\/logo\/image\/","url":"https:\/\/www.alab.pl\/centrum-wiedzy\/wp-content\/uploads\/2022\/04\/alabek.jpg","contentUrl":"https:\/\/www.alab.pl\/centrum-wiedzy\/wp-content\/uploads\/2022\/04\/alabek.jpg","width":1250,"height":1251,"caption":"Centrum Wiedzy ALAB laboratoria"},"image":{"@id":"https:\/\/www.alab.pl\/centrum-wiedzy\/#\/schema\/logo\/image\/"},"sameAs":["https:\/\/www.facebook.com\/ALABlaboratoria"]},{"@type":"Person","@id":"https:\/\/www.alab.pl\/centrum-wiedzy\/#\/schema\/person\/308fb46be1959418e2e115e61c335941","name":"Katarzyna Banaszczyk","image":{"@type":"ImageObject","inLanguage":"pl-PL","@id":"https:\/\/www.alab.pl\/centrum-wiedzy\/wp-content\/uploads\/2024\/12\/Katarzyna-Banaszczyk-150x150.jpgdd037207674aeb9b7e97c9616a0cf536","url":"https:\/\/www.alab.pl\/centrum-wiedzy\/wp-content\/uploads\/2024\/12\/Katarzyna-Banaszczyk-150x150.jpg","contentUrl":"https:\/\/www.alab.pl\/centrum-wiedzy\/wp-content\/uploads\/2024\/12\/Katarzyna-Banaszczyk-150x150.jpg","caption":"Katarzyna Banaszczyk"},"description":"Lekarka w trakcie specjalizacji z dermatologii i wenerologii. Absolwentka Collegium Medicum UMK im. Ludwika Rydygiera w Bydgoszczy. Wyk\u0142adowca akademicki Collegium Medicum im. W\u0142adys\u0142awa Biega\u0144skiego w Cz\u0119stochowie.","url":"https:\/\/www.alab.pl\/centrum-wiedzy\/author\/katarzyna-banaszczyk\/"}]}},"_links":{"self":[{"href":"https:\/\/www.alab.pl\/centrum-wiedzy\/wp-json\/wp\/v2\/posts\/20056","targetHints":{"allow":["GET"]}}],"collection":[{"href":"https:\/\/www.alab.pl\/centrum-wiedzy\/wp-json\/wp\/v2\/posts"}],"about":[{"href":"https:\/\/www.alab.pl\/centrum-wiedzy\/wp-json\/wp\/v2\/types\/post"}],"author":[{"embeddable":true,"href":"https:\/\/www.alab.pl\/centrum-wiedzy\/wp-json\/wp\/v2\/users\/165"}],"replies":[{"embeddable":true,"href":"https:\/\/www.alab.pl\/centrum-wiedzy\/wp-json\/wp\/v2\/comments?post=20056"}],"version-history":[{"count":2,"href":"https:\/\/www.alab.pl\/centrum-wiedzy\/wp-json\/wp\/v2\/posts\/20056\/revisions"}],"predecessor-version":[{"id":20060,"href":"https:\/\/www.alab.pl\/centrum-wiedzy\/wp-json\/wp\/v2\/posts\/20056\/revisions\/20060"}],"wp:featuredmedia":[{"embeddable":true,"href":"https:\/\/www.alab.pl\/centrum-wiedzy\/wp-json\/wp\/v2\/media\/20057"}],"wp:attachment":[{"href":"https:\/\/www.alab.pl\/centrum-wiedzy\/wp-json\/wp\/v2\/media?parent=20056"}],"wp:term":[{"taxonomy":"category","embeddable":true,"href":"https:\/\/www.alab.pl\/centrum-wiedzy\/wp-json\/wp\/v2\/categories?post=20056"},{"taxonomy":"post_tag","embeddable":true,"href":"https:\/\/www.alab.pl\/centrum-wiedzy\/wp-json\/wp\/v2\/tags?post=20056"},{"taxonomy":"author","embeddable":true,"href":"https:\/\/www.alab.pl\/centrum-wiedzy\/wp-json\/wp\/v2\/coauthors?post=20056"}],"curies":[{"name":"wp","href":"https:\/\/api.w.org\/{rel}","templated":true}]}}